{"id":54129,"date":"2025-05-12T15:12:30","date_gmt":"2025-05-12T14:12:30","guid":{"rendered":"https:\/\/ihedn.fr\/?p=54129"},"modified":"2025-05-13T09:12:07","modified_gmt":"2025-05-13T08:12:07","slug":"retour-sur-le-colloque-mobilisations","status":"publish","type":"post","link":"https:\/\/ihedn.fr\/en\/notre-actualite\/retour-sur-le-colloque-mobilisations\/","title":{"rendered":"A look back at the Mobilisation(s) conference"},"content":{"rendered":"<div data-elementor-type=\"wp-post\" data-elementor-id=\"54129\" class=\"elementor elementor-54129\" data-elementor-post-type=\"post\">\n\t\t\t\t<div data-particle_enable=\"false\" data-particle-mobile-disabled=\"false\" class=\"elementor-element elementor-element-603b01d e-flex e-con-boxed e-con e-parent\" data-id=\"603b01d\" data-element_type=\"container\" data-e-type=\"container\">\n\t\t\t\t\t<div class=\"e-con-inner\">\n\t\t\t\t<div class=\"elementor-element elementor-element-b8ac6d8 elementor-widget elementor-widget-heading\" data-id=\"b8ac6d8\" data-element_type=\"widget\" data-e-type=\"widget\" data-widget_type=\"heading.default\">\n\t\t\t\t<div class=\"elementor-widget-container\">\n\t\t\t\t\t<h2 class=\"elementor-heading-title elementor-size-default\">Mobilisation, putting a historical concept into perspective<\/h2>\t\t\t\t<\/div>\n\t\t\t\t<\/div>\n\t\t\t\t<div class=\"elementor-element elementor-element-aee0684 elementor-widget elementor-widget-text-editor\" data-id=\"aee0684\" data-element_type=\"widget\" data-e-type=\"widget\" data-widget_type=\"text-editor.default\">\n\t\t\t\t<div class=\"elementor-widget-container\">\n\t\t\t\t\t\t\t\t\t<p style=\"text-align: left;\">Mobilisation is first and foremost a lived experience, the images of which have spanned the last century, with the two world wars. In 1914, France was able to mobilise its male population because it had a tool at its disposal - universal conscription - which could be deployed throughout the country, using tried and tested mechanisms. The famous posters that were put up had been ready since 1904! However, this mobilisation was less enthusiastic than is generally thought, which raises the question of how to mobilise people over the long term.<\/p><p style=\"text-align: left;\">This link between public support and the mobilisation process is echoed in certain dictatorships, where a strong bond between the army, the state and society is cultivated. Nazi Germany is an example of a regime that played on reflexes already present under the imperial regime, developing a cult of power and a community of combat (<em>Kampfgemeinschaft<\/em>). While the war largely ended in defeat, Hitler's regime managed to mobilise more and more people, particularly when the fighting was taking place on home soil. The direct threat served as a spur to arm the people as part of the <em>Volksturm<\/em>An extraordinary gathering of men aged between 18 and 60, in a fight that had become desperate.<\/p><p style=\"text-align: left;\">In the aftermath of the Algerian War, France experienced a threefold distancing: firstly, from an armed conflict in metropolitan France; secondly, from the practical experience of conscription since its suspension; and thirdly, from the different ways in which young people were mobilised. How and why should a form of national service be maintained at a time when we have nuclear deterrence, and when young people and society are changing rapidly? The examples of the 1970s, with the soldiers' committees, can be read less as anti-militarism than as opposition to forms of imposition of authority that no longer correspond to the demands of better trained and educated conscripts.<\/p>\t\t\t\t\t\t\t\t<\/div>\n\t\t\t\t<\/div>\n\t\t\t\t\t<\/div>\n\t\t\t\t<\/div>\n\t\t<div data-particle_enable=\"false\" data-particle-mobile-disabled=\"false\" class=\"elementor-element elementor-element-d0f5fe4 e-flex e-con-boxed e-con e-parent\" data-id=\"d0f5fe4\" data-element_type=\"container\" data-e-type=\"container\">\n\t\t\t\t\t<div class=\"e-con-inner\">\n\t\t\t\t<div class=\"elementor-element elementor-element-b9b4656 elementor-widget elementor-widget-heading\" data-id=\"b9b4656\" data-element_type=\"widget\" data-e-type=\"widget\" data-widget_type=\"heading.default\">\n\t\t\t\t<div class=\"elementor-widget-container\">\n\t\t\t\t\t<h2 class=\"elementor-heading-title elementor-size-default\">The case of Ukraine today<\/h2>\t\t\t\t<\/div>\n\t\t\t\t<\/div>\n\t\t\t\t<div class=\"elementor-element elementor-element-8fdd3fc elementor-widget elementor-widget-text-editor\" data-id=\"8fdd3fc\" data-element_type=\"widget\" data-e-type=\"widget\" data-widget_type=\"text-editor.default\">\n\t\t\t\t<div class=\"elementor-widget-container\">\n\t\t\t\t\t\t\t\t\t<p style=\"text-align: left;\">The Ukrainian mobilisation, both dazzling and massive, is rooted in the widely shared conviction that this is a \"just war\", fought for the very survival of the nation in the face of Russian aggression. Heir to the Soviet conscription system, Ukraine abolished military service in 2013 before reintroducing it in 2014 - with shortcomings in recruitment, persistent corrupt practices and mistrust of the armed forces in Ukrainian society. Above all, a large number of citizens' initiatives, both individual and associative, have been set up to complement the action of the state. This logic <em>bottom-up<\/em>The first shock of the invasion in February 2022 was absorbed by a highly decentralised system. But as the conflict spread, the issue became one of lowering the age of mobilisation and the question of demobilisation, even temporary, for soldiers.<\/p><p style=\"text-align: left;\">Although this issue is open to debate, the principle of mobilising everyone according to their skills is widely supported, due to the conviction that they must resist the aggressor. Nevertheless, the Ukrainians have realised that they need to reform their army and reflect on their long-term strategy. One solution is to play on the two coexisting mobilisation systems: a centralised institutional model and a voluntary system. Where conscripts ultimately have less choice over their postings, volunteers can be employed directly by units recognised for their efficiency and high survival rate. This creates a competitive dynamic, especially as the strongest brigades have more resources at their disposal. The aim of this communication strategy is to avoid forced conscription; voluntary recruitment means that soldiers with the qualities and skills required for a given post are better employed. This also reduces the risk of desertion. In November 2024, a reform simplified the procedures for changing brigade by offering the possibility of changing posts and assignments to other sectors and other units.<\/p><p style=\"text-align: left;\">Finally, Ukraine is taking advantage of technological innovations to encourage this 2.0 mobilisation. The example of <em>Lobby X<\/em> \u00a0offers an innovative approach to online recruitment, with an employment platform and recruitment agency integrated into all Ukrainian government websites. This initiative also extends to supporting veterans in their professional retraining.<\/p>\t\t\t\t\t\t\t\t<\/div>\n\t\t\t\t<\/div>\n\t\t\t\t\t<\/div>\n\t\t\t\t<\/div>\n\t\t<div data-particle_enable=\"false\" data-particle-mobile-disabled=\"false\" class=\"elementor-element elementor-element-a893f51 e-flex e-con-boxed e-con e-parent\" data-id=\"a893f51\" data-element_type=\"container\" data-e-type=\"container\">\n\t\t\t\t\t<div class=\"e-con-inner\">\n\t\t\t\t<div class=\"elementor-element elementor-element-daefebb elementor-widget elementor-widget-heading\" data-id=\"daefebb\" data-element_type=\"widget\" data-e-type=\"widget\" data-widget_type=\"heading.default\">\n\t\t\t\t<div class=\"elementor-widget-container\">\n\t\t\t\t\t<h2 class=\"elementor-heading-title elementor-size-default\">Taking the measure of new challenges<\/h2>\t\t\t\t<\/div>\n\t\t\t\t<\/div>\n\t\t\t\t<div class=\"elementor-element elementor-element-a879b5b elementor-widget elementor-widget-text-editor\" data-id=\"a879b5b\" data-element_type=\"widget\" data-e-type=\"widget\" data-widget_type=\"text-editor.default\">\n\t\t\t\t<div class=\"elementor-widget-container\">\n\t\t\t\t\t\t\t\t\t<p style=\"text-align: left;\">In European societies anaesthetised by a period of peace, it is first and foremost a question of repairing the armies and, above all, of initiating a genuine revival of power. There is a triple dimension: military, of course, but also economic - with the problem of the war economy - and the renewal of the moral forces of the nation as a whole - which implies carefully assessing the degree of acceptability of the measures required.<\/p><p style=\"text-align: left;\">As far as the military dimension is concerned, as the Chief of the Defence Staff has often said, we need to \"win the war before the war\", which calls for a threefold mobilisation. The first is mental, by anticipating our needs, defining our army models as well as possible, and planning for major threats. NATO is one of the key players in this preparation, working with the nations. Secondly, physical mobilisation: for the French armed forces, this means demonstrating our proven ability to operate with our allies and partners, and to be deployed rapidly. Finally, this mobilisation must also be multilateral, especially at a time when American posture and support are being called into question; the time seems ripe for a genuine European pillar within the Alliance, with the necessary efforts to overcome the disparity of visions and the unequal distribution of forces between States.<\/p><p style=\"text-align: left;\">The industrial dimension is no less important. The concept of a war economy is ambiguous in many respects, even if it has the advantage of uniting defence industries around a common dynamic. The main stumbling block for industry remains the lack of a clear hierarchy of our priorities and resources. Although the 2019-2025 military programming law has been respected, it has not allowed us to go beyond the strict format envisaged. Only by stepping up investment, logistics and productivity will we be able to reverse the trend. Priorities include a number of resources: human resources first, with a focus on young people. Secondly, financial resources, with the debt threatening our sovereignty. Finally, energy, digital and artificial intelligence resources also require sustained attention.<\/p><p style=\"text-align: left;\">The final challenge is a moral awakening. Public opinion, particularly at European level, is experiencing this return to war in different ways. The proximity and nature of the threat vary depending on whether you are in Riga or Lisbon. Although the European Union has recently taken on this dimension, it is coming on the heels of decades in which the issue of defence was either absent or very much downplayed. However, we can point to major efforts and an acceleration, reflected in the many programmes launched to provide practical support to Ukraine in its fight, such as ASAP - the programme designed to deliver more munitions.<\/p>\t\t\t\t\t\t\t\t<\/div>\n\t\t\t\t<\/div>\n\t\t\t\t\t<\/div>\n\t\t\t\t<\/div>\n\t\t<div data-particle_enable=\"false\" data-particle-mobile-disabled=\"false\" class=\"elementor-element elementor-element-ae92eaa e-flex e-con-boxed e-con e-parent\" data-id=\"ae92eaa\" data-element_type=\"container\" data-e-type=\"container\">\n\t\t\t\t\t<div class=\"e-con-inner\">\n\t\t\t\t<div class=\"elementor-element elementor-element-9e0dfec elementor-widget elementor-widget-heading\" data-id=\"9e0dfec\" data-element_type=\"widget\" data-e-type=\"widget\" data-widget_type=\"heading.default\">\n\t\t\t\t<div class=\"elementor-widget-container\">\n\t\t\t\t\t<h2 class=\"elementor-heading-title elementor-size-default\">The revival of mobilisation in France<\/h2>\t\t\t\t<\/div>\n\t\t\t\t<\/div>\n\t\t\t\t<div class=\"elementor-element elementor-element-5fee3ad elementor-widget elementor-widget-text-editor\" data-id=\"5fee3ad\" data-element_type=\"widget\" data-e-type=\"widget\" data-widget_type=\"text-editor.default\">\n\t\t\t\t<div class=\"elementor-widget-container\">\n\t\t\t\t\t\t\t\t\t<p style=\"text-align: left;\">These upheavals are also experienced in France, and are reflected in forms that are more a matter of commitment than mobilisation; the best example is the success of the military reserve and the National Guard. The best example of this is the success of the military reserves and the National Guard. This structure is understood as a capacity to federate forces to complement the internal security forces and the armed forces. The idea is not to raise reservists en masse, but to raise specialist skills to meet the operational needs of the armed forces, while at the same time responding to the desire of volunteers to serve. The principle is based on a partnership policy between the armed forces, certain companies and their reservists. These reservists, who are twice citizens, provide the armed forces with their sometimes very specific know-how, and give their civilian employers a \"mature strength\" in their ability to solve problems that companies sometimes face.<\/p><p style=\"text-align: left;\">However, the debate should not be considered closed. The return of conflict in Europe does not simply mean that the traditional foundations of conscription can be re-established. Since the 1960s, and especially the 1970s, armies have been broadly defined as a \"public crisis response service\" or, in the 1980s, as a youth service divorced from its military purpose. The succession of external interventions in the 1990s and 2000s have clarified matters, and the younger generations now have a clearer perception of what the army is. The army enjoys genuine popularity, which is also due to its neutrality and the fact that it is seen as the life insurance policy of the entire nation.<\/p><p style=\"text-align: left;\">Strengthening the link between the army and the nation is therefore always a necessary undertaking. This has led us to revisit the stages of the citizenship programme, which begins with the census at 16 and accompanies young French people until they are 25 years old.<sup>e<\/sup> The reform of the \"Defence and Citizenship Day\" is part of the drive to strengthen the link between young people and the armed forces, by radically modernising the content of this day. It is a response to the main challenge facing the armed forces in 2035, with the risk of demographic \"hollow classes\" that will weaken a recruitment system that is already under pressure, making it necessary to re-evaluate recruitment resources.<\/p>\t\t\t\t\t\t\t\t<\/div>\n\t\t\t\t<\/div>\n\t\t\t\t\t<\/div>\n\t\t\t\t<\/div>\n\t\t<div data-particle_enable=\"false\" data-particle-mobile-disabled=\"false\" class=\"elementor-element elementor-element-f8ffec8 e-flex e-con-boxed e-con e-parent\" data-id=\"f8ffec8\" data-element_type=\"container\" data-e-type=\"container\">\n\t\t\t\t\t<div class=\"e-con-inner\">\n\t\t\t\t<div class=\"elementor-element elementor-element-68173ce elementor-widget elementor-widget-heading\" data-id=\"68173ce\" data-element_type=\"widget\" data-e-type=\"widget\" data-widget_type=\"heading.default\">\n\t\t\t\t<div class=\"elementor-widget-container\">\n\t\t\t\t\t<h2 class=\"elementor-heading-title elementor-size-default\">Conclusion: A new vision <\/h2>\t\t\t\t<\/div>\n\t\t\t\t<\/div>\n\t\t\t\t<div class=\"elementor-element elementor-element-b76f6a4 elementor-widget elementor-widget-text-editor\" data-id=\"b76f6a4\" data-element_type=\"widget\" data-e-type=\"widget\" data-widget_type=\"text-editor.default\">\n\t\t\t\t<div class=\"elementor-widget-container\">\n\t\t\t\t\t\t\t\t\t<p style=\"text-align: left;\">This symposium demonstrates the extent to which the concept of mobilisation is still relevant today. Mobilisation is a dynamic; it works differently depending on whether we are in a scenario of aggression against national territory or in another scenario. In peacetime, it involves preparation, planning and anticipation in order to respond to what might happen. It calls for a form of upstream commitment, whether sectoral or individual, personal or professional. But it only really comes into its own when the crisis hits.<\/p>\t\t\t\t\t\t\t\t<\/div>\n\t\t\t\t<\/div>\n\t\t\t\t\t<\/div>\n\t\t\t\t<\/div>\n\t\t<div data-particle_enable=\"false\" data-particle-mobile-disabled=\"false\" class=\"elementor-element elementor-element-131e1f5 e-flex e-con-boxed e-con e-parent\" data-id=\"131e1f5\" data-element_type=\"container\" data-e-type=\"container\">\n\t\t\t\t\t<div class=\"e-con-inner\">\n\t\t\t\t<div class=\"elementor-element elementor-element-1cad21d elementor-widget elementor-widget-gallery\" data-id=\"1cad21d\" data-element_type=\"widget\" data-e-type=\"widget\" data-settings=\"{&quot;gallery_layout&quot;:&quot;masonry&quot;,&quot;columns&quot;:2,&quot;lazyload&quot;:&quot;yes&quot;,&quot;columns_tablet&quot;:2,&quot;columns_mobile&quot;:1,&quot;gap&quot;:{&quot;unit&quot;:&quot;px&quot;,&quot;size&quot;:10,&quot;sizes&quot;:[]},&quot;gap_tablet&quot;:{&quot;unit&quot;:&quot;px&quot;,&quot;size&quot;:10,&quot;sizes&quot;:[]},&quot;gap_mobile&quot;:{&quot;unit&quot;:&quot;px&quot;,&quot;size&quot;:10,&quot;sizes&quot;:[]},&quot;link_to&quot;:&quot;file&quot;,&quot;overlay_background&quot;:&quot;yes&quot;,&quot;content_hover_animation&quot;:&quot;fade-in&quot;}\" data-widget_type=\"gallery.default\">\n\t\t\t\t<div class=\"elementor-widget-container\">\n\t\t\t\t\t\t\t<div class=\"elementor-gallery__container\">\n\t\t\t\t\t\t\t<a class=\"e-gallery-item elementor-gallery-item elementor-animated-content\" href=\"https:\/\/ihedn.fr\/wp-content\/uploads\/2025\/05\/Colloque-mobilisation-7.jpeg\" data-elementor-open-lightbox=\"yes\" data-elementor-lightbox-slideshow=\"1cad21d\" data-e-action-hash=\"#elementor-action%3Aaction%3Dlightbox%26settings%3DeyJpZCI6NTQxMzgsInVybCI6Imh0dHBzOlwvXC9paGVkbi5mclwvd3AtY29udGVudFwvdXBsb2Fkc1wvMjAyNVwvMDVcL0NvbGxvcXVlLW1vYmlsaXNhdGlvbi03LmpwZWciLCJzbGlkZXNob3ciOiIxY2FkMjFkIn0%3D\">\n\t\t\t\t\t<div class=\"e-gallery-image elementor-gallery-item__image\" data-thumbnail=\"https:\/\/ihedn.fr\/wp-content\/uploads\/2025\/05\/Colloque-mobilisation-7.jpeg\" data-width=\"1600\" data-height=\"1200\" aria-label=\"\" role=\"img\" ><\/div>\n\t\t\t\t\t\t\t\t\t\t\t<div class=\"elementor-gallery-item__overlay\"><\/div>\n\t\t\t\t\t\t\t\t\t\t\t\t\t\t<\/a>\n\t\t\t\t\t\t\t<a class=\"e-gallery-item elementor-gallery-item elementor-animated-content\" href=\"https:\/\/ihedn.fr\/wp-content\/uploads\/2025\/05\/Colloque-mobilisation-2.jpeg\" data-elementor-open-lightbox=\"yes\" data-elementor-lightbox-slideshow=\"1cad21d\" data-e-action-hash=\"#elementor-action%3Aaction%3Dlightbox%26settings%3DeyJpZCI6NTQxMzksInVybCI6Imh0dHBzOlwvXC9paGVkbi5mclwvd3AtY29udGVudFwvdXBsb2Fkc1wvMjAyNVwvMDVcL0NvbGxvcXVlLW1vYmlsaXNhdGlvbi0yLmpwZWciLCJzbGlkZXNob3ciOiIxY2FkMjFkIn0%3D\">\n\t\t\t\t\t<div class=\"e-gallery-image elementor-gallery-item__image\" data-thumbnail=\"https:\/\/ihedn.fr\/wp-content\/uploads\/2025\/05\/Colloque-mobilisation-2.jpeg\" data-width=\"1920\" data-height=\"1440\" aria-label=\"\" role=\"img\" ><\/div>\n\t\t\t\t\t\t\t\t\t\t\t<div class=\"elementor-gallery-item__overlay\"><\/div>\n\t\t\t\t\t\t\t\t\t\t\t\t\t\t<\/a>\n\t\t\t\t\t\t\t<a class=\"e-gallery-item elementor-gallery-item elementor-animated-content\" href=\"https:\/\/ihedn.fr\/wp-content\/uploads\/2025\/05\/Colloque-mobilisation-3.jpeg\" data-elementor-open-lightbox=\"yes\" data-elementor-lightbox-slideshow=\"1cad21d\" data-e-action-hash=\"#elementor-action%3Aaction%3Dlightbox%26settings%3DeyJpZCI6NTQxNDAsInVybCI6Imh0dHBzOlwvXC9paGVkbi5mclwvd3AtY29udGVudFwvdXBsb2Fkc1wvMjAyNVwvMDVcL0NvbGxvcXVlLW1vYmlsaXNhdGlvbi0zLmpwZWciLCJzbGlkZXNob3ciOiIxY2FkMjFkIn0%3D\">\n\t\t\t\t\t<div class=\"e-gallery-image elementor-gallery-item__image\" data-thumbnail=\"https:\/\/ihedn.fr\/wp-content\/uploads\/2025\/05\/Colloque-mobilisation-3.jpeg\" data-width=\"1920\" data-height=\"1440\" aria-label=\"\" role=\"img\" ><\/div>\n\t\t\t\t\t\t\t\t\t\t\t<div class=\"elementor-gallery-item__overlay\"><\/div>\n\t\t\t\t\t\t\t\t\t\t\t\t\t\t<\/a>\n\t\t\t\t\t\t\t<a class=\"e-gallery-item elementor-gallery-item elementor-animated-content\" href=\"https:\/\/ihedn.fr\/wp-content\/uploads\/2025\/05\/Colloque-mobilisation-4.jpeg\" data-elementor-open-lightbox=\"yes\" data-elementor-lightbox-slideshow=\"1cad21d\" data-e-action-hash=\"#elementor-action%3Aaction%3Dlightbox%26settings%3DeyJpZCI6NTQxNDEsInVybCI6Imh0dHBzOlwvXC9paGVkbi5mclwvd3AtY29udGVudFwvdXBsb2Fkc1wvMjAyNVwvMDVcL0NvbGxvcXVlLW1vYmlsaXNhdGlvbi00LmpwZWciLCJzbGlkZXNob3ciOiIxY2FkMjFkIn0%3D\">\n\t\t\t\t\t<div class=\"e-gallery-image elementor-gallery-item__image\" data-thumbnail=\"https:\/\/ihedn.fr\/wp-content\/uploads\/2025\/05\/Colloque-mobilisation-4.jpeg\" data-width=\"1920\" data-height=\"1440\" aria-label=\"\" role=\"img\" ><\/div>\n\t\t\t\t\t\t\t\t\t\t\t<div class=\"elementor-gallery-item__overlay\"><\/div>\n\t\t\t\t\t\t\t\t\t\t\t\t\t\t<\/a>\n\t\t\t\t\t\t\t<a class=\"e-gallery-item elementor-gallery-item elementor-animated-content\" href=\"https:\/\/ihedn.fr\/wp-content\/uploads\/2025\/05\/Colloque-mobilisation-5.jpeg\" data-elementor-open-lightbox=\"yes\" data-elementor-lightbox-slideshow=\"1cad21d\" data-e-action-hash=\"#elementor-action%3Aaction%3Dlightbox%26settings%3DeyJpZCI6NTQxNDIsInVybCI6Imh0dHBzOlwvXC9paGVkbi5mclwvd3AtY29udGVudFwvdXBsb2Fkc1wvMjAyNVwvMDVcL0NvbGxvcXVlLW1vYmlsaXNhdGlvbi01LmpwZWciLCJzbGlkZXNob3ciOiIxY2FkMjFkIn0%3D\">\n\t\t\t\t\t<div class=\"e-gallery-image elementor-gallery-item__image\" data-thumbnail=\"https:\/\/ihedn.fr\/wp-content\/uploads\/2025\/05\/Colloque-mobilisation-5.jpeg\" data-width=\"1920\" data-height=\"1440\" aria-label=\"\" role=\"img\" ><\/div>\n\t\t\t\t\t\t\t\t\t\t\t<div class=\"elementor-gallery-item__overlay\"><\/div>\n\t\t\t\t\t\t\t\t\t\t\t\t\t\t<\/a>\n\t\t\t\t\t\t\t<a class=\"e-gallery-item elementor-gallery-item elementor-animated-content\" href=\"https:\/\/ihedn.fr\/wp-content\/uploads\/2025\/05\/Colloque-mobilisation-6.jpeg\" data-elementor-open-lightbox=\"yes\" data-elementor-lightbox-slideshow=\"1cad21d\" data-e-action-hash=\"#elementor-action%3Aaction%3Dlightbox%26settings%3DeyJpZCI6NTQxNDMsInVybCI6Imh0dHBzOlwvXC9paGVkbi5mclwvd3AtY29udGVudFwvdXBsb2Fkc1wvMjAyNVwvMDVcL0NvbGxvcXVlLW1vYmlsaXNhdGlvbi02LmpwZWciLCJzbGlkZXNob3ciOiIxY2FkMjFkIn0%3D\">\n\t\t\t\t\t<div class=\"e-gallery-image elementor-gallery-item__image\" data-thumbnail=\"https:\/\/ihedn.fr\/wp-content\/uploads\/2025\/05\/Colloque-mobilisation-6.jpeg\" data-width=\"1920\" data-height=\"1440\" aria-label=\"\" role=\"img\" ><\/div>\n\t\t\t\t\t\t\t\t\t\t\t<div class=\"elementor-gallery-item__overlay\"><\/div>\n\t\t\t\t\t\t\t\t\t\t\t\t\t\t<\/a>\n\t\t\t\t\t<\/div>\n\t\t\t\t\t<\/div>\n\t\t\t\t<\/div>\n\t\t\t\t\t<\/div>\n\t\t\t\t<\/div>\n\t\t\t\t<\/div>","protected":false},"excerpt":{"rendered":"<p>Organised as part of the Defence Academy of the \u00c9cole Militaire, in partnership with Sorbonne University and Eastern Circles, this \"Mobilisation(s)\" conference sets the terms for an essential public debate on a concept that is often reduced to extreme forms of conflict. However, mobilisation is not war, but a phase in which we anticipate and provide ourselves with the means to respond to a crisis that we consider to be major. Taking a multi-disciplinary and comparative approach, at a time when our strategic environment is undergoing radical change, what are the different ways of mobilising and being mobilised? By bringing together academics, witnesses of current mobilisation in Ukraine and practitioners, we can compare ideas, practices and concrete realities. <\/p>","protected":false},"author":10,"featured_media":54137,"comment_status":"closed","ping_status":"closed","sticky":false,"template":"","format":"standard","meta":{"footnotes":""},"categories":[172],"tags":[],"class_list":["post-54129","post","type-post","status-publish","format-standard","has-post-thumbnail","hentry","category-notre-actualite"],"yoast_head":"<!-- This site is optimized with the Yoast SEO plugin v27.5 - https:\/\/yoast.com\/product\/yoast-seo-wordpress\/ -->\n<title>Retour sur le colloque Mobilisation(s) - L&#039;IHEDN : Institut des hautes \u00e9tudes de d\u00e9fense nationale<\/title>\n<meta name=\"description\" content=\"Organis\u00e9 dans le cadre de l\u2019Acad\u00e9mie de d\u00e9fense de l\u2019\u00c9cole militaire, en partenariat avec Sorbonne Universit\u00e9 et Eastern Circles, ce colloque \u00ab Mobilisation(s) \u00bb pose les termes d\u2019un d\u00e9bat public essentiel sur un concept souvent r\u00e9duit aux formes extr\u00eames du conflit.\" \/>\n<meta name=\"robots\" content=\"index, follow, max-snippet:-1, max-image-preview:large, max-video-preview:-1\" \/>\n<link rel=\"canonical\" href=\"https:\/\/ihedn.fr\/en\/notre-actualite\/retour-sur-le-colloque-mobilisations\/\" \/>\n<meta property=\"og:locale\" content=\"en_GB\" \/>\n<meta property=\"og:type\" content=\"article\" \/>\n<meta property=\"og:title\" content=\"Retour sur le colloque Mobilisation(s) - L&#039;IHEDN : Institut des hautes \u00e9tudes de d\u00e9fense nationale\" \/>\n<meta property=\"og:description\" content=\"Organis\u00e9 dans le cadre de l\u2019Acad\u00e9mie de d\u00e9fense de l\u2019\u00c9cole militaire, en partenariat avec Sorbonne Universit\u00e9 et Eastern Circles, ce colloque \u00ab Mobilisation(s) \u00bb pose les termes d\u2019un d\u00e9bat public essentiel sur un concept souvent r\u00e9duit aux formes extr\u00eames du conflit\" \/>\n<meta property=\"og:url\" content=\"https:\/\/ihedn.fr\/en\/notre-actualite\/retour-sur-le-colloque-mobilisations\/\" \/>\n<meta property=\"og:site_name\" content=\"L&#039;IHEDN : Institut des hautes \u00e9tudes de d\u00e9fense nationale\" \/>\n<meta property=\"article:publisher\" content=\"https:\/\/www.facebook.com\/ihedn\/\" \/>\n<meta property=\"article:published_time\" content=\"2025-05-12T14:12:30+00:00\" \/>\n<meta property=\"article:modified_time\" content=\"2025-05-13T08:12:07+00:00\" \/>\n<meta property=\"og:image\" content=\"https:\/\/ihedn.fr\/wp-content\/uploads\/2025\/05\/Colloque-mobilisation-1.jpeg\" \/>\n\t<meta property=\"og:image:width\" content=\"1920\" \/>\n\t<meta property=\"og:image:height\" content=\"1440\" \/>\n\t<meta property=\"og:image:type\" content=\"image\/jpeg\" \/>\n<meta name=\"author\" content=\"tanguy.morel@ihedn.fr\" \/>\n<meta name=\"twitter:card\" content=\"summary_large_image\" \/>\n<meta name=\"twitter:title\" content=\"Retour sur le colloque Mobilisation(s) - L&#039;IHEDN : Institut des hautes \u00e9tudes de d\u00e9fense nationale\" \/>\n<meta name=\"twitter:description\" content=\"Organis\u00e9 dans le cadre de l\u2019Acad\u00e9mie de d\u00e9fense de l\u2019\u00c9cole militaire, en partenariat avec Sorbonne Universit\u00e9 et Eastern Circles, ce colloque \u00ab Mobilisation(s) \u00bb pose les termes d\u2019un d\u00e9bat public essentiel sur un concept souvent r\u00e9duit aux formes extr\u00eames du conflit\" \/>\n<meta name=\"twitter:image\" content=\"https:\/\/ihedn.fr\/wp-content\/uploads\/2025\/05\/Colloque-mobilisation-1.jpeg\" \/>\n<meta name=\"twitter:creator\" content=\"@IHEDN\" \/>\n<meta name=\"twitter:site\" content=\"@IHEDN\" \/>\n<meta name=\"twitter:label1\" content=\"Written by\" \/>\n\t<meta name=\"twitter:data1\" content=\"tanguy.morel@ihedn.fr\" \/>\n\t<meta name=\"twitter:label2\" content=\"Estimated reading time\" \/>\n\t<meta name=\"twitter:data2\" content=\"9 minutes\" \/>\n<script type=\"application\/ld+json\" class=\"yoast-schema-graph\">{\"@context\":\"https:\\\/\\\/schema.org\",\"@graph\":[{\"@type\":\"Article\",\"@id\":\"https:\\\/\\\/ihedn.fr\\\/notre-actualite\\\/retour-sur-le-colloque-mobilisations\\\/#article\",\"isPartOf\":{\"@id\":\"https:\\\/\\\/ihedn.fr\\\/notre-actualite\\\/retour-sur-le-colloque-mobilisations\\\/\"},\"author\":{\"name\":\"tanguy.morel@ihedn.fr\",\"@id\":\"https:\\\/\\\/ihedn.fr\\\/#\\\/schema\\\/person\\\/ed217a37104b27a246b200e65b827cc7\"},\"headline\":\"Retour sur le colloque Mobilisation(s)\",\"datePublished\":\"2025-05-12T14:12:30+00:00\",\"dateModified\":\"2025-05-13T08:12:07+00:00\",\"mainEntityOfPage\":{\"@id\":\"https:\\\/\\\/ihedn.fr\\\/notre-actualite\\\/retour-sur-le-colloque-mobilisations\\\/\"},\"wordCount\":1933,\"publisher\":{\"@id\":\"https:\\\/\\\/ihedn.fr\\\/#organization\"},\"image\":{\"@id\":\"https:\\\/\\\/ihedn.fr\\\/notre-actualite\\\/retour-sur-le-colloque-mobilisations\\\/#primaryimage\"},\"thumbnailUrl\":\"https:\\\/\\\/ihedn.fr\\\/wp-content\\\/uploads\\\/2025\\\/05\\\/Colloque-mobilisation-1.jpeg\",\"articleSection\":[\"Notre actualit\u00e9\"],\"inLanguage\":\"en-GB\"},{\"@type\":\"WebPage\",\"@id\":\"https:\\\/\\\/ihedn.fr\\\/notre-actualite\\\/retour-sur-le-colloque-mobilisations\\\/\",\"url\":\"https:\\\/\\\/ihedn.fr\\\/notre-actualite\\\/retour-sur-le-colloque-mobilisations\\\/\",\"name\":\"Retour sur le colloque Mobilisation(s) - L&#039;IHEDN : Institut des hautes \u00e9tudes de d\u00e9fense nationale\",\"isPartOf\":{\"@id\":\"https:\\\/\\\/ihedn.fr\\\/#website\"},\"primaryImageOfPage\":{\"@id\":\"https:\\\/\\\/ihedn.fr\\\/notre-actualite\\\/retour-sur-le-colloque-mobilisations\\\/#primaryimage\"},\"image\":{\"@id\":\"https:\\\/\\\/ihedn.fr\\\/notre-actualite\\\/retour-sur-le-colloque-mobilisations\\\/#primaryimage\"},\"thumbnailUrl\":\"https:\\\/\\\/ihedn.fr\\\/wp-content\\\/uploads\\\/2025\\\/05\\\/Colloque-mobilisation-1.jpeg\",\"datePublished\":\"2025-05-12T14:12:30+00:00\",\"dateModified\":\"2025-05-13T08:12:07+00:00\",\"description\":\"Organis\u00e9 dans le cadre de l\u2019Acad\u00e9mie de d\u00e9fense de l\u2019\u00c9cole militaire, en partenariat avec Sorbonne Universit\u00e9 et Eastern Circles, ce colloque \u00ab Mobilisation(s) \u00bb pose les termes d\u2019un d\u00e9bat public essentiel sur un concept souvent r\u00e9duit aux formes extr\u00eames du conflit.\",\"breadcrumb\":{\"@id\":\"https:\\\/\\\/ihedn.fr\\\/notre-actualite\\\/retour-sur-le-colloque-mobilisations\\\/#breadcrumb\"},\"inLanguage\":\"en-GB\",\"potentialAction\":[{\"@type\":\"ReadAction\",\"target\":[\"https:\\\/\\\/ihedn.fr\\\/notre-actualite\\\/retour-sur-le-colloque-mobilisations\\\/\"]}]},{\"@type\":\"ImageObject\",\"inLanguage\":\"en-GB\",\"@id\":\"https:\\\/\\\/ihedn.fr\\\/notre-actualite\\\/retour-sur-le-colloque-mobilisations\\\/#primaryimage\",\"url\":\"https:\\\/\\\/ihedn.fr\\\/wp-content\\\/uploads\\\/2025\\\/05\\\/Colloque-mobilisation-1.jpeg\",\"contentUrl\":\"https:\\\/\\\/ihedn.fr\\\/wp-content\\\/uploads\\\/2025\\\/05\\\/Colloque-mobilisation-1.jpeg\",\"width\":1920,\"height\":1440},{\"@type\":\"BreadcrumbList\",\"@id\":\"https:\\\/\\\/ihedn.fr\\\/notre-actualite\\\/retour-sur-le-colloque-mobilisations\\\/#breadcrumb\",\"itemListElement\":[{\"@type\":\"ListItem\",\"position\":1,\"name\":\"Accueil\",\"item\":\"https:\\\/\\\/ihedn.fr\\\/\"},{\"@type\":\"ListItem\",\"position\":2,\"name\":\"Retour sur le colloque Mobilisation(s)\"}]},{\"@type\":\"WebSite\",\"@id\":\"https:\\\/\\\/ihedn.fr\\\/#website\",\"url\":\"https:\\\/\\\/ihedn.fr\\\/\",\"name\":\"IHEDN : Institut des hautes \u00e9tudes de d\u00e9fense nationale |\",\"description\":\"Site officiel de l&#039;IHEDN plac\u00e9 sous la tutelle du Premier ministre.\",\"publisher\":{\"@id\":\"https:\\\/\\\/ihedn.fr\\\/#organization\"},\"potentialAction\":[{\"@type\":\"SearchAction\",\"target\":{\"@type\":\"EntryPoint\",\"urlTemplate\":\"https:\\\/\\\/ihedn.fr\\\/?s={search_term_string}\"},\"query-input\":{\"@type\":\"PropertyValueSpecification\",\"valueRequired\":true,\"valueName\":\"search_term_string\"}}],\"inLanguage\":\"en-GB\"},{\"@type\":\"Organization\",\"@id\":\"https:\\\/\\\/ihedn.fr\\\/#organization\",\"name\":\"IHEDN - Institut des Hautes Etudes de D\u00e9fense Nationale\",\"url\":\"https:\\\/\\\/ihedn.fr\\\/\",\"logo\":{\"@type\":\"ImageObject\",\"inLanguage\":\"en-GB\",\"@id\":\"https:\\\/\\\/ihedn.fr\\\/#\\\/schema\\\/logo\\\/image\\\/\",\"url\":\"https:\\\/\\\/ihedn.fr\\\/wp-content\\\/uploads\\\/2020\\\/11\\\/BLOC_RF_IHEDN_WEB.png\",\"contentUrl\":\"https:\\\/\\\/ihedn.fr\\\/wp-content\\\/uploads\\\/2020\\\/11\\\/BLOC_RF_IHEDN_WEB.png\",\"width\":500,\"height\":237,\"caption\":\"IHEDN - Institut des Hautes Etudes de D\u00e9fense Nationale\"},\"image\":{\"@id\":\"https:\\\/\\\/ihedn.fr\\\/#\\\/schema\\\/logo\\\/image\\\/\"},\"sameAs\":[\"https:\\\/\\\/www.facebook.com\\\/ihedn\\\/\",\"https:\\\/\\\/x.com\\\/IHEDN\",\"https:\\\/\\\/www.instagram.com\\\/ihedn\\\/\",\"https:\\\/\\\/www.linkedin.com\\\/school\\\/ihedn\\\/\",\"https:\\\/\\\/fr.wikipedia.org\\\/wiki\\\/Institut_des_hautes_\u00e9tudes_de_D\u00e9fense_nationale\"]},{\"@type\":\"Person\",\"@id\":\"https:\\\/\\\/ihedn.fr\\\/#\\\/schema\\\/person\\\/ed217a37104b27a246b200e65b827cc7\",\"name\":\"tanguy.morel@ihedn.fr\",\"image\":{\"@type\":\"ImageObject\",\"inLanguage\":\"en-GB\",\"@id\":\"https:\\\/\\\/secure.gravatar.com\\\/avatar\\\/36877cd30919fafddf1f9da45f4154aa468a64328452f2ceaff0968772207348?s=96&d=mm&r=g\",\"url\":\"https:\\\/\\\/secure.gravatar.com\\\/avatar\\\/36877cd30919fafddf1f9da45f4154aa468a64328452f2ceaff0968772207348?s=96&d=mm&r=g\",\"contentUrl\":\"https:\\\/\\\/secure.gravatar.com\\\/avatar\\\/36877cd30919fafddf1f9da45f4154aa468a64328452f2ceaff0968772207348?s=96&d=mm&r=g\",\"caption\":\"tanguy.morel@ihedn.fr\"},\"url\":\"https:\\\/\\\/ihedn.fr\\\/en\\\/author\\\/tanguy-morelihedn-fr\\\/\"}]}<\/script>\n<!-- \/ Yoast SEO plugin. -->","yoast_head_json":{"title":"A look back at the Mobilisation(s) conference - IHEDN: Institut des hautes \u00e9tudes de d\u00e9fense nationale (Institute for Advanced Studies in National Defence)","description":"Organised as part of the Defence Academy of the \u00c9cole Militaire, in partnership with Sorbonne University and Eastern Circles, this \"Mobilisation(s)\" conference sets out the terms of an essential public debate on a concept that is often reduced to extreme forms of conflict.","robots":{"index":"index","follow":"follow","max-snippet":"max-snippet:-1","max-image-preview":"max-image-preview:large","max-video-preview":"max-video-preview:-1"},"canonical":"https:\/\/ihedn.fr\/en\/notre-actualite\/retour-sur-le-colloque-mobilisations\/","og_locale":"en_GB","og_type":"article","og_title":"Retour sur le colloque Mobilisation(s) - L&#039;IHEDN : Institut des hautes \u00e9tudes de d\u00e9fense nationale","og_description":"Organis\u00e9 dans le cadre de l\u2019Acad\u00e9mie de d\u00e9fense de l\u2019\u00c9cole militaire, en partenariat avec Sorbonne Universit\u00e9 et Eastern Circles, ce colloque \u00ab Mobilisation(s) \u00bb pose les termes d\u2019un d\u00e9bat public essentiel sur un concept souvent r\u00e9duit aux formes extr\u00eames du conflit","og_url":"https:\/\/ihedn.fr\/en\/notre-actualite\/retour-sur-le-colloque-mobilisations\/","og_site_name":"L&#039;IHEDN : Institut des hautes \u00e9tudes de d\u00e9fense nationale","article_publisher":"https:\/\/www.facebook.com\/ihedn\/","article_published_time":"2025-05-12T14:12:30+00:00","article_modified_time":"2025-05-13T08:12:07+00:00","og_image":[{"width":1920,"height":1440,"url":"https:\/\/ihedn.fr\/wp-content\/uploads\/2025\/05\/Colloque-mobilisation-1.jpeg","type":"image\/jpeg"}],"author":"tanguy.morel@ihedn.fr","twitter_card":"summary_large_image","twitter_title":"Retour sur le colloque Mobilisation(s) - L&#039;IHEDN : Institut des hautes \u00e9tudes de d\u00e9fense nationale","twitter_description":"Organis\u00e9 dans le cadre de l\u2019Acad\u00e9mie de d\u00e9fense de l\u2019\u00c9cole militaire, en partenariat avec Sorbonne Universit\u00e9 et Eastern Circles, ce colloque \u00ab Mobilisation(s) \u00bb pose les termes d\u2019un d\u00e9bat public essentiel sur un concept souvent r\u00e9duit aux formes extr\u00eames du conflit","twitter_image":"https:\/\/ihedn.fr\/wp-content\/uploads\/2025\/05\/Colloque-mobilisation-1.jpeg","twitter_creator":"@IHEDN","twitter_site":"@IHEDN","twitter_misc":{"Written by":"tanguy.morel@ihedn.fr","Estimated reading time":"9 minutes"},"schema":{"@context":"https:\/\/schema.org","@graph":[{"@type":"Article","@id":"https:\/\/ihedn.fr\/notre-actualite\/retour-sur-le-colloque-mobilisations\/#article","isPartOf":{"@id":"https:\/\/ihedn.fr\/notre-actualite\/retour-sur-le-colloque-mobilisations\/"},"author":{"name":"tanguy.morel@ihedn.fr","@id":"https:\/\/ihedn.fr\/#\/schema\/person\/ed217a37104b27a246b200e65b827cc7"},"headline":"Retour sur le colloque Mobilisation(s)","datePublished":"2025-05-12T14:12:30+00:00","dateModified":"2025-05-13T08:12:07+00:00","mainEntityOfPage":{"@id":"https:\/\/ihedn.fr\/notre-actualite\/retour-sur-le-colloque-mobilisations\/"},"wordCount":1933,"publisher":{"@id":"https:\/\/ihedn.fr\/#organization"},"image":{"@id":"https:\/\/ihedn.fr\/notre-actualite\/retour-sur-le-colloque-mobilisations\/#primaryimage"},"thumbnailUrl":"https:\/\/ihedn.fr\/wp-content\/uploads\/2025\/05\/Colloque-mobilisation-1.jpeg","articleSection":["Notre actualit\u00e9"],"inLanguage":"en-GB"},{"@type":"WebPage","@id":"https:\/\/ihedn.fr\/notre-actualite\/retour-sur-le-colloque-mobilisations\/","url":"https:\/\/ihedn.fr\/notre-actualite\/retour-sur-le-colloque-mobilisations\/","name":"A look back at the Mobilisation(s) conference - IHEDN: Institut des hautes \u00e9tudes de d\u00e9fense nationale (Institute for Advanced Studies in National Defence)","isPartOf":{"@id":"https:\/\/ihedn.fr\/#website"},"primaryImageOfPage":{"@id":"https:\/\/ihedn.fr\/notre-actualite\/retour-sur-le-colloque-mobilisations\/#primaryimage"},"image":{"@id":"https:\/\/ihedn.fr\/notre-actualite\/retour-sur-le-colloque-mobilisations\/#primaryimage"},"thumbnailUrl":"https:\/\/ihedn.fr\/wp-content\/uploads\/2025\/05\/Colloque-mobilisation-1.jpeg","datePublished":"2025-05-12T14:12:30+00:00","dateModified":"2025-05-13T08:12:07+00:00","description":"Organised as part of the Defence Academy of the \u00c9cole Militaire, in partnership with Sorbonne University and Eastern Circles, this \"Mobilisation(s)\" conference sets out the terms of an essential public debate on a concept that is often reduced to extreme forms of conflict.","breadcrumb":{"@id":"https:\/\/ihedn.fr\/notre-actualite\/retour-sur-le-colloque-mobilisations\/#breadcrumb"},"inLanguage":"en-GB","potentialAction":[{"@type":"ReadAction","target":["https:\/\/ihedn.fr\/notre-actualite\/retour-sur-le-colloque-mobilisations\/"]}]},{"@type":"ImageObject","inLanguage":"en-GB","@id":"https:\/\/ihedn.fr\/notre-actualite\/retour-sur-le-colloque-mobilisations\/#primaryimage","url":"https:\/\/ihedn.fr\/wp-content\/uploads\/2025\/05\/Colloque-mobilisation-1.jpeg","contentUrl":"https:\/\/ihedn.fr\/wp-content\/uploads\/2025\/05\/Colloque-mobilisation-1.jpeg","width":1920,"height":1440},{"@type":"BreadcrumbList","@id":"https:\/\/ihedn.fr\/notre-actualite\/retour-sur-le-colloque-mobilisations\/#breadcrumb","itemListElement":[{"@type":"ListItem","position":1,"name":"Accueil","item":"https:\/\/ihedn.fr\/"},{"@type":"ListItem","position":2,"name":"Retour sur le colloque Mobilisation(s)"}]},{"@type":"WebSite","@id":"https:\/\/ihedn.fr\/#website","url":"https:\/\/ihedn.fr\/","name":"IHEDN: Institut des hautes \u00e9tudes de d\u00e9fense nationale (Institute for Higher National Defence Studies)","description":"Official website of the IHEDN under the supervision of the Prime Minister.","publisher":{"@id":"https:\/\/ihedn.fr\/#organization"},"potentialAction":[{"@type":"SearchAction","target":{"@type":"EntryPoint","urlTemplate":"https:\/\/ihedn.fr\/?s={search_term_string}"},"query-input":{"@type":"PropertyValueSpecification","valueRequired":true,"valueName":"search_term_string"}}],"inLanguage":"en-GB"},{"@type":"Organization","@id":"https:\/\/ihedn.fr\/#organization","name":"IHEDN - Institute for Higher National Defence Studies","url":"https:\/\/ihedn.fr\/","logo":{"@type":"ImageObject","inLanguage":"en-GB","@id":"https:\/\/ihedn.fr\/#\/schema\/logo\/image\/","url":"https:\/\/ihedn.fr\/wp-content\/uploads\/2020\/11\/BLOC_RF_IHEDN_WEB.png","contentUrl":"https:\/\/ihedn.fr\/wp-content\/uploads\/2020\/11\/BLOC_RF_IHEDN_WEB.png","width":500,"height":237,"caption":"IHEDN - Institut des Hautes Etudes de D\u00e9fense Nationale"},"image":{"@id":"https:\/\/ihedn.fr\/#\/schema\/logo\/image\/"},"sameAs":["https:\/\/www.facebook.com\/ihedn\/","https:\/\/x.com\/IHEDN","https:\/\/www.instagram.com\/ihedn\/","https:\/\/www.linkedin.com\/school\/ihedn\/","https:\/\/fr.wikipedia.org\/wiki\/Institut_des_hautes_\u00e9tudes_de_D\u00e9fense_nationale"]},{"@type":"Person","@id":"https:\/\/ihedn.fr\/#\/schema\/person\/ed217a37104b27a246b200e65b827cc7","name":"tanguy.morel@ihedn.fr","image":{"@type":"ImageObject","inLanguage":"en-GB","@id":"https:\/\/secure.gravatar.com\/avatar\/36877cd30919fafddf1f9da45f4154aa468a64328452f2ceaff0968772207348?s=96&d=mm&r=g","url":"https:\/\/secure.gravatar.com\/avatar\/36877cd30919fafddf1f9da45f4154aa468a64328452f2ceaff0968772207348?s=96&d=mm&r=g","contentUrl":"https:\/\/secure.gravatar.com\/avatar\/36877cd30919fafddf1f9da45f4154aa468a64328452f2ceaff0968772207348?s=96&d=mm&r=g","caption":"tanguy.morel@ihedn.fr"},"url":"https:\/\/ihedn.fr\/en\/author\/tanguy-morelihedn-fr\/"}]}},"publishpress_future_action":{"enabled":false,"date":"2026-05-08 20:54:28","action":"change-status","newStatus":"draft","terms":[],"taxonomy":"category","extraData":[]},"publishpress_future_workflow_manual_trigger":{"enabledWorkflows":[]},"_links":{"self":[{"href":"https:\/\/ihedn.fr\/en\/wp-json\/wp\/v2\/posts\/54129","targetHints":{"allow":["GET"]}}],"collection":[{"href":"https:\/\/ihedn.fr\/en\/wp-json\/wp\/v2\/posts"}],"about":[{"href":"https:\/\/ihedn.fr\/en\/wp-json\/wp\/v2\/types\/post"}],"author":[{"embeddable":true,"href":"https:\/\/ihedn.fr\/en\/wp-json\/wp\/v2\/users\/10"}],"replies":[{"embeddable":true,"href":"https:\/\/ihedn.fr\/en\/wp-json\/wp\/v2\/comments?post=54129"}],"version-history":[{"count":14,"href":"https:\/\/ihedn.fr\/en\/wp-json\/wp\/v2\/posts\/54129\/revisions"}],"predecessor-version":[{"id":54150,"href":"https:\/\/ihedn.fr\/en\/wp-json\/wp\/v2\/posts\/54129\/revisions\/54150"}],"wp:featuredmedia":[{"embeddable":true,"href":"https:\/\/ihedn.fr\/en\/wp-json\/wp\/v2\/media\/54137"}],"wp:attachment":[{"href":"https:\/\/ihedn.fr\/en\/wp-json\/wp\/v2\/media?parent=54129"}],"wp:term":[{"taxonomy":"category","embeddable":true,"href":"https:\/\/ihedn.fr\/en\/wp-json\/wp\/v2\/categories?post=54129"},{"taxonomy":"post_tag","embeddable":true,"href":"https:\/\/ihedn.fr\/en\/wp-json\/wp\/v2\/tags?post=54129"}],"curies":[{"name":"wp","href":"https:\/\/api.w.org\/{rel}","templated":true}]}}