{"id":54337,"date":"2025-05-19T15:24:59","date_gmt":"2025-05-19T14:24:59","guid":{"rendered":"https:\/\/ihedn.fr\/?p=54337"},"modified":"2025-09-03T13:26:43","modified_gmt":"2025-09-03T12:26:43","slug":"new-space-les-defis-strategiques-de-la-privatisation-de-lespace","status":"publish","type":"post","link":"https:\/\/ihedn.fr\/en\/notre-selection\/new-space-les-defis-strategiques-de-la-privatisation-de-lespace\/","title":{"rendered":"\"New space: the strategic challenges of space privatisation"},"content":{"rendered":"<div data-elementor-type=\"wp-post\" data-elementor-id=\"54337\" class=\"elementor elementor-54337\" data-elementor-post-type=\"post\">\n\t\t\t\t<div data-particle_enable=\"false\" data-particle-mobile-disabled=\"false\" class=\"elementor-element elementor-element-230dc34 e-flex e-con-boxed e-con e-parent\" data-id=\"230dc34\" data-element_type=\"container\" data-e-type=\"container\">\n\t\t\t\t\t<div class=\"e-con-inner\">\n\t\t\t\t<div class=\"elementor-element elementor-element-9ce855c elementor-widget elementor-widget-text-editor\" data-id=\"9ce855c\" data-element_type=\"widget\" data-e-type=\"widget\" data-widget_type=\"text-editor.default\">\n\t\t\t\t<div class=\"elementor-widget-container\">\n\t\t\t\t\t\t\t\t\t<p style=\"text-align: left;\">Above our heads, a silent revolution is underway. The days when space was accessible only to the great powers - the United States, the USSR, then Russia, Europe and China - seem to be over. Since the end of the 2000s, a new model has been emerging: the <em>new space<\/em><em>.<\/em> This term, popularised in the 2010s, refers to the profound transformation of the space sector driven by private players. Also known as \"space 2.0\", it embodies a new era that is more open, more competitive and resolutely market-oriented. \"New space is a movement that has really taken off over the last twenty years, particularly with the creation of SpaceX in 2002,\" explains Captain B\u00e9atrice Hainaut, a researcher on space issues at the Strategic Research Institute of the \u00c9cole Militaire.<\/p><p style=\"text-align: left;\">Unlike the space race of the Cold War, which was driven by states with essentially ideological or military objectives, this new model focuses on profitability, flexibility and reusability. Miniaturised satellites, retrievable launchers, accelerated industrial production: new space is redefining the rules of the game.<\/p><p style=\"text-align: left;\">Access to space has also become much more democratic with the arrival of private players such as SpaceX, Blue Origin and Virgin Galactic. Today, there are more than 1,000 space companies in the United States. In France, the ecosystem is emerging with <a href=\"https:\/\/cnes.fr\/dossiers\/newspace-nouveaux-acteurs-spatial\" target=\"_blank\" rel=\"noopener\">innovative start-ups<\/a> such as Latitude, HyPrSpace, Sirius Space Services, Opus Aerospace and MaiaSpace.<\/p><p style=\"text-align: left;\">During the Cold War, space was an area of strategic domination for the superpowers. The collapse of the USSR in 1991 paved the way for a reorientation of space capabilities. \"The United States saw space as an opportunity to extend its strategic dominance beyond the Cold War, by turning its technological lead into an economic advantage\", says B\u00e9atrice Hainaut. The advent of the International Space Station (ISS) in 1998 marked a geopolitical turning point, favouring international cooperation over rivalry.<\/p>\t\t\t\t\t\t\t\t<\/div>\n\t\t\t\t<\/div>\n\t\t\t\t\t<\/div>\n\t\t\t\t<\/div>\n\t\t<div data-particle_enable=\"false\" data-particle-mobile-disabled=\"false\" class=\"elementor-element elementor-element-7bf256b e-con-full e-flex e-con e-parent\" data-id=\"7bf256b\" data-element_type=\"container\" data-e-type=\"container\">\n\t\t\t\t<div class=\"elementor-element elementor-element-618c98c elementor-widget elementor-widget-heading\" data-id=\"618c98c\" data-element_type=\"widget\" data-e-type=\"widget\" data-widget_type=\"heading.default\">\n\t\t\t\t<div class=\"elementor-widget-container\">\n\t\t\t\t\t<h2 class=\"elementor-heading-title elementor-size-default\">A strategic economic driver<\/h2>\t\t\t\t<\/div>\n\t\t\t\t<\/div>\n\t\t\t\t<div class=\"elementor-element elementor-element-cbc595a elementor-widget-divider--view-line elementor-widget elementor-widget-divider\" data-id=\"cbc595a\" data-element_type=\"widget\" data-e-type=\"widget\" data-widget_type=\"divider.default\">\n\t\t\t\t<div class=\"elementor-widget-container\">\n\t\t\t\t\t\t\t<div class=\"elementor-divider\">\n\t\t\t<span class=\"elementor-divider-separator\">\n\t\t\t\t\t\t<\/span>\n\t\t<\/div>\n\t\t\t\t\t\t<\/div>\n\t\t\t\t<\/div>\n\t\t<div data-particle_enable=\"false\" data-particle-mobile-disabled=\"false\" class=\"elementor-element elementor-element-916e219 e-con-full e-flex e-con e-child\" data-id=\"916e219\" data-element_type=\"container\" data-e-type=\"container\">\n\t\t\t\t<div class=\"elementor-element elementor-element-49bebd4 elementor-widget elementor-widget-text-editor\" data-id=\"49bebd4\" data-element_type=\"widget\" data-e-type=\"widget\" data-widget_type=\"text-editor.default\">\n\t\t\t\t<div class=\"elementor-widget-container\">\n\t\t\t\t\t\t\t\t\t<p style=\"text-align: left;\">The space sector has gradually become a strategic economic driver. Freed from the threat of an ideological rival, the United States has reoriented its approach to space to turn it into a resource serving its economic interests. <a href=\"https:\/\/shs.cairn.info\/revue-l-information-geographique-2010-2-page-85?lang=fr\" target=\"_blank\" rel=\"noopener\">Key decisions taken<\/a> under the Bill Clinton administration, such as the liberalisation of high-resolution commercial satellites in 1994 and the availability of GPS in 1996, paved the way for private competition in space, transforming this sector into a domain accessible to private players.<\/p><p style=\"text-align: left;\">\"This phenomenon began at the end of the Cold War, with the desire to transform a technological heritage with a military vocation, deeply linked to nuclear deterrence, into a commercial and economic lever\", explains B\u00e9atrice Hainaut. New space marks a turning point in which the conquest of space is no longer the exclusive preserve of major government agencies, but has become a key sector driven by private initiative and contemporary geopolitical issues.<\/p>\t\t\t\t\t\t\t\t<\/div>\n\t\t\t\t<\/div>\n\t\t\t\t<\/div>\n\t\t\t\t<\/div>\n\t\t<div data-particle_enable=\"false\" data-particle-mobile-disabled=\"false\" class=\"elementor-element elementor-element-aa035fe e-con-full e-flex e-con e-parent\" data-id=\"aa035fe\" data-element_type=\"container\" data-e-type=\"container\">\n\t\t\t\t<div class=\"elementor-element elementor-element-4bfc896 elementor-widget elementor-widget-heading\" data-id=\"4bfc896\" data-element_type=\"widget\" data-e-type=\"widget\" data-widget_type=\"heading.default\">\n\t\t\t\t<div class=\"elementor-widget-container\">\n\t\t\t\t\t<h2 class=\"elementor-heading-title elementor-size-default\">Reconciling national sovereignty and private dynamics<\/h2>\t\t\t\t<\/div>\n\t\t\t\t<\/div>\n\t\t\t\t<div class=\"elementor-element elementor-element-682eb11 elementor-widget-divider--view-line elementor-widget elementor-widget-divider\" data-id=\"682eb11\" data-element_type=\"widget\" data-e-type=\"widget\" data-widget_type=\"divider.default\">\n\t\t\t\t<div class=\"elementor-widget-container\">\n\t\t\t\t\t\t\t<div class=\"elementor-divider\">\n\t\t\t<span class=\"elementor-divider-separator\">\n\t\t\t\t\t\t<\/span>\n\t\t<\/div>\n\t\t\t\t\t\t<\/div>\n\t\t\t\t<\/div>\n\t\t<div data-particle_enable=\"false\" data-particle-mobile-disabled=\"false\" class=\"elementor-element elementor-element-fe961bb e-con-full e-flex e-con e-child\" data-id=\"fe961bb\" data-element_type=\"container\" data-e-type=\"container\">\n\t\t\t\t<div class=\"elementor-element elementor-element-581058e elementor-widget elementor-widget-text-editor\" data-id=\"581058e\" data-element_type=\"widget\" data-e-type=\"widget\" data-widget_type=\"text-editor.default\">\n\t\t\t\t<div class=\"elementor-widget-container\">\n\t\t\t\t\t\t\t\t\t<p style=\"text-align: left;\">Faced with these upheavals, France is conducting a strategic review of its future in space. Prime Minister Fran\u00e7ois Bayrou has entrusted the General Secretariat for National Defence and Security (SGDSN) with the task of drawing up a national space strategy, due to be completed in June 2025. The strategy is designed to meet the challenges of resilience and security in an increasingly unstable international environment. \"Space is both an essential field of scientific investigation and a key strategic environment. It has a direct impact on our security and defence, while offering major economic and industrial opportunities, <a href=\"https:\/\/www.info.gouv.fr\/communique\/strategie-spatiale-nationale\" target=\"_blank\" rel=\"noopener\">explains the Prime Minister<\/a>.<\/p><p style=\"text-align: left;\">France is at a crossroads: reconciling sovereignty with recourse to the private sector. A report by<a href=\"https:\/\/www.assemblee-nationale.fr\/dyn\/15\/comptes-rendus\/resinat\/l15resinat2021021_compte-rendu.pdf\" target=\"_blank\" rel=\"noopener\">2021 National Assembly<\/a> suggests a three-circle model for structuring military space strategy, a model that can also be applied to the civilian sector. He distinguishes three levels of sovereignty:<\/p><ol><li style=\"text-align: left;\"><strong>The sovereign heart<\/strong> Strategic capabilities, such as communications and observation satellites, are fully controlled by the State, guaranteeing their availability in all circumstances.<\/li><li style=\"text-align: left;\"><strong>The extended heart<\/strong> This level covers capabilities provided by trusted partners, whether private companies or international cooperation organisations.<\/li><li style=\"text-align: left;\"><strong>Capacity complement<\/strong> The latter circle includes civilian services and strategic partnerships, which are used in times of crisis without guaranteeing permanent access.<\/li><\/ol>\t\t\t\t\t\t\t\t<\/div>\n\t\t\t\t<\/div>\n\t\t\t\t<div class=\"elementor-element elementor-element-5306674 elementor-widget elementor-widget-text-editor\" data-id=\"5306674\" data-element_type=\"widget\" data-e-type=\"widget\" data-widget_type=\"text-editor.default\">\n\t\t\t\t<div class=\"elementor-widget-container\">\n\t\t\t\t\t\t\t\t\t<p style=\"text-align: left;\">This balance aims to preserve sovereignty while taking advantage of the opportunities offered by private companies. Whether we are talking about SpaceX or other players in the new space sector, none of these companies would have been able to emerge without massive support from the public authorities. As B\u00e9atrice Hainaut points out, \"the France 2030 plan is a good illustration of this logic, with significant public investment in French space start-ups\".<\/p><p style=\"text-align: left;\">This delegation to the private sector, while encouraging rapid growth, is not without its risks. \"In the United States, certain skills could be lost within NASA or other agencies\", explains the researcher, and winning them back could prove difficult.<\/p><p style=\"text-align: left;\">The State must therefore clearly define the areas in which it is willing to depend on private players, and those in which it wishes to retain sovereign control. The forthcoming national space strategy could well mark out new directions in this direction.<\/p>\t\t\t\t\t\t\t\t<\/div>\n\t\t\t\t<\/div>\n\t\t\t\t<\/div>\n\t\t\t\t<\/div>\n\t\t<div data-particle_enable=\"false\" data-particle-mobile-disabled=\"false\" class=\"elementor-element elementor-element-1bc2fe0 e-con-full e-flex e-con e-parent\" data-id=\"1bc2fe0\" data-element_type=\"container\" data-e-type=\"container\">\n\t\t\t\t<div class=\"elementor-element elementor-element-3432774 elementor-widget elementor-widget-heading\" data-id=\"3432774\" data-element_type=\"widget\" data-e-type=\"widget\" data-widget_type=\"heading.default\">\n\t\t\t\t<div class=\"elementor-widget-container\">\n\t\t\t\t\t<h2 class=\"elementor-heading-title elementor-size-default\">An unregulated space where \"geopolitical tensions on land are projected\".<\/h2>\t\t\t\t<\/div>\n\t\t\t\t<\/div>\n\t\t\t\t<div class=\"elementor-element elementor-element-cb18c3c elementor-widget-divider--view-line elementor-widget elementor-widget-divider\" data-id=\"cb18c3c\" data-element_type=\"widget\" data-e-type=\"widget\" data-widget_type=\"divider.default\">\n\t\t\t\t<div class=\"elementor-widget-container\">\n\t\t\t\t\t\t\t<div class=\"elementor-divider\">\n\t\t\t<span class=\"elementor-divider-separator\">\n\t\t\t\t\t\t<\/span>\n\t\t<\/div>\n\t\t\t\t\t\t<\/div>\n\t\t\t\t<\/div>\n\t\t<div data-particle_enable=\"false\" data-particle-mobile-disabled=\"false\" class=\"elementor-element elementor-element-22fdc3b e-con-full e-flex e-con e-child\" data-id=\"22fdc3b\" data-element_type=\"container\" data-e-type=\"container\">\n\t\t\t\t<div class=\"elementor-element elementor-element-f3c7534 elementor-widget elementor-widget-text-editor\" data-id=\"f3c7534\" data-element_type=\"widget\" data-e-type=\"widget\" data-widget_type=\"text-editor.default\">\n\t\t\t\t<div class=\"elementor-widget-container\">\n\t\t\t\t\t\t\t\t\t<p style=\"text-align: left;\">Space law, which is still in its infancy, is struggling to provide a framework for the accelerating pace of human activity in the Earth's orbit. Visit <a href=\"https:\/\/www.unoosa.org\/pdf\/publications\/STSPACE11F.pdf\" target=\"_blank\" rel=\"noopener\">1967 Space Treaty<\/a>The Convention on the Non-Proliferation of Nuclear Weapons, the legal basis for space governance, establishes the founding principles of freedom of access, non-appropriation of celestial bodies and peaceful use. It prohibits the installation of nuclear weapons in space and proclaims that space activities must benefit all humankind.<\/p><p style=\"text-align: left;\">But this treaty, adopted in a context of bipolar rivalry, is now showing its limitations in the face of the challenges of the new space. According to B\u00e9atrice Hainaut, \"Practitioners generally feel that this treaty is too liberal, or even incomplete. According to some legal experts, it is up to case law to make up for its shortcomings\".<\/p><p style=\"text-align: left;\">In the absence of binding agreements, governments are now relying on standards of behaviour to govern their actions in space. As B\u00e9atrice Hainaut points out, \"Some States are relying on standards of responsible behaviour - a form of <em>soft law<\/em> \". She adds that \"these standards are sometimes perceived or judged to be too subjective, in particular by Russia and China, which prefer to strengthen the binding framework - in other words, to make them more binding. <em>hard law- <\/em>rather than adopting codes of conduct.<\/p><p style=\"text-align: left;\">The emergence of new space makes these limitations particularly worrying. The proliferation of private players and the growing congestion of orbits are increasing the risk of incidents, with no international authority providing any real regulation. Against this backdrop, B\u00e9atrice Hainaut sums up: \"geopolitical tensions on Earth are now being projected into space, making cooperation more difficult.<\/p><p style=\"text-align: left;\">The emerging countries, for their part, are calling for a fairer and more inclusive framework. They are calling for the introduction of responsible standards of behaviour, in the hope of guaranteeing fair access to orbital resources and limiting the risk of future conflicts. But without a common will on the part of the major powers, space governance remains suspended in a precarious equilibrium.<\/p>\t\t\t\t\t\t\t\t<\/div>\n\t\t\t\t<\/div>\n\t\t\t\t<\/div>\n\t\t\t\t<\/div>\n\t\t<div data-particle_enable=\"false\" data-particle-mobile-disabled=\"false\" class=\"elementor-element elementor-element-81b84a6 e-con-full e-flex e-con e-parent\" data-id=\"81b84a6\" data-element_type=\"container\" data-e-type=\"container\">\n\t\t\t\t<div class=\"elementor-element elementor-element-41531ba elementor-widget elementor-widget-heading\" data-id=\"41531ba\" data-element_type=\"widget\" data-e-type=\"widget\" data-widget_type=\"heading.default\">\n\t\t\t\t<div class=\"elementor-widget-container\">\n\t\t\t\t\t<h2 class=\"elementor-heading-title elementor-size-default\">Europe's dual challenge: sovereignty and competitiveness in space<\/h2>\t\t\t\t<\/div>\n\t\t\t\t<\/div>\n\t\t\t\t<div class=\"elementor-element elementor-element-cfcac81 elementor-widget-divider--view-line elementor-widget elementor-widget-divider\" data-id=\"cfcac81\" data-element_type=\"widget\" data-e-type=\"widget\" data-widget_type=\"divider.default\">\n\t\t\t\t<div class=\"elementor-widget-container\">\n\t\t\t\t\t\t\t<div class=\"elementor-divider\">\n\t\t\t<span class=\"elementor-divider-separator\">\n\t\t\t\t\t\t<\/span>\n\t\t<\/div>\n\t\t\t\t\t\t<\/div>\n\t\t\t\t<\/div>\n\t\t<div data-particle_enable=\"false\" data-particle-mobile-disabled=\"false\" class=\"elementor-element elementor-element-b747f27 e-con-full e-flex e-con e-child\" data-id=\"b747f27\" data-element_type=\"container\" data-e-type=\"container\">\n\t\t\t\t<div class=\"elementor-element elementor-element-0a8826e elementor-widget elementor-widget-text-editor\" data-id=\"0a8826e\" data-element_type=\"widget\" data-e-type=\"widget\" data-widget_type=\"text-editor.default\">\n\t\t\t\t<div class=\"elementor-widget-container\">\n\t\t\t\t\t\t\t\t\t<p style=\"text-align: left;\">Europe faces a twofold challenge: maintaining its competitiveness in the space sector while meeting its sovereignty needs. Although Europe has considerable assets - with high-performance companies such as ArianeGroup for launchers and Airbus Defence and Space for satellites - it is struggling to compete with the United States. According to B\u00e9atrice Hainaut, the US \"has the advantage of being able to rely on a dynamic domestic market, with sufficient needs to support the competitiveness of its space players\".<\/p><p style=\"text-align: left;\">The European launcher sector is undergoing major change, with the parallel development of micro-launchers and new initiatives such as Ariane 6. In this context, projects such as <a href=\"https:\/\/cnes.fr\/actualites\/iris2-nouvelle-constellation-de-satellites-europeenne\" target=\"_blank\" rel=\"noopener\">IRIS\u00b2<\/a> (<em>Infrastructure for Resilience, Interconnectivity and Security by Satellite<\/em>) represent a major opportunity for Europe. Launched in May 2023, this project aims to provide a new secure and resilient communications infrastructure, primarily for European governments and businesses. The consortium formed to develop this satellite constellation includes major players in the sector such as Airbus, Eutelsat and Thales Alenia Space. The aim is to have an operational network in place by 2027.<\/p><p style=\"text-align: left;\">The IRIS\u00b2 project could mark a turning point in European space sovereignty, enabling Europe to reduce its dependence on the United States and control its strategic communications infrastructures.<\/p><p style=\"text-align: left;\">\"It is crucial for Europe to maintain its leadership in the space sector, for the sake of its autonomy and sovereignty\".<em>,<\/em> <a href=\"https:\/\/www.latribune.fr\/opinions\/ai-digest\/paris-air-forum-24-digest\/l-essor-du-new-space-une-revolution-en-orbite-999827.html\" target=\"_blank\" rel=\"noopener\">underlines Philippe Baptiste<\/a>Chairman of the Centre national d'\u00e9tudes spatiales. Innovation and investment in this sector will be decisive levers in guaranteeing a European future in a space that has become a major geopolitical challenge.<\/p>\t\t\t\t\t\t\t\t<\/div>\n\t\t\t\t<\/div>\n\t\t\t\t<\/div>\n\t\t\t\t<\/div>\n\t\t<div data-particle_enable=\"false\" data-particle-mobile-disabled=\"false\" class=\"elementor-element elementor-element-59f850e e-con-full e-flex e-con e-parent\" data-id=\"59f850e\" data-element_type=\"container\" data-e-type=\"container\">\n\t\t\t\t<div class=\"elementor-element elementor-element-72abcf5 elementor-widget elementor-widget-text-editor\" data-id=\"72abcf5\" data-element_type=\"widget\" data-e-type=\"widget\" data-widget_type=\"text-editor.default\">\n\t\t\t\t<div class=\"elementor-widget-container\">\n\t\t\t\t\t\t\t\t\t<p style=\"text-align: center;\"><strong>To find out more, click here:<\/strong><\/p>\t\t\t\t\t\t\t\t<\/div>\n\t\t\t\t<\/div>\n\t\t\t\t<div class=\"elementor-element elementor-element-3b81a1a elementor-widget elementor-widget-video\" data-id=\"3b81a1a\" data-element_type=\"widget\" data-e-type=\"widget\" data-settings=\"{&quot;youtube_url&quot;:&quot;https:\\\/\\\/www.youtube.com\\\/watch?v=xKXOpiKHWnk&amp;list=PL810VEbeGyE3EnLAiRoCbEvxO5y91iMrF&amp;ab_channel=IHEDN&quot;,&quot;video_type&quot;:&quot;youtube&quot;,&quot;controls&quot;:&quot;yes&quot;}\" data-widget_type=\"video.default\">\n\t\t\t\t<div class=\"elementor-widget-container\">\n\t\t\t\t\t\t\t<div class=\"elementor-wrapper elementor-open-inline\">\n\t\t\t<div class=\"elementor-video\"><\/div>\t\t<\/div>\n\t\t\t\t\t\t<\/div>\n\t\t\t\t<\/div>\n\t\t\t\t<\/div>\n\t\t\t\t<\/div>","protected":false},"excerpt":{"rendered":"<p>Driven by the rise of private players and technological innovation, new space is overturning the balance of power in space. Between ambitions for sovereignty, industrial competitiveness and a still fragile legal framework, France and Europe are seeking their place in this new orbital order.<\/p>","protected":false},"author":10,"featured_media":54339,"comment_status":"closed","ping_status":"closed","sticky":false,"template":"","format":"standard","meta":{"footnotes":""},"categories":[41,171,209],"tags":[],"class_list":["post-54337","post","type-post","status-publish","format-standard","has-post-thumbnail","hentry","category-lundis-de-lihedn","category-notre-selection","category-securite-internationale"],"yoast_head":"<!-- This site is optimized with the Yoast SEO plugin v27.5 - https:\/\/yoast.com\/product\/yoast-seo-wordpress\/ -->\n<title>\u00ab New space \u00bb : les d\u00e9fis strat\u00e9giques de la privatisation de l\u2019espace - L&#039;IHEDN : Institut des hautes \u00e9tudes de d\u00e9fense nationale<\/title>\n<meta name=\"description\" content=\"Port\u00e9 par l&#039;essor des acteurs priv\u00e9s et l&#039;innovation technologique, le new space bouleverse les rapports de force dans l\u2019espace. Entre ambitions de souverainet\u00e9, comp\u00e9titivit\u00e9 industrielle et encadrement juridique encore fragile, la France et l\u2019Europe cherchent leur place dans ce nouvel ordre orbital.\" \/>\n<meta name=\"robots\" content=\"index, follow, max-snippet:-1, max-image-preview:large, max-video-preview:-1\" \/>\n<link rel=\"canonical\" href=\"https:\/\/ihedn.fr\/en\/notre-selection\/new-space-les-defis-strategiques-de-la-privatisation-de-lespace\/\" \/>\n<meta property=\"og:locale\" content=\"en_GB\" \/>\n<meta property=\"og:type\" content=\"article\" \/>\n<meta property=\"og:title\" content=\"\u00ab New space \u00bb : les d\u00e9fis strat\u00e9giques de la privatisation de l\u2019espace\" \/>\n<meta property=\"og:description\" content=\"Port\u00e9 par l&#039;essor des acteurs priv\u00e9s et l&#039;innovation technologique, le new space bouleverse les rapports de force dans l\u2019espace. Entre ambitions de souverainet\u00e9, comp\u00e9titivit\u00e9 industrielle et encadrement juridique encore fragile, la France et l\u2019Europe cherchent leur place dans ce nouvel ordre orbital.\" \/>\n<meta property=\"og:url\" content=\"https:\/\/ihedn.fr\/en\/notre-selection\/new-space-les-defis-strategiques-de-la-privatisation-de-lespace\/\" \/>\n<meta property=\"og:site_name\" content=\"L&#039;IHEDN : Institut des hautes \u00e9tudes de d\u00e9fense nationale\" \/>\n<meta property=\"article:publisher\" content=\"https:\/\/www.facebook.com\/ihedn\/\" \/>\n<meta property=\"article:published_time\" content=\"2025-05-19T14:24:59+00:00\" \/>\n<meta property=\"article:modified_time\" content=\"2025-09-03T12:26:43+00:00\" \/>\n<meta property=\"og:image\" content=\"https:\/\/ihedn.fr\/wp-content\/uploads\/2025\/05\/BANDEAU_LIH_19052025.jpg\" \/>\n\t<meta property=\"og:image:width\" content=\"1920\" \/>\n\t<meta property=\"og:image:height\" content=\"1080\" \/>\n\t<meta property=\"og:image:type\" content=\"image\/jpeg\" \/>\n<meta name=\"author\" content=\"tanguy.morel@ihedn.fr\" \/>\n<meta name=\"twitter:card\" content=\"summary_large_image\" \/>\n<meta name=\"twitter:title\" content=\"\u00ab New space \u00bb : les d\u00e9fis strat\u00e9giques de la privatisation de l\u2019espace\" \/>\n<meta name=\"twitter:description\" content=\"Port\u00e9 par l&#039;essor des acteurs priv\u00e9s et l&#039;innovation technologique, le new space bouleverse les rapports de force dans l\u2019espace. Entre ambitions de souverainet\u00e9, comp\u00e9titivit\u00e9 industrielle et encadrement juridique encore fragile, la France et l\u2019Europe cherchent leur place dans ce nouvel ordre orbital.\" \/>\n<meta name=\"twitter:image\" content=\"https:\/\/ihedn.fr\/wp-content\/uploads\/2025\/05\/BANDEAU_LIH_19052025.jpg\" \/>\n<meta name=\"twitter:creator\" content=\"@IHEDN\" \/>\n<meta name=\"twitter:site\" content=\"@IHEDN\" \/>\n<meta name=\"twitter:label1\" content=\"Written by\" \/>\n\t<meta name=\"twitter:data1\" content=\"tanguy.morel@ihedn.fr\" \/>\n\t<meta name=\"twitter:label2\" content=\"Estimated reading time\" \/>\n\t<meta name=\"twitter:data2\" content=\"8 minutes\" \/>\n<script type=\"application\/ld+json\" class=\"yoast-schema-graph\">{\"@context\":\"https:\\\/\\\/schema.org\",\"@graph\":[{\"@type\":\"Article\",\"@id\":\"https:\\\/\\\/ihedn.fr\\\/notre-selection\\\/new-space-les-defis-strategiques-de-la-privatisation-de-lespace\\\/#article\",\"isPartOf\":{\"@id\":\"https:\\\/\\\/ihedn.fr\\\/notre-selection\\\/new-space-les-defis-strategiques-de-la-privatisation-de-lespace\\\/\"},\"author\":{\"name\":\"tanguy.morel@ihedn.fr\",\"@id\":\"https:\\\/\\\/ihedn.fr\\\/#\\\/schema\\\/person\\\/ed217a37104b27a246b200e65b827cc7\"},\"headline\":\"\u00ab New space \u00bb : les d\u00e9fis strat\u00e9giques de la privatisation de l\u2019espace\",\"datePublished\":\"2025-05-19T14:24:59+00:00\",\"dateModified\":\"2025-09-03T12:26:43+00:00\",\"mainEntityOfPage\":{\"@id\":\"https:\\\/\\\/ihedn.fr\\\/notre-selection\\\/new-space-les-defis-strategiques-de-la-privatisation-de-lespace\\\/\"},\"wordCount\":1670,\"publisher\":{\"@id\":\"https:\\\/\\\/ihedn.fr\\\/#organization\"},\"image\":{\"@id\":\"https:\\\/\\\/ihedn.fr\\\/notre-selection\\\/new-space-les-defis-strategiques-de-la-privatisation-de-lespace\\\/#primaryimage\"},\"thumbnailUrl\":\"https:\\\/\\\/ihedn.fr\\\/wp-content\\\/uploads\\\/2025\\\/05\\\/BANDEAU_LIH_19052025.jpg\",\"articleSection\":[\"Lundis de l'IHEDN\",\"Notre s\u00e9lection\",\"s\u00e9curit\u00e9 internationale\"],\"inLanguage\":\"en-GB\"},{\"@type\":\"WebPage\",\"@id\":\"https:\\\/\\\/ihedn.fr\\\/notre-selection\\\/new-space-les-defis-strategiques-de-la-privatisation-de-lespace\\\/\",\"url\":\"https:\\\/\\\/ihedn.fr\\\/notre-selection\\\/new-space-les-defis-strategiques-de-la-privatisation-de-lespace\\\/\",\"name\":\"\u00ab New space \u00bb : les d\u00e9fis strat\u00e9giques de la privatisation de l\u2019espace - L&#039;IHEDN : Institut des hautes \u00e9tudes de d\u00e9fense nationale\",\"isPartOf\":{\"@id\":\"https:\\\/\\\/ihedn.fr\\\/#website\"},\"primaryImageOfPage\":{\"@id\":\"https:\\\/\\\/ihedn.fr\\\/notre-selection\\\/new-space-les-defis-strategiques-de-la-privatisation-de-lespace\\\/#primaryimage\"},\"image\":{\"@id\":\"https:\\\/\\\/ihedn.fr\\\/notre-selection\\\/new-space-les-defis-strategiques-de-la-privatisation-de-lespace\\\/#primaryimage\"},\"thumbnailUrl\":\"https:\\\/\\\/ihedn.fr\\\/wp-content\\\/uploads\\\/2025\\\/05\\\/BANDEAU_LIH_19052025.jpg\",\"datePublished\":\"2025-05-19T14:24:59+00:00\",\"dateModified\":\"2025-09-03T12:26:43+00:00\",\"description\":\"Port\u00e9 par l'essor des acteurs priv\u00e9s et l'innovation technologique, le new space bouleverse les rapports de force dans l\u2019espace. Entre ambitions de souverainet\u00e9, comp\u00e9titivit\u00e9 industrielle et encadrement juridique encore fragile, la France et l\u2019Europe cherchent leur place dans ce nouvel ordre orbital.\",\"breadcrumb\":{\"@id\":\"https:\\\/\\\/ihedn.fr\\\/notre-selection\\\/new-space-les-defis-strategiques-de-la-privatisation-de-lespace\\\/#breadcrumb\"},\"inLanguage\":\"en-GB\",\"potentialAction\":[{\"@type\":\"ReadAction\",\"target\":[\"https:\\\/\\\/ihedn.fr\\\/notre-selection\\\/new-space-les-defis-strategiques-de-la-privatisation-de-lespace\\\/\"]}]},{\"@type\":\"ImageObject\",\"inLanguage\":\"en-GB\",\"@id\":\"https:\\\/\\\/ihedn.fr\\\/notre-selection\\\/new-space-les-defis-strategiques-de-la-privatisation-de-lespace\\\/#primaryimage\",\"url\":\"https:\\\/\\\/ihedn.fr\\\/wp-content\\\/uploads\\\/2025\\\/05\\\/BANDEAU_LIH_19052025.jpg\",\"contentUrl\":\"https:\\\/\\\/ihedn.fr\\\/wp-content\\\/uploads\\\/2025\\\/05\\\/BANDEAU_LIH_19052025.jpg\",\"width\":1920,\"height\":1080,\"caption\":\"Capsule en orbite autour de la Terre | Lundis de l'IHEDN New space\u2019 : les d\u00e9fis strat\u00e9giques de la privatisation de l\u2019espace\"},{\"@type\":\"BreadcrumbList\",\"@id\":\"https:\\\/\\\/ihedn.fr\\\/notre-selection\\\/new-space-les-defis-strategiques-de-la-privatisation-de-lespace\\\/#breadcrumb\",\"itemListElement\":[{\"@type\":\"ListItem\",\"position\":1,\"name\":\"Accueil\",\"item\":\"https:\\\/\\\/ihedn.fr\\\/\"},{\"@type\":\"ListItem\",\"position\":2,\"name\":\"\u00ab New space \u00bb : les d\u00e9fis strat\u00e9giques de la privatisation de l\u2019espace\"}]},{\"@type\":\"WebSite\",\"@id\":\"https:\\\/\\\/ihedn.fr\\\/#website\",\"url\":\"https:\\\/\\\/ihedn.fr\\\/\",\"name\":\"IHEDN : Institut des hautes \u00e9tudes de d\u00e9fense nationale |\",\"description\":\"Site officiel de l&#039;IHEDN plac\u00e9 sous la tutelle du Premier ministre.\",\"publisher\":{\"@id\":\"https:\\\/\\\/ihedn.fr\\\/#organization\"},\"potentialAction\":[{\"@type\":\"SearchAction\",\"target\":{\"@type\":\"EntryPoint\",\"urlTemplate\":\"https:\\\/\\\/ihedn.fr\\\/?s={search_term_string}\"},\"query-input\":{\"@type\":\"PropertyValueSpecification\",\"valueRequired\":true,\"valueName\":\"search_term_string\"}}],\"inLanguage\":\"en-GB\"},{\"@type\":\"Organization\",\"@id\":\"https:\\\/\\\/ihedn.fr\\\/#organization\",\"name\":\"IHEDN - Institut des Hautes Etudes de D\u00e9fense Nationale\",\"url\":\"https:\\\/\\\/ihedn.fr\\\/\",\"logo\":{\"@type\":\"ImageObject\",\"inLanguage\":\"en-GB\",\"@id\":\"https:\\\/\\\/ihedn.fr\\\/#\\\/schema\\\/logo\\\/image\\\/\",\"url\":\"https:\\\/\\\/ihedn.fr\\\/wp-content\\\/uploads\\\/2020\\\/11\\\/BLOC_RF_IHEDN_WEB.png\",\"contentUrl\":\"https:\\\/\\\/ihedn.fr\\\/wp-content\\\/uploads\\\/2020\\\/11\\\/BLOC_RF_IHEDN_WEB.png\",\"width\":500,\"height\":237,\"caption\":\"IHEDN - Institut des Hautes Etudes de D\u00e9fense Nationale\"},\"image\":{\"@id\":\"https:\\\/\\\/ihedn.fr\\\/#\\\/schema\\\/logo\\\/image\\\/\"},\"sameAs\":[\"https:\\\/\\\/www.facebook.com\\\/ihedn\\\/\",\"https:\\\/\\\/x.com\\\/IHEDN\",\"https:\\\/\\\/www.instagram.com\\\/ihedn\\\/\",\"https:\\\/\\\/www.linkedin.com\\\/school\\\/ihedn\\\/\",\"https:\\\/\\\/fr.wikipedia.org\\\/wiki\\\/Institut_des_hautes_\u00e9tudes_de_D\u00e9fense_nationale\"]},{\"@type\":\"Person\",\"@id\":\"https:\\\/\\\/ihedn.fr\\\/#\\\/schema\\\/person\\\/ed217a37104b27a246b200e65b827cc7\",\"name\":\"tanguy.morel@ihedn.fr\",\"image\":{\"@type\":\"ImageObject\",\"inLanguage\":\"en-GB\",\"@id\":\"https:\\\/\\\/secure.gravatar.com\\\/avatar\\\/36877cd30919fafddf1f9da45f4154aa468a64328452f2ceaff0968772207348?s=96&d=mm&r=g\",\"url\":\"https:\\\/\\\/secure.gravatar.com\\\/avatar\\\/36877cd30919fafddf1f9da45f4154aa468a64328452f2ceaff0968772207348?s=96&d=mm&r=g\",\"contentUrl\":\"https:\\\/\\\/secure.gravatar.com\\\/avatar\\\/36877cd30919fafddf1f9da45f4154aa468a64328452f2ceaff0968772207348?s=96&d=mm&r=g\",\"caption\":\"tanguy.morel@ihedn.fr\"},\"url\":\"https:\\\/\\\/ihedn.fr\\\/en\\\/author\\\/tanguy-morelihedn-fr\\\/\"}]}<\/script>\n<!-- \/ Yoast SEO plugin. -->","yoast_head_json":{"title":"\"New space: the strategic challenges of space privatisation - L'IHEDN : Institut des hautes \u00e9tudes de d\u00e9fense nationale","description":"Driven by the rise of private players and technological innovation, new space is overturning the balance of power in space. Between ambitions for sovereignty, industrial competitiveness and a still fragile legal framework, France and Europe are seeking their place in this new orbital order.","robots":{"index":"index","follow":"follow","max-snippet":"max-snippet:-1","max-image-preview":"max-image-preview:large","max-video-preview":"max-video-preview:-1"},"canonical":"https:\/\/ihedn.fr\/en\/notre-selection\/new-space-les-defis-strategiques-de-la-privatisation-de-lespace\/","og_locale":"en_GB","og_type":"article","og_title":"\u00ab New space \u00bb : les d\u00e9fis strat\u00e9giques de la privatisation de l\u2019espace","og_description":"Port\u00e9 par l'essor des acteurs priv\u00e9s et l'innovation technologique, le new space bouleverse les rapports de force dans l\u2019espace. Entre ambitions de souverainet\u00e9, comp\u00e9titivit\u00e9 industrielle et encadrement juridique encore fragile, la France et l\u2019Europe cherchent leur place dans ce nouvel ordre orbital.","og_url":"https:\/\/ihedn.fr\/en\/notre-selection\/new-space-les-defis-strategiques-de-la-privatisation-de-lespace\/","og_site_name":"L&#039;IHEDN : Institut des hautes \u00e9tudes de d\u00e9fense nationale","article_publisher":"https:\/\/www.facebook.com\/ihedn\/","article_published_time":"2025-05-19T14:24:59+00:00","article_modified_time":"2025-09-03T12:26:43+00:00","og_image":[{"width":1920,"height":1080,"url":"https:\/\/ihedn.fr\/wp-content\/uploads\/2025\/05\/BANDEAU_LIH_19052025.jpg","type":"image\/jpeg"}],"author":"tanguy.morel@ihedn.fr","twitter_card":"summary_large_image","twitter_title":"\u00ab New space \u00bb : les d\u00e9fis strat\u00e9giques de la privatisation de l\u2019espace","twitter_description":"Port\u00e9 par l'essor des acteurs priv\u00e9s et l'innovation technologique, le new space bouleverse les rapports de force dans l\u2019espace. Entre ambitions de souverainet\u00e9, comp\u00e9titivit\u00e9 industrielle et encadrement juridique encore fragile, la France et l\u2019Europe cherchent leur place dans ce nouvel ordre orbital.","twitter_image":"https:\/\/ihedn.fr\/wp-content\/uploads\/2025\/05\/BANDEAU_LIH_19052025.jpg","twitter_creator":"@IHEDN","twitter_site":"@IHEDN","twitter_misc":{"Written by":"tanguy.morel@ihedn.fr","Estimated reading time":"8 minutes"},"schema":{"@context":"https:\/\/schema.org","@graph":[{"@type":"Article","@id":"https:\/\/ihedn.fr\/notre-selection\/new-space-les-defis-strategiques-de-la-privatisation-de-lespace\/#article","isPartOf":{"@id":"https:\/\/ihedn.fr\/notre-selection\/new-space-les-defis-strategiques-de-la-privatisation-de-lespace\/"},"author":{"name":"tanguy.morel@ihedn.fr","@id":"https:\/\/ihedn.fr\/#\/schema\/person\/ed217a37104b27a246b200e65b827cc7"},"headline":"\u00ab New space \u00bb : les d\u00e9fis strat\u00e9giques de la privatisation de l\u2019espace","datePublished":"2025-05-19T14:24:59+00:00","dateModified":"2025-09-03T12:26:43+00:00","mainEntityOfPage":{"@id":"https:\/\/ihedn.fr\/notre-selection\/new-space-les-defis-strategiques-de-la-privatisation-de-lespace\/"},"wordCount":1670,"publisher":{"@id":"https:\/\/ihedn.fr\/#organization"},"image":{"@id":"https:\/\/ihedn.fr\/notre-selection\/new-space-les-defis-strategiques-de-la-privatisation-de-lespace\/#primaryimage"},"thumbnailUrl":"https:\/\/ihedn.fr\/wp-content\/uploads\/2025\/05\/BANDEAU_LIH_19052025.jpg","articleSection":["Lundis de l'IHEDN","Notre s\u00e9lection","s\u00e9curit\u00e9 internationale"],"inLanguage":"en-GB"},{"@type":"WebPage","@id":"https:\/\/ihedn.fr\/notre-selection\/new-space-les-defis-strategiques-de-la-privatisation-de-lespace\/","url":"https:\/\/ihedn.fr\/notre-selection\/new-space-les-defis-strategiques-de-la-privatisation-de-lespace\/","name":"\"New space: the strategic challenges of space privatisation - L'IHEDN : Institut des hautes \u00e9tudes de d\u00e9fense nationale","isPartOf":{"@id":"https:\/\/ihedn.fr\/#website"},"primaryImageOfPage":{"@id":"https:\/\/ihedn.fr\/notre-selection\/new-space-les-defis-strategiques-de-la-privatisation-de-lespace\/#primaryimage"},"image":{"@id":"https:\/\/ihedn.fr\/notre-selection\/new-space-les-defis-strategiques-de-la-privatisation-de-lespace\/#primaryimage"},"thumbnailUrl":"https:\/\/ihedn.fr\/wp-content\/uploads\/2025\/05\/BANDEAU_LIH_19052025.jpg","datePublished":"2025-05-19T14:24:59+00:00","dateModified":"2025-09-03T12:26:43+00:00","description":"Driven by the rise of private players and technological innovation, new space is overturning the balance of power in space. Between ambitions for sovereignty, industrial competitiveness and a still fragile legal framework, France and Europe are seeking their place in this new orbital order.","breadcrumb":{"@id":"https:\/\/ihedn.fr\/notre-selection\/new-space-les-defis-strategiques-de-la-privatisation-de-lespace\/#breadcrumb"},"inLanguage":"en-GB","potentialAction":[{"@type":"ReadAction","target":["https:\/\/ihedn.fr\/notre-selection\/new-space-les-defis-strategiques-de-la-privatisation-de-lespace\/"]}]},{"@type":"ImageObject","inLanguage":"en-GB","@id":"https:\/\/ihedn.fr\/notre-selection\/new-space-les-defis-strategiques-de-la-privatisation-de-lespace\/#primaryimage","url":"https:\/\/ihedn.fr\/wp-content\/uploads\/2025\/05\/BANDEAU_LIH_19052025.jpg","contentUrl":"https:\/\/ihedn.fr\/wp-content\/uploads\/2025\/05\/BANDEAU_LIH_19052025.jpg","width":1920,"height":1080,"caption":"Capsule en orbite autour de la Terre | Lundis de l'IHEDN New space\u2019 : les d\u00e9fis strat\u00e9giques de la privatisation de l\u2019espace"},{"@type":"BreadcrumbList","@id":"https:\/\/ihedn.fr\/notre-selection\/new-space-les-defis-strategiques-de-la-privatisation-de-lespace\/#breadcrumb","itemListElement":[{"@type":"ListItem","position":1,"name":"Accueil","item":"https:\/\/ihedn.fr\/"},{"@type":"ListItem","position":2,"name":"\u00ab New space \u00bb : les d\u00e9fis strat\u00e9giques de la privatisation de l\u2019espace"}]},{"@type":"WebSite","@id":"https:\/\/ihedn.fr\/#website","url":"https:\/\/ihedn.fr\/","name":"IHEDN: Institut des hautes \u00e9tudes de d\u00e9fense nationale (Institute for Higher National Defence Studies)","description":"Official website of the IHEDN under the supervision of the Prime Minister.","publisher":{"@id":"https:\/\/ihedn.fr\/#organization"},"potentialAction":[{"@type":"SearchAction","target":{"@type":"EntryPoint","urlTemplate":"https:\/\/ihedn.fr\/?s={search_term_string}"},"query-input":{"@type":"PropertyValueSpecification","valueRequired":true,"valueName":"search_term_string"}}],"inLanguage":"en-GB"},{"@type":"Organization","@id":"https:\/\/ihedn.fr\/#organization","name":"IHEDN - Institute for Higher National Defence Studies","url":"https:\/\/ihedn.fr\/","logo":{"@type":"ImageObject","inLanguage":"en-GB","@id":"https:\/\/ihedn.fr\/#\/schema\/logo\/image\/","url":"https:\/\/ihedn.fr\/wp-content\/uploads\/2020\/11\/BLOC_RF_IHEDN_WEB.png","contentUrl":"https:\/\/ihedn.fr\/wp-content\/uploads\/2020\/11\/BLOC_RF_IHEDN_WEB.png","width":500,"height":237,"caption":"IHEDN - Institut des Hautes Etudes de D\u00e9fense Nationale"},"image":{"@id":"https:\/\/ihedn.fr\/#\/schema\/logo\/image\/"},"sameAs":["https:\/\/www.facebook.com\/ihedn\/","https:\/\/x.com\/IHEDN","https:\/\/www.instagram.com\/ihedn\/","https:\/\/www.linkedin.com\/school\/ihedn\/","https:\/\/fr.wikipedia.org\/wiki\/Institut_des_hautes_\u00e9tudes_de_D\u00e9fense_nationale"]},{"@type":"Person","@id":"https:\/\/ihedn.fr\/#\/schema\/person\/ed217a37104b27a246b200e65b827cc7","name":"tanguy.morel@ihedn.fr","image":{"@type":"ImageObject","inLanguage":"en-GB","@id":"https:\/\/secure.gravatar.com\/avatar\/36877cd30919fafddf1f9da45f4154aa468a64328452f2ceaff0968772207348?s=96&d=mm&r=g","url":"https:\/\/secure.gravatar.com\/avatar\/36877cd30919fafddf1f9da45f4154aa468a64328452f2ceaff0968772207348?s=96&d=mm&r=g","contentUrl":"https:\/\/secure.gravatar.com\/avatar\/36877cd30919fafddf1f9da45f4154aa468a64328452f2ceaff0968772207348?s=96&d=mm&r=g","caption":"tanguy.morel@ihedn.fr"},"url":"https:\/\/ihedn.fr\/en\/author\/tanguy-morelihedn-fr\/"}]}},"publishpress_future_action":{"enabled":false,"date":"2026-05-06 18:56:03","action":"change-status","newStatus":"draft","terms":[],"taxonomy":"category","extraData":[]},"publishpress_future_workflow_manual_trigger":{"enabledWorkflows":[]},"_links":{"self":[{"href":"https:\/\/ihedn.fr\/en\/wp-json\/wp\/v2\/posts\/54337","targetHints":{"allow":["GET"]}}],"collection":[{"href":"https:\/\/ihedn.fr\/en\/wp-json\/wp\/v2\/posts"}],"about":[{"href":"https:\/\/ihedn.fr\/en\/wp-json\/wp\/v2\/types\/post"}],"author":[{"embeddable":true,"href":"https:\/\/ihedn.fr\/en\/wp-json\/wp\/v2\/users\/10"}],"replies":[{"embeddable":true,"href":"https:\/\/ihedn.fr\/en\/wp-json\/wp\/v2\/comments?post=54337"}],"version-history":[{"count":15,"href":"https:\/\/ihedn.fr\/en\/wp-json\/wp\/v2\/posts\/54337\/revisions"}],"predecessor-version":[{"id":54459,"href":"https:\/\/ihedn.fr\/en\/wp-json\/wp\/v2\/posts\/54337\/revisions\/54459"}],"wp:featuredmedia":[{"embeddable":true,"href":"https:\/\/ihedn.fr\/en\/wp-json\/wp\/v2\/media\/54339"}],"wp:attachment":[{"href":"https:\/\/ihedn.fr\/en\/wp-json\/wp\/v2\/media?parent=54337"}],"wp:term":[{"taxonomy":"category","embeddable":true,"href":"https:\/\/ihedn.fr\/en\/wp-json\/wp\/v2\/categories?post=54337"},{"taxonomy":"post_tag","embeddable":true,"href":"https:\/\/ihedn.fr\/en\/wp-json\/wp\/v2\/tags?post=54337"}],"curies":[{"name":"wp","href":"https:\/\/api.w.org\/{rel}","templated":true}]}}