{"id":5437,"date":"2021-01-12T11:09:09","date_gmt":"2021-01-12T10:09:09","guid":{"rendered":"https:\/\/ihedn.concilium.click\/?p=5437"},"modified":"2021-01-12T11:27:04","modified_gmt":"2021-01-12T10:27:04","slug":"corinne-breuze-conseillere-diplomatique-directrice-du-departement-de-leurope-et-des-affaires-internationales-ministre-plenipotentiaire-de-1ere-classe","status":"publish","type":"post","link":"https:\/\/ihedn.fr\/en\/uncategorized\/corinne-breuze-conseillere-diplomatique-directrice-du-departement-de-leurope-et-des-affaires-internationales-ministre-plenipotentiaire-de-1ere-classe\/","title":{"rendered":"Corinne BREUZ\u00c9"},"content":{"rendered":"<div data-elementor-type=\"wp-post\" data-elementor-id=\"5437\" class=\"elementor elementor-5437\" data-elementor-post-type=\"post\">\n\t\t\t\t\t\t<section data-particle_enable=\"false\" data-particle-mobile-disabled=\"false\" class=\"elementor-section elementor-top-section elementor-element elementor-element-5e72134 elementor-section-boxed elementor-section-height-default elementor-section-height-default\" data-id=\"5e72134\" data-element_type=\"section\" data-e-type=\"section\">\n\t\t\t\t\t\t<div class=\"elementor-container elementor-column-gap-default\">\n\t\t\t\t\t<div class=\"elementor-column elementor-col-100 elementor-top-column elementor-element elementor-element-4bdd865\" data-id=\"4bdd865\" data-element_type=\"column\" data-e-type=\"column\">\n\t\t\t<div class=\"elementor-widget-wrap elementor-element-populated\">\n\t\t\t\t\t\t<div class=\"elementor-element elementor-element-569ea95 elementor-widget elementor-widget-text-editor\" data-id=\"569ea95\" data-element_type=\"widget\" data-e-type=\"widget\" data-widget_type=\"text-editor.default\">\n\t\t\t\t<div class=\"elementor-widget-container\">\n\t\t\t\t\t\t\t\t\t<div><div class=\"text rtecenter\"><strong>Diplomatic advisor<br \/>Director of the Europe and International Affairs Department<br \/>Minister Plenipotentiary of 1<sup>era<\/sup> class<\/strong><\/div><\/div>\t\t\t\t\t\t\t\t<\/div>\n\t\t\t\t<\/div>\n\t\t\t\t\t<\/div>\n\t\t<\/div>\n\t\t\t\t\t<\/div>\n\t\t<\/section>\n\t\t\t\t<section data-particle_enable=\"false\" data-particle-mobile-disabled=\"false\" class=\"elementor-section elementor-top-section elementor-element elementor-element-591147b elementor-section-boxed elementor-section-height-default elementor-section-height-default\" data-id=\"591147b\" data-element_type=\"section\" data-e-type=\"section\">\n\t\t\t\t\t\t<div class=\"elementor-container elementor-column-gap-default\">\n\t\t\t\t\t<div class=\"elementor-column elementor-col-100 elementor-top-column elementor-element elementor-element-e438f9e\" data-id=\"e438f9e\" data-element_type=\"column\" data-e-type=\"column\">\n\t\t\t<div class=\"elementor-widget-wrap elementor-element-populated\">\n\t\t\t\t\t\t<div class=\"elementor-element elementor-element-73ab715 elementor-widget elementor-widget-text-editor\" data-id=\"73ab715\" data-element_type=\"widget\" data-e-type=\"widget\" data-widget_type=\"text-editor.default\">\n\t\t\t\t<div class=\"elementor-widget-container\">\n\t\t\t\t\t\t\t\t\t<div class=\"rtejustify\"><p><img fetchpriority=\"high\" decoding=\"async\" class=\"alignleft wp-image-5446\" src=\"https:\/\/ihedn.fr\/wp-content\/uploads\/2021\/01\/breuze-corinne.jpg\" alt=\"Corinne Breuz\u00e9, conseill\u00e8re diplomatique - Directrice du D\u00e9partement de l\u2019Europe et des affaires internationales - Ministre pl\u00e9nipotentiaire de 1\u00e8re classe\" width=\"400\" height=\"467\" \/><\/p><p><strong>Corinne Breuz\u00e9<\/strong> is a graduate of the Institut national des langues et civilisations orientales (Literal Arabic) and holds a Licence \u00e8s Lettres (Modern Literature and Arabic). She is Minister Plenipotentiary of 1<sup>era<\/sup> class.<\/p><p>She began her career in central government (North Africa and the Middle East) in 1984.<\/p><p><strong>From 1985 to 1986<\/strong>She was appointed Second Secretary at the French Embassy in Tripoli, then First Secretary in the same post from 1986 to 1988.<\/p><p>She was then appointed Deputy Consul at the Consulate General in Rome from 1988 to 1992.<\/p><p>Returning to the central administration in Paris in 1992, Corinne Breuz\u00e9 assisted the prefect in charge of coordinating the free movement of people within the EEC until 1994.<\/p><p><strong>In 1994<\/strong>She then joined the cabinet of the Minister for European Affairs as technical adviser, before being appointed deputy head of the department for foreigners in France, where she was in charge of foreigners in France until 1995.<\/p><p><strong>From 1995 to 1997<\/strong>She was appointed deputy cultural advisor in Brasilia, then cultural, scientific and cooperation advisor in the same post from 1997 to 1999.<\/p><p><strong>From September 1999<\/strong>In 2002, she was appointed deputy director of consular administration and property protection in the Department of French Nationals Abroad and Consular Administration at the head office in Paris.<\/p><p>Consulate General in Casablanca from 2002 to 2005, she was appointed Ambassador Extraordinary and Plenipotentiary to Kuwait from 2005 to 2007.<\/p><p><strong>In May 200<\/strong>7, she was successively seconded as diplomatic adviser to the office of the Minister of Immigration, Integration, National Identity and Co-development, then to the office of the Minister of Labour, Social Relations, the Family, Solidarity and Cities (January to June 2009) and to the Minister of the Interior and Local Authorities from June to August 2009.<\/p><p>From 2009 to 2013, she was ambassador extraordinary and plenipotentiary to Amman in Jordan.<\/p><p>In February 2013, she was appointed Ambassador Extraordinary and Plenipotentiary to Jakarta, Indonesia, before being appointed Ambassador of France to Dili, East Timor, in July 2013, and representative to the Association of Southeast Asian Nations (Asean) until 2016.<\/p><p>In November 2016, she became a special adviser at the International Diplomatic Academy in Paris.<\/p><p>From 1 September 2018, she has been seconded to the Institut des hautes \u00e9tudes de d\u00e9fense nationale (IHEDN) to perform the duties of diplomatic adviser and deputy director of the IHEDN, responsible for \"International Activities\".<\/p><p>Corinne Breuz\u00e9 is a Knight of the National Order of Merit, Knight of the Legion of Honour, Commander in the Order of the Wissam Alaouite (Morocco) and 1st Degree in the Order of the Wissam of Independence (Jordan).<\/p><\/div>\t\t\t\t\t\t\t\t<\/div>\n\t\t\t\t<\/div>\n\t\t\t\t\t<\/div>\n\t\t<\/div>\n\t\t\t\t\t<\/div>\n\t\t<\/section>\n\t\t\t\t<\/div>","protected":false},"excerpt":{"rendered":"<p>Conseill\u00e8re diplomatique Directrice du D\u00e9partement de l\u2019Europe et des affaires internationales Ministre pl\u00e9nipotentiaire de 1\u00e8re classe Corinne Breuz\u00e9 est dipl\u00f4m\u00e9e de l&rsquo;Institut national des langues et civilisations orientales (Arabe litt\u00e9ral) et titulaire d\u2019une licence \u00e8s lettres (Lettres modernes et arabe). Elle est ministre pl\u00e9nipotentiaire de 1\u00e8re classe. Elle d\u00e9bute sa carri\u00e8re \u00e0 l&rsquo;administration centrale (Afrique [&hellip;]<\/p>\n","protected":false},"author":1,"featured_media":4808,"comment_status":"closed","ping_status":"closed","sticky":false,"template":"","format":"standard","meta":{"footnotes":""},"categories":[1],"tags":[],"class_list":["post-5437","post","type-post","status-publish","format-standard","has-post-thumbnail","hentry","category-uncategorized"],"yoast_head":"<!-- This site is optimized with the Yoast SEO plugin v27.5 - https:\/\/yoast.com\/product\/yoast-seo-wordpress\/ -->\n<title>Corinne BREUZ\u00c9 - L&#039;IHEDN : Institut des hautes \u00e9tudes de d\u00e9fense nationale<\/title>\n<meta name=\"robots\" content=\"index, follow, max-snippet:-1, max-image-preview:large, max-video-preview:-1\" \/>\n<link rel=\"canonical\" href=\"https:\/\/ihedn.fr\/en\/biographie\/corinne-breuze-conseillere-diplomatique-directrice-du-departement-de-leurope-et-des-affaires-internationales-ministre-plenipotentiaire-de-1ere-classe\/\" \/>\n<meta property=\"og:locale\" content=\"en_GB\" \/>\n<meta property=\"og:type\" content=\"article\" \/>\n<meta property=\"og:title\" content=\"Corinne BREUZ\u00c9 - L&#039;IHEDN : Institut des hautes \u00e9tudes de d\u00e9fense nationale\" \/>\n<meta property=\"og:description\" content=\"Conseill\u00e8re diplomatique Directrice du D\u00e9partement de l\u2019Europe et des affaires internationales Ministre pl\u00e9nipotentiaire de 1\u00e8re classe Corinne Breuz\u00e9 est dipl\u00f4m\u00e9e de l&rsquo;Institut national des langues et civilisations orientales (Arabe litt\u00e9ral) et titulaire d\u2019une licence \u00e8s lettres (Lettres modernes et arabe). Elle est ministre pl\u00e9nipotentiaire de 1\u00e8re classe. Elle d\u00e9bute sa carri\u00e8re \u00e0 l&rsquo;administration centrale (Afrique [&hellip;]\" \/>\n<meta property=\"og:url\" content=\"https:\/\/ihedn.fr\/en\/biographie\/corinne-breuze-conseillere-diplomatique-directrice-du-departement-de-leurope-et-des-affaires-internationales-ministre-plenipotentiaire-de-1ere-classe\/\" \/>\n<meta property=\"og:site_name\" content=\"L&#039;IHEDN : Institut des hautes \u00e9tudes de d\u00e9fense nationale\" \/>\n<meta property=\"article:publisher\" content=\"https:\/\/www.facebook.com\/ihedn\/\" \/>\n<meta property=\"article:published_time\" content=\"2021-01-12T10:09:09+00:00\" \/>\n<meta property=\"article:modified_time\" content=\"2021-01-12T10:27:04+00:00\" \/>\n<meta property=\"og:image\" content=\"https:\/\/ihedn.fr\/wp-content\/uploads\/2021\/01\/IHEDN-chateau-cour-honneur.jpg\" \/>\n\t<meta property=\"og:image:width\" content=\"1832\" \/>\n\t<meta property=\"og:image:height\" content=\"1200\" \/>\n\t<meta property=\"og:image:type\" content=\"image\/jpeg\" \/>\n<meta name=\"author\" content=\"dev\" \/>\n<meta name=\"twitter:card\" content=\"summary_large_image\" \/>\n<meta name=\"twitter:creator\" content=\"@IHEDN\" \/>\n<meta name=\"twitter:site\" content=\"@IHEDN\" \/>\n<meta name=\"twitter:label1\" content=\"Written by\" \/>\n\t<meta name=\"twitter:data1\" content=\"dev\" \/>\n\t<meta name=\"twitter:label2\" content=\"Estimated reading time\" \/>\n\t<meta name=\"twitter:data2\" content=\"2 minutes\" \/>\n<script type=\"application\/ld+json\" class=\"yoast-schema-graph\">{\"@context\":\"https:\\\/\\\/schema.org\",\"@graph\":[{\"@type\":\"Article\",\"@id\":\"https:\\\/\\\/ihedn.fr\\\/biographie\\\/corinne-breuze-conseillere-diplomatique-directrice-du-departement-de-leurope-et-des-affaires-internationales-ministre-plenipotentiaire-de-1ere-classe\\\/#article\",\"isPartOf\":{\"@id\":\"https:\\\/\\\/ihedn.fr\\\/biographie\\\/corinne-breuze-conseillere-diplomatique-directrice-du-departement-de-leurope-et-des-affaires-internationales-ministre-plenipotentiaire-de-1ere-classe\\\/\"},\"author\":{\"name\":\"dev\",\"@id\":\"https:\\\/\\\/ihedn.fr\\\/#\\\/schema\\\/person\\\/7a40155595e4efb35323447cb8c8c5a4\"},\"headline\":\"Corinne BREUZ\u00c9\",\"datePublished\":\"2021-01-12T10:09:09+00:00\",\"dateModified\":\"2021-01-12T10:27:04+00:00\",\"mainEntityOfPage\":{\"@id\":\"https:\\\/\\\/ihedn.fr\\\/biographie\\\/corinne-breuze-conseillere-diplomatique-directrice-du-departement-de-leurope-et-des-affaires-internationales-ministre-plenipotentiaire-de-1ere-classe\\\/\"},\"wordCount\":489,\"publisher\":{\"@id\":\"https:\\\/\\\/ihedn.fr\\\/#organization\"},\"image\":{\"@id\":\"https:\\\/\\\/ihedn.fr\\\/biographie\\\/corinne-breuze-conseillere-diplomatique-directrice-du-departement-de-leurope-et-des-affaires-internationales-ministre-plenipotentiaire-de-1ere-classe\\\/#primaryimage\"},\"thumbnailUrl\":\"https:\\\/\\\/ihedn.fr\\\/wp-content\\\/uploads\\\/2021\\\/01\\\/IHEDN-chateau-cour-honneur.jpg\",\"articleSection\":[\"Uncategorized\"],\"inLanguage\":\"en-GB\"},{\"@type\":\"WebPage\",\"@id\":\"https:\\\/\\\/ihedn.fr\\\/biographie\\\/corinne-breuze-conseillere-diplomatique-directrice-du-departement-de-leurope-et-des-affaires-internationales-ministre-plenipotentiaire-de-1ere-classe\\\/\",\"url\":\"https:\\\/\\\/ihedn.fr\\\/biographie\\\/corinne-breuze-conseillere-diplomatique-directrice-du-departement-de-leurope-et-des-affaires-internationales-ministre-plenipotentiaire-de-1ere-classe\\\/\",\"name\":\"Corinne BREUZ\u00c9 - L&#039;IHEDN : Institut des hautes \u00e9tudes de d\u00e9fense nationale\",\"isPartOf\":{\"@id\":\"https:\\\/\\\/ihedn.fr\\\/#website\"},\"primaryImageOfPage\":{\"@id\":\"https:\\\/\\\/ihedn.fr\\\/biographie\\\/corinne-breuze-conseillere-diplomatique-directrice-du-departement-de-leurope-et-des-affaires-internationales-ministre-plenipotentiaire-de-1ere-classe\\\/#primaryimage\"},\"image\":{\"@id\":\"https:\\\/\\\/ihedn.fr\\\/biographie\\\/corinne-breuze-conseillere-diplomatique-directrice-du-departement-de-leurope-et-des-affaires-internationales-ministre-plenipotentiaire-de-1ere-classe\\\/#primaryimage\"},\"thumbnailUrl\":\"https:\\\/\\\/ihedn.fr\\\/wp-content\\\/uploads\\\/2021\\\/01\\\/IHEDN-chateau-cour-honneur.jpg\",\"datePublished\":\"2021-01-12T10:09:09+00:00\",\"dateModified\":\"2021-01-12T10:27:04+00:00\",\"breadcrumb\":{\"@id\":\"https:\\\/\\\/ihedn.fr\\\/biographie\\\/corinne-breuze-conseillere-diplomatique-directrice-du-departement-de-leurope-et-des-affaires-internationales-ministre-plenipotentiaire-de-1ere-classe\\\/#breadcrumb\"},\"inLanguage\":\"en-GB\",\"potentialAction\":[{\"@type\":\"ReadAction\",\"target\":[\"https:\\\/\\\/ihedn.fr\\\/biographie\\\/corinne-breuze-conseillere-diplomatique-directrice-du-departement-de-leurope-et-des-affaires-internationales-ministre-plenipotentiaire-de-1ere-classe\\\/\"]}]},{\"@type\":\"ImageObject\",\"inLanguage\":\"en-GB\",\"@id\":\"https:\\\/\\\/ihedn.fr\\\/biographie\\\/corinne-breuze-conseillere-diplomatique-directrice-du-departement-de-leurope-et-des-affaires-internationales-ministre-plenipotentiaire-de-1ere-classe\\\/#primaryimage\",\"url\":\"https:\\\/\\\/ihedn.fr\\\/wp-content\\\/uploads\\\/2021\\\/01\\\/IHEDN-chateau-cour-honneur.jpg\",\"contentUrl\":\"https:\\\/\\\/ihedn.fr\\\/wp-content\\\/uploads\\\/2021\\\/01\\\/IHEDN-chateau-cour-honneur.jpg\",\"width\":1832,\"height\":1200,\"caption\":\"IHEDN-chateau-cour-honneur\"},{\"@type\":\"BreadcrumbList\",\"@id\":\"https:\\\/\\\/ihedn.fr\\\/biographie\\\/corinne-breuze-conseillere-diplomatique-directrice-du-departement-de-leurope-et-des-affaires-internationales-ministre-plenipotentiaire-de-1ere-classe\\\/#breadcrumb\",\"itemListElement\":[{\"@type\":\"ListItem\",\"position\":1,\"name\":\"Accueil\",\"item\":\"https:\\\/\\\/ihedn.fr\\\/\"},{\"@type\":\"ListItem\",\"position\":2,\"name\":\"Corinne BREUZ\u00c9\"}]},{\"@type\":\"WebSite\",\"@id\":\"https:\\\/\\\/ihedn.fr\\\/#website\",\"url\":\"https:\\\/\\\/ihedn.fr\\\/\",\"name\":\"IHEDN : Institut des hautes \u00e9tudes de d\u00e9fense nationale |\",\"description\":\"Site officiel de l&#039;IHEDN plac\u00e9 sous la tutelle du Premier ministre.\",\"publisher\":{\"@id\":\"https:\\\/\\\/ihedn.fr\\\/#organization\"},\"potentialAction\":[{\"@type\":\"SearchAction\",\"target\":{\"@type\":\"EntryPoint\",\"urlTemplate\":\"https:\\\/\\\/ihedn.fr\\\/?s={search_term_string}\"},\"query-input\":{\"@type\":\"PropertyValueSpecification\",\"valueRequired\":true,\"valueName\":\"search_term_string\"}}],\"inLanguage\":\"en-GB\"},{\"@type\":\"Organization\",\"@id\":\"https:\\\/\\\/ihedn.fr\\\/#organization\",\"name\":\"IHEDN - Institut des Hautes Etudes de D\u00e9fense Nationale\",\"url\":\"https:\\\/\\\/ihedn.fr\\\/\",\"logo\":{\"@type\":\"ImageObject\",\"inLanguage\":\"en-GB\",\"@id\":\"https:\\\/\\\/ihedn.fr\\\/#\\\/schema\\\/logo\\\/image\\\/\",\"url\":\"https:\\\/\\\/ihedn.fr\\\/wp-content\\\/uploads\\\/2020\\\/11\\\/BLOC_RF_IHEDN_WEB.png\",\"contentUrl\":\"https:\\\/\\\/ihedn.fr\\\/wp-content\\\/uploads\\\/2020\\\/11\\\/BLOC_RF_IHEDN_WEB.png\",\"width\":500,\"height\":237,\"caption\":\"IHEDN - Institut des Hautes Etudes de D\u00e9fense Nationale\"},\"image\":{\"@id\":\"https:\\\/\\\/ihedn.fr\\\/#\\\/schema\\\/logo\\\/image\\\/\"},\"sameAs\":[\"https:\\\/\\\/www.facebook.com\\\/ihedn\\\/\",\"https:\\\/\\\/x.com\\\/IHEDN\",\"https:\\\/\\\/www.instagram.com\\\/ihedn\\\/\",\"https:\\\/\\\/www.linkedin.com\\\/school\\\/ihedn\\\/\",\"https:\\\/\\\/fr.wikipedia.org\\\/wiki\\\/Institut_des_hautes_\u00e9tudes_de_D\u00e9fense_nationale\"]},{\"@type\":\"Person\",\"@id\":\"https:\\\/\\\/ihedn.fr\\\/#\\\/schema\\\/person\\\/7a40155595e4efb35323447cb8c8c5a4\",\"name\":\"dev\",\"image\":{\"@type\":\"ImageObject\",\"inLanguage\":\"en-GB\",\"@id\":\"https:\\\/\\\/secure.gravatar.com\\\/avatar\\\/f1ffcac9ca2fa95ad3ec33e9be3ade82f752acb0cabe541e56c5889225afa88a?s=96&d=mm&r=g\",\"url\":\"https:\\\/\\\/secure.gravatar.com\\\/avatar\\\/f1ffcac9ca2fa95ad3ec33e9be3ade82f752acb0cabe541e56c5889225afa88a?s=96&d=mm&r=g\",\"contentUrl\":\"https:\\\/\\\/secure.gravatar.com\\\/avatar\\\/f1ffcac9ca2fa95ad3ec33e9be3ade82f752acb0cabe541e56c5889225afa88a?s=96&d=mm&r=g\",\"caption\":\"dev\"},\"sameAs\":[\"https:\\\/\\\/ihedn.concilium.click\"],\"url\":\"https:\\\/\\\/ihedn.fr\\\/en\\\/author\\\/dev\\\/\"}]}<\/script>\n<!-- \/ Yoast SEO plugin. -->","yoast_head_json":{"title":"Corinne BREUZ\u00c9 - IHEDN: Institute for Advanced Studies in National Defence","robots":{"index":"index","follow":"follow","max-snippet":"max-snippet:-1","max-image-preview":"max-image-preview:large","max-video-preview":"max-video-preview:-1"},"canonical":"https:\/\/ihedn.fr\/en\/biographie\/corinne-breuze-conseillere-diplomatique-directrice-du-departement-de-leurope-et-des-affaires-internationales-ministre-plenipotentiaire-de-1ere-classe\/","og_locale":"en_GB","og_type":"article","og_title":"Corinne BREUZ\u00c9 - L&#039;IHEDN : Institut des hautes \u00e9tudes de d\u00e9fense nationale","og_description":"Conseill\u00e8re diplomatique Directrice du D\u00e9partement de l\u2019Europe et des affaires internationales Ministre pl\u00e9nipotentiaire de 1\u00e8re classe Corinne Breuz\u00e9 est dipl\u00f4m\u00e9e de l&rsquo;Institut national des langues et civilisations orientales (Arabe litt\u00e9ral) et titulaire d\u2019une licence \u00e8s lettres (Lettres modernes et arabe). Elle est ministre pl\u00e9nipotentiaire de 1\u00e8re classe. Elle d\u00e9bute sa carri\u00e8re \u00e0 l&rsquo;administration centrale (Afrique [&hellip;]","og_url":"https:\/\/ihedn.fr\/en\/biographie\/corinne-breuze-conseillere-diplomatique-directrice-du-departement-de-leurope-et-des-affaires-internationales-ministre-plenipotentiaire-de-1ere-classe\/","og_site_name":"L&#039;IHEDN : Institut des hautes \u00e9tudes de d\u00e9fense nationale","article_publisher":"https:\/\/www.facebook.com\/ihedn\/","article_published_time":"2021-01-12T10:09:09+00:00","article_modified_time":"2021-01-12T10:27:04+00:00","og_image":[{"width":1832,"height":1200,"url":"https:\/\/ihedn.fr\/wp-content\/uploads\/2021\/01\/IHEDN-chateau-cour-honneur.jpg","type":"image\/jpeg"}],"author":"dev","twitter_card":"summary_large_image","twitter_creator":"@IHEDN","twitter_site":"@IHEDN","twitter_misc":{"Written by":"dev","Estimated reading time":"2 minutes"},"schema":{"@context":"https:\/\/schema.org","@graph":[{"@type":"Article","@id":"https:\/\/ihedn.fr\/biographie\/corinne-breuze-conseillere-diplomatique-directrice-du-departement-de-leurope-et-des-affaires-internationales-ministre-plenipotentiaire-de-1ere-classe\/#article","isPartOf":{"@id":"https:\/\/ihedn.fr\/biographie\/corinne-breuze-conseillere-diplomatique-directrice-du-departement-de-leurope-et-des-affaires-internationales-ministre-plenipotentiaire-de-1ere-classe\/"},"author":{"name":"dev","@id":"https:\/\/ihedn.fr\/#\/schema\/person\/7a40155595e4efb35323447cb8c8c5a4"},"headline":"Corinne BREUZ\u00c9","datePublished":"2021-01-12T10:09:09+00:00","dateModified":"2021-01-12T10:27:04+00:00","mainEntityOfPage":{"@id":"https:\/\/ihedn.fr\/biographie\/corinne-breuze-conseillere-diplomatique-directrice-du-departement-de-leurope-et-des-affaires-internationales-ministre-plenipotentiaire-de-1ere-classe\/"},"wordCount":489,"publisher":{"@id":"https:\/\/ihedn.fr\/#organization"},"image":{"@id":"https:\/\/ihedn.fr\/biographie\/corinne-breuze-conseillere-diplomatique-directrice-du-departement-de-leurope-et-des-affaires-internationales-ministre-plenipotentiaire-de-1ere-classe\/#primaryimage"},"thumbnailUrl":"https:\/\/ihedn.fr\/wp-content\/uploads\/2021\/01\/IHEDN-chateau-cour-honneur.jpg","articleSection":["Uncategorized"],"inLanguage":"en-GB"},{"@type":"WebPage","@id":"https:\/\/ihedn.fr\/biographie\/corinne-breuze-conseillere-diplomatique-directrice-du-departement-de-leurope-et-des-affaires-internationales-ministre-plenipotentiaire-de-1ere-classe\/","url":"https:\/\/ihedn.fr\/biographie\/corinne-breuze-conseillere-diplomatique-directrice-du-departement-de-leurope-et-des-affaires-internationales-ministre-plenipotentiaire-de-1ere-classe\/","name":"Corinne BREUZ\u00c9 - IHEDN: Institute for Advanced Studies in National Defence","isPartOf":{"@id":"https:\/\/ihedn.fr\/#website"},"primaryImageOfPage":{"@id":"https:\/\/ihedn.fr\/biographie\/corinne-breuze-conseillere-diplomatique-directrice-du-departement-de-leurope-et-des-affaires-internationales-ministre-plenipotentiaire-de-1ere-classe\/#primaryimage"},"image":{"@id":"https:\/\/ihedn.fr\/biographie\/corinne-breuze-conseillere-diplomatique-directrice-du-departement-de-leurope-et-des-affaires-internationales-ministre-plenipotentiaire-de-1ere-classe\/#primaryimage"},"thumbnailUrl":"https:\/\/ihedn.fr\/wp-content\/uploads\/2021\/01\/IHEDN-chateau-cour-honneur.jpg","datePublished":"2021-01-12T10:09:09+00:00","dateModified":"2021-01-12T10:27:04+00:00","breadcrumb":{"@id":"https:\/\/ihedn.fr\/biographie\/corinne-breuze-conseillere-diplomatique-directrice-du-departement-de-leurope-et-des-affaires-internationales-ministre-plenipotentiaire-de-1ere-classe\/#breadcrumb"},"inLanguage":"en-GB","potentialAction":[{"@type":"ReadAction","target":["https:\/\/ihedn.fr\/biographie\/corinne-breuze-conseillere-diplomatique-directrice-du-departement-de-leurope-et-des-affaires-internationales-ministre-plenipotentiaire-de-1ere-classe\/"]}]},{"@type":"ImageObject","inLanguage":"en-GB","@id":"https:\/\/ihedn.fr\/biographie\/corinne-breuze-conseillere-diplomatique-directrice-du-departement-de-leurope-et-des-affaires-internationales-ministre-plenipotentiaire-de-1ere-classe\/#primaryimage","url":"https:\/\/ihedn.fr\/wp-content\/uploads\/2021\/01\/IHEDN-chateau-cour-honneur.jpg","contentUrl":"https:\/\/ihedn.fr\/wp-content\/uploads\/2021\/01\/IHEDN-chateau-cour-honneur.jpg","width":1832,"height":1200,"caption":"IHEDN-chateau-cour-honneur"},{"@type":"BreadcrumbList","@id":"https:\/\/ihedn.fr\/biographie\/corinne-breuze-conseillere-diplomatique-directrice-du-departement-de-leurope-et-des-affaires-internationales-ministre-plenipotentiaire-de-1ere-classe\/#breadcrumb","itemListElement":[{"@type":"ListItem","position":1,"name":"Accueil","item":"https:\/\/ihedn.fr\/"},{"@type":"ListItem","position":2,"name":"Corinne BREUZ\u00c9"}]},{"@type":"WebSite","@id":"https:\/\/ihedn.fr\/#website","url":"https:\/\/ihedn.fr\/","name":"IHEDN: Institut des hautes \u00e9tudes de d\u00e9fense nationale (Institute for Higher National Defence Studies)","description":"Official website of the IHEDN under the supervision of the Prime Minister.","publisher":{"@id":"https:\/\/ihedn.fr\/#organization"},"potentialAction":[{"@type":"SearchAction","target":{"@type":"EntryPoint","urlTemplate":"https:\/\/ihedn.fr\/?s={search_term_string}"},"query-input":{"@type":"PropertyValueSpecification","valueRequired":true,"valueName":"search_term_string"}}],"inLanguage":"en-GB"},{"@type":"Organization","@id":"https:\/\/ihedn.fr\/#organization","name":"IHEDN - Institute for Higher National Defence Studies","url":"https:\/\/ihedn.fr\/","logo":{"@type":"ImageObject","inLanguage":"en-GB","@id":"https:\/\/ihedn.fr\/#\/schema\/logo\/image\/","url":"https:\/\/ihedn.fr\/wp-content\/uploads\/2020\/11\/BLOC_RF_IHEDN_WEB.png","contentUrl":"https:\/\/ihedn.fr\/wp-content\/uploads\/2020\/11\/BLOC_RF_IHEDN_WEB.png","width":500,"height":237,"caption":"IHEDN - Institut des Hautes Etudes de D\u00e9fense Nationale"},"image":{"@id":"https:\/\/ihedn.fr\/#\/schema\/logo\/image\/"},"sameAs":["https:\/\/www.facebook.com\/ihedn\/","https:\/\/x.com\/IHEDN","https:\/\/www.instagram.com\/ihedn\/","https:\/\/www.linkedin.com\/school\/ihedn\/","https:\/\/fr.wikipedia.org\/wiki\/Institut_des_hautes_\u00e9tudes_de_D\u00e9fense_nationale"]},{"@type":"Person","@id":"https:\/\/ihedn.fr\/#\/schema\/person\/7a40155595e4efb35323447cb8c8c5a4","name":"dev","image":{"@type":"ImageObject","inLanguage":"en-GB","@id":"https:\/\/secure.gravatar.com\/avatar\/f1ffcac9ca2fa95ad3ec33e9be3ade82f752acb0cabe541e56c5889225afa88a?s=96&d=mm&r=g","url":"https:\/\/secure.gravatar.com\/avatar\/f1ffcac9ca2fa95ad3ec33e9be3ade82f752acb0cabe541e56c5889225afa88a?s=96&d=mm&r=g","contentUrl":"https:\/\/secure.gravatar.com\/avatar\/f1ffcac9ca2fa95ad3ec33e9be3ade82f752acb0cabe541e56c5889225afa88a?s=96&d=mm&r=g","caption":"dev"},"sameAs":["https:\/\/ihedn.concilium.click"],"url":"https:\/\/ihedn.fr\/en\/author\/dev\/"}]}},"publishpress_future_action":{"enabled":false,"date":"2026-05-08 06:23:11","action":"change-status","newStatus":"draft","terms":[],"taxonomy":"category","extraData":[]},"publishpress_future_workflow_manual_trigger":{"enabledWorkflows":[]},"_links":{"self":[{"href":"https:\/\/ihedn.fr\/en\/wp-json\/wp\/v2\/posts\/5437","targetHints":{"allow":["GET"]}}],"collection":[{"href":"https:\/\/ihedn.fr\/en\/wp-json\/wp\/v2\/posts"}],"about":[{"href":"https:\/\/ihedn.fr\/en\/wp-json\/wp\/v2\/types\/post"}],"author":[{"embeddable":true,"href":"https:\/\/ihedn.fr\/en\/wp-json\/wp\/v2\/users\/1"}],"replies":[{"embeddable":true,"href":"https:\/\/ihedn.fr\/en\/wp-json\/wp\/v2\/comments?post=5437"}],"version-history":[{"count":5,"href":"https:\/\/ihedn.fr\/en\/wp-json\/wp\/v2\/posts\/5437\/revisions"}],"predecessor-version":[{"id":5502,"href":"https:\/\/ihedn.fr\/en\/wp-json\/wp\/v2\/posts\/5437\/revisions\/5502"}],"wp:featuredmedia":[{"embeddable":true,"href":"https:\/\/ihedn.fr\/en\/wp-json\/wp\/v2\/media\/4808"}],"wp:attachment":[{"href":"https:\/\/ihedn.fr\/en\/wp-json\/wp\/v2\/media?parent=5437"}],"wp:term":[{"taxonomy":"category","embeddable":true,"href":"https:\/\/ihedn.fr\/en\/wp-json\/wp\/v2\/categories?post=5437"},{"taxonomy":"post_tag","embeddable":true,"href":"https:\/\/ihedn.fr\/en\/wp-json\/wp\/v2\/tags?post=5437"}],"curies":[{"name":"wp","href":"https:\/\/api.w.org\/{rel}","templated":true}]}}