{"id":54516,"date":"2025-06-03T14:04:39","date_gmt":"2025-06-03T13:04:39","guid":{"rendered":"https:\/\/ihedn.fr\/?p=54516"},"modified":"2025-06-03T14:04:39","modified_gmt":"2025-06-03T13:04:39","slug":"lile-de-la-reunion-accueille-la-244e-session-en-region-de-lihedn","status":"publish","type":"post","link":"https:\/\/ihedn.fr\/en\/notre-actualite\/lile-de-la-reunion-accueille-la-244e-session-en-region-de-lihedn\/","title":{"rendered":"R\u00e9union hosts the 244th regional session of IHEDN"},"content":{"rendered":"<div data-elementor-type=\"wp-post\" data-elementor-id=\"54516\" class=\"elementor elementor-54516\" data-elementor-post-type=\"post\">\n\t\t\t\t<div data-particle_enable=\"false\" data-particle-mobile-disabled=\"false\" class=\"elementor-element elementor-element-e1bf6c0 e-flex e-con-boxed e-con e-parent\" data-id=\"e1bf6c0\" data-element_type=\"container\" data-e-type=\"container\">\n\t\t\t\t\t<div class=\"e-con-inner\">\n\t\t\t\t<div class=\"elementor-element elementor-element-8369267 elementor-widget elementor-widget-text-editor\" data-id=\"8369267\" data-element_type=\"widget\" data-e-type=\"widget\" data-widget_type=\"text-editor.default\">\n\t\t\t\t<div class=\"elementor-widget-container\">\n\t\t\t\t\t\t\t\t\t<p style=\"margin: 0cm 0cm 0.0001pt; text-align: left;\"><span style=\"font-size: 14.0pt;\">From 2 to 20 June 2025, the Institut des hautes \u00e9tudes de d\u00e9fense nationale (IHEDN) will be holding its 244th regional session in R\u00e9union. This will be the fourth overseas session since 2022, under the partnership agreement with the French Overseas Departments and Territories (DGOM). For three weeks, the 49 auditors selected will undergo intensive training in the field, punctuated by expert lectures, strategic visits and debates on key themes: internal security and justice, resilience in the face of crises, health and environmental issues specific to R\u00e9union, not forgetting Mayotte's strategic position in the Indo-Pacific.<\/span><\/p><p style=\"margin: 0cm 0cm 0.0001pt; text-align: left;\"><span style=\"font-size: 14.0pt;\">\u00a0<\/span><\/p><p style=\"margin: 0cm 0cm 0.0001pt; text-align: left;\"><span style=\"font-size: 14.0pt;\">The session was officially launched on Monday 2 June in the rooms of the H\u00f4tel Pr\u00e9fectoral in Saint-Denis, a listed building. Prefect Patrice Latron, represented by sub-prefect Fr\u00e9d\u00e9ric Sautron, welcomed the class, emphasising the fundamental role of the State in defending national interests in overseas territories.<\/span><\/p><p style=\"margin: 0cm 0cm 0.0001pt; text-align: left;\"><span style=\"font-size: 14.0pt;\">\u00a0<\/span><\/p><p style=\"margin: 0cm 0cm 0.0001pt; text-align: left;\"><span style=\"font-size: 14.0pt;\">Major General Jean-Marc Giraud, Commander of the Armed Forces in the Southern Indian Ocean Zone (FAZSOI), gave a keynote speech on the ambition to transform R\u00e9union and Mayotte into genuine strategic support points. He spoke in particular of the modernisation of conventional capabilities, the strengthening of cyber and information systems, and investment in port and airport infrastructures.<\/span><\/p><p style=\"margin: 0cm 0cm 0.0001pt; text-align: left;\"><span style=\"font-size: 14.0pt;\">\u00a0<\/span><\/p><p style=\"margin: 0cm 0cm 0.0001pt; text-align: left;\"><span style=\"font-size: 14.0pt;\">Jean-Michel Delvert, sub-prefect and representative of the Director of the IHEDN, Lieutenant General Herv\u00e9 de Courr\u00e8ges, then officially opened the session. He placed this 244th session in the long-term context of the Institute's activities and the current geostrategic situation.<\/span><\/p><p style=\"margin: 0cm 0cm 0.0001pt; text-align: left;\"><span style=\"font-size: 14.0pt;\">\u00a0<\/span><\/p><p style=\"margin: 0cm 0cm 0.0001pt; text-align: left;\"><span style=\"font-size: 14.0pt;\">After an overview of national defence and its institutions, listeners enjoyed a convivial chat before heading off to their base camp for the week. The afternoon began with a historical perspective on contemporary conflicts, a prelude to the committee work that will punctuate the three weeks.<\/span><\/p><p style=\"margin: 0cm 0cm 0.0001pt; text-align: left;\"><span style=\"font-size: 14.0pt;\">\u00a0<\/span><\/p><p style=\"margin: 0cm 0cm 0.0001pt; text-align: left;\"><span style=\"font-size: 14.0pt;\">The first two hours were spent in sub-groups getting to know each other, followed by an informal ice-breaker to round off a rich and intense first day.<\/span><\/p><p style=\"margin: 0cm 0cm 0.0001pt; text-align: left;\"><span style=\"font-size: 14.0pt;\">\u00a0<\/span><\/p><p style=\"margin: 0cm 0cm 0.0001pt; text-align: left;\"><span style=\"font-size: 14.0pt;\">Then it's on to the Port des Galets naval base for the first field visit.<\/span><\/p>\t\t\t\t\t\t\t\t<\/div>\n\t\t\t\t<\/div>\n\t\t\t\t<div class=\"elementor-element elementor-element-e3c39bc elementor-widget elementor-widget-gallery\" data-id=\"e3c39bc\" data-element_type=\"widget\" data-e-type=\"widget\" data-settings=\"{&quot;gallery_layout&quot;:&quot;masonry&quot;,&quot;columns&quot;:3,&quot;lazyload&quot;:&quot;yes&quot;,&quot;columns_tablet&quot;:2,&quot;columns_mobile&quot;:1,&quot;gap&quot;:{&quot;unit&quot;:&quot;px&quot;,&quot;size&quot;:10,&quot;sizes&quot;:[]},&quot;gap_tablet&quot;:{&quot;unit&quot;:&quot;px&quot;,&quot;size&quot;:10,&quot;sizes&quot;:[]},&quot;gap_mobile&quot;:{&quot;unit&quot;:&quot;px&quot;,&quot;size&quot;:10,&quot;sizes&quot;:[]},&quot;link_to&quot;:&quot;file&quot;,&quot;overlay_background&quot;:&quot;yes&quot;,&quot;content_hover_animation&quot;:&quot;fade-in&quot;}\" data-widget_type=\"gallery.default\">\n\t\t\t\t<div class=\"elementor-widget-container\">\n\t\t\t\t\t\t\t<div class=\"elementor-gallery__container\">\n\t\t\t\t\t\t\t<a class=\"e-gallery-item elementor-gallery-item elementor-animated-content\" href=\"https:\/\/ihedn.fr\/wp-content\/uploads\/2025\/06\/SR-244e-Reunion-1.jpeg\" data-elementor-open-lightbox=\"yes\" data-elementor-lightbox-slideshow=\"e3c39bc\" data-e-action-hash=\"#elementor-action%3Aaction%3Dlightbox%26settings%3DeyJpZCI6NTQ1MTksInVybCI6Imh0dHBzOlwvXC9paGVkbi5mclwvd3AtY29udGVudFwvdXBsb2Fkc1wvMjAyNVwvMDZcL1NSLTI0NGUtUmV1bmlvbi0xLmpwZWciLCJzbGlkZXNob3ciOiJlM2MzOWJjIn0%3D\">\n\t\t\t\t\t<div class=\"e-gallery-image elementor-gallery-item__image\" data-thumbnail=\"https:\/\/ihedn.fr\/wp-content\/uploads\/2025\/06\/SR-244e-Reunion-1.jpeg\" data-width=\"1600\" data-height=\"1200\" aria-label=\"Auditors from the 244th regional session of the IHEDN in R\u00e9union\" role=\"img\" ><\/div>\n\t\t\t\t\t\t\t\t\t\t\t<div class=\"elementor-gallery-item__overlay\"><\/div>\n\t\t\t\t\t\t\t\t\t\t\t\t\t\t<\/a>\n\t\t\t\t\t\t\t<a class=\"e-gallery-item elementor-gallery-item elementor-animated-content\" href=\"https:\/\/ihedn.fr\/wp-content\/uploads\/2025\/06\/SR-244e-Reunion-4.jpeg\" data-elementor-open-lightbox=\"yes\" data-elementor-lightbox-slideshow=\"e3c39bc\" data-e-action-hash=\"#elementor-action%3Aaction%3Dlightbox%26settings%3DeyJpZCI6NTQ1MjIsInVybCI6Imh0dHBzOlwvXC9paGVkbi5mclwvd3AtY29udGVudFwvdXBsb2Fkc1wvMjAyNVwvMDZcL1NSLTI0NGUtUmV1bmlvbi00LmpwZWciLCJzbGlkZXNob3ciOiJlM2MzOWJjIn0%3D\">\n\t\t\t\t\t<div class=\"e-gallery-image elementor-gallery-item__image\" data-thumbnail=\"https:\/\/ihedn.fr\/wp-content\/uploads\/2025\/06\/SR-244e-Reunion-4.jpeg\" data-width=\"1600\" data-height=\"1200\" aria-label=\"Auditors from the 244th regional session of the IHEDN in R\u00e9union\" role=\"img\" ><\/div>\n\t\t\t\t\t\t\t\t\t\t\t<div class=\"elementor-gallery-item__overlay\"><\/div>\n\t\t\t\t\t\t\t\t\t\t\t\t\t\t<\/a>\n\t\t\t\t\t\t\t<a class=\"e-gallery-item elementor-gallery-item elementor-animated-content\" href=\"https:\/\/ihedn.fr\/wp-content\/uploads\/2025\/06\/SR-244e-Reunion-3.jpeg\" data-elementor-open-lightbox=\"yes\" data-elementor-lightbox-slideshow=\"e3c39bc\" data-e-action-hash=\"#elementor-action%3Aaction%3Dlightbox%26settings%3DeyJpZCI6NTQ1MjEsInVybCI6Imh0dHBzOlwvXC9paGVkbi5mclwvd3AtY29udGVudFwvdXBsb2Fkc1wvMjAyNVwvMDZcL1NSLTI0NGUtUmV1bmlvbi0zLmpwZWciLCJzbGlkZXNob3ciOiJlM2MzOWJjIn0%3D\">\n\t\t\t\t\t<div class=\"e-gallery-image elementor-gallery-item__image\" data-thumbnail=\"https:\/\/ihedn.fr\/wp-content\/uploads\/2025\/06\/SR-244e-Reunion-3.jpeg\" data-width=\"1600\" data-height=\"1200\" aria-label=\"Auditors from the 244th regional session of the IHEDN in R\u00e9union\" role=\"img\" ><\/div>\n\t\t\t\t\t\t\t\t\t\t\t<div class=\"elementor-gallery-item__overlay\"><\/div>\n\t\t\t\t\t\t\t\t\t\t\t\t\t\t<\/a>\n\t\t\t\t\t\t\t<a class=\"e-gallery-item elementor-gallery-item elementor-animated-content\" href=\"https:\/\/ihedn.fr\/wp-content\/uploads\/2025\/06\/SR-244e-Reunion-2.jpeg\" data-elementor-open-lightbox=\"yes\" data-elementor-lightbox-slideshow=\"e3c39bc\" data-e-action-hash=\"#elementor-action%3Aaction%3Dlightbox%26settings%3DeyJpZCI6NTQ1MjAsInVybCI6Imh0dHBzOlwvXC9paGVkbi5mclwvd3AtY29udGVudFwvdXBsb2Fkc1wvMjAyNVwvMDZcL1NSLTI0NGUtUmV1bmlvbi0yLmpwZWciLCJzbGlkZXNob3ciOiJlM2MzOWJjIn0%3D\">\n\t\t\t\t\t<div class=\"e-gallery-image elementor-gallery-item__image\" data-thumbnail=\"https:\/\/ihedn.fr\/wp-content\/uploads\/2025\/06\/SR-244e-Reunion-2.jpeg\" data-width=\"1600\" data-height=\"1200\" aria-label=\"Auditors from the 244th regional session of the IHEDN in R\u00e9union\" role=\"img\" ><\/div>\n\t\t\t\t\t\t\t\t\t\t\t<div class=\"elementor-gallery-item__overlay\"><\/div>\n\t\t\t\t\t\t\t\t\t\t\t\t\t\t<\/a>\n\t\t\t\t\t\t\t<a class=\"e-gallery-item elementor-gallery-item elementor-animated-content\" href=\"https:\/\/ihedn.fr\/wp-content\/uploads\/2025\/06\/SR-244e-Reunion-5.jpeg\" data-elementor-open-lightbox=\"yes\" data-elementor-lightbox-slideshow=\"e3c39bc\" data-e-action-hash=\"#elementor-action%3Aaction%3Dlightbox%26settings%3DeyJpZCI6NTQ1MTgsInVybCI6Imh0dHBzOlwvXC9paGVkbi5mclwvd3AtY29udGVudFwvdXBsb2Fkc1wvMjAyNVwvMDZcL1NSLTI0NGUtUmV1bmlvbi01LmpwZWciLCJzbGlkZXNob3ciOiJlM2MzOWJjIn0%3D\">\n\t\t\t\t\t<div class=\"e-gallery-image elementor-gallery-item__image\" data-thumbnail=\"https:\/\/ihedn.fr\/wp-content\/uploads\/2025\/06\/SR-244e-Reunion-5.jpeg\" data-width=\"1600\" data-height=\"1200\" aria-label=\"Auditors from the 244th regional session of the IHEDN in R\u00e9union\" role=\"img\" ><\/div>\n\t\t\t\t\t\t\t\t\t\t\t<div class=\"elementor-gallery-item__overlay\"><\/div>\n\t\t\t\t\t\t\t\t\t\t\t\t\t\t<\/a>\n\t\t\t\t\t<\/div>\n\t\t\t\t\t<\/div>\n\t\t\t\t<\/div>\n\t\t\t\t\t<\/div>\n\t\t\t\t<\/div>\n\t\t\t\t<\/div>","protected":false},"excerpt":{"rendered":"<p>Three weeks of immersive training for 49 students focusing on the major issues of sovereignty, security and resilience in the Indian Ocean.<\/p>","protected":false},"author":10,"featured_media":54519,"comment_status":"closed","ping_status":"closed","sticky":false,"template":"","format":"standard","meta":{"footnotes":""},"categories":[172],"tags":[],"class_list":["post-54516","post","type-post","status-publish","format-standard","has-post-thumbnail","hentry","category-notre-actualite"],"yoast_head":"<!-- This site is optimized with the Yoast SEO plugin v27.5 - https:\/\/yoast.com\/product\/yoast-seo-wordpress\/ -->\n<title>L&#039;\u00eele de La R\u00e9union accueille la 244e session en r\u00e9gion de l\u2019IHEDN - L&#039;IHEDN : Institut des hautes \u00e9tudes de d\u00e9fense nationale<\/title>\n<meta name=\"description\" content=\"Trois semaines de formation immersive pour 49 auditeurs mobilis\u00e9s autour des grands enjeux de souverainet\u00e9, de s\u00e9curit\u00e9 et de r\u00e9silience dans l\u2019oc\u00e9an Indien.\" \/>\n<meta name=\"robots\" content=\"index, follow, max-snippet:-1, max-image-preview:large, max-video-preview:-1\" \/>\n<link rel=\"canonical\" href=\"https:\/\/ihedn.fr\/en\/notre-actualite\/lile-de-la-reunion-accueille-la-244e-session-en-region-de-lihedn\/\" \/>\n<meta property=\"og:locale\" content=\"en_GB\" \/>\n<meta property=\"og:type\" content=\"article\" \/>\n<meta property=\"og:title\" content=\"L&#039;\u00eele de La R\u00e9union accueille la 244e session en r\u00e9gion de l\u2019IHEDN\" \/>\n<meta property=\"og:description\" content=\"Trois semaines de formation immersive pour 49 auditeurs mobilis\u00e9s autour des grands enjeux de souverainet\u00e9, de s\u00e9curit\u00e9 et de r\u00e9silience dans l\u2019oc\u00e9an Indien.\" \/>\n<meta property=\"og:url\" content=\"https:\/\/ihedn.fr\/en\/notre-actualite\/lile-de-la-reunion-accueille-la-244e-session-en-region-de-lihedn\/\" \/>\n<meta property=\"og:site_name\" content=\"L&#039;IHEDN : Institut des hautes \u00e9tudes de d\u00e9fense nationale\" \/>\n<meta property=\"article:publisher\" content=\"https:\/\/www.facebook.com\/ihedn\/\" \/>\n<meta property=\"article:published_time\" content=\"2025-06-03T13:04:39+00:00\" \/>\n<meta property=\"og:image\" content=\"https:\/\/ihedn.fr\/wp-content\/uploads\/2025\/06\/SR-244e-Reunion-1.jpeg\" \/>\n\t<meta property=\"og:image:width\" content=\"1600\" \/>\n\t<meta property=\"og:image:height\" content=\"1200\" \/>\n\t<meta property=\"og:image:type\" content=\"image\/jpeg\" \/>\n<meta name=\"author\" content=\"tanguy.morel@ihedn.fr\" \/>\n<meta name=\"twitter:card\" content=\"summary_large_image\" \/>\n<meta name=\"twitter:title\" content=\"L&#039;\u00eele de La R\u00e9union accueille la 244e session en r\u00e9gion de l\u2019IHEDN\" \/>\n<meta name=\"twitter:description\" content=\"Trois semaines de formation immersive pour 49 auditeurs mobilis\u00e9s autour des grands enjeux de souverainet\u00e9, de s\u00e9curit\u00e9 et de r\u00e9silience dans l\u2019oc\u00e9an Indien.\" \/>\n<meta name=\"twitter:image\" content=\"https:\/\/ihedn.fr\/wp-content\/uploads\/2025\/06\/SR-244e-Reunion-1.jpeg\" \/>\n<meta name=\"twitter:creator\" content=\"@IHEDN\" \/>\n<meta name=\"twitter:site\" content=\"@IHEDN\" \/>\n<meta name=\"twitter:label1\" content=\"Written by\" \/>\n\t<meta name=\"twitter:data1\" content=\"tanguy.morel@ihedn.fr\" \/>\n\t<meta name=\"twitter:label2\" content=\"Estimated reading time\" \/>\n\t<meta name=\"twitter:data2\" content=\"3 minutes\" \/>\n<script type=\"application\/ld+json\" class=\"yoast-schema-graph\">{\"@context\":\"https:\\\/\\\/schema.org\",\"@graph\":[{\"@type\":\"Article\",\"@id\":\"https:\\\/\\\/ihedn.fr\\\/notre-actualite\\\/lile-de-la-reunion-accueille-la-244e-session-en-region-de-lihedn\\\/#article\",\"isPartOf\":{\"@id\":\"https:\\\/\\\/ihedn.fr\\\/notre-actualite\\\/lile-de-la-reunion-accueille-la-244e-session-en-region-de-lihedn\\\/\"},\"author\":{\"name\":\"tanguy.morel@ihedn.fr\",\"@id\":\"https:\\\/\\\/ihedn.fr\\\/#\\\/schema\\\/person\\\/ed217a37104b27a246b200e65b827cc7\"},\"headline\":\"L&rsquo;\u00eele de La R\u00e9union accueille la 244e session en r\u00e9gion de l\u2019IHEDN\",\"datePublished\":\"2025-06-03T13:04:39+00:00\",\"mainEntityOfPage\":{\"@id\":\"https:\\\/\\\/ihedn.fr\\\/notre-actualite\\\/lile-de-la-reunion-accueille-la-244e-session-en-region-de-lihedn\\\/\"},\"wordCount\":440,\"publisher\":{\"@id\":\"https:\\\/\\\/ihedn.fr\\\/#organization\"},\"image\":{\"@id\":\"https:\\\/\\\/ihedn.fr\\\/notre-actualite\\\/lile-de-la-reunion-accueille-la-244e-session-en-region-de-lihedn\\\/#primaryimage\"},\"thumbnailUrl\":\"https:\\\/\\\/ihedn.fr\\\/wp-content\\\/uploads\\\/2025\\\/06\\\/SR-244e-Reunion-1.jpeg\",\"articleSection\":[\"Notre actualit\u00e9\"],\"inLanguage\":\"en-GB\"},{\"@type\":\"WebPage\",\"@id\":\"https:\\\/\\\/ihedn.fr\\\/notre-actualite\\\/lile-de-la-reunion-accueille-la-244e-session-en-region-de-lihedn\\\/\",\"url\":\"https:\\\/\\\/ihedn.fr\\\/notre-actualite\\\/lile-de-la-reunion-accueille-la-244e-session-en-region-de-lihedn\\\/\",\"name\":\"L'\u00eele de La R\u00e9union accueille la 244e session en r\u00e9gion de l\u2019IHEDN - L&#039;IHEDN : Institut des hautes \u00e9tudes de d\u00e9fense nationale\",\"isPartOf\":{\"@id\":\"https:\\\/\\\/ihedn.fr\\\/#website\"},\"primaryImageOfPage\":{\"@id\":\"https:\\\/\\\/ihedn.fr\\\/notre-actualite\\\/lile-de-la-reunion-accueille-la-244e-session-en-region-de-lihedn\\\/#primaryimage\"},\"image\":{\"@id\":\"https:\\\/\\\/ihedn.fr\\\/notre-actualite\\\/lile-de-la-reunion-accueille-la-244e-session-en-region-de-lihedn\\\/#primaryimage\"},\"thumbnailUrl\":\"https:\\\/\\\/ihedn.fr\\\/wp-content\\\/uploads\\\/2025\\\/06\\\/SR-244e-Reunion-1.jpeg\",\"datePublished\":\"2025-06-03T13:04:39+00:00\",\"description\":\"Trois semaines de formation immersive pour 49 auditeurs mobilis\u00e9s autour des grands enjeux de souverainet\u00e9, de s\u00e9curit\u00e9 et de r\u00e9silience dans l\u2019oc\u00e9an Indien.\",\"breadcrumb\":{\"@id\":\"https:\\\/\\\/ihedn.fr\\\/notre-actualite\\\/lile-de-la-reunion-accueille-la-244e-session-en-region-de-lihedn\\\/#breadcrumb\"},\"inLanguage\":\"en-GB\",\"potentialAction\":[{\"@type\":\"ReadAction\",\"target\":[\"https:\\\/\\\/ihedn.fr\\\/notre-actualite\\\/lile-de-la-reunion-accueille-la-244e-session-en-region-de-lihedn\\\/\"]}]},{\"@type\":\"ImageObject\",\"inLanguage\":\"en-GB\",\"@id\":\"https:\\\/\\\/ihedn.fr\\\/notre-actualite\\\/lile-de-la-reunion-accueille-la-244e-session-en-region-de-lihedn\\\/#primaryimage\",\"url\":\"https:\\\/\\\/ihedn.fr\\\/wp-content\\\/uploads\\\/2025\\\/06\\\/SR-244e-Reunion-1.jpeg\",\"contentUrl\":\"https:\\\/\\\/ihedn.fr\\\/wp-content\\\/uploads\\\/2025\\\/06\\\/SR-244e-Reunion-1.jpeg\",\"width\":1600,\"height\":1200,\"caption\":\"Les auditeurs de la 244e session en r\u00e9gion de l'IHEDN \u00e0 la R\u00e9union\"},{\"@type\":\"BreadcrumbList\",\"@id\":\"https:\\\/\\\/ihedn.fr\\\/notre-actualite\\\/lile-de-la-reunion-accueille-la-244e-session-en-region-de-lihedn\\\/#breadcrumb\",\"itemListElement\":[{\"@type\":\"ListItem\",\"position\":1,\"name\":\"Accueil\",\"item\":\"https:\\\/\\\/ihedn.fr\\\/\"},{\"@type\":\"ListItem\",\"position\":2,\"name\":\"L&rsquo;\u00eele de La R\u00e9union accueille la 244e session en r\u00e9gion de l\u2019IHEDN\"}]},{\"@type\":\"WebSite\",\"@id\":\"https:\\\/\\\/ihedn.fr\\\/#website\",\"url\":\"https:\\\/\\\/ihedn.fr\\\/\",\"name\":\"IHEDN : Institut des hautes \u00e9tudes de d\u00e9fense nationale |\",\"description\":\"Site officiel de l&#039;IHEDN plac\u00e9 sous la tutelle du Premier ministre.\",\"publisher\":{\"@id\":\"https:\\\/\\\/ihedn.fr\\\/#organization\"},\"potentialAction\":[{\"@type\":\"SearchAction\",\"target\":{\"@type\":\"EntryPoint\",\"urlTemplate\":\"https:\\\/\\\/ihedn.fr\\\/?s={search_term_string}\"},\"query-input\":{\"@type\":\"PropertyValueSpecification\",\"valueRequired\":true,\"valueName\":\"search_term_string\"}}],\"inLanguage\":\"en-GB\"},{\"@type\":\"Organization\",\"@id\":\"https:\\\/\\\/ihedn.fr\\\/#organization\",\"name\":\"IHEDN - Institut des Hautes Etudes de D\u00e9fense Nationale\",\"url\":\"https:\\\/\\\/ihedn.fr\\\/\",\"logo\":{\"@type\":\"ImageObject\",\"inLanguage\":\"en-GB\",\"@id\":\"https:\\\/\\\/ihedn.fr\\\/#\\\/schema\\\/logo\\\/image\\\/\",\"url\":\"https:\\\/\\\/ihedn.fr\\\/wp-content\\\/uploads\\\/2020\\\/11\\\/BLOC_RF_IHEDN_WEB.png\",\"contentUrl\":\"https:\\\/\\\/ihedn.fr\\\/wp-content\\\/uploads\\\/2020\\\/11\\\/BLOC_RF_IHEDN_WEB.png\",\"width\":500,\"height\":237,\"caption\":\"IHEDN - Institut des Hautes Etudes de D\u00e9fense Nationale\"},\"image\":{\"@id\":\"https:\\\/\\\/ihedn.fr\\\/#\\\/schema\\\/logo\\\/image\\\/\"},\"sameAs\":[\"https:\\\/\\\/www.facebook.com\\\/ihedn\\\/\",\"https:\\\/\\\/x.com\\\/IHEDN\",\"https:\\\/\\\/www.instagram.com\\\/ihedn\\\/\",\"https:\\\/\\\/www.linkedin.com\\\/school\\\/ihedn\\\/\",\"https:\\\/\\\/fr.wikipedia.org\\\/wiki\\\/Institut_des_hautes_\u00e9tudes_de_D\u00e9fense_nationale\"]},{\"@type\":\"Person\",\"@id\":\"https:\\\/\\\/ihedn.fr\\\/#\\\/schema\\\/person\\\/ed217a37104b27a246b200e65b827cc7\",\"name\":\"tanguy.morel@ihedn.fr\",\"image\":{\"@type\":\"ImageObject\",\"inLanguage\":\"en-GB\",\"@id\":\"https:\\\/\\\/secure.gravatar.com\\\/avatar\\\/36877cd30919fafddf1f9da45f4154aa468a64328452f2ceaff0968772207348?s=96&d=mm&r=g\",\"url\":\"https:\\\/\\\/secure.gravatar.com\\\/avatar\\\/36877cd30919fafddf1f9da45f4154aa468a64328452f2ceaff0968772207348?s=96&d=mm&r=g\",\"contentUrl\":\"https:\\\/\\\/secure.gravatar.com\\\/avatar\\\/36877cd30919fafddf1f9da45f4154aa468a64328452f2ceaff0968772207348?s=96&d=mm&r=g\",\"caption\":\"tanguy.morel@ihedn.fr\"},\"url\":\"https:\\\/\\\/ihedn.fr\\\/en\\\/author\\\/tanguy-morelihedn-fr\\\/\"}]}<\/script>\n<!-- \/ Yoast SEO plugin. -->","yoast_head_json":{"title":"R\u00e9union hosts the 244th regional session of the IHEDN - L'IHEDN : Institut des hautes \u00e9tudes de d\u00e9fense nationale","description":"Three weeks of immersive training for 49 students focusing on the major issues of sovereignty, security and resilience in the Indian Ocean.","robots":{"index":"index","follow":"follow","max-snippet":"max-snippet:-1","max-image-preview":"max-image-preview:large","max-video-preview":"max-video-preview:-1"},"canonical":"https:\/\/ihedn.fr\/en\/notre-actualite\/lile-de-la-reunion-accueille-la-244e-session-en-region-de-lihedn\/","og_locale":"en_GB","og_type":"article","og_title":"L'\u00eele de La R\u00e9union accueille la 244e session en r\u00e9gion de l\u2019IHEDN","og_description":"Trois semaines de formation immersive pour 49 auditeurs mobilis\u00e9s autour des grands enjeux de souverainet\u00e9, de s\u00e9curit\u00e9 et de r\u00e9silience dans l\u2019oc\u00e9an Indien.","og_url":"https:\/\/ihedn.fr\/en\/notre-actualite\/lile-de-la-reunion-accueille-la-244e-session-en-region-de-lihedn\/","og_site_name":"L&#039;IHEDN : Institut des hautes \u00e9tudes de d\u00e9fense nationale","article_publisher":"https:\/\/www.facebook.com\/ihedn\/","article_published_time":"2025-06-03T13:04:39+00:00","og_image":[{"width":1600,"height":1200,"url":"https:\/\/ihedn.fr\/wp-content\/uploads\/2025\/06\/SR-244e-Reunion-1.jpeg","type":"image\/jpeg"}],"author":"tanguy.morel@ihedn.fr","twitter_card":"summary_large_image","twitter_title":"L'\u00eele de La R\u00e9union accueille la 244e session en r\u00e9gion de l\u2019IHEDN","twitter_description":"Trois semaines de formation immersive pour 49 auditeurs mobilis\u00e9s autour des grands enjeux de souverainet\u00e9, de s\u00e9curit\u00e9 et de r\u00e9silience dans l\u2019oc\u00e9an Indien.","twitter_image":"https:\/\/ihedn.fr\/wp-content\/uploads\/2025\/06\/SR-244e-Reunion-1.jpeg","twitter_creator":"@IHEDN","twitter_site":"@IHEDN","twitter_misc":{"Written by":"tanguy.morel@ihedn.fr","Estimated reading time":"3 minutes"},"schema":{"@context":"https:\/\/schema.org","@graph":[{"@type":"Article","@id":"https:\/\/ihedn.fr\/notre-actualite\/lile-de-la-reunion-accueille-la-244e-session-en-region-de-lihedn\/#article","isPartOf":{"@id":"https:\/\/ihedn.fr\/notre-actualite\/lile-de-la-reunion-accueille-la-244e-session-en-region-de-lihedn\/"},"author":{"name":"tanguy.morel@ihedn.fr","@id":"https:\/\/ihedn.fr\/#\/schema\/person\/ed217a37104b27a246b200e65b827cc7"},"headline":"L&rsquo;\u00eele de La R\u00e9union accueille la 244e session en r\u00e9gion de l\u2019IHEDN","datePublished":"2025-06-03T13:04:39+00:00","mainEntityOfPage":{"@id":"https:\/\/ihedn.fr\/notre-actualite\/lile-de-la-reunion-accueille-la-244e-session-en-region-de-lihedn\/"},"wordCount":440,"publisher":{"@id":"https:\/\/ihedn.fr\/#organization"},"image":{"@id":"https:\/\/ihedn.fr\/notre-actualite\/lile-de-la-reunion-accueille-la-244e-session-en-region-de-lihedn\/#primaryimage"},"thumbnailUrl":"https:\/\/ihedn.fr\/wp-content\/uploads\/2025\/06\/SR-244e-Reunion-1.jpeg","articleSection":["Notre actualit\u00e9"],"inLanguage":"en-GB"},{"@type":"WebPage","@id":"https:\/\/ihedn.fr\/notre-actualite\/lile-de-la-reunion-accueille-la-244e-session-en-region-de-lihedn\/","url":"https:\/\/ihedn.fr\/notre-actualite\/lile-de-la-reunion-accueille-la-244e-session-en-region-de-lihedn\/","name":"R\u00e9union hosts the 244th regional session of the IHEDN - L'IHEDN : Institut des hautes \u00e9tudes de d\u00e9fense nationale","isPartOf":{"@id":"https:\/\/ihedn.fr\/#website"},"primaryImageOfPage":{"@id":"https:\/\/ihedn.fr\/notre-actualite\/lile-de-la-reunion-accueille-la-244e-session-en-region-de-lihedn\/#primaryimage"},"image":{"@id":"https:\/\/ihedn.fr\/notre-actualite\/lile-de-la-reunion-accueille-la-244e-session-en-region-de-lihedn\/#primaryimage"},"thumbnailUrl":"https:\/\/ihedn.fr\/wp-content\/uploads\/2025\/06\/SR-244e-Reunion-1.jpeg","datePublished":"2025-06-03T13:04:39+00:00","description":"Three weeks of immersive training for 49 students focusing on the major issues of sovereignty, security and resilience in the Indian Ocean.","breadcrumb":{"@id":"https:\/\/ihedn.fr\/notre-actualite\/lile-de-la-reunion-accueille-la-244e-session-en-region-de-lihedn\/#breadcrumb"},"inLanguage":"en-GB","potentialAction":[{"@type":"ReadAction","target":["https:\/\/ihedn.fr\/notre-actualite\/lile-de-la-reunion-accueille-la-244e-session-en-region-de-lihedn\/"]}]},{"@type":"ImageObject","inLanguage":"en-GB","@id":"https:\/\/ihedn.fr\/notre-actualite\/lile-de-la-reunion-accueille-la-244e-session-en-region-de-lihedn\/#primaryimage","url":"https:\/\/ihedn.fr\/wp-content\/uploads\/2025\/06\/SR-244e-Reunion-1.jpeg","contentUrl":"https:\/\/ihedn.fr\/wp-content\/uploads\/2025\/06\/SR-244e-Reunion-1.jpeg","width":1600,"height":1200,"caption":"Les auditeurs de la 244e session en r\u00e9gion de l'IHEDN \u00e0 la R\u00e9union"},{"@type":"BreadcrumbList","@id":"https:\/\/ihedn.fr\/notre-actualite\/lile-de-la-reunion-accueille-la-244e-session-en-region-de-lihedn\/#breadcrumb","itemListElement":[{"@type":"ListItem","position":1,"name":"Accueil","item":"https:\/\/ihedn.fr\/"},{"@type":"ListItem","position":2,"name":"L&rsquo;\u00eele de La R\u00e9union accueille la 244e session en r\u00e9gion de l\u2019IHEDN"}]},{"@type":"WebSite","@id":"https:\/\/ihedn.fr\/#website","url":"https:\/\/ihedn.fr\/","name":"IHEDN: Institut des hautes \u00e9tudes de d\u00e9fense nationale (Institute for Higher National Defence Studies)","description":"Official website of the IHEDN under the supervision of the Prime Minister.","publisher":{"@id":"https:\/\/ihedn.fr\/#organization"},"potentialAction":[{"@type":"SearchAction","target":{"@type":"EntryPoint","urlTemplate":"https:\/\/ihedn.fr\/?s={search_term_string}"},"query-input":{"@type":"PropertyValueSpecification","valueRequired":true,"valueName":"search_term_string"}}],"inLanguage":"en-GB"},{"@type":"Organization","@id":"https:\/\/ihedn.fr\/#organization","name":"IHEDN - Institute for Higher National Defence Studies","url":"https:\/\/ihedn.fr\/","logo":{"@type":"ImageObject","inLanguage":"en-GB","@id":"https:\/\/ihedn.fr\/#\/schema\/logo\/image\/","url":"https:\/\/ihedn.fr\/wp-content\/uploads\/2020\/11\/BLOC_RF_IHEDN_WEB.png","contentUrl":"https:\/\/ihedn.fr\/wp-content\/uploads\/2020\/11\/BLOC_RF_IHEDN_WEB.png","width":500,"height":237,"caption":"IHEDN - Institut des Hautes Etudes de D\u00e9fense Nationale"},"image":{"@id":"https:\/\/ihedn.fr\/#\/schema\/logo\/image\/"},"sameAs":["https:\/\/www.facebook.com\/ihedn\/","https:\/\/x.com\/IHEDN","https:\/\/www.instagram.com\/ihedn\/","https:\/\/www.linkedin.com\/school\/ihedn\/","https:\/\/fr.wikipedia.org\/wiki\/Institut_des_hautes_\u00e9tudes_de_D\u00e9fense_nationale"]},{"@type":"Person","@id":"https:\/\/ihedn.fr\/#\/schema\/person\/ed217a37104b27a246b200e65b827cc7","name":"tanguy.morel@ihedn.fr","image":{"@type":"ImageObject","inLanguage":"en-GB","@id":"https:\/\/secure.gravatar.com\/avatar\/36877cd30919fafddf1f9da45f4154aa468a64328452f2ceaff0968772207348?s=96&d=mm&r=g","url":"https:\/\/secure.gravatar.com\/avatar\/36877cd30919fafddf1f9da45f4154aa468a64328452f2ceaff0968772207348?s=96&d=mm&r=g","contentUrl":"https:\/\/secure.gravatar.com\/avatar\/36877cd30919fafddf1f9da45f4154aa468a64328452f2ceaff0968772207348?s=96&d=mm&r=g","caption":"tanguy.morel@ihedn.fr"},"url":"https:\/\/ihedn.fr\/en\/author\/tanguy-morelihedn-fr\/"}]}},"publishpress_future_action":{"enabled":false,"date":"2026-05-06 03:59:04","action":"change-status","newStatus":"draft","terms":[],"taxonomy":"category","extraData":[]},"publishpress_future_workflow_manual_trigger":{"enabledWorkflows":[]},"_links":{"self":[{"href":"https:\/\/ihedn.fr\/en\/wp-json\/wp\/v2\/posts\/54516","targetHints":{"allow":["GET"]}}],"collection":[{"href":"https:\/\/ihedn.fr\/en\/wp-json\/wp\/v2\/posts"}],"about":[{"href":"https:\/\/ihedn.fr\/en\/wp-json\/wp\/v2\/types\/post"}],"author":[{"embeddable":true,"href":"https:\/\/ihedn.fr\/en\/wp-json\/wp\/v2\/users\/10"}],"replies":[{"embeddable":true,"href":"https:\/\/ihedn.fr\/en\/wp-json\/wp\/v2\/comments?post=54516"}],"version-history":[{"count":5,"href":"https:\/\/ihedn.fr\/en\/wp-json\/wp\/v2\/posts\/54516\/revisions"}],"predecessor-version":[{"id":54526,"href":"https:\/\/ihedn.fr\/en\/wp-json\/wp\/v2\/posts\/54516\/revisions\/54526"}],"wp:featuredmedia":[{"embeddable":true,"href":"https:\/\/ihedn.fr\/en\/wp-json\/wp\/v2\/media\/54519"}],"wp:attachment":[{"href":"https:\/\/ihedn.fr\/en\/wp-json\/wp\/v2\/media?parent=54516"}],"wp:term":[{"taxonomy":"category","embeddable":true,"href":"https:\/\/ihedn.fr\/en\/wp-json\/wp\/v2\/categories?post=54516"},{"taxonomy":"post_tag","embeddable":true,"href":"https:\/\/ihedn.fr\/en\/wp-json\/wp\/v2\/tags?post=54516"}],"curies":[{"name":"wp","href":"https:\/\/api.w.org\/{rel}","templated":true}]}}