{"id":54554,"date":"2025-06-06T14:23:17","date_gmt":"2025-06-06T13:23:17","guid":{"rendered":"https:\/\/ihedn.fr\/?p=54554"},"modified":"2025-09-03T13:20:07","modified_gmt":"2025-09-03T12:20:07","slug":"la-defense-aerienne-francaise-80-ans-dadaptation-aux-nouveaux-defis","status":"publish","type":"post","link":"https:\/\/ihedn.fr\/en\/notre-selection\/la-defense-aerienne-francaise-80-ans-dadaptation-aux-nouveaux-defis\/","title":{"rendered":"French air defence: 80 years of adapting to new challenges"},"content":{"rendered":"<div data-elementor-type=\"wp-post\" data-elementor-id=\"54554\" class=\"elementor elementor-54554\" data-elementor-post-type=\"post\">\n\t\t\t\t<div data-particle_enable=\"false\" data-particle-mobile-disabled=\"false\" class=\"elementor-element elementor-element-230dc34 e-flex e-con-boxed e-con e-parent\" data-id=\"230dc34\" data-element_type=\"container\" data-e-type=\"container\">\n\t\t\t\t\t<div class=\"e-con-inner\">\n\t\t\t\t<div class=\"elementor-element elementor-element-9ce855c elementor-widget elementor-widget-text-editor\" data-id=\"9ce855c\" data-element_type=\"widget\" data-e-type=\"widget\" data-widget_type=\"text-editor.default\">\n\t\t\t\t<div class=\"elementor-widget-container\">\n\t\t\t\t\t\t\t\t\t<p style=\"text-align: left;\">On 20 January 1945, in a France still scarred by the fighting of the Second World War, General de Gaulle, head of the Provisional Government of the French Republic, signed the decree creating the Air Defence. This act laid the foundation stone for rebuilding sovereignty in the air, giving it a joint and interministerial dimension, under the authority of the Prime Minister. However, the means to implement it are still lacking.<\/p><p style=\"text-align: left;\">A multi-pronged effort will be undertaken to conquer the skies. Building a territorial detection network, via mobile and then fixed radar and radio capabilities, linked to each other and to the NATO network. Taking control of the skies, first with British fighter aircraft such as the Vautour, then French Mirage and American AWACS (airborne radar station systems), and finally the\u00a0<a href=\"https:\/\/ihedn.fr\/en\/notre-selection\/lepopee-du-rafale-lavion-de-combat-supreme\/\" target=\"_blank\" rel=\"noopener\">Rafale<\/a>. Building sophisticated command centres capable of preventing and managing any threat in the air. Finally, to have a strong doctrine that is both sovereign and supported by the capabilities of neighbouring countries and NATO.<\/p><p style=\"text-align: left;\">Alongside the arrival of the\u00a0<a href=\"https:\/\/ihedn.fr\/en\/notre-selection\/dissuasion-nucleaire-huit-decennies-dequilibre\/\" target=\"_blank\" rel=\"noopener\">nuclear deterrence<\/a>\u00a0With which it will coordinate its effects, air defence will ensure the protection and sovereignty of French airspace against military threats from 1945 to 2001. Perceived as a sanctuary, the skies over France were nonetheless the object of numerous \"tests\" of USSR vectors, intercepted by French fighters on our borders.<\/p>\t\t\t\t\t\t\t\t<\/div>\n\t\t\t\t<\/div>\n\t\t\t\t\t<\/div>\n\t\t\t\t<\/div>\n\t\t<div data-particle_enable=\"false\" data-particle-mobile-disabled=\"false\" class=\"elementor-element elementor-element-7bf256b e-con-full e-flex e-con e-parent\" data-id=\"7bf256b\" data-element_type=\"container\" data-e-type=\"container\">\n\t\t\t\t<div class=\"elementor-element elementor-element-618c98c elementor-widget elementor-widget-heading\" data-id=\"618c98c\" data-element_type=\"widget\" data-e-type=\"widget\" data-widget_type=\"heading.default\">\n\t\t\t\t<div class=\"elementor-widget-container\">\n\t\t\t\t\t<h2 class=\"elementor-heading-title elementor-size-default\">WHEN SOVIET PLANES SPIED ON LONG ISLAND<\/h2>\t\t\t\t<\/div>\n\t\t\t\t<\/div>\n\t\t\t\t<div class=\"elementor-element elementor-element-cbc595a elementor-widget-divider--view-line elementor-widget elementor-widget-divider\" data-id=\"cbc595a\" data-element_type=\"widget\" data-e-type=\"widget\" data-widget_type=\"divider.default\">\n\t\t\t\t<div class=\"elementor-widget-container\">\n\t\t\t\t\t\t\t<div class=\"elementor-divider\">\n\t\t\t<span class=\"elementor-divider-separator\">\n\t\t\t\t\t\t<\/span>\n\t\t<\/div>\n\t\t\t\t\t\t<\/div>\n\t\t\t\t<\/div>\n\t\t<div data-particle_enable=\"false\" data-particle-mobile-disabled=\"false\" class=\"elementor-element elementor-element-916e219 e-con-full e-flex e-con e-child\" data-id=\"916e219\" data-element_type=\"container\" data-e-type=\"container\">\n\t\t\t\t<div class=\"elementor-element elementor-element-49bebd4 elementor-widget elementor-widget-text-editor\" data-id=\"49bebd4\" data-element_type=\"widget\" data-e-type=\"widget\" data-widget_type=\"text-editor.default\">\n\t\t\t\t<div class=\"elementor-widget-container\">\n\t\t\t\t\t\t\t\t\t<p style=\"text-align: left;\">For example, in the 1980s, Soviet TU-95 Bear aircraft took off from Murmansk in north-west Russia, circled the UK and Ireland to the north and positioned themselves off \u00cele-Longue (Finist\u00e8re), to listen to and see this base of\u00a0<a href=\"https:\/\/ihedn.fr\/en\/notre-selection\/furtivite-dans-les-abysses-lepopee-des-sous-marins-francais\/\" target=\"_blank\" rel=\"noopener\">nuclear-powered ballistic missile submarines<\/a>\u00a0(SNLE). To compensate for the lack of detection by French radars, limited to 50 nautical miles from land borders, air defence mobilised Mirage F-1Cs from the 12th and 30th divisions.<sup>e\u00a0<\/sup>fighter squadrons to intercept and photograph Soviet aircraft. Cooperation with the British ally was essential: it sent out advance warning of overflights and mobilised its tanker aircraft to supply the French aircraft in flight.<\/p><p style=\"text-align: left;\">The attacks of 11 September 2001 changed the doctrine of air defence in the face of the terrorist threat. Civilian aircraft, previously of relative interest, became potential weapons of mass destruction. Major events (such as the Paris Olympic and Paralympic Games in 2024) are now protected in the air by special air security systems. Air defence must be reactive and adapted to the level of terrorist threat, hidden within the 15,000 daily overflights of national airspace.<\/p><p style=\"text-align: left;\">Flexible and agile, air defence is adjusting to current challenges, in particular the return of state conflict to Europe's doorstep. The challenge of new uses extends the historical interministerial responsibilities from the 1945 decree to drones and new means of access to airspace, such as paragliders or microlights, which can be used as weapons (Hamas paramotors crossing the border between Gaza and Israel on 7 October 2023, Ukrainian drones in the \"Spider's web\" operation on 1 October, etc.).<sup>er<\/sup> June 2025...). In addition to these uses, civil air traffic is constantly expanding. The challenge of acceleration on all fronts (communications, airborne vectors, space, etc.) requires a permanent and evolving response.<\/p>\t\t\t\t\t\t\t\t<\/div>\n\t\t\t\t<\/div>\n\t\t\t\t<\/div>\n\t\t\t\t<\/div>\n\t\t<div data-particle_enable=\"false\" data-particle-mobile-disabled=\"false\" class=\"elementor-element elementor-element-aa035fe e-con-full e-flex e-con e-parent\" data-id=\"aa035fe\" data-element_type=\"container\" data-e-type=\"container\">\n\t\t\t\t<div class=\"elementor-element elementor-element-4bfc896 elementor-widget elementor-widget-heading\" data-id=\"4bfc896\" data-element_type=\"widget\" data-e-type=\"widget\" data-widget_type=\"heading.default\">\n\t\t\t\t<div class=\"elementor-widget-container\">\n\t\t\t\t\t<h2 class=\"elementor-heading-title elementor-size-default\">SOON TO BE AIDED BY ARTIFICIAL INTELLIGENCE AND SWARMS OF DRONES?<\/h2>\t\t\t\t<\/div>\n\t\t\t\t<\/div>\n\t\t\t\t<div class=\"elementor-element elementor-element-682eb11 elementor-widget-divider--view-line elementor-widget elementor-widget-divider\" data-id=\"682eb11\" data-element_type=\"widget\" data-e-type=\"widget\" data-widget_type=\"divider.default\">\n\t\t\t\t<div class=\"elementor-widget-container\">\n\t\t\t\t\t\t\t<div class=\"elementor-divider\">\n\t\t\t<span class=\"elementor-divider-separator\">\n\t\t\t\t\t\t<\/span>\n\t\t<\/div>\n\t\t\t\t\t\t<\/div>\n\t\t\t\t<\/div>\n\t\t<div data-particle_enable=\"false\" data-particle-mobile-disabled=\"false\" class=\"elementor-element elementor-element-fe961bb e-con-full e-flex e-con e-child\" data-id=\"fe961bb\" data-element_type=\"container\" data-e-type=\"container\">\n\t\t\t\t<div class=\"elementor-element elementor-element-581058e elementor-widget elementor-widget-text-editor\" data-id=\"581058e\" data-element_type=\"widget\" data-e-type=\"widget\" data-widget_type=\"text-editor.default\">\n\t\t\t\t<div class=\"elementor-widget-container\">\n\t\t\t\t\t\t\t\t\t<p style=\"text-align: left;\">Air defence will continue to evolve and adapt. Tomorrow it could be a kind of\u00a0<em>cloud\u00a0<\/em>linked to artificial intelligence to give orders to SCAFs (future air combat systems) supported by swarms of drones. But it could also evolve in a completely different way. As the aviator and writer Antoine de Saint-Exup\u00e9ry once said, \"when it comes to the future, it's not a question of predicting it, but of making it possible\".<\/p><p style=\"text-align: left;\">Commander of Air Defence and Air Operations (CDAOA), Air Force Lieutenant General Laurent Rataud highlights the progress made since the CDAOA was set up:<\/p>\t\t\t\t\t\t\t\t<\/div>\n\t\t\t\t<\/div>\n\t\t\t\t<div class=\"elementor-element elementor-element-5306674 elementor-widget elementor-widget-text-editor\" data-id=\"5306674\" data-element_type=\"widget\" data-e-type=\"widget\" data-widget_type=\"text-editor.default\">\n\t\t\t\t<div class=\"elementor-widget-container\">\n\t\t\t\t\t\t\t\t\t<p style=\"text-align: left;\">\"For more than 80 years, air defence has ensured French sovereignty in the air. The embodiment of a highly political vision implemented by a strategy and resources that are constantly being rethought, it adapts to the challenges and issues without altering the objective of protecting the French skies, unchanged since 1945. This is a fascinating history of air defence, carried out by thousands of airmen and airwomen devoted to this mission. Long live air defence!<\/p>\t\t\t\t\t\t\t\t<\/div>\n\t\t\t\t<\/div>\n\t\t\t\t<div class=\"elementor-element elementor-element-f588bcd elementor-widget elementor-widget-text-editor\" data-id=\"f588bcd\" data-element_type=\"widget\" data-e-type=\"widget\" data-widget_type=\"text-editor.default\">\n\t\t\t\t<div class=\"elementor-widget-container\">\n\t\t\t\t\t\t\t\t\t<ul><li><div style=\"text-align: left;\"><strong>The CDAOA invites you to attend the conference on 80 years of air defence, to be held in the auditorium of the Mus\u00e9e de l'Air et de l'Espace at the Paris Air Show on 18 June from 3pm to 4.30pm. Information and registration: Commandant Guillaume Denis\u00a0<a href=\"mailto:guillaume1.denis@intradef.gouv.fr\">guillaume1.denis@intradef.gouv.fr<\/a><\/strong><\/div><\/li><\/ul>\t\t\t\t\t\t\t\t<\/div>\n\t\t\t\t<\/div>\n\t\t\t\t<div class=\"elementor-element elementor-element-51b31af elementor-widget elementor-widget-image\" data-id=\"51b31af\" data-element_type=\"widget\" data-e-type=\"widget\" data-widget_type=\"image.default\">\n\t\t\t\t<div class=\"elementor-widget-container\">\n\t\t\t\t\t\t\t\t\t\t\t\t\t\t\t<img decoding=\"async\" src=\"https:\/\/ihedn.fr\/wp-content\/uploads\/elementor\/thumbs\/flyer80ansdefenseaerienne-r6wpewa4gaxiduwpyfy7j6r3ag5nc38qb87qygd8w0.jpg\" title=\"flyer80ansdefenseaerienne\" alt=\"Flyer conf\u00e9rence des 80 ans de la d\u00e9fense a\u00e9rienne\" loading=\"lazy\" \/>\t\t\t\t\t\t\t\t\t\t\t\t\t\t\t<\/div>\n\t\t\t\t<\/div>\n\t\t\t\t<div class=\"elementor-element elementor-element-2a8410e elementor-widget elementor-widget-text-editor\" data-id=\"2a8410e\" data-element_type=\"widget\" data-e-type=\"widget\" data-widget_type=\"text-editor.default\">\n\t\t\t\t<div class=\"elementor-widget-container\">\n\t\t\t\t\t\t\t\t\t<ul><li><div style=\"text-align: left;\"><strong>You can also read an interview with Air Force General Laurent Rataud :\u00a0<a href=\"https:\/\/ihedn.fr\/en\/lundis-de-lihedn\/general-laurent-rataud-la-defense-aerienne-est-consubstantielle-de-lambition-de-souverainete\/\" target=\"_blank\" rel=\"noopener\">\"Air defence is consubstantial with the ambition of sovereignty\".<\/a><\/strong><\/div><\/li><\/ul>\t\t\t\t\t\t\t\t<\/div>\n\t\t\t\t<\/div>\n\t\t\t\t<\/div>\n\t\t\t\t<\/div>\n\t\t\t\t<\/div>","protected":false},"excerpt":{"rendered":"<p>Driven by the rise of private players and technological innovation, new space is overturning the balance of power in space. Between ambitions for sovereignty, industrial competitiveness and a still fragile legal framework, France and Europe are seeking their place in this new orbital order.<\/p>","protected":false},"author":10,"featured_media":54560,"comment_status":"closed","ping_status":"closed","sticky":false,"template":"","format":"standard","meta":{"footnotes":""},"categories":[207,41,171],"tags":[],"class_list":["post-54554","post","type-post","status-publish","format-standard","has-post-thumbnail","hentry","category-defense-militaire","category-lundis-de-lihedn","category-notre-selection"],"yoast_head":"<!-- This site is optimized with the Yoast SEO plugin v27.5 - https:\/\/yoast.com\/product\/yoast-seo-wordpress\/ -->\n<title>La d\u00e9fense a\u00e9rienne fran\u00e7aise : 80 ans d\u2019adaptation aux nouveaux d\u00e9fis - L&#039;IHEDN : Institut des hautes \u00e9tudes de d\u00e9fense nationale<\/title>\n<meta name=\"description\" content=\"Cr\u00e9\u00e9e d\u00e9but 1945, cette composante de l\u2019arm\u00e9e de l\u2019Air et de l\u2019Espace, essentielle \u00e0 la protection du pays, a une dimension interminist\u00e9rielle et interarm\u00e9es qui la place sous l\u2019autorit\u00e9 du Premier ministre. Retour sur ces d\u00e9cennies d\u2019\u00e9volution, du d\u00e9cret originel au concret d\u2019aujourd\u2019hui.\" \/>\n<meta name=\"robots\" content=\"index, follow, max-snippet:-1, max-image-preview:large, max-video-preview:-1\" \/>\n<link rel=\"canonical\" href=\"https:\/\/ihedn.fr\/en\/notre-selection\/la-defense-aerienne-francaise-80-ans-dadaptation-aux-nouveaux-defis\/\" \/>\n<meta property=\"og:locale\" content=\"en_GB\" \/>\n<meta property=\"og:type\" content=\"article\" \/>\n<meta property=\"og:title\" content=\"La d\u00e9fense a\u00e9rienne fran\u00e7aise : 80 ans d\u2019adaptation aux nouveaux d\u00e9fis\" \/>\n<meta property=\"og:description\" content=\"Cr\u00e9\u00e9e d\u00e9but 1945, cette composante de l\u2019arm\u00e9e de l\u2019Air et de l\u2019Espace, essentielle \u00e0 la protection du pays, a une dimension interminist\u00e9rielle et interarm\u00e9es qui la place sous l\u2019autorit\u00e9 du Premier ministre. Retour sur ces d\u00e9cennies d\u2019\u00e9volution, du d\u00e9cret originel au concret d\u2019aujourd\u2019hui.\" \/>\n<meta property=\"og:url\" content=\"https:\/\/ihedn.fr\/en\/notre-selection\/la-defense-aerienne-francaise-80-ans-dadaptation-aux-nouveaux-defis\/\" \/>\n<meta property=\"og:site_name\" content=\"L&#039;IHEDN : Institut des hautes \u00e9tudes de d\u00e9fense nationale\" \/>\n<meta property=\"article:publisher\" content=\"https:\/\/www.facebook.com\/ihedn\/\" \/>\n<meta property=\"article:published_time\" content=\"2025-06-06T13:23:17+00:00\" \/>\n<meta property=\"article:modified_time\" content=\"2025-09-03T12:20:07+00:00\" \/>\n<meta property=\"og:image\" content=\"https:\/\/ihedn.fr\/wp-content\/uploads\/2025\/06\/BANDEAU_LIH_9062025.jpg\" \/>\n\t<meta property=\"og:image:width\" content=\"1920\" \/>\n\t<meta property=\"og:image:height\" content=\"1080\" \/>\n\t<meta property=\"og:image:type\" content=\"image\/jpeg\" \/>\n<meta name=\"author\" content=\"tanguy.morel@ihedn.fr\" \/>\n<meta name=\"twitter:card\" content=\"summary_large_image\" \/>\n<meta name=\"twitter:title\" content=\"La d\u00e9fense a\u00e9rienne fran\u00e7aise : 80 ans d\u2019adaptation aux nouveaux d\u00e9fis\" \/>\n<meta name=\"twitter:description\" content=\"Cr\u00e9\u00e9e d\u00e9but 1945, cette composante de l\u2019arm\u00e9e de l\u2019Air et de l\u2019Espace, essentielle \u00e0 la protection du pays, a une dimension interminist\u00e9rielle et interarm\u00e9es qui la place sous l\u2019autorit\u00e9 du Premier ministre. Retour sur ces d\u00e9cennies d\u2019\u00e9volution, du d\u00e9cret originel au concret d\u2019aujourd\u2019hui.\" \/>\n<meta name=\"twitter:image\" content=\"https:\/\/ihedn.fr\/wp-content\/uploads\/2025\/06\/BANDEAU_LIH_9062025.jpg\" \/>\n<meta name=\"twitter:creator\" content=\"@IHEDN\" \/>\n<meta name=\"twitter:site\" content=\"@IHEDN\" \/>\n<meta name=\"twitter:label1\" content=\"Written by\" \/>\n\t<meta name=\"twitter:data1\" content=\"tanguy.morel@ihedn.fr\" \/>\n\t<meta name=\"twitter:label2\" content=\"Estimated reading time\" \/>\n\t<meta name=\"twitter:data2\" content=\"5 minutes\" \/>\n<script type=\"application\/ld+json\" class=\"yoast-schema-graph\">{\"@context\":\"https:\\\/\\\/schema.org\",\"@graph\":[{\"@type\":\"Article\",\"@id\":\"https:\\\/\\\/ihedn.fr\\\/notre-selection\\\/la-defense-aerienne-francaise-80-ans-dadaptation-aux-nouveaux-defis\\\/#article\",\"isPartOf\":{\"@id\":\"https:\\\/\\\/ihedn.fr\\\/notre-selection\\\/la-defense-aerienne-francaise-80-ans-dadaptation-aux-nouveaux-defis\\\/\"},\"author\":{\"name\":\"tanguy.morel@ihedn.fr\",\"@id\":\"https:\\\/\\\/ihedn.fr\\\/#\\\/schema\\\/person\\\/ed217a37104b27a246b200e65b827cc7\"},\"headline\":\"La d\u00e9fense a\u00e9rienne fran\u00e7aise : 80 ans d\u2019adaptation aux nouveaux d\u00e9fis\",\"datePublished\":\"2025-06-06T13:23:17+00:00\",\"dateModified\":\"2025-09-03T12:20:07+00:00\",\"mainEntityOfPage\":{\"@id\":\"https:\\\/\\\/ihedn.fr\\\/notre-selection\\\/la-defense-aerienne-francaise-80-ans-dadaptation-aux-nouveaux-defis\\\/\"},\"wordCount\":959,\"publisher\":{\"@id\":\"https:\\\/\\\/ihedn.fr\\\/#organization\"},\"image\":{\"@id\":\"https:\\\/\\\/ihedn.fr\\\/notre-selection\\\/la-defense-aerienne-francaise-80-ans-dadaptation-aux-nouveaux-defis\\\/#primaryimage\"},\"thumbnailUrl\":\"https:\\\/\\\/ihedn.fr\\\/wp-content\\\/uploads\\\/2025\\\/06\\\/BANDEAU_LIH_9062025.jpg\",\"articleSection\":[\"d\u00e9fense militaire\",\"Lundis de l'IHEDN\",\"Notre s\u00e9lection\"],\"inLanguage\":\"en-GB\"},{\"@type\":\"WebPage\",\"@id\":\"https:\\\/\\\/ihedn.fr\\\/notre-selection\\\/la-defense-aerienne-francaise-80-ans-dadaptation-aux-nouveaux-defis\\\/\",\"url\":\"https:\\\/\\\/ihedn.fr\\\/notre-selection\\\/la-defense-aerienne-francaise-80-ans-dadaptation-aux-nouveaux-defis\\\/\",\"name\":\"La d\u00e9fense a\u00e9rienne fran\u00e7aise : 80 ans d\u2019adaptation aux nouveaux d\u00e9fis - L&#039;IHEDN : Institut des hautes \u00e9tudes de d\u00e9fense nationale\",\"isPartOf\":{\"@id\":\"https:\\\/\\\/ihedn.fr\\\/#website\"},\"primaryImageOfPage\":{\"@id\":\"https:\\\/\\\/ihedn.fr\\\/notre-selection\\\/la-defense-aerienne-francaise-80-ans-dadaptation-aux-nouveaux-defis\\\/#primaryimage\"},\"image\":{\"@id\":\"https:\\\/\\\/ihedn.fr\\\/notre-selection\\\/la-defense-aerienne-francaise-80-ans-dadaptation-aux-nouveaux-defis\\\/#primaryimage\"},\"thumbnailUrl\":\"https:\\\/\\\/ihedn.fr\\\/wp-content\\\/uploads\\\/2025\\\/06\\\/BANDEAU_LIH_9062025.jpg\",\"datePublished\":\"2025-06-06T13:23:17+00:00\",\"dateModified\":\"2025-09-03T12:20:07+00:00\",\"description\":\"Cr\u00e9\u00e9e d\u00e9but 1945, cette composante de l\u2019arm\u00e9e de l\u2019Air et de l\u2019Espace, essentielle \u00e0 la protection du pays, a une dimension interminist\u00e9rielle et interarm\u00e9es qui la place sous l\u2019autorit\u00e9 du Premier ministre. Retour sur ces d\u00e9cennies d\u2019\u00e9volution, du d\u00e9cret originel au concret d\u2019aujourd\u2019hui.\",\"breadcrumb\":{\"@id\":\"https:\\\/\\\/ihedn.fr\\\/notre-selection\\\/la-defense-aerienne-francaise-80-ans-dadaptation-aux-nouveaux-defis\\\/#breadcrumb\"},\"inLanguage\":\"en-GB\",\"potentialAction\":[{\"@type\":\"ReadAction\",\"target\":[\"https:\\\/\\\/ihedn.fr\\\/notre-selection\\\/la-defense-aerienne-francaise-80-ans-dadaptation-aux-nouveaux-defis\\\/\"]}]},{\"@type\":\"ImageObject\",\"inLanguage\":\"en-GB\",\"@id\":\"https:\\\/\\\/ihedn.fr\\\/notre-selection\\\/la-defense-aerienne-francaise-80-ans-dadaptation-aux-nouveaux-defis\\\/#primaryimage\",\"url\":\"https:\\\/\\\/ihedn.fr\\\/wp-content\\\/uploads\\\/2025\\\/06\\\/BANDEAU_LIH_9062025.jpg\",\"contentUrl\":\"https:\\\/\\\/ihedn.fr\\\/wp-content\\\/uploads\\\/2025\\\/06\\\/BANDEAU_LIH_9062025.jpg\",\"width\":1920,\"height\":1080,\"caption\":\"Avions Mirages 2000 de l'Arm\u00e9es de l'air et de l'espace\"},{\"@type\":\"BreadcrumbList\",\"@id\":\"https:\\\/\\\/ihedn.fr\\\/notre-selection\\\/la-defense-aerienne-francaise-80-ans-dadaptation-aux-nouveaux-defis\\\/#breadcrumb\",\"itemListElement\":[{\"@type\":\"ListItem\",\"position\":1,\"name\":\"Accueil\",\"item\":\"https:\\\/\\\/ihedn.fr\\\/\"},{\"@type\":\"ListItem\",\"position\":2,\"name\":\"La d\u00e9fense a\u00e9rienne fran\u00e7aise : 80 ans d\u2019adaptation aux nouveaux d\u00e9fis\"}]},{\"@type\":\"WebSite\",\"@id\":\"https:\\\/\\\/ihedn.fr\\\/#website\",\"url\":\"https:\\\/\\\/ihedn.fr\\\/\",\"name\":\"IHEDN : Institut des hautes \u00e9tudes de d\u00e9fense nationale |\",\"description\":\"Site officiel de l&#039;IHEDN plac\u00e9 sous la tutelle du Premier ministre.\",\"publisher\":{\"@id\":\"https:\\\/\\\/ihedn.fr\\\/#organization\"},\"potentialAction\":[{\"@type\":\"SearchAction\",\"target\":{\"@type\":\"EntryPoint\",\"urlTemplate\":\"https:\\\/\\\/ihedn.fr\\\/?s={search_term_string}\"},\"query-input\":{\"@type\":\"PropertyValueSpecification\",\"valueRequired\":true,\"valueName\":\"search_term_string\"}}],\"inLanguage\":\"en-GB\"},{\"@type\":\"Organization\",\"@id\":\"https:\\\/\\\/ihedn.fr\\\/#organization\",\"name\":\"IHEDN - Institut des Hautes Etudes de D\u00e9fense Nationale\",\"url\":\"https:\\\/\\\/ihedn.fr\\\/\",\"logo\":{\"@type\":\"ImageObject\",\"inLanguage\":\"en-GB\",\"@id\":\"https:\\\/\\\/ihedn.fr\\\/#\\\/schema\\\/logo\\\/image\\\/\",\"url\":\"https:\\\/\\\/ihedn.fr\\\/wp-content\\\/uploads\\\/2020\\\/11\\\/BLOC_RF_IHEDN_WEB.png\",\"contentUrl\":\"https:\\\/\\\/ihedn.fr\\\/wp-content\\\/uploads\\\/2020\\\/11\\\/BLOC_RF_IHEDN_WEB.png\",\"width\":500,\"height\":237,\"caption\":\"IHEDN - Institut des Hautes Etudes de D\u00e9fense Nationale\"},\"image\":{\"@id\":\"https:\\\/\\\/ihedn.fr\\\/#\\\/schema\\\/logo\\\/image\\\/\"},\"sameAs\":[\"https:\\\/\\\/www.facebook.com\\\/ihedn\\\/\",\"https:\\\/\\\/x.com\\\/IHEDN\",\"https:\\\/\\\/www.instagram.com\\\/ihedn\\\/\",\"https:\\\/\\\/www.linkedin.com\\\/school\\\/ihedn\\\/\",\"https:\\\/\\\/fr.wikipedia.org\\\/wiki\\\/Institut_des_hautes_\u00e9tudes_de_D\u00e9fense_nationale\"]},{\"@type\":\"Person\",\"@id\":\"https:\\\/\\\/ihedn.fr\\\/#\\\/schema\\\/person\\\/ed217a37104b27a246b200e65b827cc7\",\"name\":\"tanguy.morel@ihedn.fr\",\"image\":{\"@type\":\"ImageObject\",\"inLanguage\":\"en-GB\",\"@id\":\"https:\\\/\\\/secure.gravatar.com\\\/avatar\\\/36877cd30919fafddf1f9da45f4154aa468a64328452f2ceaff0968772207348?s=96&d=mm&r=g\",\"url\":\"https:\\\/\\\/secure.gravatar.com\\\/avatar\\\/36877cd30919fafddf1f9da45f4154aa468a64328452f2ceaff0968772207348?s=96&d=mm&r=g\",\"contentUrl\":\"https:\\\/\\\/secure.gravatar.com\\\/avatar\\\/36877cd30919fafddf1f9da45f4154aa468a64328452f2ceaff0968772207348?s=96&d=mm&r=g\",\"caption\":\"tanguy.morel@ihedn.fr\"},\"url\":\"https:\\\/\\\/ihedn.fr\\\/en\\\/author\\\/tanguy-morelihedn-fr\\\/\"}]}<\/script>\n<!-- \/ Yoast SEO plugin. -->","yoast_head_json":{"title":"French air defence: 80 years of adaptation to new challenges - L'IHEDN : Institut des hautes \u00e9tudes de d\u00e9fense nationale","description":"Created at the beginning of 1945, this component of the Air and Space Force, essential to the protection of the country, has an interministerial and interarmy dimension that places it under the authority of the Prime Minister. A look back at decades of development, from the original decree to today's reality.","robots":{"index":"index","follow":"follow","max-snippet":"max-snippet:-1","max-image-preview":"max-image-preview:large","max-video-preview":"max-video-preview:-1"},"canonical":"https:\/\/ihedn.fr\/en\/notre-selection\/la-defense-aerienne-francaise-80-ans-dadaptation-aux-nouveaux-defis\/","og_locale":"en_GB","og_type":"article","og_title":"La d\u00e9fense a\u00e9rienne fran\u00e7aise : 80 ans d\u2019adaptation aux nouveaux d\u00e9fis","og_description":"Cr\u00e9\u00e9e d\u00e9but 1945, cette composante de l\u2019arm\u00e9e de l\u2019Air et de l\u2019Espace, essentielle \u00e0 la protection du pays, a une dimension interminist\u00e9rielle et interarm\u00e9es qui la place sous l\u2019autorit\u00e9 du Premier ministre. Retour sur ces d\u00e9cennies d\u2019\u00e9volution, du d\u00e9cret originel au concret d\u2019aujourd\u2019hui.","og_url":"https:\/\/ihedn.fr\/en\/notre-selection\/la-defense-aerienne-francaise-80-ans-dadaptation-aux-nouveaux-defis\/","og_site_name":"L&#039;IHEDN : Institut des hautes \u00e9tudes de d\u00e9fense nationale","article_publisher":"https:\/\/www.facebook.com\/ihedn\/","article_published_time":"2025-06-06T13:23:17+00:00","article_modified_time":"2025-09-03T12:20:07+00:00","og_image":[{"width":1920,"height":1080,"url":"https:\/\/ihedn.fr\/wp-content\/uploads\/2025\/06\/BANDEAU_LIH_9062025.jpg","type":"image\/jpeg"}],"author":"tanguy.morel@ihedn.fr","twitter_card":"summary_large_image","twitter_title":"La d\u00e9fense a\u00e9rienne fran\u00e7aise : 80 ans d\u2019adaptation aux nouveaux d\u00e9fis","twitter_description":"Cr\u00e9\u00e9e d\u00e9but 1945, cette composante de l\u2019arm\u00e9e de l\u2019Air et de l\u2019Espace, essentielle \u00e0 la protection du pays, a une dimension interminist\u00e9rielle et interarm\u00e9es qui la place sous l\u2019autorit\u00e9 du Premier ministre. Retour sur ces d\u00e9cennies d\u2019\u00e9volution, du d\u00e9cret originel au concret d\u2019aujourd\u2019hui.","twitter_image":"https:\/\/ihedn.fr\/wp-content\/uploads\/2025\/06\/BANDEAU_LIH_9062025.jpg","twitter_creator":"@IHEDN","twitter_site":"@IHEDN","twitter_misc":{"Written by":"tanguy.morel@ihedn.fr","Estimated reading time":"5 minutes"},"schema":{"@context":"https:\/\/schema.org","@graph":[{"@type":"Article","@id":"https:\/\/ihedn.fr\/notre-selection\/la-defense-aerienne-francaise-80-ans-dadaptation-aux-nouveaux-defis\/#article","isPartOf":{"@id":"https:\/\/ihedn.fr\/notre-selection\/la-defense-aerienne-francaise-80-ans-dadaptation-aux-nouveaux-defis\/"},"author":{"name":"tanguy.morel@ihedn.fr","@id":"https:\/\/ihedn.fr\/#\/schema\/person\/ed217a37104b27a246b200e65b827cc7"},"headline":"La d\u00e9fense a\u00e9rienne fran\u00e7aise : 80 ans d\u2019adaptation aux nouveaux d\u00e9fis","datePublished":"2025-06-06T13:23:17+00:00","dateModified":"2025-09-03T12:20:07+00:00","mainEntityOfPage":{"@id":"https:\/\/ihedn.fr\/notre-selection\/la-defense-aerienne-francaise-80-ans-dadaptation-aux-nouveaux-defis\/"},"wordCount":959,"publisher":{"@id":"https:\/\/ihedn.fr\/#organization"},"image":{"@id":"https:\/\/ihedn.fr\/notre-selection\/la-defense-aerienne-francaise-80-ans-dadaptation-aux-nouveaux-defis\/#primaryimage"},"thumbnailUrl":"https:\/\/ihedn.fr\/wp-content\/uploads\/2025\/06\/BANDEAU_LIH_9062025.jpg","articleSection":["d\u00e9fense militaire","Lundis de l'IHEDN","Notre s\u00e9lection"],"inLanguage":"en-GB"},{"@type":"WebPage","@id":"https:\/\/ihedn.fr\/notre-selection\/la-defense-aerienne-francaise-80-ans-dadaptation-aux-nouveaux-defis\/","url":"https:\/\/ihedn.fr\/notre-selection\/la-defense-aerienne-francaise-80-ans-dadaptation-aux-nouveaux-defis\/","name":"French air defence: 80 years of adaptation to new challenges - L'IHEDN : Institut des hautes \u00e9tudes de d\u00e9fense nationale","isPartOf":{"@id":"https:\/\/ihedn.fr\/#website"},"primaryImageOfPage":{"@id":"https:\/\/ihedn.fr\/notre-selection\/la-defense-aerienne-francaise-80-ans-dadaptation-aux-nouveaux-defis\/#primaryimage"},"image":{"@id":"https:\/\/ihedn.fr\/notre-selection\/la-defense-aerienne-francaise-80-ans-dadaptation-aux-nouveaux-defis\/#primaryimage"},"thumbnailUrl":"https:\/\/ihedn.fr\/wp-content\/uploads\/2025\/06\/BANDEAU_LIH_9062025.jpg","datePublished":"2025-06-06T13:23:17+00:00","dateModified":"2025-09-03T12:20:07+00:00","description":"Created at the beginning of 1945, this component of the Air and Space Force, essential to the protection of the country, has an interministerial and interarmy dimension that places it under the authority of the Prime Minister. A look back at decades of development, from the original decree to today's reality.","breadcrumb":{"@id":"https:\/\/ihedn.fr\/notre-selection\/la-defense-aerienne-francaise-80-ans-dadaptation-aux-nouveaux-defis\/#breadcrumb"},"inLanguage":"en-GB","potentialAction":[{"@type":"ReadAction","target":["https:\/\/ihedn.fr\/notre-selection\/la-defense-aerienne-francaise-80-ans-dadaptation-aux-nouveaux-defis\/"]}]},{"@type":"ImageObject","inLanguage":"en-GB","@id":"https:\/\/ihedn.fr\/notre-selection\/la-defense-aerienne-francaise-80-ans-dadaptation-aux-nouveaux-defis\/#primaryimage","url":"https:\/\/ihedn.fr\/wp-content\/uploads\/2025\/06\/BANDEAU_LIH_9062025.jpg","contentUrl":"https:\/\/ihedn.fr\/wp-content\/uploads\/2025\/06\/BANDEAU_LIH_9062025.jpg","width":1920,"height":1080,"caption":"Avions Mirages 2000 de l'Arm\u00e9es de l'air et de l'espace"},{"@type":"BreadcrumbList","@id":"https:\/\/ihedn.fr\/notre-selection\/la-defense-aerienne-francaise-80-ans-dadaptation-aux-nouveaux-defis\/#breadcrumb","itemListElement":[{"@type":"ListItem","position":1,"name":"Accueil","item":"https:\/\/ihedn.fr\/"},{"@type":"ListItem","position":2,"name":"La d\u00e9fense a\u00e9rienne fran\u00e7aise : 80 ans d\u2019adaptation aux nouveaux d\u00e9fis"}]},{"@type":"WebSite","@id":"https:\/\/ihedn.fr\/#website","url":"https:\/\/ihedn.fr\/","name":"IHEDN: Institut des hautes \u00e9tudes de d\u00e9fense nationale (Institute for Higher National Defence Studies)","description":"Official website of the IHEDN under the supervision of the Prime Minister.","publisher":{"@id":"https:\/\/ihedn.fr\/#organization"},"potentialAction":[{"@type":"SearchAction","target":{"@type":"EntryPoint","urlTemplate":"https:\/\/ihedn.fr\/?s={search_term_string}"},"query-input":{"@type":"PropertyValueSpecification","valueRequired":true,"valueName":"search_term_string"}}],"inLanguage":"en-GB"},{"@type":"Organization","@id":"https:\/\/ihedn.fr\/#organization","name":"IHEDN - Institute for Higher National Defence Studies","url":"https:\/\/ihedn.fr\/","logo":{"@type":"ImageObject","inLanguage":"en-GB","@id":"https:\/\/ihedn.fr\/#\/schema\/logo\/image\/","url":"https:\/\/ihedn.fr\/wp-content\/uploads\/2020\/11\/BLOC_RF_IHEDN_WEB.png","contentUrl":"https:\/\/ihedn.fr\/wp-content\/uploads\/2020\/11\/BLOC_RF_IHEDN_WEB.png","width":500,"height":237,"caption":"IHEDN - Institut des Hautes Etudes de D\u00e9fense Nationale"},"image":{"@id":"https:\/\/ihedn.fr\/#\/schema\/logo\/image\/"},"sameAs":["https:\/\/www.facebook.com\/ihedn\/","https:\/\/x.com\/IHEDN","https:\/\/www.instagram.com\/ihedn\/","https:\/\/www.linkedin.com\/school\/ihedn\/","https:\/\/fr.wikipedia.org\/wiki\/Institut_des_hautes_\u00e9tudes_de_D\u00e9fense_nationale"]},{"@type":"Person","@id":"https:\/\/ihedn.fr\/#\/schema\/person\/ed217a37104b27a246b200e65b827cc7","name":"tanguy.morel@ihedn.fr","image":{"@type":"ImageObject","inLanguage":"en-GB","@id":"https:\/\/secure.gravatar.com\/avatar\/36877cd30919fafddf1f9da45f4154aa468a64328452f2ceaff0968772207348?s=96&d=mm&r=g","url":"https:\/\/secure.gravatar.com\/avatar\/36877cd30919fafddf1f9da45f4154aa468a64328452f2ceaff0968772207348?s=96&d=mm&r=g","contentUrl":"https:\/\/secure.gravatar.com\/avatar\/36877cd30919fafddf1f9da45f4154aa468a64328452f2ceaff0968772207348?s=96&d=mm&r=g","caption":"tanguy.morel@ihedn.fr"},"url":"https:\/\/ihedn.fr\/en\/author\/tanguy-morelihedn-fr\/"}]}},"publishpress_future_action":{"enabled":false,"date":"2026-05-06 18:51:30","action":"change-status","newStatus":"draft","terms":[],"taxonomy":"category","extraData":[]},"publishpress_future_workflow_manual_trigger":{"enabledWorkflows":[]},"_links":{"self":[{"href":"https:\/\/ihedn.fr\/en\/wp-json\/wp\/v2\/posts\/54554","targetHints":{"allow":["GET"]}}],"collection":[{"href":"https:\/\/ihedn.fr\/en\/wp-json\/wp\/v2\/posts"}],"about":[{"href":"https:\/\/ihedn.fr\/en\/wp-json\/wp\/v2\/types\/post"}],"author":[{"embeddable":true,"href":"https:\/\/ihedn.fr\/en\/wp-json\/wp\/v2\/users\/10"}],"replies":[{"embeddable":true,"href":"https:\/\/ihedn.fr\/en\/wp-json\/wp\/v2\/comments?post=54554"}],"version-history":[{"count":5,"href":"https:\/\/ihedn.fr\/en\/wp-json\/wp\/v2\/posts\/54554\/revisions"}],"predecessor-version":[{"id":54561,"href":"https:\/\/ihedn.fr\/en\/wp-json\/wp\/v2\/posts\/54554\/revisions\/54561"}],"wp:featuredmedia":[{"embeddable":true,"href":"https:\/\/ihedn.fr\/en\/wp-json\/wp\/v2\/media\/54560"}],"wp:attachment":[{"href":"https:\/\/ihedn.fr\/en\/wp-json\/wp\/v2\/media?parent=54554"}],"wp:term":[{"taxonomy":"category","embeddable":true,"href":"https:\/\/ihedn.fr\/en\/wp-json\/wp\/v2\/categories?post=54554"},{"taxonomy":"post_tag","embeddable":true,"href":"https:\/\/ihedn.fr\/en\/wp-json\/wp\/v2\/tags?post=54554"}],"curies":[{"name":"wp","href":"https:\/\/api.w.org\/{rel}","templated":true}]}}