{"id":54642,"date":"2025-06-19T14:33:08","date_gmt":"2025-06-19T13:33:08","guid":{"rendered":"https:\/\/ihedn.fr\/?p=54642"},"modified":"2025-06-19T15:32:24","modified_gmt":"2025-06-19T14:32:24","slug":"mission-strategique-aux-emirats-arabes-unis-pour-les-auditeurs-de-lihedn","status":"publish","type":"post","link":"https:\/\/ihedn.fr\/en\/notre-actualite\/mission-strategique-aux-emirats-arabes-unis-pour-les-auditeurs-de-lihedn\/","title":{"rendered":"Strategic mission to the United Arab Emirates for IHEDN auditors"},"content":{"rendered":"<div data-elementor-type=\"wp-post\" data-elementor-id=\"54642\" class=\"elementor elementor-54642\" data-elementor-post-type=\"post\">\n\t\t\t\t<div data-particle_enable=\"false\" data-particle-mobile-disabled=\"false\" class=\"elementor-element elementor-element-af7ad1f e-flex e-con-boxed e-con e-parent\" data-id=\"af7ad1f\" data-element_type=\"container\" data-e-type=\"container\">\n\t\t\t\t\t<div class=\"e-con-inner\">\n\t\t\t\t<div class=\"elementor-element elementor-element-0a83219 elementor-widget__width-initial elementor-widget elementor-widget-text-editor\" data-id=\"0a83219\" data-element_type=\"widget\" data-e-type=\"widget\" data-widget_type=\"text-editor.default\">\n\t\t\t\t<div class=\"elementor-widget-container\">\n\t\t\t\t\t\t\t\t\t<p style=\"text-align: left;\">For their final assignment in the course, ESM auditors travelled to the United Arab Emirates for a full immersion in the geopolitical, security, economic and cultural dynamics of the region.<\/p>\t\t\t\t\t\t\t\t<\/div>\n\t\t\t\t<\/div>\n\t\t\t\t\t<\/div>\n\t\t\t\t<\/div>\n\t\t<div data-particle_enable=\"false\" data-particle-mobile-disabled=\"false\" class=\"elementor-element elementor-element-c665a92 e-flex e-con-boxed e-con e-parent\" data-id=\"c665a92\" data-element_type=\"container\" data-e-type=\"container\">\n\t\t\t\t\t<div class=\"e-con-inner\">\n\t\t\t\t<div class=\"elementor-element elementor-element-ba4cb65 elementor-widget__width-initial elementor-widget elementor-widget-text-editor\" data-id=\"ba4cb65\" data-element_type=\"widget\" data-e-type=\"widget\" data-widget_type=\"text-editor.default\">\n\t\t\t\t<div class=\"elementor-widget-container\">\n\t\t\t\t\t\t\t\t\t<p style=\"text-align: left;\">The programme began with a series of high-level exchanges, notably at the Anwar Gargash Diplomatic Academy, where Dr Narayanappa Janardhan, Director of Research, offered an in-depth analysis of the geopolitical balances in the Middle East and the Indian Ocean. The auditors were also welcomed at the National Defence College, where they were able to discover the specificities of the Emirati curriculum and share their experience at the IHEDN.<\/p>\t\t\t\t\t\t\t\t<\/div>\n\t\t\t\t<\/div>\n\t\t\t\t<div class=\"elementor-element elementor-element-d5a7955 elementor-widget__width-initial elementor-widget-mobile__width-initial elementor-widget elementor-widget-image\" data-id=\"d5a7955\" data-element_type=\"widget\" data-e-type=\"widget\" data-widget_type=\"image.default\">\n\t\t\t\t<div class=\"elementor-widget-container\">\n\t\t\t\t\t\t\t\t\t\t\t\t<figure class=\"wp-caption\">\n\t\t\t\t\t\t\t\t\t\t<img fetchpriority=\"high\" decoding=\"async\" width=\"1920\" height=\"1280\" src=\"https:\/\/ihedn.fr\/wp-content\/uploads\/2025\/06\/IMG_1412.jpg\" class=\"attachment-full size-full wp-image-54644\" alt=\"La majeure ESM en compagnie du Dr Narayanappa Janardhan \u00e0 l\u2019Acad\u00e9mie Diplomatique Anouar Gargash\" srcset=\"https:\/\/ihedn.fr\/wp-content\/uploads\/2025\/06\/IMG_1412.jpg 1920w, https:\/\/ihedn.fr\/wp-content\/uploads\/2025\/06\/IMG_1412-1536x1024.jpg 1536w, https:\/\/ihedn.fr\/wp-content\/uploads\/2025\/06\/IMG_1412-18x12.jpg 18w\" sizes=\"(max-width: 1920px) 100vw, 1920px\" \/>\t\t\t\t\t\t\t\t\t\t\t<figcaption class=\"widget-image-caption wp-caption-text\">The ESM major with Dr Narayanappa Janardhan at the Anouar Gargash Diplomatic Academy<\/figcaption>\n\t\t\t\t\t\t\t\t\t\t<\/figure>\n\t\t\t\t\t\t\t\t\t<\/div>\n\t\t\t\t<\/div>\n\t\t\t\t\t<\/div>\n\t\t\t\t<\/div>\n\t\t<div data-particle_enable=\"false\" data-particle-mobile-disabled=\"false\" class=\"elementor-element elementor-element-56dd672 e-flex e-con-boxed e-con e-parent\" data-id=\"56dd672\" data-element_type=\"container\" data-e-type=\"container\">\n\t\t\t\t\t<div class=\"e-con-inner\">\n\t\t\t\t<div class=\"elementor-element elementor-element-c76101f elementor-widget__width-initial elementor-widget elementor-widget-text-editor\" data-id=\"c76101f\" data-element_type=\"widget\" data-e-type=\"widget\" data-widget_type=\"text-editor.default\">\n\t\t\t\t<div class=\"elementor-widget-container\">\n\t\t\t\t\t\t\t\t\t<p style=\"text-align: left;\">To gain a better understanding of France's strategic posture in the region, they met advisers from the French embassy and visited two of the French military bases located in the Emirates. At the naval base, they were able to talk to members of the staff of the Indian Ocean maritime zone as well as soldiers from the 5e r\u00e9giment de cuirassiers. The visit continued at the 104 Al Dhafra air base, where there were fruitful discussions with the commander and staff.<\/p>\t\t\t\t\t\t\t\t<\/div>\n\t\t\t\t<\/div>\n\t\t\t\t\t<\/div>\n\t\t\t\t<\/div>\n\t\t<div data-particle_enable=\"false\" data-particle-mobile-disabled=\"false\" class=\"elementor-element elementor-element-f4488a1 e-flex e-con-boxed e-con e-parent\" data-id=\"f4488a1\" data-element_type=\"container\" data-e-type=\"container\">\n\t\t\t\t\t<div class=\"e-con-inner\">\n\t\t\t\t<div class=\"elementor-element elementor-element-df31259 elementor-widget elementor-widget-image\" data-id=\"df31259\" data-element_type=\"widget\" data-e-type=\"widget\" data-widget_type=\"image.default\">\n\t\t\t\t<div class=\"elementor-widget-container\">\n\t\t\t\t\t\t\t\t\t\t\t\t<figure class=\"wp-caption\">\n\t\t\t\t\t\t\t\t\t\t<img decoding=\"async\" width=\"1920\" height=\"1280\" src=\"https:\/\/ihedn.fr\/wp-content\/uploads\/2025\/06\/250611_Visite_IHEDN-1.jpg\" class=\"attachment-full size-full wp-image-54646\" alt=\"Accueil de la d\u00e9l\u00e9gation sur la BA 104\" srcset=\"https:\/\/ihedn.fr\/wp-content\/uploads\/2025\/06\/250611_Visite_IHEDN-1.jpg 1920w, https:\/\/ihedn.fr\/wp-content\/uploads\/2025\/06\/250611_Visite_IHEDN-1-1536x1024.jpg 1536w, https:\/\/ihedn.fr\/wp-content\/uploads\/2025\/06\/250611_Visite_IHEDN-1-18x12.jpg 18w\" sizes=\"(max-width: 1920px) 100vw, 1920px\" \/>\t\t\t\t\t\t\t\t\t\t\t<figcaption class=\"widget-image-caption wp-caption-text\">Welcoming the delegation to BA 104<\/figcaption>\n\t\t\t\t\t\t\t\t\t\t<\/figure>\n\t\t\t\t\t\t\t\t\t<\/div>\n\t\t\t\t<\/div>\n\t\t\t\t<div class=\"elementor-element elementor-element-65a8238 elementor-widget elementor-widget-image\" data-id=\"65a8238\" data-element_type=\"widget\" data-e-type=\"widget\" data-widget_type=\"image.default\">\n\t\t\t\t<div class=\"elementor-widget-container\">\n\t\t\t\t\t\t\t\t\t\t\t\t<figure class=\"wp-caption\">\n\t\t\t\t\t\t\t\t\t\t<img decoding=\"async\" width=\"1920\" height=\"1280\" src=\"https:\/\/ihedn.fr\/wp-content\/uploads\/2025\/06\/250611_Visite_IHEDN-11.jpg\" class=\"attachment-full size-full wp-image-54645\" alt=\"Visite de la BA 104\" srcset=\"https:\/\/ihedn.fr\/wp-content\/uploads\/2025\/06\/250611_Visite_IHEDN-11.jpg 1920w, https:\/\/ihedn.fr\/wp-content\/uploads\/2025\/06\/250611_Visite_IHEDN-11-1536x1024.jpg 1536w, https:\/\/ihedn.fr\/wp-content\/uploads\/2025\/06\/250611_Visite_IHEDN-11-18x12.jpg 18w\" sizes=\"(max-width: 1920px) 100vw, 1920px\" \/>\t\t\t\t\t\t\t\t\t\t\t<figcaption class=\"widget-image-caption wp-caption-text\">Visit to BA 104<\/figcaption>\n\t\t\t\t\t\t\t\t\t\t<\/figure>\n\t\t\t\t\t\t\t\t\t<\/div>\n\t\t\t\t<\/div>\n\t\t\t\t\t<\/div>\n\t\t\t\t<\/div>\n\t\t<div data-particle_enable=\"false\" data-particle-mobile-disabled=\"false\" class=\"elementor-element elementor-element-05fa22c e-flex e-con-boxed e-con e-parent\" data-id=\"05fa22c\" data-element_type=\"container\" data-e-type=\"container\">\n\t\t\t\t\t<div class=\"e-con-inner\">\n\t\t\t\t<div class=\"elementor-element elementor-element-a9e2ca5 elementor-widget__width-initial elementor-widget elementor-widget-text-editor\" data-id=\"a9e2ca5\" data-element_type=\"widget\" data-e-type=\"widget\" data-widget_type=\"text-editor.default\">\n\t\t\t\t<div class=\"elementor-widget-container\">\n\t\t\t\t\t\t\t\t\t<p style=\"text-align: left;\">The economic dimension was addressed during a visit to Orbitworks, a Franco-Emirati company specialising in satellite technology, followed by a round-table discussion at the French residence with representatives of French companies operating locally.<\/p>\t\t\t\t\t\t\t\t<\/div>\n\t\t\t\t<\/div>\n\t\t\t\t\t<\/div>\n\t\t\t\t<\/div>\n\t\t<div data-particle_enable=\"false\" data-particle-mobile-disabled=\"false\" class=\"elementor-element elementor-element-55dc909 e-flex e-con-boxed e-con e-parent\" data-id=\"55dc909\" data-element_type=\"container\" data-e-type=\"container\">\n\t\t\t\t\t<div class=\"e-con-inner\">\n\t\t\t\t<div class=\"elementor-element elementor-element-5c65a50 elementor-widget__width-initial elementor-widget elementor-widget-text-editor\" data-id=\"5c65a50\" data-element_type=\"widget\" data-e-type=\"widget\" data-widget_type=\"text-editor.default\">\n\t\t\t\t<div class=\"elementor-widget-container\">\n\t\t\t\t\t\t\t\t\t<p style=\"text-align: left;\">On the cultural side, the auditors were welcomed at the Sorbonne Abu Dhabi for several round tables led by professors Yann Rodier, Derek Elzein and Kosmas Pavlopoulos, on maritime issues in the Emirati context. The mission concluded with a visit to the Louvre Abu Dhabi - a powerful symbol of Franco-Emirati cultural cooperation - and the Abrahamic House, an emblematic site of inter-religious dialogue. Professor William Gu\u00e9raiche shared his thoughts on the contemporary challenges of living together. A visit to the Sheikh Zayed mosque rounded off this rich programme.<\/p>\t\t\t\t\t\t\t\t<\/div>\n\t\t\t\t<\/div>\n\t\t\t\t<div class=\"elementor-element elementor-element-39c4ac9 elementor-widget elementor-widget-image\" data-id=\"39c4ac9\" data-element_type=\"widget\" data-e-type=\"widget\" data-widget_type=\"image.default\">\n\t\t\t\t<div class=\"elementor-widget-container\">\n\t\t\t\t\t\t\t\t\t\t\t\t<figure class=\"wp-caption\">\n\t\t\t\t\t\t\t\t\t\t<img loading=\"lazy\" decoding=\"async\" width=\"1920\" height=\"1280\" src=\"https:\/\/ihedn.fr\/wp-content\/uploads\/2025\/06\/IMG_1405.jpg\" class=\"attachment-full size-full wp-image-54648\" alt=\"\u00c9changes avec la chanceli\u00e8re de la Sorbonne Abu Dhabi\" srcset=\"https:\/\/ihedn.fr\/wp-content\/uploads\/2025\/06\/IMG_1405.jpg 1920w, https:\/\/ihedn.fr\/wp-content\/uploads\/2025\/06\/IMG_1405-1536x1024.jpg 1536w, https:\/\/ihedn.fr\/wp-content\/uploads\/2025\/06\/IMG_1405-18x12.jpg 18w\" sizes=\"(max-width: 1920px) 100vw, 1920px\" \/>\t\t\t\t\t\t\t\t\t\t\t<figcaption class=\"widget-image-caption wp-caption-text\">Exchanges with the Chancellor of the Sorbonne Abu Dhabi<\/figcaption>\n\t\t\t\t\t\t\t\t\t\t<\/figure>\n\t\t\t\t\t\t\t\t\t<\/div>\n\t\t\t\t<\/div>\n\t\t\t\t\t<\/div>\n\t\t\t\t<\/div>\n\t\t<div data-particle_enable=\"false\" data-particle-mobile-disabled=\"false\" class=\"elementor-element elementor-element-5b58e3e e-flex e-con-boxed e-con e-parent\" data-id=\"5b58e3e\" data-element_type=\"container\" data-e-type=\"container\">\n\t\t\t\t\t<div class=\"e-con-inner\">\n\t\t\t\t<div class=\"elementor-element elementor-element-bc1344f elementor-widget elementor-widget-gallery\" data-id=\"bc1344f\" data-element_type=\"widget\" data-e-type=\"widget\" data-settings=\"{&quot;gallery_layout&quot;:&quot;masonry&quot;,&quot;columns&quot;:2,&quot;gap&quot;:{&quot;unit&quot;:&quot;px&quot;,&quot;size&quot;:40,&quot;sizes&quot;:[]},&quot;lazyload&quot;:&quot;yes&quot;,&quot;columns_tablet&quot;:2,&quot;columns_mobile&quot;:1,&quot;gap_tablet&quot;:{&quot;unit&quot;:&quot;px&quot;,&quot;size&quot;:10,&quot;sizes&quot;:[]},&quot;gap_mobile&quot;:{&quot;unit&quot;:&quot;px&quot;,&quot;size&quot;:10,&quot;sizes&quot;:[]},&quot;link_to&quot;:&quot;file&quot;,&quot;overlay_background&quot;:&quot;yes&quot;,&quot;content_hover_animation&quot;:&quot;fade-in&quot;}\" data-widget_type=\"gallery.default\">\n\t\t\t\t<div class=\"elementor-widget-container\">\n\t\t\t\t\t\t\t<div class=\"elementor-gallery__container\">\n\t\t\t\t\t\t\t<a class=\"e-gallery-item elementor-gallery-item elementor-animated-content\" href=\"https:\/\/ihedn.fr\/wp-content\/uploads\/2025\/06\/IMG_1430.jpg\" data-elementor-open-lightbox=\"yes\" data-elementor-lightbox-slideshow=\"bc1344f\" data-e-action-hash=\"#elementor-action%3Aaction%3Dlightbox%26settings%3DeyJpZCI6NTQ2NDksInVybCI6Imh0dHBzOlwvXC9paGVkbi5mclwvd3AtY29udGVudFwvdXBsb2Fkc1wvMjAyNVwvMDZcL0lNR18xNDMwLmpwZyIsInNsaWRlc2hvdyI6ImJjMTM0NGYifQ%3D%3D\">\n\t\t\t\t\t<div class=\"e-gallery-image elementor-gallery-item__image\" data-thumbnail=\"https:\/\/ihedn.fr\/wp-content\/uploads\/2025\/06\/IMG_1430.jpg\" data-width=\"1920\" data-height=\"1280\" aria-label=\"\" role=\"img\" ><\/div>\n\t\t\t\t\t\t\t\t\t\t\t<div class=\"elementor-gallery-item__overlay\"><\/div>\n\t\t\t\t\t\t\t\t\t\t\t\t\t\t<\/a>\n\t\t\t\t\t\t\t<a class=\"e-gallery-item elementor-gallery-item elementor-animated-content\" href=\"https:\/\/ihedn.fr\/wp-content\/uploads\/2025\/06\/IMG_1447.jpg\" data-elementor-open-lightbox=\"yes\" data-elementor-lightbox-slideshow=\"bc1344f\" data-e-action-hash=\"#elementor-action%3Aaction%3Dlightbox%26settings%3DeyJpZCI6NTQ2NTAsInVybCI6Imh0dHBzOlwvXC9paGVkbi5mclwvd3AtY29udGVudFwvdXBsb2Fkc1wvMjAyNVwvMDZcL0lNR18xNDQ3LmpwZyIsInNsaWRlc2hvdyI6ImJjMTM0NGYifQ%3D%3D\">\n\t\t\t\t\t<div class=\"e-gallery-image elementor-gallery-item__image\" data-thumbnail=\"https:\/\/ihedn.fr\/wp-content\/uploads\/2025\/06\/IMG_1447.jpg\" data-width=\"1920\" data-height=\"1280\" aria-label=\"\" role=\"img\" ><\/div>\n\t\t\t\t\t\t\t\t\t\t\t<div class=\"elementor-gallery-item__overlay\"><\/div>\n\t\t\t\t\t\t\t\t\t\t\t\t\t\t<\/a>\n\t\t\t\t\t\t\t<a class=\"e-gallery-item elementor-gallery-item elementor-animated-content\" href=\"https:\/\/ihedn.fr\/wp-content\/uploads\/2025\/06\/IMG_1455.jpg\" data-elementor-open-lightbox=\"yes\" data-elementor-lightbox-slideshow=\"bc1344f\" data-e-action-hash=\"#elementor-action%3Aaction%3Dlightbox%26settings%3DeyJpZCI6NTQ2NTEsInVybCI6Imh0dHBzOlwvXC9paGVkbi5mclwvd3AtY29udGVudFwvdXBsb2Fkc1wvMjAyNVwvMDZcL0lNR18xNDU1LmpwZyIsInNsaWRlc2hvdyI6ImJjMTM0NGYifQ%3D%3D\">\n\t\t\t\t\t<div class=\"e-gallery-image elementor-gallery-item__image\" data-thumbnail=\"https:\/\/ihedn.fr\/wp-content\/uploads\/2025\/06\/IMG_1455.jpg\" data-width=\"1920\" data-height=\"1280\" aria-label=\"\" role=\"img\" ><\/div>\n\t\t\t\t\t\t\t\t\t\t\t<div class=\"elementor-gallery-item__overlay\"><\/div>\n\t\t\t\t\t\t\t\t\t\t\t\t\t\t<\/a>\n\t\t\t\t\t\t\t<a class=\"e-gallery-item elementor-gallery-item elementor-animated-content\" href=\"https:\/\/ihedn.fr\/wp-content\/uploads\/2025\/06\/IMG_1419.jpg\" data-elementor-open-lightbox=\"yes\" data-elementor-lightbox-slideshow=\"bc1344f\" data-e-action-hash=\"#elementor-action%3Aaction%3Dlightbox%26settings%3DeyJpZCI6NTQ2NTIsInVybCI6Imh0dHBzOlwvXC9paGVkbi5mclwvd3AtY29udGVudFwvdXBsb2Fkc1wvMjAyNVwvMDZcL0lNR18xNDE5LmpwZyIsInNsaWRlc2hvdyI6ImJjMTM0NGYifQ%3D%3D\">\n\t\t\t\t\t<div class=\"e-gallery-image elementor-gallery-item__image\" data-thumbnail=\"https:\/\/ihedn.fr\/wp-content\/uploads\/2025\/06\/IMG_1419.jpg\" data-width=\"1920\" data-height=\"1280\" aria-label=\"\" role=\"img\" ><\/div>\n\t\t\t\t\t\t\t\t\t\t\t<div class=\"elementor-gallery-item__overlay\"><\/div>\n\t\t\t\t\t\t\t\t\t\t\t\t\t\t<\/a>\n\t\t\t\t\t<\/div>\n\t\t\t\t\t<\/div>\n\t\t\t\t<\/div>\n\t\t\t\t\t<\/div>\n\t\t\t\t<\/div>\n\t\t\t\t<\/div>","protected":false},"excerpt":{"rendered":"<p>Bilateral meetings, geostrategic issues, cultural cooperation: the students in the \"Maritime Issues and Strategies\" major at the IHEDN national session ended their training with a four-day study visit to the United Arab Emirates.<\/p>","protected":false},"author":10,"featured_media":54647,"comment_status":"closed","ping_status":"closed","sticky":false,"template":"","format":"standard","meta":{"footnotes":""},"categories":[172],"tags":[],"class_list":["post-54642","post","type-post","status-publish","format-standard","has-post-thumbnail","hentry","category-notre-actualite"],"yoast_head":"<!-- This site is optimized with the Yoast SEO plugin v27.5 - https:\/\/yoast.com\/product\/yoast-seo-wordpress\/ -->\n<title>Mission strat\u00e9gique aux \u00c9mirats arabes unis pour les auditeurs de l\u2019IHEDN - L&#039;IHEDN : Institut des hautes \u00e9tudes de d\u00e9fense nationale<\/title>\n<meta name=\"description\" content=\"Rencontres bilat\u00e9rales, enjeux g\u00e9ostrat\u00e9giques, coop\u00e9ration culturelle : les auditeurs de la majeure \u00ab Enjeux et strat\u00e9gies maritimes \u00bb de la session nationale de l\u2019IHEDN ont cl\u00f4tur\u00e9 leur formation par une mission d\u2019\u00e9tude de quatre jours aux \u00c9mirats arabes unis.\" \/>\n<meta name=\"robots\" content=\"index, follow, max-snippet:-1, max-image-preview:large, max-video-preview:-1\" \/>\n<link rel=\"canonical\" href=\"https:\/\/ihedn.fr\/en\/notre-actualite\/mission-strategique-aux-emirats-arabes-unis-pour-les-auditeurs-de-lihedn\/\" \/>\n<meta property=\"og:locale\" content=\"en_GB\" \/>\n<meta property=\"og:type\" content=\"article\" \/>\n<meta property=\"og:title\" content=\"Mission strat\u00e9gique aux \u00c9mirats arabes unis pour les auditeurs de l\u2019IHEDN - L&#039;IHEDN : Institut des hautes \u00e9tudes de d\u00e9fense nationale\" \/>\n<meta property=\"og:description\" content=\"Rencontres bilat\u00e9rales, enjeux g\u00e9ostrat\u00e9giques, coop\u00e9ration culturelle : les auditeurs de la majeure \u00ab Enjeux et strat\u00e9gies maritimes \u00bb de la session nationale de l\u2019IHEDN ont cl\u00f4tur\u00e9 leur formation par une mission d\u2019\u00e9tude de quatre jours aux \u00c9mirats arabes unis.\" \/>\n<meta property=\"og:url\" content=\"https:\/\/ihedn.fr\/en\/notre-actualite\/mission-strategique-aux-emirats-arabes-unis-pour-les-auditeurs-de-lihedn\/\" \/>\n<meta property=\"og:site_name\" content=\"L&#039;IHEDN : Institut des hautes \u00e9tudes de d\u00e9fense nationale\" \/>\n<meta property=\"article:publisher\" content=\"https:\/\/www.facebook.com\/ihedn\/\" \/>\n<meta property=\"article:published_time\" content=\"2025-06-19T13:33:08+00:00\" \/>\n<meta property=\"article:modified_time\" content=\"2025-06-19T14:32:24+00:00\" \/>\n<meta property=\"og:image\" content=\"https:\/\/ihedn.fr\/wp-content\/uploads\/2025\/06\/IMG_1417.jpg\" \/>\n\t<meta property=\"og:image:width\" content=\"1920\" \/>\n\t<meta property=\"og:image:height\" content=\"1280\" \/>\n\t<meta property=\"og:image:type\" content=\"image\/jpeg\" \/>\n<meta name=\"author\" content=\"tanguy.morel@ihedn.fr\" \/>\n<meta name=\"twitter:card\" content=\"summary_large_image\" \/>\n<meta name=\"twitter:title\" content=\"Mission strat\u00e9gique aux \u00c9mirats arabes unis pour les auditeurs de l\u2019IHEDN - L&#039;IHEDN : Institut des hautes \u00e9tudes de d\u00e9fense nationale\" \/>\n<meta name=\"twitter:description\" content=\"Rencontres bilat\u00e9rales, enjeux g\u00e9ostrat\u00e9giques, coop\u00e9ration culturelle : les auditeurs de la majeure \u00ab Enjeux et strat\u00e9gies maritimes \u00bb de la session nationale de l\u2019IHEDN ont cl\u00f4tur\u00e9 leur formation par une mission d\u2019\u00e9tude de quatre jours aux \u00c9mirats arabes unis.\" \/>\n<meta name=\"twitter:image\" content=\"https:\/\/ihedn.fr\/wp-content\/uploads\/2025\/06\/IMG_1417.jpg\" \/>\n<meta name=\"twitter:creator\" content=\"@IHEDN\" \/>\n<meta name=\"twitter:site\" content=\"@IHEDN\" \/>\n<meta name=\"twitter:label1\" content=\"Written by\" \/>\n\t<meta name=\"twitter:data1\" content=\"tanguy.morel@ihedn.fr\" \/>\n\t<meta name=\"twitter:label2\" content=\"Estimated reading time\" \/>\n\t<meta name=\"twitter:data2\" content=\"3 minutes\" \/>\n<script type=\"application\/ld+json\" class=\"yoast-schema-graph\">{\"@context\":\"https:\\\/\\\/schema.org\",\"@graph\":[{\"@type\":\"Article\",\"@id\":\"https:\\\/\\\/ihedn.fr\\\/notre-actualite\\\/mission-strategique-aux-emirats-arabes-unis-pour-les-auditeurs-de-lihedn\\\/#article\",\"isPartOf\":{\"@id\":\"https:\\\/\\\/ihedn.fr\\\/notre-actualite\\\/mission-strategique-aux-emirats-arabes-unis-pour-les-auditeurs-de-lihedn\\\/\"},\"author\":{\"name\":\"tanguy.morel@ihedn.fr\",\"@id\":\"https:\\\/\\\/ihedn.fr\\\/#\\\/schema\\\/person\\\/ed217a37104b27a246b200e65b827cc7\"},\"headline\":\"Mission strat\u00e9gique aux \u00c9mirats arabes unis pour les auditeurs de l\u2019IHEDN\",\"datePublished\":\"2025-06-19T13:33:08+00:00\",\"dateModified\":\"2025-06-19T14:32:24+00:00\",\"mainEntityOfPage\":{\"@id\":\"https:\\\/\\\/ihedn.fr\\\/notre-actualite\\\/mission-strategique-aux-emirats-arabes-unis-pour-les-auditeurs-de-lihedn\\\/\"},\"wordCount\":413,\"publisher\":{\"@id\":\"https:\\\/\\\/ihedn.fr\\\/#organization\"},\"image\":{\"@id\":\"https:\\\/\\\/ihedn.fr\\\/notre-actualite\\\/mission-strategique-aux-emirats-arabes-unis-pour-les-auditeurs-de-lihedn\\\/#primaryimage\"},\"thumbnailUrl\":\"https:\\\/\\\/ihedn.fr\\\/wp-content\\\/uploads\\\/2025\\\/06\\\/IMG_1417.jpg\",\"articleSection\":[\"Notre actualit\u00e9\"],\"inLanguage\":\"en-GB\"},{\"@type\":\"WebPage\",\"@id\":\"https:\\\/\\\/ihedn.fr\\\/notre-actualite\\\/mission-strategique-aux-emirats-arabes-unis-pour-les-auditeurs-de-lihedn\\\/\",\"url\":\"https:\\\/\\\/ihedn.fr\\\/notre-actualite\\\/mission-strategique-aux-emirats-arabes-unis-pour-les-auditeurs-de-lihedn\\\/\",\"name\":\"Mission strat\u00e9gique aux \u00c9mirats arabes unis pour les auditeurs de l\u2019IHEDN - L&#039;IHEDN : Institut des hautes \u00e9tudes de d\u00e9fense nationale\",\"isPartOf\":{\"@id\":\"https:\\\/\\\/ihedn.fr\\\/#website\"},\"primaryImageOfPage\":{\"@id\":\"https:\\\/\\\/ihedn.fr\\\/notre-actualite\\\/mission-strategique-aux-emirats-arabes-unis-pour-les-auditeurs-de-lihedn\\\/#primaryimage\"},\"image\":{\"@id\":\"https:\\\/\\\/ihedn.fr\\\/notre-actualite\\\/mission-strategique-aux-emirats-arabes-unis-pour-les-auditeurs-de-lihedn\\\/#primaryimage\"},\"thumbnailUrl\":\"https:\\\/\\\/ihedn.fr\\\/wp-content\\\/uploads\\\/2025\\\/06\\\/IMG_1417.jpg\",\"datePublished\":\"2025-06-19T13:33:08+00:00\",\"dateModified\":\"2025-06-19T14:32:24+00:00\",\"description\":\"Rencontres bilat\u00e9rales, enjeux g\u00e9ostrat\u00e9giques, coop\u00e9ration culturelle : les auditeurs de la majeure \u00ab Enjeux et strat\u00e9gies maritimes \u00bb de la session nationale de l\u2019IHEDN ont cl\u00f4tur\u00e9 leur formation par une mission d\u2019\u00e9tude de quatre jours aux \u00c9mirats arabes unis.\",\"breadcrumb\":{\"@id\":\"https:\\\/\\\/ihedn.fr\\\/notre-actualite\\\/mission-strategique-aux-emirats-arabes-unis-pour-les-auditeurs-de-lihedn\\\/#breadcrumb\"},\"inLanguage\":\"en-GB\",\"potentialAction\":[{\"@type\":\"ReadAction\",\"target\":[\"https:\\\/\\\/ihedn.fr\\\/notre-actualite\\\/mission-strategique-aux-emirats-arabes-unis-pour-les-auditeurs-de-lihedn\\\/\"]}]},{\"@type\":\"ImageObject\",\"inLanguage\":\"en-GB\",\"@id\":\"https:\\\/\\\/ihedn.fr\\\/notre-actualite\\\/mission-strategique-aux-emirats-arabes-unis-pour-les-auditeurs-de-lihedn\\\/#primaryimage\",\"url\":\"https:\\\/\\\/ihedn.fr\\\/wp-content\\\/uploads\\\/2025\\\/06\\\/IMG_1417.jpg\",\"contentUrl\":\"https:\\\/\\\/ihedn.fr\\\/wp-content\\\/uploads\\\/2025\\\/06\\\/IMG_1417.jpg\",\"width\":1920,\"height\":1280,\"caption\":\"Sur la base navale, ou Camp de la Paix\"},{\"@type\":\"BreadcrumbList\",\"@id\":\"https:\\\/\\\/ihedn.fr\\\/notre-actualite\\\/mission-strategique-aux-emirats-arabes-unis-pour-les-auditeurs-de-lihedn\\\/#breadcrumb\",\"itemListElement\":[{\"@type\":\"ListItem\",\"position\":1,\"name\":\"Accueil\",\"item\":\"https:\\\/\\\/ihedn.fr\\\/\"},{\"@type\":\"ListItem\",\"position\":2,\"name\":\"Mission strat\u00e9gique aux \u00c9mirats arabes unis pour les auditeurs de l\u2019IHEDN\"}]},{\"@type\":\"WebSite\",\"@id\":\"https:\\\/\\\/ihedn.fr\\\/#website\",\"url\":\"https:\\\/\\\/ihedn.fr\\\/\",\"name\":\"IHEDN : Institut des hautes \u00e9tudes de d\u00e9fense nationale |\",\"description\":\"Site officiel de l&#039;IHEDN plac\u00e9 sous la tutelle du Premier ministre.\",\"publisher\":{\"@id\":\"https:\\\/\\\/ihedn.fr\\\/#organization\"},\"potentialAction\":[{\"@type\":\"SearchAction\",\"target\":{\"@type\":\"EntryPoint\",\"urlTemplate\":\"https:\\\/\\\/ihedn.fr\\\/?s={search_term_string}\"},\"query-input\":{\"@type\":\"PropertyValueSpecification\",\"valueRequired\":true,\"valueName\":\"search_term_string\"}}],\"inLanguage\":\"en-GB\"},{\"@type\":\"Organization\",\"@id\":\"https:\\\/\\\/ihedn.fr\\\/#organization\",\"name\":\"IHEDN - Institut des Hautes Etudes de D\u00e9fense Nationale\",\"url\":\"https:\\\/\\\/ihedn.fr\\\/\",\"logo\":{\"@type\":\"ImageObject\",\"inLanguage\":\"en-GB\",\"@id\":\"https:\\\/\\\/ihedn.fr\\\/#\\\/schema\\\/logo\\\/image\\\/\",\"url\":\"https:\\\/\\\/ihedn.fr\\\/wp-content\\\/uploads\\\/2020\\\/11\\\/BLOC_RF_IHEDN_WEB.png\",\"contentUrl\":\"https:\\\/\\\/ihedn.fr\\\/wp-content\\\/uploads\\\/2020\\\/11\\\/BLOC_RF_IHEDN_WEB.png\",\"width\":500,\"height\":237,\"caption\":\"IHEDN - Institut des Hautes Etudes de D\u00e9fense Nationale\"},\"image\":{\"@id\":\"https:\\\/\\\/ihedn.fr\\\/#\\\/schema\\\/logo\\\/image\\\/\"},\"sameAs\":[\"https:\\\/\\\/www.facebook.com\\\/ihedn\\\/\",\"https:\\\/\\\/x.com\\\/IHEDN\",\"https:\\\/\\\/www.instagram.com\\\/ihedn\\\/\",\"https:\\\/\\\/www.linkedin.com\\\/school\\\/ihedn\\\/\",\"https:\\\/\\\/fr.wikipedia.org\\\/wiki\\\/Institut_des_hautes_\u00e9tudes_de_D\u00e9fense_nationale\"]},{\"@type\":\"Person\",\"@id\":\"https:\\\/\\\/ihedn.fr\\\/#\\\/schema\\\/person\\\/ed217a37104b27a246b200e65b827cc7\",\"name\":\"tanguy.morel@ihedn.fr\",\"image\":{\"@type\":\"ImageObject\",\"inLanguage\":\"en-GB\",\"@id\":\"https:\\\/\\\/secure.gravatar.com\\\/avatar\\\/36877cd30919fafddf1f9da45f4154aa468a64328452f2ceaff0968772207348?s=96&d=mm&r=g\",\"url\":\"https:\\\/\\\/secure.gravatar.com\\\/avatar\\\/36877cd30919fafddf1f9da45f4154aa468a64328452f2ceaff0968772207348?s=96&d=mm&r=g\",\"contentUrl\":\"https:\\\/\\\/secure.gravatar.com\\\/avatar\\\/36877cd30919fafddf1f9da45f4154aa468a64328452f2ceaff0968772207348?s=96&d=mm&r=g\",\"caption\":\"tanguy.morel@ihedn.fr\"},\"url\":\"https:\\\/\\\/ihedn.fr\\\/en\\\/author\\\/tanguy-morelihedn-fr\\\/\"}]}<\/script>\n<!-- \/ Yoast SEO plugin. -->","yoast_head_json":{"title":"Strategic mission to the United Arab Emirates for IHEDN auditors - L'IHEDN : Institut des hautes \u00e9tudes de d\u00e9fense nationale","description":"Bilateral meetings, geostrategic issues, cultural cooperation: the students in the \"Maritime Issues and Strategies\" major at the IHEDN national session ended their training with a four-day study visit to the United Arab Emirates.","robots":{"index":"index","follow":"follow","max-snippet":"max-snippet:-1","max-image-preview":"max-image-preview:large","max-video-preview":"max-video-preview:-1"},"canonical":"https:\/\/ihedn.fr\/en\/notre-actualite\/mission-strategique-aux-emirats-arabes-unis-pour-les-auditeurs-de-lihedn\/","og_locale":"en_GB","og_type":"article","og_title":"Mission strat\u00e9gique aux \u00c9mirats arabes unis pour les auditeurs de l\u2019IHEDN - L&#039;IHEDN : Institut des hautes \u00e9tudes de d\u00e9fense nationale","og_description":"Rencontres bilat\u00e9rales, enjeux g\u00e9ostrat\u00e9giques, coop\u00e9ration culturelle : les auditeurs de la majeure \u00ab Enjeux et strat\u00e9gies maritimes \u00bb de la session nationale de l\u2019IHEDN ont cl\u00f4tur\u00e9 leur formation par une mission d\u2019\u00e9tude de quatre jours aux \u00c9mirats arabes unis.","og_url":"https:\/\/ihedn.fr\/en\/notre-actualite\/mission-strategique-aux-emirats-arabes-unis-pour-les-auditeurs-de-lihedn\/","og_site_name":"L&#039;IHEDN : Institut des hautes \u00e9tudes de d\u00e9fense nationale","article_publisher":"https:\/\/www.facebook.com\/ihedn\/","article_published_time":"2025-06-19T13:33:08+00:00","article_modified_time":"2025-06-19T14:32:24+00:00","og_image":[{"width":1920,"height":1280,"url":"https:\/\/ihedn.fr\/wp-content\/uploads\/2025\/06\/IMG_1417.jpg","type":"image\/jpeg"}],"author":"tanguy.morel@ihedn.fr","twitter_card":"summary_large_image","twitter_title":"Mission strat\u00e9gique aux \u00c9mirats arabes unis pour les auditeurs de l\u2019IHEDN - L&#039;IHEDN : Institut des hautes \u00e9tudes de d\u00e9fense nationale","twitter_description":"Rencontres bilat\u00e9rales, enjeux g\u00e9ostrat\u00e9giques, coop\u00e9ration culturelle : les auditeurs de la majeure \u00ab Enjeux et strat\u00e9gies maritimes \u00bb de la session nationale de l\u2019IHEDN ont cl\u00f4tur\u00e9 leur formation par une mission d\u2019\u00e9tude de quatre jours aux \u00c9mirats arabes unis.","twitter_image":"https:\/\/ihedn.fr\/wp-content\/uploads\/2025\/06\/IMG_1417.jpg","twitter_creator":"@IHEDN","twitter_site":"@IHEDN","twitter_misc":{"Written by":"tanguy.morel@ihedn.fr","Estimated reading time":"3 minutes"},"schema":{"@context":"https:\/\/schema.org","@graph":[{"@type":"Article","@id":"https:\/\/ihedn.fr\/notre-actualite\/mission-strategique-aux-emirats-arabes-unis-pour-les-auditeurs-de-lihedn\/#article","isPartOf":{"@id":"https:\/\/ihedn.fr\/notre-actualite\/mission-strategique-aux-emirats-arabes-unis-pour-les-auditeurs-de-lihedn\/"},"author":{"name":"tanguy.morel@ihedn.fr","@id":"https:\/\/ihedn.fr\/#\/schema\/person\/ed217a37104b27a246b200e65b827cc7"},"headline":"Mission strat\u00e9gique aux \u00c9mirats arabes unis pour les auditeurs de l\u2019IHEDN","datePublished":"2025-06-19T13:33:08+00:00","dateModified":"2025-06-19T14:32:24+00:00","mainEntityOfPage":{"@id":"https:\/\/ihedn.fr\/notre-actualite\/mission-strategique-aux-emirats-arabes-unis-pour-les-auditeurs-de-lihedn\/"},"wordCount":413,"publisher":{"@id":"https:\/\/ihedn.fr\/#organization"},"image":{"@id":"https:\/\/ihedn.fr\/notre-actualite\/mission-strategique-aux-emirats-arabes-unis-pour-les-auditeurs-de-lihedn\/#primaryimage"},"thumbnailUrl":"https:\/\/ihedn.fr\/wp-content\/uploads\/2025\/06\/IMG_1417.jpg","articleSection":["Notre actualit\u00e9"],"inLanguage":"en-GB"},{"@type":"WebPage","@id":"https:\/\/ihedn.fr\/notre-actualite\/mission-strategique-aux-emirats-arabes-unis-pour-les-auditeurs-de-lihedn\/","url":"https:\/\/ihedn.fr\/notre-actualite\/mission-strategique-aux-emirats-arabes-unis-pour-les-auditeurs-de-lihedn\/","name":"Strategic mission to the United Arab Emirates for IHEDN auditors - L'IHEDN : Institut des hautes \u00e9tudes de d\u00e9fense nationale","isPartOf":{"@id":"https:\/\/ihedn.fr\/#website"},"primaryImageOfPage":{"@id":"https:\/\/ihedn.fr\/notre-actualite\/mission-strategique-aux-emirats-arabes-unis-pour-les-auditeurs-de-lihedn\/#primaryimage"},"image":{"@id":"https:\/\/ihedn.fr\/notre-actualite\/mission-strategique-aux-emirats-arabes-unis-pour-les-auditeurs-de-lihedn\/#primaryimage"},"thumbnailUrl":"https:\/\/ihedn.fr\/wp-content\/uploads\/2025\/06\/IMG_1417.jpg","datePublished":"2025-06-19T13:33:08+00:00","dateModified":"2025-06-19T14:32:24+00:00","description":"Bilateral meetings, geostrategic issues, cultural cooperation: the students in the \"Maritime Issues and Strategies\" major at the IHEDN national session ended their training with a four-day study visit to the United Arab Emirates.","breadcrumb":{"@id":"https:\/\/ihedn.fr\/notre-actualite\/mission-strategique-aux-emirats-arabes-unis-pour-les-auditeurs-de-lihedn\/#breadcrumb"},"inLanguage":"en-GB","potentialAction":[{"@type":"ReadAction","target":["https:\/\/ihedn.fr\/notre-actualite\/mission-strategique-aux-emirats-arabes-unis-pour-les-auditeurs-de-lihedn\/"]}]},{"@type":"ImageObject","inLanguage":"en-GB","@id":"https:\/\/ihedn.fr\/notre-actualite\/mission-strategique-aux-emirats-arabes-unis-pour-les-auditeurs-de-lihedn\/#primaryimage","url":"https:\/\/ihedn.fr\/wp-content\/uploads\/2025\/06\/IMG_1417.jpg","contentUrl":"https:\/\/ihedn.fr\/wp-content\/uploads\/2025\/06\/IMG_1417.jpg","width":1920,"height":1280,"caption":"Sur la base navale, ou Camp de la Paix"},{"@type":"BreadcrumbList","@id":"https:\/\/ihedn.fr\/notre-actualite\/mission-strategique-aux-emirats-arabes-unis-pour-les-auditeurs-de-lihedn\/#breadcrumb","itemListElement":[{"@type":"ListItem","position":1,"name":"Accueil","item":"https:\/\/ihedn.fr\/"},{"@type":"ListItem","position":2,"name":"Mission strat\u00e9gique aux \u00c9mirats arabes unis pour les auditeurs de l\u2019IHEDN"}]},{"@type":"WebSite","@id":"https:\/\/ihedn.fr\/#website","url":"https:\/\/ihedn.fr\/","name":"IHEDN: Institut des hautes \u00e9tudes de d\u00e9fense nationale (Institute for Higher National Defence Studies)","description":"Official website of the IHEDN under the supervision of the Prime Minister.","publisher":{"@id":"https:\/\/ihedn.fr\/#organization"},"potentialAction":[{"@type":"SearchAction","target":{"@type":"EntryPoint","urlTemplate":"https:\/\/ihedn.fr\/?s={search_term_string}"},"query-input":{"@type":"PropertyValueSpecification","valueRequired":true,"valueName":"search_term_string"}}],"inLanguage":"en-GB"},{"@type":"Organization","@id":"https:\/\/ihedn.fr\/#organization","name":"IHEDN - Institute for Higher National Defence Studies","url":"https:\/\/ihedn.fr\/","logo":{"@type":"ImageObject","inLanguage":"en-GB","@id":"https:\/\/ihedn.fr\/#\/schema\/logo\/image\/","url":"https:\/\/ihedn.fr\/wp-content\/uploads\/2020\/11\/BLOC_RF_IHEDN_WEB.png","contentUrl":"https:\/\/ihedn.fr\/wp-content\/uploads\/2020\/11\/BLOC_RF_IHEDN_WEB.png","width":500,"height":237,"caption":"IHEDN - Institut des Hautes Etudes de D\u00e9fense Nationale"},"image":{"@id":"https:\/\/ihedn.fr\/#\/schema\/logo\/image\/"},"sameAs":["https:\/\/www.facebook.com\/ihedn\/","https:\/\/x.com\/IHEDN","https:\/\/www.instagram.com\/ihedn\/","https:\/\/www.linkedin.com\/school\/ihedn\/","https:\/\/fr.wikipedia.org\/wiki\/Institut_des_hautes_\u00e9tudes_de_D\u00e9fense_nationale"]},{"@type":"Person","@id":"https:\/\/ihedn.fr\/#\/schema\/person\/ed217a37104b27a246b200e65b827cc7","name":"tanguy.morel@ihedn.fr","image":{"@type":"ImageObject","inLanguage":"en-GB","@id":"https:\/\/secure.gravatar.com\/avatar\/36877cd30919fafddf1f9da45f4154aa468a64328452f2ceaff0968772207348?s=96&d=mm&r=g","url":"https:\/\/secure.gravatar.com\/avatar\/36877cd30919fafddf1f9da45f4154aa468a64328452f2ceaff0968772207348?s=96&d=mm&r=g","contentUrl":"https:\/\/secure.gravatar.com\/avatar\/36877cd30919fafddf1f9da45f4154aa468a64328452f2ceaff0968772207348?s=96&d=mm&r=g","caption":"tanguy.morel@ihedn.fr"},"url":"https:\/\/ihedn.fr\/en\/author\/tanguy-morelihedn-fr\/"}]}},"publishpress_future_action":{"enabled":false,"date":"2026-05-08 17:30:18","action":"change-status","newStatus":"draft","terms":[],"taxonomy":"category","extraData":[]},"publishpress_future_workflow_manual_trigger":{"enabledWorkflows":[]},"_links":{"self":[{"href":"https:\/\/ihedn.fr\/en\/wp-json\/wp\/v2\/posts\/54642","targetHints":{"allow":["GET"]}}],"collection":[{"href":"https:\/\/ihedn.fr\/en\/wp-json\/wp\/v2\/posts"}],"about":[{"href":"https:\/\/ihedn.fr\/en\/wp-json\/wp\/v2\/types\/post"}],"author":[{"embeddable":true,"href":"https:\/\/ihedn.fr\/en\/wp-json\/wp\/v2\/users\/10"}],"replies":[{"embeddable":true,"href":"https:\/\/ihedn.fr\/en\/wp-json\/wp\/v2\/comments?post=54642"}],"version-history":[{"count":17,"href":"https:\/\/ihedn.fr\/en\/wp-json\/wp\/v2\/posts\/54642\/revisions"}],"predecessor-version":[{"id":54669,"href":"https:\/\/ihedn.fr\/en\/wp-json\/wp\/v2\/posts\/54642\/revisions\/54669"}],"wp:featuredmedia":[{"embeddable":true,"href":"https:\/\/ihedn.fr\/en\/wp-json\/wp\/v2\/media\/54647"}],"wp:attachment":[{"href":"https:\/\/ihedn.fr\/en\/wp-json\/wp\/v2\/media?parent=54642"}],"wp:term":[{"taxonomy":"category","embeddable":true,"href":"https:\/\/ihedn.fr\/en\/wp-json\/wp\/v2\/categories?post=54642"},{"taxonomy":"post_tag","embeddable":true,"href":"https:\/\/ihedn.fr\/en\/wp-json\/wp\/v2\/tags?post=54642"}],"curies":[{"name":"wp","href":"https:\/\/api.w.org\/{rel}","templated":true}]}}