{"id":54672,"date":"2025-06-23T14:57:31","date_gmt":"2025-06-23T13:57:31","guid":{"rendered":"https:\/\/ihedn.fr\/?p=54672"},"modified":"2025-09-03T13:14:55","modified_gmt":"2025-09-03T12:14:55","slug":"sommet-de-lotan-garantir-que-la-photo-de-famille-reste-souriante","status":"publish","type":"post","link":"https:\/\/ihedn.fr\/en\/notre-selection\/sommet-de-lotan-garantir-que-la-photo-de-famille-reste-souriante\/","title":{"rendered":"NATO Summit: \"Ensuring that the family photo remains smiling\"."},"content":{"rendered":"<div data-elementor-type=\"wp-post\" data-elementor-id=\"54672\" class=\"elementor elementor-54672\" data-elementor-post-type=\"post\">\n\t\t\t\t<div data-particle_enable=\"false\" data-particle-mobile-disabled=\"false\" class=\"elementor-element elementor-element-7bf256b e-con-full e-flex e-con e-parent\" data-id=\"7bf256b\" data-element_type=\"container\" data-e-type=\"container\">\n\t\t<div data-particle_enable=\"false\" data-particle-mobile-disabled=\"false\" class=\"elementor-element elementor-element-0890a77 e-flex e-con-boxed e-con e-child\" data-id=\"0890a77\" data-element_type=\"container\" data-e-type=\"container\">\n\t\t\t\t\t<div class=\"e-con-inner\">\n\t\t\t\t<div class=\"elementor-element elementor-element-09d6154 elementor-widget elementor-widget-text-editor\" data-id=\"09d6154\" data-element_type=\"widget\" data-e-type=\"widget\" data-widget_type=\"text-editor.default\">\n\t\t\t\t<div class=\"elementor-widget-container\">\n\t\t\t\t\t\t\t\t\t<p>Guillaume Lasconjarias is a graduate of the Ecole Normale Sup\u00e9rieure and holds a doctorate in history. He specialises in issues of new conflictualities, in particular hybridity and the war in Ukraine. He was a senior research fellow at the NATO Defense College from 2012 to 2018, where he gained a thorough understanding of the Alliance's operations, issues and developments. Since 2022, he has been head of the Studies and Research Department at IHEDN.<\/p>\t\t\t\t\t\t\t\t<\/div>\n\t\t\t\t<\/div>\n\t\t\t\t\t<\/div>\n\t\t\t\t<\/div>\n\t\t\t\t<div class=\"elementor-element elementor-element-618c98c elementor-widget elementor-widget-heading\" data-id=\"618c98c\" data-element_type=\"widget\" data-e-type=\"widget\" data-widget_type=\"heading.default\">\n\t\t\t\t<div class=\"elementor-widget-container\">\n\t\t\t\t\t<h2 class=\"elementor-heading-title elementor-size-default\">HOW IS THE ALLIANCE SHAPING UP AS IT MEETS FOR ITS FIRST SUMMIT SINCE THE 75TH ANNIVERSARY SUMMIT IN JULY 2024?<\/h2>\t\t\t\t<\/div>\n\t\t\t\t<\/div>\n\t\t\t\t<div class=\"elementor-element elementor-element-cbc595a elementor-widget-divider--view-line elementor-widget elementor-widget-divider\" data-id=\"cbc595a\" data-element_type=\"widget\" data-e-type=\"widget\" data-widget_type=\"divider.default\">\n\t\t\t\t<div class=\"elementor-widget-container\">\n\t\t\t\t\t\t\t<div class=\"elementor-divider\">\n\t\t\t<span class=\"elementor-divider-separator\">\n\t\t\t\t\t\t<\/span>\n\t\t<\/div>\n\t\t\t\t\t\t<\/div>\n\t\t\t\t<\/div>\n\t\t<div data-particle_enable=\"false\" data-particle-mobile-disabled=\"false\" class=\"elementor-element elementor-element-f0e70f7 e-grid e-con-boxed e-con e-child\" data-id=\"f0e70f7\" data-element_type=\"container\" data-e-type=\"container\">\n\t\t\t\t\t<div class=\"e-con-inner\">\n\t\t\t\t<div class=\"elementor-element elementor-element-bd6d077 elementor-widget elementor-widget-text-editor\" data-id=\"bd6d077\" data-element_type=\"widget\" data-e-type=\"widget\" data-widget_type=\"text-editor.default\">\n\t\t\t\t<div class=\"elementor-widget-container\">\n\t\t\t\t\t\t\t\t\t<p>This summit in The Hague seems to have relatively modest ambitions given the international situation. Traditionally, the United States plays a major role in setting the agenda, which seems to have been less the case with the current administration. President Trump's personal misgivings about the Alliance are well known, although he has said little about them since taking office. The Allies have taken advantage of this to give greater prominence to the Ukrainian question, but Donald Trump's personal stance raises questions, especially since the scheduled meeting with Volodymyr Zelensky at the G7 summit did not take place.<\/p><p>So we have an Alliance in a paradoxical situation: it appears to have never been more important in terms of its influence and the combined power of its member states. In the space of a decade, since 2014 and the very first invasion of Ukraine, NATO has undergone a profound transformation. Member States had pledged to spend more, and they are spending more - although this acceleration has increased more markedly from 2022 onwards. Regional plans have been reviewed, and the Allies are insisting on the ability to deploy more troops collectively - we're talking about several tens of thousands of combatants. The capability process has been reviewed, with a particular focus on the readiness of states, armies and equipment.<\/p><p>However, the paradox is that behind this real effectiveness, there are weaknesses: the Member States are riven by internal tensions that have a strong impact on the cohesion of the organisation, whether it be the rise of extremist political movements or the relations that certain governments maintain with Russia. It should also be remembered that the summit is being held in the Netherlands, the country of the current Secretary General Mark Rutte, but whose government has resigned...<\/p>\t\t\t\t\t\t\t\t<\/div>\n\t\t\t\t<\/div>\n\t\t\t\t<div class=\"elementor-element elementor-element-8c0e5a8 elementor-widget elementor-widget-image\" data-id=\"8c0e5a8\" data-element_type=\"widget\" data-e-type=\"widget\" data-widget_type=\"image.default\">\n\t\t\t\t<div class=\"elementor-widget-container\">\n\t\t\t\t\t\t\t\t\t\t\t\t\t\t\t<img fetchpriority=\"high\" decoding=\"async\" width=\"1280\" height=\"1920\" src=\"https:\/\/ihedn.fr\/wp-content\/uploads\/2025\/06\/guillaume.jpg\" class=\"attachment-full size-full wp-image-54675\" alt=\"\" srcset=\"https:\/\/ihedn.fr\/wp-content\/uploads\/2025\/06\/guillaume.jpg 1280w, https:\/\/ihedn.fr\/wp-content\/uploads\/2025\/06\/guillaume-1024x1536.jpg 1024w, https:\/\/ihedn.fr\/wp-content\/uploads\/2025\/06\/guillaume-8x12.jpg 8w\" sizes=\"(max-width: 1280px) 100vw, 1280px\" \/>\t\t\t\t\t\t\t\t\t\t\t\t\t\t\t<\/div>\n\t\t\t\t<\/div>\n\t\t\t\t\t<\/div>\n\t\t\t\t<\/div>\n\t\t\t\t<\/div>\n\t\t<div data-particle_enable=\"false\" data-particle-mobile-disabled=\"false\" class=\"elementor-element elementor-element-aa035fe e-con-full e-flex e-con e-parent\" data-id=\"aa035fe\" data-element_type=\"container\" data-e-type=\"container\">\n\t\t\t\t<div class=\"elementor-element elementor-element-4bfc896 elementor-widget elementor-widget-heading\" data-id=\"4bfc896\" data-element_type=\"widget\" data-e-type=\"widget\" data-widget_type=\"heading.default\">\n\t\t\t\t<div class=\"elementor-widget-container\">\n\t\t\t\t\t<h2 class=\"elementor-heading-title elementor-size-default\">WHAT ARE THE KEY ISSUES THAT COULD EMERGE, PARTICULARLY IN RELATION TO THE RUSSIAN-UKRAINIAN CONFLICT?<\/h2>\t\t\t\t<\/div>\n\t\t\t\t<\/div>\n\t\t\t\t<div class=\"elementor-element elementor-element-682eb11 elementor-widget-divider--view-line elementor-widget elementor-widget-divider\" data-id=\"682eb11\" data-element_type=\"widget\" data-e-type=\"widget\" data-widget_type=\"divider.default\">\n\t\t\t\t<div class=\"elementor-widget-container\">\n\t\t\t\t\t\t\t<div class=\"elementor-divider\">\n\t\t\t<span class=\"elementor-divider-separator\">\n\t\t\t\t\t\t<\/span>\n\t\t<\/div>\n\t\t\t\t\t\t<\/div>\n\t\t\t\t<\/div>\n\t\t<div data-particle_enable=\"false\" data-particle-mobile-disabled=\"false\" class=\"elementor-element elementor-element-fe961bb e-con-full e-flex e-con e-child\" data-id=\"fe961bb\" data-element_type=\"container\" data-e-type=\"container\">\n\t\t\t\t<div class=\"elementor-element elementor-element-581058e elementor-widget elementor-widget-text-editor\" data-id=\"581058e\" data-element_type=\"widget\" data-e-type=\"widget\" data-widget_type=\"text-editor.default\">\n\t\t\t\t<div class=\"elementor-widget-container\">\n\t\t\t\t\t\t\t\t\t<p>As far as Ukraine is concerned, the participation of President Zelensky is the subject of debate; he should be present, as the majority of countries wish to involve him, but he will probably not be invited to the formal meeting where only the 32 Allies sit in the person of their Heads of State or Government. It is to be hoped that the commitments made at previous summits (Vilnius in 2023 and Washington last year) will be reiterated, namely that Ukraine will progress along a path that will lead it to become one of the Allies. However, obstructions are to be expected, as the consensus on Ukraine's integration has tended to crumble for some time. The new Polish President, for example, has campaigned against Ukraine's accession while guaranteeing his country's continued support for Kiev.<\/p><p>However, we can expect support for Ukraine to be reaffirmed in the shadow of one demand: the United States will refuse to pay more. It is up to the Europeans to do more and better, bearing in mind that they must first respond to what will be at the heart of this summit: spending more on their own defence.<\/p><p>This is the main outcome of this meeting: a new commitment from the Allies in terms of investment and an increase in their defence budgets to 5% of their GDP. This increase follows an initial commitment made in Newport in 2014, when the States were aiming for 2%. Today, 22 of the 32 Allies have reached or exceeded the threshold of 2% of GDP devoted to defence - up from 3 in 2014. Collectively, the European Allies and Canada now spend $485 billion - or 2.02% of their combined GDP.<\/p><p>But Washington is demanding more, hence the new target of 5% of GDP, on which the Allies have already agreed. In practice, we need to separate 3.5% for defence efforts and 1.5% for related investments, such as resilience or infrastructure. For a country like France, this means doubling our defence budget in five years (from 2025 to 2030) from \u20ac50 billion to \u20ac100 billion - 3% of GDP - or \u20ac122 billion for a target of 3.5%.<\/p>\t\t\t\t\t\t\t\t<\/div>\n\t\t\t\t<\/div>\n\t\t\t\t<\/div>\n\t\t\t\t<\/div>\n\t\t<div data-particle_enable=\"false\" data-particle-mobile-disabled=\"false\" class=\"elementor-element elementor-element-81b84a6 e-con-full e-flex e-con e-parent\" data-id=\"81b84a6\" data-element_type=\"container\" data-e-type=\"container\">\n\t\t\t\t<div class=\"elementor-element elementor-element-41531ba elementor-widget elementor-widget-heading\" data-id=\"41531ba\" data-element_type=\"widget\" data-e-type=\"widget\" data-widget_type=\"heading.default\">\n\t\t\t\t<div class=\"elementor-widget-container\">\n\t\t\t\t\t<h2 class=\"elementor-heading-title elementor-size-default\">WHAT CAN WE EXPECT FROM PRESIDENT TRUMP, WHO WAS NOT IN OFFICE LAST YEAR?<\/h2>\t\t\t\t<\/div>\n\t\t\t\t<\/div>\n\t\t\t\t<div class=\"elementor-element elementor-element-cfcac81 elementor-widget-divider--view-line elementor-widget elementor-widget-divider\" data-id=\"cfcac81\" data-element_type=\"widget\" data-e-type=\"widget\" data-widget_type=\"divider.default\">\n\t\t\t\t<div class=\"elementor-widget-container\">\n\t\t\t\t\t\t\t<div class=\"elementor-divider\">\n\t\t\t<span class=\"elementor-divider-separator\">\n\t\t\t\t\t\t<\/span>\n\t\t<\/div>\n\t\t\t\t\t\t<\/div>\n\t\t\t\t<\/div>\n\t\t<div data-particle_enable=\"false\" data-particle-mobile-disabled=\"false\" class=\"elementor-element elementor-element-b747f27 e-con-full e-flex e-con e-child\" data-id=\"b747f27\" data-element_type=\"container\" data-e-type=\"container\">\n\t\t\t\t<div class=\"elementor-element elementor-element-0a8826e elementor-widget elementor-widget-text-editor\" data-id=\"0a8826e\" data-element_type=\"widget\" data-e-type=\"widget\" data-widget_type=\"text-editor.default\">\n\t\t\t\t<div class=\"elementor-widget-container\">\n\t\t\t\t\t\t\t\t\t<p>Everything has been done to ensure that this summit goes off without a hitch and without taking any risks. The fear of a brutal announcement by Trump proclaiming the practice of the empty chair or of a form of \"sleep-in\" (rather than withdrawal) by the USA from NATO seems to me to be limited at present. All the more so as the American President will arrive in The Hague with a significant victory, that of increased defence spending by Europeans whom he has constantly accused of not doing enough. He has been helped in this by the active diplomacy of Secretary General Rutte, who has spared no effort. Even 6 months ago, it seemed difficult to convince the Allies, a third of whom have still not reached the 2% mark. The only question is the deadline: 2030? 2032?<\/p><p>Then there is the question of the place that will be given to the European Union and its representatives, in a context of continuing negotiations on customs barriers and taxes imposed on the old continent. The question of a European pillar of NATO is less and less taboo, as is the need for strategic autonomy - no doubt to be reformulated so as not to openly offend Washington.<\/p><p>Finally, we can also look at what will be said about the other partnerships that NATO has forged, and the role that the Alliance could play in the Indo-Pacific. The United States does not seem to be in favour of this.<\/p><p>In short, The Hague will take the form of a summit where caution is the order of the day, to ensure that the family photo remains smiling.<\/p>\t\t\t\t\t\t\t\t<\/div>\n\t\t\t\t<\/div>\n\t\t\t\t<\/div>\n\t\t\t\t<\/div>\n\t\t<div data-particle_enable=\"false\" data-particle-mobile-disabled=\"false\" class=\"elementor-element elementor-element-f3984f5 e-con-full e-flex e-con e-parent\" data-id=\"f3984f5\" data-element_type=\"container\" data-e-type=\"container\">\n\t\t\t\t<div class=\"elementor-element elementor-element-dc66110 elementor-widget-divider--view-line elementor-widget elementor-widget-divider\" data-id=\"dc66110\" data-element_type=\"widget\" data-e-type=\"widget\" data-widget_type=\"divider.default\">\n\t\t\t\t<div class=\"elementor-widget-container\">\n\t\t\t\t\t\t\t<div class=\"elementor-divider\">\n\t\t\t<span class=\"elementor-divider-separator\">\n\t\t\t\t\t\t<\/span>\n\t\t<\/div>\n\t\t\t\t\t\t<\/div>\n\t\t\t\t<\/div>\n\t\t<div data-particle_enable=\"false\" data-particle-mobile-disabled=\"false\" class=\"elementor-element elementor-element-0cfc1cf e-con-full e-flex e-con e-child\" data-id=\"0cfc1cf\" data-element_type=\"container\" data-e-type=\"container\">\n\t\t\t\t<div class=\"elementor-element elementor-element-fb464e5 elementor-widget elementor-widget-text-editor\" data-id=\"fb464e5\" data-element_type=\"widget\" data-e-type=\"widget\" data-widget_type=\"text-editor.default\">\n\t\t\t\t<div class=\"elementor-widget-container\">\n\t\t\t\t\t\t\t\t\t<p><strong>To find out more, here are three topical fact sheets from the IHEDN Studies and Research Department:<\/strong><\/p><ul><li><a href=\"https:\/\/ihedn.fr\/en\/fiches-actualite\/lelargissements-de-lotan-hier-et-aujourdhui\/\">NATO enlargement, past and present<\/a> (9 July 2024)<\/li><li><a href=\"https:\/\/ihedn.fr\/en\/uncategorized\/les-depenses-de-defense-des-allies-une-mise-en-perspective\/\">Putting Allied defence spending into perspective<\/a> (11 July 2024)<\/li><li><a href=\"https:\/\/ihedn.fr\/en\/uncategorized\/une-alliance-en-action\/\">An Alliance in action<\/a> (19 July 2024)<\/li><\/ul>\t\t\t\t\t\t\t\t<\/div>\n\t\t\t\t<\/div>\n\t\t\t\t<\/div>\n\t\t\t\t<\/div>\n\t\t<div data-particle_enable=\"false\" data-particle-mobile-disabled=\"false\" class=\"elementor-element elementor-element-6e36667 elementor-hidden-tablet elementor-hidden-mobile e-flex e-con-boxed e-con e-parent\" data-id=\"6e36667\" data-element_type=\"container\" data-e-type=\"container\" data-settings=\"{&quot;position&quot;:&quot;absolute&quot;}\">\n\t\t\t\t\t<div class=\"e-con-inner\">\n\t\t\t\t<div class=\"elementor-element elementor-element-c52d68e elementor-widget elementor-widget-text-editor\" data-id=\"c52d68e\" data-element_type=\"widget\" data-e-type=\"widget\" data-widget_type=\"text-editor.default\">\n\t\t\t\t<div class=\"elementor-widget-container\">\n\t\t\t\t\t\t\t\t\t<p style=\"text-align: left;\">The Heads of State and Government of the 32 Member States at the previous summit in Washington in July 2024.<\/p>\t\t\t\t\t\t\t\t<\/div>\n\t\t\t\t<\/div>\n\t\t\t\t\t<\/div>\n\t\t\t\t<\/div>\n\t\t\t\t<\/div>","protected":false},"excerpt":{"rendered":"<p>The 32 member states of the North Atlantic Treaty Organisation meet on Tuesday and Wednesday in The Hague (Netherlands). Guillaume Lasconjarias, Director of Studies and Research at the IHEDN and former researcher at the NATO Defence College, explains what is at stake at this highly anticipated meeting.<\/p>","protected":false},"author":12,"featured_media":54685,"comment_status":"closed","ping_status":"closed","sticky":false,"template":"","format":"standard","meta":{"footnotes":""},"categories":[41,171,209],"tags":[],"class_list":["post-54672","post","type-post","status-publish","format-standard","has-post-thumbnail","hentry","category-lundis-de-lihedn","category-notre-selection","category-securite-internationale"],"yoast_head":"<!-- This site is optimized with the Yoast SEO plugin v27.5 - https:\/\/yoast.com\/product\/yoast-seo-wordpress\/ -->\n<title>Sommet de l\u2019OTAN : \u00ab Garantir que la photo de famille reste souriante \u00bb - L&#039;IHEDN : Institut des hautes \u00e9tudes de d\u00e9fense nationale<\/title>\n<meta name=\"description\" content=\"Les 32 \u00c9tats membres de l\u2019Organisation du trait\u00e9 de l\u2019Atlantique nord se r\u00e9unissent mardi et mercredi \u00e0 La Haye (Pays-Bas). Guillaume Lasconjarias, directeur des \u00e9tudes et de la recherche de l\u2019IHEDN et ancien chercheur au Coll\u00e8ge de d\u00e9fense de l\u2019OTAN, d\u00e9crypte les enjeux de cette rencontre tr\u00e8s attendue.\" \/>\n<meta name=\"robots\" content=\"index, follow, max-snippet:-1, max-image-preview:large, max-video-preview:-1\" \/>\n<link rel=\"canonical\" href=\"https:\/\/ihedn.fr\/en\/notre-selection\/sommet-de-lotan-garantir-que-la-photo-de-famille-reste-souriante\/\" \/>\n<meta property=\"og:locale\" content=\"en_GB\" \/>\n<meta property=\"og:type\" content=\"article\" \/>\n<meta property=\"og:title\" content=\"Sommet de l\u2019OTAN : \u00ab Garantir que la photo de famille reste souriante \u00bb\" \/>\n<meta property=\"og:description\" content=\"Les 32 \u00c9tats membres de l\u2019Organisation du trait\u00e9 de l\u2019Atlantique nord se r\u00e9unissent mardi et mercredi \u00e0 La Haye (Pays-Bas). Guillaume Lasconjarias, directeur des \u00e9tudes et de la recherche de l\u2019IHEDN et ancien chercheur au Coll\u00e8ge de d\u00e9fense de l\u2019OTAN, d\u00e9crypte les enjeux de cette rencontre tr\u00e8s attendue.\" \/>\n<meta property=\"og:url\" content=\"https:\/\/ihedn.fr\/en\/notre-selection\/sommet-de-lotan-garantir-que-la-photo-de-famille-reste-souriante\/\" \/>\n<meta property=\"og:site_name\" content=\"L&#039;IHEDN : Institut des hautes \u00e9tudes de d\u00e9fense nationale\" \/>\n<meta property=\"article:publisher\" content=\"https:\/\/www.facebook.com\/ihedn\/\" \/>\n<meta property=\"article:published_time\" content=\"2025-06-23T13:57:31+00:00\" \/>\n<meta property=\"article:modified_time\" content=\"2025-09-03T12:14:55+00:00\" \/>\n<meta property=\"og:image\" content=\"https:\/\/ihedn.fr\/wp-content\/uploads\/2025\/06\/BANDEAU_LIH_23062025-1.jpg\" \/>\n\t<meta property=\"og:image:width\" content=\"1920\" \/>\n\t<meta property=\"og:image:height\" content=\"1080\" \/>\n\t<meta property=\"og:image:type\" content=\"image\/jpeg\" \/>\n<meta name=\"author\" content=\"Ad\u00e8le Thoumieux\" \/>\n<meta name=\"twitter:card\" content=\"summary_large_image\" \/>\n<meta name=\"twitter:title\" content=\"Sommet de l\u2019OTAN : \u00ab Garantir que la photo de famille reste souriante \u00bb\" \/>\n<meta name=\"twitter:description\" content=\"Les 32 \u00c9tats membres de l\u2019Organisation du trait\u00e9 de l\u2019Atlantique nord se r\u00e9unissent mardi et mercredi \u00e0 La Haye (Pays-Bas). Guillaume Lasconjarias, directeur des \u00e9tudes et de la recherche de l\u2019IHEDN et ancien chercheur au Coll\u00e8ge de d\u00e9fense de l\u2019OTAN, d\u00e9crypte les enjeux de cette rencontre tr\u00e8s attendue.\" \/>\n<meta name=\"twitter:image\" content=\"https:\/\/ihedn.fr\/wp-content\/uploads\/2025\/06\/BANDEAU_LIH_23062025-1.jpg\" \/>\n<meta name=\"twitter:creator\" content=\"@IHEDN\" \/>\n<meta name=\"twitter:site\" content=\"@IHEDN\" \/>\n<meta name=\"twitter:label1\" content=\"Written by\" \/>\n\t<meta name=\"twitter:data1\" content=\"Ad\u00e8le Thoumieux\" \/>\n\t<meta name=\"twitter:label2\" content=\"Estimated reading time\" \/>\n\t<meta name=\"twitter:data2\" content=\"7 minutes\" \/>\n<script type=\"application\/ld+json\" class=\"yoast-schema-graph\">{\"@context\":\"https:\\\/\\\/schema.org\",\"@graph\":[{\"@type\":\"Article\",\"@id\":\"https:\\\/\\\/ihedn.fr\\\/notre-selection\\\/sommet-de-lotan-garantir-que-la-photo-de-famille-reste-souriante\\\/#article\",\"isPartOf\":{\"@id\":\"https:\\\/\\\/ihedn.fr\\\/notre-selection\\\/sommet-de-lotan-garantir-que-la-photo-de-famille-reste-souriante\\\/\"},\"author\":{\"name\":\"Ad\u00e8le Thoumieux\",\"@id\":\"https:\\\/\\\/ihedn.fr\\\/#\\\/schema\\\/person\\\/16d49c2bd0121499ea9b9023ce89826c\"},\"headline\":\"Sommet de l\u2019OTAN : \u00ab Garantir que la photo de famille reste souriante \u00bb\",\"datePublished\":\"2025-06-23T13:57:31+00:00\",\"dateModified\":\"2025-09-03T12:14:55+00:00\",\"mainEntityOfPage\":{\"@id\":\"https:\\\/\\\/ihedn.fr\\\/notre-selection\\\/sommet-de-lotan-garantir-que-la-photo-de-famille-reste-souriante\\\/\"},\"wordCount\":1240,\"publisher\":{\"@id\":\"https:\\\/\\\/ihedn.fr\\\/#organization\"},\"image\":{\"@id\":\"https:\\\/\\\/ihedn.fr\\\/notre-selection\\\/sommet-de-lotan-garantir-que-la-photo-de-famille-reste-souriante\\\/#primaryimage\"},\"thumbnailUrl\":\"https:\\\/\\\/ihedn.fr\\\/wp-content\\\/uploads\\\/2025\\\/06\\\/BANDEAU_LIH_23062025-1.jpg\",\"articleSection\":[\"Lundis de l'IHEDN\",\"Notre s\u00e9lection\",\"s\u00e9curit\u00e9 internationale\"],\"inLanguage\":\"en-GB\"},{\"@type\":\"WebPage\",\"@id\":\"https:\\\/\\\/ihedn.fr\\\/notre-selection\\\/sommet-de-lotan-garantir-que-la-photo-de-famille-reste-souriante\\\/\",\"url\":\"https:\\\/\\\/ihedn.fr\\\/notre-selection\\\/sommet-de-lotan-garantir-que-la-photo-de-famille-reste-souriante\\\/\",\"name\":\"Sommet de l\u2019OTAN : \u00ab Garantir que la photo de famille reste souriante \u00bb - L&#039;IHEDN : Institut des hautes \u00e9tudes de d\u00e9fense nationale\",\"isPartOf\":{\"@id\":\"https:\\\/\\\/ihedn.fr\\\/#website\"},\"primaryImageOfPage\":{\"@id\":\"https:\\\/\\\/ihedn.fr\\\/notre-selection\\\/sommet-de-lotan-garantir-que-la-photo-de-famille-reste-souriante\\\/#primaryimage\"},\"image\":{\"@id\":\"https:\\\/\\\/ihedn.fr\\\/notre-selection\\\/sommet-de-lotan-garantir-que-la-photo-de-famille-reste-souriante\\\/#primaryimage\"},\"thumbnailUrl\":\"https:\\\/\\\/ihedn.fr\\\/wp-content\\\/uploads\\\/2025\\\/06\\\/BANDEAU_LIH_23062025-1.jpg\",\"datePublished\":\"2025-06-23T13:57:31+00:00\",\"dateModified\":\"2025-09-03T12:14:55+00:00\",\"description\":\"Les 32 \u00c9tats membres de l\u2019Organisation du trait\u00e9 de l\u2019Atlantique nord se r\u00e9unissent mardi et mercredi \u00e0 La Haye (Pays-Bas). Guillaume Lasconjarias, directeur des \u00e9tudes et de la recherche de l\u2019IHEDN et ancien chercheur au Coll\u00e8ge de d\u00e9fense de l\u2019OTAN, d\u00e9crypte les enjeux de cette rencontre tr\u00e8s attendue.\",\"breadcrumb\":{\"@id\":\"https:\\\/\\\/ihedn.fr\\\/notre-selection\\\/sommet-de-lotan-garantir-que-la-photo-de-famille-reste-souriante\\\/#breadcrumb\"},\"inLanguage\":\"en-GB\",\"potentialAction\":[{\"@type\":\"ReadAction\",\"target\":[\"https:\\\/\\\/ihedn.fr\\\/notre-selection\\\/sommet-de-lotan-garantir-que-la-photo-de-famille-reste-souriante\\\/\"]}]},{\"@type\":\"ImageObject\",\"inLanguage\":\"en-GB\",\"@id\":\"https:\\\/\\\/ihedn.fr\\\/notre-selection\\\/sommet-de-lotan-garantir-que-la-photo-de-famille-reste-souriante\\\/#primaryimage\",\"url\":\"https:\\\/\\\/ihedn.fr\\\/wp-content\\\/uploads\\\/2025\\\/06\\\/BANDEAU_LIH_23062025-1.jpg\",\"contentUrl\":\"https:\\\/\\\/ihedn.fr\\\/wp-content\\\/uploads\\\/2025\\\/06\\\/BANDEAU_LIH_23062025-1.jpg\",\"width\":1920,\"height\":1080,\"caption\":\"Les chefs d\u2019Etat et de gouvernement des 32 \u00c9tats membres lors du pr\u00e9c\u00e9dent sommet de Washington, en juillet 2024.\"},{\"@type\":\"BreadcrumbList\",\"@id\":\"https:\\\/\\\/ihedn.fr\\\/notre-selection\\\/sommet-de-lotan-garantir-que-la-photo-de-famille-reste-souriante\\\/#breadcrumb\",\"itemListElement\":[{\"@type\":\"ListItem\",\"position\":1,\"name\":\"Accueil\",\"item\":\"https:\\\/\\\/ihedn.fr\\\/\"},{\"@type\":\"ListItem\",\"position\":2,\"name\":\"Sommet de l\u2019OTAN : \u00ab Garantir que la photo de famille reste souriante \u00bb\"}]},{\"@type\":\"WebSite\",\"@id\":\"https:\\\/\\\/ihedn.fr\\\/#website\",\"url\":\"https:\\\/\\\/ihedn.fr\\\/\",\"name\":\"IHEDN : Institut des hautes \u00e9tudes de d\u00e9fense nationale |\",\"description\":\"Site officiel de l&#039;IHEDN plac\u00e9 sous la tutelle du Premier ministre.\",\"publisher\":{\"@id\":\"https:\\\/\\\/ihedn.fr\\\/#organization\"},\"potentialAction\":[{\"@type\":\"SearchAction\",\"target\":{\"@type\":\"EntryPoint\",\"urlTemplate\":\"https:\\\/\\\/ihedn.fr\\\/?s={search_term_string}\"},\"query-input\":{\"@type\":\"PropertyValueSpecification\",\"valueRequired\":true,\"valueName\":\"search_term_string\"}}],\"inLanguage\":\"en-GB\"},{\"@type\":\"Organization\",\"@id\":\"https:\\\/\\\/ihedn.fr\\\/#organization\",\"name\":\"IHEDN - Institut des Hautes Etudes de D\u00e9fense Nationale\",\"url\":\"https:\\\/\\\/ihedn.fr\\\/\",\"logo\":{\"@type\":\"ImageObject\",\"inLanguage\":\"en-GB\",\"@id\":\"https:\\\/\\\/ihedn.fr\\\/#\\\/schema\\\/logo\\\/image\\\/\",\"url\":\"https:\\\/\\\/ihedn.fr\\\/wp-content\\\/uploads\\\/2020\\\/11\\\/BLOC_RF_IHEDN_WEB.png\",\"contentUrl\":\"https:\\\/\\\/ihedn.fr\\\/wp-content\\\/uploads\\\/2020\\\/11\\\/BLOC_RF_IHEDN_WEB.png\",\"width\":500,\"height\":237,\"caption\":\"IHEDN - Institut des Hautes Etudes de D\u00e9fense Nationale\"},\"image\":{\"@id\":\"https:\\\/\\\/ihedn.fr\\\/#\\\/schema\\\/logo\\\/image\\\/\"},\"sameAs\":[\"https:\\\/\\\/www.facebook.com\\\/ihedn\\\/\",\"https:\\\/\\\/x.com\\\/IHEDN\",\"https:\\\/\\\/www.instagram.com\\\/ihedn\\\/\",\"https:\\\/\\\/www.linkedin.com\\\/school\\\/ihedn\\\/\",\"https:\\\/\\\/fr.wikipedia.org\\\/wiki\\\/Institut_des_hautes_\u00e9tudes_de_D\u00e9fense_nationale\"]},{\"@type\":\"Person\",\"@id\":\"https:\\\/\\\/ihedn.fr\\\/#\\\/schema\\\/person\\\/16d49c2bd0121499ea9b9023ce89826c\",\"name\":\"Ad\u00e8le Thoumieux\",\"image\":{\"@type\":\"ImageObject\",\"inLanguage\":\"en-GB\",\"@id\":\"https:\\\/\\\/secure.gravatar.com\\\/avatar\\\/64fc58d14679bdd185946349bcb229b06e37d30d6290c2bec15f1daa8f8e0ece?s=96&d=mm&r=g\",\"url\":\"https:\\\/\\\/secure.gravatar.com\\\/avatar\\\/64fc58d14679bdd185946349bcb229b06e37d30d6290c2bec15f1daa8f8e0ece?s=96&d=mm&r=g\",\"contentUrl\":\"https:\\\/\\\/secure.gravatar.com\\\/avatar\\\/64fc58d14679bdd185946349bcb229b06e37d30d6290c2bec15f1daa8f8e0ece?s=96&d=mm&r=g\",\"caption\":\"Ad\u00e8le Thoumieux\"},\"sameAs\":[\"http:\\\/\\\/ihedn.fr\"],\"url\":\"https:\\\/\\\/ihedn.fr\\\/en\\\/author\\\/thoumieux\\\/\"}]}<\/script>\n<!-- \/ Yoast SEO plugin. -->","yoast_head_json":{"title":"NATO Summit: \"Keeping the family photo smiling\" - L'IHEDN : Institut des hautes \u00e9tudes de d\u00e9fense nationale (in French)","description":"The 32 member states of the North Atlantic Treaty Organisation meet on Tuesday and Wednesday in The Hague (Netherlands). Guillaume Lasconjarias, Director of Studies and Research at the IHEDN and former researcher at the NATO Defence College, explains what is at stake at this highly anticipated meeting.","robots":{"index":"index","follow":"follow","max-snippet":"max-snippet:-1","max-image-preview":"max-image-preview:large","max-video-preview":"max-video-preview:-1"},"canonical":"https:\/\/ihedn.fr\/en\/notre-selection\/sommet-de-lotan-garantir-que-la-photo-de-famille-reste-souriante\/","og_locale":"en_GB","og_type":"article","og_title":"Sommet de l\u2019OTAN : \u00ab Garantir que la photo de famille reste souriante \u00bb","og_description":"Les 32 \u00c9tats membres de l\u2019Organisation du trait\u00e9 de l\u2019Atlantique nord se r\u00e9unissent mardi et mercredi \u00e0 La Haye (Pays-Bas). Guillaume Lasconjarias, directeur des \u00e9tudes et de la recherche de l\u2019IHEDN et ancien chercheur au Coll\u00e8ge de d\u00e9fense de l\u2019OTAN, d\u00e9crypte les enjeux de cette rencontre tr\u00e8s attendue.","og_url":"https:\/\/ihedn.fr\/en\/notre-selection\/sommet-de-lotan-garantir-que-la-photo-de-famille-reste-souriante\/","og_site_name":"L&#039;IHEDN : Institut des hautes \u00e9tudes de d\u00e9fense nationale","article_publisher":"https:\/\/www.facebook.com\/ihedn\/","article_published_time":"2025-06-23T13:57:31+00:00","article_modified_time":"2025-09-03T12:14:55+00:00","og_image":[{"width":1920,"height":1080,"url":"https:\/\/ihedn.fr\/wp-content\/uploads\/2025\/06\/BANDEAU_LIH_23062025-1.jpg","type":"image\/jpeg"}],"author":"Ad\u00e8le Thoumieux","twitter_card":"summary_large_image","twitter_title":"Sommet de l\u2019OTAN : \u00ab Garantir que la photo de famille reste souriante \u00bb","twitter_description":"Les 32 \u00c9tats membres de l\u2019Organisation du trait\u00e9 de l\u2019Atlantique nord se r\u00e9unissent mardi et mercredi \u00e0 La Haye (Pays-Bas). Guillaume Lasconjarias, directeur des \u00e9tudes et de la recherche de l\u2019IHEDN et ancien chercheur au Coll\u00e8ge de d\u00e9fense de l\u2019OTAN, d\u00e9crypte les enjeux de cette rencontre tr\u00e8s attendue.","twitter_image":"https:\/\/ihedn.fr\/wp-content\/uploads\/2025\/06\/BANDEAU_LIH_23062025-1.jpg","twitter_creator":"@IHEDN","twitter_site":"@IHEDN","twitter_misc":{"Written by":"Ad\u00e8le Thoumieux","Estimated reading time":"7 minutes"},"schema":{"@context":"https:\/\/schema.org","@graph":[{"@type":"Article","@id":"https:\/\/ihedn.fr\/notre-selection\/sommet-de-lotan-garantir-que-la-photo-de-famille-reste-souriante\/#article","isPartOf":{"@id":"https:\/\/ihedn.fr\/notre-selection\/sommet-de-lotan-garantir-que-la-photo-de-famille-reste-souriante\/"},"author":{"name":"Ad\u00e8le Thoumieux","@id":"https:\/\/ihedn.fr\/#\/schema\/person\/16d49c2bd0121499ea9b9023ce89826c"},"headline":"Sommet de l\u2019OTAN : \u00ab Garantir que la photo de famille reste souriante \u00bb","datePublished":"2025-06-23T13:57:31+00:00","dateModified":"2025-09-03T12:14:55+00:00","mainEntityOfPage":{"@id":"https:\/\/ihedn.fr\/notre-selection\/sommet-de-lotan-garantir-que-la-photo-de-famille-reste-souriante\/"},"wordCount":1240,"publisher":{"@id":"https:\/\/ihedn.fr\/#organization"},"image":{"@id":"https:\/\/ihedn.fr\/notre-selection\/sommet-de-lotan-garantir-que-la-photo-de-famille-reste-souriante\/#primaryimage"},"thumbnailUrl":"https:\/\/ihedn.fr\/wp-content\/uploads\/2025\/06\/BANDEAU_LIH_23062025-1.jpg","articleSection":["Lundis de l'IHEDN","Notre s\u00e9lection","s\u00e9curit\u00e9 internationale"],"inLanguage":"en-GB"},{"@type":"WebPage","@id":"https:\/\/ihedn.fr\/notre-selection\/sommet-de-lotan-garantir-que-la-photo-de-famille-reste-souriante\/","url":"https:\/\/ihedn.fr\/notre-selection\/sommet-de-lotan-garantir-que-la-photo-de-famille-reste-souriante\/","name":"NATO Summit: \"Keeping the family photo smiling\" - L'IHEDN : Institut des hautes \u00e9tudes de d\u00e9fense nationale (in French)","isPartOf":{"@id":"https:\/\/ihedn.fr\/#website"},"primaryImageOfPage":{"@id":"https:\/\/ihedn.fr\/notre-selection\/sommet-de-lotan-garantir-que-la-photo-de-famille-reste-souriante\/#primaryimage"},"image":{"@id":"https:\/\/ihedn.fr\/notre-selection\/sommet-de-lotan-garantir-que-la-photo-de-famille-reste-souriante\/#primaryimage"},"thumbnailUrl":"https:\/\/ihedn.fr\/wp-content\/uploads\/2025\/06\/BANDEAU_LIH_23062025-1.jpg","datePublished":"2025-06-23T13:57:31+00:00","dateModified":"2025-09-03T12:14:55+00:00","description":"The 32 member states of the North Atlantic Treaty Organisation meet on Tuesday and Wednesday in The Hague (Netherlands). Guillaume Lasconjarias, Director of Studies and Research at the IHEDN and former researcher at the NATO Defence College, explains what is at stake at this highly anticipated meeting.","breadcrumb":{"@id":"https:\/\/ihedn.fr\/notre-selection\/sommet-de-lotan-garantir-que-la-photo-de-famille-reste-souriante\/#breadcrumb"},"inLanguage":"en-GB","potentialAction":[{"@type":"ReadAction","target":["https:\/\/ihedn.fr\/notre-selection\/sommet-de-lotan-garantir-que-la-photo-de-famille-reste-souriante\/"]}]},{"@type":"ImageObject","inLanguage":"en-GB","@id":"https:\/\/ihedn.fr\/notre-selection\/sommet-de-lotan-garantir-que-la-photo-de-famille-reste-souriante\/#primaryimage","url":"https:\/\/ihedn.fr\/wp-content\/uploads\/2025\/06\/BANDEAU_LIH_23062025-1.jpg","contentUrl":"https:\/\/ihedn.fr\/wp-content\/uploads\/2025\/06\/BANDEAU_LIH_23062025-1.jpg","width":1920,"height":1080,"caption":"Les chefs d\u2019Etat et de gouvernement des 32 \u00c9tats membres lors du pr\u00e9c\u00e9dent sommet de Washington, en juillet 2024."},{"@type":"BreadcrumbList","@id":"https:\/\/ihedn.fr\/notre-selection\/sommet-de-lotan-garantir-que-la-photo-de-famille-reste-souriante\/#breadcrumb","itemListElement":[{"@type":"ListItem","position":1,"name":"Accueil","item":"https:\/\/ihedn.fr\/"},{"@type":"ListItem","position":2,"name":"Sommet de l\u2019OTAN : \u00ab Garantir que la photo de famille reste souriante \u00bb"}]},{"@type":"WebSite","@id":"https:\/\/ihedn.fr\/#website","url":"https:\/\/ihedn.fr\/","name":"IHEDN: Institut des hautes \u00e9tudes de d\u00e9fense nationale (Institute for Higher National Defence Studies)","description":"Official website of the IHEDN under the supervision of the Prime Minister.","publisher":{"@id":"https:\/\/ihedn.fr\/#organization"},"potentialAction":[{"@type":"SearchAction","target":{"@type":"EntryPoint","urlTemplate":"https:\/\/ihedn.fr\/?s={search_term_string}"},"query-input":{"@type":"PropertyValueSpecification","valueRequired":true,"valueName":"search_term_string"}}],"inLanguage":"en-GB"},{"@type":"Organization","@id":"https:\/\/ihedn.fr\/#organization","name":"IHEDN - Institute for Higher National Defence Studies","url":"https:\/\/ihedn.fr\/","logo":{"@type":"ImageObject","inLanguage":"en-GB","@id":"https:\/\/ihedn.fr\/#\/schema\/logo\/image\/","url":"https:\/\/ihedn.fr\/wp-content\/uploads\/2020\/11\/BLOC_RF_IHEDN_WEB.png","contentUrl":"https:\/\/ihedn.fr\/wp-content\/uploads\/2020\/11\/BLOC_RF_IHEDN_WEB.png","width":500,"height":237,"caption":"IHEDN - Institut des Hautes Etudes de D\u00e9fense Nationale"},"image":{"@id":"https:\/\/ihedn.fr\/#\/schema\/logo\/image\/"},"sameAs":["https:\/\/www.facebook.com\/ihedn\/","https:\/\/x.com\/IHEDN","https:\/\/www.instagram.com\/ihedn\/","https:\/\/www.linkedin.com\/school\/ihedn\/","https:\/\/fr.wikipedia.org\/wiki\/Institut_des_hautes_\u00e9tudes_de_D\u00e9fense_nationale"]},{"@type":"Person","@id":"https:\/\/ihedn.fr\/#\/schema\/person\/16d49c2bd0121499ea9b9023ce89826c","name":"Ad\u00e8le Thoumieux","image":{"@type":"ImageObject","inLanguage":"en-GB","@id":"https:\/\/secure.gravatar.com\/avatar\/64fc58d14679bdd185946349bcb229b06e37d30d6290c2bec15f1daa8f8e0ece?s=96&d=mm&r=g","url":"https:\/\/secure.gravatar.com\/avatar\/64fc58d14679bdd185946349bcb229b06e37d30d6290c2bec15f1daa8f8e0ece?s=96&d=mm&r=g","contentUrl":"https:\/\/secure.gravatar.com\/avatar\/64fc58d14679bdd185946349bcb229b06e37d30d6290c2bec15f1daa8f8e0ece?s=96&d=mm&r=g","caption":"Ad\u00e8le Thoumieux"},"sameAs":["http:\/\/ihedn.fr"],"url":"https:\/\/ihedn.fr\/en\/author\/thoumieux\/"}]}},"publishpress_future_action":{"enabled":false,"date":"2026-05-09 11:11:26","action":"change-status","newStatus":"draft","terms":[],"taxonomy":"category","extraData":[]},"publishpress_future_workflow_manual_trigger":{"enabledWorkflows":[]},"_links":{"self":[{"href":"https:\/\/ihedn.fr\/en\/wp-json\/wp\/v2\/posts\/54672","targetHints":{"allow":["GET"]}}],"collection":[{"href":"https:\/\/ihedn.fr\/en\/wp-json\/wp\/v2\/posts"}],"about":[{"href":"https:\/\/ihedn.fr\/en\/wp-json\/wp\/v2\/types\/post"}],"author":[{"embeddable":true,"href":"https:\/\/ihedn.fr\/en\/wp-json\/wp\/v2\/users\/12"}],"replies":[{"embeddable":true,"href":"https:\/\/ihedn.fr\/en\/wp-json\/wp\/v2\/comments?post=54672"}],"version-history":[{"count":11,"href":"https:\/\/ihedn.fr\/en\/wp-json\/wp\/v2\/posts\/54672\/revisions"}],"predecessor-version":[{"id":54686,"href":"https:\/\/ihedn.fr\/en\/wp-json\/wp\/v2\/posts\/54672\/revisions\/54686"}],"wp:featuredmedia":[{"embeddable":true,"href":"https:\/\/ihedn.fr\/en\/wp-json\/wp\/v2\/media\/54685"}],"wp:attachment":[{"href":"https:\/\/ihedn.fr\/en\/wp-json\/wp\/v2\/media?parent=54672"}],"wp:term":[{"taxonomy":"category","embeddable":true,"href":"https:\/\/ihedn.fr\/en\/wp-json\/wp\/v2\/categories?post=54672"},{"taxonomy":"post_tag","embeddable":true,"href":"https:\/\/ihedn.fr\/en\/wp-json\/wp\/v2\/tags?post=54672"}],"curies":[{"name":"wp","href":"https:\/\/api.w.org\/{rel}","templated":true}]}}