{"id":54697,"date":"2025-06-23T16:38:19","date_gmt":"2025-06-23T15:38:19","guid":{"rendered":"https:\/\/ihedn.fr\/?p=54697"},"modified":"2025-06-24T15:54:59","modified_gmt":"2025-06-24T14:54:59","slug":"cloture-de-la-4e-session-nationale-de-lihedn","status":"publish","type":"post","link":"https:\/\/ihedn.fr\/en\/notre-actualite\/cloture-de-la-4e-session-nationale-de-lihedn\/","title":{"rendered":"Closing of the 4th national session of the IHEDN"},"content":{"rendered":"<div data-elementor-type=\"wp-post\" data-elementor-id=\"54697\" class=\"elementor elementor-54697\" data-elementor-post-type=\"post\">\n\t\t\t\t<div data-particle_enable=\"false\" data-particle-mobile-disabled=\"false\" class=\"elementor-element elementor-element-93a82e0 e-con-full e-flex e-con e-parent\" data-id=\"93a82e0\" data-element_type=\"container\" data-e-type=\"container\">\n\t\t\t\t<div class=\"elementor-element elementor-element-79a2a8c elementor-widget elementor-widget-text-editor\" data-id=\"79a2a8c\" data-element_type=\"widget\" data-e-type=\"widget\" data-widget_type=\"text-editor.default\">\n\t\t\t\t<div class=\"elementor-widget-container\">\n\t\t\t\t\t\t\t\t\t<p>On Friday, the Foch amphitheatre at the \u00c9cole Militaire was alive with emotion and reunion. The solemn yet convivial closing ceremony included committee presentations, graduation ceremonies, a number of themed round tables and a gala evening. The 284 auditors of the 2024-2025 national session celebrated the end of a demanding year of training, with a crucial theme to decipher: \"France facing the challenges of strategic change\".<\/p><p>Throughout the year, the auditors - divided into five thematic majors: Armaments and Defence Economics (AED), Economic Defence and Security (DSE), Defence Policy (PolDef), Maritime Issues and Strategies (ESM), Digital Sovereignty and Cybersecurity (SNC) - followed a dense programme, spread over some forty days, to cross viewpoints, debate and reflect collectively on the strategic challenges of tomorrow and propose concrete recommendations for public action. They met many high-level civilian and military officials, visited strategic sites in France and took part in international study missions. These trips took them from French Guiana to Morocco, via the United Arab Emirates, the United States and Brazil, strengthening their understanding of national and international defence issues in a constantly changing geopolitical context.<\/p><p>The work carried out by the committees will be forwarded to the Prime Minister's office, which is responsible for overseeing the Institute, thereby helping to inform public policy on defence and national security.<\/p><p>Lieutenant General Herv\u00e9 de Courr\u00e8ges, Director of the IHEDN, concluded the session by congratulating the students for having radiated the spirit of the IHEDN throughout the year. A spirit that he described as a true family spirit, founded on four essential values: a sense of community, transmission, a positive culture and a commitment to the future. It is now up to the auditors to bring these values to life, to carry on the missions entrusted to them within their functions, and to contribute actively, each in his or her own place, to the defence and future of our nation.<\/p><h5><span style=\"text-decoration: underline;\"><strong>Fran\u00e7ois Bayrou: \"Building a stronger, more united and more clear-sighted nation\".<\/strong><\/span><\/h5><p>The highlight of the day was the closing address by Prime Minister Fran\u00e7ois Bayrou to a packed amphitheatre.<\/p><p>The Prime Minister opened his speech by going back over the origins of the Institut des hautes \u00e9tudes de d\u00e9fense nationale (IHEDN), which was created against a backdrop of strategic rethinking, with the essential mission of training the nation's decision-makers in defence, security and sovereignty issues.<\/p><p>He recalled that national defence is a collective endeavour, involving every citizen. Being involved in defence means contributing to the country's protection and strategic interests in all areas - business, the media, government, the armed forces and politics. IHEDN embodies this link between civil society and military authority, between strategic thinking and practical action.<\/p><p>He then praised the work of the national session, held throughout the year on the theme of \"strategic breakthroughs\", which is more topical than ever. Over the past four years, we have witnessed a series of major upheavals - geopolitical, technological and economic - that have called into question our points of reference, weakened our alliances, challenged our democracies and shaken up Europe. This \"tilting of the world\" requires us to adapt.<\/p><p>Faced with this strategic earthquake, he called for a collective rethink of national defence, not only in its military dimensions, but also in its economic, industrial and political dimensions. He recalled France's unique position in the international community, as well as the foundations of its defence strategy, centred on deterrence, while emphasising the ongoing efforts to adapt in response to the profound changes in the world order.<\/p><p>Finally, he urged the participants to continue the commitment they had begun this year: \"If you don't want to suffer the chaos of the world, you have to analyse it, understand it and take action. You have done this throughout this course. Now it's up to you to work together to build a stronger, more united and more clear-sighted nation. For the auditors' mission has only just begun: they now have the responsibility of preparing France for the challenges of tomorrow and actively contributing to its place in a changing world. \"Today's meditators will be tomorrow's men and women of action.<\/p><p><strong>Watch his speech on our YouTube channel:<\/strong><\/p>\t\t\t\t\t\t\t\t<\/div>\n\t\t\t\t<\/div>\n\t\t<div data-particle_enable=\"false\" data-particle-mobile-disabled=\"false\" class=\"elementor-element elementor-element-f9a7c65 e-flex e-con-boxed e-con e-child\" data-id=\"f9a7c65\" data-element_type=\"container\" data-e-type=\"container\">\n\t\t\t\t\t<div class=\"e-con-inner\">\n\t\t\t\t<div class=\"elementor-element elementor-element-c10be6c elementor-widget elementor-widget-video\" data-id=\"c10be6c\" data-element_type=\"widget\" data-e-type=\"widget\" data-settings=\"{&quot;youtube_url&quot;:&quot;https:\\\/\\\/www.youtube.com\\\/watch?v=Xnfk4oqXncI&amp;t=11s&quot;,&quot;video_type&quot;:&quot;youtube&quot;,&quot;controls&quot;:&quot;yes&quot;}\" data-widget_type=\"video.default\">\n\t\t\t\t<div class=\"elementor-widget-container\">\n\t\t\t\t\t\t\t<div class=\"elementor-wrapper elementor-open-inline\">\n\t\t\t<div class=\"elementor-video\"><\/div>\t\t<\/div>\n\t\t\t\t\t\t<\/div>\n\t\t\t\t<\/div>\n\t\t\t\t\t<\/div>\n\t\t\t\t<\/div>\n\t\t<div data-particle_enable=\"false\" data-particle-mobile-disabled=\"false\" class=\"elementor-element elementor-element-759dd13 e-flex e-con-boxed e-con e-child\" data-id=\"759dd13\" data-element_type=\"container\" data-e-type=\"container\">\n\t\t\t\t\t<div class=\"e-con-inner\">\n\t\t\t\t<div class=\"elementor-element elementor-element-d1b0c1c elementor-arrows-position-inside elementor-pagination-position-outside elementor-widget elementor-widget-image-carousel\" data-id=\"d1b0c1c\" data-element_type=\"widget\" data-e-type=\"widget\" data-settings=\"{&quot;navigation&quot;:&quot;both&quot;,&quot;autoplay&quot;:&quot;yes&quot;,&quot;pause_on_hover&quot;:&quot;yes&quot;,&quot;pause_on_interaction&quot;:&quot;yes&quot;,&quot;autoplay_speed&quot;:5000,&quot;infinite&quot;:&quot;yes&quot;,&quot;speed&quot;:500,&quot;image_spacing_custom&quot;:{&quot;unit&quot;:&quot;px&quot;,&quot;size&quot;:20,&quot;sizes&quot;:[]},&quot;image_spacing_custom_tablet&quot;:{&quot;unit&quot;:&quot;px&quot;,&quot;size&quot;:&quot;&quot;,&quot;sizes&quot;:[]},&quot;image_spacing_custom_mobile&quot;:{&quot;unit&quot;:&quot;px&quot;,&quot;size&quot;:&quot;&quot;,&quot;sizes&quot;:[]}}\" data-widget_type=\"image-carousel.default\">\n\t\t\t\t<div class=\"elementor-widget-container\">\n\t\t\t\t\t\t\t<div class=\"elementor-image-carousel-wrapper swiper\" role=\"region\" aria-roledescription=\"carousel\" aria-label=\"Image carousel\" dir=\"ltr\">\n\t\t\t<div class=\"elementor-image-carousel swiper-wrapper\" aria-live=\"off\">\n\t\t\t\t\t\t\t\t<div class=\"swiper-slide\" role=\"group\" aria-roledescription=\"slide\" aria-label=\"1 of 19\"><figure class=\"swiper-slide-inner\"><img decoding=\"async\" class=\"swiper-slide-image\" src=\"https:\/\/ihedn.fr\/wp-content\/uploads\/2025\/06\/image-plessix-1-768x768.jpg\" alt=\"image plessix 1\" \/><\/figure><\/div><div class=\"swiper-slide\" role=\"group\" aria-roledescription=\"slide\" aria-label=\"2 of 19\"><figure class=\"swiper-slide-inner\"><img decoding=\"async\" class=\"swiper-slide-image\" src=\"https:\/\/ihedn.fr\/wp-content\/uploads\/2025\/06\/image-plessix-2-768x768.jpg\" alt=\"image plessix 2\" \/><\/figure><\/div><div class=\"swiper-slide\" role=\"group\" aria-roledescription=\"slide\" aria-label=\"3 of 19\"><figure class=\"swiper-slide-inner\"><img decoding=\"async\" class=\"swiper-slide-image\" src=\"https:\/\/ihedn.fr\/wp-content\/uploads\/2025\/06\/TR-1-image-1-768x768.jpg\" alt=\"TR 1 - image 1\" \/><\/figure><\/div><div class=\"swiper-slide\" role=\"group\" aria-roledescription=\"slide\" aria-label=\"4 of 19\"><figure class=\"swiper-slide-inner\"><img decoding=\"async\" class=\"swiper-slide-image\" src=\"https:\/\/ihedn.fr\/wp-content\/uploads\/2025\/06\/TR-1-image-2-768x768.jpg\" alt=\"TR 1 - image 2\" \/><\/figure><\/div><div class=\"swiper-slide\" role=\"group\" aria-roledescription=\"slide\" aria-label=\"5 of 19\"><figure class=\"swiper-slide-inner\"><img decoding=\"async\" class=\"swiper-slide-image\" src=\"https:\/\/ihedn.fr\/wp-content\/uploads\/2025\/06\/TR-2-image-1-768x768.jpg\" alt=\"TR 2 - image 1\" \/><\/figure><\/div><div class=\"swiper-slide\" role=\"group\" aria-roledescription=\"slide\" aria-label=\"6 of 19\"><figure class=\"swiper-slide-inner\"><img decoding=\"async\" class=\"swiper-slide-image\" src=\"https:\/\/ihedn.fr\/wp-content\/uploads\/2025\/06\/TR-2-image-2-768x768.jpg\" alt=\"TR 2 - image 2\" \/><\/figure><\/div><div class=\"swiper-slide\" role=\"group\" aria-roledescription=\"slide\" aria-label=\"7 of 19\"><figure class=\"swiper-slide-inner\"><img decoding=\"async\" class=\"swiper-slide-image\" src=\"https:\/\/ihedn.fr\/wp-content\/uploads\/2025\/06\/TR-3-image-1-768x768.jpg\" alt=\"TR 3 - image 1\" \/><\/figure><\/div><div class=\"swiper-slide\" role=\"group\" aria-roledescription=\"slide\" aria-label=\"8 of 19\"><figure class=\"swiper-slide-inner\"><img decoding=\"async\" class=\"swiper-slide-image\" src=\"https:\/\/ihedn.fr\/wp-content\/uploads\/2025\/06\/TR-3-image-2-768x768.jpg\" alt=\"TR 3 - image 2\" \/><\/figure><\/div><div class=\"swiper-slide\" role=\"group\" aria-roledescription=\"slide\" aria-label=\"9 of 19\"><figure class=\"swiper-slide-inner\"><img decoding=\"async\" class=\"swiper-slide-image\" src=\"https:\/\/ihedn.fr\/wp-content\/uploads\/2025\/06\/TR-4-image-1-768x768.jpg\" alt=\"TR 4 - image 1\" \/><\/figure><\/div><div class=\"swiper-slide\" role=\"group\" aria-roledescription=\"slide\" aria-label=\"10 of 19\"><figure class=\"swiper-slide-inner\"><img decoding=\"async\" class=\"swiper-slide-image\" src=\"https:\/\/ihedn.fr\/wp-content\/uploads\/2025\/06\/TR-4-image-2-768x768.jpg\" alt=\"TR 4 - image 2\" \/><\/figure><\/div><div class=\"swiper-slide\" role=\"group\" aria-roledescription=\"slide\" aria-label=\"11 of 19\"><figure class=\"swiper-slide-inner\"><img decoding=\"async\" class=\"swiper-slide-image\" src=\"https:\/\/ihedn.fr\/wp-content\/uploads\/2025\/06\/image-HdC-2-768x768.jpg\" alt=\"image HdC 2\" \/><\/figure><\/div><div class=\"swiper-slide\" role=\"group\" aria-roledescription=\"slide\" aria-label=\"12 of 19\"><figure class=\"swiper-slide-inner\"><img decoding=\"async\" class=\"swiper-slide-image\" src=\"https:\/\/ihedn.fr\/wp-content\/uploads\/2025\/06\/image-HdC-1-768x768.jpg\" alt=\"image HdC 1\" \/><\/figure><\/div><div class=\"swiper-slide\" role=\"group\" aria-roledescription=\"slide\" aria-label=\"13 of 19\"><figure class=\"swiper-slide-inner\"><img decoding=\"async\" class=\"swiper-slide-image\" src=\"https:\/\/ihedn.fr\/wp-content\/uploads\/2025\/06\/Auditeurs-2-768x768.jpg\" alt=\"Auditeurs 2\" \/><\/figure><\/div><div class=\"swiper-slide\" role=\"group\" aria-roledescription=\"slide\" aria-label=\"14 of 19\"><figure class=\"swiper-slide-inner\"><img decoding=\"async\" class=\"swiper-slide-image\" src=\"https:\/\/ihedn.fr\/wp-content\/uploads\/2025\/06\/equipe-IH-2-768x768.jpg\" alt=\"\u00e9quipe IH 2\" \/><\/figure><\/div><div class=\"swiper-slide\" role=\"group\" aria-roledescription=\"slide\" aria-label=\"15 of 19\"><figure class=\"swiper-slide-inner\"><img decoding=\"async\" class=\"swiper-slide-image\" src=\"https:\/\/ihedn.fr\/wp-content\/uploads\/2025\/06\/equipe-IH-1-768x768.jpg\" alt=\"\u00e9quipe IH 1\" \/><\/figure><\/div><div class=\"swiper-slide\" role=\"group\" aria-roledescription=\"slide\" aria-label=\"16 of 19\"><figure class=\"swiper-slide-inner\"><img decoding=\"async\" class=\"swiper-slide-image\" src=\"https:\/\/ihedn.fr\/wp-content\/uploads\/2025\/06\/Bayrou-1-768x768.jpg\" alt=\"Bayrou 1\" \/><\/figure><\/div><div class=\"swiper-slide\" role=\"group\" aria-roledescription=\"slide\" aria-label=\"17 of 19\"><figure class=\"swiper-slide-inner\"><img decoding=\"async\" class=\"swiper-slide-image\" src=\"https:\/\/ihedn.fr\/wp-content\/uploads\/2025\/06\/Bayrou-2-768x768.jpg\" alt=\"Bayrou 2\" \/><\/figure><\/div><div class=\"swiper-slide\" role=\"group\" aria-roledescription=\"slide\" aria-label=\"18 of 19\"><figure class=\"swiper-slide-inner\"><img decoding=\"async\" class=\"swiper-slide-image\" src=\"https:\/\/ihedn.fr\/wp-content\/uploads\/2025\/06\/Bayrou-3-768x768.jpg\" alt=\"Bayrou 3\" \/><\/figure><\/div><div class=\"swiper-slide\" role=\"group\" aria-roledescription=\"slide\" aria-label=\"19 of 19\"><figure class=\"swiper-slide-inner\"><img decoding=\"async\" class=\"swiper-slide-image\" src=\"https:\/\/ihedn.fr\/wp-content\/uploads\/2025\/06\/Auditeurs-1-768x768.jpg\" alt=\"Auditeurs 1\" \/><\/figure><\/div>\t\t\t<\/div>\n\t\t\t\t\t\t\t\t\t\t\t\t<div class=\"elementor-swiper-button elementor-swiper-button-prev\" role=\"button\" tabindex=\"0\">\n\t\t\t\t\t\t<svg aria-hidden=\"true\" class=\"e-font-icon-svg e-eicon-chevron-left\" viewbox=\"0 0 1000 1000\" xmlns=\"http:\/\/www.w3.org\/2000\/svg\"><path d=\"M646 125C629 125 613 133 604 142L308 442C296 454 292 471 292 487 292 504 296 521 308 533L604 854C617 867 629 875 646 875 663 875 679 871 692 858 704 846 713 829 713 812 713 796 708 779 692 767L438 487 692 225C700 217 708 204 708 187 708 171 704 154 692 142 675 129 663 125 646 125Z\"><\/path><\/svg>\t\t\t\t\t<\/div>\n\t\t\t\t\t<div class=\"elementor-swiper-button elementor-swiper-button-next\" role=\"button\" tabindex=\"0\">\n\t\t\t\t\t\t<svg aria-hidden=\"true\" class=\"e-font-icon-svg e-eicon-chevron-right\" viewbox=\"0 0 1000 1000\" xmlns=\"http:\/\/www.w3.org\/2000\/svg\"><path d=\"M696 533C708 521 713 504 713 487 713 471 708 454 696 446L400 146C388 133 375 125 354 125 338 125 325 129 313 142 300 154 292 171 292 187 292 204 296 221 308 233L563 492 304 771C292 783 288 800 288 817 288 833 296 850 308 863 321 871 338 875 354 875 371 875 388 867 400 854L696 533Z\"><\/path><\/svg>\t\t\t\t\t<\/div>\n\t\t\t\t\n\t\t\t\t\t\t\t\t\t<div class=\"swiper-pagination\"><\/div>\n\t\t\t\t\t\t\t\t\t<\/div>\n\t\t\t\t\t\t<\/div>\n\t\t\t\t<\/div>\n\t\t\t\t<div class=\"elementor-element elementor-element-af26a29 elementor-widget elementor-widget-image\" data-id=\"af26a29\" data-element_type=\"widget\" data-e-type=\"widget\" data-widget_type=\"image.default\">\n\t\t\t\t<div class=\"elementor-widget-container\">\n\t\t\t\t\t\t\t\t\t\t\t\t<figure class=\"wp-caption\">\n\t\t\t\t\t\t\t\t\t\t<img fetchpriority=\"high\" decoding=\"async\" width=\"1920\" height=\"1357\" src=\"https:\/\/ihedn.fr\/wp-content\/uploads\/2025\/06\/4e_SN_AED_officielle_print.jpg\" class=\"attachment-full size-full wp-image-54719\" alt=\"4e session nationale - AED photo officielle\" srcset=\"https:\/\/ihedn.fr\/wp-content\/uploads\/2025\/06\/4e_SN_AED_officielle_print.jpg 1920w, https:\/\/ihedn.fr\/wp-content\/uploads\/2025\/06\/4e_SN_AED_officielle_print-1536x1086.jpg 1536w, https:\/\/ihedn.fr\/wp-content\/uploads\/2025\/06\/4e_SN_AED_officielle_print-18x12.jpg 18w\" sizes=\"(max-width: 1920px) 100vw, 1920px\" \/>\t\t\t\t\t\t\t\t\t\t\t<figcaption class=\"widget-image-caption wp-caption-text\"><\/figcaption>\n\t\t\t\t\t\t\t\t\t\t<\/figure>\n\t\t\t\t\t\t\t\t\t<\/div>\n\t\t\t\t<\/div>\n\t\t\t\t<div class=\"elementor-element elementor-element-7d66dd3 elementor-widget elementor-widget-image\" data-id=\"7d66dd3\" data-element_type=\"widget\" data-e-type=\"widget\" data-widget_type=\"image.default\">\n\t\t\t\t<div class=\"elementor-widget-container\">\n\t\t\t\t\t\t\t\t\t\t\t\t<figure class=\"wp-caption\">\n\t\t\t\t\t\t\t\t\t\t<img decoding=\"async\" width=\"1920\" height=\"1357\" src=\"https:\/\/ihedn.fr\/wp-content\/uploads\/2025\/06\/4e_SN_DSE_officielle_print.jpg\" class=\"attachment-full size-full wp-image-54720\" alt=\"4e session nationale - DSE photo officielle\" srcset=\"https:\/\/ihedn.fr\/wp-content\/uploads\/2025\/06\/4e_SN_DSE_officielle_print.jpg 1920w, https:\/\/ihedn.fr\/wp-content\/uploads\/2025\/06\/4e_SN_DSE_officielle_print-1536x1086.jpg 1536w, https:\/\/ihedn.fr\/wp-content\/uploads\/2025\/06\/4e_SN_DSE_officielle_print-18x12.jpg 18w\" sizes=\"(max-width: 1920px) 100vw, 1920px\" \/>\t\t\t\t\t\t\t\t\t\t\t<figcaption class=\"widget-image-caption wp-caption-text\"><\/figcaption>\n\t\t\t\t\t\t\t\t\t\t<\/figure>\n\t\t\t\t\t\t\t\t\t<\/div>\n\t\t\t\t<\/div>\n\t\t\t\t<div class=\"elementor-element elementor-element-f6da072 elementor-widget elementor-widget-image\" data-id=\"f6da072\" data-element_type=\"widget\" data-e-type=\"widget\" data-widget_type=\"image.default\">\n\t\t\t\t<div class=\"elementor-widget-container\">\n\t\t\t\t\t\t\t\t\t\t\t\t<figure class=\"wp-caption\">\n\t\t\t\t\t\t\t\t\t\t<img decoding=\"async\" width=\"1920\" height=\"1357\" src=\"https:\/\/ihedn.fr\/wp-content\/uploads\/2025\/06\/4e_SN_ESM_officielle_print.jpg\" class=\"attachment-full size-full wp-image-54721\" alt=\"4e session nationale - ESM photo officielle\" srcset=\"https:\/\/ihedn.fr\/wp-content\/uploads\/2025\/06\/4e_SN_ESM_officielle_print.jpg 1920w, https:\/\/ihedn.fr\/wp-content\/uploads\/2025\/06\/4e_SN_ESM_officielle_print-1536x1086.jpg 1536w, https:\/\/ihedn.fr\/wp-content\/uploads\/2025\/06\/4e_SN_ESM_officielle_print-18x12.jpg 18w\" sizes=\"(max-width: 1920px) 100vw, 1920px\" \/>\t\t\t\t\t\t\t\t\t\t\t<figcaption class=\"widget-image-caption wp-caption-text\"><\/figcaption>\n\t\t\t\t\t\t\t\t\t\t<\/figure>\n\t\t\t\t\t\t\t\t\t<\/div>\n\t\t\t\t<\/div>\n\t\t\t\t<div class=\"elementor-element elementor-element-9ebe063 elementor-widget elementor-widget-image\" data-id=\"9ebe063\" data-element_type=\"widget\" data-e-type=\"widget\" data-widget_type=\"image.default\">\n\t\t\t\t<div class=\"elementor-widget-container\">\n\t\t\t\t\t\t\t\t\t\t\t\t<figure class=\"wp-caption\">\n\t\t\t\t\t\t\t\t\t\t<img loading=\"lazy\" decoding=\"async\" width=\"1920\" height=\"1357\" src=\"https:\/\/ihedn.fr\/wp-content\/uploads\/2025\/06\/4e_SN_POLDEF_officielle_print.jpg\" class=\"attachment-full size-full wp-image-54722\" alt=\"4e session nationale - POLDEF photo officielle\" srcset=\"https:\/\/ihedn.fr\/wp-content\/uploads\/2025\/06\/4e_SN_POLDEF_officielle_print.jpg 1920w, https:\/\/ihedn.fr\/wp-content\/uploads\/2025\/06\/4e_SN_POLDEF_officielle_print-1536x1086.jpg 1536w, https:\/\/ihedn.fr\/wp-content\/uploads\/2025\/06\/4e_SN_POLDEF_officielle_print-18x12.jpg 18w\" sizes=\"(max-width: 1920px) 100vw, 1920px\" \/>\t\t\t\t\t\t\t\t\t\t\t<figcaption class=\"widget-image-caption wp-caption-text\"><\/figcaption>\n\t\t\t\t\t\t\t\t\t\t<\/figure>\n\t\t\t\t\t\t\t\t\t<\/div>\n\t\t\t\t<\/div>\n\t\t\t\t<div class=\"elementor-element elementor-element-55df248 elementor-widget elementor-widget-image\" data-id=\"55df248\" data-element_type=\"widget\" data-e-type=\"widget\" data-widget_type=\"image.default\">\n\t\t\t\t<div class=\"elementor-widget-container\">\n\t\t\t\t\t\t\t\t\t\t\t\t<figure class=\"wp-caption\">\n\t\t\t\t\t\t\t\t\t\t<img loading=\"lazy\" decoding=\"async\" width=\"1920\" height=\"1357\" src=\"https:\/\/ihedn.fr\/wp-content\/uploads\/2025\/06\/4e_SN_SNC_officielle_print.jpg\" class=\"attachment-full size-full wp-image-54723\" alt=\"\" srcset=\"https:\/\/ihedn.fr\/wp-content\/uploads\/2025\/06\/4e_SN_SNC_officielle_print.jpg 1920w, https:\/\/ihedn.fr\/wp-content\/uploads\/2025\/06\/4e_SN_SNC_officielle_print-1536x1086.jpg 1536w, https:\/\/ihedn.fr\/wp-content\/uploads\/2025\/06\/4e_SN_SNC_officielle_print-18x12.jpg 18w\" sizes=\"(max-width: 1920px) 100vw, 1920px\" \/>\t\t\t\t\t\t\t\t\t\t\t<figcaption class=\"widget-image-caption wp-caption-text\"><\/figcaption>\n\t\t\t\t\t\t\t\t\t\t<\/figure>\n\t\t\t\t\t\t\t\t\t<\/div>\n\t\t\t\t<\/div>\n\t\t\t\t\t<\/div>\n\t\t\t\t<\/div>\n\t\t\t\t<\/div>\n\t\t\t\t<\/div>","protected":false},"excerpt":{"rendered":"<p>After an intense year of training marked by committee work, field visits and high-level conferences, the auditors of the 4th national session of the IHEDN met on 20 June 2025 at the \u00c9cole Militaire for a closing day rich in exchanges, concluded by an address from the Prime Minister, Fran\u00e7ois Bayrou.<\/p>","protected":false},"author":12,"featured_media":54709,"comment_status":"closed","ping_status":"closed","sticky":false,"template":"","format":"standard","meta":{"footnotes":""},"categories":[172],"tags":[],"class_list":["post-54697","post","type-post","status-publish","format-standard","has-post-thumbnail","hentry","category-notre-actualite"],"yoast_head":"<!-- This site is optimized with the Yoast SEO plugin v27.5 - https:\/\/yoast.com\/product\/yoast-seo-wordpress\/ -->\n<title>Cl\u00f4ture de la 4e session nationale de l\u2019IHEDN - L&#039;IHEDN : Institut des hautes \u00e9tudes de d\u00e9fense nationale<\/title>\n<meta name=\"description\" content=\"Apr\u00e8s un an de travaux et de visites, les 282 auditeurs de la 3e session nationale de l\u2019IHEDN se sont retrouv\u00e9s pour une journ\u00e9e de cl\u00f4ture riche en rencontres et \u00e9v\u00e9nements, avec une intervention remarqu\u00e9e de Thierry Breton, Commissaire europ\u00e9en au march\u00e9 int\u00e9rieur.\" \/>\n<meta name=\"robots\" content=\"index, follow, max-snippet:-1, max-image-preview:large, max-video-preview:-1\" \/>\n<link rel=\"canonical\" href=\"https:\/\/ihedn.fr\/en\/notre-actualite\/cloture-de-la-4e-session-nationale-de-lihedn\/\" \/>\n<meta property=\"og:locale\" content=\"en_GB\" \/>\n<meta property=\"og:type\" content=\"article\" \/>\n<meta property=\"og:title\" content=\"Cl\u00f4ture de la 4e session nationale de l\u2019IHEDN\" \/>\n<meta property=\"og:description\" content=\"Apr\u00e8s un an de travaux et de visites, les 282 auditeurs de la 3e session nationale de l\u2019IHEDN se sont retrouv\u00e9s pour une journ\u00e9e de cl\u00f4ture riche en rencontres et \u00e9v\u00e9nements, avec une intervention remarqu\u00e9e de Thierry Breton, Commissaire europ\u00e9en au march\u00e9 int\u00e9rieur.\" \/>\n<meta property=\"og:url\" content=\"https:\/\/ihedn.fr\/en\/notre-actualite\/cloture-de-la-4e-session-nationale-de-lihedn\/\" \/>\n<meta property=\"og:site_name\" content=\"L&#039;IHEDN : Institut des hautes \u00e9tudes de d\u00e9fense nationale\" \/>\n<meta property=\"article:publisher\" content=\"https:\/\/www.facebook.com\/ihedn\/\" \/>\n<meta property=\"article:published_time\" content=\"2025-06-23T15:38:19+00:00\" \/>\n<meta property=\"article:modified_time\" content=\"2025-06-24T14:54:59+00:00\" \/>\n<meta property=\"og:image\" content=\"https:\/\/ihedn.fr\/wp-content\/uploads\/2024\/06\/DSC_4650-150dpi.jpg\" \/>\n\t<meta property=\"og:image:width\" content=\"1844\" \/>\n\t<meta property=\"og:image:height\" content=\"1061\" \/>\n\t<meta property=\"og:image:type\" content=\"image\/jpeg\" \/>\n<meta name=\"author\" content=\"Ad\u00e8le Thoumieux\" \/>\n<meta name=\"twitter:card\" content=\"summary_large_image\" \/>\n<meta name=\"twitter:title\" content=\"Cl\u00f4ture de la 4e session nationale de l\u2019IHEDN\" \/>\n<meta name=\"twitter:description\" content=\"Apr\u00e8s un an de travaux et de visites, les 282 auditeurs de la 3e session nationale de l\u2019IHEDN se sont retrouv\u00e9s pour une journ\u00e9e de cl\u00f4ture riche en rencontres et \u00e9v\u00e9nements, avec une intervention remarqu\u00e9e de Thierry Breton, Commissaire europ\u00e9en au march\u00e9 int\u00e9rieur.\" \/>\n<meta name=\"twitter:image\" content=\"https:\/\/ihedn.fr\/wp-content\/uploads\/2024\/06\/DSC_4650-150dpi.jpg\" \/>\n<meta name=\"twitter:creator\" content=\"@IHEDN\" \/>\n<meta name=\"twitter:site\" content=\"@IHEDN\" \/>\n<meta name=\"twitter:label1\" content=\"Written by\" \/>\n\t<meta name=\"twitter:data1\" content=\"Ad\u00e8le Thoumieux\" \/>\n\t<meta name=\"twitter:label2\" content=\"Estimated reading time\" \/>\n\t<meta name=\"twitter:data2\" content=\"10 minutes\" \/>\n<script type=\"application\/ld+json\" class=\"yoast-schema-graph\">{\"@context\":\"https:\\\/\\\/schema.org\",\"@graph\":[{\"@type\":\"Article\",\"@id\":\"https:\\\/\\\/ihedn.fr\\\/notre-actualite\\\/cloture-de-la-4e-session-nationale-de-lihedn\\\/#article\",\"isPartOf\":{\"@id\":\"https:\\\/\\\/ihedn.fr\\\/notre-actualite\\\/cloture-de-la-4e-session-nationale-de-lihedn\\\/\"},\"author\":{\"name\":\"Ad\u00e8le Thoumieux\",\"@id\":\"https:\\\/\\\/ihedn.fr\\\/#\\\/schema\\\/person\\\/16d49c2bd0121499ea9b9023ce89826c\"},\"headline\":\"Cl\u00f4ture de la 4e session nationale de l\u2019IHEDN\",\"datePublished\":\"2025-06-23T15:38:19+00:00\",\"dateModified\":\"2025-06-24T14:54:59+00:00\",\"mainEntityOfPage\":{\"@id\":\"https:\\\/\\\/ihedn.fr\\\/notre-actualite\\\/cloture-de-la-4e-session-nationale-de-lihedn\\\/\"},\"wordCount\":862,\"publisher\":{\"@id\":\"https:\\\/\\\/ihedn.fr\\\/#organization\"},\"image\":{\"@id\":\"https:\\\/\\\/ihedn.fr\\\/notre-actualite\\\/cloture-de-la-4e-session-nationale-de-lihedn\\\/#primaryimage\"},\"thumbnailUrl\":\"https:\\\/\\\/ihedn.fr\\\/wp-content\\\/uploads\\\/2025\\\/06\\\/IHE_9213-1.jpg\",\"articleSection\":[\"Notre actualit\u00e9\"],\"inLanguage\":\"en-GB\"},{\"@type\":\"WebPage\",\"@id\":\"https:\\\/\\\/ihedn.fr\\\/notre-actualite\\\/cloture-de-la-4e-session-nationale-de-lihedn\\\/\",\"url\":\"https:\\\/\\\/ihedn.fr\\\/notre-actualite\\\/cloture-de-la-4e-session-nationale-de-lihedn\\\/\",\"name\":\"Cl\u00f4ture de la 4e session nationale de l\u2019IHEDN - L&#039;IHEDN : Institut des hautes \u00e9tudes de d\u00e9fense nationale\",\"isPartOf\":{\"@id\":\"https:\\\/\\\/ihedn.fr\\\/#website\"},\"primaryImageOfPage\":{\"@id\":\"https:\\\/\\\/ihedn.fr\\\/notre-actualite\\\/cloture-de-la-4e-session-nationale-de-lihedn\\\/#primaryimage\"},\"image\":{\"@id\":\"https:\\\/\\\/ihedn.fr\\\/notre-actualite\\\/cloture-de-la-4e-session-nationale-de-lihedn\\\/#primaryimage\"},\"thumbnailUrl\":\"https:\\\/\\\/ihedn.fr\\\/wp-content\\\/uploads\\\/2025\\\/06\\\/IHE_9213-1.jpg\",\"datePublished\":\"2025-06-23T15:38:19+00:00\",\"dateModified\":\"2025-06-24T14:54:59+00:00\",\"description\":\"Apr\u00e8s un an de travaux et de visites, les 282 auditeurs de la 3e session nationale de l\u2019IHEDN se sont retrouv\u00e9s pour une journ\u00e9e de cl\u00f4ture riche en rencontres et \u00e9v\u00e9nements, avec une intervention remarqu\u00e9e de Thierry Breton, Commissaire europ\u00e9en au march\u00e9 int\u00e9rieur.\",\"breadcrumb\":{\"@id\":\"https:\\\/\\\/ihedn.fr\\\/notre-actualite\\\/cloture-de-la-4e-session-nationale-de-lihedn\\\/#breadcrumb\"},\"inLanguage\":\"en-GB\",\"potentialAction\":[{\"@type\":\"ReadAction\",\"target\":[\"https:\\\/\\\/ihedn.fr\\\/notre-actualite\\\/cloture-de-la-4e-session-nationale-de-lihedn\\\/\"]}]},{\"@type\":\"ImageObject\",\"inLanguage\":\"en-GB\",\"@id\":\"https:\\\/\\\/ihedn.fr\\\/notre-actualite\\\/cloture-de-la-4e-session-nationale-de-lihedn\\\/#primaryimage\",\"url\":\"https:\\\/\\\/ihedn.fr\\\/wp-content\\\/uploads\\\/2025\\\/06\\\/IHE_9213-1.jpg\",\"contentUrl\":\"https:\\\/\\\/ihedn.fr\\\/wp-content\\\/uploads\\\/2025\\\/06\\\/IHE_9213-1.jpg\",\"width\":1920,\"height\":1280},{\"@type\":\"BreadcrumbList\",\"@id\":\"https:\\\/\\\/ihedn.fr\\\/notre-actualite\\\/cloture-de-la-4e-session-nationale-de-lihedn\\\/#breadcrumb\",\"itemListElement\":[{\"@type\":\"ListItem\",\"position\":1,\"name\":\"Accueil\",\"item\":\"https:\\\/\\\/ihedn.fr\\\/\"},{\"@type\":\"ListItem\",\"position\":2,\"name\":\"Cl\u00f4ture de la 4e session nationale de l\u2019IHEDN\"}]},{\"@type\":\"WebSite\",\"@id\":\"https:\\\/\\\/ihedn.fr\\\/#website\",\"url\":\"https:\\\/\\\/ihedn.fr\\\/\",\"name\":\"IHEDN : Institut des hautes \u00e9tudes de d\u00e9fense nationale |\",\"description\":\"Site officiel de l&#039;IHEDN plac\u00e9 sous la tutelle du Premier ministre.\",\"publisher\":{\"@id\":\"https:\\\/\\\/ihedn.fr\\\/#organization\"},\"potentialAction\":[{\"@type\":\"SearchAction\",\"target\":{\"@type\":\"EntryPoint\",\"urlTemplate\":\"https:\\\/\\\/ihedn.fr\\\/?s={search_term_string}\"},\"query-input\":{\"@type\":\"PropertyValueSpecification\",\"valueRequired\":true,\"valueName\":\"search_term_string\"}}],\"inLanguage\":\"en-GB\"},{\"@type\":\"Organization\",\"@id\":\"https:\\\/\\\/ihedn.fr\\\/#organization\",\"name\":\"IHEDN - Institut des Hautes Etudes de D\u00e9fense Nationale\",\"url\":\"https:\\\/\\\/ihedn.fr\\\/\",\"logo\":{\"@type\":\"ImageObject\",\"inLanguage\":\"en-GB\",\"@id\":\"https:\\\/\\\/ihedn.fr\\\/#\\\/schema\\\/logo\\\/image\\\/\",\"url\":\"https:\\\/\\\/ihedn.fr\\\/wp-content\\\/uploads\\\/2020\\\/11\\\/BLOC_RF_IHEDN_WEB.png\",\"contentUrl\":\"https:\\\/\\\/ihedn.fr\\\/wp-content\\\/uploads\\\/2020\\\/11\\\/BLOC_RF_IHEDN_WEB.png\",\"width\":500,\"height\":237,\"caption\":\"IHEDN - Institut des Hautes Etudes de D\u00e9fense Nationale\"},\"image\":{\"@id\":\"https:\\\/\\\/ihedn.fr\\\/#\\\/schema\\\/logo\\\/image\\\/\"},\"sameAs\":[\"https:\\\/\\\/www.facebook.com\\\/ihedn\\\/\",\"https:\\\/\\\/x.com\\\/IHEDN\",\"https:\\\/\\\/www.instagram.com\\\/ihedn\\\/\",\"https:\\\/\\\/www.linkedin.com\\\/school\\\/ihedn\\\/\",\"https:\\\/\\\/fr.wikipedia.org\\\/wiki\\\/Institut_des_hautes_\u00e9tudes_de_D\u00e9fense_nationale\"]},{\"@type\":\"Person\",\"@id\":\"https:\\\/\\\/ihedn.fr\\\/#\\\/schema\\\/person\\\/16d49c2bd0121499ea9b9023ce89826c\",\"name\":\"Ad\u00e8le Thoumieux\",\"image\":{\"@type\":\"ImageObject\",\"inLanguage\":\"en-GB\",\"@id\":\"https:\\\/\\\/secure.gravatar.com\\\/avatar\\\/64fc58d14679bdd185946349bcb229b06e37d30d6290c2bec15f1daa8f8e0ece?s=96&d=mm&r=g\",\"url\":\"https:\\\/\\\/secure.gravatar.com\\\/avatar\\\/64fc58d14679bdd185946349bcb229b06e37d30d6290c2bec15f1daa8f8e0ece?s=96&d=mm&r=g\",\"contentUrl\":\"https:\\\/\\\/secure.gravatar.com\\\/avatar\\\/64fc58d14679bdd185946349bcb229b06e37d30d6290c2bec15f1daa8f8e0ece?s=96&d=mm&r=g\",\"caption\":\"Ad\u00e8le Thoumieux\"},\"sameAs\":[\"http:\\\/\\\/ihedn.fr\"],\"url\":\"https:\\\/\\\/ihedn.fr\\\/en\\\/author\\\/thoumieux\\\/\"}]}<\/script>\n<!-- \/ Yoast SEO plugin. -->","yoast_head_json":{"title":"Closure of the 4th national session of the IHEDN - L'IHEDN : Institut des hautes \u00e9tudes de d\u00e9fense nationale","description":"After a year of work and visits, the 282 auditors of the 3rd national session of the IHEDN came together for a closing day rich in meetings and events, with a notable speech by Thierry Breton, European Commissioner for the Internal Market.","robots":{"index":"index","follow":"follow","max-snippet":"max-snippet:-1","max-image-preview":"max-image-preview:large","max-video-preview":"max-video-preview:-1"},"canonical":"https:\/\/ihedn.fr\/en\/notre-actualite\/cloture-de-la-4e-session-nationale-de-lihedn\/","og_locale":"en_GB","og_type":"article","og_title":"Cl\u00f4ture de la 4e session nationale de l\u2019IHEDN","og_description":"Apr\u00e8s un an de travaux et de visites, les 282 auditeurs de la 3e session nationale de l\u2019IHEDN se sont retrouv\u00e9s pour une journ\u00e9e de cl\u00f4ture riche en rencontres et \u00e9v\u00e9nements, avec une intervention remarqu\u00e9e de Thierry Breton, Commissaire europ\u00e9en au march\u00e9 int\u00e9rieur.","og_url":"https:\/\/ihedn.fr\/en\/notre-actualite\/cloture-de-la-4e-session-nationale-de-lihedn\/","og_site_name":"L&#039;IHEDN : Institut des hautes \u00e9tudes de d\u00e9fense nationale","article_publisher":"https:\/\/www.facebook.com\/ihedn\/","article_published_time":"2025-06-23T15:38:19+00:00","article_modified_time":"2025-06-24T14:54:59+00:00","og_image":[{"width":1844,"height":1061,"url":"https:\/\/ihedn.fr\/wp-content\/uploads\/2024\/06\/DSC_4650-150dpi.jpg","type":"image\/jpeg"}],"author":"Ad\u00e8le Thoumieux","twitter_card":"summary_large_image","twitter_title":"Cl\u00f4ture de la 4e session nationale de l\u2019IHEDN","twitter_description":"Apr\u00e8s un an de travaux et de visites, les 282 auditeurs de la 3e session nationale de l\u2019IHEDN se sont retrouv\u00e9s pour une journ\u00e9e de cl\u00f4ture riche en rencontres et \u00e9v\u00e9nements, avec une intervention remarqu\u00e9e de Thierry Breton, Commissaire europ\u00e9en au march\u00e9 int\u00e9rieur.","twitter_image":"https:\/\/ihedn.fr\/wp-content\/uploads\/2024\/06\/DSC_4650-150dpi.jpg","twitter_creator":"@IHEDN","twitter_site":"@IHEDN","twitter_misc":{"Written by":"Ad\u00e8le Thoumieux","Estimated reading time":"10 minutes"},"schema":{"@context":"https:\/\/schema.org","@graph":[{"@type":"Article","@id":"https:\/\/ihedn.fr\/notre-actualite\/cloture-de-la-4e-session-nationale-de-lihedn\/#article","isPartOf":{"@id":"https:\/\/ihedn.fr\/notre-actualite\/cloture-de-la-4e-session-nationale-de-lihedn\/"},"author":{"name":"Ad\u00e8le Thoumieux","@id":"https:\/\/ihedn.fr\/#\/schema\/person\/16d49c2bd0121499ea9b9023ce89826c"},"headline":"Cl\u00f4ture de la 4e session nationale de l\u2019IHEDN","datePublished":"2025-06-23T15:38:19+00:00","dateModified":"2025-06-24T14:54:59+00:00","mainEntityOfPage":{"@id":"https:\/\/ihedn.fr\/notre-actualite\/cloture-de-la-4e-session-nationale-de-lihedn\/"},"wordCount":862,"publisher":{"@id":"https:\/\/ihedn.fr\/#organization"},"image":{"@id":"https:\/\/ihedn.fr\/notre-actualite\/cloture-de-la-4e-session-nationale-de-lihedn\/#primaryimage"},"thumbnailUrl":"https:\/\/ihedn.fr\/wp-content\/uploads\/2025\/06\/IHE_9213-1.jpg","articleSection":["Notre actualit\u00e9"],"inLanguage":"en-GB"},{"@type":"WebPage","@id":"https:\/\/ihedn.fr\/notre-actualite\/cloture-de-la-4e-session-nationale-de-lihedn\/","url":"https:\/\/ihedn.fr\/notre-actualite\/cloture-de-la-4e-session-nationale-de-lihedn\/","name":"Closure of the 4th national session of the IHEDN - L'IHEDN : Institut des hautes \u00e9tudes de d\u00e9fense nationale","isPartOf":{"@id":"https:\/\/ihedn.fr\/#website"},"primaryImageOfPage":{"@id":"https:\/\/ihedn.fr\/notre-actualite\/cloture-de-la-4e-session-nationale-de-lihedn\/#primaryimage"},"image":{"@id":"https:\/\/ihedn.fr\/notre-actualite\/cloture-de-la-4e-session-nationale-de-lihedn\/#primaryimage"},"thumbnailUrl":"https:\/\/ihedn.fr\/wp-content\/uploads\/2025\/06\/IHE_9213-1.jpg","datePublished":"2025-06-23T15:38:19+00:00","dateModified":"2025-06-24T14:54:59+00:00","description":"After a year of work and visits, the 282 auditors of the 3rd national session of the IHEDN came together for a closing day rich in meetings and events, with a notable speech by Thierry Breton, European Commissioner for the Internal Market.","breadcrumb":{"@id":"https:\/\/ihedn.fr\/notre-actualite\/cloture-de-la-4e-session-nationale-de-lihedn\/#breadcrumb"},"inLanguage":"en-GB","potentialAction":[{"@type":"ReadAction","target":["https:\/\/ihedn.fr\/notre-actualite\/cloture-de-la-4e-session-nationale-de-lihedn\/"]}]},{"@type":"ImageObject","inLanguage":"en-GB","@id":"https:\/\/ihedn.fr\/notre-actualite\/cloture-de-la-4e-session-nationale-de-lihedn\/#primaryimage","url":"https:\/\/ihedn.fr\/wp-content\/uploads\/2025\/06\/IHE_9213-1.jpg","contentUrl":"https:\/\/ihedn.fr\/wp-content\/uploads\/2025\/06\/IHE_9213-1.jpg","width":1920,"height":1280},{"@type":"BreadcrumbList","@id":"https:\/\/ihedn.fr\/notre-actualite\/cloture-de-la-4e-session-nationale-de-lihedn\/#breadcrumb","itemListElement":[{"@type":"ListItem","position":1,"name":"Accueil","item":"https:\/\/ihedn.fr\/"},{"@type":"ListItem","position":2,"name":"Cl\u00f4ture de la 4e session nationale de l\u2019IHEDN"}]},{"@type":"WebSite","@id":"https:\/\/ihedn.fr\/#website","url":"https:\/\/ihedn.fr\/","name":"IHEDN: Institut des hautes \u00e9tudes de d\u00e9fense nationale (Institute for Higher National Defence Studies)","description":"Official website of the IHEDN under the supervision of the Prime Minister.","publisher":{"@id":"https:\/\/ihedn.fr\/#organization"},"potentialAction":[{"@type":"SearchAction","target":{"@type":"EntryPoint","urlTemplate":"https:\/\/ihedn.fr\/?s={search_term_string}"},"query-input":{"@type":"PropertyValueSpecification","valueRequired":true,"valueName":"search_term_string"}}],"inLanguage":"en-GB"},{"@type":"Organization","@id":"https:\/\/ihedn.fr\/#organization","name":"IHEDN - Institute for Higher National Defence Studies","url":"https:\/\/ihedn.fr\/","logo":{"@type":"ImageObject","inLanguage":"en-GB","@id":"https:\/\/ihedn.fr\/#\/schema\/logo\/image\/","url":"https:\/\/ihedn.fr\/wp-content\/uploads\/2020\/11\/BLOC_RF_IHEDN_WEB.png","contentUrl":"https:\/\/ihedn.fr\/wp-content\/uploads\/2020\/11\/BLOC_RF_IHEDN_WEB.png","width":500,"height":237,"caption":"IHEDN - Institut des Hautes Etudes de D\u00e9fense Nationale"},"image":{"@id":"https:\/\/ihedn.fr\/#\/schema\/logo\/image\/"},"sameAs":["https:\/\/www.facebook.com\/ihedn\/","https:\/\/x.com\/IHEDN","https:\/\/www.instagram.com\/ihedn\/","https:\/\/www.linkedin.com\/school\/ihedn\/","https:\/\/fr.wikipedia.org\/wiki\/Institut_des_hautes_\u00e9tudes_de_D\u00e9fense_nationale"]},{"@type":"Person","@id":"https:\/\/ihedn.fr\/#\/schema\/person\/16d49c2bd0121499ea9b9023ce89826c","name":"Ad\u00e8le Thoumieux","image":{"@type":"ImageObject","inLanguage":"en-GB","@id":"https:\/\/secure.gravatar.com\/avatar\/64fc58d14679bdd185946349bcb229b06e37d30d6290c2bec15f1daa8f8e0ece?s=96&d=mm&r=g","url":"https:\/\/secure.gravatar.com\/avatar\/64fc58d14679bdd185946349bcb229b06e37d30d6290c2bec15f1daa8f8e0ece?s=96&d=mm&r=g","contentUrl":"https:\/\/secure.gravatar.com\/avatar\/64fc58d14679bdd185946349bcb229b06e37d30d6290c2bec15f1daa8f8e0ece?s=96&d=mm&r=g","caption":"Ad\u00e8le Thoumieux"},"sameAs":["http:\/\/ihedn.fr"],"url":"https:\/\/ihedn.fr\/en\/author\/thoumieux\/"}]}},"publishpress_future_action":{"enabled":false,"date":"2026-05-06 21:26:23","action":"change-status","newStatus":"draft","terms":[],"taxonomy":"category","extraData":[]},"publishpress_future_workflow_manual_trigger":{"enabledWorkflows":[]},"_links":{"self":[{"href":"https:\/\/ihedn.fr\/en\/wp-json\/wp\/v2\/posts\/54697","targetHints":{"allow":["GET"]}}],"collection":[{"href":"https:\/\/ihedn.fr\/en\/wp-json\/wp\/v2\/posts"}],"about":[{"href":"https:\/\/ihedn.fr\/en\/wp-json\/wp\/v2\/types\/post"}],"author":[{"embeddable":true,"href":"https:\/\/ihedn.fr\/en\/wp-json\/wp\/v2\/users\/12"}],"replies":[{"embeddable":true,"href":"https:\/\/ihedn.fr\/en\/wp-json\/wp\/v2\/comments?post=54697"}],"version-history":[{"count":21,"href":"https:\/\/ihedn.fr\/en\/wp-json\/wp\/v2\/posts\/54697\/revisions"}],"predecessor-version":[{"id":54745,"href":"https:\/\/ihedn.fr\/en\/wp-json\/wp\/v2\/posts\/54697\/revisions\/54745"}],"wp:featuredmedia":[{"embeddable":true,"href":"https:\/\/ihedn.fr\/en\/wp-json\/wp\/v2\/media\/54709"}],"wp:attachment":[{"href":"https:\/\/ihedn.fr\/en\/wp-json\/wp\/v2\/media?parent=54697"}],"wp:term":[{"taxonomy":"category","embeddable":true,"href":"https:\/\/ihedn.fr\/en\/wp-json\/wp\/v2\/categories?post=54697"},{"taxonomy":"post_tag","embeddable":true,"href":"https:\/\/ihedn.fr\/en\/wp-json\/wp\/v2\/tags?post=54697"}],"curies":[{"name":"wp","href":"https:\/\/api.w.org\/{rel}","templated":true}]}}