{"id":5476,"date":"2021-01-12T11:28:09","date_gmt":"2021-01-12T10:28:09","guid":{"rendered":"https:\/\/ihedn.concilium.click\/?p=5476"},"modified":"2021-01-12T11:35:08","modified_gmt":"2021-01-12T10:35:08","slug":"jean-christophe-cardamone","status":"publish","type":"post","link":"https:\/\/ihedn.fr\/en\/uncategorized\/jean-christophe-cardamone\/","title":{"rendered":"Jean-Christophe CARDAMONE"},"content":{"rendered":"<div data-elementor-type=\"wp-post\" data-elementor-id=\"5476\" class=\"elementor elementor-5476\" data-elementor-post-type=\"post\">\n\t\t\t\t\t\t<section data-particle_enable=\"false\" data-particle-mobile-disabled=\"false\" class=\"elementor-section elementor-top-section elementor-element elementor-element-ccd043a elementor-section-boxed elementor-section-height-default elementor-section-height-default\" data-id=\"ccd043a\" data-element_type=\"section\" data-e-type=\"section\">\n\t\t\t\t\t\t<div class=\"elementor-container elementor-column-gap-default\">\n\t\t\t\t\t<div class=\"elementor-column elementor-col-100 elementor-top-column elementor-element elementor-element-984de3a\" data-id=\"984de3a\" data-element_type=\"column\" data-e-type=\"column\">\n\t\t\t<div class=\"elementor-widget-wrap elementor-element-populated\">\n\t\t\t\t\t\t<div class=\"elementor-element elementor-element-c136e41 elementor-widget elementor-widget-text-editor\" data-id=\"c136e41\" data-element_type=\"widget\" data-e-type=\"widget\" data-widget_type=\"text-editor.default\">\n\t\t\t\t<div class=\"elementor-widget-container\">\n\t\t\t\t\t\t\t\t\t<div><div class=\"text rtecenter\"><p class=\"rtecenter\"><strong>General Engineer 1<sup>re <\/sup>\u00a0armament studies and techniques class<\/strong><\/p><\/div><\/div>\t\t\t\t\t\t\t\t<\/div>\n\t\t\t\t<\/div>\n\t\t\t\t\t<\/div>\n\t\t<\/div>\n\t\t\t\t\t<\/div>\n\t\t<\/section>\n\t\t\t\t<section data-particle_enable=\"false\" data-particle-mobile-disabled=\"false\" class=\"elementor-section elementor-top-section elementor-element elementor-element-5e72134 elementor-section-boxed elementor-section-height-default elementor-section-height-default\" data-id=\"5e72134\" data-element_type=\"section\" data-e-type=\"section\">\n\t\t\t\t\t\t<div class=\"elementor-container elementor-column-gap-default\">\n\t\t\t\t\t<div class=\"elementor-column elementor-col-100 elementor-top-column elementor-element elementor-element-4bdd865\" data-id=\"4bdd865\" data-element_type=\"column\" data-e-type=\"column\">\n\t\t\t<div class=\"elementor-widget-wrap elementor-element-populated\">\n\t\t\t\t\t\t<div class=\"elementor-element elementor-element-569ea95 elementor-widget elementor-widget-text-editor\" data-id=\"569ea95\" data-element_type=\"widget\" data-e-type=\"widget\" data-widget_type=\"text-editor.default\">\n\t\t\t\t<div class=\"elementor-widget-container\">\n\t\t\t\t\t\t\t\t\t<div><div class=\"text rtecenter\"><strong>Armaments and Defence Economics Adviser<\/strong><\/div><div class=\"text rtecenter\"><strong>Deputy Director of the Institut des Hautes \u00c9tudes de D\u00e9fense Nationale, in charge of \"National Activities\".<\/strong><\/div><\/div>\t\t\t\t\t\t\t\t<\/div>\n\t\t\t\t<\/div>\n\t\t\t\t\t<\/div>\n\t\t<\/div>\n\t\t\t\t\t<\/div>\n\t\t<\/section>\n\t\t\t\t<section data-particle_enable=\"false\" data-particle-mobile-disabled=\"false\" class=\"elementor-section elementor-top-section elementor-element elementor-element-591147b elementor-section-boxed elementor-section-height-default elementor-section-height-default\" data-id=\"591147b\" data-element_type=\"section\" data-e-type=\"section\">\n\t\t\t\t\t\t<div class=\"elementor-container elementor-column-gap-default\">\n\t\t\t\t\t<div class=\"elementor-column elementor-col-100 elementor-top-column elementor-element elementor-element-e438f9e\" data-id=\"e438f9e\" data-element_type=\"column\" data-e-type=\"column\">\n\t\t\t<div class=\"elementor-widget-wrap elementor-element-populated\">\n\t\t\t\t\t\t<div class=\"elementor-element elementor-element-73ab715 elementor-widget elementor-widget-text-editor\" data-id=\"73ab715\" data-element_type=\"widget\" data-e-type=\"widget\" data-widget_type=\"text-editor.default\">\n\t\t\t\t<div class=\"elementor-widget-container\">\n\t\t\t\t\t\t\t\t\t<div class=\"rtejustify\"><img fetchpriority=\"high\" decoding=\"async\" class=\"alignleft wp-image-5481\" src=\"https:\/\/ihedn.fr\/wp-content\/uploads\/2021\/01\/j-c-cardamone-IGETA.jpg\" alt=\"\" width=\"400\" height=\"467\" \/>The 1<sup>re<\/sup> Jean-Christophe Cardamone began his career in 1984 at the Direction des constructions a\u00e9ronautiques \/ D\u00e9l\u00e9gation g\u00e9n\u00e9rale pour l'armement of the French Ministry of Defence.<\/div><div>\u00a0<\/div><div class=\"rtejustify\"><p>He was successively Head of the Organic Matrix Composite Materials Laboratory at the Toulouse Aeronautical Test Centre (1990), then, until 1992, Group Head for Metallic Materials in the Materials Section of the Technical Service for Aeronautical Programmes (STPA), Deputy Head of the Materials Section and Deputy Communications Manager to the STPA Director from 1992 to 1995.<\/p><p>In 1995, he joined the office of the Delegate General for Armaments, where until 1997 he was technical adviser in charge of research, aeronautics and quality initiatives, then deputy chief of staff.<\/p><p>From 1997 to 1998, he trained at the Coll\u00e8ge interarm\u00e9es de d\u00e9fense (5<sup>e<\/sup> promotion).<\/p><p>From 1998 to 1999, he was system architect for the short- and medium-range air-to-ground missile segment in the Weapon Systems Division, Tactical Missile Programmes Department. From 1999 to 2002, he was director of the Modular Air-to-Ground Missile (AASM) and Laser-guided Air-to-Ground Missile (AS30 Laser) programmes.<\/p><p>From 2002 to 2006, still with the Weapon Systems Division, in the Nuclear and Missile Programmes Department, he became Director of the Strategic Sea-Sea-Ballistic Missile (SSBM) programmes.<\/p><p>From 2006 to 2009, he was appointed Director of DGA \/ EP (formerly CEPr) Centre d'essais des propulseurs de Saclay, in DGA's Test Department.<\/p><p>In 2009, he was appointed Director of the Missiles and UAVs Management Unit in the Operations Directorate, a position he held until 2013.<\/p><p>From 2014 to 2017, he was Deputy Export Manager for Africa and the Middle East in the International Development Division.<\/p><p>On 1 June 2017, he was appointed \"Armaments and Defence Economics\" adviser and deputy director of the Institut de hautes \u00e9tudes de d\u00e9fense nationale (IHEDN), with responsibility for \"National Activities\".<\/p><p>IGETA1 Jean-Christophe Cardamone is a graduate of the \u00c9cole Nationale Sup\u00e9rieure des Ing\u00e9nieurs des \u00c9tudes et Techniques de l'Armement, the \u00c9cole Nationale Sup\u00e9rieure des Constructions A\u00e9ronautiques and is a qualified pilot in the 1st and 2nd armament technical corps.<sup>e<\/sup> degree. He also completed a Stege in general management at the \u00c9cole sup\u00e9rieure de commerce de Paris (ESCP). Finally, he is an auditor of the 44<sup>e<\/sup> national session of the Centre des hautes \u00e9tudes de l'armement (CHEAr).<\/p><p>IGETA1 Jean-Christophe Cardamone is an Officer of the L\u00e9gion d'honneur, a Commander of the Ordre national du M\u00e9rite and an Honorary Aeronautics Medallist.<\/p><\/div>\t\t\t\t\t\t\t\t<\/div>\n\t\t\t\t<\/div>\n\t\t\t\t\t<\/div>\n\t\t<\/div>\n\t\t\t\t\t<\/div>\n\t\t<\/section>\n\t\t\t\t<\/div>","protected":false},"excerpt":{"rendered":"<p>Ing\u00e9nieur g\u00e9n\u00e9ral de 1re \u00a0classe des \u00e9tudes et techniques de l\u2019armement Conseiller \u00ab\u00a0Armement et \u00e9conomie de d\u00e9fense\u00a0\u00bbdirecteur adjoint de l\u2019Institut des hautes \u00e9tudes de d\u00e9fense nationale charg\u00e9 des \u00ab\u00a0Activit\u00e9s nationales\u00a0\u00bbL\u2019ing\u00e9nieur g\u00e9n\u00e9ral de 1re classe des \u00e9tudes et techniques de l\u2019armement Jean-Christophe Cardamone d\u00e9bute sa carri\u00e8re, en 1984, \u00e0 la Direction des constructions a\u00e9ronautiques \/ D\u00e9l\u00e9gation [&hellip;]<\/p>\n","protected":false},"author":1,"featured_media":4808,"comment_status":"closed","ping_status":"closed","sticky":false,"template":"","format":"standard","meta":{"footnotes":""},"categories":[1],"tags":[],"class_list":["post-5476","post","type-post","status-publish","format-standard","has-post-thumbnail","hentry","category-uncategorized"],"yoast_head":"<!-- This site is optimized with the Yoast SEO plugin v27.5 - https:\/\/yoast.com\/product\/yoast-seo-wordpress\/ -->\n<title>Jean-Christophe CARDAMONE - L&#039;IHEDN : Institut des hautes \u00e9tudes de d\u00e9fense nationale<\/title>\n<meta name=\"robots\" content=\"index, follow, max-snippet:-1, max-image-preview:large, max-video-preview:-1\" \/>\n<link rel=\"canonical\" href=\"https:\/\/ihedn.fr\/en\/biographie\/jean-christophe-cardamone\/\" \/>\n<meta property=\"og:locale\" content=\"en_GB\" \/>\n<meta property=\"og:type\" content=\"article\" \/>\n<meta property=\"og:title\" content=\"Jean-Christophe CARDAMONE - L&#039;IHEDN : Institut des hautes \u00e9tudes de d\u00e9fense nationale\" \/>\n<meta property=\"og:description\" content=\"Ing\u00e9nieur g\u00e9n\u00e9ral de 1re \u00a0classe des \u00e9tudes et techniques de l\u2019armement Conseiller \u00ab\u00a0Armement et \u00e9conomie de d\u00e9fense\u00a0\u00bbdirecteur adjoint de l\u2019Institut des hautes \u00e9tudes de d\u00e9fense nationale charg\u00e9 des \u00ab\u00a0Activit\u00e9s nationales\u00a0\u00bbL\u2019ing\u00e9nieur g\u00e9n\u00e9ral de 1re classe des \u00e9tudes et techniques de l\u2019armement Jean-Christophe Cardamone d\u00e9bute sa carri\u00e8re, en 1984, \u00e0 la Direction des constructions a\u00e9ronautiques \/ D\u00e9l\u00e9gation [&hellip;]\" \/>\n<meta property=\"og:url\" content=\"https:\/\/ihedn.fr\/en\/biographie\/jean-christophe-cardamone\/\" \/>\n<meta property=\"og:site_name\" content=\"L&#039;IHEDN : Institut des hautes \u00e9tudes de d\u00e9fense nationale\" \/>\n<meta property=\"article:publisher\" content=\"https:\/\/www.facebook.com\/ihedn\/\" \/>\n<meta property=\"article:published_time\" content=\"2021-01-12T10:28:09+00:00\" \/>\n<meta property=\"article:modified_time\" content=\"2021-01-12T10:35:08+00:00\" \/>\n<meta property=\"og:image\" content=\"https:\/\/ihedn.fr\/wp-content\/uploads\/2021\/01\/IHEDN-chateau-cour-honneur.jpg\" \/>\n\t<meta property=\"og:image:width\" content=\"1832\" \/>\n\t<meta property=\"og:image:height\" content=\"1200\" \/>\n\t<meta property=\"og:image:type\" content=\"image\/jpeg\" \/>\n<meta name=\"author\" content=\"dev\" \/>\n<meta name=\"twitter:card\" content=\"summary_large_image\" \/>\n<meta name=\"twitter:creator\" content=\"@IHEDN\" \/>\n<meta name=\"twitter:site\" content=\"@IHEDN\" \/>\n<meta name=\"twitter:label1\" content=\"Written by\" \/>\n\t<meta name=\"twitter:data1\" content=\"dev\" \/>\n\t<meta name=\"twitter:label2\" content=\"Estimated reading time\" \/>\n\t<meta name=\"twitter:data2\" content=\"2 minutes\" \/>\n<script type=\"application\/ld+json\" class=\"yoast-schema-graph\">{\"@context\":\"https:\\\/\\\/schema.org\",\"@graph\":[{\"@type\":\"Article\",\"@id\":\"https:\\\/\\\/ihedn.fr\\\/biographie\\\/jean-christophe-cardamone\\\/#article\",\"isPartOf\":{\"@id\":\"https:\\\/\\\/ihedn.fr\\\/biographie\\\/jean-christophe-cardamone\\\/\"},\"author\":{\"name\":\"dev\",\"@id\":\"https:\\\/\\\/ihedn.fr\\\/#\\\/schema\\\/person\\\/7a40155595e4efb35323447cb8c8c5a4\"},\"headline\":\"Jean-Christophe CARDAMONE\",\"datePublished\":\"2021-01-12T10:28:09+00:00\",\"dateModified\":\"2021-01-12T10:35:08+00:00\",\"mainEntityOfPage\":{\"@id\":\"https:\\\/\\\/ihedn.fr\\\/biographie\\\/jean-christophe-cardamone\\\/\"},\"wordCount\":498,\"publisher\":{\"@id\":\"https:\\\/\\\/ihedn.fr\\\/#organization\"},\"image\":{\"@id\":\"https:\\\/\\\/ihedn.fr\\\/biographie\\\/jean-christophe-cardamone\\\/#primaryimage\"},\"thumbnailUrl\":\"https:\\\/\\\/ihedn.fr\\\/wp-content\\\/uploads\\\/2021\\\/01\\\/IHEDN-chateau-cour-honneur.jpg\",\"articleSection\":[\"Uncategorized\"],\"inLanguage\":\"en-GB\"},{\"@type\":\"WebPage\",\"@id\":\"https:\\\/\\\/ihedn.fr\\\/biographie\\\/jean-christophe-cardamone\\\/\",\"url\":\"https:\\\/\\\/ihedn.fr\\\/biographie\\\/jean-christophe-cardamone\\\/\",\"name\":\"Jean-Christophe CARDAMONE - L&#039;IHEDN : Institut des hautes \u00e9tudes de d\u00e9fense nationale\",\"isPartOf\":{\"@id\":\"https:\\\/\\\/ihedn.fr\\\/#website\"},\"primaryImageOfPage\":{\"@id\":\"https:\\\/\\\/ihedn.fr\\\/biographie\\\/jean-christophe-cardamone\\\/#primaryimage\"},\"image\":{\"@id\":\"https:\\\/\\\/ihedn.fr\\\/biographie\\\/jean-christophe-cardamone\\\/#primaryimage\"},\"thumbnailUrl\":\"https:\\\/\\\/ihedn.fr\\\/wp-content\\\/uploads\\\/2021\\\/01\\\/IHEDN-chateau-cour-honneur.jpg\",\"datePublished\":\"2021-01-12T10:28:09+00:00\",\"dateModified\":\"2021-01-12T10:35:08+00:00\",\"breadcrumb\":{\"@id\":\"https:\\\/\\\/ihedn.fr\\\/biographie\\\/jean-christophe-cardamone\\\/#breadcrumb\"},\"inLanguage\":\"en-GB\",\"potentialAction\":[{\"@type\":\"ReadAction\",\"target\":[\"https:\\\/\\\/ihedn.fr\\\/biographie\\\/jean-christophe-cardamone\\\/\"]}]},{\"@type\":\"ImageObject\",\"inLanguage\":\"en-GB\",\"@id\":\"https:\\\/\\\/ihedn.fr\\\/biographie\\\/jean-christophe-cardamone\\\/#primaryimage\",\"url\":\"https:\\\/\\\/ihedn.fr\\\/wp-content\\\/uploads\\\/2021\\\/01\\\/IHEDN-chateau-cour-honneur.jpg\",\"contentUrl\":\"https:\\\/\\\/ihedn.fr\\\/wp-content\\\/uploads\\\/2021\\\/01\\\/IHEDN-chateau-cour-honneur.jpg\",\"width\":1832,\"height\":1200,\"caption\":\"IHEDN-chateau-cour-honneur\"},{\"@type\":\"BreadcrumbList\",\"@id\":\"https:\\\/\\\/ihedn.fr\\\/biographie\\\/jean-christophe-cardamone\\\/#breadcrumb\",\"itemListElement\":[{\"@type\":\"ListItem\",\"position\":1,\"name\":\"Accueil\",\"item\":\"https:\\\/\\\/ihedn.fr\\\/\"},{\"@type\":\"ListItem\",\"position\":2,\"name\":\"Jean-Christophe CARDAMONE\"}]},{\"@type\":\"WebSite\",\"@id\":\"https:\\\/\\\/ihedn.fr\\\/#website\",\"url\":\"https:\\\/\\\/ihedn.fr\\\/\",\"name\":\"IHEDN : Institut des hautes \u00e9tudes de d\u00e9fense nationale |\",\"description\":\"Site officiel de l&#039;IHEDN plac\u00e9 sous la tutelle du Premier ministre.\",\"publisher\":{\"@id\":\"https:\\\/\\\/ihedn.fr\\\/#organization\"},\"potentialAction\":[{\"@type\":\"SearchAction\",\"target\":{\"@type\":\"EntryPoint\",\"urlTemplate\":\"https:\\\/\\\/ihedn.fr\\\/?s={search_term_string}\"},\"query-input\":{\"@type\":\"PropertyValueSpecification\",\"valueRequired\":true,\"valueName\":\"search_term_string\"}}],\"inLanguage\":\"en-GB\"},{\"@type\":\"Organization\",\"@id\":\"https:\\\/\\\/ihedn.fr\\\/#organization\",\"name\":\"IHEDN - Institut des Hautes Etudes de D\u00e9fense Nationale\",\"url\":\"https:\\\/\\\/ihedn.fr\\\/\",\"logo\":{\"@type\":\"ImageObject\",\"inLanguage\":\"en-GB\",\"@id\":\"https:\\\/\\\/ihedn.fr\\\/#\\\/schema\\\/logo\\\/image\\\/\",\"url\":\"https:\\\/\\\/ihedn.fr\\\/wp-content\\\/uploads\\\/2020\\\/11\\\/BLOC_RF_IHEDN_WEB.png\",\"contentUrl\":\"https:\\\/\\\/ihedn.fr\\\/wp-content\\\/uploads\\\/2020\\\/11\\\/BLOC_RF_IHEDN_WEB.png\",\"width\":500,\"height\":237,\"caption\":\"IHEDN - Institut des Hautes Etudes de D\u00e9fense Nationale\"},\"image\":{\"@id\":\"https:\\\/\\\/ihedn.fr\\\/#\\\/schema\\\/logo\\\/image\\\/\"},\"sameAs\":[\"https:\\\/\\\/www.facebook.com\\\/ihedn\\\/\",\"https:\\\/\\\/x.com\\\/IHEDN\",\"https:\\\/\\\/www.instagram.com\\\/ihedn\\\/\",\"https:\\\/\\\/www.linkedin.com\\\/school\\\/ihedn\\\/\",\"https:\\\/\\\/fr.wikipedia.org\\\/wiki\\\/Institut_des_hautes_\u00e9tudes_de_D\u00e9fense_nationale\"]},{\"@type\":\"Person\",\"@id\":\"https:\\\/\\\/ihedn.fr\\\/#\\\/schema\\\/person\\\/7a40155595e4efb35323447cb8c8c5a4\",\"name\":\"dev\",\"image\":{\"@type\":\"ImageObject\",\"inLanguage\":\"en-GB\",\"@id\":\"https:\\\/\\\/secure.gravatar.com\\\/avatar\\\/f1ffcac9ca2fa95ad3ec33e9be3ade82f752acb0cabe541e56c5889225afa88a?s=96&d=mm&r=g\",\"url\":\"https:\\\/\\\/secure.gravatar.com\\\/avatar\\\/f1ffcac9ca2fa95ad3ec33e9be3ade82f752acb0cabe541e56c5889225afa88a?s=96&d=mm&r=g\",\"contentUrl\":\"https:\\\/\\\/secure.gravatar.com\\\/avatar\\\/f1ffcac9ca2fa95ad3ec33e9be3ade82f752acb0cabe541e56c5889225afa88a?s=96&d=mm&r=g\",\"caption\":\"dev\"},\"sameAs\":[\"https:\\\/\\\/ihedn.concilium.click\"],\"url\":\"https:\\\/\\\/ihedn.fr\\\/en\\\/author\\\/dev\\\/\"}]}<\/script>\n<!-- \/ Yoast SEO plugin. -->","yoast_head_json":{"title":"Jean-Christophe CARDAMONE - IHEDN: Institut des hautes \u00e9tudes de d\u00e9fense nationale (Institute for Higher Studies in National Defence)","robots":{"index":"index","follow":"follow","max-snippet":"max-snippet:-1","max-image-preview":"max-image-preview:large","max-video-preview":"max-video-preview:-1"},"canonical":"https:\/\/ihedn.fr\/en\/biographie\/jean-christophe-cardamone\/","og_locale":"en_GB","og_type":"article","og_title":"Jean-Christophe CARDAMONE - L&#039;IHEDN : Institut des hautes \u00e9tudes de d\u00e9fense nationale","og_description":"Ing\u00e9nieur g\u00e9n\u00e9ral de 1re \u00a0classe des \u00e9tudes et techniques de l\u2019armement Conseiller \u00ab\u00a0Armement et \u00e9conomie de d\u00e9fense\u00a0\u00bbdirecteur adjoint de l\u2019Institut des hautes \u00e9tudes de d\u00e9fense nationale charg\u00e9 des \u00ab\u00a0Activit\u00e9s nationales\u00a0\u00bbL\u2019ing\u00e9nieur g\u00e9n\u00e9ral de 1re classe des \u00e9tudes et techniques de l\u2019armement Jean-Christophe Cardamone d\u00e9bute sa carri\u00e8re, en 1984, \u00e0 la Direction des constructions a\u00e9ronautiques \/ D\u00e9l\u00e9gation [&hellip;]","og_url":"https:\/\/ihedn.fr\/en\/biographie\/jean-christophe-cardamone\/","og_site_name":"L&#039;IHEDN : Institut des hautes \u00e9tudes de d\u00e9fense nationale","article_publisher":"https:\/\/www.facebook.com\/ihedn\/","article_published_time":"2021-01-12T10:28:09+00:00","article_modified_time":"2021-01-12T10:35:08+00:00","og_image":[{"width":1832,"height":1200,"url":"https:\/\/ihedn.fr\/wp-content\/uploads\/2021\/01\/IHEDN-chateau-cour-honneur.jpg","type":"image\/jpeg"}],"author":"dev","twitter_card":"summary_large_image","twitter_creator":"@IHEDN","twitter_site":"@IHEDN","twitter_misc":{"Written by":"dev","Estimated reading time":"2 minutes"},"schema":{"@context":"https:\/\/schema.org","@graph":[{"@type":"Article","@id":"https:\/\/ihedn.fr\/biographie\/jean-christophe-cardamone\/#article","isPartOf":{"@id":"https:\/\/ihedn.fr\/biographie\/jean-christophe-cardamone\/"},"author":{"name":"dev","@id":"https:\/\/ihedn.fr\/#\/schema\/person\/7a40155595e4efb35323447cb8c8c5a4"},"headline":"Jean-Christophe CARDAMONE","datePublished":"2021-01-12T10:28:09+00:00","dateModified":"2021-01-12T10:35:08+00:00","mainEntityOfPage":{"@id":"https:\/\/ihedn.fr\/biographie\/jean-christophe-cardamone\/"},"wordCount":498,"publisher":{"@id":"https:\/\/ihedn.fr\/#organization"},"image":{"@id":"https:\/\/ihedn.fr\/biographie\/jean-christophe-cardamone\/#primaryimage"},"thumbnailUrl":"https:\/\/ihedn.fr\/wp-content\/uploads\/2021\/01\/IHEDN-chateau-cour-honneur.jpg","articleSection":["Uncategorized"],"inLanguage":"en-GB"},{"@type":"WebPage","@id":"https:\/\/ihedn.fr\/biographie\/jean-christophe-cardamone\/","url":"https:\/\/ihedn.fr\/biographie\/jean-christophe-cardamone\/","name":"Jean-Christophe CARDAMONE - IHEDN: Institut des hautes \u00e9tudes de d\u00e9fense nationale (Institute for Higher Studies in National Defence)","isPartOf":{"@id":"https:\/\/ihedn.fr\/#website"},"primaryImageOfPage":{"@id":"https:\/\/ihedn.fr\/biographie\/jean-christophe-cardamone\/#primaryimage"},"image":{"@id":"https:\/\/ihedn.fr\/biographie\/jean-christophe-cardamone\/#primaryimage"},"thumbnailUrl":"https:\/\/ihedn.fr\/wp-content\/uploads\/2021\/01\/IHEDN-chateau-cour-honneur.jpg","datePublished":"2021-01-12T10:28:09+00:00","dateModified":"2021-01-12T10:35:08+00:00","breadcrumb":{"@id":"https:\/\/ihedn.fr\/biographie\/jean-christophe-cardamone\/#breadcrumb"},"inLanguage":"en-GB","potentialAction":[{"@type":"ReadAction","target":["https:\/\/ihedn.fr\/biographie\/jean-christophe-cardamone\/"]}]},{"@type":"ImageObject","inLanguage":"en-GB","@id":"https:\/\/ihedn.fr\/biographie\/jean-christophe-cardamone\/#primaryimage","url":"https:\/\/ihedn.fr\/wp-content\/uploads\/2021\/01\/IHEDN-chateau-cour-honneur.jpg","contentUrl":"https:\/\/ihedn.fr\/wp-content\/uploads\/2021\/01\/IHEDN-chateau-cour-honneur.jpg","width":1832,"height":1200,"caption":"IHEDN-chateau-cour-honneur"},{"@type":"BreadcrumbList","@id":"https:\/\/ihedn.fr\/biographie\/jean-christophe-cardamone\/#breadcrumb","itemListElement":[{"@type":"ListItem","position":1,"name":"Accueil","item":"https:\/\/ihedn.fr\/"},{"@type":"ListItem","position":2,"name":"Jean-Christophe CARDAMONE"}]},{"@type":"WebSite","@id":"https:\/\/ihedn.fr\/#website","url":"https:\/\/ihedn.fr\/","name":"IHEDN: Institut des hautes \u00e9tudes de d\u00e9fense nationale (Institute for Higher National Defence Studies)","description":"Official website of the IHEDN under the supervision of the Prime Minister.","publisher":{"@id":"https:\/\/ihedn.fr\/#organization"},"potentialAction":[{"@type":"SearchAction","target":{"@type":"EntryPoint","urlTemplate":"https:\/\/ihedn.fr\/?s={search_term_string}"},"query-input":{"@type":"PropertyValueSpecification","valueRequired":true,"valueName":"search_term_string"}}],"inLanguage":"en-GB"},{"@type":"Organization","@id":"https:\/\/ihedn.fr\/#organization","name":"IHEDN - Institute for Higher National Defence Studies","url":"https:\/\/ihedn.fr\/","logo":{"@type":"ImageObject","inLanguage":"en-GB","@id":"https:\/\/ihedn.fr\/#\/schema\/logo\/image\/","url":"https:\/\/ihedn.fr\/wp-content\/uploads\/2020\/11\/BLOC_RF_IHEDN_WEB.png","contentUrl":"https:\/\/ihedn.fr\/wp-content\/uploads\/2020\/11\/BLOC_RF_IHEDN_WEB.png","width":500,"height":237,"caption":"IHEDN - Institut des Hautes Etudes de D\u00e9fense Nationale"},"image":{"@id":"https:\/\/ihedn.fr\/#\/schema\/logo\/image\/"},"sameAs":["https:\/\/www.facebook.com\/ihedn\/","https:\/\/x.com\/IHEDN","https:\/\/www.instagram.com\/ihedn\/","https:\/\/www.linkedin.com\/school\/ihedn\/","https:\/\/fr.wikipedia.org\/wiki\/Institut_des_hautes_\u00e9tudes_de_D\u00e9fense_nationale"]},{"@type":"Person","@id":"https:\/\/ihedn.fr\/#\/schema\/person\/7a40155595e4efb35323447cb8c8c5a4","name":"dev","image":{"@type":"ImageObject","inLanguage":"en-GB","@id":"https:\/\/secure.gravatar.com\/avatar\/f1ffcac9ca2fa95ad3ec33e9be3ade82f752acb0cabe541e56c5889225afa88a?s=96&d=mm&r=g","url":"https:\/\/secure.gravatar.com\/avatar\/f1ffcac9ca2fa95ad3ec33e9be3ade82f752acb0cabe541e56c5889225afa88a?s=96&d=mm&r=g","contentUrl":"https:\/\/secure.gravatar.com\/avatar\/f1ffcac9ca2fa95ad3ec33e9be3ade82f752acb0cabe541e56c5889225afa88a?s=96&d=mm&r=g","caption":"dev"},"sameAs":["https:\/\/ihedn.concilium.click"],"url":"https:\/\/ihedn.fr\/en\/author\/dev\/"}]}},"publishpress_future_action":{"enabled":false,"date":"2026-05-08 05:04:57","action":"change-status","newStatus":"draft","terms":[],"taxonomy":"category","extraData":[]},"publishpress_future_workflow_manual_trigger":{"enabledWorkflows":[]},"_links":{"self":[{"href":"https:\/\/ihedn.fr\/en\/wp-json\/wp\/v2\/posts\/5476","targetHints":{"allow":["GET"]}}],"collection":[{"href":"https:\/\/ihedn.fr\/en\/wp-json\/wp\/v2\/posts"}],"about":[{"href":"https:\/\/ihedn.fr\/en\/wp-json\/wp\/v2\/types\/post"}],"author":[{"embeddable":true,"href":"https:\/\/ihedn.fr\/en\/wp-json\/wp\/v2\/users\/1"}],"replies":[{"embeddable":true,"href":"https:\/\/ihedn.fr\/en\/wp-json\/wp\/v2\/comments?post=5476"}],"version-history":[{"count":5,"href":"https:\/\/ihedn.fr\/en\/wp-json\/wp\/v2\/posts\/5476\/revisions"}],"predecessor-version":[{"id":5490,"href":"https:\/\/ihedn.fr\/en\/wp-json\/wp\/v2\/posts\/5476\/revisions\/5490"}],"wp:featuredmedia":[{"embeddable":true,"href":"https:\/\/ihedn.fr\/en\/wp-json\/wp\/v2\/media\/4808"}],"wp:attachment":[{"href":"https:\/\/ihedn.fr\/en\/wp-json\/wp\/v2\/media?parent=5476"}],"wp:term":[{"taxonomy":"category","embeddable":true,"href":"https:\/\/ihedn.fr\/en\/wp-json\/wp\/v2\/categories?post=5476"},{"taxonomy":"post_tag","embeddable":true,"href":"https:\/\/ihedn.fr\/en\/wp-json\/wp\/v2\/tags?post=5476"}],"curies":[{"name":"wp","href":"https:\/\/api.w.org\/{rel}","templated":true}]}}