{"id":54798,"date":"2025-07-01T12:44:42","date_gmt":"2025-07-01T11:44:42","guid":{"rendered":"https:\/\/ihedn.fr\/?p=54798"},"modified":"2025-07-01T12:59:21","modified_gmt":"2025-07-01T11:59:21","slug":"journee-des-presidents-des-associations-dauditeurs-ihedn-entre-transmission-et-engagement","status":"publish","type":"post","link":"https:\/\/ihedn.fr\/en\/notre-actualite\/journee-des-presidents-des-associations-dauditeurs-ihedn-entre-transmission-et-engagement\/","title":{"rendered":"IHEDN auditors' association presidents' day: between transmission and commitment"},"content":{"rendered":"<div data-elementor-type=\"wp-post\" data-elementor-id=\"54798\" class=\"elementor elementor-54798\" data-elementor-post-type=\"post\">\n\t\t\t\t<div data-particle_enable=\"false\" data-particle-mobile-disabled=\"false\" class=\"elementor-element elementor-element-603b01d e-flex e-con-boxed e-con e-parent\" data-id=\"603b01d\" data-element_type=\"container\" data-e-type=\"container\">\n\t\t\t\t\t<div class=\"e-con-inner\">\n\t\t\t\t<div class=\"elementor-element elementor-element-aee0684 elementor-widget elementor-widget-text-editor\" data-id=\"aee0684\" data-element_type=\"widget\" data-e-type=\"widget\" data-widget_type=\"text-editor.default\">\n\t\t\t\t<div class=\"elementor-widget-container\">\n\t\t\t\t\t\t\t\t\t<p style=\"text-align: left;\">Friday 27 June 2025 was the day for the presidents of the IHEDN auditors' associations. Lieutenant General Herv\u00e9 de Courr\u00e8ges, Director of the IHEDN, opened the day with a dense geopolitical overview and reminded the audience that the Institute, more essential than ever, is based on three priorities that are still relevant today: youth, territories and the economy. He expressed his delight at the growing success of the young people's cycles - particularly in the regions and overseas, where he would like to see further development - and paid tribute to the essential role played by the associations in maintaining cooperation with and between the auditors. He praised the essential role played by the associations in maintaining cooperation with and between students. \"The associations enable us to extend the work of the institute, they maintain links and they cultivate interest in defence issues\".<\/p><p style=\"text-align: left;\">The President of Union-IHEDN, Catherine de La Robertie, looked back over half a century of collective commitment, pointing out that the Union has established itself as \"an essential pole in the service of the spirit of defence, to raise awareness of strategic issues among as many people as possible\".<\/p><p style=\"text-align: left;\">R\u00e9mi de Fritsch, President of the Jeunes IHEDN, underlined the intense editorial activity of his community, which produced more than 170 publications in nine months, proof of a desire to understand and debate.<\/p><p style=\"text-align: left;\">Sub-prefect Jean-Michel Delvert, director of the IHEDN's regional and specialised activities department, presented the priorities and development prospects for regional sessions, youth cycles and economic intelligence training courses for the coming year. He noted a steady increase in applications, a sign of civil society's real appetite for strategic thinking and commitment to serving the nation.<\/p><p style=\"text-align: left;\">Augustin Scalbert, Deputy Head of the Institutional Relations and Communications Department, and Guillaume Lasconjarias, Head of the Studies and Research Department, gave details of the new educational tools available to the associations, while Ambassador Sylvain Berger, Head of the Europe and International Affairs Department, gave an update on international initiatives.<\/p><p style=\"text-align: left;\">Finally, the highlight of the day was the signing of a charter between General de Courr\u00e8ges and Catherine de La Robertie, further strengthening the links between IHEDN and Union-IHEDN. The signing took place as part of the Union's anniversary symposium, organised at the Sorbonne on the theme: \"From the spirit of defence to commitment\".<\/p><p style=\"text-align: left;\">The aim was to reflect collectively on this concept, which has particular resonance in the current geopolitical context, while at the same time providing an opportunity for students from the different classes to get together and exchange ideas.<\/p><p style=\"text-align: left;\">The aim of the event was to bring together leading figures from the world of defence and security: presidents of Union-IHEDN member associations, members, former auditors, spouses and associate members, supporters, students and young people interested in these issues.<\/p><p style=\"text-align: left;\">After a welcome address by Julie Benetti, Rector of the Ile-de-France Academic Region, Rector of the Paris Academy and Chancellor of the Universities of Paris and Ile-de-France, and a speech by Catherine de La Robertie, President of Union-IHEDN, General de Courr\u00e8ges, Director of the IHEDN, introduced the conference, which opened with a keynote address by Lieutenant General Pierre-Joseph Givre, Director of National Service and Youth at the Ministry of Defence. The day was then divided into three round tables:<\/p><ol><li style=\"text-align: left;\">What is the spirit of defence today?<\/li><li style=\"text-align: left;\">Ensuring that the spirit of defence is passed on<\/li><li style=\"text-align: left;\">Commitment<\/li><\/ol>\t\t\t\t\t\t\t\t<\/div>\n\t\t\t\t<\/div>\n\t\t\t\t<div class=\"elementor-element elementor-element-3ecfa3d elementor-widget elementor-widget-text-editor\" data-id=\"3ecfa3d\" data-element_type=\"widget\" data-e-type=\"widget\" data-widget_type=\"text-editor.default\">\n\t\t\t\t<div class=\"elementor-widget-container\">\n\t\t\t\t\t\t\t\t\t<p style=\"text-align: left;\">Finally, a keynote address by Major General Fran\u00e7ois-Xavier Poisbeau, Secretary General of the French National Guard, and a speech by Ambassador Sylvie Bermann, Chair of the IHEDN Board of Directors, brought the anniversary symposium to a close.<\/p><p style=\"text-align: left;\">In a changing world, the 600 members of the Union have a clear mission: to understand, to commit and to pass on, in order to keep alive the flame of the defence spirit. The IHEDN is delighted with this exemplary and increasingly dynamic support and collaboration, which will continue in the coming years.<\/p>\t\t\t\t\t\t\t\t<\/div>\n\t\t\t\t<\/div>\n\t\t\t\t<div class=\"elementor-element elementor-element-6e3a313 elementor-widget elementor-widget-gallery\" data-id=\"6e3a313\" data-element_type=\"widget\" data-e-type=\"widget\" data-settings=\"{&quot;columns&quot;:3,&quot;lazyload&quot;:&quot;yes&quot;,&quot;gallery_layout&quot;:&quot;grid&quot;,&quot;columns_tablet&quot;:2,&quot;columns_mobile&quot;:1,&quot;gap&quot;:{&quot;unit&quot;:&quot;px&quot;,&quot;size&quot;:10,&quot;sizes&quot;:[]},&quot;gap_tablet&quot;:{&quot;unit&quot;:&quot;px&quot;,&quot;size&quot;:10,&quot;sizes&quot;:[]},&quot;gap_mobile&quot;:{&quot;unit&quot;:&quot;px&quot;,&quot;size&quot;:10,&quot;sizes&quot;:[]},&quot;link_to&quot;:&quot;file&quot;,&quot;aspect_ratio&quot;:&quot;3:2&quot;,&quot;overlay_background&quot;:&quot;yes&quot;,&quot;content_hover_animation&quot;:&quot;fade-in&quot;}\" data-widget_type=\"gallery.default\">\n\t\t\t\t<div class=\"elementor-widget-container\">\n\t\t\t\t\t\t\t<div class=\"elementor-gallery__container\">\n\t\t\t\t\t\t\t<a class=\"e-gallery-item elementor-gallery-item elementor-animated-content\" href=\"https:\/\/ihedn.fr\/wp-content\/uploads\/2025\/07\/journee-president-12.jpeg\" data-elementor-open-lightbox=\"yes\" data-elementor-lightbox-slideshow=\"6e3a313\" data-e-action-hash=\"#elementor-action%3Aaction%3Dlightbox%26settings%3DeyJpZCI6NTQ4MjAsInVybCI6Imh0dHBzOlwvXC9paGVkbi5mclwvd3AtY29udGVudFwvdXBsb2Fkc1wvMjAyNVwvMDdcL2pvdXJuZWUtcHJlc2lkZW50LTEyLmpwZWciLCJzbGlkZXNob3ciOiI2ZTNhMzEzIn0%3D\">\n\t\t\t\t\t<div class=\"e-gallery-image elementor-gallery-item__image\" data-thumbnail=\"https:\/\/ihedn.fr\/wp-content\/uploads\/2025\/07\/journee-president-12-300x300.jpeg\" data-width=\"300\" data-height=\"300\" aria-label=\"\" role=\"img\" ><\/div>\n\t\t\t\t\t\t\t\t\t\t\t<div class=\"elementor-gallery-item__overlay\"><\/div>\n\t\t\t\t\t\t\t\t\t\t\t\t\t\t<\/a>\n\t\t\t\t\t\t\t<a class=\"e-gallery-item elementor-gallery-item elementor-animated-content\" href=\"https:\/\/ihedn.fr\/wp-content\/uploads\/2025\/07\/journee-president-10.jpeg\" data-elementor-open-lightbox=\"yes\" data-elementor-lightbox-slideshow=\"6e3a313\" data-e-action-hash=\"#elementor-action%3Aaction%3Dlightbox%26settings%3DeyJpZCI6NTQ4MTgsInVybCI6Imh0dHBzOlwvXC9paGVkbi5mclwvd3AtY29udGVudFwvdXBsb2Fkc1wvMjAyNVwvMDdcL2pvdXJuZWUtcHJlc2lkZW50LTEwLmpwZWciLCJzbGlkZXNob3ciOiI2ZTNhMzEzIn0%3D\">\n\t\t\t\t\t<div class=\"e-gallery-image elementor-gallery-item__image\" data-thumbnail=\"https:\/\/ihedn.fr\/wp-content\/uploads\/2025\/07\/journee-president-10-300x300.jpeg\" data-width=\"300\" data-height=\"300\" aria-label=\"\" role=\"img\" ><\/div>\n\t\t\t\t\t\t\t\t\t\t\t<div class=\"elementor-gallery-item__overlay\"><\/div>\n\t\t\t\t\t\t\t\t\t\t\t\t\t\t<\/a>\n\t\t\t\t\t\t\t<a class=\"e-gallery-item elementor-gallery-item elementor-animated-content\" href=\"https:\/\/ihedn.fr\/wp-content\/uploads\/2025\/07\/journee-president-11.jpeg\" data-elementor-open-lightbox=\"yes\" data-elementor-lightbox-slideshow=\"6e3a313\" data-e-action-hash=\"#elementor-action%3Aaction%3Dlightbox%26settings%3DeyJpZCI6NTQ4MTksInVybCI6Imh0dHBzOlwvXC9paGVkbi5mclwvd3AtY29udGVudFwvdXBsb2Fkc1wvMjAyNVwvMDdcL2pvdXJuZWUtcHJlc2lkZW50LTExLmpwZWciLCJzbGlkZXNob3ciOiI2ZTNhMzEzIn0%3D\">\n\t\t\t\t\t<div class=\"e-gallery-image elementor-gallery-item__image\" data-thumbnail=\"https:\/\/ihedn.fr\/wp-content\/uploads\/2025\/07\/journee-president-11-300x300.jpeg\" data-width=\"300\" data-height=\"300\" aria-label=\"\" role=\"img\" ><\/div>\n\t\t\t\t\t\t\t\t\t\t\t<div class=\"elementor-gallery-item__overlay\"><\/div>\n\t\t\t\t\t\t\t\t\t\t\t\t\t\t<\/a>\n\t\t\t\t\t\t\t<a class=\"e-gallery-item elementor-gallery-item elementor-animated-content\" href=\"https:\/\/ihedn.fr\/wp-content\/uploads\/2025\/07\/journee-president-04.jpg\" data-elementor-open-lightbox=\"yes\" data-elementor-lightbox-slideshow=\"6e3a313\" data-e-action-hash=\"#elementor-action%3Aaction%3Dlightbox%26settings%3DeyJpZCI6NTQ4MDAsInVybCI6Imh0dHBzOlwvXC9paGVkbi5mclwvd3AtY29udGVudFwvdXBsb2Fkc1wvMjAyNVwvMDdcL2pvdXJuZWUtcHJlc2lkZW50LTA0LmpwZyIsInNsaWRlc2hvdyI6IjZlM2EzMTMifQ%3D%3D\">\n\t\t\t\t\t<div class=\"e-gallery-image elementor-gallery-item__image\" data-thumbnail=\"https:\/\/ihedn.fr\/wp-content\/uploads\/2025\/07\/journee-president-04-300x300.jpg\" data-width=\"300\" data-height=\"300\" aria-label=\"The presidents of the associations of the Institut des hautes \u00e9tudes de d\u00e9fense nationale at the 50th anniversary of Union-IHEDN\" role=\"img\" ><\/div>\n\t\t\t\t\t\t\t\t\t\t\t<div class=\"elementor-gallery-item__overlay\"><\/div>\n\t\t\t\t\t\t\t\t\t\t\t\t\t\t<\/a>\n\t\t\t\t\t\t\t<a class=\"e-gallery-item elementor-gallery-item elementor-animated-content\" href=\"https:\/\/ihedn.fr\/wp-content\/uploads\/2025\/07\/journee-president-05.jpg\" data-elementor-open-lightbox=\"yes\" data-elementor-lightbox-slideshow=\"6e3a313\" data-e-action-hash=\"#elementor-action%3Aaction%3Dlightbox%26settings%3DeyJpZCI6NTQ4MDEsInVybCI6Imh0dHBzOlwvXC9paGVkbi5mclwvd3AtY29udGVudFwvdXBsb2Fkc1wvMjAyNVwvMDdcL2pvdXJuZWUtcHJlc2lkZW50LTA1LmpwZyIsInNsaWRlc2hvdyI6IjZlM2EzMTMifQ%3D%3D\">\n\t\t\t\t\t<div class=\"e-gallery-image elementor-gallery-item__image\" data-thumbnail=\"https:\/\/ihedn.fr\/wp-content\/uploads\/2025\/07\/journee-president-05-300x300.jpg\" data-width=\"300\" data-height=\"300\" aria-label=\"The presidents of the associations of the Institut des hautes \u00e9tudes de d\u00e9fense nationale at the 50th anniversary of Union-IHEDN\" role=\"img\" ><\/div>\n\t\t\t\t\t\t\t\t\t\t\t<div class=\"elementor-gallery-item__overlay\"><\/div>\n\t\t\t\t\t\t\t\t\t\t\t\t\t\t<\/a>\n\t\t\t\t\t\t\t<a class=\"e-gallery-item elementor-gallery-item elementor-animated-content\" href=\"https:\/\/ihedn.fr\/wp-content\/uploads\/2025\/07\/journee-president-06.jpg\" data-elementor-open-lightbox=\"yes\" data-elementor-lightbox-slideshow=\"6e3a313\" data-e-action-hash=\"#elementor-action%3Aaction%3Dlightbox%26settings%3DeyJpZCI6NTQ4MDIsInVybCI6Imh0dHBzOlwvXC9paGVkbi5mclwvd3AtY29udGVudFwvdXBsb2Fkc1wvMjAyNVwvMDdcL2pvdXJuZWUtcHJlc2lkZW50LTA2LmpwZyIsInNsaWRlc2hvdyI6IjZlM2EzMTMifQ%3D%3D\">\n\t\t\t\t\t<div class=\"e-gallery-image elementor-gallery-item__image\" data-thumbnail=\"https:\/\/ihedn.fr\/wp-content\/uploads\/2025\/07\/journee-president-06-300x300.jpg\" data-width=\"300\" data-height=\"300\" aria-label=\"The presidents of the associations of the Institut des hautes \u00e9tudes de d\u00e9fense nationale at the 50th anniversary of Union-IHEDN\" role=\"img\" ><\/div>\n\t\t\t\t\t\t\t\t\t\t\t<div class=\"elementor-gallery-item__overlay\"><\/div>\n\t\t\t\t\t\t\t\t\t\t\t\t\t\t<\/a>\n\t\t\t\t\t\t\t<a class=\"e-gallery-item elementor-gallery-item elementor-animated-content\" href=\"https:\/\/ihedn.fr\/wp-content\/uploads\/2025\/07\/journee-president-07.jpg\" data-elementor-open-lightbox=\"yes\" data-elementor-lightbox-slideshow=\"6e3a313\" data-e-action-hash=\"#elementor-action%3Aaction%3Dlightbox%26settings%3DeyJpZCI6NTQ4MDMsInVybCI6Imh0dHBzOlwvXC9paGVkbi5mclwvd3AtY29udGVudFwvdXBsb2Fkc1wvMjAyNVwvMDdcL2pvdXJuZWUtcHJlc2lkZW50LTA3LmpwZyIsInNsaWRlc2hvdyI6IjZlM2EzMTMifQ%3D%3D\">\n\t\t\t\t\t<div class=\"e-gallery-image elementor-gallery-item__image\" data-thumbnail=\"https:\/\/ihedn.fr\/wp-content\/uploads\/2025\/07\/journee-president-07-300x300.jpg\" data-width=\"300\" data-height=\"300\" aria-label=\"The presidents of the associations of the Institut des hautes \u00e9tudes de d\u00e9fense nationale at the 50th anniversary of Union-IHEDN\" role=\"img\" ><\/div>\n\t\t\t\t\t\t\t\t\t\t\t<div class=\"elementor-gallery-item__overlay\"><\/div>\n\t\t\t\t\t\t\t\t\t\t\t\t\t\t<\/a>\n\t\t\t\t\t\t\t<a class=\"e-gallery-item elementor-gallery-item elementor-animated-content\" href=\"https:\/\/ihedn.fr\/wp-content\/uploads\/2025\/07\/journee-president-08.jpg\" data-elementor-open-lightbox=\"yes\" data-elementor-lightbox-slideshow=\"6e3a313\" data-e-action-hash=\"#elementor-action%3Aaction%3Dlightbox%26settings%3DeyJpZCI6NTQ4MDQsInVybCI6Imh0dHBzOlwvXC9paGVkbi5mclwvd3AtY29udGVudFwvdXBsb2Fkc1wvMjAyNVwvMDdcL2pvdXJuZWUtcHJlc2lkZW50LTA4LmpwZyIsInNsaWRlc2hvdyI6IjZlM2EzMTMifQ%3D%3D\">\n\t\t\t\t\t<div class=\"e-gallery-image elementor-gallery-item__image\" data-thumbnail=\"https:\/\/ihedn.fr\/wp-content\/uploads\/2025\/07\/journee-president-08-300x300.jpg\" data-width=\"300\" data-height=\"300\" aria-label=\"The presidents of the associations of the Institut des hautes \u00e9tudes de d\u00e9fense nationale at the 50th anniversary of Union-IHEDN\" role=\"img\" ><\/div>\n\t\t\t\t\t\t\t\t\t\t\t<div class=\"elementor-gallery-item__overlay\"><\/div>\n\t\t\t\t\t\t\t\t\t\t\t\t\t\t<\/a>\n\t\t\t\t\t\t\t<a class=\"e-gallery-item elementor-gallery-item elementor-animated-content\" href=\"https:\/\/ihedn.fr\/wp-content\/uploads\/2025\/07\/journee-president-09.jpg\" data-elementor-open-lightbox=\"yes\" data-elementor-lightbox-slideshow=\"6e3a313\" data-e-action-hash=\"#elementor-action%3Aaction%3Dlightbox%26settings%3DeyJpZCI6NTQ4MDUsInVybCI6Imh0dHBzOlwvXC9paGVkbi5mclwvd3AtY29udGVudFwvdXBsb2Fkc1wvMjAyNVwvMDdcL2pvdXJuZWUtcHJlc2lkZW50LTA5LmpwZyIsInNsaWRlc2hvdyI6IjZlM2EzMTMifQ%3D%3D\">\n\t\t\t\t\t<div class=\"e-gallery-image elementor-gallery-item__image\" data-thumbnail=\"https:\/\/ihedn.fr\/wp-content\/uploads\/2025\/07\/journee-president-09-300x300.jpg\" data-width=\"300\" data-height=\"300\" aria-label=\"The presidents of the associations of the Institut des hautes \u00e9tudes de d\u00e9fense nationale at the 50th anniversary of Union-IHEDN\" role=\"img\" ><\/div>\n\t\t\t\t\t\t\t\t\t\t\t<div class=\"elementor-gallery-item__overlay\"><\/div>\n\t\t\t\t\t\t\t\t\t\t\t\t\t\t<\/a>\n\t\t\t\t\t\t\t<a class=\"e-gallery-item elementor-gallery-item elementor-animated-content\" href=\"https:\/\/ihedn.fr\/wp-content\/uploads\/2025\/07\/journee-president-00.jpg\" data-elementor-open-lightbox=\"yes\" data-elementor-lightbox-slideshow=\"6e3a313\" data-e-action-hash=\"#elementor-action%3Aaction%3Dlightbox%26settings%3DeyJpZCI6NTQ4MDYsInVybCI6Imh0dHBzOlwvXC9paGVkbi5mclwvd3AtY29udGVudFwvdXBsb2Fkc1wvMjAyNVwvMDdcL2pvdXJuZWUtcHJlc2lkZW50LTAwLmpwZyIsInNsaWRlc2hvdyI6IjZlM2EzMTMifQ%3D%3D\">\n\t\t\t\t\t<div class=\"e-gallery-image elementor-gallery-item__image\" data-thumbnail=\"https:\/\/ihedn.fr\/wp-content\/uploads\/2025\/07\/journee-president-00-300x300.jpg\" data-width=\"300\" data-height=\"300\" aria-label=\"The presidents of the associations of the Institut des hautes \u00e9tudes de d\u00e9fense nationale at the 50th anniversary of Union-IHEDN\" role=\"img\" ><\/div>\n\t\t\t\t\t\t\t\t\t\t\t<div class=\"elementor-gallery-item__overlay\"><\/div>\n\t\t\t\t\t\t\t\t\t\t\t\t\t\t<\/a>\n\t\t\t\t\t\t\t<a class=\"e-gallery-item elementor-gallery-item elementor-animated-content\" href=\"https:\/\/ihedn.fr\/wp-content\/uploads\/2025\/07\/journee-president-01.jpg\" data-elementor-open-lightbox=\"yes\" data-elementor-lightbox-slideshow=\"6e3a313\" data-e-action-hash=\"#elementor-action%3Aaction%3Dlightbox%26settings%3DeyJpZCI6NTQ4MDcsInVybCI6Imh0dHBzOlwvXC9paGVkbi5mclwvd3AtY29udGVudFwvdXBsb2Fkc1wvMjAyNVwvMDdcL2pvdXJuZWUtcHJlc2lkZW50LTAxLmpwZyIsInNsaWRlc2hvdyI6IjZlM2EzMTMifQ%3D%3D\">\n\t\t\t\t\t<div class=\"e-gallery-image elementor-gallery-item__image\" data-thumbnail=\"https:\/\/ihedn.fr\/wp-content\/uploads\/2025\/07\/journee-president-01-300x300.jpg\" data-width=\"300\" data-height=\"300\" aria-label=\"The presidents of the associations of the Institut des hautes \u00e9tudes de d\u00e9fense nationale at the 50th anniversary of Union-IHEDN\" role=\"img\" ><\/div>\n\t\t\t\t\t\t\t\t\t\t\t<div class=\"elementor-gallery-item__overlay\"><\/div>\n\t\t\t\t\t\t\t\t\t\t\t\t\t\t<\/a>\n\t\t\t\t\t\t\t<a class=\"e-gallery-item elementor-gallery-item elementor-animated-content\" href=\"https:\/\/ihedn.fr\/wp-content\/uploads\/2025\/07\/journee-president-03.jpg\" data-elementor-open-lightbox=\"yes\" data-elementor-lightbox-slideshow=\"6e3a313\" data-e-action-hash=\"#elementor-action%3Aaction%3Dlightbox%26settings%3DeyJpZCI6NTQ4MDksInVybCI6Imh0dHBzOlwvXC9paGVkbi5mclwvd3AtY29udGVudFwvdXBsb2Fkc1wvMjAyNVwvMDdcL2pvdXJuZWUtcHJlc2lkZW50LTAzLmpwZyIsInNsaWRlc2hvdyI6IjZlM2EzMTMifQ%3D%3D\">\n\t\t\t\t\t<div class=\"e-gallery-image elementor-gallery-item__image\" data-thumbnail=\"https:\/\/ihedn.fr\/wp-content\/uploads\/2025\/07\/journee-president-03-300x300.jpg\" data-width=\"300\" data-height=\"300\" aria-label=\"The presidents of the associations of the Institut des hautes \u00e9tudes de d\u00e9fense nationale at the 50th anniversary of Union-IHEDN\" role=\"img\" ><\/div>\n\t\t\t\t\t\t\t\t\t\t\t<div class=\"elementor-gallery-item__overlay\"><\/div>\n\t\t\t\t\t\t\t\t\t\t\t\t\t\t<\/a>\n\t\t\t\t\t<\/div>\n\t\t\t\t\t<\/div>\n\t\t\t\t<\/div>\n\t\t\t\t\t<\/div>\n\t\t\t\t<\/div>\n\t\t\t\t<\/div>","protected":false},"excerpt":{"rendered":"<p>Meeting in Paris, the presidents of the auditors' associations of the Institut des hautes \u00e9tudes de d\u00e9fense nationale shared a day dedicated to cohesion and the spirit of defence, as Union-IHEDN celebrates its 50th anniversary.<\/p>","protected":false},"author":10,"featured_media":54809,"comment_status":"closed","ping_status":"closed","sticky":false,"template":"","format":"standard","meta":{"footnotes":""},"categories":[172],"tags":[],"class_list":["post-54798","post","type-post","status-publish","format-standard","has-post-thumbnail","hentry","category-notre-actualite"],"yoast_head":"<!-- This site is optimized with the Yoast SEO plugin v27.5 - https:\/\/yoast.com\/product\/yoast-seo-wordpress\/ -->\n<title>Journ\u00e9e des pr\u00e9sidents des associations d\u2019auditeurs IHEDN : entre transmission et engagement - L&#039;IHEDN : Institut des hautes \u00e9tudes de d\u00e9fense nationale<\/title>\n<meta name=\"description\" content=\"R\u00e9unis \u00e0 l\u2019\u00c9cole militaire, les pr\u00e9sidents des associations d\u2019auditeurs de l\u2019Institut des hautes \u00e9tudes de d\u00e9fense nationale ont partag\u00e9 une journ\u00e9e plac\u00e9e sous le signe de la coh\u00e9sion et de l\u2019esprit de d\u00e9fense, alors que l\u2019Union-IHEDN f\u00eate ses 50 ans.\" \/>\n<meta name=\"robots\" content=\"index, follow, max-snippet:-1, max-image-preview:large, max-video-preview:-1\" \/>\n<link rel=\"canonical\" href=\"https:\/\/ihedn.fr\/en\/notre-actualite\/journee-des-presidents-des-associations-dauditeurs-ihedn-entre-transmission-et-engagement\/\" \/>\n<meta property=\"og:locale\" content=\"en_GB\" \/>\n<meta property=\"og:type\" content=\"article\" \/>\n<meta property=\"og:title\" content=\"Journ\u00e9e des pr\u00e9sidents des associations d\u2019auditeurs IHEDN : entre transmission et engagement - L&#039;IHEDN : Institut des hautes \u00e9tudes de d\u00e9fense nationale\" \/>\n<meta property=\"og:description\" content=\"R\u00e9unis \u00e0 l\u2019\u00c9cole militaire, les pr\u00e9sidents des associations d\u2019auditeurs de l\u2019Institut des hautes \u00e9tudes de d\u00e9fense nationale ont partag\u00e9 une journ\u00e9e plac\u00e9e sous le signe de la coh\u00e9sion et de l\u2019esprit de d\u00e9fense, alors que l\u2019Union-IHEDN f\u00eate ses 50 ans.\" \/>\n<meta property=\"og:url\" content=\"https:\/\/ihedn.fr\/en\/notre-actualite\/journee-des-presidents-des-associations-dauditeurs-ihedn-entre-transmission-et-engagement\/\" \/>\n<meta property=\"og:site_name\" content=\"L&#039;IHEDN : Institut des hautes \u00e9tudes de d\u00e9fense nationale\" \/>\n<meta property=\"article:publisher\" content=\"https:\/\/www.facebook.com\/ihedn\/\" \/>\n<meta property=\"article:published_time\" content=\"2025-07-01T11:44:42+00:00\" \/>\n<meta property=\"article:modified_time\" content=\"2025-07-01T11:59:21+00:00\" \/>\n<meta property=\"og:image\" content=\"https:\/\/ihedn.fr\/wp-content\/uploads\/2025\/07\/journee-president-03.jpg\" \/>\n\t<meta property=\"og:image:width\" content=\"1600\" \/>\n\t<meta property=\"og:image:height\" content=\"1200\" \/>\n\t<meta property=\"og:image:type\" content=\"image\/jpeg\" \/>\n<meta name=\"author\" content=\"tanguy.morel@ihedn.fr\" \/>\n<meta name=\"twitter:card\" content=\"summary_large_image\" \/>\n<meta name=\"twitter:title\" content=\"Journ\u00e9e des pr\u00e9sidents des associations d\u2019auditeurs IHEDN : entre transmission et engagement - L&#039;IHEDN : Institut des hautes \u00e9tudes de d\u00e9fense nationale\" \/>\n<meta name=\"twitter:description\" content=\"R\u00e9unis \u00e0 l\u2019\u00c9cole militaire, les pr\u00e9sidents des associations d\u2019auditeurs de l\u2019Institut des hautes \u00e9tudes de d\u00e9fense nationale ont partag\u00e9 une journ\u00e9e plac\u00e9e sous le signe de la coh\u00e9sion et de l\u2019esprit de d\u00e9fense, alors que l\u2019Union-IHEDN f\u00eate ses 50 ans.\" \/>\n<meta name=\"twitter:image\" content=\"https:\/\/ihedn.fr\/wp-content\/uploads\/2025\/07\/journee-president-03.jpg\" \/>\n<meta name=\"twitter:creator\" content=\"@IHEDN\" \/>\n<meta name=\"twitter:site\" content=\"@IHEDN\" \/>\n<meta name=\"twitter:label1\" content=\"Written by\" \/>\n\t<meta name=\"twitter:data1\" content=\"tanguy.morel@ihedn.fr\" \/>\n\t<meta name=\"twitter:label2\" content=\"Estimated reading time\" \/>\n\t<meta name=\"twitter:data2\" content=\"4 minutes\" \/>\n<script type=\"application\/ld+json\" class=\"yoast-schema-graph\">{\"@context\":\"https:\\\/\\\/schema.org\",\"@graph\":[{\"@type\":\"Article\",\"@id\":\"https:\\\/\\\/ihedn.fr\\\/notre-actualite\\\/journee-des-presidents-des-associations-dauditeurs-ihedn-entre-transmission-et-engagement\\\/#article\",\"isPartOf\":{\"@id\":\"https:\\\/\\\/ihedn.fr\\\/notre-actualite\\\/journee-des-presidents-des-associations-dauditeurs-ihedn-entre-transmission-et-engagement\\\/\"},\"author\":{\"name\":\"tanguy.morel@ihedn.fr\",\"@id\":\"https:\\\/\\\/ihedn.fr\\\/#\\\/schema\\\/person\\\/ed217a37104b27a246b200e65b827cc7\"},\"headline\":\"Journ\u00e9e des pr\u00e9sidents des associations d\u2019auditeurs IHEDN : entre transmission et engagement\",\"datePublished\":\"2025-07-01T11:44:42+00:00\",\"dateModified\":\"2025-07-01T11:59:21+00:00\",\"mainEntityOfPage\":{\"@id\":\"https:\\\/\\\/ihedn.fr\\\/notre-actualite\\\/journee-des-presidents-des-associations-dauditeurs-ihedn-entre-transmission-et-engagement\\\/\"},\"wordCount\":788,\"publisher\":{\"@id\":\"https:\\\/\\\/ihedn.fr\\\/#organization\"},\"image\":{\"@id\":\"https:\\\/\\\/ihedn.fr\\\/notre-actualite\\\/journee-des-presidents-des-associations-dauditeurs-ihedn-entre-transmission-et-engagement\\\/#primaryimage\"},\"thumbnailUrl\":\"https:\\\/\\\/ihedn.fr\\\/wp-content\\\/uploads\\\/2025\\\/07\\\/journee-president-03.jpg\",\"articleSection\":[\"Notre actualit\u00e9\"],\"inLanguage\":\"en-GB\"},{\"@type\":\"WebPage\",\"@id\":\"https:\\\/\\\/ihedn.fr\\\/notre-actualite\\\/journee-des-presidents-des-associations-dauditeurs-ihedn-entre-transmission-et-engagement\\\/\",\"url\":\"https:\\\/\\\/ihedn.fr\\\/notre-actualite\\\/journee-des-presidents-des-associations-dauditeurs-ihedn-entre-transmission-et-engagement\\\/\",\"name\":\"Journ\u00e9e des pr\u00e9sidents des associations d\u2019auditeurs IHEDN : entre transmission et engagement - L&#039;IHEDN : Institut des hautes \u00e9tudes de d\u00e9fense nationale\",\"isPartOf\":{\"@id\":\"https:\\\/\\\/ihedn.fr\\\/#website\"},\"primaryImageOfPage\":{\"@id\":\"https:\\\/\\\/ihedn.fr\\\/notre-actualite\\\/journee-des-presidents-des-associations-dauditeurs-ihedn-entre-transmission-et-engagement\\\/#primaryimage\"},\"image\":{\"@id\":\"https:\\\/\\\/ihedn.fr\\\/notre-actualite\\\/journee-des-presidents-des-associations-dauditeurs-ihedn-entre-transmission-et-engagement\\\/#primaryimage\"},\"thumbnailUrl\":\"https:\\\/\\\/ihedn.fr\\\/wp-content\\\/uploads\\\/2025\\\/07\\\/journee-president-03.jpg\",\"datePublished\":\"2025-07-01T11:44:42+00:00\",\"dateModified\":\"2025-07-01T11:59:21+00:00\",\"description\":\"R\u00e9unis \u00e0 l\u2019\u00c9cole militaire, les pr\u00e9sidents des associations d\u2019auditeurs de l\u2019Institut des hautes \u00e9tudes de d\u00e9fense nationale ont partag\u00e9 une journ\u00e9e plac\u00e9e sous le signe de la coh\u00e9sion et de l\u2019esprit de d\u00e9fense, alors que l\u2019Union-IHEDN f\u00eate ses 50 ans.\",\"breadcrumb\":{\"@id\":\"https:\\\/\\\/ihedn.fr\\\/notre-actualite\\\/journee-des-presidents-des-associations-dauditeurs-ihedn-entre-transmission-et-engagement\\\/#breadcrumb\"},\"inLanguage\":\"en-GB\",\"potentialAction\":[{\"@type\":\"ReadAction\",\"target\":[\"https:\\\/\\\/ihedn.fr\\\/notre-actualite\\\/journee-des-presidents-des-associations-dauditeurs-ihedn-entre-transmission-et-engagement\\\/\"]}]},{\"@type\":\"ImageObject\",\"inLanguage\":\"en-GB\",\"@id\":\"https:\\\/\\\/ihedn.fr\\\/notre-actualite\\\/journee-des-presidents-des-associations-dauditeurs-ihedn-entre-transmission-et-engagement\\\/#primaryimage\",\"url\":\"https:\\\/\\\/ihedn.fr\\\/wp-content\\\/uploads\\\/2025\\\/07\\\/journee-president-03.jpg\",\"contentUrl\":\"https:\\\/\\\/ihedn.fr\\\/wp-content\\\/uploads\\\/2025\\\/07\\\/journee-president-03.jpg\",\"width\":1600,\"height\":1200,\"caption\":\"Les pr\u00e9sidents des associations de l'Institut des hautes \u00e9tudes de d\u00e9fense nationale lors des 50 ans de l'Union-IHEDN\"},{\"@type\":\"BreadcrumbList\",\"@id\":\"https:\\\/\\\/ihedn.fr\\\/notre-actualite\\\/journee-des-presidents-des-associations-dauditeurs-ihedn-entre-transmission-et-engagement\\\/#breadcrumb\",\"itemListElement\":[{\"@type\":\"ListItem\",\"position\":1,\"name\":\"Accueil\",\"item\":\"https:\\\/\\\/ihedn.fr\\\/\"},{\"@type\":\"ListItem\",\"position\":2,\"name\":\"Journ\u00e9e des pr\u00e9sidents des associations d\u2019auditeurs IHEDN : entre transmission et engagement\"}]},{\"@type\":\"WebSite\",\"@id\":\"https:\\\/\\\/ihedn.fr\\\/#website\",\"url\":\"https:\\\/\\\/ihedn.fr\\\/\",\"name\":\"IHEDN : Institut des hautes \u00e9tudes de d\u00e9fense nationale |\",\"description\":\"Site officiel de l&#039;IHEDN plac\u00e9 sous la tutelle du Premier ministre.\",\"publisher\":{\"@id\":\"https:\\\/\\\/ihedn.fr\\\/#organization\"},\"potentialAction\":[{\"@type\":\"SearchAction\",\"target\":{\"@type\":\"EntryPoint\",\"urlTemplate\":\"https:\\\/\\\/ihedn.fr\\\/?s={search_term_string}\"},\"query-input\":{\"@type\":\"PropertyValueSpecification\",\"valueRequired\":true,\"valueName\":\"search_term_string\"}}],\"inLanguage\":\"en-GB\"},{\"@type\":\"Organization\",\"@id\":\"https:\\\/\\\/ihedn.fr\\\/#organization\",\"name\":\"IHEDN - Institut des Hautes Etudes de D\u00e9fense Nationale\",\"url\":\"https:\\\/\\\/ihedn.fr\\\/\",\"logo\":{\"@type\":\"ImageObject\",\"inLanguage\":\"en-GB\",\"@id\":\"https:\\\/\\\/ihedn.fr\\\/#\\\/schema\\\/logo\\\/image\\\/\",\"url\":\"https:\\\/\\\/ihedn.fr\\\/wp-content\\\/uploads\\\/2020\\\/11\\\/BLOC_RF_IHEDN_WEB.png\",\"contentUrl\":\"https:\\\/\\\/ihedn.fr\\\/wp-content\\\/uploads\\\/2020\\\/11\\\/BLOC_RF_IHEDN_WEB.png\",\"width\":500,\"height\":237,\"caption\":\"IHEDN - Institut des Hautes Etudes de D\u00e9fense Nationale\"},\"image\":{\"@id\":\"https:\\\/\\\/ihedn.fr\\\/#\\\/schema\\\/logo\\\/image\\\/\"},\"sameAs\":[\"https:\\\/\\\/www.facebook.com\\\/ihedn\\\/\",\"https:\\\/\\\/x.com\\\/IHEDN\",\"https:\\\/\\\/www.instagram.com\\\/ihedn\\\/\",\"https:\\\/\\\/www.linkedin.com\\\/school\\\/ihedn\\\/\",\"https:\\\/\\\/fr.wikipedia.org\\\/wiki\\\/Institut_des_hautes_\u00e9tudes_de_D\u00e9fense_nationale\"]},{\"@type\":\"Person\",\"@id\":\"https:\\\/\\\/ihedn.fr\\\/#\\\/schema\\\/person\\\/ed217a37104b27a246b200e65b827cc7\",\"name\":\"tanguy.morel@ihedn.fr\",\"image\":{\"@type\":\"ImageObject\",\"inLanguage\":\"en-GB\",\"@id\":\"https:\\\/\\\/secure.gravatar.com\\\/avatar\\\/36877cd30919fafddf1f9da45f4154aa468a64328452f2ceaff0968772207348?s=96&d=mm&r=g\",\"url\":\"https:\\\/\\\/secure.gravatar.com\\\/avatar\\\/36877cd30919fafddf1f9da45f4154aa468a64328452f2ceaff0968772207348?s=96&d=mm&r=g\",\"contentUrl\":\"https:\\\/\\\/secure.gravatar.com\\\/avatar\\\/36877cd30919fafddf1f9da45f4154aa468a64328452f2ceaff0968772207348?s=96&d=mm&r=g\",\"caption\":\"tanguy.morel@ihedn.fr\"},\"url\":\"https:\\\/\\\/ihedn.fr\\\/en\\\/author\\\/tanguy-morelihedn-fr\\\/\"}]}<\/script>\n<!-- \/ Yoast SEO plugin. -->","yoast_head_json":{"title":"IHEDN auditors' association presidents' day: between transmission and commitment - L'IHEDN : Institut des hautes \u00e9tudes de d\u00e9fense nationale","description":"Gathered at the \u00c9cole Militaire, the presidents of the auditors' associations of the Institut des Hautes \u00c9tudes de D\u00e9fense Nationale shared a day dedicated to cohesion and the spirit of defence, as Union-IHEDN celebrates its 50th anniversary.","robots":{"index":"index","follow":"follow","max-snippet":"max-snippet:-1","max-image-preview":"max-image-preview:large","max-video-preview":"max-video-preview:-1"},"canonical":"https:\/\/ihedn.fr\/en\/notre-actualite\/journee-des-presidents-des-associations-dauditeurs-ihedn-entre-transmission-et-engagement\/","og_locale":"en_GB","og_type":"article","og_title":"Journ\u00e9e des pr\u00e9sidents des associations d\u2019auditeurs IHEDN : entre transmission et engagement - L&#039;IHEDN : Institut des hautes \u00e9tudes de d\u00e9fense nationale","og_description":"R\u00e9unis \u00e0 l\u2019\u00c9cole militaire, les pr\u00e9sidents des associations d\u2019auditeurs de l\u2019Institut des hautes \u00e9tudes de d\u00e9fense nationale ont partag\u00e9 une journ\u00e9e plac\u00e9e sous le signe de la coh\u00e9sion et de l\u2019esprit de d\u00e9fense, alors que l\u2019Union-IHEDN f\u00eate ses 50 ans.","og_url":"https:\/\/ihedn.fr\/en\/notre-actualite\/journee-des-presidents-des-associations-dauditeurs-ihedn-entre-transmission-et-engagement\/","og_site_name":"L&#039;IHEDN : Institut des hautes \u00e9tudes de d\u00e9fense nationale","article_publisher":"https:\/\/www.facebook.com\/ihedn\/","article_published_time":"2025-07-01T11:44:42+00:00","article_modified_time":"2025-07-01T11:59:21+00:00","og_image":[{"width":1600,"height":1200,"url":"https:\/\/ihedn.fr\/wp-content\/uploads\/2025\/07\/journee-president-03.jpg","type":"image\/jpeg"}],"author":"tanguy.morel@ihedn.fr","twitter_card":"summary_large_image","twitter_title":"Journ\u00e9e des pr\u00e9sidents des associations d\u2019auditeurs IHEDN : entre transmission et engagement - L&#039;IHEDN : Institut des hautes \u00e9tudes de d\u00e9fense nationale","twitter_description":"R\u00e9unis \u00e0 l\u2019\u00c9cole militaire, les pr\u00e9sidents des associations d\u2019auditeurs de l\u2019Institut des hautes \u00e9tudes de d\u00e9fense nationale ont partag\u00e9 une journ\u00e9e plac\u00e9e sous le signe de la coh\u00e9sion et de l\u2019esprit de d\u00e9fense, alors que l\u2019Union-IHEDN f\u00eate ses 50 ans.","twitter_image":"https:\/\/ihedn.fr\/wp-content\/uploads\/2025\/07\/journee-president-03.jpg","twitter_creator":"@IHEDN","twitter_site":"@IHEDN","twitter_misc":{"Written by":"tanguy.morel@ihedn.fr","Estimated reading time":"4 minutes"},"schema":{"@context":"https:\/\/schema.org","@graph":[{"@type":"Article","@id":"https:\/\/ihedn.fr\/notre-actualite\/journee-des-presidents-des-associations-dauditeurs-ihedn-entre-transmission-et-engagement\/#article","isPartOf":{"@id":"https:\/\/ihedn.fr\/notre-actualite\/journee-des-presidents-des-associations-dauditeurs-ihedn-entre-transmission-et-engagement\/"},"author":{"name":"tanguy.morel@ihedn.fr","@id":"https:\/\/ihedn.fr\/#\/schema\/person\/ed217a37104b27a246b200e65b827cc7"},"headline":"Journ\u00e9e des pr\u00e9sidents des associations d\u2019auditeurs IHEDN : entre transmission et engagement","datePublished":"2025-07-01T11:44:42+00:00","dateModified":"2025-07-01T11:59:21+00:00","mainEntityOfPage":{"@id":"https:\/\/ihedn.fr\/notre-actualite\/journee-des-presidents-des-associations-dauditeurs-ihedn-entre-transmission-et-engagement\/"},"wordCount":788,"publisher":{"@id":"https:\/\/ihedn.fr\/#organization"},"image":{"@id":"https:\/\/ihedn.fr\/notre-actualite\/journee-des-presidents-des-associations-dauditeurs-ihedn-entre-transmission-et-engagement\/#primaryimage"},"thumbnailUrl":"https:\/\/ihedn.fr\/wp-content\/uploads\/2025\/07\/journee-president-03.jpg","articleSection":["Notre actualit\u00e9"],"inLanguage":"en-GB"},{"@type":"WebPage","@id":"https:\/\/ihedn.fr\/notre-actualite\/journee-des-presidents-des-associations-dauditeurs-ihedn-entre-transmission-et-engagement\/","url":"https:\/\/ihedn.fr\/notre-actualite\/journee-des-presidents-des-associations-dauditeurs-ihedn-entre-transmission-et-engagement\/","name":"IHEDN auditors' association presidents' day: between transmission and commitment - L'IHEDN : Institut des hautes \u00e9tudes de d\u00e9fense nationale","isPartOf":{"@id":"https:\/\/ihedn.fr\/#website"},"primaryImageOfPage":{"@id":"https:\/\/ihedn.fr\/notre-actualite\/journee-des-presidents-des-associations-dauditeurs-ihedn-entre-transmission-et-engagement\/#primaryimage"},"image":{"@id":"https:\/\/ihedn.fr\/notre-actualite\/journee-des-presidents-des-associations-dauditeurs-ihedn-entre-transmission-et-engagement\/#primaryimage"},"thumbnailUrl":"https:\/\/ihedn.fr\/wp-content\/uploads\/2025\/07\/journee-president-03.jpg","datePublished":"2025-07-01T11:44:42+00:00","dateModified":"2025-07-01T11:59:21+00:00","description":"Gathered at the \u00c9cole Militaire, the presidents of the auditors' associations of the Institut des Hautes \u00c9tudes de D\u00e9fense Nationale shared a day dedicated to cohesion and the spirit of defence, as Union-IHEDN celebrates its 50th anniversary.","breadcrumb":{"@id":"https:\/\/ihedn.fr\/notre-actualite\/journee-des-presidents-des-associations-dauditeurs-ihedn-entre-transmission-et-engagement\/#breadcrumb"},"inLanguage":"en-GB","potentialAction":[{"@type":"ReadAction","target":["https:\/\/ihedn.fr\/notre-actualite\/journee-des-presidents-des-associations-dauditeurs-ihedn-entre-transmission-et-engagement\/"]}]},{"@type":"ImageObject","inLanguage":"en-GB","@id":"https:\/\/ihedn.fr\/notre-actualite\/journee-des-presidents-des-associations-dauditeurs-ihedn-entre-transmission-et-engagement\/#primaryimage","url":"https:\/\/ihedn.fr\/wp-content\/uploads\/2025\/07\/journee-president-03.jpg","contentUrl":"https:\/\/ihedn.fr\/wp-content\/uploads\/2025\/07\/journee-president-03.jpg","width":1600,"height":1200,"caption":"Les pr\u00e9sidents des associations de l'Institut des hautes \u00e9tudes de d\u00e9fense nationale lors des 50 ans de l'Union-IHEDN"},{"@type":"BreadcrumbList","@id":"https:\/\/ihedn.fr\/notre-actualite\/journee-des-presidents-des-associations-dauditeurs-ihedn-entre-transmission-et-engagement\/#breadcrumb","itemListElement":[{"@type":"ListItem","position":1,"name":"Accueil","item":"https:\/\/ihedn.fr\/"},{"@type":"ListItem","position":2,"name":"Journ\u00e9e des pr\u00e9sidents des associations d\u2019auditeurs IHEDN : entre transmission et engagement"}]},{"@type":"WebSite","@id":"https:\/\/ihedn.fr\/#website","url":"https:\/\/ihedn.fr\/","name":"IHEDN: Institut des hautes \u00e9tudes de d\u00e9fense nationale (Institute for Higher National Defence Studies)","description":"Official website of the IHEDN under the supervision of the Prime Minister.","publisher":{"@id":"https:\/\/ihedn.fr\/#organization"},"potentialAction":[{"@type":"SearchAction","target":{"@type":"EntryPoint","urlTemplate":"https:\/\/ihedn.fr\/?s={search_term_string}"},"query-input":{"@type":"PropertyValueSpecification","valueRequired":true,"valueName":"search_term_string"}}],"inLanguage":"en-GB"},{"@type":"Organization","@id":"https:\/\/ihedn.fr\/#organization","name":"IHEDN - Institute for Higher National Defence Studies","url":"https:\/\/ihedn.fr\/","logo":{"@type":"ImageObject","inLanguage":"en-GB","@id":"https:\/\/ihedn.fr\/#\/schema\/logo\/image\/","url":"https:\/\/ihedn.fr\/wp-content\/uploads\/2020\/11\/BLOC_RF_IHEDN_WEB.png","contentUrl":"https:\/\/ihedn.fr\/wp-content\/uploads\/2020\/11\/BLOC_RF_IHEDN_WEB.png","width":500,"height":237,"caption":"IHEDN - Institut des Hautes Etudes de D\u00e9fense Nationale"},"image":{"@id":"https:\/\/ihedn.fr\/#\/schema\/logo\/image\/"},"sameAs":["https:\/\/www.facebook.com\/ihedn\/","https:\/\/x.com\/IHEDN","https:\/\/www.instagram.com\/ihedn\/","https:\/\/www.linkedin.com\/school\/ihedn\/","https:\/\/fr.wikipedia.org\/wiki\/Institut_des_hautes_\u00e9tudes_de_D\u00e9fense_nationale"]},{"@type":"Person","@id":"https:\/\/ihedn.fr\/#\/schema\/person\/ed217a37104b27a246b200e65b827cc7","name":"tanguy.morel@ihedn.fr","image":{"@type":"ImageObject","inLanguage":"en-GB","@id":"https:\/\/secure.gravatar.com\/avatar\/36877cd30919fafddf1f9da45f4154aa468a64328452f2ceaff0968772207348?s=96&d=mm&r=g","url":"https:\/\/secure.gravatar.com\/avatar\/36877cd30919fafddf1f9da45f4154aa468a64328452f2ceaff0968772207348?s=96&d=mm&r=g","contentUrl":"https:\/\/secure.gravatar.com\/avatar\/36877cd30919fafddf1f9da45f4154aa468a64328452f2ceaff0968772207348?s=96&d=mm&r=g","caption":"tanguy.morel@ihedn.fr"},"url":"https:\/\/ihedn.fr\/en\/author\/tanguy-morelihedn-fr\/"}]}},"publishpress_future_action":{"enabled":false,"date":"2026-05-07 19:28:06","action":"change-status","newStatus":"draft","terms":[],"taxonomy":"category","extraData":[]},"publishpress_future_workflow_manual_trigger":{"enabledWorkflows":[]},"_links":{"self":[{"href":"https:\/\/ihedn.fr\/en\/wp-json\/wp\/v2\/posts\/54798","targetHints":{"allow":["GET"]}}],"collection":[{"href":"https:\/\/ihedn.fr\/en\/wp-json\/wp\/v2\/posts"}],"about":[{"href":"https:\/\/ihedn.fr\/en\/wp-json\/wp\/v2\/types\/post"}],"author":[{"embeddable":true,"href":"https:\/\/ihedn.fr\/en\/wp-json\/wp\/v2\/users\/10"}],"replies":[{"embeddable":true,"href":"https:\/\/ihedn.fr\/en\/wp-json\/wp\/v2\/comments?post=54798"}],"version-history":[{"count":11,"href":"https:\/\/ihedn.fr\/en\/wp-json\/wp\/v2\/posts\/54798\/revisions"}],"predecessor-version":[{"id":54823,"href":"https:\/\/ihedn.fr\/en\/wp-json\/wp\/v2\/posts\/54798\/revisions\/54823"}],"wp:featuredmedia":[{"embeddable":true,"href":"https:\/\/ihedn.fr\/en\/wp-json\/wp\/v2\/media\/54809"}],"wp:attachment":[{"href":"https:\/\/ihedn.fr\/en\/wp-json\/wp\/v2\/media?parent=54798"}],"wp:term":[{"taxonomy":"category","embeddable":true,"href":"https:\/\/ihedn.fr\/en\/wp-json\/wp\/v2\/categories?post=54798"},{"taxonomy":"post_tag","embeddable":true,"href":"https:\/\/ihedn.fr\/en\/wp-json\/wp\/v2\/tags?post=54798"}],"curies":[{"name":"wp","href":"https:\/\/api.w.org\/{rel}","templated":true}]}}