{"id":54920,"date":"2025-07-18T13:59:46","date_gmt":"2025-07-18T12:59:46","guid":{"rendered":"https:\/\/ihedn.fr\/?p=54920"},"modified":"2025-08-27T13:13:24","modified_gmt":"2025-08-27T12:13:24","slug":"quand-la-musique-sonne-le-pas-larmee-la-nation-et-ses-harmonies","status":"publish","type":"post","link":"https:\/\/ihedn.fr\/en\/notre-selection\/quand-la-musique-sonne-le-pas-larmee-la-nation-et-ses-harmonies\/","title":{"rendered":"When music sounds the marching orders: the army, the nation and its harmonies"},"content":{"rendered":"<div data-elementor-type=\"wp-post\" data-elementor-id=\"54920\" class=\"elementor elementor-54920\" data-elementor-post-type=\"post\">\n\t\t\t\t<div data-particle_enable=\"false\" data-particle-mobile-disabled=\"false\" class=\"elementor-element elementor-element-85142a1 e-con-full e-flex e-con e-parent\" data-id=\"85142a1\" data-element_type=\"container\" data-e-type=\"container\">\n\t\t\t\t<div class=\"elementor-element elementor-element-17af96f elementor-widget elementor-widget-heading\" data-id=\"17af96f\" data-element_type=\"widget\" data-e-type=\"widget\" data-widget_type=\"heading.default\">\n\t\t\t\t<div class=\"elementor-widget-container\">\n\t\t\t\t\t<h2 class=\"elementor-heading-title elementor-size-default\">AN INITIAL FUNCTION: TRANSMITTING ORDERS<\/h2>\t\t\t\t<\/div>\n\t\t\t\t<\/div>\n\t\t\t\t<div class=\"elementor-element elementor-element-887cac3 elementor-widget-divider--view-line elementor-widget elementor-widget-divider\" data-id=\"887cac3\" data-element_type=\"widget\" data-e-type=\"widget\" data-widget_type=\"divider.default\">\n\t\t\t\t<div class=\"elementor-widget-container\">\n\t\t\t\t\t\t\t<div class=\"elementor-divider\">\n\t\t\t<span class=\"elementor-divider-separator\">\n\t\t\t\t\t\t<\/span>\n\t\t<\/div>\n\t\t\t\t\t\t<\/div>\n\t\t\t\t<\/div>\n\t\t<div data-particle_enable=\"false\" data-particle-mobile-disabled=\"false\" class=\"elementor-element elementor-element-094d652 e-con-full e-flex e-con e-child\" data-id=\"094d652\" data-element_type=\"container\" data-e-type=\"container\">\n\t\t\t\t<div class=\"elementor-element elementor-element-837d8c0 elementor-widget elementor-widget-text-editor\" data-id=\"837d8c0\" data-element_type=\"widget\" data-e-type=\"widget\" data-widget_type=\"text-editor.default\">\n\t\t\t\t<div class=\"elementor-widget-container\">\n\t\t\t\t\t\t\t\t\t<p>Since ancient times, musical instruments have been used on the battlefield to convey orders from a distance. This is known as celeustic music, in other words the art of conveying commands by means of sound signals.<\/p><p>In France, the regulated use of ringtones dates back to the reign of <strong>Fran\u00e7ois I<sup>er<\/sup><\/strong> (1515-1547), when the drum says <em>prescription<\/em> was introduced into the army. Its essential mission was to transmit orders. Each battery - in other words, each drum signal - had a specific rhythm and designation to avoid any confusion. These drums could be played at a standstill or on the march, accompanied by oboes, fifes or, later, bugles.<\/p><p>In the French army, bells were used to signal \"entry\", \"charge\" (on horseback or on foot) or \"chamade\" (intention to surrender). Since the Great War, however, the drum and bugle have ceased to be used to signal a charge. These instruments were essential when troops in battle formation had to move around the battlefield and there was no other way of transmitting orders. As historian Thierry Bouzard points out <a href=\"https:\/\/www.radiofrance.fr\/franceculture\/podcasts\/lsd-la-serie-documentaire\/sonnez-trompettes-1577578\">in a France Culture series<\/a>Under the Empire, musicians were nicknamed \"far from the bullets\" because their role was mainly to transmit commands by sound signals.<\/p><p>This function has continued into modern times: the first \"ceasefire\" in 1918 was sounded by a bugler a few days before the armistice.<\/p><p>There are also other signals, known as <strong>regimental bells<\/strong>These ceremonies are designed to bring together soldiers from the same regiment or to give them specific orders. Military life is punctuated by ceremonial occasions. Some of the best known are the reveille, the raising of the colours and the Last Post.<\/p>\t\t\t\t\t\t\t\t<\/div>\n\t\t\t\t<\/div>\n\t\t\t\t<\/div>\n\t\t\t\t<\/div>\n\t\t<div data-particle_enable=\"false\" data-particle-mobile-disabled=\"false\" class=\"elementor-element elementor-element-c6a19b8 e-con-full e-flex e-con e-parent\" data-id=\"c6a19b8\" data-element_type=\"container\" data-e-type=\"container\">\n\t\t\t\t<div class=\"elementor-element elementor-element-4610df4 elementor-widget elementor-widget-heading\" data-id=\"4610df4\" data-element_type=\"widget\" data-e-type=\"widget\" data-widget_type=\"heading.default\">\n\t\t\t\t<div class=\"elementor-widget-container\">\n\t\t\t\t\t<h2 class=\"elementor-heading-title elementor-size-default\">SINCE LOUIS XIV, MILITARY MUSIC IN THE AGE OF ENTERTAINMENT<\/h2>\t\t\t\t<\/div>\n\t\t\t\t<\/div>\n\t\t\t\t<div class=\"elementor-element elementor-element-546621a elementor-widget-divider--view-line elementor-widget elementor-widget-divider\" data-id=\"546621a\" data-element_type=\"widget\" data-e-type=\"widget\" data-widget_type=\"divider.default\">\n\t\t\t\t<div class=\"elementor-widget-container\">\n\t\t\t\t\t\t\t<div class=\"elementor-divider\">\n\t\t\t<span class=\"elementor-divider-separator\">\n\t\t\t\t\t\t<\/span>\n\t\t<\/div>\n\t\t\t\t\t\t<\/div>\n\t\t\t\t<\/div>\n\t\t<div data-particle_enable=\"false\" data-particle-mobile-disabled=\"false\" class=\"elementor-element elementor-element-507fce8 e-con-full e-flex e-con e-child\" data-id=\"507fce8\" data-element_type=\"container\" data-e-type=\"container\">\n\t\t\t\t<div class=\"elementor-element elementor-element-ea0585d elementor-widget elementor-widget-text-editor\" data-id=\"ea0585d\" data-element_type=\"widget\" data-e-type=\"widget\" data-widget_type=\"text-editor.default\">\n\t\t\t\t<div class=\"elementor-widget-container\">\n\t\t\t\t\t\t\t\t\t<p>It was under Louis XIV that music truly entered the military arena. Concerned with prestige and staging, the Sun King decided to introduce music into his regiments to provide a soundtrack to manoeuvres. At the instigation of the composer and oboist of the Mousquetaires, Andr\u00e9 Danican Philidor, military marches were composed to accompany the troops. It was no longer a question of celestial music, but rather of accompanying ceremonies and affirming the cohesion of the armies through a unified repertoire, while at the same time generating popular enthusiasm. Military music thus moved into the realm of entertainment.<\/p><p>This function came into its own during the First World War. To soften the blow of life in the trenches, newspapers published songs for the soldiers. Soldiers often took up popular tunes, modifying the lyrics to make them easier to disseminate in the regiments. Trench bands were formed, and artists were sent to the front to perform for the soldiers and the surrounding population. The themes covered were hope, camaraderie, women, the memory of loved ones... or, more rarely, revolt.<\/p>\t\t\t\t\t\t\t\t<\/div>\n\t\t\t\t<\/div>\n\t\t\t\t<\/div>\n\t\t\t\t<\/div>\n\t\t<div data-particle_enable=\"false\" data-particle-mobile-disabled=\"false\" class=\"elementor-element elementor-element-34f6859 e-con-full e-flex e-con e-parent\" data-id=\"34f6859\" data-element_type=\"container\" data-e-type=\"container\">\n\t\t\t\t<div class=\"elementor-element elementor-element-47a0236 elementor-widget elementor-widget-heading\" data-id=\"47a0236\" data-element_type=\"widget\" data-e-type=\"widget\" data-widget_type=\"heading.default\">\n\t\t\t\t<div class=\"elementor-widget-container\">\n\t\t\t\t\t<h2 class=\"elementor-heading-title elementor-size-default\">MILITARY MUSIC, A UNIVERSAL AND PATRIOTIC LANGUAGE<\/h2>\t\t\t\t<\/div>\n\t\t\t\t<\/div>\n\t\t\t\t<div class=\"elementor-element elementor-element-1b02bcd elementor-widget-divider--view-line elementor-widget elementor-widget-divider\" data-id=\"1b02bcd\" data-element_type=\"widget\" data-e-type=\"widget\" data-widget_type=\"divider.default\">\n\t\t\t\t<div class=\"elementor-widget-container\">\n\t\t\t\t\t\t\t<div class=\"elementor-divider\">\n\t\t\t<span class=\"elementor-divider-separator\">\n\t\t\t\t\t\t<\/span>\n\t\t<\/div>\n\t\t\t\t\t\t<\/div>\n\t\t\t\t<\/div>\n\t\t<div data-particle_enable=\"false\" data-particle-mobile-disabled=\"false\" class=\"elementor-element elementor-element-03142eb e-con-full e-flex e-con e-child\" data-id=\"03142eb\" data-element_type=\"container\" data-e-type=\"container\">\n\t\t\t\t<div class=\"elementor-element elementor-element-2b8bbe6 elementor-widget elementor-widget-text-editor\" data-id=\"2b8bbe6\" data-element_type=\"widget\" data-e-type=\"widget\" data-widget_type=\"text-editor.default\">\n\t\t\t\t<div class=\"elementor-widget-container\">\n\t\t\t\t\t\t\t\t\t<p>Military music plays a fundamental role in building and expressing patriotism. Far more than just an ornament to the sound of official ceremonies, it embodies the collective memory, national unity and republican pride.<\/p><p>One of the events where this symbolic dimension is strongest is undoubtedly the 14 July parade on the Champs-\u00c9lys\u00e9es. Every year, this solemn moment captures the attention of millions of citizens, focusing their eyes on the soldiers and their ears on the military music.<\/p><p>Through the marches, songs and bells that accompany the cadenced marching of the regiments, the music becomes an aural representation of the nation as a whole and also contributes to the link between the nation and the army, a vector of national cohesion. During major ceremonies, military music becomes a powerful collective moment, shared between citizens and soldiers. This is obviously the case with the Marseillaise, sung at major events such as 14 July, which embody the republican identity.<\/p><p>Military music also helps to preserve historical memory. Marches, war songs and chimes are veritable living archives: they recall past conflicts, victories and the values defended by previous generations. These repertoires, handed down and replayed from generation to generation, help to anchor a common narrative.<\/p><p>Musical groups are also key players in diplomacy. During state visits, international commemorations or even official dinners, they are often the first contact that foreign delegations have with France. Military music then becomes a cultural ambassador, contributing to the influence of the nation and between nations.<\/p>\t\t\t\t\t\t\t\t<\/div>\n\t\t\t\t<\/div>\n\t\t\t\t<\/div>\n\t\t\t\t<\/div>\n\t\t<div data-particle_enable=\"false\" data-particle-mobile-disabled=\"false\" class=\"elementor-element elementor-element-09ebcd3 e-con-full e-flex e-con e-parent\" data-id=\"09ebcd3\" data-element_type=\"container\" data-e-type=\"container\">\n\t\t\t\t<div class=\"elementor-element elementor-element-f359ef9 elementor-widget elementor-widget-heading\" data-id=\"f359ef9\" data-element_type=\"widget\" data-e-type=\"widget\" data-widget_type=\"heading.default\">\n\t\t\t\t<div class=\"elementor-widget-container\">\n\t\t\t\t\t<h2 class=\"elementor-heading-title elementor-size-default\">LA MARSEILLAISE AT WEMBLEY, OASIS AT THE STADE DE FRANCE<\/h2>\t\t\t\t<\/div>\n\t\t\t\t<\/div>\n\t\t\t\t<div class=\"elementor-element elementor-element-1b5ba5c elementor-widget-divider--view-line elementor-widget elementor-widget-divider\" data-id=\"1b5ba5c\" data-element_type=\"widget\" data-e-type=\"widget\" data-widget_type=\"divider.default\">\n\t\t\t\t<div class=\"elementor-widget-container\">\n\t\t\t\t\t\t\t<div class=\"elementor-divider\">\n\t\t\t<span class=\"elementor-divider-separator\">\n\t\t\t\t\t\t<\/span>\n\t\t<\/div>\n\t\t\t\t\t\t<\/div>\n\t\t\t\t<\/div>\n\t\t<div data-particle_enable=\"false\" data-particle-mobile-disabled=\"false\" class=\"elementor-element elementor-element-7c09192 e-con-full e-flex e-con e-child\" data-id=\"7c09192\" data-element_type=\"container\" data-e-type=\"container\">\n\t\t\t\t<div class=\"elementor-element elementor-element-55e7e66 elementor-widget elementor-widget-text-editor\" data-id=\"55e7e66\" data-element_type=\"widget\" data-e-type=\"widget\" data-widget_type=\"text-editor.default\">\n\t\t\t\t<div class=\"elementor-widget-container\">\n\t\t\t\t\t\t\t\t\t<p>For example, in June 2017, a few weeks after the attacks in Manchester and London, the French Republican Guard performed \"Don't Look Back in Anger\" by Oasis at the Stade de France at half-time of the France-England match. This gesture of tribute and solidarity echoes that of the British public, who sang the Marseillaise at Wembley in November 2015 after the attacks in France. Through these moments, military music becomes a tool for dialogue and cohesion between peoples.<\/p><p>Music still plays an important role in the armed forces today. Each army has its own official orchestra, and its music and songs go far beyond the purely ceremonial: they are used in charity concerts, solidarity projects and memorial actions.<\/p><p>It helps to raise the profile of the armed forces, maintains links with the public and continues to pass on a living memory. In recent years, military music has been revitalised with new compositions and collaborations with contemporary artists. By combining tradition and innovation, it is enriching its repertoire and keeping in step with today's audiences. A case in point is the collaboration between the Garde r\u00e9publicaine and Aya Nakamura for the opening ceremony of the Paris 2024 Olympic and Paralympic Games.<\/p>\t\t\t\t\t\t\t\t<\/div>\n\t\t\t\t<\/div>\n\t\t\t\t<\/div>\n\t\t\t\t<\/div>\n\t\t\t\t<\/div>","protected":false},"excerpt":{"rendered":"<p>The second instalment in our summer series on \"Culture and Defence\": military music began as a means of tactical communication on the battlefield, but has evolved to go beyond this function alone. Today it is a universal language that speaks to both collective memory and individual emotions, and a powerful vehicle for national cohesion.<\/p>","protected":false},"author":12,"featured_media":54921,"comment_status":"closed","ping_status":"closed","sticky":false,"template":"","format":"standard","meta":{"footnotes":""},"categories":[41,171],"tags":[255,260],"class_list":["post-54920","post","type-post","status-publish","format-standard","has-post-thumbnail","hentry","category-lundis-de-lihedn","category-notre-selection","tag-athena-2025","tag-athena-25-ep-2"],"yoast_head":"<!-- This site is optimized with the Yoast SEO plugin v27.5 - https:\/\/yoast.com\/product\/yoast-seo-wordpress\/ -->\n<title>Quand la musique sonne le pas : l\u2019arm\u00e9e, la nation et ses harmonies - L&#039;IHEDN : Institut des hautes \u00e9tudes de d\u00e9fense nationale<\/title>\n<meta name=\"description\" content=\"Premier \u00e9pisode de notre s\u00e9rie estivale \u00ab Ath\u00e9na \u00e0 la plage \u00bb 2025 sur le th\u00e8me \u00ab Culture et d\u00e9fense \u00bb : depuis plus d\u2019un si\u00e8cle, cases et bulles font bon m\u00e9nage avec champs de bataille et h\u00e9ro\u00efsme. Retour sur l\u2019histoire d\u2019un secteur culturel en pleine expansion avec Arnauld Ch\u00e9reil de la Rivi\u00e8re, un officier g\u00e9n\u00e9ral passionn\u00e9 du genre.\" \/>\n<meta name=\"robots\" content=\"index, follow, max-snippet:-1, max-image-preview:large, max-video-preview:-1\" \/>\n<link rel=\"canonical\" href=\"https:\/\/ihedn.fr\/en\/notre-selection\/quand-la-musique-sonne-le-pas-larmee-la-nation-et-ses-harmonies\/\" \/>\n<meta property=\"og:locale\" content=\"en_GB\" \/>\n<meta property=\"og:type\" content=\"article\" \/>\n<meta property=\"og:title\" content=\"Quand la musique sonne le pas : l\u2019arm\u00e9e, la nation et ses harmonies\" \/>\n<meta property=\"og:description\" content=\"Deuxi\u00e8me \u00e9pisode de notre s\u00e9rie estivale \u00ab Culture et d\u00e9fense \u00bb : d\u2019abord moyen de communication tactique sur le champ de bataille, la musique militaire a \u00e9volu\u00e9 pour d\u00e9passer cette seule fonction. Elle est aujourd\u2019hui un langage universel parlant \u00e0 la fois \u00e0 la m\u00e9moire collective et aux \u00e9motions individuelles, et un puissant vecteur de coh\u00e9sion nationale.\" \/>\n<meta property=\"og:url\" content=\"https:\/\/ihedn.fr\/en\/notre-selection\/quand-la-musique-sonne-le-pas-larmee-la-nation-et-ses-harmonies\/\" \/>\n<meta property=\"og:site_name\" content=\"L&#039;IHEDN : Institut des hautes \u00e9tudes de d\u00e9fense nationale\" \/>\n<meta property=\"article:publisher\" content=\"https:\/\/www.facebook.com\/ihedn\/\" \/>\n<meta property=\"article:published_time\" content=\"2025-07-18T12:59:46+00:00\" \/>\n<meta property=\"article:modified_time\" content=\"2025-08-27T12:13:24+00:00\" \/>\n<meta property=\"og:image\" content=\"https:\/\/ihedn.fr\/wp-content\/uploads\/2025\/07\/ATHENA_A_LA_PLAGE_20256.jpg\" \/>\n\t<meta property=\"og:image:width\" content=\"1920\" \/>\n\t<meta property=\"og:image:height\" content=\"1080\" \/>\n\t<meta property=\"og:image:type\" content=\"image\/jpeg\" \/>\n<meta name=\"author\" content=\"Ad\u00e8le Thoumieux\" \/>\n<meta name=\"twitter:card\" content=\"summary_large_image\" \/>\n<meta name=\"twitter:title\" content=\"Quand la musique sonne le pas : l\u2019arm\u00e9e, la nation et ses harmonies\" \/>\n<meta name=\"twitter:description\" content=\"Deuxi\u00e8me \u00e9pisode de notre s\u00e9rie estivale \u00ab Culture et d\u00e9fense \u00bb : d\u2019abord moyen de communication tactique sur le champ de bataille, la musique militaire a \u00e9volu\u00e9 pour d\u00e9passer cette seule fonction. Elle est aujourd\u2019hui un langage universel parlant \u00e0 la fois \u00e0 la m\u00e9moire collective et aux \u00e9motions individuelles, et un puissant vecteur de coh\u00e9sion nationale.\" \/>\n<meta name=\"twitter:image\" content=\"https:\/\/ihedn.fr\/wp-content\/uploads\/2025\/07\/ATHENA_A_LA_PLAGE_20256.jpg\" \/>\n<meta name=\"twitter:creator\" content=\"@IHEDN\" \/>\n<meta name=\"twitter:site\" content=\"@IHEDN\" \/>\n<meta name=\"twitter:label1\" content=\"Written by\" \/>\n\t<meta name=\"twitter:data1\" content=\"Ad\u00e8le Thoumieux\" \/>\n\t<meta name=\"twitter:label2\" content=\"Estimated reading time\" \/>\n\t<meta name=\"twitter:data2\" content=\"6 minutes\" \/>\n<script type=\"application\/ld+json\" class=\"yoast-schema-graph\">{\"@context\":\"https:\\\/\\\/schema.org\",\"@graph\":[{\"@type\":\"Article\",\"@id\":\"https:\\\/\\\/ihedn.fr\\\/notre-selection\\\/quand-la-musique-sonne-le-pas-larmee-la-nation-et-ses-harmonies\\\/#article\",\"isPartOf\":{\"@id\":\"https:\\\/\\\/ihedn.fr\\\/notre-selection\\\/quand-la-musique-sonne-le-pas-larmee-la-nation-et-ses-harmonies\\\/\"},\"author\":{\"name\":\"Ad\u00e8le Thoumieux\",\"@id\":\"https:\\\/\\\/ihedn.fr\\\/#\\\/schema\\\/person\\\/16d49c2bd0121499ea9b9023ce89826c\"},\"headline\":\"Quand la musique sonne le pas : l\u2019arm\u00e9e, la nation et ses harmonies\",\"datePublished\":\"2025-07-18T12:59:46+00:00\",\"dateModified\":\"2025-08-27T12:13:24+00:00\",\"mainEntityOfPage\":{\"@id\":\"https:\\\/\\\/ihedn.fr\\\/notre-selection\\\/quand-la-musique-sonne-le-pas-larmee-la-nation-et-ses-harmonies\\\/\"},\"wordCount\":1128,\"publisher\":{\"@id\":\"https:\\\/\\\/ihedn.fr\\\/#organization\"},\"image\":{\"@id\":\"https:\\\/\\\/ihedn.fr\\\/notre-selection\\\/quand-la-musique-sonne-le-pas-larmee-la-nation-et-ses-harmonies\\\/#primaryimage\"},\"thumbnailUrl\":\"https:\\\/\\\/ihedn.fr\\\/wp-content\\\/uploads\\\/2025\\\/07\\\/ATHENA_A_LA_PLAGE_20254.jpg\",\"keywords\":[\"athena-2025\",\"athena-25-ep-2\"],\"articleSection\":[\"Lundis de l'IHEDN\",\"Notre s\u00e9lection\"],\"inLanguage\":\"en-GB\"},{\"@type\":\"WebPage\",\"@id\":\"https:\\\/\\\/ihedn.fr\\\/notre-selection\\\/quand-la-musique-sonne-le-pas-larmee-la-nation-et-ses-harmonies\\\/\",\"url\":\"https:\\\/\\\/ihedn.fr\\\/notre-selection\\\/quand-la-musique-sonne-le-pas-larmee-la-nation-et-ses-harmonies\\\/\",\"name\":\"Quand la musique sonne le pas : l\u2019arm\u00e9e, la nation et ses harmonies - L&#039;IHEDN : Institut des hautes \u00e9tudes de d\u00e9fense nationale\",\"isPartOf\":{\"@id\":\"https:\\\/\\\/ihedn.fr\\\/#website\"},\"primaryImageOfPage\":{\"@id\":\"https:\\\/\\\/ihedn.fr\\\/notre-selection\\\/quand-la-musique-sonne-le-pas-larmee-la-nation-et-ses-harmonies\\\/#primaryimage\"},\"image\":{\"@id\":\"https:\\\/\\\/ihedn.fr\\\/notre-selection\\\/quand-la-musique-sonne-le-pas-larmee-la-nation-et-ses-harmonies\\\/#primaryimage\"},\"thumbnailUrl\":\"https:\\\/\\\/ihedn.fr\\\/wp-content\\\/uploads\\\/2025\\\/07\\\/ATHENA_A_LA_PLAGE_20254.jpg\",\"datePublished\":\"2025-07-18T12:59:46+00:00\",\"dateModified\":\"2025-08-27T12:13:24+00:00\",\"description\":\"Premier \u00e9pisode de notre s\u00e9rie estivale \u00ab Ath\u00e9na \u00e0 la plage \u00bb 2025 sur le th\u00e8me \u00ab Culture et d\u00e9fense \u00bb : depuis plus d\u2019un si\u00e8cle, cases et bulles font bon m\u00e9nage avec champs de bataille et h\u00e9ro\u00efsme. Retour sur l\u2019histoire d\u2019un secteur culturel en pleine expansion avec Arnauld Ch\u00e9reil de la Rivi\u00e8re, un officier g\u00e9n\u00e9ral passionn\u00e9 du genre.\",\"breadcrumb\":{\"@id\":\"https:\\\/\\\/ihedn.fr\\\/notre-selection\\\/quand-la-musique-sonne-le-pas-larmee-la-nation-et-ses-harmonies\\\/#breadcrumb\"},\"inLanguage\":\"en-GB\",\"potentialAction\":[{\"@type\":\"ReadAction\",\"target\":[\"https:\\\/\\\/ihedn.fr\\\/notre-selection\\\/quand-la-musique-sonne-le-pas-larmee-la-nation-et-ses-harmonies\\\/\"]}]},{\"@type\":\"ImageObject\",\"inLanguage\":\"en-GB\",\"@id\":\"https:\\\/\\\/ihedn.fr\\\/notre-selection\\\/quand-la-musique-sonne-le-pas-larmee-la-nation-et-ses-harmonies\\\/#primaryimage\",\"url\":\"https:\\\/\\\/ihedn.fr\\\/wp-content\\\/uploads\\\/2025\\\/07\\\/ATHENA_A_LA_PLAGE_20254.jpg\",\"contentUrl\":\"https:\\\/\\\/ihedn.fr\\\/wp-content\\\/uploads\\\/2025\\\/07\\\/ATHENA_A_LA_PLAGE_20254.jpg\",\"width\":1920,\"height\":1080,\"caption\":\"Image de l'article\"},{\"@type\":\"BreadcrumbList\",\"@id\":\"https:\\\/\\\/ihedn.fr\\\/notre-selection\\\/quand-la-musique-sonne-le-pas-larmee-la-nation-et-ses-harmonies\\\/#breadcrumb\",\"itemListElement\":[{\"@type\":\"ListItem\",\"position\":1,\"name\":\"Accueil\",\"item\":\"https:\\\/\\\/ihedn.fr\\\/\"},{\"@type\":\"ListItem\",\"position\":2,\"name\":\"Quand la musique sonne le pas : l\u2019arm\u00e9e, la nation et ses harmonies\"}]},{\"@type\":\"WebSite\",\"@id\":\"https:\\\/\\\/ihedn.fr\\\/#website\",\"url\":\"https:\\\/\\\/ihedn.fr\\\/\",\"name\":\"IHEDN : Institut des hautes \u00e9tudes de d\u00e9fense nationale |\",\"description\":\"Site officiel de l&#039;IHEDN plac\u00e9 sous la tutelle du Premier ministre.\",\"publisher\":{\"@id\":\"https:\\\/\\\/ihedn.fr\\\/#organization\"},\"potentialAction\":[{\"@type\":\"SearchAction\",\"target\":{\"@type\":\"EntryPoint\",\"urlTemplate\":\"https:\\\/\\\/ihedn.fr\\\/?s={search_term_string}\"},\"query-input\":{\"@type\":\"PropertyValueSpecification\",\"valueRequired\":true,\"valueName\":\"search_term_string\"}}],\"inLanguage\":\"en-GB\"},{\"@type\":\"Organization\",\"@id\":\"https:\\\/\\\/ihedn.fr\\\/#organization\",\"name\":\"IHEDN - Institut des Hautes Etudes de D\u00e9fense Nationale\",\"url\":\"https:\\\/\\\/ihedn.fr\\\/\",\"logo\":{\"@type\":\"ImageObject\",\"inLanguage\":\"en-GB\",\"@id\":\"https:\\\/\\\/ihedn.fr\\\/#\\\/schema\\\/logo\\\/image\\\/\",\"url\":\"https:\\\/\\\/ihedn.fr\\\/wp-content\\\/uploads\\\/2020\\\/11\\\/BLOC_RF_IHEDN_WEB.png\",\"contentUrl\":\"https:\\\/\\\/ihedn.fr\\\/wp-content\\\/uploads\\\/2020\\\/11\\\/BLOC_RF_IHEDN_WEB.png\",\"width\":500,\"height\":237,\"caption\":\"IHEDN - Institut des Hautes Etudes de D\u00e9fense Nationale\"},\"image\":{\"@id\":\"https:\\\/\\\/ihedn.fr\\\/#\\\/schema\\\/logo\\\/image\\\/\"},\"sameAs\":[\"https:\\\/\\\/www.facebook.com\\\/ihedn\\\/\",\"https:\\\/\\\/x.com\\\/IHEDN\",\"https:\\\/\\\/www.instagram.com\\\/ihedn\\\/\",\"https:\\\/\\\/www.linkedin.com\\\/school\\\/ihedn\\\/\",\"https:\\\/\\\/fr.wikipedia.org\\\/wiki\\\/Institut_des_hautes_\u00e9tudes_de_D\u00e9fense_nationale\"]},{\"@type\":\"Person\",\"@id\":\"https:\\\/\\\/ihedn.fr\\\/#\\\/schema\\\/person\\\/16d49c2bd0121499ea9b9023ce89826c\",\"name\":\"Ad\u00e8le Thoumieux\",\"image\":{\"@type\":\"ImageObject\",\"inLanguage\":\"en-GB\",\"@id\":\"https:\\\/\\\/secure.gravatar.com\\\/avatar\\\/64fc58d14679bdd185946349bcb229b06e37d30d6290c2bec15f1daa8f8e0ece?s=96&d=mm&r=g\",\"url\":\"https:\\\/\\\/secure.gravatar.com\\\/avatar\\\/64fc58d14679bdd185946349bcb229b06e37d30d6290c2bec15f1daa8f8e0ece?s=96&d=mm&r=g\",\"contentUrl\":\"https:\\\/\\\/secure.gravatar.com\\\/avatar\\\/64fc58d14679bdd185946349bcb229b06e37d30d6290c2bec15f1daa8f8e0ece?s=96&d=mm&r=g\",\"caption\":\"Ad\u00e8le Thoumieux\"},\"sameAs\":[\"http:\\\/\\\/ihedn.fr\"],\"url\":\"https:\\\/\\\/ihedn.fr\\\/en\\\/author\\\/thoumieux\\\/\"}]}<\/script>\n<!-- \/ Yoast SEO plugin. -->","yoast_head_json":{"title":"When the music strikes a chord: the army, the nation and its harmonies - IHEDN: Institut des hautes \u00e9tudes de d\u00e9fense nationale (Institute for Advanced Studies in National Defence)","description":"The first episode of our summer series \"Athena on the beach\" 2025 on the theme of \"Culture and defence\": for over a century, comic books and bubbles have gone hand in hand with battlefields and heroism. A look back at the history of a rapidly expanding cultural sector with Arnauld Ch\u00e9reil de la Rivi\u00e8re, a general officer with a passion for the genre.","robots":{"index":"index","follow":"follow","max-snippet":"max-snippet:-1","max-image-preview":"max-image-preview:large","max-video-preview":"max-video-preview:-1"},"canonical":"https:\/\/ihedn.fr\/en\/notre-selection\/quand-la-musique-sonne-le-pas-larmee-la-nation-et-ses-harmonies\/","og_locale":"en_GB","og_type":"article","og_title":"Quand la musique sonne le pas : l\u2019arm\u00e9e, la nation et ses harmonies","og_description":"Deuxi\u00e8me \u00e9pisode de notre s\u00e9rie estivale \u00ab Culture et d\u00e9fense \u00bb : d\u2019abord moyen de communication tactique sur le champ de bataille, la musique militaire a \u00e9volu\u00e9 pour d\u00e9passer cette seule fonction. Elle est aujourd\u2019hui un langage universel parlant \u00e0 la fois \u00e0 la m\u00e9moire collective et aux \u00e9motions individuelles, et un puissant vecteur de coh\u00e9sion nationale.","og_url":"https:\/\/ihedn.fr\/en\/notre-selection\/quand-la-musique-sonne-le-pas-larmee-la-nation-et-ses-harmonies\/","og_site_name":"L&#039;IHEDN : Institut des hautes \u00e9tudes de d\u00e9fense nationale","article_publisher":"https:\/\/www.facebook.com\/ihedn\/","article_published_time":"2025-07-18T12:59:46+00:00","article_modified_time":"2025-08-27T12:13:24+00:00","og_image":[{"width":1920,"height":1080,"url":"https:\/\/ihedn.fr\/wp-content\/uploads\/2025\/07\/ATHENA_A_LA_PLAGE_20256.jpg","type":"image\/jpeg"}],"author":"Ad\u00e8le Thoumieux","twitter_card":"summary_large_image","twitter_title":"Quand la musique sonne le pas : l\u2019arm\u00e9e, la nation et ses harmonies","twitter_description":"Deuxi\u00e8me \u00e9pisode de notre s\u00e9rie estivale \u00ab Culture et d\u00e9fense \u00bb : d\u2019abord moyen de communication tactique sur le champ de bataille, la musique militaire a \u00e9volu\u00e9 pour d\u00e9passer cette seule fonction. Elle est aujourd\u2019hui un langage universel parlant \u00e0 la fois \u00e0 la m\u00e9moire collective et aux \u00e9motions individuelles, et un puissant vecteur de coh\u00e9sion nationale.","twitter_image":"https:\/\/ihedn.fr\/wp-content\/uploads\/2025\/07\/ATHENA_A_LA_PLAGE_20256.jpg","twitter_creator":"@IHEDN","twitter_site":"@IHEDN","twitter_misc":{"Written by":"Ad\u00e8le Thoumieux","Estimated reading time":"6 minutes"},"schema":{"@context":"https:\/\/schema.org","@graph":[{"@type":"Article","@id":"https:\/\/ihedn.fr\/notre-selection\/quand-la-musique-sonne-le-pas-larmee-la-nation-et-ses-harmonies\/#article","isPartOf":{"@id":"https:\/\/ihedn.fr\/notre-selection\/quand-la-musique-sonne-le-pas-larmee-la-nation-et-ses-harmonies\/"},"author":{"name":"Ad\u00e8le Thoumieux","@id":"https:\/\/ihedn.fr\/#\/schema\/person\/16d49c2bd0121499ea9b9023ce89826c"},"headline":"Quand la musique sonne le pas : l\u2019arm\u00e9e, la nation et ses harmonies","datePublished":"2025-07-18T12:59:46+00:00","dateModified":"2025-08-27T12:13:24+00:00","mainEntityOfPage":{"@id":"https:\/\/ihedn.fr\/notre-selection\/quand-la-musique-sonne-le-pas-larmee-la-nation-et-ses-harmonies\/"},"wordCount":1128,"publisher":{"@id":"https:\/\/ihedn.fr\/#organization"},"image":{"@id":"https:\/\/ihedn.fr\/notre-selection\/quand-la-musique-sonne-le-pas-larmee-la-nation-et-ses-harmonies\/#primaryimage"},"thumbnailUrl":"https:\/\/ihedn.fr\/wp-content\/uploads\/2025\/07\/ATHENA_A_LA_PLAGE_20254.jpg","keywords":["athena-2025","athena-25-ep-2"],"articleSection":["Lundis de l'IHEDN","Notre s\u00e9lection"],"inLanguage":"en-GB"},{"@type":"WebPage","@id":"https:\/\/ihedn.fr\/notre-selection\/quand-la-musique-sonne-le-pas-larmee-la-nation-et-ses-harmonies\/","url":"https:\/\/ihedn.fr\/notre-selection\/quand-la-musique-sonne-le-pas-larmee-la-nation-et-ses-harmonies\/","name":"When the music strikes a chord: the army, the nation and its harmonies - IHEDN: Institut des hautes \u00e9tudes de d\u00e9fense nationale (Institute for Advanced Studies in National Defence)","isPartOf":{"@id":"https:\/\/ihedn.fr\/#website"},"primaryImageOfPage":{"@id":"https:\/\/ihedn.fr\/notre-selection\/quand-la-musique-sonne-le-pas-larmee-la-nation-et-ses-harmonies\/#primaryimage"},"image":{"@id":"https:\/\/ihedn.fr\/notre-selection\/quand-la-musique-sonne-le-pas-larmee-la-nation-et-ses-harmonies\/#primaryimage"},"thumbnailUrl":"https:\/\/ihedn.fr\/wp-content\/uploads\/2025\/07\/ATHENA_A_LA_PLAGE_20254.jpg","datePublished":"2025-07-18T12:59:46+00:00","dateModified":"2025-08-27T12:13:24+00:00","description":"The first episode of our summer series \"Athena on the beach\" 2025 on the theme of \"Culture and defence\": for over a century, comic books and bubbles have gone hand in hand with battlefields and heroism. A look back at the history of a rapidly expanding cultural sector with Arnauld Ch\u00e9reil de la Rivi\u00e8re, a general officer with a passion for the genre.","breadcrumb":{"@id":"https:\/\/ihedn.fr\/notre-selection\/quand-la-musique-sonne-le-pas-larmee-la-nation-et-ses-harmonies\/#breadcrumb"},"inLanguage":"en-GB","potentialAction":[{"@type":"ReadAction","target":["https:\/\/ihedn.fr\/notre-selection\/quand-la-musique-sonne-le-pas-larmee-la-nation-et-ses-harmonies\/"]}]},{"@type":"ImageObject","inLanguage":"en-GB","@id":"https:\/\/ihedn.fr\/notre-selection\/quand-la-musique-sonne-le-pas-larmee-la-nation-et-ses-harmonies\/#primaryimage","url":"https:\/\/ihedn.fr\/wp-content\/uploads\/2025\/07\/ATHENA_A_LA_PLAGE_20254.jpg","contentUrl":"https:\/\/ihedn.fr\/wp-content\/uploads\/2025\/07\/ATHENA_A_LA_PLAGE_20254.jpg","width":1920,"height":1080,"caption":"Image de l'article"},{"@type":"BreadcrumbList","@id":"https:\/\/ihedn.fr\/notre-selection\/quand-la-musique-sonne-le-pas-larmee-la-nation-et-ses-harmonies\/#breadcrumb","itemListElement":[{"@type":"ListItem","position":1,"name":"Accueil","item":"https:\/\/ihedn.fr\/"},{"@type":"ListItem","position":2,"name":"Quand la musique sonne le pas : l\u2019arm\u00e9e, la nation et ses harmonies"}]},{"@type":"WebSite","@id":"https:\/\/ihedn.fr\/#website","url":"https:\/\/ihedn.fr\/","name":"IHEDN: Institut des hautes \u00e9tudes de d\u00e9fense nationale (Institute for Higher National Defence Studies)","description":"Official website of the IHEDN under the supervision of the Prime Minister.","publisher":{"@id":"https:\/\/ihedn.fr\/#organization"},"potentialAction":[{"@type":"SearchAction","target":{"@type":"EntryPoint","urlTemplate":"https:\/\/ihedn.fr\/?s={search_term_string}"},"query-input":{"@type":"PropertyValueSpecification","valueRequired":true,"valueName":"search_term_string"}}],"inLanguage":"en-GB"},{"@type":"Organization","@id":"https:\/\/ihedn.fr\/#organization","name":"IHEDN - Institute for Higher National Defence Studies","url":"https:\/\/ihedn.fr\/","logo":{"@type":"ImageObject","inLanguage":"en-GB","@id":"https:\/\/ihedn.fr\/#\/schema\/logo\/image\/","url":"https:\/\/ihedn.fr\/wp-content\/uploads\/2020\/11\/BLOC_RF_IHEDN_WEB.png","contentUrl":"https:\/\/ihedn.fr\/wp-content\/uploads\/2020\/11\/BLOC_RF_IHEDN_WEB.png","width":500,"height":237,"caption":"IHEDN - Institut des Hautes Etudes de D\u00e9fense Nationale"},"image":{"@id":"https:\/\/ihedn.fr\/#\/schema\/logo\/image\/"},"sameAs":["https:\/\/www.facebook.com\/ihedn\/","https:\/\/x.com\/IHEDN","https:\/\/www.instagram.com\/ihedn\/","https:\/\/www.linkedin.com\/school\/ihedn\/","https:\/\/fr.wikipedia.org\/wiki\/Institut_des_hautes_\u00e9tudes_de_D\u00e9fense_nationale"]},{"@type":"Person","@id":"https:\/\/ihedn.fr\/#\/schema\/person\/16d49c2bd0121499ea9b9023ce89826c","name":"Ad\u00e8le Thoumieux","image":{"@type":"ImageObject","inLanguage":"en-GB","@id":"https:\/\/secure.gravatar.com\/avatar\/64fc58d14679bdd185946349bcb229b06e37d30d6290c2bec15f1daa8f8e0ece?s=96&d=mm&r=g","url":"https:\/\/secure.gravatar.com\/avatar\/64fc58d14679bdd185946349bcb229b06e37d30d6290c2bec15f1daa8f8e0ece?s=96&d=mm&r=g","contentUrl":"https:\/\/secure.gravatar.com\/avatar\/64fc58d14679bdd185946349bcb229b06e37d30d6290c2bec15f1daa8f8e0ece?s=96&d=mm&r=g","caption":"Ad\u00e8le Thoumieux"},"sameAs":["http:\/\/ihedn.fr"],"url":"https:\/\/ihedn.fr\/en\/author\/thoumieux\/"}]}},"publishpress_future_action":{"enabled":false,"date":"2026-05-06 11:41:00","action":"change-status","newStatus":"draft","terms":[],"taxonomy":"category","extraData":[]},"publishpress_future_workflow_manual_trigger":{"enabledWorkflows":[]},"_links":{"self":[{"href":"https:\/\/ihedn.fr\/en\/wp-json\/wp\/v2\/posts\/54920","targetHints":{"allow":["GET"]}}],"collection":[{"href":"https:\/\/ihedn.fr\/en\/wp-json\/wp\/v2\/posts"}],"about":[{"href":"https:\/\/ihedn.fr\/en\/wp-json\/wp\/v2\/types\/post"}],"author":[{"embeddable":true,"href":"https:\/\/ihedn.fr\/en\/wp-json\/wp\/v2\/users\/12"}],"replies":[{"embeddable":true,"href":"https:\/\/ihedn.fr\/en\/wp-json\/wp\/v2\/comments?post=54920"}],"version-history":[{"count":5,"href":"https:\/\/ihedn.fr\/en\/wp-json\/wp\/v2\/posts\/54920\/revisions"}],"predecessor-version":[{"id":54931,"href":"https:\/\/ihedn.fr\/en\/wp-json\/wp\/v2\/posts\/54920\/revisions\/54931"}],"wp:featuredmedia":[{"embeddable":true,"href":"https:\/\/ihedn.fr\/en\/wp-json\/wp\/v2\/media\/54921"}],"wp:attachment":[{"href":"https:\/\/ihedn.fr\/en\/wp-json\/wp\/v2\/media?parent=54920"}],"wp:term":[{"taxonomy":"category","embeddable":true,"href":"https:\/\/ihedn.fr\/en\/wp-json\/wp\/v2\/categories?post=54920"},{"taxonomy":"post_tag","embeddable":true,"href":"https:\/\/ihedn.fr\/en\/wp-json\/wp\/v2\/tags?post=54920"}],"curies":[{"name":"wp","href":"https:\/\/api.w.org\/{rel}","templated":true}]}}