{"id":55383,"date":"2025-09-08T08:00:39","date_gmt":"2025-09-08T07:00:39","guid":{"rendered":"https:\/\/ihedn.fr\/?p=55383"},"modified":"2025-11-19T10:59:39","modified_gmt":"2025-11-19T09:59:39","slug":"nicolas-roche-notre-pays-preferera-toujours-le-reglement-pacifique-a-la-force-armee","status":"publish","type":"post","link":"https:\/\/ihedn.fr\/en\/lundis-de-lihedn\/nicolas-roche-notre-pays-preferera-toujours-le-reglement-pacifique-a-la-force-armee\/","title":{"rendered":"Nicolas Roche: \"Our country will always prefer a peaceful solution to armed force\"."},"content":{"rendered":"<div data-elementor-type=\"wp-post\" data-elementor-id=\"55383\" class=\"elementor elementor-55383\" data-elementor-post-type=\"post\">\n\t\t\t\t<div data-particle_enable=\"false\" data-particle-mobile-disabled=\"false\" class=\"elementor-element elementor-element-fe42799 e-flex e-con-boxed e-con e-parent\" data-id=\"fe42799\" data-element_type=\"container\" data-e-type=\"container\">\n\t\t\t\t\t<div class=\"e-con-inner\">\n\t\t\t\t<div class=\"elementor-element elementor-element-e80e05a elementor-widget elementor-widget-heading\" data-id=\"e80e05a\" data-element_type=\"widget\" data-e-type=\"widget\" data-widget_type=\"heading.default\">\n\t\t\t\t<div class=\"elementor-widget-container\">\n\t\t\t\t\t<h5 class=\"elementor-heading-title elementor-size-default\">IHEDN Mondays are now available in audio format!<\/h5>\t\t\t\t<\/div>\n\t\t\t\t<\/div>\n\t\t\t\t<div class=\"elementor-element elementor-element-d333f58 elementor-widget elementor-widget-text-editor\" data-id=\"d333f58\" data-element_type=\"widget\" data-e-type=\"widget\" data-widget_type=\"text-editor.default\">\n\t\t\t\t<div class=\"elementor-widget-container\">\n\t\t\t\t\t\t\t\t\t<p>Click below to listen:<\/p>\t\t\t\t\t\t\t\t<\/div>\n\t\t\t\t<\/div>\n\t\t\t\t<div class=\"elementor-element elementor-element-dd2991c elementor-widget elementor-widget-html\" data-id=\"dd2991c\" data-element_type=\"widget\" data-e-type=\"widget\" data-widget_type=\"html.default\">\n\t\t\t\t<div class=\"elementor-widget-container\">\n\t\t\t\t\t<style>\n.player-container-1 {\n  width: 100%;\n  padding: 10px;\n  border-radius: 20px;\n  backdrop-filter: blur(15px);\n  background: rgba(255,255,255,0.15);\n  box-shadow: 0 3px 30px rgba(0,0,0,0.2);\n  display: flex;\n  flex-direction: inline;\n  align-items: flex-start;\n  color: #fff;\n  margin: 0 auto;\n  background-color: #053973;\n}\n\n#waveform-1 {\n  width: 100%;\n  height: 50px;\n  margin-bottom: 20px;\n}\n\n.controls-1 {\n  display: flex;\n  flex-direction: column;\n  align-items: center;\n  gap: 5px;\n}\n\n#playPause-1 {\n  width: 45px;\n  height: 45px;\n  border: none;\n  background: rgba(255,255,255,0.3);\n  backdrop-filter: blur(5px);\n  border-radius: 50%;\n  cursor: pointer;\n  display: flex;\n  justify-content: center;\n  align-items: center;\n  transition: background 0.2s;\n  padding: 0;\n}\n\n#playPause-1:hover {\n  background: rgba(255,255,255,0.5);\n}\n\n#playPause-1 svg {\n  width: 20px;\n  height: 20px;\n  fill: #fff;\n}\n\n#time-1 {\n  font-size: 16px;\n  text-align: center;\n  min-width: 80px;\n}\n\n.top-controls-1 {\n  width: 100%;\n  display: flex;\n  justify-content: space-between; \/* Play \u00e0 gauche \/ Time \u00e0 droite *\/\n  align-items: center;\n  margin-bottom: 5px;\n}\n\n.player-container-1 {\n  display: flex;\n  flex-direction: column;\n}\n\n#time-1 {\n  font-size: 16px;\n  text-align: right;\n}\n\n.player-container-1 {\n  width: 100%;\n  padding: 20px;\n  border-radius: 20px;\n  backdrop-filter: blur(15px);\n  background: rgba(255,255,255,0.15);\n  box-shadow: 0 3px 30px rgba(0,0,0,0.2);\n  display: flex;                   \/* LAYOUT EN LIGNE *\/\n  flex-direction: row;             \/* tout sur une seule ligne *\/\n  align-items: center;             \/* vertical alignment *\/\n  gap: 20px;                       \/* espace entre \u00e9l\u00e9ments *\/\n  color: #fff;\n  margin: 0 auto;\n  background-color: #053973;\n}\n\n#waveform-1 {\n  flex: 1;                         \/* prend toute la place disponible *\/\n  height: 50px;\n  align-items: center;\n}\n\n#time-1 {\n  min-width: 80px;\n  text-align: right;\n} \n<\/style>\n\n<script src=\"https:\/\/unpkg.com\/wavesurfer.js\"><\/script>\n\n<section>\n<div class=\"player-container-1\">\n\n  <button id=\"playPause-1\">\n    <!-- ton SVG Play -->\n    <svg version=\"1.1\" id=\"playSVG-1\" xmlns=\"http:\/\/www.w3.org\/2000\/svg\" x=\"0px\" y=\"0px\" viewbox=\"0 0 330 330\">\n      <path d=\"M37.728,328.12c2.266,1.256,4.77,1.88,7.272,1.88c2.763,0,5.522-0.763,7.95-2.28l240-149.999      c4.386-2.741,7.05-7.548,7.05-12.72c0-5.172-2.664-9.979-7.05-12.72L52.95,2.28c-4.625-2.891-10.453-3.043-15.222-0.4      C32.959,4.524,30,9.547,30,15v300C30,320.453,32.959,325.476,37.728,328.12z\"\/>\n    <\/svg>\n  <\/button>\n\n  <div id=\"waveform-1\"><\/div>\n\n  <span id=\"time-1\">00:00 \/ 00:00<\/span>\n\n<\/div>\n\n  <!-- waveform en dessous -->\n  <div id=\"waveform-1\"><\/div>\n\n\n<\/section>\n\n<section>\n<script>\n\nconst wavesurfer1 = WaveSurfer.create({\n    container: '#waveform-1',\n    waveColor: 'rgba(255,255,255,0.4)',\n    progressColor: '#fff',\n    cursorColor: '#fff',\n    barWidth: 3,\n    barRadius: 3,\n    height: 50,\n    responsive: true,\n    normalize: true\n});\n\n\/\/ Charge ton fichier audio depuis le site WordPress\nwavesurfer1.load('https:\/\/ihedn.fr\/wp-content\/uploads\/2025\/11\/audio-lundi-ihedn-Nicolas-Roche.mp3');\n\nconst playBtn1 = document.getElementById('playPause-1');\nconst timeDisplay1 = document.getElementById('time-1');\n\n\/\/ SVGs\nconst playSVG1 = `<svg version=\"1.1\" id=\"playSVG-1\" xmlns=\"http:\/\/www.w3.org\/2000\/svg\" x=\"0px\" y=\"0px\" viewBox=\"0 0 330 330\">\n<path d=\"M37.728,328.12c2.266,1.256,4.77,1.88,7.272,1.88c2.763,0,5.522-0.763,7.95-2.28l240-149.999\nc4.386-2.741,7.05-7.548,7.05-12.72c0-5.172-2.664-9.979-7.05-12.72L52.95,2.28c-4.625-2.891-10.453-3.043-15.222-0.4\nC32.959,4.524,30,9.547,30,15v300C30,320.453,32.959,325.476,37.728,328.12z\"\/>\n<\/svg>`;\n\nconst pauseSVG1 = `<svg xmlns=\"http:\/\/www.w3.org\/2000\/svg\" viewBox=\"0 0 330 330\" width=\"100%\" height=\"100%\" fill=\"#fff\">\n  <rect x=\"60\" y=\"30\" width=\"80\" height=\"270\"\/>\n  <rect x=\"190\" y=\"30\" width=\"80\" height=\"270\"\/>\n<\/svg>`;\n\n\/\/ Play\/Pause switch\nplayBtn1.addEventListener('click', () => {\n    wavesurfer1.playPause();\n    playBtn1.innerHTML = wavesurfer1.isPlaying() ? pauseSVG1 : playSVG1;\n});\n\n\/\/ Update time display\nfunction formatTime(sec) {\n    const m = Math.floor(sec \/ 60);\n    const s = Math.floor(sec % 60);\n    return m.toString().padStart(2,'0') + ':' + s.toString().padStart(2,'0');\n}\n\nwavesurfer1.on('audioprocess', () => {\n    const current = wavesurfer1.getCurrentTime();\n    const duration = wavesurfer1.getDuration();\n    timeDisplay1.textContent = formatTime(current) + ' \/ ' + formatTime(duration);\n});\n\nwavesurfer1.on('ready', () => {\n    const duration = wavesurfer1.getDuration();\n    timeDisplay1.textContent = '00:00 \/ ' + formatTime(duration);\n});\n<\/script>\n<\/section>\t\t\t\t<\/div>\n\t\t\t\t<\/div>\n\t\t\t\t\t<\/div>\n\t\t\t\t<\/div>\n\t\t<div data-particle_enable=\"false\" data-particle-mobile-disabled=\"false\" class=\"elementor-element elementor-element-b21a8ab e-con-full e-flex e-con e-parent\" data-id=\"b21a8ab\" data-element_type=\"container\" data-e-type=\"container\">\n\t\t<div data-particle_enable=\"false\" data-particle-mobile-disabled=\"false\" class=\"elementor-element elementor-element-ecbd13a e-con-full e-flex e-con e-child\" data-id=\"ecbd13a\" data-element_type=\"container\" data-e-type=\"container\">\n\t\t\t\t<div class=\"elementor-element elementor-element-7eb4223 elementor-widget elementor-widget-text-editor\" data-id=\"7eb4223\" data-element_type=\"widget\" data-e-type=\"widget\" data-widget_type=\"text-editor.default\">\n\t\t\t\t<div class=\"elementor-widget-container\">\n\t\t\t\t\t\t\t\t\t<p style=\"text-align: left;\">Secretary General for Defence and National Security since 26 March 2025, diplomat Nicolas Roche was previously France's ambassador to Iran. After graduating from the Ecole Nationale d'Administration (ENA), he was posted to the Ministry of Foreign Affairs, where he held a number of positions on the borderline between diplomacy and defence, often in connection with nuclear proliferation and disarmament: Counsellor for politico-military affairs at the French Embassy in the United States, with particular responsibility for defence policy, NATO, proliferation, deterrence and nuclear issues, he later became diplomatic adviser to the Minister of Defence, then Director of Strategy at the Military Applications Directorate of the French Atomic Energy Commission (CEA).<\/p><p style=\"text-align: left;\">Before being appointed to Tehran in 2022, he was Director of Strategic Affairs, Security and Disarmament at the Ministry of Foreign Affairs, and then Chief of Staff to Jean-Yves Le Drian, Minister of Europe and Foreign Affairs.<\/p><p style=\"text-align: left;\">In his new role at the SGDSN, one of his first tasks was to finalise the updating of the <a href=\"https:\/\/www.sgdsn.gouv.fr\/publications\/revue-nationale-strategique-2025\" target=\"_blank\" rel=\"noopener\">National Strategic Review<\/a> (RNS).<\/p>\t\t\t\t\t\t\t\t<\/div>\n\t\t\t\t<\/div>\n\t\t\t\t<\/div>\n\t\t\t\t<\/div>\n\t\t<div data-particle_enable=\"false\" data-particle-mobile-disabled=\"false\" class=\"elementor-element elementor-element-34f6859 e-con-full e-flex e-con e-parent\" data-id=\"34f6859\" data-element_type=\"container\" data-e-type=\"container\">\n\t\t\t\t<div class=\"elementor-element elementor-element-47a0236 elementor-widget elementor-widget-heading\" data-id=\"47a0236\" data-element_type=\"widget\" data-e-type=\"widget\" data-widget_type=\"heading.default\">\n\t\t\t\t<div class=\"elementor-widget-container\">\n\t\t\t\t\t<h2 class=\"elementor-heading-title elementor-size-default\">HOW WAS THE PROCESS OF UPDATING THE RNS CARRIED OUT, AND WHICH STAKEHOLDERS WERE INVOLVED IN ARRIVING AT THE 567 MEASURES ANNOUNCED?<\/h2>\t\t\t\t<\/div>\n\t\t\t\t<\/div>\n\t\t\t\t<div class=\"elementor-element elementor-element-1b02bcd elementor-widget-divider--view-line elementor-widget elementor-widget-divider\" data-id=\"1b02bcd\" data-element_type=\"widget\" data-e-type=\"widget\" data-widget_type=\"divider.default\">\n\t\t\t\t<div class=\"elementor-widget-container\">\n\t\t\t\t\t\t\t<div class=\"elementor-divider\">\n\t\t\t<span class=\"elementor-divider-separator\">\n\t\t\t\t\t\t<\/span>\n\t\t<\/div>\n\t\t\t\t\t\t<\/div>\n\t\t\t\t<\/div>\n\t\t<div data-particle_enable=\"false\" data-particle-mobile-disabled=\"false\" class=\"elementor-element elementor-element-03142eb e-con-full e-flex e-con e-child\" data-id=\"03142eb\" data-element_type=\"container\" data-e-type=\"container\">\n\t\t\t\t<div class=\"elementor-element elementor-element-2b8bbe6 elementor-widget elementor-widget-text-editor\" data-id=\"2b8bbe6\" data-element_type=\"widget\" data-e-type=\"widget\" data-widget_type=\"text-editor.default\">\n\t\t\t\t<div class=\"elementor-widget-container\">\n\t\t\t\t\t\t\t\t\t<p style=\"text-align: left;\">In his greetings to the armed forces on 25 January, the President of the Republic asked for two things: the SGDSN to update the National Strategic Review, which dated from 2022; and the Minister for the Armed Forces to reflect on defence, its industrial and technological base, and the impact of new technologies, to feed into this updating work.<\/p><p style=\"text-align: left;\">The following week, the SGDSN brought together the ministries for a meeting to launch the work. Insofar as this was an update and not a return to the <em>tabula rasa<\/em>We started from the organisation of the 2002 version and adapted it. We have thus designed a document in three parts: a situation report that takes account of changes in the geostrategic context since 2022; the expression of an updated national ambition, looking ahead to 2030, supported by appropriate resources; the third part is devoted to the ways and means of achieving this ambition.<\/p><p style=\"text-align: left;\">However, while there is a real link between the work of 2025 and that of 2022, there are significant differences. In 2022, the deadlines were extremely tight. In 2025, the President of the Republic gave us time for broad consultation. Once the first draft was ready, it was presented to the standing committees of the parliamentary assemblies responsible for defence. The senators and deputies also contributed in writing to the drafting of the Review, which is a guarantee of quality. The document was also presented to the parliamentary intelligence delegation and to a group of researchers and specialists.<\/p><p style=\"text-align: left;\">In a less usual way, we approached the associations of regional, departmental and local elected representatives. This was a first and we were very well received. On the administrative side, we gave a greater role to the Ministry of Education, the Ministry of Higher Education and Research and other civil ministries. This contribution has led us to create a strategic objective no. 11, devoted to scientific and technological issues.<\/p><p style=\"text-align: left;\">Finally, we consulted our British and German partners. All in all, we will have worked <em>roughly speaking<\/em> six months and consulted a hundred or so key figures.<\/p>\t\t\t\t\t\t\t\t<\/div>\n\t\t\t\t<\/div>\n\t\t\t\t<\/div>\n\t\t\t\t<\/div>\n\t\t<div data-particle_enable=\"false\" data-particle-mobile-disabled=\"false\" class=\"elementor-element elementor-element-09ebcd3 e-con-full e-flex e-con e-parent\" data-id=\"09ebcd3\" data-element_type=\"container\" data-e-type=\"container\">\n\t\t\t\t<div class=\"elementor-element elementor-element-f359ef9 elementor-widget elementor-widget-heading\" data-id=\"f359ef9\" data-element_type=\"widget\" data-e-type=\"widget\" data-widget_type=\"heading.default\">\n\t\t\t\t<div class=\"elementor-widget-container\">\n\t\t\t\t\t<h2 class=\"elementor-heading-title elementor-size-default\">COMPARED TO THE PREVIOUS UPDATE IN 2022, WHAT ARE THE MAIN NEW ACTIONS PROPOSED TO ADAPT OUR DEFENCE TO THIS DEGRADED ENVIRONMENT?<\/h2>\t\t\t\t<\/div>\n\t\t\t\t<\/div>\n\t\t<div data-particle_enable=\"false\" data-particle-mobile-disabled=\"false\" class=\"elementor-element elementor-element-85142a1 e-con-full e-flex e-con e-child\" data-id=\"85142a1\" data-element_type=\"container\" data-e-type=\"container\">\n\t\t\t\t<div class=\"elementor-element elementor-element-887cac3 elementor-widget-divider--view-line elementor-widget elementor-widget-divider\" data-id=\"887cac3\" data-element_type=\"widget\" data-e-type=\"widget\" data-widget_type=\"divider.default\">\n\t\t\t\t<div class=\"elementor-widget-container\">\n\t\t\t\t\t\t\t<div class=\"elementor-divider\">\n\t\t\t<span class=\"elementor-divider-separator\">\n\t\t\t\t\t\t<\/span>\n\t\t<\/div>\n\t\t\t\t\t\t<\/div>\n\t\t\t\t<\/div>\n\t\t<div data-particle_enable=\"false\" data-particle-mobile-disabled=\"false\" class=\"elementor-element elementor-element-094d652 e-con-full e-flex e-con e-child\" data-id=\"094d652\" data-element_type=\"container\" data-e-type=\"container\">\n\t\t\t\t<div class=\"elementor-element elementor-element-837d8c0 elementor-widget elementor-widget-text-editor\" data-id=\"837d8c0\" data-element_type=\"widget\" data-e-type=\"widget\" data-widget_type=\"text-editor.default\">\n\t\t\t\t<div class=\"elementor-widget-container\">\n\t\t\t\t\t\t\t\t\t<p style=\"text-align: left;\">What is striking about the past three years is the deterioration in relations between states and in all international regulatory frameworks. This is the tipping point mentioned by the French President at the opening of the update. The possibility of a new Russian aggression against a friendly country is credible. The transatlantic relationship raises questions. The Middle East is shaken by a series of potentially destabilising events, from Gaza to Tehran. China is increasingly assertive. Cyberspace and the information field are being undermined by evil-doers of all kinds...<\/p><p style=\"text-align: left;\">The update reflects these dangerous developments. It affirms the need - a central one - to be able to deal with a high-intensity conflict in Europe, alongside our allies, while at the same time dealing with harmful enemy action on our own territory. This hypothesis is structuring in several ways. High intensity means the need to withstand both the shock and the long term - this is the challenge of the announcements made by the President of the Republic on 13 July on defence resources - and hostile action on national territory - sabotage, cyber attacks, manipulation of information, etc. - means having the moral strength and resilience to withstand it individually and collectively.<\/p><p style=\"text-align: left;\">Until recently, from a European perspective, we were still in the cosy period of the fall of the Berlin Wall and the peace dividend. We had achieved a form of world peace, a triumph of liberal democracy and a golden age of regulation of international relations. Trade was globalised and international exchanges had reached an all-time high. Technological innovation and progress benefited everyone, thanks in particular to the development of information technologies. Of course, we had our setbacks, such as 9\/11, the war in Afghanistan, the situation in Iraq, the toughening of economic competition, the massive use of espionage by certain states, the instrumentalisation of the law... but Europe was an oasis.<\/p><p style=\"text-align: left;\">Russian aggression in Ukraine, following the annexation of Crimea in 2014, is a giant leap backwards. Faced with an aggressor who turns war into a competitive advantage, we need to reinvent the means and reflexes of defence. Compared with <em>Review<\/em> of 2022, the 2025 update involves our country, its people, its neighbours and its allies in a long-term effort that affects all our societies. That's the real difference.<\/p>\t\t\t\t\t\t\t\t<\/div>\n\t\t\t\t<\/div>\n\t\t\t\t<\/div>\n\t\t\t\t<\/div>\n\t\t\t\t<\/div>\n\t\t<div data-particle_enable=\"false\" data-particle-mobile-disabled=\"false\" class=\"elementor-element elementor-element-6414189 e-con-full e-flex e-con e-parent\" data-id=\"6414189\" data-element_type=\"container\" data-e-type=\"container\">\n\t\t\t\t<div class=\"elementor-element elementor-element-23c4310 elementor-widget elementor-widget-heading\" data-id=\"23c4310\" data-element_type=\"widget\" data-e-type=\"widget\" data-widget_type=\"heading.default\">\n\t\t\t\t<div class=\"elementor-widget-container\">\n\t\t\t\t\t<h2 class=\"elementor-heading-title elementor-size-default\">IN HIS FOREWORD, THE PRESIDENT OF THE REPUBLIC CALLS FOR A \"STRATEGIC REVOLUTION\". HOW CAN FRANCE BETTER CONTRIBUTE TO ITS OWN SECURITY, AS WELL AS THAT OF EUROPE AND THE WORLD? <\/h2>\t\t\t\t<\/div>\n\t\t\t\t<\/div>\n\t\t<div data-particle_enable=\"false\" data-particle-mobile-disabled=\"false\" class=\"elementor-element elementor-element-1d96f6b e-con-full e-flex e-con e-child\" data-id=\"1d96f6b\" data-element_type=\"container\" data-e-type=\"container\">\n\t\t\t\t<div class=\"elementor-element elementor-element-3884780 elementor-widget-divider--view-line elementor-widget elementor-widget-divider\" data-id=\"3884780\" data-element_type=\"widget\" data-e-type=\"widget\" data-widget_type=\"divider.default\">\n\t\t\t\t<div class=\"elementor-widget-container\">\n\t\t\t\t\t\t\t<div class=\"elementor-divider\">\n\t\t\t<span class=\"elementor-divider-separator\">\n\t\t\t\t\t\t<\/span>\n\t\t<\/div>\n\t\t\t\t\t\t<\/div>\n\t\t\t\t<\/div>\n\t\t<div data-particle_enable=\"false\" data-particle-mobile-disabled=\"false\" class=\"elementor-element elementor-element-5f4d80f e-con-full e-flex e-con e-child\" data-id=\"5f4d80f\" data-element_type=\"container\" data-e-type=\"container\">\n\t\t\t\t<div class=\"elementor-element elementor-element-864685c elementor-widget elementor-widget-text-editor\" data-id=\"864685c\" data-element_type=\"widget\" data-e-type=\"widget\" data-widget_type=\"text-editor.default\">\n\t\t\t\t<div class=\"elementor-widget-container\">\n\t\t\t\t\t\t\t\t\t<p style=\"text-align: left;\">France's contribution to global security will take several forms. There is the security it owes to its citizens, in France and overseas; the security of its neighbours and that of its allies and partners.<\/p><p style=\"text-align: left;\">The nation's vital interests are safeguarded by deterrence. The update reminds us that our vital interests have a European dimension. This deterrent is backed up by conventional forces that can intervene in support of our neighbours, for example in a conflict in Europe. France has the capabilities to be the framework nation for such a commitment.<\/p><p style=\"text-align: left;\">Further afield, France can support its allies and strategic partners in various ways. But in all cases, our country will always prefer peaceful settlement to armed force, and will never shirk its responsibilities. <em>Si vis pacem, para bellum<\/em>.<\/p>\t\t\t\t\t\t\t\t<\/div>\n\t\t\t\t<\/div>\n\t\t\t\t<\/div>\n\t\t\t\t<\/div>\n\t\t\t\t<\/div>\n\t\t<div data-particle_enable=\"false\" data-particle-mobile-disabled=\"false\" class=\"elementor-element elementor-element-f75eb2f e-con-full e-flex e-con e-parent\" data-id=\"f75eb2f\" data-element_type=\"container\" data-e-type=\"container\">\n\t\t\t\t<div class=\"elementor-element elementor-element-36430f4 elementor-widget elementor-widget-text-editor\" data-id=\"36430f4\" data-element_type=\"widget\" data-e-type=\"widget\" data-widget_type=\"text-editor.default\">\n\t\t\t\t<div class=\"elementor-widget-container\">\n\t\t\t\t\t\t\t\t\t<p><strong><span style=\"text-decoration: underline;\">To find out more<\/span><\/strong><\/p><ul><li>Read more <a href=\"https:\/\/www.sgdsn.gouv.fr\/publications\/revue-nationale-strategique-2025\" target=\"_blank\" rel=\"noopener\">Updated National Strategic Review<\/a>on the SGDSN website<\/li><\/ul><p>\u00a0<\/p>\t\t\t\t\t\t\t\t<\/div>\n\t\t\t\t<\/div>\n\t\t\t\t<\/div>\n\t\t\t\t<\/div>","protected":false},"excerpt":{"rendered":"<p>In an interview with IHEDN, Nicolas Roche, Secretary General of the French Ministry of Defence and National Security (SGDSN), details the process for updating the National Strategic Review, published on 14 July.<\/p>","protected":false},"author":10,"featured_media":55459,"comment_status":"closed","ping_status":"closed","sticky":false,"template":"","format":"standard","meta":{"footnotes":""},"categories":[41,171,210],"tags":[],"class_list":["post-55383","post","type-post","status-publish","format-standard","has-post-thumbnail","hentry","category-lundis-de-lihedn","category-notre-selection","category-securite-nationale"],"yoast_head":"<!-- This site is optimized with the Yoast SEO plugin v27.5 - https:\/\/yoast.com\/product\/yoast-seo-wordpress\/ -->\n<title>Nicolas Roche : \u00ab Notre pays pr\u00e9f\u00e9rera toujours le r\u00e8glement pacifique \u00e0 la force arm\u00e9e \u00bb - L&#039;IHEDN : Institut des hautes \u00e9tudes de d\u00e9fense nationale<\/title>\n<meta name=\"description\" content=\"Dans un entretien avec l\u2019IHEDN, le Secr\u00e9taire g\u00e9n\u00e9ral de la d\u00e9fense et de la s\u00e9curit\u00e9 nationale (SGDSN) Nicolas Roche d\u00e9taille le processus d\u2019actualisation de la Revue nationale strat\u00e9gique, publi\u00e9e le 14 juillet dernier.\" \/>\n<meta name=\"robots\" content=\"index, follow, max-snippet:-1, max-image-preview:large, max-video-preview:-1\" \/>\n<link rel=\"canonical\" href=\"https:\/\/ihedn.fr\/en\/lundis-de-lihedn\/nicolas-roche-notre-pays-preferera-toujours-le-reglement-pacifique-a-la-force-armee\/\" \/>\n<meta property=\"og:locale\" content=\"en_GB\" \/>\n<meta property=\"og:type\" content=\"article\" \/>\n<meta property=\"og:title\" content=\"Nicolas Roche : \u00ab Notre pays pr\u00e9f\u00e9rera toujours le r\u00e8glement pacifique \u00e0 la force arm\u00e9e \u00bb\" \/>\n<meta property=\"og:description\" content=\"Dans un entretien avec l\u2019IHEDN, le Secr\u00e9taire g\u00e9n\u00e9ral de la d\u00e9fense et de la s\u00e9curit\u00e9 nationale (SGDSN) Nicolas Roche d\u00e9taille le processus d\u2019actualisation de la Revue nationale strat\u00e9gique, publi\u00e9e le 14 juillet dernier.\" \/>\n<meta property=\"og:url\" content=\"https:\/\/ihedn.fr\/en\/lundis-de-lihedn\/nicolas-roche-notre-pays-preferera-toujours-le-reglement-pacifique-a-la-force-armee\/\" \/>\n<meta property=\"og:site_name\" content=\"L&#039;IHEDN : Institut des hautes \u00e9tudes de d\u00e9fense nationale\" \/>\n<meta property=\"article:publisher\" content=\"https:\/\/www.facebook.com\/ihedn\/\" \/>\n<meta property=\"article:published_time\" content=\"2025-09-08T07:00:39+00:00\" \/>\n<meta property=\"article:modified_time\" content=\"2025-11-19T09:59:39+00:00\" \/>\n<meta property=\"og:image\" content=\"https:\/\/ihedn.fr\/wp-content\/uploads\/2025\/08\/BANDEAU_LIH_25AOUT2025_CS3.jpg\" \/>\n\t<meta property=\"og:image:width\" content=\"1920\" \/>\n\t<meta property=\"og:image:height\" content=\"1080\" \/>\n\t<meta property=\"og:image:type\" content=\"image\/jpeg\" \/>\n<meta name=\"author\" content=\"tanguy.morel@ihedn.fr\" \/>\n<meta name=\"twitter:card\" content=\"summary_large_image\" \/>\n<meta name=\"twitter:title\" content=\"Nicolas Roche : \u00ab Notre pays pr\u00e9f\u00e9rera toujours le r\u00e8glement pacifique \u00e0 la force arm\u00e9e \u00bb\" \/>\n<meta name=\"twitter:description\" content=\"Dans un entretien avec l\u2019IHEDN, le Secr\u00e9taire g\u00e9n\u00e9ral de la d\u00e9fense et de la s\u00e9curit\u00e9 nationale (SGDSN) Nicolas Roche d\u00e9taille le processus d\u2019actualisation de la Revue nationale strat\u00e9gique, publi\u00e9e le 14 juillet dernier.\" \/>\n<meta name=\"twitter:image\" content=\"https:\/\/ihedn.fr\/wp-content\/uploads\/2025\/08\/BANDEAU_LIH_25AOUT2025_CS3.jpg\" \/>\n<meta name=\"twitter:creator\" content=\"@IHEDN\" \/>\n<meta name=\"twitter:site\" content=\"@IHEDN\" \/>\n<meta name=\"twitter:label1\" content=\"Written by\" \/>\n\t<meta name=\"twitter:data1\" content=\"tanguy.morel@ihedn.fr\" \/>\n\t<meta name=\"twitter:label2\" content=\"Estimated reading time\" \/>\n\t<meta name=\"twitter:data2\" content=\"7 minutes\" \/>\n<script type=\"application\/ld+json\" class=\"yoast-schema-graph\">{\"@context\":\"https:\\\/\\\/schema.org\",\"@graph\":[{\"@type\":\"Article\",\"@id\":\"https:\\\/\\\/ihedn.fr\\\/lundis-de-lihedn\\\/nicolas-roche-notre-pays-preferera-toujours-le-reglement-pacifique-a-la-force-armee\\\/#article\",\"isPartOf\":{\"@id\":\"https:\\\/\\\/ihedn.fr\\\/lundis-de-lihedn\\\/nicolas-roche-notre-pays-preferera-toujours-le-reglement-pacifique-a-la-force-armee\\\/\"},\"author\":{\"name\":\"tanguy.morel@ihedn.fr\",\"@id\":\"https:\\\/\\\/ihedn.fr\\\/#\\\/schema\\\/person\\\/ed217a37104b27a246b200e65b827cc7\"},\"headline\":\"Nicolas Roche : \u00ab Notre pays pr\u00e9f\u00e9rera toujours le r\u00e8glement pacifique \u00e0 la force arm\u00e9e \u00bb\",\"datePublished\":\"2025-09-08T07:00:39+00:00\",\"dateModified\":\"2025-11-19T09:59:39+00:00\",\"mainEntityOfPage\":{\"@id\":\"https:\\\/\\\/ihedn.fr\\\/lundis-de-lihedn\\\/nicolas-roche-notre-pays-preferera-toujours-le-reglement-pacifique-a-la-force-armee\\\/\"},\"wordCount\":1398,\"publisher\":{\"@id\":\"https:\\\/\\\/ihedn.fr\\\/#organization\"},\"image\":{\"@id\":\"https:\\\/\\\/ihedn.fr\\\/lundis-de-lihedn\\\/nicolas-roche-notre-pays-preferera-toujours-le-reglement-pacifique-a-la-force-armee\\\/#primaryimage\"},\"thumbnailUrl\":\"https:\\\/\\\/ihedn.fr\\\/wp-content\\\/uploads\\\/2025\\\/09\\\/Bandeau_ITW_ROCHE.jpg\",\"articleSection\":[\"Lundis de l'IHEDN\",\"Notre s\u00e9lection\",\"s\u00e9curit\u00e9 nationale\"],\"inLanguage\":\"en-GB\"},{\"@type\":\"WebPage\",\"@id\":\"https:\\\/\\\/ihedn.fr\\\/lundis-de-lihedn\\\/nicolas-roche-notre-pays-preferera-toujours-le-reglement-pacifique-a-la-force-armee\\\/\",\"url\":\"https:\\\/\\\/ihedn.fr\\\/lundis-de-lihedn\\\/nicolas-roche-notre-pays-preferera-toujours-le-reglement-pacifique-a-la-force-armee\\\/\",\"name\":\"Nicolas Roche : \u00ab Notre pays pr\u00e9f\u00e9rera toujours le r\u00e8glement pacifique \u00e0 la force arm\u00e9e \u00bb - L&#039;IHEDN : Institut des hautes \u00e9tudes de d\u00e9fense nationale\",\"isPartOf\":{\"@id\":\"https:\\\/\\\/ihedn.fr\\\/#website\"},\"primaryImageOfPage\":{\"@id\":\"https:\\\/\\\/ihedn.fr\\\/lundis-de-lihedn\\\/nicolas-roche-notre-pays-preferera-toujours-le-reglement-pacifique-a-la-force-armee\\\/#primaryimage\"},\"image\":{\"@id\":\"https:\\\/\\\/ihedn.fr\\\/lundis-de-lihedn\\\/nicolas-roche-notre-pays-preferera-toujours-le-reglement-pacifique-a-la-force-armee\\\/#primaryimage\"},\"thumbnailUrl\":\"https:\\\/\\\/ihedn.fr\\\/wp-content\\\/uploads\\\/2025\\\/09\\\/Bandeau_ITW_ROCHE.jpg\",\"datePublished\":\"2025-09-08T07:00:39+00:00\",\"dateModified\":\"2025-11-19T09:59:39+00:00\",\"description\":\"Dans un entretien avec l\u2019IHEDN, le Secr\u00e9taire g\u00e9n\u00e9ral de la d\u00e9fense et de la s\u00e9curit\u00e9 nationale (SGDSN) Nicolas Roche d\u00e9taille le processus d\u2019actualisation de la Revue nationale strat\u00e9gique, publi\u00e9e le 14 juillet dernier.\",\"breadcrumb\":{\"@id\":\"https:\\\/\\\/ihedn.fr\\\/lundis-de-lihedn\\\/nicolas-roche-notre-pays-preferera-toujours-le-reglement-pacifique-a-la-force-armee\\\/#breadcrumb\"},\"inLanguage\":\"en-GB\",\"potentialAction\":[{\"@type\":\"ReadAction\",\"target\":[\"https:\\\/\\\/ihedn.fr\\\/lundis-de-lihedn\\\/nicolas-roche-notre-pays-preferera-toujours-le-reglement-pacifique-a-la-force-armee\\\/\"]}]},{\"@type\":\"ImageObject\",\"inLanguage\":\"en-GB\",\"@id\":\"https:\\\/\\\/ihedn.fr\\\/lundis-de-lihedn\\\/nicolas-roche-notre-pays-preferera-toujours-le-reglement-pacifique-a-la-force-armee\\\/#primaryimage\",\"url\":\"https:\\\/\\\/ihedn.fr\\\/wp-content\\\/uploads\\\/2025\\\/09\\\/Bandeau_ITW_ROCHE.jpg\",\"contentUrl\":\"https:\\\/\\\/ihedn.fr\\\/wp-content\\\/uploads\\\/2025\\\/09\\\/Bandeau_ITW_ROCHE.jpg\",\"width\":1365,\"height\":683,\"caption\":\"Nicolas Roche - Lundis de l'IHEDN\"},{\"@type\":\"BreadcrumbList\",\"@id\":\"https:\\\/\\\/ihedn.fr\\\/lundis-de-lihedn\\\/nicolas-roche-notre-pays-preferera-toujours-le-reglement-pacifique-a-la-force-armee\\\/#breadcrumb\",\"itemListElement\":[{\"@type\":\"ListItem\",\"position\":1,\"name\":\"Accueil\",\"item\":\"https:\\\/\\\/ihedn.fr\\\/\"},{\"@type\":\"ListItem\",\"position\":2,\"name\":\"Nicolas Roche : \u00ab Notre pays pr\u00e9f\u00e9rera toujours le r\u00e8glement pacifique \u00e0 la force arm\u00e9e \u00bb\"}]},{\"@type\":\"WebSite\",\"@id\":\"https:\\\/\\\/ihedn.fr\\\/#website\",\"url\":\"https:\\\/\\\/ihedn.fr\\\/\",\"name\":\"IHEDN : Institut des hautes \u00e9tudes de d\u00e9fense nationale |\",\"description\":\"Site officiel de l&#039;IHEDN plac\u00e9 sous la tutelle du Premier ministre.\",\"publisher\":{\"@id\":\"https:\\\/\\\/ihedn.fr\\\/#organization\"},\"potentialAction\":[{\"@type\":\"SearchAction\",\"target\":{\"@type\":\"EntryPoint\",\"urlTemplate\":\"https:\\\/\\\/ihedn.fr\\\/?s={search_term_string}\"},\"query-input\":{\"@type\":\"PropertyValueSpecification\",\"valueRequired\":true,\"valueName\":\"search_term_string\"}}],\"inLanguage\":\"en-GB\"},{\"@type\":\"Organization\",\"@id\":\"https:\\\/\\\/ihedn.fr\\\/#organization\",\"name\":\"IHEDN - Institut des Hautes Etudes de D\u00e9fense Nationale\",\"url\":\"https:\\\/\\\/ihedn.fr\\\/\",\"logo\":{\"@type\":\"ImageObject\",\"inLanguage\":\"en-GB\",\"@id\":\"https:\\\/\\\/ihedn.fr\\\/#\\\/schema\\\/logo\\\/image\\\/\",\"url\":\"https:\\\/\\\/ihedn.fr\\\/wp-content\\\/uploads\\\/2020\\\/11\\\/BLOC_RF_IHEDN_WEB.png\",\"contentUrl\":\"https:\\\/\\\/ihedn.fr\\\/wp-content\\\/uploads\\\/2020\\\/11\\\/BLOC_RF_IHEDN_WEB.png\",\"width\":500,\"height\":237,\"caption\":\"IHEDN - Institut des Hautes Etudes de D\u00e9fense Nationale\"},\"image\":{\"@id\":\"https:\\\/\\\/ihedn.fr\\\/#\\\/schema\\\/logo\\\/image\\\/\"},\"sameAs\":[\"https:\\\/\\\/www.facebook.com\\\/ihedn\\\/\",\"https:\\\/\\\/x.com\\\/IHEDN\",\"https:\\\/\\\/www.instagram.com\\\/ihedn\\\/\",\"https:\\\/\\\/www.linkedin.com\\\/school\\\/ihedn\\\/\",\"https:\\\/\\\/fr.wikipedia.org\\\/wiki\\\/Institut_des_hautes_\u00e9tudes_de_D\u00e9fense_nationale\"]},{\"@type\":\"Person\",\"@id\":\"https:\\\/\\\/ihedn.fr\\\/#\\\/schema\\\/person\\\/ed217a37104b27a246b200e65b827cc7\",\"name\":\"tanguy.morel@ihedn.fr\",\"image\":{\"@type\":\"ImageObject\",\"inLanguage\":\"en-GB\",\"@id\":\"https:\\\/\\\/secure.gravatar.com\\\/avatar\\\/36877cd30919fafddf1f9da45f4154aa468a64328452f2ceaff0968772207348?s=96&d=mm&r=g\",\"url\":\"https:\\\/\\\/secure.gravatar.com\\\/avatar\\\/36877cd30919fafddf1f9da45f4154aa468a64328452f2ceaff0968772207348?s=96&d=mm&r=g\",\"contentUrl\":\"https:\\\/\\\/secure.gravatar.com\\\/avatar\\\/36877cd30919fafddf1f9da45f4154aa468a64328452f2ceaff0968772207348?s=96&d=mm&r=g\",\"caption\":\"tanguy.morel@ihedn.fr\"},\"url\":\"https:\\\/\\\/ihedn.fr\\\/en\\\/author\\\/tanguy-morelihedn-fr\\\/\"}]}<\/script>\n<!-- \/ Yoast SEO plugin. -->","yoast_head_json":{"title":"Nicolas Roche: \"Our country will always prefer peaceful settlement to armed force\" - L'IHEDN : Institut des hautes \u00e9tudes de d\u00e9fense nationale (Graduate Institute of National Defence)","description":"In an interview with IHEDN, Nicolas Roche, Secretary General of the French Ministry of Defence and National Security (SGDSN), details the process for updating the National Strategic Review, published on 14 July.","robots":{"index":"index","follow":"follow","max-snippet":"max-snippet:-1","max-image-preview":"max-image-preview:large","max-video-preview":"max-video-preview:-1"},"canonical":"https:\/\/ihedn.fr\/en\/lundis-de-lihedn\/nicolas-roche-notre-pays-preferera-toujours-le-reglement-pacifique-a-la-force-armee\/","og_locale":"en_GB","og_type":"article","og_title":"Nicolas Roche : \u00ab Notre pays pr\u00e9f\u00e9rera toujours le r\u00e8glement pacifique \u00e0 la force arm\u00e9e \u00bb","og_description":"Dans un entretien avec l\u2019IHEDN, le Secr\u00e9taire g\u00e9n\u00e9ral de la d\u00e9fense et de la s\u00e9curit\u00e9 nationale (SGDSN) Nicolas Roche d\u00e9taille le processus d\u2019actualisation de la Revue nationale strat\u00e9gique, publi\u00e9e le 14 juillet dernier.","og_url":"https:\/\/ihedn.fr\/en\/lundis-de-lihedn\/nicolas-roche-notre-pays-preferera-toujours-le-reglement-pacifique-a-la-force-armee\/","og_site_name":"L&#039;IHEDN : Institut des hautes \u00e9tudes de d\u00e9fense nationale","article_publisher":"https:\/\/www.facebook.com\/ihedn\/","article_published_time":"2025-09-08T07:00:39+00:00","article_modified_time":"2025-11-19T09:59:39+00:00","og_image":[{"width":1920,"height":1080,"url":"https:\/\/ihedn.fr\/wp-content\/uploads\/2025\/08\/BANDEAU_LIH_25AOUT2025_CS3.jpg","type":"image\/jpeg"}],"author":"tanguy.morel@ihedn.fr","twitter_card":"summary_large_image","twitter_title":"Nicolas Roche : \u00ab Notre pays pr\u00e9f\u00e9rera toujours le r\u00e8glement pacifique \u00e0 la force arm\u00e9e \u00bb","twitter_description":"Dans un entretien avec l\u2019IHEDN, le Secr\u00e9taire g\u00e9n\u00e9ral de la d\u00e9fense et de la s\u00e9curit\u00e9 nationale (SGDSN) Nicolas Roche d\u00e9taille le processus d\u2019actualisation de la Revue nationale strat\u00e9gique, publi\u00e9e le 14 juillet dernier.","twitter_image":"https:\/\/ihedn.fr\/wp-content\/uploads\/2025\/08\/BANDEAU_LIH_25AOUT2025_CS3.jpg","twitter_creator":"@IHEDN","twitter_site":"@IHEDN","twitter_misc":{"Written by":"tanguy.morel@ihedn.fr","Estimated reading time":"7 minutes"},"schema":{"@context":"https:\/\/schema.org","@graph":[{"@type":"Article","@id":"https:\/\/ihedn.fr\/lundis-de-lihedn\/nicolas-roche-notre-pays-preferera-toujours-le-reglement-pacifique-a-la-force-armee\/#article","isPartOf":{"@id":"https:\/\/ihedn.fr\/lundis-de-lihedn\/nicolas-roche-notre-pays-preferera-toujours-le-reglement-pacifique-a-la-force-armee\/"},"author":{"name":"tanguy.morel@ihedn.fr","@id":"https:\/\/ihedn.fr\/#\/schema\/person\/ed217a37104b27a246b200e65b827cc7"},"headline":"Nicolas Roche : \u00ab Notre pays pr\u00e9f\u00e9rera toujours le r\u00e8glement pacifique \u00e0 la force arm\u00e9e \u00bb","datePublished":"2025-09-08T07:00:39+00:00","dateModified":"2025-11-19T09:59:39+00:00","mainEntityOfPage":{"@id":"https:\/\/ihedn.fr\/lundis-de-lihedn\/nicolas-roche-notre-pays-preferera-toujours-le-reglement-pacifique-a-la-force-armee\/"},"wordCount":1398,"publisher":{"@id":"https:\/\/ihedn.fr\/#organization"},"image":{"@id":"https:\/\/ihedn.fr\/lundis-de-lihedn\/nicolas-roche-notre-pays-preferera-toujours-le-reglement-pacifique-a-la-force-armee\/#primaryimage"},"thumbnailUrl":"https:\/\/ihedn.fr\/wp-content\/uploads\/2025\/09\/Bandeau_ITW_ROCHE.jpg","articleSection":["Lundis de l'IHEDN","Notre s\u00e9lection","s\u00e9curit\u00e9 nationale"],"inLanguage":"en-GB"},{"@type":"WebPage","@id":"https:\/\/ihedn.fr\/lundis-de-lihedn\/nicolas-roche-notre-pays-preferera-toujours-le-reglement-pacifique-a-la-force-armee\/","url":"https:\/\/ihedn.fr\/lundis-de-lihedn\/nicolas-roche-notre-pays-preferera-toujours-le-reglement-pacifique-a-la-force-armee\/","name":"Nicolas Roche: \"Our country will always prefer peaceful settlement to armed force\" - L'IHEDN : Institut des hautes \u00e9tudes de d\u00e9fense nationale (Graduate Institute of National Defence)","isPartOf":{"@id":"https:\/\/ihedn.fr\/#website"},"primaryImageOfPage":{"@id":"https:\/\/ihedn.fr\/lundis-de-lihedn\/nicolas-roche-notre-pays-preferera-toujours-le-reglement-pacifique-a-la-force-armee\/#primaryimage"},"image":{"@id":"https:\/\/ihedn.fr\/lundis-de-lihedn\/nicolas-roche-notre-pays-preferera-toujours-le-reglement-pacifique-a-la-force-armee\/#primaryimage"},"thumbnailUrl":"https:\/\/ihedn.fr\/wp-content\/uploads\/2025\/09\/Bandeau_ITW_ROCHE.jpg","datePublished":"2025-09-08T07:00:39+00:00","dateModified":"2025-11-19T09:59:39+00:00","description":"In an interview with IHEDN, Nicolas Roche, Secretary General of the French Ministry of Defence and National Security (SGDSN), details the process for updating the National Strategic Review, published on 14 July.","breadcrumb":{"@id":"https:\/\/ihedn.fr\/lundis-de-lihedn\/nicolas-roche-notre-pays-preferera-toujours-le-reglement-pacifique-a-la-force-armee\/#breadcrumb"},"inLanguage":"en-GB","potentialAction":[{"@type":"ReadAction","target":["https:\/\/ihedn.fr\/lundis-de-lihedn\/nicolas-roche-notre-pays-preferera-toujours-le-reglement-pacifique-a-la-force-armee\/"]}]},{"@type":"ImageObject","inLanguage":"en-GB","@id":"https:\/\/ihedn.fr\/lundis-de-lihedn\/nicolas-roche-notre-pays-preferera-toujours-le-reglement-pacifique-a-la-force-armee\/#primaryimage","url":"https:\/\/ihedn.fr\/wp-content\/uploads\/2025\/09\/Bandeau_ITW_ROCHE.jpg","contentUrl":"https:\/\/ihedn.fr\/wp-content\/uploads\/2025\/09\/Bandeau_ITW_ROCHE.jpg","width":1365,"height":683,"caption":"Nicolas Roche - Lundis de l'IHEDN"},{"@type":"BreadcrumbList","@id":"https:\/\/ihedn.fr\/lundis-de-lihedn\/nicolas-roche-notre-pays-preferera-toujours-le-reglement-pacifique-a-la-force-armee\/#breadcrumb","itemListElement":[{"@type":"ListItem","position":1,"name":"Accueil","item":"https:\/\/ihedn.fr\/"},{"@type":"ListItem","position":2,"name":"Nicolas Roche : \u00ab Notre pays pr\u00e9f\u00e9rera toujours le r\u00e8glement pacifique \u00e0 la force arm\u00e9e \u00bb"}]},{"@type":"WebSite","@id":"https:\/\/ihedn.fr\/#website","url":"https:\/\/ihedn.fr\/","name":"IHEDN: Institut des hautes \u00e9tudes de d\u00e9fense nationale (Institute for Higher National Defence Studies)","description":"Official website of the IHEDN under the supervision of the Prime Minister.","publisher":{"@id":"https:\/\/ihedn.fr\/#organization"},"potentialAction":[{"@type":"SearchAction","target":{"@type":"EntryPoint","urlTemplate":"https:\/\/ihedn.fr\/?s={search_term_string}"},"query-input":{"@type":"PropertyValueSpecification","valueRequired":true,"valueName":"search_term_string"}}],"inLanguage":"en-GB"},{"@type":"Organization","@id":"https:\/\/ihedn.fr\/#organization","name":"IHEDN - Institute for Higher National Defence Studies","url":"https:\/\/ihedn.fr\/","logo":{"@type":"ImageObject","inLanguage":"en-GB","@id":"https:\/\/ihedn.fr\/#\/schema\/logo\/image\/","url":"https:\/\/ihedn.fr\/wp-content\/uploads\/2020\/11\/BLOC_RF_IHEDN_WEB.png","contentUrl":"https:\/\/ihedn.fr\/wp-content\/uploads\/2020\/11\/BLOC_RF_IHEDN_WEB.png","width":500,"height":237,"caption":"IHEDN - Institut des Hautes Etudes de D\u00e9fense Nationale"},"image":{"@id":"https:\/\/ihedn.fr\/#\/schema\/logo\/image\/"},"sameAs":["https:\/\/www.facebook.com\/ihedn\/","https:\/\/x.com\/IHEDN","https:\/\/www.instagram.com\/ihedn\/","https:\/\/www.linkedin.com\/school\/ihedn\/","https:\/\/fr.wikipedia.org\/wiki\/Institut_des_hautes_\u00e9tudes_de_D\u00e9fense_nationale"]},{"@type":"Person","@id":"https:\/\/ihedn.fr\/#\/schema\/person\/ed217a37104b27a246b200e65b827cc7","name":"tanguy.morel@ihedn.fr","image":{"@type":"ImageObject","inLanguage":"en-GB","@id":"https:\/\/secure.gravatar.com\/avatar\/36877cd30919fafddf1f9da45f4154aa468a64328452f2ceaff0968772207348?s=96&d=mm&r=g","url":"https:\/\/secure.gravatar.com\/avatar\/36877cd30919fafddf1f9da45f4154aa468a64328452f2ceaff0968772207348?s=96&d=mm&r=g","contentUrl":"https:\/\/secure.gravatar.com\/avatar\/36877cd30919fafddf1f9da45f4154aa468a64328452f2ceaff0968772207348?s=96&d=mm&r=g","caption":"tanguy.morel@ihedn.fr"},"url":"https:\/\/ihedn.fr\/en\/author\/tanguy-morelihedn-fr\/"}]}},"publishpress_future_action":{"enabled":false,"date":"2026-05-07 19:11:37","action":"change-status","newStatus":"draft","terms":[],"taxonomy":"category","extraData":[]},"publishpress_future_workflow_manual_trigger":{"enabledWorkflows":[]},"_links":{"self":[{"href":"https:\/\/ihedn.fr\/en\/wp-json\/wp\/v2\/posts\/55383","targetHints":{"allow":["GET"]}}],"collection":[{"href":"https:\/\/ihedn.fr\/en\/wp-json\/wp\/v2\/posts"}],"about":[{"href":"https:\/\/ihedn.fr\/en\/wp-json\/wp\/v2\/types\/post"}],"author":[{"embeddable":true,"href":"https:\/\/ihedn.fr\/en\/wp-json\/wp\/v2\/users\/10"}],"replies":[{"embeddable":true,"href":"https:\/\/ihedn.fr\/en\/wp-json\/wp\/v2\/comments?post=55383"}],"version-history":[{"count":18,"href":"https:\/\/ihedn.fr\/en\/wp-json\/wp\/v2\/posts\/55383\/revisions"}],"predecessor-version":[{"id":56874,"href":"https:\/\/ihedn.fr\/en\/wp-json\/wp\/v2\/posts\/55383\/revisions\/56874"}],"wp:featuredmedia":[{"embeddable":true,"href":"https:\/\/ihedn.fr\/en\/wp-json\/wp\/v2\/media\/55459"}],"wp:attachment":[{"href":"https:\/\/ihedn.fr\/en\/wp-json\/wp\/v2\/media?parent=55383"}],"wp:term":[{"taxonomy":"category","embeddable":true,"href":"https:\/\/ihedn.fr\/en\/wp-json\/wp\/v2\/categories?post=55383"},{"taxonomy":"post_tag","embeddable":true,"href":"https:\/\/ihedn.fr\/en\/wp-json\/wp\/v2\/tags?post=55383"}],"curies":[{"name":"wp","href":"https:\/\/api.w.org\/{rel}","templated":true}]}}