{"id":55529,"date":"2025-09-11T15:00:36","date_gmt":"2025-09-11T14:00:36","guid":{"rendered":"https:\/\/ihedn.fr\/?p=55529"},"modified":"2025-10-22T13:37:56","modified_gmt":"2025-10-22T12:37:56","slug":"ouverture-de-la-242e-session-en-region-a-beauvais","status":"publish","type":"post","link":"https:\/\/ihedn.fr\/en\/notre-actualite\/ouverture-de-la-242e-session-en-region-a-beauvais\/","title":{"rendered":"Opening of the 242<sup>e<\/sup> regional session in Beauvais"},"content":{"rendered":"<div data-elementor-type=\"wp-post\" data-elementor-id=\"55529\" class=\"elementor elementor-55529\" data-elementor-post-type=\"post\">\n\t\t\t\t<div data-particle_enable=\"false\" data-particle-mobile-disabled=\"false\" class=\"elementor-element elementor-element-603b01d e-flex e-con-boxed e-con e-parent\" data-id=\"603b01d\" data-element_type=\"container\" data-e-type=\"container\">\n\t\t\t\t\t<div class=\"e-con-inner\">\n\t\t\t\t<div class=\"elementor-element elementor-element-aee0684 elementor-widget elementor-widget-text-editor\" data-id=\"aee0684\" data-element_type=\"widget\" data-e-type=\"widget\" data-widget_type=\"text-editor.default\">\n\t\t\t\t<div class=\"elementor-widget-container\">\n\t\t\t\t\t\t\t\t\t<p style=\"text-align: left;\">On the first day of the course, the 45 students were welcomed by Jean-Marie Caillaud, Prefect of Oise, who wished them every success in the weeks ahead. The session was officially opened by Brigadier General Hugues de Roquemaurel, deputy to the Director of the Regional and Specialised Activities Department and representing the Director of the IHEDN, Lieutenant General Herv\u00e9 de Courr\u00e8ges. He was followed by Major General Anne-C\u00e9cile Ortemann, Military Governor of Lille and General Officer of the North Defence and Security Zone, before a detailed presentation of the programme by the IHEDN teams.<\/p><p style=\"text-align: left;\">The day was structured around a panorama of the contemporary world presented by Dr Guillaume Lasconjarias, and a presentation of Defence and its institutions by the session director, Major General Fran\u00e7ois Goguenheim. The day ended with a sequence of committee work, each group benefiting from the involvement of members of the Nord regional associations for this first session.<\/p><p style=\"text-align: left;\">Through these exchanges, the IHEDN is reaffirming its mission: to disseminate and promote the spirit of defence, a fundamental pillar of national cohesion, throughout the Republic.<\/p>\t\t\t\t\t\t\t\t<\/div>\n\t\t\t\t<\/div>\n\t\t\t\t<div class=\"elementor-element elementor-element-f59744e elementor-widget-divider--view-line elementor-widget elementor-widget-divider\" data-id=\"f59744e\" data-element_type=\"widget\" data-e-type=\"widget\" data-widget_type=\"divider.default\">\n\t\t\t\t<div class=\"elementor-widget-container\">\n\t\t\t\t\t\t\t<div class=\"elementor-divider\">\n\t\t\t<span class=\"elementor-divider-separator\">\n\t\t\t\t\t\t<\/span>\n\t\t<\/div>\n\t\t\t\t\t\t<\/div>\n\t\t\t\t<\/div>\n\t\t\t\t<div class=\"elementor-element elementor-element-b2207de elementor-widget elementor-widget-text-editor\" data-id=\"b2207de\" data-element_type=\"widget\" data-e-type=\"widget\" data-widget_type=\"text-editor.default\">\n\t\t\t\t<div class=\"elementor-widget-container\">\n\t\t\t\t\t\t\t\t\t<p>The second week of training, held in a boarding school in Soissons, was devoted to the theme of \"Knowledge of the armed forces and the defence system\". It was structured around a series of lectures on major strategic issues: the challenges of space and cyber, the evolution of armed forces, European defence, the army of the future, and the adaptation of forces to a constantly changing conflict environment. A round table was also devoted to the issue of disinformation.<\/p><p style=\"text-align: left;\">The week included two key visits: the Caverne du Dragon, for a memorial highlight, and the Centre d'entra\u00eenement aux actions en zone urbaine (CENZUB), which offered participants a hands-on immersion in the heart of soldiers' operational training.<\/p>\t\t\t\t\t\t\t\t<\/div>\n\t\t\t\t<\/div>\n\t\t\t\t<div class=\"elementor-element elementor-element-6aad3f0 elementor-widget-divider--view-line elementor-widget elementor-widget-divider\" data-id=\"6aad3f0\" data-element_type=\"widget\" data-e-type=\"widget\" data-widget_type=\"divider.default\">\n\t\t\t\t<div class=\"elementor-widget-container\">\n\t\t\t\t\t\t\t<div class=\"elementor-divider\">\n\t\t\t<span class=\"elementor-divider-separator\">\n\t\t\t\t\t\t<\/span>\n\t\t<\/div>\n\t\t\t\t\t\t<\/div>\n\t\t\t\t<\/div>\n\t\t\t\t<div class=\"elementor-element elementor-element-e9d8c39 elementor-widget elementor-widget-text-editor\" data-id=\"e9d8c39\" data-element_type=\"widget\" data-e-type=\"widget\" data-widget_type=\"text-editor.default\">\n\t\t\t\t<div class=\"elementor-widget-container\">\n\t\t\t\t\t\t\t\t\t<p>The third week in Dunkerque focused on the theme of \u00abinternational cooperation and conflict\u00bb, with the students reflecting on France's nuclear deterrent and the latest developments in the Russian-Ukrainian and Israeli-Palestinian conflicts. They visited Eurotunnel, the autonomous port of Dunkerque and EDF's Gravelines nuclear power station, before finishing with a day dedicated to government action at sea.<\/p><p>To conclude these four weeks of training, the auditors went to Lille for a week focused on the theme of \u00abcrisis management and regional challenges\u00bb around the issues of security and rearmament, with visits to the departmental Gendarmerie group, ONERA - The French Aerospace Lab and Dassault Aviation.<\/p>\t\t\t\t\t\t\t\t<\/div>\n\t\t\t\t<\/div>\n\t\t\t\t<div class=\"elementor-element elementor-element-4a13a32 elementor-widget elementor-widget-text-editor\" data-id=\"4a13a32\" data-element_type=\"widget\" data-e-type=\"widget\" data-widget_type=\"text-editor.default\">\n\t\t\t\t<div class=\"elementor-widget-container\">\n\t\t\t\t\t\t\t\t\t<p>Congratulations to the auditors for their commitment and the richness of their discussions throughout this 242nd regional session!<\/p>\t\t\t\t\t\t\t\t<\/div>\n\t\t\t\t<\/div>\n\t\t\t\t\t<\/div>\n\t\t\t\t<\/div>\n\t\t<div data-particle_enable=\"false\" data-particle-mobile-disabled=\"false\" class=\"elementor-element elementor-element-6b5aa08 e-flex e-con-boxed e-con e-parent\" data-id=\"6b5aa08\" data-element_type=\"container\" data-e-type=\"container\">\n\t\t\t\t\t<div class=\"e-con-inner\">\n\t\t\t\t<div class=\"elementor-element elementor-element-6e3a313 elementor-widget elementor-widget-gallery\" data-id=\"6e3a313\" data-element_type=\"widget\" data-e-type=\"widget\" data-settings=\"{&quot;lazyload&quot;:&quot;yes&quot;,&quot;gallery_layout&quot;:&quot;grid&quot;,&quot;columns&quot;:4,&quot;columns_tablet&quot;:2,&quot;columns_mobile&quot;:1,&quot;gap&quot;:{&quot;unit&quot;:&quot;px&quot;,&quot;size&quot;:10,&quot;sizes&quot;:[]},&quot;gap_tablet&quot;:{&quot;unit&quot;:&quot;px&quot;,&quot;size&quot;:10,&quot;sizes&quot;:[]},&quot;gap_mobile&quot;:{&quot;unit&quot;:&quot;px&quot;,&quot;size&quot;:10,&quot;sizes&quot;:[]},&quot;link_to&quot;:&quot;file&quot;,&quot;aspect_ratio&quot;:&quot;3:2&quot;,&quot;overlay_background&quot;:&quot;yes&quot;,&quot;content_hover_animation&quot;:&quot;fade-in&quot;}\" data-widget_type=\"gallery.default\">\n\t\t\t\t<div class=\"elementor-widget-container\">\n\t\t\t\t\t\t\t<div class=\"elementor-gallery__container\">\n\t\t\t\t\t\t\t<a class=\"e-gallery-item elementor-gallery-item elementor-animated-content\" href=\"https:\/\/ihedn.fr\/wp-content\/uploads\/2025\/10\/4b605b08-df35-442f-bd32-cf40533c440f.jpg\" data-elementor-open-lightbox=\"yes\" data-elementor-lightbox-slideshow=\"6e3a313\" data-e-action-hash=\"#elementor-action%3Aaction%3Dlightbox%26settings%3DeyJpZCI6NTYzMjAsInVybCI6Imh0dHBzOlwvXC9paGVkbi5mclwvd3AtY29udGVudFwvdXBsb2Fkc1wvMjAyNVwvMTBcLzRiNjA1YjA4LWRmMzUtNDQyZi1iZDMyLWNmNDA1MzNjNDQwZi5qcGciLCJzbGlkZXNob3ciOiI2ZTNhMzEzIn0%3D\">\n\t\t\t\t\t<div class=\"e-gallery-image elementor-gallery-item__image\" data-thumbnail=\"https:\/\/ihedn.fr\/wp-content\/uploads\/2025\/10\/4b605b08-df35-442f-bd32-cf40533c440f.jpg\" data-width=\"1600\" data-height=\"1200\" aria-label=\"\" role=\"img\" ><\/div>\n\t\t\t\t\t\t\t\t\t\t\t<div class=\"elementor-gallery-item__overlay\"><\/div>\n\t\t\t\t\t\t\t\t\t\t\t\t\t\t<\/a>\n\t\t\t\t\t\t\t<a class=\"e-gallery-item elementor-gallery-item elementor-animated-content\" href=\"https:\/\/ihedn.fr\/wp-content\/uploads\/2025\/10\/ba98b7e4-3e37-43ed-9f6b-67db828bfeff.jpg\" data-elementor-open-lightbox=\"yes\" data-elementor-lightbox-slideshow=\"6e3a313\" data-e-action-hash=\"#elementor-action%3Aaction%3Dlightbox%26settings%3DeyJpZCI6NTYzMjYsInVybCI6Imh0dHBzOlwvXC9paGVkbi5mclwvd3AtY29udGVudFwvdXBsb2Fkc1wvMjAyNVwvMTBcL2JhOThiN2U0LTNlMzctNDNlZC05ZjZiLTY3ZGI4MjhiZmVmZi5qcGciLCJzbGlkZXNob3ciOiI2ZTNhMzEzIn0%3D\">\n\t\t\t\t\t<div class=\"e-gallery-image elementor-gallery-item__image\" data-thumbnail=\"https:\/\/ihedn.fr\/wp-content\/uploads\/2025\/10\/ba98b7e4-3e37-43ed-9f6b-67db828bfeff.jpg\" data-width=\"1920\" data-height=\"1440\" aria-label=\"\" role=\"img\" ><\/div>\n\t\t\t\t\t\t\t\t\t\t\t<div class=\"elementor-gallery-item__overlay\"><\/div>\n\t\t\t\t\t\t\t\t\t\t\t\t\t\t<\/a>\n\t\t\t\t\t\t\t<a class=\"e-gallery-item elementor-gallery-item elementor-animated-content\" href=\"https:\/\/ihedn.fr\/wp-content\/uploads\/2025\/10\/b73818a9-154f-4a4d-8b12-7c3c07210cbe.jpg\" data-elementor-open-lightbox=\"yes\" data-elementor-lightbox-slideshow=\"6e3a313\" data-e-action-hash=\"#elementor-action%3Aaction%3Dlightbox%26settings%3DeyJpZCI6NTYzMTksInVybCI6Imh0dHBzOlwvXC9paGVkbi5mclwvd3AtY29udGVudFwvdXBsb2Fkc1wvMjAyNVwvMTBcL2I3MzgxOGE5LTE1NGYtNGE0ZC04YjEyLTdjM2MwNzIxMGNiZS5qcGciLCJzbGlkZXNob3ciOiI2ZTNhMzEzIn0%3D\">\n\t\t\t\t\t<div class=\"e-gallery-image elementor-gallery-item__image\" data-thumbnail=\"https:\/\/ihedn.fr\/wp-content\/uploads\/2025\/10\/b73818a9-154f-4a4d-8b12-7c3c07210cbe.jpg\" data-width=\"1600\" data-height=\"1199\" aria-label=\"\" role=\"img\" ><\/div>\n\t\t\t\t\t\t\t\t\t\t\t<div class=\"elementor-gallery-item__overlay\"><\/div>\n\t\t\t\t\t\t\t\t\t\t\t\t\t\t<\/a>\n\t\t\t\t\t\t\t<a class=\"e-gallery-item elementor-gallery-item elementor-animated-content\" href=\"https:\/\/ihedn.fr\/wp-content\/uploads\/2025\/10\/93768fdb-120f-4831-9a0a-402dbe6f7b61-Copie.jpg\" data-elementor-open-lightbox=\"yes\" data-elementor-lightbox-slideshow=\"6e3a313\" data-e-action-hash=\"#elementor-action%3Aaction%3Dlightbox%26settings%3DeyJpZCI6NTYzMzAsInVybCI6Imh0dHBzOlwvXC9paGVkbi5mclwvd3AtY29udGVudFwvdXBsb2Fkc1wvMjAyNVwvMTBcLzkzNzY4ZmRiLTEyMGYtNDgzMS05YTBhLTQwMmRiZTZmN2I2MS1Db3BpZS5qcGciLCJzbGlkZXNob3ciOiI2ZTNhMzEzIn0%3D\">\n\t\t\t\t\t<div class=\"e-gallery-image elementor-gallery-item__image\" data-thumbnail=\"https:\/\/ihedn.fr\/wp-content\/uploads\/2025\/10\/93768fdb-120f-4831-9a0a-402dbe6f7b61-Copie.jpg\" data-width=\"1920\" data-height=\"1440\" aria-label=\"\" role=\"img\" ><\/div>\n\t\t\t\t\t\t\t\t\t\t\t<div class=\"elementor-gallery-item__overlay\"><\/div>\n\t\t\t\t\t\t\t\t\t\t\t\t\t\t<\/a>\n\t\t\t\t\t\t\t<a class=\"e-gallery-item elementor-gallery-item elementor-animated-content\" href=\"https:\/\/ihedn.fr\/wp-content\/uploads\/2025\/10\/27fb4b79-0350-4eb7-ae78-91847dfe8601.jpg\" data-elementor-open-lightbox=\"yes\" data-elementor-lightbox-slideshow=\"6e3a313\" data-e-action-hash=\"#elementor-action%3Aaction%3Dlightbox%26settings%3DeyJpZCI6NTYzMzIsInVybCI6Imh0dHBzOlwvXC9paGVkbi5mclwvd3AtY29udGVudFwvdXBsb2Fkc1wvMjAyNVwvMTBcLzI3ZmI0Yjc5LTAzNTAtNGViNy1hZTc4LTkxODQ3ZGZlODYwMS5qcGciLCJzbGlkZXNob3ciOiI2ZTNhMzEzIn0%3D\">\n\t\t\t\t\t<div class=\"e-gallery-image elementor-gallery-item__image\" data-thumbnail=\"https:\/\/ihedn.fr\/wp-content\/uploads\/2025\/10\/27fb4b79-0350-4eb7-ae78-91847dfe8601.jpg\" data-width=\"1600\" data-height=\"1199\" aria-label=\"\" role=\"img\" ><\/div>\n\t\t\t\t\t\t\t\t\t\t\t<div class=\"elementor-gallery-item__overlay\"><\/div>\n\t\t\t\t\t\t\t\t\t\t\t\t\t\t<\/a>\n\t\t\t\t\t\t\t<a class=\"e-gallery-item elementor-gallery-item elementor-animated-content\" href=\"https:\/\/ihedn.fr\/wp-content\/uploads\/2025\/10\/aba927e9-e8b4-47ac-b6a5-c54aa96bfcab-Copie.jpg\" data-elementor-open-lightbox=\"yes\" data-elementor-lightbox-slideshow=\"6e3a313\" data-e-action-hash=\"#elementor-action%3Aaction%3Dlightbox%26settings%3DeyJpZCI6NTYzMzEsInVybCI6Imh0dHBzOlwvXC9paGVkbi5mclwvd3AtY29udGVudFwvdXBsb2Fkc1wvMjAyNVwvMTBcL2FiYTkyN2U5LWU4YjQtNDdhYy1iNmE1LWM1NGFhOTZiZmNhYi1Db3BpZS5qcGciLCJzbGlkZXNob3ciOiI2ZTNhMzEzIn0%3D\">\n\t\t\t\t\t<div class=\"e-gallery-image elementor-gallery-item__image\" data-thumbnail=\"https:\/\/ihedn.fr\/wp-content\/uploads\/2025\/10\/aba927e9-e8b4-47ac-b6a5-c54aa96bfcab-Copie.jpg\" data-width=\"1920\" data-height=\"1440\" aria-label=\"\" role=\"img\" ><\/div>\n\t\t\t\t\t\t\t\t\t\t\t<div class=\"elementor-gallery-item__overlay\"><\/div>\n\t\t\t\t\t\t\t\t\t\t\t\t\t\t<\/a>\n\t\t\t\t\t\t\t<a class=\"e-gallery-item elementor-gallery-item elementor-animated-content\" href=\"https:\/\/ihedn.fr\/wp-content\/uploads\/2025\/09\/242e-sr-2.jpeg\" data-elementor-open-lightbox=\"yes\" data-elementor-lightbox-slideshow=\"6e3a313\" data-e-action-hash=\"#elementor-action%3Aaction%3Dlightbox%26settings%3DeyJpZCI6NTU1MzMsInVybCI6Imh0dHBzOlwvXC9paGVkbi5mclwvd3AtY29udGVudFwvdXBsb2Fkc1wvMjAyNVwvMDlcLzI0MmUtc3ItMi5qcGVnIiwic2xpZGVzaG93IjoiNmUzYTMxMyJ9\">\n\t\t\t\t\t<div class=\"e-gallery-image elementor-gallery-item__image\" data-thumbnail=\"https:\/\/ihedn.fr\/wp-content\/uploads\/2025\/09\/242e-sr-2.jpeg\" data-width=\"1920\" data-height=\"1440\" aria-label=\"Auditors from the 242nd session in the regions\" role=\"img\" ><\/div>\n\t\t\t\t\t\t\t\t\t\t\t<div class=\"elementor-gallery-item__overlay\"><\/div>\n\t\t\t\t\t\t\t\t\t\t\t\t\t\t<\/a>\n\t\t\t\t\t\t\t<a class=\"e-gallery-item elementor-gallery-item elementor-animated-content\" href=\"https:\/\/ihedn.fr\/wp-content\/uploads\/2025\/10\/b24edb73-b1a1-42bd-8c7b-fb789194641c-Copie.jpg\" data-elementor-open-lightbox=\"yes\" data-elementor-lightbox-slideshow=\"6e3a313\" data-e-action-hash=\"#elementor-action%3Aaction%3Dlightbox%26settings%3DeyJpZCI6NTYzMjgsInVybCI6Imh0dHBzOlwvXC9paGVkbi5mclwvd3AtY29udGVudFwvdXBsb2Fkc1wvMjAyNVwvMTBcL2IyNGVkYjczLWIxYTEtNDJiZC04YzdiLWZiNzg5MTk0NjQxYy1Db3BpZS5qcGciLCJzbGlkZXNob3ciOiI2ZTNhMzEzIn0%3D\">\n\t\t\t\t\t<div class=\"e-gallery-image elementor-gallery-item__image\" data-thumbnail=\"https:\/\/ihedn.fr\/wp-content\/uploads\/2025\/10\/b24edb73-b1a1-42bd-8c7b-fb789194641c-Copie.jpg\" data-width=\"1920\" data-height=\"1440\" aria-label=\"\" role=\"img\" ><\/div>\n\t\t\t\t\t\t\t\t\t\t\t<div class=\"elementor-gallery-item__overlay\"><\/div>\n\t\t\t\t\t\t\t\t\t\t\t\t\t\t<\/a>\n\t\t\t\t\t\t\t<a class=\"e-gallery-item elementor-gallery-item elementor-animated-content\" href=\"https:\/\/ihedn.fr\/wp-content\/uploads\/2025\/10\/d87112dc-dc80-4953-a0c0-f97735044028.jpg\" data-elementor-open-lightbox=\"yes\" data-elementor-lightbox-slideshow=\"6e3a313\" data-e-action-hash=\"#elementor-action%3Aaction%3Dlightbox%26settings%3DeyJpZCI6NTYzMjcsInVybCI6Imh0dHBzOlwvXC9paGVkbi5mclwvd3AtY29udGVudFwvdXBsb2Fkc1wvMjAyNVwvMTBcL2Q4NzExMmRjLWRjODAtNDk1My1hMGMwLWY5NzczNTA0NDAyOC5qcGciLCJzbGlkZXNob3ciOiI2ZTNhMzEzIn0%3D\">\n\t\t\t\t\t<div class=\"e-gallery-image elementor-gallery-item__image\" data-thumbnail=\"https:\/\/ihedn.fr\/wp-content\/uploads\/2025\/10\/d87112dc-dc80-4953-a0c0-f97735044028.jpg\" data-width=\"1920\" data-height=\"1440\" aria-label=\"\" role=\"img\" ><\/div>\n\t\t\t\t\t\t\t\t\t\t\t<div class=\"elementor-gallery-item__overlay\"><\/div>\n\t\t\t\t\t\t\t\t\t\t\t\t\t\t<\/a>\n\t\t\t\t\t\t\t<a class=\"e-gallery-item elementor-gallery-item elementor-animated-content\" href=\"https:\/\/ihedn.fr\/wp-content\/uploads\/2025\/09\/242e-sr-1.jpeg\" data-elementor-open-lightbox=\"yes\" data-elementor-lightbox-slideshow=\"6e3a313\" data-e-action-hash=\"#elementor-action%3Aaction%3Dlightbox%26settings%3DeyJpZCI6NTU1MzIsInVybCI6Imh0dHBzOlwvXC9paGVkbi5mclwvd3AtY29udGVudFwvdXBsb2Fkc1wvMjAyNVwvMDlcLzI0MmUtc3ItMS5qcGVnIiwic2xpZGVzaG93IjoiNmUzYTMxMyJ9\">\n\t\t\t\t\t<div class=\"e-gallery-image elementor-gallery-item__image\" data-thumbnail=\"https:\/\/ihedn.fr\/wp-content\/uploads\/2025\/09\/242e-sr-1.jpeg\" data-width=\"1920\" data-height=\"1440\" aria-label=\"Auditors from the 242nd session in the regions\" role=\"img\" ><\/div>\n\t\t\t\t\t\t\t\t\t\t\t<div class=\"elementor-gallery-item__overlay\"><\/div>\n\t\t\t\t\t\t\t\t\t\t\t\t\t\t<\/a>\n\t\t\t\t\t\t\t<a class=\"e-gallery-item elementor-gallery-item elementor-animated-content\" href=\"https:\/\/ihedn.fr\/wp-content\/uploads\/2025\/10\/53e0edc8-6603-44a2-a916-2d48433570ef.jpg\" data-elementor-open-lightbox=\"yes\" data-elementor-lightbox-slideshow=\"6e3a313\" data-e-action-hash=\"#elementor-action%3Aaction%3Dlightbox%26settings%3DeyJpZCI6NTYzMjEsInVybCI6Imh0dHBzOlwvXC9paGVkbi5mclwvd3AtY29udGVudFwvdXBsb2Fkc1wvMjAyNVwvMTBcLzUzZTBlZGM4LTY2MDMtNDRhMi1hOTE2LTJkNDg0MzM1NzBlZi5qcGciLCJzbGlkZXNob3ciOiI2ZTNhMzEzIn0%3D\">\n\t\t\t\t\t<div class=\"e-gallery-image elementor-gallery-item__image\" data-thumbnail=\"https:\/\/ihedn.fr\/wp-content\/uploads\/2025\/10\/53e0edc8-6603-44a2-a916-2d48433570ef.jpg\" data-width=\"1920\" data-height=\"1440\" aria-label=\"\" role=\"img\" ><\/div>\n\t\t\t\t\t\t\t\t\t\t\t<div class=\"elementor-gallery-item__overlay\"><\/div>\n\t\t\t\t\t\t\t\t\t\t\t\t\t\t<\/a>\n\t\t\t\t\t\t\t<a class=\"e-gallery-item elementor-gallery-item elementor-animated-content\" href=\"https:\/\/ihedn.fr\/wp-content\/uploads\/2025\/10\/852d9e5d-e874-481f-a546-d1ead8aec201-Copie.jpg\" data-elementor-open-lightbox=\"yes\" data-elementor-lightbox-slideshow=\"6e3a313\" data-e-action-hash=\"#elementor-action%3Aaction%3Dlightbox%26settings%3DeyJpZCI6NTYzMjksInVybCI6Imh0dHBzOlwvXC9paGVkbi5mclwvd3AtY29udGVudFwvdXBsb2Fkc1wvMjAyNVwvMTBcLzg1MmQ5ZTVkLWU4NzQtNDgxZi1hNTQ2LWQxZWFkOGFlYzIwMS1Db3BpZS5qcGciLCJzbGlkZXNob3ciOiI2ZTNhMzEzIn0%3D\">\n\t\t\t\t\t<div class=\"e-gallery-image elementor-gallery-item__image\" data-thumbnail=\"https:\/\/ihedn.fr\/wp-content\/uploads\/2025\/10\/852d9e5d-e874-481f-a546-d1ead8aec201-Copie.jpg\" data-width=\"1920\" data-height=\"1440\" aria-label=\"\" role=\"img\" ><\/div>\n\t\t\t\t\t\t\t\t\t\t\t<div class=\"elementor-gallery-item__overlay\"><\/div>\n\t\t\t\t\t\t\t\t\t\t\t\t\t\t<\/a>\n\t\t\t\t\t<\/div>\n\t\t\t\t\t<\/div>\n\t\t\t\t<\/div>\n\t\t\t\t\t<\/div>\n\t\t\t\t<\/div>\n\t\t\t\t<\/div>","protected":false},"excerpt":{"rendered":"<p>The 242nd regional session of the Institut des hautes \u00e9tudes de d\u00e9fense nationale has opened in the Hauts-de-France region at the Pr\u00e9fecture de l'Oise in Beauvais. Over a four-week period, 45 students from a wide range of backgrounds will have the opportunity to explore the major strategic challenges of our time, find out how the armed forces operate and get to grips with national defence and security issues, through a programme combining visits to strategic sites, high-level lectures and group work.<\/p>","protected":false},"author":10,"featured_media":55531,"comment_status":"closed","ping_status":"closed","sticky":false,"template":"","format":"standard","meta":{"footnotes":""},"categories":[172],"tags":[],"class_list":["post-55529","post","type-post","status-publish","format-standard","has-post-thumbnail","hentry","category-notre-actualite"],"yoast_head":"<!-- This site is optimized with the Yoast SEO plugin v27.5 - https:\/\/yoast.com\/product\/yoast-seo-wordpress\/ -->\n<title>Ouverture de la 242e session en r\u00e9gion \u00e0 Beauvais - L&#039;IHEDN : Institut des hautes \u00e9tudes de d\u00e9fense nationale<\/title>\n<meta name=\"description\" content=\"La 242\u00e8me session en r\u00e9gion de l\u2019Institut des hautes \u00e9tudes de d\u00e9fense nationale s\u2019est ouverte dans les Hauts-de-France \u00e0 la Pr\u00e9fecture de l\u2019Oise \u00e0 Beauvais.\" \/>\n<meta name=\"robots\" content=\"index, follow, max-snippet:-1, max-image-preview:large, max-video-preview:-1\" \/>\n<link rel=\"canonical\" href=\"https:\/\/ihedn.fr\/en\/notre-actualite\/ouverture-de-la-242e-session-en-region-a-beauvais\/\" \/>\n<meta property=\"og:locale\" content=\"en_GB\" \/>\n<meta property=\"og:type\" content=\"article\" \/>\n<meta property=\"og:title\" content=\"Ouverture de la 242e session en r\u00e9gion \u00e0 Beauvais - L&#039;IHEDN : Institut des hautes \u00e9tudes de d\u00e9fense nationale\" \/>\n<meta property=\"og:description\" content=\"La 242\u00e8me session en r\u00e9gion de l\u2019Institut des hautes \u00e9tudes de d\u00e9fense nationale s\u2019est ouverte dans les Hauts-de-France \u00e0 la Pr\u00e9fecture de l\u2019Oise \u00e0 Beauvais.\" \/>\n<meta property=\"og:url\" content=\"https:\/\/ihedn.fr\/en\/notre-actualite\/ouverture-de-la-242e-session-en-region-a-beauvais\/\" \/>\n<meta property=\"og:site_name\" content=\"L&#039;IHEDN : Institut des hautes \u00e9tudes de d\u00e9fense nationale\" \/>\n<meta property=\"article:publisher\" content=\"https:\/\/www.facebook.com\/ihedn\/\" \/>\n<meta property=\"article:published_time\" content=\"2025-09-11T14:00:36+00:00\" \/>\n<meta property=\"article:modified_time\" content=\"2025-10-22T12:37:56+00:00\" \/>\n<meta property=\"og:image\" content=\"https:\/\/ihedn.fr\/wp-content\/uploads\/2025\/09\/242e-sr-3.jpeg\" \/>\n\t<meta property=\"og:image:width\" content=\"1920\" \/>\n\t<meta property=\"og:image:height\" content=\"1440\" \/>\n\t<meta property=\"og:image:type\" content=\"image\/jpeg\" \/>\n<meta name=\"author\" content=\"tanguy.morel@ihedn.fr\" \/>\n<meta name=\"twitter:card\" content=\"summary_large_image\" \/>\n<meta name=\"twitter:title\" content=\"Ouverture de la 242&lt;sup&gt;e&lt;\/sup&gt; session en r\u00e9gion \u00e0 Beauvais - L&#039;IHEDN : Institut des hautes \u00e9tudes de d\u00e9fense nationale\" \/>\n<meta name=\"twitter:description\" content=\"La 242\u00e8me session en r\u00e9gion de l\u2019Institut des hautes \u00e9tudes de d\u00e9fense nationale s\u2019est ouverte dans les Hauts-de-France \u00e0 la Pr\u00e9fecture de l\u2019Oise \u00e0 Beauvais.\" \/>\n<meta name=\"twitter:image\" content=\"https:\/\/ihedn.fr\/wp-content\/uploads\/2025\/09\/242e-sr-3.jpeg\" \/>\n<meta name=\"twitter:creator\" content=\"@IHEDN\" \/>\n<meta name=\"twitter:site\" content=\"@IHEDN\" \/>\n<meta name=\"twitter:label1\" content=\"Written by\" \/>\n\t<meta name=\"twitter:data1\" content=\"tanguy.morel@ihedn.fr\" \/>\n\t<meta name=\"twitter:label2\" content=\"Estimated reading time\" \/>\n\t<meta name=\"twitter:data2\" content=\"3 minutes\" \/>\n<script type=\"application\/ld+json\" class=\"yoast-schema-graph\">{\"@context\":\"https:\\\/\\\/schema.org\",\"@graph\":[{\"@type\":\"Article\",\"@id\":\"https:\\\/\\\/ihedn.fr\\\/notre-actualite\\\/ouverture-de-la-242e-session-en-region-a-beauvais\\\/#article\",\"isPartOf\":{\"@id\":\"https:\\\/\\\/ihedn.fr\\\/notre-actualite\\\/ouverture-de-la-242e-session-en-region-a-beauvais\\\/\"},\"author\":{\"name\":\"tanguy.morel@ihedn.fr\",\"@id\":\"https:\\\/\\\/ihedn.fr\\\/#\\\/schema\\\/person\\\/ed217a37104b27a246b200e65b827cc7\"},\"headline\":\"Ouverture de la 242e session en r\u00e9gion \u00e0 Beauvais\",\"datePublished\":\"2025-09-11T14:00:36+00:00\",\"dateModified\":\"2025-10-22T12:37:56+00:00\",\"mainEntityOfPage\":{\"@id\":\"https:\\\/\\\/ihedn.fr\\\/notre-actualite\\\/ouverture-de-la-242e-session-en-region-a-beauvais\\\/\"},\"wordCount\":567,\"publisher\":{\"@id\":\"https:\\\/\\\/ihedn.fr\\\/#organization\"},\"image\":{\"@id\":\"https:\\\/\\\/ihedn.fr\\\/notre-actualite\\\/ouverture-de-la-242e-session-en-region-a-beauvais\\\/#primaryimage\"},\"thumbnailUrl\":\"https:\\\/\\\/ihedn.fr\\\/wp-content\\\/uploads\\\/2025\\\/09\\\/242e-sr-3.jpeg\",\"articleSection\":[\"Notre actualit\u00e9\"],\"inLanguage\":\"en-GB\"},{\"@type\":\"WebPage\",\"@id\":\"https:\\\/\\\/ihedn.fr\\\/notre-actualite\\\/ouverture-de-la-242e-session-en-region-a-beauvais\\\/\",\"url\":\"https:\\\/\\\/ihedn.fr\\\/notre-actualite\\\/ouverture-de-la-242e-session-en-region-a-beauvais\\\/\",\"name\":\"Ouverture de la 242e session en r\u00e9gion \u00e0 Beauvais - L&#039;IHEDN : Institut des hautes \u00e9tudes de d\u00e9fense nationale\",\"isPartOf\":{\"@id\":\"https:\\\/\\\/ihedn.fr\\\/#website\"},\"primaryImageOfPage\":{\"@id\":\"https:\\\/\\\/ihedn.fr\\\/notre-actualite\\\/ouverture-de-la-242e-session-en-region-a-beauvais\\\/#primaryimage\"},\"image\":{\"@id\":\"https:\\\/\\\/ihedn.fr\\\/notre-actualite\\\/ouverture-de-la-242e-session-en-region-a-beauvais\\\/#primaryimage\"},\"thumbnailUrl\":\"https:\\\/\\\/ihedn.fr\\\/wp-content\\\/uploads\\\/2025\\\/09\\\/242e-sr-3.jpeg\",\"datePublished\":\"2025-09-11T14:00:36+00:00\",\"dateModified\":\"2025-10-22T12:37:56+00:00\",\"description\":\"La 242\u00e8me session en r\u00e9gion de l\u2019Institut des hautes \u00e9tudes de d\u00e9fense nationale s\u2019est ouverte dans les Hauts-de-France \u00e0 la Pr\u00e9fecture de l\u2019Oise \u00e0 Beauvais.\",\"breadcrumb\":{\"@id\":\"https:\\\/\\\/ihedn.fr\\\/notre-actualite\\\/ouverture-de-la-242e-session-en-region-a-beauvais\\\/#breadcrumb\"},\"inLanguage\":\"en-GB\",\"potentialAction\":[{\"@type\":\"ReadAction\",\"target\":[\"https:\\\/\\\/ihedn.fr\\\/notre-actualite\\\/ouverture-de-la-242e-session-en-region-a-beauvais\\\/\"]}]},{\"@type\":\"ImageObject\",\"inLanguage\":\"en-GB\",\"@id\":\"https:\\\/\\\/ihedn.fr\\\/notre-actualite\\\/ouverture-de-la-242e-session-en-region-a-beauvais\\\/#primaryimage\",\"url\":\"https:\\\/\\\/ihedn.fr\\\/wp-content\\\/uploads\\\/2025\\\/09\\\/242e-sr-3.jpeg\",\"contentUrl\":\"https:\\\/\\\/ihedn.fr\\\/wp-content\\\/uploads\\\/2025\\\/09\\\/242e-sr-3.jpeg\",\"width\":1920,\"height\":1440,\"caption\":\"Les auditeurs de la 242e session en r\u00e9gion\"},{\"@type\":\"BreadcrumbList\",\"@id\":\"https:\\\/\\\/ihedn.fr\\\/notre-actualite\\\/ouverture-de-la-242e-session-en-region-a-beauvais\\\/#breadcrumb\",\"itemListElement\":[{\"@type\":\"ListItem\",\"position\":1,\"name\":\"Accueil\",\"item\":\"https:\\\/\\\/ihedn.fr\\\/\"},{\"@type\":\"ListItem\",\"position\":2,\"name\":\"Ouverture de la 242e session en r\u00e9gion \u00e0 Beauvais\"}]},{\"@type\":\"WebSite\",\"@id\":\"https:\\\/\\\/ihedn.fr\\\/#website\",\"url\":\"https:\\\/\\\/ihedn.fr\\\/\",\"name\":\"IHEDN : Institut des hautes \u00e9tudes de d\u00e9fense nationale |\",\"description\":\"Site officiel de l&#039;IHEDN plac\u00e9 sous la tutelle du Premier ministre.\",\"publisher\":{\"@id\":\"https:\\\/\\\/ihedn.fr\\\/#organization\"},\"potentialAction\":[{\"@type\":\"SearchAction\",\"target\":{\"@type\":\"EntryPoint\",\"urlTemplate\":\"https:\\\/\\\/ihedn.fr\\\/?s={search_term_string}\"},\"query-input\":{\"@type\":\"PropertyValueSpecification\",\"valueRequired\":true,\"valueName\":\"search_term_string\"}}],\"inLanguage\":\"en-GB\"},{\"@type\":\"Organization\",\"@id\":\"https:\\\/\\\/ihedn.fr\\\/#organization\",\"name\":\"IHEDN - Institut des Hautes Etudes de D\u00e9fense Nationale\",\"url\":\"https:\\\/\\\/ihedn.fr\\\/\",\"logo\":{\"@type\":\"ImageObject\",\"inLanguage\":\"en-GB\",\"@id\":\"https:\\\/\\\/ihedn.fr\\\/#\\\/schema\\\/logo\\\/image\\\/\",\"url\":\"https:\\\/\\\/ihedn.fr\\\/wp-content\\\/uploads\\\/2020\\\/11\\\/BLOC_RF_IHEDN_WEB.png\",\"contentUrl\":\"https:\\\/\\\/ihedn.fr\\\/wp-content\\\/uploads\\\/2020\\\/11\\\/BLOC_RF_IHEDN_WEB.png\",\"width\":500,\"height\":237,\"caption\":\"IHEDN - Institut des Hautes Etudes de D\u00e9fense Nationale\"},\"image\":{\"@id\":\"https:\\\/\\\/ihedn.fr\\\/#\\\/schema\\\/logo\\\/image\\\/\"},\"sameAs\":[\"https:\\\/\\\/www.facebook.com\\\/ihedn\\\/\",\"https:\\\/\\\/x.com\\\/IHEDN\",\"https:\\\/\\\/www.instagram.com\\\/ihedn\\\/\",\"https:\\\/\\\/www.linkedin.com\\\/school\\\/ihedn\\\/\",\"https:\\\/\\\/fr.wikipedia.org\\\/wiki\\\/Institut_des_hautes_\u00e9tudes_de_D\u00e9fense_nationale\"]},{\"@type\":\"Person\",\"@id\":\"https:\\\/\\\/ihedn.fr\\\/#\\\/schema\\\/person\\\/ed217a37104b27a246b200e65b827cc7\",\"name\":\"tanguy.morel@ihedn.fr\",\"image\":{\"@type\":\"ImageObject\",\"inLanguage\":\"en-GB\",\"@id\":\"https:\\\/\\\/secure.gravatar.com\\\/avatar\\\/36877cd30919fafddf1f9da45f4154aa468a64328452f2ceaff0968772207348?s=96&d=mm&r=g\",\"url\":\"https:\\\/\\\/secure.gravatar.com\\\/avatar\\\/36877cd30919fafddf1f9da45f4154aa468a64328452f2ceaff0968772207348?s=96&d=mm&r=g\",\"contentUrl\":\"https:\\\/\\\/secure.gravatar.com\\\/avatar\\\/36877cd30919fafddf1f9da45f4154aa468a64328452f2ceaff0968772207348?s=96&d=mm&r=g\",\"caption\":\"tanguy.morel@ihedn.fr\"},\"url\":\"https:\\\/\\\/ihedn.fr\\\/en\\\/author\\\/tanguy-morelihedn-fr\\\/\"}]}<\/script>\n<!-- \/ Yoast SEO plugin. -->","yoast_head_json":{"title":"Opening of the 242nd regional session in Beauvais - L'IHEDN : Institut des hautes \u00e9tudes de d\u00e9fense nationale","description":"The 242nd regional session of the Institut des hautes \u00e9tudes de d\u00e9fense nationale opened in the Hauts-de-France region at the Pr\u00e9fecture de l'Oise in Beauvais.","robots":{"index":"index","follow":"follow","max-snippet":"max-snippet:-1","max-image-preview":"max-image-preview:large","max-video-preview":"max-video-preview:-1"},"canonical":"https:\/\/ihedn.fr\/en\/notre-actualite\/ouverture-de-la-242e-session-en-region-a-beauvais\/","og_locale":"en_GB","og_type":"article","og_title":"Ouverture de la 242e session en r\u00e9gion \u00e0 Beauvais - L&#039;IHEDN : Institut des hautes \u00e9tudes de d\u00e9fense nationale","og_description":"La 242\u00e8me session en r\u00e9gion de l\u2019Institut des hautes \u00e9tudes de d\u00e9fense nationale s\u2019est ouverte dans les Hauts-de-France \u00e0 la Pr\u00e9fecture de l\u2019Oise \u00e0 Beauvais.","og_url":"https:\/\/ihedn.fr\/en\/notre-actualite\/ouverture-de-la-242e-session-en-region-a-beauvais\/","og_site_name":"L&#039;IHEDN : Institut des hautes \u00e9tudes de d\u00e9fense nationale","article_publisher":"https:\/\/www.facebook.com\/ihedn\/","article_published_time":"2025-09-11T14:00:36+00:00","article_modified_time":"2025-10-22T12:37:56+00:00","og_image":[{"width":1920,"height":1440,"url":"https:\/\/ihedn.fr\/wp-content\/uploads\/2025\/09\/242e-sr-3.jpeg","type":"image\/jpeg"}],"author":"tanguy.morel@ihedn.fr","twitter_card":"summary_large_image","twitter_title":"Ouverture de la 242<sup>e<\/sup> session en r\u00e9gion \u00e0 Beauvais - L&#039;IHEDN : Institut des hautes \u00e9tudes de d\u00e9fense nationale","twitter_description":"La 242\u00e8me session en r\u00e9gion de l\u2019Institut des hautes \u00e9tudes de d\u00e9fense nationale s\u2019est ouverte dans les Hauts-de-France \u00e0 la Pr\u00e9fecture de l\u2019Oise \u00e0 Beauvais.","twitter_image":"https:\/\/ihedn.fr\/wp-content\/uploads\/2025\/09\/242e-sr-3.jpeg","twitter_creator":"@IHEDN","twitter_site":"@IHEDN","twitter_misc":{"Written by":"tanguy.morel@ihedn.fr","Estimated reading time":"3 minutes"},"schema":{"@context":"https:\/\/schema.org","@graph":[{"@type":"Article","@id":"https:\/\/ihedn.fr\/notre-actualite\/ouverture-de-la-242e-session-en-region-a-beauvais\/#article","isPartOf":{"@id":"https:\/\/ihedn.fr\/notre-actualite\/ouverture-de-la-242e-session-en-region-a-beauvais\/"},"author":{"name":"tanguy.morel@ihedn.fr","@id":"https:\/\/ihedn.fr\/#\/schema\/person\/ed217a37104b27a246b200e65b827cc7"},"headline":"Ouverture de la 242e session en r\u00e9gion \u00e0 Beauvais","datePublished":"2025-09-11T14:00:36+00:00","dateModified":"2025-10-22T12:37:56+00:00","mainEntityOfPage":{"@id":"https:\/\/ihedn.fr\/notre-actualite\/ouverture-de-la-242e-session-en-region-a-beauvais\/"},"wordCount":567,"publisher":{"@id":"https:\/\/ihedn.fr\/#organization"},"image":{"@id":"https:\/\/ihedn.fr\/notre-actualite\/ouverture-de-la-242e-session-en-region-a-beauvais\/#primaryimage"},"thumbnailUrl":"https:\/\/ihedn.fr\/wp-content\/uploads\/2025\/09\/242e-sr-3.jpeg","articleSection":["Notre actualit\u00e9"],"inLanguage":"en-GB"},{"@type":"WebPage","@id":"https:\/\/ihedn.fr\/notre-actualite\/ouverture-de-la-242e-session-en-region-a-beauvais\/","url":"https:\/\/ihedn.fr\/notre-actualite\/ouverture-de-la-242e-session-en-region-a-beauvais\/","name":"Opening of the 242nd regional session in Beauvais - L'IHEDN : Institut des hautes \u00e9tudes de d\u00e9fense nationale","isPartOf":{"@id":"https:\/\/ihedn.fr\/#website"},"primaryImageOfPage":{"@id":"https:\/\/ihedn.fr\/notre-actualite\/ouverture-de-la-242e-session-en-region-a-beauvais\/#primaryimage"},"image":{"@id":"https:\/\/ihedn.fr\/notre-actualite\/ouverture-de-la-242e-session-en-region-a-beauvais\/#primaryimage"},"thumbnailUrl":"https:\/\/ihedn.fr\/wp-content\/uploads\/2025\/09\/242e-sr-3.jpeg","datePublished":"2025-09-11T14:00:36+00:00","dateModified":"2025-10-22T12:37:56+00:00","description":"The 242nd regional session of the Institut des hautes \u00e9tudes de d\u00e9fense nationale opened in the Hauts-de-France region at the Pr\u00e9fecture de l'Oise in Beauvais.","breadcrumb":{"@id":"https:\/\/ihedn.fr\/notre-actualite\/ouverture-de-la-242e-session-en-region-a-beauvais\/#breadcrumb"},"inLanguage":"en-GB","potentialAction":[{"@type":"ReadAction","target":["https:\/\/ihedn.fr\/notre-actualite\/ouverture-de-la-242e-session-en-region-a-beauvais\/"]}]},{"@type":"ImageObject","inLanguage":"en-GB","@id":"https:\/\/ihedn.fr\/notre-actualite\/ouverture-de-la-242e-session-en-region-a-beauvais\/#primaryimage","url":"https:\/\/ihedn.fr\/wp-content\/uploads\/2025\/09\/242e-sr-3.jpeg","contentUrl":"https:\/\/ihedn.fr\/wp-content\/uploads\/2025\/09\/242e-sr-3.jpeg","width":1920,"height":1440,"caption":"Les auditeurs de la 242e session en r\u00e9gion"},{"@type":"BreadcrumbList","@id":"https:\/\/ihedn.fr\/notre-actualite\/ouverture-de-la-242e-session-en-region-a-beauvais\/#breadcrumb","itemListElement":[{"@type":"ListItem","position":1,"name":"Accueil","item":"https:\/\/ihedn.fr\/"},{"@type":"ListItem","position":2,"name":"Ouverture de la 242e session en r\u00e9gion \u00e0 Beauvais"}]},{"@type":"WebSite","@id":"https:\/\/ihedn.fr\/#website","url":"https:\/\/ihedn.fr\/","name":"IHEDN: Institut des hautes \u00e9tudes de d\u00e9fense nationale (Institute for Higher National Defence Studies)","description":"Official website of the IHEDN under the supervision of the Prime Minister.","publisher":{"@id":"https:\/\/ihedn.fr\/#organization"},"potentialAction":[{"@type":"SearchAction","target":{"@type":"EntryPoint","urlTemplate":"https:\/\/ihedn.fr\/?s={search_term_string}"},"query-input":{"@type":"PropertyValueSpecification","valueRequired":true,"valueName":"search_term_string"}}],"inLanguage":"en-GB"},{"@type":"Organization","@id":"https:\/\/ihedn.fr\/#organization","name":"IHEDN - Institute for Higher National Defence Studies","url":"https:\/\/ihedn.fr\/","logo":{"@type":"ImageObject","inLanguage":"en-GB","@id":"https:\/\/ihedn.fr\/#\/schema\/logo\/image\/","url":"https:\/\/ihedn.fr\/wp-content\/uploads\/2020\/11\/BLOC_RF_IHEDN_WEB.png","contentUrl":"https:\/\/ihedn.fr\/wp-content\/uploads\/2020\/11\/BLOC_RF_IHEDN_WEB.png","width":500,"height":237,"caption":"IHEDN - Institut des Hautes Etudes de D\u00e9fense Nationale"},"image":{"@id":"https:\/\/ihedn.fr\/#\/schema\/logo\/image\/"},"sameAs":["https:\/\/www.facebook.com\/ihedn\/","https:\/\/x.com\/IHEDN","https:\/\/www.instagram.com\/ihedn\/","https:\/\/www.linkedin.com\/school\/ihedn\/","https:\/\/fr.wikipedia.org\/wiki\/Institut_des_hautes_\u00e9tudes_de_D\u00e9fense_nationale"]},{"@type":"Person","@id":"https:\/\/ihedn.fr\/#\/schema\/person\/ed217a37104b27a246b200e65b827cc7","name":"tanguy.morel@ihedn.fr","image":{"@type":"ImageObject","inLanguage":"en-GB","@id":"https:\/\/secure.gravatar.com\/avatar\/36877cd30919fafddf1f9da45f4154aa468a64328452f2ceaff0968772207348?s=96&d=mm&r=g","url":"https:\/\/secure.gravatar.com\/avatar\/36877cd30919fafddf1f9da45f4154aa468a64328452f2ceaff0968772207348?s=96&d=mm&r=g","contentUrl":"https:\/\/secure.gravatar.com\/avatar\/36877cd30919fafddf1f9da45f4154aa468a64328452f2ceaff0968772207348?s=96&d=mm&r=g","caption":"tanguy.morel@ihedn.fr"},"url":"https:\/\/ihedn.fr\/en\/author\/tanguy-morelihedn-fr\/"}]}},"publishpress_future_action":{"enabled":false,"date":"2026-05-09 10:33:02","action":"change-status","newStatus":"draft","terms":[],"taxonomy":"category","extraData":[]},"publishpress_future_workflow_manual_trigger":{"enabledWorkflows":[]},"_links":{"self":[{"href":"https:\/\/ihedn.fr\/en\/wp-json\/wp\/v2\/posts\/55529","targetHints":{"allow":["GET"]}}],"collection":[{"href":"https:\/\/ihedn.fr\/en\/wp-json\/wp\/v2\/posts"}],"about":[{"href":"https:\/\/ihedn.fr\/en\/wp-json\/wp\/v2\/types\/post"}],"author":[{"embeddable":true,"href":"https:\/\/ihedn.fr\/en\/wp-json\/wp\/v2\/users\/10"}],"replies":[{"embeddable":true,"href":"https:\/\/ihedn.fr\/en\/wp-json\/wp\/v2\/comments?post=55529"}],"version-history":[{"count":15,"href":"https:\/\/ihedn.fr\/en\/wp-json\/wp\/v2\/posts\/55529\/revisions"}],"predecessor-version":[{"id":56335,"href":"https:\/\/ihedn.fr\/en\/wp-json\/wp\/v2\/posts\/55529\/revisions\/56335"}],"wp:featuredmedia":[{"embeddable":true,"href":"https:\/\/ihedn.fr\/en\/wp-json\/wp\/v2\/media\/55531"}],"wp:attachment":[{"href":"https:\/\/ihedn.fr\/en\/wp-json\/wp\/v2\/media?parent=55529"}],"wp:term":[{"taxonomy":"category","embeddable":true,"href":"https:\/\/ihedn.fr\/en\/wp-json\/wp\/v2\/categories?post=55529"},{"taxonomy":"post_tag","embeddable":true,"href":"https:\/\/ihedn.fr\/en\/wp-json\/wp\/v2\/tags?post=55529"}],"curies":[{"name":"wp","href":"https:\/\/api.w.org\/{rel}","templated":true}]}}