{"id":55542,"date":"2025-09-15T15:52:44","date_gmt":"2025-09-15T14:52:44","guid":{"rendered":"https:\/\/ihedn.fr\/?p=55542"},"modified":"2025-11-19T11:07:46","modified_gmt":"2025-11-19T10:07:46","slug":"marlene-laruelle-les-jeunes-generations-ne-penchent-plus-spontanement-vers-le-liberalisme","status":"publish","type":"post","link":"https:\/\/ihedn.fr\/en\/lundis-de-lihedn\/marlene-laruelle-les-jeunes-generations-ne-penchent-plus-spontanement-vers-le-liberalisme\/","title":{"rendered":"Marl\u00e8ne Laruelle: \"Younger generations are no longer spontaneously inclined towards liberalism\"."},"content":{"rendered":"<div data-elementor-type=\"wp-post\" data-elementor-id=\"55542\" class=\"elementor elementor-55542\" data-elementor-post-type=\"post\">\n\t\t\t\t<div data-particle_enable=\"false\" data-particle-mobile-disabled=\"false\" class=\"elementor-element elementor-element-ed89e6b e-flex e-con-boxed e-con e-parent\" data-id=\"ed89e6b\" data-element_type=\"container\" data-e-type=\"container\">\n\t\t\t\t\t<div class=\"e-con-inner\">\n\t\t\t\t<div class=\"elementor-element elementor-element-046ead8 elementor-widget elementor-widget-heading\" data-id=\"046ead8\" data-element_type=\"widget\" data-e-type=\"widget\" data-widget_type=\"heading.default\">\n\t\t\t\t<div class=\"elementor-widget-container\">\n\t\t\t\t\t<h5 class=\"elementor-heading-title elementor-size-default\">IHEDN Mondays are now available in audio format!<\/h5>\t\t\t\t<\/div>\n\t\t\t\t<\/div>\n\t\t\t\t<div class=\"elementor-element elementor-element-ce27344 elementor-widget elementor-widget-text-editor\" data-id=\"ce27344\" data-element_type=\"widget\" data-e-type=\"widget\" data-widget_type=\"text-editor.default\">\n\t\t\t\t<div class=\"elementor-widget-container\">\n\t\t\t\t\t\t\t\t\t<p>Click below to listen:<\/p>\t\t\t\t\t\t\t\t<\/div>\n\t\t\t\t<\/div>\n\t\t\t\t<div class=\"elementor-element elementor-element-0544bf9 elementor-widget elementor-widget-html\" data-id=\"0544bf9\" data-element_type=\"widget\" data-e-type=\"widget\" data-widget_type=\"html.default\">\n\t\t\t\t<div class=\"elementor-widget-container\">\n\t\t\t\t\t<style>\n.player-container-1 {\n  width: 100%;\n  padding: 10px;\n  border-radius: 20px;\n  backdrop-filter: blur(15px);\n  background: rgba(255,255,255,0.15);\n  box-shadow: 0 3px 30px rgba(0,0,0,0.2);\n  display: flex;\n  flex-direction: inline;\n  align-items: flex-start;\n  color: #fff;\n  margin: 0 auto;\n  background-color: #053973;\n}\n\n#waveform-1 {\n  width: 100%;\n  height: 50px;\n  margin-bottom: 20px;\n}\n\n.controls-1 {\n  display: flex;\n  flex-direction: column;\n  align-items: center;\n  gap: 5px;\n}\n\n#playPause-1 {\n  width: 45px;\n  height: 45px;\n  border: none;\n  background: rgba(255,255,255,0.3);\n  backdrop-filter: blur(5px);\n  border-radius: 50%;\n  cursor: pointer;\n  display: flex;\n  justify-content: center;\n  align-items: center;\n  transition: background 0.2s;\n  padding: 0;\n}\n\n#playPause-1:hover {\n  background: rgba(255,255,255,0.5);\n}\n\n#playPause-1 svg {\n  width: 20px;\n  height: 20px;\n  fill: #fff;\n}\n\n#time-1 {\n  font-size: 16px;\n  text-align: center;\n  min-width: 80px;\n}\n\n.top-controls-1 {\n  width: 100%;\n  display: flex;\n  justify-content: space-between; \/* Play \u00e0 gauche \/ Time \u00e0 droite *\/\n  align-items: center;\n  margin-bottom: 5px;\n}\n\n.player-container-1 {\n  display: flex;\n  flex-direction: column;\n}\n\n#time-1 {\n  font-size: 16px;\n  text-align: right;\n}\n\n.player-container-1 {\n  width: 100%;\n  padding: 20px;\n  border-radius: 20px;\n  backdrop-filter: blur(15px);\n  background: rgba(255,255,255,0.15);\n  box-shadow: 0 3px 30px rgba(0,0,0,0.2);\n  display: flex;                   \/* LAYOUT EN LIGNE *\/\n  flex-direction: row;             \/* tout sur une seule ligne *\/\n  align-items: center;             \/* vertical alignment *\/\n  gap: 20px;                       \/* espace entre \u00e9l\u00e9ments *\/\n  color: #fff;\n  margin: 0 auto;\n  background-color: #053973;\n}\n\n#waveform-1 {\n  flex: 1;                         \/* prend toute la place disponible *\/\n  height: 50px;\n  align-items: center;\n}\n\n#time-1 {\n  min-width: 80px;\n  text-align: right;\n} \n<\/style>\n\n<script src=\"https:\/\/unpkg.com\/wavesurfer.js\"><\/script>\n\n<section>\n<div class=\"player-container-1\">\n\n  <button id=\"playPause-1\">\n    <!-- ton SVG Play -->\n    <svg version=\"1.1\" id=\"playSVG-1\" xmlns=\"http:\/\/www.w3.org\/2000\/svg\" x=\"0px\" y=\"0px\" viewbox=\"0 0 330 330\">\n      <path d=\"M37.728,328.12c2.266,1.256,4.77,1.88,7.272,1.88c2.763,0,5.522-0.763,7.95-2.28l240-149.999      c4.386-2.741,7.05-7.548,7.05-12.72c0-5.172-2.664-9.979-7.05-12.72L52.95,2.28c-4.625-2.891-10.453-3.043-15.222-0.4      C32.959,4.524,30,9.547,30,15v300C30,320.453,32.959,325.476,37.728,328.12z\"\/>\n    <\/svg>\n  <\/button>\n\n  <div id=\"waveform-1\"><\/div>\n\n  <span id=\"time-1\">00:00 \/ 00:00<\/span>\n\n<\/div>\n\n  <!-- waveform en dessous -->\n  <div id=\"waveform-1\"><\/div>\n\n\n<\/section>\n\n<section>\n<script>\n\nconst wavesurfer1 = WaveSurfer.create({\n    container: '#waveform-1',\n    waveColor: 'rgba(255,255,255,0.4)',\n    progressColor: '#fff',\n    cursorColor: '#fff',\n    barWidth: 3,\n    barRadius: 3,\n    height: 50,\n    responsive: true,\n    normalize: true\n});\n\n\/\/ Charge ton fichier audio depuis le site WordPress\nwavesurfer1.load('https:\/\/ihedn.fr\/wp-content\/uploads\/2025\/11\/audio-lundi-ihedn-Marlene-Laruelle.mp3');\n\nconst playBtn1 = document.getElementById('playPause-1');\nconst timeDisplay1 = document.getElementById('time-1');\n\n\/\/ SVGs\nconst playSVG1 = `<svg version=\"1.1\" id=\"playSVG-1\" xmlns=\"http:\/\/www.w3.org\/2000\/svg\" x=\"0px\" y=\"0px\" viewBox=\"0 0 330 330\">\n<path d=\"M37.728,328.12c2.266,1.256,4.77,1.88,7.272,1.88c2.763,0,5.522-0.763,7.95-2.28l240-149.999\nc4.386-2.741,7.05-7.548,7.05-12.72c0-5.172-2.664-9.979-7.05-12.72L52.95,2.28c-4.625-2.891-10.453-3.043-15.222-0.4\nC32.959,4.524,30,9.547,30,15v300C30,320.453,32.959,325.476,37.728,328.12z\"\/>\n<\/svg>`;\n\nconst pauseSVG1 = `<svg xmlns=\"http:\/\/www.w3.org\/2000\/svg\" viewBox=\"0 0 330 330\" width=\"100%\" height=\"100%\" fill=\"#fff\">\n  <rect x=\"60\" y=\"30\" width=\"80\" height=\"270\"\/>\n  <rect x=\"190\" y=\"30\" width=\"80\" height=\"270\"\/>\n<\/svg>`;\n\n\/\/ Play\/Pause switch\nplayBtn1.addEventListener('click', () => {\n    wavesurfer1.playPause();\n    playBtn1.innerHTML = wavesurfer1.isPlaying() ? pauseSVG1 : playSVG1;\n});\n\n\/\/ Update time display\nfunction formatTime(sec) {\n    const m = Math.floor(sec \/ 60);\n    const s = Math.floor(sec % 60);\n    return m.toString().padStart(2,'0') + ':' + s.toString().padStart(2,'0');\n}\n\nwavesurfer1.on('audioprocess', () => {\n    const current = wavesurfer1.getCurrentTime();\n    const duration = wavesurfer1.getDuration();\n    timeDisplay1.textContent = formatTime(current) + ' \/ ' + formatTime(duration);\n});\n\nwavesurfer1.on('ready', () => {\n    const duration = wavesurfer1.getDuration();\n    timeDisplay1.textContent = '00:00 \/ ' + formatTime(duration);\n});\n<\/script>\n<\/section>\t\t\t\t<\/div>\n\t\t\t\t<\/div>\n\t\t\t\t\t<\/div>\n\t\t\t\t<\/div>\n\t\t<div data-particle_enable=\"false\" data-particle-mobile-disabled=\"false\" class=\"elementor-element elementor-element-b21a8ab e-con-full e-flex e-con e-parent\" data-id=\"b21a8ab\" data-element_type=\"container\" data-e-type=\"container\">\n\t\t\t\t<div class=\"elementor-element elementor-element-7eb4223 elementor-widget elementor-widget-text-editor\" data-id=\"7eb4223\" data-element_type=\"widget\" data-e-type=\"widget\" data-widget_type=\"text-editor.default\">\n\t\t\t\t<div class=\"elementor-widget-container\">\n\t\t\t\t\t\t\t\t\t<p style=\"text-align: left;\">Professor of International Affairs and Political Science at George Washington University (USA), French researcher Marl\u00e8ne Laruelle heads up the <a href=\"https:\/\/www.illiberalism.org\/\" target=\"_blank\" rel=\"noopener\">Study programme on illiberalism<\/a>which she founded, and also runs the website <a href=\"https:\/\/post-liberalism.org\/\" target=\"_blank\" rel=\"noopener\">Post-Liberalism.org<\/a>. Initially a specialist in the ideologies of the Slavic world, former director of the<em>Institute for European, Russian, and Eurasian Studies <\/em>(IERES) at the same university, she is currently interested in the rise of populist and illiberal movements in post-Soviet Eurasia, Europe and the United States.<\/p><p style=\"text-align: left;\">Marl\u00e8ne Laruelle recently published <em>\"<\/em><em>Ideology and Meaning-Making under the Putin Regime\".<\/em> (Stanford University Press, 2025) and directed <em>\"The Oxford Handbook of Illiberalism<\/em> (Oxford University Press, 2024). In this interview with IHEDN, she explains the concept of illiberalism and analyses the rise of this political trend in democracies.<\/p>\t\t\t\t\t\t\t\t<\/div>\n\t\t\t\t<\/div>\n\t\t\t\t<\/div>\n\t\t<div data-particle_enable=\"false\" data-particle-mobile-disabled=\"false\" class=\"elementor-element elementor-element-34f6859 e-con-full e-flex e-con e-parent\" data-id=\"34f6859\" data-element_type=\"container\" data-e-type=\"container\">\n\t\t\t\t<div class=\"elementor-element elementor-element-47a0236 elementor-widget elementor-widget-heading\" data-id=\"47a0236\" data-element_type=\"widget\" data-e-type=\"widget\" data-widget_type=\"heading.default\">\n\t\t\t\t<div class=\"elementor-widget-container\">\n\t\t\t\t\t<h2 class=\"elementor-heading-title elementor-size-default\">WHAT ARE THE CHARACTERISTICS OF AN ILLIBERAL DEMOCRACY? CAN YOU GIVE SOME CURRENT EXAMPLES, IN EUROPE AND ELSEWHERE?<\/h2>\t\t\t\t<\/div>\n\t\t\t\t<\/div>\n\t\t\t\t<div class=\"elementor-element elementor-element-1b02bcd elementor-widget-divider--view-line elementor-widget elementor-widget-divider\" data-id=\"1b02bcd\" data-element_type=\"widget\" data-e-type=\"widget\" data-widget_type=\"divider.default\">\n\t\t\t\t<div class=\"elementor-widget-container\">\n\t\t\t\t\t\t\t<div class=\"elementor-divider\">\n\t\t\t<span class=\"elementor-divider-separator\">\n\t\t\t\t\t\t<\/span>\n\t\t<\/div>\n\t\t\t\t\t\t<\/div>\n\t\t\t\t<\/div>\n\t\t<div data-particle_enable=\"false\" data-particle-mobile-disabled=\"false\" class=\"elementor-element elementor-element-03142eb e-con-full e-flex e-con e-child\" data-id=\"03142eb\" data-element_type=\"container\" data-e-type=\"container\">\n\t\t\t\t<div class=\"elementor-element elementor-element-2b8bbe6 elementor-widget elementor-widget-text-editor\" data-id=\"2b8bbe6\" data-element_type=\"widget\" data-e-type=\"widget\" data-widget_type=\"text-editor.default\">\n\t\t\t\t<div class=\"elementor-widget-container\">\n\t\t\t\t\t\t\t\t\t<p style=\"text-align: left;\">I will begin by dissociating illiberalism from illiberal democracy. Illiberalism is an ideology that criticises liberalism as a political philosophy or practice and promotes an alternative political project based on five criteria:<\/p><ul><li>belief in the primacy of executive power and majoritarianism over institutional checks and balances and minority rights;<\/li><li>defending the sovereignty of the nation-state against supranational institutions and international law;<\/li><li>call for a realistic and transactional foreign policy in a multipolar world, based on a reading of civilisation ;<\/li><li>promoting national cultural homogeneity against multiculturalism ;<\/li><li>preservation of hierarchies and traditional values against left-wing progressivism known as \"\u00a0<em>woke\u00a0<\/em>\"<em>.<\/em><\/li><\/ul>\t\t\t\t\t\t\t\t<\/div>\n\t\t\t\t<\/div>\n\t\t\t\t<div class=\"elementor-element elementor-element-b987a3d elementor-widget elementor-widget-text-editor\" data-id=\"b987a3d\" data-element_type=\"widget\" data-e-type=\"widget\" data-widget_type=\"text-editor.default\">\n\t\t\t\t<div class=\"elementor-widget-container\">\n\t\t\t\t\t\t\t\t\t<p style=\"text-align: left;\">An illiberal political offer can therefore exist in a democratic and liberal context, in so-called hybrid regimes or in authoritarian regimes. The term \"illiberal democracy\" is used where this ideological content meets a type of so-called hybrid regime. In an illiberal democracy, executive power is concentrated in the hands of the leader, the judiciary and the media have limited autonomy, the discourse of the state is imbued with sovereignist, exclusivist and conservative values (in varying degrees depending on the country), but there is always a political opposition and a civil society, albeit with limited room for manoeuvre, and the party in power can lose elections.<\/p><p style=\"text-align: left;\">Examples of illiberal democracies include Poland under PiS between 2015 and 2023 (PiS lost the elections and accepted it), Victor Orb\u00e1n's Hungary (power there is more consolidated than in Poland but Budapest is, for example, in the hands of the opposition), Aleksandar Vu\u010di\u0107's Serbia (which is experiencing massive demonstrations), Narendra Modi's India (here too, the opposition still exists and can win, despite the consolidation of power), Benyamin Netanyahu's Israel, Recep Tayyip Erdo\u011fan's Turkey (the opposition can control the major cities), etc.<\/p><p style=\"text-align: left;\">Some of these regimes are more authoritarian than others, but the illiberal leader can lose elections, in contrast to authoritarian illiberal regimes where the leader is in office for life, such as Vladimir Putin's Russia. And depending on how you adjust the definition of illiberalism, you can add left-wing authoritarian regimes, such as Nicol\u00e1s Maduro's Venezuela.<\/p>\t\t\t\t\t\t\t\t<\/div>\n\t\t\t\t<\/div>\n\t\t\t\t<\/div>\n\t\t\t\t<\/div>\n\t\t<div data-particle_enable=\"false\" data-particle-mobile-disabled=\"false\" class=\"elementor-element elementor-element-09ebcd3 e-con-full e-flex e-con e-parent\" data-id=\"09ebcd3\" data-element_type=\"container\" data-e-type=\"container\">\n\t\t\t\t<div class=\"elementor-element elementor-element-f359ef9 elementor-widget elementor-widget-heading\" data-id=\"f359ef9\" data-element_type=\"widget\" data-e-type=\"widget\" data-widget_type=\"heading.default\">\n\t\t\t\t<div class=\"elementor-widget-container\">\n\t\t\t\t\t<h2 class=\"elementor-heading-title elementor-size-default\">HISTORICALLY, YOU IDENTIFY TWO CENTRAL PREDECESSORS FOR ILLIBERALISM: THE COUNTER-LIGHTS UNTIL THE END OF THE NINETEENTH CENTURY AND THEN THE INTER-WAR PERIOD OF THE TWENTIETH CENTURY. BUT WHY IS ILLIBERALISM FLOURISHING TODAY?<\/h2>\t\t\t\t<\/div>\n\t\t\t\t<\/div>\n\t\t<div data-particle_enable=\"false\" data-particle-mobile-disabled=\"false\" class=\"elementor-element elementor-element-85142a1 e-con-full e-flex e-con e-child\" data-id=\"85142a1\" data-element_type=\"container\" data-e-type=\"container\">\n\t\t\t\t<div class=\"elementor-element elementor-element-887cac3 elementor-widget-divider--view-line elementor-widget elementor-widget-divider\" data-id=\"887cac3\" data-element_type=\"widget\" data-e-type=\"widget\" data-widget_type=\"divider.default\">\n\t\t\t\t<div class=\"elementor-widget-container\">\n\t\t\t\t\t\t\t<div class=\"elementor-divider\">\n\t\t\t<span class=\"elementor-divider-separator\">\n\t\t\t\t\t\t<\/span>\n\t\t<\/div>\n\t\t\t\t\t\t<\/div>\n\t\t\t\t<\/div>\n\t\t<div data-particle_enable=\"false\" data-particle-mobile-disabled=\"false\" class=\"elementor-element elementor-element-094d652 e-con-full e-flex e-con e-child\" data-id=\"094d652\" data-element_type=\"container\" data-e-type=\"container\">\n\t\t\t\t<div class=\"elementor-element elementor-element-837d8c0 elementor-widget elementor-widget-text-editor\" data-id=\"837d8c0\" data-element_type=\"widget\" data-e-type=\"widget\" data-widget_type=\"text-editor.default\">\n\t\t\t\t<div class=\"elementor-widget-container\">\n\t\t\t\t\t\t\t\t\t<p style=\"text-align: left;\">I believe that its rise can be explained by widespread disillusionment with the liberal model, perceived as technocratic, neo-liberal, disembodied and incapable of responding to the social, economic and cultural crises engendered by globalisation. The rise of illiberalism cannot therefore be reduced to temporary crises or voter manipulation. Rather, it reflects the profound changes in our political and social order, as the liberal model that emerged in the post-war era - the Trente Glorieuses - has been eroded. Neoliberal globalisation has broken the link between growth and equality, leading to a growing gap between urban and rural populations, stagnation of the middle classes and a feeling of dispossession. At the same time, technological change and the concentration of media power have fuelled fragmentation, polarisation and distrust of institutions.<\/p><p style=\"text-align: left;\">Cultural transformations have also undermined the hegemonic position of liberalism. This is what is known as \"liquid modernity\", with its shifting values and atomised identities, where progressive victories in favour of minorities are perceived by some as a challenge to the collective order. Moreover, as confidence in democratic institutions erodes, younger generations no longer spontaneously lean towards liberalism, but express a preference for strong leadership and more direct, even authoritarian, forms of governance.<\/p><p style=\"text-align: left;\">The rise of illiberalism is therefore structurally rooted in socio-economic inequality, cultural disarray, institutional dysfunction and the exhaustion of liberalism's claim to cultural hegemony. This gap between the promises of liberalism and the reality of the situation is prompting citizens to seek alternatives that promise authority, sovereignty, cultural homogeneity and a return to control.<\/p>\t\t\t\t\t\t\t\t<\/div>\n\t\t\t\t<\/div>\n\t\t\t\t<\/div>\n\t\t\t\t<\/div>\n\t\t\t\t<\/div>\n\t\t<div data-particle_enable=\"false\" data-particle-mobile-disabled=\"false\" class=\"elementor-element elementor-element-6414189 e-con-full e-flex e-con e-parent\" data-id=\"6414189\" data-element_type=\"container\" data-e-type=\"container\">\n\t\t\t\t<div class=\"elementor-element elementor-element-23c4310 elementor-widget elementor-widget-heading\" data-id=\"23c4310\" data-element_type=\"widget\" data-e-type=\"widget\" data-widget_type=\"heading.default\">\n\t\t\t\t<div class=\"elementor-widget-container\">\n\t\t\t\t\t<h2 class=\"elementor-heading-title elementor-size-default\">ONE OF ITS DRIVING FORCES IS THE CHALLENGE TO THE \"META-IDEOLOGY\" OF THE WESTERN WORLD. ULTIMATELY, DON'T WESTERN ILLIBERAL LEADERS RUN THE RISK OF WEAKENING THE COUNTRIES THEY GOVERN?<\/h2>\t\t\t\t<\/div>\n\t\t\t\t<\/div>\n\t\t<div data-particle_enable=\"false\" data-particle-mobile-disabled=\"false\" class=\"elementor-element elementor-element-1d96f6b e-con-full e-flex e-con e-child\" data-id=\"1d96f6b\" data-element_type=\"container\" data-e-type=\"container\">\n\t\t\t\t<div class=\"elementor-element elementor-element-3884780 elementor-widget-divider--view-line elementor-widget elementor-widget-divider\" data-id=\"3884780\" data-element_type=\"widget\" data-e-type=\"widget\" data-widget_type=\"divider.default\">\n\t\t\t\t<div class=\"elementor-widget-container\">\n\t\t\t\t\t\t\t<div class=\"elementor-divider\">\n\t\t\t<span class=\"elementor-divider-separator\">\n\t\t\t\t\t\t<\/span>\n\t\t<\/div>\n\t\t\t\t\t\t<\/div>\n\t\t\t\t<\/div>\n\t\t<div data-particle_enable=\"false\" data-particle-mobile-disabled=\"false\" class=\"elementor-element elementor-element-5f4d80f e-con-full e-flex e-con e-child\" data-id=\"5f4d80f\" data-element_type=\"container\" data-e-type=\"container\">\n\t\t\t\t<div class=\"elementor-element elementor-element-864685c elementor-widget elementor-widget-text-editor\" data-id=\"864685c\" data-element_type=\"widget\" data-e-type=\"widget\" data-widget_type=\"text-editor.default\">\n\t\t\t\t<div class=\"elementor-widget-container\">\n\t\t\t\t\t\t\t\t\t<p style=\"text-align: left;\">I think it's more complicated than that. Western countries have been weakened, both internally in terms of social cohesion and externally in terms of the West's place on the world stage, whatever the ideological orientation of their politicians.<\/p><p style=\"text-align: left;\">We are in a period of interregnum in terms of political models and global balances. It is debatable whether, for example, Donald Trump is weakening the United States or simply transforming it. I'm leaning towards the second view: American society was in deep trouble on many fronts even under the Democrats (global health crisis, financial bubbles in real estate and education, impoverishment of the middle classes, institutional racism even in Democratic states, mistrust of institutions, culture wars, etc.), and the United States' status as a great power was being challenged in every case. Donald Trump is not creating these problems, he is the product of them.<\/p><p style=\"text-align: left;\">Of course, the risk of undermining democracy is real, but the social contract of Western societies offered by liberalism was already well tainted even before the illiberal wave. What is fascinating is that the challenge to the \"meta-ideology\" of the Western world is no longer coming solely from countries whose identity has been precisely to be on the periphery of the Western world (Russia, Turkey, etc.) or to be outside it (China), but from within. In this respect, Trump's second victory is impressive, because it is the country that was the herald of liberalism that seems to be moving away from it.<\/p>\t\t\t\t\t\t\t\t<\/div>\n\t\t\t\t<\/div>\n\t\t\t\t<\/div>\n\t\t\t\t<\/div>\n\t\t\t\t<\/div>\n\t\t<div data-particle_enable=\"false\" data-particle-mobile-disabled=\"false\" class=\"elementor-element elementor-element-64f9d30 e-con-full e-flex e-con e-parent\" data-id=\"64f9d30\" data-element_type=\"container\" data-e-type=\"container\">\n\t\t\t\t<div class=\"elementor-element elementor-element-cf7bdb3 elementor-widget elementor-widget-heading\" data-id=\"cf7bdb3\" data-element_type=\"widget\" data-e-type=\"widget\" data-widget_type=\"heading.default\">\n\t\t\t\t<div class=\"elementor-widget-container\">\n\t\t\t\t\t<h2 class=\"elementor-heading-title elementor-size-default\">CURRENT RESEARCH SEEMS TO SHOW THAT ILLIBERALISM GRADUALLY LEADS TO AUTHORITARIANISM. IS THIS INEVITABLE? WHAT SAFEGUARDS COULD PREVENT THIS?<\/h2>\t\t\t\t<\/div>\n\t\t\t\t<\/div>\n\t\t<div data-particle_enable=\"false\" data-particle-mobile-disabled=\"false\" class=\"elementor-element elementor-element-019f8d5 e-con-full e-flex e-con e-child\" data-id=\"019f8d5\" data-element_type=\"container\" data-e-type=\"container\">\n\t\t\t\t<div class=\"elementor-element elementor-element-f3c1467 elementor-widget-divider--view-line elementor-widget elementor-widget-divider\" data-id=\"f3c1467\" data-element_type=\"widget\" data-e-type=\"widget\" data-widget_type=\"divider.default\">\n\t\t\t\t<div class=\"elementor-widget-container\">\n\t\t\t\t\t\t\t<div class=\"elementor-divider\">\n\t\t\t<span class=\"elementor-divider-separator\">\n\t\t\t\t\t\t<\/span>\n\t\t<\/div>\n\t\t\t\t\t\t<\/div>\n\t\t\t\t<\/div>\n\t\t<div data-particle_enable=\"false\" data-particle-mobile-disabled=\"false\" class=\"elementor-element elementor-element-c816f27 e-con-full e-flex e-con e-child\" data-id=\"c816f27\" data-element_type=\"container\" data-e-type=\"container\">\n\t\t\t\t<div class=\"elementor-element elementor-element-81f0b57 elementor-widget elementor-widget-text-editor\" data-id=\"81f0b57\" data-element_type=\"widget\" data-e-type=\"widget\" data-widget_type=\"text-editor.default\">\n\t\t\t\t<div class=\"elementor-widget-container\">\n\t\t\t\t\t\t\t\t\t<p style=\"text-align: left;\">The slide from illiberalism to authoritarianism is well documented: weakening of institutions, concentration of power, increasing repression of dissident voices, gradual transition to personalised rule, etc. The longer the leader remains in power, the greater his ability to dismantle the various forms of resistance. The longer the leader remains in power, the greater his ability to dismantle the various forms of resistance.<\/p><p style=\"text-align: left;\">But this is not inevitable. Poland after 2023 shows that the illiberal dynamic can be reversed, but not back to square one: institutions transformed by years of illiberal rule and a much more polarised society have to be managed. The case of Giorgia Meloni's Italy also shows that a leader who can be defined as illiberal in many respects can function without dramatically transforming the institutions and while remaining within the liberal European framework.<\/p><p style=\"text-align: left;\">A lot depends on democratic resilience: civil society, independent media, legal mobilisations, and above all other political offerings. In my view, the core of a solution to illiberalism is for those who identify as liberals to be able to do the right thing. <em>mea culpa<\/em> of what has \"gone wrong\" in the practice of liberalism as it exists on a daily basis, and that they thoroughly renew their political arguments in order to be credible again.<\/p>\t\t\t\t\t\t\t\t<\/div>\n\t\t\t\t<\/div>\n\t\t\t\t<\/div>\n\t\t\t\t<\/div>\n\t\t\t\t<\/div>\n\t\t<div data-particle_enable=\"false\" data-particle-mobile-disabled=\"false\" class=\"elementor-element elementor-element-7f6bfb1 e-con-full e-flex e-con e-parent\" data-id=\"7f6bfb1\" data-element_type=\"container\" data-e-type=\"container\">\n\t\t\t\t<div class=\"elementor-element elementor-element-0c65d20 elementor-widget elementor-widget-heading\" data-id=\"0c65d20\" data-element_type=\"widget\" data-e-type=\"widget\" data-widget_type=\"heading.default\">\n\t\t\t\t<div class=\"elementor-widget-container\">\n\t\t\t\t\t<h2 class=\"elementor-heading-title elementor-size-default\">YOU WRITE THAT THE CONCEPT OF ILLIBERALISM OFFERS A NEW FRAMEWORK FOR UNDERSTANDING SOCIETAL CHANGE. IN WHAT WAY?<\/h2>\t\t\t\t<\/div>\n\t\t\t\t<\/div>\n\t\t<div data-particle_enable=\"false\" data-particle-mobile-disabled=\"false\" class=\"elementor-element elementor-element-f752630 e-con-full e-flex e-con e-child\" data-id=\"f752630\" data-element_type=\"container\" data-e-type=\"container\">\n\t\t\t\t<div class=\"elementor-element elementor-element-d200945 elementor-widget-divider--view-line elementor-widget elementor-widget-divider\" data-id=\"d200945\" data-element_type=\"widget\" data-e-type=\"widget\" data-widget_type=\"divider.default\">\n\t\t\t\t<div class=\"elementor-widget-container\">\n\t\t\t\t\t\t\t<div class=\"elementor-divider\">\n\t\t\t<span class=\"elementor-divider-separator\">\n\t\t\t\t\t\t<\/span>\n\t\t<\/div>\n\t\t\t\t\t\t<\/div>\n\t\t\t\t<\/div>\n\t\t<div data-particle_enable=\"false\" data-particle-mobile-disabled=\"false\" class=\"elementor-element elementor-element-d4ff6de e-con-full e-flex e-con e-child\" data-id=\"d4ff6de\" data-element_type=\"container\" data-e-type=\"container\">\n\t\t\t\t<div class=\"elementor-element elementor-element-b389396 elementor-widget elementor-widget-text-editor\" data-id=\"b389396\" data-element_type=\"widget\" data-e-type=\"widget\" data-widget_type=\"text-editor.default\">\n\t\t\t\t<div class=\"elementor-widget-container\">\n\t\t\t\t\t\t\t\t\t<p style=\"text-align: left;\">The concept of illiberalism allows us to move away from the simplistic divide between the 'good' democratic liberalism that everyone should support and the 'bad' liberalism that everyone should support. <em>versus<\/em> \"The concept of illiberalism allows us to put the liberalism in which we live, its limits and its flaws, back at the centre of our questioning. The concept of illiberalism allows us to put the liberalism in which we live, its limits and flaws, back at the centre of our questioning, and to consider illiberal political offers in a continuum with it.\u00a0<\/p><p style=\"text-align: left;\">Many governments that refer to liberalism are moving away from it in some of their public policies on issues such as refugees, immigration, counter-terrorism and sometimes freedom of expression.... because the liberal model is exhausted. The conceptual framework offered by illiberalism makes it possible to understand that the cultural hegemony of liberalism as the central referent of our societies has come to an end: the ideological battle has been reopened, liberalism will have to reinvent itself if it wants to win again, and it will have to listen to the messages sent by \"illiberals\" on both the right and the left on a certain number of social and cultural demands.<\/p>\t\t\t\t\t\t\t\t<\/div>\n\t\t\t\t<\/div>\n\t\t\t\t<\/div>\n\t\t\t\t<\/div>\n\t\t\t\t<\/div>\n\t\t\t\t<\/div>","protected":false},"excerpt":{"rendered":"<p>To mark the International Day of Democracy, French academic Marl\u00e8ne Laruelle, who has directed <i>\"The Oxford Handbook of Illiberalism<\/i>in an interview with the IHEDN, analyses this fast-growing ideology and the way it has evolved into \"illiberal democracy\".<\/p>","protected":false},"author":10,"featured_media":55545,"comment_status":"closed","ping_status":"closed","sticky":false,"template":"","format":"standard","meta":{"footnotes":""},"categories":[41,171,209],"tags":[],"class_list":["post-55542","post","type-post","status-publish","format-standard","has-post-thumbnail","hentry","category-lundis-de-lihedn","category-notre-selection","category-securite-internationale"],"yoast_head":"<!-- This site is optimized with the Yoast SEO plugin v27.5 - https:\/\/yoast.com\/product\/yoast-seo-wordpress\/ -->\n<title>Marl\u00e8ne Laruelle : \u00ab Les jeunes g\u00e9n\u00e9rations ne penchent plus spontan\u00e9ment vers le lib\u00e9ralisme \u00bb - L&#039;IHEDN : Institut des hautes \u00e9tudes de d\u00e9fense nationale<\/title>\n<meta name=\"description\" content=\"\u00c0 l\u2019occasion de la journ\u00e9e internationale de la d\u00e9mocratie, l\u2019universitaire fran\u00e7aise Marl\u00e8ne Laruelle, qui a dirig\u00e9 \u201cThe Oxford Handbook of Illiberalism\u201d, analyse dans un entretien avec l\u2019IHEDN cette id\u00e9ologie en plein essor et sa d\u00e9clinaison en \u00ab d\u00e9mocratie illib\u00e9rale \u00bb.\" \/>\n<meta name=\"robots\" content=\"index, follow, max-snippet:-1, max-image-preview:large, max-video-preview:-1\" \/>\n<link rel=\"canonical\" href=\"https:\/\/ihedn.fr\/en\/lundis-de-lihedn\/marlene-laruelle-les-jeunes-generations-ne-penchent-plus-spontanement-vers-le-liberalisme\/\" \/>\n<meta property=\"og:locale\" content=\"en_GB\" \/>\n<meta property=\"og:type\" content=\"article\" \/>\n<meta property=\"og:title\" content=\"Marl\u00e8ne Laruelle : \u00ab Les jeunes g\u00e9n\u00e9rations ne penchent plus spontan\u00e9ment vers le lib\u00e9ralisme \u00bb\" \/>\n<meta property=\"og:description\" content=\"\u00c0 l\u2019occasion de la journ\u00e9e internationale de la d\u00e9mocratie, l\u2019universitaire fran\u00e7aise Marl\u00e8ne Laruelle, qui a dirig\u00e9 \u201cThe Oxford Handbook of Illiberalism\u201d, analyse dans un entretien avec l\u2019IHEDN cette id\u00e9ologie en plein essor et sa d\u00e9clinaison en \u00ab d\u00e9mocratie illib\u00e9rale \u00bb.\" \/>\n<meta property=\"og:url\" content=\"https:\/\/ihedn.fr\/en\/lundis-de-lihedn\/marlene-laruelle-les-jeunes-generations-ne-penchent-plus-spontanement-vers-le-liberalisme\/\" \/>\n<meta property=\"og:site_name\" content=\"L&#039;IHEDN : Institut des hautes \u00e9tudes de d\u00e9fense nationale\" \/>\n<meta property=\"article:publisher\" content=\"https:\/\/www.facebook.com\/ihedn\/\" \/>\n<meta property=\"article:published_time\" content=\"2025-09-15T14:52:44+00:00\" \/>\n<meta property=\"article:modified_time\" content=\"2025-11-19T10:07:46+00:00\" \/>\n<meta property=\"og:image\" content=\"https:\/\/ihedn.fr\/wp-content\/uploads\/2025\/09\/Bandeau_ITW_LARUELLE-1.jpg\" \/>\n\t<meta property=\"og:image:width\" content=\"1024\" \/>\n\t<meta property=\"og:image:height\" content=\"512\" \/>\n\t<meta property=\"og:image:type\" content=\"image\/jpeg\" \/>\n<meta name=\"author\" content=\"tanguy.morel@ihedn.fr\" \/>\n<meta name=\"twitter:card\" content=\"summary_large_image\" \/>\n<meta name=\"twitter:title\" content=\"Marl\u00e8ne Laruelle : \u00ab Les jeunes g\u00e9n\u00e9rations ne penchent plus spontan\u00e9ment vers le lib\u00e9ralisme \u00bb\" \/>\n<meta name=\"twitter:description\" content=\"\u00c0 l\u2019occasion de la journ\u00e9e internationale de la d\u00e9mocratie, l\u2019universitaire fran\u00e7aise Marl\u00e8ne Laruelle, qui a dirig\u00e9 \u201cThe Oxford Handbook of Illiberalism\u201d, analyse dans un entretien avec l\u2019IHEDN cette id\u00e9ologie en plein essor et sa d\u00e9clinaison en \u00ab d\u00e9mocratie illib\u00e9rale \u00bb.\" \/>\n<meta name=\"twitter:image\" content=\"https:\/\/ihedn.fr\/wp-content\/uploads\/2025\/09\/Bandeau_ITW_LARUELLE-1.jpg\" \/>\n<meta name=\"twitter:creator\" content=\"@IHEDN\" \/>\n<meta name=\"twitter:site\" content=\"@IHEDN\" \/>\n<meta name=\"twitter:label1\" content=\"Written by\" \/>\n\t<meta name=\"twitter:data1\" content=\"tanguy.morel@ihedn.fr\" \/>\n\t<meta name=\"twitter:label2\" content=\"Estimated reading time\" \/>\n\t<meta name=\"twitter:data2\" content=\"8 minutes\" \/>\n<script type=\"application\/ld+json\" class=\"yoast-schema-graph\">{\"@context\":\"https:\\\/\\\/schema.org\",\"@graph\":[{\"@type\":\"Article\",\"@id\":\"https:\\\/\\\/ihedn.fr\\\/lundis-de-lihedn\\\/marlene-laruelle-les-jeunes-generations-ne-penchent-plus-spontanement-vers-le-liberalisme\\\/#article\",\"isPartOf\":{\"@id\":\"https:\\\/\\\/ihedn.fr\\\/lundis-de-lihedn\\\/marlene-laruelle-les-jeunes-generations-ne-penchent-plus-spontanement-vers-le-liberalisme\\\/\"},\"author\":{\"name\":\"tanguy.morel@ihedn.fr\",\"@id\":\"https:\\\/\\\/ihedn.fr\\\/#\\\/schema\\\/person\\\/ed217a37104b27a246b200e65b827cc7\"},\"headline\":\"Marl\u00e8ne Laruelle : \u00ab Les jeunes g\u00e9n\u00e9rations ne penchent plus spontan\u00e9ment vers le lib\u00e9ralisme \u00bb\",\"datePublished\":\"2025-09-15T14:52:44+00:00\",\"dateModified\":\"2025-11-19T10:07:46+00:00\",\"mainEntityOfPage\":{\"@id\":\"https:\\\/\\\/ihedn.fr\\\/lundis-de-lihedn\\\/marlene-laruelle-les-jeunes-generations-ne-penchent-plus-spontanement-vers-le-liberalisme\\\/\"},\"wordCount\":1826,\"publisher\":{\"@id\":\"https:\\\/\\\/ihedn.fr\\\/#organization\"},\"image\":{\"@id\":\"https:\\\/\\\/ihedn.fr\\\/lundis-de-lihedn\\\/marlene-laruelle-les-jeunes-generations-ne-penchent-plus-spontanement-vers-le-liberalisme\\\/#primaryimage\"},\"thumbnailUrl\":\"https:\\\/\\\/ihedn.fr\\\/wp-content\\\/uploads\\\/2025\\\/09\\\/Bandeau_ITW_LARUELLE-1.jpg\",\"articleSection\":[\"Lundis de l'IHEDN\",\"Notre s\u00e9lection\",\"s\u00e9curit\u00e9 internationale\"],\"inLanguage\":\"en-GB\"},{\"@type\":\"WebPage\",\"@id\":\"https:\\\/\\\/ihedn.fr\\\/lundis-de-lihedn\\\/marlene-laruelle-les-jeunes-generations-ne-penchent-plus-spontanement-vers-le-liberalisme\\\/\",\"url\":\"https:\\\/\\\/ihedn.fr\\\/lundis-de-lihedn\\\/marlene-laruelle-les-jeunes-generations-ne-penchent-plus-spontanement-vers-le-liberalisme\\\/\",\"name\":\"Marl\u00e8ne Laruelle : \u00ab Les jeunes g\u00e9n\u00e9rations ne penchent plus spontan\u00e9ment vers le lib\u00e9ralisme \u00bb - L&#039;IHEDN : Institut des hautes \u00e9tudes de d\u00e9fense nationale\",\"isPartOf\":{\"@id\":\"https:\\\/\\\/ihedn.fr\\\/#website\"},\"primaryImageOfPage\":{\"@id\":\"https:\\\/\\\/ihedn.fr\\\/lundis-de-lihedn\\\/marlene-laruelle-les-jeunes-generations-ne-penchent-plus-spontanement-vers-le-liberalisme\\\/#primaryimage\"},\"image\":{\"@id\":\"https:\\\/\\\/ihedn.fr\\\/lundis-de-lihedn\\\/marlene-laruelle-les-jeunes-generations-ne-penchent-plus-spontanement-vers-le-liberalisme\\\/#primaryimage\"},\"thumbnailUrl\":\"https:\\\/\\\/ihedn.fr\\\/wp-content\\\/uploads\\\/2025\\\/09\\\/Bandeau_ITW_LARUELLE-1.jpg\",\"datePublished\":\"2025-09-15T14:52:44+00:00\",\"dateModified\":\"2025-11-19T10:07:46+00:00\",\"description\":\"\u00c0 l\u2019occasion de la journ\u00e9e internationale de la d\u00e9mocratie, l\u2019universitaire fran\u00e7aise Marl\u00e8ne Laruelle, qui a dirig\u00e9 \u201cThe Oxford Handbook of Illiberalism\u201d, analyse dans un entretien avec l\u2019IHEDN cette id\u00e9ologie en plein essor et sa d\u00e9clinaison en \u00ab d\u00e9mocratie illib\u00e9rale \u00bb.\",\"breadcrumb\":{\"@id\":\"https:\\\/\\\/ihedn.fr\\\/lundis-de-lihedn\\\/marlene-laruelle-les-jeunes-generations-ne-penchent-plus-spontanement-vers-le-liberalisme\\\/#breadcrumb\"},\"inLanguage\":\"en-GB\",\"potentialAction\":[{\"@type\":\"ReadAction\",\"target\":[\"https:\\\/\\\/ihedn.fr\\\/lundis-de-lihedn\\\/marlene-laruelle-les-jeunes-generations-ne-penchent-plus-spontanement-vers-le-liberalisme\\\/\"]}]},{\"@type\":\"ImageObject\",\"inLanguage\":\"en-GB\",\"@id\":\"https:\\\/\\\/ihedn.fr\\\/lundis-de-lihedn\\\/marlene-laruelle-les-jeunes-generations-ne-penchent-plus-spontanement-vers-le-liberalisme\\\/#primaryimage\",\"url\":\"https:\\\/\\\/ihedn.fr\\\/wp-content\\\/uploads\\\/2025\\\/09\\\/Bandeau_ITW_LARUELLE-1.jpg\",\"contentUrl\":\"https:\\\/\\\/ihedn.fr\\\/wp-content\\\/uploads\\\/2025\\\/09\\\/Bandeau_ITW_LARUELLE-1.jpg\",\"width\":1024,\"height\":512,\"caption\":\"Marl\u00e8ne Laruelle - Entretien pour l'IHEDN\"},{\"@type\":\"BreadcrumbList\",\"@id\":\"https:\\\/\\\/ihedn.fr\\\/lundis-de-lihedn\\\/marlene-laruelle-les-jeunes-generations-ne-penchent-plus-spontanement-vers-le-liberalisme\\\/#breadcrumb\",\"itemListElement\":[{\"@type\":\"ListItem\",\"position\":1,\"name\":\"Accueil\",\"item\":\"https:\\\/\\\/ihedn.fr\\\/\"},{\"@type\":\"ListItem\",\"position\":2,\"name\":\"Marl\u00e8ne Laruelle : \u00ab Les jeunes g\u00e9n\u00e9rations ne penchent plus spontan\u00e9ment vers le lib\u00e9ralisme \u00bb\"}]},{\"@type\":\"WebSite\",\"@id\":\"https:\\\/\\\/ihedn.fr\\\/#website\",\"url\":\"https:\\\/\\\/ihedn.fr\\\/\",\"name\":\"IHEDN : Institut des hautes \u00e9tudes de d\u00e9fense nationale |\",\"description\":\"Site officiel de l&#039;IHEDN plac\u00e9 sous la tutelle du Premier ministre.\",\"publisher\":{\"@id\":\"https:\\\/\\\/ihedn.fr\\\/#organization\"},\"potentialAction\":[{\"@type\":\"SearchAction\",\"target\":{\"@type\":\"EntryPoint\",\"urlTemplate\":\"https:\\\/\\\/ihedn.fr\\\/?s={search_term_string}\"},\"query-input\":{\"@type\":\"PropertyValueSpecification\",\"valueRequired\":true,\"valueName\":\"search_term_string\"}}],\"inLanguage\":\"en-GB\"},{\"@type\":\"Organization\",\"@id\":\"https:\\\/\\\/ihedn.fr\\\/#organization\",\"name\":\"IHEDN - Institut des Hautes Etudes de D\u00e9fense Nationale\",\"url\":\"https:\\\/\\\/ihedn.fr\\\/\",\"logo\":{\"@type\":\"ImageObject\",\"inLanguage\":\"en-GB\",\"@id\":\"https:\\\/\\\/ihedn.fr\\\/#\\\/schema\\\/logo\\\/image\\\/\",\"url\":\"https:\\\/\\\/ihedn.fr\\\/wp-content\\\/uploads\\\/2020\\\/11\\\/BLOC_RF_IHEDN_WEB.png\",\"contentUrl\":\"https:\\\/\\\/ihedn.fr\\\/wp-content\\\/uploads\\\/2020\\\/11\\\/BLOC_RF_IHEDN_WEB.png\",\"width\":500,\"height\":237,\"caption\":\"IHEDN - Institut des Hautes Etudes de D\u00e9fense Nationale\"},\"image\":{\"@id\":\"https:\\\/\\\/ihedn.fr\\\/#\\\/schema\\\/logo\\\/image\\\/\"},\"sameAs\":[\"https:\\\/\\\/www.facebook.com\\\/ihedn\\\/\",\"https:\\\/\\\/x.com\\\/IHEDN\",\"https:\\\/\\\/www.instagram.com\\\/ihedn\\\/\",\"https:\\\/\\\/www.linkedin.com\\\/school\\\/ihedn\\\/\",\"https:\\\/\\\/fr.wikipedia.org\\\/wiki\\\/Institut_des_hautes_\u00e9tudes_de_D\u00e9fense_nationale\"]},{\"@type\":\"Person\",\"@id\":\"https:\\\/\\\/ihedn.fr\\\/#\\\/schema\\\/person\\\/ed217a37104b27a246b200e65b827cc7\",\"name\":\"tanguy.morel@ihedn.fr\",\"image\":{\"@type\":\"ImageObject\",\"inLanguage\":\"en-GB\",\"@id\":\"https:\\\/\\\/secure.gravatar.com\\\/avatar\\\/36877cd30919fafddf1f9da45f4154aa468a64328452f2ceaff0968772207348?s=96&d=mm&r=g\",\"url\":\"https:\\\/\\\/secure.gravatar.com\\\/avatar\\\/36877cd30919fafddf1f9da45f4154aa468a64328452f2ceaff0968772207348?s=96&d=mm&r=g\",\"contentUrl\":\"https:\\\/\\\/secure.gravatar.com\\\/avatar\\\/36877cd30919fafddf1f9da45f4154aa468a64328452f2ceaff0968772207348?s=96&d=mm&r=g\",\"caption\":\"tanguy.morel@ihedn.fr\"},\"url\":\"https:\\\/\\\/ihedn.fr\\\/en\\\/author\\\/tanguy-morelihedn-fr\\\/\"}]}<\/script>\n<!-- \/ Yoast SEO plugin. -->","yoast_head_json":{"title":"Marl\u00e8ne Laruelle: \"Younger generations no longer spontaneously lean towards liberalism\" - L'IHEDN : Institut des hautes \u00e9tudes de d\u00e9fense nationale (Graduate Institute of National Defence)","description":"To mark the International Day of Democracy, French academic Marl\u00e8ne Laruelle, who edited \"The Oxford Handbook of Illiberalism\", talks to the IHEDN about this fast-growing ideology and how it has come to be known as \"illiberal democracy\".","robots":{"index":"index","follow":"follow","max-snippet":"max-snippet:-1","max-image-preview":"max-image-preview:large","max-video-preview":"max-video-preview:-1"},"canonical":"https:\/\/ihedn.fr\/en\/lundis-de-lihedn\/marlene-laruelle-les-jeunes-generations-ne-penchent-plus-spontanement-vers-le-liberalisme\/","og_locale":"en_GB","og_type":"article","og_title":"Marl\u00e8ne Laruelle : \u00ab Les jeunes g\u00e9n\u00e9rations ne penchent plus spontan\u00e9ment vers le lib\u00e9ralisme \u00bb","og_description":"\u00c0 l\u2019occasion de la journ\u00e9e internationale de la d\u00e9mocratie, l\u2019universitaire fran\u00e7aise Marl\u00e8ne Laruelle, qui a dirig\u00e9 \u201cThe Oxford Handbook of Illiberalism\u201d, analyse dans un entretien avec l\u2019IHEDN cette id\u00e9ologie en plein essor et sa d\u00e9clinaison en \u00ab d\u00e9mocratie illib\u00e9rale \u00bb.","og_url":"https:\/\/ihedn.fr\/en\/lundis-de-lihedn\/marlene-laruelle-les-jeunes-generations-ne-penchent-plus-spontanement-vers-le-liberalisme\/","og_site_name":"L&#039;IHEDN : Institut des hautes \u00e9tudes de d\u00e9fense nationale","article_publisher":"https:\/\/www.facebook.com\/ihedn\/","article_published_time":"2025-09-15T14:52:44+00:00","article_modified_time":"2025-11-19T10:07:46+00:00","og_image":[{"width":1024,"height":512,"url":"https:\/\/ihedn.fr\/wp-content\/uploads\/2025\/09\/Bandeau_ITW_LARUELLE-1.jpg","type":"image\/jpeg"}],"author":"tanguy.morel@ihedn.fr","twitter_card":"summary_large_image","twitter_title":"Marl\u00e8ne Laruelle : \u00ab Les jeunes g\u00e9n\u00e9rations ne penchent plus spontan\u00e9ment vers le lib\u00e9ralisme \u00bb","twitter_description":"\u00c0 l\u2019occasion de la journ\u00e9e internationale de la d\u00e9mocratie, l\u2019universitaire fran\u00e7aise Marl\u00e8ne Laruelle, qui a dirig\u00e9 \u201cThe Oxford Handbook of Illiberalism\u201d, analyse dans un entretien avec l\u2019IHEDN cette id\u00e9ologie en plein essor et sa d\u00e9clinaison en \u00ab d\u00e9mocratie illib\u00e9rale \u00bb.","twitter_image":"https:\/\/ihedn.fr\/wp-content\/uploads\/2025\/09\/Bandeau_ITW_LARUELLE-1.jpg","twitter_creator":"@IHEDN","twitter_site":"@IHEDN","twitter_misc":{"Written by":"tanguy.morel@ihedn.fr","Estimated reading time":"8 minutes"},"schema":{"@context":"https:\/\/schema.org","@graph":[{"@type":"Article","@id":"https:\/\/ihedn.fr\/lundis-de-lihedn\/marlene-laruelle-les-jeunes-generations-ne-penchent-plus-spontanement-vers-le-liberalisme\/#article","isPartOf":{"@id":"https:\/\/ihedn.fr\/lundis-de-lihedn\/marlene-laruelle-les-jeunes-generations-ne-penchent-plus-spontanement-vers-le-liberalisme\/"},"author":{"name":"tanguy.morel@ihedn.fr","@id":"https:\/\/ihedn.fr\/#\/schema\/person\/ed217a37104b27a246b200e65b827cc7"},"headline":"Marl\u00e8ne Laruelle : \u00ab Les jeunes g\u00e9n\u00e9rations ne penchent plus spontan\u00e9ment vers le lib\u00e9ralisme \u00bb","datePublished":"2025-09-15T14:52:44+00:00","dateModified":"2025-11-19T10:07:46+00:00","mainEntityOfPage":{"@id":"https:\/\/ihedn.fr\/lundis-de-lihedn\/marlene-laruelle-les-jeunes-generations-ne-penchent-plus-spontanement-vers-le-liberalisme\/"},"wordCount":1826,"publisher":{"@id":"https:\/\/ihedn.fr\/#organization"},"image":{"@id":"https:\/\/ihedn.fr\/lundis-de-lihedn\/marlene-laruelle-les-jeunes-generations-ne-penchent-plus-spontanement-vers-le-liberalisme\/#primaryimage"},"thumbnailUrl":"https:\/\/ihedn.fr\/wp-content\/uploads\/2025\/09\/Bandeau_ITW_LARUELLE-1.jpg","articleSection":["Lundis de l'IHEDN","Notre s\u00e9lection","s\u00e9curit\u00e9 internationale"],"inLanguage":"en-GB"},{"@type":"WebPage","@id":"https:\/\/ihedn.fr\/lundis-de-lihedn\/marlene-laruelle-les-jeunes-generations-ne-penchent-plus-spontanement-vers-le-liberalisme\/","url":"https:\/\/ihedn.fr\/lundis-de-lihedn\/marlene-laruelle-les-jeunes-generations-ne-penchent-plus-spontanement-vers-le-liberalisme\/","name":"Marl\u00e8ne Laruelle: \"Younger generations no longer spontaneously lean towards liberalism\" - L'IHEDN : Institut des hautes \u00e9tudes de d\u00e9fense nationale (Graduate Institute of National Defence)","isPartOf":{"@id":"https:\/\/ihedn.fr\/#website"},"primaryImageOfPage":{"@id":"https:\/\/ihedn.fr\/lundis-de-lihedn\/marlene-laruelle-les-jeunes-generations-ne-penchent-plus-spontanement-vers-le-liberalisme\/#primaryimage"},"image":{"@id":"https:\/\/ihedn.fr\/lundis-de-lihedn\/marlene-laruelle-les-jeunes-generations-ne-penchent-plus-spontanement-vers-le-liberalisme\/#primaryimage"},"thumbnailUrl":"https:\/\/ihedn.fr\/wp-content\/uploads\/2025\/09\/Bandeau_ITW_LARUELLE-1.jpg","datePublished":"2025-09-15T14:52:44+00:00","dateModified":"2025-11-19T10:07:46+00:00","description":"To mark the International Day of Democracy, French academic Marl\u00e8ne Laruelle, who edited \"The Oxford Handbook of Illiberalism\", talks to the IHEDN about this fast-growing ideology and how it has come to be known as \"illiberal democracy\".","breadcrumb":{"@id":"https:\/\/ihedn.fr\/lundis-de-lihedn\/marlene-laruelle-les-jeunes-generations-ne-penchent-plus-spontanement-vers-le-liberalisme\/#breadcrumb"},"inLanguage":"en-GB","potentialAction":[{"@type":"ReadAction","target":["https:\/\/ihedn.fr\/lundis-de-lihedn\/marlene-laruelle-les-jeunes-generations-ne-penchent-plus-spontanement-vers-le-liberalisme\/"]}]},{"@type":"ImageObject","inLanguage":"en-GB","@id":"https:\/\/ihedn.fr\/lundis-de-lihedn\/marlene-laruelle-les-jeunes-generations-ne-penchent-plus-spontanement-vers-le-liberalisme\/#primaryimage","url":"https:\/\/ihedn.fr\/wp-content\/uploads\/2025\/09\/Bandeau_ITW_LARUELLE-1.jpg","contentUrl":"https:\/\/ihedn.fr\/wp-content\/uploads\/2025\/09\/Bandeau_ITW_LARUELLE-1.jpg","width":1024,"height":512,"caption":"Marl\u00e8ne Laruelle - Entretien pour l'IHEDN"},{"@type":"BreadcrumbList","@id":"https:\/\/ihedn.fr\/lundis-de-lihedn\/marlene-laruelle-les-jeunes-generations-ne-penchent-plus-spontanement-vers-le-liberalisme\/#breadcrumb","itemListElement":[{"@type":"ListItem","position":1,"name":"Accueil","item":"https:\/\/ihedn.fr\/"},{"@type":"ListItem","position":2,"name":"Marl\u00e8ne Laruelle : \u00ab Les jeunes g\u00e9n\u00e9rations ne penchent plus spontan\u00e9ment vers le lib\u00e9ralisme \u00bb"}]},{"@type":"WebSite","@id":"https:\/\/ihedn.fr\/#website","url":"https:\/\/ihedn.fr\/","name":"IHEDN: Institut des hautes \u00e9tudes de d\u00e9fense nationale (Institute for Higher National Defence Studies)","description":"Official website of the IHEDN under the supervision of the Prime Minister.","publisher":{"@id":"https:\/\/ihedn.fr\/#organization"},"potentialAction":[{"@type":"SearchAction","target":{"@type":"EntryPoint","urlTemplate":"https:\/\/ihedn.fr\/?s={search_term_string}"},"query-input":{"@type":"PropertyValueSpecification","valueRequired":true,"valueName":"search_term_string"}}],"inLanguage":"en-GB"},{"@type":"Organization","@id":"https:\/\/ihedn.fr\/#organization","name":"IHEDN - Institute for Higher National Defence Studies","url":"https:\/\/ihedn.fr\/","logo":{"@type":"ImageObject","inLanguage":"en-GB","@id":"https:\/\/ihedn.fr\/#\/schema\/logo\/image\/","url":"https:\/\/ihedn.fr\/wp-content\/uploads\/2020\/11\/BLOC_RF_IHEDN_WEB.png","contentUrl":"https:\/\/ihedn.fr\/wp-content\/uploads\/2020\/11\/BLOC_RF_IHEDN_WEB.png","width":500,"height":237,"caption":"IHEDN - Institut des Hautes Etudes de D\u00e9fense Nationale"},"image":{"@id":"https:\/\/ihedn.fr\/#\/schema\/logo\/image\/"},"sameAs":["https:\/\/www.facebook.com\/ihedn\/","https:\/\/x.com\/IHEDN","https:\/\/www.instagram.com\/ihedn\/","https:\/\/www.linkedin.com\/school\/ihedn\/","https:\/\/fr.wikipedia.org\/wiki\/Institut_des_hautes_\u00e9tudes_de_D\u00e9fense_nationale"]},{"@type":"Person","@id":"https:\/\/ihedn.fr\/#\/schema\/person\/ed217a37104b27a246b200e65b827cc7","name":"tanguy.morel@ihedn.fr","image":{"@type":"ImageObject","inLanguage":"en-GB","@id":"https:\/\/secure.gravatar.com\/avatar\/36877cd30919fafddf1f9da45f4154aa468a64328452f2ceaff0968772207348?s=96&d=mm&r=g","url":"https:\/\/secure.gravatar.com\/avatar\/36877cd30919fafddf1f9da45f4154aa468a64328452f2ceaff0968772207348?s=96&d=mm&r=g","contentUrl":"https:\/\/secure.gravatar.com\/avatar\/36877cd30919fafddf1f9da45f4154aa468a64328452f2ceaff0968772207348?s=96&d=mm&r=g","caption":"tanguy.morel@ihedn.fr"},"url":"https:\/\/ihedn.fr\/en\/author\/tanguy-morelihedn-fr\/"}]}},"publishpress_future_action":{"enabled":false,"date":"2026-05-06 17:17:26","action":"change-status","newStatus":"draft","terms":[],"taxonomy":"category","extraData":[]},"publishpress_future_workflow_manual_trigger":{"enabledWorkflows":[]},"_links":{"self":[{"href":"https:\/\/ihedn.fr\/en\/wp-json\/wp\/v2\/posts\/55542","targetHints":{"allow":["GET"]}}],"collection":[{"href":"https:\/\/ihedn.fr\/en\/wp-json\/wp\/v2\/posts"}],"about":[{"href":"https:\/\/ihedn.fr\/en\/wp-json\/wp\/v2\/types\/post"}],"author":[{"embeddable":true,"href":"https:\/\/ihedn.fr\/en\/wp-json\/wp\/v2\/users\/10"}],"replies":[{"embeddable":true,"href":"https:\/\/ihedn.fr\/en\/wp-json\/wp\/v2\/comments?post=55542"}],"version-history":[{"count":15,"href":"https:\/\/ihedn.fr\/en\/wp-json\/wp\/v2\/posts\/55542\/revisions"}],"predecessor-version":[{"id":56884,"href":"https:\/\/ihedn.fr\/en\/wp-json\/wp\/v2\/posts\/55542\/revisions\/56884"}],"wp:featuredmedia":[{"embeddable":true,"href":"https:\/\/ihedn.fr\/en\/wp-json\/wp\/v2\/media\/55545"}],"wp:attachment":[{"href":"https:\/\/ihedn.fr\/en\/wp-json\/wp\/v2\/media?parent=55542"}],"wp:term":[{"taxonomy":"category","embeddable":true,"href":"https:\/\/ihedn.fr\/en\/wp-json\/wp\/v2\/categories?post=55542"},{"taxonomy":"post_tag","embeddable":true,"href":"https:\/\/ihedn.fr\/en\/wp-json\/wp\/v2\/tags?post=55542"}],"curies":[{"name":"wp","href":"https:\/\/api.w.org\/{rel}","templated":true}]}}