{"id":55822,"date":"2025-09-30T14:03:12","date_gmt":"2025-09-30T13:03:12","guid":{"rendered":"https:\/\/ihedn.fr\/?p=55822"},"modified":"2025-09-30T14:47:01","modified_gmt":"2025-09-30T13:47:01","slug":"ouverture-de-la-242e-session-en-region-occitanie","status":"publish","type":"post","link":"https:\/\/ihedn.fr\/en\/notre-actualite\/ouverture-de-la-242e-session-en-region-occitanie\/","title":{"rendered":"Opening 245<sup>e<\/sup> session in the Occitanie region"},"content":{"rendered":"<div data-elementor-type=\"wp-post\" data-elementor-id=\"55822\" class=\"elementor elementor-55822\" data-elementor-post-type=\"post\">\n\t\t\t\t<div data-particle_enable=\"false\" data-particle-mobile-disabled=\"false\" class=\"elementor-element elementor-element-603b01d e-flex e-con-boxed e-con e-parent\" data-id=\"603b01d\" data-element_type=\"container\" data-e-type=\"container\">\n\t\t\t\t\t<div class=\"e-con-inner\">\n\t\t\t\t<div class=\"elementor-element elementor-element-aee0684 elementor-widget elementor-widget-text-editor\" data-id=\"aee0684\" data-element_type=\"widget\" data-e-type=\"widget\" data-widget_type=\"text-editor.default\">\n\t\t\t\t<div class=\"elementor-widget-container\">\n\t\t\t\t\t\t\t\t\t<p>La 245<sup>e<\/sup> he IHEDN regional session was inaugurated at the Prefecture of N\u00eemes, marking the start of four intense weeks of strategic training and discovery. Welcomed by the Prefect, J\u00e9r\u00f4me Bonet, and then by Lieutenant General Yves M\u00e9tayer, General Officer of the Southern Defence and Security Zone, the auditors, from a variety of professional backgrounds, began their immersion at the heart of contemporary defence and national security issues.<\/p><p>The programme for this first week laid the foundations for in-depth reflection, with an overview of national defence and its institutions, as well as the contemporary world. A presentation of France's defence strategy, and lectures on the Occitanie region in figures by Insee, and on the issues and challenges facing the French Navy in the region.<\/p><p>In addition to the lectures, the audience also got to know key players in the fields of safety and research during a number of high-profile visits. In particular, they were able to visit the civil protection air force, the CEA (Commissariat \u00e0 l'\u00e9nergie atomique) and the ENSP (\u00c9cole nationale sup\u00e9rieure de la police).<\/p><p style=\"text-align: left;\">These four weeks are shaping up to be a key period of training and reflection, combining theoretical contributions and field experience, to give participants a better understanding of contemporary strategic challenges and enable them to make their own contribution to national defence and security.<\/p>\t\t\t\t\t\t\t\t<\/div>\n\t\t\t\t<\/div>\n\t\t\t\t\t<\/div>\n\t\t\t\t<\/div>\n\t\t<div data-particle_enable=\"false\" data-particle-mobile-disabled=\"false\" class=\"elementor-element elementor-element-b9b407f e-flex e-con-boxed e-con e-parent\" data-id=\"b9b407f\" data-element_type=\"container\" data-e-type=\"container\">\n\t\t\t\t\t<div class=\"e-con-inner\">\n\t\t\t\t<div class=\"elementor-element elementor-element-39ac75d gallery-spacing-custom elementor-widget elementor-widget-image-gallery\" data-id=\"39ac75d\" data-element_type=\"widget\" data-e-type=\"widget\" data-widget_type=\"image-gallery.default\">\n\t\t\t\t<div class=\"elementor-widget-container\">\n\t\t\t\t\t\t\t<div class=\"elementor-image-gallery\">\n\t\t\t<div id='gallery-1' class='gallery galleryid-55822 gallery-columns-2 gallery-size-full'><figure class='gallery-item'>\n\t\t\t<div class='gallery-icon landscape'>\n\t\t\t\t<a data-elementor-open-lightbox=\"yes\" data-elementor-lightbox-slideshow=\"39ac75d\" data-e-action-hash=\"#elementor-action%3Aaction%3Dlightbox%26settings%3DeyJpZCI6NTU4MzMsInVybCI6Imh0dHBzOlwvXC9paGVkbi5mclwvd3AtY29udGVudFwvdXBsb2Fkc1wvMjAyNVwvMDlcLzI0NWUtc2Vzc2lvbi1lbi1yZWdpb24tT2NjaXRhbmllLTItMS5qcGciLCJzbGlkZXNob3ciOiIzOWFjNzVkIn0%3D\" href='https:\/\/ihedn.fr\/wp-content\/uploads\/2025\/09\/245e-session-en-region-Occitanie-2-1.jpg'><img fetchpriority=\"high\" decoding=\"async\" width=\"640\" height=\"480\" src=\"https:\/\/ihedn.fr\/wp-content\/uploads\/2025\/09\/245e-session-en-region-Occitanie-2-1.jpg\" class=\"attachment-full size-full\" alt=\"\" srcset=\"https:\/\/ihedn.fr\/wp-content\/uploads\/2025\/09\/245e-session-en-region-Occitanie-2-1.jpg 640w, https:\/\/ihedn.fr\/wp-content\/uploads\/2025\/09\/245e-session-en-region-Occitanie-2-1-16x12.jpg 16w\" sizes=\"(max-width: 640px) 100vw, 640px\" \/><\/a>\n\t\t\t<\/div><\/figure><figure class='gallery-item'>\n\t\t\t<div class='gallery-icon landscape'>\n\t\t\t\t<a data-elementor-open-lightbox=\"yes\" data-elementor-lightbox-slideshow=\"39ac75d\" data-e-action-hash=\"#elementor-action%3Aaction%3Dlightbox%26settings%3DeyJpZCI6NTU4MzQsInVybCI6Imh0dHBzOlwvXC9paGVkbi5mclwvd3AtY29udGVudFwvdXBsb2Fkc1wvMjAyNVwvMDlcLzI0NWUtc2Vzc2lvbi1lbi1yZWdpb24tT2NjaXRhbmllLTMtMS5qcGciLCJzbGlkZXNob3ciOiIzOWFjNzVkIn0%3D\" href='https:\/\/ihedn.fr\/wp-content\/uploads\/2025\/09\/245e-session-en-region-Occitanie-3-1.jpg'><img decoding=\"async\" width=\"640\" height=\"480\" src=\"https:\/\/ihedn.fr\/wp-content\/uploads\/2025\/09\/245e-session-en-region-Occitanie-3-1.jpg\" class=\"attachment-full size-full\" alt=\"245e session en r\u00e9gion Occitanie\" srcset=\"https:\/\/ihedn.fr\/wp-content\/uploads\/2025\/09\/245e-session-en-region-Occitanie-3-1.jpg 640w, https:\/\/ihedn.fr\/wp-content\/uploads\/2025\/09\/245e-session-en-region-Occitanie-3-1-16x12.jpg 16w\" sizes=\"(max-width: 640px) 100vw, 640px\" \/><\/a>\n\t\t\t<\/div><\/figure>\n\t\t<\/div>\n\t\t<\/div>\n\t\t\t\t\t\t<\/div>\n\t\t\t\t<\/div>\n\t\t\t\t\t<\/div>\n\t\t\t\t<\/div>\n\t\t\t\t<\/div>","protected":false},"excerpt":{"rendered":"<p>The 245th regional session of the Institut des hautes \u00e9tudes de d\u00e9fense nationale (IHEDN) opened in N\u00eemes. For four weeks, students will explore the major issues in national defence and security through lectures, visits and group work.<\/p>","protected":false},"author":14,"featured_media":55826,"comment_status":"closed","ping_status":"closed","sticky":false,"template":"","format":"standard","meta":{"footnotes":""},"categories":[172],"tags":[],"class_list":["post-55822","post","type-post","status-publish","format-standard","has-post-thumbnail","hentry","category-notre-actualite"],"yoast_head":"<!-- This site is optimized with the Yoast SEO plugin v27.5 - https:\/\/yoast.com\/product\/yoast-seo-wordpress\/ -->\n<title>Ouverture de la 245e session en r\u00e9gion Occitanie - L&#039;IHEDN : Institut des hautes \u00e9tudes de d\u00e9fense nationale<\/title>\n<meta name=\"description\" content=\"La 242\u00e8me session en r\u00e9gion de l\u2019Institut des hautes \u00e9tudes de d\u00e9fense nationale s\u2019est ouverte dans les Hauts-de-France \u00e0 la Pr\u00e9fecture de l\u2019Oise \u00e0 Beauvais.\" \/>\n<meta name=\"robots\" content=\"index, follow, max-snippet:-1, max-image-preview:large, max-video-preview:-1\" \/>\n<link rel=\"canonical\" href=\"https:\/\/ihedn.fr\/en\/notre-actualite\/ouverture-de-la-242e-session-en-region-occitanie\/\" \/>\n<meta property=\"og:locale\" content=\"en_GB\" \/>\n<meta property=\"og:type\" content=\"article\" \/>\n<meta property=\"og:title\" content=\"Ouverture de la 245e session en r\u00e9gion Occitanie - L&#039;IHEDN : Institut des hautes \u00e9tudes de d\u00e9fense nationale\" \/>\n<meta property=\"og:description\" content=\"La 242\u00e8me session en r\u00e9gion de l\u2019Institut des hautes \u00e9tudes de d\u00e9fense nationale s\u2019est ouverte dans les Hauts-de-France \u00e0 la Pr\u00e9fecture de l\u2019Oise \u00e0 Beauvais.\" \/>\n<meta property=\"og:url\" content=\"https:\/\/ihedn.fr\/en\/notre-actualite\/ouverture-de-la-242e-session-en-region-occitanie\/\" \/>\n<meta property=\"og:site_name\" content=\"L&#039;IHEDN : Institut des hautes \u00e9tudes de d\u00e9fense nationale\" \/>\n<meta property=\"article:publisher\" content=\"https:\/\/www.facebook.com\/ihedn\/\" \/>\n<meta property=\"article:published_time\" content=\"2025-09-30T13:03:12+00:00\" \/>\n<meta property=\"article:modified_time\" content=\"2025-09-30T13:47:01+00:00\" \/>\n<meta property=\"og:image\" content=\"https:\/\/ihedn.fr\/wp-content\/uploads\/2025\/09\/242e-sr-3.jpeg\" \/>\n\t<meta property=\"og:image:width\" content=\"1920\" \/>\n\t<meta property=\"og:image:height\" content=\"1440\" \/>\n\t<meta property=\"og:image:type\" content=\"image\/jpeg\" \/>\n<meta name=\"author\" content=\"Coline Dassonville\" \/>\n<meta name=\"twitter:card\" content=\"summary_large_image\" \/>\n<meta name=\"twitter:title\" content=\"Ouverture de la 245&lt;sup&gt;e&lt;\/sup&gt; session en r\u00e9gion Occitanie - L&#039;IHEDN : Institut des hautes \u00e9tudes de d\u00e9fense nationale\" \/>\n<meta name=\"twitter:description\" content=\"La 242\u00e8me session en r\u00e9gion de l\u2019Institut des hautes \u00e9tudes de d\u00e9fense nationale s\u2019est ouverte dans les Hauts-de-France \u00e0 la Pr\u00e9fecture de l\u2019Oise \u00e0 Beauvais.\" \/>\n<meta name=\"twitter:image\" content=\"https:\/\/ihedn.fr\/wp-content\/uploads\/2025\/09\/242e-sr-3.jpeg\" \/>\n<meta name=\"twitter:creator\" content=\"@IHEDN\" \/>\n<meta name=\"twitter:site\" content=\"@IHEDN\" \/>\n<meta name=\"twitter:label1\" content=\"Written by\" \/>\n\t<meta name=\"twitter:data1\" content=\"Coline Dassonville\" \/>\n\t<meta name=\"twitter:label2\" content=\"Estimated reading time\" \/>\n\t<meta name=\"twitter:data2\" content=\"2 minutes\" \/>\n<script type=\"application\/ld+json\" class=\"yoast-schema-graph\">{\"@context\":\"https:\\\/\\\/schema.org\",\"@graph\":[{\"@type\":\"Article\",\"@id\":\"https:\\\/\\\/ihedn.fr\\\/notre-actualite\\\/ouverture-de-la-242e-session-en-region-occitanie\\\/#article\",\"isPartOf\":{\"@id\":\"https:\\\/\\\/ihedn.fr\\\/notre-actualite\\\/ouverture-de-la-242e-session-en-region-occitanie\\\/\"},\"author\":{\"name\":\"Coline Dassonville\",\"@id\":\"https:\\\/\\\/ihedn.fr\\\/#\\\/schema\\\/person\\\/7a52e81319c373f5462ade39e81a7f19\"},\"headline\":\"Ouverture de la 245e session en r\u00e9gion Occitanie\",\"datePublished\":\"2025-09-30T13:03:12+00:00\",\"dateModified\":\"2025-09-30T13:47:01+00:00\",\"mainEntityOfPage\":{\"@id\":\"https:\\\/\\\/ihedn.fr\\\/notre-actualite\\\/ouverture-de-la-242e-session-en-region-occitanie\\\/\"},\"wordCount\":295,\"publisher\":{\"@id\":\"https:\\\/\\\/ihedn.fr\\\/#organization\"},\"image\":{\"@id\":\"https:\\\/\\\/ihedn.fr\\\/notre-actualite\\\/ouverture-de-la-242e-session-en-region-occitanie\\\/#primaryimage\"},\"thumbnailUrl\":\"https:\\\/\\\/ihedn.fr\\\/wp-content\\\/uploads\\\/2025\\\/09\\\/245e-session-en-region-Occitanie.jpg\",\"articleSection\":[\"Notre actualit\u00e9\"],\"inLanguage\":\"en-GB\"},{\"@type\":\"WebPage\",\"@id\":\"https:\\\/\\\/ihedn.fr\\\/notre-actualite\\\/ouverture-de-la-242e-session-en-region-occitanie\\\/\",\"url\":\"https:\\\/\\\/ihedn.fr\\\/notre-actualite\\\/ouverture-de-la-242e-session-en-region-occitanie\\\/\",\"name\":\"Ouverture de la 245e session en r\u00e9gion Occitanie - L&#039;IHEDN : Institut des hautes \u00e9tudes de d\u00e9fense nationale\",\"isPartOf\":{\"@id\":\"https:\\\/\\\/ihedn.fr\\\/#website\"},\"primaryImageOfPage\":{\"@id\":\"https:\\\/\\\/ihedn.fr\\\/notre-actualite\\\/ouverture-de-la-242e-session-en-region-occitanie\\\/#primaryimage\"},\"image\":{\"@id\":\"https:\\\/\\\/ihedn.fr\\\/notre-actualite\\\/ouverture-de-la-242e-session-en-region-occitanie\\\/#primaryimage\"},\"thumbnailUrl\":\"https:\\\/\\\/ihedn.fr\\\/wp-content\\\/uploads\\\/2025\\\/09\\\/245e-session-en-region-Occitanie.jpg\",\"datePublished\":\"2025-09-30T13:03:12+00:00\",\"dateModified\":\"2025-09-30T13:47:01+00:00\",\"description\":\"La 242\u00e8me session en r\u00e9gion de l\u2019Institut des hautes \u00e9tudes de d\u00e9fense nationale s\u2019est ouverte dans les Hauts-de-France \u00e0 la Pr\u00e9fecture de l\u2019Oise \u00e0 Beauvais.\",\"breadcrumb\":{\"@id\":\"https:\\\/\\\/ihedn.fr\\\/notre-actualite\\\/ouverture-de-la-242e-session-en-region-occitanie\\\/#breadcrumb\"},\"inLanguage\":\"en-GB\",\"potentialAction\":[{\"@type\":\"ReadAction\",\"target\":[\"https:\\\/\\\/ihedn.fr\\\/notre-actualite\\\/ouverture-de-la-242e-session-en-region-occitanie\\\/\"]}]},{\"@type\":\"ImageObject\",\"inLanguage\":\"en-GB\",\"@id\":\"https:\\\/\\\/ihedn.fr\\\/notre-actualite\\\/ouverture-de-la-242e-session-en-region-occitanie\\\/#primaryimage\",\"url\":\"https:\\\/\\\/ihedn.fr\\\/wp-content\\\/uploads\\\/2025\\\/09\\\/245e-session-en-region-Occitanie.jpg\",\"contentUrl\":\"https:\\\/\\\/ihedn.fr\\\/wp-content\\\/uploads\\\/2025\\\/09\\\/245e-session-en-region-Occitanie.jpg\",\"width\":612,\"height\":459,\"caption\":\"245e session en r\u00e9gion Occitanie\"},{\"@type\":\"BreadcrumbList\",\"@id\":\"https:\\\/\\\/ihedn.fr\\\/notre-actualite\\\/ouverture-de-la-242e-session-en-region-occitanie\\\/#breadcrumb\",\"itemListElement\":[{\"@type\":\"ListItem\",\"position\":1,\"name\":\"Accueil\",\"item\":\"https:\\\/\\\/ihedn.fr\\\/\"},{\"@type\":\"ListItem\",\"position\":2,\"name\":\"Ouverture de la 245e session en r\u00e9gion Occitanie\"}]},{\"@type\":\"WebSite\",\"@id\":\"https:\\\/\\\/ihedn.fr\\\/#website\",\"url\":\"https:\\\/\\\/ihedn.fr\\\/\",\"name\":\"IHEDN : Institut des hautes \u00e9tudes de d\u00e9fense nationale |\",\"description\":\"Site officiel de l&#039;IHEDN plac\u00e9 sous la tutelle du Premier ministre.\",\"publisher\":{\"@id\":\"https:\\\/\\\/ihedn.fr\\\/#organization\"},\"potentialAction\":[{\"@type\":\"SearchAction\",\"target\":{\"@type\":\"EntryPoint\",\"urlTemplate\":\"https:\\\/\\\/ihedn.fr\\\/?s={search_term_string}\"},\"query-input\":{\"@type\":\"PropertyValueSpecification\",\"valueRequired\":true,\"valueName\":\"search_term_string\"}}],\"inLanguage\":\"en-GB\"},{\"@type\":\"Organization\",\"@id\":\"https:\\\/\\\/ihedn.fr\\\/#organization\",\"name\":\"IHEDN - Institut des Hautes Etudes de D\u00e9fense Nationale\",\"url\":\"https:\\\/\\\/ihedn.fr\\\/\",\"logo\":{\"@type\":\"ImageObject\",\"inLanguage\":\"en-GB\",\"@id\":\"https:\\\/\\\/ihedn.fr\\\/#\\\/schema\\\/logo\\\/image\\\/\",\"url\":\"https:\\\/\\\/ihedn.fr\\\/wp-content\\\/uploads\\\/2020\\\/11\\\/BLOC_RF_IHEDN_WEB.png\",\"contentUrl\":\"https:\\\/\\\/ihedn.fr\\\/wp-content\\\/uploads\\\/2020\\\/11\\\/BLOC_RF_IHEDN_WEB.png\",\"width\":500,\"height\":237,\"caption\":\"IHEDN - Institut des Hautes Etudes de D\u00e9fense Nationale\"},\"image\":{\"@id\":\"https:\\\/\\\/ihedn.fr\\\/#\\\/schema\\\/logo\\\/image\\\/\"},\"sameAs\":[\"https:\\\/\\\/www.facebook.com\\\/ihedn\\\/\",\"https:\\\/\\\/x.com\\\/IHEDN\",\"https:\\\/\\\/www.instagram.com\\\/ihedn\\\/\",\"https:\\\/\\\/www.linkedin.com\\\/school\\\/ihedn\\\/\",\"https:\\\/\\\/fr.wikipedia.org\\\/wiki\\\/Institut_des_hautes_\u00e9tudes_de_D\u00e9fense_nationale\"]},{\"@type\":\"Person\",\"@id\":\"https:\\\/\\\/ihedn.fr\\\/#\\\/schema\\\/person\\\/7a52e81319c373f5462ade39e81a7f19\",\"name\":\"Coline Dassonville\",\"image\":{\"@type\":\"ImageObject\",\"inLanguage\":\"en-GB\",\"@id\":\"https:\\\/\\\/secure.gravatar.com\\\/avatar\\\/abc7cbc6297b987d7cbee36041f952619e584620b919eb849c804adf789c1147?s=96&d=mm&r=g\",\"url\":\"https:\\\/\\\/secure.gravatar.com\\\/avatar\\\/abc7cbc6297b987d7cbee36041f952619e584620b919eb849c804adf789c1147?s=96&d=mm&r=g\",\"contentUrl\":\"https:\\\/\\\/secure.gravatar.com\\\/avatar\\\/abc7cbc6297b987d7cbee36041f952619e584620b919eb849c804adf789c1147?s=96&d=mm&r=g\",\"caption\":\"Coline Dassonville\"},\"url\":\"https:\\\/\\\/ihedn.fr\\\/en\\\/author\\\/coline\\\/\"}]}<\/script>\n<!-- \/ Yoast SEO plugin. -->","yoast_head_json":{"title":"Opening of the 245th session in the Occitanie region - L'IHEDN : Institut des hautes \u00e9tudes de d\u00e9fense nationale","description":"The 242nd regional session of the Institut des hautes \u00e9tudes de d\u00e9fense nationale opened in the Hauts-de-France region at the Pr\u00e9fecture de l'Oise in Beauvais.","robots":{"index":"index","follow":"follow","max-snippet":"max-snippet:-1","max-image-preview":"max-image-preview:large","max-video-preview":"max-video-preview:-1"},"canonical":"https:\/\/ihedn.fr\/en\/notre-actualite\/ouverture-de-la-242e-session-en-region-occitanie\/","og_locale":"en_GB","og_type":"article","og_title":"Ouverture de la 245e session en r\u00e9gion Occitanie - L&#039;IHEDN : Institut des hautes \u00e9tudes de d\u00e9fense nationale","og_description":"La 242\u00e8me session en r\u00e9gion de l\u2019Institut des hautes \u00e9tudes de d\u00e9fense nationale s\u2019est ouverte dans les Hauts-de-France \u00e0 la Pr\u00e9fecture de l\u2019Oise \u00e0 Beauvais.","og_url":"https:\/\/ihedn.fr\/en\/notre-actualite\/ouverture-de-la-242e-session-en-region-occitanie\/","og_site_name":"L&#039;IHEDN : Institut des hautes \u00e9tudes de d\u00e9fense nationale","article_publisher":"https:\/\/www.facebook.com\/ihedn\/","article_published_time":"2025-09-30T13:03:12+00:00","article_modified_time":"2025-09-30T13:47:01+00:00","og_image":[{"width":1920,"height":1440,"url":"https:\/\/ihedn.fr\/wp-content\/uploads\/2025\/09\/242e-sr-3.jpeg","type":"image\/jpeg"}],"author":"Coline Dassonville","twitter_card":"summary_large_image","twitter_title":"Ouverture de la 245<sup>e<\/sup> session en r\u00e9gion Occitanie - L&#039;IHEDN : Institut des hautes \u00e9tudes de d\u00e9fense nationale","twitter_description":"La 242\u00e8me session en r\u00e9gion de l\u2019Institut des hautes \u00e9tudes de d\u00e9fense nationale s\u2019est ouverte dans les Hauts-de-France \u00e0 la Pr\u00e9fecture de l\u2019Oise \u00e0 Beauvais.","twitter_image":"https:\/\/ihedn.fr\/wp-content\/uploads\/2025\/09\/242e-sr-3.jpeg","twitter_creator":"@IHEDN","twitter_site":"@IHEDN","twitter_misc":{"Written by":"Coline Dassonville","Estimated reading time":"2 minutes"},"schema":{"@context":"https:\/\/schema.org","@graph":[{"@type":"Article","@id":"https:\/\/ihedn.fr\/notre-actualite\/ouverture-de-la-242e-session-en-region-occitanie\/#article","isPartOf":{"@id":"https:\/\/ihedn.fr\/notre-actualite\/ouverture-de-la-242e-session-en-region-occitanie\/"},"author":{"name":"Coline Dassonville","@id":"https:\/\/ihedn.fr\/#\/schema\/person\/7a52e81319c373f5462ade39e81a7f19"},"headline":"Ouverture de la 245e session en r\u00e9gion Occitanie","datePublished":"2025-09-30T13:03:12+00:00","dateModified":"2025-09-30T13:47:01+00:00","mainEntityOfPage":{"@id":"https:\/\/ihedn.fr\/notre-actualite\/ouverture-de-la-242e-session-en-region-occitanie\/"},"wordCount":295,"publisher":{"@id":"https:\/\/ihedn.fr\/#organization"},"image":{"@id":"https:\/\/ihedn.fr\/notre-actualite\/ouverture-de-la-242e-session-en-region-occitanie\/#primaryimage"},"thumbnailUrl":"https:\/\/ihedn.fr\/wp-content\/uploads\/2025\/09\/245e-session-en-region-Occitanie.jpg","articleSection":["Notre actualit\u00e9"],"inLanguage":"en-GB"},{"@type":"WebPage","@id":"https:\/\/ihedn.fr\/notre-actualite\/ouverture-de-la-242e-session-en-region-occitanie\/","url":"https:\/\/ihedn.fr\/notre-actualite\/ouverture-de-la-242e-session-en-region-occitanie\/","name":"Opening of the 245th session in the Occitanie region - L'IHEDN : Institut des hautes \u00e9tudes de d\u00e9fense nationale","isPartOf":{"@id":"https:\/\/ihedn.fr\/#website"},"primaryImageOfPage":{"@id":"https:\/\/ihedn.fr\/notre-actualite\/ouverture-de-la-242e-session-en-region-occitanie\/#primaryimage"},"image":{"@id":"https:\/\/ihedn.fr\/notre-actualite\/ouverture-de-la-242e-session-en-region-occitanie\/#primaryimage"},"thumbnailUrl":"https:\/\/ihedn.fr\/wp-content\/uploads\/2025\/09\/245e-session-en-region-Occitanie.jpg","datePublished":"2025-09-30T13:03:12+00:00","dateModified":"2025-09-30T13:47:01+00:00","description":"The 242nd regional session of the Institut des hautes \u00e9tudes de d\u00e9fense nationale opened in the Hauts-de-France region at the Pr\u00e9fecture de l'Oise in Beauvais.","breadcrumb":{"@id":"https:\/\/ihedn.fr\/notre-actualite\/ouverture-de-la-242e-session-en-region-occitanie\/#breadcrumb"},"inLanguage":"en-GB","potentialAction":[{"@type":"ReadAction","target":["https:\/\/ihedn.fr\/notre-actualite\/ouverture-de-la-242e-session-en-region-occitanie\/"]}]},{"@type":"ImageObject","inLanguage":"en-GB","@id":"https:\/\/ihedn.fr\/notre-actualite\/ouverture-de-la-242e-session-en-region-occitanie\/#primaryimage","url":"https:\/\/ihedn.fr\/wp-content\/uploads\/2025\/09\/245e-session-en-region-Occitanie.jpg","contentUrl":"https:\/\/ihedn.fr\/wp-content\/uploads\/2025\/09\/245e-session-en-region-Occitanie.jpg","width":612,"height":459,"caption":"245e session en r\u00e9gion Occitanie"},{"@type":"BreadcrumbList","@id":"https:\/\/ihedn.fr\/notre-actualite\/ouverture-de-la-242e-session-en-region-occitanie\/#breadcrumb","itemListElement":[{"@type":"ListItem","position":1,"name":"Accueil","item":"https:\/\/ihedn.fr\/"},{"@type":"ListItem","position":2,"name":"Ouverture de la 245e session en r\u00e9gion Occitanie"}]},{"@type":"WebSite","@id":"https:\/\/ihedn.fr\/#website","url":"https:\/\/ihedn.fr\/","name":"IHEDN: Institut des hautes \u00e9tudes de d\u00e9fense nationale (Institute for Higher National Defence Studies)","description":"Official website of the IHEDN under the supervision of the Prime Minister.","publisher":{"@id":"https:\/\/ihedn.fr\/#organization"},"potentialAction":[{"@type":"SearchAction","target":{"@type":"EntryPoint","urlTemplate":"https:\/\/ihedn.fr\/?s={search_term_string}"},"query-input":{"@type":"PropertyValueSpecification","valueRequired":true,"valueName":"search_term_string"}}],"inLanguage":"en-GB"},{"@type":"Organization","@id":"https:\/\/ihedn.fr\/#organization","name":"IHEDN - Institute for Higher National Defence Studies","url":"https:\/\/ihedn.fr\/","logo":{"@type":"ImageObject","inLanguage":"en-GB","@id":"https:\/\/ihedn.fr\/#\/schema\/logo\/image\/","url":"https:\/\/ihedn.fr\/wp-content\/uploads\/2020\/11\/BLOC_RF_IHEDN_WEB.png","contentUrl":"https:\/\/ihedn.fr\/wp-content\/uploads\/2020\/11\/BLOC_RF_IHEDN_WEB.png","width":500,"height":237,"caption":"IHEDN - Institut des Hautes Etudes de D\u00e9fense Nationale"},"image":{"@id":"https:\/\/ihedn.fr\/#\/schema\/logo\/image\/"},"sameAs":["https:\/\/www.facebook.com\/ihedn\/","https:\/\/x.com\/IHEDN","https:\/\/www.instagram.com\/ihedn\/","https:\/\/www.linkedin.com\/school\/ihedn\/","https:\/\/fr.wikipedia.org\/wiki\/Institut_des_hautes_\u00e9tudes_de_D\u00e9fense_nationale"]},{"@type":"Person","@id":"https:\/\/ihedn.fr\/#\/schema\/person\/7a52e81319c373f5462ade39e81a7f19","name":"Coline Dassonville","image":{"@type":"ImageObject","inLanguage":"en-GB","@id":"https:\/\/secure.gravatar.com\/avatar\/abc7cbc6297b987d7cbee36041f952619e584620b919eb849c804adf789c1147?s=96&d=mm&r=g","url":"https:\/\/secure.gravatar.com\/avatar\/abc7cbc6297b987d7cbee36041f952619e584620b919eb849c804adf789c1147?s=96&d=mm&r=g","contentUrl":"https:\/\/secure.gravatar.com\/avatar\/abc7cbc6297b987d7cbee36041f952619e584620b919eb849c804adf789c1147?s=96&d=mm&r=g","caption":"Coline Dassonville"},"url":"https:\/\/ihedn.fr\/en\/author\/coline\/"}]}},"publishpress_future_action":{"enabled":false,"date":"2026-05-09 05:41:35","action":"change-status","newStatus":"draft","terms":[],"taxonomy":"category","extraData":[]},"publishpress_future_workflow_manual_trigger":{"enabledWorkflows":[]},"_links":{"self":[{"href":"https:\/\/ihedn.fr\/en\/wp-json\/wp\/v2\/posts\/55822","targetHints":{"allow":["GET"]}}],"collection":[{"href":"https:\/\/ihedn.fr\/en\/wp-json\/wp\/v2\/posts"}],"about":[{"href":"https:\/\/ihedn.fr\/en\/wp-json\/wp\/v2\/types\/post"}],"author":[{"embeddable":true,"href":"https:\/\/ihedn.fr\/en\/wp-json\/wp\/v2\/users\/14"}],"replies":[{"embeddable":true,"href":"https:\/\/ihedn.fr\/en\/wp-json\/wp\/v2\/comments?post=55822"}],"version-history":[{"count":13,"href":"https:\/\/ihedn.fr\/en\/wp-json\/wp\/v2\/posts\/55822\/revisions"}],"predecessor-version":[{"id":55867,"href":"https:\/\/ihedn.fr\/en\/wp-json\/wp\/v2\/posts\/55822\/revisions\/55867"}],"wp:featuredmedia":[{"embeddable":true,"href":"https:\/\/ihedn.fr\/en\/wp-json\/wp\/v2\/media\/55826"}],"wp:attachment":[{"href":"https:\/\/ihedn.fr\/en\/wp-json\/wp\/v2\/media?parent=55822"}],"wp:term":[{"taxonomy":"category","embeddable":true,"href":"https:\/\/ihedn.fr\/en\/wp-json\/wp\/v2\/categories?post=55822"},{"taxonomy":"post_tag","embeddable":true,"href":"https:\/\/ihedn.fr\/en\/wp-json\/wp\/v2\/tags?post=55822"}],"curies":[{"name":"wp","href":"https:\/\/api.w.org\/{rel}","templated":true}]}}