{"id":56336,"date":"2025-10-24T11:03:18","date_gmt":"2025-10-24T10:03:18","guid":{"rendered":"https:\/\/ihedn.fr\/?p=56336"},"modified":"2025-10-24T14:57:21","modified_gmt":"2025-10-24T13:57:21","slug":"ouverture-cycle-commun-cycle-jeunes-et-cycle-intelligence-economique","status":"publish","type":"post","link":"https:\/\/ihedn.fr\/en\/notre-actualite\/ouverture-cycle-commun-cycle-jeunes-et-cycle-intelligence-economique\/","title":{"rendered":"Opening of the first joint cycle between the Youth Cycle and the Business Intelligence Cycle!"},"content":{"rendered":"<div data-elementor-type=\"wp-post\" data-elementor-id=\"56336\" class=\"elementor elementor-56336\" data-elementor-post-type=\"post\">\n\t\t\t\t<div data-particle_enable=\"false\" data-particle-mobile-disabled=\"false\" class=\"elementor-element elementor-element-603b01d e-flex e-con-boxed e-con e-parent\" data-id=\"603b01d\" data-element_type=\"container\" data-e-type=\"container\">\n\t\t\t\t\t<div class=\"e-con-inner\">\n\t\t\t\t<div class=\"elementor-element elementor-element-aee0684 elementor-widget elementor-widget-text-editor\" data-id=\"aee0684\" data-element_type=\"widget\" data-e-type=\"widget\" data-widget_type=\"text-editor.default\">\n\t\t\t\t<div class=\"elementor-widget-container\">\n\t\t\t\t\t\t\t\t\t<p>From 20 to 25 October, 73 young auditors immersed themselves in an immersive week of training devoted to national defence and economic security, with a particular focus on economic intelligence as a tool for understanding, protecting and influencing in an international environment marked by power competition.<\/p>\t\t\t\t\t\t\t\t<\/div>\n\t\t\t\t<\/div>\n\t\t\t\t<div class=\"elementor-element elementor-element-e9d8c39 elementor-widget elementor-widget-text-editor\" data-id=\"e9d8c39\" data-element_type=\"widget\" data-e-type=\"widget\" data-widget_type=\"text-editor.default\">\n\t\t\t\t<div class=\"elementor-widget-container\">\n\t\t\t\t\t\t\t\t\t<p>The course is structured around three complementary modules:<\/p><p>\u00a0<\/p><ol><li>Contemporary strategic issues, to decipher the major geopolitical, technological and economic dynamics that shape power ;<\/li><li>Knowledge of the architecture of economic security in France and mastery of the tools of economic intelligence, to understand the action of the State, the rationale for protecting economic assets and the tools of strategic intelligence and analysis; ;<\/li><li>Managing international risks, to understand the vulnerabilities, dependencies and legal and regulatory levers that affect national sovereignty.<\/li><\/ol>\t\t\t\t\t\t\t\t<\/div>\n\t\t\t\t<\/div>\n\t\t\t\t<div class=\"elementor-element elementor-element-4a13a32 elementor-widget elementor-widget-text-editor\" data-id=\"4a13a32\" data-element_type=\"widget\" data-e-type=\"widget\" data-widget_type=\"text-editor.default\">\n\t\t\t\t<div class=\"elementor-widget-container\">\n\t\t\t\t\t\t\t\t\t<p>This course aims to provide students with a comprehensive understanding of the economic, technological, societal and geopolitical issues that determine the sovereignty of states. In addition to knowledge, it emphasises the analytical skills and collective interpersonal skills that are essential to a culture of defence and national security:<\/p><ul><li>Identify and prioritise risks and opportunities in a complex environment; ;<\/li><li>Be able to mobilise the tools and methods of business intelligence to inform strategic decision-making; ;<\/li><li>Develop a culture of cooperation, rigour and discernment in the management of a collective project; ;<\/li><li>To formulate well-founded, operational recommendations following interdisciplinary analysis by a committee.<\/li><\/ul>\t\t\t\t\t\t\t\t<\/div>\n\t\t\t\t<\/div>\n\t\t\t\t<div class=\"elementor-element elementor-element-bf421c7 elementor-widget elementor-widget-text-editor\" data-id=\"bf421c7\" data-element_type=\"widget\" data-e-type=\"widget\" data-widget_type=\"text-editor.default\">\n\t\t\t\t<div class=\"elementor-widget-container\">\n\t\t\t\t\t\t\t\t\t<p>The main theme of the cycle is the defence industry, with a case study of a major player in the defence industrial and technological base (DITB): the MBDA group. The auditors will be asked to produce operational recommendations based on a comprehensive business intelligence approach.<\/p><p>The conference debates and committee work will be enhanced by strategic visits, in particular to the French National Institute for Research in Digital Science and Technology (INRIA), to understand digital innovation as a lever of power, and to the French Army Technical Section (STAT), to discover the capability and operational dimensions of technological sovereignty.<\/p><p>With this new and ambitious initiative, the IHEDN is confirming its role as a driving force in the training of tomorrow's strategic citizens, capable of acting with lucidity, responsibility and a spirit of defence in a world of uncertainty and global competition. This first structured cooperation between two of IHEDN's major teaching formats opens up a new dynamic: over the years, other cross-disciplinary and thematic cycles will be deployed to strengthen the bridges between defence, sovereignty, innovation, the economy and the academic world.<\/p>\t\t\t\t\t\t\t\t<\/div>\n\t\t\t\t<\/div>\n\t\t\t\t<div class=\"elementor-element elementor-element-81b94dc gallery-spacing-custom elementor-widget elementor-widget-image-gallery\" data-id=\"81b94dc\" data-element_type=\"widget\" data-e-type=\"widget\" data-widget_type=\"image-gallery.default\">\n\t\t\t\t<div class=\"elementor-widget-container\">\n\t\t\t\t\t\t\t<div class=\"elementor-image-gallery\">\n\t\t\t<div id='gallery-1' class='gallery galleryid-56336 gallery-columns-5 gallery-size-full'><figure class='gallery-item'>\n\t\t\t<div class='gallery-icon landscape'>\n\t\t\t\t<a data-elementor-open-lightbox=\"yes\" data-elementor-lightbox-slideshow=\"81b94dc\" data-e-action-hash=\"#elementor-action%3Aaction%3Dlightbox%26settings%3DeyJpZCI6NTY0NTgsInVybCI6Imh0dHBzOlwvXC9paGVkbi5mclwvd3AtY29udGVudFwvdXBsb2Fkc1wvMjAyNVwvMTBcLzIwMjUuMTAuMjMtVmlzaXRlLWRlLWwzOUlIRUROLWEtbGEtU1RBVC0wMTA3LmpwZyIsInNsaWRlc2hvdyI6IjgxYjk0ZGMifQ%3D%3D\" href='https:\/\/ihedn.fr\/wp-content\/uploads\/2025\/10\/2025.10.23-Visite-de-l39IHEDN-a-la-STAT-0107.jpg'><img fetchpriority=\"high\" decoding=\"async\" width=\"1920\" height=\"1280\" src=\"https:\/\/ihedn.fr\/wp-content\/uploads\/2025\/10\/2025.10.23-Visite-de-l39IHEDN-a-la-STAT-0107.jpg\" class=\"attachment-full size-full\" alt=\"\" srcset=\"https:\/\/ihedn.fr\/wp-content\/uploads\/2025\/10\/2025.10.23-Visite-de-l39IHEDN-a-la-STAT-0107.jpg 1920w, https:\/\/ihedn.fr\/wp-content\/uploads\/2025\/10\/2025.10.23-Visite-de-l39IHEDN-a-la-STAT-0107-1536x1024.jpg 1536w, https:\/\/ihedn.fr\/wp-content\/uploads\/2025\/10\/2025.10.23-Visite-de-l39IHEDN-a-la-STAT-0107-18x12.jpg 18w\" sizes=\"(max-width: 1920px) 100vw, 1920px\" \/><\/a>\n\t\t\t<\/div><\/figure><figure class='gallery-item'>\n\t\t\t<div class='gallery-icon landscape'>\n\t\t\t\t<a data-elementor-open-lightbox=\"yes\" data-elementor-lightbox-slideshow=\"81b94dc\" data-e-action-hash=\"#elementor-action%3Aaction%3Dlightbox%26settings%3DeyJpZCI6NTY0NjQsInVybCI6Imh0dHBzOlwvXC9paGVkbi5mclwvd3AtY29udGVudFwvdXBsb2Fkc1wvMjAyNVwvMTBcLzIwMjUuMTAuMjMtVmlzaXRlLWRlLWwzOUlIRUROLWEtbGEtU1RBVC0wMDMyLmpwZyIsInNsaWRlc2hvdyI6IjgxYjk0ZGMifQ%3D%3D\" href='https:\/\/ihedn.fr\/wp-content\/uploads\/2025\/10\/2025.10.23-Visite-de-l39IHEDN-a-la-STAT-0032.jpg'><img decoding=\"async\" width=\"1920\" height=\"1280\" src=\"https:\/\/ihedn.fr\/wp-content\/uploads\/2025\/10\/2025.10.23-Visite-de-l39IHEDN-a-la-STAT-0032.jpg\" class=\"attachment-full size-full\" alt=\"\" srcset=\"https:\/\/ihedn.fr\/wp-content\/uploads\/2025\/10\/2025.10.23-Visite-de-l39IHEDN-a-la-STAT-0032.jpg 1920w, https:\/\/ihedn.fr\/wp-content\/uploads\/2025\/10\/2025.10.23-Visite-de-l39IHEDN-a-la-STAT-0032-1536x1024.jpg 1536w, https:\/\/ihedn.fr\/wp-content\/uploads\/2025\/10\/2025.10.23-Visite-de-l39IHEDN-a-la-STAT-0032-18x12.jpg 18w\" sizes=\"(max-width: 1920px) 100vw, 1920px\" \/><\/a>\n\t\t\t<\/div><\/figure><figure class='gallery-item'>\n\t\t\t<div class='gallery-icon landscape'>\n\t\t\t\t<a data-elementor-open-lightbox=\"yes\" data-elementor-lightbox-slideshow=\"81b94dc\" data-e-action-hash=\"#elementor-action%3Aaction%3Dlightbox%26settings%3DeyJpZCI6NTY0NjAsInVybCI6Imh0dHBzOlwvXC9paGVkbi5mclwvd3AtY29udGVudFwvdXBsb2Fkc1wvMjAyNVwvMTBcLzIwMjUuMTAuMjMtVmlzaXRlLWRlLWwzOUlIRUROLWEtbGEtU1RBVC0wMDc0LmpwZyIsInNsaWRlc2hvdyI6IjgxYjk0ZGMifQ%3D%3D\" href='https:\/\/ihedn.fr\/wp-content\/uploads\/2025\/10\/2025.10.23-Visite-de-l39IHEDN-a-la-STAT-0074.jpg'><img decoding=\"async\" width=\"1920\" height=\"1280\" src=\"https:\/\/ihedn.fr\/wp-content\/uploads\/2025\/10\/2025.10.23-Visite-de-l39IHEDN-a-la-STAT-0074.jpg\" class=\"attachment-full size-full\" alt=\"\" srcset=\"https:\/\/ihedn.fr\/wp-content\/uploads\/2025\/10\/2025.10.23-Visite-de-l39IHEDN-a-la-STAT-0074.jpg 1920w, https:\/\/ihedn.fr\/wp-content\/uploads\/2025\/10\/2025.10.23-Visite-de-l39IHEDN-a-la-STAT-0074-1536x1024.jpg 1536w, https:\/\/ihedn.fr\/wp-content\/uploads\/2025\/10\/2025.10.23-Visite-de-l39IHEDN-a-la-STAT-0074-18x12.jpg 18w\" sizes=\"(max-width: 1920px) 100vw, 1920px\" \/><\/a>\n\t\t\t<\/div><\/figure><figure class='gallery-item'>\n\t\t\t<div class='gallery-icon landscape'>\n\t\t\t\t<a data-elementor-open-lightbox=\"yes\" data-elementor-lightbox-slideshow=\"81b94dc\" data-e-action-hash=\"#elementor-action%3Aaction%3Dlightbox%26settings%3DeyJpZCI6NTY0NTcsInVybCI6Imh0dHBzOlwvXC9paGVkbi5mclwvd3AtY29udGVudFwvdXBsb2Fkc1wvMjAyNVwvMTBcLzIwMjUuMTAuMjMtVmlzaXRlLWRlLWwzOUlIRUROLWEtbGEtU1RBVC0wMTM1LmpwZyIsInNsaWRlc2hvdyI6IjgxYjk0ZGMifQ%3D%3D\" href='https:\/\/ihedn.fr\/wp-content\/uploads\/2025\/10\/2025.10.23-Visite-de-l39IHEDN-a-la-STAT-0135.jpg'><img loading=\"lazy\" decoding=\"async\" width=\"1920\" height=\"1280\" src=\"https:\/\/ihedn.fr\/wp-content\/uploads\/2025\/10\/2025.10.23-Visite-de-l39IHEDN-a-la-STAT-0135.jpg\" class=\"attachment-full size-full\" alt=\"\" srcset=\"https:\/\/ihedn.fr\/wp-content\/uploads\/2025\/10\/2025.10.23-Visite-de-l39IHEDN-a-la-STAT-0135.jpg 1920w, https:\/\/ihedn.fr\/wp-content\/uploads\/2025\/10\/2025.10.23-Visite-de-l39IHEDN-a-la-STAT-0135-1536x1024.jpg 1536w, https:\/\/ihedn.fr\/wp-content\/uploads\/2025\/10\/2025.10.23-Visite-de-l39IHEDN-a-la-STAT-0135-18x12.jpg 18w\" sizes=\"(max-width: 1920px) 100vw, 1920px\" \/><\/a>\n\t\t\t<\/div><\/figure><figure class='gallery-item'>\n\t\t\t<div class='gallery-icon landscape'>\n\t\t\t\t<a data-elementor-open-lightbox=\"yes\" data-elementor-lightbox-slideshow=\"81b94dc\" data-e-action-hash=\"#elementor-action%3Aaction%3Dlightbox%26settings%3DeyJpZCI6NTY0NzMsInVybCI6Imh0dHBzOlwvXC9paGVkbi5mclwvd3AtY29udGVudFwvdXBsb2Fkc1wvMjAyNVwvMTBcLzIwMjUuMTAuMjMtVmlzaXRlLWRlLWwzOUlIRUROLWEtbGEtU1RBVC05OTE0LmpwZyIsInNsaWRlc2hvdyI6IjgxYjk0ZGMifQ%3D%3D\" href='https:\/\/ihedn.fr\/wp-content\/uploads\/2025\/10\/2025.10.23-Visite-de-l39IHEDN-a-la-STAT-9914.jpg'><img loading=\"lazy\" decoding=\"async\" width=\"1920\" height=\"1280\" src=\"https:\/\/ihedn.fr\/wp-content\/uploads\/2025\/10\/2025.10.23-Visite-de-l39IHEDN-a-la-STAT-9914.jpg\" class=\"attachment-full size-full\" alt=\"\" srcset=\"https:\/\/ihedn.fr\/wp-content\/uploads\/2025\/10\/2025.10.23-Visite-de-l39IHEDN-a-la-STAT-9914.jpg 1920w, https:\/\/ihedn.fr\/wp-content\/uploads\/2025\/10\/2025.10.23-Visite-de-l39IHEDN-a-la-STAT-9914-1536x1024.jpg 1536w, https:\/\/ihedn.fr\/wp-content\/uploads\/2025\/10\/2025.10.23-Visite-de-l39IHEDN-a-la-STAT-9914-18x12.jpg 18w\" sizes=\"(max-width: 1920px) 100vw, 1920px\" \/><\/a>\n\t\t\t<\/div><\/figure><figure class='gallery-item'>\n\t\t\t<div class='gallery-icon landscape'>\n\t\t\t\t<a data-elementor-open-lightbox=\"yes\" data-elementor-lightbox-slideshow=\"81b94dc\" data-e-action-hash=\"#elementor-action%3Aaction%3Dlightbox%26settings%3DeyJpZCI6NTY0NzQsInVybCI6Imh0dHBzOlwvXC9paGVkbi5mclwvd3AtY29udGVudFwvdXBsb2Fkc1wvMjAyNVwvMTBcLzIwMjUuMTAuMjMtVmlzaXRlLWRlLWwzOUlIRUROLWEtbGEtU1RBVC05ODUxLmpwZyIsInNsaWRlc2hvdyI6IjgxYjk0ZGMifQ%3D%3D\" href='https:\/\/ihedn.fr\/wp-content\/uploads\/2025\/10\/2025.10.23-Visite-de-l39IHEDN-a-la-STAT-9851.jpg'><img loading=\"lazy\" decoding=\"async\" width=\"1920\" height=\"1280\" src=\"https:\/\/ihedn.fr\/wp-content\/uploads\/2025\/10\/2025.10.23-Visite-de-l39IHEDN-a-la-STAT-9851.jpg\" class=\"attachment-full size-full\" alt=\"\" srcset=\"https:\/\/ihedn.fr\/wp-content\/uploads\/2025\/10\/2025.10.23-Visite-de-l39IHEDN-a-la-STAT-9851.jpg 1920w, https:\/\/ihedn.fr\/wp-content\/uploads\/2025\/10\/2025.10.23-Visite-de-l39IHEDN-a-la-STAT-9851-1536x1024.jpg 1536w, https:\/\/ihedn.fr\/wp-content\/uploads\/2025\/10\/2025.10.23-Visite-de-l39IHEDN-a-la-STAT-9851-18x12.jpg 18w\" sizes=\"(max-width: 1920px) 100vw, 1920px\" \/><\/a>\n\t\t\t<\/div><\/figure><figure class='gallery-item'>\n\t\t\t<div class='gallery-icon landscape'>\n\t\t\t\t<a data-elementor-open-lightbox=\"yes\" data-elementor-lightbox-slideshow=\"81b94dc\" data-e-action-hash=\"#elementor-action%3Aaction%3Dlightbox%26settings%3DeyJpZCI6NTY0NjYsInVybCI6Imh0dHBzOlwvXC9paGVkbi5mclwvd3AtY29udGVudFwvdXBsb2Fkc1wvMjAyNVwvMTBcLzIwMjUuMTAuMjMtVmlzaXRlLWRlLWwzOUlIRUROLWEtbGEtU1RBVC0wMDA2LmpwZyIsInNsaWRlc2hvdyI6IjgxYjk0ZGMifQ%3D%3D\" href='https:\/\/ihedn.fr\/wp-content\/uploads\/2025\/10\/2025.10.23-Visite-de-l39IHEDN-a-la-STAT-0006.jpg'><img loading=\"lazy\" decoding=\"async\" width=\"1920\" height=\"1280\" src=\"https:\/\/ihedn.fr\/wp-content\/uploads\/2025\/10\/2025.10.23-Visite-de-l39IHEDN-a-la-STAT-0006.jpg\" class=\"attachment-full size-full\" alt=\"\" srcset=\"https:\/\/ihedn.fr\/wp-content\/uploads\/2025\/10\/2025.10.23-Visite-de-l39IHEDN-a-la-STAT-0006.jpg 1920w, https:\/\/ihedn.fr\/wp-content\/uploads\/2025\/10\/2025.10.23-Visite-de-l39IHEDN-a-la-STAT-0006-1536x1024.jpg 1536w, https:\/\/ihedn.fr\/wp-content\/uploads\/2025\/10\/2025.10.23-Visite-de-l39IHEDN-a-la-STAT-0006-18x12.jpg 18w\" sizes=\"(max-width: 1920px) 100vw, 1920px\" \/><\/a>\n\t\t\t<\/div><\/figure><figure class='gallery-item'>\n\t\t\t<div class='gallery-icon landscape'>\n\t\t\t\t<a data-elementor-open-lightbox=\"yes\" data-elementor-lightbox-slideshow=\"81b94dc\" data-e-action-hash=\"#elementor-action%3Aaction%3Dlightbox%26settings%3DeyJpZCI6NTY0NjMsInVybCI6Imh0dHBzOlwvXC9paGVkbi5mclwvd3AtY29udGVudFwvdXBsb2Fkc1wvMjAyNVwvMTBcLzIwMjUuMTAuMjMtVmlzaXRlLWRlLWwzOUlIRUROLWEtbGEtU1RBVC0wMDYwLmpwZyIsInNsaWRlc2hvdyI6IjgxYjk0ZGMifQ%3D%3D\" href='https:\/\/ihedn.fr\/wp-content\/uploads\/2025\/10\/2025.10.23-Visite-de-l39IHEDN-a-la-STAT-0060.jpg'><img loading=\"lazy\" decoding=\"async\" width=\"1920\" height=\"1280\" src=\"https:\/\/ihedn.fr\/wp-content\/uploads\/2025\/10\/2025.10.23-Visite-de-l39IHEDN-a-la-STAT-0060.jpg\" class=\"attachment-full size-full\" alt=\"\" srcset=\"https:\/\/ihedn.fr\/wp-content\/uploads\/2025\/10\/2025.10.23-Visite-de-l39IHEDN-a-la-STAT-0060.jpg 1920w, https:\/\/ihedn.fr\/wp-content\/uploads\/2025\/10\/2025.10.23-Visite-de-l39IHEDN-a-la-STAT-0060-1536x1024.jpg 1536w, https:\/\/ihedn.fr\/wp-content\/uploads\/2025\/10\/2025.10.23-Visite-de-l39IHEDN-a-la-STAT-0060-18x12.jpg 18w\" sizes=\"(max-width: 1920px) 100vw, 1920px\" \/><\/a>\n\t\t\t<\/div><\/figure><figure class='gallery-item'>\n\t\t\t<div class='gallery-icon landscape'>\n\t\t\t\t<a data-elementor-open-lightbox=\"yes\" data-elementor-lightbox-slideshow=\"81b94dc\" data-e-action-hash=\"#elementor-action%3Aaction%3Dlightbox%26settings%3DeyJpZCI6NTY0NzUsInVybCI6Imh0dHBzOlwvXC9paGVkbi5mclwvd3AtY29udGVudFwvdXBsb2Fkc1wvMjAyNVwvMTBcLzIwMjUuMTAuMjMtVmlzaXRlLWRlLWwzOUlIRUROLWEtbGEtU1RBVC05ODQ1LmpwZyIsInNsaWRlc2hvdyI6IjgxYjk0ZGMifQ%3D%3D\" href='https:\/\/ihedn.fr\/wp-content\/uploads\/2025\/10\/2025.10.23-Visite-de-l39IHEDN-a-la-STAT-9845.jpg'><img loading=\"lazy\" decoding=\"async\" width=\"1920\" height=\"1280\" src=\"https:\/\/ihedn.fr\/wp-content\/uploads\/2025\/10\/2025.10.23-Visite-de-l39IHEDN-a-la-STAT-9845.jpg\" class=\"attachment-full size-full\" alt=\"\" srcset=\"https:\/\/ihedn.fr\/wp-content\/uploads\/2025\/10\/2025.10.23-Visite-de-l39IHEDN-a-la-STAT-9845.jpg 1920w, https:\/\/ihedn.fr\/wp-content\/uploads\/2025\/10\/2025.10.23-Visite-de-l39IHEDN-a-la-STAT-9845-1536x1024.jpg 1536w, https:\/\/ihedn.fr\/wp-content\/uploads\/2025\/10\/2025.10.23-Visite-de-l39IHEDN-a-la-STAT-9845-18x12.jpg 18w\" sizes=\"(max-width: 1920px) 100vw, 1920px\" \/><\/a>\n\t\t\t<\/div><\/figure><figure class='gallery-item'>\n\t\t\t<div class='gallery-icon landscape'>\n\t\t\t\t<a data-elementor-open-lightbox=\"yes\" data-elementor-lightbox-slideshow=\"81b94dc\" data-e-action-hash=\"#elementor-action%3Aaction%3Dlightbox%26settings%3DeyJpZCI6NTY0NjcsInVybCI6Imh0dHBzOlwvXC9paGVkbi5mclwvd3AtY29udGVudFwvdXBsb2Fkc1wvMjAyNVwvMTBcLzIwMjUuMTAuMjMtVmlzaXRlLWRlLWwzOUlIRUROLWEtbGEtU1RBVC05OTg4LmpwZyIsInNsaWRlc2hvdyI6IjgxYjk0ZGMifQ%3D%3D\" href='https:\/\/ihedn.fr\/wp-content\/uploads\/2025\/10\/2025.10.23-Visite-de-l39IHEDN-a-la-STAT-9988.jpg'><img loading=\"lazy\" decoding=\"async\" width=\"1920\" height=\"1280\" src=\"https:\/\/ihedn.fr\/wp-content\/uploads\/2025\/10\/2025.10.23-Visite-de-l39IHEDN-a-la-STAT-9988.jpg\" class=\"attachment-full size-full\" alt=\"\" srcset=\"https:\/\/ihedn.fr\/wp-content\/uploads\/2025\/10\/2025.10.23-Visite-de-l39IHEDN-a-la-STAT-9988.jpg 1920w, https:\/\/ihedn.fr\/wp-content\/uploads\/2025\/10\/2025.10.23-Visite-de-l39IHEDN-a-la-STAT-9988-1536x1024.jpg 1536w, https:\/\/ihedn.fr\/wp-content\/uploads\/2025\/10\/2025.10.23-Visite-de-l39IHEDN-a-la-STAT-9988-18x12.jpg 18w\" sizes=\"(max-width: 1920px) 100vw, 1920px\" \/><\/a>\n\t\t\t<\/div><\/figure><figure class='gallery-item'>\n\t\t\t<div class='gallery-icon landscape'>\n\t\t\t\t<a data-elementor-open-lightbox=\"yes\" data-elementor-lightbox-slideshow=\"81b94dc\" data-e-action-hash=\"#elementor-action%3Aaction%3Dlightbox%26settings%3DeyJpZCI6NTY0NjgsInVybCI6Imh0dHBzOlwvXC9paGVkbi5mclwvd3AtY29udGVudFwvdXBsb2Fkc1wvMjAyNVwvMTBcLzIwMjUuMTAuMjMtVmlzaXRlLWRlLWwzOUlIRUROLWEtbGEtU1RBVC05OTY2LmpwZyIsInNsaWRlc2hvdyI6IjgxYjk0ZGMifQ%3D%3D\" href='https:\/\/ihedn.fr\/wp-content\/uploads\/2025\/10\/2025.10.23-Visite-de-l39IHEDN-a-la-STAT-9966.jpg'><img loading=\"lazy\" decoding=\"async\" width=\"1920\" height=\"1280\" src=\"https:\/\/ihedn.fr\/wp-content\/uploads\/2025\/10\/2025.10.23-Visite-de-l39IHEDN-a-la-STAT-9966.jpg\" class=\"attachment-full size-full\" alt=\"\" srcset=\"https:\/\/ihedn.fr\/wp-content\/uploads\/2025\/10\/2025.10.23-Visite-de-l39IHEDN-a-la-STAT-9966.jpg 1920w, https:\/\/ihedn.fr\/wp-content\/uploads\/2025\/10\/2025.10.23-Visite-de-l39IHEDN-a-la-STAT-9966-1536x1024.jpg 1536w, https:\/\/ihedn.fr\/wp-content\/uploads\/2025\/10\/2025.10.23-Visite-de-l39IHEDN-a-la-STAT-9966-18x12.jpg 18w\" sizes=\"(max-width: 1920px) 100vw, 1920px\" \/><\/a>\n\t\t\t<\/div><\/figure><figure class='gallery-item'>\n\t\t\t<div class='gallery-icon landscape'>\n\t\t\t\t<a data-elementor-open-lightbox=\"yes\" data-elementor-lightbox-slideshow=\"81b94dc\" data-e-action-hash=\"#elementor-action%3Aaction%3Dlightbox%26settings%3DeyJpZCI6NTY0NzIsInVybCI6Imh0dHBzOlwvXC9paGVkbi5mclwvd3AtY29udGVudFwvdXBsb2Fkc1wvMjAyNVwvMTBcLzIwMjUuMTAuMjMtVmlzaXRlLWRlLWwzOUlIRUROLWEtbGEtU1RBVC05OTEyLmpwZyIsInNsaWRlc2hvdyI6IjgxYjk0ZGMifQ%3D%3D\" href='https:\/\/ihedn.fr\/wp-content\/uploads\/2025\/10\/2025.10.23-Visite-de-l39IHEDN-a-la-STAT-9912.jpg'><img loading=\"lazy\" decoding=\"async\" width=\"1920\" height=\"1280\" src=\"https:\/\/ihedn.fr\/wp-content\/uploads\/2025\/10\/2025.10.23-Visite-de-l39IHEDN-a-la-STAT-9912.jpg\" class=\"attachment-full size-full\" alt=\"\" srcset=\"https:\/\/ihedn.fr\/wp-content\/uploads\/2025\/10\/2025.10.23-Visite-de-l39IHEDN-a-la-STAT-9912.jpg 1920w, https:\/\/ihedn.fr\/wp-content\/uploads\/2025\/10\/2025.10.23-Visite-de-l39IHEDN-a-la-STAT-9912-1536x1024.jpg 1536w, https:\/\/ihedn.fr\/wp-content\/uploads\/2025\/10\/2025.10.23-Visite-de-l39IHEDN-a-la-STAT-9912-18x12.jpg 18w\" sizes=\"(max-width: 1920px) 100vw, 1920px\" \/><\/a>\n\t\t\t<\/div><\/figure><figure class='gallery-item'>\n\t\t\t<div class='gallery-icon landscape'>\n\t\t\t\t<a data-elementor-open-lightbox=\"yes\" data-elementor-lightbox-slideshow=\"81b94dc\" data-e-action-hash=\"#elementor-action%3Aaction%3Dlightbox%26settings%3DeyJpZCI6NTY0NzYsInVybCI6Imh0dHBzOlwvXC9paGVkbi5mclwvd3AtY29udGVudFwvdXBsb2Fkc1wvMjAyNVwvMTBcLzIwMjUuMTAuMjMtVmlzaXRlLWRlLWwzOUlIRUROLWEtbGEtU1RBVC05ODY1LmpwZyIsInNsaWRlc2hvdyI6IjgxYjk0ZGMifQ%3D%3D\" href='https:\/\/ihedn.fr\/wp-content\/uploads\/2025\/10\/2025.10.23-Visite-de-l39IHEDN-a-la-STAT-9865.jpg'><img loading=\"lazy\" decoding=\"async\" width=\"1920\" height=\"1280\" src=\"https:\/\/ihedn.fr\/wp-content\/uploads\/2025\/10\/2025.10.23-Visite-de-l39IHEDN-a-la-STAT-9865.jpg\" class=\"attachment-full size-full\" alt=\"\" srcset=\"https:\/\/ihedn.fr\/wp-content\/uploads\/2025\/10\/2025.10.23-Visite-de-l39IHEDN-a-la-STAT-9865.jpg 1920w, https:\/\/ihedn.fr\/wp-content\/uploads\/2025\/10\/2025.10.23-Visite-de-l39IHEDN-a-la-STAT-9865-1536x1024.jpg 1536w, https:\/\/ihedn.fr\/wp-content\/uploads\/2025\/10\/2025.10.23-Visite-de-l39IHEDN-a-la-STAT-9865-18x12.jpg 18w\" sizes=\"(max-width: 1920px) 100vw, 1920px\" \/><\/a>\n\t\t\t<\/div><\/figure><figure class='gallery-item'>\n\t\t\t<div class='gallery-icon landscape'>\n\t\t\t\t<a data-elementor-open-lightbox=\"yes\" data-elementor-lightbox-slideshow=\"81b94dc\" data-e-action-hash=\"#elementor-action%3Aaction%3Dlightbox%26settings%3DeyJpZCI6NTY0NzAsInVybCI6Imh0dHBzOlwvXC9paGVkbi5mclwvd3AtY29udGVudFwvdXBsb2Fkc1wvMjAyNVwvMTBcLzIwMjUuMTAuMjMtVmlzaXRlLWRlLWwzOUlIRUROLWEtbGEtU1RBVC05OTI4LmpwZyIsInNsaWRlc2hvdyI6IjgxYjk0ZGMifQ%3D%3D\" href='https:\/\/ihedn.fr\/wp-content\/uploads\/2025\/10\/2025.10.23-Visite-de-l39IHEDN-a-la-STAT-9928.jpg'><img loading=\"lazy\" decoding=\"async\" width=\"1920\" height=\"1280\" src=\"https:\/\/ihedn.fr\/wp-content\/uploads\/2025\/10\/2025.10.23-Visite-de-l39IHEDN-a-la-STAT-9928.jpg\" class=\"attachment-full size-full\" alt=\"\" srcset=\"https:\/\/ihedn.fr\/wp-content\/uploads\/2025\/10\/2025.10.23-Visite-de-l39IHEDN-a-la-STAT-9928.jpg 1920w, https:\/\/ihedn.fr\/wp-content\/uploads\/2025\/10\/2025.10.23-Visite-de-l39IHEDN-a-la-STAT-9928-1536x1024.jpg 1536w, https:\/\/ihedn.fr\/wp-content\/uploads\/2025\/10\/2025.10.23-Visite-de-l39IHEDN-a-la-STAT-9928-18x12.jpg 18w\" sizes=\"(max-width: 1920px) 100vw, 1920px\" \/><\/a>\n\t\t\t<\/div><\/figure>\n\t\t<\/div>\n\t\t<\/div>\n\t\t\t\t\t\t<\/div>\n\t\t\t\t<\/div>\n\t\t\t\t\t<\/div>\n\t\t\t\t<\/div>\n\t\t\t\t<\/div>","protected":false},"excerpt":{"rendered":"<p>On Monday 20 October 2025, the IHEDN inaugurated the 156\u1d49 Cycle Jeunes en intelligence \u00e9conomique (IE) at the \u00c9cole militaire. The first to be organised in synergy between two of our sessions, marking a major development in the Institute's training strategy.<\/p>","protected":false},"author":14,"featured_media":56438,"comment_status":"closed","ping_status":"closed","sticky":false,"template":"","format":"standard","meta":{"footnotes":""},"categories":[172],"tags":[],"class_list":["post-56336","post","type-post","status-publish","format-standard","has-post-thumbnail","hentry","category-notre-actualite"],"yoast_head":"<!-- This site is optimized with the Yoast SEO plugin v27.5 - https:\/\/yoast.com\/product\/yoast-seo-wordpress\/ -->\n<title>Ouverture du premier cycle commun entre le cycle Jeunes et le cycle Intelligence \u00e9conomique ! - L&#039;IHEDN : Institut des hautes \u00e9tudes de d\u00e9fense nationale<\/title>\n<meta name=\"description\" content=\"La 242\u00e8me session en r\u00e9gion de l\u2019Institut des hautes \u00e9tudes de d\u00e9fense nationale s\u2019est ouverte dans les Hauts-de-France \u00e0 la Pr\u00e9fecture de l\u2019Oise \u00e0 Beauvais.\" \/>\n<meta name=\"robots\" content=\"index, follow, max-snippet:-1, max-image-preview:large, max-video-preview:-1\" \/>\n<link rel=\"canonical\" href=\"https:\/\/ihedn.fr\/en\/notre-actualite\/ouverture-cycle-commun-cycle-jeunes-et-cycle-intelligence-economique\/\" \/>\n<meta property=\"og:locale\" content=\"en_GB\" \/>\n<meta property=\"og:type\" content=\"article\" \/>\n<meta property=\"og:title\" content=\"Ouverture du premier cycle commun entre le cycle Jeunes et le cycle Intelligence \u00e9conomique ! - L&#039;IHEDN : Institut des hautes \u00e9tudes de d\u00e9fense nationale\" \/>\n<meta property=\"og:description\" content=\"La 242\u00e8me session en r\u00e9gion de l\u2019Institut des hautes \u00e9tudes de d\u00e9fense nationale s\u2019est ouverte dans les Hauts-de-France \u00e0 la Pr\u00e9fecture de l\u2019Oise \u00e0 Beauvais.\" \/>\n<meta property=\"og:url\" content=\"https:\/\/ihedn.fr\/en\/notre-actualite\/ouverture-cycle-commun-cycle-jeunes-et-cycle-intelligence-economique\/\" \/>\n<meta property=\"og:site_name\" content=\"L&#039;IHEDN : Institut des hautes \u00e9tudes de d\u00e9fense nationale\" \/>\n<meta property=\"article:publisher\" content=\"https:\/\/www.facebook.com\/ihedn\/\" \/>\n<meta property=\"article:published_time\" content=\"2025-10-24T10:03:18+00:00\" \/>\n<meta property=\"article:modified_time\" content=\"2025-10-24T13:57:21+00:00\" \/>\n<meta property=\"og:image\" content=\"https:\/\/ihedn.fr\/wp-content\/uploads\/2025\/09\/242e-sr-3.jpeg\" \/>\n\t<meta property=\"og:image:width\" content=\"1920\" \/>\n\t<meta property=\"og:image:height\" content=\"1440\" \/>\n\t<meta property=\"og:image:type\" content=\"image\/jpeg\" \/>\n<meta name=\"author\" content=\"Coline Dassonville\" \/>\n<meta name=\"twitter:card\" content=\"summary_large_image\" \/>\n<meta name=\"twitter:title\" content=\"Ouverture du premier cycle commun entre le cycle Jeunes et le cycle Intelligence \u00e9conomique ! - L&#039;IHEDN : Institut des hautes \u00e9tudes de d\u00e9fense nationale\" \/>\n<meta name=\"twitter:description\" content=\"La 242\u00e8me session en r\u00e9gion de l\u2019Institut des hautes \u00e9tudes de d\u00e9fense nationale s\u2019est ouverte dans les Hauts-de-France \u00e0 la Pr\u00e9fecture de l\u2019Oise \u00e0 Beauvais.\" \/>\n<meta name=\"twitter:image\" content=\"https:\/\/ihedn.fr\/wp-content\/uploads\/2025\/09\/242e-sr-3.jpeg\" \/>\n<meta name=\"twitter:creator\" content=\"@IHEDN\" \/>\n<meta name=\"twitter:site\" content=\"@IHEDN\" \/>\n<meta name=\"twitter:label1\" content=\"Written by\" \/>\n\t<meta name=\"twitter:data1\" content=\"Coline Dassonville\" \/>\n\t<meta name=\"twitter:label2\" content=\"Estimated reading time\" \/>\n\t<meta name=\"twitter:data2\" content=\"5 minutes\" \/>\n<script type=\"application\/ld+json\" class=\"yoast-schema-graph\">{\"@context\":\"https:\\\/\\\/schema.org\",\"@graph\":[{\"@type\":\"Article\",\"@id\":\"https:\\\/\\\/ihedn.fr\\\/notre-actualite\\\/ouverture-cycle-commun-cycle-jeunes-et-cycle-intelligence-economique\\\/#article\",\"isPartOf\":{\"@id\":\"https:\\\/\\\/ihedn.fr\\\/notre-actualite\\\/ouverture-cycle-commun-cycle-jeunes-et-cycle-intelligence-economique\\\/\"},\"author\":{\"name\":\"Coline Dassonville\",\"@id\":\"https:\\\/\\\/ihedn.fr\\\/#\\\/schema\\\/person\\\/7a52e81319c373f5462ade39e81a7f19\"},\"headline\":\"Ouverture du premier cycle commun entre le cycle Jeunes et le cycle Intelligence \u00e9conomique !\",\"datePublished\":\"2025-10-24T10:03:18+00:00\",\"dateModified\":\"2025-10-24T13:57:21+00:00\",\"mainEntityOfPage\":{\"@id\":\"https:\\\/\\\/ihedn.fr\\\/notre-actualite\\\/ouverture-cycle-commun-cycle-jeunes-et-cycle-intelligence-economique\\\/\"},\"wordCount\":513,\"publisher\":{\"@id\":\"https:\\\/\\\/ihedn.fr\\\/#organization\"},\"image\":{\"@id\":\"https:\\\/\\\/ihedn.fr\\\/notre-actualite\\\/ouverture-cycle-commun-cycle-jeunes-et-cycle-intelligence-economique\\\/#primaryimage\"},\"thumbnailUrl\":\"https:\\\/\\\/ihedn.fr\\\/wp-content\\\/uploads\\\/2025\\\/10\\\/cycle-jeunes-X-cycle-IE-1.jpg\",\"articleSection\":[\"Notre actualit\u00e9\"],\"inLanguage\":\"en-GB\"},{\"@type\":\"WebPage\",\"@id\":\"https:\\\/\\\/ihedn.fr\\\/notre-actualite\\\/ouverture-cycle-commun-cycle-jeunes-et-cycle-intelligence-economique\\\/\",\"url\":\"https:\\\/\\\/ihedn.fr\\\/notre-actualite\\\/ouverture-cycle-commun-cycle-jeunes-et-cycle-intelligence-economique\\\/\",\"name\":\"Ouverture du premier cycle commun entre le cycle Jeunes et le cycle Intelligence \u00e9conomique ! - L&#039;IHEDN : Institut des hautes \u00e9tudes de d\u00e9fense nationale\",\"isPartOf\":{\"@id\":\"https:\\\/\\\/ihedn.fr\\\/#website\"},\"primaryImageOfPage\":{\"@id\":\"https:\\\/\\\/ihedn.fr\\\/notre-actualite\\\/ouverture-cycle-commun-cycle-jeunes-et-cycle-intelligence-economique\\\/#primaryimage\"},\"image\":{\"@id\":\"https:\\\/\\\/ihedn.fr\\\/notre-actualite\\\/ouverture-cycle-commun-cycle-jeunes-et-cycle-intelligence-economique\\\/#primaryimage\"},\"thumbnailUrl\":\"https:\\\/\\\/ihedn.fr\\\/wp-content\\\/uploads\\\/2025\\\/10\\\/cycle-jeunes-X-cycle-IE-1.jpg\",\"datePublished\":\"2025-10-24T10:03:18+00:00\",\"dateModified\":\"2025-10-24T13:57:21+00:00\",\"description\":\"La 242\u00e8me session en r\u00e9gion de l\u2019Institut des hautes \u00e9tudes de d\u00e9fense nationale s\u2019est ouverte dans les Hauts-de-France \u00e0 la Pr\u00e9fecture de l\u2019Oise \u00e0 Beauvais.\",\"breadcrumb\":{\"@id\":\"https:\\\/\\\/ihedn.fr\\\/notre-actualite\\\/ouverture-cycle-commun-cycle-jeunes-et-cycle-intelligence-economique\\\/#breadcrumb\"},\"inLanguage\":\"en-GB\",\"potentialAction\":[{\"@type\":\"ReadAction\",\"target\":[\"https:\\\/\\\/ihedn.fr\\\/notre-actualite\\\/ouverture-cycle-commun-cycle-jeunes-et-cycle-intelligence-economique\\\/\"]}]},{\"@type\":\"ImageObject\",\"inLanguage\":\"en-GB\",\"@id\":\"https:\\\/\\\/ihedn.fr\\\/notre-actualite\\\/ouverture-cycle-commun-cycle-jeunes-et-cycle-intelligence-economique\\\/#primaryimage\",\"url\":\"https:\\\/\\\/ihedn.fr\\\/wp-content\\\/uploads\\\/2025\\\/10\\\/cycle-jeunes-X-cycle-IE-1.jpg\",\"contentUrl\":\"https:\\\/\\\/ihedn.fr\\\/wp-content\\\/uploads\\\/2025\\\/10\\\/cycle-jeunes-X-cycle-IE-1.jpg\",\"width\":1920,\"height\":1282},{\"@type\":\"BreadcrumbList\",\"@id\":\"https:\\\/\\\/ihedn.fr\\\/notre-actualite\\\/ouverture-cycle-commun-cycle-jeunes-et-cycle-intelligence-economique\\\/#breadcrumb\",\"itemListElement\":[{\"@type\":\"ListItem\",\"position\":1,\"name\":\"Accueil\",\"item\":\"https:\\\/\\\/ihedn.fr\\\/\"},{\"@type\":\"ListItem\",\"position\":2,\"name\":\"Ouverture du premier cycle commun entre le cycle Jeunes et le cycle Intelligence \u00e9conomique !\"}]},{\"@type\":\"WebSite\",\"@id\":\"https:\\\/\\\/ihedn.fr\\\/#website\",\"url\":\"https:\\\/\\\/ihedn.fr\\\/\",\"name\":\"IHEDN : Institut des hautes \u00e9tudes de d\u00e9fense nationale |\",\"description\":\"Site officiel de l&#039;IHEDN plac\u00e9 sous la tutelle du Premier ministre.\",\"publisher\":{\"@id\":\"https:\\\/\\\/ihedn.fr\\\/#organization\"},\"potentialAction\":[{\"@type\":\"SearchAction\",\"target\":{\"@type\":\"EntryPoint\",\"urlTemplate\":\"https:\\\/\\\/ihedn.fr\\\/?s={search_term_string}\"},\"query-input\":{\"@type\":\"PropertyValueSpecification\",\"valueRequired\":true,\"valueName\":\"search_term_string\"}}],\"inLanguage\":\"en-GB\"},{\"@type\":\"Organization\",\"@id\":\"https:\\\/\\\/ihedn.fr\\\/#organization\",\"name\":\"IHEDN - Institut des Hautes Etudes de D\u00e9fense Nationale\",\"url\":\"https:\\\/\\\/ihedn.fr\\\/\",\"logo\":{\"@type\":\"ImageObject\",\"inLanguage\":\"en-GB\",\"@id\":\"https:\\\/\\\/ihedn.fr\\\/#\\\/schema\\\/logo\\\/image\\\/\",\"url\":\"https:\\\/\\\/ihedn.fr\\\/wp-content\\\/uploads\\\/2020\\\/11\\\/BLOC_RF_IHEDN_WEB.png\",\"contentUrl\":\"https:\\\/\\\/ihedn.fr\\\/wp-content\\\/uploads\\\/2020\\\/11\\\/BLOC_RF_IHEDN_WEB.png\",\"width\":500,\"height\":237,\"caption\":\"IHEDN - Institut des Hautes Etudes de D\u00e9fense Nationale\"},\"image\":{\"@id\":\"https:\\\/\\\/ihedn.fr\\\/#\\\/schema\\\/logo\\\/image\\\/\"},\"sameAs\":[\"https:\\\/\\\/www.facebook.com\\\/ihedn\\\/\",\"https:\\\/\\\/x.com\\\/IHEDN\",\"https:\\\/\\\/www.instagram.com\\\/ihedn\\\/\",\"https:\\\/\\\/www.linkedin.com\\\/school\\\/ihedn\\\/\",\"https:\\\/\\\/fr.wikipedia.org\\\/wiki\\\/Institut_des_hautes_\u00e9tudes_de_D\u00e9fense_nationale\"]},{\"@type\":\"Person\",\"@id\":\"https:\\\/\\\/ihedn.fr\\\/#\\\/schema\\\/person\\\/7a52e81319c373f5462ade39e81a7f19\",\"name\":\"Coline Dassonville\",\"image\":{\"@type\":\"ImageObject\",\"inLanguage\":\"en-GB\",\"@id\":\"https:\\\/\\\/secure.gravatar.com\\\/avatar\\\/abc7cbc6297b987d7cbee36041f952619e584620b919eb849c804adf789c1147?s=96&d=mm&r=g\",\"url\":\"https:\\\/\\\/secure.gravatar.com\\\/avatar\\\/abc7cbc6297b987d7cbee36041f952619e584620b919eb849c804adf789c1147?s=96&d=mm&r=g\",\"contentUrl\":\"https:\\\/\\\/secure.gravatar.com\\\/avatar\\\/abc7cbc6297b987d7cbee36041f952619e584620b919eb849c804adf789c1147?s=96&d=mm&r=g\",\"caption\":\"Coline Dassonville\"},\"url\":\"https:\\\/\\\/ihedn.fr\\\/en\\\/author\\\/coline\\\/\"}]}<\/script>\n<!-- \/ Yoast SEO plugin. -->","yoast_head_json":{"title":"Opening of the first joint cycle between the Youth cycle and the Economic Intelligence cycle! - IHEDN: Institute for Higher National Defence Studies","description":"The 242nd regional session of the Institut des hautes \u00e9tudes de d\u00e9fense nationale opened in the Hauts-de-France region at the Pr\u00e9fecture de l'Oise in Beauvais.","robots":{"index":"index","follow":"follow","max-snippet":"max-snippet:-1","max-image-preview":"max-image-preview:large","max-video-preview":"max-video-preview:-1"},"canonical":"https:\/\/ihedn.fr\/en\/notre-actualite\/ouverture-cycle-commun-cycle-jeunes-et-cycle-intelligence-economique\/","og_locale":"en_GB","og_type":"article","og_title":"Ouverture du premier cycle commun entre le cycle Jeunes et le cycle Intelligence \u00e9conomique ! - L&#039;IHEDN : Institut des hautes \u00e9tudes de d\u00e9fense nationale","og_description":"La 242\u00e8me session en r\u00e9gion de l\u2019Institut des hautes \u00e9tudes de d\u00e9fense nationale s\u2019est ouverte dans les Hauts-de-France \u00e0 la Pr\u00e9fecture de l\u2019Oise \u00e0 Beauvais.","og_url":"https:\/\/ihedn.fr\/en\/notre-actualite\/ouverture-cycle-commun-cycle-jeunes-et-cycle-intelligence-economique\/","og_site_name":"L&#039;IHEDN : Institut des hautes \u00e9tudes de d\u00e9fense nationale","article_publisher":"https:\/\/www.facebook.com\/ihedn\/","article_published_time":"2025-10-24T10:03:18+00:00","article_modified_time":"2025-10-24T13:57:21+00:00","og_image":[{"width":1920,"height":1440,"url":"https:\/\/ihedn.fr\/wp-content\/uploads\/2025\/09\/242e-sr-3.jpeg","type":"image\/jpeg"}],"author":"Coline Dassonville","twitter_card":"summary_large_image","twitter_title":"Ouverture du premier cycle commun entre le cycle Jeunes et le cycle Intelligence \u00e9conomique ! - L&#039;IHEDN : Institut des hautes \u00e9tudes de d\u00e9fense nationale","twitter_description":"La 242\u00e8me session en r\u00e9gion de l\u2019Institut des hautes \u00e9tudes de d\u00e9fense nationale s\u2019est ouverte dans les Hauts-de-France \u00e0 la Pr\u00e9fecture de l\u2019Oise \u00e0 Beauvais.","twitter_image":"https:\/\/ihedn.fr\/wp-content\/uploads\/2025\/09\/242e-sr-3.jpeg","twitter_creator":"@IHEDN","twitter_site":"@IHEDN","twitter_misc":{"Written by":"Coline Dassonville","Estimated reading time":"5 minutes"},"schema":{"@context":"https:\/\/schema.org","@graph":[{"@type":"Article","@id":"https:\/\/ihedn.fr\/notre-actualite\/ouverture-cycle-commun-cycle-jeunes-et-cycle-intelligence-economique\/#article","isPartOf":{"@id":"https:\/\/ihedn.fr\/notre-actualite\/ouverture-cycle-commun-cycle-jeunes-et-cycle-intelligence-economique\/"},"author":{"name":"Coline Dassonville","@id":"https:\/\/ihedn.fr\/#\/schema\/person\/7a52e81319c373f5462ade39e81a7f19"},"headline":"Ouverture du premier cycle commun entre le cycle Jeunes et le cycle Intelligence \u00e9conomique !","datePublished":"2025-10-24T10:03:18+00:00","dateModified":"2025-10-24T13:57:21+00:00","mainEntityOfPage":{"@id":"https:\/\/ihedn.fr\/notre-actualite\/ouverture-cycle-commun-cycle-jeunes-et-cycle-intelligence-economique\/"},"wordCount":513,"publisher":{"@id":"https:\/\/ihedn.fr\/#organization"},"image":{"@id":"https:\/\/ihedn.fr\/notre-actualite\/ouverture-cycle-commun-cycle-jeunes-et-cycle-intelligence-economique\/#primaryimage"},"thumbnailUrl":"https:\/\/ihedn.fr\/wp-content\/uploads\/2025\/10\/cycle-jeunes-X-cycle-IE-1.jpg","articleSection":["Notre actualit\u00e9"],"inLanguage":"en-GB"},{"@type":"WebPage","@id":"https:\/\/ihedn.fr\/notre-actualite\/ouverture-cycle-commun-cycle-jeunes-et-cycle-intelligence-economique\/","url":"https:\/\/ihedn.fr\/notre-actualite\/ouverture-cycle-commun-cycle-jeunes-et-cycle-intelligence-economique\/","name":"Opening of the first joint cycle between the Youth cycle and the Economic Intelligence cycle! - IHEDN: Institute for Higher National Defence Studies","isPartOf":{"@id":"https:\/\/ihedn.fr\/#website"},"primaryImageOfPage":{"@id":"https:\/\/ihedn.fr\/notre-actualite\/ouverture-cycle-commun-cycle-jeunes-et-cycle-intelligence-economique\/#primaryimage"},"image":{"@id":"https:\/\/ihedn.fr\/notre-actualite\/ouverture-cycle-commun-cycle-jeunes-et-cycle-intelligence-economique\/#primaryimage"},"thumbnailUrl":"https:\/\/ihedn.fr\/wp-content\/uploads\/2025\/10\/cycle-jeunes-X-cycle-IE-1.jpg","datePublished":"2025-10-24T10:03:18+00:00","dateModified":"2025-10-24T13:57:21+00:00","description":"The 242nd regional session of the Institut des hautes \u00e9tudes de d\u00e9fense nationale opened in the Hauts-de-France region at the Pr\u00e9fecture de l'Oise in Beauvais.","breadcrumb":{"@id":"https:\/\/ihedn.fr\/notre-actualite\/ouverture-cycle-commun-cycle-jeunes-et-cycle-intelligence-economique\/#breadcrumb"},"inLanguage":"en-GB","potentialAction":[{"@type":"ReadAction","target":["https:\/\/ihedn.fr\/notre-actualite\/ouverture-cycle-commun-cycle-jeunes-et-cycle-intelligence-economique\/"]}]},{"@type":"ImageObject","inLanguage":"en-GB","@id":"https:\/\/ihedn.fr\/notre-actualite\/ouverture-cycle-commun-cycle-jeunes-et-cycle-intelligence-economique\/#primaryimage","url":"https:\/\/ihedn.fr\/wp-content\/uploads\/2025\/10\/cycle-jeunes-X-cycle-IE-1.jpg","contentUrl":"https:\/\/ihedn.fr\/wp-content\/uploads\/2025\/10\/cycle-jeunes-X-cycle-IE-1.jpg","width":1920,"height":1282},{"@type":"BreadcrumbList","@id":"https:\/\/ihedn.fr\/notre-actualite\/ouverture-cycle-commun-cycle-jeunes-et-cycle-intelligence-economique\/#breadcrumb","itemListElement":[{"@type":"ListItem","position":1,"name":"Accueil","item":"https:\/\/ihedn.fr\/"},{"@type":"ListItem","position":2,"name":"Ouverture du premier cycle commun entre le cycle Jeunes et le cycle Intelligence \u00e9conomique !"}]},{"@type":"WebSite","@id":"https:\/\/ihedn.fr\/#website","url":"https:\/\/ihedn.fr\/","name":"IHEDN: Institut des hautes \u00e9tudes de d\u00e9fense nationale (Institute for Higher National Defence Studies)","description":"Official website of the IHEDN under the supervision of the Prime Minister.","publisher":{"@id":"https:\/\/ihedn.fr\/#organization"},"potentialAction":[{"@type":"SearchAction","target":{"@type":"EntryPoint","urlTemplate":"https:\/\/ihedn.fr\/?s={search_term_string}"},"query-input":{"@type":"PropertyValueSpecification","valueRequired":true,"valueName":"search_term_string"}}],"inLanguage":"en-GB"},{"@type":"Organization","@id":"https:\/\/ihedn.fr\/#organization","name":"IHEDN - Institute for Higher National Defence Studies","url":"https:\/\/ihedn.fr\/","logo":{"@type":"ImageObject","inLanguage":"en-GB","@id":"https:\/\/ihedn.fr\/#\/schema\/logo\/image\/","url":"https:\/\/ihedn.fr\/wp-content\/uploads\/2020\/11\/BLOC_RF_IHEDN_WEB.png","contentUrl":"https:\/\/ihedn.fr\/wp-content\/uploads\/2020\/11\/BLOC_RF_IHEDN_WEB.png","width":500,"height":237,"caption":"IHEDN - Institut des Hautes Etudes de D\u00e9fense Nationale"},"image":{"@id":"https:\/\/ihedn.fr\/#\/schema\/logo\/image\/"},"sameAs":["https:\/\/www.facebook.com\/ihedn\/","https:\/\/x.com\/IHEDN","https:\/\/www.instagram.com\/ihedn\/","https:\/\/www.linkedin.com\/school\/ihedn\/","https:\/\/fr.wikipedia.org\/wiki\/Institut_des_hautes_\u00e9tudes_de_D\u00e9fense_nationale"]},{"@type":"Person","@id":"https:\/\/ihedn.fr\/#\/schema\/person\/7a52e81319c373f5462ade39e81a7f19","name":"Coline Dassonville","image":{"@type":"ImageObject","inLanguage":"en-GB","@id":"https:\/\/secure.gravatar.com\/avatar\/abc7cbc6297b987d7cbee36041f952619e584620b919eb849c804adf789c1147?s=96&d=mm&r=g","url":"https:\/\/secure.gravatar.com\/avatar\/abc7cbc6297b987d7cbee36041f952619e584620b919eb849c804adf789c1147?s=96&d=mm&r=g","contentUrl":"https:\/\/secure.gravatar.com\/avatar\/abc7cbc6297b987d7cbee36041f952619e584620b919eb849c804adf789c1147?s=96&d=mm&r=g","caption":"Coline Dassonville"},"url":"https:\/\/ihedn.fr\/en\/author\/coline\/"}]}},"publishpress_future_action":{"enabled":false,"date":"2026-05-09 09:42:38","action":"change-status","newStatus":"draft","terms":[],"taxonomy":"category","extraData":[]},"publishpress_future_workflow_manual_trigger":{"enabledWorkflows":[]},"_links":{"self":[{"href":"https:\/\/ihedn.fr\/en\/wp-json\/wp\/v2\/posts\/56336","targetHints":{"allow":["GET"]}}],"collection":[{"href":"https:\/\/ihedn.fr\/en\/wp-json\/wp\/v2\/posts"}],"about":[{"href":"https:\/\/ihedn.fr\/en\/wp-json\/wp\/v2\/types\/post"}],"author":[{"embeddable":true,"href":"https:\/\/ihedn.fr\/en\/wp-json\/wp\/v2\/users\/14"}],"replies":[{"embeddable":true,"href":"https:\/\/ihedn.fr\/en\/wp-json\/wp\/v2\/comments?post=56336"}],"version-history":[{"count":25,"href":"https:\/\/ihedn.fr\/en\/wp-json\/wp\/v2\/posts\/56336\/revisions"}],"predecessor-version":[{"id":56479,"href":"https:\/\/ihedn.fr\/en\/wp-json\/wp\/v2\/posts\/56336\/revisions\/56479"}],"wp:featuredmedia":[{"embeddable":true,"href":"https:\/\/ihedn.fr\/en\/wp-json\/wp\/v2\/media\/56438"}],"wp:attachment":[{"href":"https:\/\/ihedn.fr\/en\/wp-json\/wp\/v2\/media?parent=56336"}],"wp:term":[{"taxonomy":"category","embeddable":true,"href":"https:\/\/ihedn.fr\/en\/wp-json\/wp\/v2\/categories?post=56336"},{"taxonomy":"post_tag","embeddable":true,"href":"https:\/\/ihedn.fr\/en\/wp-json\/wp\/v2\/tags?post=56336"}],"curies":[{"name":"wp","href":"https:\/\/api.w.org\/{rel}","templated":true}]}}