{"id":56811,"date":"2025-11-18T17:38:30","date_gmt":"2025-11-18T16:38:30","guid":{"rendered":"https:\/\/ihedn.fr\/?p=56811"},"modified":"2025-11-19T09:43:09","modified_gmt":"2025-11-19T08:43:09","slug":"session-internationale-pour-l-indopacifique-une-semaine-de-dialogue-et-de-cooperation","status":"publish","type":"post","link":"https:\/\/ihedn.fr\/en\/notre-actualite\/session-internationale-pour-l-indopacifique-une-semaine-de-dialogue-et-de-cooperation\/","title":{"rendered":"International Session for the Indopacific: a week of dialogue and cooperation"},"content":{"rendered":"<div data-elementor-type=\"wp-post\" data-elementor-id=\"56811\" class=\"elementor elementor-56811\" data-elementor-post-type=\"post\">\n\t\t\t\t<div data-particle_enable=\"false\" data-particle-mobile-disabled=\"false\" class=\"elementor-element elementor-element-603b01d e-flex e-con-boxed e-con e-parent\" data-id=\"603b01d\" data-element_type=\"container\" data-e-type=\"container\">\n\t\t\t\t\t<div class=\"e-con-inner\">\n\t\t\t\t<div class=\"elementor-element elementor-element-aee0684 elementor-widget elementor-widget-text-editor\" data-id=\"aee0684\" data-element_type=\"widget\" data-e-type=\"widget\" data-widget_type=\"text-editor.default\">\n\t\t\t\t<div class=\"elementor-widget-container\">\n\t\t\t\t\t\t\t\t\t<p>From 32 countries, the French overseas collectivities and 5 regional organisations in the Indopacific region, 55 participants are currently gathered in France to take part in the rich and varied programme of the International Session for the Indopacific (SIIP).<\/p>\n<p><br><\/p>\n<p>The programme for these five days includes field visits (naval air bases, French Navy buildings, etc.), committee work and numerous lectures by high-level speakers.<\/p>\n<p><br><\/p>\n<p>Among them was Rear Admiral Guillaume Pinget, Commander of the Asia-Pacific Zone and the Armed Forces in French Polynesia (ALPACI), who spoke on the subject of \u00abFrench military presence and cooperation in the Indo-Pacific maritime area\u00bb. A subject currently embodied by the HIMANTURA mission.<\/p>\n<p><br><\/p>\n<p>From September to December 2025, the Armed Forces in French Polynesia (FAPF) will be deploying the Prairial surveillance frigate and a Falcon 50M Triton aircraft from the 25<sup>th<\/sup> Flotilla, on its annual ASIA 2025 mission, named HIMANTURA.<\/p><p><br><\/p>\n<p>HIMANTURA is the second deployment of French forces to the vast Pacific theatre in 2025, following on from the CLEMENCEAU 25 mission. These deployments help to raise the profile of the French forces, confirming their operational qualities and their ability to project far and wide.<\/p><p><br><\/p>\n<p>HIMANTURA demonstrates France's full and continuing involvement as a sovereign nation bordering the Indopacific, France's commitment to a \u00abfree and open\u00bb Indo-Pacific space in a context of heightened political tensions, and the quality of its operational military partnerships with the nations of the Indo-Pacific.<\/p>\t\t\t\t\t\t\t\t<\/div>\n\t\t\t\t<\/div>\n\t\t\t\t\t<\/div>\n\t\t\t\t<\/div>\n\t\t<div data-particle_enable=\"false\" data-particle-mobile-disabled=\"false\" class=\"elementor-element elementor-element-b574910 e-flex e-con-boxed e-con e-parent\" data-id=\"b574910\" data-element_type=\"container\" data-e-type=\"container\">\n\t\t\t\t\t<div class=\"e-con-inner\">\n\t\t\t\t<div class=\"elementor-element elementor-element-914b1c9 elementor-widget elementor-widget-spacer\" data-id=\"914b1c9\" data-element_type=\"widget\" data-e-type=\"widget\" data-widget_type=\"spacer.default\">\n\t\t\t\t<div class=\"elementor-widget-container\">\n\t\t\t\t\t\t\t<div class=\"elementor-spacer\">\n\t\t\t<div class=\"elementor-spacer-inner\"><\/div>\n\t\t<\/div>\n\t\t\t\t\t\t<\/div>\n\t\t\t\t<\/div>\n\t\t\t\t<div class=\"elementor-element elementor-element-e8b2c67 elementor-widget elementor-widget-heading\" data-id=\"e8b2c67\" data-element_type=\"widget\" data-e-type=\"widget\" data-widget_type=\"heading.default\">\n\t\t\t\t<div class=\"elementor-widget-container\">\n\t\t\t\t\t<h1 class=\"elementor-heading-title elementor-size-default\">A FIRM AND ONGOING COMMITMENT FROM FRANCE<\/h1>\t\t\t\t<\/div>\n\t\t\t\t<\/div>\n\t\t\t\t<div class=\"elementor-element elementor-element-c954cb3 elementor-widget elementor-widget-text-editor\" data-id=\"c954cb3\" data-element_type=\"widget\" data-e-type=\"widget\" data-widget_type=\"text-editor.default\">\n\t\t\t\t<div class=\"elementor-widget-container\">\n\t\t\t\t\t\t\t\t\t<p>The HIMANTURA deployment was punctuated by three major multilateral sequences:<\/p>\t\t\t\t\t\t\t\t<\/div>\n\t\t\t\t<\/div>\n\t\t\t\t<div class=\"elementor-element elementor-element-374ed29 elementor-widget elementor-widget-text-editor\" data-id=\"374ed29\" data-element_type=\"widget\" data-e-type=\"widget\" data-widget_type=\"text-editor.default\">\n\t\t\t\t<div class=\"elementor-widget-container\">\n\t\t\t\t\t\t\t\t\t<p>1\/ SAMASAMA, a multilateral maritime surveillance and security exercise (Philippines, United States, United Kingdom, Japan, Australia, New Zealand, Canada, Italy, Thailand) held in the Philippines from 6 to 17 October, in which the F50 took part, carrying out flights in the South China Sea and the Philippine Sea.<\/p>\t\t\t\t\t\t\t\t<\/div>\n\t\t\t\t<\/div>\n\t\t\t\t<div class=\"elementor-element elementor-element-918d81c elementor-widget elementor-widget-text-editor\" data-id=\"918d81c\" data-element_type=\"widget\" data-e-type=\"widget\" data-widget_type=\"text-editor.default\">\n\t\t\t\t<div class=\"elementor-widget-container\">\n\t\t\t\t\t\t\t\t\t<p>2\/ ANNUALEX, a multilateral (Japan, United States, Australia, Canada, New Zealand) multi-domain high-intensity exercise held in Japan from 19 to 22 October, to which France was invited for the first time, and to which it contributed with the FS Prairial.<\/p>\t\t\t\t\t\t\t\t<\/div>\n\t\t\t\t<\/div>\n\t\t\t\t<div class=\"elementor-element elementor-element-17e41ce elementor-widget elementor-widget-text-editor\" data-id=\"17e41ce\" data-element_type=\"widget\" data-e-type=\"widget\" data-widget_type=\"text-editor.default\">\n\t\t\t\t<div class=\"elementor-widget-container\">\n\t\t\t\t\t\t\t\t\t<p>3\/<em> Enforcement Coordination Cell<\/em> - ECC, international cooperation cell (Japan, United States, Republic of Korea, France, Germany, United Kingdom, New Zealand, Australia, Canada) for the observation and reporting of maritime traffic to North Korea in violation of UN sanctions S\/RES\/2371, S\/RES\/2375 and S\/RES\/2397 relating to UN Security Council Committee 1718.<\/p>\t\t\t\t\t\t\t\t<\/div>\n\t\t\t\t<\/div>\n\t\t\t\t<div class=\"elementor-element elementor-element-a6ab656 elementor-widget elementor-widget-text-editor\" data-id=\"a6ab656\" data-element_type=\"widget\" data-e-type=\"widget\" data-widget_type=\"text-editor.default\">\n\t\t\t\t<div class=\"elementor-widget-container\">\n\t\t\t\t\t\t\t\t\t<p>From 22 October to 11 November, France carried out its 11<sup>th<\/sup> deployment for ECC since 2018. This latest event is marked by the first participation of the F50M, an aircraft that arrived at the 25<sup>th<\/sup> Polynesian flotilla in April 2025. Equipped with Triton technical surveillance capabilities, the F50M carried out 11 patrols to monitor illicit trafficking in the East China Sea, Sea of Japan and Yellow Sea. The sequence enabled us to deepen our partnerships, in particular with the Japanese, South Koreans and the 7<sup>th<\/sup> US Navy fleet.<\/p><p>The navigation and transit of French forces in the South China Sea as part of HIMANTURA illustrate France's firm and ongoing commitment to the principles of the United Nations Convention on the Law of the Sea (Montego Bay Convention). An autonomous deployment punctuated by partnership sequences, HIMANTURA illustrates France's unique posture of balance, which preserves French strategic autonomy while guaranteeing full integration into the dynamics of Indo-Pacific partnerships.<\/p>\t\t\t\t\t\t\t\t<\/div>\n\t\t\t\t<\/div>\n\t\t\t\t\t<\/div>\n\t\t\t\t<\/div>\n\t\t<div data-particle_enable=\"false\" data-particle-mobile-disabled=\"false\" class=\"elementor-element elementor-element-c1675f6 e-flex e-con-boxed e-con e-parent\" data-id=\"c1675f6\" data-element_type=\"container\" data-e-type=\"container\">\n\t\t\t\t\t<div class=\"e-con-inner\">\n\t\t\t\t<div class=\"elementor-element elementor-element-81b94dc gallery-spacing-custom elementor-widget elementor-widget-image-gallery\" data-id=\"81b94dc\" data-element_type=\"widget\" data-e-type=\"widget\" data-widget_type=\"image-gallery.default\">\n\t\t\t\t<div class=\"elementor-widget-container\">\n\t\t\t\t\t\t\t<div class=\"elementor-image-gallery\">\n\t\t\t<div id='gallery-1' class='gallery galleryid-56811 gallery-columns-3 gallery-size-full'><figure class='gallery-item'>\n\t\t\t<div class='gallery-icon landscape'>\n\t\t\t\t<a data-elementor-open-lightbox=\"yes\" data-elementor-lightbox-slideshow=\"81b94dc\" data-e-action-hash=\"#elementor-action%3Aaction%3Dlightbox%26settings%3DeyJpZCI6NTY4MjcsInVybCI6Imh0dHBzOlwvXC9paGVkbi5mclwvd3AtY29udGVudFwvdXBsb2Fkc1wvMjAyNVwvMTFcL1BIT1RPMS1QUkwtSU5DSEVPTi1ST0stMS01LjExLTEuanBnIiwic2xpZGVzaG93IjoiODFiOTRkYyJ9\" href='https:\/\/ihedn.fr\/wp-content\/uploads\/2025\/11\/PHOTO1-PRL-INCHEON-ROK-1-5.11-1.jpg'><img fetchpriority=\"high\" decoding=\"async\" width=\"1125\" height=\"750\" src=\"https:\/\/ihedn.fr\/wp-content\/uploads\/2025\/11\/PHOTO1-PRL-INCHEON-ROK-1-5.11-1.jpg\" class=\"attachment-full size-full\" alt=\"\" srcset=\"https:\/\/ihedn.fr\/wp-content\/uploads\/2025\/11\/PHOTO1-PRL-INCHEON-ROK-1-5.11-1.jpg 1125w, https:\/\/ihedn.fr\/wp-content\/uploads\/2025\/11\/PHOTO1-PRL-INCHEON-ROK-1-5.11-1-18x12.jpg 18w\" sizes=\"(max-width: 1125px) 100vw, 1125px\" \/><\/a>\n\t\t\t<\/div><\/figure><figure class='gallery-item'>\n\t\t\t<div class='gallery-icon landscape'>\n\t\t\t\t<a data-elementor-open-lightbox=\"yes\" data-elementor-lightbox-slideshow=\"81b94dc\" data-e-action-hash=\"#elementor-action%3Aaction%3Dlightbox%26settings%3DeyJpZCI6NTY4MjgsInVybCI6Imh0dHBzOlwvXC9paGVkbi5mclwvd3AtY29udGVudFwvdXBsb2Fkc1wvMjAyNVwvMTFcL1BIT1RPMi1QUkwtSU5DSEVPTi1ST0stMS01LjExLTEuanBnIiwic2xpZGVzaG93IjoiODFiOTRkYyJ9\" href='https:\/\/ihedn.fr\/wp-content\/uploads\/2025\/11\/PHOTO2-PRL-INCHEON-ROK-1-5.11-1.jpg'><img decoding=\"async\" width=\"1385\" height=\"923\" src=\"https:\/\/ihedn.fr\/wp-content\/uploads\/2025\/11\/PHOTO2-PRL-INCHEON-ROK-1-5.11-1.jpg\" class=\"attachment-full size-full\" alt=\"\" srcset=\"https:\/\/ihedn.fr\/wp-content\/uploads\/2025\/11\/PHOTO2-PRL-INCHEON-ROK-1-5.11-1.jpg 1385w, https:\/\/ihedn.fr\/wp-content\/uploads\/2025\/11\/PHOTO2-PRL-INCHEON-ROK-1-5.11-1-18x12.jpg 18w\" sizes=\"(max-width: 1385px) 100vw, 1385px\" \/><\/a>\n\t\t\t<\/div><\/figure><figure class='gallery-item'>\n\t\t\t<div class='gallery-icon landscape'>\n\t\t\t\t<a data-elementor-open-lightbox=\"yes\" data-elementor-lightbox-slideshow=\"81b94dc\" data-e-action-hash=\"#elementor-action%3Aaction%3Dlightbox%26settings%3DeyJpZCI6NTY4MjksInVybCI6Imh0dHBzOlwvXC9paGVkbi5mclwvd3AtY29udGVudFwvdXBsb2Fkc1wvMjAyNVwvMTFcL1BIT1RPNC0yNUYtU0FNQVNBTUEtUEhMLTE0LjEwLTEuanBnIiwic2xpZGVzaG93IjoiODFiOTRkYyJ9\" href='https:\/\/ihedn.fr\/wp-content\/uploads\/2025\/11\/PHOTO4-25F-SAMASAMA-PHL-14.10-1.jpg'><img decoding=\"async\" width=\"1024\" height=\"683\" src=\"https:\/\/ihedn.fr\/wp-content\/uploads\/2025\/11\/PHOTO4-25F-SAMASAMA-PHL-14.10-1.jpg\" class=\"attachment-full size-full\" alt=\"\" srcset=\"https:\/\/ihedn.fr\/wp-content\/uploads\/2025\/11\/PHOTO4-25F-SAMASAMA-PHL-14.10-1.jpg 1024w, https:\/\/ihedn.fr\/wp-content\/uploads\/2025\/11\/PHOTO4-25F-SAMASAMA-PHL-14.10-1-18x12.jpg 18w\" sizes=\"(max-width: 1024px) 100vw, 1024px\" \/><\/a>\n\t\t\t<\/div><\/figure>\n\t\t<\/div>\n\t\t<\/div>\n\t\t\t\t\t\t<\/div>\n\t\t\t\t<\/div>\n\t\t\t\t\t<\/div>\n\t\t\t\t<\/div>\n\t\t\t\t<\/div>","protected":false},"excerpt":{"rendered":"<p>From 17 to 21 November, the IHEDN is hosting the 55 international auditors of the International Session for the Indo-Pacific (SIIP) at the \u00c9cole Militaire, organised with the Directorate for Security and Defence Cooperation (DCSD) of the Ministry of Europe and Foreign Affairs. We take a closer look at the programme and the HIMANTURA 25 mission currently underway in the region.<\/p>","protected":false},"author":14,"featured_media":56817,"comment_status":"closed","ping_status":"closed","sticky":false,"template":"","format":"standard","meta":{"footnotes":""},"categories":[172],"tags":[],"class_list":["post-56811","post","type-post","status-publish","format-standard","has-post-thumbnail","hentry","category-notre-actualite"],"yoast_head":"<!-- This site is optimized with the Yoast SEO plugin v27.5 - https:\/\/yoast.com\/product\/yoast-seo-wordpress\/ -->\n<title>Session internationale pour l\u2019Indopacifique : une semaine de dialogue et de coop\u00e9ration - L&#039;IHEDN : Institut des hautes \u00e9tudes de d\u00e9fense nationale<\/title>\n<meta name=\"description\" content=\"La 242\u00e8me session en r\u00e9gion de l\u2019Institut des hautes \u00e9tudes de d\u00e9fense nationale s\u2019est ouverte dans les Hauts-de-France \u00e0 la Pr\u00e9fecture de l\u2019Oise \u00e0 Beauvais.\" \/>\n<meta name=\"robots\" content=\"index, follow, max-snippet:-1, max-image-preview:large, max-video-preview:-1\" \/>\n<link rel=\"canonical\" href=\"https:\/\/ihedn.fr\/en\/notre-actualite\/session-internationale-pour-l-indopacifique-une-semaine-de-dialogue-et-de-cooperation\/\" \/>\n<meta property=\"og:locale\" content=\"en_GB\" \/>\n<meta property=\"og:type\" content=\"article\" \/>\n<meta property=\"og:title\" content=\"Session internationale pour l\u2019Indopacifique : une semaine de dialogue et de coop\u00e9ration - L&#039;IHEDN : Institut des hautes \u00e9tudes de d\u00e9fense nationale\" \/>\n<meta property=\"og:description\" content=\"La 242\u00e8me session en r\u00e9gion de l\u2019Institut des hautes \u00e9tudes de d\u00e9fense nationale s\u2019est ouverte dans les Hauts-de-France \u00e0 la Pr\u00e9fecture de l\u2019Oise \u00e0 Beauvais.\" \/>\n<meta property=\"og:url\" content=\"https:\/\/ihedn.fr\/en\/notre-actualite\/session-internationale-pour-l-indopacifique-une-semaine-de-dialogue-et-de-cooperation\/\" \/>\n<meta property=\"og:site_name\" content=\"L&#039;IHEDN : Institut des hautes \u00e9tudes de d\u00e9fense nationale\" \/>\n<meta property=\"article:publisher\" content=\"https:\/\/www.facebook.com\/ihedn\/\" \/>\n<meta property=\"article:published_time\" content=\"2025-11-18T16:38:30+00:00\" \/>\n<meta property=\"article:modified_time\" content=\"2025-11-19T08:43:09+00:00\" \/>\n<meta property=\"og:image\" content=\"https:\/\/ihedn.fr\/wp-content\/uploads\/2025\/09\/242e-sr-3.jpeg\" \/>\n\t<meta property=\"og:image:width\" content=\"1920\" \/>\n\t<meta property=\"og:image:height\" content=\"1440\" \/>\n\t<meta property=\"og:image:type\" content=\"image\/jpeg\" \/>\n<meta name=\"author\" content=\"Coline Dassonville\" \/>\n<meta name=\"twitter:card\" content=\"summary_large_image\" \/>\n<meta name=\"twitter:title\" content=\"Session internationale pour l\u2019Indopacifique : une semaine de dialogue et de coop\u00e9ration - L&#039;IHEDN : Institut des hautes \u00e9tudes de d\u00e9fense nationale\" \/>\n<meta name=\"twitter:description\" content=\"La 242\u00e8me session en r\u00e9gion de l\u2019Institut des hautes \u00e9tudes de d\u00e9fense nationale s\u2019est ouverte dans les Hauts-de-France \u00e0 la Pr\u00e9fecture de l\u2019Oise \u00e0 Beauvais.\" \/>\n<meta name=\"twitter:image\" content=\"https:\/\/ihedn.fr\/wp-content\/uploads\/2025\/09\/242e-sr-3.jpeg\" \/>\n<meta name=\"twitter:creator\" content=\"@IHEDN\" \/>\n<meta name=\"twitter:site\" content=\"@IHEDN\" \/>\n<meta name=\"twitter:label1\" content=\"Written by\" \/>\n\t<meta name=\"twitter:data1\" content=\"Coline Dassonville\" \/>\n\t<meta name=\"twitter:label2\" content=\"Estimated reading time\" \/>\n\t<meta name=\"twitter:data2\" content=\"4 minutes\" \/>\n<script type=\"application\/ld+json\" class=\"yoast-schema-graph\">{\"@context\":\"https:\\\/\\\/schema.org\",\"@graph\":[{\"@type\":\"Article\",\"@id\":\"https:\\\/\\\/ihedn.fr\\\/notre-actualite\\\/session-internationale-pour-l-indopacifique-une-semaine-de-dialogue-et-de-cooperation\\\/#article\",\"isPartOf\":{\"@id\":\"https:\\\/\\\/ihedn.fr\\\/notre-actualite\\\/session-internationale-pour-l-indopacifique-une-semaine-de-dialogue-et-de-cooperation\\\/\"},\"author\":{\"name\":\"Coline Dassonville\",\"@id\":\"https:\\\/\\\/ihedn.fr\\\/#\\\/schema\\\/person\\\/7a52e81319c373f5462ade39e81a7f19\"},\"headline\":\"Session internationale pour l\u2019Indopacifique : une semaine de dialogue et de coop\u00e9ration\",\"datePublished\":\"2025-11-18T16:38:30+00:00\",\"dateModified\":\"2025-11-19T08:43:09+00:00\",\"mainEntityOfPage\":{\"@id\":\"https:\\\/\\\/ihedn.fr\\\/notre-actualite\\\/session-internationale-pour-l-indopacifique-une-semaine-de-dialogue-et-de-cooperation\\\/\"},\"wordCount\":655,\"publisher\":{\"@id\":\"https:\\\/\\\/ihedn.fr\\\/#organization\"},\"image\":{\"@id\":\"https:\\\/\\\/ihedn.fr\\\/notre-actualite\\\/session-internationale-pour-l-indopacifique-une-semaine-de-dialogue-et-de-cooperation\\\/#primaryimage\"},\"thumbnailUrl\":\"https:\\\/\\\/ihedn.fr\\\/wp-content\\\/uploads\\\/2025\\\/11\\\/PHOTO3-PRL-ANNUALEX-JPN-20.10.jpg\",\"articleSection\":[\"Notre actualit\u00e9\"],\"inLanguage\":\"en-GB\"},{\"@type\":\"WebPage\",\"@id\":\"https:\\\/\\\/ihedn.fr\\\/notre-actualite\\\/session-internationale-pour-l-indopacifique-une-semaine-de-dialogue-et-de-cooperation\\\/\",\"url\":\"https:\\\/\\\/ihedn.fr\\\/notre-actualite\\\/session-internationale-pour-l-indopacifique-une-semaine-de-dialogue-et-de-cooperation\\\/\",\"name\":\"Session internationale pour l\u2019Indopacifique : une semaine de dialogue et de coop\u00e9ration - L&#039;IHEDN : Institut des hautes \u00e9tudes de d\u00e9fense nationale\",\"isPartOf\":{\"@id\":\"https:\\\/\\\/ihedn.fr\\\/#website\"},\"primaryImageOfPage\":{\"@id\":\"https:\\\/\\\/ihedn.fr\\\/notre-actualite\\\/session-internationale-pour-l-indopacifique-une-semaine-de-dialogue-et-de-cooperation\\\/#primaryimage\"},\"image\":{\"@id\":\"https:\\\/\\\/ihedn.fr\\\/notre-actualite\\\/session-internationale-pour-l-indopacifique-une-semaine-de-dialogue-et-de-cooperation\\\/#primaryimage\"},\"thumbnailUrl\":\"https:\\\/\\\/ihedn.fr\\\/wp-content\\\/uploads\\\/2025\\\/11\\\/PHOTO3-PRL-ANNUALEX-JPN-20.10.jpg\",\"datePublished\":\"2025-11-18T16:38:30+00:00\",\"dateModified\":\"2025-11-19T08:43:09+00:00\",\"description\":\"La 242\u00e8me session en r\u00e9gion de l\u2019Institut des hautes \u00e9tudes de d\u00e9fense nationale s\u2019est ouverte dans les Hauts-de-France \u00e0 la Pr\u00e9fecture de l\u2019Oise \u00e0 Beauvais.\",\"breadcrumb\":{\"@id\":\"https:\\\/\\\/ihedn.fr\\\/notre-actualite\\\/session-internationale-pour-l-indopacifique-une-semaine-de-dialogue-et-de-cooperation\\\/#breadcrumb\"},\"inLanguage\":\"en-GB\",\"potentialAction\":[{\"@type\":\"ReadAction\",\"target\":[\"https:\\\/\\\/ihedn.fr\\\/notre-actualite\\\/session-internationale-pour-l-indopacifique-une-semaine-de-dialogue-et-de-cooperation\\\/\"]}]},{\"@type\":\"ImageObject\",\"inLanguage\":\"en-GB\",\"@id\":\"https:\\\/\\\/ihedn.fr\\\/notre-actualite\\\/session-internationale-pour-l-indopacifique-une-semaine-de-dialogue-et-de-cooperation\\\/#primaryimage\",\"url\":\"https:\\\/\\\/ihedn.fr\\\/wp-content\\\/uploads\\\/2025\\\/11\\\/PHOTO3-PRL-ANNUALEX-JPN-20.10.jpg\",\"contentUrl\":\"https:\\\/\\\/ihedn.fr\\\/wp-content\\\/uploads\\\/2025\\\/11\\\/PHOTO3-PRL-ANNUALEX-JPN-20.10.jpg\",\"width\":1366,\"height\":910,\"caption\":\"Session internationale pour l\u2019Indopacifique : une semaine de dialogue et de coop\u00e9ration\"},{\"@type\":\"BreadcrumbList\",\"@id\":\"https:\\\/\\\/ihedn.fr\\\/notre-actualite\\\/session-internationale-pour-l-indopacifique-une-semaine-de-dialogue-et-de-cooperation\\\/#breadcrumb\",\"itemListElement\":[{\"@type\":\"ListItem\",\"position\":1,\"name\":\"Accueil\",\"item\":\"https:\\\/\\\/ihedn.fr\\\/\"},{\"@type\":\"ListItem\",\"position\":2,\"name\":\"Session internationale pour l\u2019Indopacifique : une semaine de dialogue et de coop\u00e9ration\"}]},{\"@type\":\"WebSite\",\"@id\":\"https:\\\/\\\/ihedn.fr\\\/#website\",\"url\":\"https:\\\/\\\/ihedn.fr\\\/\",\"name\":\"IHEDN : Institut des hautes \u00e9tudes de d\u00e9fense nationale |\",\"description\":\"Site officiel de l&#039;IHEDN plac\u00e9 sous la tutelle du Premier ministre.\",\"publisher\":{\"@id\":\"https:\\\/\\\/ihedn.fr\\\/#organization\"},\"potentialAction\":[{\"@type\":\"SearchAction\",\"target\":{\"@type\":\"EntryPoint\",\"urlTemplate\":\"https:\\\/\\\/ihedn.fr\\\/?s={search_term_string}\"},\"query-input\":{\"@type\":\"PropertyValueSpecification\",\"valueRequired\":true,\"valueName\":\"search_term_string\"}}],\"inLanguage\":\"en-GB\"},{\"@type\":\"Organization\",\"@id\":\"https:\\\/\\\/ihedn.fr\\\/#organization\",\"name\":\"IHEDN - Institut des Hautes Etudes de D\u00e9fense Nationale\",\"url\":\"https:\\\/\\\/ihedn.fr\\\/\",\"logo\":{\"@type\":\"ImageObject\",\"inLanguage\":\"en-GB\",\"@id\":\"https:\\\/\\\/ihedn.fr\\\/#\\\/schema\\\/logo\\\/image\\\/\",\"url\":\"https:\\\/\\\/ihedn.fr\\\/wp-content\\\/uploads\\\/2020\\\/11\\\/BLOC_RF_IHEDN_WEB.png\",\"contentUrl\":\"https:\\\/\\\/ihedn.fr\\\/wp-content\\\/uploads\\\/2020\\\/11\\\/BLOC_RF_IHEDN_WEB.png\",\"width\":500,\"height\":237,\"caption\":\"IHEDN - Institut des Hautes Etudes de D\u00e9fense Nationale\"},\"image\":{\"@id\":\"https:\\\/\\\/ihedn.fr\\\/#\\\/schema\\\/logo\\\/image\\\/\"},\"sameAs\":[\"https:\\\/\\\/www.facebook.com\\\/ihedn\\\/\",\"https:\\\/\\\/x.com\\\/IHEDN\",\"https:\\\/\\\/www.instagram.com\\\/ihedn\\\/\",\"https:\\\/\\\/www.linkedin.com\\\/school\\\/ihedn\\\/\",\"https:\\\/\\\/fr.wikipedia.org\\\/wiki\\\/Institut_des_hautes_\u00e9tudes_de_D\u00e9fense_nationale\"]},{\"@type\":\"Person\",\"@id\":\"https:\\\/\\\/ihedn.fr\\\/#\\\/schema\\\/person\\\/7a52e81319c373f5462ade39e81a7f19\",\"name\":\"Coline Dassonville\",\"image\":{\"@type\":\"ImageObject\",\"inLanguage\":\"en-GB\",\"@id\":\"https:\\\/\\\/secure.gravatar.com\\\/avatar\\\/abc7cbc6297b987d7cbee36041f952619e584620b919eb849c804adf789c1147?s=96&d=mm&r=g\",\"url\":\"https:\\\/\\\/secure.gravatar.com\\\/avatar\\\/abc7cbc6297b987d7cbee36041f952619e584620b919eb849c804adf789c1147?s=96&d=mm&r=g\",\"contentUrl\":\"https:\\\/\\\/secure.gravatar.com\\\/avatar\\\/abc7cbc6297b987d7cbee36041f952619e584620b919eb849c804adf789c1147?s=96&d=mm&r=g\",\"caption\":\"Coline Dassonville\"},\"url\":\"https:\\\/\\\/ihedn.fr\\\/en\\\/author\\\/coline\\\/\"}]}<\/script>\n<!-- \/ Yoast SEO plugin. -->","yoast_head_json":{"title":"International Session for the Indopacific: a week of dialogue and cooperation - L'IHEDN : Institut des hautes \u00e9tudes de d\u00e9fense nationale","description":"The 242nd regional session of the Institut des hautes \u00e9tudes de d\u00e9fense nationale opened in the Hauts-de-France region at the Pr\u00e9fecture de l'Oise in Beauvais.","robots":{"index":"index","follow":"follow","max-snippet":"max-snippet:-1","max-image-preview":"max-image-preview:large","max-video-preview":"max-video-preview:-1"},"canonical":"https:\/\/ihedn.fr\/en\/notre-actualite\/session-internationale-pour-l-indopacifique-une-semaine-de-dialogue-et-de-cooperation\/","og_locale":"en_GB","og_type":"article","og_title":"Session internationale pour l\u2019Indopacifique : une semaine de dialogue et de coop\u00e9ration - L&#039;IHEDN : Institut des hautes \u00e9tudes de d\u00e9fense nationale","og_description":"La 242\u00e8me session en r\u00e9gion de l\u2019Institut des hautes \u00e9tudes de d\u00e9fense nationale s\u2019est ouverte dans les Hauts-de-France \u00e0 la Pr\u00e9fecture de l\u2019Oise \u00e0 Beauvais.","og_url":"https:\/\/ihedn.fr\/en\/notre-actualite\/session-internationale-pour-l-indopacifique-une-semaine-de-dialogue-et-de-cooperation\/","og_site_name":"L&#039;IHEDN : Institut des hautes \u00e9tudes de d\u00e9fense nationale","article_publisher":"https:\/\/www.facebook.com\/ihedn\/","article_published_time":"2025-11-18T16:38:30+00:00","article_modified_time":"2025-11-19T08:43:09+00:00","og_image":[{"width":1920,"height":1440,"url":"https:\/\/ihedn.fr\/wp-content\/uploads\/2025\/09\/242e-sr-3.jpeg","type":"image\/jpeg"}],"author":"Coline Dassonville","twitter_card":"summary_large_image","twitter_title":"Session internationale pour l\u2019Indopacifique : une semaine de dialogue et de coop\u00e9ration - L&#039;IHEDN : Institut des hautes \u00e9tudes de d\u00e9fense nationale","twitter_description":"La 242\u00e8me session en r\u00e9gion de l\u2019Institut des hautes \u00e9tudes de d\u00e9fense nationale s\u2019est ouverte dans les Hauts-de-France \u00e0 la Pr\u00e9fecture de l\u2019Oise \u00e0 Beauvais.","twitter_image":"https:\/\/ihedn.fr\/wp-content\/uploads\/2025\/09\/242e-sr-3.jpeg","twitter_creator":"@IHEDN","twitter_site":"@IHEDN","twitter_misc":{"Written by":"Coline Dassonville","Estimated reading time":"4 minutes"},"schema":{"@context":"https:\/\/schema.org","@graph":[{"@type":"Article","@id":"https:\/\/ihedn.fr\/notre-actualite\/session-internationale-pour-l-indopacifique-une-semaine-de-dialogue-et-de-cooperation\/#article","isPartOf":{"@id":"https:\/\/ihedn.fr\/notre-actualite\/session-internationale-pour-l-indopacifique-une-semaine-de-dialogue-et-de-cooperation\/"},"author":{"name":"Coline Dassonville","@id":"https:\/\/ihedn.fr\/#\/schema\/person\/7a52e81319c373f5462ade39e81a7f19"},"headline":"Session internationale pour l\u2019Indopacifique : une semaine de dialogue et de coop\u00e9ration","datePublished":"2025-11-18T16:38:30+00:00","dateModified":"2025-11-19T08:43:09+00:00","mainEntityOfPage":{"@id":"https:\/\/ihedn.fr\/notre-actualite\/session-internationale-pour-l-indopacifique-une-semaine-de-dialogue-et-de-cooperation\/"},"wordCount":655,"publisher":{"@id":"https:\/\/ihedn.fr\/#organization"},"image":{"@id":"https:\/\/ihedn.fr\/notre-actualite\/session-internationale-pour-l-indopacifique-une-semaine-de-dialogue-et-de-cooperation\/#primaryimage"},"thumbnailUrl":"https:\/\/ihedn.fr\/wp-content\/uploads\/2025\/11\/PHOTO3-PRL-ANNUALEX-JPN-20.10.jpg","articleSection":["Notre actualit\u00e9"],"inLanguage":"en-GB"},{"@type":"WebPage","@id":"https:\/\/ihedn.fr\/notre-actualite\/session-internationale-pour-l-indopacifique-une-semaine-de-dialogue-et-de-cooperation\/","url":"https:\/\/ihedn.fr\/notre-actualite\/session-internationale-pour-l-indopacifique-une-semaine-de-dialogue-et-de-cooperation\/","name":"International Session for the Indopacific: a week of dialogue and cooperation - L'IHEDN : Institut des hautes \u00e9tudes de d\u00e9fense nationale","isPartOf":{"@id":"https:\/\/ihedn.fr\/#website"},"primaryImageOfPage":{"@id":"https:\/\/ihedn.fr\/notre-actualite\/session-internationale-pour-l-indopacifique-une-semaine-de-dialogue-et-de-cooperation\/#primaryimage"},"image":{"@id":"https:\/\/ihedn.fr\/notre-actualite\/session-internationale-pour-l-indopacifique-une-semaine-de-dialogue-et-de-cooperation\/#primaryimage"},"thumbnailUrl":"https:\/\/ihedn.fr\/wp-content\/uploads\/2025\/11\/PHOTO3-PRL-ANNUALEX-JPN-20.10.jpg","datePublished":"2025-11-18T16:38:30+00:00","dateModified":"2025-11-19T08:43:09+00:00","description":"The 242nd regional session of the Institut des hautes \u00e9tudes de d\u00e9fense nationale opened in the Hauts-de-France region at the Pr\u00e9fecture de l'Oise in Beauvais.","breadcrumb":{"@id":"https:\/\/ihedn.fr\/notre-actualite\/session-internationale-pour-l-indopacifique-une-semaine-de-dialogue-et-de-cooperation\/#breadcrumb"},"inLanguage":"en-GB","potentialAction":[{"@type":"ReadAction","target":["https:\/\/ihedn.fr\/notre-actualite\/session-internationale-pour-l-indopacifique-une-semaine-de-dialogue-et-de-cooperation\/"]}]},{"@type":"ImageObject","inLanguage":"en-GB","@id":"https:\/\/ihedn.fr\/notre-actualite\/session-internationale-pour-l-indopacifique-une-semaine-de-dialogue-et-de-cooperation\/#primaryimage","url":"https:\/\/ihedn.fr\/wp-content\/uploads\/2025\/11\/PHOTO3-PRL-ANNUALEX-JPN-20.10.jpg","contentUrl":"https:\/\/ihedn.fr\/wp-content\/uploads\/2025\/11\/PHOTO3-PRL-ANNUALEX-JPN-20.10.jpg","width":1366,"height":910,"caption":"Session internationale pour l\u2019Indopacifique : une semaine de dialogue et de coop\u00e9ration"},{"@type":"BreadcrumbList","@id":"https:\/\/ihedn.fr\/notre-actualite\/session-internationale-pour-l-indopacifique-une-semaine-de-dialogue-et-de-cooperation\/#breadcrumb","itemListElement":[{"@type":"ListItem","position":1,"name":"Accueil","item":"https:\/\/ihedn.fr\/"},{"@type":"ListItem","position":2,"name":"Session internationale pour l\u2019Indopacifique : une semaine de dialogue et de coop\u00e9ration"}]},{"@type":"WebSite","@id":"https:\/\/ihedn.fr\/#website","url":"https:\/\/ihedn.fr\/","name":"IHEDN: Institut des hautes \u00e9tudes de d\u00e9fense nationale (Institute for Higher National Defence Studies)","description":"Official website of the IHEDN under the supervision of the Prime Minister.","publisher":{"@id":"https:\/\/ihedn.fr\/#organization"},"potentialAction":[{"@type":"SearchAction","target":{"@type":"EntryPoint","urlTemplate":"https:\/\/ihedn.fr\/?s={search_term_string}"},"query-input":{"@type":"PropertyValueSpecification","valueRequired":true,"valueName":"search_term_string"}}],"inLanguage":"en-GB"},{"@type":"Organization","@id":"https:\/\/ihedn.fr\/#organization","name":"IHEDN - Institute for Higher National Defence Studies","url":"https:\/\/ihedn.fr\/","logo":{"@type":"ImageObject","inLanguage":"en-GB","@id":"https:\/\/ihedn.fr\/#\/schema\/logo\/image\/","url":"https:\/\/ihedn.fr\/wp-content\/uploads\/2020\/11\/BLOC_RF_IHEDN_WEB.png","contentUrl":"https:\/\/ihedn.fr\/wp-content\/uploads\/2020\/11\/BLOC_RF_IHEDN_WEB.png","width":500,"height":237,"caption":"IHEDN - Institut des Hautes Etudes de D\u00e9fense Nationale"},"image":{"@id":"https:\/\/ihedn.fr\/#\/schema\/logo\/image\/"},"sameAs":["https:\/\/www.facebook.com\/ihedn\/","https:\/\/x.com\/IHEDN","https:\/\/www.instagram.com\/ihedn\/","https:\/\/www.linkedin.com\/school\/ihedn\/","https:\/\/fr.wikipedia.org\/wiki\/Institut_des_hautes_\u00e9tudes_de_D\u00e9fense_nationale"]},{"@type":"Person","@id":"https:\/\/ihedn.fr\/#\/schema\/person\/7a52e81319c373f5462ade39e81a7f19","name":"Coline Dassonville","image":{"@type":"ImageObject","inLanguage":"en-GB","@id":"https:\/\/secure.gravatar.com\/avatar\/abc7cbc6297b987d7cbee36041f952619e584620b919eb849c804adf789c1147?s=96&d=mm&r=g","url":"https:\/\/secure.gravatar.com\/avatar\/abc7cbc6297b987d7cbee36041f952619e584620b919eb849c804adf789c1147?s=96&d=mm&r=g","contentUrl":"https:\/\/secure.gravatar.com\/avatar\/abc7cbc6297b987d7cbee36041f952619e584620b919eb849c804adf789c1147?s=96&d=mm&r=g","caption":"Coline Dassonville"},"url":"https:\/\/ihedn.fr\/en\/author\/coline\/"}]}},"publishpress_future_action":{"enabled":false,"date":"2026-05-06 22:30:31","action":"change-status","newStatus":"draft","terms":[],"taxonomy":"category","extraData":[]},"publishpress_future_workflow_manual_trigger":{"enabledWorkflows":[]},"_links":{"self":[{"href":"https:\/\/ihedn.fr\/en\/wp-json\/wp\/v2\/posts\/56811","targetHints":{"allow":["GET"]}}],"collection":[{"href":"https:\/\/ihedn.fr\/en\/wp-json\/wp\/v2\/posts"}],"about":[{"href":"https:\/\/ihedn.fr\/en\/wp-json\/wp\/v2\/types\/post"}],"author":[{"embeddable":true,"href":"https:\/\/ihedn.fr\/en\/wp-json\/wp\/v2\/users\/14"}],"replies":[{"embeddable":true,"href":"https:\/\/ihedn.fr\/en\/wp-json\/wp\/v2\/comments?post=56811"}],"version-history":[{"count":13,"href":"https:\/\/ihedn.fr\/en\/wp-json\/wp\/v2\/posts\/56811\/revisions"}],"predecessor-version":[{"id":56859,"href":"https:\/\/ihedn.fr\/en\/wp-json\/wp\/v2\/posts\/56811\/revisions\/56859"}],"wp:featuredmedia":[{"embeddable":true,"href":"https:\/\/ihedn.fr\/en\/wp-json\/wp\/v2\/media\/56817"}],"wp:attachment":[{"href":"https:\/\/ihedn.fr\/en\/wp-json\/wp\/v2\/media?parent=56811"}],"wp:term":[{"taxonomy":"category","embeddable":true,"href":"https:\/\/ihedn.fr\/en\/wp-json\/wp\/v2\/categories?post=56811"},{"taxonomy":"post_tag","embeddable":true,"href":"https:\/\/ihedn.fr\/en\/wp-json\/wp\/v2\/tags?post=56811"}],"curies":[{"name":"wp","href":"https:\/\/api.w.org\/{rel}","templated":true}]}}