{"id":57286,"date":"2025-12-05T16:19:11","date_gmt":"2025-12-05T15:19:11","guid":{"rendered":"https:\/\/ihedn.fr\/?p=57286"},"modified":"2025-12-15T14:13:05","modified_gmt":"2025-12-15T13:13:05","slug":"le-service-militaire-contribution-de-la-societe-a-la-defense-nationale","status":"publish","type":"post","link":"https:\/\/ihedn.fr\/en\/mediatheque\/lundis-de-lihedn-mediatheque\/le-service-militaire-contribution-de-la-societe-a-la-defense-nationale\/","title":{"rendered":"Military service, \u00absociety's contribution to national defence\u00bb"},"content":{"rendered":"<div data-elementor-type=\"wp-post\" data-elementor-id=\"57286\" class=\"elementor elementor-57286\" data-elementor-post-type=\"post\">\n\t\t\t\t<div data-particle_enable=\"false\" data-particle-mobile-disabled=\"false\" class=\"elementor-element elementor-element-db382be e-flex e-con-boxed e-con e-parent\" data-id=\"db382be\" data-element_type=\"container\" data-e-type=\"container\">\n\t\t\t\t\t<div class=\"e-con-inner\">\n\t\t\t\t<div class=\"elementor-element elementor-element-7af39d5 elementor-widget elementor-widget-heading\" data-id=\"7af39d5\" data-element_type=\"widget\" data-e-type=\"widget\" data-widget_type=\"heading.default\">\n\t\t\t\t<div class=\"elementor-widget-container\">\n\t\t\t\t\t<h5 class=\"elementor-heading-title elementor-size-default\">IHEDN Mondays are now available in audio format!<\/h5>\t\t\t\t<\/div>\n\t\t\t\t<\/div>\n\t\t\t\t<div class=\"elementor-element elementor-element-493529d elementor-widget elementor-widget-text-editor\" data-id=\"493529d\" data-element_type=\"widget\" data-e-type=\"widget\" data-widget_type=\"text-editor.default\">\n\t\t\t\t<div class=\"elementor-widget-container\">\n\t\t\t\t\t\t\t\t\t<p>Click below to listen:<\/p>\t\t\t\t\t\t\t\t<\/div>\n\t\t\t\t<\/div>\n\t\t\t\t<div class=\"elementor-element elementor-element-5ff5b0d elementor-widget elementor-widget-html\" data-id=\"5ff5b0d\" data-element_type=\"widget\" data-e-type=\"widget\" data-widget_type=\"html.default\">\n\t\t\t\t<div class=\"elementor-widget-container\">\n\t\t\t\t\t<style>\n.player-container-1 {\n  width: 100%;\n  padding: 10px;\n  border-radius: 20px;\n  backdrop-filter: blur(15px);\n  background: rgba(255,255,255,0.15);\n  box-shadow: 0 3px 30px rgba(0,0,0,0.2);\n  display: flex;\n  flex-direction: inline;\n  align-items: flex-start;\n  color: #fff;\n  margin: 0 auto;\n  background-color: #053973;\n}\n\n#waveform-1 {\n  width: 100%;\n  height: 50px;\n  margin-bottom: 20px;\n}\n\n.controls-1 {\n  display: flex;\n  flex-direction: column;\n  align-items: center;\n  gap: 5px;\n}\n\n#playPause-1 {\n  width: 45px;\n  height: 45px;\n  border: none;\n  background: rgba(255,255,255,0.3);\n  backdrop-filter: blur(5px);\n  border-radius: 50%;\n  cursor: pointer;\n  display: flex;\n  justify-content: center;\n  align-items: center;\n  transition: background 0.2s;\n  padding: 0;\n}\n\n#playPause-1:hover {\n  background: rgba(255,255,255,0.5);\n}\n\n#playPause-1 svg {\n  width: 20px;\n  height: 20px;\n  fill: #fff;\n}\n\n#time-1 {\n  font-size: 16px;\n  text-align: center;\n  min-width: 80px;\n}\n\n.top-controls-1 {\n  width: 100%;\n  display: flex;\n  justify-content: space-between; \/* Play \u00e0 gauche \/ Time \u00e0 droite *\/\n  align-items: center;\n  margin-bottom: 5px;\n}\n\n.player-container-1 {\n  display: flex;\n  flex-direction: column;\n}\n\n#time-1 {\n  font-size: 16px;\n  text-align: right;\n}\n\n.player-container-1 {\n  width: 100%;\n  padding: 20px;\n  border-radius: 20px;\n  backdrop-filter: blur(15px);\n  background: rgba(255,255,255,0.15);\n  box-shadow: 0 3px 30px rgba(0,0,0,0.2);\n  display: flex;                   \/* LAYOUT EN LIGNE *\/\n  flex-direction: row;             \/* tout sur une seule ligne *\/\n  align-items: center;             \/* vertical alignment *\/\n  gap: 20px;                       \/* espace entre \u00e9l\u00e9ments *\/\n  color: #fff;\n  margin: 0 auto;\n  background-color: #053973;\n}\n\n#waveform-1 {\n  flex: 1;                         \/* prend toute la place disponible *\/\n  height: 50px;\n  align-items: center;\n}\n\n#time-1 {\n  min-width: 80px;\n  text-align: right;\n} \n<\/style>\n\n<script src=\"https:\/\/unpkg.com\/wavesurfer.js\"><\/script>\n\n<section>\n<div class=\"player-container-1\">\n\n  <button id=\"playPause-1\">\n    <!-- ton SVG Play -->\n    <svg version=\"1.1\" id=\"playSVG-1\" xmlns=\"http:\/\/www.w3.org\/2000\/svg\" x=\"0px\" y=\"0px\" viewbox=\"0 0 330 330\">\n      <path d=\"M37.728,328.12c2.266,1.256,4.77,1.88,7.272,1.88c2.763,0,5.522-0.763,7.95-2.28l240-149.999      c4.386-2.741,7.05-7.548,7.05-12.72c0-5.172-2.664-9.979-7.05-12.72L52.95,2.28c-4.625-2.891-10.453-3.043-15.222-0.4      C32.959,4.524,30,9.547,30,15v300C30,320.453,32.959,325.476,37.728,328.12z\"\/>\n    <\/svg>\n  <\/button>\n\n  <div id=\"waveform-1\"><\/div>\n\n  <span id=\"time-1\">00:00 \/ 00:00<\/span>\n\n<\/div>\n\n  <!-- waveform en dessous -->\n  <div id=\"waveform-1\"><\/div>\n\n\n<\/section>\n\n<section>\n<script>\n\nconst wavesurfer1 = WaveSurfer.create({\n    container: '#waveform-1',\n    waveColor: 'rgba(255,255,255,0.4)',\n    progressColor: '#fff',\n    cursorColor: '#fff',\n    barWidth: 3,\n    barRadius: 3,\n    height: 50,\n    responsive: true,\n    normalize: true\n});\n\n\/\/ Charge ton fichier audio depuis le site WordPress\nwavesurfer1.load('https:\/\/ihedn.fr\/wp-content\/uploads\/2025\/12\/audio-2025-12-08-service-militaire-volontaire.mp3');\n\nconst playBtn1 = document.getElementById('playPause-1');\nconst timeDisplay1 = document.getElementById('time-1');\n\n\/\/ SVGs\nconst playSVG1 = `<svg version=\"1.1\" id=\"playSVG-1\" xmlns=\"http:\/\/www.w3.org\/2000\/svg\" x=\"0px\" y=\"0px\" viewBox=\"0 0 330 330\">\n<path d=\"M37.728,328.12c2.266,1.256,4.77,1.88,7.272,1.88c2.763,0,5.522-0.763,7.95-2.28l240-149.999\nc4.386-2.741,7.05-7.548,7.05-12.72c0-5.172-2.664-9.979-7.05-12.72L52.95,2.28c-4.625-2.891-10.453-3.043-15.222-0.4\nC32.959,4.524,30,9.547,30,15v300C30,320.453,32.959,325.476,37.728,328.12z\"\/>\n<\/svg>`;\n\nconst pauseSVG1 = `<svg xmlns=\"http:\/\/www.w3.org\/2000\/svg\" viewBox=\"0 0 330 330\" width=\"100%\" height=\"100%\" fill=\"#fff\">\n  <rect x=\"60\" y=\"30\" width=\"80\" height=\"270\"\/>\n  <rect x=\"190\" y=\"30\" width=\"80\" height=\"270\"\/>\n<\/svg>`;\n\n\/\/ Play\/Pause switch\nplayBtn1.addEventListener('click', () => {\n    wavesurfer1.playPause();\n    playBtn1.innerHTML = wavesurfer1.isPlaying() ? pauseSVG1 : playSVG1;\n});\n\n\/\/ Update time display\nfunction formatTime(sec) {\n    const m = Math.floor(sec \/ 60);\n    const s = Math.floor(sec % 60);\n    return m.toString().padStart(2,'0') + ':' + s.toString().padStart(2,'0');\n}\n\nwavesurfer1.on('audioprocess', () => {\n    const current = wavesurfer1.getCurrentTime();\n    const duration = wavesurfer1.getDuration();\n    timeDisplay1.textContent = formatTime(current) + ' \/ ' + formatTime(duration);\n});\n\nwavesurfer1.on('ready', () => {\n    const duration = wavesurfer1.getDuration();\n    timeDisplay1.textContent = '00:00 \/ ' + formatTime(duration);\n});\n<\/script>\n<\/section>\t\t\t\t<\/div>\n\t\t\t\t<\/div>\n\t\t\t\t\t<\/div>\n\t\t\t\t<\/div>\n\t\t<div data-particle_enable=\"false\" data-particle-mobile-disabled=\"false\" class=\"elementor-element elementor-element-016092b e-flex e-con-boxed e-con e-parent\" data-id=\"016092b\" data-element_type=\"container\" data-e-type=\"container\">\n\t\t\t\t\t<div class=\"e-con-inner\">\n\t\t\t\t<div class=\"elementor-element elementor-element-341527c elementor-widget elementor-widget-text-editor\" data-id=\"341527c\" data-element_type=\"widget\" data-e-type=\"widget\" data-widget_type=\"text-editor.default\">\n\t\t\t\t<div class=\"elementor-widget-container\">\n\t\t\t\t\t\t\t\t\t<p>On 27 November, during a visit to the 27th<sup>e<\/sup> Mountain Infantry Brigade (BIM) in Varces, Is\u00e8re, <a href=\"https:\/\/www.vie-publique.fr\/discours\/301129-emmanuel-macron-27112025-service-national\">French President Emmanuel Macron has outlined the details of the return of national service in France.<\/a>, from 2026 onwards. Whereas it was compulsory from its adoption in 1798 until its suspension in 1997, it will now be voluntary.<\/p><p>On the European continent, voluntary service is also the most common model. And while many countries have not yet reinstated the military service they abolished in the 1960s, the question of its return is being raised almost everywhere, in one form or another. Only Malta and Ireland have never had national service, relying instead on a fully professional army for their defence. Conversely, Austria, Denmark, Estonia, Finland, Greece and Cyprus have never abolished or suspended conscription.<\/p><p>The first European country to reinstate its national service was Lithuania, in 2015, after Russia's annexation of Crimea. \u00abThis annexation came as no surprise to anyone in the country, where the Russian threat has always been known,\u00bb says Lithuanian researcher \u017divil\u0117 Kalibatait\u0117, deputy director of studies and research at IHEDN:<\/p>\t\t\t\t\t\t\t\t<\/div>\n\t\t\t\t<\/div>\n\t\t\t\t<div class=\"elementor-element elementor-element-4a49730 elementor-widget elementor-widget-text-editor\" data-id=\"4a49730\" data-element_type=\"widget\" data-e-type=\"widget\" data-widget_type=\"text-editor.default\">\n\t\t\t\t<div class=\"elementor-widget-container\">\n\t\t\t\t\t\t\t\t\t<p>\u00abThe territory is small and borders Russia, specifically its Kaliningrad enclave. This geographical position makes Lithuania more exposed. But beyond this factor, the idea behind this restoration was also to comply with Article 3 of the North Atlantic Treaty, which requires members to strengthen their military capabilities. In Lithuania, NATO guarantees are the cornerstone of national defence.\u00bb<\/p>\t\t\t\t\t\t\t\t<\/div>\n\t\t\t\t<\/div>\n\t\t\t\t<div class=\"elementor-element elementor-element-dae96f7 elementor-widget elementor-widget-text-editor\" data-id=\"dae96f7\" data-element_type=\"widget\" data-e-type=\"widget\" data-widget_type=\"text-editor.default\">\n\t\t\t\t<div class=\"elementor-widget-container\">\n\t\t\t\t\t\t\t\t\t<p>Since 2015, Lithuanian national service has lasted nine months and initially applied to men aged 18 to 26 who were included on a list drawn up each year based on the needs of the armed forces. Volunteering is the first way to meet these needs. If the quota is not filled, a random draw is held from the list. Women of the same age can also volunteer.<\/p>\t\t\t\t\t\t\t\t<\/div>\n\t\t\t\t<\/div>\n\t\t\t\t\t<\/div>\n\t\t\t\t<\/div>\n\t\t<div data-particle_enable=\"false\" data-particle-mobile-disabled=\"false\" class=\"elementor-element elementor-element-e8937ab e-con-full e-flex e-con e-parent\" data-id=\"e8937ab\" data-element_type=\"container\" data-e-type=\"container\">\n\t\t\t\t<div class=\"elementor-element elementor-element-6b1815b elementor-widget elementor-widget-heading\" data-id=\"6b1815b\" data-element_type=\"widget\" data-e-type=\"widget\" data-widget_type=\"heading.default\">\n\t\t\t\t<div class=\"elementor-widget-container\">\n\t\t\t\t\t<h2 class=\"elementor-heading-title elementor-size-default\">IN LITHUANIA, MEN AND WOMEN AGED 18 TO 39 CAN APPLY<\/h2>\t\t\t\t<\/div>\n\t\t\t\t<\/div>\n\t\t\t\t<div class=\"elementor-element elementor-element-c9d49ff elementor-widget-divider--view-line elementor-widget elementor-widget-divider\" data-id=\"c9d49ff\" data-element_type=\"widget\" data-e-type=\"widget\" data-widget_type=\"divider.default\">\n\t\t\t\t<div class=\"elementor-widget-container\">\n\t\t\t\t\t\t\t<div class=\"elementor-divider\">\n\t\t\t<span class=\"elementor-divider-separator\">\n\t\t\t\t\t\t<\/span>\n\t\t<\/div>\n\t\t\t\t\t\t<\/div>\n\t\t\t\t<\/div>\n\t\t<div data-particle_enable=\"false\" data-particle-mobile-disabled=\"false\" class=\"elementor-element elementor-element-408629c e-con-full e-flex e-con e-child\" data-id=\"408629c\" data-element_type=\"container\" data-e-type=\"container\">\n\t\t\t\t<div class=\"elementor-element elementor-element-5e7b53a elementor-widget elementor-widget-text-editor\" data-id=\"5e7b53a\" data-element_type=\"widget\" data-e-type=\"widget\" data-widget_type=\"text-editor.default\">\n\t\t\t\t<div class=\"elementor-widget-container\">\n\t\t\t\t\t\t\t\t\t<p>After lowering the maximum age to 23 in 2020, a reform will come into force in 2026, further reducing the age range on the list to 18 to 22. \u00abPreviously, those over 23 were the most represented, which was problematic because they are at the beginning of their careers and sometimes already have families,\u00bb explains the Lithuanian political scientist, who has been living in France since completing her PhD. \u00abThe government's objective is to prioritise the recruitment of 18-19 year olds, before they start their studies.\u00bb<\/p><p>With this reform, the government also intends to reaffirm a possibility: outside of the pre-established list, all Lithuanian men and women aged 18 to 39 can volunteer. \u00abIn this case, conscripts are paid an additional 30% and can choose their unit,\u00bb says \u017divil\u0117 Kalibatait\u0117.<\/p><p>For next year, the goal is to recruit 5,000 conscripts, compared to 3,000 in 2015, the year of re-establishment. After their service, they will join the reserve army for a period of 15 years in 2026 (in 2015, it was 10 years). In 2024, the Lithuanian army had 12,000 professional soldiers and 30,000 reservists. The government intends to increase the latter figure to 51,000 by 2030.<\/p><p>In addition to providing reserves, national service has other advantages, according to \u017divil\u0117 Kalibatait\u0117:<\/p>\t\t\t\t\t\t\t\t<\/div>\n\t\t\t\t<\/div>\n\t\t\t\t<\/div>\n\t\t\t\t<div class=\"elementor-element elementor-element-d76686e elementor-widget elementor-widget-text-editor\" data-id=\"d76686e\" data-element_type=\"widget\" data-e-type=\"widget\" data-widget_type=\"text-editor.default\">\n\t\t\t\t<div class=\"elementor-widget-container\">\n\t\t\t\t\t\t\t\t\t<p>\u00abIt makes the professional army more attractive and complements it with highly specific skills from civil society. Ultimately, the idea is to create conditions that facilitate the transition to compulsory military service.\u00bb<\/p>\t\t\t\t\t\t\t\t<\/div>\n\t\t\t\t<\/div>\n\t\t\t\t<div class=\"elementor-element elementor-element-7cffdc6 elementor-widget elementor-widget-text-editor\" data-id=\"7cffdc6\" data-element_type=\"widget\" data-e-type=\"widget\" data-widget_type=\"text-editor.default\">\n\t\t\t\t<div class=\"elementor-widget-container\">\n\t\t\t\t\t\t\t\t\t<p>In 2026, the reform of Lithuanian national service will be driven by this very telling slogan: \u00abStrengthening society's contribution to national defence.\u00bb\u00a0<\/p>\t\t\t\t\t\t\t\t<\/div>\n\t\t\t\t<\/div>\n\t\t\t\t<\/div>\n\t\t<div data-particle_enable=\"false\" data-particle-mobile-disabled=\"false\" class=\"elementor-element elementor-element-89adb51 e-con-full e-flex e-con e-parent\" data-id=\"89adb51\" data-element_type=\"container\" data-e-type=\"container\">\n\t\t\t\t<div class=\"elementor-element elementor-element-25ee1aa elementor-widget elementor-widget-spacer\" data-id=\"25ee1aa\" data-element_type=\"widget\" data-e-type=\"widget\" data-widget_type=\"spacer.default\">\n\t\t\t\t<div class=\"elementor-widget-container\">\n\t\t\t\t\t\t\t<div class=\"elementor-spacer\">\n\t\t\t<div class=\"elementor-spacer-inner\"><\/div>\n\t\t<\/div>\n\t\t\t\t\t\t<\/div>\n\t\t\t\t<\/div>\n\t\t\t\t<div class=\"elementor-element elementor-element-c427087 elementor-widget elementor-widget-heading\" data-id=\"c427087\" data-element_type=\"widget\" data-e-type=\"widget\" data-widget_type=\"heading.default\">\n\t\t\t\t<div class=\"elementor-widget-container\">\n\t\t\t\t\t<h2 class=\"elementor-heading-title elementor-size-default\">IN LATVIA, COMPULSORY SERVICE FOR MEN AGED 18 TO 27<\/h2>\t\t\t\t<\/div>\n\t\t\t\t<\/div>\n\t\t\t\t<div class=\"elementor-element elementor-element-7438ec7 elementor-widget-divider--view-line elementor-widget elementor-widget-divider\" data-id=\"7438ec7\" data-element_type=\"widget\" data-e-type=\"widget\" data-widget_type=\"divider.default\">\n\t\t\t\t<div class=\"elementor-widget-container\">\n\t\t\t\t\t\t\t<div class=\"elementor-divider\">\n\t\t\t<span class=\"elementor-divider-separator\">\n\t\t\t\t\t\t<\/span>\n\t\t<\/div>\n\t\t\t\t\t\t<\/div>\n\t\t\t\t<\/div>\n\t\t<div data-particle_enable=\"false\" data-particle-mobile-disabled=\"false\" class=\"elementor-element elementor-element-0194cd6 e-con-full e-flex e-con e-child\" data-id=\"0194cd6\" data-element_type=\"container\" data-e-type=\"container\">\n\t\t\t\t<div class=\"elementor-element elementor-element-ce2ab57 elementor-widget elementor-widget-text-editor\" data-id=\"ce2ab57\" data-element_type=\"widget\" data-e-type=\"widget\" data-widget_type=\"text-editor.default\">\n\t\t\t\t<div class=\"elementor-widget-container\">\n\t\t\t\t\t\t\t\t\t<p>Neighbouring Lithuania and Russia, Latvia decided in 2023 to reinstate compulsory military service for men aged 18 to 27, which came into effect in 2024. \u00abThere were not enough volunteers to serve in the professional army,\u00bb explains Toms Rostoks, director of the Centre for Security and Strategic Research at the Latvian National Defence Academy:<\/p>\t\t\t\t\t\t\t\t<\/div>\n\t\t\t\t<\/div>\n\t\t\t\t<\/div>\n\t\t\t\t<div class=\"elementor-element elementor-element-902468b elementor-widget elementor-widget-text-editor\" data-id=\"902468b\" data-element_type=\"widget\" data-e-type=\"widget\" data-widget_type=\"text-editor.default\">\n\t\t\t\t<div class=\"elementor-widget-container\">\n\t\t\t\t\t\t\t\t\t<p>\u00abThere was strong demand to join the National Guard, but existing professional units lacked manpower. The war in Ukraine demonstrated the importance of mass and reserve forces; consequently, the reintroduction of conscription was a means of generating a larger army and reserve force.\u00bb<\/p>\t\t\t\t\t\t\t\t<\/div>\n\t\t\t\t<\/div>\n\t\t\t\t<div class=\"elementor-element elementor-element-323c1cd elementor-widget elementor-widget-text-editor\" data-id=\"323c1cd\" data-element_type=\"widget\" data-e-type=\"widget\" data-widget_type=\"text-editor.default\">\n\t\t\t\t<div class=\"elementor-widget-container\">\n\t\t\t\t\t\t\t\t\t<p>The Latvian professional army currently has 8,000 professional soldiers, and the National Guard has 10,000. In 2025, 1,000 conscripts joined the army, and the target for 2026 is 1,500. The system should be fully operational in 2028. Initially, \u00abthe army's ability to train the number of conscripts the government wants has been problematic,\u00bb says the Latvian researcher. \u00abThe army does not have enough infrastructure and qualified instructors to train the targets.\u00bb<\/p><p>Lasting 11 months, conscription is divided into 5 months of training and 6 months of service in units. \u00abConscripts are used in various roles, but the idea is that they will be ready to perform combat roles after completing their military training,\u00bb explains Toms Rostoks. And as in Lithuania, service helps to feed the reserve army:<\/p>\t\t\t\t\t\t\t\t<\/div>\n\t\t\t\t<\/div>\n\t\t\t\t<div class=\"elementor-element elementor-element-a5452dc elementor-widget elementor-widget-text-editor\" data-id=\"a5452dc\" data-element_type=\"widget\" data-e-type=\"widget\" data-widget_type=\"text-editor.default\">\n\t\t\t\t<div class=\"elementor-widget-container\">\n\t\t\t\t\t\t\t\t\t<p>\u00abConscripts join the active reserve after their service. Before that, they have acquired various skills: survival techniques, the ability to use weapons and other military equipment, and potentially training in one of the many specific professions in the army (e.g. driving a Patria armoured personnel carrier). The army also uses conscription as a recruitment tool. Many conscripts choose to sign a contract after their service to become professional soldiers.\u00bb<\/p>\t\t\t\t\t\t\t\t<\/div>\n\t\t\t\t<\/div>\n\t\t\t\t<div class=\"elementor-element elementor-element-0f16c78 elementor-widget elementor-widget-text-editor\" data-id=\"0f16c78\" data-element_type=\"widget\" data-e-type=\"widget\" data-widget_type=\"text-editor.default\">\n\t\t\t\t<div class=\"elementor-widget-container\">\n\t\t\t\t\t\t\t\t\t<p>Pending the necessary infrastructure adjustments, the national service programme has had a largely positive impact in Latvia. However, this was not a foregone conclusion, as the researcher explains:<\/p>\t\t\t\t\t\t\t\t<\/div>\n\t\t\t\t<\/div>\n\t\t\t\t<div class=\"elementor-element elementor-element-4f4574e elementor-widget elementor-widget-text-editor\" data-id=\"4f4574e\" data-element_type=\"widget\" data-e-type=\"widget\" data-widget_type=\"text-editor.default\">\n\t\t\t\t<div class=\"elementor-widget-container\">\n\t\t\t\t\t\t\t\t\t<p>\u00abConscription was highly unpopular during the Soviet era, and even after Latvia regained its independence from the USSR in 1991. Latvia's current military organisation is structured and operates differently. As a result, the army is one of the most popular government institutions. Since its reintroduction in 2023, public opinion has been overwhelmingly positive, and is becoming increasingly so.\u00bb<\/p>\t\t\t\t\t\t\t\t<\/div>\n\t\t\t\t<\/div>\n\t\t\t\t<div class=\"elementor-element elementor-element-a3f2840 elementor-widget elementor-widget-text-editor\" data-id=\"a3f2840\" data-element_type=\"widget\" data-e-type=\"widget\" data-widget_type=\"text-editor.default\">\n\t\t\t\t<div class=\"elementor-widget-container\">\n\t\t\t\t\t\t\t\t\t<p>At one point, the government also considered compulsory conscription for women. \u00abBut it seems that this will not happen, as the majority of the public is opposed to it,\u00bb says Toms Rostoks. However, women can still volunteer. More broadly, Latvia wants to encourage volunteering: volunteers receive a monthly allowance that is twice as high as that paid to conscripts.<\/p>\t\t\t\t\t\t\t\t<\/div>\n\t\t\t\t<\/div>\n\t\t\t\t<\/div>\n\t\t\t\t<\/div>","protected":false},"excerpt":{"rendered":"<p>In Europe, national service is implemented in very different ways depending on the country. Researchers \u017divil\u0117 Kalibatait\u0117 and Toms Rostoks take a closer look at the arrangements in place in two countries that have reintroduced conscription: Lithuania in 2015 and Latvia in 2024.<\/p>","protected":false},"author":14,"featured_media":57289,"comment_status":"closed","ping_status":"closed","sticky":false,"template":"","format":"standard","meta":{"footnotes":""},"categories":[62,171],"tags":[],"class_list":["post-57286","post","type-post","status-publish","format-standard","has-post-thumbnail","hentry","category-lundis-de-lihedn-mediatheque","category-notre-selection"],"yoast_head":"<!-- This site is optimized with the Yoast SEO plugin v27.5 - https:\/\/yoast.com\/product\/yoast-seo-wordpress\/ -->\n<title>Le service militaire, \u00ab contribution de la soci\u00e9t\u00e9 \u00e0 la d\u00e9fense nationale \u00bb - L&#039;IHEDN : Institut des hautes \u00e9tudes de d\u00e9fense nationale<\/title>\n<meta name=\"robots\" content=\"index, follow, max-snippet:-1, max-image-preview:large, max-video-preview:-1\" \/>\n<link rel=\"canonical\" href=\"https:\/\/ihedn.fr\/en\/mediatheque\/lundis-de-lihedn-mediatheque\/le-service-militaire-contribution-de-la-societe-a-la-defense-nationale\/\" \/>\n<meta property=\"og:locale\" content=\"en_GB\" \/>\n<meta property=\"og:type\" content=\"article\" \/>\n<meta property=\"og:title\" content=\"Le service militaire, \u00ab contribution de la soci\u00e9t\u00e9 \u00e0 la d\u00e9fense nationale \u00bb - L&#039;IHEDN : Institut des hautes \u00e9tudes de d\u00e9fense nationale\" \/>\n<meta property=\"og:description\" content=\"En Europe, le service national conna\u00eet des applications tr\u00e8s vari\u00e9es selon les pays. Zoom sur les modalit\u00e9s en vigueur dans deux \u00c9tats ayant r\u00e9tabli une conscription, la Lituanie d\u00e8s 2015 et la Lettonie en 2024, avec les chercheurs \u017divil\u0117 Kalibatait\u0117 et Toms Rostoks.\" \/>\n<meta property=\"og:url\" content=\"https:\/\/ihedn.fr\/en\/mediatheque\/lundis-de-lihedn-mediatheque\/le-service-militaire-contribution-de-la-societe-a-la-defense-nationale\/\" \/>\n<meta property=\"og:site_name\" content=\"L&#039;IHEDN : Institut des hautes \u00e9tudes de d\u00e9fense nationale\" \/>\n<meta property=\"article:publisher\" content=\"https:\/\/www.facebook.com\/ihedn\/\" \/>\n<meta property=\"article:published_time\" content=\"2025-12-05T15:19:11+00:00\" \/>\n<meta property=\"article:modified_time\" content=\"2025-12-15T13:13:05+00:00\" \/>\n<meta property=\"og:image\" content=\"https:\/\/ihedn.fr\/wp-content\/uploads\/2025\/12\/BANDEAU_LIH_SVM.jpg\" \/>\n\t<meta property=\"og:image:width\" content=\"1920\" \/>\n\t<meta property=\"og:image:height\" content=\"1080\" \/>\n\t<meta property=\"og:image:type\" content=\"image\/jpeg\" \/>\n<meta name=\"author\" content=\"Coline Dassonville\" \/>\n<meta name=\"twitter:card\" content=\"summary_large_image\" \/>\n<meta name=\"twitter:creator\" content=\"@IHEDN\" \/>\n<meta name=\"twitter:site\" content=\"@IHEDN\" \/>\n<meta name=\"twitter:label1\" content=\"Written by\" \/>\n\t<meta name=\"twitter:data1\" content=\"Coline Dassonville\" \/>\n\t<meta name=\"twitter:label2\" content=\"Estimated reading time\" \/>\n\t<meta name=\"twitter:data2\" content=\"6 minutes\" \/>\n<script type=\"application\/ld+json\" class=\"yoast-schema-graph\">{\"@context\":\"https:\\\/\\\/schema.org\",\"@graph\":[{\"@type\":\"Article\",\"@id\":\"https:\\\/\\\/ihedn.fr\\\/mediatheque\\\/lundis-de-lihedn-mediatheque\\\/le-service-militaire-contribution-de-la-societe-a-la-defense-nationale\\\/#article\",\"isPartOf\":{\"@id\":\"https:\\\/\\\/ihedn.fr\\\/mediatheque\\\/lundis-de-lihedn-mediatheque\\\/le-service-militaire-contribution-de-la-societe-a-la-defense-nationale\\\/\"},\"author\":{\"name\":\"Coline Dassonville\",\"@id\":\"https:\\\/\\\/ihedn.fr\\\/#\\\/schema\\\/person\\\/7a52e81319c373f5462ade39e81a7f19\"},\"headline\":\"Le service militaire, \u00ab contribution de la soci\u00e9t\u00e9 \u00e0 la d\u00e9fense nationale \u00bb\",\"datePublished\":\"2025-12-05T15:19:11+00:00\",\"dateModified\":\"2025-12-15T13:13:05+00:00\",\"mainEntityOfPage\":{\"@id\":\"https:\\\/\\\/ihedn.fr\\\/mediatheque\\\/lundis-de-lihedn-mediatheque\\\/le-service-militaire-contribution-de-la-societe-a-la-defense-nationale\\\/\"},\"wordCount\":1259,\"publisher\":{\"@id\":\"https:\\\/\\\/ihedn.fr\\\/#organization\"},\"image\":{\"@id\":\"https:\\\/\\\/ihedn.fr\\\/mediatheque\\\/lundis-de-lihedn-mediatheque\\\/le-service-militaire-contribution-de-la-societe-a-la-defense-nationale\\\/#primaryimage\"},\"thumbnailUrl\":\"https:\\\/\\\/ihedn.fr\\\/wp-content\\\/uploads\\\/2025\\\/12\\\/BANDEAU_LIH_SVM.jpg\",\"articleSection\":[\"Lundis de l'IHedn\",\"Notre s\u00e9lection\"],\"inLanguage\":\"en-GB\"},{\"@type\":\"WebPage\",\"@id\":\"https:\\\/\\\/ihedn.fr\\\/mediatheque\\\/lundis-de-lihedn-mediatheque\\\/le-service-militaire-contribution-de-la-societe-a-la-defense-nationale\\\/\",\"url\":\"https:\\\/\\\/ihedn.fr\\\/mediatheque\\\/lundis-de-lihedn-mediatheque\\\/le-service-militaire-contribution-de-la-societe-a-la-defense-nationale\\\/\",\"name\":\"Le service militaire, \u00ab contribution de la soci\u00e9t\u00e9 \u00e0 la d\u00e9fense nationale \u00bb - L&#039;IHEDN : Institut des hautes \u00e9tudes de d\u00e9fense nationale\",\"isPartOf\":{\"@id\":\"https:\\\/\\\/ihedn.fr\\\/#website\"},\"primaryImageOfPage\":{\"@id\":\"https:\\\/\\\/ihedn.fr\\\/mediatheque\\\/lundis-de-lihedn-mediatheque\\\/le-service-militaire-contribution-de-la-societe-a-la-defense-nationale\\\/#primaryimage\"},\"image\":{\"@id\":\"https:\\\/\\\/ihedn.fr\\\/mediatheque\\\/lundis-de-lihedn-mediatheque\\\/le-service-militaire-contribution-de-la-societe-a-la-defense-nationale\\\/#primaryimage\"},\"thumbnailUrl\":\"https:\\\/\\\/ihedn.fr\\\/wp-content\\\/uploads\\\/2025\\\/12\\\/BANDEAU_LIH_SVM.jpg\",\"datePublished\":\"2025-12-05T15:19:11+00:00\",\"dateModified\":\"2025-12-15T13:13:05+00:00\",\"breadcrumb\":{\"@id\":\"https:\\\/\\\/ihedn.fr\\\/mediatheque\\\/lundis-de-lihedn-mediatheque\\\/le-service-militaire-contribution-de-la-societe-a-la-defense-nationale\\\/#breadcrumb\"},\"inLanguage\":\"en-GB\",\"potentialAction\":[{\"@type\":\"ReadAction\",\"target\":[\"https:\\\/\\\/ihedn.fr\\\/mediatheque\\\/lundis-de-lihedn-mediatheque\\\/le-service-militaire-contribution-de-la-societe-a-la-defense-nationale\\\/\"]}]},{\"@type\":\"ImageObject\",\"inLanguage\":\"en-GB\",\"@id\":\"https:\\\/\\\/ihedn.fr\\\/mediatheque\\\/lundis-de-lihedn-mediatheque\\\/le-service-militaire-contribution-de-la-societe-a-la-defense-nationale\\\/#primaryimage\",\"url\":\"https:\\\/\\\/ihedn.fr\\\/wp-content\\\/uploads\\\/2025\\\/12\\\/BANDEAU_LIH_SVM.jpg\",\"contentUrl\":\"https:\\\/\\\/ihedn.fr\\\/wp-content\\\/uploads\\\/2025\\\/12\\\/BANDEAU_LIH_SVM.jpg\",\"width\":1920,\"height\":1080,\"caption\":\"Lundi de l'IHEDN : Le service militaire, \u00ab contribution de la soci\u00e9t\u00e9 \u00e0 la d\u00e9fense nationale \u00bb\"},{\"@type\":\"BreadcrumbList\",\"@id\":\"https:\\\/\\\/ihedn.fr\\\/mediatheque\\\/lundis-de-lihedn-mediatheque\\\/le-service-militaire-contribution-de-la-societe-a-la-defense-nationale\\\/#breadcrumb\",\"itemListElement\":[{\"@type\":\"ListItem\",\"position\":1,\"name\":\"Accueil\",\"item\":\"https:\\\/\\\/ihedn.fr\\\/\"},{\"@type\":\"ListItem\",\"position\":2,\"name\":\"Le service militaire, \u00ab contribution de la soci\u00e9t\u00e9 \u00e0 la d\u00e9fense nationale \u00bb\"}]},{\"@type\":\"WebSite\",\"@id\":\"https:\\\/\\\/ihedn.fr\\\/#website\",\"url\":\"https:\\\/\\\/ihedn.fr\\\/\",\"name\":\"IHEDN : Institut des hautes \u00e9tudes de d\u00e9fense nationale |\",\"description\":\"Site officiel de l&#039;IHEDN plac\u00e9 sous la tutelle du Premier ministre.\",\"publisher\":{\"@id\":\"https:\\\/\\\/ihedn.fr\\\/#organization\"},\"potentialAction\":[{\"@type\":\"SearchAction\",\"target\":{\"@type\":\"EntryPoint\",\"urlTemplate\":\"https:\\\/\\\/ihedn.fr\\\/?s={search_term_string}\"},\"query-input\":{\"@type\":\"PropertyValueSpecification\",\"valueRequired\":true,\"valueName\":\"search_term_string\"}}],\"inLanguage\":\"en-GB\"},{\"@type\":\"Organization\",\"@id\":\"https:\\\/\\\/ihedn.fr\\\/#organization\",\"name\":\"IHEDN - Institut des Hautes Etudes de D\u00e9fense Nationale\",\"url\":\"https:\\\/\\\/ihedn.fr\\\/\",\"logo\":{\"@type\":\"ImageObject\",\"inLanguage\":\"en-GB\",\"@id\":\"https:\\\/\\\/ihedn.fr\\\/#\\\/schema\\\/logo\\\/image\\\/\",\"url\":\"https:\\\/\\\/ihedn.fr\\\/wp-content\\\/uploads\\\/2020\\\/11\\\/BLOC_RF_IHEDN_WEB.png\",\"contentUrl\":\"https:\\\/\\\/ihedn.fr\\\/wp-content\\\/uploads\\\/2020\\\/11\\\/BLOC_RF_IHEDN_WEB.png\",\"width\":500,\"height\":237,\"caption\":\"IHEDN - Institut des Hautes Etudes de D\u00e9fense Nationale\"},\"image\":{\"@id\":\"https:\\\/\\\/ihedn.fr\\\/#\\\/schema\\\/logo\\\/image\\\/\"},\"sameAs\":[\"https:\\\/\\\/www.facebook.com\\\/ihedn\\\/\",\"https:\\\/\\\/x.com\\\/IHEDN\",\"https:\\\/\\\/www.instagram.com\\\/ihedn\\\/\",\"https:\\\/\\\/www.linkedin.com\\\/school\\\/ihedn\\\/\",\"https:\\\/\\\/fr.wikipedia.org\\\/wiki\\\/Institut_des_hautes_\u00e9tudes_de_D\u00e9fense_nationale\"]},{\"@type\":\"Person\",\"@id\":\"https:\\\/\\\/ihedn.fr\\\/#\\\/schema\\\/person\\\/7a52e81319c373f5462ade39e81a7f19\",\"name\":\"Coline Dassonville\",\"image\":{\"@type\":\"ImageObject\",\"inLanguage\":\"en-GB\",\"@id\":\"https:\\\/\\\/secure.gravatar.com\\\/avatar\\\/abc7cbc6297b987d7cbee36041f952619e584620b919eb849c804adf789c1147?s=96&d=mm&r=g\",\"url\":\"https:\\\/\\\/secure.gravatar.com\\\/avatar\\\/abc7cbc6297b987d7cbee36041f952619e584620b919eb849c804adf789c1147?s=96&d=mm&r=g\",\"contentUrl\":\"https:\\\/\\\/secure.gravatar.com\\\/avatar\\\/abc7cbc6297b987d7cbee36041f952619e584620b919eb849c804adf789c1147?s=96&d=mm&r=g\",\"caption\":\"Coline Dassonville\"},\"url\":\"https:\\\/\\\/ihedn.fr\\\/en\\\/author\\\/coline\\\/\"}]}<\/script>\n<!-- \/ Yoast SEO plugin. -->","yoast_head_json":{"title":"Military service, \u00absociety's contribution to national defence\u00bb - IHEDN: Institute for Advanced National Defence Studies","robots":{"index":"index","follow":"follow","max-snippet":"max-snippet:-1","max-image-preview":"max-image-preview:large","max-video-preview":"max-video-preview:-1"},"canonical":"https:\/\/ihedn.fr\/en\/mediatheque\/lundis-de-lihedn-mediatheque\/le-service-militaire-contribution-de-la-societe-a-la-defense-nationale\/","og_locale":"en_GB","og_type":"article","og_title":"Le service militaire, \u00ab contribution de la soci\u00e9t\u00e9 \u00e0 la d\u00e9fense nationale \u00bb - L&#039;IHEDN : Institut des hautes \u00e9tudes de d\u00e9fense nationale","og_description":"En Europe, le service national conna\u00eet des applications tr\u00e8s vari\u00e9es selon les pays. Zoom sur les modalit\u00e9s en vigueur dans deux \u00c9tats ayant r\u00e9tabli une conscription, la Lituanie d\u00e8s 2015 et la Lettonie en 2024, avec les chercheurs \u017divil\u0117 Kalibatait\u0117 et Toms Rostoks.","og_url":"https:\/\/ihedn.fr\/en\/mediatheque\/lundis-de-lihedn-mediatheque\/le-service-militaire-contribution-de-la-societe-a-la-defense-nationale\/","og_site_name":"L&#039;IHEDN : Institut des hautes \u00e9tudes de d\u00e9fense nationale","article_publisher":"https:\/\/www.facebook.com\/ihedn\/","article_published_time":"2025-12-05T15:19:11+00:00","article_modified_time":"2025-12-15T13:13:05+00:00","og_image":[{"width":1920,"height":1080,"url":"https:\/\/ihedn.fr\/wp-content\/uploads\/2025\/12\/BANDEAU_LIH_SVM.jpg","type":"image\/jpeg"}],"author":"Coline Dassonville","twitter_card":"summary_large_image","twitter_creator":"@IHEDN","twitter_site":"@IHEDN","twitter_misc":{"Written by":"Coline Dassonville","Estimated reading time":"6 minutes"},"schema":{"@context":"https:\/\/schema.org","@graph":[{"@type":"Article","@id":"https:\/\/ihedn.fr\/mediatheque\/lundis-de-lihedn-mediatheque\/le-service-militaire-contribution-de-la-societe-a-la-defense-nationale\/#article","isPartOf":{"@id":"https:\/\/ihedn.fr\/mediatheque\/lundis-de-lihedn-mediatheque\/le-service-militaire-contribution-de-la-societe-a-la-defense-nationale\/"},"author":{"name":"Coline Dassonville","@id":"https:\/\/ihedn.fr\/#\/schema\/person\/7a52e81319c373f5462ade39e81a7f19"},"headline":"Le service militaire, \u00ab contribution de la soci\u00e9t\u00e9 \u00e0 la d\u00e9fense nationale \u00bb","datePublished":"2025-12-05T15:19:11+00:00","dateModified":"2025-12-15T13:13:05+00:00","mainEntityOfPage":{"@id":"https:\/\/ihedn.fr\/mediatheque\/lundis-de-lihedn-mediatheque\/le-service-militaire-contribution-de-la-societe-a-la-defense-nationale\/"},"wordCount":1259,"publisher":{"@id":"https:\/\/ihedn.fr\/#organization"},"image":{"@id":"https:\/\/ihedn.fr\/mediatheque\/lundis-de-lihedn-mediatheque\/le-service-militaire-contribution-de-la-societe-a-la-defense-nationale\/#primaryimage"},"thumbnailUrl":"https:\/\/ihedn.fr\/wp-content\/uploads\/2025\/12\/BANDEAU_LIH_SVM.jpg","articleSection":["Lundis de l'IHedn","Notre s\u00e9lection"],"inLanguage":"en-GB"},{"@type":"WebPage","@id":"https:\/\/ihedn.fr\/mediatheque\/lundis-de-lihedn-mediatheque\/le-service-militaire-contribution-de-la-societe-a-la-defense-nationale\/","url":"https:\/\/ihedn.fr\/mediatheque\/lundis-de-lihedn-mediatheque\/le-service-militaire-contribution-de-la-societe-a-la-defense-nationale\/","name":"Military service, \u00absociety's contribution to national defence\u00bb - IHEDN: Institute for Advanced National Defence Studies","isPartOf":{"@id":"https:\/\/ihedn.fr\/#website"},"primaryImageOfPage":{"@id":"https:\/\/ihedn.fr\/mediatheque\/lundis-de-lihedn-mediatheque\/le-service-militaire-contribution-de-la-societe-a-la-defense-nationale\/#primaryimage"},"image":{"@id":"https:\/\/ihedn.fr\/mediatheque\/lundis-de-lihedn-mediatheque\/le-service-militaire-contribution-de-la-societe-a-la-defense-nationale\/#primaryimage"},"thumbnailUrl":"https:\/\/ihedn.fr\/wp-content\/uploads\/2025\/12\/BANDEAU_LIH_SVM.jpg","datePublished":"2025-12-05T15:19:11+00:00","dateModified":"2025-12-15T13:13:05+00:00","breadcrumb":{"@id":"https:\/\/ihedn.fr\/mediatheque\/lundis-de-lihedn-mediatheque\/le-service-militaire-contribution-de-la-societe-a-la-defense-nationale\/#breadcrumb"},"inLanguage":"en-GB","potentialAction":[{"@type":"ReadAction","target":["https:\/\/ihedn.fr\/mediatheque\/lundis-de-lihedn-mediatheque\/le-service-militaire-contribution-de-la-societe-a-la-defense-nationale\/"]}]},{"@type":"ImageObject","inLanguage":"en-GB","@id":"https:\/\/ihedn.fr\/mediatheque\/lundis-de-lihedn-mediatheque\/le-service-militaire-contribution-de-la-societe-a-la-defense-nationale\/#primaryimage","url":"https:\/\/ihedn.fr\/wp-content\/uploads\/2025\/12\/BANDEAU_LIH_SVM.jpg","contentUrl":"https:\/\/ihedn.fr\/wp-content\/uploads\/2025\/12\/BANDEAU_LIH_SVM.jpg","width":1920,"height":1080,"caption":"Lundi de l'IHEDN : Le service militaire, \u00ab contribution de la soci\u00e9t\u00e9 \u00e0 la d\u00e9fense nationale \u00bb"},{"@type":"BreadcrumbList","@id":"https:\/\/ihedn.fr\/mediatheque\/lundis-de-lihedn-mediatheque\/le-service-militaire-contribution-de-la-societe-a-la-defense-nationale\/#breadcrumb","itemListElement":[{"@type":"ListItem","position":1,"name":"Accueil","item":"https:\/\/ihedn.fr\/"},{"@type":"ListItem","position":2,"name":"Le service militaire, \u00ab contribution de la soci\u00e9t\u00e9 \u00e0 la d\u00e9fense nationale \u00bb"}]},{"@type":"WebSite","@id":"https:\/\/ihedn.fr\/#website","url":"https:\/\/ihedn.fr\/","name":"IHEDN: Institut des hautes \u00e9tudes de d\u00e9fense nationale (Institute for Higher National Defence Studies)","description":"Official website of the IHEDN under the supervision of the Prime Minister.","publisher":{"@id":"https:\/\/ihedn.fr\/#organization"},"potentialAction":[{"@type":"SearchAction","target":{"@type":"EntryPoint","urlTemplate":"https:\/\/ihedn.fr\/?s={search_term_string}"},"query-input":{"@type":"PropertyValueSpecification","valueRequired":true,"valueName":"search_term_string"}}],"inLanguage":"en-GB"},{"@type":"Organization","@id":"https:\/\/ihedn.fr\/#organization","name":"IHEDN - Institute for Higher National Defence Studies","url":"https:\/\/ihedn.fr\/","logo":{"@type":"ImageObject","inLanguage":"en-GB","@id":"https:\/\/ihedn.fr\/#\/schema\/logo\/image\/","url":"https:\/\/ihedn.fr\/wp-content\/uploads\/2020\/11\/BLOC_RF_IHEDN_WEB.png","contentUrl":"https:\/\/ihedn.fr\/wp-content\/uploads\/2020\/11\/BLOC_RF_IHEDN_WEB.png","width":500,"height":237,"caption":"IHEDN - Institut des Hautes Etudes de D\u00e9fense Nationale"},"image":{"@id":"https:\/\/ihedn.fr\/#\/schema\/logo\/image\/"},"sameAs":["https:\/\/www.facebook.com\/ihedn\/","https:\/\/x.com\/IHEDN","https:\/\/www.instagram.com\/ihedn\/","https:\/\/www.linkedin.com\/school\/ihedn\/","https:\/\/fr.wikipedia.org\/wiki\/Institut_des_hautes_\u00e9tudes_de_D\u00e9fense_nationale"]},{"@type":"Person","@id":"https:\/\/ihedn.fr\/#\/schema\/person\/7a52e81319c373f5462ade39e81a7f19","name":"Coline Dassonville","image":{"@type":"ImageObject","inLanguage":"en-GB","@id":"https:\/\/secure.gravatar.com\/avatar\/abc7cbc6297b987d7cbee36041f952619e584620b919eb849c804adf789c1147?s=96&d=mm&r=g","url":"https:\/\/secure.gravatar.com\/avatar\/abc7cbc6297b987d7cbee36041f952619e584620b919eb849c804adf789c1147?s=96&d=mm&r=g","contentUrl":"https:\/\/secure.gravatar.com\/avatar\/abc7cbc6297b987d7cbee36041f952619e584620b919eb849c804adf789c1147?s=96&d=mm&r=g","caption":"Coline Dassonville"},"url":"https:\/\/ihedn.fr\/en\/author\/coline\/"}]}},"publishpress_future_action":{"enabled":false,"date":"2026-05-06 16:21:07","action":"change-status","newStatus":"draft","terms":[],"taxonomy":"category","extraData":[]},"publishpress_future_workflow_manual_trigger":{"enabledWorkflows":[]},"_links":{"self":[{"href":"https:\/\/ihedn.fr\/en\/wp-json\/wp\/v2\/posts\/57286","targetHints":{"allow":["GET"]}}],"collection":[{"href":"https:\/\/ihedn.fr\/en\/wp-json\/wp\/v2\/posts"}],"about":[{"href":"https:\/\/ihedn.fr\/en\/wp-json\/wp\/v2\/types\/post"}],"author":[{"embeddable":true,"href":"https:\/\/ihedn.fr\/en\/wp-json\/wp\/v2\/users\/14"}],"replies":[{"embeddable":true,"href":"https:\/\/ihedn.fr\/en\/wp-json\/wp\/v2\/comments?post=57286"}],"version-history":[{"count":9,"href":"https:\/\/ihedn.fr\/en\/wp-json\/wp\/v2\/posts\/57286\/revisions"}],"predecessor-version":[{"id":57363,"href":"https:\/\/ihedn.fr\/en\/wp-json\/wp\/v2\/posts\/57286\/revisions\/57363"}],"wp:featuredmedia":[{"embeddable":true,"href":"https:\/\/ihedn.fr\/en\/wp-json\/wp\/v2\/media\/57289"}],"wp:attachment":[{"href":"https:\/\/ihedn.fr\/en\/wp-json\/wp\/v2\/media?parent=57286"}],"wp:term":[{"taxonomy":"category","embeddable":true,"href":"https:\/\/ihedn.fr\/en\/wp-json\/wp\/v2\/categories?post=57286"},{"taxonomy":"post_tag","embeddable":true,"href":"https:\/\/ihedn.fr\/en\/wp-json\/wp\/v2\/tags?post=57286"}],"curies":[{"name":"wp","href":"https:\/\/api.w.org\/{rel}","templated":true}]}}