{"id":57327,"date":"2025-12-12T14:09:48","date_gmt":"2025-12-12T13:09:48","guid":{"rendered":"https:\/\/ihedn.fr\/?p=57327"},"modified":"2025-12-15T14:12:36","modified_gmt":"2025-12-15T13:12:36","slug":"ronald-hatto-brutalite-et-condescendance-risquent-de-se-retourner-contre-le-president-trump","status":"publish","type":"post","link":"https:\/\/ihedn.fr\/en\/lundis-de-lihedn\/ronald-hatto-brutalite-et-condescendance-risquent-de-se-retourner-contre-le-president-trump\/","title":{"rendered":"Ronald Hatto: \u00abBrutality and condescension could backfire on President Trump\u00bb"},"content":{"rendered":"<div data-elementor-type=\"wp-post\" data-elementor-id=\"57327\" class=\"elementor elementor-57327\" data-elementor-post-type=\"post\">\n\t\t\t\t<div data-particle_enable=\"false\" data-particle-mobile-disabled=\"false\" class=\"elementor-element elementor-element-996fc96 e-flex e-con-boxed e-con e-parent\" data-id=\"996fc96\" data-element_type=\"container\" data-e-type=\"container\">\n\t\t\t\t\t<div class=\"e-con-inner\">\n\t\t\t\t<div class=\"elementor-element elementor-element-be8755d elementor-widget elementor-widget-heading\" data-id=\"be8755d\" data-element_type=\"widget\" data-e-type=\"widget\" data-widget_type=\"heading.default\">\n\t\t\t\t<div class=\"elementor-widget-container\">\n\t\t\t\t\t<h5 class=\"elementor-heading-title elementor-size-default\">IHEDN Mondays are now available in audio format!<\/h5>\t\t\t\t<\/div>\n\t\t\t\t<\/div>\n\t\t\t\t<div class=\"elementor-element elementor-element-12bc3a6 elementor-widget elementor-widget-text-editor\" data-id=\"12bc3a6\" data-element_type=\"widget\" data-e-type=\"widget\" data-widget_type=\"text-editor.default\">\n\t\t\t\t<div class=\"elementor-widget-container\">\n\t\t\t\t\t\t\t\t\t<p>Click below to listen:<\/p>\t\t\t\t\t\t\t\t<\/div>\n\t\t\t\t<\/div>\n\t\t\t\t<div class=\"elementor-element elementor-element-191a3b6 elementor-widget elementor-widget-html\" data-id=\"191a3b6\" data-element_type=\"widget\" data-e-type=\"widget\" data-widget_type=\"html.default\">\n\t\t\t\t<div class=\"elementor-widget-container\">\n\t\t\t\t\t<style>\n.player-container-1 {\n  width: 100%;\n  padding: 10px;\n  border-radius: 20px;\n  backdrop-filter: blur(15px);\n  background: rgba(255,255,255,0.15);\n  box-shadow: 0 3px 30px rgba(0,0,0,0.2);\n  display: flex;\n  flex-direction: inline;\n  align-items: flex-start;\n  color: #fff;\n  margin: 0 auto;\n  background-color: #053973;\n}\n\n#waveform-1 {\n  width: 100%;\n  height: 50px;\n  margin-bottom: 20px;\n}\n\n.controls-1 {\n  display: flex;\n  flex-direction: column;\n  align-items: center;\n  gap: 5px;\n}\n\n#playPause-1 {\n  width: 45px;\n  height: 45px;\n  border: none;\n  background: rgba(255,255,255,0.3);\n  backdrop-filter: blur(5px);\n  border-radius: 50%;\n  cursor: pointer;\n  display: flex;\n  justify-content: center;\n  align-items: center;\n  transition: background 0.2s;\n  padding: 0;\n}\n\n#playPause-1:hover {\n  background: rgba(255,255,255,0.5);\n}\n\n#playPause-1 svg {\n  width: 20px;\n  height: 20px;\n  fill: #fff;\n}\n\n#time-1 {\n  font-size: 16px;\n  text-align: center;\n  min-width: 80px;\n}\n\n.top-controls-1 {\n  width: 100%;\n  display: flex;\n  justify-content: space-between; \/* Play \u00e0 gauche \/ Time \u00e0 droite *\/\n  align-items: center;\n  margin-bottom: 5px;\n}\n\n.player-container-1 {\n  display: flex;\n  flex-direction: column;\n}\n\n#time-1 {\n  font-size: 16px;\n  text-align: right;\n}\n\n.player-container-1 {\n  width: 100%;\n  padding: 20px;\n  border-radius: 20px;\n  backdrop-filter: blur(15px);\n  background: rgba(255,255,255,0.15);\n  box-shadow: 0 3px 30px rgba(0,0,0,0.2);\n  display: flex;                   \/* LAYOUT EN LIGNE *\/\n  flex-direction: row;             \/* tout sur une seule ligne *\/\n  align-items: center;             \/* vertical alignment *\/\n  gap: 20px;                       \/* espace entre \u00e9l\u00e9ments *\/\n  color: #fff;\n  margin: 0 auto;\n  background-color: #053973;\n}\n\n#waveform-1 {\n  flex: 1;                         \/* prend toute la place disponible *\/\n  height: 50px;\n  align-items: center;\n}\n\n#time-1 {\n  min-width: 80px;\n  text-align: right;\n} \n<\/style>\n\n<script src=\"https:\/\/unpkg.com\/wavesurfer.js\"><\/script>\n\n<section>\n<div class=\"player-container-1\">\n\n  <button id=\"playPause-1\">\n    <!-- ton SVG Play -->\n    <svg version=\"1.1\" id=\"playSVG-1\" xmlns=\"http:\/\/www.w3.org\/2000\/svg\" x=\"0px\" y=\"0px\" viewbox=\"0 0 330 330\">\n      <path d=\"M37.728,328.12c2.266,1.256,4.77,1.88,7.272,1.88c2.763,0,5.522-0.763,7.95-2.28l240-149.999      c4.386-2.741,7.05-7.548,7.05-12.72c0-5.172-2.664-9.979-7.05-12.72L52.95,2.28c-4.625-2.891-10.453-3.043-15.222-0.4      C32.959,4.524,30,9.547,30,15v300C30,320.453,32.959,325.476,37.728,328.12z\"\/>\n    <\/svg>\n  <\/button>\n\n  <div id=\"waveform-1\"><\/div>\n\n  <span id=\"time-1\">00:00 \/ 00:00<\/span>\n\n<\/div>\n\n  <!-- waveform en dessous -->\n  <div id=\"waveform-1\"><\/div>\n\n\n<\/section>\n\n<section>\n<script>\n\nconst wavesurfer1 = WaveSurfer.create({\n    container: '#waveform-1',\n    waveColor: 'rgba(255,255,255,0.4)',\n    progressColor: '#fff',\n    cursorColor: '#fff',\n    barWidth: 3,\n    barRadius: 3,\n    height: 50,\n    responsive: true,\n    normalize: true\n});\n\n\/\/ Charge ton fichier audio depuis le site WordPress\nwavesurfer1.load('https:\/\/ihedn.fr\/wp-content\/uploads\/2025\/12\/audio-2025-12-15-strategie-securite-securite-usa-1.mp3');\n\nconst playBtn1 = document.getElementById('playPause-1');\nconst timeDisplay1 = document.getElementById('time-1');\n\n\/\/ SVGs\nconst playSVG1 = `<svg version=\"1.1\" id=\"playSVG-1\" xmlns=\"http:\/\/www.w3.org\/2000\/svg\" x=\"0px\" y=\"0px\" viewBox=\"0 0 330 330\">\n<path d=\"M37.728,328.12c2.266,1.256,4.77,1.88,7.272,1.88c2.763,0,5.522-0.763,7.95-2.28l240-149.999\nc4.386-2.741,7.05-7.548,7.05-12.72c0-5.172-2.664-9.979-7.05-12.72L52.95,2.28c-4.625-2.891-10.453-3.043-15.222-0.4\nC32.959,4.524,30,9.547,30,15v300C30,320.453,32.959,325.476,37.728,328.12z\"\/>\n<\/svg>`;\n\nconst pauseSVG1 = `<svg xmlns=\"http:\/\/www.w3.org\/2000\/svg\" viewBox=\"0 0 330 330\" width=\"100%\" height=\"100%\" fill=\"#fff\">\n  <rect x=\"60\" y=\"30\" width=\"80\" height=\"270\"\/>\n  <rect x=\"190\" y=\"30\" width=\"80\" height=\"270\"\/>\n<\/svg>`;\n\n\/\/ Play\/Pause switch\nplayBtn1.addEventListener('click', () => {\n    wavesurfer1.playPause();\n    playBtn1.innerHTML = wavesurfer1.isPlaying() ? pauseSVG1 : playSVG1;\n});\n\n\/\/ Update time display\nfunction formatTime(sec) {\n    const m = Math.floor(sec \/ 60);\n    const s = Math.floor(sec % 60);\n    return m.toString().padStart(2,'0') + ':' + s.toString().padStart(2,'0');\n}\n\nwavesurfer1.on('audioprocess', () => {\n    const current = wavesurfer1.getCurrentTime();\n    const duration = wavesurfer1.getDuration();\n    timeDisplay1.textContent = formatTime(current) + ' \/ ' + formatTime(duration);\n});\n\nwavesurfer1.on('ready', () => {\n    const duration = wavesurfer1.getDuration();\n    timeDisplay1.textContent = '00:00 \/ ' + formatTime(duration);\n});\n<\/script>\n<\/section>\t\t\t\t<\/div>\n\t\t\t\t<\/div>\n\t\t\t\t\t<\/div>\n\t\t\t\t<\/div>\n\t\t<div data-particle_enable=\"false\" data-particle-mobile-disabled=\"false\" class=\"elementor-element elementor-element-b21a8ab e-con-full e-flex e-con e-parent\" data-id=\"b21a8ab\" data-element_type=\"container\" data-e-type=\"container\">\n\t\t\t\t<div class=\"elementor-element elementor-element-7eb4223 elementor-widget elementor-widget-text-editor\" data-id=\"7eb4223\" data-element_type=\"widget\" data-e-type=\"widget\" data-widget_type=\"text-editor.default\">\n\t\t\t\t<div class=\"elementor-widget-container\">\n\t\t\t\t\t\t\t\t\t<p>After serving as a peacekeeper in the Canadian Armed Forces deployed to Cyprus as part of the UNFICYP mission, Quebec native Ronald Hatto turned to academic research, obtaining his doctorate in political science at Sciences Po Paris with a thesis on \u00abSharing the burden of transatlantic security: Franco-American relations put to the test by the war in the former Yugoslavia (1991-1995)\u00bb, which was awarded the Dalloz Prize and the Le Figaro Prize. Qualified to supervise research since 2012, he has held various positions at the University of Montreal and Sciences Po. Currently a lecturer at the Centre for International Studies (CERI) and the Paris School of International Affairs (PSIA) at Sciences Po, he studies international security, peacekeeping, American and French foreign policy, and military sociology.<\/p><p>By making public on 4 December last year the <a href=\"https:\/\/www.whitehouse.gov\/wp-content\/uploads\/2025\/12\/2025-National-Security-Strategy.pdf\" target=\"_blank\" rel=\"noopener\">National Security Strategy (NSS) 2025<\/a> In the United States, President Trump has sparked comments around the world, particularly in Europe.<\/p><p>This document, the first since <a href=\"https:\/\/bidenwhitehouse.archives.gov\/wp-content\/uploads\/2022\/10\/Biden-Harris-Administrations-National-Security-Strategy-10.2022.pdf\">President Biden's SNS in December 2022<\/a>, is presented by Donald Trump as \u00aba roadmap to ensure that America remains the greatest and most prosperous nation in human history and the home of freedom on earth\u00bb.<\/p><p>Spanning 29 pages after the brief introduction by the president, the SNS mentions the Monroe Doctrine, set forth in 1823 by the 5th president, four times.<sup>e<\/sup> President of the United States, who banned any intervention by the young state in Europe and any European intervention in North and South America. On the 47th<sup>e<\/sup> The US president intends to adapt it to his world view with a \u00abTrump corollary\u00bb that targets foreign influence in Latin America. And outside their continent, the United States is expressing its desire to interfere in European affairs.<\/p><p>Asked to comment on passages in the document concerning Europe, Ronald Hatto believes that this strategy \u00abechoes the language of Russian propaganda\u00bb and \u00abclearly seeks to weaken the European Union\u00bb, even though \u00abEurope as a non-unified continent remains vital to the United States\u00bb.<\/p>\t\t\t\t\t\t\t\t<\/div>\n\t\t\t\t<\/div>\n\t\t\t\t<\/div>\n\t\t<div data-particle_enable=\"false\" data-particle-mobile-disabled=\"false\" class=\"elementor-element elementor-element-34f6859 e-con-full e-flex e-con e-parent\" data-id=\"34f6859\" data-element_type=\"container\" data-e-type=\"container\">\n\t\t\t\t<div class=\"elementor-element elementor-element-47a0236 elementor-widget elementor-widget-heading\" data-id=\"47a0236\" data-element_type=\"widget\" data-e-type=\"widget\" data-widget_type=\"heading.default\">\n\t\t\t\t<div class=\"elementor-widget-container\">\n\t\t\t\t\t<h2 class=\"elementor-heading-title elementor-size-default\">THE SNS ASSERTS THAT THE UNITED STATES WILL \u00abREAFFIRM AND ENFORCE A \u00abTRUMP COROLLARY\u00bb TO THE MONROE DOCTRINE\u00bb. DOES THIS COROLLARY MARK A BREAK WITH AMERICAN FOREIGN POLICY?<\/h2>\t\t\t\t<\/div>\n\t\t\t\t<\/div>\n\t\t\t\t<div class=\"elementor-element elementor-element-1b02bcd elementor-widget-divider--view-line elementor-widget elementor-widget-divider\" data-id=\"1b02bcd\" data-element_type=\"widget\" data-e-type=\"widget\" data-widget_type=\"divider.default\">\n\t\t\t\t<div class=\"elementor-widget-container\">\n\t\t\t\t\t\t\t<div class=\"elementor-divider\">\n\t\t\t<span class=\"elementor-divider-separator\">\n\t\t\t\t\t\t<\/span>\n\t\t<\/div>\n\t\t\t\t\t\t<\/div>\n\t\t\t\t<\/div>\n\t\t<div data-particle_enable=\"false\" data-particle-mobile-disabled=\"false\" class=\"elementor-element elementor-element-03142eb e-con-full e-flex e-con e-child\" data-id=\"03142eb\" data-element_type=\"container\" data-e-type=\"container\">\n\t\t\t\t<div class=\"elementor-element elementor-element-2b8bbe6 elementor-widget elementor-widget-text-editor\" data-id=\"2b8bbe6\" data-element_type=\"widget\" data-e-type=\"widget\" data-widget_type=\"text-editor.default\">\n\t\t\t\t<div class=\"elementor-widget-container\">\n\t\t\t\t\t\t\t\t\t<p>It is President Trump's entire National Security Strategy 2025 that marks a break, not only in US foreign policy, but also in the way such a document is presented. Before discussing the Monroe Doctrine, I would like to draw attention to the document itself. The layout gives the impression that it is the end-of-semester assignment of a first-year university student. The introduction is only 32 lines long, merely listing everything the president is supposed to have accomplished over the past nine months, and the document has no conclusion. It would be difficult to project a more disorganised image.<\/p><p>As for the \u00abTrump corollary\u00bb to the Monroe Doctrine, it seems to me that it mainly concerns the poorly named \u00abWestern Hemisphere\u00bb, in other words the Americas. This is the most substantial part of the SNS and is mainly aimed at reorienting US foreign policy towards Latin America (Canada is mentioned only once in the document). On page 5 of the document, the Western Hemisphere comes first among the Trump administration's priorities, followed by the Indo-Pacific. Europe is only in third place.<\/p>\t\t\t\t\t\t\t\t<\/div>\n\t\t\t\t<\/div>\n\t\t\t\t<\/div>\n\t\t\t\t<\/div>\n\t\t<div data-particle_enable=\"false\" data-particle-mobile-disabled=\"false\" class=\"elementor-element elementor-element-09ebcd3 e-con-full e-flex e-con e-parent\" data-id=\"09ebcd3\" data-element_type=\"container\" data-e-type=\"container\">\n\t\t\t\t<div class=\"elementor-element elementor-element-f359ef9 elementor-widget elementor-widget-heading\" data-id=\"f359ef9\" data-element_type=\"widget\" data-e-type=\"widget\" data-widget_type=\"heading.default\">\n\t\t\t\t<div class=\"elementor-widget-container\">\n\t\t\t\t\t<h2 class=\"elementor-heading-title elementor-size-default\">\u00abDiscourage collaboration with other states\u00bb<\/h2>\t\t\t\t<\/div>\n\t\t\t\t<\/div>\n\t\t\t\t<div class=\"elementor-element elementor-element-887cac3 elementor-widget-divider--view-line elementor-widget elementor-widget-divider\" data-id=\"887cac3\" data-element_type=\"widget\" data-e-type=\"widget\" data-widget_type=\"divider.default\">\n\t\t\t\t<div class=\"elementor-widget-container\">\n\t\t\t\t\t\t\t<div class=\"elementor-divider\">\n\t\t\t<span class=\"elementor-divider-separator\">\n\t\t\t\t\t\t<\/span>\n\t\t<\/div>\n\t\t\t\t\t\t<\/div>\n\t\t\t\t<\/div>\n\t\t<div data-particle_enable=\"false\" data-particle-mobile-disabled=\"false\" class=\"elementor-element elementor-element-094d652 e-con-full e-flex e-con e-child\" data-id=\"094d652\" data-element_type=\"container\" data-e-type=\"container\">\n\t\t\t\t<div class=\"elementor-element elementor-element-837d8c0 elementor-widget elementor-widget-text-editor\" data-id=\"837d8c0\" data-element_type=\"widget\" data-e-type=\"widget\" data-widget_type=\"text-editor.default\">\n\t\t\t\t<div class=\"elementor-widget-container\">\n\t\t\t\t\t\t\t\t\t<p>Non-hemispheric competitors are not relevant, as in the 19th century.<sup>e<\/sup> century, Europeans, but rather China. This part of the document targets the latter without naming it, and contrary to what some observers have written, the rivalry with China in Latin America is not, according to the SNS, solely economic. Pages 15 to 19 indirectly refer to China, and the topics discussed involve the protection of waterways \u2013 the Panama Canal immediately comes to mind (p. 16) \u2013 or the establishment of new partnerships to discourage collaboration with other states outside the hemisphere. US aid to existing partner states is now conditional on the end of external influence, seen as control of military installations and infrastructure such as ports, or the purchase of strategic resources (p. 17).<\/p><p>On the same page, the SNS emphasises that certain foreign influences will be difficult to remove, due to the proximity of certain Latin American governments to certain foreign actors. Here, Cuba, Nicaragua and Venezuela are probably being targeted, but Russia is never mentioned. After emphasising the need for the United States to update the hidden costs (espionage, debt traps) of foreign aid to partners (p. 18), the section on the Western Hemisphere concludes by stressing the need to seek to oust (<em>to push out<\/em>) foreign companies building infrastructure in the region. Once again, the target of these attacks in this part is China.\u00a0\u00a0<\/p>\t\t\t\t\t\t\t\t<\/div>\n\t\t\t\t<\/div>\n\t\t\t\t<\/div>\n\t\t\t\t<\/div>\n\t\t<div data-particle_enable=\"false\" data-particle-mobile-disabled=\"false\" class=\"elementor-element elementor-element-0a3b581 e-con-full e-flex e-con e-parent\" data-id=\"0a3b581\" data-element_type=\"container\" data-e-type=\"container\">\n\t\t\t\t<div class=\"elementor-element elementor-element-229cd9b elementor-widget elementor-widget-heading\" data-id=\"229cd9b\" data-element_type=\"widget\" data-e-type=\"widget\" data-widget_type=\"heading.default\">\n\t\t\t\t<div class=\"elementor-widget-container\">\n\t\t\t\t\t<h2 class=\"elementor-heading-title elementor-size-default\">SINCE \u00abEUROPE REMAINS VITAL, BOTH STRATEGICALLY AND CULTURALLY, FOR THE UNITED STATES\u00bb, THE LATTER INTENDS TO \u00abPROMOTE EUROPEAN GREATNESS\u00bb, WHILE AFFIRMING THE \u00abPRIMACY OF NATIONS\u00bb. ISN'T THAT PARADOXICAL?<\/h2>\t\t\t\t<\/div>\n\t\t\t\t<\/div>\n\t\t\t\t<div class=\"elementor-element elementor-element-0de59c4 elementor-widget-divider--view-line elementor-widget elementor-widget-divider\" data-id=\"0de59c4\" data-element_type=\"widget\" data-e-type=\"widget\" data-widget_type=\"divider.default\">\n\t\t\t\t<div class=\"elementor-widget-container\">\n\t\t\t\t\t\t\t<div class=\"elementor-divider\">\n\t\t\t<span class=\"elementor-divider-separator\">\n\t\t\t\t\t\t<\/span>\n\t\t<\/div>\n\t\t\t\t\t\t<\/div>\n\t\t\t\t<\/div>\n\t\t<div data-particle_enable=\"false\" data-particle-mobile-disabled=\"false\" class=\"elementor-element elementor-element-e0bfa39 e-con-full e-flex e-con e-child\" data-id=\"e0bfa39\" data-element_type=\"container\" data-e-type=\"container\">\n\t\t\t\t<div class=\"elementor-element elementor-element-467e955 elementor-widget elementor-widget-text-editor\" data-id=\"467e955\" data-element_type=\"widget\" data-e-type=\"widget\" data-widget_type=\"text-editor.default\">\n\t\t\t\t<div class=\"elementor-widget-container\">\n\t\t\t\t\t\t\t\t\t<p>Europe as a non-unified continent remains vital to the United States. Trump defends the primacy of nations. There is nothing paradoxical about this reasoning, given that Trump advocates a quasi-imperial vision of international relations. A great power has every interest in negotiating bilaterally with smaller powers because, from its point of view, multilateralism is a tool used by weaker nations seeking to join forces to stand up to the more powerful ones.<\/p><p>The European Union (EU) is therefore an obstacle for Trump, who prefers to divide and conquer by interacting with each European state individually. This puts the United States in a position of strength to impose its will. Strategically, Europe remains vital to the United States because of its economic and scientific power \u2013 trade between the two sides of the Atlantic is one of the pillars of the global economy and American prosperity (p. 26).<\/p><p>Culturally, it is vital because despite repeated attacks on the Old Continent, Trump is aware of the cultural ties that continue to bind his country to Europe. His electoral base is mainly composed of descendants of Europeans (Germans like himself, British, Spanish, French, Irish, Italian, Dutch, Polish, Portuguese, etc.).<\/p>\t\t\t\t\t\t\t\t<\/div>\n\t\t\t\t<\/div>\n\t\t\t\t<\/div>\n\t\t\t\t<\/div>\n\t\t<div data-particle_enable=\"false\" data-particle-mobile-disabled=\"false\" class=\"elementor-element elementor-element-a0bdf87 e-con-full e-flex e-con e-parent\" data-id=\"a0bdf87\" data-element_type=\"container\" data-e-type=\"container\">\n\t\t\t\t<div class=\"elementor-element elementor-element-2dda8c2 elementor-widget elementor-widget-heading\" data-id=\"2dda8c2\" data-element_type=\"widget\" data-e-type=\"widget\" data-widget_type=\"heading.default\">\n\t\t\t\t<div class=\"elementor-widget-container\">\n\t\t\t\t\t<h2 class=\"elementor-heading-title elementor-size-default\">\u00abTHIS BUSINESSMAN PRESIDENT HAS NO INTEREST IN WEAKENING EUROPE TOO MUCH.\u00bb<\/h2>\t\t\t\t<\/div>\n\t\t\t\t<\/div>\n\t\t\t\t<div class=\"elementor-element elementor-element-d3ce34b elementor-widget-divider--view-line elementor-widget elementor-widget-divider\" data-id=\"d3ce34b\" data-element_type=\"widget\" data-e-type=\"widget\" data-widget_type=\"divider.default\">\n\t\t\t\t<div class=\"elementor-widget-container\">\n\t\t\t\t\t\t\t<div class=\"elementor-divider\">\n\t\t\t<span class=\"elementor-divider-separator\">\n\t\t\t\t\t\t<\/span>\n\t\t<\/div>\n\t\t\t\t\t\t<\/div>\n\t\t\t\t<\/div>\n\t\t<div data-particle_enable=\"false\" data-particle-mobile-disabled=\"false\" class=\"elementor-element elementor-element-52b8dd5 e-con-full e-flex e-con e-child\" data-id=\"52b8dd5\" data-element_type=\"container\" data-e-type=\"container\">\n\t\t\t\t<div class=\"elementor-element elementor-element-db5c7cb elementor-widget elementor-widget-text-editor\" data-id=\"db5c7cb\" data-element_type=\"widget\" data-e-type=\"widget\" data-widget_type=\"text-editor.default\">\n\t\t\t\t<div class=\"elementor-widget-container\">\n\t\t\t\t\t\t\t\t\t<p>Furthermore, despite its contempt for democracy, the United States (and Canada) has much more in common with Europe than with other regions of the world. The ties forged during the two world wars continue to play a role in maintaining a common identity that Trump cannot simply brush aside.<\/p><p>Thus, this businessman-president has no interest in weakening Europe too much, as it remains an almost indispensable partner. This is especially true given that the United States no longer enjoys the economic, industrial and military supremacy it had just a few decades ago. In order to be able to face the geopolitical threats of the 21st century,<sup>e<\/sup> century, Trump will need allies. That is why the brutality and condescension with which he treats his allies such as Canada, Europe, Japan and South Korea may backfire on him.<\/p><p>As long as the United States promised to defend its allies, it could expect economic and other benefits in return. On the other hand, the virulence of the attacks against the United States' most loyal allies and doubts about the reliability of its security guarantees could reconfigure the geostrategic landscape in a way that would not benefit the United States in the medium and long term. This is why Trump does not want a united European Union capable of defending itself.\u00a0 \u00a0\u00a0<\/p>\t\t\t\t\t\t\t\t<\/div>\n\t\t\t\t<\/div>\n\t\t\t\t<\/div>\n\t\t\t\t<\/div>\n\t\t<div data-particle_enable=\"false\" data-particle-mobile-disabled=\"false\" class=\"elementor-element elementor-element-3148232 e-con-full e-flex e-con e-parent\" data-id=\"3148232\" data-element_type=\"container\" data-e-type=\"container\">\n\t\t\t\t<div class=\"elementor-element elementor-element-8b18821 elementor-widget elementor-widget-heading\" data-id=\"8b18821\" data-element_type=\"widget\" data-e-type=\"widget\" data-widget_type=\"heading.default\">\n\t\t\t\t<div class=\"elementor-widget-container\">\n\t\t\t\t\t<h2 class=\"elementor-heading-title elementor-size-default\">\u00abTHE BROADER PROBLEMS FACING EUROPE INCLUDE THE ACTIVITIES OF THE EUROPEAN UNION AND OTHER TRANSNATIONAL BODIES THAT UNDERMINE POLITICAL FREEDOM AND SOVEREIGNTY\u00bb: IS THE UNITED STATES SEEKING TO WEAKEN THE EU? HOW?<\/h2>\t\t\t\t<\/div>\n\t\t\t\t<\/div>\n\t\t\t\t<div class=\"elementor-element elementor-element-d9c5a8c elementor-widget-divider--view-line elementor-widget elementor-widget-divider\" data-id=\"d9c5a8c\" data-element_type=\"widget\" data-e-type=\"widget\" data-widget_type=\"divider.default\">\n\t\t\t\t<div class=\"elementor-widget-container\">\n\t\t\t\t\t\t\t<div class=\"elementor-divider\">\n\t\t\t<span class=\"elementor-divider-separator\">\n\t\t\t\t\t\t<\/span>\n\t\t<\/div>\n\t\t\t\t\t\t<\/div>\n\t\t\t\t<\/div>\n\t\t<div data-particle_enable=\"false\" data-particle-mobile-disabled=\"false\" class=\"elementor-element elementor-element-ec602d7 e-con-full e-flex e-con e-child\" data-id=\"ec602d7\" data-element_type=\"container\" data-e-type=\"container\">\n\t\t\t\t<div class=\"elementor-element elementor-element-3adb741 elementor-widget elementor-widget-text-editor\" data-id=\"3adb741\" data-element_type=\"widget\" data-e-type=\"widget\" data-widget_type=\"text-editor.default\">\n\t\t\t\t<div class=\"elementor-widget-container\">\n\t\t\t\t\t\t\t\t\t<p>As Russian-born American military historian Max Boot has just said, the part of SNS 2025 concerning Europe <a href=\"https:\/\/www.washingtonpost.com\/opinions\/2025\/12\/08\/trump-national-security-strategy-europe-russia\/\">appears to have been written by far-right trolls<\/a>, or Russian trolls, one might say. This document clearly seeks to weaken the EU. Trump is repeating the talking points of Russian propaganda and allowing himself to interfere in European affairs. The thinly veiled reference to President Macron on page 26 is telling in this regard: \u00abEuropean leaders who, perched atop unstable minority governments, harbour unrealistic expectations about war.\u00bb<\/p><p>How would the United States react if an official document from the EU or any European country dared to \u00abpromote growing influence for certain types of political parties among its American ally\u00bb? The document goes so far as to say that one of the goals of this strategy is to help Europe correct its current trajectory. Page 27 proposes a list of policies to be implemented with regard to Europe.<\/p><p>Firstly, to restore stability between Europe (but not the EU) and Russia. Moreover, the second point on this list mentions that Europe must operate as a group of sovereign nations. Direct interference comes third, with the desire to cultivate resistance to current trends within European nations.<\/p><p>The fourth point takes us back to the era of President George W. Bush's administration (2001\u20132009) and his opposition between \u00abnew\u00bb and \u00abold\u00bb Europe. Here, Trump talks about strengthening the nations of Central, Eastern and Southern Europe. What about Western Europe or Scandinavia? The goal is probably the same as under Bush Jr.: to create division within the European Union in order to weaken it.<\/p>\t\t\t\t\t\t\t\t<\/div>\n\t\t\t\t<\/div>\n\t\t\t\t<\/div>\n\t\t\t\t<\/div>\n\t\t<div data-particle_enable=\"false\" data-particle-mobile-disabled=\"false\" class=\"elementor-element elementor-element-e6d3292 e-con-full e-flex e-con e-parent\" data-id=\"e6d3292\" data-element_type=\"container\" data-e-type=\"container\">\n\t\t\t\t<div class=\"elementor-element elementor-element-cb35f6a elementor-widget elementor-widget-heading\" data-id=\"cb35f6a\" data-element_type=\"widget\" data-e-type=\"widget\" data-widget_type=\"heading.default\">\n\t\t\t\t<div class=\"elementor-widget-container\">\n\t\t\t\t\t<h2 class=\"elementor-heading-title elementor-size-default\">\u00abWE WILL OPPOSE THE ANTI-DEMOCRATIC RESTRICTIONS IMPOSED BY THE ELITES ON FUNDAMENTAL FREEDOMS IN EUROPE\u00bb: ON WHAT CRITERIA IS THIS ASSESSMENT OF \u00abRESTRICTIONS\u00bb BASED, AND HOW COULD THIS COMMITMENT BE TRANSLATED INTO ACTION?<\/h2>\t\t\t\t<\/div>\n\t\t\t\t<\/div>\n\t\t\t\t<div class=\"elementor-element elementor-element-3210e83 elementor-widget-divider--view-line elementor-widget elementor-widget-divider\" data-id=\"3210e83\" data-element_type=\"widget\" data-e-type=\"widget\" data-widget_type=\"divider.default\">\n\t\t\t\t<div class=\"elementor-widget-container\">\n\t\t\t\t\t\t\t<div class=\"elementor-divider\">\n\t\t\t<span class=\"elementor-divider-separator\">\n\t\t\t\t\t\t<\/span>\n\t\t<\/div>\n\t\t\t\t\t\t<\/div>\n\t\t\t\t<\/div>\n\t\t<div data-particle_enable=\"false\" data-particle-mobile-disabled=\"false\" class=\"elementor-element elementor-element-78c89d0 e-con-full e-flex e-con e-child\" data-id=\"78c89d0\" data-element_type=\"container\" data-e-type=\"container\">\n\t\t\t\t<div class=\"elementor-element elementor-element-43db8e1 elementor-widget elementor-widget-text-editor\" data-id=\"43db8e1\" data-element_type=\"widget\" data-e-type=\"widget\" data-widget_type=\"text-editor.default\">\n\t\t\t\t<div class=\"elementor-widget-container\">\n\t\t\t\t\t\t\t\t\t<p>I am not sure I understand the criteria Donald Trump is using to accuse European elites. He is once again repeating the false Russian narrative that the majority of the population in Europe wants peace, while certain unstable minority governments \u2013 France, probably \u2013 continue to have unrealistic expectations of Russia.<\/p><p>President Trump's desire to put an end to this trajectory is quite clearly detailed, as we showed in the previous answer. He will do so by interfering in the domestic politics of European states. This situation is very worrying, as it traps Europe between two major powers \u2013 the United States and Russia \u2013 that threaten it.<\/p><p>Given President Trump's instability and his numerous about-turns, he could decide to withdraw American troops from the European continent altogether in order to exert pressure to get what he wants. He did not hesitate to deprive Ukraine of US intelligence in an attempt to force President Zelensky to make concessions. He could also decide to punish Europeans authoritatively if they do not bow to his will.\u00a0\u00a0\u00a0\u00a0 \u00a0<\/p>\t\t\t\t\t\t\t\t<\/div>\n\t\t\t\t<\/div>\n\t\t\t\t<\/div>\n\t\t\t\t<\/div>\n\t\t<div data-particle_enable=\"false\" data-particle-mobile-disabled=\"false\" class=\"elementor-element elementor-element-80dcfa3 e-con-full e-flex e-con e-parent\" data-id=\"80dcfa3\" data-element_type=\"container\" data-e-type=\"container\">\n\t\t\t\t<div class=\"elementor-element elementor-element-5617648 elementor-widget elementor-widget-heading\" data-id=\"5617648\" data-element_type=\"widget\" data-e-type=\"widget\" data-widget_type=\"heading.default\">\n\t\t\t\t<div class=\"elementor-widget-container\">\n\t\t\t\t\t<h2 class=\"elementor-heading-title elementor-size-default\">IN LIGHT OF THIS NEW US STRATEGY, WHAT MEASURES DO YOU THINK EUROPE SHOULD TAKE TO ASSERT ITS DEFENCE AND SOVEREIGNTY?<\/h2>\t\t\t\t<\/div>\n\t\t\t\t<\/div>\n\t\t\t\t<div class=\"elementor-element elementor-element-5cec7b1 elementor-widget-divider--view-line elementor-widget elementor-widget-divider\" data-id=\"5cec7b1\" data-element_type=\"widget\" data-e-type=\"widget\" data-widget_type=\"divider.default\">\n\t\t\t\t<div class=\"elementor-widget-container\">\n\t\t\t\t\t\t\t<div class=\"elementor-divider\">\n\t\t\t<span class=\"elementor-divider-separator\">\n\t\t\t\t\t\t<\/span>\n\t\t<\/div>\n\t\t\t\t\t\t<\/div>\n\t\t\t\t<\/div>\n\t\t<div data-particle_enable=\"false\" data-particle-mobile-disabled=\"false\" class=\"elementor-element elementor-element-106bec3 e-con-full e-flex e-con e-child\" data-id=\"106bec3\" data-element_type=\"container\" data-e-type=\"container\">\n\t\t\t\t<div class=\"elementor-element elementor-element-e71d6d5 elementor-widget elementor-widget-text-editor\" data-id=\"e71d6d5\" data-element_type=\"widget\" data-e-type=\"widget\" data-widget_type=\"text-editor.default\">\n\t\t\t\t<div class=\"elementor-widget-container\">\n\t\t\t\t\t\t\t\t\t<p>As we have just seen, President Trump's national strategy positions itself almost as an adversary of Europe. Such an approach will certainly be more detrimental to American interests in the medium and long term than to Europe.<\/p><p>The power of a state is based on natural factors such as geography, possession of natural resources or a large population. These natural factors can be accentuated, modified or weakened by other factors: tangible sources of power, such as the level of industrial development or the degree of qualification of the population; but also intangible sources of power, such as the image of the country (the famous <em>soft power<\/em> mentioned four times in the SNS), national cohesion and the quality of political leadership.<\/p><p>However, President Trump's narcissism prevents him from perceiving the deterioration of his country's tangible and intangible sources of power. Before answering the question of how Europe can assert itself, I would like to highlight the deterioration in the perception of the United States around the world since the invasion of Iraq in 2003. Even before that, from the mid-1990s onwards, several specialists in international political economy (Princeton University professor Princeton <a href=\"https:\/\/fr.wikipedia.org\/wiki\/Robert_Gilpin\">Robert Gilpin<\/a> among others) were concerned about the size of the US debt and the deterioration of the country's production capacity.<\/p>\t\t\t\t\t\t\t\t<\/div>\n\t\t\t\t<\/div>\n\t\t\t\t<\/div>\n\t\t\t\t<\/div>\n\t\t<div data-particle_enable=\"false\" data-particle-mobile-disabled=\"false\" class=\"elementor-element elementor-element-03cec8b e-con-full e-flex e-con e-parent\" data-id=\"03cec8b\" data-element_type=\"container\" data-e-type=\"container\">\n\t\t\t\t<div class=\"elementor-element elementor-element-be5b385 elementor-widget elementor-widget-heading\" data-id=\"be5b385\" data-element_type=\"widget\" data-e-type=\"widget\" data-widget_type=\"heading.default\">\n\t\t\t\t<div class=\"elementor-widget-container\">\n\t\t\t\t\t<h2 class=\"elementor-heading-title elementor-size-default\">\u00abTRUMP'S GOVERNANCE WILL HAVE REPERCUSSIONS ON THE INTERNAL STABILITY OF THE UNITED STATES\u00bb<\/h2>\t\t\t\t<\/div>\n\t\t\t\t<\/div>\n\t\t\t\t<div class=\"elementor-element elementor-element-7a1fe2a elementor-widget-divider--view-line elementor-widget elementor-widget-divider\" data-id=\"7a1fe2a\" data-element_type=\"widget\" data-e-type=\"widget\" data-widget_type=\"divider.default\">\n\t\t\t\t<div class=\"elementor-widget-container\">\n\t\t\t\t\t\t\t<div class=\"elementor-divider\">\n\t\t\t<span class=\"elementor-divider-separator\">\n\t\t\t\t\t\t<\/span>\n\t\t<\/div>\n\t\t\t\t\t\t<\/div>\n\t\t\t\t<\/div>\n\t\t<div data-particle_enable=\"false\" data-particle-mobile-disabled=\"false\" class=\"elementor-element elementor-element-094fc39 e-con-full e-flex e-con e-child\" data-id=\"094fc39\" data-element_type=\"container\" data-e-type=\"container\">\n\t\t\t\t<div class=\"elementor-element elementor-element-0edc06f elementor-widget elementor-widget-text-editor\" data-id=\"0edc06f\" data-element_type=\"widget\" data-e-type=\"widget\" data-widget_type=\"text-editor.default\">\n\t\t\t\t<div class=\"elementor-widget-container\">\n\t\t\t\t\t\t\t\t\t<p>Since Donald Trump's return to the White House in January 2025, the purges he has carried out in several departments (ministries), in institutions responsible for development aid, and the creation of an immigration police force (<em>Immigration and Customs Enforcement<\/em> or ICE) have greatly affected the country's image. The main consequence of his governance is undoubtedly the perception of the quality of leadership: the Trump administration is made up of individuals who are often inexperienced and whose only qualities are their loyalty to their leader. This situation will have repercussions on the internal stability of the United States.<\/p><p>What can and must Europe do? Demonstrate that it is united and prepare militarily to respond alone to any Russian aggression. This is easier said than done, given that the continent is under attack from Russian and now American propaganda. The main advantage of the United States and Russia over Europe is their national unity. This also applies to the military. What Europe lacks is a leader accepted by all.<\/p><p>Within the North Atlantic Treaty Organisation (NATO), leadership was American and acceptable to (almost) everyone. Geographical distance, military power and the absence of a history of aggression (as in the case of Germany) made the United States a natural leader. Today, no one seems able to play such a role in Europe. However, Europeans will have to find a way out of their military and political impotence, which leaves them dangerously exposed to the changes in the international order of the 2020s.<\/p><p>After the invasion of Ukraine in 2022, the situation was dire. Following the publication of the 2025 US National Security Strategy, the situation risks becoming desperate if Europe fails to unite to face the dangers looming in the East and West.<\/p>\t\t\t\t\t\t\t\t<\/div>\n\t\t\t\t<\/div>\n\t\t<div data-particle_enable=\"false\" data-particle-mobile-disabled=\"false\" class=\"elementor-element elementor-element-5b0fb11 e-con-full e-flex e-con e-child\" data-id=\"5b0fb11\" data-element_type=\"container\" data-e-type=\"container\">\n\t\t\t\t<div class=\"elementor-element elementor-element-c3756db elementor-widget elementor-widget-text-editor\" data-id=\"c3756db\" data-element_type=\"widget\" data-e-type=\"widget\" data-widget_type=\"text-editor.default\">\n\t\t\t\t<div class=\"elementor-widget-container\">\n\t\t\t\t\t\t\t\t\t<p><strong>To find out more:<\/strong><\/p><p><a href=\"https:\/\/www.whitehouse.gov\/wp-content\/uploads\/2025\/12\/2025-National-Security-Strategy.pdf\" target=\"_blank\" rel=\"noopener\"><em>National Security Strategy of the United States of America<\/em><\/a>, on the White House website<\/p>\t\t\t\t\t\t\t\t<\/div>\n\t\t\t\t<\/div>\n\t\t\t\t<\/div>\n\t\t\t\t<\/div>\n\t\t\t\t<\/div>\n\t\t\t\t<\/div>","protected":false},"excerpt":{"rendered":"<p>A specialist in strategy and international security issues at Sciences Po Paris, Canadian political scientist Ronald Hatto analyses the new US National Security Strategy, describing it as a \u00abbreak\u00bb that could lead to \u00aba reconfiguration of the geostrategic landscape in a way that would not benefit the United States in the medium and long term\u00bb. Interview.<\/p>","protected":false},"author":14,"featured_media":57329,"comment_status":"closed","ping_status":"closed","sticky":false,"template":"","format":"standard","meta":{"footnotes":""},"categories":[41,171,209],"tags":[],"class_list":["post-57327","post","type-post","status-publish","format-standard","has-post-thumbnail","hentry","category-lundis-de-lihedn","category-notre-selection","category-securite-internationale"],"yoast_head":"<!-- This site is optimized with the Yoast SEO plugin v27.5 - https:\/\/yoast.com\/product\/yoast-seo-wordpress\/ -->\n<title>Ronald Hatto : \u00ab Brutalit\u00e9 et condescendance risquent de se retourner contre le pr\u00e9sident Trump \u00bb - L&#039;IHEDN : Institut des hautes \u00e9tudes de d\u00e9fense nationale<\/title>\n<meta name=\"description\" content=\"Ces derni\u00e8res ann\u00e9es, des applications de suivi de vols, de navigation ou m\u00eame de course \u00e0 pied ont permis au grand public de conna\u00eetre des d\u00e9placements diplomatiques ou militaires importants. Les gouvernements en tiennent d\u00e9sormais compte.\" \/>\n<meta name=\"robots\" content=\"index, follow, max-snippet:-1, max-image-preview:large, max-video-preview:-1\" \/>\n<link rel=\"canonical\" href=\"https:\/\/ihedn.fr\/en\/lundis-de-lihedn\/ronald-hatto-brutalite-et-condescendance-risquent-de-se-retourner-contre-le-president-trump\/\" \/>\n<meta property=\"og:locale\" content=\"en_GB\" \/>\n<meta property=\"og:type\" content=\"article\" \/>\n<meta property=\"og:title\" content=\"Ronald Hatto : \u00ab Brutalit\u00e9 et condescendance risquent de se retourner contre le pr\u00e9sident Trump \u00bb\" \/>\n<meta property=\"og:description\" content=\"Ces derni\u00e8res ann\u00e9es, des applications de suivi de vols, de navigation ou m\u00eame de course \u00e0 pied ont permis au grand public de conna\u00eetre des d\u00e9placements diplomatiques ou militaires importants. Les gouvernements en tiennent d\u00e9sormais compte.\" \/>\n<meta property=\"og:url\" content=\"https:\/\/ihedn.fr\/en\/lundis-de-lihedn\/ronald-hatto-brutalite-et-condescendance-risquent-de-se-retourner-contre-le-president-trump\/\" \/>\n<meta property=\"og:site_name\" content=\"L&#039;IHEDN : Institut des hautes \u00e9tudes de d\u00e9fense nationale\" \/>\n<meta property=\"article:publisher\" content=\"https:\/\/www.facebook.com\/ihedn\/\" \/>\n<meta property=\"article:published_time\" content=\"2025-12-12T13:09:48+00:00\" \/>\n<meta property=\"article:modified_time\" content=\"2025-12-15T13:12:36+00:00\" \/>\n<meta property=\"og:image\" content=\"https:\/\/ihedn.fr\/wp-content\/uploads\/2025\/09\/BANDEAU_LIH_22092025.jpg\" \/>\n\t<meta property=\"og:image:width\" content=\"1920\" \/>\n\t<meta property=\"og:image:height\" content=\"1080\" \/>\n\t<meta property=\"og:image:type\" content=\"image\/jpeg\" \/>\n<meta name=\"author\" content=\"Coline Dassonville\" \/>\n<meta name=\"twitter:card\" content=\"summary_large_image\" \/>\n<meta name=\"twitter:title\" content=\"Ronald Hatto : \u00ab Brutalit\u00e9 et condescendance risquent de se retourner contre le pr\u00e9sident Trump \u00bb\" \/>\n<meta name=\"twitter:description\" content=\"Ces derni\u00e8res ann\u00e9es, des applications de suivi de vols, de navigation ou m\u00eame de course \u00e0 pied ont permis au grand public de conna\u00eetre des d\u00e9placements diplomatiques ou militaires importants. Les gouvernements en tiennent d\u00e9sormais compte.\" \/>\n<meta name=\"twitter:image\" content=\"https:\/\/ihedn.fr\/wp-content\/uploads\/2025\/09\/BANDEAU_LIH_22092025.jpg\" \/>\n<meta name=\"twitter:creator\" content=\"@IHEDN\" \/>\n<meta name=\"twitter:site\" content=\"@IHEDN\" \/>\n<meta name=\"twitter:label1\" content=\"Written by\" \/>\n\t<meta name=\"twitter:data1\" content=\"Coline Dassonville\" \/>\n\t<meta name=\"twitter:label2\" content=\"Estimated reading time\" \/>\n\t<meta name=\"twitter:data2\" content=\"13 minutes\" \/>\n<script type=\"application\/ld+json\" class=\"yoast-schema-graph\">{\"@context\":\"https:\\\/\\\/schema.org\",\"@graph\":[{\"@type\":\"Article\",\"@id\":\"https:\\\/\\\/ihedn.fr\\\/lundis-de-lihedn\\\/ronald-hatto-brutalite-et-condescendance-risquent-de-se-retourner-contre-le-president-trump\\\/#article\",\"isPartOf\":{\"@id\":\"https:\\\/\\\/ihedn.fr\\\/lundis-de-lihedn\\\/ronald-hatto-brutalite-et-condescendance-risquent-de-se-retourner-contre-le-president-trump\\\/\"},\"author\":{\"name\":\"Coline Dassonville\",\"@id\":\"https:\\\/\\\/ihedn.fr\\\/#\\\/schema\\\/person\\\/7a52e81319c373f5462ade39e81a7f19\"},\"headline\":\"Ronald Hatto : \u00ab Brutalit\u00e9 et condescendance risquent de se retourner contre le pr\u00e9sident Trump \u00bb\",\"datePublished\":\"2025-12-12T13:09:48+00:00\",\"dateModified\":\"2025-12-15T13:12:36+00:00\",\"mainEntityOfPage\":{\"@id\":\"https:\\\/\\\/ihedn.fr\\\/lundis-de-lihedn\\\/ronald-hatto-brutalite-et-condescendance-risquent-de-se-retourner-contre-le-president-trump\\\/\"},\"wordCount\":2794,\"publisher\":{\"@id\":\"https:\\\/\\\/ihedn.fr\\\/#organization\"},\"image\":{\"@id\":\"https:\\\/\\\/ihedn.fr\\\/lundis-de-lihedn\\\/ronald-hatto-brutalite-et-condescendance-risquent-de-se-retourner-contre-le-president-trump\\\/#primaryimage\"},\"thumbnailUrl\":\"https:\\\/\\\/ihedn.fr\\\/wp-content\\\/uploads\\\/2025\\\/12\\\/Bandeau_HATTO_V2.jpg\",\"articleSection\":[\"Lundis de l'IHEDN\",\"Notre s\u00e9lection\",\"s\u00e9curit\u00e9 internationale\"],\"inLanguage\":\"en-GB\"},{\"@type\":\"WebPage\",\"@id\":\"https:\\\/\\\/ihedn.fr\\\/lundis-de-lihedn\\\/ronald-hatto-brutalite-et-condescendance-risquent-de-se-retourner-contre-le-president-trump\\\/\",\"url\":\"https:\\\/\\\/ihedn.fr\\\/lundis-de-lihedn\\\/ronald-hatto-brutalite-et-condescendance-risquent-de-se-retourner-contre-le-president-trump\\\/\",\"name\":\"Ronald Hatto : \u00ab Brutalit\u00e9 et condescendance risquent de se retourner contre le pr\u00e9sident Trump \u00bb - L&#039;IHEDN : Institut des hautes \u00e9tudes de d\u00e9fense nationale\",\"isPartOf\":{\"@id\":\"https:\\\/\\\/ihedn.fr\\\/#website\"},\"primaryImageOfPage\":{\"@id\":\"https:\\\/\\\/ihedn.fr\\\/lundis-de-lihedn\\\/ronald-hatto-brutalite-et-condescendance-risquent-de-se-retourner-contre-le-president-trump\\\/#primaryimage\"},\"image\":{\"@id\":\"https:\\\/\\\/ihedn.fr\\\/lundis-de-lihedn\\\/ronald-hatto-brutalite-et-condescendance-risquent-de-se-retourner-contre-le-president-trump\\\/#primaryimage\"},\"thumbnailUrl\":\"https:\\\/\\\/ihedn.fr\\\/wp-content\\\/uploads\\\/2025\\\/12\\\/Bandeau_HATTO_V2.jpg\",\"datePublished\":\"2025-12-12T13:09:48+00:00\",\"dateModified\":\"2025-12-15T13:12:36+00:00\",\"description\":\"Ces derni\u00e8res ann\u00e9es, des applications de suivi de vols, de navigation ou m\u00eame de course \u00e0 pied ont permis au grand public de conna\u00eetre des d\u00e9placements diplomatiques ou militaires importants. Les gouvernements en tiennent d\u00e9sormais compte.\",\"breadcrumb\":{\"@id\":\"https:\\\/\\\/ihedn.fr\\\/lundis-de-lihedn\\\/ronald-hatto-brutalite-et-condescendance-risquent-de-se-retourner-contre-le-president-trump\\\/#breadcrumb\"},\"inLanguage\":\"en-GB\",\"potentialAction\":[{\"@type\":\"ReadAction\",\"target\":[\"https:\\\/\\\/ihedn.fr\\\/lundis-de-lihedn\\\/ronald-hatto-brutalite-et-condescendance-risquent-de-se-retourner-contre-le-president-trump\\\/\"]}]},{\"@type\":\"ImageObject\",\"inLanguage\":\"en-GB\",\"@id\":\"https:\\\/\\\/ihedn.fr\\\/lundis-de-lihedn\\\/ronald-hatto-brutalite-et-condescendance-risquent-de-se-retourner-contre-le-president-trump\\\/#primaryimage\",\"url\":\"https:\\\/\\\/ihedn.fr\\\/wp-content\\\/uploads\\\/2025\\\/12\\\/Bandeau_HATTO_V2.jpg\",\"contentUrl\":\"https:\\\/\\\/ihedn.fr\\\/wp-content\\\/uploads\\\/2025\\\/12\\\/Bandeau_HATTO_V2.jpg\",\"width\":1365,\"height\":683,\"caption\":\"Lundi de l'IHEDN : Ronald Hatto : \u00ab Brutalit\u00e9 et condescendance risquent de se retourner contre le pr\u00e9sident Trump \u00bb\"},{\"@type\":\"BreadcrumbList\",\"@id\":\"https:\\\/\\\/ihedn.fr\\\/lundis-de-lihedn\\\/ronald-hatto-brutalite-et-condescendance-risquent-de-se-retourner-contre-le-president-trump\\\/#breadcrumb\",\"itemListElement\":[{\"@type\":\"ListItem\",\"position\":1,\"name\":\"Accueil\",\"item\":\"https:\\\/\\\/ihedn.fr\\\/\"},{\"@type\":\"ListItem\",\"position\":2,\"name\":\"Ronald Hatto : \u00ab Brutalit\u00e9 et condescendance risquent de se retourner contre le pr\u00e9sident Trump \u00bb\"}]},{\"@type\":\"WebSite\",\"@id\":\"https:\\\/\\\/ihedn.fr\\\/#website\",\"url\":\"https:\\\/\\\/ihedn.fr\\\/\",\"name\":\"IHEDN : Institut des hautes \u00e9tudes de d\u00e9fense nationale |\",\"description\":\"Site officiel de l&#039;IHEDN plac\u00e9 sous la tutelle du Premier ministre.\",\"publisher\":{\"@id\":\"https:\\\/\\\/ihedn.fr\\\/#organization\"},\"potentialAction\":[{\"@type\":\"SearchAction\",\"target\":{\"@type\":\"EntryPoint\",\"urlTemplate\":\"https:\\\/\\\/ihedn.fr\\\/?s={search_term_string}\"},\"query-input\":{\"@type\":\"PropertyValueSpecification\",\"valueRequired\":true,\"valueName\":\"search_term_string\"}}],\"inLanguage\":\"en-GB\"},{\"@type\":\"Organization\",\"@id\":\"https:\\\/\\\/ihedn.fr\\\/#organization\",\"name\":\"IHEDN - Institut des Hautes Etudes de D\u00e9fense Nationale\",\"url\":\"https:\\\/\\\/ihedn.fr\\\/\",\"logo\":{\"@type\":\"ImageObject\",\"inLanguage\":\"en-GB\",\"@id\":\"https:\\\/\\\/ihedn.fr\\\/#\\\/schema\\\/logo\\\/image\\\/\",\"url\":\"https:\\\/\\\/ihedn.fr\\\/wp-content\\\/uploads\\\/2020\\\/11\\\/BLOC_RF_IHEDN_WEB.png\",\"contentUrl\":\"https:\\\/\\\/ihedn.fr\\\/wp-content\\\/uploads\\\/2020\\\/11\\\/BLOC_RF_IHEDN_WEB.png\",\"width\":500,\"height\":237,\"caption\":\"IHEDN - Institut des Hautes Etudes de D\u00e9fense Nationale\"},\"image\":{\"@id\":\"https:\\\/\\\/ihedn.fr\\\/#\\\/schema\\\/logo\\\/image\\\/\"},\"sameAs\":[\"https:\\\/\\\/www.facebook.com\\\/ihedn\\\/\",\"https:\\\/\\\/x.com\\\/IHEDN\",\"https:\\\/\\\/www.instagram.com\\\/ihedn\\\/\",\"https:\\\/\\\/www.linkedin.com\\\/school\\\/ihedn\\\/\",\"https:\\\/\\\/fr.wikipedia.org\\\/wiki\\\/Institut_des_hautes_\u00e9tudes_de_D\u00e9fense_nationale\"]},{\"@type\":\"Person\",\"@id\":\"https:\\\/\\\/ihedn.fr\\\/#\\\/schema\\\/person\\\/7a52e81319c373f5462ade39e81a7f19\",\"name\":\"Coline Dassonville\",\"image\":{\"@type\":\"ImageObject\",\"inLanguage\":\"en-GB\",\"@id\":\"https:\\\/\\\/secure.gravatar.com\\\/avatar\\\/abc7cbc6297b987d7cbee36041f952619e584620b919eb849c804adf789c1147?s=96&d=mm&r=g\",\"url\":\"https:\\\/\\\/secure.gravatar.com\\\/avatar\\\/abc7cbc6297b987d7cbee36041f952619e584620b919eb849c804adf789c1147?s=96&d=mm&r=g\",\"contentUrl\":\"https:\\\/\\\/secure.gravatar.com\\\/avatar\\\/abc7cbc6297b987d7cbee36041f952619e584620b919eb849c804adf789c1147?s=96&d=mm&r=g\",\"caption\":\"Coline Dassonville\"},\"url\":\"https:\\\/\\\/ihedn.fr\\\/en\\\/author\\\/coline\\\/\"}]}<\/script>\n<!-- \/ Yoast SEO plugin. -->","yoast_head_json":{"title":"Ronald Hatto: \u00abBrutality and condescension could backfire on President Trump\u00bb - IHEDN: Institute for Higher National Defence Studies","description":"In recent years, flight tracking, navigation and even running applications have enabled the general public to keep track of important diplomatic or military movements. Governments are now taking this into account.","robots":{"index":"index","follow":"follow","max-snippet":"max-snippet:-1","max-image-preview":"max-image-preview:large","max-video-preview":"max-video-preview:-1"},"canonical":"https:\/\/ihedn.fr\/en\/lundis-de-lihedn\/ronald-hatto-brutalite-et-condescendance-risquent-de-se-retourner-contre-le-president-trump\/","og_locale":"en_GB","og_type":"article","og_title":"Ronald Hatto : \u00ab Brutalit\u00e9 et condescendance risquent de se retourner contre le pr\u00e9sident Trump \u00bb","og_description":"Ces derni\u00e8res ann\u00e9es, des applications de suivi de vols, de navigation ou m\u00eame de course \u00e0 pied ont permis au grand public de conna\u00eetre des d\u00e9placements diplomatiques ou militaires importants. Les gouvernements en tiennent d\u00e9sormais compte.","og_url":"https:\/\/ihedn.fr\/en\/lundis-de-lihedn\/ronald-hatto-brutalite-et-condescendance-risquent-de-se-retourner-contre-le-president-trump\/","og_site_name":"L&#039;IHEDN : Institut des hautes \u00e9tudes de d\u00e9fense nationale","article_publisher":"https:\/\/www.facebook.com\/ihedn\/","article_published_time":"2025-12-12T13:09:48+00:00","article_modified_time":"2025-12-15T13:12:36+00:00","og_image":[{"width":1920,"height":1080,"url":"https:\/\/ihedn.fr\/wp-content\/uploads\/2025\/09\/BANDEAU_LIH_22092025.jpg","type":"image\/jpeg"}],"author":"Coline Dassonville","twitter_card":"summary_large_image","twitter_title":"Ronald Hatto : \u00ab Brutalit\u00e9 et condescendance risquent de se retourner contre le pr\u00e9sident Trump \u00bb","twitter_description":"Ces derni\u00e8res ann\u00e9es, des applications de suivi de vols, de navigation ou m\u00eame de course \u00e0 pied ont permis au grand public de conna\u00eetre des d\u00e9placements diplomatiques ou militaires importants. Les gouvernements en tiennent d\u00e9sormais compte.","twitter_image":"https:\/\/ihedn.fr\/wp-content\/uploads\/2025\/09\/BANDEAU_LIH_22092025.jpg","twitter_creator":"@IHEDN","twitter_site":"@IHEDN","twitter_misc":{"Written by":"Coline Dassonville","Estimated reading time":"13 minutes"},"schema":{"@context":"https:\/\/schema.org","@graph":[{"@type":"Article","@id":"https:\/\/ihedn.fr\/lundis-de-lihedn\/ronald-hatto-brutalite-et-condescendance-risquent-de-se-retourner-contre-le-president-trump\/#article","isPartOf":{"@id":"https:\/\/ihedn.fr\/lundis-de-lihedn\/ronald-hatto-brutalite-et-condescendance-risquent-de-se-retourner-contre-le-president-trump\/"},"author":{"name":"Coline Dassonville","@id":"https:\/\/ihedn.fr\/#\/schema\/person\/7a52e81319c373f5462ade39e81a7f19"},"headline":"Ronald Hatto : \u00ab Brutalit\u00e9 et condescendance risquent de se retourner contre le pr\u00e9sident Trump \u00bb","datePublished":"2025-12-12T13:09:48+00:00","dateModified":"2025-12-15T13:12:36+00:00","mainEntityOfPage":{"@id":"https:\/\/ihedn.fr\/lundis-de-lihedn\/ronald-hatto-brutalite-et-condescendance-risquent-de-se-retourner-contre-le-president-trump\/"},"wordCount":2794,"publisher":{"@id":"https:\/\/ihedn.fr\/#organization"},"image":{"@id":"https:\/\/ihedn.fr\/lundis-de-lihedn\/ronald-hatto-brutalite-et-condescendance-risquent-de-se-retourner-contre-le-president-trump\/#primaryimage"},"thumbnailUrl":"https:\/\/ihedn.fr\/wp-content\/uploads\/2025\/12\/Bandeau_HATTO_V2.jpg","articleSection":["Lundis de l'IHEDN","Notre s\u00e9lection","s\u00e9curit\u00e9 internationale"],"inLanguage":"en-GB"},{"@type":"WebPage","@id":"https:\/\/ihedn.fr\/lundis-de-lihedn\/ronald-hatto-brutalite-et-condescendance-risquent-de-se-retourner-contre-le-president-trump\/","url":"https:\/\/ihedn.fr\/lundis-de-lihedn\/ronald-hatto-brutalite-et-condescendance-risquent-de-se-retourner-contre-le-president-trump\/","name":"Ronald Hatto: \u00abBrutality and condescension could backfire on President Trump\u00bb - IHEDN: Institute for Higher National Defence Studies","isPartOf":{"@id":"https:\/\/ihedn.fr\/#website"},"primaryImageOfPage":{"@id":"https:\/\/ihedn.fr\/lundis-de-lihedn\/ronald-hatto-brutalite-et-condescendance-risquent-de-se-retourner-contre-le-president-trump\/#primaryimage"},"image":{"@id":"https:\/\/ihedn.fr\/lundis-de-lihedn\/ronald-hatto-brutalite-et-condescendance-risquent-de-se-retourner-contre-le-president-trump\/#primaryimage"},"thumbnailUrl":"https:\/\/ihedn.fr\/wp-content\/uploads\/2025\/12\/Bandeau_HATTO_V2.jpg","datePublished":"2025-12-12T13:09:48+00:00","dateModified":"2025-12-15T13:12:36+00:00","description":"In recent years, flight tracking, navigation and even running applications have enabled the general public to keep track of important diplomatic or military movements. Governments are now taking this into account.","breadcrumb":{"@id":"https:\/\/ihedn.fr\/lundis-de-lihedn\/ronald-hatto-brutalite-et-condescendance-risquent-de-se-retourner-contre-le-president-trump\/#breadcrumb"},"inLanguage":"en-GB","potentialAction":[{"@type":"ReadAction","target":["https:\/\/ihedn.fr\/lundis-de-lihedn\/ronald-hatto-brutalite-et-condescendance-risquent-de-se-retourner-contre-le-president-trump\/"]}]},{"@type":"ImageObject","inLanguage":"en-GB","@id":"https:\/\/ihedn.fr\/lundis-de-lihedn\/ronald-hatto-brutalite-et-condescendance-risquent-de-se-retourner-contre-le-president-trump\/#primaryimage","url":"https:\/\/ihedn.fr\/wp-content\/uploads\/2025\/12\/Bandeau_HATTO_V2.jpg","contentUrl":"https:\/\/ihedn.fr\/wp-content\/uploads\/2025\/12\/Bandeau_HATTO_V2.jpg","width":1365,"height":683,"caption":"Lundi de l'IHEDN : Ronald Hatto : \u00ab Brutalit\u00e9 et condescendance risquent de se retourner contre le pr\u00e9sident Trump \u00bb"},{"@type":"BreadcrumbList","@id":"https:\/\/ihedn.fr\/lundis-de-lihedn\/ronald-hatto-brutalite-et-condescendance-risquent-de-se-retourner-contre-le-president-trump\/#breadcrumb","itemListElement":[{"@type":"ListItem","position":1,"name":"Accueil","item":"https:\/\/ihedn.fr\/"},{"@type":"ListItem","position":2,"name":"Ronald Hatto : \u00ab Brutalit\u00e9 et condescendance risquent de se retourner contre le pr\u00e9sident Trump \u00bb"}]},{"@type":"WebSite","@id":"https:\/\/ihedn.fr\/#website","url":"https:\/\/ihedn.fr\/","name":"IHEDN: Institut des hautes \u00e9tudes de d\u00e9fense nationale (Institute for Higher National Defence Studies)","description":"Official website of the IHEDN under the supervision of the Prime Minister.","publisher":{"@id":"https:\/\/ihedn.fr\/#organization"},"potentialAction":[{"@type":"SearchAction","target":{"@type":"EntryPoint","urlTemplate":"https:\/\/ihedn.fr\/?s={search_term_string}"},"query-input":{"@type":"PropertyValueSpecification","valueRequired":true,"valueName":"search_term_string"}}],"inLanguage":"en-GB"},{"@type":"Organization","@id":"https:\/\/ihedn.fr\/#organization","name":"IHEDN - Institute for Higher National Defence Studies","url":"https:\/\/ihedn.fr\/","logo":{"@type":"ImageObject","inLanguage":"en-GB","@id":"https:\/\/ihedn.fr\/#\/schema\/logo\/image\/","url":"https:\/\/ihedn.fr\/wp-content\/uploads\/2020\/11\/BLOC_RF_IHEDN_WEB.png","contentUrl":"https:\/\/ihedn.fr\/wp-content\/uploads\/2020\/11\/BLOC_RF_IHEDN_WEB.png","width":500,"height":237,"caption":"IHEDN - Institut des Hautes Etudes de D\u00e9fense Nationale"},"image":{"@id":"https:\/\/ihedn.fr\/#\/schema\/logo\/image\/"},"sameAs":["https:\/\/www.facebook.com\/ihedn\/","https:\/\/x.com\/IHEDN","https:\/\/www.instagram.com\/ihedn\/","https:\/\/www.linkedin.com\/school\/ihedn\/","https:\/\/fr.wikipedia.org\/wiki\/Institut_des_hautes_\u00e9tudes_de_D\u00e9fense_nationale"]},{"@type":"Person","@id":"https:\/\/ihedn.fr\/#\/schema\/person\/7a52e81319c373f5462ade39e81a7f19","name":"Coline Dassonville","image":{"@type":"ImageObject","inLanguage":"en-GB","@id":"https:\/\/secure.gravatar.com\/avatar\/abc7cbc6297b987d7cbee36041f952619e584620b919eb849c804adf789c1147?s=96&d=mm&r=g","url":"https:\/\/secure.gravatar.com\/avatar\/abc7cbc6297b987d7cbee36041f952619e584620b919eb849c804adf789c1147?s=96&d=mm&r=g","contentUrl":"https:\/\/secure.gravatar.com\/avatar\/abc7cbc6297b987d7cbee36041f952619e584620b919eb849c804adf789c1147?s=96&d=mm&r=g","caption":"Coline Dassonville"},"url":"https:\/\/ihedn.fr\/en\/author\/coline\/"}]}},"publishpress_future_action":{"enabled":false,"date":"2026-05-06 08:37:04","action":"change-status","newStatus":"draft","terms":[],"taxonomy":"category","extraData":[]},"publishpress_future_workflow_manual_trigger":{"enabledWorkflows":[]},"_links":{"self":[{"href":"https:\/\/ihedn.fr\/en\/wp-json\/wp\/v2\/posts\/57327","targetHints":{"allow":["GET"]}}],"collection":[{"href":"https:\/\/ihedn.fr\/en\/wp-json\/wp\/v2\/posts"}],"about":[{"href":"https:\/\/ihedn.fr\/en\/wp-json\/wp\/v2\/types\/post"}],"author":[{"embeddable":true,"href":"https:\/\/ihedn.fr\/en\/wp-json\/wp\/v2\/users\/14"}],"replies":[{"embeddable":true,"href":"https:\/\/ihedn.fr\/en\/wp-json\/wp\/v2\/comments?post=57327"}],"version-history":[{"count":23,"href":"https:\/\/ihedn.fr\/en\/wp-json\/wp\/v2\/posts\/57327\/revisions"}],"predecessor-version":[{"id":57362,"href":"https:\/\/ihedn.fr\/en\/wp-json\/wp\/v2\/posts\/57327\/revisions\/57362"}],"wp:featuredmedia":[{"embeddable":true,"href":"https:\/\/ihedn.fr\/en\/wp-json\/wp\/v2\/media\/57329"}],"wp:attachment":[{"href":"https:\/\/ihedn.fr\/en\/wp-json\/wp\/v2\/media?parent=57327"}],"wp:term":[{"taxonomy":"category","embeddable":true,"href":"https:\/\/ihedn.fr\/en\/wp-json\/wp\/v2\/categories?post=57327"},{"taxonomy":"post_tag","embeddable":true,"href":"https:\/\/ihedn.fr\/en\/wp-json\/wp\/v2\/tags?post=57327"}],"curies":[{"name":"wp","href":"https:\/\/api.w.org\/{rel}","templated":true}]}}