{"id":57616,"date":"2026-01-05T16:54:45","date_gmt":"2026-01-05T15:54:45","guid":{"rendered":"https:\/\/ihedn.fr\/?p=57616"},"modified":"2026-02-03T09:33:57","modified_gmt":"2026-02-03T08:33:57","slug":"rivalites-pour-la-paix-geopolitique-de-lonu","status":"publish","type":"post","link":"https:\/\/ihedn.fr\/en\/les-debats-strategiques\/rivalites-pour-la-paix-geopolitique-de-lonu\/","title":{"rendered":"Rivalries for the UN's geopolitical peace"},"content":{"rendered":"<div data-elementor-type=\"wp-post\" data-elementor-id=\"57616\" class=\"elementor elementor-57616\" data-elementor-post-type=\"post\">\n\t\t\t\t<div data-particle_enable=\"false\" data-particle-mobile-disabled=\"false\" class=\"elementor-element elementor-element-dbb5c3f e-flex e-con-boxed e-con e-parent\" data-id=\"dbb5c3f\" data-element_type=\"container\" data-e-type=\"container\">\n\t\t\t\t\t<div class=\"e-con-inner\">\n\t\t\t\t<div class=\"elementor-element elementor-element-053ec5a elementor-widget elementor-widget-text-editor\" data-id=\"053ec5a\" data-element_type=\"widget\" data-e-type=\"widget\" data-widget_type=\"text-editor.default\">\n\t\t\t\t<div class=\"elementor-widget-container\">\n\t\t\t\t\t\t\t\t\t<p style=\"text-align: left;\">While peace operations have long been a source of consensus among UN Member States, they are now being undermined by rising international tensions. In Rivalries for Peace, Arthur Boutellis analyses the new power dynamics within the organisation, from its New York headquarters to its missions in the field. While the appointment of heads of mission and special envoys has become a major political issue, largely influenced by the competing ambitions and strategies of global and regional powers, other power dynamics are at play on the ground: the weight of troop-contributing countries, the growing influence of host states, and the presence of parallel groups or forces that are redefining the scope of action of peacekeepers. The book shows how the general hardening of international relations produces both winners and losers, but above all undermines the legitimacy and effectiveness of peace operations. These could become less impartial and less suited to future conflicts, at the risk of permanently affecting the UN's ability to maintain peace.<\/p>\t\t\t\t\t\t\t\t<\/div>\n\t\t\t\t<\/div>\n\t\t\t\t<div class=\"elementor-element elementor-element-829f294 elementor-widget elementor-widget-text-editor\" data-id=\"829f294\" data-element_type=\"widget\" data-e-type=\"widget\" data-widget_type=\"text-editor.default\">\n\t\t\t\t<div class=\"elementor-widget-container\">\n\t\t\t\t\t\t\t\t\t<p style=\"text-align: left;\">Arthur Boutellis holds a PhD in political science and is an independent consultant and senior non-resident adviser at the International Peace Institute (IPI), where he headed the Brian Urquhart Centre for Peace Operations. A recognised United Nations expert, he has worked for some fifteen years in peace operations \u2013 notably in Mali during the 2014-2015 negotiations \u2013 as well as with NGOs in the Middle East. He teaches at Columbia University in New York and Sciences Po Paris. Educated in the United States (Princeton) and France (Panth\u00e9on-Assas University), Arthur Boutellis is also an auditor at the 72nd<sup>e<\/sup> IHEDN national session.<\/p>\t\t\t\t\t\t\t\t<\/div>\n\t\t\t\t<\/div>\n\t\t\t\t\t<\/div>\n\t\t\t\t<\/div>\n\t\t<div data-particle_enable=\"false\" data-particle-mobile-disabled=\"false\" class=\"elementor-element elementor-element-338545f e-flex e-con-boxed e-con e-parent\" data-id=\"338545f\" data-element_type=\"container\" data-e-type=\"container\">\n\t\t\t\t\t<div class=\"e-con-inner\">\n\t\t\t\t<div class=\"elementor-element elementor-element-4a1c217 elementor-widget elementor-widget-text-editor\" data-id=\"4a1c217\" data-element_type=\"widget\" data-e-type=\"widget\" data-widget_type=\"text-editor.default\">\n\t\t\t\t<div class=\"elementor-widget-container\">\n\t\t\t\t\t\t\t\t\t<p><strong>A replay of this strategic debate is available on our Youtube channel:<\/strong><\/p>\t\t\t\t\t\t\t\t<\/div>\n\t\t\t\t<\/div>\n\t\t\t\t<div class=\"elementor-element elementor-element-e527f62 elementor-widget elementor-widget-video\" data-id=\"e527f62\" data-element_type=\"widget\" data-e-type=\"widget\" data-settings=\"{&quot;youtube_url&quot;:&quot;https:\\\/\\\/www.youtube.com\\\/watch?v=Kp4YrLjCxTI&quot;,&quot;video_type&quot;:&quot;youtube&quot;,&quot;controls&quot;:&quot;yes&quot;}\" data-widget_type=\"video.default\">\n\t\t\t\t<div class=\"elementor-widget-container\">\n\t\t\t\t\t\t\t<div class=\"elementor-wrapper elementor-open-inline\">\n\t\t\t<div class=\"elementor-video\"><\/div>\t\t<\/div>\n\t\t\t\t\t\t<\/div>\n\t\t\t\t<\/div>\n\t\t\t\t<div class=\"elementor-element elementor-element-7c3d69a elementor-widget elementor-widget-spacer\" data-id=\"7c3d69a\" data-element_type=\"widget\" data-e-type=\"widget\" data-widget_type=\"spacer.default\">\n\t\t\t\t<div class=\"elementor-widget-container\">\n\t\t\t\t\t\t\t<div class=\"elementor-spacer\">\n\t\t\t<div class=\"elementor-spacer-inner\"><\/div>\n\t\t<\/div>\n\t\t\t\t\t\t<\/div>\n\t\t\t\t<\/div>\n\t\t\t\t\t<\/div>\n\t\t\t\t<\/div>\n\t\t\t\t<\/div>","protected":false},"excerpt":{"rendered":"<p><span style=\"color: #c80a23;\"><strong> 2 February 2026 | 6:30 p.m. <\/strong><\/span> at the \u00c9cole militaire<\/p>","protected":false},"author":10,"featured_media":57617,"comment_status":"closed","ping_status":"closed","sticky":false,"template":"","format":"standard","meta":{"footnotes":""},"categories":[42,43],"tags":[249],"class_list":["post-57616","post","type-post","status-publish","format-standard","has-post-thumbnail","hentry","category-les-debats-strategiques","category-precedents-debats","tag-ancien-debat-strategique"],"yoast_head":"<!-- This site is optimized with the Yoast SEO plugin v27.5 - https:\/\/yoast.com\/product\/yoast-seo-wordpress\/ -->\n<title>Rivalit\u00e9s pour la paix g\u00e9opolitique de l&#039;ONU - L&#039;IHEDN : Institut des hautes \u00e9tudes de d\u00e9fense nationale<\/title>\n<meta name=\"description\" content=\"Le 2 f\u00e9vrier 2026, \u00e0 18h30, assistez \u00e0 ce d\u00e9bat strat\u00e9gique propos\u00e9 par l&#039;IHEDN - Rivalit\u00e9s pour la paix g\u00e9opolitique de l&#039;ONU\" \/>\n<meta name=\"robots\" content=\"index, follow, max-snippet:-1, max-image-preview:large, max-video-preview:-1\" \/>\n<link rel=\"canonical\" href=\"https:\/\/ihedn.fr\/en\/les-debats-strategiques\/rivalites-pour-la-paix-geopolitique-de-lonu\/\" \/>\n<meta property=\"og:locale\" content=\"en_GB\" \/>\n<meta property=\"og:type\" content=\"article\" \/>\n<meta property=\"og:title\" content=\"Rivalit\u00e9s pour la paix g\u00e9opolitique de l&#039;ONU - L&#039;IHEDN : Institut des hautes \u00e9tudes de d\u00e9fense nationale\" \/>\n<meta property=\"og:description\" content=\"Le 2 f\u00e9vrier 2026, \u00e0 18h30, assistez \u00e0 ce d\u00e9bat strat\u00e9gique propos\u00e9 par l&#039;IHEDN - Rivalit\u00e9s pour la paix g\u00e9opolitique de l&#039;ONU\" \/>\n<meta property=\"og:url\" content=\"https:\/\/ihedn.fr\/en\/les-debats-strategiques\/rivalites-pour-la-paix-geopolitique-de-lonu\/\" \/>\n<meta property=\"og:site_name\" content=\"L&#039;IHEDN : Institut des hautes \u00e9tudes de d\u00e9fense nationale\" \/>\n<meta property=\"article:publisher\" content=\"https:\/\/www.facebook.com\/ihedn\/\" \/>\n<meta property=\"article:published_time\" content=\"2026-01-05T15:54:45+00:00\" \/>\n<meta property=\"article:modified_time\" content=\"2026-02-03T08:33:57+00:00\" \/>\n<meta property=\"og:image\" content=\"https:\/\/ihedn.fr\/wp-content\/uploads\/2026\/01\/JAN_BOUTELLIS_STRATEGIQUE.jpg\" \/>\n\t<meta property=\"og:image:width\" content=\"1920\" \/>\n\t<meta property=\"og:image:height\" content=\"1080\" \/>\n\t<meta property=\"og:image:type\" content=\"image\/jpeg\" \/>\n<meta name=\"author\" content=\"tanguy.morel@ihedn.fr\" \/>\n<meta name=\"twitter:card\" content=\"summary_large_image\" \/>\n<meta name=\"twitter:title\" content=\"Rivalit\u00e9s pour la paix g\u00e9opolitique de l&#039;ONU - L&#039;IHEDN : Institut des hautes \u00e9tudes de d\u00e9fense nationale\" \/>\n<meta name=\"twitter:description\" content=\"Le 2 f\u00e9vrier 2026, \u00e0 18h30, assistez \u00e0 ce d\u00e9bat strat\u00e9gique propos\u00e9 par l&#039;IHEDN - Rivalit\u00e9s pour la paix g\u00e9opolitique de l&#039;ONU\" \/>\n<meta name=\"twitter:image\" content=\"https:\/\/ihedn.fr\/wp-content\/uploads\/2026\/01\/JAN_BOUTELLIS_STRATEGIQUE.jpg\" \/>\n<meta name=\"twitter:creator\" content=\"@IHEDN\" \/>\n<meta name=\"twitter:site\" content=\"@IHEDN\" \/>\n<meta name=\"twitter:label1\" content=\"Written by\" \/>\n\t<meta name=\"twitter:data1\" content=\"tanguy.morel@ihedn.fr\" \/>\n\t<meta name=\"twitter:label2\" content=\"Estimated reading time\" \/>\n\t<meta name=\"twitter:data2\" content=\"2 minutes\" \/>\n<script type=\"application\/ld+json\" class=\"yoast-schema-graph\">{\"@context\":\"https:\\\/\\\/schema.org\",\"@graph\":[{\"@type\":\"Article\",\"@id\":\"https:\\\/\\\/ihedn.fr\\\/les-debats-strategiques\\\/rivalites-pour-la-paix-geopolitique-de-lonu\\\/#article\",\"isPartOf\":{\"@id\":\"https:\\\/\\\/ihedn.fr\\\/les-debats-strategiques\\\/rivalites-pour-la-paix-geopolitique-de-lonu\\\/\"},\"author\":{\"name\":\"tanguy.morel@ihedn.fr\",\"@id\":\"https:\\\/\\\/ihedn.fr\\\/#\\\/schema\\\/person\\\/ed217a37104b27a246b200e65b827cc7\"},\"headline\":\"Rivalit\u00e9s pour la paix g\u00e9opolitique de l&rsquo;ONU\",\"datePublished\":\"2026-01-05T15:54:45+00:00\",\"dateModified\":\"2026-02-03T08:33:57+00:00\",\"mainEntityOfPage\":{\"@id\":\"https:\\\/\\\/ihedn.fr\\\/les-debats-strategiques\\\/rivalites-pour-la-paix-geopolitique-de-lonu\\\/\"},\"wordCount\":335,\"publisher\":{\"@id\":\"https:\\\/\\\/ihedn.fr\\\/#organization\"},\"image\":{\"@id\":\"https:\\\/\\\/ihedn.fr\\\/les-debats-strategiques\\\/rivalites-pour-la-paix-geopolitique-de-lonu\\\/#primaryimage\"},\"thumbnailUrl\":\"https:\\\/\\\/ihedn.fr\\\/wp-content\\\/uploads\\\/2026\\\/01\\\/JAN_BOUTELLIS_STRATEGIQUE.jpg\",\"keywords\":[\"pr\u00e9c\u00e9dent-d\u00e9bat-strat\u00e9gique\"],\"articleSection\":[\"Les d\u00e9bats strat\u00e9giques\",\"Pr\u00e9c\u00e9dents d\u00e9bats\"],\"inLanguage\":\"en-GB\"},{\"@type\":\"WebPage\",\"@id\":\"https:\\\/\\\/ihedn.fr\\\/les-debats-strategiques\\\/rivalites-pour-la-paix-geopolitique-de-lonu\\\/\",\"url\":\"https:\\\/\\\/ihedn.fr\\\/les-debats-strategiques\\\/rivalites-pour-la-paix-geopolitique-de-lonu\\\/\",\"name\":\"Rivalit\u00e9s pour la paix g\u00e9opolitique de l'ONU - L&#039;IHEDN : Institut des hautes \u00e9tudes de d\u00e9fense nationale\",\"isPartOf\":{\"@id\":\"https:\\\/\\\/ihedn.fr\\\/#website\"},\"primaryImageOfPage\":{\"@id\":\"https:\\\/\\\/ihedn.fr\\\/les-debats-strategiques\\\/rivalites-pour-la-paix-geopolitique-de-lonu\\\/#primaryimage\"},\"image\":{\"@id\":\"https:\\\/\\\/ihedn.fr\\\/les-debats-strategiques\\\/rivalites-pour-la-paix-geopolitique-de-lonu\\\/#primaryimage\"},\"thumbnailUrl\":\"https:\\\/\\\/ihedn.fr\\\/wp-content\\\/uploads\\\/2026\\\/01\\\/JAN_BOUTELLIS_STRATEGIQUE.jpg\",\"datePublished\":\"2026-01-05T15:54:45+00:00\",\"dateModified\":\"2026-02-03T08:33:57+00:00\",\"description\":\"Le 2 f\u00e9vrier 2026, \u00e0 18h30, assistez \u00e0 ce d\u00e9bat strat\u00e9gique propos\u00e9 par l'IHEDN - Rivalit\u00e9s pour la paix g\u00e9opolitique de l'ONU\",\"breadcrumb\":{\"@id\":\"https:\\\/\\\/ihedn.fr\\\/les-debats-strategiques\\\/rivalites-pour-la-paix-geopolitique-de-lonu\\\/#breadcrumb\"},\"inLanguage\":\"en-GB\",\"potentialAction\":[{\"@type\":\"ReadAction\",\"target\":[\"https:\\\/\\\/ihedn.fr\\\/les-debats-strategiques\\\/rivalites-pour-la-paix-geopolitique-de-lonu\\\/\"]}]},{\"@type\":\"ImageObject\",\"inLanguage\":\"en-GB\",\"@id\":\"https:\\\/\\\/ihedn.fr\\\/les-debats-strategiques\\\/rivalites-pour-la-paix-geopolitique-de-lonu\\\/#primaryimage\",\"url\":\"https:\\\/\\\/ihedn.fr\\\/wp-content\\\/uploads\\\/2026\\\/01\\\/JAN_BOUTELLIS_STRATEGIQUE.jpg\",\"contentUrl\":\"https:\\\/\\\/ihedn.fr\\\/wp-content\\\/uploads\\\/2026\\\/01\\\/JAN_BOUTELLIS_STRATEGIQUE.jpg\",\"width\":1920,\"height\":1080,\"caption\":\"D\u00e9bat strat\u00e9gique de l'IHEDN\"},{\"@type\":\"BreadcrumbList\",\"@id\":\"https:\\\/\\\/ihedn.fr\\\/les-debats-strategiques\\\/rivalites-pour-la-paix-geopolitique-de-lonu\\\/#breadcrumb\",\"itemListElement\":[{\"@type\":\"ListItem\",\"position\":1,\"name\":\"Accueil\",\"item\":\"https:\\\/\\\/ihedn.fr\\\/\"},{\"@type\":\"ListItem\",\"position\":2,\"name\":\"Rivalit\u00e9s pour la paix g\u00e9opolitique de l&rsquo;ONU\"}]},{\"@type\":\"WebSite\",\"@id\":\"https:\\\/\\\/ihedn.fr\\\/#website\",\"url\":\"https:\\\/\\\/ihedn.fr\\\/\",\"name\":\"IHEDN : Institut des hautes \u00e9tudes de d\u00e9fense nationale |\",\"description\":\"Site officiel de l&#039;IHEDN plac\u00e9 sous la tutelle du Premier ministre.\",\"publisher\":{\"@id\":\"https:\\\/\\\/ihedn.fr\\\/#organization\"},\"potentialAction\":[{\"@type\":\"SearchAction\",\"target\":{\"@type\":\"EntryPoint\",\"urlTemplate\":\"https:\\\/\\\/ihedn.fr\\\/?s={search_term_string}\"},\"query-input\":{\"@type\":\"PropertyValueSpecification\",\"valueRequired\":true,\"valueName\":\"search_term_string\"}}],\"inLanguage\":\"en-GB\"},{\"@type\":\"Organization\",\"@id\":\"https:\\\/\\\/ihedn.fr\\\/#organization\",\"name\":\"IHEDN - Institut des Hautes Etudes de D\u00e9fense Nationale\",\"url\":\"https:\\\/\\\/ihedn.fr\\\/\",\"logo\":{\"@type\":\"ImageObject\",\"inLanguage\":\"en-GB\",\"@id\":\"https:\\\/\\\/ihedn.fr\\\/#\\\/schema\\\/logo\\\/image\\\/\",\"url\":\"https:\\\/\\\/ihedn.fr\\\/wp-content\\\/uploads\\\/2020\\\/11\\\/BLOC_RF_IHEDN_WEB.png\",\"contentUrl\":\"https:\\\/\\\/ihedn.fr\\\/wp-content\\\/uploads\\\/2020\\\/11\\\/BLOC_RF_IHEDN_WEB.png\",\"width\":500,\"height\":237,\"caption\":\"IHEDN - Institut des Hautes Etudes de D\u00e9fense Nationale\"},\"image\":{\"@id\":\"https:\\\/\\\/ihedn.fr\\\/#\\\/schema\\\/logo\\\/image\\\/\"},\"sameAs\":[\"https:\\\/\\\/www.facebook.com\\\/ihedn\\\/\",\"https:\\\/\\\/x.com\\\/IHEDN\",\"https:\\\/\\\/www.instagram.com\\\/ihedn\\\/\",\"https:\\\/\\\/www.linkedin.com\\\/school\\\/ihedn\\\/\",\"https:\\\/\\\/fr.wikipedia.org\\\/wiki\\\/Institut_des_hautes_\u00e9tudes_de_D\u00e9fense_nationale\"]},{\"@type\":\"Person\",\"@id\":\"https:\\\/\\\/ihedn.fr\\\/#\\\/schema\\\/person\\\/ed217a37104b27a246b200e65b827cc7\",\"name\":\"tanguy.morel@ihedn.fr\",\"image\":{\"@type\":\"ImageObject\",\"inLanguage\":\"en-GB\",\"@id\":\"https:\\\/\\\/secure.gravatar.com\\\/avatar\\\/36877cd30919fafddf1f9da45f4154aa468a64328452f2ceaff0968772207348?s=96&d=mm&r=g\",\"url\":\"https:\\\/\\\/secure.gravatar.com\\\/avatar\\\/36877cd30919fafddf1f9da45f4154aa468a64328452f2ceaff0968772207348?s=96&d=mm&r=g\",\"contentUrl\":\"https:\\\/\\\/secure.gravatar.com\\\/avatar\\\/36877cd30919fafddf1f9da45f4154aa468a64328452f2ceaff0968772207348?s=96&d=mm&r=g\",\"caption\":\"tanguy.morel@ihedn.fr\"},\"url\":\"https:\\\/\\\/ihedn.fr\\\/en\\\/author\\\/tanguy-morelihedn-fr\\\/\"}]}<\/script>\n<!-- \/ Yoast SEO plugin. -->","yoast_head_json":{"title":"Rivalries for geopolitical peace at the UN - IHEDN: Institute for Advanced National Defence Studies","description":"On 2 February 2026, at 6.30 p.m., attend this strategic debate organised by IHEDN - Rivalries for UN geopolitical peace.","robots":{"index":"index","follow":"follow","max-snippet":"max-snippet:-1","max-image-preview":"max-image-preview:large","max-video-preview":"max-video-preview:-1"},"canonical":"https:\/\/ihedn.fr\/en\/les-debats-strategiques\/rivalites-pour-la-paix-geopolitique-de-lonu\/","og_locale":"en_GB","og_type":"article","og_title":"Rivalit\u00e9s pour la paix g\u00e9opolitique de l'ONU - L&#039;IHEDN : Institut des hautes \u00e9tudes de d\u00e9fense nationale","og_description":"Le 2 f\u00e9vrier 2026, \u00e0 18h30, assistez \u00e0 ce d\u00e9bat strat\u00e9gique propos\u00e9 par l'IHEDN - Rivalit\u00e9s pour la paix g\u00e9opolitique de l'ONU","og_url":"https:\/\/ihedn.fr\/en\/les-debats-strategiques\/rivalites-pour-la-paix-geopolitique-de-lonu\/","og_site_name":"L&#039;IHEDN : Institut des hautes \u00e9tudes de d\u00e9fense nationale","article_publisher":"https:\/\/www.facebook.com\/ihedn\/","article_published_time":"2026-01-05T15:54:45+00:00","article_modified_time":"2026-02-03T08:33:57+00:00","og_image":[{"width":1920,"height":1080,"url":"https:\/\/ihedn.fr\/wp-content\/uploads\/2026\/01\/JAN_BOUTELLIS_STRATEGIQUE.jpg","type":"image\/jpeg"}],"author":"tanguy.morel@ihedn.fr","twitter_card":"summary_large_image","twitter_title":"Rivalit\u00e9s pour la paix g\u00e9opolitique de l'ONU - L&#039;IHEDN : Institut des hautes \u00e9tudes de d\u00e9fense nationale","twitter_description":"Le 2 f\u00e9vrier 2026, \u00e0 18h30, assistez \u00e0 ce d\u00e9bat strat\u00e9gique propos\u00e9 par l'IHEDN - Rivalit\u00e9s pour la paix g\u00e9opolitique de l'ONU","twitter_image":"https:\/\/ihedn.fr\/wp-content\/uploads\/2026\/01\/JAN_BOUTELLIS_STRATEGIQUE.jpg","twitter_creator":"@IHEDN","twitter_site":"@IHEDN","twitter_misc":{"Written by":"tanguy.morel@ihedn.fr","Estimated reading time":"2 minutes"},"schema":{"@context":"https:\/\/schema.org","@graph":[{"@type":"Article","@id":"https:\/\/ihedn.fr\/les-debats-strategiques\/rivalites-pour-la-paix-geopolitique-de-lonu\/#article","isPartOf":{"@id":"https:\/\/ihedn.fr\/les-debats-strategiques\/rivalites-pour-la-paix-geopolitique-de-lonu\/"},"author":{"name":"tanguy.morel@ihedn.fr","@id":"https:\/\/ihedn.fr\/#\/schema\/person\/ed217a37104b27a246b200e65b827cc7"},"headline":"Rivalit\u00e9s pour la paix g\u00e9opolitique de l&rsquo;ONU","datePublished":"2026-01-05T15:54:45+00:00","dateModified":"2026-02-03T08:33:57+00:00","mainEntityOfPage":{"@id":"https:\/\/ihedn.fr\/les-debats-strategiques\/rivalites-pour-la-paix-geopolitique-de-lonu\/"},"wordCount":335,"publisher":{"@id":"https:\/\/ihedn.fr\/#organization"},"image":{"@id":"https:\/\/ihedn.fr\/les-debats-strategiques\/rivalites-pour-la-paix-geopolitique-de-lonu\/#primaryimage"},"thumbnailUrl":"https:\/\/ihedn.fr\/wp-content\/uploads\/2026\/01\/JAN_BOUTELLIS_STRATEGIQUE.jpg","keywords":["pr\u00e9c\u00e9dent-d\u00e9bat-strat\u00e9gique"],"articleSection":["Les d\u00e9bats strat\u00e9giques","Pr\u00e9c\u00e9dents d\u00e9bats"],"inLanguage":"en-GB"},{"@type":"WebPage","@id":"https:\/\/ihedn.fr\/les-debats-strategiques\/rivalites-pour-la-paix-geopolitique-de-lonu\/","url":"https:\/\/ihedn.fr\/les-debats-strategiques\/rivalites-pour-la-paix-geopolitique-de-lonu\/","name":"Rivalries for geopolitical peace at the UN - IHEDN: Institute for Advanced National Defence Studies","isPartOf":{"@id":"https:\/\/ihedn.fr\/#website"},"primaryImageOfPage":{"@id":"https:\/\/ihedn.fr\/les-debats-strategiques\/rivalites-pour-la-paix-geopolitique-de-lonu\/#primaryimage"},"image":{"@id":"https:\/\/ihedn.fr\/les-debats-strategiques\/rivalites-pour-la-paix-geopolitique-de-lonu\/#primaryimage"},"thumbnailUrl":"https:\/\/ihedn.fr\/wp-content\/uploads\/2026\/01\/JAN_BOUTELLIS_STRATEGIQUE.jpg","datePublished":"2026-01-05T15:54:45+00:00","dateModified":"2026-02-03T08:33:57+00:00","description":"On 2 February 2026, at 6.30 p.m., attend this strategic debate organised by IHEDN - Rivalries for UN geopolitical peace.","breadcrumb":{"@id":"https:\/\/ihedn.fr\/les-debats-strategiques\/rivalites-pour-la-paix-geopolitique-de-lonu\/#breadcrumb"},"inLanguage":"en-GB","potentialAction":[{"@type":"ReadAction","target":["https:\/\/ihedn.fr\/les-debats-strategiques\/rivalites-pour-la-paix-geopolitique-de-lonu\/"]}]},{"@type":"ImageObject","inLanguage":"en-GB","@id":"https:\/\/ihedn.fr\/les-debats-strategiques\/rivalites-pour-la-paix-geopolitique-de-lonu\/#primaryimage","url":"https:\/\/ihedn.fr\/wp-content\/uploads\/2026\/01\/JAN_BOUTELLIS_STRATEGIQUE.jpg","contentUrl":"https:\/\/ihedn.fr\/wp-content\/uploads\/2026\/01\/JAN_BOUTELLIS_STRATEGIQUE.jpg","width":1920,"height":1080,"caption":"D\u00e9bat strat\u00e9gique de l'IHEDN"},{"@type":"BreadcrumbList","@id":"https:\/\/ihedn.fr\/les-debats-strategiques\/rivalites-pour-la-paix-geopolitique-de-lonu\/#breadcrumb","itemListElement":[{"@type":"ListItem","position":1,"name":"Accueil","item":"https:\/\/ihedn.fr\/"},{"@type":"ListItem","position":2,"name":"Rivalit\u00e9s pour la paix g\u00e9opolitique de l&rsquo;ONU"}]},{"@type":"WebSite","@id":"https:\/\/ihedn.fr\/#website","url":"https:\/\/ihedn.fr\/","name":"IHEDN: Institut des hautes \u00e9tudes de d\u00e9fense nationale (Institute for Higher National Defence Studies)","description":"Official website of the IHEDN under the supervision of the Prime Minister.","publisher":{"@id":"https:\/\/ihedn.fr\/#organization"},"potentialAction":[{"@type":"SearchAction","target":{"@type":"EntryPoint","urlTemplate":"https:\/\/ihedn.fr\/?s={search_term_string}"},"query-input":{"@type":"PropertyValueSpecification","valueRequired":true,"valueName":"search_term_string"}}],"inLanguage":"en-GB"},{"@type":"Organization","@id":"https:\/\/ihedn.fr\/#organization","name":"IHEDN - Institute for Higher National Defence Studies","url":"https:\/\/ihedn.fr\/","logo":{"@type":"ImageObject","inLanguage":"en-GB","@id":"https:\/\/ihedn.fr\/#\/schema\/logo\/image\/","url":"https:\/\/ihedn.fr\/wp-content\/uploads\/2020\/11\/BLOC_RF_IHEDN_WEB.png","contentUrl":"https:\/\/ihedn.fr\/wp-content\/uploads\/2020\/11\/BLOC_RF_IHEDN_WEB.png","width":500,"height":237,"caption":"IHEDN - Institut des Hautes Etudes de D\u00e9fense Nationale"},"image":{"@id":"https:\/\/ihedn.fr\/#\/schema\/logo\/image\/"},"sameAs":["https:\/\/www.facebook.com\/ihedn\/","https:\/\/x.com\/IHEDN","https:\/\/www.instagram.com\/ihedn\/","https:\/\/www.linkedin.com\/school\/ihedn\/","https:\/\/fr.wikipedia.org\/wiki\/Institut_des_hautes_\u00e9tudes_de_D\u00e9fense_nationale"]},{"@type":"Person","@id":"https:\/\/ihedn.fr\/#\/schema\/person\/ed217a37104b27a246b200e65b827cc7","name":"tanguy.morel@ihedn.fr","image":{"@type":"ImageObject","inLanguage":"en-GB","@id":"https:\/\/secure.gravatar.com\/avatar\/36877cd30919fafddf1f9da45f4154aa468a64328452f2ceaff0968772207348?s=96&d=mm&r=g","url":"https:\/\/secure.gravatar.com\/avatar\/36877cd30919fafddf1f9da45f4154aa468a64328452f2ceaff0968772207348?s=96&d=mm&r=g","contentUrl":"https:\/\/secure.gravatar.com\/avatar\/36877cd30919fafddf1f9da45f4154aa468a64328452f2ceaff0968772207348?s=96&d=mm&r=g","caption":"tanguy.morel@ihedn.fr"},"url":"https:\/\/ihedn.fr\/en\/author\/tanguy-morelihedn-fr\/"}]}},"publishpress_future_action":{"enabled":false,"date":"2026-05-09 10:36:09","action":"change-status","newStatus":"draft","terms":[],"taxonomy":"category","extraData":[]},"publishpress_future_workflow_manual_trigger":{"enabledWorkflows":[]},"_links":{"self":[{"href":"https:\/\/ihedn.fr\/en\/wp-json\/wp\/v2\/posts\/57616","targetHints":{"allow":["GET"]}}],"collection":[{"href":"https:\/\/ihedn.fr\/en\/wp-json\/wp\/v2\/posts"}],"about":[{"href":"https:\/\/ihedn.fr\/en\/wp-json\/wp\/v2\/types\/post"}],"author":[{"embeddable":true,"href":"https:\/\/ihedn.fr\/en\/wp-json\/wp\/v2\/users\/10"}],"replies":[{"embeddable":true,"href":"https:\/\/ihedn.fr\/en\/wp-json\/wp\/v2\/comments?post=57616"}],"version-history":[{"count":14,"href":"https:\/\/ihedn.fr\/en\/wp-json\/wp\/v2\/posts\/57616\/revisions"}],"predecessor-version":[{"id":58142,"href":"https:\/\/ihedn.fr\/en\/wp-json\/wp\/v2\/posts\/57616\/revisions\/58142"}],"wp:featuredmedia":[{"embeddable":true,"href":"https:\/\/ihedn.fr\/en\/wp-json\/wp\/v2\/media\/57617"}],"wp:attachment":[{"href":"https:\/\/ihedn.fr\/en\/wp-json\/wp\/v2\/media?parent=57616"}],"wp:term":[{"taxonomy":"category","embeddable":true,"href":"https:\/\/ihedn.fr\/en\/wp-json\/wp\/v2\/categories?post=57616"},{"taxonomy":"post_tag","embeddable":true,"href":"https:\/\/ihedn.fr\/en\/wp-json\/wp\/v2\/tags?post=57616"}],"curies":[{"name":"wp","href":"https:\/\/api.w.org\/{rel}","templated":true}]}}