{"id":58017,"date":"2026-01-23T15:12:28","date_gmt":"2026-01-23T14:12:28","guid":{"rendered":"https:\/\/ihedn.fr\/?p=58017"},"modified":"2026-01-27T09:35:11","modified_gmt":"2026-01-27T08:35:11","slug":"groenland-l-arctique-semble-desormais-divise-en-trois-blocs","status":"publish","type":"post","link":"https:\/\/ihedn.fr\/en\/lundis-de-lihedn\/groenland-l-arctique-semble-desormais-divise-en-trois-blocs\/","title":{"rendered":"Greenland: \u00abThe Arctic now seems to be divided into three blocks\u00bb.\u00bb"},"content":{"rendered":"<div data-elementor-type=\"wp-post\" data-elementor-id=\"58017\" class=\"elementor elementor-58017\" data-elementor-post-type=\"post\">\n\t\t\t\t<div data-particle_enable=\"false\" data-particle-mobile-disabled=\"false\" class=\"elementor-element elementor-element-996fc96 e-flex e-con-boxed e-con e-parent\" data-id=\"996fc96\" data-element_type=\"container\" data-e-type=\"container\">\n\t\t\t\t\t<div class=\"e-con-inner\">\n\t\t\t\t<div class=\"elementor-element elementor-element-be8755d elementor-widget elementor-widget-heading\" data-id=\"be8755d\" data-element_type=\"widget\" data-e-type=\"widget\" data-widget_type=\"heading.default\">\n\t\t\t\t<div class=\"elementor-widget-container\">\n\t\t\t\t\t<h5 class=\"elementor-heading-title elementor-size-default\">IHEDN Mondays are now available in audio format!<\/h5>\t\t\t\t<\/div>\n\t\t\t\t<\/div>\n\t\t\t\t<div class=\"elementor-element elementor-element-12bc3a6 elementor-widget elementor-widget-text-editor\" data-id=\"12bc3a6\" data-element_type=\"widget\" data-e-type=\"widget\" data-widget_type=\"text-editor.default\">\n\t\t\t\t<div class=\"elementor-widget-container\">\n\t\t\t\t\t\t\t\t\t<p>Click below to listen:<\/p>\t\t\t\t\t\t\t\t<\/div>\n\t\t\t\t<\/div>\n\t\t\t\t<div class=\"elementor-element elementor-element-191a3b6 elementor-widget elementor-widget-html\" data-id=\"191a3b6\" data-element_type=\"widget\" data-e-type=\"widget\" data-widget_type=\"html.default\">\n\t\t\t\t<div class=\"elementor-widget-container\">\n\t\t\t\t\t<style>\n.player-container-1 {\n  width: 100%;\n  padding: 10px;\n  border-radius: 20px;\n  backdrop-filter: blur(15px);\n  background: rgba(255,255,255,0.15);\n  box-shadow: 0 3px 30px rgba(0,0,0,0.2);\n  display: flex;\n  flex-direction: inline;\n  align-items: flex-start;\n  color: #fff;\n  margin: 0 auto;\n  background-color: #053973;\n}\n\n#waveform-1 {\n  width: 100%;\n  height: 50px;\n  margin-bottom: 20px;\n}\n\n.controls-1 {\n  display: flex;\n  flex-direction: column;\n  align-items: center;\n  gap: 5px;\n}\n\n#playPause-1 {\n  width: 45px;\n  height: 45px;\n  border: none;\n  background: rgba(255,255,255,0.3);\n  backdrop-filter: blur(5px);\n  border-radius: 50%;\n  cursor: pointer;\n  display: flex;\n  justify-content: center;\n  align-items: center;\n  transition: background 0.2s;\n  padding: 0;\n}\n\n#playPause-1:hover {\n  background: rgba(255,255,255,0.5);\n}\n\n#playPause-1 svg {\n  width: 20px;\n  height: 20px;\n  fill: #fff;\n}\n\n#time-1 {\n  font-size: 16px;\n  text-align: center;\n  min-width: 80px;\n}\n\n.top-controls-1 {\n  width: 100%;\n  display: flex;\n  justify-content: space-between; \/* Play \u00e0 gauche \/ Time \u00e0 droite *\/\n  align-items: center;\n  margin-bottom: 5px;\n}\n\n.player-container-1 {\n  display: flex;\n  flex-direction: column;\n}\n\n#time-1 {\n  font-size: 16px;\n  text-align: right;\n}\n\n.player-container-1 {\n  width: 100%;\n  padding: 20px;\n  border-radius: 20px;\n  backdrop-filter: blur(15px);\n  background: rgba(255,255,255,0.15);\n  box-shadow: 0 3px 30px rgba(0,0,0,0.2);\n  display: flex;                   \/* LAYOUT EN LIGNE *\/\n  flex-direction: row;             \/* tout sur une seule ligne *\/\n  align-items: center;             \/* vertical alignment *\/\n  gap: 20px;                       \/* espace entre \u00e9l\u00e9ments *\/\n  color: #fff;\n  margin: 0 auto;\n  background-color: #053973;\n}\n\n#waveform-1 {\n  flex: 1;                         \/* prend toute la place disponible *\/\n  height: 50px;\n  align-items: center;\n}\n\n#time-1 {\n  min-width: 80px;\n  text-align: right;\n} \n<\/style>\n\n<script src=\"https:\/\/unpkg.com\/wavesurfer.js\"><\/script>\n\n<section>\n<div class=\"player-container-1\">\n\n  <button id=\"playPause-1\">\n    <!-- ton SVG Play -->\n    <svg version=\"1.1\" id=\"playSVG-1\" xmlns=\"http:\/\/www.w3.org\/2000\/svg\" x=\"0px\" y=\"0px\" viewbox=\"0 0 330 330\">\n      <path d=\"M37.728,328.12c2.266,1.256,4.77,1.88,7.272,1.88c2.763,0,5.522-0.763,7.95-2.28l240-149.999      c4.386-2.741,7.05-7.548,7.05-12.72c0-5.172-2.664-9.979-7.05-12.72L52.95,2.28c-4.625-2.891-10.453-3.043-15.222-0.4      C32.959,4.524,30,9.547,30,15v300C30,320.453,32.959,325.476,37.728,328.12z\"\/>\n    <\/svg>\n  <\/button>\n\n  <div id=\"waveform-1\"><\/div>\n\n  <span id=\"time-1\">00:00 \/ 00:00<\/span>\n\n<\/div>\n\n  <!-- waveform en dessous -->\n  <div id=\"waveform-1\"><\/div>\n\n\n<\/section>\n\n<section>\n<script>\n\nconst wavesurfer1 = WaveSurfer.create({\n    container: '#waveform-1',\n    waveColor: 'rgba(255,255,255,0.4)',\n    progressColor: '#fff',\n    cursorColor: '#fff',\n    barWidth: 3,\n    barRadius: 3,\n    height: 50,\n    responsive: true,\n    normalize: true\n});\n\n\/\/ Charge ton fichier audio depuis le site WordPress\nwavesurfer1.load('https:\/\/ihedn.fr\/wp-content\/uploads\/2026\/01\/audio-2026-01-27-groenland.mp3');\n\nconst playBtn1 = document.getElementById('playPause-1');\nconst timeDisplay1 = document.getElementById('time-1');\n\n\/\/ SVGs\nconst playSVG1 = `<svg version=\"1.1\" id=\"playSVG-1\" xmlns=\"http:\/\/www.w3.org\/2000\/svg\" x=\"0px\" y=\"0px\" viewBox=\"0 0 330 330\">\n<path d=\"M37.728,328.12c2.266,1.256,4.77,1.88,7.272,1.88c2.763,0,5.522-0.763,7.95-2.28l240-149.999\nc4.386-2.741,7.05-7.548,7.05-12.72c0-5.172-2.664-9.979-7.05-12.72L52.95,2.28c-4.625-2.891-10.453-3.043-15.222-0.4\nC32.959,4.524,30,9.547,30,15v300C30,320.453,32.959,325.476,37.728,328.12z\"\/>\n<\/svg>`;\n\nconst pauseSVG1 = `<svg xmlns=\"http:\/\/www.w3.org\/2000\/svg\" viewBox=\"0 0 330 330\" width=\"100%\" height=\"100%\" fill=\"#fff\">\n  <rect x=\"60\" y=\"30\" width=\"80\" height=\"270\"\/>\n  <rect x=\"190\" y=\"30\" width=\"80\" height=\"270\"\/>\n<\/svg>`;\n\n\/\/ Play\/Pause switch\nplayBtn1.addEventListener('click', () => {\n    wavesurfer1.playPause();\n    playBtn1.innerHTML = wavesurfer1.isPlaying() ? pauseSVG1 : playSVG1;\n});\n\n\/\/ Update time display\nfunction formatTime(sec) {\n    const m = Math.floor(sec \/ 60);\n    const s = Math.floor(sec % 60);\n    return m.toString().padStart(2,'0') + ':' + s.toString().padStart(2,'0');\n}\n\nwavesurfer1.on('audioprocess', () => {\n    const current = wavesurfer1.getCurrentTime();\n    const duration = wavesurfer1.getDuration();\n    timeDisplay1.textContent = formatTime(current) + ' \/ ' + formatTime(duration);\n});\n\nwavesurfer1.on('ready', () => {\n    const duration = wavesurfer1.getDuration();\n    timeDisplay1.textContent = '00:00 \/ ' + formatTime(duration);\n});\n<\/script>\n<\/section>\t\t\t\t<\/div>\n\t\t\t\t<\/div>\n\t\t\t\t\t<\/div>\n\t\t\t\t<\/div>\n\t\t<div data-particle_enable=\"false\" data-particle-mobile-disabled=\"false\" class=\"elementor-element elementor-element-b21a8ab e-con-full e-flex e-con e-parent\" data-id=\"b21a8ab\" data-element_type=\"container\" data-e-type=\"container\">\n\t\t\t\t<div class=\"elementor-element elementor-element-7eb4223 elementor-widget elementor-widget-text-editor\" data-id=\"7eb4223\" data-element_type=\"widget\" data-e-type=\"widget\" data-widget_type=\"text-editor.default\">\n\t\t\t\t<div class=\"elementor-widget-container\">\n\t\t\t\t\t\t\t\t\t<p>Associate researcher at <a href=\"https:\/\/www.spri.cam.ac.uk\/\" target=\"_blank\" rel=\"noopener\"><em>Scott Polar Research Institute<\/em><\/a> in the Department of Geography at Cambridge University in the UK, French geographer \u00c9milie Canova is also a member of the <a href=\"https:\/\/www.observatoire-arctique.fr\/\" target=\"_blank\" rel=\"noopener\">Arctic Observatory<\/a> the Foundation for Strategic Research (FRS) and the Directorate General for International Relations and Strategy (DGRIS) of the Ministry of Defence.<\/p><p>A graduate of the Ecole Normale Sup\u00e9rieure, \u00c9milie Canova defended her doctoral thesis in Polar Studies at Cambridge in early 2025. <em>\u00abArctic-Europe relations: A case-study of inter-regional co-construction and its geopolitical impacts\u00bb.\u00bb<\/em>. In the field of political geography, she is particularly interested in relations between the European Union and the Arctic, in a context marked by rapid climatic and geopolitical change.<\/p>\t\t\t\t\t\t\t\t<\/div>\n\t\t\t\t<\/div>\n\t\t\t\t<\/div>\n\t\t<div data-particle_enable=\"false\" data-particle-mobile-disabled=\"false\" class=\"elementor-element elementor-element-34f6859 e-con-full e-flex e-con e-parent\" data-id=\"34f6859\" data-element_type=\"container\" data-e-type=\"container\">\n\t\t\t\t<div class=\"elementor-element elementor-element-47a0236 elementor-widget elementor-widget-heading\" data-id=\"47a0236\" data-element_type=\"widget\" data-e-type=\"widget\" data-widget_type=\"heading.default\">\n\t\t\t\t<div class=\"elementor-widget-container\">\n\t\t\t\t\t<h2 class=\"elementor-heading-title elementor-size-default\">WHY WOULD GREENLAND BE NECESSARY FOR THE NATIONAL SECURITY OF THE UNITED STATES, AS DONALD TRUMP CLAIMS? ARE CHINA AND RUSSIA A THREAT THERE?<\/h2>\t\t\t\t<\/div>\n\t\t\t\t<\/div>\n\t\t\t\t<div class=\"elementor-element elementor-element-1b02bcd elementor-widget-divider--view-line elementor-widget elementor-widget-divider\" data-id=\"1b02bcd\" data-element_type=\"widget\" data-e-type=\"widget\" data-widget_type=\"divider.default\">\n\t\t\t\t<div class=\"elementor-widget-container\">\n\t\t\t\t\t\t\t<div class=\"elementor-divider\">\n\t\t\t<span class=\"elementor-divider-separator\">\n\t\t\t\t\t\t<\/span>\n\t\t<\/div>\n\t\t\t\t\t\t<\/div>\n\t\t\t\t<\/div>\n\t\t<div data-particle_enable=\"false\" data-particle-mobile-disabled=\"false\" class=\"elementor-element elementor-element-03142eb e-con-full e-flex e-con e-child\" data-id=\"03142eb\" data-element_type=\"container\" data-e-type=\"container\">\n\t\t\t\t<div class=\"elementor-element elementor-element-2b8bbe6 elementor-widget elementor-widget-text-editor\" data-id=\"2b8bbe6\" data-element_type=\"widget\" data-e-type=\"widget\" data-widget_type=\"text-editor.default\">\n\t\t\t\t<div class=\"elementor-widget-container\">\n\t\t\t\t\t\t\t\t\t<p>Greenland has a strategic position in the Arctic, particularly for continental missile defence, but the United States' national security is already assured by the agreements in place between it and the Kingdom of Denmark.<\/p><p>The United States does not need to acquire Greenland to ensure its security. The 1951 defence agreement (renegotiated in 2004) allows for an increase in US military capabilities on the island. Furthermore, by 2025, Denmark and NATO have decided to invest nearly 14 billion dollars to strengthen security and defence in the Arctic and the North Atlantic, as indicated in the <a href=\"https:\/\/www.forsvaret.dk\/en\/roles-and-responsibilities\/oget-tilstedevarelse-i-arktis\/\" target=\"_blank\" rel=\"noopener\">Arctic Joint Command<\/a>, based in Nuuk, the capital of Greenland.<\/p><p>Furthermore, contrary to what Donald Trump claims, there are no direct Russian or Chinese threats. Since 2022, Russia has obviously increased its hybrid threats in the Nordic countries, but it is not directly threatening Greenland as Trump says.<\/p><p>As for China, it has no military capabilities in the Arctic; only two exercises have been conducted by China towards the Bering Strait since 2020. Its interests are economic (the North-East Sea Route, investment - still limited - in resource extraction infrastructures, particularly in Greenland) and scientific (a scientific base in the Norwegian archipelago of Svalbard, like other countries), to support its desire to play a greater role in the governance of the region.<\/p><p>Already in 2019, during a speech at the Arctic Council ministerial meeting in Rovaniemi (Finland), Mike Pompeo, Secretary of State in the first Trump administration, projected the global US-China rivalry onto the region. The other Arctic countries monitor Chinese activities but do not perceive them as much of a threat as the United States.<\/p>\t\t\t\t\t\t\t\t<\/div>\n\t\t\t\t<\/div>\n\t\t\t\t<\/div>\n\t\t\t\t<\/div>\n\t\t<div data-particle_enable=\"false\" data-particle-mobile-disabled=\"false\" class=\"elementor-element elementor-element-09ebcd3 e-con-full e-flex e-con e-parent\" data-id=\"09ebcd3\" data-element_type=\"container\" data-e-type=\"container\">\n\t\t\t\t<div class=\"elementor-element elementor-element-f359ef9 elementor-widget elementor-widget-heading\" data-id=\"f359ef9\" data-element_type=\"widget\" data-e-type=\"widget\" data-widget_type=\"heading.default\">\n\t\t\t\t<div class=\"elementor-widget-container\">\n\t\t\t\t\t<h2 class=\"elementor-heading-title elementor-size-default\">PRESIDENT TRUMP VIEWS THE ACQUISITION OF THE ISLAND AS A REAL ESTATE TRANSACTION. IS THIS APPROACH COMPATIBLE WITH THE GREENLAND PEOPLE'S RIGHT TO SELF-DETERMINATION AND CURRENT PRINCIPLES OF INTERNATIONAL SOVEREIGNTY?<\/h2>\t\t\t\t<\/div>\n\t\t\t\t<\/div>\n\t\t\t\t<div class=\"elementor-element elementor-element-887cac3 elementor-widget-divider--view-line elementor-widget elementor-widget-divider\" data-id=\"887cac3\" data-element_type=\"widget\" data-e-type=\"widget\" data-widget_type=\"divider.default\">\n\t\t\t\t<div class=\"elementor-widget-container\">\n\t\t\t\t\t\t\t<div class=\"elementor-divider\">\n\t\t\t<span class=\"elementor-divider-separator\">\n\t\t\t\t\t\t<\/span>\n\t\t<\/div>\n\t\t\t\t\t\t<\/div>\n\t\t\t\t<\/div>\n\t\t<div data-particle_enable=\"false\" data-particle-mobile-disabled=\"false\" class=\"elementor-element elementor-element-094d652 e-con-full e-flex e-con e-child\" data-id=\"094d652\" data-element_type=\"container\" data-e-type=\"container\">\n\t\t\t\t<div class=\"elementor-element elementor-element-837d8c0 elementor-widget elementor-widget-text-editor\" data-id=\"837d8c0\" data-element_type=\"widget\" data-e-type=\"widget\" data-widget_type=\"text-editor.default\">\n\t\t\t\t<div class=\"elementor-widget-container\">\n\t\t\t\t\t\t\t\t\t<p>No. Trump's vision of Greenland as \u00aba piece of ice\u00bb or a real estate transaction completely disregards the Greenlandic people and does not respect their right to self-determination or their desire for independence. It is behaving like a new colonial power. The people of Greenland have made it clear that for them there is \u00abno better coloniser\u00bb.<\/p><p>Today, according to opinion polls, 85% of the Greenlandic people are against attachment to the United States. An \u00abacquisition\u00bb against the will of the Greenlandic people would therefore be contrary to international law.<\/p><p>Since 1946, the UN has considered Greenland to be a \u00abnon-self-governing territory\u00bb. According to the definition in Article 73 of Chapter XI of the UN Charter, these are \u00abterritories whose peoples have not yet attained a full measure of self-government\u00bb.<\/p>\t\t\t\t\t\t\t\t<\/div>\n\t\t\t\t<\/div>\n\t\t\t\t<\/div>\n\t\t\t\t<\/div>\n\t\t<div data-particle_enable=\"false\" data-particle-mobile-disabled=\"false\" class=\"elementor-element elementor-element-0a3b581 e-con-full e-flex e-con e-parent\" data-id=\"0a3b581\" data-element_type=\"container\" data-e-type=\"container\">\n\t\t\t\t<div class=\"elementor-element elementor-element-229cd9b elementor-widget elementor-widget-heading\" data-id=\"229cd9b\" data-element_type=\"widget\" data-e-type=\"widget\" data-widget_type=\"heading.default\">\n\t\t\t\t<div class=\"elementor-widget-container\">\n\t\t\t\t\t<h2 class=\"elementor-heading-title elementor-size-default\">IN RESPONSE TO THREATS OF ANNEXATION, SEVERAL EUROPEAN COUNTRIES HAVE DEPLOYED TROOPS ON GREENLANDIC SOIL. DOES THIS POTENTIAL DIRECT CONFRONTATION BETWEEN NATO ALLIES MARK THE END OF THE ARCTIC AS A ZONE OF \u00abLOW TENSION\u00bb?<\/h2>\t\t\t\t<\/div>\n\t\t\t\t<\/div>\n\t\t\t\t<div class=\"elementor-element elementor-element-0de59c4 elementor-widget-divider--view-line elementor-widget elementor-widget-divider\" data-id=\"0de59c4\" data-element_type=\"widget\" data-e-type=\"widget\" data-widget_type=\"divider.default\">\n\t\t\t\t<div class=\"elementor-widget-container\">\n\t\t\t\t\t\t\t<div class=\"elementor-divider\">\n\t\t\t<span class=\"elementor-divider-separator\">\n\t\t\t\t\t\t<\/span>\n\t\t<\/div>\n\t\t\t\t\t\t<\/div>\n\t\t\t\t<\/div>\n\t\t<div data-particle_enable=\"false\" data-particle-mobile-disabled=\"false\" class=\"elementor-element elementor-element-e0bfa39 e-con-full e-flex e-con e-child\" data-id=\"e0bfa39\" data-element_type=\"container\" data-e-type=\"container\">\n\t\t\t\t<div class=\"elementor-element elementor-element-467e955 elementor-widget elementor-widget-text-editor\" data-id=\"467e955\" data-element_type=\"widget\" data-e-type=\"widget\" data-widget_type=\"text-editor.default\">\n\t\t\t\t<div class=\"elementor-widget-container\">\n\t\t\t\t\t\t\t\t\t<p>The end of Arctic exceptionalism goes back a few years, particularly since the Russian aggression in Ukraine and the subsequent pause in the Arctic Council (although it resumed its activities in May 2023), and the unravelling of cooperation structures such as the Barents Euro-Arctic Council.<\/p><p>Since then, the number of military exercises in the area has increased, both on the Russian side and on the NATO side, in particular to deal with the Russian threat. Contrary to what Trump claims, the Nordic countries, including Denmark, were already working to defend the Arctic region.<\/p><p>However, this sequence is a turning point insofar as it represents an escalation between allied countries. That said, the current exercise is intended to reassure us about the island's defence, and it seems to have been misinterpreted by Trump. As for his latest statements at the Davos forum, we should be wary of the impression they give of relaxation: the devil is in the detail, and we still don't know the precise terms of the agreement he is talking about.<\/p>\t\t\t\t\t\t\t\t<\/div>\n\t\t\t\t<\/div>\n\t\t\t\t<\/div>\n\t\t\t\t<\/div>\n\t\t<div data-particle_enable=\"false\" data-particle-mobile-disabled=\"false\" class=\"elementor-element elementor-element-a0bdf87 e-con-full e-flex e-con e-parent\" data-id=\"a0bdf87\" data-element_type=\"container\" data-e-type=\"container\">\n\t\t\t\t<div class=\"elementor-element elementor-element-2dda8c2 elementor-widget elementor-widget-heading\" data-id=\"2dda8c2\" data-element_type=\"widget\" data-e-type=\"widget\" data-widget_type=\"heading.default\">\n\t\t\t\t<div class=\"elementor-widget-container\">\n\t\t\t\t\t<h2 class=\"elementor-heading-title elementor-size-default\">DONALD TRUMP HAS THREATENED TO IMPOSE TAXES OF UP TO 25 % ON EUROPEAN PRODUCTS UNTIL A SALES AGREEMENT IS SIGNED. TO WHAT EXTENT COULD THIS UNIFY EU POLICY IN THE ARCTIC, WHICH YOU AND OTHER RESEARCHERS HAVE SHOWN TO LACK COHERENCE?<\/h2>\t\t\t\t<\/div>\n\t\t\t\t<\/div>\n\t\t\t\t<div class=\"elementor-element elementor-element-d3ce34b elementor-widget-divider--view-line elementor-widget elementor-widget-divider\" data-id=\"d3ce34b\" data-element_type=\"widget\" data-e-type=\"widget\" data-widget_type=\"divider.default\">\n\t\t\t\t<div class=\"elementor-widget-container\">\n\t\t\t\t\t\t\t<div class=\"elementor-divider\">\n\t\t\t<span class=\"elementor-divider-separator\">\n\t\t\t\t\t\t<\/span>\n\t\t<\/div>\n\t\t\t\t\t\t<\/div>\n\t\t\t\t<\/div>\n\t\t<div data-particle_enable=\"false\" data-particle-mobile-disabled=\"false\" class=\"elementor-element elementor-element-52b8dd5 e-con-full e-flex e-con e-child\" data-id=\"52b8dd5\" data-element_type=\"container\" data-e-type=\"container\">\n\t\t\t\t<div class=\"elementor-element elementor-element-db5c7cb elementor-widget elementor-widget-text-editor\" data-id=\"db5c7cb\" data-element_type=\"widget\" data-e-type=\"widget\" data-widget_type=\"text-editor.default\">\n\t\t\t\t<div class=\"elementor-widget-container\">\n\t\t\t\t\t\t\t\t\t<p>This whole sequence is a test for Europe. I'm not sure that it can unite it, but we can hope for a recomposition and a rapprochement of the Nordic countries with the EU and a firm and united response to Trump's threats.<\/p><p>The Arctic policies of European states are all somewhat similar: they emphasise the importance of climate change, the environment and the rights of indigenous peoples. These criteria are required for observer membership of the Arctic Council.<\/p><p>The aim, until 2022, was to maintain the region as a low-tension zone. In recent updates of national Arctic policies (Germany in 2024, and France recently), security issues are given much greater prominence, with in particular the recognition of Russia as a destabilising power.<\/p><p>Sweden, Finland and Denmark generally support the EU's action, but with a few reservations. They act as a kind of guardian of the Arctic vis-\u00e0-vis the EU, and vice versa, acting as a filter: which Arctic issues can be managed by the EU, and which European policies can be applied in the region.<\/p><p>This line has been increasingly difficult to hold since 2022, and particularly since Donald Trump's return to power in 2025. There is a strong need for unity, including Norway and Iceland, which are not members of the EU. But we can see that it is difficult: after the recent escalation, European states reacted in one communiqu\u00e9, then the Nordic states in another.<\/p>\t\t\t\t\t\t\t\t<\/div>\n\t\t\t\t<\/div>\n\t\t\t\t<\/div>\n\t\t\t\t<\/div>\n\t\t<div data-particle_enable=\"false\" data-particle-mobile-disabled=\"false\" class=\"elementor-element elementor-element-3148232 e-con-full e-flex e-con e-parent\" data-id=\"3148232\" data-element_type=\"container\" data-e-type=\"container\">\n\t\t\t\t<div class=\"elementor-element elementor-element-8b18821 elementor-widget elementor-widget-heading\" data-id=\"8b18821\" data-element_type=\"widget\" data-e-type=\"widget\" data-widget_type=\"heading.default\">\n\t\t\t\t<div class=\"elementor-widget-container\">\n\t\t\t\t\t<h2 class=\"elementor-heading-title elementor-size-default\">GREENLAND ASPIRES TO TOTAL INDEPENDENCE FROM DENMARK, BUT REMAINS DEPENDENT ON ITS SUBSIDIES AND THOSE OF THE EU. HOW IS THE AMERICAN OFFER PERCEIVED ON THE ISLAND?<\/h2>\t\t\t\t<\/div>\n\t\t\t\t<\/div>\n\t\t\t\t<div class=\"elementor-element elementor-element-d9c5a8c elementor-widget-divider--view-line elementor-widget elementor-widget-divider\" data-id=\"d9c5a8c\" data-element_type=\"widget\" data-e-type=\"widget\" data-widget_type=\"divider.default\">\n\t\t\t\t<div class=\"elementor-widget-container\">\n\t\t\t\t\t\t\t<div class=\"elementor-divider\">\n\t\t\t<span class=\"elementor-divider-separator\">\n\t\t\t\t\t\t<\/span>\n\t\t<\/div>\n\t\t\t\t\t\t<\/div>\n\t\t\t\t<\/div>\n\t\t<div data-particle_enable=\"false\" data-particle-mobile-disabled=\"false\" class=\"elementor-element elementor-element-ec602d7 e-con-full e-flex e-con e-child\" data-id=\"ec602d7\" data-element_type=\"container\" data-e-type=\"container\">\n\t\t\t\t<div class=\"elementor-element elementor-element-3adb741 elementor-widget elementor-widget-text-editor\" data-id=\"3adb741\" data-element_type=\"widget\" data-e-type=\"widget\" data-widget_type=\"text-editor.default\">\n\t\t\t\t<div class=\"elementor-widget-container\">\n\t\t\t\t\t\t\t\t\t<p>The American offer is not well received: as I said, for Greenlanders \u00abthere is no better coloniser\u00bb. The majority want independence at all costs. This prospect is difficult to achieve in the short term, as there is still a great deal of dependence. Not only to the EU, which is providing \u20ac225 million in subsidies over 7 years, but also to Denmark, with its annual subsidy of \u20ac520 million. In comparison, American aid is much lower and irregular: around 500,000 dollars in 2024.<\/p><p>I would also like to emphasise an aspect that is not often mentioned: the Arctic region now seems to be divided into three blocs. One with the Nordic European countries and Canada, a bloc with which the EU and the UK are associated; a second with Russia; and a third with the United States.<\/p><p>Since Trump's re-election, the United States has shown very little interest in the Arctic Council, which includes among its fundamentals the fight against climate change and the inclusion of indigenous peoples, two things that this president rejects. The United States used to be the leading funder of scientific research in the area, but it is no longer.<\/p><p>The uncertainty of the US position under Trump and his predatory behaviour towards one Arctic Council state are completely destabilising circumpolar cooperation. Before his re-election, there were only two blocs in the Arctic Council: on one side seven Nordic states, including the United States, and on the other Russia. Now, the United States and Russia are two powers destabilising the region.<\/p>\t\t\t\t\t\t\t\t<\/div>\n\t\t\t\t<\/div>\n\t\t\t\t<\/div>\n\t\t\t\t<\/div>\n\t\t\t\t<\/div>","protected":false},"excerpt":{"rendered":"<p>Associate researcher at the University of Cambridge, geographer \u00c9milie Canova analyses for IHEDN the latest developments surrounding the autonomous territory of Denmark. In her view, since the re-election of Donald Trump, the United States has become a destabilising power in the region, as Russia already was.<\/p>","protected":false},"author":14,"featured_media":58045,"comment_status":"closed","ping_status":"closed","sticky":false,"template":"","format":"standard","meta":{"footnotes":""},"categories":[41,171],"tags":[],"class_list":["post-58017","post","type-post","status-publish","format-standard","has-post-thumbnail","hentry","category-lundis-de-lihedn","category-notre-selection"],"yoast_head":"<!-- This site is optimized with the Yoast SEO plugin v27.5 - https:\/\/yoast.com\/product\/yoast-seo-wordpress\/ -->\n<title>Groenland : \u00ab L\u2019Arctique semble d\u00e9sormais divis\u00e9 en trois blocs \u00bb - L&#039;IHEDN : Institut des hautes \u00e9tudes de d\u00e9fense nationale<\/title>\n<meta name=\"description\" content=\"Deux semaines apr\u00e8s la capture de Nicol\u00e1s Maduro, le chercheur Thomas Posado, sp\u00e9cialiste de la r\u00e9publique bolivarienne et de Cuba, analyse le contexte et les cons\u00e9quences possibles de l\u2019op\u00e9ration ordonn\u00e9e par Donald Trump, qui pourrait \u00ab aggraver les difficult\u00e9s et nourrir les axes migratoires qu\u2019il d\u00e9nonce \u00bb.\" \/>\n<meta name=\"robots\" content=\"index, follow, max-snippet:-1, max-image-preview:large, max-video-preview:-1\" \/>\n<link rel=\"canonical\" href=\"https:\/\/ihedn.fr\/en\/lundis-de-lihedn\/groenland-l-arctique-semble-desormais-divise-en-trois-blocs\/\" \/>\n<meta property=\"og:locale\" content=\"en_GB\" \/>\n<meta property=\"og:type\" content=\"article\" \/>\n<meta property=\"og:title\" content=\"Groenland : \u00ab L\u2019Arctique semble d\u00e9sormais divis\u00e9 en trois blocs \u00bb\" \/>\n<meta property=\"og:description\" content=\"Deux semaines apr\u00e8s la capture de Nicol\u00e1s Maduro, le chercheur Thomas Posado, sp\u00e9cialiste de la r\u00e9publique bolivarienne et de Cuba, analyse le contexte et les cons\u00e9quences possibles de l\u2019op\u00e9ration ordonn\u00e9e par Donald Trump, qui pourrait \u00ab aggraver les difficult\u00e9s et nourrir les axes migratoires qu\u2019il d\u00e9nonce \u00bb.\" \/>\n<meta property=\"og:url\" content=\"https:\/\/ihedn.fr\/en\/lundis-de-lihedn\/groenland-l-arctique-semble-desormais-divise-en-trois-blocs\/\" \/>\n<meta property=\"og:site_name\" content=\"L&#039;IHEDN : Institut des hautes \u00e9tudes de d\u00e9fense nationale\" \/>\n<meta property=\"article:publisher\" content=\"https:\/\/www.facebook.com\/ihedn\/\" \/>\n<meta property=\"article:published_time\" content=\"2026-01-23T14:12:28+00:00\" \/>\n<meta property=\"article:modified_time\" content=\"2026-01-27T08:35:11+00:00\" \/>\n<meta property=\"og:image\" content=\"https:\/\/ihedn.fr\/wp-content\/uploads\/2026\/01\/BANDEAU_LIH_AFP.jpg\" \/>\n\t<meta property=\"og:image:width\" content=\"1920\" \/>\n\t<meta property=\"og:image:height\" content=\"1080\" \/>\n\t<meta property=\"og:image:type\" content=\"image\/jpeg\" \/>\n<meta name=\"author\" content=\"Coline Dassonville\" \/>\n<meta name=\"twitter:card\" content=\"summary_large_image\" \/>\n<meta name=\"twitter:title\" content=\"Groenland : \u00ab L\u2019Arctique semble d\u00e9sormais divis\u00e9 en trois blocs \u00bb\" \/>\n<meta name=\"twitter:description\" content=\"Deux semaines apr\u00e8s la capture de Nicol\u00e1s Maduro, le chercheur Thomas Posado, sp\u00e9cialiste de la r\u00e9publique bolivarienne et de Cuba, analyse le contexte et les cons\u00e9quences possibles de l\u2019op\u00e9ration ordonn\u00e9e par Donald Trump, qui pourrait \u00ab aggraver les difficult\u00e9s et nourrir les axes migratoires qu\u2019il d\u00e9nonce \u00bb.\" \/>\n<meta name=\"twitter:image\" content=\"https:\/\/ihedn.fr\/wp-content\/uploads\/2026\/01\/BANDEAU_LIH_AFP.jpg\" \/>\n<meta name=\"twitter:creator\" content=\"@IHEDN\" \/>\n<meta name=\"twitter:site\" content=\"@IHEDN\" \/>\n<meta name=\"twitter:label1\" content=\"Written by\" \/>\n\t<meta name=\"twitter:data1\" content=\"Coline Dassonville\" \/>\n\t<meta name=\"twitter:label2\" content=\"Estimated reading time\" \/>\n\t<meta name=\"twitter:data2\" content=\"8 minutes\" \/>\n<script type=\"application\/ld+json\" class=\"yoast-schema-graph\">{\"@context\":\"https:\\\/\\\/schema.org\",\"@graph\":[{\"@type\":\"Article\",\"@id\":\"https:\\\/\\\/ihedn.fr\\\/lundis-de-lihedn\\\/groenland-l-arctique-semble-desormais-divise-en-trois-blocs\\\/#article\",\"isPartOf\":{\"@id\":\"https:\\\/\\\/ihedn.fr\\\/lundis-de-lihedn\\\/groenland-l-arctique-semble-desormais-divise-en-trois-blocs\\\/\"},\"author\":{\"name\":\"Coline Dassonville\",\"@id\":\"https:\\\/\\\/ihedn.fr\\\/#\\\/schema\\\/person\\\/7a52e81319c373f5462ade39e81a7f19\"},\"headline\":\"Groenland : \u00ab L\u2019Arctique semble d\u00e9sormais divis\u00e9 en trois blocs \u00bb\",\"datePublished\":\"2026-01-23T14:12:28+00:00\",\"dateModified\":\"2026-01-27T08:35:11+00:00\",\"mainEntityOfPage\":{\"@id\":\"https:\\\/\\\/ihedn.fr\\\/lundis-de-lihedn\\\/groenland-l-arctique-semble-desormais-divise-en-trois-blocs\\\/\"},\"wordCount\":1610,\"publisher\":{\"@id\":\"https:\\\/\\\/ihedn.fr\\\/#organization\"},\"image\":{\"@id\":\"https:\\\/\\\/ihedn.fr\\\/lundis-de-lihedn\\\/groenland-l-arctique-semble-desormais-divise-en-trois-blocs\\\/#primaryimage\"},\"thumbnailUrl\":\"https:\\\/\\\/ihedn.fr\\\/wp-content\\\/uploads\\\/2026\\\/01\\\/BANDEAU_LIH_GROENLAND-1.jpg\",\"articleSection\":[\"Lundis de l'IHEDN\",\"Notre s\u00e9lection\"],\"inLanguage\":\"en-GB\"},{\"@type\":\"WebPage\",\"@id\":\"https:\\\/\\\/ihedn.fr\\\/lundis-de-lihedn\\\/groenland-l-arctique-semble-desormais-divise-en-trois-blocs\\\/\",\"url\":\"https:\\\/\\\/ihedn.fr\\\/lundis-de-lihedn\\\/groenland-l-arctique-semble-desormais-divise-en-trois-blocs\\\/\",\"name\":\"Groenland : \u00ab L\u2019Arctique semble d\u00e9sormais divis\u00e9 en trois blocs \u00bb - L&#039;IHEDN : Institut des hautes \u00e9tudes de d\u00e9fense nationale\",\"isPartOf\":{\"@id\":\"https:\\\/\\\/ihedn.fr\\\/#website\"},\"primaryImageOfPage\":{\"@id\":\"https:\\\/\\\/ihedn.fr\\\/lundis-de-lihedn\\\/groenland-l-arctique-semble-desormais-divise-en-trois-blocs\\\/#primaryimage\"},\"image\":{\"@id\":\"https:\\\/\\\/ihedn.fr\\\/lundis-de-lihedn\\\/groenland-l-arctique-semble-desormais-divise-en-trois-blocs\\\/#primaryimage\"},\"thumbnailUrl\":\"https:\\\/\\\/ihedn.fr\\\/wp-content\\\/uploads\\\/2026\\\/01\\\/BANDEAU_LIH_GROENLAND-1.jpg\",\"datePublished\":\"2026-01-23T14:12:28+00:00\",\"dateModified\":\"2026-01-27T08:35:11+00:00\",\"description\":\"Deux semaines apr\u00e8s la capture de Nicol\u00e1s Maduro, le chercheur Thomas Posado, sp\u00e9cialiste de la r\u00e9publique bolivarienne et de Cuba, analyse le contexte et les cons\u00e9quences possibles de l\u2019op\u00e9ration ordonn\u00e9e par Donald Trump, qui pourrait \u00ab aggraver les difficult\u00e9s et nourrir les axes migratoires qu\u2019il d\u00e9nonce \u00bb.\",\"breadcrumb\":{\"@id\":\"https:\\\/\\\/ihedn.fr\\\/lundis-de-lihedn\\\/groenland-l-arctique-semble-desormais-divise-en-trois-blocs\\\/#breadcrumb\"},\"inLanguage\":\"en-GB\",\"potentialAction\":[{\"@type\":\"ReadAction\",\"target\":[\"https:\\\/\\\/ihedn.fr\\\/lundis-de-lihedn\\\/groenland-l-arctique-semble-desormais-divise-en-trois-blocs\\\/\"]}]},{\"@type\":\"ImageObject\",\"inLanguage\":\"en-GB\",\"@id\":\"https:\\\/\\\/ihedn.fr\\\/lundis-de-lihedn\\\/groenland-l-arctique-semble-desormais-divise-en-trois-blocs\\\/#primaryimage\",\"url\":\"https:\\\/\\\/ihedn.fr\\\/wp-content\\\/uploads\\\/2026\\\/01\\\/BANDEAU_LIH_GROENLAND-1.jpg\",\"contentUrl\":\"https:\\\/\\\/ihedn.fr\\\/wp-content\\\/uploads\\\/2026\\\/01\\\/BANDEAU_LIH_GROENLAND-1.jpg\",\"width\":1920,\"height\":1080,\"caption\":\"Lundi de l'IHEDN : Groenland : \u00ab L\u2019Arctique semble d\u00e9sormais divis\u00e9 en trois blocs \u00bb\"},{\"@type\":\"BreadcrumbList\",\"@id\":\"https:\\\/\\\/ihedn.fr\\\/lundis-de-lihedn\\\/groenland-l-arctique-semble-desormais-divise-en-trois-blocs\\\/#breadcrumb\",\"itemListElement\":[{\"@type\":\"ListItem\",\"position\":1,\"name\":\"Accueil\",\"item\":\"https:\\\/\\\/ihedn.fr\\\/\"},{\"@type\":\"ListItem\",\"position\":2,\"name\":\"Groenland : \u00ab L\u2019Arctique semble d\u00e9sormais divis\u00e9 en trois blocs \u00bb\"}]},{\"@type\":\"WebSite\",\"@id\":\"https:\\\/\\\/ihedn.fr\\\/#website\",\"url\":\"https:\\\/\\\/ihedn.fr\\\/\",\"name\":\"IHEDN : Institut des hautes \u00e9tudes de d\u00e9fense nationale |\",\"description\":\"Site officiel de l&#039;IHEDN plac\u00e9 sous la tutelle du Premier ministre.\",\"publisher\":{\"@id\":\"https:\\\/\\\/ihedn.fr\\\/#organization\"},\"potentialAction\":[{\"@type\":\"SearchAction\",\"target\":{\"@type\":\"EntryPoint\",\"urlTemplate\":\"https:\\\/\\\/ihedn.fr\\\/?s={search_term_string}\"},\"query-input\":{\"@type\":\"PropertyValueSpecification\",\"valueRequired\":true,\"valueName\":\"search_term_string\"}}],\"inLanguage\":\"en-GB\"},{\"@type\":\"Organization\",\"@id\":\"https:\\\/\\\/ihedn.fr\\\/#organization\",\"name\":\"IHEDN - Institut des Hautes Etudes de D\u00e9fense Nationale\",\"url\":\"https:\\\/\\\/ihedn.fr\\\/\",\"logo\":{\"@type\":\"ImageObject\",\"inLanguage\":\"en-GB\",\"@id\":\"https:\\\/\\\/ihedn.fr\\\/#\\\/schema\\\/logo\\\/image\\\/\",\"url\":\"https:\\\/\\\/ihedn.fr\\\/wp-content\\\/uploads\\\/2020\\\/11\\\/BLOC_RF_IHEDN_WEB.png\",\"contentUrl\":\"https:\\\/\\\/ihedn.fr\\\/wp-content\\\/uploads\\\/2020\\\/11\\\/BLOC_RF_IHEDN_WEB.png\",\"width\":500,\"height\":237,\"caption\":\"IHEDN - Institut des Hautes Etudes de D\u00e9fense Nationale\"},\"image\":{\"@id\":\"https:\\\/\\\/ihedn.fr\\\/#\\\/schema\\\/logo\\\/image\\\/\"},\"sameAs\":[\"https:\\\/\\\/www.facebook.com\\\/ihedn\\\/\",\"https:\\\/\\\/x.com\\\/IHEDN\",\"https:\\\/\\\/www.instagram.com\\\/ihedn\\\/\",\"https:\\\/\\\/www.linkedin.com\\\/school\\\/ihedn\\\/\",\"https:\\\/\\\/fr.wikipedia.org\\\/wiki\\\/Institut_des_hautes_\u00e9tudes_de_D\u00e9fense_nationale\"]},{\"@type\":\"Person\",\"@id\":\"https:\\\/\\\/ihedn.fr\\\/#\\\/schema\\\/person\\\/7a52e81319c373f5462ade39e81a7f19\",\"name\":\"Coline Dassonville\",\"image\":{\"@type\":\"ImageObject\",\"inLanguage\":\"en-GB\",\"@id\":\"https:\\\/\\\/secure.gravatar.com\\\/avatar\\\/abc7cbc6297b987d7cbee36041f952619e584620b919eb849c804adf789c1147?s=96&d=mm&r=g\",\"url\":\"https:\\\/\\\/secure.gravatar.com\\\/avatar\\\/abc7cbc6297b987d7cbee36041f952619e584620b919eb849c804adf789c1147?s=96&d=mm&r=g\",\"contentUrl\":\"https:\\\/\\\/secure.gravatar.com\\\/avatar\\\/abc7cbc6297b987d7cbee36041f952619e584620b919eb849c804adf789c1147?s=96&d=mm&r=g\",\"caption\":\"Coline Dassonville\"},\"url\":\"https:\\\/\\\/ihedn.fr\\\/en\\\/author\\\/coline\\\/\"}]}<\/script>\n<!-- \/ Yoast SEO plugin. -->","yoast_head_json":{"title":"Greenland: \u00abThe Arctic now seems divided into three blocks\u00bb - L'IHEDN : Institut des hautes \u00e9tudes de d\u00e9fense nationale (in French)","description":"Two weeks after the capture of Nicol\u00e1s Maduro, researcher Thomas Posado, a specialist in the Bolivarian Republic and Cuba, analyses the context and possible consequences of the operation ordered by Donald Trump, which could \u00abexacerbate the difficulties and feed the migratory axes that he denounces\u00bb.","robots":{"index":"index","follow":"follow","max-snippet":"max-snippet:-1","max-image-preview":"max-image-preview:large","max-video-preview":"max-video-preview:-1"},"canonical":"https:\/\/ihedn.fr\/en\/lundis-de-lihedn\/groenland-l-arctique-semble-desormais-divise-en-trois-blocs\/","og_locale":"en_GB","og_type":"article","og_title":"Groenland : \u00ab L\u2019Arctique semble d\u00e9sormais divis\u00e9 en trois blocs \u00bb","og_description":"Deux semaines apr\u00e8s la capture de Nicol\u00e1s Maduro, le chercheur Thomas Posado, sp\u00e9cialiste de la r\u00e9publique bolivarienne et de Cuba, analyse le contexte et les cons\u00e9quences possibles de l\u2019op\u00e9ration ordonn\u00e9e par Donald Trump, qui pourrait \u00ab aggraver les difficult\u00e9s et nourrir les axes migratoires qu\u2019il d\u00e9nonce \u00bb.","og_url":"https:\/\/ihedn.fr\/en\/lundis-de-lihedn\/groenland-l-arctique-semble-desormais-divise-en-trois-blocs\/","og_site_name":"L&#039;IHEDN : Institut des hautes \u00e9tudes de d\u00e9fense nationale","article_publisher":"https:\/\/www.facebook.com\/ihedn\/","article_published_time":"2026-01-23T14:12:28+00:00","article_modified_time":"2026-01-27T08:35:11+00:00","og_image":[{"width":1920,"height":1080,"url":"https:\/\/ihedn.fr\/wp-content\/uploads\/2026\/01\/BANDEAU_LIH_AFP.jpg","type":"image\/jpeg"}],"author":"Coline Dassonville","twitter_card":"summary_large_image","twitter_title":"Groenland : \u00ab L\u2019Arctique semble d\u00e9sormais divis\u00e9 en trois blocs \u00bb","twitter_description":"Deux semaines apr\u00e8s la capture de Nicol\u00e1s Maduro, le chercheur Thomas Posado, sp\u00e9cialiste de la r\u00e9publique bolivarienne et de Cuba, analyse le contexte et les cons\u00e9quences possibles de l\u2019op\u00e9ration ordonn\u00e9e par Donald Trump, qui pourrait \u00ab aggraver les difficult\u00e9s et nourrir les axes migratoires qu\u2019il d\u00e9nonce \u00bb.","twitter_image":"https:\/\/ihedn.fr\/wp-content\/uploads\/2026\/01\/BANDEAU_LIH_AFP.jpg","twitter_creator":"@IHEDN","twitter_site":"@IHEDN","twitter_misc":{"Written by":"Coline Dassonville","Estimated reading time":"8 minutes"},"schema":{"@context":"https:\/\/schema.org","@graph":[{"@type":"Article","@id":"https:\/\/ihedn.fr\/lundis-de-lihedn\/groenland-l-arctique-semble-desormais-divise-en-trois-blocs\/#article","isPartOf":{"@id":"https:\/\/ihedn.fr\/lundis-de-lihedn\/groenland-l-arctique-semble-desormais-divise-en-trois-blocs\/"},"author":{"name":"Coline Dassonville","@id":"https:\/\/ihedn.fr\/#\/schema\/person\/7a52e81319c373f5462ade39e81a7f19"},"headline":"Groenland : \u00ab L\u2019Arctique semble d\u00e9sormais divis\u00e9 en trois blocs \u00bb","datePublished":"2026-01-23T14:12:28+00:00","dateModified":"2026-01-27T08:35:11+00:00","mainEntityOfPage":{"@id":"https:\/\/ihedn.fr\/lundis-de-lihedn\/groenland-l-arctique-semble-desormais-divise-en-trois-blocs\/"},"wordCount":1610,"publisher":{"@id":"https:\/\/ihedn.fr\/#organization"},"image":{"@id":"https:\/\/ihedn.fr\/lundis-de-lihedn\/groenland-l-arctique-semble-desormais-divise-en-trois-blocs\/#primaryimage"},"thumbnailUrl":"https:\/\/ihedn.fr\/wp-content\/uploads\/2026\/01\/BANDEAU_LIH_GROENLAND-1.jpg","articleSection":["Lundis de l'IHEDN","Notre s\u00e9lection"],"inLanguage":"en-GB"},{"@type":"WebPage","@id":"https:\/\/ihedn.fr\/lundis-de-lihedn\/groenland-l-arctique-semble-desormais-divise-en-trois-blocs\/","url":"https:\/\/ihedn.fr\/lundis-de-lihedn\/groenland-l-arctique-semble-desormais-divise-en-trois-blocs\/","name":"Greenland: \u00abThe Arctic now seems divided into three blocks\u00bb - L'IHEDN : Institut des hautes \u00e9tudes de d\u00e9fense nationale (in French)","isPartOf":{"@id":"https:\/\/ihedn.fr\/#website"},"primaryImageOfPage":{"@id":"https:\/\/ihedn.fr\/lundis-de-lihedn\/groenland-l-arctique-semble-desormais-divise-en-trois-blocs\/#primaryimage"},"image":{"@id":"https:\/\/ihedn.fr\/lundis-de-lihedn\/groenland-l-arctique-semble-desormais-divise-en-trois-blocs\/#primaryimage"},"thumbnailUrl":"https:\/\/ihedn.fr\/wp-content\/uploads\/2026\/01\/BANDEAU_LIH_GROENLAND-1.jpg","datePublished":"2026-01-23T14:12:28+00:00","dateModified":"2026-01-27T08:35:11+00:00","description":"Two weeks after the capture of Nicol\u00e1s Maduro, researcher Thomas Posado, a specialist in the Bolivarian Republic and Cuba, analyses the context and possible consequences of the operation ordered by Donald Trump, which could \u00abexacerbate the difficulties and feed the migratory axes that he denounces\u00bb.","breadcrumb":{"@id":"https:\/\/ihedn.fr\/lundis-de-lihedn\/groenland-l-arctique-semble-desormais-divise-en-trois-blocs\/#breadcrumb"},"inLanguage":"en-GB","potentialAction":[{"@type":"ReadAction","target":["https:\/\/ihedn.fr\/lundis-de-lihedn\/groenland-l-arctique-semble-desormais-divise-en-trois-blocs\/"]}]},{"@type":"ImageObject","inLanguage":"en-GB","@id":"https:\/\/ihedn.fr\/lundis-de-lihedn\/groenland-l-arctique-semble-desormais-divise-en-trois-blocs\/#primaryimage","url":"https:\/\/ihedn.fr\/wp-content\/uploads\/2026\/01\/BANDEAU_LIH_GROENLAND-1.jpg","contentUrl":"https:\/\/ihedn.fr\/wp-content\/uploads\/2026\/01\/BANDEAU_LIH_GROENLAND-1.jpg","width":1920,"height":1080,"caption":"Lundi de l'IHEDN : Groenland : \u00ab L\u2019Arctique semble d\u00e9sormais divis\u00e9 en trois blocs \u00bb"},{"@type":"BreadcrumbList","@id":"https:\/\/ihedn.fr\/lundis-de-lihedn\/groenland-l-arctique-semble-desormais-divise-en-trois-blocs\/#breadcrumb","itemListElement":[{"@type":"ListItem","position":1,"name":"Accueil","item":"https:\/\/ihedn.fr\/"},{"@type":"ListItem","position":2,"name":"Groenland : \u00ab L\u2019Arctique semble d\u00e9sormais divis\u00e9 en trois blocs \u00bb"}]},{"@type":"WebSite","@id":"https:\/\/ihedn.fr\/#website","url":"https:\/\/ihedn.fr\/","name":"IHEDN: Institut des hautes \u00e9tudes de d\u00e9fense nationale (Institute for Higher National Defence Studies)","description":"Official website of the IHEDN under the supervision of the Prime Minister.","publisher":{"@id":"https:\/\/ihedn.fr\/#organization"},"potentialAction":[{"@type":"SearchAction","target":{"@type":"EntryPoint","urlTemplate":"https:\/\/ihedn.fr\/?s={search_term_string}"},"query-input":{"@type":"PropertyValueSpecification","valueRequired":true,"valueName":"search_term_string"}}],"inLanguage":"en-GB"},{"@type":"Organization","@id":"https:\/\/ihedn.fr\/#organization","name":"IHEDN - Institute for Higher National Defence Studies","url":"https:\/\/ihedn.fr\/","logo":{"@type":"ImageObject","inLanguage":"en-GB","@id":"https:\/\/ihedn.fr\/#\/schema\/logo\/image\/","url":"https:\/\/ihedn.fr\/wp-content\/uploads\/2020\/11\/BLOC_RF_IHEDN_WEB.png","contentUrl":"https:\/\/ihedn.fr\/wp-content\/uploads\/2020\/11\/BLOC_RF_IHEDN_WEB.png","width":500,"height":237,"caption":"IHEDN - Institut des Hautes Etudes de D\u00e9fense Nationale"},"image":{"@id":"https:\/\/ihedn.fr\/#\/schema\/logo\/image\/"},"sameAs":["https:\/\/www.facebook.com\/ihedn\/","https:\/\/x.com\/IHEDN","https:\/\/www.instagram.com\/ihedn\/","https:\/\/www.linkedin.com\/school\/ihedn\/","https:\/\/fr.wikipedia.org\/wiki\/Institut_des_hautes_\u00e9tudes_de_D\u00e9fense_nationale"]},{"@type":"Person","@id":"https:\/\/ihedn.fr\/#\/schema\/person\/7a52e81319c373f5462ade39e81a7f19","name":"Coline Dassonville","image":{"@type":"ImageObject","inLanguage":"en-GB","@id":"https:\/\/secure.gravatar.com\/avatar\/abc7cbc6297b987d7cbee36041f952619e584620b919eb849c804adf789c1147?s=96&d=mm&r=g","url":"https:\/\/secure.gravatar.com\/avatar\/abc7cbc6297b987d7cbee36041f952619e584620b919eb849c804adf789c1147?s=96&d=mm&r=g","contentUrl":"https:\/\/secure.gravatar.com\/avatar\/abc7cbc6297b987d7cbee36041f952619e584620b919eb849c804adf789c1147?s=96&d=mm&r=g","caption":"Coline Dassonville"},"url":"https:\/\/ihedn.fr\/en\/author\/coline\/"}]}},"publishpress_future_action":{"enabled":false,"date":"2026-05-06 16:18:22","action":"change-status","newStatus":"draft","terms":[],"taxonomy":"category","extraData":[]},"publishpress_future_workflow_manual_trigger":{"enabledWorkflows":[]},"_links":{"self":[{"href":"https:\/\/ihedn.fr\/en\/wp-json\/wp\/v2\/posts\/58017","targetHints":{"allow":["GET"]}}],"collection":[{"href":"https:\/\/ihedn.fr\/en\/wp-json\/wp\/v2\/posts"}],"about":[{"href":"https:\/\/ihedn.fr\/en\/wp-json\/wp\/v2\/types\/post"}],"author":[{"embeddable":true,"href":"https:\/\/ihedn.fr\/en\/wp-json\/wp\/v2\/users\/14"}],"replies":[{"embeddable":true,"href":"https:\/\/ihedn.fr\/en\/wp-json\/wp\/v2\/comments?post=58017"}],"version-history":[{"count":16,"href":"https:\/\/ihedn.fr\/en\/wp-json\/wp\/v2\/posts\/58017\/revisions"}],"predecessor-version":[{"id":58048,"href":"https:\/\/ihedn.fr\/en\/wp-json\/wp\/v2\/posts\/58017\/revisions\/58048"}],"wp:featuredmedia":[{"embeddable":true,"href":"https:\/\/ihedn.fr\/en\/wp-json\/wp\/v2\/media\/58045"}],"wp:attachment":[{"href":"https:\/\/ihedn.fr\/en\/wp-json\/wp\/v2\/media?parent=58017"}],"wp:term":[{"taxonomy":"category","embeddable":true,"href":"https:\/\/ihedn.fr\/en\/wp-json\/wp\/v2\/categories?post=58017"},{"taxonomy":"post_tag","embeddable":true,"href":"https:\/\/ihedn.fr\/en\/wp-json\/wp\/v2\/tags?post=58017"}],"curies":[{"name":"wp","href":"https:\/\/api.w.org\/{rel}","templated":true}]}}