{"id":58296,"date":"2026-02-13T09:09:45","date_gmt":"2026-02-13T08:09:45","guid":{"rendered":"https:\/\/ihedn.fr\/?p=58296"},"modified":"2026-02-13T15:51:51","modified_gmt":"2026-02-13T14:51:51","slug":"lihedn-au-coeur-dun-ecosysteme-strategique-unique","status":"publish","type":"post","link":"https:\/\/ihedn.fr\/en\/lundis-de-lihedn\/lihedn-au-coeur-dun-ecosysteme-strategique-unique\/","title":{"rendered":"IHEDN at the heart of a unique strategic ecosystem"},"content":{"rendered":"<div data-elementor-type=\"wp-post\" data-elementor-id=\"58296\" class=\"elementor elementor-58296\" data-elementor-post-type=\"post\">\n\t\t\t\t<div data-particle_enable=\"false\" data-particle-mobile-disabled=\"false\" class=\"elementor-element elementor-element-996fc96 e-flex e-con-boxed e-con e-parent\" data-id=\"996fc96\" data-element_type=\"container\" data-e-type=\"container\">\n\t\t\t\t\t<div class=\"e-con-inner\">\n\t\t\t\t<div class=\"elementor-element elementor-element-be8755d elementor-widget elementor-widget-heading\" data-id=\"be8755d\" data-element_type=\"widget\" data-e-type=\"widget\" data-widget_type=\"heading.default\">\n\t\t\t\t<div class=\"elementor-widget-container\">\n\t\t\t\t\t<h5 class=\"elementor-heading-title elementor-size-default\">IHEDN Mondays are now available in audio format!<\/h5>\t\t\t\t<\/div>\n\t\t\t\t<\/div>\n\t\t\t\t<div class=\"elementor-element elementor-element-12bc3a6 elementor-widget elementor-widget-text-editor\" data-id=\"12bc3a6\" data-element_type=\"widget\" data-e-type=\"widget\" data-widget_type=\"text-editor.default\">\n\t\t\t\t<div class=\"elementor-widget-container\">\n\t\t\t\t\t\t\t\t\t<p>Click below to listen:<\/p>\t\t\t\t\t\t\t\t<\/div>\n\t\t\t\t<\/div>\n\t\t\t\t<div class=\"elementor-element elementor-element-191a3b6 elementor-widget elementor-widget-html\" data-id=\"191a3b6\" data-element_type=\"widget\" data-e-type=\"widget\" data-widget_type=\"html.default\">\n\t\t\t\t<div class=\"elementor-widget-container\">\n\t\t\t\t\t<style>\n.player-container-1 {\n  width: 100%;\n  padding: 10px;\n  border-radius: 20px;\n  backdrop-filter: blur(15px);\n  background: rgba(255,255,255,0.15);\n  box-shadow: 0 3px 30px rgba(0,0,0,0.2);\n  display: flex;\n  flex-direction: inline;\n  align-items: flex-start;\n  color: #fff;\n  margin: 0 auto;\n  background-color: #053973;\n}\n\n#waveform-1 {\n  width: 100%;\n  height: 50px;\n  margin-bottom: 20px;\n}\n\n.controls-1 {\n  display: flex;\n  flex-direction: column;\n  align-items: center;\n  gap: 5px;\n}\n\n#playPause-1 {\n  width: 45px;\n  height: 45px;\n  border: none;\n  background: rgba(255,255,255,0.3);\n  backdrop-filter: blur(5px);\n  border-radius: 50%;\n  cursor: pointer;\n  display: flex;\n  justify-content: center;\n  align-items: center;\n  transition: background 0.2s;\n  padding: 0;\n}\n\n#playPause-1:hover {\n  background: rgba(255,255,255,0.5);\n}\n\n#playPause-1 svg {\n  width: 20px;\n  height: 20px;\n  fill: #fff;\n}\n\n#time-1 {\n  font-size: 16px;\n  text-align: center;\n  min-width: 80px;\n}\n\n.top-controls-1 {\n  width: 100%;\n  display: flex;\n  justify-content: space-between; \/* Play \u00e0 gauche \/ Time \u00e0 droite *\/\n  align-items: center;\n  margin-bottom: 5px;\n}\n\n.player-container-1 {\n  display: flex;\n  flex-direction: column;\n}\n\n#time-1 {\n  font-size: 16px;\n  text-align: right;\n}\n\n.player-container-1 {\n  width: 100%;\n  padding: 20px;\n  border-radius: 20px;\n  backdrop-filter: blur(15px);\n  background: rgba(255,255,255,0.15);\n  box-shadow: 0 3px 30px rgba(0,0,0,0.2);\n  display: flex;                   \/* LAYOUT EN LIGNE *\/\n  flex-direction: row;             \/* tout sur une seule ligne *\/\n  align-items: center;             \/* vertical alignment *\/\n  gap: 20px;                       \/* espace entre \u00e9l\u00e9ments *\/\n  color: #fff;\n  margin: 0 auto;\n  background-color: #053973;\n}\n\n#waveform-1 {\n  flex: 1;                         \/* prend toute la place disponible *\/\n  height: 50px;\n  align-items: center;\n}\n\n#time-1 {\n  min-width: 80px;\n  text-align: right;\n} \n<\/style>\n\n<script src=\"https:\/\/unpkg.com\/wavesurfer.js\"><\/script>\n\n<section>\n<div class=\"player-container-1\">\n\n  <button id=\"playPause-1\">\n    <!-- ton SVG Play -->\n    <svg version=\"1.1\" id=\"playSVG-1\" xmlns=\"http:\/\/www.w3.org\/2000\/svg\" x=\"0px\" y=\"0px\" viewbox=\"0 0 330 330\">\n      <path d=\"M37.728,328.12c2.266,1.256,4.77,1.88,7.272,1.88c2.763,0,5.522-0.763,7.95-2.28l240-149.999      c4.386-2.741,7.05-7.548,7.05-12.72c0-5.172-2.664-9.979-7.05-12.72L52.95,2.28c-4.625-2.891-10.453-3.043-15.222-0.4      C32.959,4.524,30,9.547,30,15v300C30,320.453,32.959,325.476,37.728,328.12z\"\/>\n    <\/svg>\n  <\/button>\n\n  <div id=\"waveform-1\"><\/div>\n\n  <span id=\"time-1\">00:00 \/ 00:00<\/span>\n\n<\/div>\n\n  <!-- waveform en dessous -->\n  <div id=\"waveform-1\"><\/div>\n\n\n<\/section>\n\n<section>\n<script>\n\nconst wavesurfer1 = WaveSurfer.create({\n    container: '#waveform-1',\n    waveColor: 'rgba(255,255,255,0.4)',\n    progressColor: '#fff',\n    cursorColor: '#fff',\n    barWidth: 3,\n    barRadius: 3,\n    height: 50,\n    responsive: true,\n    normalize: true\n});\n\n\/\/ Charge ton fichier audio depuis le site WordPress\nwavesurfer1.load('https:\/\/ihedn.fr\/wp-content\/uploads\/2026\/02\/audio-2026-02-09-ecosysteme_ihedn.mp3');\n\nconst playBtn1 = document.getElementById('playPause-1');\nconst timeDisplay1 = document.getElementById('time-1');\n\n\/\/ SVGs\nconst playSVG1 = `<svg version=\"1.1\" id=\"playSVG-1\" xmlns=\"http:\/\/www.w3.org\/2000\/svg\" x=\"0px\" y=\"0px\" viewBox=\"0 0 330 330\">\n<path d=\"M37.728,328.12c2.266,1.256,4.77,1.88,7.272,1.88c2.763,0,5.522-0.763,7.95-2.28l240-149.999\nc4.386-2.741,7.05-7.548,7.05-12.72c0-5.172-2.664-9.979-7.05-12.72L52.95,2.28c-4.625-2.891-10.453-3.043-15.222-0.4\nC32.959,4.524,30,9.547,30,15v300C30,320.453,32.959,325.476,37.728,328.12z\"\/>\n<\/svg>`;\n\nconst pauseSVG1 = `<svg xmlns=\"http:\/\/www.w3.org\/2000\/svg\" viewBox=\"0 0 330 330\" width=\"100%\" height=\"100%\" fill=\"#fff\">\n  <rect x=\"60\" y=\"30\" width=\"80\" height=\"270\"\/>\n  <rect x=\"190\" y=\"30\" width=\"80\" height=\"270\"\/>\n<\/svg>`;\n\n\/\/ Play\/Pause switch\nplayBtn1.addEventListener('click', () => {\n    wavesurfer1.playPause();\n    playBtn1.innerHTML = wavesurfer1.isPlaying() ? pauseSVG1 : playSVG1;\n});\n\n\/\/ Update time display\nfunction formatTime(sec) {\n    const m = Math.floor(sec \/ 60);\n    const s = Math.floor(sec % 60);\n    return m.toString().padStart(2,'0') + ':' + s.toString().padStart(2,'0');\n}\n\nwavesurfer1.on('audioprocess', () => {\n    const current = wavesurfer1.getCurrentTime();\n    const duration = wavesurfer1.getDuration();\n    timeDisplay1.textContent = formatTime(current) + ' \/ ' + formatTime(duration);\n});\n\nwavesurfer1.on('ready', () => {\n    const duration = wavesurfer1.getDuration();\n    timeDisplay1.textContent = '00:00 \/ ' + formatTime(duration);\n});\n<\/script>\n<\/section>\t\t\t\t<\/div>\n\t\t\t\t<\/div>\n\t\t\t\t\t<\/div>\n\t\t\t\t<\/div>\n\t\t<div data-particle_enable=\"false\" data-particle-mobile-disabled=\"false\" class=\"elementor-element elementor-element-b21a8ab e-con-full e-flex e-con e-parent\" data-id=\"b21a8ab\" data-element_type=\"container\" data-e-type=\"container\">\n\t\t\t\t<div class=\"elementor-element elementor-element-7eb4223 elementor-widget elementor-widget-text-editor\" data-id=\"7eb4223\" data-element_type=\"widget\" data-e-type=\"widget\" data-widget_type=\"text-editor.default\">\n\t\t\t\t<div class=\"elementor-widget-container\">\n\t\t\t\t\t\t\t\t\t<p style=\"text-align: left;\">Placed under the authority of the Prime Minister, who has entrusted its supervision to the General Secretariat for National Defence and Security (SGDSN), the IHEDN is much more than a training institute for the nation's dynamic forces from the armed forces, the public services and the private sector: it also raises awareness of defence issues among elected representatives in Parliament and local authorities, associations, trade unions, religious representatives, etc.<\/p><p style=\"text-align: left;\">This diversity of audiences and the originality of the training, based from the outset on a tried and tested pedagogical triptych - high-level lectures, field visits and committee work - make the IHEDN a source of inspiration for many organisations outside the fields of national defence and strategic thinking.<\/p><p style=\"text-align: left;\">Since it was founded in 1936, the Institute has been at the heart of a veritable ecosystem that has historically contributed to national cohesion and the dissemination of the spirit of defence. Throughout its 90-year history, this ecosystem has been constantly structured and densified to adapt to the vicissitudes of the times. Echoing the current geostrategic upheavals, this structuring has accelerated particularly since the 2020s.<\/p>\t\t\t\t\t\t\t\t<\/div>\n\t\t\t\t<\/div>\n\t\t\t\t<\/div>\n\t\t<div data-particle_enable=\"false\" data-particle-mobile-disabled=\"false\" class=\"elementor-element elementor-element-34f6859 e-con-full e-flex e-con e-parent\" data-id=\"34f6859\" data-element_type=\"container\" data-e-type=\"container\">\n\t\t\t\t<div class=\"elementor-element elementor-element-47a0236 elementor-widget elementor-widget-heading\" data-id=\"47a0236\" data-element_type=\"widget\" data-e-type=\"widget\" data-widget_type=\"heading.default\">\n\t\t\t\t<div class=\"elementor-widget-container\">\n\t\t\t\t\t<h2 class=\"elementor-heading-title elementor-size-default\">Institutional anchoring: a legitimate prime ministerial position<\/h2>\t\t\t\t<\/div>\n\t\t\t\t<\/div>\n\t\t\t\t<div class=\"elementor-element elementor-element-1b02bcd elementor-widget-divider--view-line elementor-widget elementor-widget-divider\" data-id=\"1b02bcd\" data-element_type=\"widget\" data-e-type=\"widget\" data-widget_type=\"divider.default\">\n\t\t\t\t<div class=\"elementor-widget-container\">\n\t\t\t\t\t\t\t<div class=\"elementor-divider\">\n\t\t\t<span class=\"elementor-divider-separator\">\n\t\t\t\t\t\t<\/span>\n\t\t<\/div>\n\t\t\t\t\t\t<\/div>\n\t\t\t\t<\/div>\n\t\t<div data-particle_enable=\"false\" data-particle-mobile-disabled=\"false\" class=\"elementor-element elementor-element-03142eb e-con-full e-flex e-con e-child\" data-id=\"03142eb\" data-element_type=\"container\" data-e-type=\"container\">\n\t\t\t\t<div class=\"elementor-element elementor-element-2b8bbe6 elementor-widget elementor-widget-text-editor\" data-id=\"2b8bbe6\" data-element_type=\"widget\" data-e-type=\"widget\" data-widget_type=\"text-editor.default\">\n\t\t\t\t<div class=\"elementor-widget-container\">\n\t\t\t\t\t\t\t\t\t<p style=\"text-align: left;\">As a public administrative institution, IHEDN carries out its public service mission in direct liaison with the highest authorities, as part of an inter-ministerial approach.<\/p><p style=\"text-align: left;\"><strong>The first link is the organic one with its supervisory body. For the Institute, this link is strategic:<\/strong> its affiliation with the Prime Minister's Office and the SGDSN ensures that its teaching is aligned with national defence and security priorities, as expressed in <a href=\"https:\/\/ihedn.fr\/en\/lundis-de-lihedn\/nicolas-roche-notre-pays-preferera-toujours-le-reglement-pacifique-a-la-force-armee\/\">the National Strategic Review<\/a> published in 2025.<\/p><p style=\"text-align: left;\"><strong>Secondly, its mission cannot be achieved without interministerial cooperation:<\/strong> IHEDN works closely with the ministries (Armed Forces, Interior, Europe and Foreign Affairs, Economy and Finance, National Education, Overseas Territories), helping to make the \u00c9cole Militaire and the various regional youth sessions and cycles unique crossroads for strategic thinking and national cohesion.<\/p><ul><li style=\"text-align: left;\">Le <strong>Ministry of the Armed Forces, Ministry of the Interior and Ministry of Europe and Foreign Affairs <\/strong>contribute on a daily basis to the activities of the IHEDN, by providing experienced and managerial staff. The Direction G\u00e9n\u00e9rale de l'Armement (DGA) and the Armed Forces Staff in particular are also essential partners in the organisation of several sessions each year.<\/li><li style=\"text-align: left;\">The French Overseas Departments and Territories Directorate General (DGOM) of the <strong>Ministry for Overseas France<\/strong> supports the participation of auditors from these territories in the national session of the IHEDN each year<span style=\"text-decoration: line-through;\">, <\/span>as well as the organisation of a regional session and a cycle for young people overseas.<\/li><li style=\"text-align: left;\">The Directorate for Security and Defence Cooperation (DCSD) of the <strong>Ministry of Europe and Foreign Affairs<\/strong> contributes, several times a year, to the organisation of international sessions at IHEDN, bringing together students from all over the world.<\/li><li style=\"text-align: left;\">Le <strong>Ministry of the Economy and Finance <\/strong>is involved, through a number of its departments, in holding cycles in Economic and Strategic Intelligence.<\/li><\/ul>\t\t\t\t\t\t\t\t<\/div>\n\t\t\t\t<\/div>\n\t\t\t\t<\/div>\n\t\t\t\t<\/div>\n\t\t<div data-particle_enable=\"false\" data-particle-mobile-disabled=\"false\" class=\"elementor-element elementor-element-09ebcd3 e-con-full e-flex e-con e-parent\" data-id=\"09ebcd3\" data-element_type=\"container\" data-e-type=\"container\">\n\t\t\t\t<div class=\"elementor-element elementor-element-f359ef9 elementor-widget elementor-widget-heading\" data-id=\"f359ef9\" data-element_type=\"widget\" data-e-type=\"widget\" data-widget_type=\"heading.default\">\n\t\t\t\t<div class=\"elementor-widget-container\">\n\t\t\t\t\t<h2 class=\"elementor-heading-title elementor-size-default\">ACADEM, a real efficiency multiplier<\/h2>\t\t\t\t<\/div>\n\t\t\t\t<\/div>\n\t\t\t\t<div class=\"elementor-element elementor-element-887cac3 elementor-widget-divider--view-line elementor-widget elementor-widget-divider\" data-id=\"887cac3\" data-element_type=\"widget\" data-e-type=\"widget\" data-widget_type=\"divider.default\">\n\t\t\t\t<div class=\"elementor-widget-container\">\n\t\t\t\t\t\t\t<div class=\"elementor-divider\">\n\t\t\t<span class=\"elementor-divider-separator\">\n\t\t\t\t\t\t<\/span>\n\t\t<\/div>\n\t\t\t\t\t\t<\/div>\n\t\t\t\t<\/div>\n\t\t<div data-particle_enable=\"false\" data-particle-mobile-disabled=\"false\" class=\"elementor-element elementor-element-094d652 e-con-full e-flex e-con e-child\" data-id=\"094d652\" data-element_type=\"container\" data-e-type=\"container\">\n\t\t\t\t<div class=\"elementor-element elementor-element-837d8c0 elementor-widget elementor-widget-text-editor\" data-id=\"837d8c0\" data-element_type=\"widget\" data-e-type=\"widget\" data-widget_type=\"text-editor.default\">\n\t\t\t\t<div class=\"elementor-widget-container\">\n\t\t\t\t\t\t\t\t\t<p style=\"text-align: left;\">In 2026, <strong>the Defence Academy of the \u00c9cole Militaire<\/strong> (ACADEM), created in 2023, is continuing to step up its events and awareness-raising activities. IHEDN, a founding member, plays a leading role in this.<\/p><p style=\"text-align: left;\"><strong>In concrete terms, this translates into territorial synergy:<\/strong> By bringing together around twenty organisations, all located at the \u00c9cole Militaire, ACADEM increases the dissemination of the training and research carried out on the site.<\/p><p style=\"text-align: left;\"><strong>This local synergy gives French strategic thinking a global reach:<\/strong> the success of <em>Paris Defence and Strategy Forum<\/em> (PDSF) bears witness to the power of this collective, capable of bringing together in Paris strategic thinkers and analysts from all over the world. In 2025, the Forum attracted more than 4,000 visitors of 71 nationalities, with some 400 speakers taking part in 121 different events. The 2026 edition will be held from 24 to 26 March.<\/p>\t\t\t\t\t\t\t\t<\/div>\n\t\t\t\t<\/div>\n\t\t\t\t<\/div>\n\t\t\t\t<\/div>\n\t\t<div data-particle_enable=\"false\" data-particle-mobile-disabled=\"false\" class=\"elementor-element elementor-element-0a3b581 e-con-full e-flex e-con e-parent\" data-id=\"0a3b581\" data-element_type=\"container\" data-e-type=\"container\">\n\t\t\t\t<div class=\"elementor-element elementor-element-229cd9b elementor-widget elementor-widget-heading\" data-id=\"229cd9b\" data-element_type=\"widget\" data-e-type=\"widget\" data-widget_type=\"heading.default\">\n\t\t\t\t<div class=\"elementor-widget-container\">\n\t\t\t\t\t<h2 class=\"elementor-heading-title elementor-size-default\">A network of auditors: local roots<\/h2>\t\t\t\t<\/div>\n\t\t\t\t<\/div>\n\t\t\t\t<div class=\"elementor-element elementor-element-0de59c4 elementor-widget-divider--view-line elementor-widget elementor-widget-divider\" data-id=\"0de59c4\" data-element_type=\"widget\" data-e-type=\"widget\" data-widget_type=\"divider.default\">\n\t\t\t\t<div class=\"elementor-widget-container\">\n\t\t\t\t\t\t\t<div class=\"elementor-divider\">\n\t\t\t<span class=\"elementor-divider-separator\">\n\t\t\t\t\t\t<\/span>\n\t\t<\/div>\n\t\t\t\t\t\t<\/div>\n\t\t\t\t<\/div>\n\t\t<div data-particle_enable=\"false\" data-particle-mobile-disabled=\"false\" class=\"elementor-element elementor-element-e0bfa39 e-con-full e-flex e-con e-child\" data-id=\"e0bfa39\" data-element_type=\"container\" data-e-type=\"container\">\n\t\t\t\t<div class=\"elementor-element elementor-element-467e955 elementor-widget elementor-widget-text-editor\" data-id=\"467e955\" data-element_type=\"widget\" data-e-type=\"widget\" data-widget_type=\"text-editor.default\">\n\t\t\t\t<div class=\"elementor-widget-container\">\n\t\t\t\t\t\t\t\t\t<p style=\"text-align: left;\">IHEDN's work to build national resilience also relies on a community of over 10,000 members, committed both over time (several years after the end of their session) and over space (throughout France and abroad).<\/p><p style=\"text-align: left;\"><strong>Listener associations <\/strong>are present in mainland France, overseas and abroad. They promote the spirit of defence on a daily basis through conferences, field visits and a wide range of initiatives tailored to the regions and the different audiences encountered. Since 2025, regional associations have been able to organise youth courses under the Institute's educational supervision.<\/p><p style=\"text-align: left;\"><strong>The link with young people<\/strong> is obviously expressed through the Youth cycles and the many activities of the Young IHEDN, but also through <strong>academic trinomials<\/strong>. Organised since 1988 by teams from the rectorats of the Ministry of Education, the general officers of the defence and security zones of the Ministry of the Armed Forces and the regional associations of IHEDN auditors, they provide training in national defence issues for secondary school pupils and students throughout France. The IHEDN ecosystem is looking to the future to pass on the baton to younger generations.<\/p>\t\t\t\t\t\t\t\t<\/div>\n\t\t\t\t<\/div>\n\t\t\t\t<\/div>\n\t\t\t\t<\/div>\n\t\t<div data-particle_enable=\"false\" data-particle-mobile-disabled=\"false\" class=\"elementor-element elementor-element-a0bdf87 e-con-full e-flex e-con e-parent\" data-id=\"a0bdf87\" data-element_type=\"container\" data-e-type=\"container\">\n\t\t\t\t<div class=\"elementor-element elementor-element-2dda8c2 elementor-widget elementor-widget-heading\" data-id=\"2dda8c2\" data-element_type=\"widget\" data-e-type=\"widget\" data-widget_type=\"heading.default\">\n\t\t\t\t<div class=\"elementor-widget-container\">\n\t\t\t\t\t<h2 class=\"elementor-heading-title elementor-size-default\">Academic and inter-institute synergies <\/h2>\t\t\t\t<\/div>\n\t\t\t\t<\/div>\n\t\t\t\t<div class=\"elementor-element elementor-element-d3ce34b elementor-widget-divider--view-line elementor-widget elementor-widget-divider\" data-id=\"d3ce34b\" data-element_type=\"widget\" data-e-type=\"widget\" data-widget_type=\"divider.default\">\n\t\t\t\t<div class=\"elementor-widget-container\">\n\t\t\t\t\t\t\t<div class=\"elementor-divider\">\n\t\t\t<span class=\"elementor-divider-separator\">\n\t\t\t\t\t\t<\/span>\n\t\t<\/div>\n\t\t\t\t\t\t<\/div>\n\t\t\t\t<\/div>\n\t\t<div data-particle_enable=\"false\" data-particle-mobile-disabled=\"false\" class=\"elementor-element elementor-element-52b8dd5 e-con-full e-flex e-con e-child\" data-id=\"52b8dd5\" data-element_type=\"container\" data-e-type=\"container\">\n\t\t\t\t<div class=\"elementor-element elementor-element-db5c7cb elementor-widget elementor-widget-text-editor\" data-id=\"db5c7cb\" data-element_type=\"widget\" data-e-type=\"widget\" data-widget_type=\"text-editor.default\">\n\t\t\t\t<div class=\"elementor-widget-container\">\n\t\t\t\t\t\t\t\t\t<p style=\"text-align: left;\">The Institut breaks down the barriers of knowledge by engaging in structuring partnerships.<\/p><p style=\"text-align: left;\">Since 2025,<strong> a partnership with <\/strong>the other \u00abIH\u00bb at the \u00c9cole Militaire, <strong>Institut des Hautes \u00c9tudes du Minist\u00e8re de l'Int\u00e9rieur (IHEMI) <\/strong>enables the organisation of joint cycles that illustrate the need to address defence and homeland security issues in their entirety, by bringing cultures closer together. <strong>IHEDN is also a driving force<\/strong> and, by virtue of its age, a source of inspiration <strong>for the Inter-IHE network<\/strong>, which brings together some twenty public institutes and graduate schools.<\/p><p style=\"text-align: left;\">At European level, IHEDN works in close partnership with <strong>the European Security and Defence College (ESDC)<\/strong>, which finances several courses for auditors from France and other EU countries.<\/p><p style=\"text-align: left;\">At the same time, collaboration with the academic and research world is steadily increasing to support the growing number of researchers and feed strategic thinking via <strong>scientific awards since 1998<\/strong>, but also thanks to the <strong>IHEDN Endowment Fund<\/strong>, IHEDN, which also hosts two research chairs: the IHEDN Chair in Defence Economics and the IHEDN Chair in Digital Sovereignty and Cybersecurity.<\/p><p style=\"text-align: left;\">On the teaching front, this close collaboration is also reflected in the participation of representatives from the academic world in the Institute's activities throughout the year, whether through their contribution to defining the general guidelines of the training and research policy (within the <strong>Scientific Advisory Board<\/strong>) or their <strong>intervention in cycles and sessions.<\/strong><\/p>\t\t\t\t\t\t\t\t<\/div>\n\t\t\t\t<\/div>\n\t\t\t\t<\/div>\n\t\t\t\t<\/div>\n\t\t<div data-particle_enable=\"false\" data-particle-mobile-disabled=\"false\" class=\"elementor-element elementor-element-80dcfa3 e-con-full e-flex e-con e-parent\" data-id=\"80dcfa3\" data-element_type=\"container\" data-e-type=\"container\">\n\t\t\t\t<div class=\"elementor-element elementor-element-5617648 elementor-widget elementor-widget-heading\" data-id=\"5617648\" data-element_type=\"widget\" data-e-type=\"widget\" data-widget_type=\"heading.default\">\n\t\t\t\t<div class=\"elementor-widget-container\">\n\t\t\t\t\t<h2 class=\"elementor-heading-title elementor-size-default\">THE IHEDN ECOSYSTEM IN FIGURES<\/h2>\t\t\t\t<\/div>\n\t\t\t\t<\/div>\n\t\t\t\t<div class=\"elementor-element elementor-element-d01c3fd elementor-widget-divider--view-line elementor-widget elementor-widget-divider\" data-id=\"d01c3fd\" data-element_type=\"widget\" data-e-type=\"widget\" data-widget_type=\"divider.default\">\n\t\t\t\t<div class=\"elementor-widget-container\">\n\t\t\t\t\t\t\t<div class=\"elementor-divider\">\n\t\t\t<span class=\"elementor-divider-separator\">\n\t\t\t\t\t\t<\/span>\n\t\t<\/div>\n\t\t\t\t\t\t<\/div>\n\t\t\t\t<\/div>\n\t\t<div data-particle_enable=\"false\" data-particle-mobile-disabled=\"false\" class=\"elementor-element elementor-element-106bec3 e-con-full e-flex e-con e-child\" data-id=\"106bec3\" data-element_type=\"container\" data-e-type=\"container\">\n\t\t\t\t<div class=\"elementor-element elementor-element-e71d6d5 elementor-widget elementor-widget-text-editor\" data-id=\"e71d6d5\" data-element_type=\"widget\" data-e-type=\"widget\" data-widget_type=\"text-editor.default\">\n\t\t\t\t<div class=\"elementor-widget-container\">\n\t\t\t\t\t\t\t\t\t<p style=\"text-align: center;\"><strong><span style=\"color: #000091;\">2500 people<\/span> <br \/><\/strong>trained every year and several hundred people reached through our events<\/p><p style=\"text-align: center;\"><strong><span style=\"color: #000091;\">100,000+ subscribers<\/span><br \/><\/strong>on our social networks, commenting on and sharing scientific news and articles, as well as the dozens of articles for the general public published on the site every year<\/p><p style=\"text-align: center;\"><strong><span style=\"color: #000091;\">1 leading annual scientific publication<\/span><br \/><\/strong>National Defence Year (NDA)<\/p><p style=\"text-align: center;\"><strong><span style=\"color: #000091;\">39 associations<\/span><br \/><\/strong>international, national, regional and thematic listeners<\/p><p style=\"text-align: center;\"><strong><span style=\"color: #000091;\">1 global network<\/span><br \/><\/strong>with a stronger presence in Brussels<\/p><p style=\"text-align: center;\"><strong><span style=\"color: #000091;\">30 organisations<\/span><br \/><\/strong>ACADEM members and partners<\/p>\t\t\t\t\t\t\t\t<\/div>\n\t\t\t\t<\/div>\n\t\t\t\t<\/div>\n\t\t\t\t<\/div>\n\t\t\t\t<\/div>","protected":false},"excerpt":{"rendered":"<p>To mark the 90<sup>e<\/sup> anniversary of the Institute, focusing on its place in the French strategic ecosystem and the role of its listeners in spreading the spirit of defence and strengthening national cohesion.<\/p>","protected":false},"author":14,"featured_media":58344,"comment_status":"closed","ping_status":"closed","sticky":false,"template":"","format":"standard","meta":{"footnotes":""},"categories":[41,171],"tags":[],"class_list":["post-58296","post","type-post","status-publish","format-standard","has-post-thumbnail","hentry","category-lundis-de-lihedn","category-notre-selection"],"yoast_head":"<!-- This site is optimized with the Yoast SEO plugin v27.5 - https:\/\/yoast.com\/product\/yoast-seo-wordpress\/ -->\n<title>L\u2019IHEDN au c\u0153ur d&#039;un \u00e9cosyst\u00e8me strat\u00e9gique unique - L&#039;IHEDN : Institut des hautes \u00e9tudes de d\u00e9fense nationale<\/title>\n<meta name=\"description\" content=\"Deux semaines apr\u00e8s la capture de Nicol\u00e1s Maduro, le chercheur Thomas Posado, sp\u00e9cialiste de la r\u00e9publique bolivarienne et de Cuba, analyse le contexte et les cons\u00e9quences possibles de l\u2019op\u00e9ration ordonn\u00e9e par Donald Trump, qui pourrait \u00ab aggraver les difficult\u00e9s et nourrir les axes migratoires qu\u2019il d\u00e9nonce \u00bb.\" \/>\n<meta name=\"robots\" content=\"index, follow, max-snippet:-1, max-image-preview:large, max-video-preview:-1\" \/>\n<link rel=\"canonical\" href=\"https:\/\/ihedn.fr\/en\/lundis-de-lihedn\/lihedn-au-coeur-dun-ecosysteme-strategique-unique\/\" \/>\n<meta property=\"og:locale\" content=\"en_GB\" \/>\n<meta property=\"og:type\" content=\"article\" \/>\n<meta property=\"og:title\" content=\"L\u2019IHEDN au c\u0153ur d&#039;un \u00e9cosyst\u00e8me strat\u00e9gique unique\" \/>\n<meta property=\"og:description\" content=\"Deux semaines apr\u00e8s la capture de Nicol\u00e1s Maduro, le chercheur Thomas Posado, sp\u00e9cialiste de la r\u00e9publique bolivarienne et de Cuba, analyse le contexte et les cons\u00e9quences possibles de l\u2019op\u00e9ration ordonn\u00e9e par Donald Trump, qui pourrait \u00ab aggraver les difficult\u00e9s et nourrir les axes migratoires qu\u2019il d\u00e9nonce \u00bb.\" \/>\n<meta property=\"og:url\" content=\"https:\/\/ihedn.fr\/en\/lundis-de-lihedn\/lihedn-au-coeur-dun-ecosysteme-strategique-unique\/\" \/>\n<meta property=\"og:site_name\" content=\"L&#039;IHEDN : Institut des hautes \u00e9tudes de d\u00e9fense nationale\" \/>\n<meta property=\"article:publisher\" content=\"https:\/\/www.facebook.com\/ihedn\/\" \/>\n<meta property=\"article:published_time\" content=\"2026-02-13T08:09:45+00:00\" \/>\n<meta property=\"article:modified_time\" content=\"2026-02-13T14:51:51+00:00\" \/>\n<meta property=\"og:image\" content=\"https:\/\/ihedn.fr\/wp-content\/uploads\/2026\/01\/BANDEAU_LIH_AFP.jpg\" \/>\n\t<meta property=\"og:image:width\" content=\"1920\" \/>\n\t<meta property=\"og:image:height\" content=\"1080\" \/>\n\t<meta property=\"og:image:type\" content=\"image\/jpeg\" \/>\n<meta name=\"author\" content=\"Coline Dassonville\" \/>\n<meta name=\"twitter:card\" content=\"summary_large_image\" \/>\n<meta name=\"twitter:title\" content=\"L\u2019IHEDN au c\u0153ur d&#039;un \u00e9cosyst\u00e8me strat\u00e9gique unique\" \/>\n<meta name=\"twitter:description\" content=\"Deux semaines apr\u00e8s la capture de Nicol\u00e1s Maduro, le chercheur Thomas Posado, sp\u00e9cialiste de la r\u00e9publique bolivarienne et de Cuba, analyse le contexte et les cons\u00e9quences possibles de l\u2019op\u00e9ration ordonn\u00e9e par Donald Trump, qui pourrait \u00ab aggraver les difficult\u00e9s et nourrir les axes migratoires qu\u2019il d\u00e9nonce \u00bb.\" \/>\n<meta name=\"twitter:image\" content=\"https:\/\/ihedn.fr\/wp-content\/uploads\/2026\/01\/BANDEAU_LIH_AFP.jpg\" \/>\n<meta name=\"twitter:creator\" content=\"@IHEDN\" \/>\n<meta name=\"twitter:site\" content=\"@IHEDN\" \/>\n<meta name=\"twitter:label1\" content=\"Written by\" \/>\n\t<meta name=\"twitter:data1\" content=\"Coline Dassonville\" \/>\n\t<meta name=\"twitter:label2\" content=\"Estimated reading time\" \/>\n\t<meta name=\"twitter:data2\" content=\"7 minutes\" \/>\n<script type=\"application\/ld+json\" class=\"yoast-schema-graph\">{\"@context\":\"https:\\\/\\\/schema.org\",\"@graph\":[{\"@type\":\"Article\",\"@id\":\"https:\\\/\\\/ihedn.fr\\\/lundis-de-lihedn\\\/lihedn-au-coeur-dun-ecosysteme-strategique-unique\\\/#article\",\"isPartOf\":{\"@id\":\"https:\\\/\\\/ihedn.fr\\\/lundis-de-lihedn\\\/lihedn-au-coeur-dun-ecosysteme-strategique-unique\\\/\"},\"author\":{\"name\":\"Coline Dassonville\",\"@id\":\"https:\\\/\\\/ihedn.fr\\\/#\\\/schema\\\/person\\\/7a52e81319c373f5462ade39e81a7f19\"},\"headline\":\"L\u2019IHEDN au c\u0153ur d&rsquo;un \u00e9cosyst\u00e8me strat\u00e9gique unique\",\"datePublished\":\"2026-02-13T08:09:45+00:00\",\"dateModified\":\"2026-02-13T14:51:51+00:00\",\"mainEntityOfPage\":{\"@id\":\"https:\\\/\\\/ihedn.fr\\\/lundis-de-lihedn\\\/lihedn-au-coeur-dun-ecosysteme-strategique-unique\\\/\"},\"wordCount\":1413,\"publisher\":{\"@id\":\"https:\\\/\\\/ihedn.fr\\\/#organization\"},\"image\":{\"@id\":\"https:\\\/\\\/ihedn.fr\\\/lundis-de-lihedn\\\/lihedn-au-coeur-dun-ecosysteme-strategique-unique\\\/#primaryimage\"},\"thumbnailUrl\":\"https:\\\/\\\/ihedn.fr\\\/wp-content\\\/uploads\\\/2026\\\/02\\\/BANDEAU_LIH_16FEV.jpg\",\"articleSection\":[\"Lundis de l'IHEDN\",\"Notre s\u00e9lection\"],\"inLanguage\":\"en-GB\"},{\"@type\":\"WebPage\",\"@id\":\"https:\\\/\\\/ihedn.fr\\\/lundis-de-lihedn\\\/lihedn-au-coeur-dun-ecosysteme-strategique-unique\\\/\",\"url\":\"https:\\\/\\\/ihedn.fr\\\/lundis-de-lihedn\\\/lihedn-au-coeur-dun-ecosysteme-strategique-unique\\\/\",\"name\":\"L\u2019IHEDN au c\u0153ur d'un \u00e9cosyst\u00e8me strat\u00e9gique unique - L&#039;IHEDN : Institut des hautes \u00e9tudes de d\u00e9fense nationale\",\"isPartOf\":{\"@id\":\"https:\\\/\\\/ihedn.fr\\\/#website\"},\"primaryImageOfPage\":{\"@id\":\"https:\\\/\\\/ihedn.fr\\\/lundis-de-lihedn\\\/lihedn-au-coeur-dun-ecosysteme-strategique-unique\\\/#primaryimage\"},\"image\":{\"@id\":\"https:\\\/\\\/ihedn.fr\\\/lundis-de-lihedn\\\/lihedn-au-coeur-dun-ecosysteme-strategique-unique\\\/#primaryimage\"},\"thumbnailUrl\":\"https:\\\/\\\/ihedn.fr\\\/wp-content\\\/uploads\\\/2026\\\/02\\\/BANDEAU_LIH_16FEV.jpg\",\"datePublished\":\"2026-02-13T08:09:45+00:00\",\"dateModified\":\"2026-02-13T14:51:51+00:00\",\"description\":\"Deux semaines apr\u00e8s la capture de Nicol\u00e1s Maduro, le chercheur Thomas Posado, sp\u00e9cialiste de la r\u00e9publique bolivarienne et de Cuba, analyse le contexte et les cons\u00e9quences possibles de l\u2019op\u00e9ration ordonn\u00e9e par Donald Trump, qui pourrait \u00ab aggraver les difficult\u00e9s et nourrir les axes migratoires qu\u2019il d\u00e9nonce \u00bb.\",\"breadcrumb\":{\"@id\":\"https:\\\/\\\/ihedn.fr\\\/lundis-de-lihedn\\\/lihedn-au-coeur-dun-ecosysteme-strategique-unique\\\/#breadcrumb\"},\"inLanguage\":\"en-GB\",\"potentialAction\":[{\"@type\":\"ReadAction\",\"target\":[\"https:\\\/\\\/ihedn.fr\\\/lundis-de-lihedn\\\/lihedn-au-coeur-dun-ecosysteme-strategique-unique\\\/\"]}]},{\"@type\":\"ImageObject\",\"inLanguage\":\"en-GB\",\"@id\":\"https:\\\/\\\/ihedn.fr\\\/lundis-de-lihedn\\\/lihedn-au-coeur-dun-ecosysteme-strategique-unique\\\/#primaryimage\",\"url\":\"https:\\\/\\\/ihedn.fr\\\/wp-content\\\/uploads\\\/2026\\\/02\\\/BANDEAU_LIH_16FEV.jpg\",\"contentUrl\":\"https:\\\/\\\/ihedn.fr\\\/wp-content\\\/uploads\\\/2026\\\/02\\\/BANDEAU_LIH_16FEV.jpg\",\"width\":1754,\"height\":1240,\"caption\":\"Lundi de l'IHEDN : L\u2019IHEDN au c\u0153ur d'un \u00e9cosyst\u00e8me strat\u00e9gique unique\"},{\"@type\":\"BreadcrumbList\",\"@id\":\"https:\\\/\\\/ihedn.fr\\\/lundis-de-lihedn\\\/lihedn-au-coeur-dun-ecosysteme-strategique-unique\\\/#breadcrumb\",\"itemListElement\":[{\"@type\":\"ListItem\",\"position\":1,\"name\":\"Accueil\",\"item\":\"https:\\\/\\\/ihedn.fr\\\/\"},{\"@type\":\"ListItem\",\"position\":2,\"name\":\"L\u2019IHEDN au c\u0153ur d&rsquo;un \u00e9cosyst\u00e8me strat\u00e9gique unique\"}]},{\"@type\":\"WebSite\",\"@id\":\"https:\\\/\\\/ihedn.fr\\\/#website\",\"url\":\"https:\\\/\\\/ihedn.fr\\\/\",\"name\":\"IHEDN : Institut des hautes \u00e9tudes de d\u00e9fense nationale |\",\"description\":\"Site officiel de l&#039;IHEDN plac\u00e9 sous la tutelle du Premier ministre.\",\"publisher\":{\"@id\":\"https:\\\/\\\/ihedn.fr\\\/#organization\"},\"potentialAction\":[{\"@type\":\"SearchAction\",\"target\":{\"@type\":\"EntryPoint\",\"urlTemplate\":\"https:\\\/\\\/ihedn.fr\\\/?s={search_term_string}\"},\"query-input\":{\"@type\":\"PropertyValueSpecification\",\"valueRequired\":true,\"valueName\":\"search_term_string\"}}],\"inLanguage\":\"en-GB\"},{\"@type\":\"Organization\",\"@id\":\"https:\\\/\\\/ihedn.fr\\\/#organization\",\"name\":\"IHEDN - Institut des Hautes Etudes de D\u00e9fense Nationale\",\"url\":\"https:\\\/\\\/ihedn.fr\\\/\",\"logo\":{\"@type\":\"ImageObject\",\"inLanguage\":\"en-GB\",\"@id\":\"https:\\\/\\\/ihedn.fr\\\/#\\\/schema\\\/logo\\\/image\\\/\",\"url\":\"https:\\\/\\\/ihedn.fr\\\/wp-content\\\/uploads\\\/2020\\\/11\\\/BLOC_RF_IHEDN_WEB.png\",\"contentUrl\":\"https:\\\/\\\/ihedn.fr\\\/wp-content\\\/uploads\\\/2020\\\/11\\\/BLOC_RF_IHEDN_WEB.png\",\"width\":500,\"height\":237,\"caption\":\"IHEDN - Institut des Hautes Etudes de D\u00e9fense Nationale\"},\"image\":{\"@id\":\"https:\\\/\\\/ihedn.fr\\\/#\\\/schema\\\/logo\\\/image\\\/\"},\"sameAs\":[\"https:\\\/\\\/www.facebook.com\\\/ihedn\\\/\",\"https:\\\/\\\/x.com\\\/IHEDN\",\"https:\\\/\\\/www.instagram.com\\\/ihedn\\\/\",\"https:\\\/\\\/www.linkedin.com\\\/school\\\/ihedn\\\/\",\"https:\\\/\\\/fr.wikipedia.org\\\/wiki\\\/Institut_des_hautes_\u00e9tudes_de_D\u00e9fense_nationale\"]},{\"@type\":\"Person\",\"@id\":\"https:\\\/\\\/ihedn.fr\\\/#\\\/schema\\\/person\\\/7a52e81319c373f5462ade39e81a7f19\",\"name\":\"Coline Dassonville\",\"image\":{\"@type\":\"ImageObject\",\"inLanguage\":\"en-GB\",\"@id\":\"https:\\\/\\\/secure.gravatar.com\\\/avatar\\\/abc7cbc6297b987d7cbee36041f952619e584620b919eb849c804adf789c1147?s=96&d=mm&r=g\",\"url\":\"https:\\\/\\\/secure.gravatar.com\\\/avatar\\\/abc7cbc6297b987d7cbee36041f952619e584620b919eb849c804adf789c1147?s=96&d=mm&r=g\",\"contentUrl\":\"https:\\\/\\\/secure.gravatar.com\\\/avatar\\\/abc7cbc6297b987d7cbee36041f952619e584620b919eb849c804adf789c1147?s=96&d=mm&r=g\",\"caption\":\"Coline Dassonville\"},\"url\":\"https:\\\/\\\/ihedn.fr\\\/en\\\/author\\\/coline\\\/\"}]}<\/script>\n<!-- \/ Yoast SEO plugin. -->","yoast_head_json":{"title":"IHEDN at the heart of a unique strategic ecosystem - L'IHEDN : Institut des hautes \u00e9tudes de d\u00e9fense nationale","description":"Two weeks after the capture of Nicol\u00e1s Maduro, researcher Thomas Posado, a specialist in the Bolivarian Republic and Cuba, analyses the context and possible consequences of the operation ordered by Donald Trump, which could \u00abexacerbate the difficulties and feed the migratory axes that he denounces\u00bb.","robots":{"index":"index","follow":"follow","max-snippet":"max-snippet:-1","max-image-preview":"max-image-preview:large","max-video-preview":"max-video-preview:-1"},"canonical":"https:\/\/ihedn.fr\/en\/lundis-de-lihedn\/lihedn-au-coeur-dun-ecosysteme-strategique-unique\/","og_locale":"en_GB","og_type":"article","og_title":"L\u2019IHEDN au c\u0153ur d'un \u00e9cosyst\u00e8me strat\u00e9gique unique","og_description":"Deux semaines apr\u00e8s la capture de Nicol\u00e1s Maduro, le chercheur Thomas Posado, sp\u00e9cialiste de la r\u00e9publique bolivarienne et de Cuba, analyse le contexte et les cons\u00e9quences possibles de l\u2019op\u00e9ration ordonn\u00e9e par Donald Trump, qui pourrait \u00ab aggraver les difficult\u00e9s et nourrir les axes migratoires qu\u2019il d\u00e9nonce \u00bb.","og_url":"https:\/\/ihedn.fr\/en\/lundis-de-lihedn\/lihedn-au-coeur-dun-ecosysteme-strategique-unique\/","og_site_name":"L&#039;IHEDN : Institut des hautes \u00e9tudes de d\u00e9fense nationale","article_publisher":"https:\/\/www.facebook.com\/ihedn\/","article_published_time":"2026-02-13T08:09:45+00:00","article_modified_time":"2026-02-13T14:51:51+00:00","og_image":[{"width":1920,"height":1080,"url":"https:\/\/ihedn.fr\/wp-content\/uploads\/2026\/01\/BANDEAU_LIH_AFP.jpg","type":"image\/jpeg"}],"author":"Coline Dassonville","twitter_card":"summary_large_image","twitter_title":"L\u2019IHEDN au c\u0153ur d'un \u00e9cosyst\u00e8me strat\u00e9gique unique","twitter_description":"Deux semaines apr\u00e8s la capture de Nicol\u00e1s Maduro, le chercheur Thomas Posado, sp\u00e9cialiste de la r\u00e9publique bolivarienne et de Cuba, analyse le contexte et les cons\u00e9quences possibles de l\u2019op\u00e9ration ordonn\u00e9e par Donald Trump, qui pourrait \u00ab aggraver les difficult\u00e9s et nourrir les axes migratoires qu\u2019il d\u00e9nonce \u00bb.","twitter_image":"https:\/\/ihedn.fr\/wp-content\/uploads\/2026\/01\/BANDEAU_LIH_AFP.jpg","twitter_creator":"@IHEDN","twitter_site":"@IHEDN","twitter_misc":{"Written by":"Coline Dassonville","Estimated reading time":"7 minutes"},"schema":{"@context":"https:\/\/schema.org","@graph":[{"@type":"Article","@id":"https:\/\/ihedn.fr\/lundis-de-lihedn\/lihedn-au-coeur-dun-ecosysteme-strategique-unique\/#article","isPartOf":{"@id":"https:\/\/ihedn.fr\/lundis-de-lihedn\/lihedn-au-coeur-dun-ecosysteme-strategique-unique\/"},"author":{"name":"Coline Dassonville","@id":"https:\/\/ihedn.fr\/#\/schema\/person\/7a52e81319c373f5462ade39e81a7f19"},"headline":"L\u2019IHEDN au c\u0153ur d&rsquo;un \u00e9cosyst\u00e8me strat\u00e9gique unique","datePublished":"2026-02-13T08:09:45+00:00","dateModified":"2026-02-13T14:51:51+00:00","mainEntityOfPage":{"@id":"https:\/\/ihedn.fr\/lundis-de-lihedn\/lihedn-au-coeur-dun-ecosysteme-strategique-unique\/"},"wordCount":1413,"publisher":{"@id":"https:\/\/ihedn.fr\/#organization"},"image":{"@id":"https:\/\/ihedn.fr\/lundis-de-lihedn\/lihedn-au-coeur-dun-ecosysteme-strategique-unique\/#primaryimage"},"thumbnailUrl":"https:\/\/ihedn.fr\/wp-content\/uploads\/2026\/02\/BANDEAU_LIH_16FEV.jpg","articleSection":["Lundis de l'IHEDN","Notre s\u00e9lection"],"inLanguage":"en-GB"},{"@type":"WebPage","@id":"https:\/\/ihedn.fr\/lundis-de-lihedn\/lihedn-au-coeur-dun-ecosysteme-strategique-unique\/","url":"https:\/\/ihedn.fr\/lundis-de-lihedn\/lihedn-au-coeur-dun-ecosysteme-strategique-unique\/","name":"IHEDN at the heart of a unique strategic ecosystem - L'IHEDN : Institut des hautes \u00e9tudes de d\u00e9fense nationale","isPartOf":{"@id":"https:\/\/ihedn.fr\/#website"},"primaryImageOfPage":{"@id":"https:\/\/ihedn.fr\/lundis-de-lihedn\/lihedn-au-coeur-dun-ecosysteme-strategique-unique\/#primaryimage"},"image":{"@id":"https:\/\/ihedn.fr\/lundis-de-lihedn\/lihedn-au-coeur-dun-ecosysteme-strategique-unique\/#primaryimage"},"thumbnailUrl":"https:\/\/ihedn.fr\/wp-content\/uploads\/2026\/02\/BANDEAU_LIH_16FEV.jpg","datePublished":"2026-02-13T08:09:45+00:00","dateModified":"2026-02-13T14:51:51+00:00","description":"Two weeks after the capture of Nicol\u00e1s Maduro, researcher Thomas Posado, a specialist in the Bolivarian Republic and Cuba, analyses the context and possible consequences of the operation ordered by Donald Trump, which could \u00abexacerbate the difficulties and feed the migratory axes that he denounces\u00bb.","breadcrumb":{"@id":"https:\/\/ihedn.fr\/lundis-de-lihedn\/lihedn-au-coeur-dun-ecosysteme-strategique-unique\/#breadcrumb"},"inLanguage":"en-GB","potentialAction":[{"@type":"ReadAction","target":["https:\/\/ihedn.fr\/lundis-de-lihedn\/lihedn-au-coeur-dun-ecosysteme-strategique-unique\/"]}]},{"@type":"ImageObject","inLanguage":"en-GB","@id":"https:\/\/ihedn.fr\/lundis-de-lihedn\/lihedn-au-coeur-dun-ecosysteme-strategique-unique\/#primaryimage","url":"https:\/\/ihedn.fr\/wp-content\/uploads\/2026\/02\/BANDEAU_LIH_16FEV.jpg","contentUrl":"https:\/\/ihedn.fr\/wp-content\/uploads\/2026\/02\/BANDEAU_LIH_16FEV.jpg","width":1754,"height":1240,"caption":"Lundi de l'IHEDN : L\u2019IHEDN au c\u0153ur d'un \u00e9cosyst\u00e8me strat\u00e9gique unique"},{"@type":"BreadcrumbList","@id":"https:\/\/ihedn.fr\/lundis-de-lihedn\/lihedn-au-coeur-dun-ecosysteme-strategique-unique\/#breadcrumb","itemListElement":[{"@type":"ListItem","position":1,"name":"Accueil","item":"https:\/\/ihedn.fr\/"},{"@type":"ListItem","position":2,"name":"L\u2019IHEDN au c\u0153ur d&rsquo;un \u00e9cosyst\u00e8me strat\u00e9gique unique"}]},{"@type":"WebSite","@id":"https:\/\/ihedn.fr\/#website","url":"https:\/\/ihedn.fr\/","name":"IHEDN: Institut des hautes \u00e9tudes de d\u00e9fense nationale (Institute for Higher National Defence Studies)","description":"Official website of the IHEDN under the supervision of the Prime Minister.","publisher":{"@id":"https:\/\/ihedn.fr\/#organization"},"potentialAction":[{"@type":"SearchAction","target":{"@type":"EntryPoint","urlTemplate":"https:\/\/ihedn.fr\/?s={search_term_string}"},"query-input":{"@type":"PropertyValueSpecification","valueRequired":true,"valueName":"search_term_string"}}],"inLanguage":"en-GB"},{"@type":"Organization","@id":"https:\/\/ihedn.fr\/#organization","name":"IHEDN - Institute for Higher National Defence Studies","url":"https:\/\/ihedn.fr\/","logo":{"@type":"ImageObject","inLanguage":"en-GB","@id":"https:\/\/ihedn.fr\/#\/schema\/logo\/image\/","url":"https:\/\/ihedn.fr\/wp-content\/uploads\/2020\/11\/BLOC_RF_IHEDN_WEB.png","contentUrl":"https:\/\/ihedn.fr\/wp-content\/uploads\/2020\/11\/BLOC_RF_IHEDN_WEB.png","width":500,"height":237,"caption":"IHEDN - Institut des Hautes Etudes de D\u00e9fense Nationale"},"image":{"@id":"https:\/\/ihedn.fr\/#\/schema\/logo\/image\/"},"sameAs":["https:\/\/www.facebook.com\/ihedn\/","https:\/\/x.com\/IHEDN","https:\/\/www.instagram.com\/ihedn\/","https:\/\/www.linkedin.com\/school\/ihedn\/","https:\/\/fr.wikipedia.org\/wiki\/Institut_des_hautes_\u00e9tudes_de_D\u00e9fense_nationale"]},{"@type":"Person","@id":"https:\/\/ihedn.fr\/#\/schema\/person\/7a52e81319c373f5462ade39e81a7f19","name":"Coline Dassonville","image":{"@type":"ImageObject","inLanguage":"en-GB","@id":"https:\/\/secure.gravatar.com\/avatar\/abc7cbc6297b987d7cbee36041f952619e584620b919eb849c804adf789c1147?s=96&d=mm&r=g","url":"https:\/\/secure.gravatar.com\/avatar\/abc7cbc6297b987d7cbee36041f952619e584620b919eb849c804adf789c1147?s=96&d=mm&r=g","contentUrl":"https:\/\/secure.gravatar.com\/avatar\/abc7cbc6297b987d7cbee36041f952619e584620b919eb849c804adf789c1147?s=96&d=mm&r=g","caption":"Coline Dassonville"},"url":"https:\/\/ihedn.fr\/en\/author\/coline\/"}]}},"publishpress_future_action":{"enabled":false,"date":"2026-05-07 17:31:36","action":"change-status","newStatus":"draft","terms":[],"taxonomy":"category","extraData":[]},"publishpress_future_workflow_manual_trigger":{"enabledWorkflows":[]},"_links":{"self":[{"href":"https:\/\/ihedn.fr\/en\/wp-json\/wp\/v2\/posts\/58296","targetHints":{"allow":["GET"]}}],"collection":[{"href":"https:\/\/ihedn.fr\/en\/wp-json\/wp\/v2\/posts"}],"about":[{"href":"https:\/\/ihedn.fr\/en\/wp-json\/wp\/v2\/types\/post"}],"author":[{"embeddable":true,"href":"https:\/\/ihedn.fr\/en\/wp-json\/wp\/v2\/users\/14"}],"replies":[{"embeddable":true,"href":"https:\/\/ihedn.fr\/en\/wp-json\/wp\/v2\/comments?post=58296"}],"version-history":[{"count":19,"href":"https:\/\/ihedn.fr\/en\/wp-json\/wp\/v2\/posts\/58296\/revisions"}],"predecessor-version":[{"id":58355,"href":"https:\/\/ihedn.fr\/en\/wp-json\/wp\/v2\/posts\/58296\/revisions\/58355"}],"wp:featuredmedia":[{"embeddable":true,"href":"https:\/\/ihedn.fr\/en\/wp-json\/wp\/v2\/media\/58344"}],"wp:attachment":[{"href":"https:\/\/ihedn.fr\/en\/wp-json\/wp\/v2\/media?parent=58296"}],"wp:term":[{"taxonomy":"category","embeddable":true,"href":"https:\/\/ihedn.fr\/en\/wp-json\/wp\/v2\/categories?post=58296"},{"taxonomy":"post_tag","embeddable":true,"href":"https:\/\/ihedn.fr\/en\/wp-json\/wp\/v2\/tags?post=58296"}],"curies":[{"name":"wp","href":"https:\/\/api.w.org\/{rel}","templated":true}]}}