{"id":58597,"date":"2026-03-04T11:03:58","date_gmt":"2026-03-04T10:03:58","guid":{"rendered":"https:\/\/ihedn.fr\/?p=58597"},"modified":"2026-03-04T11:28:01","modified_gmt":"2026-03-04T10:28:01","slug":"passation-dun-marche-publique","status":"publish","type":"post","link":"https:\/\/ihedn.fr\/en\/notre-actualite\/passation-dun-marche-publique\/","title":{"rendered":"Launch of consultation for the award of a public contract"},"content":{"rendered":"<div data-elementor-type=\"wp-post\" data-elementor-id=\"58597\" class=\"elementor elementor-58597\" data-elementor-post-type=\"post\">\n\t\t\t\t<div data-particle_enable=\"false\" data-particle-mobile-disabled=\"false\" class=\"elementor-element elementor-element-4b62f83 e-flex e-con-boxed e-con e-parent\" data-id=\"4b62f83\" data-element_type=\"container\" data-e-type=\"container\">\n\t\t\t\t\t<div class=\"e-con-inner\">\n\t\t\t\t<div class=\"elementor-element elementor-element-e63851a elementor-widget elementor-widget-text-editor\" data-id=\"e63851a\" data-element_type=\"widget\" data-e-type=\"widget\" data-widget_type=\"text-editor.default\">\n\t\t\t\t<div class=\"elementor-widget-container\">\n\t\t\t\t\t\t\t\t\t<p><span style=\"color: black;\">The consultation is accessible directly on the PLACE platform at the following link:<\/span><\/p><p><span style=\"color: black;\"><a title=\"null\" href=\"https:\/\/www.marches-publics.gouv.fr\/?page=Entreprise.EntrepriseAdvancedSearch&amp;AllCons&amp;id=2947098&amp;orgAcronyme=d2v\" target=\"_blank\" rel=\"noopener\">Access the consultation at marches-publics.gouv.fr<\/a><\/span><\/p>\t\t\t\t\t\t\t\t<\/div>\n\t\t\t\t<\/div>\n\t\t\t\t\t<\/div>\n\t\t\t\t<\/div>\n\t\t\t\t<\/div>","protected":false},"excerpt":{"rendered":"<p>The consultation for the award of a contract to provide quality monitoring and support services for the Qualiopi system has been launched on the PLACE government purchasing platform. <\/p>","protected":false},"author":12,"featured_media":55946,"comment_status":"closed","ping_status":"closed","sticky":false,"template":"","format":"standard","meta":{"footnotes":""},"categories":[172],"tags":[],"class_list":["post-58597","post","type-post","status-publish","format-standard","has-post-thumbnail","hentry","category-notre-actualite"],"yoast_head":"<!-- This site is optimized with the Yoast SEO plugin v27.5 - https:\/\/yoast.com\/product\/yoast-seo-wordpress\/ -->\n<title>Lancement de la consultation pour la passation d&#039;un march\u00e9 public - L&#039;IHEDN : Institut des hautes \u00e9tudes de d\u00e9fense nationale<\/title>\n<meta name=\"robots\" content=\"index, follow, max-snippet:-1, max-image-preview:large, max-video-preview:-1\" \/>\n<link rel=\"canonical\" href=\"https:\/\/ihedn.fr\/en\/notre-actualite\/passation-dun-marche-publique\/\" \/>\n<meta property=\"og:locale\" content=\"en_GB\" \/>\n<meta property=\"og:type\" content=\"article\" \/>\n<meta property=\"og:title\" content=\"Lancement de la consultation pour la passation d&#039;un march\u00e9 public - L&#039;IHEDN : Institut des hautes \u00e9tudes de d\u00e9fense nationale\" \/>\n<meta property=\"og:description\" content=\"La consultation relative \u00e0 la passation d\u2019un march\u00e9 ayant pour objet les prestation de suivi qualit\u00e9 et d\u2019accompagnement du dispositif Qualiopi a \u00e9t\u00e9 lanc\u00e9e sur la plateforme des achats de l\u2019Etat PLACE.\" \/>\n<meta property=\"og:url\" content=\"https:\/\/ihedn.fr\/en\/notre-actualite\/passation-dun-marche-publique\/\" \/>\n<meta property=\"og:site_name\" content=\"L&#039;IHEDN : Institut des hautes \u00e9tudes de d\u00e9fense nationale\" \/>\n<meta property=\"article:publisher\" content=\"https:\/\/www.facebook.com\/ihedn\/\" \/>\n<meta property=\"article:published_time\" content=\"2026-03-04T10:03:58+00:00\" \/>\n<meta property=\"article:modified_time\" content=\"2026-03-04T10:28:01+00:00\" \/>\n<meta property=\"og:image\" content=\"https:\/\/ihedn.fr\/wp-content\/uploads\/2025\/09\/IHE_9620.jpg\" \/>\n\t<meta property=\"og:image:width\" content=\"1920\" \/>\n\t<meta property=\"og:image:height\" content=\"1280\" \/>\n\t<meta property=\"og:image:type\" content=\"image\/jpeg\" \/>\n<meta name=\"author\" content=\"Ad\u00e8le Thoumieux\" \/>\n<meta name=\"twitter:card\" content=\"summary_large_image\" \/>\n<meta name=\"twitter:creator\" content=\"@IHEDN\" \/>\n<meta name=\"twitter:site\" content=\"@IHEDN\" \/>\n<meta name=\"twitter:label1\" content=\"Written by\" \/>\n\t<meta name=\"twitter:data1\" content=\"Ad\u00e8le Thoumieux\" \/>\n\t<meta name=\"twitter:label2\" content=\"Estimated reading time\" \/>\n\t<meta name=\"twitter:data2\" content=\"1 minute\" \/>\n<script type=\"application\/ld+json\" class=\"yoast-schema-graph\">{\"@context\":\"https:\\\/\\\/schema.org\",\"@graph\":[{\"@type\":\"Article\",\"@id\":\"https:\\\/\\\/ihedn.fr\\\/notre-actualite\\\/passation-dun-marche-publique\\\/#article\",\"isPartOf\":{\"@id\":\"https:\\\/\\\/ihedn.fr\\\/notre-actualite\\\/passation-dun-marche-publique\\\/\"},\"author\":{\"name\":\"Ad\u00e8le Thoumieux\",\"@id\":\"https:\\\/\\\/ihedn.fr\\\/#\\\/schema\\\/person\\\/16d49c2bd0121499ea9b9023ce89826c\"},\"headline\":\"Lancement de la consultation pour la passation d&rsquo;un march\u00e9 public\",\"datePublished\":\"2026-03-04T10:03:58+00:00\",\"dateModified\":\"2026-03-04T10:28:01+00:00\",\"mainEntityOfPage\":{\"@id\":\"https:\\\/\\\/ihedn.fr\\\/notre-actualite\\\/passation-dun-marche-publique\\\/\"},\"wordCount\":31,\"publisher\":{\"@id\":\"https:\\\/\\\/ihedn.fr\\\/#organization\"},\"image\":{\"@id\":\"https:\\\/\\\/ihedn.fr\\\/notre-actualite\\\/passation-dun-marche-publique\\\/#primaryimage\"},\"thumbnailUrl\":\"https:\\\/\\\/ihedn.fr\\\/wp-content\\\/uploads\\\/2025\\\/09\\\/IHE_9620.jpg\",\"articleSection\":[\"Notre actualit\u00e9\"],\"inLanguage\":\"en-GB\"},{\"@type\":\"WebPage\",\"@id\":\"https:\\\/\\\/ihedn.fr\\\/notre-actualite\\\/passation-dun-marche-publique\\\/\",\"url\":\"https:\\\/\\\/ihedn.fr\\\/notre-actualite\\\/passation-dun-marche-publique\\\/\",\"name\":\"Lancement de la consultation pour la passation d'un march\u00e9 public - L&#039;IHEDN : Institut des hautes \u00e9tudes de d\u00e9fense nationale\",\"isPartOf\":{\"@id\":\"https:\\\/\\\/ihedn.fr\\\/#website\"},\"primaryImageOfPage\":{\"@id\":\"https:\\\/\\\/ihedn.fr\\\/notre-actualite\\\/passation-dun-marche-publique\\\/#primaryimage\"},\"image\":{\"@id\":\"https:\\\/\\\/ihedn.fr\\\/notre-actualite\\\/passation-dun-marche-publique\\\/#primaryimage\"},\"thumbnailUrl\":\"https:\\\/\\\/ihedn.fr\\\/wp-content\\\/uploads\\\/2025\\\/09\\\/IHE_9620.jpg\",\"datePublished\":\"2026-03-04T10:03:58+00:00\",\"dateModified\":\"2026-03-04T10:28:01+00:00\",\"breadcrumb\":{\"@id\":\"https:\\\/\\\/ihedn.fr\\\/notre-actualite\\\/passation-dun-marche-publique\\\/#breadcrumb\"},\"inLanguage\":\"en-GB\",\"potentialAction\":[{\"@type\":\"ReadAction\",\"target\":[\"https:\\\/\\\/ihedn.fr\\\/notre-actualite\\\/passation-dun-marche-publique\\\/\"]}]},{\"@type\":\"ImageObject\",\"inLanguage\":\"en-GB\",\"@id\":\"https:\\\/\\\/ihedn.fr\\\/notre-actualite\\\/passation-dun-marche-publique\\\/#primaryimage\",\"url\":\"https:\\\/\\\/ihedn.fr\\\/wp-content\\\/uploads\\\/2025\\\/09\\\/IHE_9620.jpg\",\"contentUrl\":\"https:\\\/\\\/ihedn.fr\\\/wp-content\\\/uploads\\\/2025\\\/09\\\/IHE_9620.jpg\",\"width\":1920,\"height\":1280},{\"@type\":\"BreadcrumbList\",\"@id\":\"https:\\\/\\\/ihedn.fr\\\/notre-actualite\\\/passation-dun-marche-publique\\\/#breadcrumb\",\"itemListElement\":[{\"@type\":\"ListItem\",\"position\":1,\"name\":\"Accueil\",\"item\":\"https:\\\/\\\/ihedn.fr\\\/\"},{\"@type\":\"ListItem\",\"position\":2,\"name\":\"Lancement de la consultation pour la passation d&rsquo;un march\u00e9 public\"}]},{\"@type\":\"WebSite\",\"@id\":\"https:\\\/\\\/ihedn.fr\\\/#website\",\"url\":\"https:\\\/\\\/ihedn.fr\\\/\",\"name\":\"IHEDN : Institut des hautes \u00e9tudes de d\u00e9fense nationale |\",\"description\":\"Site officiel de l&#039;IHEDN plac\u00e9 sous la tutelle du Premier ministre.\",\"publisher\":{\"@id\":\"https:\\\/\\\/ihedn.fr\\\/#organization\"},\"potentialAction\":[{\"@type\":\"SearchAction\",\"target\":{\"@type\":\"EntryPoint\",\"urlTemplate\":\"https:\\\/\\\/ihedn.fr\\\/?s={search_term_string}\"},\"query-input\":{\"@type\":\"PropertyValueSpecification\",\"valueRequired\":true,\"valueName\":\"search_term_string\"}}],\"inLanguage\":\"en-GB\"},{\"@type\":\"Organization\",\"@id\":\"https:\\\/\\\/ihedn.fr\\\/#organization\",\"name\":\"IHEDN - Institut des Hautes Etudes de D\u00e9fense Nationale\",\"url\":\"https:\\\/\\\/ihedn.fr\\\/\",\"logo\":{\"@type\":\"ImageObject\",\"inLanguage\":\"en-GB\",\"@id\":\"https:\\\/\\\/ihedn.fr\\\/#\\\/schema\\\/logo\\\/image\\\/\",\"url\":\"https:\\\/\\\/ihedn.fr\\\/wp-content\\\/uploads\\\/2020\\\/11\\\/BLOC_RF_IHEDN_WEB.png\",\"contentUrl\":\"https:\\\/\\\/ihedn.fr\\\/wp-content\\\/uploads\\\/2020\\\/11\\\/BLOC_RF_IHEDN_WEB.png\",\"width\":500,\"height\":237,\"caption\":\"IHEDN - Institut des Hautes Etudes de D\u00e9fense Nationale\"},\"image\":{\"@id\":\"https:\\\/\\\/ihedn.fr\\\/#\\\/schema\\\/logo\\\/image\\\/\"},\"sameAs\":[\"https:\\\/\\\/www.facebook.com\\\/ihedn\\\/\",\"https:\\\/\\\/x.com\\\/IHEDN\",\"https:\\\/\\\/www.instagram.com\\\/ihedn\\\/\",\"https:\\\/\\\/www.linkedin.com\\\/school\\\/ihedn\\\/\",\"https:\\\/\\\/fr.wikipedia.org\\\/wiki\\\/Institut_des_hautes_\u00e9tudes_de_D\u00e9fense_nationale\"]},{\"@type\":\"Person\",\"@id\":\"https:\\\/\\\/ihedn.fr\\\/#\\\/schema\\\/person\\\/16d49c2bd0121499ea9b9023ce89826c\",\"name\":\"Ad\u00e8le Thoumieux\",\"image\":{\"@type\":\"ImageObject\",\"inLanguage\":\"en-GB\",\"@id\":\"https:\\\/\\\/secure.gravatar.com\\\/avatar\\\/64fc58d14679bdd185946349bcb229b06e37d30d6290c2bec15f1daa8f8e0ece?s=96&d=mm&r=g\",\"url\":\"https:\\\/\\\/secure.gravatar.com\\\/avatar\\\/64fc58d14679bdd185946349bcb229b06e37d30d6290c2bec15f1daa8f8e0ece?s=96&d=mm&r=g\",\"contentUrl\":\"https:\\\/\\\/secure.gravatar.com\\\/avatar\\\/64fc58d14679bdd185946349bcb229b06e37d30d6290c2bec15f1daa8f8e0ece?s=96&d=mm&r=g\",\"caption\":\"Ad\u00e8le Thoumieux\"},\"sameAs\":[\"http:\\\/\\\/ihedn.fr\"],\"url\":\"https:\\\/\\\/ihedn.fr\\\/en\\\/author\\\/thoumieux\\\/\"}]}<\/script>\n<!-- \/ Yoast SEO plugin. -->","yoast_head_json":{"title":"Launch of consultation for the award of a public contract - L'IHEDN : Institut des hautes \u00e9tudes de d\u00e9fense nationale","robots":{"index":"index","follow":"follow","max-snippet":"max-snippet:-1","max-image-preview":"max-image-preview:large","max-video-preview":"max-video-preview:-1"},"canonical":"https:\/\/ihedn.fr\/en\/notre-actualite\/passation-dun-marche-publique\/","og_locale":"en_GB","og_type":"article","og_title":"Lancement de la consultation pour la passation d'un march\u00e9 public - L&#039;IHEDN : Institut des hautes \u00e9tudes de d\u00e9fense nationale","og_description":"La consultation relative \u00e0 la passation d\u2019un march\u00e9 ayant pour objet les prestation de suivi qualit\u00e9 et d\u2019accompagnement du dispositif Qualiopi a \u00e9t\u00e9 lanc\u00e9e sur la plateforme des achats de l\u2019Etat PLACE.","og_url":"https:\/\/ihedn.fr\/en\/notre-actualite\/passation-dun-marche-publique\/","og_site_name":"L&#039;IHEDN : Institut des hautes \u00e9tudes de d\u00e9fense nationale","article_publisher":"https:\/\/www.facebook.com\/ihedn\/","article_published_time":"2026-03-04T10:03:58+00:00","article_modified_time":"2026-03-04T10:28:01+00:00","og_image":[{"width":1920,"height":1280,"url":"https:\/\/ihedn.fr\/wp-content\/uploads\/2025\/09\/IHE_9620.jpg","type":"image\/jpeg"}],"author":"Ad\u00e8le Thoumieux","twitter_card":"summary_large_image","twitter_creator":"@IHEDN","twitter_site":"@IHEDN","twitter_misc":{"Written by":"Ad\u00e8le Thoumieux","Estimated reading time":"1 minute"},"schema":{"@context":"https:\/\/schema.org","@graph":[{"@type":"Article","@id":"https:\/\/ihedn.fr\/notre-actualite\/passation-dun-marche-publique\/#article","isPartOf":{"@id":"https:\/\/ihedn.fr\/notre-actualite\/passation-dun-marche-publique\/"},"author":{"name":"Ad\u00e8le Thoumieux","@id":"https:\/\/ihedn.fr\/#\/schema\/person\/16d49c2bd0121499ea9b9023ce89826c"},"headline":"Lancement de la consultation pour la passation d&rsquo;un march\u00e9 public","datePublished":"2026-03-04T10:03:58+00:00","dateModified":"2026-03-04T10:28:01+00:00","mainEntityOfPage":{"@id":"https:\/\/ihedn.fr\/notre-actualite\/passation-dun-marche-publique\/"},"wordCount":31,"publisher":{"@id":"https:\/\/ihedn.fr\/#organization"},"image":{"@id":"https:\/\/ihedn.fr\/notre-actualite\/passation-dun-marche-publique\/#primaryimage"},"thumbnailUrl":"https:\/\/ihedn.fr\/wp-content\/uploads\/2025\/09\/IHE_9620.jpg","articleSection":["Notre actualit\u00e9"],"inLanguage":"en-GB"},{"@type":"WebPage","@id":"https:\/\/ihedn.fr\/notre-actualite\/passation-dun-marche-publique\/","url":"https:\/\/ihedn.fr\/notre-actualite\/passation-dun-marche-publique\/","name":"Launch of consultation for the award of a public contract - L'IHEDN : Institut des hautes \u00e9tudes de d\u00e9fense nationale","isPartOf":{"@id":"https:\/\/ihedn.fr\/#website"},"primaryImageOfPage":{"@id":"https:\/\/ihedn.fr\/notre-actualite\/passation-dun-marche-publique\/#primaryimage"},"image":{"@id":"https:\/\/ihedn.fr\/notre-actualite\/passation-dun-marche-publique\/#primaryimage"},"thumbnailUrl":"https:\/\/ihedn.fr\/wp-content\/uploads\/2025\/09\/IHE_9620.jpg","datePublished":"2026-03-04T10:03:58+00:00","dateModified":"2026-03-04T10:28:01+00:00","breadcrumb":{"@id":"https:\/\/ihedn.fr\/notre-actualite\/passation-dun-marche-publique\/#breadcrumb"},"inLanguage":"en-GB","potentialAction":[{"@type":"ReadAction","target":["https:\/\/ihedn.fr\/notre-actualite\/passation-dun-marche-publique\/"]}]},{"@type":"ImageObject","inLanguage":"en-GB","@id":"https:\/\/ihedn.fr\/notre-actualite\/passation-dun-marche-publique\/#primaryimage","url":"https:\/\/ihedn.fr\/wp-content\/uploads\/2025\/09\/IHE_9620.jpg","contentUrl":"https:\/\/ihedn.fr\/wp-content\/uploads\/2025\/09\/IHE_9620.jpg","width":1920,"height":1280},{"@type":"BreadcrumbList","@id":"https:\/\/ihedn.fr\/notre-actualite\/passation-dun-marche-publique\/#breadcrumb","itemListElement":[{"@type":"ListItem","position":1,"name":"Accueil","item":"https:\/\/ihedn.fr\/"},{"@type":"ListItem","position":2,"name":"Lancement de la consultation pour la passation d&rsquo;un march\u00e9 public"}]},{"@type":"WebSite","@id":"https:\/\/ihedn.fr\/#website","url":"https:\/\/ihedn.fr\/","name":"IHEDN: Institut des hautes \u00e9tudes de d\u00e9fense nationale (Institute for Higher National Defence Studies)","description":"Official website of the IHEDN under the supervision of the Prime Minister.","publisher":{"@id":"https:\/\/ihedn.fr\/#organization"},"potentialAction":[{"@type":"SearchAction","target":{"@type":"EntryPoint","urlTemplate":"https:\/\/ihedn.fr\/?s={search_term_string}"},"query-input":{"@type":"PropertyValueSpecification","valueRequired":true,"valueName":"search_term_string"}}],"inLanguage":"en-GB"},{"@type":"Organization","@id":"https:\/\/ihedn.fr\/#organization","name":"IHEDN - Institute for Higher National Defence Studies","url":"https:\/\/ihedn.fr\/","logo":{"@type":"ImageObject","inLanguage":"en-GB","@id":"https:\/\/ihedn.fr\/#\/schema\/logo\/image\/","url":"https:\/\/ihedn.fr\/wp-content\/uploads\/2020\/11\/BLOC_RF_IHEDN_WEB.png","contentUrl":"https:\/\/ihedn.fr\/wp-content\/uploads\/2020\/11\/BLOC_RF_IHEDN_WEB.png","width":500,"height":237,"caption":"IHEDN - Institut des Hautes Etudes de D\u00e9fense Nationale"},"image":{"@id":"https:\/\/ihedn.fr\/#\/schema\/logo\/image\/"},"sameAs":["https:\/\/www.facebook.com\/ihedn\/","https:\/\/x.com\/IHEDN","https:\/\/www.instagram.com\/ihedn\/","https:\/\/www.linkedin.com\/school\/ihedn\/","https:\/\/fr.wikipedia.org\/wiki\/Institut_des_hautes_\u00e9tudes_de_D\u00e9fense_nationale"]},{"@type":"Person","@id":"https:\/\/ihedn.fr\/#\/schema\/person\/16d49c2bd0121499ea9b9023ce89826c","name":"Ad\u00e8le Thoumieux","image":{"@type":"ImageObject","inLanguage":"en-GB","@id":"https:\/\/secure.gravatar.com\/avatar\/64fc58d14679bdd185946349bcb229b06e37d30d6290c2bec15f1daa8f8e0ece?s=96&d=mm&r=g","url":"https:\/\/secure.gravatar.com\/avatar\/64fc58d14679bdd185946349bcb229b06e37d30d6290c2bec15f1daa8f8e0ece?s=96&d=mm&r=g","contentUrl":"https:\/\/secure.gravatar.com\/avatar\/64fc58d14679bdd185946349bcb229b06e37d30d6290c2bec15f1daa8f8e0ece?s=96&d=mm&r=g","caption":"Ad\u00e8le Thoumieux"},"sameAs":["http:\/\/ihedn.fr"],"url":"https:\/\/ihedn.fr\/en\/author\/thoumieux\/"}]}},"publishpress_future_action":{"enabled":false,"date":"2026-05-07 16:36:24","action":"change-status","newStatus":"draft","terms":[],"taxonomy":"category","extraData":[]},"publishpress_future_workflow_manual_trigger":{"enabledWorkflows":[]},"_links":{"self":[{"href":"https:\/\/ihedn.fr\/en\/wp-json\/wp\/v2\/posts\/58597","targetHints":{"allow":["GET"]}}],"collection":[{"href":"https:\/\/ihedn.fr\/en\/wp-json\/wp\/v2\/posts"}],"about":[{"href":"https:\/\/ihedn.fr\/en\/wp-json\/wp\/v2\/types\/post"}],"author":[{"embeddable":true,"href":"https:\/\/ihedn.fr\/en\/wp-json\/wp\/v2\/users\/12"}],"replies":[{"embeddable":true,"href":"https:\/\/ihedn.fr\/en\/wp-json\/wp\/v2\/comments?post=58597"}],"version-history":[{"count":6,"href":"https:\/\/ihedn.fr\/en\/wp-json\/wp\/v2\/posts\/58597\/revisions"}],"predecessor-version":[{"id":58604,"href":"https:\/\/ihedn.fr\/en\/wp-json\/wp\/v2\/posts\/58597\/revisions\/58604"}],"wp:featuredmedia":[{"embeddable":true,"href":"https:\/\/ihedn.fr\/en\/wp-json\/wp\/v2\/media\/55946"}],"wp:attachment":[{"href":"https:\/\/ihedn.fr\/en\/wp-json\/wp\/v2\/media?parent=58597"}],"wp:term":[{"taxonomy":"category","embeddable":true,"href":"https:\/\/ihedn.fr\/en\/wp-json\/wp\/v2\/categories?post=58597"},{"taxonomy":"post_tag","embeddable":true,"href":"https:\/\/ihedn.fr\/en\/wp-json\/wp\/v2\/tags?post=58597"}],"curies":[{"name":"wp","href":"https:\/\/api.w.org\/{rel}","templated":true}]}}