{"id":5878,"date":"2020-10-14T10:00:39","date_gmt":"2020-10-14T09:00:39","guid":{"rendered":"https:\/\/ihedn.concilium.click\/?p=5878"},"modified":"2021-01-13T17:29:06","modified_gmt":"2021-01-13T16:29:06","slug":"escale-en-pays-de-loire-pour-la-6e-session-nationale-enjeux-et-strategies-maritimes-de-lihedn","status":"publish","type":"post","link":"https:\/\/ihedn.fr\/en\/uncategorized\/escale-en-pays-de-loire-pour-la-6e-session-nationale-enjeux-et-strategies-maritimes-de-lihedn\/","title":{"rendered":"Stopover in the Pays de Loire for the 6th IHEDN national session on \"Maritime issues and strategies"},"content":{"rendered":"<div data-elementor-type=\"wp-post\" data-elementor-id=\"5878\" class=\"elementor elementor-5878\" data-elementor-post-type=\"post\">\n\t\t\t\t\t\t<section data-particle_enable=\"false\" data-particle-mobile-disabled=\"false\" class=\"elementor-section elementor-top-section elementor-element elementor-element-e41245a elementor-section-boxed elementor-section-height-default elementor-section-height-default\" data-id=\"e41245a\" data-element_type=\"section\" data-e-type=\"section\">\n\t\t\t\t\t\t<div class=\"elementor-container elementor-column-gap-default\">\n\t\t\t\t\t<div class=\"elementor-column elementor-col-100 elementor-top-column elementor-element elementor-element-47166b8\" data-id=\"47166b8\" data-element_type=\"column\" data-e-type=\"column\">\n\t\t\t<div class=\"elementor-widget-wrap elementor-element-populated\">\n\t\t\t\t\t\t<div class=\"elementor-element elementor-element-1618291 elementor-widget elementor-widget-text-editor\" data-id=\"1618291\" data-element_type=\"widget\" data-e-type=\"widget\" data-widget_type=\"text-editor.default\">\n\t\t\t\t<div class=\"elementor-widget-container\">\n\t\t\t\t\t\t\t\t\t<p>Listeners to the 6<sup>e<\/sup> On Friday 9 and Saturday 10 October, participants in the national \"Maritime Challenges and Strategies\" (MSS) session headed for the Pays-de-la-Loire region for a two-day seminar in Nantes and Saint-Nazaire. This region is a model of dynamism in the maritime sector, with nuggets in shipbuilding, marine renewable energies and innovative marine technologies.<\/p>\t\t\t\t\t\t\t\t<\/div>\n\t\t\t\t<\/div>\n\t\t\t\t\t<\/div>\n\t\t<\/div>\n\t\t\t\t\t<\/div>\n\t\t<\/section>\n\t\t\t\t<section data-particle_enable=\"false\" data-particle-mobile-disabled=\"false\" class=\"elementor-section elementor-top-section elementor-element elementor-element-2e3984c elementor-section-boxed elementor-section-height-default elementor-section-height-default\" data-id=\"2e3984c\" data-element_type=\"section\" data-e-type=\"section\">\n\t\t\t\t\t\t<div class=\"elementor-container elementor-column-gap-default\">\n\t\t\t\t\t<div class=\"elementor-column elementor-col-100 elementor-top-column elementor-element elementor-element-92651e2\" data-id=\"92651e2\" data-element_type=\"column\" data-e-type=\"column\">\n\t\t\t<div class=\"elementor-widget-wrap elementor-element-populated\">\n\t\t\t\t\t\t<div class=\"elementor-element elementor-element-5ff2675 elementor-widget elementor-widget-image\" data-id=\"5ff2675\" data-element_type=\"widget\" data-e-type=\"widget\" data-widget_type=\"image.default\">\n\t\t\t\t<div class=\"elementor-widget-container\">\n\t\t\t\t\t\t\t\t\t\t\t\t<figure class=\"wp-caption\">\n\t\t\t\t\t\t\t\t\t\t<img fetchpriority=\"high\" decoding=\"async\" width=\"1000\" height=\"429\" src=\"https:\/\/ihedn.fr\/wp-content\/uploads\/2020\/10\/ihedn-6e_esm_a_nantes-02.jpg\" class=\"attachment-full size-full wp-image-5888\" alt=\"IHEDN | 6e SN ESM \u00e0 Nantes : des gestes barri\u00e8res et une distanciation sociale qui n\u2019entament pas l\u2019attention des auditeurs lors des explications de Philippe Kasse, directeur de la communication des chantiers de l\u2019Atlantique\" \/>\t\t\t\t\t\t\t\t\t\t\t<figcaption class=\"widget-image-caption wp-caption-text\">IHEDN | 6th SN ESM in Nantes: barrier gestures and social distancing do not detract from the audience's attention during the explanations given by Philippe Kasse, Director of Communications at Chantiers de l'Atlantique.<\/figcaption>\n\t\t\t\t\t\t\t\t\t\t<\/figure>\n\t\t\t\t\t\t\t\t\t<\/div>\n\t\t\t\t<\/div>\n\t\t\t\t\t<\/div>\n\t\t<\/div>\n\t\t\t\t\t<\/div>\n\t\t<\/section>\n\t\t\t\t<section data-particle_enable=\"false\" data-particle-mobile-disabled=\"false\" class=\"elementor-section elementor-top-section elementor-element elementor-element-d8a9f5d elementor-section-boxed elementor-section-height-default elementor-section-height-default\" data-id=\"d8a9f5d\" data-element_type=\"section\" data-e-type=\"section\">\n\t\t\t\t\t\t<div class=\"elementor-container elementor-column-gap-default\">\n\t\t\t\t\t<div class=\"elementor-column elementor-col-100 elementor-top-column elementor-element elementor-element-07a64e3\" data-id=\"07a64e3\" data-element_type=\"column\" data-e-type=\"column\">\n\t\t\t<div class=\"elementor-widget-wrap elementor-element-populated\">\n\t\t\t\t\t\t<div class=\"elementor-element elementor-element-56e1045 elementor-widget elementor-widget-text-editor\" data-id=\"56e1045\" data-element_type=\"widget\" data-e-type=\"widget\" data-widget_type=\"text-editor.default\">\n\t\t\t\t<div class=\"elementor-widget-container\">\n\t\t\t\t\t\t\t\t\t<p>Early on Friday morning, the session docked at Chantiers de l'Atlantique in Saint-Nazaire, the world leader in cruise ship construction. The visit gave the audience a chance to discover this emblematic shipyard, where the aircraft carriers Foch and Cl\u00e9menceau were built, and from where the battleship Jean-Bart set sail in 1940 under incredible conditions. They were welcomed by Philippe KASSE, the Group's Director of Communications and Public Relations, and Micka\u00ebl Le Gal, Head of Naval Ships, and a member of the 3<sup>e<\/sup> ESM. Over and above the impressive infrastructure - the largest in Europe, including the gigantic 900-metre-long assembly mould and the 1,400-tonne capacity lifting bridge - it is the excellence of the engineering and construction processes that, through their mastery of complexity and technology, give the group its exceptional productivity. The world's largest ocean liners are built in less than three years. After fascinating discussions with Philippe KASSE on all the major challenges facing the civil shipbuilding industry, the audience was able to see how the MSC VIRTUOSA in its final phase of construction came to fruition.<\/p>\t\t\t\t\t\t\t\t<\/div>\n\t\t\t\t<\/div>\n\t\t\t\t\t<\/div>\n\t\t<\/div>\n\t\t\t\t\t<\/div>\n\t\t<\/section>\n\t\t\t\t<section data-particle_enable=\"false\" data-particle-mobile-disabled=\"false\" class=\"elementor-section elementor-top-section elementor-element elementor-element-3f53bd1 elementor-section-boxed elementor-section-height-default elementor-section-height-default\" data-id=\"3f53bd1\" data-element_type=\"section\" data-e-type=\"section\">\n\t\t\t\t\t\t<div class=\"elementor-container elementor-column-gap-default\">\n\t\t\t\t\t<div class=\"elementor-column elementor-col-100 elementor-top-column elementor-element elementor-element-fcc3f71\" data-id=\"fcc3f71\" data-element_type=\"column\" data-e-type=\"column\">\n\t\t\t<div class=\"elementor-widget-wrap elementor-element-populated\">\n\t\t\t\t\t\t<div class=\"elementor-element elementor-element-c462d80 elementor-widget elementor-widget-image\" data-id=\"c462d80\" data-element_type=\"widget\" data-e-type=\"widget\" data-widget_type=\"image.default\">\n\t\t\t\t<div class=\"elementor-widget-container\">\n\t\t\t\t\t\t\t\t\t\t\t\t<figure class=\"wp-caption\">\n\t\t\t\t\t\t\t\t\t\t<img decoding=\"async\" width=\"1000\" height=\"459\" src=\"https:\/\/ihedn.fr\/wp-content\/uploads\/2020\/10\/ihedn-6e_esm_a_nantes-03.jpg\" class=\"attachment-full size-full wp-image-5901\" alt=\"IHEDN | 6e SN ESM \u00e0 Nantes : table-ronde sur les EMR avec Fr\u00e9d\u00e9ric GRIZAUD, Stevens CURET et Vincent Bales\" \/>\t\t\t\t\t\t\t\t\t\t\t<figcaption class=\"widget-image-caption wp-caption-text\">IHEDN | 6th SN ESM in Nantes: round-table discussion on MRE with Fr\u00e9d\u00e9ric GRIZAUD, Stevens CURET and Vincent Bales<\/figcaption>\n\t\t\t\t\t\t\t\t\t\t<\/figure>\n\t\t\t\t\t\t\t\t\t<\/div>\n\t\t\t\t<\/div>\n\t\t\t\t\t<\/div>\n\t\t<\/div>\n\t\t\t\t\t<\/div>\n\t\t<\/section>\n\t\t\t\t<section data-particle_enable=\"false\" data-particle-mobile-disabled=\"false\" class=\"elementor-section elementor-top-section elementor-element elementor-element-9ea6daa elementor-section-boxed elementor-section-height-default elementor-section-height-default\" data-id=\"9ea6daa\" data-element_type=\"section\" data-e-type=\"section\">\n\t\t\t\t\t\t<div class=\"elementor-container elementor-column-gap-default\">\n\t\t\t\t\t<div class=\"elementor-column elementor-col-100 elementor-top-column elementor-element elementor-element-bb16fad\" data-id=\"bb16fad\" data-element_type=\"column\" data-e-type=\"column\">\n\t\t\t<div class=\"elementor-widget-wrap elementor-element-populated\">\n\t\t\t\t\t\t<div class=\"elementor-element elementor-element-495bd55 elementor-widget elementor-widget-text-editor\" data-id=\"495bd55\" data-element_type=\"widget\" data-e-type=\"widget\" data-widget_type=\"text-editor.default\">\n\t\t\t\t<div class=\"elementor-widget-container\">\n\t\t\t\t\t\t\t\t\t<p>More unexpected was the sight of an enormous platform for connecting a field of offshore wind turbines to the onshore electricity grid. Chantiers de l'Atlantique has diversified its business into marine renewable energy (MRE). This provided an ideal setting for a round-table discussion on the subject, which brought together Fr\u00e9d\u00e9ric GRIZAUD, its Marine Energies Business Unit Director, Stevens CURET, Chairman of GE Offshore France and GE Wind France SAS, and Vincent Bales, Managing Director of WPD Offshores and 3rd ESM auditor. They were able to explore the political, economic, technical and administrative aspects of this sector, which is now booming after a difficult start in France. The lively and fascinating debates enabled the audience to discover the extraordinary dynamism of this young sector, whose impressive prospects were undreamt of just a few years ago. Contrary to popular belief, MRE is now capable of producing electricity at a very competitive price. They represent a major challenge and, without doubt, part of the solution to the current climate challenge.<\/p>\t\t\t\t\t\t\t\t<\/div>\n\t\t\t\t<\/div>\n\t\t\t\t\t<\/div>\n\t\t<\/div>\n\t\t\t\t\t<\/div>\n\t\t<\/section>\n\t\t\t\t<section data-particle_enable=\"false\" data-particle-mobile-disabled=\"false\" class=\"elementor-section elementor-top-section elementor-element elementor-element-f55591f elementor-section-boxed elementor-section-height-default elementor-section-height-default\" data-id=\"f55591f\" data-element_type=\"section\" data-e-type=\"section\">\n\t\t\t\t\t\t<div class=\"elementor-container elementor-column-gap-default\">\n\t\t\t\t\t<div class=\"elementor-column elementor-col-100 elementor-top-column elementor-element elementor-element-9e7d58d\" data-id=\"9e7d58d\" data-element_type=\"column\" data-e-type=\"column\">\n\t\t\t<div class=\"elementor-widget-wrap elementor-element-populated\">\n\t\t\t\t\t\t<div class=\"elementor-element elementor-element-974270a elementor-widget elementor-widget-image\" data-id=\"974270a\" data-element_type=\"widget\" data-e-type=\"widget\" data-widget_type=\"image.default\">\n\t\t\t\t<div class=\"elementor-widget-container\">\n\t\t\t\t\t\t\t\t\t\t\t\t<figure class=\"wp-caption\">\n\t\t\t\t\t\t\t\t\t\t<img decoding=\"async\" width=\"1000\" height=\"750\" src=\"https:\/\/ihedn.fr\/wp-content\/uploads\/2020\/10\/ihedn-6e_esm_a_nantes-04.jpg\" class=\"attachment-full size-full wp-image-5902\" alt=\"IHEDN | 6e SN ESM \u00e0 Nantes : les auditeurs devant les impressionnants rotors des \u00e9oliennes offshores\" \/>\t\t\t\t\t\t\t\t\t\t\t<figcaption class=\"widget-image-caption wp-caption-text\">IHEDN | 6th SN ESM in Nantes: auditors in front of the impressive rotors of offshore wind turbines<\/figcaption>\n\t\t\t\t\t\t\t\t\t\t<\/figure>\n\t\t\t\t\t\t\t\t\t<\/div>\n\t\t\t\t<\/div>\n\t\t\t\t\t<\/div>\n\t\t<\/div>\n\t\t\t\t\t<\/div>\n\t\t<\/section>\n\t\t\t\t<section data-particle_enable=\"false\" data-particle-mobile-disabled=\"false\" class=\"elementor-section elementor-top-section elementor-element elementor-element-0703e6b elementor-section-boxed elementor-section-height-default elementor-section-height-default\" data-id=\"0703e6b\" data-element_type=\"section\" data-e-type=\"section\">\n\t\t\t\t\t\t<div class=\"elementor-container elementor-column-gap-default\">\n\t\t\t\t\t<div class=\"elementor-column elementor-col-100 elementor-top-column elementor-element elementor-element-46a7c90\" data-id=\"46a7c90\" data-element_type=\"column\" data-e-type=\"column\">\n\t\t\t<div class=\"elementor-widget-wrap elementor-element-populated\">\n\t\t\t\t\t\t<div class=\"elementor-element elementor-element-76547cb elementor-widget elementor-widget-text-editor\" data-id=\"76547cb\" data-element_type=\"widget\" data-e-type=\"widget\" data-widget_type=\"text-editor.default\">\n\t\t\t\t<div class=\"elementor-widget-container\">\n\t\t\t\t\t\t\t\t\t<p>In the afternoon, the listeners set sail for the neighbouring General Electric (GE) factory where they met up with Stevens CURET, who was able to give them a hands-on demonstration of the construction of the wind turbines he had told them about at the morning round table. The assembly line for floating offshore wind turbine rotors - blocks weighing over 400 tonnes, assembled to the nearest millimetre - particularly impressed the audience, not only because of the size of the objects handled, but also because of the technological performance and mastery of a process that enables a rotor to be produced every three days. They were able to appreciate the sheer size of these gigantic wind turbines, which can be as tall as the Eiffel Tower.<\/p><p>The final highlight of the day was a welcome to the national training centre of the French National Sea Rescue Society (SNSM), which saves around 8,000 people a year, both on beaches and in the open sea, promoting the solidarity of all seafarers. After a debate lasting over an hour on the challenges of this major national cause, Didier Moreau, SNSM Training Director, launched the audience at the helm of the lifeboats in the training centre's navigation simulators. Although departure in fine weather went relatively well, the listeners soon found themselves in over their heads with the arrival of thunderstorms and nightfall, giving them a first-hand experience of the particularly difficult conditions encountered by SNSM volunteers during shipwreck rescue operations.<\/p>\t\t\t\t\t\t\t\t<\/div>\n\t\t\t\t<\/div>\n\t\t\t\t\t<\/div>\n\t\t<\/div>\n\t\t\t\t\t<\/div>\n\t\t<\/section>\n\t\t\t\t<section data-particle_enable=\"false\" data-particle-mobile-disabled=\"false\" class=\"elementor-section elementor-top-section elementor-element elementor-element-161912e elementor-section-boxed elementor-section-height-default elementor-section-height-default\" data-id=\"161912e\" data-element_type=\"section\" data-e-type=\"section\">\n\t\t\t\t\t\t<div class=\"elementor-container elementor-column-gap-default\">\n\t\t\t\t\t<div class=\"elementor-column elementor-col-100 elementor-top-column elementor-element elementor-element-791a305\" data-id=\"791a305\" data-element_type=\"column\" data-e-type=\"column\">\n\t\t\t<div class=\"elementor-widget-wrap elementor-element-populated\">\n\t\t\t\t\t\t<div class=\"elementor-element elementor-element-15d380c elementor-widget elementor-widget-image\" data-id=\"15d380c\" data-element_type=\"widget\" data-e-type=\"widget\" data-widget_type=\"image.default\">\n\t\t\t\t<div class=\"elementor-widget-container\">\n\t\t\t\t\t\t\t\t\t\t\t\t<figure class=\"wp-caption\">\n\t\t\t\t\t\t\t\t\t\t<img loading=\"lazy\" decoding=\"async\" width=\"1000\" height=\"571\" src=\"https:\/\/ihedn.fr\/wp-content\/uploads\/2020\/10\/ihedn-6e_esm_a_nantes-05.jpg\" class=\"attachment-full size-full wp-image-5906\" alt=\"IHEDN | 6e SN ESM \u00e0 Nantes : \u00e0 la barre d\u2019une vedette du simulateur de la SNSM, une auditrice porte secours \u00e0 un ferry en feu\" \/>\t\t\t\t\t\t\t\t\t\t\t<figcaption class=\"widget-image-caption wp-caption-text\">IHEDN | 6th SN ESM in Nantes: at the helm of an SNSM simulator launch, a student rescues a ferry on fire<\/figcaption>\n\t\t\t\t\t\t\t\t\t\t<\/figure>\n\t\t\t\t\t\t\t\t\t<\/div>\n\t\t\t\t<\/div>\n\t\t\t\t\t<\/div>\n\t\t<\/div>\n\t\t\t\t\t<\/div>\n\t\t<\/section>\n\t\t\t\t<section data-particle_enable=\"false\" data-particle-mobile-disabled=\"false\" class=\"elementor-section elementor-top-section elementor-element elementor-element-3e82ed8 elementor-section-boxed elementor-section-height-default elementor-section-height-default\" data-id=\"3e82ed8\" data-element_type=\"section\" data-e-type=\"section\">\n\t\t\t\t\t\t<div class=\"elementor-container elementor-column-gap-default\">\n\t\t\t\t\t<div class=\"elementor-column elementor-col-33 elementor-top-column elementor-element elementor-element-234c55f\" data-id=\"234c55f\" data-element_type=\"column\" data-e-type=\"column\">\n\t\t\t<div class=\"elementor-widget-wrap elementor-element-populated\">\n\t\t\t\t\t\t<div class=\"elementor-element elementor-element-8a70eed elementor-widget elementor-widget-image\" data-id=\"8a70eed\" data-element_type=\"widget\" data-e-type=\"widget\" data-widget_type=\"image.default\">\n\t\t\t\t<div class=\"elementor-widget-container\">\n\t\t\t\t\t\t\t\t\t\t\t\t<figure class=\"wp-caption\">\n\t\t\t\t\t\t\t\t\t\t<img loading=\"lazy\" decoding=\"async\" width=\"438\" height=\"548\" src=\"https:\/\/ihedn.fr\/wp-content\/uploads\/2020\/10\/ihedn-6e_esm_a_nantes-07.jpg\" class=\"attachment-full size-full wp-image-5923\" alt=\"IHEDN | 6e SN ESM \u00e0 Nantes : Pierre Serre-Combes expose aux auditeurs sa vision des enjeux de souverainet\u00e9 scientifiques et technologiques\" \/>\t\t\t\t\t\t\t\t\t\t\t<figcaption class=\"widget-image-caption wp-caption-text\">IHEDN | 6th SN ESM in Nantes : Pierre Serre-Combes explains his vision of the challenges of scientific and technological sovereignty to the audience<\/figcaption>\n\t\t\t\t\t\t\t\t\t\t<\/figure>\n\t\t\t\t\t\t\t\t\t<\/div>\n\t\t\t\t<\/div>\n\t\t\t\t\t<\/div>\n\t\t<\/div>\n\t\t\t\t<div class=\"elementor-column elementor-col-66 elementor-top-column elementor-element elementor-element-00ebe31\" data-id=\"00ebe31\" data-element_type=\"column\" data-e-type=\"column\">\n\t\t\t<div class=\"elementor-widget-wrap elementor-element-populated\">\n\t\t\t\t\t\t<div class=\"elementor-element elementor-element-f6c4bf2 elementor-widget elementor-widget-text-editor\" data-id=\"f6c4bf2\" data-element_type=\"widget\" data-e-type=\"widget\" data-widget_type=\"text-editor.default\">\n\t\t\t\t<div class=\"elementor-widget-container\">\n\t\t\t\t\t\t\t\t\t<p>From the early hours of Saturday morning, the audience travelled to Technocampus Oc\u00e9an in Nantes, where they were met by Hubert L\u00e9cuyer, co-director of the site, and Didier Besnard, deputy director of CEA Tech. The morning was devoted to the major challenges of technological research and innovation in the naval sector. Philippe Baclet, Director of WeAMEC, and Pierre Serre-Combe, Director of the CEA's Laboratory for Innovation in New Energy Technologies and Nanomaterials, joined Didier Besnard to lead a morning of particularly rich debate, under the intense fire of questions from the audience. They were able to discover the extraordinary dynamism of research in the maritime sector, as well as the particularly virtuous ecosystem put in place by the Pays de Loire region. CEA Tech plays a little-known leading role in supporting businesses in the region, at the heart of a decompartmentalised organisation that creates an exceptional synergy between the State, the academic world and businesses.<\/p>\t\t\t\t\t\t\t\t<\/div>\n\t\t\t\t<\/div>\n\t\t\t\t\t<\/div>\n\t\t<\/div>\n\t\t\t\t\t<\/div>\n\t\t<\/section>\n\t\t\t\t<section data-particle_enable=\"false\" data-particle-mobile-disabled=\"false\" class=\"elementor-section elementor-top-section elementor-element elementor-element-8bae73e elementor-section-boxed elementor-section-height-default elementor-section-height-default\" data-id=\"8bae73e\" data-element_type=\"section\" data-e-type=\"section\">\n\t\t\t\t\t\t<div class=\"elementor-container elementor-column-gap-default\">\n\t\t\t\t\t<div class=\"elementor-column elementor-col-100 elementor-top-column elementor-element elementor-element-94c1fe9\" data-id=\"94c1fe9\" data-element_type=\"column\" data-e-type=\"column\">\n\t\t\t<div class=\"elementor-widget-wrap elementor-element-populated\">\n\t\t\t\t\t\t<div class=\"elementor-element elementor-element-80183c2 elementor-widget elementor-widget-image\" data-id=\"80183c2\" data-element_type=\"widget\" data-e-type=\"widget\" data-widget_type=\"image.default\">\n\t\t\t\t<div class=\"elementor-widget-container\">\n\t\t\t\t\t\t\t\t\t\t\t\t<figure class=\"wp-caption\">\n\t\t\t\t\t\t\t\t\t\t<img loading=\"lazy\" decoding=\"async\" width=\"1000\" height=\"635\" src=\"https:\/\/ihedn.fr\/wp-content\/uploads\/2020\/10\/ihedn-6e_esm_a_nantes-06.jpg\" class=\"attachment-full size-full wp-image-5916\" alt=\"IHEDN | 6e SN ESM \u00e0 Nantes : Didier Besnard r\u00e9pond aux auditeurs\" \/>\t\t\t\t\t\t\t\t\t\t\t<figcaption class=\"widget-image-caption wp-caption-text\">IHEDN | 6th SN ESM in Nantes : Didier Besnard answers listeners' questions<\/figcaption>\n\t\t\t\t\t\t\t\t\t\t<\/figure>\n\t\t\t\t\t\t\t\t\t<\/div>\n\t\t\t\t<\/div>\n\t\t\t\t\t<\/div>\n\t\t<\/div>\n\t\t\t\t\t<\/div>\n\t\t<\/section>\n\t\t\t\t<section data-particle_enable=\"false\" data-particle-mobile-disabled=\"false\" class=\"elementor-section elementor-top-section elementor-element elementor-element-ae7350c elementor-section-boxed elementor-section-height-default elementor-section-height-default\" data-id=\"ae7350c\" data-element_type=\"section\" data-e-type=\"section\">\n\t\t\t\t\t\t<div class=\"elementor-container elementor-column-gap-default\">\n\t\t\t\t\t<div class=\"elementor-column elementor-col-100 elementor-top-column elementor-element elementor-element-5bcee10\" data-id=\"5bcee10\" data-element_type=\"column\" data-e-type=\"column\">\n\t\t\t<div class=\"elementor-widget-wrap elementor-element-populated\">\n\t\t\t\t\t\t<div class=\"elementor-element elementor-element-0d6fd55 elementor-widget elementor-widget-text-editor\" data-id=\"0d6fd55\" data-element_type=\"widget\" data-e-type=\"widget\" data-widget_type=\"text-editor.default\">\n\t\t\t\t<div class=\"elementor-widget-container\">\n\t\t\t\t\t\t\t\t\t<p>On Saturday afternoon, the auditors devoted half a day to their committee work, the initial ideas for which will be presented to the IHEDN management at their next seminar on 20 and 21 November in Toulon.<\/p>\t\t\t\t\t\t\t\t<\/div>\n\t\t\t\t<\/div>\n\t\t\t\t\t<\/div>\n\t\t<\/div>\n\t\t\t\t\t<\/div>\n\t\t<\/section>\n\t\t\t\t<section data-particle_enable=\"false\" data-particle-mobile-disabled=\"false\" class=\"elementor-section elementor-top-section elementor-element elementor-element-821396b elementor-section-boxed elementor-section-height-default elementor-section-height-default\" data-id=\"821396b\" data-element_type=\"section\" data-e-type=\"section\">\n\t\t\t\t\t\t<div class=\"elementor-container elementor-column-gap-default\">\n\t\t\t\t\t<div class=\"elementor-column elementor-col-100 elementor-top-column elementor-element elementor-element-85a6bb6\" data-id=\"85a6bb6\" data-element_type=\"column\" data-e-type=\"column\">\n\t\t\t<div class=\"elementor-widget-wrap elementor-element-populated\">\n\t\t\t\t\t\t<div class=\"elementor-element elementor-element-539b01c elementor-widget elementor-widget-image\" data-id=\"539b01c\" data-element_type=\"widget\" data-e-type=\"widget\" data-widget_type=\"image.default\">\n\t\t\t\t<div class=\"elementor-widget-container\">\n\t\t\t\t\t\t\t\t\t\t\t\t<figure class=\"wp-caption\">\n\t\t\t\t\t\t\t\t\t\t<img loading=\"lazy\" decoding=\"async\" width=\"1000\" height=\"505\" src=\"https:\/\/ihedn.fr\/wp-content\/uploads\/2020\/11\/ihedn-6e_esm_a_nantes-01.jpg\" class=\"attachment-full size-full wp-image-5880\" alt=\"Escale en Pays de Loire pour la 6e session nationale &quot;Enjeux et strat\u00e9gies maritimes&quot; de l\u2019IHEDN\" \/>\t\t\t\t\t\t\t\t\t\t\t<figcaption class=\"widget-image-caption wp-caption-text\">Stopover in the Pays de Loire for the 6th IHEDN national session on \"Maritime issues and strategies<\/figcaption>\n\t\t\t\t\t\t\t\t\t\t<\/figure>\n\t\t\t\t\t\t\t\t\t<\/div>\n\t\t\t\t<\/div>\n\t\t\t\t\t<\/div>\n\t\t<\/div>\n\t\t\t\t\t<\/div>\n\t\t<\/section>\n\t\t\t\t<\/div>","protected":false},"excerpt":{"rendered":"<p>Les auditeurs de la 6e session nationale \u00ab\u00a0Enjeux et strat\u00e9gies\u00a0maritimes\u00a0\u00bb (ESM) ont mis le cap vers les Pays-de-la-Loire pour un s\u00e9minaire de deux jours \u00e0 Nantes et Saint-Nazaire les vendredi 9 et samedi 10 octobre. Cette r\u00e9gion est en effet un mod\u00e8le de dynamisme dans le domaine maritime avec des p\u00e9pites de la construction navale, [&hellip;]<\/p>\n","protected":false},"author":1,"featured_media":5880,"comment_status":"closed","ping_status":"closed","sticky":false,"template":"","format":"standard","meta":{"footnotes":""},"categories":[1],"tags":[],"class_list":["post-5878","post","type-post","status-publish","format-standard","has-post-thumbnail","hentry","category-uncategorized"],"yoast_head":"<!-- This site is optimized with the Yoast SEO plugin v27.5 - https:\/\/yoast.com\/product\/yoast-seo-wordpress\/ -->\n<title>Escale en Pays de Loire pour la 6e session nationale &quot;Enjeux et strat\u00e9gies maritimes&quot; de l\u2019IHEDN - L&#039;IHEDN : Institut des hautes \u00e9tudes de d\u00e9fense nationale<\/title>\n<meta name=\"robots\" content=\"index, follow, max-snippet:-1, max-image-preview:large, max-video-preview:-1\" \/>\n<link rel=\"canonical\" href=\"https:\/\/ihedn.fr\/en\/actualites-des-sessions\/escale-en-pays-de-loire-pour-la-6e-session-nationale-enjeux-et-strategies-maritimes-de-lihedn\/\" \/>\n<meta property=\"og:locale\" content=\"en_GB\" \/>\n<meta property=\"og:type\" content=\"article\" \/>\n<meta property=\"og:title\" content=\"Escale en Pays de Loire pour la 6e session nationale &quot;Enjeux et strat\u00e9gies maritimes&quot; de l\u2019IHEDN - L&#039;IHEDN : Institut des hautes \u00e9tudes de d\u00e9fense nationale\" \/>\n<meta property=\"og:description\" content=\"Les auditeurs de la 6e session nationale \u00ab\u00a0Enjeux et strat\u00e9gies\u00a0maritimes\u00a0\u00bb (ESM) ont mis le cap vers les Pays-de-la-Loire pour un s\u00e9minaire de deux jours \u00e0 Nantes et Saint-Nazaire les vendredi 9 et samedi 10 octobre. Cette r\u00e9gion est en effet un mod\u00e8le de dynamisme dans le domaine maritime avec des p\u00e9pites de la construction navale, [&hellip;]\" \/>\n<meta property=\"og:url\" content=\"https:\/\/ihedn.fr\/en\/actualites-des-sessions\/escale-en-pays-de-loire-pour-la-6e-session-nationale-enjeux-et-strategies-maritimes-de-lihedn\/\" \/>\n<meta property=\"og:site_name\" content=\"L&#039;IHEDN : Institut des hautes \u00e9tudes de d\u00e9fense nationale\" \/>\n<meta property=\"article:publisher\" content=\"https:\/\/www.facebook.com\/ihedn\/\" \/>\n<meta property=\"article:published_time\" content=\"2020-10-14T09:00:39+00:00\" \/>\n<meta property=\"article:modified_time\" content=\"2021-01-13T16:29:06+00:00\" \/>\n<meta property=\"og:image\" content=\"https:\/\/ihedn.fr\/wp-content\/uploads\/2020\/11\/ihedn-6e_esm_a_nantes-01.jpg\" \/>\n\t<meta property=\"og:image:width\" content=\"1000\" \/>\n\t<meta property=\"og:image:height\" content=\"505\" \/>\n\t<meta property=\"og:image:type\" content=\"image\/jpeg\" \/>\n<meta name=\"author\" content=\"dev\" \/>\n<meta name=\"twitter:card\" content=\"summary_large_image\" \/>\n<meta name=\"twitter:creator\" content=\"@IHEDN\" \/>\n<meta name=\"twitter:site\" content=\"@IHEDN\" \/>\n<meta name=\"twitter:label1\" content=\"Written by\" \/>\n\t<meta name=\"twitter:data1\" content=\"dev\" \/>\n\t<meta name=\"twitter:label2\" content=\"Estimated reading time\" \/>\n\t<meta name=\"twitter:data2\" content=\"6 minutes\" \/>\n<script type=\"application\/ld+json\" class=\"yoast-schema-graph\">{\"@context\":\"https:\\\/\\\/schema.org\",\"@graph\":[{\"@type\":\"Article\",\"@id\":\"https:\\\/\\\/ihedn.fr\\\/actualites-des-sessions\\\/escale-en-pays-de-loire-pour-la-6e-session-nationale-enjeux-et-strategies-maritimes-de-lihedn\\\/#article\",\"isPartOf\":{\"@id\":\"https:\\\/\\\/ihedn.fr\\\/actualites-des-sessions\\\/escale-en-pays-de-loire-pour-la-6e-session-nationale-enjeux-et-strategies-maritimes-de-lihedn\\\/\"},\"author\":{\"name\":\"dev\",\"@id\":\"https:\\\/\\\/ihedn.fr\\\/#\\\/schema\\\/person\\\/7a40155595e4efb35323447cb8c8c5a4\"},\"headline\":\"Escale en Pays de Loire pour la 6e session nationale \u00ab\u00a0Enjeux et strat\u00e9gies maritimes\u00a0\u00bb de l\u2019IHEDN\",\"datePublished\":\"2020-10-14T09:00:39+00:00\",\"dateModified\":\"2021-01-13T16:29:06+00:00\",\"mainEntityOfPage\":{\"@id\":\"https:\\\/\\\/ihedn.fr\\\/actualites-des-sessions\\\/escale-en-pays-de-loire-pour-la-6e-session-nationale-enjeux-et-strategies-maritimes-de-lihedn\\\/\"},\"wordCount\":1155,\"publisher\":{\"@id\":\"https:\\\/\\\/ihedn.fr\\\/#organization\"},\"image\":{\"@id\":\"https:\\\/\\\/ihedn.fr\\\/actualites-des-sessions\\\/escale-en-pays-de-loire-pour-la-6e-session-nationale-enjeux-et-strategies-maritimes-de-lihedn\\\/#primaryimage\"},\"thumbnailUrl\":\"https:\\\/\\\/ihedn.fr\\\/wp-content\\\/uploads\\\/2020\\\/11\\\/ihedn-6e_esm_a_nantes-01.jpg\",\"articleSection\":[\"Uncategorized\"],\"inLanguage\":\"en-GB\"},{\"@type\":\"WebPage\",\"@id\":\"https:\\\/\\\/ihedn.fr\\\/actualites-des-sessions\\\/escale-en-pays-de-loire-pour-la-6e-session-nationale-enjeux-et-strategies-maritimes-de-lihedn\\\/\",\"url\":\"https:\\\/\\\/ihedn.fr\\\/actualites-des-sessions\\\/escale-en-pays-de-loire-pour-la-6e-session-nationale-enjeux-et-strategies-maritimes-de-lihedn\\\/\",\"name\":\"Escale en Pays de Loire pour la 6e session nationale \\\"Enjeux et strat\u00e9gies maritimes\\\" de l\u2019IHEDN - L&#039;IHEDN : Institut des hautes \u00e9tudes de d\u00e9fense nationale\",\"isPartOf\":{\"@id\":\"https:\\\/\\\/ihedn.fr\\\/#website\"},\"primaryImageOfPage\":{\"@id\":\"https:\\\/\\\/ihedn.fr\\\/actualites-des-sessions\\\/escale-en-pays-de-loire-pour-la-6e-session-nationale-enjeux-et-strategies-maritimes-de-lihedn\\\/#primaryimage\"},\"image\":{\"@id\":\"https:\\\/\\\/ihedn.fr\\\/actualites-des-sessions\\\/escale-en-pays-de-loire-pour-la-6e-session-nationale-enjeux-et-strategies-maritimes-de-lihedn\\\/#primaryimage\"},\"thumbnailUrl\":\"https:\\\/\\\/ihedn.fr\\\/wp-content\\\/uploads\\\/2020\\\/11\\\/ihedn-6e_esm_a_nantes-01.jpg\",\"datePublished\":\"2020-10-14T09:00:39+00:00\",\"dateModified\":\"2021-01-13T16:29:06+00:00\",\"breadcrumb\":{\"@id\":\"https:\\\/\\\/ihedn.fr\\\/actualites-des-sessions\\\/escale-en-pays-de-loire-pour-la-6e-session-nationale-enjeux-et-strategies-maritimes-de-lihedn\\\/#breadcrumb\"},\"inLanguage\":\"en-GB\",\"potentialAction\":[{\"@type\":\"ReadAction\",\"target\":[\"https:\\\/\\\/ihedn.fr\\\/actualites-des-sessions\\\/escale-en-pays-de-loire-pour-la-6e-session-nationale-enjeux-et-strategies-maritimes-de-lihedn\\\/\"]}]},{\"@type\":\"ImageObject\",\"inLanguage\":\"en-GB\",\"@id\":\"https:\\\/\\\/ihedn.fr\\\/actualites-des-sessions\\\/escale-en-pays-de-loire-pour-la-6e-session-nationale-enjeux-et-strategies-maritimes-de-lihedn\\\/#primaryimage\",\"url\":\"https:\\\/\\\/ihedn.fr\\\/wp-content\\\/uploads\\\/2020\\\/11\\\/ihedn-6e_esm_a_nantes-01.jpg\",\"contentUrl\":\"https:\\\/\\\/ihedn.fr\\\/wp-content\\\/uploads\\\/2020\\\/11\\\/ihedn-6e_esm_a_nantes-01.jpg\",\"width\":1000,\"height\":505,\"caption\":\"Escale en Pays de Loire pour la 6e session nationale \\\"Enjeux et strat\u00e9gies maritimes\\\" de l\u2019IHEDN\"},{\"@type\":\"BreadcrumbList\",\"@id\":\"https:\\\/\\\/ihedn.fr\\\/actualites-des-sessions\\\/escale-en-pays-de-loire-pour-la-6e-session-nationale-enjeux-et-strategies-maritimes-de-lihedn\\\/#breadcrumb\",\"itemListElement\":[{\"@type\":\"ListItem\",\"position\":1,\"name\":\"Accueil\",\"item\":\"https:\\\/\\\/ihedn.fr\\\/\"},{\"@type\":\"ListItem\",\"position\":2,\"name\":\"Escale en Pays de Loire pour la 6e session nationale \u00ab\u00a0Enjeux et strat\u00e9gies maritimes\u00a0\u00bb de l\u2019IHEDN\"}]},{\"@type\":\"WebSite\",\"@id\":\"https:\\\/\\\/ihedn.fr\\\/#website\",\"url\":\"https:\\\/\\\/ihedn.fr\\\/\",\"name\":\"IHEDN : Institut des hautes \u00e9tudes de d\u00e9fense nationale |\",\"description\":\"Site officiel de l&#039;IHEDN plac\u00e9 sous la tutelle du Premier ministre.\",\"publisher\":{\"@id\":\"https:\\\/\\\/ihedn.fr\\\/#organization\"},\"potentialAction\":[{\"@type\":\"SearchAction\",\"target\":{\"@type\":\"EntryPoint\",\"urlTemplate\":\"https:\\\/\\\/ihedn.fr\\\/?s={search_term_string}\"},\"query-input\":{\"@type\":\"PropertyValueSpecification\",\"valueRequired\":true,\"valueName\":\"search_term_string\"}}],\"inLanguage\":\"en-GB\"},{\"@type\":\"Organization\",\"@id\":\"https:\\\/\\\/ihedn.fr\\\/#organization\",\"name\":\"IHEDN - Institut des Hautes Etudes de D\u00e9fense Nationale\",\"url\":\"https:\\\/\\\/ihedn.fr\\\/\",\"logo\":{\"@type\":\"ImageObject\",\"inLanguage\":\"en-GB\",\"@id\":\"https:\\\/\\\/ihedn.fr\\\/#\\\/schema\\\/logo\\\/image\\\/\",\"url\":\"https:\\\/\\\/ihedn.fr\\\/wp-content\\\/uploads\\\/2020\\\/11\\\/BLOC_RF_IHEDN_WEB.png\",\"contentUrl\":\"https:\\\/\\\/ihedn.fr\\\/wp-content\\\/uploads\\\/2020\\\/11\\\/BLOC_RF_IHEDN_WEB.png\",\"width\":500,\"height\":237,\"caption\":\"IHEDN - Institut des Hautes Etudes de D\u00e9fense Nationale\"},\"image\":{\"@id\":\"https:\\\/\\\/ihedn.fr\\\/#\\\/schema\\\/logo\\\/image\\\/\"},\"sameAs\":[\"https:\\\/\\\/www.facebook.com\\\/ihedn\\\/\",\"https:\\\/\\\/x.com\\\/IHEDN\",\"https:\\\/\\\/www.instagram.com\\\/ihedn\\\/\",\"https:\\\/\\\/www.linkedin.com\\\/school\\\/ihedn\\\/\",\"https:\\\/\\\/fr.wikipedia.org\\\/wiki\\\/Institut_des_hautes_\u00e9tudes_de_D\u00e9fense_nationale\"]},{\"@type\":\"Person\",\"@id\":\"https:\\\/\\\/ihedn.fr\\\/#\\\/schema\\\/person\\\/7a40155595e4efb35323447cb8c8c5a4\",\"name\":\"dev\",\"image\":{\"@type\":\"ImageObject\",\"inLanguage\":\"en-GB\",\"@id\":\"https:\\\/\\\/secure.gravatar.com\\\/avatar\\\/f1ffcac9ca2fa95ad3ec33e9be3ade82f752acb0cabe541e56c5889225afa88a?s=96&d=mm&r=g\",\"url\":\"https:\\\/\\\/secure.gravatar.com\\\/avatar\\\/f1ffcac9ca2fa95ad3ec33e9be3ade82f752acb0cabe541e56c5889225afa88a?s=96&d=mm&r=g\",\"contentUrl\":\"https:\\\/\\\/secure.gravatar.com\\\/avatar\\\/f1ffcac9ca2fa95ad3ec33e9be3ade82f752acb0cabe541e56c5889225afa88a?s=96&d=mm&r=g\",\"caption\":\"dev\"},\"sameAs\":[\"https:\\\/\\\/ihedn.concilium.click\"],\"url\":\"https:\\\/\\\/ihedn.fr\\\/en\\\/author\\\/dev\\\/\"}]}<\/script>\n<!-- \/ Yoast SEO plugin. -->","yoast_head_json":{"title":"Stopover in Pays de Loire for the 6th IHEDN national session on \"Maritime issues and strategies\" - IHEDN : Institut des hautes \u00e9tudes de d\u00e9fense nationale (French Institute for Higher Studies in National Defence)","robots":{"index":"index","follow":"follow","max-snippet":"max-snippet:-1","max-image-preview":"max-image-preview:large","max-video-preview":"max-video-preview:-1"},"canonical":"https:\/\/ihedn.fr\/en\/actualites-des-sessions\/escale-en-pays-de-loire-pour-la-6e-session-nationale-enjeux-et-strategies-maritimes-de-lihedn\/","og_locale":"en_GB","og_type":"article","og_title":"Escale en Pays de Loire pour la 6e session nationale \"Enjeux et strat\u00e9gies maritimes\" de l\u2019IHEDN - L&#039;IHEDN : Institut des hautes \u00e9tudes de d\u00e9fense nationale","og_description":"Les auditeurs de la 6e session nationale \u00ab\u00a0Enjeux et strat\u00e9gies\u00a0maritimes\u00a0\u00bb (ESM) ont mis le cap vers les Pays-de-la-Loire pour un s\u00e9minaire de deux jours \u00e0 Nantes et Saint-Nazaire les vendredi 9 et samedi 10 octobre. Cette r\u00e9gion est en effet un mod\u00e8le de dynamisme dans le domaine maritime avec des p\u00e9pites de la construction navale, [&hellip;]","og_url":"https:\/\/ihedn.fr\/en\/actualites-des-sessions\/escale-en-pays-de-loire-pour-la-6e-session-nationale-enjeux-et-strategies-maritimes-de-lihedn\/","og_site_name":"L&#039;IHEDN : Institut des hautes \u00e9tudes de d\u00e9fense nationale","article_publisher":"https:\/\/www.facebook.com\/ihedn\/","article_published_time":"2020-10-14T09:00:39+00:00","article_modified_time":"2021-01-13T16:29:06+00:00","og_image":[{"width":1000,"height":505,"url":"https:\/\/ihedn.fr\/wp-content\/uploads\/2020\/11\/ihedn-6e_esm_a_nantes-01.jpg","type":"image\/jpeg"}],"author":"dev","twitter_card":"summary_large_image","twitter_creator":"@IHEDN","twitter_site":"@IHEDN","twitter_misc":{"Written by":"dev","Estimated reading time":"6 minutes"},"schema":{"@context":"https:\/\/schema.org","@graph":[{"@type":"Article","@id":"https:\/\/ihedn.fr\/actualites-des-sessions\/escale-en-pays-de-loire-pour-la-6e-session-nationale-enjeux-et-strategies-maritimes-de-lihedn\/#article","isPartOf":{"@id":"https:\/\/ihedn.fr\/actualites-des-sessions\/escale-en-pays-de-loire-pour-la-6e-session-nationale-enjeux-et-strategies-maritimes-de-lihedn\/"},"author":{"name":"dev","@id":"https:\/\/ihedn.fr\/#\/schema\/person\/7a40155595e4efb35323447cb8c8c5a4"},"headline":"Escale en Pays de Loire pour la 6e session nationale \u00ab\u00a0Enjeux et strat\u00e9gies maritimes\u00a0\u00bb de l\u2019IHEDN","datePublished":"2020-10-14T09:00:39+00:00","dateModified":"2021-01-13T16:29:06+00:00","mainEntityOfPage":{"@id":"https:\/\/ihedn.fr\/actualites-des-sessions\/escale-en-pays-de-loire-pour-la-6e-session-nationale-enjeux-et-strategies-maritimes-de-lihedn\/"},"wordCount":1155,"publisher":{"@id":"https:\/\/ihedn.fr\/#organization"},"image":{"@id":"https:\/\/ihedn.fr\/actualites-des-sessions\/escale-en-pays-de-loire-pour-la-6e-session-nationale-enjeux-et-strategies-maritimes-de-lihedn\/#primaryimage"},"thumbnailUrl":"https:\/\/ihedn.fr\/wp-content\/uploads\/2020\/11\/ihedn-6e_esm_a_nantes-01.jpg","articleSection":["Uncategorized"],"inLanguage":"en-GB"},{"@type":"WebPage","@id":"https:\/\/ihedn.fr\/actualites-des-sessions\/escale-en-pays-de-loire-pour-la-6e-session-nationale-enjeux-et-strategies-maritimes-de-lihedn\/","url":"https:\/\/ihedn.fr\/actualites-des-sessions\/escale-en-pays-de-loire-pour-la-6e-session-nationale-enjeux-et-strategies-maritimes-de-lihedn\/","name":"Stopover in Pays de Loire for the 6th IHEDN national session on \"Maritime issues and strategies\" - IHEDN : Institut des hautes \u00e9tudes de d\u00e9fense nationale (French Institute for Higher Studies in National Defence)","isPartOf":{"@id":"https:\/\/ihedn.fr\/#website"},"primaryImageOfPage":{"@id":"https:\/\/ihedn.fr\/actualites-des-sessions\/escale-en-pays-de-loire-pour-la-6e-session-nationale-enjeux-et-strategies-maritimes-de-lihedn\/#primaryimage"},"image":{"@id":"https:\/\/ihedn.fr\/actualites-des-sessions\/escale-en-pays-de-loire-pour-la-6e-session-nationale-enjeux-et-strategies-maritimes-de-lihedn\/#primaryimage"},"thumbnailUrl":"https:\/\/ihedn.fr\/wp-content\/uploads\/2020\/11\/ihedn-6e_esm_a_nantes-01.jpg","datePublished":"2020-10-14T09:00:39+00:00","dateModified":"2021-01-13T16:29:06+00:00","breadcrumb":{"@id":"https:\/\/ihedn.fr\/actualites-des-sessions\/escale-en-pays-de-loire-pour-la-6e-session-nationale-enjeux-et-strategies-maritimes-de-lihedn\/#breadcrumb"},"inLanguage":"en-GB","potentialAction":[{"@type":"ReadAction","target":["https:\/\/ihedn.fr\/actualites-des-sessions\/escale-en-pays-de-loire-pour-la-6e-session-nationale-enjeux-et-strategies-maritimes-de-lihedn\/"]}]},{"@type":"ImageObject","inLanguage":"en-GB","@id":"https:\/\/ihedn.fr\/actualites-des-sessions\/escale-en-pays-de-loire-pour-la-6e-session-nationale-enjeux-et-strategies-maritimes-de-lihedn\/#primaryimage","url":"https:\/\/ihedn.fr\/wp-content\/uploads\/2020\/11\/ihedn-6e_esm_a_nantes-01.jpg","contentUrl":"https:\/\/ihedn.fr\/wp-content\/uploads\/2020\/11\/ihedn-6e_esm_a_nantes-01.jpg","width":1000,"height":505,"caption":"Escale en Pays de Loire pour la 6e session nationale \"Enjeux et strat\u00e9gies maritimes\" de l\u2019IHEDN"},{"@type":"BreadcrumbList","@id":"https:\/\/ihedn.fr\/actualites-des-sessions\/escale-en-pays-de-loire-pour-la-6e-session-nationale-enjeux-et-strategies-maritimes-de-lihedn\/#breadcrumb","itemListElement":[{"@type":"ListItem","position":1,"name":"Accueil","item":"https:\/\/ihedn.fr\/"},{"@type":"ListItem","position":2,"name":"Escale en Pays de Loire pour la 6e session nationale \u00ab\u00a0Enjeux et strat\u00e9gies maritimes\u00a0\u00bb de l\u2019IHEDN"}]},{"@type":"WebSite","@id":"https:\/\/ihedn.fr\/#website","url":"https:\/\/ihedn.fr\/","name":"IHEDN: Institut des hautes \u00e9tudes de d\u00e9fense nationale (Institute for Higher National Defence Studies)","description":"Official website of the IHEDN under the supervision of the Prime Minister.","publisher":{"@id":"https:\/\/ihedn.fr\/#organization"},"potentialAction":[{"@type":"SearchAction","target":{"@type":"EntryPoint","urlTemplate":"https:\/\/ihedn.fr\/?s={search_term_string}"},"query-input":{"@type":"PropertyValueSpecification","valueRequired":true,"valueName":"search_term_string"}}],"inLanguage":"en-GB"},{"@type":"Organization","@id":"https:\/\/ihedn.fr\/#organization","name":"IHEDN - Institute for Higher National Defence Studies","url":"https:\/\/ihedn.fr\/","logo":{"@type":"ImageObject","inLanguage":"en-GB","@id":"https:\/\/ihedn.fr\/#\/schema\/logo\/image\/","url":"https:\/\/ihedn.fr\/wp-content\/uploads\/2020\/11\/BLOC_RF_IHEDN_WEB.png","contentUrl":"https:\/\/ihedn.fr\/wp-content\/uploads\/2020\/11\/BLOC_RF_IHEDN_WEB.png","width":500,"height":237,"caption":"IHEDN - Institut des Hautes Etudes de D\u00e9fense Nationale"},"image":{"@id":"https:\/\/ihedn.fr\/#\/schema\/logo\/image\/"},"sameAs":["https:\/\/www.facebook.com\/ihedn\/","https:\/\/x.com\/IHEDN","https:\/\/www.instagram.com\/ihedn\/","https:\/\/www.linkedin.com\/school\/ihedn\/","https:\/\/fr.wikipedia.org\/wiki\/Institut_des_hautes_\u00e9tudes_de_D\u00e9fense_nationale"]},{"@type":"Person","@id":"https:\/\/ihedn.fr\/#\/schema\/person\/7a40155595e4efb35323447cb8c8c5a4","name":"dev","image":{"@type":"ImageObject","inLanguage":"en-GB","@id":"https:\/\/secure.gravatar.com\/avatar\/f1ffcac9ca2fa95ad3ec33e9be3ade82f752acb0cabe541e56c5889225afa88a?s=96&d=mm&r=g","url":"https:\/\/secure.gravatar.com\/avatar\/f1ffcac9ca2fa95ad3ec33e9be3ade82f752acb0cabe541e56c5889225afa88a?s=96&d=mm&r=g","contentUrl":"https:\/\/secure.gravatar.com\/avatar\/f1ffcac9ca2fa95ad3ec33e9be3ade82f752acb0cabe541e56c5889225afa88a?s=96&d=mm&r=g","caption":"dev"},"sameAs":["https:\/\/ihedn.concilium.click"],"url":"https:\/\/ihedn.fr\/en\/author\/dev\/"}]}},"publishpress_future_action":{"enabled":false,"date":"2026-05-08 09:17:07","action":"change-status","newStatus":"draft","terms":[],"taxonomy":"category","extraData":[]},"publishpress_future_workflow_manual_trigger":{"enabledWorkflows":[]},"_links":{"self":[{"href":"https:\/\/ihedn.fr\/en\/wp-json\/wp\/v2\/posts\/5878","targetHints":{"allow":["GET"]}}],"collection":[{"href":"https:\/\/ihedn.fr\/en\/wp-json\/wp\/v2\/posts"}],"about":[{"href":"https:\/\/ihedn.fr\/en\/wp-json\/wp\/v2\/types\/post"}],"author":[{"embeddable":true,"href":"https:\/\/ihedn.fr\/en\/wp-json\/wp\/v2\/users\/1"}],"replies":[{"embeddable":true,"href":"https:\/\/ihedn.fr\/en\/wp-json\/wp\/v2\/comments?post=5878"}],"version-history":[{"count":5,"href":"https:\/\/ihedn.fr\/en\/wp-json\/wp\/v2\/posts\/5878\/revisions"}],"predecessor-version":[{"id":5932,"href":"https:\/\/ihedn.fr\/en\/wp-json\/wp\/v2\/posts\/5878\/revisions\/5932"}],"wp:featuredmedia":[{"embeddable":true,"href":"https:\/\/ihedn.fr\/en\/wp-json\/wp\/v2\/media\/5880"}],"wp:attachment":[{"href":"https:\/\/ihedn.fr\/en\/wp-json\/wp\/v2\/media?parent=5878"}],"wp:term":[{"taxonomy":"category","embeddable":true,"href":"https:\/\/ihedn.fr\/en\/wp-json\/wp\/v2\/categories?post=5878"},{"taxonomy":"post_tag","embeddable":true,"href":"https:\/\/ihedn.fr\/en\/wp-json\/wp\/v2\/tags?post=5878"}],"curies":[{"name":"wp","href":"https:\/\/api.w.org\/{rel}","templated":true}]}}