{"id":58782,"date":"2026-03-13T16:52:59","date_gmt":"2026-03-13T15:52:59","guid":{"rendered":"https:\/\/ihedn.fr\/?p=58782"},"modified":"2026-03-13T16:52:59","modified_gmt":"2026-03-13T15:52:59","slug":"sylvie-bermann-en-diplomatie-la-france-a-souvent-un-effet-dentrainement","status":"publish","type":"post","link":"https:\/\/ihedn.fr\/en\/lundis-de-lihedn\/sylvie-bermann-en-diplomatie-la-france-a-souvent-un-effet-dentrainement\/","title":{"rendered":"Sylvie Bermann: \u00abIn diplomacy, France often has a knock-on effect\u00bb.\u00bb"},"content":{"rendered":"\t\t<div data-elementor-type=\"wp-post\" data-elementor-id=\"58782\" class=\"elementor elementor-58782\" data-elementor-post-type=\"post\">\n\t\t\t\t<div data-particle_enable=\"false\" data-particle-mobile-disabled=\"false\" class=\"elementor-element elementor-element-996fc96 e-flex e-con-boxed e-con e-parent\" data-id=\"996fc96\" data-element_type=\"container\" data-e-type=\"container\">\n\t\t\t\t\t<div class=\"e-con-inner\">\n\t\t\t\t<div class=\"elementor-element elementor-element-be8755d elementor-widget elementor-widget-heading\" data-id=\"be8755d\" data-element_type=\"widget\" data-e-type=\"widget\" data-widget_type=\"heading.default\">\n\t\t\t\t<div class=\"elementor-widget-container\">\n\t\t\t\t\t<h5 class=\"elementor-heading-title elementor-size-default\">Les Lundis de l'IHEDN sont maintenant disponibles en version audio !<\/h5>\t\t\t\t<\/div>\n\t\t\t\t<\/div>\n\t\t\t\t<div class=\"elementor-element elementor-element-12bc3a6 elementor-widget elementor-widget-text-editor\" data-id=\"12bc3a6\" data-element_type=\"widget\" data-e-type=\"widget\" data-widget_type=\"text-editor.default\">\n\t\t\t\t<div class=\"elementor-widget-container\">\n\t\t\t\t\t\t\t\t\t<p>Cliquez ci-dessous pour \u00e9couter :<\/p>\t\t\t\t\t\t\t\t<\/div>\n\t\t\t\t<\/div>\n\t\t\t\t<div class=\"elementor-element elementor-element-191a3b6 elementor-widget elementor-widget-html\" data-id=\"191a3b6\" data-element_type=\"widget\" data-e-type=\"widget\" data-widget_type=\"html.default\">\n\t\t\t\t<div class=\"elementor-widget-container\">\n\t\t\t\t\t<style>\n.player-container-1 {\n  width: 100%;\n  padding: 10px;\n  border-radius: 20px;\n  backdrop-filter: blur(15px);\n  background: rgba(255,255,255,0.15);\n  box-shadow: 0 3px 30px rgba(0,0,0,0.2);\n  display: flex;\n  flex-direction: inline;\n  align-items: flex-start;\n  color: #fff;\n  margin: 0 auto;\n  background-color: #053973;\n}\n\n#waveform-1 {\n  width: 100%;\n  height: 50px;\n  margin-bottom: 20px;\n}\n\n.controls-1 {\n  display: flex;\n  flex-direction: column;\n  align-items: center;\n  gap: 5px;\n}\n\n#playPause-1 {\n  width: 45px;\n  height: 45px;\n  border: none;\n  background: rgba(255,255,255,0.3);\n  backdrop-filter: blur(5px);\n  border-radius: 50%;\n  cursor: pointer;\n  display: flex;\n  justify-content: center;\n  align-items: center;\n  transition: background 0.2s;\n  padding: 0;\n}\n\n#playPause-1:hover {\n  background: rgba(255,255,255,0.5);\n}\n\n#playPause-1 svg {\n  width: 20px;\n  height: 20px;\n  fill: #fff;\n}\n\n#time-1 {\n  font-size: 16px;\n  text-align: center;\n  min-width: 80px;\n}\n\n.top-controls-1 {\n  width: 100%;\n  display: flex;\n  justify-content: space-between; \/* Play \u00e0 gauche \/ Time \u00e0 droite *\/\n  align-items: center;\n  margin-bottom: 5px;\n}\n\n.player-container-1 {\n  display: flex;\n  flex-direction: column;\n}\n\n#time-1 {\n  font-size: 16px;\n  text-align: right;\n}\n\n.player-container-1 {\n  width: 100%;\n  padding: 20px;\n  border-radius: 20px;\n  backdrop-filter: blur(15px);\n  background: rgba(255,255,255,0.15);\n  box-shadow: 0 3px 30px rgba(0,0,0,0.2);\n  display: flex;                   \/* LAYOUT EN LIGNE *\/\n  flex-direction: row;             \/* tout sur une seule ligne *\/\n  align-items: center;             \/* vertical alignment *\/\n  gap: 20px;                       \/* espace entre \u00e9l\u00e9ments *\/\n  color: #fff;\n  margin: 0 auto;\n  background-color: #053973;\n}\n\n#waveform-1 {\n  flex: 1;                         \/* prend toute la place disponible *\/\n  height: 50px;\n  align-items: center;\n}\n\n#time-1 {\n  min-width: 80px;\n  text-align: right;\n} \n<\/style>\n\n<script src=\"https:\/\/unpkg.com\/wavesurfer.js\"><\/script>\n\n<section>\n<div class=\"player-container-1\">\n\n  <button id=\"playPause-1\">\n    <!-- ton SVG Play -->\n    <svg version=\"1.1\" id=\"playSVG-1\" xmlns=\"http:\/\/www.w3.org\/2000\/svg\" x=\"0px\" y=\"0px\" viewBox=\"0 0 330 330\">\n      <path d=\"M37.728,328.12c2.266,1.256,4.77,1.88,7.272,1.88c2.763,0,5.522-0.763,7.95-2.28l240-149.999\n      c4.386-2.741,7.05-7.548,7.05-12.72c0-5.172-2.664-9.979-7.05-12.72L52.95,2.28c-4.625-2.891-10.453-3.043-15.222-0.4\n      C32.959,4.524,30,9.547,30,15v300C30,320.453,32.959,325.476,37.728,328.12z\"\/>\n    <\/svg>\n  <\/button>\n\n  <div id=\"waveform-1\"><\/div>\n\n  <span id=\"time-1\">00:00 \/ 00:00<\/span>\n\n<\/div>\n\n  <!-- waveform en dessous -->\n  <div id=\"waveform-1\"><\/div>\n\n\n<\/section>\n\n<section>\n<script>\n\nconst wavesurfer1 = WaveSurfer.create({\n    container: '#waveform-1',\n    waveColor: 'rgba(255,255,255,0.4)',\n    progressColor: '#fff',\n    cursorColor: '#fff',\n    barWidth: 3,\n    barRadius: 3,\n    height: 50,\n    responsive: true,\n    normalize: true\n});\n\n\/\/ Charge ton fichier audio depuis le site WordPress\nwavesurfer1.load('https:\/\/ihedn.fr\/wp-content\/uploads\/2026\/03\/audio-2026-03-16-bermann.mp3');\n\nconst playBtn1 = document.getElementById('playPause-1');\nconst timeDisplay1 = document.getElementById('time-1');\n\n\/\/ SVGs\nconst playSVG1 = `<svg version=\"1.1\" id=\"playSVG-1\" xmlns=\"http:\/\/www.w3.org\/2000\/svg\" x=\"0px\" y=\"0px\" viewBox=\"0 0 330 330\">\n<path d=\"M37.728,328.12c2.266,1.256,4.77,1.88,7.272,1.88c2.763,0,5.522-0.763,7.95-2.28l240-149.999\nc4.386-2.741,7.05-7.548,7.05-12.72c0-5.172-2.664-9.979-7.05-12.72L52.95,2.28c-4.625-2.891-10.453-3.043-15.222-0.4\nC32.959,4.524,30,9.547,30,15v300C30,320.453,32.959,325.476,37.728,328.12z\"\/>\n<\/svg>`;\n\nconst pauseSVG1 = `<svg xmlns=\"http:\/\/www.w3.org\/2000\/svg\" viewBox=\"0 0 330 330\" width=\"100%\" height=\"100%\" fill=\"#fff\">\n  <rect x=\"60\" y=\"30\" width=\"80\" height=\"270\"\/>\n  <rect x=\"190\" y=\"30\" width=\"80\" height=\"270\"\/>\n<\/svg>`;\n\n\/\/ Play\/Pause switch\nplayBtn1.addEventListener('click', () => {\n    wavesurfer1.playPause();\n    playBtn1.innerHTML = wavesurfer1.isPlaying() ? pauseSVG1 : playSVG1;\n});\n\n\/\/ Update time display\nfunction formatTime(sec) {\n    const m = Math.floor(sec \/ 60);\n    const s = Math.floor(sec % 60);\n    return m.toString().padStart(2,'0') + ':' + s.toString().padStart(2,'0');\n}\n\nwavesurfer1.on('audioprocess', () => {\n    const current = wavesurfer1.getCurrentTime();\n    const duration = wavesurfer1.getDuration();\n    timeDisplay1.textContent = formatTime(current) + ' \/ ' + formatTime(duration);\n});\n\nwavesurfer1.on('ready', () => {\n    const duration = wavesurfer1.getDuration();\n    timeDisplay1.textContent = '00:00 \/ ' + formatTime(duration);\n});\n<\/script>\n<\/section>\t\t\t\t<\/div>\n\t\t\t\t<\/div>\n\t\t\t\t\t<\/div>\n\t\t\t\t<\/div>\n\t\t<div data-particle_enable=\"false\" data-particle-mobile-disabled=\"false\" class=\"elementor-element elementor-element-b21a8ab e-con-full e-flex e-con e-parent\" data-id=\"b21a8ab\" data-element_type=\"container\" data-e-type=\"container\">\n\t\t\t\t<div class=\"elementor-element elementor-element-23593b8 elementor-widget elementor-widget-text-editor\" data-id=\"23593b8\" data-element_type=\"widget\" data-e-type=\"widget\" data-widget_type=\"text-editor.default\">\n\t\t\t\t<div class=\"elementor-widget-container\">\n\t\t\t\t\t\t\t\t\t<p>Sinophone, form\u00e9e \u00e0 la Sorbonne, \u00e0 l\u2019INALCO, \u00e0 Sciences Po Paris et \u00e0 l\u2019universit\u00e9 des langues et des cultures de P\u00e9kin, Sylvie Bermann est une diplomate habitu\u00e9e aux premi\u00e8res\u00a0: premi\u00e8re femme ambassadeur de France dans un pays membre permanent du Conseil de s\u00e9curit\u00e9 des Nations unies, la Chine de 2011 \u00e0 2014, elle l\u2019a encore \u00e9t\u00e9 au Royaume-Uni (2014-2017) puis en Russie (2017-2019). En 2019, elle a \u00e9t\u00e9 la premi\u00e8re femme \u00e9lev\u00e9e \u00e0 la dignit\u00e9 d\u2019ambassadeur de France.<\/p><p>Par d\u00e9cret du 24 janvier 2020, Sylvie Bermann a \u00e9t\u00e9 nomm\u00e9e pr\u00e9sidente du conseil d\u2019administration de l\u2019IHEDN, fonction qu\u2019elle a remplie durant deux mandats, jusqu\u2019au 23 janvier 2026. Le 24 janvier,\u00a0<a href=\"https:\/\/ihedn.fr\/wp-content\/uploads\/2026\/01\/20260114-Decret-nomination-P-Levy-Pdt-CA-IHEDN.pdf\">l\u2019ambassadeur de France Pierre L\u00e9vy lui a succ\u00e9d\u00e9<\/a> \u2013 comme il l\u2019avait fait en tant qu\u2019ambassadeur \u00e0 Moscou de 2019 \u00e0 2024.<\/p><p>Auteur de plusieurs livres, Sylvie Bermann a publi\u00e9 en 2025 \u00ab\u00a0L\u2019Ours et le Dragon\u00a0\u00bb, dans lequel elle retrace les relations entre la Russie et la Chine, aux \u00e9ditions Tallandier. Deux pays qu\u2019elle \u00e9voque beaucoup,\u00a0ainsi que leurs chefs d\u2019\u00c9tat Vladimir Poutine et Xi Jinping, dans cet entretien r\u00e9alis\u00e9 fin janvier 2026.<\/p>\t\t\t\t\t\t\t\t<\/div>\n\t\t\t\t<\/div>\n\t\t\t\t<\/div>\n\t\t<div data-particle_enable=\"false\" data-particle-mobile-disabled=\"false\" class=\"elementor-element elementor-element-34f6859 e-con-full e-flex e-con e-parent\" data-id=\"34f6859\" data-element_type=\"container\" data-e-type=\"container\">\n\t\t\t\t<div class=\"elementor-element elementor-element-47a0236 elementor-widget elementor-widget-heading\" data-id=\"47a0236\" data-element_type=\"widget\" data-e-type=\"widget\" data-widget_type=\"heading.default\">\n\t\t\t\t<div class=\"elementor-widget-container\">\n\t\t\t\t\t<h2 class=\"elementor-heading-title elementor-size-default\">DEPUIS 2020, LE MONDE A CONNU LE COVID-19 PUIS DIFF\u00c9RENTS CONFLITS \u00c0 L\u2019IMPACT PLAN\u00c9TAIRE, COMME EN UKRAINE OU AU PROCHE-ORIENT. CETTE D\u00c9CENNIE MARQUE-T-ELLE L\u2019ENTR\u00c9E DANS UNE NOUVELLE \u00c8RE ?<\/h2>\t\t\t\t<\/div>\n\t\t\t\t<\/div>\n\t\t\t\t<div class=\"elementor-element elementor-element-1b02bcd elementor-widget-divider--view-line elementor-widget elementor-widget-divider\" data-id=\"1b02bcd\" data-element_type=\"widget\" data-e-type=\"widget\" data-widget_type=\"divider.default\">\n\t\t\t\t<div class=\"elementor-widget-container\">\n\t\t\t\t\t\t\t<div class=\"elementor-divider\">\n\t\t\t<span class=\"elementor-divider-separator\">\n\t\t\t\t\t\t<\/span>\n\t\t<\/div>\n\t\t\t\t\t\t<\/div>\n\t\t\t\t<\/div>\n\t\t<div data-particle_enable=\"false\" data-particle-mobile-disabled=\"false\" class=\"elementor-element elementor-element-03142eb e-con-full e-flex e-con e-child\" data-id=\"03142eb\" data-element_type=\"container\" data-e-type=\"container\">\n\t\t\t\t<div class=\"elementor-element elementor-element-2b8bbe6 elementor-widget elementor-widget-text-editor\" data-id=\"2b8bbe6\" data-element_type=\"widget\" data-e-type=\"widget\" data-widget_type=\"text-editor.default\">\n\t\t\t\t<div class=\"elementor-widget-container\">\n\t\t\t\t\t\t\t\t\t<p>Oui, je pense qu&rsquo;on est v\u00e9ritablement dans une \u00e8re de rupture, qui a commenc\u00e9 justement au moment o\u00f9 j&rsquo;ai pris mes fonctions \u00e0 la t\u00eate du conseil d&rsquo;administration de l&rsquo;IHEDN, avec la crise sanitaire. Cela a effectivement \u00e9t\u00e9 un choc pour le monde entier, une crise mondiale dont nous n\u2019avons pas encore mesur\u00e9 les cons\u00e9quences, \u00e0 mon sens. Une fois que cela a \u00e9t\u00e9 termin\u00e9, on a voulu oublier, mais je pense que cela a \u00e9t\u00e9 un enfermement d&rsquo;un certain nombre de pays.<\/p><p>Il y a eu la gestion erratique du premier mandat de Donald Trump. L&rsquo;Europe a essay\u00e9, elle, au contraire, de d\u00e9finir une politique sanitaire qui n&rsquo;existait pas dans les trait\u00e9s. Elle l&rsquo;a fait assez rapidement, mais les cons\u00e9quences \u00e0 plus long terme, ce sont des relations de d\u00e9fiance entre les \u00c9tats.<\/p><p>Ensuite, il y a eu le repli sur soi de chacun des pays. Et je pense que les effets sur Vladimir Poutine sont largement \u00e0 l&rsquo;origine de l&rsquo;agression en Ukraine, parce qu\u2019il avait auparavant avou\u00e9 avoir peur des maladies contagieuses. Il s&rsquo;est enferm\u00e9 \u00e0 la fois g\u00e9ographiquement (il ne voyait plus personne), et psychiquement.<\/p><p>Les hommes d&rsquo;affaires ne pouvaient plus le voir, les lib\u00e9raux non plus, parce qu&rsquo;il avait trop peur du virus, et qu&rsquo;il exigeait qu&rsquo;un oligarque s&rsquo;isole pendant 15 jours avant de pouvoir le rencontrer, presque en criant au fond d&rsquo;une salle. Ce n&rsquo;est pas propice \u00e0 la discussion et \u00e0 la r\u00e9flexion. Il n&rsquo;a plus vu qu&rsquo;un cercle tr\u00e8s restreint de gens, et a \u00e9t\u00e9 plus r\u00e9ceptif \u00e0 ce que certains lui ont propos\u00e9 \u2013 en l\u2019occurrence, il s\u2019agirait des fr\u00e8res Iouri et Mikha\u00efl Kovaltchouk.<\/p>\t\t\t\t\t\t\t\t<\/div>\n\t\t\t\t<\/div>\n\t\t\t\t<\/div>\n\t\t\t\t<\/div>\n\t\t<div data-particle_enable=\"false\" data-particle-mobile-disabled=\"false\" class=\"elementor-element elementor-element-09ebcd3 e-con-full e-flex e-con e-parent\" data-id=\"09ebcd3\" data-element_type=\"container\" data-e-type=\"container\">\n\t\t\t\t<div class=\"elementor-element elementor-element-f359ef9 elementor-widget elementor-widget-heading\" data-id=\"f359ef9\" data-element_type=\"widget\" data-e-type=\"widget\" data-widget_type=\"heading.default\">\n\t\t\t\t<div class=\"elementor-widget-container\">\n\t\t\t\t\t<h2 class=\"elementor-heading-title elementor-size-default\">EN 2022, \u00ab POUTINE PENSAIT \u00c0 PR\u00c9PARER SON H\u00c9RITAGE \u00bb<\/h2>\t\t\t\t<\/div>\n\t\t\t\t<\/div>\n\t\t\t\t<div class=\"elementor-element elementor-element-887cac3 elementor-widget-divider--view-line elementor-widget elementor-widget-divider\" data-id=\"887cac3\" data-element_type=\"widget\" data-e-type=\"widget\" data-widget_type=\"divider.default\">\n\t\t\t\t<div class=\"elementor-widget-container\">\n\t\t\t\t\t\t\t<div class=\"elementor-divider\">\n\t\t\t<span class=\"elementor-divider-separator\">\n\t\t\t\t\t\t<\/span>\n\t\t<\/div>\n\t\t\t\t\t\t<\/div>\n\t\t\t\t<\/div>\n\t\t<div data-particle_enable=\"false\" data-particle-mobile-disabled=\"false\" class=\"elementor-element elementor-element-094d652 e-con-full e-flex e-con e-child\" data-id=\"094d652\" data-element_type=\"container\" data-e-type=\"container\">\n\t\t\t\t<div class=\"elementor-element elementor-element-837d8c0 elementor-widget elementor-widget-text-editor\" data-id=\"837d8c0\" data-element_type=\"widget\" data-e-type=\"widget\" data-widget_type=\"text-editor.default\">\n\t\t\t\t<div class=\"elementor-widget-container\">\n\t\t\t\t\t\t\t\t\t<p>Poutine avait 70 ans, il pensait \u00e0 pr\u00e9parer son h\u00e9ritage, et la \u00ab\u00a0r\u00e9cup\u00e9ration\u00a0\u00bb de l&rsquo;Ukraine semblait possible, sachant que Zelensky \u00e0 ce moment-l\u00e0 \u00e9tait tr\u00e8s impopulaire, et que les Am\u00e9ricains s&rsquo;\u00e9taient retir\u00e9s de mani\u00e8re pitoyable d&rsquo;Afghanistan. L&rsquo;id\u00e9e \u00e9tait que l\u2019Occident \u00e9tant affaibli, il n&rsquo;y aurait pas d&rsquo;intervention. Et puis il a commenc\u00e9 \u00e0 \u00e9crire des textes sur l&rsquo;Ukraine et la Russie formant un seul pays. \u00c0 ce moment-l\u00e0, Poutine n&rsquo;avait plus de contradictions, plus de dialogues, et en plus de cela, toutes ses activit\u00e9s nationales et internationales \u00e9taient arr\u00eat\u00e9es.<\/p><p>En Chine, on a vu l&rsquo;enfermement au moment du Covid. La m\u00e9fiance du monde entier \u00e0 l&rsquo;\u00e9gard de la Chine a commenc\u00e9 aussi \u00e0 ce moment-l\u00e0. Donc vraiment, je crois qu&rsquo;il faudra revenir \u00e0 cette crise au-del\u00e0 de ses effets imm\u00e9diats.<\/p><p>Le Covid a eu d\u2019autres cons\u00e9quences, en interne pour chaque pays, sur l&rsquo;isolement des gens de mani\u00e8re g\u00e9n\u00e9rale, qui n&rsquo;ont plus envie de revenir au bureau, qui pr\u00e9f\u00e8rent travailler de chez eux. La libert\u00e9 individuelle ch\u00e8re aux soci\u00e9t\u00e9s occidentales a d\u00e9riv\u00e9 vers l&rsquo;individualisme. Cet individualisme a d&rsquo;ailleurs \u00e9t\u00e9 d\u00e9nonc\u00e9 par les Asiatiques, pas seulement les Chinois\u00a0: le refus de porter des masques, de se vacciner, etc.<\/p><p>Voil\u00e0 pour la crise du Covid. Et l\u2019autre \u00e9l\u00e9ment constitutif de cette rupture, c\u2019est l\u2019invasion de l&rsquo;Ukraine par un membre permanent du Conseil de s\u00e9curit\u00e9 des Nations unies\u00a0: une guerre de haute intensit\u00e9 en Europe qui a constitu\u00e9 un choc majeur. Ce choc a aussi r\u00e9v\u00e9l\u00e9 une division entre ce qu&rsquo;on a appel\u00e9 plus tard le Sud global, et l&rsquo;Occident&#8230;<\/p><p>La p\u00e9riode actuelle fait penser \u00e0 la c\u00e9l\u00e8bre phrase d&rsquo;Antonio Gramsci\u00a0: \u00ab Le vieux monde se meurt, le nouveau monde tarde \u00e0 appara\u00eetre et dans ce clair-obscur surgissent les monstres. \u00bb<\/p>\t\t\t\t\t\t\t\t<\/div>\n\t\t\t\t<\/div>\n\t\t\t\t<\/div>\n\t\t\t\t<\/div>\n\t\t<div data-particle_enable=\"false\" data-particle-mobile-disabled=\"false\" class=\"elementor-element elementor-element-0a3b581 e-con-full e-flex e-con e-parent\" data-id=\"0a3b581\" data-element_type=\"container\" data-e-type=\"container\">\n\t\t\t\t<div class=\"elementor-element elementor-element-229cd9b elementor-widget elementor-widget-heading\" data-id=\"229cd9b\" data-element_type=\"widget\" data-e-type=\"widget\" data-widget_type=\"heading.default\">\n\t\t\t\t<div class=\"elementor-widget-container\">\n\t\t\t\t\t<h2 class=\"elementor-heading-title elementor-size-default\">LA POLITIQUE \u00c9TRANG\u00c8RE DES \u00c9TATS-UNIS DEPUIS LE RETOUR AU POUVOIR DE DONALD TRUMP ET SURTOUT CE QUE L'ON VOIT DEPUIS D\u00c9BUT 2026, SIGNE-T-ELLE LA FIN DE L\u2019OCCIDENT EN TANT QUE \u00ab BLOC \u00bb G\u00c9OPOLITIQUE ?<\/h2>\t\t\t\t<\/div>\n\t\t\t\t<\/div>\n\t\t\t\t<div class=\"elementor-element elementor-element-0de59c4 elementor-widget-divider--view-line elementor-widget elementor-widget-divider\" data-id=\"0de59c4\" data-element_type=\"widget\" data-e-type=\"widget\" data-widget_type=\"divider.default\">\n\t\t\t\t<div class=\"elementor-widget-container\">\n\t\t\t\t\t\t\t<div class=\"elementor-divider\">\n\t\t\t<span class=\"elementor-divider-separator\">\n\t\t\t\t\t\t<\/span>\n\t\t<\/div>\n\t\t\t\t\t\t<\/div>\n\t\t\t\t<\/div>\n\t\t<div data-particle_enable=\"false\" data-particle-mobile-disabled=\"false\" class=\"elementor-element elementor-element-e0bfa39 e-con-full e-flex e-con e-child\" data-id=\"e0bfa39\" data-element_type=\"container\" data-e-type=\"container\">\n\t\t\t\t<div class=\"elementor-element elementor-element-467e955 elementor-widget elementor-widget-text-editor\" data-id=\"467e955\" data-element_type=\"widget\" data-e-type=\"widget\" data-widget_type=\"text-editor.default\">\n\t\t\t\t<div class=\"elementor-widget-container\">\n\t\t\t\t\t\t\t\t\t<p>Je pense que oui, parce qu&rsquo;on consid\u00e9rait que les \u00c9tats-Unis \u00e9taient un peu \u00e0 la t\u00eate du monde occidental, qu&rsquo;on appelle toujours (ce qui me para\u00eet totalement anachronique) \u00ab le monde libre \u00bb, terme qui fait r\u00e9f\u00e9rence \u00e0 une \u00e9poque r\u00e9volue. En tout cas, il y a eu une rupture tr\u00e8s clairement entre l&rsquo;Europe et les \u00c9tats-Unis avec le retour de Trump.<\/p><p>L&rsquo;Europe ne s&rsquo;y attendait pas, parce qu&rsquo;elle pensait que le premier mandat \u00e9tait simplement une parenth\u00e8se. Alors que d\u00e9j\u00e0, on a pu voir sous Joe Biden que les \u00c9tats-Unis ne nous voulaient pas du bien, ne serait-ce qu&rsquo;avec l&rsquo;affaire AUKUS, ce contrat de sous-marins entre l\u2019Australie et la France qui a \u00e9t\u00e9 arr\u00eat\u00e9 brutalement au profit des \u00c9tats-Unis.<\/p><p>Mais \u00e0 l&rsquo;\u00e9poque du premier mandat de Donald Trump, il y avait encore une administration \u00e0 la fois militaire, civile, qui fonctionnait de mani\u00e8re traditionnelle. Ce que Donald Trump n&rsquo;a pas du tout appr\u00e9ci\u00e9, parce qu&rsquo;il consid\u00e9rait qu\u2019ils \u00e9taient des emp\u00eacheurs de tourner en rond. Il a donc pr\u00e9par\u00e9 son deuxi\u00e8me mandat venant avec une \u00e9quipe fid\u00e8le, compos\u00e9e \u00e0 la fois de \u00ab\u00a0MAGA\u00a0\u00bb <em>[NDLR : <\/em><em>\u00ab Make America Great Again<\/em> <em>\u00bb]<\/em> et de n\u00e9oconservateurs ralli\u00e9s, mais qui en tout cas sont loyaux \u00e0 sa politique.<\/p><p>Tout ce qu&rsquo;il fait aujourd&rsquo;hui, en r\u00e9alit\u00e9, il l&rsquo;avait annonc\u00e9 durant son premier mandat, notamment le rapprochement avec la Russie. Il n&rsquo;y avait pas la guerre, certes, \u00e0 ce moment-l\u00e0, mais sa fascination pour Poutine existait d\u00e9j\u00e0. Et s&rsquo;il n&rsquo;a pas pu mener \u00e0 bien le rapprochement avec la Russie, c&rsquo;est parce que pr\u00e9cis\u00e9ment sa premi\u00e8re administration l&rsquo;en avait emp\u00each\u00e9.<\/p><p>On se souvient de la rencontre d&rsquo;Helsinki en 2018, qui devait \u00eatre un pr\u00e9lude \u00e0 une visite de Trump \u00e0 Moscou et \u00e0 une visite de Poutine \u00e0 Washington. Trump avait beaucoup choqu\u00e9 en donnant raison \u00e0 Poutine contre ses propres services de s\u00e9curit\u00e9. Et donc, son administration l&rsquo;a emp\u00each\u00e9 de mener \u00e0 bien ce qu&rsquo;il voulait faire. Mais depuis son retour au pouvoir, il relance cela.<\/p><p>Le reste, on a pu le voir, effectivement, en ce d\u00e9but d&rsquo;ann\u00e9e 2026 extr\u00eamement riche en \u00e9v\u00e9nements. D\u2019abord <a href=\"https:\/\/ihedn.fr\/lundis-de-lihedn\/au-venezuela-le-scenario-est-extremement-incertain\/\">l&rsquo;enl\u00e8vement de Maduro<\/a>, un dictateur, certes, mais enlev\u00e9 de mani\u00e8re ill\u00e9gale, m\u00eame avec une l\u00e9galit\u00e9 de fa\u00e7ade pr\u00e9textant qu\u2019il \u00e9tait un narcoterroriste recherch\u00e9. Cette op\u00e9ration sp\u00e9ciale, parfaitement r\u00e9ussie sur le plan militaire, peut poser quand m\u00eame des probl\u00e8mes.<\/p>\t\t\t\t\t\t\t\t<\/div>\n\t\t\t\t<\/div>\n\t\t\t\t<\/div>\n\t\t\t\t<\/div>\n\t\t<div data-particle_enable=\"false\" data-particle-mobile-disabled=\"false\" class=\"elementor-element elementor-element-a0bdf87 e-con-full e-flex e-con e-parent\" data-id=\"a0bdf87\" data-element_type=\"container\" data-e-type=\"container\">\n\t\t\t\t<div class=\"elementor-element elementor-element-2dda8c2 elementor-widget elementor-widget-heading\" data-id=\"2dda8c2\" data-element_type=\"widget\" data-e-type=\"widget\" data-widget_type=\"heading.default\">\n\t\t\t\t<div class=\"elementor-widget-container\">\n\t\t\t\t\t<h2 class=\"elementor-heading-title elementor-size-default\">LA POLITIQUE \u00c9TRANG\u00c8RE DE TRUMP \u00ab S\u2019INSCRIT DANS UNE LOGIQUE D\u2019H\u00c9RITAGE \u00bb<\/h2>\t\t\t\t<\/div>\n\t\t\t\t<\/div>\n\t\t\t\t<div class=\"elementor-element elementor-element-d3ce34b elementor-widget-divider--view-line elementor-widget elementor-widget-divider\" data-id=\"d3ce34b\" data-element_type=\"widget\" data-e-type=\"widget\" data-widget_type=\"divider.default\">\n\t\t\t\t<div class=\"elementor-widget-container\">\n\t\t\t\t\t\t\t<div class=\"elementor-divider\">\n\t\t\t<span class=\"elementor-divider-separator\">\n\t\t\t\t\t\t<\/span>\n\t\t<\/div>\n\t\t\t\t\t\t<\/div>\n\t\t\t\t<\/div>\n\t\t<div data-particle_enable=\"false\" data-particle-mobile-disabled=\"false\" class=\"elementor-element elementor-element-52b8dd5 e-con-full e-flex e-con e-child\" data-id=\"52b8dd5\" data-element_type=\"container\" data-e-type=\"container\">\n\t\t\t\t<div class=\"elementor-element elementor-element-db5c7cb elementor-widget elementor-widget-text-editor\" data-id=\"db5c7cb\" data-element_type=\"widget\" data-e-type=\"widget\" data-widget_type=\"text-editor.default\">\n\t\t\t\t<div class=\"elementor-widget-container\">\n\t\t\t\t\t\t\t\t\t<p>Puis <a href=\"https:\/\/ihedn.fr\/lundis-de-lihedn\/groenland-l-arctique-semble-desormais-divise-en-trois-blocs\/\">l&rsquo;affaire du Groenland<\/a>, o\u00f9 pendant quelques jours, le monde entier a vibr\u00e9 et s&rsquo;est inqui\u00e9t\u00e9 de la volont\u00e9 de Donald Trump de mettre la main, soit de mani\u00e8re diplomatique, soit par la force, sur cette \u00eele. On parle quand m\u00eame de l&rsquo;annexion, sous une forme ou une autre, d&rsquo;un pays, qui plus est membre de l&rsquo;OTAN \u2013 pas exactement, puisque c&rsquo;est un territoire associ\u00e9 au Danemark, mais li\u00e9 \u00e0 l\u2019OTAN.<\/p><p>Ensuite, il y a des risques d&rsquo;intervention en Colombie, au Mexique, \u00e0 Cuba (qui serait une revanche sur le d\u00e9barquement rat\u00e9 dans la Baie des Cochons en 1961), et l&rsquo;Iran. Ses installations militaires ont d\u00e9j\u00e0 \u00e9t\u00e9 frapp\u00e9es l&rsquo;\u00e9t\u00e9 dernier, ce qui \u00e9tait plut\u00f4t une bonne chose, parce que cela a affaibli le pays \u2013 avec le concours d&rsquo;Isra\u00ebl qui a adopt\u00e9 la strat\u00e9gie de la pieuvre en coupant tous ses tentacules\u00a0: le Hezbollah, le Hamas, les Houthis, quelques milices \u00e9galement dans la r\u00e9gion.<\/p><p>On a pens\u00e9 au d\u00e9but que Trump avait une politique isolationniste, mais en r\u00e9alit\u00e9, c&rsquo;est aussi une politique imp\u00e9rialiste. C&rsquo;est America First, c&rsquo;est \u00ab\u00a0<em>Make America Great Again<\/em> \u00bb. Tout\u00a0cela s\u2019inscrit dans une logique d&rsquo;h\u00e9ritage. Il veut laisser sa <em>legacy<\/em> en agrandissant le territoire, comme l&rsquo;ont fait des pr\u00e9sidents am\u00e9ricains avant lui, en proclamant <a href=\"https:\/\/ihedn.fr\/lundis-de-lihedn\/ronald-hatto-brutalite-et-condescendance-risquent-de-se-retourner-contre-le-president-trump\/\">sa doctrine surnomm\u00e9e \u00ab\u00a0Donroe\u00a0\u00bb<\/a>\u00a0: le retour au contr\u00f4le \u00e9tatsunien, depuis l&rsquo;Alaska jusqu\u2019en Terre de Feu, sur tout ce qu&rsquo;il appelle l&rsquo;h\u00e9misph\u00e8re occidental.<\/p><p>\u00ab\u00a0Donroe\u00a0\u00bb, c&rsquo;est un peu \u00e9trange comme formulation, mais cela r\u00e9v\u00e8le bien ses intentions. Ce qui a des implications sur les relations avec la Chine et avec le Sud global aussi, parce que cela met un coup d&rsquo;arr\u00eat \u00e0 cette pr\u00e9sence chinoise tr\u00e8s dominante. Cela signifie qu&rsquo;il remet la main sur la r\u00e9gion dont il consid\u00e8re qu&rsquo;elle lui appartient. D&rsquo;ailleurs, il a rebaptis\u00e9 le Golfe du Mexique en Golfe d&rsquo;Am\u00e9rique. Il y a de nombreux symboles \u00e0 cet \u00e9gard.<\/p><p>Enfin, autre chose me semble plus grave\u00a0: son hostilit\u00e9 vis-\u00e0-vis des Europ\u00e9ens. Il l&rsquo;avait aussi annonc\u00e9e pendant son premier mandat, et je m&rsquo;\u00e9tonnais que personne n&rsquo;y ait fait attention, donc je le rappelais tr\u00e8s souvent. Il avait dit que les Europ\u00e9ens sont des ennemis pires que la Chine, et que quand il en aurait fini avec la Chine, il s&rsquo;attaquerait \u00e0 eux.<\/p>\t\t\t\t\t\t\t\t<\/div>\n\t\t\t\t<\/div>\n\t\t\t\t<\/div>\n\t\t\t\t<\/div>\n\t\t<div data-particle_enable=\"false\" data-particle-mobile-disabled=\"false\" class=\"elementor-element elementor-element-73e5b65 e-con-full e-flex e-con e-parent\" data-id=\"73e5b65\" data-element_type=\"container\" data-e-type=\"container\">\n\t\t\t\t<div class=\"elementor-element elementor-element-e5b5cba elementor-widget elementor-widget-heading\" data-id=\"e5b5cba\" data-element_type=\"widget\" data-e-type=\"widget\" data-widget_type=\"heading.default\">\n\t\t\t\t<div class=\"elementor-widget-container\">\n\t\t\t\t\t<h2 class=\"elementor-heading-title elementor-size-default\">JUSTEMENT, L\u2019AUTONOMIE STRAT\u00c9GIQUE EUROP\u00c9ENNE VOUS SEMBLE-T-ELLE ATTEIGNABLE ? QUEL R\u00d4LE LA FRANCE PEUT-ELLE JOUER DANS CETTE PERSPECTIVE ?<\/h2>\t\t\t\t<\/div>\n\t\t\t\t<\/div>\n\t\t\t\t<div class=\"elementor-element elementor-element-d561988 elementor-widget-divider--view-line elementor-widget elementor-widget-divider\" data-id=\"d561988\" data-element_type=\"widget\" data-e-type=\"widget\" data-widget_type=\"divider.default\">\n\t\t\t\t<div class=\"elementor-widget-container\">\n\t\t\t\t\t\t\t<div class=\"elementor-divider\">\n\t\t\t<span class=\"elementor-divider-separator\">\n\t\t\t\t\t\t<\/span>\n\t\t<\/div>\n\t\t\t\t\t\t<\/div>\n\t\t\t\t<\/div>\n\t\t<div data-particle_enable=\"false\" data-particle-mobile-disabled=\"false\" class=\"elementor-element elementor-element-ca38f5f e-con-full e-flex e-con e-child\" data-id=\"ca38f5f\" data-element_type=\"container\" data-e-type=\"container\">\n\t\t\t\t<div class=\"elementor-element elementor-element-f72797d elementor-widget elementor-widget-text-editor\" data-id=\"f72797d\" data-element_type=\"widget\" data-e-type=\"widget\" data-widget_type=\"text-editor.default\">\n\t\t\t\t<div class=\"elementor-widget-container\">\n\t\t\t\t\t\t\t\t\t<p>L&rsquo;autonomie strat\u00e9gique, la France en parle depuis tr\u00e8s longtemps, en particulier depuis 1998 et l&rsquo;accord franco-britannique de Saint-Malo sur la mise en place d&rsquo;une d\u00e9fense europ\u00e9enne autonome. Ce principe a \u00e9t\u00e9 acquis au sommet d&rsquo;Helsinki en 1999. Puis un certain nombre de proc\u00e9dures a \u00e9t\u00e9 mis en place.<\/p><p>Mais les Britanniques ont toujours veill\u00e9 avec, sinon l&rsquo;aide des Am\u00e9ricains, du moins sur objurgation am\u00e9ricaine, d&rsquo;\u00e9viter une duplication des moyens. Ce qui fait que l&rsquo;UE n&rsquo;a pas pu d\u00e9velopper compl\u00e8tement ses instruments. Elle a tout de m\u00eame pu faire une vingtaine d&rsquo;op\u00e9rations autonomes dans les Balkans, en Afrique, plut\u00f4t avec succ\u00e8s, d&rsquo;ailleurs. Mais il s\u2019agit d\u2019op\u00e9rations de type corps exp\u00e9ditionnaire, et non de d\u00e9fense collective.<\/p><p>La d\u00e9fense collective restait dans le cadre de l&rsquo;OTAN alors que la France, depuis le d\u00e9but de la construction europ\u00e9enne, plaidait pour une \u00ab\u00a0Europe puissance\u00a0\u00bb. Cette formule, nos partenaires l\u2019ont rejet\u00e9e, parce qu&rsquo;ils comptaient sur le parapluie am\u00e9ricain. Ils pr\u00e9f\u00e9raient sans doute une tutelle lointaine \u00e0 une tutelle proche comme celle de la France, et l\u2019autonomie strat\u00e9gique n&rsquo;a pas beaucoup progress\u00e9.<\/p><p><a href=\"https:\/\/www.elysee.fr\/emmanuel-macron\/2017\/09\/26\/initiative-pour-l-europe-discours-d-emmanuel-macron-pour-une-europe-souveraine-unie-democratique\">Le discours du Pr\u00e9sident de la R\u00e9publique \u00e0 la Sorbonne<\/a>, en 2017, donnait des objectifs, y compris en mati\u00e8re de d\u00e9fense, avec la cr\u00e9ation d&rsquo;un certain nombre d&rsquo;instruments, y compris financiers, et le rapprochement avec le Royaume-Uni \u2013 ce qui est un peu paradoxal, puisque c&rsquo;est eux qui ont emp\u00each\u00e9 de progresser dans la d\u00e9fense europ\u00e9enne, et qui aujourd&rsquo;hui finalement sont les plus proches de nous.<\/p><p>Mais tout cela reste, je ne dirais pas un v\u0153u pieux, mais une question de volont\u00e9 politique. Parce qu&rsquo;on a toujours dit \u00e0 nos partenaires que ce n&rsquo;\u00e9tait pas contre les \u00c9tats-Unis ni contre l&rsquo;OTAN. Mais qu&rsquo;au cas o\u00f9 les \u00c9tats-Unis ne seraient pas pr\u00eats \u00e0 nous suivre, ne partageraient pas nos int\u00e9r\u00eats, c&rsquo;\u00e9tait la capacit\u00e9 d&rsquo;\u0153uvrer ensemble et de pouvoir se d\u00e9fendre ensemble.<\/p><p>La France n&rsquo;a pas r\u00e9ussi \u00e0 convaincre. Aujourd&rsquo;hui, de plus en plus, face au comportement hostile des \u00c9tats-Unis, il y a effectivement une vraie r\u00e9flexion, il y a des d\u00e9clarations ici et l\u00e0, y compris du chancelier Merz et de plusieurs autres \u00c9tats. Apr\u00e8s, confront\u00e9s \u00e0 la r\u00e9alit\u00e9, cela devient difficile et on retrouve les divisions.<\/p>\t\t\t\t\t\t\t\t<\/div>\n\t\t\t\t<\/div>\n\t\t\t\t<\/div>\n\t\t\t\t<\/div>\n\t\t<div data-particle_enable=\"false\" data-particle-mobile-disabled=\"false\" class=\"elementor-element elementor-element-8b3b49e e-con-full e-flex e-con e-parent\" data-id=\"8b3b49e\" data-element_type=\"container\" data-e-type=\"container\">\n\t\t\t\t<div class=\"elementor-element elementor-element-72ce8f7 elementor-widget elementor-widget-heading\" data-id=\"72ce8f7\" data-element_type=\"widget\" data-e-type=\"widget\" data-widget_type=\"heading.default\">\n\t\t\t\t<div class=\"elementor-widget-container\">\n\t\t\t\t\t<h2 class=\"elementor-heading-title elementor-size-default\">\u00ab S'IL Y A UN DOMAINE O\u00d9 LES EUROP\u00c9ENS DEVRAIENT FAIRE POIDS \u00c9GAL AVEC LES \u00c9TATS-UNIS, C'EST L\u2019\u00c9CONOMIE \u00bb<\/h2>\t\t\t\t<\/div>\n\t\t\t\t<\/div>\n\t\t\t\t<div class=\"elementor-element elementor-element-da723c4 elementor-widget-divider--view-line elementor-widget elementor-widget-divider\" data-id=\"da723c4\" data-element_type=\"widget\" data-e-type=\"widget\" data-widget_type=\"divider.default\">\n\t\t\t\t<div class=\"elementor-widget-container\">\n\t\t\t\t\t\t\t<div class=\"elementor-divider\">\n\t\t\t<span class=\"elementor-divider-separator\">\n\t\t\t\t\t\t<\/span>\n\t\t<\/div>\n\t\t\t\t\t\t<\/div>\n\t\t\t\t<\/div>\n\t\t<div data-particle_enable=\"false\" data-particle-mobile-disabled=\"false\" class=\"elementor-element elementor-element-6003d99 e-con-full e-flex e-con e-child\" data-id=\"6003d99\" data-element_type=\"container\" data-e-type=\"container\">\n\t\t\t\t<div class=\"elementor-element elementor-element-f48ac69 elementor-widget elementor-widget-text-editor\" data-id=\"f48ac69\" data-element_type=\"widget\" data-e-type=\"widget\" data-widget_type=\"text-editor.default\">\n\t\t\t\t<div class=\"elementor-widget-container\">\n\t\t\t\t\t\t\t\t\t<p>On se f\u00e9licite d&rsquo;\u00eatre intervenus au Groenland en envoyant quelques soldats en avant-garde pour montrer notre r\u00e9solution. On fait valoir que c&rsquo;est gr\u00e2ce \u00e0 l&rsquo;unit\u00e9 des Europ\u00e9ens, mais seuls huit pays y sont all\u00e9s, et l&rsquo;Italie a dit d&#8217;embl\u00e9e qu&rsquo;elle n&rsquo;y serait pas. Les pays d&rsquo;Europe de l&rsquo;Est, qui ne sont int\u00e9ress\u00e9s que par la menace russe, n&rsquo;y sont pas all\u00e9s non plus.<\/p><p>Ensuite, en mati\u00e8re d&rsquo;armement, c&rsquo;est tr\u00e8s difficile. Cela implique d\u2019avoir une v\u00e9ritable base industrielle et technologique de d\u00e9fense, et aussi d&rsquo;acheter europ\u00e9en. Or nombre de pays, y compris les Danois menac\u00e9s par les \u00c9tats-Unis, continuent \u00e0 acheter des F-35, avions sur lesquels les Am\u00e9ricains conservent une mainmise m\u00eame une fois qu&rsquo;ils sont vendus. Tout cela est donc probl\u00e9matique, cela risque de prendre \u00e9norm\u00e9ment de temps.<\/p><p>Je crains que beaucoup d&rsquo;Europ\u00e9ens restent dans la m\u00eame illusion, en se disant\u00a0: \u00ab\u00a0Trump, c&rsquo;est une parenth\u00e8se, on va revenir \u00e0 la normale. Il va y avoir les \u00e9lections de mi-mandat, \u00e7a va \u00eatre la fin de son pouvoir absolu. \u00bb Ensuite, ils se diront \u00ab Il y a les \u00e9lections de 2028\u00a0\u00bb. Mais J.D. Vance peut aussi les gagner et ce n&rsquo;est pas un ami des Europ\u00e9ens, surtout de l&rsquo;Union europ\u00e9enne\u00a0! C&rsquo;est l&rsquo;Union europ\u00e9enne qui cristallise les hostilit\u00e9s. Donc pour cette raison-l\u00e0, l&rsquo;autonomie europ\u00e9enne prendra du temps.<\/p><p>Pour l\u2019instant, l\u2019Europe n&rsquo;a ni les capacit\u00e9s logistiques, ni les moyens en termes de renseignement \u2013 je sais que le Pr\u00e9sident de la R\u00e9publique a d\u00e9clar\u00e9 que 40% de ce qui \u00e9tait fourni aux Ukrainiens en termes de renseignements est fran\u00e7ais, mais je ne suis pas s\u00fbre que ce soit la m\u00eame qualit\u00e9. En termes de munitions, on n&rsquo;y est pas non plus. Donc il y a un vrai probl\u00e8me en mati\u00e8re d&rsquo;armement. Sans compter tout ce qui est intelligence artificielle, haute technologie que l&rsquo;Union europ\u00e9enne n&rsquo;a pas. Voil\u00e0 pour l&rsquo;autonomie militaire.<\/p><p>Et pour permettre l&rsquo;autonomie militaire, il faut aussi l\u2019autonomie dans le domaine scientifique et \u00e9conomique. Et alors qu&rsquo;on est le plus grand bloc commercial du monde, il faut avoir la volont\u00e9 d&rsquo;utiliser les outils dont on s&rsquo;est dot\u00e9s, comme l&rsquo;instrument de coercition. Alors que quand Donald Trump a convoqu\u00e9 les Europ\u00e9ens en la personne d\u2019Ursula von der Leyen dans son golf en \u00c9cosse, nous nous sommes inclin\u00e9s sans n\u00e9gocier.<\/p><p>Or, ce qui a fait plier Donald Trump avec la Chine, c&rsquo;est que la Chine a dit non. Certes, sur le plan \u00e9conomique, la Chine a du poids. Mais s&rsquo;il y a un domaine o\u00f9 les Europ\u00e9ens devraient faire quand m\u00eame poids \u00e9gal avec les \u00c9tats-Unis, c&rsquo;est le domaine \u00e9conomique. Et on ne l&rsquo;a pas fait.<\/p><p>Donc voil\u00e0, on en est loin. Je crois qu&rsquo;il y a une prise de conscience \u00e9vidente, que c&rsquo;est une priorit\u00e9 absolue des Europ\u00e9ens. Mais ce ne sera pas demain.<\/p><p>La France, on l\u2019a vu, a souvent un effet d&rsquo;entra\u00eenement. Nous sommes une puissance dot\u00e9e, membre permanent du Conseil de s\u00e9curit\u00e9, ce qui nous donne un poids sup\u00e9rieur \u00e0 celui des autres. Malheureusement, on est en difficult\u00e9 \u00e9conomiquement, et \u00e7a joue.<\/p>\t\t\t\t\t\t\t\t<\/div>\n\t\t\t\t<\/div>\n\t\t\t\t<\/div>\n\t\t\t\t<\/div>\n\t\t<div data-particle_enable=\"false\" data-particle-mobile-disabled=\"false\" class=\"elementor-element elementor-element-ec205da e-con-full e-flex e-con e-parent\" data-id=\"ec205da\" data-element_type=\"container\" data-e-type=\"container\">\n\t\t\t\t<div class=\"elementor-element elementor-element-d65669c elementor-widget elementor-widget-heading\" data-id=\"d65669c\" data-element_type=\"widget\" data-e-type=\"widget\" data-widget_type=\"heading.default\">\n\t\t\t\t<div class=\"elementor-widget-container\">\n\t\t\t\t\t<h2 class=\"elementor-heading-title elementor-size-default\">QUE RECOUPE EXACTEMENT LE TERME DE \u00ab SUD GLOBAL \u00bb ? CETTE NOTION VOUS SEMBLE-T-ELLE PERTINENTE ?<\/h2>\t\t\t\t<\/div>\n\t\t\t\t<\/div>\n\t\t\t\t<div class=\"elementor-element elementor-element-996fa34 elementor-widget-divider--view-line elementor-widget elementor-widget-divider\" data-id=\"996fa34\" data-element_type=\"widget\" data-e-type=\"widget\" data-widget_type=\"divider.default\">\n\t\t\t\t<div class=\"elementor-widget-container\">\n\t\t\t\t\t\t\t<div class=\"elementor-divider\">\n\t\t\t<span class=\"elementor-divider-separator\">\n\t\t\t\t\t\t<\/span>\n\t\t<\/div>\n\t\t\t\t\t\t<\/div>\n\t\t\t\t<\/div>\n\t\t<div data-particle_enable=\"false\" data-particle-mobile-disabled=\"false\" class=\"elementor-element elementor-element-a59769d e-con-full e-flex e-con e-child\" data-id=\"a59769d\" data-element_type=\"container\" data-e-type=\"container\">\n\t\t\t\t<div class=\"elementor-element elementor-element-6f2f46a elementor-widget elementor-widget-text-editor\" data-id=\"6f2f46a\" data-element_type=\"widget\" data-e-type=\"widget\" data-widget_type=\"text-editor.default\">\n\t\t\t\t<div class=\"elementor-widget-container\">\n\t\t\t\t\t\t\t\t\t<p>Si vous en parlez \u00e0 nos politiques, ils vous diront que le Sud global, \u00e7a n&rsquo;existe pas. Il n&#8217;emp\u00eache que ces pays utilisent ce terme, et qu&rsquo;un ressentiment a \u00e9t\u00e9 r\u00e9veill\u00e9 au moment de la guerre en Ukraine\u00a0: \u00ab\u00a0Vous nous dites que quand vous avez une guerre en Europe, c&rsquo;est une guerre mondiale et qu&rsquo;elle doit nous int\u00e9resser, alors que ce qu\u2019il se passe chez nous ne vous int\u00e9resse pas.\u00a0\u00bb Ce ressentiment est partag\u00e9 par beaucoup de pays. C&rsquo;est un peu \u00ab\u00a0le reste contre l&rsquo;Ouest\u00a0\u00bb, le reste du monde.<\/p><p>Les contours de ce \u00ab\u00a0Sud global\u00a0\u00bb sont difficiles \u00e0 d\u00e9finir aujourd&rsquo;hui. On y trouve \u00e0 la fois des puissances \u00e9mergentes comme l&rsquo;Inde, le Br\u00e9sil, l&rsquo;Argentine, l&rsquo;Arabie saoudite, l&rsquo;Afrique du Sud, et d\u2019autres pays plus petits, mais c&rsquo;est quand m\u00eame tr\u00e8s largement la Chine qui domine cet ensemble.<\/p><p>Initialement, deux institutions existent dans le sud. Les BRICS, et l\u2019Organisation de coop\u00e9ration de Shanghai. Ces deux institutions ont \u00e9volu\u00e9 et ont pris de l\u2019importance \u00e0 mesure que le G7 perdait de sa pertinence et de sa visibilit\u00e9. Mais elles ne sont pas du tout structur\u00e9es.<\/p><p>Le Sud global n\u2019est pas compos\u00e9 de pays homog\u00e8nes, mais il n&#8217;emp\u00eache qu&rsquo;aujourd&rsquo;hui, il repr\u00e9sente \u00e0 peu pr\u00e8s la moiti\u00e9 du monde, et environ 40% du PIB mondial. Ce n\u2019est donc pas n\u00e9gligeable, il faut compter avec. Les BRICS se sont \u00e9largis, avec six nouveaux pays, alors qu\u2019il y avait une quarantaine de candidats. L&rsquo;Organisation de coop\u00e9ration de Shanghai a fait son \u00ab\u00a0coming out\u00a0\u00bb \u00e0 Tianjin en septembre 2025 lorsqu&rsquo;on a vu le pr\u00e9sident chinois, entour\u00e9 de Poutine et de Narendra Modi, qui jusque-l\u00e0 avait des difficult\u00e9s avec la Chine.<\/p>\t\t\t\t\t\t\t\t<\/div>\n\t\t\t\t<\/div>\n\t\t\t\t<\/div>\n\t\t\t\t<\/div>\n\t\t<div data-particle_enable=\"false\" data-particle-mobile-disabled=\"false\" class=\"elementor-element elementor-element-94fc84e e-con-full e-flex e-con e-parent\" data-id=\"94fc84e\" data-element_type=\"container\" data-e-type=\"container\">\n\t\t\t\t<div class=\"elementor-element elementor-element-69eb944 elementor-widget elementor-widget-heading\" data-id=\"69eb944\" data-element_type=\"widget\" data-e-type=\"widget\" data-widget_type=\"heading.default\">\n\t\t\t\t<div class=\"elementor-widget-container\">\n\t\t\t\t\t<h2 class=\"elementor-heading-title elementor-size-default\">AVEC LE SUD, \u00ab IL FAUT QU'ON SOIT UN PEU MOINS ARROGANTS ET MOINS DONNEURS DE LE\u00c7ONS \u00bb<\/h2>\t\t\t\t<\/div>\n\t\t\t\t<\/div>\n\t\t\t\t<div class=\"elementor-element elementor-element-e564323 elementor-widget-divider--view-line elementor-widget elementor-widget-divider\" data-id=\"e564323\" data-element_type=\"widget\" data-e-type=\"widget\" data-widget_type=\"divider.default\">\n\t\t\t\t<div class=\"elementor-widget-container\">\n\t\t\t\t\t\t\t<div class=\"elementor-divider\">\n\t\t\t<span class=\"elementor-divider-separator\">\n\t\t\t\t\t\t<\/span>\n\t\t<\/div>\n\t\t\t\t\t\t<\/div>\n\t\t\t\t<\/div>\n\t\t<div data-particle_enable=\"false\" data-particle-mobile-disabled=\"false\" class=\"elementor-element elementor-element-e2b5c2d e-con-full e-flex e-con e-child\" data-id=\"e2b5c2d\" data-element_type=\"container\" data-e-type=\"container\">\n\t\t\t\t<div class=\"elementor-element elementor-element-42e8fa8 elementor-widget elementor-widget-text-editor\" data-id=\"42e8fa8\" data-element_type=\"widget\" data-e-type=\"widget\" data-widget_type=\"text-editor.default\">\n\t\t\t\t<div class=\"elementor-widget-container\">\n\t\t\t\t\t\t\t\t\t<p>J\u2019ai pass\u00e9 dix ans dans le syst\u00e8me onusien, \u00e0 la fois \u00e0 la mission permanente de la France aupr\u00e8s des Nations unies et comme directrice des organisations internationales et des Nations unies au Quai d\u2019Orsay. Il y avait ce groupe des 77 qui existait, mais il \u00e9tait frustr\u00e9 et minoritaire. Et en 2022 on s&rsquo;est aper\u00e7u, au moment des votes sur l&rsquo;Ukraine, qu&rsquo;ils ne votaient pas avec nous\u00a0: soit ils s&rsquo;abstenaient, soit ils ne venaient m\u00eame pas voter. On constatait de plus en plus cette rupture entre ces deux mondes.<\/p><p>Ce n&rsquo;est pas une fatalit\u00e9, mais il faut qu&rsquo;on change de ligne, qu&rsquo;on soit un peu moins arrogants et moins donneurs de le\u00e7ons. Nous devons accepter de discuter avec chacun de ces pays (surtout pas avec un bloc), de mani\u00e8re plus respectueuse, afin de voir ce qu&rsquo;on peut faire ensemble. Le Pr\u00e9sident de la R\u00e9publique a commenc\u00e9 avec ses voyages en Inde, au Vietnam ou en Indon\u00e9sie. Cela montre une prise de conscience et une volont\u00e9 de se rapprocher de ces pays.<\/p><p>La France est en difficult\u00e9 avec les pays du Sahel, bien entendu, d&rsquo;o\u00f9 nous avons \u00e9t\u00e9 chass\u00e9s. Mais je crois qu&rsquo;il faut que l&rsquo;Union europ\u00e9enne, qui avait un tissu de relation et des accords avec ces pays, les aborde diff\u00e9remment. Nous ne devons pas nous inscrire dans une relation de bloc \u00e0 bloc, qui est la tendance des Chinois et des Russes. Lors de la r\u00e9union des BRICS \u00e0 Kazan autour de Vladimir Poutine, en octobre 2024, la presse russe a commenc\u00e9 \u00e0 parler de majorit\u00e9 mondiale.<\/p>\t\t\t\t\t\t\t\t<\/div>\n\t\t\t\t<\/div>\n\t\t\t\t<\/div>\n\t\t\t\t<\/div>\n\t\t<div data-particle_enable=\"false\" data-particle-mobile-disabled=\"false\" class=\"elementor-element elementor-element-6107340 e-con-full e-flex e-con e-parent\" data-id=\"6107340\" data-element_type=\"container\" data-e-type=\"container\">\n\t\t\t\t<div class=\"elementor-element elementor-element-a75092b elementor-widget elementor-widget-heading\" data-id=\"a75092b\" data-element_type=\"widget\" data-e-type=\"widget\" data-widget_type=\"heading.default\">\n\t\t\t\t<div class=\"elementor-widget-container\">\n\t\t\t\t\t<h2 class=\"elementor-heading-title elementor-size-default\">POURQUOI PEUT-ON PARLER DE \u00ab NOUVELLE GUERRE FROIDE \u00bb ENTRE LES \u00c9TATS-UNIS ET LA CHINE ?<\/h2>\t\t\t\t<\/div>\n\t\t\t\t<\/div>\n\t\t\t\t<div class=\"elementor-element elementor-element-b7d2cae elementor-widget-divider--view-line elementor-widget elementor-widget-divider\" data-id=\"b7d2cae\" data-element_type=\"widget\" data-e-type=\"widget\" data-widget_type=\"divider.default\">\n\t\t\t\t<div class=\"elementor-widget-container\">\n\t\t\t\t\t\t\t<div class=\"elementor-divider\">\n\t\t\t<span class=\"elementor-divider-separator\">\n\t\t\t\t\t\t<\/span>\n\t\t<\/div>\n\t\t\t\t\t\t<\/div>\n\t\t\t\t<\/div>\n\t\t<div data-particle_enable=\"false\" data-particle-mobile-disabled=\"false\" class=\"elementor-element elementor-element-e12671e e-con-full e-flex e-con e-child\" data-id=\"e12671e\" data-element_type=\"container\" data-e-type=\"container\">\n\t\t\t\t<div class=\"elementor-element elementor-element-6734e06 elementor-widget elementor-widget-text-editor\" data-id=\"6734e06\" data-element_type=\"widget\" data-e-type=\"widget\" data-widget_type=\"text-editor.default\">\n\t\t\t\t<div class=\"elementor-widget-container\">\n\t\t\t\t\t\t\t\t\t<p>Parce qu\u2019il s\u2019agit d\u2019une rivalit\u00e9 syst\u00e9mique d\u2019un type diff\u00e9rent de celle qui existait du temps de la premi\u00e8re guerre froide, qui n&rsquo;avait pas de dimension \u00e9conomique puisque l&rsquo;URSS ne comptait pas sur ce plan. Cette rivalit\u00e9 n\u2019est pas non plus id\u00e9ologique, parce que d&rsquo;un c\u00f4t\u00e9, les Chinois se moquent totalement des r\u00e9gimes des uns et des autres, et de l\u2019autre, Trump est totalement indiff\u00e9rent \u00e0 la d\u00e9fense de valeurs ou de la d\u00e9mocratie.<\/p><p>Cette rivalit\u00e9 est syst\u00e9mique au sens o\u00f9 l\u2019on s&rsquo;inscrit dans le cadre du pi\u00e8ge de Thucydide\u00a0: la puissance confirm\u00e9e a peur de la puissance montante. L\u2019ancien conseiller pour l&rsquo;Indopacifique de Joe Biden avait d\u00e9clar\u00e9\u00a0: \u00ab L&rsquo;Angleterre a repris le flambeau de la France. On a repris le flambeau de l&rsquo;Angleterre. Et il est hors de question que ce soit aujourd&rsquo;hui le tour de la Chine. \u00bb J&rsquo;en parle dans mon dernier livre.<\/p><p>Aujourd&rsquo;hui, le nerf de la guerre est technologique, et c&rsquo;est quand les \u00c9tats-Unis ont d\u00e9cid\u00e9 d\u2019interdire la vente de puces miniaturis\u00e9es \u00e0 la Chine que cette guerre froide a commenc\u00e9. Dans ce contexte, Ta\u00efwan est tr\u00e8s important, avec la soci\u00e9t\u00e9 TSMC qui est la meilleure au monde pour la fabrication de puces. On ne sait pas ce que fera Xi Jinping, ni Trump d\u2019ailleurs. Lors de son premier mandat, il avait montr\u00e9 un globe terrestre en disant\u00a0: \u00ab Voyez o\u00f9 est la Chine. Voyez o\u00f9 est Ta\u00efwan. Et donc nous, on n&rsquo;ira pas. \u00bb Je ne pense pas qu&rsquo;il fera une guerre \u00e0 la Chine autour de Ta\u00efwan,\u00a0et je ne suis pas s\u00fbre que les Chinois envahiront Ta\u00efwan, ils essaieront plut\u00f4t de l&rsquo;\u00e9touffer. Mais rien n\u2019est pr\u00e9dictible\u2026 Les Am\u00e9ricains ont ouvert une usine TSMC en for\u00e7ant un peu la main aux Ta\u00efwanais, reste \u00e0 voir s\u2019ils parviendront \u00e0 acqu\u00e9rir les m\u00eames comp\u00e9tences. Ce qu&rsquo;ils ne veulent pas, \u00e9videmment, c&rsquo;est que P\u00e9kin mette la main dessus. La Chine travaille sur la miniaturisation, elle a fait beaucoup de progr\u00e8s mais n&rsquo;en est pas encore au niveau de Ta\u00efwan.<\/p>\t\t\t\t\t\t\t\t<\/div>\n\t\t\t\t<\/div>\n\t\t\t\t<\/div>\n\t\t\t\t<\/div>\n\t\t<div data-particle_enable=\"false\" data-particle-mobile-disabled=\"false\" class=\"elementor-element elementor-element-7904314 e-con-full e-flex e-con e-parent\" data-id=\"7904314\" data-element_type=\"container\" data-e-type=\"container\">\n\t\t\t\t<div class=\"elementor-element elementor-element-ee60e68 elementor-widget elementor-widget-heading\" data-id=\"ee60e68\" data-element_type=\"widget\" data-e-type=\"widget\" data-widget_type=\"heading.default\">\n\t\t\t\t<div class=\"elementor-widget-container\">\n\t\t\t\t\t<h2 class=\"elementor-heading-title elementor-size-default\">EN QUOI LA CHINE ET LA RUSSIE, DEUX PAYS \u00c0 \u00ab L\u2019AMITI\u00c9 SANS LIMITES \u00bb SELON LEURS TERMES, SONT-ELLES AU C\u0152UR DE LA RECOMPOSITION ACTUELLE DU MONDE ?<\/h2>\t\t\t\t<\/div>\n\t\t\t\t<\/div>\n\t\t\t\t<div class=\"elementor-element elementor-element-d44d388 elementor-widget-divider--view-line elementor-widget elementor-widget-divider\" data-id=\"d44d388\" data-element_type=\"widget\" data-e-type=\"widget\" data-widget_type=\"divider.default\">\n\t\t\t\t<div class=\"elementor-widget-container\">\n\t\t\t\t\t\t\t<div class=\"elementor-divider\">\n\t\t\t<span class=\"elementor-divider-separator\">\n\t\t\t\t\t\t<\/span>\n\t\t<\/div>\n\t\t\t\t\t\t<\/div>\n\t\t\t\t<\/div>\n\t\t<div data-particle_enable=\"false\" data-particle-mobile-disabled=\"false\" class=\"elementor-element elementor-element-10d45e5 e-con-full e-flex e-con e-child\" data-id=\"10d45e5\" data-element_type=\"container\" data-e-type=\"container\">\n\t\t\t\t<div class=\"elementor-element elementor-element-d0d8d02 elementor-widget elementor-widget-text-editor\" data-id=\"d0d8d02\" data-element_type=\"widget\" data-e-type=\"widget\" data-widget_type=\"text-editor.default\">\n\t\t\t\t<div class=\"elementor-widget-container\">\n\t\t\t\t\t\t\t\t\t<p>Parce que ce sont les deux puissances continentales, deux membres permanents du Conseil de s\u00e9curit\u00e9, m\u00eame s\u2019il est aujourd\u2019hui paralys\u00e9. Quand j&rsquo;ai quitt\u00e9 la Russie, le directeur d&rsquo;Asie \u00e0 leur minist\u00e8re des Affaires \u00e9trang\u00e8res, qui est aujourd&rsquo;hui ambassadeur de Russie \u00e0 P\u00e9kin, m&rsquo;avait dit\u00a0: \u00ab Gr\u00e2ce \u00e0 Donald Trump, on n&rsquo;a jamais eu d&rsquo;aussi bonnes relations avec la Chine depuis Catherine II\u00a0\u00bb, au XVIII<sup>e<\/sup> si\u00e8cle.\u00a0C&rsquo;est quand m\u00eame une d\u00e9claration incroyable\u00a0! Pour mon livre, je suis remont\u00e9e tr\u00e8s loin en arri\u00e8re, avant Catherine II, et j\u2019ai constat\u00e9 qu\u2019il disait vrai.<\/p><p>Les relations ont \u00e9t\u00e9 bonnes quand les deux empires \u00e9taient \u00e0 peu pr\u00e8s \u00e0 \u00e9galit\u00e9. Mais quand l&#8217;empire mandchou a commenc\u00e9 \u00e0 d\u00e9cliner, au XIX<sup>e<\/sup> si\u00e8cle, les Russes en ont profit\u00e9, et l&#8217;empire tsariste a pris un million de kilom\u00e8tres carr\u00e9s dans la r\u00e9gion de l\u2019Amour. Pendant la p\u00e9riode communiste, cela a \u00e9t\u00e9 encore pire, alors qu&rsquo;on aurait pu penser que \u00e7a les rapprocherait. Il y a eu un accord d&rsquo;amiti\u00e9, une alliance du \u00ab\u00a0grand fr\u00e8re\u00a0\u00bb russe avec le \u00ab\u00a0petit fr\u00e8re\u00a0\u00bb chinois. C\u2019est la raison pour laquelle, aujourd&rsquo;hui, la Chine ne veut plus aucune alliance\u00a0: le grand fr\u00e8re a fait preuve d\u2019un m\u00e9pris total pour le petit fr\u00e8re. Cela a provoqu\u00e9 un schisme dans le mouvement communiste qui s&rsquo;est r\u00e9percut\u00e9 dans le monde entier.<\/p>\t\t\t\t\t\t\t\t<\/div>\n\t\t\t\t<\/div>\n\t\t\t\t<\/div>\n\t\t\t\t<\/div>\n\t\t<div data-particle_enable=\"false\" data-particle-mobile-disabled=\"false\" class=\"elementor-element elementor-element-1d6d682 e-con-full e-flex e-con e-parent\" data-id=\"1d6d682\" data-element_type=\"container\" data-e-type=\"container\">\n\t\t\t\t<div class=\"elementor-element elementor-element-8cc0942 elementor-widget elementor-widget-heading\" data-id=\"8cc0942\" data-element_type=\"widget\" data-e-type=\"widget\" data-widget_type=\"heading.default\">\n\t\t\t\t<div class=\"elementor-widget-container\">\n\t\t\t\t\t<h2 class=\"elementor-heading-title elementor-size-default\">\u00ab IL N'Y A PAS DE SYMPATHIE NATURELLE ENTRE LES PEUPLES RUSSE ET CHINOIS \u00bb<\/h2>\t\t\t\t<\/div>\n\t\t\t\t<\/div>\n\t\t\t\t<div class=\"elementor-element elementor-element-74e91bc elementor-widget-divider--view-line elementor-widget elementor-widget-divider\" data-id=\"74e91bc\" data-element_type=\"widget\" data-e-type=\"widget\" data-widget_type=\"divider.default\">\n\t\t\t\t<div class=\"elementor-widget-container\">\n\t\t\t\t\t\t\t<div class=\"elementor-divider\">\n\t\t\t<span class=\"elementor-divider-separator\">\n\t\t\t\t\t\t<\/span>\n\t\t<\/div>\n\t\t\t\t\t\t<\/div>\n\t\t\t\t<\/div>\n\t\t<div data-particle_enable=\"false\" data-particle-mobile-disabled=\"false\" class=\"elementor-element elementor-element-507d775 e-con-full e-flex e-con e-child\" data-id=\"507d775\" data-element_type=\"container\" data-e-type=\"container\">\n\t\t\t\t<div class=\"elementor-element elementor-element-712e8aa elementor-widget elementor-widget-text-editor\" data-id=\"712e8aa\" data-element_type=\"widget\" data-e-type=\"widget\" data-widget_type=\"text-editor.default\">\n\t\t\t\t<div class=\"elementor-widget-container\">\n\t\t\t\t\t\t\t\t\t<p>Il a fallu attendre l&rsquo;arriv\u00e9e de Gorbatchev pour la r\u00e9conciliation entre les deux pays. Mais il en est rest\u00e9 une inimiti\u00e9 entre les peuples, ou sinon une inimiti\u00e9, au moins une absence de compr\u00e9hension et d&rsquo;int\u00e9r\u00eat. Ces deux cultures n&rsquo;ont rien \u00e0 voir. Les Russes se revendiquent d&rsquo;une culture europ\u00e9enne, m\u00eame si, aujourd&rsquo;hui, Poutine parle d\u2019eurasiatisme pour des raisons politiques. Mais les Russes n&rsquo;adh\u00e8rent pas \u00e0 cela, ils consid\u00e8rent les Chinois comme des paysans un peu arri\u00e9r\u00e9s, n&rsquo;ayant pas compl\u00e8tement mesur\u00e9 l&rsquo;\u00e9volution de la Chine.<\/p><p>Quant aux Chinois, ils conservent une certaine ranc\u0153ur de la mani\u00e8re dont ils ont \u00e9t\u00e9 trait\u00e9s. Et puis, ils estiment que la Russie est un \u00e9chec, parce que l&rsquo;Union sovi\u00e9tique avait beaucoup plus que la Chine\u00a0: de grands laboratoires, de grandes universit\u00e9s, des grands math\u00e9maticiens et scientifiques, alors qu\u2019en Chine la r\u00e9volution culturelle avait ferm\u00e9 les universit\u00e9s. Aujourd&rsquo;hui, la Chine est premi\u00e8re dans un grand nombre de domaines, y compris l&rsquo;intelligence artificielle.<\/p><p>Il n&rsquo;y a donc pas de sympathie naturelle entre les deux peuples et d&rsquo;int\u00e9r\u00eat entre les cultures. En revanche, il y a un choix d\u00e9lib\u00e9r\u00e9, strat\u00e9gique, fait par Xi Jinping et Vladimir Poutine, de partenariat strat\u00e9gique, d&rsquo;\u00ab\u00a0amiti\u00e9 sans limites\u00a0\u00bb, fond\u00e9 sur le fait qu&rsquo;ils ont un ennemi commun, et que \u00ab\u00a0l&rsquo;ennemi de mon ennemi est mon ami\u00a0\u00bb. C&rsquo;est vraiment un adage qui, en diplomatie, fonctionne toujours.<\/p><p>La Chine, je pense, n&rsquo;a pas appr\u00e9ci\u00e9 l&rsquo;invasion de l&rsquo;Ukraine, parce qu&rsquo;elle est contre l&rsquo;ing\u00e9rence dans les affaires int\u00e9rieures d&rsquo;un pays. Elle avait de tr\u00e8s bonnes relations avec l&rsquo;Ukraine, il y avait des milliers d&rsquo;\u00e9tudiants chinois dans le pays et une coop\u00e9ration, y compris sur le plan nucl\u00e9aire. Mais la Chine n&rsquo;a pas int\u00e9r\u00eat \u00e0 l&rsquo;\u00e9chec de la Russie, dans la mesure o\u00f9 ils ont cet ennemi commun et ont int\u00e9r\u00eat \u00e0 maintenir des relations \u00e9troites.<\/p>\t\t\t\t\t\t\t\t<\/div>\n\t\t\t\t<\/div>\n\t\t\t\t<\/div>\n\t\t\t\t<\/div>\n\t\t<div data-particle_enable=\"false\" data-particle-mobile-disabled=\"false\" class=\"elementor-element elementor-element-7819a9a e-con-full e-flex e-con e-parent\" data-id=\"7819a9a\" data-element_type=\"container\" data-e-type=\"container\">\n\t\t\t\t<div class=\"elementor-element elementor-element-bff55a3 elementor-widget elementor-widget-heading\" data-id=\"bff55a3\" data-element_type=\"widget\" data-e-type=\"widget\" data-widget_type=\"heading.default\">\n\t\t\t\t<div class=\"elementor-widget-container\">\n\t\t\t\t\t<h2 class=\"elementor-heading-title elementor-size-default\">SANS LE SOUTIEN DE LA CHINE, LA RUSSIE POURRAIT-ELLE TENIR ?<\/h2>\t\t\t\t<\/div>\n\t\t\t\t<\/div>\n\t\t\t\t<div class=\"elementor-element elementor-element-3f76a9f elementor-widget-divider--view-line elementor-widget elementor-widget-divider\" data-id=\"3f76a9f\" data-element_type=\"widget\" data-e-type=\"widget\" data-widget_type=\"divider.default\">\n\t\t\t\t<div class=\"elementor-widget-container\">\n\t\t\t\t\t\t\t<div class=\"elementor-divider\">\n\t\t\t<span class=\"elementor-divider-separator\">\n\t\t\t\t\t\t<\/span>\n\t\t<\/div>\n\t\t\t\t\t\t<\/div>\n\t\t\t\t<\/div>\n\t\t<div data-particle_enable=\"false\" data-particle-mobile-disabled=\"false\" class=\"elementor-element elementor-element-a505c24 e-con-full e-flex e-con e-child\" data-id=\"a505c24\" data-element_type=\"container\" data-e-type=\"container\">\n\t\t\t\t<div class=\"elementor-element elementor-element-899ffc2 elementor-widget elementor-widget-text-editor\" data-id=\"899ffc2\" data-element_type=\"widget\" data-e-type=\"widget\" data-widget_type=\"text-editor.default\">\n\t\t\t\t<div class=\"elementor-widget-container\">\n\t\t\t\t\t\t\t\t\t<p>Il est clair qu\u2019en important le gaz et le p\u00e9trole qui \u00e9taient interdits en Europe, la Chine a permis \u00e0 la Russie d\u2019alimenter son effort de guerre. Et par ailleurs, m\u00eame si elle s&rsquo;abstient de vendre des armes, elle fournit des machines-outils contenant des produits de nature duale qui peuvent \u00eatre utilis\u00e9s pour la guerre.<\/p><p>Cela permet \u00e0 la Russie de compenser les sanctions de l&rsquo;Union europ\u00e9enne, que la Chine ne consid\u00e8re pas violer, puisque pour elle, ce ne sont pas des sanctions l\u00e9gales d\u00e8s lors qu\u2019elles n\u2019ont pas \u00e9t\u00e9 valid\u00e9es par le Conseil de s\u00e9curit\u00e9. Quand elle est menac\u00e9e par les \u00c9tats-Unis, elle fait un peu attention parce que des sanctions peuvent toucher des usines chinoises. Elle est prudente. Mais il est vrai que la poursuite de ce commerce aide quand m\u00eame la Russie.<\/p><p>Leur volont\u00e9 commune, c&rsquo;est d&rsquo;avoir un monde qui ne soit plus domin\u00e9 par les r\u00e8gles occidentales. Un monde d\u00e9dollaris\u00e9, qui emp\u00eacherait les Am\u00e9ricains de prendre des sanctions extraterritoriales. Ils luttent contre les ing\u00e9rences dans leurs affaires int\u00e9rieures ou celles d&rsquo;autres \u00c9tats qui appartiennent au Sud global. Ils ont cette vision commune d&rsquo;un monde multipolaire, \u00e0 l&rsquo;inverse de l&rsquo;h\u00e9g\u00e9monie am\u00e9ricaine ou occidentale.<\/p>\t\t\t\t\t\t\t\t<\/div>\n\t\t\t\t<\/div>\n\t\t\t\t<\/div>\n\t\t\t\t<\/div>\n\t\t<div data-particle_enable=\"false\" data-particle-mobile-disabled=\"false\" class=\"elementor-element elementor-element-45564eb e-con-full e-flex e-con e-parent\" data-id=\"45564eb\" data-element_type=\"container\" data-e-type=\"container\">\n\t\t\t\t<div class=\"elementor-element elementor-element-ad68f3c elementor-widget elementor-widget-heading\" data-id=\"ad68f3c\" data-element_type=\"widget\" data-e-type=\"widget\" data-widget_type=\"heading.default\">\n\t\t\t\t<div class=\"elementor-widget-container\">\n\t\t\t\t\t<h2 class=\"elementor-heading-title elementor-size-default\">EN TERMES DE PERSONNALIT\u00c9 ET DE GOUVERNANCE, QUELS POINTS COMMUNS VOYEZ-VOUS ENTRE XI JINPING ET VLADIMIR POUTINE, QUE VOUS AVEZ RENCONTR\u00c9S \u00c0 PLUSIEURS REPRISES ?<\/h2>\t\t\t\t<\/div>\n\t\t\t\t<\/div>\n\t\t\t\t<div class=\"elementor-element elementor-element-040eebd elementor-widget-divider--view-line elementor-widget elementor-widget-divider\" data-id=\"040eebd\" data-element_type=\"widget\" data-e-type=\"widget\" data-widget_type=\"divider.default\">\n\t\t\t\t<div class=\"elementor-widget-container\">\n\t\t\t\t\t\t\t<div class=\"elementor-divider\">\n\t\t\t<span class=\"elementor-divider-separator\">\n\t\t\t\t\t\t<\/span>\n\t\t<\/div>\n\t\t\t\t\t\t<\/div>\n\t\t\t\t<\/div>\n\t\t<div data-particle_enable=\"false\" data-particle-mobile-disabled=\"false\" class=\"elementor-element elementor-element-8f222c4 e-con-full e-flex e-con e-child\" data-id=\"8f222c4\" data-element_type=\"container\" data-e-type=\"container\">\n\t\t\t\t<div class=\"elementor-element elementor-element-4b298d8 elementor-widget elementor-widget-text-editor\" data-id=\"4b298d8\" data-element_type=\"widget\" data-e-type=\"widget\" data-widget_type=\"text-editor.default\">\n\t\t\t\t<div class=\"elementor-widget-container\">\n\t\t\t\t\t\t\t\t\t<p>Oui, je les ai vus assez souvent tous les deux. Xi Jinping, dans les contacts avec l&rsquo;\u00e9tranger, est quelqu&rsquo;un de plus souriant, de plus d\u00e9bonnaire. Pas comme Vladimir Poutine qui est toujours impavide, un peu \u00ab\u00a0<em>pokerface<\/em>\u00a0\u00bb. Il ne sourit pas avec les \u00e9trangers, alors qu\u2019il sourit et rit beaucoup en Russie. C&rsquo;est ce qui m&rsquo;avait frapp\u00e9 quand je suis arriv\u00e9e.<\/p><p>En interne, leurs deux r\u00e9gimes se sont durcis et ont priv\u00e9 de libert\u00e9 un certain nombre de gens. Il n&rsquo;y a plus de libert\u00e9 de l&rsquo;information. Il y a contr\u00f4le de l&rsquo;Internet, il y a emprisonnement des opposants. Effectivement, il y a l\u00e0 quelque chose qui les rapproche. C&rsquo;est le cas aussi, comme je le disais, de leur vision du monde, un monde qui ne soit pas occidental mais multipolaire et que dans leur t\u00eate, ils puissent plus ou moins diriger.<\/p><p>Les deux s&rsquo;entendent tr\u00e8s bien\u00a0: je les ai vus ensemble, et \u00e7a transpara\u00eet tout \u00e0 fait. Ils ont le m\u00eame \u00e2ge aussi, \u00e0 un an d\u2019\u00e9cart, je pense que cela compte\u00a0: ils ont v\u00e9cu, certes pas de la m\u00eame mani\u00e8re, les m\u00eames \u00e9v\u00e9nements mondiaux. Ils r\u00eavent d&rsquo;immortalit\u00e9\u00a0: ce sont des dirigeants \u00e2g\u00e9s qui aimeraient bien rester au pouvoir de mani\u00e8re ind\u00e9finie. Poutine a fait modifier la Constitution pour rester au pouvoir jusqu&rsquo;en 2036. Xi Jinping est l\u00e0 pour un temps ind\u00e9termin\u00e9, alors que son pr\u00e9d\u00e9cesseur Deng Xiaoping avait fix\u00e9 la r\u00e8gle d\u2019une alternance tous les 10 ans.<\/p><p>Il y a plus donc de proximit\u00e9 entre les deux dirigeants qu&rsquo;il y en a entre les deux peuples, pour des raisons id\u00e9ologiques mais \u00e9galement g\u00e9opolitiques ou strat\u00e9giques.<\/p>\t\t\t\t\t\t\t\t<\/div>\n\t\t\t\t<\/div>\n\t\t\t\t<\/div>\n\t\t\t\t<\/div>\n\t\t<div data-particle_enable=\"false\" data-particle-mobile-disabled=\"false\" class=\"elementor-element elementor-element-f6c1110 e-con-full e-flex e-con e-parent\" data-id=\"f6c1110\" data-element_type=\"container\" data-e-type=\"container\">\n\t\t\t\t<div class=\"elementor-element elementor-element-de80440 elementor-widget elementor-widget-heading\" data-id=\"de80440\" data-element_type=\"widget\" data-e-type=\"widget\" data-widget_type=\"heading.default\">\n\t\t\t\t<div class=\"elementor-widget-container\">\n\t\t\t\t\t<h2 class=\"elementor-heading-title elementor-size-default\">PENDANT VOS DEUX MANDATS \u00c0 LA PR\u00c9SIDENCE DU CA DE L\u2019IHEDN, COMMENT L\u2019INSTITUT S\u2019EST-IL ADAPT\u00c9 \u00c0 CE CONTEXTE STRAT\u00c9GIQUE ?<\/h2>\t\t\t\t<\/div>\n\t\t\t\t<\/div>\n\t\t\t\t<div class=\"elementor-element elementor-element-a4c2f71 elementor-widget-divider--view-line elementor-widget elementor-widget-divider\" data-id=\"a4c2f71\" data-element_type=\"widget\" data-e-type=\"widget\" data-widget_type=\"divider.default\">\n\t\t\t\t<div class=\"elementor-widget-container\">\n\t\t\t\t\t\t\t<div class=\"elementor-divider\">\n\t\t\t<span class=\"elementor-divider-separator\">\n\t\t\t\t\t\t<\/span>\n\t\t<\/div>\n\t\t\t\t\t\t<\/div>\n\t\t\t\t<\/div>\n\t\t<div data-particle_enable=\"false\" data-particle-mobile-disabled=\"false\" class=\"elementor-element elementor-element-af782fa e-con-full e-flex e-con e-child\" data-id=\"af782fa\" data-element_type=\"container\" data-e-type=\"container\">\n\t\t\t\t<div class=\"elementor-element elementor-element-35d39e7 elementor-widget elementor-widget-text-editor\" data-id=\"35d39e7\" data-element_type=\"widget\" data-e-type=\"widget\" data-widget_type=\"text-editor.default\">\n\t\t\t\t<div class=\"elementor-widget-container\">\n\t\t\t\t\t\t\t\t\t<p>L\u2019Institut s\u2019est beaucoup transform\u00e9 sous l\u2019\u00e9gide des trois directeurs que j\u2019ai connus. Je peux citer la session nationale unique et ses cinq majeures, effective depuis 2021. L\u2019accent a aussi \u00e9t\u00e9 mis sur les sessions en r\u00e9gion. C\u2019est tr\u00e8s important, puisque l\u2019action de l\u2019IHEDN ne peut pas se cantonner au 7<sup>e<\/sup> arrondissement parisien.<\/p><p>La pr\u00e9sence d\u2019auditeurs ultramarins a \u00e9t\u00e9 renforc\u00e9e, tant dans la session nationale qu\u2019avec des sessions en r\u00e9gion organis\u00e9es outre-mer. Je souligne aussi le renforcement des cycles en intelligence \u00e9conomique, et des cycles Jeunes. On a remis en place un conseil scientifique, qui avait \u00e9t\u00e9 abandonn\u00e9 depuis plusieurs ann\u00e9es, et le secteur de la recherche a \u00e9t\u00e9 d\u00e9velopp\u00e9. \u00c0 cet \u00e9gard, l\u2019action du Fonds de dotation de l\u2019IHEDN et de ses deux chaires est importante.<\/p><p>Ces \u00e9volutions ont permis d&rsquo;ancrer effectivement l&rsquo;IHEDN dans la r\u00e9flexion et la formation strat\u00e9giques en France. Avec les menaces qui p\u00e8sent clairement sur la France et l&rsquo;UE, il est important de se pr\u00e9parer \u00e0 y r\u00e9pondre, aussi bien dans le domaine militaire stricto sensu que dans celui des actions hybrides.<\/p><p>Il \u00e9tait indispensable de d\u00e9velopper ces diff\u00e9rentes dimensions, et l&rsquo;IHEDN l&rsquo;a tr\u00e8s bien fait. D\u00e9sormais, l\u2019afflux de candidatures est sans pr\u00e9c\u00e9dent, parce que c&rsquo;est une excellente formation, tous ceux qui l&rsquo;ont suivie en sont absolument enchant\u00e9s et la recommandent \u00e0 d&rsquo;autres. Ce nombre record de candidatures montre que la contribution de l\u2019IHEDN \u00e0 l&rsquo;esprit de d\u00e9fense et \u00e0 la r\u00e9flexion strat\u00e9gique est devenue incontournable en France.<\/p><p>L\u2019important est que le directeur et le pr\u00e9sident du conseil d&rsquo;administration travaillent en bonne intelligence. Cela a \u00e9t\u00e9 le cas pendant mes deux mandats.<\/p>\t\t\t\t\t\t\t\t<\/div>\n\t\t\t\t<\/div>\n\t\t\t\t<\/div>\n\t\t\t\t<\/div>\n\t\t<div data-particle_enable=\"false\" data-particle-mobile-disabled=\"false\" class=\"elementor-element elementor-element-f6e8102 e-flex e-con-boxed e-con e-parent\" data-id=\"f6e8102\" data-element_type=\"container\" data-e-type=\"container\">\n\t\t\t\t\t<div class=\"e-con-inner\">\n\t\t\t\t<div class=\"elementor-element elementor-element-ccd6735 elementor-widget elementor-widget-spacer\" data-id=\"ccd6735\" data-element_type=\"widget\" data-e-type=\"widget\" data-widget_type=\"spacer.default\">\n\t\t\t\t<div class=\"elementor-widget-container\">\n\t\t\t\t\t\t\t<div class=\"elementor-spacer\">\n\t\t\t<div class=\"elementor-spacer-inner\"><\/div>\n\t\t<\/div>\n\t\t\t\t\t\t<\/div>\n\t\t\t\t<\/div>\n\t\t\t\t<div class=\"elementor-element elementor-element-45500fe elementor-widget elementor-widget-heading\" data-id=\"45500fe\" data-element_type=\"widget\" data-e-type=\"widget\" data-widget_type=\"heading.default\">\n\t\t\t\t<div class=\"elementor-widget-container\">\n\t\t\t\t\t<h5 class=\"elementor-heading-title elementor-size-default\">POUR aller plus loin<\/h5>\t\t\t\t<\/div>\n\t\t\t\t<\/div>\n\t\t\t\t<div class=\"elementor-element elementor-element-4df9c78 elementor-widget elementor-widget-text-editor\" data-id=\"4df9c78\" data-element_type=\"widget\" data-e-type=\"widget\" data-widget_type=\"text-editor.default\">\n\t\t\t\t<div class=\"elementor-widget-container\">\n\t\t\t\t\t\t\t\t\t<p><a href=\"https:\/\/ihedn.fr\/les-debats-strategiques\/lours-et-le-dragon-russie-chine-histoire-dune-amitie-sans-limites\/\">Retrouvez le D\u00e9bat strat\u00e9gique de l\u2019IHEDN avec Sylvie Bermann autour de son livre \u00ab\u00a0L\u2019Ours et le Dragon \u2013 Russie-Chine\u00a0: histoire d\u2019une amiti\u00e9 sans limites\u00a0?\u00a0\u00bb<\/a><\/p>\t\t\t\t\t\t\t\t<\/div>\n\t\t\t\t<\/div>\n\t\t\t\t\t<\/div>\n\t\t\t\t<\/div>\n\t\t\t\t<\/div>\n\t\t","protected":false},"excerpt":{"rendered":"<p>From 2020 to 2026, French Ambassador Sylvie Bermann chaired the IHEDN Board of Directors. In this long interview, the former plenipotentiary in Beijing, London and Moscow looks back at the changing geopolitical context over these years and the way in which the Institute has adapted to it.<\/p>","protected":false},"author":14,"featured_media":58789,"comment_status":"closed","ping_status":"closed","sticky":false,"template":"","format":"standard","meta":{"footnotes":""},"categories":[41,171],"tags":[],"class_list":["post-58782","post","type-post","status-publish","format-standard","has-post-thumbnail","hentry","category-lundis-de-lihedn","category-notre-selection"],"yoast_head":"<!-- This site is optimized with the Yoast SEO plugin v27.5 - https:\/\/yoast.com\/product\/yoast-seo-wordpress\/ -->\n<title>Sylvie Bermann : \u00ab En diplomatie, la France a souvent un effet d&#039;entra\u00eenement \u00bb - L&#039;IHEDN : Institut des hautes \u00e9tudes de d\u00e9fense nationale<\/title>\n<meta name=\"description\" content=\"Deux semaines apr\u00e8s la capture de Nicol\u00e1s Maduro, le chercheur Thomas Posado, sp\u00e9cialiste de la r\u00e9publique bolivarienne et de Cuba, analyse le contexte et les cons\u00e9quences possibles de l\u2019op\u00e9ration ordonn\u00e9e par Donald Trump, qui pourrait \u00ab aggraver les difficult\u00e9s et nourrir les axes migratoires qu\u2019il d\u00e9nonce \u00bb.\" \/>\n<meta name=\"robots\" content=\"index, follow, max-snippet:-1, max-image-preview:large, max-video-preview:-1\" \/>\n<link rel=\"canonical\" href=\"https:\/\/ihedn.fr\/en\/lundis-de-lihedn\/sylvie-bermann-en-diplomatie-la-france-a-souvent-un-effet-dentrainement\/\" \/>\n<meta property=\"og:locale\" content=\"en_GB\" \/>\n<meta property=\"og:type\" content=\"article\" \/>\n<meta property=\"og:title\" content=\"Sylvie Bermann : \u00ab En diplomatie, la France a souvent un effet d&#039;entra\u00eenement \u00bb\" \/>\n<meta property=\"og:description\" content=\"Deux semaines apr\u00e8s la capture de Nicol\u00e1s Maduro, le chercheur Thomas Posado, sp\u00e9cialiste de la r\u00e9publique bolivarienne et de Cuba, analyse le contexte et les cons\u00e9quences possibles de l\u2019op\u00e9ration ordonn\u00e9e par Donald Trump, qui pourrait \u00ab aggraver les difficult\u00e9s et nourrir les axes migratoires qu\u2019il d\u00e9nonce \u00bb.\" \/>\n<meta property=\"og:url\" content=\"https:\/\/ihedn.fr\/en\/lundis-de-lihedn\/sylvie-bermann-en-diplomatie-la-france-a-souvent-un-effet-dentrainement\/\" \/>\n<meta property=\"og:site_name\" content=\"L&#039;IHEDN : Institut des hautes \u00e9tudes de d\u00e9fense nationale\" \/>\n<meta property=\"article:publisher\" content=\"https:\/\/www.facebook.com\/ihedn\/\" \/>\n<meta property=\"article:published_time\" content=\"2026-03-13T15:52:59+00:00\" \/>\n<meta property=\"og:image\" content=\"https:\/\/ihedn.fr\/wp-content\/uploads\/2026\/01\/BANDEAU_LIH_AFP.jpg\" \/>\n\t<meta property=\"og:image:width\" content=\"1920\" \/>\n\t<meta property=\"og:image:height\" content=\"1080\" \/>\n\t<meta property=\"og:image:type\" content=\"image\/jpeg\" \/>\n<meta name=\"author\" content=\"Coline Dassonville\" \/>\n<meta name=\"twitter:card\" content=\"summary_large_image\" \/>\n<meta name=\"twitter:title\" content=\"Sylvie Bermann : \u00ab En diplomatie, la France a souvent un effet d&#039;entra\u00eenement \u00bb\" \/>\n<meta name=\"twitter:description\" content=\"Deux semaines apr\u00e8s la capture de Nicol\u00e1s Maduro, le chercheur Thomas Posado, sp\u00e9cialiste de la r\u00e9publique bolivarienne et de Cuba, analyse le contexte et les cons\u00e9quences possibles de l\u2019op\u00e9ration ordonn\u00e9e par Donald Trump, qui pourrait \u00ab aggraver les difficult\u00e9s et nourrir les axes migratoires qu\u2019il d\u00e9nonce \u00bb.\" \/>\n<meta name=\"twitter:image\" content=\"https:\/\/ihedn.fr\/wp-content\/uploads\/2026\/01\/BANDEAU_LIH_AFP.jpg\" \/>\n<meta name=\"twitter:creator\" content=\"@IHEDN\" \/>\n<meta name=\"twitter:site\" content=\"@IHEDN\" \/>\n<meta name=\"twitter:label1\" content=\"Written by\" \/>\n\t<meta name=\"twitter:data1\" content=\"Coline Dassonville\" \/>\n\t<meta name=\"twitter:label2\" content=\"Estimated reading time\" \/>\n\t<meta name=\"twitter:data2\" content=\"25 minutes\" \/>\n<script type=\"application\/ld+json\" class=\"yoast-schema-graph\">{\"@context\":\"https:\\\/\\\/schema.org\",\"@graph\":[{\"@type\":\"Article\",\"@id\":\"https:\\\/\\\/ihedn.fr\\\/lundis-de-lihedn\\\/sylvie-bermann-en-diplomatie-la-france-a-souvent-un-effet-dentrainement\\\/#article\",\"isPartOf\":{\"@id\":\"https:\\\/\\\/ihedn.fr\\\/lundis-de-lihedn\\\/sylvie-bermann-en-diplomatie-la-france-a-souvent-un-effet-dentrainement\\\/\"},\"author\":{\"name\":\"Coline Dassonville\",\"@id\":\"https:\\\/\\\/ihedn.fr\\\/#\\\/schema\\\/person\\\/7a52e81319c373f5462ade39e81a7f19\"},\"headline\":\"Sylvie Bermann : \u00ab En diplomatie, la France a souvent un effet d&rsquo;entra\u00eenement \u00bb\",\"datePublished\":\"2026-03-13T15:52:59+00:00\",\"mainEntityOfPage\":{\"@id\":\"https:\\\/\\\/ihedn.fr\\\/lundis-de-lihedn\\\/sylvie-bermann-en-diplomatie-la-france-a-souvent-un-effet-dentrainement\\\/\"},\"wordCount\":5445,\"publisher\":{\"@id\":\"https:\\\/\\\/ihedn.fr\\\/#organization\"},\"image\":{\"@id\":\"https:\\\/\\\/ihedn.fr\\\/lundis-de-lihedn\\\/sylvie-bermann-en-diplomatie-la-france-a-souvent-un-effet-dentrainement\\\/#primaryimage\"},\"thumbnailUrl\":\"https:\\\/\\\/ihedn.fr\\\/wp-content\\\/uploads\\\/2026\\\/03\\\/Bandeau_ITW_BERMANN.jpg\",\"articleSection\":[\"Lundis de l'IHEDN\",\"Notre s\u00e9lection\"],\"inLanguage\":\"en-GB\"},{\"@type\":\"WebPage\",\"@id\":\"https:\\\/\\\/ihedn.fr\\\/lundis-de-lihedn\\\/sylvie-bermann-en-diplomatie-la-france-a-souvent-un-effet-dentrainement\\\/\",\"url\":\"https:\\\/\\\/ihedn.fr\\\/lundis-de-lihedn\\\/sylvie-bermann-en-diplomatie-la-france-a-souvent-un-effet-dentrainement\\\/\",\"name\":\"Sylvie Bermann : \u00ab En diplomatie, la France a souvent un effet d'entra\u00eenement \u00bb - L&#039;IHEDN : Institut des hautes \u00e9tudes de d\u00e9fense nationale\",\"isPartOf\":{\"@id\":\"https:\\\/\\\/ihedn.fr\\\/#website\"},\"primaryImageOfPage\":{\"@id\":\"https:\\\/\\\/ihedn.fr\\\/lundis-de-lihedn\\\/sylvie-bermann-en-diplomatie-la-france-a-souvent-un-effet-dentrainement\\\/#primaryimage\"},\"image\":{\"@id\":\"https:\\\/\\\/ihedn.fr\\\/lundis-de-lihedn\\\/sylvie-bermann-en-diplomatie-la-france-a-souvent-un-effet-dentrainement\\\/#primaryimage\"},\"thumbnailUrl\":\"https:\\\/\\\/ihedn.fr\\\/wp-content\\\/uploads\\\/2026\\\/03\\\/Bandeau_ITW_BERMANN.jpg\",\"datePublished\":\"2026-03-13T15:52:59+00:00\",\"description\":\"Deux semaines apr\u00e8s la capture de Nicol\u00e1s Maduro, le chercheur Thomas Posado, sp\u00e9cialiste de la r\u00e9publique bolivarienne et de Cuba, analyse le contexte et les cons\u00e9quences possibles de l\u2019op\u00e9ration ordonn\u00e9e par Donald Trump, qui pourrait \u00ab aggraver les difficult\u00e9s et nourrir les axes migratoires qu\u2019il d\u00e9nonce \u00bb.\",\"breadcrumb\":{\"@id\":\"https:\\\/\\\/ihedn.fr\\\/lundis-de-lihedn\\\/sylvie-bermann-en-diplomatie-la-france-a-souvent-un-effet-dentrainement\\\/#breadcrumb\"},\"inLanguage\":\"en-GB\",\"potentialAction\":[{\"@type\":\"ReadAction\",\"target\":[\"https:\\\/\\\/ihedn.fr\\\/lundis-de-lihedn\\\/sylvie-bermann-en-diplomatie-la-france-a-souvent-un-effet-dentrainement\\\/\"]}]},{\"@type\":\"ImageObject\",\"inLanguage\":\"en-GB\",\"@id\":\"https:\\\/\\\/ihedn.fr\\\/lundis-de-lihedn\\\/sylvie-bermann-en-diplomatie-la-france-a-souvent-un-effet-dentrainement\\\/#primaryimage\",\"url\":\"https:\\\/\\\/ihedn.fr\\\/wp-content\\\/uploads\\\/2026\\\/03\\\/Bandeau_ITW_BERMANN.jpg\",\"contentUrl\":\"https:\\\/\\\/ihedn.fr\\\/wp-content\\\/uploads\\\/2026\\\/03\\\/Bandeau_ITW_BERMANN.jpg\",\"width\":1920,\"height\":960,\"caption\":\"Lundi de l'IHEDN : Sylvie Bermann : \u00ab En diplomatie, la France a souvent un effet d'entra\u00eenement \u00bb\"},{\"@type\":\"BreadcrumbList\",\"@id\":\"https:\\\/\\\/ihedn.fr\\\/lundis-de-lihedn\\\/sylvie-bermann-en-diplomatie-la-france-a-souvent-un-effet-dentrainement\\\/#breadcrumb\",\"itemListElement\":[{\"@type\":\"ListItem\",\"position\":1,\"name\":\"Accueil\",\"item\":\"https:\\\/\\\/ihedn.fr\\\/\"},{\"@type\":\"ListItem\",\"position\":2,\"name\":\"Sylvie Bermann : \u00ab En diplomatie, la France a souvent un effet d&rsquo;entra\u00eenement \u00bb\"}]},{\"@type\":\"WebSite\",\"@id\":\"https:\\\/\\\/ihedn.fr\\\/#website\",\"url\":\"https:\\\/\\\/ihedn.fr\\\/\",\"name\":\"IHEDN : Institut des hautes \u00e9tudes de d\u00e9fense nationale |\",\"description\":\"Site officiel de l&#039;IHEDN plac\u00e9 sous la tutelle du Premier ministre.\",\"publisher\":{\"@id\":\"https:\\\/\\\/ihedn.fr\\\/#organization\"},\"potentialAction\":[{\"@type\":\"SearchAction\",\"target\":{\"@type\":\"EntryPoint\",\"urlTemplate\":\"https:\\\/\\\/ihedn.fr\\\/?s={search_term_string}\"},\"query-input\":{\"@type\":\"PropertyValueSpecification\",\"valueRequired\":true,\"valueName\":\"search_term_string\"}}],\"inLanguage\":\"en-GB\"},{\"@type\":\"Organization\",\"@id\":\"https:\\\/\\\/ihedn.fr\\\/#organization\",\"name\":\"IHEDN - Institut des Hautes Etudes de D\u00e9fense Nationale\",\"url\":\"https:\\\/\\\/ihedn.fr\\\/\",\"logo\":{\"@type\":\"ImageObject\",\"inLanguage\":\"en-GB\",\"@id\":\"https:\\\/\\\/ihedn.fr\\\/#\\\/schema\\\/logo\\\/image\\\/\",\"url\":\"https:\\\/\\\/ihedn.fr\\\/wp-content\\\/uploads\\\/2020\\\/11\\\/BLOC_RF_IHEDN_WEB.png\",\"contentUrl\":\"https:\\\/\\\/ihedn.fr\\\/wp-content\\\/uploads\\\/2020\\\/11\\\/BLOC_RF_IHEDN_WEB.png\",\"width\":500,\"height\":237,\"caption\":\"IHEDN - Institut des Hautes Etudes de D\u00e9fense Nationale\"},\"image\":{\"@id\":\"https:\\\/\\\/ihedn.fr\\\/#\\\/schema\\\/logo\\\/image\\\/\"},\"sameAs\":[\"https:\\\/\\\/www.facebook.com\\\/ihedn\\\/\",\"https:\\\/\\\/x.com\\\/IHEDN\",\"https:\\\/\\\/www.instagram.com\\\/ihedn\\\/\",\"https:\\\/\\\/www.linkedin.com\\\/school\\\/ihedn\\\/\",\"https:\\\/\\\/fr.wikipedia.org\\\/wiki\\\/Institut_des_hautes_\u00e9tudes_de_D\u00e9fense_nationale\"]},{\"@type\":\"Person\",\"@id\":\"https:\\\/\\\/ihedn.fr\\\/#\\\/schema\\\/person\\\/7a52e81319c373f5462ade39e81a7f19\",\"name\":\"Coline Dassonville\",\"image\":{\"@type\":\"ImageObject\",\"inLanguage\":\"en-GB\",\"@id\":\"https:\\\/\\\/secure.gravatar.com\\\/avatar\\\/abc7cbc6297b987d7cbee36041f952619e584620b919eb849c804adf789c1147?s=96&d=mm&r=g\",\"url\":\"https:\\\/\\\/secure.gravatar.com\\\/avatar\\\/abc7cbc6297b987d7cbee36041f952619e584620b919eb849c804adf789c1147?s=96&d=mm&r=g\",\"contentUrl\":\"https:\\\/\\\/secure.gravatar.com\\\/avatar\\\/abc7cbc6297b987d7cbee36041f952619e584620b919eb849c804adf789c1147?s=96&d=mm&r=g\",\"caption\":\"Coline Dassonville\"},\"url\":\"https:\\\/\\\/ihedn.fr\\\/en\\\/author\\\/coline\\\/\"}]}<\/script>\n<!-- \/ Yoast SEO plugin. -->","yoast_head_json":{"title":"Sylvie Bermann: \u00abIn diplomacy, France often has a knock-on effect\u00bb - L'IHEDN : Institut des hautes \u00e9tudes de d\u00e9fense nationale (Graduate Institute of National Defence)","description":"Two weeks after the capture of Nicol\u00e1s Maduro, researcher Thomas Posado, a specialist in the Bolivarian Republic and Cuba, analyses the context and possible consequences of the operation ordered by Donald Trump, which could \u00abexacerbate the difficulties and feed the migratory axes that he denounces\u00bb.","robots":{"index":"index","follow":"follow","max-snippet":"max-snippet:-1","max-image-preview":"max-image-preview:large","max-video-preview":"max-video-preview:-1"},"canonical":"https:\/\/ihedn.fr\/en\/lundis-de-lihedn\/sylvie-bermann-en-diplomatie-la-france-a-souvent-un-effet-dentrainement\/","og_locale":"en_GB","og_type":"article","og_title":"Sylvie Bermann : \u00ab En diplomatie, la France a souvent un effet d'entra\u00eenement \u00bb","og_description":"Deux semaines apr\u00e8s la capture de Nicol\u00e1s Maduro, le chercheur Thomas Posado, sp\u00e9cialiste de la r\u00e9publique bolivarienne et de Cuba, analyse le contexte et les cons\u00e9quences possibles de l\u2019op\u00e9ration ordonn\u00e9e par Donald Trump, qui pourrait \u00ab aggraver les difficult\u00e9s et nourrir les axes migratoires qu\u2019il d\u00e9nonce \u00bb.","og_url":"https:\/\/ihedn.fr\/en\/lundis-de-lihedn\/sylvie-bermann-en-diplomatie-la-france-a-souvent-un-effet-dentrainement\/","og_site_name":"L&#039;IHEDN : Institut des hautes \u00e9tudes de d\u00e9fense nationale","article_publisher":"https:\/\/www.facebook.com\/ihedn\/","article_published_time":"2026-03-13T15:52:59+00:00","og_image":[{"width":1920,"height":1080,"url":"https:\/\/ihedn.fr\/wp-content\/uploads\/2026\/01\/BANDEAU_LIH_AFP.jpg","type":"image\/jpeg"}],"author":"Coline Dassonville","twitter_card":"summary_large_image","twitter_title":"Sylvie Bermann : \u00ab En diplomatie, la France a souvent un effet d'entra\u00eenement \u00bb","twitter_description":"Deux semaines apr\u00e8s la capture de Nicol\u00e1s Maduro, le chercheur Thomas Posado, sp\u00e9cialiste de la r\u00e9publique bolivarienne et de Cuba, analyse le contexte et les cons\u00e9quences possibles de l\u2019op\u00e9ration ordonn\u00e9e par Donald Trump, qui pourrait \u00ab aggraver les difficult\u00e9s et nourrir les axes migratoires qu\u2019il d\u00e9nonce \u00bb.","twitter_image":"https:\/\/ihedn.fr\/wp-content\/uploads\/2026\/01\/BANDEAU_LIH_AFP.jpg","twitter_creator":"@IHEDN","twitter_site":"@IHEDN","twitter_misc":{"Written by":"Coline Dassonville","Estimated reading time":"25 minutes"},"schema":{"@context":"https:\/\/schema.org","@graph":[{"@type":"Article","@id":"https:\/\/ihedn.fr\/lundis-de-lihedn\/sylvie-bermann-en-diplomatie-la-france-a-souvent-un-effet-dentrainement\/#article","isPartOf":{"@id":"https:\/\/ihedn.fr\/lundis-de-lihedn\/sylvie-bermann-en-diplomatie-la-france-a-souvent-un-effet-dentrainement\/"},"author":{"name":"Coline Dassonville","@id":"https:\/\/ihedn.fr\/#\/schema\/person\/7a52e81319c373f5462ade39e81a7f19"},"headline":"Sylvie Bermann : \u00ab En diplomatie, la France a souvent un effet d&rsquo;entra\u00eenement \u00bb","datePublished":"2026-03-13T15:52:59+00:00","mainEntityOfPage":{"@id":"https:\/\/ihedn.fr\/lundis-de-lihedn\/sylvie-bermann-en-diplomatie-la-france-a-souvent-un-effet-dentrainement\/"},"wordCount":5445,"publisher":{"@id":"https:\/\/ihedn.fr\/#organization"},"image":{"@id":"https:\/\/ihedn.fr\/lundis-de-lihedn\/sylvie-bermann-en-diplomatie-la-france-a-souvent-un-effet-dentrainement\/#primaryimage"},"thumbnailUrl":"https:\/\/ihedn.fr\/wp-content\/uploads\/2026\/03\/Bandeau_ITW_BERMANN.jpg","articleSection":["Lundis de l'IHEDN","Notre s\u00e9lection"],"inLanguage":"en-GB"},{"@type":"WebPage","@id":"https:\/\/ihedn.fr\/lundis-de-lihedn\/sylvie-bermann-en-diplomatie-la-france-a-souvent-un-effet-dentrainement\/","url":"https:\/\/ihedn.fr\/lundis-de-lihedn\/sylvie-bermann-en-diplomatie-la-france-a-souvent-un-effet-dentrainement\/","name":"Sylvie Bermann: \u00abIn diplomacy, France often has a knock-on effect\u00bb - L'IHEDN : Institut des hautes \u00e9tudes de d\u00e9fense nationale (Graduate Institute of National Defence)","isPartOf":{"@id":"https:\/\/ihedn.fr\/#website"},"primaryImageOfPage":{"@id":"https:\/\/ihedn.fr\/lundis-de-lihedn\/sylvie-bermann-en-diplomatie-la-france-a-souvent-un-effet-dentrainement\/#primaryimage"},"image":{"@id":"https:\/\/ihedn.fr\/lundis-de-lihedn\/sylvie-bermann-en-diplomatie-la-france-a-souvent-un-effet-dentrainement\/#primaryimage"},"thumbnailUrl":"https:\/\/ihedn.fr\/wp-content\/uploads\/2026\/03\/Bandeau_ITW_BERMANN.jpg","datePublished":"2026-03-13T15:52:59+00:00","description":"Two weeks after the capture of Nicol\u00e1s Maduro, researcher Thomas Posado, a specialist in the Bolivarian Republic and Cuba, analyses the context and possible consequences of the operation ordered by Donald Trump, which could \u00abexacerbate the difficulties and feed the migratory axes that he denounces\u00bb.","breadcrumb":{"@id":"https:\/\/ihedn.fr\/lundis-de-lihedn\/sylvie-bermann-en-diplomatie-la-france-a-souvent-un-effet-dentrainement\/#breadcrumb"},"inLanguage":"en-GB","potentialAction":[{"@type":"ReadAction","target":["https:\/\/ihedn.fr\/lundis-de-lihedn\/sylvie-bermann-en-diplomatie-la-france-a-souvent-un-effet-dentrainement\/"]}]},{"@type":"ImageObject","inLanguage":"en-GB","@id":"https:\/\/ihedn.fr\/lundis-de-lihedn\/sylvie-bermann-en-diplomatie-la-france-a-souvent-un-effet-dentrainement\/#primaryimage","url":"https:\/\/ihedn.fr\/wp-content\/uploads\/2026\/03\/Bandeau_ITW_BERMANN.jpg","contentUrl":"https:\/\/ihedn.fr\/wp-content\/uploads\/2026\/03\/Bandeau_ITW_BERMANN.jpg","width":1920,"height":960,"caption":"Lundi de l'IHEDN : Sylvie Bermann : \u00ab En diplomatie, la France a souvent un effet d'entra\u00eenement \u00bb"},{"@type":"BreadcrumbList","@id":"https:\/\/ihedn.fr\/lundis-de-lihedn\/sylvie-bermann-en-diplomatie-la-france-a-souvent-un-effet-dentrainement\/#breadcrumb","itemListElement":[{"@type":"ListItem","position":1,"name":"Accueil","item":"https:\/\/ihedn.fr\/"},{"@type":"ListItem","position":2,"name":"Sylvie Bermann : \u00ab En diplomatie, la France a souvent un effet d&rsquo;entra\u00eenement \u00bb"}]},{"@type":"WebSite","@id":"https:\/\/ihedn.fr\/#website","url":"https:\/\/ihedn.fr\/","name":"IHEDN: Institut des hautes \u00e9tudes de d\u00e9fense nationale (Institute for Higher National Defence Studies)","description":"Official website of the IHEDN under the supervision of the Prime Minister.","publisher":{"@id":"https:\/\/ihedn.fr\/#organization"},"potentialAction":[{"@type":"SearchAction","target":{"@type":"EntryPoint","urlTemplate":"https:\/\/ihedn.fr\/?s={search_term_string}"},"query-input":{"@type":"PropertyValueSpecification","valueRequired":true,"valueName":"search_term_string"}}],"inLanguage":"en-GB"},{"@type":"Organization","@id":"https:\/\/ihedn.fr\/#organization","name":"IHEDN - Institute for Higher National Defence Studies","url":"https:\/\/ihedn.fr\/","logo":{"@type":"ImageObject","inLanguage":"en-GB","@id":"https:\/\/ihedn.fr\/#\/schema\/logo\/image\/","url":"https:\/\/ihedn.fr\/wp-content\/uploads\/2020\/11\/BLOC_RF_IHEDN_WEB.png","contentUrl":"https:\/\/ihedn.fr\/wp-content\/uploads\/2020\/11\/BLOC_RF_IHEDN_WEB.png","width":500,"height":237,"caption":"IHEDN - Institut des Hautes Etudes de D\u00e9fense Nationale"},"image":{"@id":"https:\/\/ihedn.fr\/#\/schema\/logo\/image\/"},"sameAs":["https:\/\/www.facebook.com\/ihedn\/","https:\/\/x.com\/IHEDN","https:\/\/www.instagram.com\/ihedn\/","https:\/\/www.linkedin.com\/school\/ihedn\/","https:\/\/fr.wikipedia.org\/wiki\/Institut_des_hautes_\u00e9tudes_de_D\u00e9fense_nationale"]},{"@type":"Person","@id":"https:\/\/ihedn.fr\/#\/schema\/person\/7a52e81319c373f5462ade39e81a7f19","name":"Coline Dassonville","image":{"@type":"ImageObject","inLanguage":"en-GB","@id":"https:\/\/secure.gravatar.com\/avatar\/abc7cbc6297b987d7cbee36041f952619e584620b919eb849c804adf789c1147?s=96&d=mm&r=g","url":"https:\/\/secure.gravatar.com\/avatar\/abc7cbc6297b987d7cbee36041f952619e584620b919eb849c804adf789c1147?s=96&d=mm&r=g","contentUrl":"https:\/\/secure.gravatar.com\/avatar\/abc7cbc6297b987d7cbee36041f952619e584620b919eb849c804adf789c1147?s=96&d=mm&r=g","caption":"Coline Dassonville"},"url":"https:\/\/ihedn.fr\/en\/author\/coline\/"}]}},"publishpress_future_action":{"enabled":false,"date":"2026-05-06 09:02:18","action":"change-status","newStatus":"draft","terms":[],"taxonomy":"category","extraData":[]},"publishpress_future_workflow_manual_trigger":{"enabledWorkflows":[]},"_links":{"self":[{"href":"https:\/\/ihedn.fr\/en\/wp-json\/wp\/v2\/posts\/58782","targetHints":{"allow":["GET"]}}],"collection":[{"href":"https:\/\/ihedn.fr\/en\/wp-json\/wp\/v2\/posts"}],"about":[{"href":"https:\/\/ihedn.fr\/en\/wp-json\/wp\/v2\/types\/post"}],"author":[{"embeddable":true,"href":"https:\/\/ihedn.fr\/en\/wp-json\/wp\/v2\/users\/14"}],"replies":[{"embeddable":true,"href":"https:\/\/ihedn.fr\/en\/wp-json\/wp\/v2\/comments?post=58782"}],"version-history":[{"count":11,"href":"https:\/\/ihedn.fr\/en\/wp-json\/wp\/v2\/posts\/58782\/revisions"}],"predecessor-version":[{"id":58871,"href":"https:\/\/ihedn.fr\/en\/wp-json\/wp\/v2\/posts\/58782\/revisions\/58871"}],"wp:featuredmedia":[{"embeddable":true,"href":"https:\/\/ihedn.fr\/en\/wp-json\/wp\/v2\/media\/58789"}],"wp:attachment":[{"href":"https:\/\/ihedn.fr\/en\/wp-json\/wp\/v2\/media?parent=58782"}],"wp:term":[{"taxonomy":"category","embeddable":true,"href":"https:\/\/ihedn.fr\/en\/wp-json\/wp\/v2\/categories?post=58782"},{"taxonomy":"post_tag","embeddable":true,"href":"https:\/\/ihedn.fr\/en\/wp-json\/wp\/v2\/tags?post=58782"}],"curies":[{"name":"wp","href":"https:\/\/api.w.org\/{rel}","templated":true}]}}