{"id":58988,"date":"2026-03-20T15:36:02","date_gmt":"2026-03-20T14:36:02","guid":{"rendered":"https:\/\/ihedn.fr\/?p=58988"},"modified":"2026-03-20T15:36:36","modified_gmt":"2026-03-20T14:36:36","slug":"afrique-en-mouvement-un-seminaire-pour-repenser-les-partenariats-franco-africains","status":"publish","type":"post","link":"https:\/\/ihedn.fr\/en\/notre-actualite\/afrique-en-mouvement-un-seminaire-pour-repenser-les-partenariats-franco-africains\/","title":{"rendered":"Africa on the move: a seminar to rethink Franco-African partnerships"},"content":{"rendered":"<div data-elementor-type=\"wp-post\" data-elementor-id=\"58988\" class=\"elementor elementor-58988\" data-elementor-post-type=\"post\">\n\t\t\t\t<div data-particle_enable=\"false\" data-particle-mobile-disabled=\"false\" class=\"elementor-element elementor-element-717320d e-flex e-con-boxed e-con e-parent\" data-id=\"717320d\" data-element_type=\"container\" data-e-type=\"container\">\n\t\t\t\t\t<div class=\"e-con-inner\">\n\t\t\t\t<div class=\"elementor-element elementor-element-f78a81b elementor-widget elementor-widget-text-editor\" data-id=\"f78a81b\" data-element_type=\"widget\" data-e-type=\"widget\" data-widget_type=\"text-editor.default\">\n\t\t\t\t<div class=\"elementor-widget-container\">\n\t\t\t\t\t\t\t\t\t<p>On 25 February, IHEDN organised the Africa on the Move seminar in partnership with the French Foreign Trade Advisors (CCE), under the sponsorship of the French Council of Investors in Africa (Cian).<\/p><p>This day of reflection was devoted to a central and highly topical question: what levers can be mobilised to consolidate and develop a relationship between France and Africa based on shared interests?<\/p><p>Structured around four round tables, the seminar addressed the major issues that are redefining the Franco-African balance today:<\/p><ul><li>the challenges of information and disinformation,<\/li><li>security cooperation,<\/li><li>cultural, sporting and artistic activities,<\/li><li>the place and vision of French companies on the continent.<\/li><\/ul><p>\u00a0<\/p><p>By bringing together institutional, diplomatic, military, economic and social players, this event provided a genuine forum for dialogue. The discussions enabled concrete proposals to emerge in the face of the changes taking place, both in Africa and internationally.<\/p><p>This seminar fully illustrates the ambition of the partnership between IHEDN and the French Foreign Trade Advisors: to strengthen synergies between public and private players in order to provide coherent, plural and coordinated responses to complex issues.<\/p>\t\t\t\t\t\t\t\t<\/div>\n\t\t\t\t<\/div>\n\t\t\t\t<div class=\"elementor-element elementor-element-427c0b8 gallery-spacing-custom elementor-widget elementor-widget-image-gallery\" data-id=\"427c0b8\" data-element_type=\"widget\" data-e-type=\"widget\" data-widget_type=\"image-gallery.default\">\n\t\t\t\t<div class=\"elementor-widget-container\">\n\t\t\t\t\t\t\t<div class=\"elementor-image-gallery\">\n\t\t\t<div id='gallery-1' class='gallery galleryid-58988 gallery-columns-2 gallery-size-full'><figure class='gallery-item'>\n\t\t\t<div class='gallery-icon landscape'>\n\t\t\t\t<a data-elementor-open-lightbox=\"yes\" data-elementor-lightbox-slideshow=\"427c0b8\" data-e-action-hash=\"#elementor-action%3Aaction%3Dlightbox%26settings%3DeyJpZCI6NTg5OTQsInVybCI6Imh0dHBzOlwvXC9paGVkbi5mclwvd3AtY29udGVudFwvdXBsb2Fkc1wvMjAyNlwvMDNcL1NlbWluYWlyZS1JSEVETl9DQ0UtMjAyNi1QaG90by0xLmpwZyIsInNsaWRlc2hvdyI6IjQyN2MwYjgifQ%3D%3D\" href='https:\/\/ihedn.fr\/wp-content\/uploads\/2026\/03\/Seminaire-IHEDN_CCE-2026-Photo-1.jpg'><img fetchpriority=\"high\" decoding=\"async\" width=\"1920\" height=\"1440\" src=\"https:\/\/ihedn.fr\/wp-content\/uploads\/2026\/03\/Seminaire-IHEDN_CCE-2026-Photo-1.jpg\" class=\"attachment-full size-full\" alt=\"\" srcset=\"https:\/\/ihedn.fr\/wp-content\/uploads\/2026\/03\/Seminaire-IHEDN_CCE-2026-Photo-1.jpg 1920w, https:\/\/ihedn.fr\/wp-content\/uploads\/2026\/03\/Seminaire-IHEDN_CCE-2026-Photo-1-1536x1152.jpg 1536w, https:\/\/ihedn.fr\/wp-content\/uploads\/2026\/03\/Seminaire-IHEDN_CCE-2026-Photo-1-16x12.jpg 16w\" sizes=\"(max-width: 1920px) 100vw, 1920px\" \/><\/a>\n\t\t\t<\/div><\/figure><figure class='gallery-item'>\n\t\t\t<div class='gallery-icon landscape'>\n\t\t\t\t<a data-elementor-open-lightbox=\"yes\" data-elementor-lightbox-slideshow=\"427c0b8\" data-e-action-hash=\"#elementor-action%3Aaction%3Dlightbox%26settings%3DeyJpZCI6NTg5OTUsInVybCI6Imh0dHBzOlwvXC9paGVkbi5mclwvd3AtY29udGVudFwvdXBsb2Fkc1wvMjAyNlwvMDNcL1NlbWluYWlyZS1JSEVETl9DQ0UtMjAyNi1QaG90by0yLmpwZWciLCJzbGlkZXNob3ciOiI0MjdjMGI4In0%3D\" href='https:\/\/ihedn.fr\/wp-content\/uploads\/2026\/03\/Seminaire-IHEDN_CCE-2026-Photo-2.jpeg'><img decoding=\"async\" width=\"1920\" height=\"1440\" src=\"https:\/\/ihedn.fr\/wp-content\/uploads\/2026\/03\/Seminaire-IHEDN_CCE-2026-Photo-2.jpeg\" class=\"attachment-full size-full\" alt=\"\" srcset=\"https:\/\/ihedn.fr\/wp-content\/uploads\/2026\/03\/Seminaire-IHEDN_CCE-2026-Photo-2.jpeg 1920w, https:\/\/ihedn.fr\/wp-content\/uploads\/2026\/03\/Seminaire-IHEDN_CCE-2026-Photo-2-1536x1152.jpeg 1536w, https:\/\/ihedn.fr\/wp-content\/uploads\/2026\/03\/Seminaire-IHEDN_CCE-2026-Photo-2-16x12.jpeg 16w\" sizes=\"(max-width: 1920px) 100vw, 1920px\" \/><\/a>\n\t\t\t<\/div><\/figure>\n\t\t<\/div>\n\t\t<\/div>\n\t\t\t\t\t\t<\/div>\n\t\t\t\t<\/div>\n\t\t\t\t\t<\/div>\n\t\t\t\t<\/div>\n\t\t\t\t<\/div>","protected":false},"excerpt":{"rendered":"<p>A seminar devoted to the contemporary dynamics of the African continent brought together experts and decision-makers with a common objective: to rethink the relationship between France and Africa in the light of current challenges.<\/p>","protected":false},"author":14,"featured_media":59046,"comment_status":"closed","ping_status":"closed","sticky":false,"template":"","format":"standard","meta":{"footnotes":""},"categories":[172],"tags":[],"class_list":["post-58988","post","type-post","status-publish","format-standard","has-post-thumbnail","hentry","category-notre-actualite"],"yoast_head":"<!-- This site is optimized with the Yoast SEO plugin v27.5 - https:\/\/yoast.com\/product\/yoast-seo-wordpress\/ -->\n<title>Afrique en mouvement : un s\u00e9minaire pour repenser les partenariats franco-africains - L&#039;IHEDN : Institut des hautes \u00e9tudes de d\u00e9fense nationale<\/title>\n<meta name=\"robots\" content=\"index, follow, max-snippet:-1, max-image-preview:large, max-video-preview:-1\" \/>\n<link rel=\"canonical\" href=\"https:\/\/ihedn.fr\/en\/notre-actualite\/afrique-en-mouvement-un-seminaire-pour-repenser-les-partenariats-franco-africains\/\" \/>\n<meta property=\"og:locale\" content=\"en_GB\" \/>\n<meta property=\"og:type\" content=\"article\" \/>\n<meta property=\"og:title\" content=\"Afrique en mouvement : un s\u00e9minaire pour repenser les partenariats franco-africains - L&#039;IHEDN : Institut des hautes \u00e9tudes de d\u00e9fense nationale\" \/>\n<meta property=\"og:description\" content=\"Un s\u00e9minaire consacr\u00e9 aux dynamiques contemporaines du continent africain a r\u00e9uni experts et d\u00e9cideurs autour d\u2019un objectif commun : repenser la relation entre la France et l\u2019Afrique \u00e0 l\u2019aune des d\u00e9fis actuels.\" \/>\n<meta property=\"og:url\" content=\"https:\/\/ihedn.fr\/en\/notre-actualite\/afrique-en-mouvement-un-seminaire-pour-repenser-les-partenariats-franco-africains\/\" \/>\n<meta property=\"og:site_name\" content=\"L&#039;IHEDN : Institut des hautes \u00e9tudes de d\u00e9fense nationale\" \/>\n<meta property=\"article:publisher\" content=\"https:\/\/www.facebook.com\/ihedn\/\" \/>\n<meta property=\"article:published_time\" content=\"2026-03-20T14:36:02+00:00\" \/>\n<meta property=\"article:modified_time\" content=\"2026-03-20T14:36:36+00:00\" \/>\n<meta property=\"og:image\" content=\"https:\/\/ihedn.fr\/wp-content\/uploads\/2026\/03\/afrique-en-mouvement.jpg\" \/>\n\t<meta property=\"og:image:width\" content=\"1920\" \/>\n\t<meta property=\"og:image:height\" content=\"1080\" \/>\n\t<meta property=\"og:image:type\" content=\"image\/jpeg\" \/>\n<meta name=\"author\" content=\"Coline Dassonville\" \/>\n<meta name=\"twitter:card\" content=\"summary_large_image\" \/>\n<meta name=\"twitter:creator\" content=\"@IHEDN\" \/>\n<meta name=\"twitter:site\" content=\"@IHEDN\" \/>\n<meta name=\"twitter:label1\" content=\"Written by\" \/>\n\t<meta name=\"twitter:data1\" content=\"Coline Dassonville\" \/>\n\t<meta name=\"twitter:label2\" content=\"Estimated reading time\" \/>\n\t<meta name=\"twitter:data2\" content=\"2 minutes\" \/>\n<script type=\"application\/ld+json\" class=\"yoast-schema-graph\">{\"@context\":\"https:\\\/\\\/schema.org\",\"@graph\":[{\"@type\":\"Article\",\"@id\":\"https:\\\/\\\/ihedn.fr\\\/notre-actualite\\\/afrique-en-mouvement-un-seminaire-pour-repenser-les-partenariats-franco-africains\\\/#article\",\"isPartOf\":{\"@id\":\"https:\\\/\\\/ihedn.fr\\\/notre-actualite\\\/afrique-en-mouvement-un-seminaire-pour-repenser-les-partenariats-franco-africains\\\/\"},\"author\":{\"name\":\"Coline Dassonville\",\"@id\":\"https:\\\/\\\/ihedn.fr\\\/#\\\/schema\\\/person\\\/7a52e81319c373f5462ade39e81a7f19\"},\"headline\":\"Afrique en mouvement : un s\u00e9minaire pour repenser les partenariats franco-africains\",\"datePublished\":\"2026-03-20T14:36:02+00:00\",\"dateModified\":\"2026-03-20T14:36:36+00:00\",\"mainEntityOfPage\":{\"@id\":\"https:\\\/\\\/ihedn.fr\\\/notre-actualite\\\/afrique-en-mouvement-un-seminaire-pour-repenser-les-partenariats-franco-africains\\\/\"},\"wordCount\":244,\"publisher\":{\"@id\":\"https:\\\/\\\/ihedn.fr\\\/#organization\"},\"image\":{\"@id\":\"https:\\\/\\\/ihedn.fr\\\/notre-actualite\\\/afrique-en-mouvement-un-seminaire-pour-repenser-les-partenariats-franco-africains\\\/#primaryimage\"},\"thumbnailUrl\":\"https:\\\/\\\/ihedn.fr\\\/wp-content\\\/uploads\\\/2026\\\/03\\\/afrique-en-mouvement.jpg\",\"articleSection\":[\"Notre actualit\u00e9\"],\"inLanguage\":\"en-GB\"},{\"@type\":\"WebPage\",\"@id\":\"https:\\\/\\\/ihedn.fr\\\/notre-actualite\\\/afrique-en-mouvement-un-seminaire-pour-repenser-les-partenariats-franco-africains\\\/\",\"url\":\"https:\\\/\\\/ihedn.fr\\\/notre-actualite\\\/afrique-en-mouvement-un-seminaire-pour-repenser-les-partenariats-franco-africains\\\/\",\"name\":\"Afrique en mouvement : un s\u00e9minaire pour repenser les partenariats franco-africains - L&#039;IHEDN : Institut des hautes \u00e9tudes de d\u00e9fense nationale\",\"isPartOf\":{\"@id\":\"https:\\\/\\\/ihedn.fr\\\/#website\"},\"primaryImageOfPage\":{\"@id\":\"https:\\\/\\\/ihedn.fr\\\/notre-actualite\\\/afrique-en-mouvement-un-seminaire-pour-repenser-les-partenariats-franco-africains\\\/#primaryimage\"},\"image\":{\"@id\":\"https:\\\/\\\/ihedn.fr\\\/notre-actualite\\\/afrique-en-mouvement-un-seminaire-pour-repenser-les-partenariats-franco-africains\\\/#primaryimage\"},\"thumbnailUrl\":\"https:\\\/\\\/ihedn.fr\\\/wp-content\\\/uploads\\\/2026\\\/03\\\/afrique-en-mouvement.jpg\",\"datePublished\":\"2026-03-20T14:36:02+00:00\",\"dateModified\":\"2026-03-20T14:36:36+00:00\",\"breadcrumb\":{\"@id\":\"https:\\\/\\\/ihedn.fr\\\/notre-actualite\\\/afrique-en-mouvement-un-seminaire-pour-repenser-les-partenariats-franco-africains\\\/#breadcrumb\"},\"inLanguage\":\"en-GB\",\"potentialAction\":[{\"@type\":\"ReadAction\",\"target\":[\"https:\\\/\\\/ihedn.fr\\\/notre-actualite\\\/afrique-en-mouvement-un-seminaire-pour-repenser-les-partenariats-franco-africains\\\/\"]}]},{\"@type\":\"ImageObject\",\"inLanguage\":\"en-GB\",\"@id\":\"https:\\\/\\\/ihedn.fr\\\/notre-actualite\\\/afrique-en-mouvement-un-seminaire-pour-repenser-les-partenariats-franco-africains\\\/#primaryimage\",\"url\":\"https:\\\/\\\/ihedn.fr\\\/wp-content\\\/uploads\\\/2026\\\/03\\\/afrique-en-mouvement.jpg\",\"contentUrl\":\"https:\\\/\\\/ihedn.fr\\\/wp-content\\\/uploads\\\/2026\\\/03\\\/afrique-en-mouvement.jpg\",\"width\":1920,\"height\":1080},{\"@type\":\"BreadcrumbList\",\"@id\":\"https:\\\/\\\/ihedn.fr\\\/notre-actualite\\\/afrique-en-mouvement-un-seminaire-pour-repenser-les-partenariats-franco-africains\\\/#breadcrumb\",\"itemListElement\":[{\"@type\":\"ListItem\",\"position\":1,\"name\":\"Accueil\",\"item\":\"https:\\\/\\\/ihedn.fr\\\/\"},{\"@type\":\"ListItem\",\"position\":2,\"name\":\"Afrique en mouvement : un s\u00e9minaire pour repenser les partenariats franco-africains\"}]},{\"@type\":\"WebSite\",\"@id\":\"https:\\\/\\\/ihedn.fr\\\/#website\",\"url\":\"https:\\\/\\\/ihedn.fr\\\/\",\"name\":\"IHEDN : Institut des hautes \u00e9tudes de d\u00e9fense nationale |\",\"description\":\"Site officiel de l&#039;IHEDN plac\u00e9 sous la tutelle du Premier ministre.\",\"publisher\":{\"@id\":\"https:\\\/\\\/ihedn.fr\\\/#organization\"},\"potentialAction\":[{\"@type\":\"SearchAction\",\"target\":{\"@type\":\"EntryPoint\",\"urlTemplate\":\"https:\\\/\\\/ihedn.fr\\\/?s={search_term_string}\"},\"query-input\":{\"@type\":\"PropertyValueSpecification\",\"valueRequired\":true,\"valueName\":\"search_term_string\"}}],\"inLanguage\":\"en-GB\"},{\"@type\":\"Organization\",\"@id\":\"https:\\\/\\\/ihedn.fr\\\/#organization\",\"name\":\"IHEDN - Institut des Hautes Etudes de D\u00e9fense Nationale\",\"url\":\"https:\\\/\\\/ihedn.fr\\\/\",\"logo\":{\"@type\":\"ImageObject\",\"inLanguage\":\"en-GB\",\"@id\":\"https:\\\/\\\/ihedn.fr\\\/#\\\/schema\\\/logo\\\/image\\\/\",\"url\":\"https:\\\/\\\/ihedn.fr\\\/wp-content\\\/uploads\\\/2020\\\/11\\\/BLOC_RF_IHEDN_WEB.png\",\"contentUrl\":\"https:\\\/\\\/ihedn.fr\\\/wp-content\\\/uploads\\\/2020\\\/11\\\/BLOC_RF_IHEDN_WEB.png\",\"width\":500,\"height\":237,\"caption\":\"IHEDN - Institut des Hautes Etudes de D\u00e9fense Nationale\"},\"image\":{\"@id\":\"https:\\\/\\\/ihedn.fr\\\/#\\\/schema\\\/logo\\\/image\\\/\"},\"sameAs\":[\"https:\\\/\\\/www.facebook.com\\\/ihedn\\\/\",\"https:\\\/\\\/x.com\\\/IHEDN\",\"https:\\\/\\\/www.instagram.com\\\/ihedn\\\/\",\"https:\\\/\\\/www.linkedin.com\\\/school\\\/ihedn\\\/\",\"https:\\\/\\\/fr.wikipedia.org\\\/wiki\\\/Institut_des_hautes_\u00e9tudes_de_D\u00e9fense_nationale\"]},{\"@type\":\"Person\",\"@id\":\"https:\\\/\\\/ihedn.fr\\\/#\\\/schema\\\/person\\\/7a52e81319c373f5462ade39e81a7f19\",\"name\":\"Coline Dassonville\",\"image\":{\"@type\":\"ImageObject\",\"inLanguage\":\"en-GB\",\"@id\":\"https:\\\/\\\/secure.gravatar.com\\\/avatar\\\/abc7cbc6297b987d7cbee36041f952619e584620b919eb849c804adf789c1147?s=96&d=mm&r=g\",\"url\":\"https:\\\/\\\/secure.gravatar.com\\\/avatar\\\/abc7cbc6297b987d7cbee36041f952619e584620b919eb849c804adf789c1147?s=96&d=mm&r=g\",\"contentUrl\":\"https:\\\/\\\/secure.gravatar.com\\\/avatar\\\/abc7cbc6297b987d7cbee36041f952619e584620b919eb849c804adf789c1147?s=96&d=mm&r=g\",\"caption\":\"Coline Dassonville\"},\"url\":\"https:\\\/\\\/ihedn.fr\\\/en\\\/author\\\/coline\\\/\"}]}<\/script>\n<!-- \/ Yoast SEO plugin. -->","yoast_head_json":{"title":"Africa on the move: a seminar to rethink Franco-African partnerships - L'IHEDN : Institut des hautes \u00e9tudes de d\u00e9fense nationale","robots":{"index":"index","follow":"follow","max-snippet":"max-snippet:-1","max-image-preview":"max-image-preview:large","max-video-preview":"max-video-preview:-1"},"canonical":"https:\/\/ihedn.fr\/en\/notre-actualite\/afrique-en-mouvement-un-seminaire-pour-repenser-les-partenariats-franco-africains\/","og_locale":"en_GB","og_type":"article","og_title":"Afrique en mouvement : un s\u00e9minaire pour repenser les partenariats franco-africains - L&#039;IHEDN : Institut des hautes \u00e9tudes de d\u00e9fense nationale","og_description":"Un s\u00e9minaire consacr\u00e9 aux dynamiques contemporaines du continent africain a r\u00e9uni experts et d\u00e9cideurs autour d\u2019un objectif commun : repenser la relation entre la France et l\u2019Afrique \u00e0 l\u2019aune des d\u00e9fis actuels.","og_url":"https:\/\/ihedn.fr\/en\/notre-actualite\/afrique-en-mouvement-un-seminaire-pour-repenser-les-partenariats-franco-africains\/","og_site_name":"L&#039;IHEDN : Institut des hautes \u00e9tudes de d\u00e9fense nationale","article_publisher":"https:\/\/www.facebook.com\/ihedn\/","article_published_time":"2026-03-20T14:36:02+00:00","article_modified_time":"2026-03-20T14:36:36+00:00","og_image":[{"width":1920,"height":1080,"url":"https:\/\/ihedn.fr\/wp-content\/uploads\/2026\/03\/afrique-en-mouvement.jpg","type":"image\/jpeg"}],"author":"Coline Dassonville","twitter_card":"summary_large_image","twitter_creator":"@IHEDN","twitter_site":"@IHEDN","twitter_misc":{"Written by":"Coline Dassonville","Estimated reading time":"2 minutes"},"schema":{"@context":"https:\/\/schema.org","@graph":[{"@type":"Article","@id":"https:\/\/ihedn.fr\/notre-actualite\/afrique-en-mouvement-un-seminaire-pour-repenser-les-partenariats-franco-africains\/#article","isPartOf":{"@id":"https:\/\/ihedn.fr\/notre-actualite\/afrique-en-mouvement-un-seminaire-pour-repenser-les-partenariats-franco-africains\/"},"author":{"name":"Coline Dassonville","@id":"https:\/\/ihedn.fr\/#\/schema\/person\/7a52e81319c373f5462ade39e81a7f19"},"headline":"Afrique en mouvement : un s\u00e9minaire pour repenser les partenariats franco-africains","datePublished":"2026-03-20T14:36:02+00:00","dateModified":"2026-03-20T14:36:36+00:00","mainEntityOfPage":{"@id":"https:\/\/ihedn.fr\/notre-actualite\/afrique-en-mouvement-un-seminaire-pour-repenser-les-partenariats-franco-africains\/"},"wordCount":244,"publisher":{"@id":"https:\/\/ihedn.fr\/#organization"},"image":{"@id":"https:\/\/ihedn.fr\/notre-actualite\/afrique-en-mouvement-un-seminaire-pour-repenser-les-partenariats-franco-africains\/#primaryimage"},"thumbnailUrl":"https:\/\/ihedn.fr\/wp-content\/uploads\/2026\/03\/afrique-en-mouvement.jpg","articleSection":["Notre actualit\u00e9"],"inLanguage":"en-GB"},{"@type":"WebPage","@id":"https:\/\/ihedn.fr\/notre-actualite\/afrique-en-mouvement-un-seminaire-pour-repenser-les-partenariats-franco-africains\/","url":"https:\/\/ihedn.fr\/notre-actualite\/afrique-en-mouvement-un-seminaire-pour-repenser-les-partenariats-franco-africains\/","name":"Africa on the move: a seminar to rethink Franco-African partnerships - L'IHEDN : Institut des hautes \u00e9tudes de d\u00e9fense nationale","isPartOf":{"@id":"https:\/\/ihedn.fr\/#website"},"primaryImageOfPage":{"@id":"https:\/\/ihedn.fr\/notre-actualite\/afrique-en-mouvement-un-seminaire-pour-repenser-les-partenariats-franco-africains\/#primaryimage"},"image":{"@id":"https:\/\/ihedn.fr\/notre-actualite\/afrique-en-mouvement-un-seminaire-pour-repenser-les-partenariats-franco-africains\/#primaryimage"},"thumbnailUrl":"https:\/\/ihedn.fr\/wp-content\/uploads\/2026\/03\/afrique-en-mouvement.jpg","datePublished":"2026-03-20T14:36:02+00:00","dateModified":"2026-03-20T14:36:36+00:00","breadcrumb":{"@id":"https:\/\/ihedn.fr\/notre-actualite\/afrique-en-mouvement-un-seminaire-pour-repenser-les-partenariats-franco-africains\/#breadcrumb"},"inLanguage":"en-GB","potentialAction":[{"@type":"ReadAction","target":["https:\/\/ihedn.fr\/notre-actualite\/afrique-en-mouvement-un-seminaire-pour-repenser-les-partenariats-franco-africains\/"]}]},{"@type":"ImageObject","inLanguage":"en-GB","@id":"https:\/\/ihedn.fr\/notre-actualite\/afrique-en-mouvement-un-seminaire-pour-repenser-les-partenariats-franco-africains\/#primaryimage","url":"https:\/\/ihedn.fr\/wp-content\/uploads\/2026\/03\/afrique-en-mouvement.jpg","contentUrl":"https:\/\/ihedn.fr\/wp-content\/uploads\/2026\/03\/afrique-en-mouvement.jpg","width":1920,"height":1080},{"@type":"BreadcrumbList","@id":"https:\/\/ihedn.fr\/notre-actualite\/afrique-en-mouvement-un-seminaire-pour-repenser-les-partenariats-franco-africains\/#breadcrumb","itemListElement":[{"@type":"ListItem","position":1,"name":"Accueil","item":"https:\/\/ihedn.fr\/"},{"@type":"ListItem","position":2,"name":"Afrique en mouvement : un s\u00e9minaire pour repenser les partenariats franco-africains"}]},{"@type":"WebSite","@id":"https:\/\/ihedn.fr\/#website","url":"https:\/\/ihedn.fr\/","name":"IHEDN: Institut des hautes \u00e9tudes de d\u00e9fense nationale (Institute for Higher National Defence Studies)","description":"Official website of the IHEDN under the supervision of the Prime Minister.","publisher":{"@id":"https:\/\/ihedn.fr\/#organization"},"potentialAction":[{"@type":"SearchAction","target":{"@type":"EntryPoint","urlTemplate":"https:\/\/ihedn.fr\/?s={search_term_string}"},"query-input":{"@type":"PropertyValueSpecification","valueRequired":true,"valueName":"search_term_string"}}],"inLanguage":"en-GB"},{"@type":"Organization","@id":"https:\/\/ihedn.fr\/#organization","name":"IHEDN - Institute for Higher National Defence Studies","url":"https:\/\/ihedn.fr\/","logo":{"@type":"ImageObject","inLanguage":"en-GB","@id":"https:\/\/ihedn.fr\/#\/schema\/logo\/image\/","url":"https:\/\/ihedn.fr\/wp-content\/uploads\/2020\/11\/BLOC_RF_IHEDN_WEB.png","contentUrl":"https:\/\/ihedn.fr\/wp-content\/uploads\/2020\/11\/BLOC_RF_IHEDN_WEB.png","width":500,"height":237,"caption":"IHEDN - Institut des Hautes Etudes de D\u00e9fense Nationale"},"image":{"@id":"https:\/\/ihedn.fr\/#\/schema\/logo\/image\/"},"sameAs":["https:\/\/www.facebook.com\/ihedn\/","https:\/\/x.com\/IHEDN","https:\/\/www.instagram.com\/ihedn\/","https:\/\/www.linkedin.com\/school\/ihedn\/","https:\/\/fr.wikipedia.org\/wiki\/Institut_des_hautes_\u00e9tudes_de_D\u00e9fense_nationale"]},{"@type":"Person","@id":"https:\/\/ihedn.fr\/#\/schema\/person\/7a52e81319c373f5462ade39e81a7f19","name":"Coline Dassonville","image":{"@type":"ImageObject","inLanguage":"en-GB","@id":"https:\/\/secure.gravatar.com\/avatar\/abc7cbc6297b987d7cbee36041f952619e584620b919eb849c804adf789c1147?s=96&d=mm&r=g","url":"https:\/\/secure.gravatar.com\/avatar\/abc7cbc6297b987d7cbee36041f952619e584620b919eb849c804adf789c1147?s=96&d=mm&r=g","contentUrl":"https:\/\/secure.gravatar.com\/avatar\/abc7cbc6297b987d7cbee36041f952619e584620b919eb849c804adf789c1147?s=96&d=mm&r=g","caption":"Coline Dassonville"},"url":"https:\/\/ihedn.fr\/en\/author\/coline\/"}]}},"publishpress_future_action":{"enabled":false,"date":"2026-05-06 06:41:21","action":"change-status","newStatus":"draft","terms":[],"taxonomy":"category","extraData":[]},"publishpress_future_workflow_manual_trigger":{"enabledWorkflows":[]},"_links":{"self":[{"href":"https:\/\/ihedn.fr\/en\/wp-json\/wp\/v2\/posts\/58988","targetHints":{"allow":["GET"]}}],"collection":[{"href":"https:\/\/ihedn.fr\/en\/wp-json\/wp\/v2\/posts"}],"about":[{"href":"https:\/\/ihedn.fr\/en\/wp-json\/wp\/v2\/types\/post"}],"author":[{"embeddable":true,"href":"https:\/\/ihedn.fr\/en\/wp-json\/wp\/v2\/users\/14"}],"replies":[{"embeddable":true,"href":"https:\/\/ihedn.fr\/en\/wp-json\/wp\/v2\/comments?post=58988"}],"version-history":[{"count":15,"href":"https:\/\/ihedn.fr\/en\/wp-json\/wp\/v2\/posts\/58988\/revisions"}],"predecessor-version":[{"id":59053,"href":"https:\/\/ihedn.fr\/en\/wp-json\/wp\/v2\/posts\/58988\/revisions\/59053"}],"wp:featuredmedia":[{"embeddable":true,"href":"https:\/\/ihedn.fr\/en\/wp-json\/wp\/v2\/media\/59046"}],"wp:attachment":[{"href":"https:\/\/ihedn.fr\/en\/wp-json\/wp\/v2\/media?parent=58988"}],"wp:term":[{"taxonomy":"category","embeddable":true,"href":"https:\/\/ihedn.fr\/en\/wp-json\/wp\/v2\/categories?post=58988"},{"taxonomy":"post_tag","embeddable":true,"href":"https:\/\/ihedn.fr\/en\/wp-json\/wp\/v2\/tags?post=58988"}],"curies":[{"name":"wp","href":"https:\/\/api.w.org\/{rel}","templated":true}]}}