{"id":59498,"date":"2026-04-10T14:11:43","date_gmt":"2026-04-10T13:11:43","guid":{"rendered":"https:\/\/ihedn.fr\/?p=59498"},"modified":"2026-04-10T14:11:43","modified_gmt":"2026-04-10T13:11:43","slug":"martial-foucault-la-mondialisation-est-de-plus-en-plus-percue-comme-un-espace-de-rivalite","status":"publish","type":"post","link":"https:\/\/ihedn.fr\/en\/lundis-de-lihedn\/martial-foucault-la-mondialisation-est-de-plus-en-plus-percue-comme-un-espace-de-rivalite\/","title":{"rendered":"Martial Foucault: \u00abGlobalisation is increasingly perceived as an area of rivalry\u00bb.\u00bb"},"content":{"rendered":"<div data-elementor-type=\"wp-post\" data-elementor-id=\"59498\" class=\"elementor elementor-59498\" data-elementor-post-type=\"post\">\n\t\t\t\t<div data-particle_enable=\"false\" data-particle-mobile-disabled=\"false\" class=\"elementor-element elementor-element-996fc96 e-flex e-con-boxed e-con e-parent\" data-id=\"996fc96\" data-element_type=\"container\" data-e-type=\"container\">\n\t\t\t\t\t<div class=\"e-con-inner\">\n\t\t\t\t<div class=\"elementor-element elementor-element-be8755d elementor-widget elementor-widget-heading\" data-id=\"be8755d\" data-element_type=\"widget\" data-e-type=\"widget\" data-widget_type=\"heading.default\">\n\t\t\t\t<div class=\"elementor-widget-container\">\n\t\t\t\t\t<h5 class=\"elementor-heading-title elementor-size-default\">IHEDN Mondays are now available in audio format!<\/h5>\t\t\t\t<\/div>\n\t\t\t\t<\/div>\n\t\t\t\t<div class=\"elementor-element elementor-element-12bc3a6 elementor-widget elementor-widget-text-editor\" data-id=\"12bc3a6\" data-element_type=\"widget\" data-e-type=\"widget\" data-widget_type=\"text-editor.default\">\n\t\t\t\t<div class=\"elementor-widget-container\">\n\t\t\t\t\t\t\t\t\t<p>Click below to listen:<\/p>\t\t\t\t\t\t\t\t<\/div>\n\t\t\t\t<\/div>\n\t\t\t\t<div class=\"elementor-element elementor-element-191a3b6 elementor-widget elementor-widget-html\" data-id=\"191a3b6\" data-element_type=\"widget\" data-e-type=\"widget\" data-widget_type=\"html.default\">\n\t\t\t\t<div class=\"elementor-widget-container\">\n\t\t\t\t\t<style>\n.player-container-1 {\n  width: 100%;\n  padding: 10px;\n  border-radius: 20px;\n  backdrop-filter: blur(15px);\n  background: rgba(255,255,255,0.15);\n  box-shadow: 0 3px 30px rgba(0,0,0,0.2);\n  display: flex;\n  flex-direction: inline;\n  align-items: flex-start;\n  color: #fff;\n  margin: 0 auto;\n  background-color: #053973;\n}\n\n#waveform-1 {\n  width: 100%;\n  height: 50px;\n  margin-bottom: 20px;\n}\n\n.controls-1 {\n  display: flex;\n  flex-direction: column;\n  align-items: center;\n  gap: 5px;\n}\n\n#playPause-1 {\n  width: 45px;\n  height: 45px;\n  border: none;\n  background: rgba(255,255,255,0.3);\n  backdrop-filter: blur(5px);\n  border-radius: 50%;\n  cursor: pointer;\n  display: flex;\n  justify-content: center;\n  align-items: center;\n  transition: background 0.2s;\n  padding: 0;\n}\n\n#playPause-1:hover {\n  background: rgba(255,255,255,0.5);\n}\n\n#playPause-1 svg {\n  width: 20px;\n  height: 20px;\n  fill: #fff;\n}\n\n#time-1 {\n  font-size: 16px;\n  text-align: center;\n  min-width: 80px;\n}\n\n.top-controls-1 {\n  width: 100%;\n  display: flex;\n  justify-content: space-between; \/* Play \u00e0 gauche \/ Time \u00e0 droite *\/\n  align-items: center;\n  margin-bottom: 5px;\n}\n\n.player-container-1 {\n  display: flex;\n  flex-direction: column;\n}\n\n#time-1 {\n  font-size: 16px;\n  text-align: right;\n}\n\n.player-container-1 {\n  width: 100%;\n  padding: 20px;\n  border-radius: 20px;\n  backdrop-filter: blur(15px);\n  background: rgba(255,255,255,0.15);\n  box-shadow: 0 3px 30px rgba(0,0,0,0.2);\n  display: flex;                   \/* LAYOUT EN LIGNE *\/\n  flex-direction: row;             \/* tout sur une seule ligne *\/\n  align-items: center;             \/* vertical alignment *\/\n  gap: 20px;                       \/* espace entre \u00e9l\u00e9ments *\/\n  color: #fff;\n  margin: 0 auto;\n  background-color: #053973;\n}\n\n#waveform-1 {\n  flex: 1;                         \/* prend toute la place disponible *\/\n  height: 50px;\n  align-items: center;\n}\n\n#time-1 {\n  min-width: 80px;\n  text-align: right;\n} \n<\/style>\n\n<script src=\"https:\/\/unpkg.com\/wavesurfer.js\"><\/script>\n\n<section>\n<div class=\"player-container-1\">\n\n  <button id=\"playPause-1\">\n    <!-- ton SVG Play -->\n    <svg version=\"1.1\" id=\"playSVG-1\" xmlns=\"http:\/\/www.w3.org\/2000\/svg\" x=\"0px\" y=\"0px\" viewbox=\"0 0 330 330\">\n      <path d=\"M37.728,328.12c2.266,1.256,4.77,1.88,7.272,1.88c2.763,0,5.522-0.763,7.95-2.28l240-149.999      c4.386-2.741,7.05-7.548,7.05-12.72c0-5.172-2.664-9.979-7.05-12.72L52.95,2.28c-4.625-2.891-10.453-3.043-15.222-0.4      C32.959,4.524,30,9.547,30,15v300C30,320.453,32.959,325.476,37.728,328.12z\"\/>\n    <\/svg>\n  <\/button>\n\n  <div id=\"waveform-1\"><\/div>\n\n  <span id=\"time-1\">00:00 \/ 00:00<\/span>\n\n<\/div>\n\n  <!-- waveform en dessous -->\n  <div id=\"waveform-1\"><\/div>\n\n\n<\/section>\n\n<section>\n<script>\n\nconst wavesurfer1 = WaveSurfer.create({\n    container: '#waveform-1',\n    waveColor: 'rgba(255,255,255,0.4)',\n    progressColor: '#fff',\n    cursorColor: '#fff',\n    barWidth: 3,\n    barRadius: 3,\n    height: 50,\n    responsive: true,\n    normalize: true\n});\n\n\/\/ Charge ton fichier audio depuis le site WordPress\nwavesurfer1.load('https:\/\/ihedn.fr\/wp-content\/uploads\/2026\/04\/audio-2026-04-12-foucault.mp3');\n\nconst playBtn1 = document.getElementById('playPause-1');\nconst timeDisplay1 = document.getElementById('time-1');\n\n\/\/ SVGs\nconst playSVG1 = `<svg version=\"1.1\" id=\"playSVG-1\" xmlns=\"http:\/\/www.w3.org\/2000\/svg\" x=\"0px\" y=\"0px\" viewBox=\"0 0 330 330\">\n<path d=\"M37.728,328.12c2.266,1.256,4.77,1.88,7.272,1.88c2.763,0,5.522-0.763,7.95-2.28l240-149.999\nc4.386-2.741,7.05-7.548,7.05-12.72c0-5.172-2.664-9.979-7.05-12.72L52.95,2.28c-4.625-2.891-10.453-3.043-15.222-0.4\nC32.959,4.524,30,9.547,30,15v300C30,320.453,32.959,325.476,37.728,328.12z\"\/>\n<\/svg>`;\n\nconst pauseSVG1 = `<svg xmlns=\"http:\/\/www.w3.org\/2000\/svg\" viewBox=\"0 0 330 330\" width=\"100%\" height=\"100%\" fill=\"#fff\">\n  <rect x=\"60\" y=\"30\" width=\"80\" height=\"270\"\/>\n  <rect x=\"190\" y=\"30\" width=\"80\" height=\"270\"\/>\n<\/svg>`;\n\n\/\/ Play\/Pause switch\nplayBtn1.addEventListener('click', () => {\n    wavesurfer1.playPause();\n    playBtn1.innerHTML = wavesurfer1.isPlaying() ? pauseSVG1 : playSVG1;\n});\n\n\/\/ Update time display\nfunction formatTime(sec) {\n    const m = Math.floor(sec \/ 60);\n    const s = Math.floor(sec % 60);\n    return m.toString().padStart(2,'0') + ':' + s.toString().padStart(2,'0');\n}\n\nwavesurfer1.on('audioprocess', () => {\n    const current = wavesurfer1.getCurrentTime();\n    const duration = wavesurfer1.getDuration();\n    timeDisplay1.textContent = formatTime(current) + ' \/ ' + formatTime(duration);\n});\n\nwavesurfer1.on('ready', () => {\n    const duration = wavesurfer1.getDuration();\n    timeDisplay1.textContent = '00:00 \/ ' + formatTime(duration);\n});\n<\/script>\n<\/section>\t\t\t\t<\/div>\n\t\t\t\t<\/div>\n\t\t\t\t\t<\/div>\n\t\t\t\t<\/div>\n\t\t<div data-particle_enable=\"false\" data-particle-mobile-disabled=\"false\" class=\"elementor-element elementor-element-b21a8ab e-con-full e-flex e-con e-parent\" data-id=\"b21a8ab\" data-element_type=\"container\" data-e-type=\"container\">\n\t\t\t\t<div class=\"elementor-element elementor-element-23593b8 elementor-widget elementor-widget-text-editor\" data-id=\"23593b8\" data-element_type=\"widget\" data-e-type=\"widget\" data-widget_type=\"text-editor.default\">\n\t\t\t\t<div class=\"elementor-widget-container\">\n\t\t\t\t\t\t\t\t\t<p>Director of the Institut de recherche strat\u00e9gique de l'\u00c9cole militaire (IRSEM) since 2024, and a university professor at Sciences Po Paris, Martial Foucault was previously director of the CEVIPOF (CNRS, Sciences Po's political research centre). An economist and political scientist by training, he was a professor in the political science department at the University of Montreal and director of the Centre of Excellence on the European Union (McGill University\/Universit\u00e9 de Montr\u00e9al). He has worked as a consultant for the French Ministries of the Armed Forces and the Economy, the Agence Fran\u00e7aise de D\u00e9veloppement, the Quebec Ministry of Public Finance, the Direction g\u00e9n\u00e9rale de l'armement and the European Commission.<\/p><p>In 2004, the IHEDN awarded a prize for his doctoral thesis in economics on the financing of European defence; the Institute then welcomed him as an auditor for the national session in 2024-25, in the Defence Policy major. End of 2025, <a href=\"https:\/\/www.aefr.eu\/fr\/numero\/160\/mutations-geopolitiques-fragmentations-economiques-et-financieres-tome-1-l-ere-des-ruptures\">he published in the Revue d'\u00e9conomie financi\u00e8re<\/a> an article entitled \u00abMilitarised interdependence: the return of economic geostrategy\u00bb. In this interview, he sheds light on this concept and its use by powers such as the United States and China, and summarises the challenges it poses for France and the European Union.<\/p>\t\t\t\t\t\t\t\t<\/div>\n\t\t\t\t<\/div>\n\t\t\t\t<\/div>\n\t\t<div data-particle_enable=\"false\" data-particle-mobile-disabled=\"false\" class=\"elementor-element elementor-element-34f6859 e-con-full e-flex e-con e-parent\" data-id=\"34f6859\" data-element_type=\"container\" data-e-type=\"container\">\n\t\t\t\t<div class=\"elementor-element elementor-element-47a0236 elementor-widget elementor-widget-heading\" data-id=\"47a0236\" data-element_type=\"widget\" data-e-type=\"widget\" data-widget_type=\"heading.default\">\n\t\t\t\t<div class=\"elementor-widget-container\">\n\t\t\t\t\t<h2 class=\"elementor-heading-title elementor-size-default\">HOW HAS THE ECONOMY BECOME A WEAPON OF CONFLICT? WHEN DO YOU DATE THE CURRENT PERIOD?<\/h2>\t\t\t\t<\/div>\n\t\t\t\t<\/div>\n\t\t\t\t<div class=\"elementor-element elementor-element-1b02bcd elementor-widget-divider--view-line elementor-widget elementor-widget-divider\" data-id=\"1b02bcd\" data-element_type=\"widget\" data-e-type=\"widget\" data-widget_type=\"divider.default\">\n\t\t\t\t<div class=\"elementor-widget-container\">\n\t\t\t\t\t\t\t<div class=\"elementor-divider\">\n\t\t\t<span class=\"elementor-divider-separator\">\n\t\t\t\t\t\t<\/span>\n\t\t<\/div>\n\t\t\t\t\t\t<\/div>\n\t\t\t\t<\/div>\n\t\t<div data-particle_enable=\"false\" data-particle-mobile-disabled=\"false\" class=\"elementor-element elementor-element-03142eb e-con-full e-flex e-con e-child\" data-id=\"03142eb\" data-element_type=\"container\" data-e-type=\"container\">\n\t\t\t\t<div class=\"elementor-element elementor-element-2b8bbe6 elementor-widget elementor-widget-text-editor\" data-id=\"2b8bbe6\" data-element_type=\"widget\" data-e-type=\"widget\" data-widget_type=\"text-editor.default\">\n\t\t\t\t<div class=\"elementor-widget-container\">\n\t\t\t\t\t\t\t\t\t<p>The economy has always been a mainspring of national power. From the industrial revolutions of the 18th century onwards<sup>e<\/sup> In the 21st century, international competition also involves innovation, mastery of technological standards, productivity gains and, ultimately, economic domination.<\/p><p>For the current period, the changeover began in the second half of the 20th century.<sup>e<\/sup> In the 19th century, a new paradigm emerged: that of generalised economic interdependence (or a totally open economy). With the opening up of markets, the unprecedented intensification of the movement of capital, goods, technologies and, to a lesser extent, labour, powers can no longer rely solely on their internal resources. They have to secure global supply chains of raw materials, components, energy, data and skills.<\/p><p>Never before has international trade reached such a volume (+900% since 1980) and value in 2024 (33,000 billion dollars). Trade flows therefore serve the ambitions of economic power.<\/p><p>But the corollary of this development is the emergence of increasingly conflictual relations, confirming what the American essayist Edward Luttwak described in 1990 as the \u00ablogic of war in the grammar of trade\u00bb. States are now pursuing strategic objectives using economic instruments: the United States through tariffs and technological controls, China through its central role in the refining of many critical minerals and in certain industrial chains, Taiwan through its decisive role in advanced semi-conductors, and the Gulf monarchies through their ability to influence energy markets.<\/p><p>Because this interdependence not only produces prosperity, the economy becomes a weapon of conflict when the survival of a national model depends on resources, flows or technologies controlled elsewhere. In other words, the more interdependence there is, the more dependence can become an exploitable weakness.<\/p>\t\t\t\t\t\t\t\t<\/div>\n\t\t\t\t<\/div>\n\t\t\t\t<\/div>\n\t\t\t\t<\/div>\n\t\t<div data-particle_enable=\"false\" data-particle-mobile-disabled=\"false\" class=\"elementor-element elementor-element-09ebcd3 e-con-full e-flex e-con e-parent\" data-id=\"09ebcd3\" data-element_type=\"container\" data-e-type=\"container\">\n\t\t\t\t<div class=\"elementor-element elementor-element-f359ef9 elementor-widget elementor-widget-heading\" data-id=\"f359ef9\" data-element_type=\"widget\" data-e-type=\"widget\" data-widget_type=\"heading.default\">\n\t\t\t\t<div class=\"elementor-widget-container\">\n\t\t\t\t\t<h2 class=\"elementor-heading-title elementor-size-default\">WHAT DOES THE NOTION OF MILITARISED INTERDEPENDENCE MEAN?<\/h2>\t\t\t\t<\/div>\n\t\t\t\t<\/div>\n\t\t\t\t<div class=\"elementor-element elementor-element-887cac3 elementor-widget-divider--view-line elementor-widget elementor-widget-divider\" data-id=\"887cac3\" data-element_type=\"widget\" data-e-type=\"widget\" data-widget_type=\"divider.default\">\n\t\t\t\t<div class=\"elementor-widget-container\">\n\t\t\t\t\t\t\t<div class=\"elementor-divider\">\n\t\t\t<span class=\"elementor-divider-separator\">\n\t\t\t\t\t\t<\/span>\n\t\t<\/div>\n\t\t\t\t\t\t<\/div>\n\t\t\t\t<\/div>\n\t\t<div data-particle_enable=\"false\" data-particle-mobile-disabled=\"false\" class=\"elementor-element elementor-element-094d652 e-con-full e-flex e-con e-child\" data-id=\"094d652\" data-element_type=\"container\" data-e-type=\"container\">\n\t\t\t\t<div class=\"elementor-element elementor-element-837d8c0 elementor-widget elementor-widget-text-editor\" data-id=\"837d8c0\" data-element_type=\"widget\" data-e-type=\"widget\" data-widget_type=\"text-editor.default\">\n\t\t\t\t<div class=\"elementor-widget-container\">\n\t\t\t\t\t\t\t\t\t<p>The notion of militarised interdependence is based on a simple observation: globalisation is no longer perceived as a positive-sum game, in which everyone gains from openness, but increasingly as an area of rivalry, where the gains of some can translate into the losses or vulnerability of others.<\/p><p>There are two reasons for this change. Firstly, because the rules of the game appear to be less stable than they used to be: the World Trade Organisation no longer has the same capacity for arbitration or supervision as it did at the height of its power in the 1990s.<\/p><p>Secondly, because economic openness has revealed the other side of the coin: by multiplying dependencies, it has also exposed states to new forms of pressure and weakened their sovereignty.<\/p>\t\t\t\t\t\t\t\t<\/div>\n\t\t\t\t<\/div>\n\t\t\t\t<div class=\"elementor-element elementor-element-229cd9b elementor-widget elementor-widget-heading\" data-id=\"229cd9b\" data-element_type=\"widget\" data-e-type=\"widget\" data-widget_type=\"heading.default\">\n\t\t\t\t<div class=\"elementor-widget-container\">\n\t\t\t\t\t<h2 class=\"elementor-heading-title elementor-size-default\">\u00abIN A NETWORKED WORLD, THE STATES THAT CONTROL THE CENTRAL NODES CAN TRANSFORM THIS POSITION INTO NEGOTIATING OR COERCIVE POWER\u00bb.\u00bb<\/h2>\t\t\t\t<\/div>\n\t\t\t\t<\/div>\n\t\t\t\t<div class=\"elementor-element elementor-element-467e955 elementor-widget elementor-widget-text-editor\" data-id=\"467e955\" data-element_type=\"widget\" data-e-type=\"widget\" data-widget_type=\"text-editor.default\">\n\t\t\t\t<div class=\"elementor-widget-container\">\n\t\t\t\t\t\t\t\t\t<p>It is in this context that political scientists Henry Farrell and Abraham Newman developed, in 2019, the concept of <em>weaponized interdependence<\/em>, which can be translated as \u00abmilitarised interdependence\u00bb or \u00abweaponisation of globalisation\u00bb. Their idea is as follows: in a networked world, states that control the central nodes - financial, technological, logistical, informational - can transform this position into negotiating or coercive power. However, two important phenomena need to be distinguished.<\/p><p>The first is that globalisation has not dispersed power; it has often concentrated it. International networks rarely operate horizontally. They are structured around central points, according to a logic of the following type <em>hub-and-spoke<\/em> (star network). Those who control these centres can monitor, block, punish or exclude.<\/p><p>The second is the emergence of the fragmentation paradox: the more states seek to increase their security by fragmenting the global economy (by forming trading blocs or repatriating value chains to their own shores), the more they generate economic costs, increase global vulnerability and, paradoxically, reduce collective security.<\/p><p>This is exactly what is happening today between the United States and China. The two powers are seeking to reduce their dependence in sectors deemed critical, whether electronic chips, batteries, rare earths or cutting-edge technologies. But this quest for autonomy comes at a price: it raises production costs, accentuates block logics and reduces the benefits expected from interdependence.<\/p>\t\t\t\t\t\t\t\t<\/div>\n\t\t\t\t<\/div>\n\t\t\t\t<\/div>\n\t\t\t\t<\/div>\n\t\t<div data-particle_enable=\"false\" data-particle-mobile-disabled=\"false\" class=\"elementor-element elementor-element-a0bdf87 e-con-full e-flex e-con e-parent\" data-id=\"a0bdf87\" data-element_type=\"container\" data-e-type=\"container\">\n\t\t\t\t<div class=\"elementor-element elementor-element-2dda8c2 elementor-widget elementor-widget-heading\" data-id=\"2dda8c2\" data-element_type=\"widget\" data-e-type=\"widget\" data-widget_type=\"heading.default\">\n\t\t\t\t<div class=\"elementor-widget-container\">\n\t\t\t\t\t<h2 class=\"elementor-heading-title elementor-size-default\">YOU WRITE THAT ECONOMIC GEOSTRATEGY IS RECONFIGURING INTERNATIONAL RELATIONS. IN WHAT WAY?<\/h2>\t\t\t\t<\/div>\n\t\t\t\t<\/div>\n\t\t\t\t<div class=\"elementor-element elementor-element-d3ce34b elementor-widget-divider--view-line elementor-widget elementor-widget-divider\" data-id=\"d3ce34b\" data-element_type=\"widget\" data-e-type=\"widget\" data-widget_type=\"divider.default\">\n\t\t\t\t<div class=\"elementor-widget-container\">\n\t\t\t\t\t\t\t<div class=\"elementor-divider\">\n\t\t\t<span class=\"elementor-divider-separator\">\n\t\t\t\t\t\t<\/span>\n\t\t<\/div>\n\t\t\t\t\t\t<\/div>\n\t\t\t\t<\/div>\n\t\t<div data-particle_enable=\"false\" data-particle-mobile-disabled=\"false\" class=\"elementor-element elementor-element-52b8dd5 e-con-full e-flex e-con e-child\" data-id=\"52b8dd5\" data-element_type=\"container\" data-e-type=\"container\">\n\t\t\t\t<div class=\"elementor-element elementor-element-db5c7cb elementor-widget elementor-widget-text-editor\" data-id=\"db5c7cb\" data-element_type=\"widget\" data-e-type=\"widget\" data-widget_type=\"text-editor.default\">\n\t\t\t\t<div class=\"elementor-widget-container\">\n\t\t\t\t\t\t\t\t\t<p>Yes, because since 1945 the international order has been implicitly based on a compromise. The United States guaranteed part of collective security, while a relatively open economic order promoted growth, the expansion of trade and, more broadly, the stability of the international system.<\/p><p>In this context, interdependence was often seen as a factor for peace. The idea, in essence a very classic one, was that trade reduces the incentives for conflict. Montesquieu summed it up in a famous phrase: \u00abtrade softens morals\u00bb. For several decades, this intuition served as the intellectual compass of the liberal order.<\/p><p>But this pattern breaks down when American hegemony is challenged and new powers seek to reshape the rules of the game. From then on, global trade flows were no longer just vehicles for prosperity; they also became levers for rivalry. States increasingly used sanctions, embargoes, technological restrictions, offensive industrial policies and trade discrimination as instruments of power.<\/p>\t\t\t\t\t\t\t\t<\/div>\n\t\t\t\t<\/div>\n\t\t\t\t<div class=\"elementor-element elementor-element-e5b5cba elementor-widget elementor-widget-heading\" data-id=\"e5b5cba\" data-element_type=\"widget\" data-e-type=\"widget\" data-widget_type=\"heading.default\">\n\t\t\t\t<div class=\"elementor-widget-container\">\n\t\t\t\t\t<h2 class=\"elementor-heading-title elementor-size-default\">\u00abTHE CHALLENGE IS NO LONGER JUST TO TRADE, BUT TO KNOW WHO YOU DEPEND ON\u00bb.\u00bb<\/h2>\t\t\t\t<\/div>\n\t\t\t\t<\/div>\n\t\t\t\t<div class=\"elementor-element elementor-element-f72797d elementor-widget elementor-widget-text-editor\" data-id=\"f72797d\" data-element_type=\"widget\" data-e-type=\"widget\" data-widget_type=\"text-editor.default\">\n\t\t\t\t<div class=\"elementor-widget-container\">\n\t\t\t\t\t\t\t\t\t<p>Globalisation, far from reducing conflict, is exposing countries to critical dependencies: energy, health, minerals, semi-conductors, electronic components, food, shipping and data. The challenge is no longer simply to trade, but to know on whom we depend in order to continue to produce, treat, travel, defend ourselves or innovate.<\/p><p>This is reconfiguring international relations in three ways.<\/p><ul><li>Firstly, because the hierarchy of powers is becoming more fluid. Power is no longer measured solely in terms of military divisions or GDP, but in terms of the ability to control a bottleneck: a technology, a metal, an infrastructure, a currency, a network.<\/li><li>Secondly, because we are seeing the emergence of more fragmented groupings: a Western bloc itself shaped by divergent interests, an Indo-Asian area structured by the rise of China and India, and a global South seeking to take advantage of the rivalry between the great powers.<\/li><li>Finally, because interdependence does not always reduce the risk of war; it can sometimes increase it. The case of semiconductors is illuminating. Taiwan accounts for more than 90 % of the world's production of the most advanced chips. This concentration creates a systemic dependence for other economies. If this vital capacity is threatened, certain states may be tempted to act preventively to protect their own economic security.<\/li><\/ul><p>In reality, interdependence is being challenged more and more explicitly by managers who are no longer prepared to bear the costs and prefer to deploy a strategy of pressure or rupture.<\/p>\t\t\t\t\t\t\t\t<\/div>\n\t\t\t\t<\/div>\n\t\t\t\t<\/div>\n\t\t\t\t<\/div>\n\t\t<div data-particle_enable=\"false\" data-particle-mobile-disabled=\"false\" class=\"elementor-element elementor-element-8b3b49e e-con-full e-flex e-con e-parent\" data-id=\"8b3b49e\" data-element_type=\"container\" data-e-type=\"container\">\n\t\t\t\t<div class=\"elementor-element elementor-element-72ce8f7 elementor-widget elementor-widget-heading\" data-id=\"72ce8f7\" data-element_type=\"widget\" data-e-type=\"widget\" data-widget_type=\"heading.default\">\n\t\t\t\t<div class=\"elementor-widget-container\">\n\t\t\t\t\t<h2 class=\"elementor-heading-title elementor-size-default\">DO YOU THINK FRANCE AND THE EUROPEAN UNION ARE EQUIPPED TO FIGHT ON THIS GROUND? <\/h2>\t\t\t\t<\/div>\n\t\t\t\t<\/div>\n\t\t\t\t<div class=\"elementor-element elementor-element-da723c4 elementor-widget-divider--view-line elementor-widget elementor-widget-divider\" data-id=\"da723c4\" data-element_type=\"widget\" data-e-type=\"widget\" data-widget_type=\"divider.default\">\n\t\t\t\t<div class=\"elementor-widget-container\">\n\t\t\t\t\t\t\t<div class=\"elementor-divider\">\n\t\t\t<span class=\"elementor-divider-separator\">\n\t\t\t\t\t\t<\/span>\n\t\t<\/div>\n\t\t\t\t\t\t<\/div>\n\t\t\t\t<\/div>\n\t\t<div data-particle_enable=\"false\" data-particle-mobile-disabled=\"false\" class=\"elementor-element elementor-element-6003d99 e-con-full e-flex e-con e-child\" data-id=\"6003d99\" data-element_type=\"container\" data-e-type=\"container\">\n\t\t\t\t<div class=\"elementor-element elementor-element-f48ac69 elementor-widget elementor-widget-text-editor\" data-id=\"f48ac69\" data-element_type=\"widget\" data-e-type=\"widget\" data-widget_type=\"text-editor.default\">\n\t\t\t\t<div class=\"elementor-widget-container\">\n\t\t\t\t\t\t\t\t\t<p>Europeans are in for a rude and painful awakening. The delay in achieving strategic autonomy is forcing the European Union to rethink from top to bottom its international relations, the solidity of its economic partnerships, the reliability of its alliances and, more broadly, its ability to defend its interests in a more conflict-ridden world.<\/p><p>For a long time, Europe thought that openness was enough to produce stability. Now it is discovering that uncontrolled openness can also lead to vulnerability. The COVID-19 crisis provided a glimpse of the damaging dependencies, but the war in Ukraine was a major wake-up call in this respect: energy dependency, industrial weakness in certain sectors, lagging behind in critical technologies, exposure to decisions taken elsewhere.<\/p><p>In concrete terms, when Europe accepts the new American tariff policy without much opposition, it is agreeing to pay the United States (more than in the past) in exchange for protection in terms of security. This is the return of an old strategic fact: protection is never free. Such a choice, which has not been debated by national or European democratic bodies, raises two questions.<\/p>\t\t\t\t\t\t\t\t<\/div>\n\t\t\t\t<\/div>\n\t\t\t\t<div class=\"elementor-element elementor-element-d65669c elementor-widget elementor-widget-heading\" data-id=\"d65669c\" data-element_type=\"widget\" data-e-type=\"widget\" data-widget_type=\"heading.default\">\n\t\t\t\t<div class=\"elementor-widget-container\">\n\t\t\t\t\t<h2 class=\"elementor-heading-title elementor-size-default\">\u00abHOW CAN WE REGAIN POWER WITHOUT GIVING UP OPENNESS, SECURE OUR DEPENDENCIES WITHOUT IMPOVERISHING OURSELVES?\u00bb<\/h2>\t\t\t\t<\/div>\n\t\t\t\t<\/div>\n\t\t\t\t<div class=\"elementor-element elementor-element-6f2f46a elementor-widget elementor-widget-text-editor\" data-id=\"6f2f46a\" data-element_type=\"widget\" data-e-type=\"widget\" data-widget_type=\"text-editor.default\">\n\t\t\t\t<div class=\"elementor-widget-container\">\n\t\t\t\t\t\t\t\t\t<p>The first is sustainability: is such a geo-economic compromise tenable in the long term for economies already facing competition from China, the energy transition and public finances under strain?<\/p><p>The second is democratic: can such a compromise be accepted in the long term if it is neither clearly debated nor genuinely accepted?<\/p><p>In the past, France and the EU may have adopted a wait-and-see attitude and abandoned strategic industrial policies, but there is little alternative to thinking at European level, given the critical size of this economic area, and to developing a common security policy that is less aligned with that of the United States.<\/p><p>The success of this shift will depend on the answers to the following three questions: how to regain power without giving up openness, how to secure our dependencies without impoverishing ourselves, and how to conduct this strategic reorientation without bypassing democratic debate.<\/p>\t\t\t\t\t\t\t\t<\/div>\n\t\t\t\t<\/div>\n\t\t\t\t<\/div>\n\t\t\t\t<\/div>\n\t\t\t\t<\/div>","protected":false},"excerpt":{"rendered":"<p>At a time when \u00abstates are pursuing strategic objectives using economic instruments\u00bb, Martial Foucault, a political economy researcher and Director of the Strategic Research Institute at the \u00c9cole Militaire, puts the spotlight back on the notion of \u2019militarised interdependence\u00ab or the \u00bbweaponisation of globalisation\u00ab. Interview.<\/p>","protected":false},"author":14,"featured_media":59521,"comment_status":"closed","ping_status":"closed","sticky":false,"template":"","format":"standard","meta":{"footnotes":""},"categories":[41,171],"tags":[],"class_list":["post-59498","post","type-post","status-publish","format-standard","has-post-thumbnail","hentry","category-lundis-de-lihedn","category-notre-selection"],"yoast_head":"<!-- This site is optimized with the Yoast SEO plugin v27.5 - https:\/\/yoast.com\/product\/yoast-seo-wordpress\/ -->\n<title>Martial Foucault : \u00ab La mondialisation est de plus en plus per\u00e7ue comme un espace de rivalit\u00e9 \u00bb - L&#039;IHEDN : Institut des hautes \u00e9tudes de d\u00e9fense nationale<\/title>\n<meta name=\"description\" content=\"Deux semaines apr\u00e8s la capture de Nicol\u00e1s Maduro, le chercheur Thomas Posado, sp\u00e9cialiste de la r\u00e9publique bolivarienne et de Cuba, analyse le contexte et les cons\u00e9quences possibles de l\u2019op\u00e9ration ordonn\u00e9e par Donald Trump, qui pourrait \u00ab aggraver les difficult\u00e9s et nourrir les axes migratoires qu\u2019il d\u00e9nonce \u00bb.\" \/>\n<meta name=\"robots\" content=\"index, follow, max-snippet:-1, max-image-preview:large, max-video-preview:-1\" \/>\n<link rel=\"canonical\" href=\"https:\/\/ihedn.fr\/en\/lundis-de-lihedn\/martial-foucault-la-mondialisation-est-de-plus-en-plus-percue-comme-un-espace-de-rivalite\/\" \/>\n<meta property=\"og:locale\" content=\"en_GB\" \/>\n<meta property=\"og:type\" content=\"article\" \/>\n<meta property=\"og:title\" content=\"Martial Foucault : \u00ab La mondialisation est de plus en plus per\u00e7ue comme un espace de rivalit\u00e9 \u00bb\" \/>\n<meta property=\"og:description\" content=\"Deux semaines apr\u00e8s la capture de Nicol\u00e1s Maduro, le chercheur Thomas Posado, sp\u00e9cialiste de la r\u00e9publique bolivarienne et de Cuba, analyse le contexte et les cons\u00e9quences possibles de l\u2019op\u00e9ration ordonn\u00e9e par Donald Trump, qui pourrait \u00ab aggraver les difficult\u00e9s et nourrir les axes migratoires qu\u2019il d\u00e9nonce \u00bb.\" \/>\n<meta property=\"og:url\" content=\"https:\/\/ihedn.fr\/en\/lundis-de-lihedn\/martial-foucault-la-mondialisation-est-de-plus-en-plus-percue-comme-un-espace-de-rivalite\/\" \/>\n<meta property=\"og:site_name\" content=\"L&#039;IHEDN : Institut des hautes \u00e9tudes de d\u00e9fense nationale\" \/>\n<meta property=\"article:publisher\" content=\"https:\/\/www.facebook.com\/ihedn\/\" \/>\n<meta property=\"article:published_time\" content=\"2026-04-10T13:11:43+00:00\" \/>\n<meta property=\"og:image\" content=\"https:\/\/ihedn.fr\/wp-content\/uploads\/2026\/01\/BANDEAU_LIH_AFP.jpg\" \/>\n\t<meta property=\"og:image:width\" content=\"1920\" \/>\n\t<meta property=\"og:image:height\" content=\"1080\" \/>\n\t<meta property=\"og:image:type\" content=\"image\/jpeg\" \/>\n<meta name=\"author\" content=\"Coline Dassonville\" \/>\n<meta name=\"twitter:card\" content=\"summary_large_image\" \/>\n<meta name=\"twitter:title\" content=\"Martial Foucault : \u00ab La mondialisation est de plus en plus per\u00e7ue comme un espace de rivalit\u00e9 \u00bb\" \/>\n<meta name=\"twitter:description\" content=\"Deux semaines apr\u00e8s la capture de Nicol\u00e1s Maduro, le chercheur Thomas Posado, sp\u00e9cialiste de la r\u00e9publique bolivarienne et de Cuba, analyse le contexte et les cons\u00e9quences possibles de l\u2019op\u00e9ration ordonn\u00e9e par Donald Trump, qui pourrait \u00ab aggraver les difficult\u00e9s et nourrir les axes migratoires qu\u2019il d\u00e9nonce \u00bb.\" \/>\n<meta name=\"twitter:image\" content=\"https:\/\/ihedn.fr\/wp-content\/uploads\/2026\/01\/BANDEAU_LIH_AFP.jpg\" \/>\n<meta name=\"twitter:creator\" content=\"@IHEDN\" \/>\n<meta name=\"twitter:site\" content=\"@IHEDN\" \/>\n<meta name=\"twitter:label1\" content=\"Written by\" \/>\n\t<meta name=\"twitter:data1\" content=\"Coline Dassonville\" \/>\n\t<meta name=\"twitter:label2\" content=\"Estimated reading time\" \/>\n\t<meta name=\"twitter:data2\" content=\"10 minutes\" \/>\n<script type=\"application\/ld+json\" class=\"yoast-schema-graph\">{\"@context\":\"https:\\\/\\\/schema.org\",\"@graph\":[{\"@type\":\"Article\",\"@id\":\"https:\\\/\\\/ihedn.fr\\\/lundis-de-lihedn\\\/martial-foucault-la-mondialisation-est-de-plus-en-plus-percue-comme-un-espace-de-rivalite\\\/#article\",\"isPartOf\":{\"@id\":\"https:\\\/\\\/ihedn.fr\\\/lundis-de-lihedn\\\/martial-foucault-la-mondialisation-est-de-plus-en-plus-percue-comme-un-espace-de-rivalite\\\/\"},\"author\":{\"name\":\"Coline Dassonville\",\"@id\":\"https:\\\/\\\/ihedn.fr\\\/#\\\/schema\\\/person\\\/7a52e81319c373f5462ade39e81a7f19\"},\"headline\":\"Martial Foucault : \u00ab La mondialisation est de plus en plus per\u00e7ue comme un espace de rivalit\u00e9 \u00bb\",\"datePublished\":\"2026-04-10T13:11:43+00:00\",\"mainEntityOfPage\":{\"@id\":\"https:\\\/\\\/ihedn.fr\\\/lundis-de-lihedn\\\/martial-foucault-la-mondialisation-est-de-plus-en-plus-percue-comme-un-espace-de-rivalite\\\/\"},\"wordCount\":2034,\"publisher\":{\"@id\":\"https:\\\/\\\/ihedn.fr\\\/#organization\"},\"image\":{\"@id\":\"https:\\\/\\\/ihedn.fr\\\/lundis-de-lihedn\\\/martial-foucault-la-mondialisation-est-de-plus-en-plus-percue-comme-un-espace-de-rivalite\\\/#primaryimage\"},\"thumbnailUrl\":\"https:\\\/\\\/ihedn.fr\\\/wp-content\\\/uploads\\\/2026\\\/04\\\/Bandeau_ITW_FOUCAULT.jpg\",\"articleSection\":[\"Lundis de l'IHEDN\",\"Notre s\u00e9lection\"],\"inLanguage\":\"en-GB\"},{\"@type\":\"WebPage\",\"@id\":\"https:\\\/\\\/ihedn.fr\\\/lundis-de-lihedn\\\/martial-foucault-la-mondialisation-est-de-plus-en-plus-percue-comme-un-espace-de-rivalite\\\/\",\"url\":\"https:\\\/\\\/ihedn.fr\\\/lundis-de-lihedn\\\/martial-foucault-la-mondialisation-est-de-plus-en-plus-percue-comme-un-espace-de-rivalite\\\/\",\"name\":\"Martial Foucault : \u00ab La mondialisation est de plus en plus per\u00e7ue comme un espace de rivalit\u00e9 \u00bb - L&#039;IHEDN : Institut des hautes \u00e9tudes de d\u00e9fense nationale\",\"isPartOf\":{\"@id\":\"https:\\\/\\\/ihedn.fr\\\/#website\"},\"primaryImageOfPage\":{\"@id\":\"https:\\\/\\\/ihedn.fr\\\/lundis-de-lihedn\\\/martial-foucault-la-mondialisation-est-de-plus-en-plus-percue-comme-un-espace-de-rivalite\\\/#primaryimage\"},\"image\":{\"@id\":\"https:\\\/\\\/ihedn.fr\\\/lundis-de-lihedn\\\/martial-foucault-la-mondialisation-est-de-plus-en-plus-percue-comme-un-espace-de-rivalite\\\/#primaryimage\"},\"thumbnailUrl\":\"https:\\\/\\\/ihedn.fr\\\/wp-content\\\/uploads\\\/2026\\\/04\\\/Bandeau_ITW_FOUCAULT.jpg\",\"datePublished\":\"2026-04-10T13:11:43+00:00\",\"description\":\"Deux semaines apr\u00e8s la capture de Nicol\u00e1s Maduro, le chercheur Thomas Posado, sp\u00e9cialiste de la r\u00e9publique bolivarienne et de Cuba, analyse le contexte et les cons\u00e9quences possibles de l\u2019op\u00e9ration ordonn\u00e9e par Donald Trump, qui pourrait \u00ab aggraver les difficult\u00e9s et nourrir les axes migratoires qu\u2019il d\u00e9nonce \u00bb.\",\"breadcrumb\":{\"@id\":\"https:\\\/\\\/ihedn.fr\\\/lundis-de-lihedn\\\/martial-foucault-la-mondialisation-est-de-plus-en-plus-percue-comme-un-espace-de-rivalite\\\/#breadcrumb\"},\"inLanguage\":\"en-GB\",\"potentialAction\":[{\"@type\":\"ReadAction\",\"target\":[\"https:\\\/\\\/ihedn.fr\\\/lundis-de-lihedn\\\/martial-foucault-la-mondialisation-est-de-plus-en-plus-percue-comme-un-espace-de-rivalite\\\/\"]}]},{\"@type\":\"ImageObject\",\"inLanguage\":\"en-GB\",\"@id\":\"https:\\\/\\\/ihedn.fr\\\/lundis-de-lihedn\\\/martial-foucault-la-mondialisation-est-de-plus-en-plus-percue-comme-un-espace-de-rivalite\\\/#primaryimage\",\"url\":\"https:\\\/\\\/ihedn.fr\\\/wp-content\\\/uploads\\\/2026\\\/04\\\/Bandeau_ITW_FOUCAULT.jpg\",\"contentUrl\":\"https:\\\/\\\/ihedn.fr\\\/wp-content\\\/uploads\\\/2026\\\/04\\\/Bandeau_ITW_FOUCAULT.jpg\",\"width\":1920,\"height\":960},{\"@type\":\"BreadcrumbList\",\"@id\":\"https:\\\/\\\/ihedn.fr\\\/lundis-de-lihedn\\\/martial-foucault-la-mondialisation-est-de-plus-en-plus-percue-comme-un-espace-de-rivalite\\\/#breadcrumb\",\"itemListElement\":[{\"@type\":\"ListItem\",\"position\":1,\"name\":\"Accueil\",\"item\":\"https:\\\/\\\/ihedn.fr\\\/\"},{\"@type\":\"ListItem\",\"position\":2,\"name\":\"Martial Foucault : \u00ab La mondialisation est de plus en plus per\u00e7ue comme un espace de rivalit\u00e9 \u00bb\"}]},{\"@type\":\"WebSite\",\"@id\":\"https:\\\/\\\/ihedn.fr\\\/#website\",\"url\":\"https:\\\/\\\/ihedn.fr\\\/\",\"name\":\"IHEDN : Institut des hautes \u00e9tudes de d\u00e9fense nationale |\",\"description\":\"Site officiel de l&#039;IHEDN plac\u00e9 sous la tutelle du Premier ministre.\",\"publisher\":{\"@id\":\"https:\\\/\\\/ihedn.fr\\\/#organization\"},\"potentialAction\":[{\"@type\":\"SearchAction\",\"target\":{\"@type\":\"EntryPoint\",\"urlTemplate\":\"https:\\\/\\\/ihedn.fr\\\/?s={search_term_string}\"},\"query-input\":{\"@type\":\"PropertyValueSpecification\",\"valueRequired\":true,\"valueName\":\"search_term_string\"}}],\"inLanguage\":\"en-GB\"},{\"@type\":\"Organization\",\"@id\":\"https:\\\/\\\/ihedn.fr\\\/#organization\",\"name\":\"IHEDN - Institut des Hautes Etudes de D\u00e9fense Nationale\",\"url\":\"https:\\\/\\\/ihedn.fr\\\/\",\"logo\":{\"@type\":\"ImageObject\",\"inLanguage\":\"en-GB\",\"@id\":\"https:\\\/\\\/ihedn.fr\\\/#\\\/schema\\\/logo\\\/image\\\/\",\"url\":\"https:\\\/\\\/ihedn.fr\\\/wp-content\\\/uploads\\\/2020\\\/11\\\/BLOC_RF_IHEDN_WEB.png\",\"contentUrl\":\"https:\\\/\\\/ihedn.fr\\\/wp-content\\\/uploads\\\/2020\\\/11\\\/BLOC_RF_IHEDN_WEB.png\",\"width\":500,\"height\":237,\"caption\":\"IHEDN - Institut des Hautes Etudes de D\u00e9fense Nationale\"},\"image\":{\"@id\":\"https:\\\/\\\/ihedn.fr\\\/#\\\/schema\\\/logo\\\/image\\\/\"},\"sameAs\":[\"https:\\\/\\\/www.facebook.com\\\/ihedn\\\/\",\"https:\\\/\\\/x.com\\\/IHEDN\",\"https:\\\/\\\/www.instagram.com\\\/ihedn\\\/\",\"https:\\\/\\\/www.linkedin.com\\\/school\\\/ihedn\\\/\",\"https:\\\/\\\/fr.wikipedia.org\\\/wiki\\\/Institut_des_hautes_\u00e9tudes_de_D\u00e9fense_nationale\"]},{\"@type\":\"Person\",\"@id\":\"https:\\\/\\\/ihedn.fr\\\/#\\\/schema\\\/person\\\/7a52e81319c373f5462ade39e81a7f19\",\"name\":\"Coline Dassonville\",\"image\":{\"@type\":\"ImageObject\",\"inLanguage\":\"en-GB\",\"@id\":\"https:\\\/\\\/secure.gravatar.com\\\/avatar\\\/abc7cbc6297b987d7cbee36041f952619e584620b919eb849c804adf789c1147?s=96&d=mm&r=g\",\"url\":\"https:\\\/\\\/secure.gravatar.com\\\/avatar\\\/abc7cbc6297b987d7cbee36041f952619e584620b919eb849c804adf789c1147?s=96&d=mm&r=g\",\"contentUrl\":\"https:\\\/\\\/secure.gravatar.com\\\/avatar\\\/abc7cbc6297b987d7cbee36041f952619e584620b919eb849c804adf789c1147?s=96&d=mm&r=g\",\"caption\":\"Coline Dassonville\"},\"url\":\"https:\\\/\\\/ihedn.fr\\\/en\\\/author\\\/coline\\\/\"}]}<\/script>\n<!-- \/ Yoast SEO plugin. -->","yoast_head_json":{"title":"Martial Foucault: \u00abGlobalisation is increasingly perceived as an area of rivalry\u00bb - L'IHEDN : Institut des hautes \u00e9tudes de d\u00e9fense nationale (Graduate Institute of National Defence)","description":"Two weeks after the capture of Nicol\u00e1s Maduro, researcher Thomas Posado, a specialist in the Bolivarian Republic and Cuba, analyses the context and possible consequences of the operation ordered by Donald Trump, which could \u00abexacerbate the difficulties and feed the migratory axes that he denounces\u00bb.","robots":{"index":"index","follow":"follow","max-snippet":"max-snippet:-1","max-image-preview":"max-image-preview:large","max-video-preview":"max-video-preview:-1"},"canonical":"https:\/\/ihedn.fr\/en\/lundis-de-lihedn\/martial-foucault-la-mondialisation-est-de-plus-en-plus-percue-comme-un-espace-de-rivalite\/","og_locale":"en_GB","og_type":"article","og_title":"Martial Foucault : \u00ab La mondialisation est de plus en plus per\u00e7ue comme un espace de rivalit\u00e9 \u00bb","og_description":"Deux semaines apr\u00e8s la capture de Nicol\u00e1s Maduro, le chercheur Thomas Posado, sp\u00e9cialiste de la r\u00e9publique bolivarienne et de Cuba, analyse le contexte et les cons\u00e9quences possibles de l\u2019op\u00e9ration ordonn\u00e9e par Donald Trump, qui pourrait \u00ab aggraver les difficult\u00e9s et nourrir les axes migratoires qu\u2019il d\u00e9nonce \u00bb.","og_url":"https:\/\/ihedn.fr\/en\/lundis-de-lihedn\/martial-foucault-la-mondialisation-est-de-plus-en-plus-percue-comme-un-espace-de-rivalite\/","og_site_name":"L&#039;IHEDN : Institut des hautes \u00e9tudes de d\u00e9fense nationale","article_publisher":"https:\/\/www.facebook.com\/ihedn\/","article_published_time":"2026-04-10T13:11:43+00:00","og_image":[{"width":1920,"height":1080,"url":"https:\/\/ihedn.fr\/wp-content\/uploads\/2026\/01\/BANDEAU_LIH_AFP.jpg","type":"image\/jpeg"}],"author":"Coline Dassonville","twitter_card":"summary_large_image","twitter_title":"Martial Foucault : \u00ab La mondialisation est de plus en plus per\u00e7ue comme un espace de rivalit\u00e9 \u00bb","twitter_description":"Deux semaines apr\u00e8s la capture de Nicol\u00e1s Maduro, le chercheur Thomas Posado, sp\u00e9cialiste de la r\u00e9publique bolivarienne et de Cuba, analyse le contexte et les cons\u00e9quences possibles de l\u2019op\u00e9ration ordonn\u00e9e par Donald Trump, qui pourrait \u00ab aggraver les difficult\u00e9s et nourrir les axes migratoires qu\u2019il d\u00e9nonce \u00bb.","twitter_image":"https:\/\/ihedn.fr\/wp-content\/uploads\/2026\/01\/BANDEAU_LIH_AFP.jpg","twitter_creator":"@IHEDN","twitter_site":"@IHEDN","twitter_misc":{"Written by":"Coline Dassonville","Estimated reading time":"10 minutes"},"schema":{"@context":"https:\/\/schema.org","@graph":[{"@type":"Article","@id":"https:\/\/ihedn.fr\/lundis-de-lihedn\/martial-foucault-la-mondialisation-est-de-plus-en-plus-percue-comme-un-espace-de-rivalite\/#article","isPartOf":{"@id":"https:\/\/ihedn.fr\/lundis-de-lihedn\/martial-foucault-la-mondialisation-est-de-plus-en-plus-percue-comme-un-espace-de-rivalite\/"},"author":{"name":"Coline Dassonville","@id":"https:\/\/ihedn.fr\/#\/schema\/person\/7a52e81319c373f5462ade39e81a7f19"},"headline":"Martial Foucault : \u00ab La mondialisation est de plus en plus per\u00e7ue comme un espace de rivalit\u00e9 \u00bb","datePublished":"2026-04-10T13:11:43+00:00","mainEntityOfPage":{"@id":"https:\/\/ihedn.fr\/lundis-de-lihedn\/martial-foucault-la-mondialisation-est-de-plus-en-plus-percue-comme-un-espace-de-rivalite\/"},"wordCount":2034,"publisher":{"@id":"https:\/\/ihedn.fr\/#organization"},"image":{"@id":"https:\/\/ihedn.fr\/lundis-de-lihedn\/martial-foucault-la-mondialisation-est-de-plus-en-plus-percue-comme-un-espace-de-rivalite\/#primaryimage"},"thumbnailUrl":"https:\/\/ihedn.fr\/wp-content\/uploads\/2026\/04\/Bandeau_ITW_FOUCAULT.jpg","articleSection":["Lundis de l'IHEDN","Notre s\u00e9lection"],"inLanguage":"en-GB"},{"@type":"WebPage","@id":"https:\/\/ihedn.fr\/lundis-de-lihedn\/martial-foucault-la-mondialisation-est-de-plus-en-plus-percue-comme-un-espace-de-rivalite\/","url":"https:\/\/ihedn.fr\/lundis-de-lihedn\/martial-foucault-la-mondialisation-est-de-plus-en-plus-percue-comme-un-espace-de-rivalite\/","name":"Martial Foucault: \u00abGlobalisation is increasingly perceived as an area of rivalry\u00bb - L'IHEDN : Institut des hautes \u00e9tudes de d\u00e9fense nationale (Graduate Institute of National Defence)","isPartOf":{"@id":"https:\/\/ihedn.fr\/#website"},"primaryImageOfPage":{"@id":"https:\/\/ihedn.fr\/lundis-de-lihedn\/martial-foucault-la-mondialisation-est-de-plus-en-plus-percue-comme-un-espace-de-rivalite\/#primaryimage"},"image":{"@id":"https:\/\/ihedn.fr\/lundis-de-lihedn\/martial-foucault-la-mondialisation-est-de-plus-en-plus-percue-comme-un-espace-de-rivalite\/#primaryimage"},"thumbnailUrl":"https:\/\/ihedn.fr\/wp-content\/uploads\/2026\/04\/Bandeau_ITW_FOUCAULT.jpg","datePublished":"2026-04-10T13:11:43+00:00","description":"Two weeks after the capture of Nicol\u00e1s Maduro, researcher Thomas Posado, a specialist in the Bolivarian Republic and Cuba, analyses the context and possible consequences of the operation ordered by Donald Trump, which could \u00abexacerbate the difficulties and feed the migratory axes that he denounces\u00bb.","breadcrumb":{"@id":"https:\/\/ihedn.fr\/lundis-de-lihedn\/martial-foucault-la-mondialisation-est-de-plus-en-plus-percue-comme-un-espace-de-rivalite\/#breadcrumb"},"inLanguage":"en-GB","potentialAction":[{"@type":"ReadAction","target":["https:\/\/ihedn.fr\/lundis-de-lihedn\/martial-foucault-la-mondialisation-est-de-plus-en-plus-percue-comme-un-espace-de-rivalite\/"]}]},{"@type":"ImageObject","inLanguage":"en-GB","@id":"https:\/\/ihedn.fr\/lundis-de-lihedn\/martial-foucault-la-mondialisation-est-de-plus-en-plus-percue-comme-un-espace-de-rivalite\/#primaryimage","url":"https:\/\/ihedn.fr\/wp-content\/uploads\/2026\/04\/Bandeau_ITW_FOUCAULT.jpg","contentUrl":"https:\/\/ihedn.fr\/wp-content\/uploads\/2026\/04\/Bandeau_ITW_FOUCAULT.jpg","width":1920,"height":960},{"@type":"BreadcrumbList","@id":"https:\/\/ihedn.fr\/lundis-de-lihedn\/martial-foucault-la-mondialisation-est-de-plus-en-plus-percue-comme-un-espace-de-rivalite\/#breadcrumb","itemListElement":[{"@type":"ListItem","position":1,"name":"Accueil","item":"https:\/\/ihedn.fr\/"},{"@type":"ListItem","position":2,"name":"Martial Foucault : \u00ab La mondialisation est de plus en plus per\u00e7ue comme un espace de rivalit\u00e9 \u00bb"}]},{"@type":"WebSite","@id":"https:\/\/ihedn.fr\/#website","url":"https:\/\/ihedn.fr\/","name":"IHEDN: Institut des hautes \u00e9tudes de d\u00e9fense nationale (Institute for Higher National Defence Studies)","description":"Official website of the IHEDN under the supervision of the Prime Minister.","publisher":{"@id":"https:\/\/ihedn.fr\/#organization"},"potentialAction":[{"@type":"SearchAction","target":{"@type":"EntryPoint","urlTemplate":"https:\/\/ihedn.fr\/?s={search_term_string}"},"query-input":{"@type":"PropertyValueSpecification","valueRequired":true,"valueName":"search_term_string"}}],"inLanguage":"en-GB"},{"@type":"Organization","@id":"https:\/\/ihedn.fr\/#organization","name":"IHEDN - Institute for Higher National Defence Studies","url":"https:\/\/ihedn.fr\/","logo":{"@type":"ImageObject","inLanguage":"en-GB","@id":"https:\/\/ihedn.fr\/#\/schema\/logo\/image\/","url":"https:\/\/ihedn.fr\/wp-content\/uploads\/2020\/11\/BLOC_RF_IHEDN_WEB.png","contentUrl":"https:\/\/ihedn.fr\/wp-content\/uploads\/2020\/11\/BLOC_RF_IHEDN_WEB.png","width":500,"height":237,"caption":"IHEDN - Institut des Hautes Etudes de D\u00e9fense Nationale"},"image":{"@id":"https:\/\/ihedn.fr\/#\/schema\/logo\/image\/"},"sameAs":["https:\/\/www.facebook.com\/ihedn\/","https:\/\/x.com\/IHEDN","https:\/\/www.instagram.com\/ihedn\/","https:\/\/www.linkedin.com\/school\/ihedn\/","https:\/\/fr.wikipedia.org\/wiki\/Institut_des_hautes_\u00e9tudes_de_D\u00e9fense_nationale"]},{"@type":"Person","@id":"https:\/\/ihedn.fr\/#\/schema\/person\/7a52e81319c373f5462ade39e81a7f19","name":"Coline Dassonville","image":{"@type":"ImageObject","inLanguage":"en-GB","@id":"https:\/\/secure.gravatar.com\/avatar\/abc7cbc6297b987d7cbee36041f952619e584620b919eb849c804adf789c1147?s=96&d=mm&r=g","url":"https:\/\/secure.gravatar.com\/avatar\/abc7cbc6297b987d7cbee36041f952619e584620b919eb849c804adf789c1147?s=96&d=mm&r=g","contentUrl":"https:\/\/secure.gravatar.com\/avatar\/abc7cbc6297b987d7cbee36041f952619e584620b919eb849c804adf789c1147?s=96&d=mm&r=g","caption":"Coline Dassonville"},"url":"https:\/\/ihedn.fr\/en\/author\/coline\/"}]}},"publishpress_future_action":{"enabled":false,"date":"2026-05-06 04:43:27","action":"change-status","newStatus":"draft","terms":[],"taxonomy":"category","extraData":[]},"publishpress_future_workflow_manual_trigger":{"enabledWorkflows":[]},"_links":{"self":[{"href":"https:\/\/ihedn.fr\/en\/wp-json\/wp\/v2\/posts\/59498","targetHints":{"allow":["GET"]}}],"collection":[{"href":"https:\/\/ihedn.fr\/en\/wp-json\/wp\/v2\/posts"}],"about":[{"href":"https:\/\/ihedn.fr\/en\/wp-json\/wp\/v2\/types\/post"}],"author":[{"embeddable":true,"href":"https:\/\/ihedn.fr\/en\/wp-json\/wp\/v2\/users\/14"}],"replies":[{"embeddable":true,"href":"https:\/\/ihedn.fr\/en\/wp-json\/wp\/v2\/comments?post=59498"}],"version-history":[{"count":14,"href":"https:\/\/ihedn.fr\/en\/wp-json\/wp\/v2\/posts\/59498\/revisions"}],"predecessor-version":[{"id":59577,"href":"https:\/\/ihedn.fr\/en\/wp-json\/wp\/v2\/posts\/59498\/revisions\/59577"}],"wp:featuredmedia":[{"embeddable":true,"href":"https:\/\/ihedn.fr\/en\/wp-json\/wp\/v2\/media\/59521"}],"wp:attachment":[{"href":"https:\/\/ihedn.fr\/en\/wp-json\/wp\/v2\/media?parent=59498"}],"wp:term":[{"taxonomy":"category","embeddable":true,"href":"https:\/\/ihedn.fr\/en\/wp-json\/wp\/v2\/categories?post=59498"},{"taxonomy":"post_tag","embeddable":true,"href":"https:\/\/ihedn.fr\/en\/wp-json\/wp\/v2\/tags?post=59498"}],"curies":[{"name":"wp","href":"https:\/\/api.w.org\/{rel}","templated":true}]}}