{"id":59626,"date":"2026-04-14T09:14:10","date_gmt":"2026-04-14T08:14:10","guid":{"rendered":"https:\/\/ihedn.fr\/?p=59626"},"modified":"2026-04-14T10:54:43","modified_gmt":"2026-04-14T09:54:43","slug":"renforcer-lesprit-de-defense-dans-lenseignement-superieur-francilien","status":"publish","type":"post","link":"https:\/\/ihedn.fr\/en\/notre-actualite\/renforcer-lesprit-de-defense-dans-lenseignement-superieur-francilien\/","title":{"rendered":"Reinforcing the spirit of defence in higher education in the Paris region"},"content":{"rendered":"<div data-elementor-type=\"wp-post\" data-elementor-id=\"59626\" class=\"elementor elementor-59626\" data-elementor-post-type=\"post\">\n\t\t\t\t<div data-particle_enable=\"false\" data-particle-mobile-disabled=\"false\" class=\"elementor-element elementor-element-f59c0fe e-flex e-con-boxed e-con e-parent\" data-id=\"f59c0fe\" data-element_type=\"container\" data-e-type=\"container\">\n\t\t\t\t\t<div class=\"e-con-inner\">\n\t\t\t\t<div class=\"elementor-element elementor-element-cda3d5b elementor-widget elementor-widget-text-editor\" data-id=\"cda3d5b\" data-element_type=\"widget\" data-e-type=\"widget\" data-widget_type=\"text-editor.default\">\n\t\t\t\t<div class=\"elementor-widget-container\">\n\t\t\t\t\t\t\t\t\t<p>On 4 February 2026, at Les Invalides, Julie Benetti, Rector of the Ile-de-France academic region, Lieutenant General Lo\u00efc Mizon, Military Governor of Paris, and Prefect Nicolas Basselier, Deputy Director of the IHEDN, signed the \u00abDefence culture and spirit in Ile-de-France higher education\u00bb agreement.<\/p><p>In an international context marked by a rapid deterioration in the security environment, the signatories wanted to raise students' awareness of defence and national security issues. This initiative is fully in line with the guidelines of the National Strategic Review 2025, which calls for building a united, resilient France capable of dealing with contemporary crises.<\/p>\t\t\t\t\t\t\t\t<\/div>\n\t\t\t\t<\/div>\n\t\t\t\t<div class=\"elementor-element elementor-element-c5ffc62 elementor-widget elementor-widget-spacer\" data-id=\"c5ffc62\" data-element_type=\"widget\" data-e-type=\"widget\" data-widget_type=\"spacer.default\">\n\t\t\t\t<div class=\"elementor-widget-container\">\n\t\t\t\t\t\t\t<div class=\"elementor-spacer\">\n\t\t\t<div class=\"elementor-spacer-inner\"><\/div>\n\t\t<\/div>\n\t\t\t\t\t\t<\/div>\n\t\t\t\t<\/div>\n\t\t\t\t<div class=\"elementor-element elementor-element-58bc51d elementor-widget elementor-widget-heading\" data-id=\"58bc51d\" data-element_type=\"widget\" data-e-type=\"widget\" data-widget_type=\"heading.default\">\n\t\t\t\t<div class=\"elementor-widget-container\">\n\t\t\t\t\t<h4 class=\"elementor-heading-title elementor-size-default\">Developing a culture of defence at the heart of the university<\/h4>\t\t\t\t<\/div>\n\t\t\t\t<\/div>\n\t\t\t\t<div class=\"elementor-element elementor-element-27645be elementor-widget elementor-widget-text-editor\" data-id=\"27645be\" data-element_type=\"widget\" data-e-type=\"widget\" data-widget_type=\"text-editor.default\">\n\t\t\t\t<div class=\"elementor-widget-container\">\n\t\t\t\t\t\t\t\t\t<p>The agreement aims to structure long-term cooperation between the armed forces, higher education and the IHEDN in order to :<\/p><ul><li>develop a spirit and culture of defence among students and teachers; ;<\/li><li>strengthen citizenship and understanding of contemporary strategic issues ;<\/li><li>promote the values, missions and professions of the armed forces; ;<\/li><li>encourage commitment, particularly within the operational reserve.<\/li><\/ul><p>\u00a0<\/p><p>The rectorat plays a coordinating role with universities and higher education establishments, while the Paris defence and security zone ensures the coherence of the influence of the armed forces in the regions. The IHEDN, for its part, contributes through its teaching expertise and its range of courses, accredited cycles and conferences dedicated to defence issues.<\/p>\t\t\t\t\t\t\t\t<\/div>\n\t\t\t\t<\/div>\n\t\t\t\t<div class=\"elementor-element elementor-element-2dc909d elementor-widget elementor-widget-spacer\" data-id=\"2dc909d\" data-element_type=\"widget\" data-e-type=\"widget\" data-widget_type=\"spacer.default\">\n\t\t\t\t<div class=\"elementor-widget-container\">\n\t\t\t\t\t\t\t<div class=\"elementor-spacer\">\n\t\t\t<div class=\"elementor-spacer-inner\"><\/div>\n\t\t<\/div>\n\t\t\t\t\t\t<\/div>\n\t\t\t\t<\/div>\n\t\t\t\t<div class=\"elementor-element elementor-element-af9bbce elementor-widget elementor-widget-heading\" data-id=\"af9bbce\" data-element_type=\"widget\" data-e-type=\"widget\" data-widget_type=\"heading.default\">\n\t\t\t\t<div class=\"elementor-widget-container\">\n\t\t\t\t\t<h4 class=\"elementor-heading-title elementor-size-default\">Concrete actions to bring together the armed forces and the academic world<\/h4>\t\t\t\t<\/div>\n\t\t\t\t<\/div>\n\t\t\t\t<div class=\"elementor-element elementor-element-dab61ab elementor-widget elementor-widget-text-editor\" data-id=\"dab61ab\" data-element_type=\"widget\" data-e-type=\"widget\" data-widget_type=\"text-editor.default\">\n\t\t\t\t<div class=\"elementor-widget-container\">\n\t\t\t\t\t\t\t\t\t<p>The partnership provides for the implementation of structuring actions:<\/p><ul><li>organisation of conferences, symposia, seminars and training courses on defence issues; ;<\/li><li>creation of an academic defence network in the \u00cele-de-France region, in particular around the Defence and Security Education Advisers; ;<\/li><li>recognition of student commitment through ECTS credits, certificates or recognised diplomas; ;<\/li><li>support for university initiatives relating to cyber defence, artificial intelligence and strategic research; ;<\/li><li>bringing academics, students, researchers and the military closer together.<\/li><\/ul><p>\u00a0<\/p><p>This cooperation will also promote the professional integration of young people, the dissemination of a culture of resilience and the development of the army-nation link within higher education.<\/p>\t\t\t\t\t\t\t\t<\/div>\n\t\t\t\t<\/div>\n\t\t\t\t<div class=\"elementor-element elementor-element-8538edd elementor-widget elementor-widget-spacer\" data-id=\"8538edd\" data-element_type=\"widget\" data-e-type=\"widget\" data-widget_type=\"spacer.default\">\n\t\t\t\t<div class=\"elementor-widget-container\">\n\t\t\t\t\t\t\t<div class=\"elementor-spacer\">\n\t\t\t<div class=\"elementor-spacer-inner\"><\/div>\n\t\t<\/div>\n\t\t\t\t\t\t<\/div>\n\t\t\t\t<\/div>\n\t\t\t\t<div class=\"elementor-element elementor-element-9565079 elementor-widget elementor-widget-heading\" data-id=\"9565079\" data-element_type=\"widget\" data-e-type=\"widget\" data-widget_type=\"heading.default\">\n\t\t\t\t<div class=\"elementor-widget-container\">\n\t\t\t\t\t<h4 class=\"elementor-heading-title elementor-size-default\">Developing enlightened citizens and strengthening national resilience<\/h4>\t\t\t\t<\/div>\n\t\t\t\t<\/div>\n\t\t\t\t<div class=\"elementor-element elementor-element-1dd1bdd elementor-widget elementor-widget-text-editor\" data-id=\"1dd1bdd\" data-element_type=\"widget\" data-e-type=\"widget\" data-widget_type=\"text-editor.default\">\n\t\t\t\t<div class=\"elementor-widget-container\">\n\t\t\t\t\t\t\t\t\t<p>Through this agreement, the partners are affirming a shared ambition: to place defence at the heart of the Paris Region academic world for the long term.<\/p><p>By raising students' awareness of strategic challenges, promoting commitment and encouraging dialogue between civilian and military institutions, this partnership is helping to train citizens who are aware of contemporary issues and involved in national cohesion.<\/p><p>This is a major step towards strengthening the spirit of defence and preparing future generations for the responsibilities of tomorrow.<\/p>\t\t\t\t\t\t\t\t<\/div>\n\t\t\t\t<\/div>\n\t\t\t\t<div class=\"elementor-element elementor-element-b859b09 elementor-widget elementor-widget-spacer\" data-id=\"b859b09\" data-element_type=\"widget\" data-e-type=\"widget\" data-widget_type=\"spacer.default\">\n\t\t\t\t<div class=\"elementor-widget-container\">\n\t\t\t\t\t\t\t<div class=\"elementor-spacer\">\n\t\t\t<div class=\"elementor-spacer-inner\"><\/div>\n\t\t<\/div>\n\t\t\t\t\t\t<\/div>\n\t\t\t\t<\/div>\n\t\t\t\t\t<\/div>\n\t\t\t\t<\/div>\n\t\t<div data-particle_enable=\"false\" data-particle-mobile-disabled=\"false\" class=\"elementor-element elementor-element-560247d e-flex e-con-boxed e-con e-parent\" data-id=\"560247d\" data-element_type=\"container\" data-e-type=\"container\">\n\t\t\t\t\t<div class=\"e-con-inner\">\n\t\t\t\t<div class=\"elementor-element elementor-element-800e384 gallery-spacing-custom elementor-widget elementor-widget-image-gallery\" data-id=\"800e384\" data-element_type=\"widget\" data-e-type=\"widget\" data-widget_type=\"image-gallery.default\">\n\t\t\t\t<div class=\"elementor-widget-container\">\n\t\t\t\t\t\t\t<div class=\"elementor-image-gallery\">\n\t\t\t<div id='gallery-1' class='gallery galleryid-59626 gallery-columns-2 gallery-size-full'><figure class='gallery-item'>\n\t\t\t<div class='gallery-icon landscape'>\n\t\t\t\t<a data-elementor-open-lightbox=\"yes\" data-elementor-lightbox-slideshow=\"800e384\" data-e-action-hash=\"#elementor-action%3Aaction%3Dlightbox%26settings%3DeyJpZCI6NTk2MjksInVybCI6Imh0dHBzOlwvXC9paGVkbi5mclwvd3AtY29udGVudFwvdXBsb2Fkc1wvMjAyNlwvMDRcLzIwMjYwMTA0X0dNUF9FMTM1XzAwMV8wMDguanBnLmpwZWciLCJzbGlkZXNob3ciOiI4MDBlMzg0In0%3D\" href='https:\/\/ihedn.fr\/wp-content\/uploads\/2026\/04\/20260104_GMP_E135_001_008.jpg.jpeg'><img fetchpriority=\"high\" decoding=\"async\" width=\"1920\" height=\"1280\" src=\"https:\/\/ihedn.fr\/wp-content\/uploads\/2026\/04\/20260104_GMP_E135_001_008.jpg.jpeg\" class=\"attachment-full size-full\" alt=\"\" srcset=\"https:\/\/ihedn.fr\/wp-content\/uploads\/2026\/04\/20260104_GMP_E135_001_008.jpg.jpeg 1920w, https:\/\/ihedn.fr\/wp-content\/uploads\/2026\/04\/20260104_GMP_E135_001_008.jpg-1536x1024.jpeg 1536w, https:\/\/ihedn.fr\/wp-content\/uploads\/2026\/04\/20260104_GMP_E135_001_008.jpg-18x12.jpeg 18w\" sizes=\"(max-width: 1920px) 100vw, 1920px\" \/><\/a>\n\t\t\t<\/div><\/figure><figure class='gallery-item'>\n\t\t\t<div class='gallery-icon landscape'>\n\t\t\t\t<a data-elementor-open-lightbox=\"yes\" data-elementor-lightbox-slideshow=\"800e384\" data-e-action-hash=\"#elementor-action%3Aaction%3Dlightbox%26settings%3DeyJpZCI6NTk2MzAsInVybCI6Imh0dHBzOlwvXC9paGVkbi5mclwvd3AtY29udGVudFwvdXBsb2Fkc1wvMjAyNlwvMDRcLzIwMjYwMTA0X0dNUF9FMTM1XzAwMV8wMDkuanBnLmpwZWciLCJzbGlkZXNob3ciOiI4MDBlMzg0In0%3D\" href='https:\/\/ihedn.fr\/wp-content\/uploads\/2026\/04\/20260104_GMP_E135_001_009.jpg.jpeg'><img decoding=\"async\" width=\"1920\" height=\"1280\" src=\"https:\/\/ihedn.fr\/wp-content\/uploads\/2026\/04\/20260104_GMP_E135_001_009.jpg.jpeg\" class=\"attachment-full size-full\" alt=\"\" srcset=\"https:\/\/ihedn.fr\/wp-content\/uploads\/2026\/04\/20260104_GMP_E135_001_009.jpg.jpeg 1920w, https:\/\/ihedn.fr\/wp-content\/uploads\/2026\/04\/20260104_GMP_E135_001_009.jpg-1536x1024.jpeg 1536w, https:\/\/ihedn.fr\/wp-content\/uploads\/2026\/04\/20260104_GMP_E135_001_009.jpg-18x12.jpeg 18w\" sizes=\"(max-width: 1920px) 100vw, 1920px\" \/><\/a>\n\t\t\t<\/div><\/figure><figure class='gallery-item'>\n\t\t\t<div class='gallery-icon landscape'>\n\t\t\t\t<a data-elementor-open-lightbox=\"yes\" data-elementor-lightbox-slideshow=\"800e384\" data-e-action-hash=\"#elementor-action%3Aaction%3Dlightbox%26settings%3DeyJpZCI6NTk2MzEsInVybCI6Imh0dHBzOlwvXC9paGVkbi5mclwvd3AtY29udGVudFwvdXBsb2Fkc1wvMjAyNlwvMDRcLzIwMjYwMTA0X0dNUF9FMTM1XzAwMV8wMDYuanBnLmpwZWciLCJzbGlkZXNob3ciOiI4MDBlMzg0In0%3D\" href='https:\/\/ihedn.fr\/wp-content\/uploads\/2026\/04\/20260104_GMP_E135_001_006.jpg.jpeg'><img decoding=\"async\" width=\"1920\" height=\"1280\" src=\"https:\/\/ihedn.fr\/wp-content\/uploads\/2026\/04\/20260104_GMP_E135_001_006.jpg.jpeg\" class=\"attachment-full size-full\" alt=\"\" srcset=\"https:\/\/ihedn.fr\/wp-content\/uploads\/2026\/04\/20260104_GMP_E135_001_006.jpg.jpeg 1920w, https:\/\/ihedn.fr\/wp-content\/uploads\/2026\/04\/20260104_GMP_E135_001_006.jpg-1536x1024.jpeg 1536w, https:\/\/ihedn.fr\/wp-content\/uploads\/2026\/04\/20260104_GMP_E135_001_006.jpg-18x12.jpeg 18w\" sizes=\"(max-width: 1920px) 100vw, 1920px\" \/><\/a>\n\t\t\t<\/div><\/figure><figure class='gallery-item'>\n\t\t\t<div class='gallery-icon landscape'>\n\t\t\t\t<a data-elementor-open-lightbox=\"yes\" data-elementor-lightbox-slideshow=\"800e384\" data-e-action-hash=\"#elementor-action%3Aaction%3Dlightbox%26settings%3DeyJpZCI6NTk2MzIsInVybCI6Imh0dHBzOlwvXC9paGVkbi5mclwvd3AtY29udGVudFwvdXBsb2Fkc1wvMjAyNlwvMDRcLzIwMjYwMTA0X0dNUF9FMTM1XzAwMV8wMDcuanBnLmpwZWciLCJzbGlkZXNob3ciOiI4MDBlMzg0In0%3D\" href='https:\/\/ihedn.fr\/wp-content\/uploads\/2026\/04\/20260104_GMP_E135_001_007.jpg.jpeg'><img loading=\"lazy\" decoding=\"async\" width=\"1920\" height=\"1280\" src=\"https:\/\/ihedn.fr\/wp-content\/uploads\/2026\/04\/20260104_GMP_E135_001_007.jpg.jpeg\" class=\"attachment-full size-full\" alt=\"\" srcset=\"https:\/\/ihedn.fr\/wp-content\/uploads\/2026\/04\/20260104_GMP_E135_001_007.jpg.jpeg 1920w, https:\/\/ihedn.fr\/wp-content\/uploads\/2026\/04\/20260104_GMP_E135_001_007.jpg-1536x1024.jpeg 1536w, https:\/\/ihedn.fr\/wp-content\/uploads\/2026\/04\/20260104_GMP_E135_001_007.jpg-18x12.jpeg 18w\" sizes=\"(max-width: 1920px) 100vw, 1920px\" \/><\/a>\n\t\t\t<\/div><\/figure>\n\t\t<\/div>\n\t\t<\/div>\n\t\t\t\t\t\t<\/div>\n\t\t\t\t<\/div>\n\t\t\t\t\t<\/div>\n\t\t\t\t<\/div>\n\t\t\t\t<\/div>","protected":false},"excerpt":{"rendered":"<p>The Institut des Hautes \u00c9tudes de D\u00e9fense Nationale, the \u00cele-de-France Academic Region and the Paris Defence and Security Zone have signed an ambitious partnership agreement to develop the spirit and culture of defence among students in the \u00cele-de-France region. A joint commitment to forge lasting links between academia, the armed forces and young people.<\/p>","protected":false},"author":14,"featured_media":59628,"comment_status":"closed","ping_status":"closed","sticky":false,"template":"","format":"standard","meta":{"footnotes":""},"categories":[172],"tags":[],"class_list":["post-59626","post","type-post","status-publish","format-standard","has-post-thumbnail","hentry","category-notre-actualite"],"yoast_head":"<!-- This site is optimized with the Yoast SEO plugin v27.5 - https:\/\/yoast.com\/product\/yoast-seo-wordpress\/ -->\n<title>Renforcer l\u2019esprit de d\u00e9fense dans l\u2019enseignement sup\u00e9rieur francilien - L&#039;IHEDN : Institut des hautes \u00e9tudes de d\u00e9fense nationale<\/title>\n<meta name=\"robots\" content=\"index, follow, max-snippet:-1, max-image-preview:large, max-video-preview:-1\" \/>\n<link rel=\"canonical\" href=\"https:\/\/ihedn.fr\/en\/notre-actualite\/renforcer-lesprit-de-defense-dans-lenseignement-superieur-francilien\/\" \/>\n<meta property=\"og:locale\" content=\"en_GB\" \/>\n<meta property=\"og:type\" content=\"article\" \/>\n<meta property=\"og:title\" content=\"Renforcer l\u2019esprit de d\u00e9fense dans l\u2019enseignement sup\u00e9rieur francilien - L&#039;IHEDN : Institut des hautes \u00e9tudes de d\u00e9fense nationale\" \/>\n<meta property=\"og:description\" content=\"L\u2019Institut des hautes \u00e9tudes de d\u00e9fense nationale, la R\u00e9gion acad\u00e9mique \u00cele-de-France et la Zone de d\u00e9fense et de s\u00e9curit\u00e9 de Paris ont sign\u00e9 une convention de partenariat ambitieuse pour d\u00e9velopper l\u2019esprit et la culture de d\u00e9fense aupr\u00e8s des \u00e9tudiants franciliens. Un engagement commun pour rapprocher durablement le monde acad\u00e9mique, les arm\u00e9es et la jeunesse.\" \/>\n<meta property=\"og:url\" content=\"https:\/\/ihedn.fr\/en\/notre-actualite\/renforcer-lesprit-de-defense-dans-lenseignement-superieur-francilien\/\" \/>\n<meta property=\"og:site_name\" content=\"L&#039;IHEDN : Institut des hautes \u00e9tudes de d\u00e9fense nationale\" \/>\n<meta property=\"article:publisher\" content=\"https:\/\/www.facebook.com\/ihedn\/\" \/>\n<meta property=\"article:published_time\" content=\"2026-04-14T08:14:10+00:00\" \/>\n<meta property=\"article:modified_time\" content=\"2026-04-14T09:54:43+00:00\" \/>\n<meta property=\"og:image\" content=\"https:\/\/ihedn.fr\/wp-content\/uploads\/2026\/04\/20260104_GMP_E135_001_010.jpg.jpeg\" \/>\n\t<meta property=\"og:image:width\" content=\"1920\" \/>\n\t<meta property=\"og:image:height\" content=\"1280\" \/>\n\t<meta property=\"og:image:type\" content=\"image\/jpeg\" \/>\n<meta name=\"author\" content=\"Coline Dassonville\" \/>\n<meta name=\"twitter:card\" content=\"summary_large_image\" \/>\n<meta name=\"twitter:creator\" content=\"@IHEDN\" \/>\n<meta name=\"twitter:site\" content=\"@IHEDN\" \/>\n<meta name=\"twitter:label1\" content=\"Written by\" \/>\n\t<meta name=\"twitter:data1\" content=\"Coline Dassonville\" \/>\n\t<meta name=\"twitter:label2\" content=\"Estimated reading time\" \/>\n\t<meta name=\"twitter:data2\" content=\"3 minutes\" \/>\n<script type=\"application\/ld+json\" class=\"yoast-schema-graph\">{\"@context\":\"https:\\\/\\\/schema.org\",\"@graph\":[{\"@type\":\"Article\",\"@id\":\"https:\\\/\\\/ihedn.fr\\\/notre-actualite\\\/renforcer-lesprit-de-defense-dans-lenseignement-superieur-francilien\\\/#article\",\"isPartOf\":{\"@id\":\"https:\\\/\\\/ihedn.fr\\\/notre-actualite\\\/renforcer-lesprit-de-defense-dans-lenseignement-superieur-francilien\\\/\"},\"author\":{\"name\":\"Coline Dassonville\",\"@id\":\"https:\\\/\\\/ihedn.fr\\\/#\\\/schema\\\/person\\\/7a52e81319c373f5462ade39e81a7f19\"},\"headline\":\"Renforcer l\u2019esprit de d\u00e9fense dans l\u2019enseignement sup\u00e9rieur francilien\",\"datePublished\":\"2026-04-14T08:14:10+00:00\",\"dateModified\":\"2026-04-14T09:54:43+00:00\",\"mainEntityOfPage\":{\"@id\":\"https:\\\/\\\/ihedn.fr\\\/notre-actualite\\\/renforcer-lesprit-de-defense-dans-lenseignement-superieur-francilien\\\/\"},\"wordCount\":530,\"publisher\":{\"@id\":\"https:\\\/\\\/ihedn.fr\\\/#organization\"},\"image\":{\"@id\":\"https:\\\/\\\/ihedn.fr\\\/notre-actualite\\\/renforcer-lesprit-de-defense-dans-lenseignement-superieur-francilien\\\/#primaryimage\"},\"thumbnailUrl\":\"https:\\\/\\\/ihedn.fr\\\/wp-content\\\/uploads\\\/2026\\\/04\\\/20260104_GMP_E135_001_010.jpg.jpeg\",\"articleSection\":[\"Notre actualit\u00e9\"],\"inLanguage\":\"en-GB\"},{\"@type\":\"WebPage\",\"@id\":\"https:\\\/\\\/ihedn.fr\\\/notre-actualite\\\/renforcer-lesprit-de-defense-dans-lenseignement-superieur-francilien\\\/\",\"url\":\"https:\\\/\\\/ihedn.fr\\\/notre-actualite\\\/renforcer-lesprit-de-defense-dans-lenseignement-superieur-francilien\\\/\",\"name\":\"Renforcer l\u2019esprit de d\u00e9fense dans l\u2019enseignement sup\u00e9rieur francilien - L&#039;IHEDN : Institut des hautes \u00e9tudes de d\u00e9fense nationale\",\"isPartOf\":{\"@id\":\"https:\\\/\\\/ihedn.fr\\\/#website\"},\"primaryImageOfPage\":{\"@id\":\"https:\\\/\\\/ihedn.fr\\\/notre-actualite\\\/renforcer-lesprit-de-defense-dans-lenseignement-superieur-francilien\\\/#primaryimage\"},\"image\":{\"@id\":\"https:\\\/\\\/ihedn.fr\\\/notre-actualite\\\/renforcer-lesprit-de-defense-dans-lenseignement-superieur-francilien\\\/#primaryimage\"},\"thumbnailUrl\":\"https:\\\/\\\/ihedn.fr\\\/wp-content\\\/uploads\\\/2026\\\/04\\\/20260104_GMP_E135_001_010.jpg.jpeg\",\"datePublished\":\"2026-04-14T08:14:10+00:00\",\"dateModified\":\"2026-04-14T09:54:43+00:00\",\"breadcrumb\":{\"@id\":\"https:\\\/\\\/ihedn.fr\\\/notre-actualite\\\/renforcer-lesprit-de-defense-dans-lenseignement-superieur-francilien\\\/#breadcrumb\"},\"inLanguage\":\"en-GB\",\"potentialAction\":[{\"@type\":\"ReadAction\",\"target\":[\"https:\\\/\\\/ihedn.fr\\\/notre-actualite\\\/renforcer-lesprit-de-defense-dans-lenseignement-superieur-francilien\\\/\"]}]},{\"@type\":\"ImageObject\",\"inLanguage\":\"en-GB\",\"@id\":\"https:\\\/\\\/ihedn.fr\\\/notre-actualite\\\/renforcer-lesprit-de-defense-dans-lenseignement-superieur-francilien\\\/#primaryimage\",\"url\":\"https:\\\/\\\/ihedn.fr\\\/wp-content\\\/uploads\\\/2026\\\/04\\\/20260104_GMP_E135_001_010.jpg.jpeg\",\"contentUrl\":\"https:\\\/\\\/ihedn.fr\\\/wp-content\\\/uploads\\\/2026\\\/04\\\/20260104_GMP_E135_001_010.jpg.jpeg\",\"width\":1920,\"height\":1280},{\"@type\":\"BreadcrumbList\",\"@id\":\"https:\\\/\\\/ihedn.fr\\\/notre-actualite\\\/renforcer-lesprit-de-defense-dans-lenseignement-superieur-francilien\\\/#breadcrumb\",\"itemListElement\":[{\"@type\":\"ListItem\",\"position\":1,\"name\":\"Accueil\",\"item\":\"https:\\\/\\\/ihedn.fr\\\/\"},{\"@type\":\"ListItem\",\"position\":2,\"name\":\"Renforcer l\u2019esprit de d\u00e9fense dans l\u2019enseignement sup\u00e9rieur francilien\"}]},{\"@type\":\"WebSite\",\"@id\":\"https:\\\/\\\/ihedn.fr\\\/#website\",\"url\":\"https:\\\/\\\/ihedn.fr\\\/\",\"name\":\"IHEDN : Institut des hautes \u00e9tudes de d\u00e9fense nationale |\",\"description\":\"Site officiel de l&#039;IHEDN plac\u00e9 sous la tutelle du Premier ministre.\",\"publisher\":{\"@id\":\"https:\\\/\\\/ihedn.fr\\\/#organization\"},\"potentialAction\":[{\"@type\":\"SearchAction\",\"target\":{\"@type\":\"EntryPoint\",\"urlTemplate\":\"https:\\\/\\\/ihedn.fr\\\/?s={search_term_string}\"},\"query-input\":{\"@type\":\"PropertyValueSpecification\",\"valueRequired\":true,\"valueName\":\"search_term_string\"}}],\"inLanguage\":\"en-GB\"},{\"@type\":\"Organization\",\"@id\":\"https:\\\/\\\/ihedn.fr\\\/#organization\",\"name\":\"IHEDN - Institut des Hautes Etudes de D\u00e9fense Nationale\",\"url\":\"https:\\\/\\\/ihedn.fr\\\/\",\"logo\":{\"@type\":\"ImageObject\",\"inLanguage\":\"en-GB\",\"@id\":\"https:\\\/\\\/ihedn.fr\\\/#\\\/schema\\\/logo\\\/image\\\/\",\"url\":\"https:\\\/\\\/ihedn.fr\\\/wp-content\\\/uploads\\\/2020\\\/11\\\/BLOC_RF_IHEDN_WEB.png\",\"contentUrl\":\"https:\\\/\\\/ihedn.fr\\\/wp-content\\\/uploads\\\/2020\\\/11\\\/BLOC_RF_IHEDN_WEB.png\",\"width\":500,\"height\":237,\"caption\":\"IHEDN - Institut des Hautes Etudes de D\u00e9fense Nationale\"},\"image\":{\"@id\":\"https:\\\/\\\/ihedn.fr\\\/#\\\/schema\\\/logo\\\/image\\\/\"},\"sameAs\":[\"https:\\\/\\\/www.facebook.com\\\/ihedn\\\/\",\"https:\\\/\\\/x.com\\\/IHEDN\",\"https:\\\/\\\/www.instagram.com\\\/ihedn\\\/\",\"https:\\\/\\\/www.linkedin.com\\\/school\\\/ihedn\\\/\",\"https:\\\/\\\/fr.wikipedia.org\\\/wiki\\\/Institut_des_hautes_\u00e9tudes_de_D\u00e9fense_nationale\"]},{\"@type\":\"Person\",\"@id\":\"https:\\\/\\\/ihedn.fr\\\/#\\\/schema\\\/person\\\/7a52e81319c373f5462ade39e81a7f19\",\"name\":\"Coline Dassonville\",\"image\":{\"@type\":\"ImageObject\",\"inLanguage\":\"en-GB\",\"@id\":\"https:\\\/\\\/secure.gravatar.com\\\/avatar\\\/abc7cbc6297b987d7cbee36041f952619e584620b919eb849c804adf789c1147?s=96&d=mm&r=g\",\"url\":\"https:\\\/\\\/secure.gravatar.com\\\/avatar\\\/abc7cbc6297b987d7cbee36041f952619e584620b919eb849c804adf789c1147?s=96&d=mm&r=g\",\"contentUrl\":\"https:\\\/\\\/secure.gravatar.com\\\/avatar\\\/abc7cbc6297b987d7cbee36041f952619e584620b919eb849c804adf789c1147?s=96&d=mm&r=g\",\"caption\":\"Coline Dassonville\"},\"url\":\"https:\\\/\\\/ihedn.fr\\\/en\\\/author\\\/coline\\\/\"}]}<\/script>\n<!-- \/ Yoast SEO plugin. -->","yoast_head_json":{"title":"Strengthening the spirit of defence in higher education in the Ile-de-France region - L'IHEDN : Institut des hautes \u00e9tudes de d\u00e9fense nationale","robots":{"index":"index","follow":"follow","max-snippet":"max-snippet:-1","max-image-preview":"max-image-preview:large","max-video-preview":"max-video-preview:-1"},"canonical":"https:\/\/ihedn.fr\/en\/notre-actualite\/renforcer-lesprit-de-defense-dans-lenseignement-superieur-francilien\/","og_locale":"en_GB","og_type":"article","og_title":"Renforcer l\u2019esprit de d\u00e9fense dans l\u2019enseignement sup\u00e9rieur francilien - L&#039;IHEDN : Institut des hautes \u00e9tudes de d\u00e9fense nationale","og_description":"L\u2019Institut des hautes \u00e9tudes de d\u00e9fense nationale, la R\u00e9gion acad\u00e9mique \u00cele-de-France et la Zone de d\u00e9fense et de s\u00e9curit\u00e9 de Paris ont sign\u00e9 une convention de partenariat ambitieuse pour d\u00e9velopper l\u2019esprit et la culture de d\u00e9fense aupr\u00e8s des \u00e9tudiants franciliens. Un engagement commun pour rapprocher durablement le monde acad\u00e9mique, les arm\u00e9es et la jeunesse.","og_url":"https:\/\/ihedn.fr\/en\/notre-actualite\/renforcer-lesprit-de-defense-dans-lenseignement-superieur-francilien\/","og_site_name":"L&#039;IHEDN : Institut des hautes \u00e9tudes de d\u00e9fense nationale","article_publisher":"https:\/\/www.facebook.com\/ihedn\/","article_published_time":"2026-04-14T08:14:10+00:00","article_modified_time":"2026-04-14T09:54:43+00:00","og_image":[{"width":1920,"height":1280,"url":"https:\/\/ihedn.fr\/wp-content\/uploads\/2026\/04\/20260104_GMP_E135_001_010.jpg.jpeg","type":"image\/jpeg"}],"author":"Coline Dassonville","twitter_card":"summary_large_image","twitter_creator":"@IHEDN","twitter_site":"@IHEDN","twitter_misc":{"Written by":"Coline Dassonville","Estimated reading time":"3 minutes"},"schema":{"@context":"https:\/\/schema.org","@graph":[{"@type":"Article","@id":"https:\/\/ihedn.fr\/notre-actualite\/renforcer-lesprit-de-defense-dans-lenseignement-superieur-francilien\/#article","isPartOf":{"@id":"https:\/\/ihedn.fr\/notre-actualite\/renforcer-lesprit-de-defense-dans-lenseignement-superieur-francilien\/"},"author":{"name":"Coline Dassonville","@id":"https:\/\/ihedn.fr\/#\/schema\/person\/7a52e81319c373f5462ade39e81a7f19"},"headline":"Renforcer l\u2019esprit de d\u00e9fense dans l\u2019enseignement sup\u00e9rieur francilien","datePublished":"2026-04-14T08:14:10+00:00","dateModified":"2026-04-14T09:54:43+00:00","mainEntityOfPage":{"@id":"https:\/\/ihedn.fr\/notre-actualite\/renforcer-lesprit-de-defense-dans-lenseignement-superieur-francilien\/"},"wordCount":530,"publisher":{"@id":"https:\/\/ihedn.fr\/#organization"},"image":{"@id":"https:\/\/ihedn.fr\/notre-actualite\/renforcer-lesprit-de-defense-dans-lenseignement-superieur-francilien\/#primaryimage"},"thumbnailUrl":"https:\/\/ihedn.fr\/wp-content\/uploads\/2026\/04\/20260104_GMP_E135_001_010.jpg.jpeg","articleSection":["Notre actualit\u00e9"],"inLanguage":"en-GB"},{"@type":"WebPage","@id":"https:\/\/ihedn.fr\/notre-actualite\/renforcer-lesprit-de-defense-dans-lenseignement-superieur-francilien\/","url":"https:\/\/ihedn.fr\/notre-actualite\/renforcer-lesprit-de-defense-dans-lenseignement-superieur-francilien\/","name":"Strengthening the spirit of defence in higher education in the Ile-de-France region - L'IHEDN : Institut des hautes \u00e9tudes de d\u00e9fense nationale","isPartOf":{"@id":"https:\/\/ihedn.fr\/#website"},"primaryImageOfPage":{"@id":"https:\/\/ihedn.fr\/notre-actualite\/renforcer-lesprit-de-defense-dans-lenseignement-superieur-francilien\/#primaryimage"},"image":{"@id":"https:\/\/ihedn.fr\/notre-actualite\/renforcer-lesprit-de-defense-dans-lenseignement-superieur-francilien\/#primaryimage"},"thumbnailUrl":"https:\/\/ihedn.fr\/wp-content\/uploads\/2026\/04\/20260104_GMP_E135_001_010.jpg.jpeg","datePublished":"2026-04-14T08:14:10+00:00","dateModified":"2026-04-14T09:54:43+00:00","breadcrumb":{"@id":"https:\/\/ihedn.fr\/notre-actualite\/renforcer-lesprit-de-defense-dans-lenseignement-superieur-francilien\/#breadcrumb"},"inLanguage":"en-GB","potentialAction":[{"@type":"ReadAction","target":["https:\/\/ihedn.fr\/notre-actualite\/renforcer-lesprit-de-defense-dans-lenseignement-superieur-francilien\/"]}]},{"@type":"ImageObject","inLanguage":"en-GB","@id":"https:\/\/ihedn.fr\/notre-actualite\/renforcer-lesprit-de-defense-dans-lenseignement-superieur-francilien\/#primaryimage","url":"https:\/\/ihedn.fr\/wp-content\/uploads\/2026\/04\/20260104_GMP_E135_001_010.jpg.jpeg","contentUrl":"https:\/\/ihedn.fr\/wp-content\/uploads\/2026\/04\/20260104_GMP_E135_001_010.jpg.jpeg","width":1920,"height":1280},{"@type":"BreadcrumbList","@id":"https:\/\/ihedn.fr\/notre-actualite\/renforcer-lesprit-de-defense-dans-lenseignement-superieur-francilien\/#breadcrumb","itemListElement":[{"@type":"ListItem","position":1,"name":"Accueil","item":"https:\/\/ihedn.fr\/"},{"@type":"ListItem","position":2,"name":"Renforcer l\u2019esprit de d\u00e9fense dans l\u2019enseignement sup\u00e9rieur francilien"}]},{"@type":"WebSite","@id":"https:\/\/ihedn.fr\/#website","url":"https:\/\/ihedn.fr\/","name":"IHEDN: Institut des hautes \u00e9tudes de d\u00e9fense nationale (Institute for Higher National Defence Studies)","description":"Official website of the IHEDN under the supervision of the Prime Minister.","publisher":{"@id":"https:\/\/ihedn.fr\/#organization"},"potentialAction":[{"@type":"SearchAction","target":{"@type":"EntryPoint","urlTemplate":"https:\/\/ihedn.fr\/?s={search_term_string}"},"query-input":{"@type":"PropertyValueSpecification","valueRequired":true,"valueName":"search_term_string"}}],"inLanguage":"en-GB"},{"@type":"Organization","@id":"https:\/\/ihedn.fr\/#organization","name":"IHEDN - Institute for Higher National Defence Studies","url":"https:\/\/ihedn.fr\/","logo":{"@type":"ImageObject","inLanguage":"en-GB","@id":"https:\/\/ihedn.fr\/#\/schema\/logo\/image\/","url":"https:\/\/ihedn.fr\/wp-content\/uploads\/2020\/11\/BLOC_RF_IHEDN_WEB.png","contentUrl":"https:\/\/ihedn.fr\/wp-content\/uploads\/2020\/11\/BLOC_RF_IHEDN_WEB.png","width":500,"height":237,"caption":"IHEDN - Institut des Hautes Etudes de D\u00e9fense Nationale"},"image":{"@id":"https:\/\/ihedn.fr\/#\/schema\/logo\/image\/"},"sameAs":["https:\/\/www.facebook.com\/ihedn\/","https:\/\/x.com\/IHEDN","https:\/\/www.instagram.com\/ihedn\/","https:\/\/www.linkedin.com\/school\/ihedn\/","https:\/\/fr.wikipedia.org\/wiki\/Institut_des_hautes_\u00e9tudes_de_D\u00e9fense_nationale"]},{"@type":"Person","@id":"https:\/\/ihedn.fr\/#\/schema\/person\/7a52e81319c373f5462ade39e81a7f19","name":"Coline Dassonville","image":{"@type":"ImageObject","inLanguage":"en-GB","@id":"https:\/\/secure.gravatar.com\/avatar\/abc7cbc6297b987d7cbee36041f952619e584620b919eb849c804adf789c1147?s=96&d=mm&r=g","url":"https:\/\/secure.gravatar.com\/avatar\/abc7cbc6297b987d7cbee36041f952619e584620b919eb849c804adf789c1147?s=96&d=mm&r=g","contentUrl":"https:\/\/secure.gravatar.com\/avatar\/abc7cbc6297b987d7cbee36041f952619e584620b919eb849c804adf789c1147?s=96&d=mm&r=g","caption":"Coline Dassonville"},"url":"https:\/\/ihedn.fr\/en\/author\/coline\/"}]}},"publishpress_future_action":{"enabled":false,"date":"2026-05-06 04:54:04","action":"change-status","newStatus":"draft","terms":[],"taxonomy":"category","extraData":[]},"publishpress_future_workflow_manual_trigger":{"enabledWorkflows":[]},"_links":{"self":[{"href":"https:\/\/ihedn.fr\/en\/wp-json\/wp\/v2\/posts\/59626","targetHints":{"allow":["GET"]}}],"collection":[{"href":"https:\/\/ihedn.fr\/en\/wp-json\/wp\/v2\/posts"}],"about":[{"href":"https:\/\/ihedn.fr\/en\/wp-json\/wp\/v2\/types\/post"}],"author":[{"embeddable":true,"href":"https:\/\/ihedn.fr\/en\/wp-json\/wp\/v2\/users\/14"}],"replies":[{"embeddable":true,"href":"https:\/\/ihedn.fr\/en\/wp-json\/wp\/v2\/comments?post=59626"}],"version-history":[{"count":13,"href":"https:\/\/ihedn.fr\/en\/wp-json\/wp\/v2\/posts\/59626\/revisions"}],"predecessor-version":[{"id":59645,"href":"https:\/\/ihedn.fr\/en\/wp-json\/wp\/v2\/posts\/59626\/revisions\/59645"}],"wp:featuredmedia":[{"embeddable":true,"href":"https:\/\/ihedn.fr\/en\/wp-json\/wp\/v2\/media\/59628"}],"wp:attachment":[{"href":"https:\/\/ihedn.fr\/en\/wp-json\/wp\/v2\/media?parent=59626"}],"wp:term":[{"taxonomy":"category","embeddable":true,"href":"https:\/\/ihedn.fr\/en\/wp-json\/wp\/v2\/categories?post=59626"},{"taxonomy":"post_tag","embeddable":true,"href":"https:\/\/ihedn.fr\/en\/wp-json\/wp\/v2\/tags?post=59626"}],"curies":[{"name":"wp","href":"https:\/\/api.w.org\/{rel}","templated":true}]}}