{"id":59730,"date":"2026-04-24T09:10:46","date_gmt":"2026-04-24T08:10:46","guid":{"rendered":"https:\/\/ihedn.fr\/?p=59730"},"modified":"2026-04-24T15:27:29","modified_gmt":"2026-04-24T14:27:29","slug":"la-formation-a-larmement-une-contribution-strategique-de-lihedn","status":"publish","type":"post","link":"https:\/\/ihedn.fr\/en\/lundis-de-lihedn\/la-formation-a-larmement-une-contribution-strategique-de-lihedn\/","title":{"rendered":"Armaments training, a strategic contribution from IHEDN"},"content":{"rendered":"<div data-elementor-type=\"wp-post\" data-elementor-id=\"59730\" class=\"elementor elementor-59730\" data-elementor-post-type=\"post\">\n\t\t\t\t<div data-particle_enable=\"false\" data-particle-mobile-disabled=\"false\" class=\"elementor-element elementor-element-b21a8ab e-con-full e-flex e-con e-parent\" data-id=\"b21a8ab\" data-element_type=\"container\" data-e-type=\"container\">\n\t\t\t\t<div class=\"elementor-element elementor-element-aee1da3 elementor-widget elementor-widget-text-editor\" data-id=\"aee1da3\" data-element_type=\"widget\" data-e-type=\"widget\" data-widget_type=\"text-editor.default\">\n\t\t\t\t<div class=\"elementor-widget-container\">\n\t\t\t\t\t\t\t\t\t<p>On 1 January 2010, the Centre des hautes \u00e9tudes de l'armement (CHEAr), founded in 1964, merged with the IHEDN. Since then, <a href=\"https:\/\/ihedn.fr\/en\/se-former\/session-nationale\/majeure-armement-et-economie-de-defense-aed\/\">the Armaments and Defence Economics major<\/a> (AED) of the Institute's national session trains its auditors in the specificities of the defence industry sector.<\/p><p>\u00abCHEAr's DNA has very largely integrated that of the IHEDN for the AED major,\u00bb says its head, the Engineer General of Armaments (in 2<sup>e<\/sup> section) \u00c9tienne Paris, himself an auditor at the 39<sup>e<\/sup> session of CHEAr. Every year, around fifty students opt for this specialisation. They come from the Direction G\u00e9n\u00e9rale de l'Armement (DGA), the Ministry of Defence, the administration, industry and civil society, and work or have a close interest in armaments. In all its dimensions,\" says IGA Paris:<\/p>\t\t\t\t\t\t\t\t<\/div>\n\t\t\t\t<\/div>\n\t\t\t\t<div class=\"elementor-element elementor-element-d4bfd54 elementor-blockquote--skin-border elementor-widget elementor-widget-blockquote\" data-id=\"d4bfd54\" data-element_type=\"widget\" data-e-type=\"widget\" data-widget_type=\"blockquote.default\">\n\t\t\t\t<div class=\"elementor-widget-container\">\n\t\t\t\t\t\t\t<blockquote class=\"elementor-blockquote\">\n\t\t\t<p class=\"elementor-blockquote__content\">\n\t\t\t\t\u00abThe CHEAr's mission remains essentially the same as that of the CHEAr: to deepen knowledge of defence issues, foreign policy, armaments and the defence economy; to prepare senior civil and military managers, both French and foreign, in the field of defence.\nIts mission remains essentially the same as that of CHEAr: to deepen knowledge of defence issues, foreign policy, armaments and the defence economy; to prepare senior civil and military personnel, both French and foreign, for the exercise of their responsibilities; to promote and disseminate all useful knowledge in the field of defence and international relations\u00bb.\u00bb\n\t\t\t<\/p>\n\t\t\t\t\t<\/blockquote>\n\t\t\t\t\t\t<\/div>\n\t\t\t\t<\/div>\n\t\t\t\t<div class=\"elementor-element elementor-element-23593b8 elementor-widget elementor-widget-text-editor\" data-id=\"23593b8\" data-element_type=\"widget\" data-e-type=\"widget\" data-widget_type=\"text-editor.default\">\n\t\t\t\t<div class=\"elementor-widget-container\">\n\t\t\t\t\t\t\t\t\t<p>\u00a0<\/p><p>In particular, following this course - spread over 45 days from September to June - enables students to give meaning to the work of engineers and officers by reminding them of the military purpose and the \u00abemployment\u00bb dimension, but also to broaden the points of view of people who are often specialists in specific fields by giving them a cross-weapon, multi-sector and international vision of defence issues. The major incorporates aspects relating to technological breakthroughs, changes in the environment and the law, and raises awareness of economic security.<\/p><p>More broadly, this major enables students to acquire the main concepts in defence economics, and to gain a better understanding of NATO and the workings of European institutions. Finally, it trains its students in the challenges of industrial sovereignty.<\/p><p>As with the other 4 majors in the national session, with which it shares a common foundation, the AED course is based on the IHEDN's pedagogical triptych: lectures, study missions and committee work.<\/p>\t\t\t\t\t\t\t\t<\/div>\n\t\t\t\t<\/div>\n\t\t\t\t<\/div>\n\t\t<div data-particle_enable=\"false\" data-particle-mobile-disabled=\"false\" class=\"elementor-element elementor-element-34f6859 e-con-full e-flex e-con e-parent\" data-id=\"34f6859\" data-element_type=\"container\" data-e-type=\"container\">\n\t\t\t\t<div class=\"elementor-element elementor-element-47a0236 elementor-widget elementor-widget-heading\" data-id=\"47a0236\" data-element_type=\"widget\" data-e-type=\"widget\" data-widget_type=\"heading.default\">\n\t\t\t\t<div class=\"elementor-widget-container\">\n\t\t\t\t\t<h2 class=\"elementor-heading-title elementor-size-default\">ANY STRATEGIC REFLECTION MUST CONSIDER THE ASSOCIATED RESOURCES <\/h2>\t\t\t\t<\/div>\n\t\t\t\t<\/div>\n\t\t\t\t<div class=\"elementor-element elementor-element-1b02bcd elementor-widget-divider--view-line elementor-widget elementor-widget-divider\" data-id=\"1b02bcd\" data-element_type=\"widget\" data-e-type=\"widget\" data-widget_type=\"divider.default\">\n\t\t\t\t<div class=\"elementor-widget-container\">\n\t\t\t\t\t\t\t<div class=\"elementor-divider\">\n\t\t\t<span class=\"elementor-divider-separator\">\n\t\t\t\t\t\t<\/span>\n\t\t<\/div>\n\t\t\t\t\t\t<\/div>\n\t\t\t\t<\/div>\n\t\t<div data-particle_enable=\"false\" data-particle-mobile-disabled=\"false\" class=\"elementor-element elementor-element-03142eb e-con-full e-flex e-con e-child\" data-id=\"03142eb\" data-element_type=\"container\" data-e-type=\"container\">\n\t\t\t\t<div class=\"elementor-element elementor-element-2b8bbe6 elementor-widget elementor-widget-text-editor\" data-id=\"2b8bbe6\" data-element_type=\"widget\" data-e-type=\"widget\" data-widget_type=\"text-editor.default\">\n\t\t\t\t<div class=\"elementor-widget-container\">\n\t\t\t\t\t\t\t\t\t<p>Following the merger with the CHEAr, armaments became an inseparable part of IHEDN's broader strategic thinking, making the Institute a major meeting point for players in the Defence Technological and Industrial Base (DTIB). \u00abAny strategic reflection must consider the associated resources\u00bb, explains \u00c9tienne Paris:<\/p>\t\t\t\t\t\t\t\t<\/div>\n\t\t\t\t<\/div>\n\t\t\t\t<div class=\"elementor-element elementor-element-f39aea3 elementor-blockquote--skin-border elementor-widget elementor-widget-blockquote\" data-id=\"f39aea3\" data-element_type=\"widget\" data-e-type=\"widget\" data-widget_type=\"blockquote.default\">\n\t\t\t\t<div class=\"elementor-widget-container\">\n\t\t\t\t\t\t\t<blockquote class=\"elementor-blockquote\">\n\t\t\t<p class=\"elementor-blockquote__content\">\n\t\t\t\t\u00abWhen it comes to defence and security, the question of armaments immediately arises, as soon as the issues of sovereignty, alliances and partnerships are addressed. Armaments are not \u00abconventional\u00bb goods that can be bought easily. The logic of arms acquisition and support is specific. And we also need to consider the concepts of interoperability, industrial expertise and exportability.\u00bb\t\t\t<\/p>\n\t\t\t\t\t<\/blockquote>\n\t\t\t\t\t\t<\/div>\n\t\t\t\t<\/div>\n\t\t\t\t<div class=\"elementor-element elementor-element-ac93ea4 elementor-widget elementor-widget-text-editor\" data-id=\"ac93ea4\" data-element_type=\"widget\" data-e-type=\"widget\" data-widget_type=\"text-editor.default\">\n\t\t\t\t<div class=\"elementor-widget-container\">\n\t\t\t\t\t\t\t\t\t<p>The dialogue between engineers, operational staff and civil society that is made possible by the original IHEDN model continues beyond the session thanks to the friendships forged and maintained over time by the elected president of the major. \u00abIn addition, the Institute is very committed to cross-generational dialogue with students from previous sessions, in particular through the AED\/SNC-IHEDN association\u00bb, explains IGA Paris.<\/p><p>Created in 1965 as an association of CHEAr auditors, the AED\/SNC-IHEDN today brings together CHEAr auditors and those of the AED and Digital Sovereignty and Cybersecurity (SNC) majors of the IHEDN national session. Its chairman, Chief Armaments Engineer G\u00e9raud Brun, now with the DGA, was Director of Studies at CHEAr when it merged with IHEDN in 2010:<\/p>\t\t\t\t\t\t\t\t<\/div>\n\t\t\t\t<\/div>\n\t\t\t\t<div class=\"elementor-element elementor-element-9d26f61 elementor-blockquote--skin-border elementor-widget elementor-widget-blockquote\" data-id=\"9d26f61\" data-element_type=\"widget\" data-e-type=\"widget\" data-widget_type=\"blockquote.default\">\n\t\t\t\t<div class=\"elementor-widget-container\">\n\t\t\t\t\t\t\t<blockquote class=\"elementor-blockquote\">\n\t\t\t<p class=\"elementor-blockquote__content\">\n\t\t\t\t\u00abThe IHEDN has created a very interesting ecosystem by bringing together different groups, such as military engineers and officers, with industrialists from the defence sector and players from civil society, whether journalists, politicians or lawyers. This seemingly heterogeneous ecosystem works very well.\u00bb\t\t\t<\/p>\n\t\t\t\t\t<\/blockquote>\n\t\t\t\t\t\t<\/div>\n\t\t\t\t<\/div>\n\t\t\t\t<\/div>\n\t\t\t\t<\/div>\n\t\t<div data-particle_enable=\"false\" data-particle-mobile-disabled=\"false\" class=\"elementor-element elementor-element-09ebcd3 e-con-full e-flex e-con e-parent\" data-id=\"09ebcd3\" data-element_type=\"container\" data-e-type=\"container\">\n\t\t\t\t<div class=\"elementor-element elementor-element-f359ef9 elementor-widget elementor-widget-heading\" data-id=\"f359ef9\" data-element_type=\"widget\" data-e-type=\"widget\" data-widget_type=\"heading.default\">\n\t\t\t\t<div class=\"elementor-widget-container\">\n\t\t\t\t\t<h2 class=\"elementor-heading-title elementor-size-default\">THE \"ENTRETIENS ARMEMENT &amp; SOUVERAINET\u00c9\", AN EMBLEMATIC ANNUAL EVENT<\/h2>\t\t\t\t<\/div>\n\t\t\t\t<\/div>\n\t\t\t\t<div class=\"elementor-element elementor-element-887cac3 elementor-widget-divider--view-line elementor-widget elementor-widget-divider\" data-id=\"887cac3\" data-element_type=\"widget\" data-e-type=\"widget\" data-widget_type=\"divider.default\">\n\t\t\t\t<div class=\"elementor-widget-container\">\n\t\t\t\t\t\t\t<div class=\"elementor-divider\">\n\t\t\t<span class=\"elementor-divider-separator\">\n\t\t\t\t\t\t<\/span>\n\t\t<\/div>\n\t\t\t\t\t\t<\/div>\n\t\t\t\t<\/div>\n\t\t<div data-particle_enable=\"false\" data-particle-mobile-disabled=\"false\" class=\"elementor-element elementor-element-094d652 e-con-full e-flex e-con e-child\" data-id=\"094d652\" data-element_type=\"container\" data-e-type=\"container\">\n\t\t\t\t<div class=\"elementor-element elementor-element-837d8c0 elementor-widget elementor-widget-text-editor\" data-id=\"837d8c0\" data-element_type=\"widget\" data-e-type=\"widget\" data-widget_type=\"text-editor.default\">\n\t\t\t\t<div class=\"elementor-widget-container\">\n\t\t\t\t\t\t\t\t\t<p>Among the activities of the AED\/SNC-IHEDN, an emblematic event takes place every year, organised in partnership with the IHEDN: the Entretiens Armement &amp; Souverainet\u00e9 (EAS). <a href=\"https:\/\/aed-ihedn.fr\/event\/xixeme-entretiens-armement-souverainete-2026\/\">La 19<sup>e<\/sup> was held at the beginning of April in Paris<\/a> on the theme of \u00abSovereignty and competition\u00bb, with round tables based on the work carried out throughout the year by Athena's Focus Groups.<\/p><p>\u00abThis year's edition focused on three main themes,\u00bb says G\u00e9raud Brun:<\/p>\t\t\t\t\t\t\t\t<\/div>\n\t\t\t\t<\/div>\n\t\t\t\t<div class=\"elementor-element elementor-element-8655676 elementor-blockquote--skin-border elementor-widget elementor-widget-blockquote\" data-id=\"8655676\" data-element_type=\"widget\" data-e-type=\"widget\" data-widget_type=\"blockquote.default\">\n\t\t\t\t<div class=\"elementor-widget-container\">\n\t\t\t\t\t\t\t<blockquote class=\"elementor-blockquote\">\n\t\t\t<p class=\"elementor-blockquote__content\">\n\t\t\t\t\u00abThe first was on deterrence: in view of geopolitical developments, we need to reflect on this subject. We also exchanged views on sovereignty issues, which we have been following for several years now, and on artillery, modern artillery, combined with the development of drones.\u00bb\t\t\t<\/p>\n\t\t\t\t\t<\/blockquote>\n\t\t\t\t\t\t<\/div>\n\t\t\t\t<\/div>\n\t\t\t\t<div class=\"elementor-element elementor-element-c2ddc57 elementor-widget elementor-widget-text-editor\" data-id=\"c2ddc57\" data-element_type=\"widget\" data-e-type=\"widget\" data-widget_type=\"text-editor.default\">\n\t\t\t\t<div class=\"elementor-widget-container\">\n\t\t\t\t\t\t\t\t\t<p>As is the case every year, the issues addressed at the EAS resulted in a compendium of almost 300 pages containing analyses, forecasts and recommendations.<\/p><p>When it comes to armaments, as in other areas of national defence, IHEDN training and the subsequent commitment of its students are crucial. \u00abCurrent events, particularly the return of high-intensity warfare in Europe, are a reminder of the importance of rapidly bringing our arms industry up to standard\u00bb, analyses IGA Paris.<\/p><p>By integrating the heritage of the CHEAr into the original IHEDN model, the AED major is proving to be a tool that is particularly well suited to this context, as its head sums up:\u00a0<\/p>\t\t\t\t\t\t\t\t<\/div>\n\t\t\t\t<\/div>\n\t\t\t\t<div class=\"elementor-element elementor-element-f3eded3 elementor-blockquote--skin-border elementor-widget elementor-widget-blockquote\" data-id=\"f3eded3\" data-element_type=\"widget\" data-e-type=\"widget\" data-widget_type=\"blockquote.default\">\n\t\t\t\t<div class=\"elementor-widget-container\">\n\t\t\t\t\t\t\t<blockquote class=\"elementor-blockquote\">\n\t\t\t<p class=\"elementor-blockquote__content\">\n\t\t\t\t\u00abBy virtue of its interministerial nature and its missions to disseminate the spirit of defence and strengthen national cohesion, the IHEDN brings together a wide range of profiles: operational, governmental, industrial, academic, financial, legal, etc., all of which should enable us to collectively meet the challenge of industrial responsiveness. The IHEDN helps to develop a global vision, giving meaning to the spirit of defence in a way that goes beyond \u00ablocal\u00bb professional and commercial interests.\u00bb\t\t\t<\/p>\n\t\t\t\t\t<\/blockquote>\n\t\t\t\t\t\t<\/div>\n\t\t\t\t<\/div>\n\t\t\t\t<\/div>\n\t\t\t\t<\/div>\n\t\t<div data-particle_enable=\"false\" data-particle-mobile-disabled=\"false\" class=\"elementor-element elementor-element-63796db e-flex e-con-boxed e-con e-parent\" data-id=\"63796db\" data-element_type=\"container\" data-e-type=\"container\">\n\t\t\t\t\t<div class=\"e-con-inner\">\n\t\t\t\t<div class=\"elementor-element elementor-element-26c778d elementor-widget elementor-widget-text-editor\" data-id=\"26c778d\" data-element_type=\"widget\" data-e-type=\"widget\" data-widget_type=\"text-editor.default\">\n\t\t\t\t<div class=\"elementor-widget-container\">\n\t\t\t\t\t\t\t\t\t<ul><li><strong>Watch our video interview with Chief Armaments Engineer G\u00e9raud Brun, President of the AED\/SNC-IHEDN auditors' association:<\/strong><\/li><\/ul>\t\t\t\t\t\t\t\t<\/div>\n\t\t\t\t<\/div>\n\t\t\t\t<div class=\"elementor-element elementor-element-bd4398c elementor-widget elementor-widget-video\" data-id=\"bd4398c\" data-element_type=\"widget\" data-e-type=\"widget\" data-settings=\"{&quot;youtube_url&quot;:&quot;https:\\\/\\\/www.youtube.com\\\/watch?v=eteVNcoM-5c&amp;list=PL810VEbeGyE3EnLAiRoCbEvxO5y91iMrF&quot;,&quot;video_type&quot;:&quot;youtube&quot;,&quot;controls&quot;:&quot;yes&quot;}\" data-widget_type=\"video.default\">\n\t\t\t\t<div class=\"elementor-widget-container\">\n\t\t\t\t\t\t\t<div class=\"elementor-wrapper elementor-open-inline\">\n\t\t\t<div class=\"elementor-video\"><\/div>\t\t<\/div>\n\t\t\t\t\t\t<\/div>\n\t\t\t\t<\/div>\n\t\t\t\t\t<\/div>\n\t\t\t\t<\/div>\n\t\t<div data-particle_enable=\"false\" data-particle-mobile-disabled=\"false\" class=\"elementor-element elementor-element-2a62bbb e-flex e-con-boxed e-con e-parent\" data-id=\"2a62bbb\" data-element_type=\"container\" data-e-type=\"container\">\n\t\t\t\t\t<div class=\"e-con-inner\">\n\t\t\t\t<div class=\"elementor-element elementor-element-70039ba elementor-widget elementor-widget-text-editor\" data-id=\"70039ba\" data-element_type=\"widget\" data-e-type=\"widget\" data-widget_type=\"text-editor.default\">\n\t\t\t\t<div class=\"elementor-widget-container\">\n\t\t\t\t\t\t\t\t\t<ul><li>To obtain a copy of the Entretiens Armement &amp; Souverainet\u00e9 2026, write to the AED\/SNC-IHEDN listeners' association via <a href=\"https:\/\/aed-ihedn.fr\/\">its site<\/a>.<\/li><\/ul>\t\t\t\t\t\t\t\t<\/div>\n\t\t\t\t<\/div>\n\t\t\t\t\t<\/div>\n\t\t\t\t<\/div>\n\t\t\t\t<\/div>","protected":false},"excerpt":{"rendered":"<p>To mark the Institute's 90th anniversary and the 19th Entretiens Armement &amp; Souverainet\u00e9, we focus on one of the major themes of the national session: Armaments and the Defence Economy. Bringing together engineers, officers, business executives and legal experts, it covers all aspects of this field, providing a crucial forum for sharing views in the context of high-intensity warfare.<\/p>","protected":false},"author":15,"featured_media":59742,"comment_status":"closed","ping_status":"closed","sticky":false,"template":"","format":"standard","meta":{"footnotes":""},"categories":[41,171],"tags":[],"class_list":["post-59730","post","type-post","status-publish","format-standard","has-post-thumbnail","hentry","category-lundis-de-lihedn","category-notre-selection"],"yoast_head":"<!-- This site is optimized with the Yoast SEO plugin v27.5 - https:\/\/yoast.com\/product\/yoast-seo-wordpress\/ -->\n<title>La formation \u00e0 l\u2019armement, une contribution strat\u00e9gique de l&#039;IHEDN - L&#039;IHEDN : Institut des hautes \u00e9tudes de d\u00e9fense nationale<\/title>\n<meta name=\"description\" content=\"Deux semaines apr\u00e8s la capture de Nicol\u00e1s Maduro, le chercheur Thomas Posado, sp\u00e9cialiste de la r\u00e9publique bolivarienne et de Cuba, analyse le contexte et les cons\u00e9quences possibles de l\u2019op\u00e9ration ordonn\u00e9e par Donald Trump, qui pourrait \u00ab aggraver les difficult\u00e9s et nourrir les axes migratoires qu\u2019il d\u00e9nonce \u00bb.\" \/>\n<meta name=\"robots\" content=\"index, follow, max-snippet:-1, max-image-preview:large, max-video-preview:-1\" \/>\n<link rel=\"canonical\" href=\"https:\/\/ihedn.fr\/en\/lundis-de-lihedn\/la-formation-a-larmement-une-contribution-strategique-de-lihedn\/\" \/>\n<meta property=\"og:locale\" content=\"en_GB\" \/>\n<meta property=\"og:type\" content=\"article\" \/>\n<meta property=\"og:title\" content=\"La formation \u00e0 l\u2019armement, une contribution strat\u00e9gique de l&#039;IHEDN\" \/>\n<meta property=\"og:description\" content=\"Deux semaines apr\u00e8s la capture de Nicol\u00e1s Maduro, le chercheur Thomas Posado, sp\u00e9cialiste de la r\u00e9publique bolivarienne et de Cuba, analyse le contexte et les cons\u00e9quences possibles de l\u2019op\u00e9ration ordonn\u00e9e par Donald Trump, qui pourrait \u00ab aggraver les difficult\u00e9s et nourrir les axes migratoires qu\u2019il d\u00e9nonce \u00bb.\" \/>\n<meta property=\"og:url\" content=\"https:\/\/ihedn.fr\/en\/lundis-de-lihedn\/la-formation-a-larmement-une-contribution-strategique-de-lihedn\/\" \/>\n<meta property=\"og:site_name\" content=\"L&#039;IHEDN : Institut des hautes \u00e9tudes de d\u00e9fense nationale\" \/>\n<meta property=\"article:publisher\" content=\"https:\/\/www.facebook.com\/ihedn\/\" \/>\n<meta property=\"article:published_time\" content=\"2026-04-24T08:10:46+00:00\" \/>\n<meta property=\"article:modified_time\" content=\"2026-04-24T14:27:29+00:00\" \/>\n<meta property=\"og:image\" content=\"https:\/\/ihedn.fr\/wp-content\/uploads\/2026\/01\/BANDEAU_LIH_AFP.jpg\" \/>\n\t<meta property=\"og:image:width\" content=\"1920\" \/>\n\t<meta property=\"og:image:height\" content=\"1080\" \/>\n\t<meta property=\"og:image:type\" content=\"image\/jpeg\" \/>\n<meta name=\"author\" content=\"louise.elkharrat@ihedn.fr\" \/>\n<meta name=\"twitter:card\" content=\"summary_large_image\" \/>\n<meta name=\"twitter:title\" content=\"La formation \u00e0 l\u2019armement, une contribution strat\u00e9gique de l&#039;IHEDN\" \/>\n<meta name=\"twitter:description\" content=\"Deux semaines apr\u00e8s la capture de Nicol\u00e1s Maduro, le chercheur Thomas Posado, sp\u00e9cialiste de la r\u00e9publique bolivarienne et de Cuba, analyse le contexte et les cons\u00e9quences possibles de l\u2019op\u00e9ration ordonn\u00e9e par Donald Trump, qui pourrait \u00ab aggraver les difficult\u00e9s et nourrir les axes migratoires qu\u2019il d\u00e9nonce \u00bb.\" \/>\n<meta name=\"twitter:image\" content=\"https:\/\/ihedn.fr\/wp-content\/uploads\/2026\/01\/BANDEAU_LIH_AFP.jpg\" \/>\n<meta name=\"twitter:creator\" content=\"@IHEDN\" \/>\n<meta name=\"twitter:site\" content=\"@IHEDN\" \/>\n<meta name=\"twitter:label1\" content=\"Written by\" \/>\n\t<meta name=\"twitter:data1\" content=\"louise.elkharrat@ihedn.fr\" \/>\n\t<meta name=\"twitter:label2\" content=\"Estimated reading time\" \/>\n\t<meta name=\"twitter:data2\" content=\"4 minutes\" \/>\n<script type=\"application\/ld+json\" class=\"yoast-schema-graph\">{\"@context\":\"https:\\\/\\\/schema.org\",\"@graph\":[{\"@type\":\"Article\",\"@id\":\"https:\\\/\\\/ihedn.fr\\\/lundis-de-lihedn\\\/la-formation-a-larmement-une-contribution-strategique-de-lihedn\\\/#article\",\"isPartOf\":{\"@id\":\"https:\\\/\\\/ihedn.fr\\\/lundis-de-lihedn\\\/la-formation-a-larmement-une-contribution-strategique-de-lihedn\\\/\"},\"author\":{\"name\":\"louise.elkharrat@ihedn.fr\",\"@id\":\"https:\\\/\\\/ihedn.fr\\\/#\\\/schema\\\/person\\\/94814549f14a11d7204d6966f7d0b01f\"},\"headline\":\"La formation \u00e0 l\u2019armement, une contribution strat\u00e9gique de l&rsquo;IHEDN\",\"datePublished\":\"2026-04-24T08:10:46+00:00\",\"dateModified\":\"2026-04-24T14:27:29+00:00\",\"mainEntityOfPage\":{\"@id\":\"https:\\\/\\\/ihedn.fr\\\/lundis-de-lihedn\\\/la-formation-a-larmement-une-contribution-strategique-de-lihedn\\\/\"},\"wordCount\":1260,\"publisher\":{\"@id\":\"https:\\\/\\\/ihedn.fr\\\/#organization\"},\"image\":{\"@id\":\"https:\\\/\\\/ihedn.fr\\\/lundis-de-lihedn\\\/la-formation-a-larmement-une-contribution-strategique-de-lihedn\\\/#primaryimage\"},\"thumbnailUrl\":\"https:\\\/\\\/ihedn.fr\\\/wp-content\\\/uploads\\\/2026\\\/04\\\/DSC_5511.jpg\",\"articleSection\":[\"Lundis de l'IHEDN\",\"Notre s\u00e9lection\"],\"inLanguage\":\"en-GB\"},{\"@type\":\"WebPage\",\"@id\":\"https:\\\/\\\/ihedn.fr\\\/lundis-de-lihedn\\\/la-formation-a-larmement-une-contribution-strategique-de-lihedn\\\/\",\"url\":\"https:\\\/\\\/ihedn.fr\\\/lundis-de-lihedn\\\/la-formation-a-larmement-une-contribution-strategique-de-lihedn\\\/\",\"name\":\"La formation \u00e0 l\u2019armement, une contribution strat\u00e9gique de l'IHEDN - L&#039;IHEDN : Institut des hautes \u00e9tudes de d\u00e9fense nationale\",\"isPartOf\":{\"@id\":\"https:\\\/\\\/ihedn.fr\\\/#website\"},\"primaryImageOfPage\":{\"@id\":\"https:\\\/\\\/ihedn.fr\\\/lundis-de-lihedn\\\/la-formation-a-larmement-une-contribution-strategique-de-lihedn\\\/#primaryimage\"},\"image\":{\"@id\":\"https:\\\/\\\/ihedn.fr\\\/lundis-de-lihedn\\\/la-formation-a-larmement-une-contribution-strategique-de-lihedn\\\/#primaryimage\"},\"thumbnailUrl\":\"https:\\\/\\\/ihedn.fr\\\/wp-content\\\/uploads\\\/2026\\\/04\\\/DSC_5511.jpg\",\"datePublished\":\"2026-04-24T08:10:46+00:00\",\"dateModified\":\"2026-04-24T14:27:29+00:00\",\"description\":\"Deux semaines apr\u00e8s la capture de Nicol\u00e1s Maduro, le chercheur Thomas Posado, sp\u00e9cialiste de la r\u00e9publique bolivarienne et de Cuba, analyse le contexte et les cons\u00e9quences possibles de l\u2019op\u00e9ration ordonn\u00e9e par Donald Trump, qui pourrait \u00ab aggraver les difficult\u00e9s et nourrir les axes migratoires qu\u2019il d\u00e9nonce \u00bb.\",\"breadcrumb\":{\"@id\":\"https:\\\/\\\/ihedn.fr\\\/lundis-de-lihedn\\\/la-formation-a-larmement-une-contribution-strategique-de-lihedn\\\/#breadcrumb\"},\"inLanguage\":\"en-GB\",\"potentialAction\":[{\"@type\":\"ReadAction\",\"target\":[\"https:\\\/\\\/ihedn.fr\\\/lundis-de-lihedn\\\/la-formation-a-larmement-une-contribution-strategique-de-lihedn\\\/\"]}]},{\"@type\":\"ImageObject\",\"inLanguage\":\"en-GB\",\"@id\":\"https:\\\/\\\/ihedn.fr\\\/lundis-de-lihedn\\\/la-formation-a-larmement-une-contribution-strategique-de-lihedn\\\/#primaryimage\",\"url\":\"https:\\\/\\\/ihedn.fr\\\/wp-content\\\/uploads\\\/2026\\\/04\\\/DSC_5511.jpg\",\"contentUrl\":\"https:\\\/\\\/ihedn.fr\\\/wp-content\\\/uploads\\\/2026\\\/04\\\/DSC_5511.jpg\",\"width\":1920,\"height\":1280},{\"@type\":\"BreadcrumbList\",\"@id\":\"https:\\\/\\\/ihedn.fr\\\/lundis-de-lihedn\\\/la-formation-a-larmement-une-contribution-strategique-de-lihedn\\\/#breadcrumb\",\"itemListElement\":[{\"@type\":\"ListItem\",\"position\":1,\"name\":\"Accueil\",\"item\":\"https:\\\/\\\/ihedn.fr\\\/\"},{\"@type\":\"ListItem\",\"position\":2,\"name\":\"La formation \u00e0 l\u2019armement, une contribution strat\u00e9gique de l&rsquo;IHEDN\"}]},{\"@type\":\"WebSite\",\"@id\":\"https:\\\/\\\/ihedn.fr\\\/#website\",\"url\":\"https:\\\/\\\/ihedn.fr\\\/\",\"name\":\"IHEDN : Institut des hautes \u00e9tudes de d\u00e9fense nationale |\",\"description\":\"Site officiel de l&#039;IHEDN plac\u00e9 sous la tutelle du Premier ministre.\",\"publisher\":{\"@id\":\"https:\\\/\\\/ihedn.fr\\\/#organization\"},\"potentialAction\":[{\"@type\":\"SearchAction\",\"target\":{\"@type\":\"EntryPoint\",\"urlTemplate\":\"https:\\\/\\\/ihedn.fr\\\/?s={search_term_string}\"},\"query-input\":{\"@type\":\"PropertyValueSpecification\",\"valueRequired\":true,\"valueName\":\"search_term_string\"}}],\"inLanguage\":\"en-GB\"},{\"@type\":\"Organization\",\"@id\":\"https:\\\/\\\/ihedn.fr\\\/#organization\",\"name\":\"IHEDN - Institut des Hautes Etudes de D\u00e9fense Nationale\",\"url\":\"https:\\\/\\\/ihedn.fr\\\/\",\"logo\":{\"@type\":\"ImageObject\",\"inLanguage\":\"en-GB\",\"@id\":\"https:\\\/\\\/ihedn.fr\\\/#\\\/schema\\\/logo\\\/image\\\/\",\"url\":\"https:\\\/\\\/ihedn.fr\\\/wp-content\\\/uploads\\\/2020\\\/11\\\/BLOC_RF_IHEDN_WEB.png\",\"contentUrl\":\"https:\\\/\\\/ihedn.fr\\\/wp-content\\\/uploads\\\/2020\\\/11\\\/BLOC_RF_IHEDN_WEB.png\",\"width\":500,\"height\":237,\"caption\":\"IHEDN - Institut des Hautes Etudes de D\u00e9fense Nationale\"},\"image\":{\"@id\":\"https:\\\/\\\/ihedn.fr\\\/#\\\/schema\\\/logo\\\/image\\\/\"},\"sameAs\":[\"https:\\\/\\\/www.facebook.com\\\/ihedn\\\/\",\"https:\\\/\\\/x.com\\\/IHEDN\",\"https:\\\/\\\/www.instagram.com\\\/ihedn\\\/\",\"https:\\\/\\\/www.linkedin.com\\\/school\\\/ihedn\\\/\",\"https:\\\/\\\/fr.wikipedia.org\\\/wiki\\\/Institut_des_hautes_\u00e9tudes_de_D\u00e9fense_nationale\"]},{\"@type\":\"Person\",\"@id\":\"https:\\\/\\\/ihedn.fr\\\/#\\\/schema\\\/person\\\/94814549f14a11d7204d6966f7d0b01f\",\"name\":\"louise.elkharrat@ihedn.fr\",\"image\":{\"@type\":\"ImageObject\",\"inLanguage\":\"en-GB\",\"@id\":\"https:\\\/\\\/secure.gravatar.com\\\/avatar\\\/8c0fd1e01240265a22841607a81d7876de65aa68c3b8cdbf7a4663c662bfbb07?s=96&d=mm&r=g\",\"url\":\"https:\\\/\\\/secure.gravatar.com\\\/avatar\\\/8c0fd1e01240265a22841607a81d7876de65aa68c3b8cdbf7a4663c662bfbb07?s=96&d=mm&r=g\",\"contentUrl\":\"https:\\\/\\\/secure.gravatar.com\\\/avatar\\\/8c0fd1e01240265a22841607a81d7876de65aa68c3b8cdbf7a4663c662bfbb07?s=96&d=mm&r=g\",\"caption\":\"louise.elkharrat@ihedn.fr\"},\"url\":\"https:\\\/\\\/ihedn.fr\\\/en\\\/author\\\/louise-elkharratihedn-fr\\\/\"}]}<\/script>\n<!-- \/ Yoast SEO plugin. -->","yoast_head_json":{"title":"Armaments training, a strategic contribution from the IHEDN - L'IHEDN : Institut des hautes \u00e9tudes de d\u00e9fense nationale (Institute for Advanced National Defence Studies)","description":"Two weeks after the capture of Nicol\u00e1s Maduro, researcher Thomas Posado, a specialist in the Bolivarian Republic and Cuba, analyses the context and possible consequences of the operation ordered by Donald Trump, which could \u00abexacerbate the difficulties and feed the migratory axes that he denounces\u00bb.","robots":{"index":"index","follow":"follow","max-snippet":"max-snippet:-1","max-image-preview":"max-image-preview:large","max-video-preview":"max-video-preview:-1"},"canonical":"https:\/\/ihedn.fr\/en\/lundis-de-lihedn\/la-formation-a-larmement-une-contribution-strategique-de-lihedn\/","og_locale":"en_GB","og_type":"article","og_title":"La formation \u00e0 l\u2019armement, une contribution strat\u00e9gique de l'IHEDN","og_description":"Deux semaines apr\u00e8s la capture de Nicol\u00e1s Maduro, le chercheur Thomas Posado, sp\u00e9cialiste de la r\u00e9publique bolivarienne et de Cuba, analyse le contexte et les cons\u00e9quences possibles de l\u2019op\u00e9ration ordonn\u00e9e par Donald Trump, qui pourrait \u00ab aggraver les difficult\u00e9s et nourrir les axes migratoires qu\u2019il d\u00e9nonce \u00bb.","og_url":"https:\/\/ihedn.fr\/en\/lundis-de-lihedn\/la-formation-a-larmement-une-contribution-strategique-de-lihedn\/","og_site_name":"L&#039;IHEDN : Institut des hautes \u00e9tudes de d\u00e9fense nationale","article_publisher":"https:\/\/www.facebook.com\/ihedn\/","article_published_time":"2026-04-24T08:10:46+00:00","article_modified_time":"2026-04-24T14:27:29+00:00","og_image":[{"width":1920,"height":1080,"url":"https:\/\/ihedn.fr\/wp-content\/uploads\/2026\/01\/BANDEAU_LIH_AFP.jpg","type":"image\/jpeg"}],"author":"louise.elkharrat@ihedn.fr","twitter_card":"summary_large_image","twitter_title":"La formation \u00e0 l\u2019armement, une contribution strat\u00e9gique de l'IHEDN","twitter_description":"Deux semaines apr\u00e8s la capture de Nicol\u00e1s Maduro, le chercheur Thomas Posado, sp\u00e9cialiste de la r\u00e9publique bolivarienne et de Cuba, analyse le contexte et les cons\u00e9quences possibles de l\u2019op\u00e9ration ordonn\u00e9e par Donald Trump, qui pourrait \u00ab aggraver les difficult\u00e9s et nourrir les axes migratoires qu\u2019il d\u00e9nonce \u00bb.","twitter_image":"https:\/\/ihedn.fr\/wp-content\/uploads\/2026\/01\/BANDEAU_LIH_AFP.jpg","twitter_creator":"@IHEDN","twitter_site":"@IHEDN","twitter_misc":{"Written by":"louise.elkharrat@ihedn.fr","Estimated reading time":"4 minutes"},"schema":{"@context":"https:\/\/schema.org","@graph":[{"@type":"Article","@id":"https:\/\/ihedn.fr\/lundis-de-lihedn\/la-formation-a-larmement-une-contribution-strategique-de-lihedn\/#article","isPartOf":{"@id":"https:\/\/ihedn.fr\/lundis-de-lihedn\/la-formation-a-larmement-une-contribution-strategique-de-lihedn\/"},"author":{"name":"louise.elkharrat@ihedn.fr","@id":"https:\/\/ihedn.fr\/#\/schema\/person\/94814549f14a11d7204d6966f7d0b01f"},"headline":"La formation \u00e0 l\u2019armement, une contribution strat\u00e9gique de l&rsquo;IHEDN","datePublished":"2026-04-24T08:10:46+00:00","dateModified":"2026-04-24T14:27:29+00:00","mainEntityOfPage":{"@id":"https:\/\/ihedn.fr\/lundis-de-lihedn\/la-formation-a-larmement-une-contribution-strategique-de-lihedn\/"},"wordCount":1260,"publisher":{"@id":"https:\/\/ihedn.fr\/#organization"},"image":{"@id":"https:\/\/ihedn.fr\/lundis-de-lihedn\/la-formation-a-larmement-une-contribution-strategique-de-lihedn\/#primaryimage"},"thumbnailUrl":"https:\/\/ihedn.fr\/wp-content\/uploads\/2026\/04\/DSC_5511.jpg","articleSection":["Lundis de l'IHEDN","Notre s\u00e9lection"],"inLanguage":"en-GB"},{"@type":"WebPage","@id":"https:\/\/ihedn.fr\/lundis-de-lihedn\/la-formation-a-larmement-une-contribution-strategique-de-lihedn\/","url":"https:\/\/ihedn.fr\/lundis-de-lihedn\/la-formation-a-larmement-une-contribution-strategique-de-lihedn\/","name":"Armaments training, a strategic contribution from the IHEDN - L'IHEDN : Institut des hautes \u00e9tudes de d\u00e9fense nationale (Institute for Advanced National Defence Studies)","isPartOf":{"@id":"https:\/\/ihedn.fr\/#website"},"primaryImageOfPage":{"@id":"https:\/\/ihedn.fr\/lundis-de-lihedn\/la-formation-a-larmement-une-contribution-strategique-de-lihedn\/#primaryimage"},"image":{"@id":"https:\/\/ihedn.fr\/lundis-de-lihedn\/la-formation-a-larmement-une-contribution-strategique-de-lihedn\/#primaryimage"},"thumbnailUrl":"https:\/\/ihedn.fr\/wp-content\/uploads\/2026\/04\/DSC_5511.jpg","datePublished":"2026-04-24T08:10:46+00:00","dateModified":"2026-04-24T14:27:29+00:00","description":"Two weeks after the capture of Nicol\u00e1s Maduro, researcher Thomas Posado, a specialist in the Bolivarian Republic and Cuba, analyses the context and possible consequences of the operation ordered by Donald Trump, which could \u00abexacerbate the difficulties and feed the migratory axes that he denounces\u00bb.","breadcrumb":{"@id":"https:\/\/ihedn.fr\/lundis-de-lihedn\/la-formation-a-larmement-une-contribution-strategique-de-lihedn\/#breadcrumb"},"inLanguage":"en-GB","potentialAction":[{"@type":"ReadAction","target":["https:\/\/ihedn.fr\/lundis-de-lihedn\/la-formation-a-larmement-une-contribution-strategique-de-lihedn\/"]}]},{"@type":"ImageObject","inLanguage":"en-GB","@id":"https:\/\/ihedn.fr\/lundis-de-lihedn\/la-formation-a-larmement-une-contribution-strategique-de-lihedn\/#primaryimage","url":"https:\/\/ihedn.fr\/wp-content\/uploads\/2026\/04\/DSC_5511.jpg","contentUrl":"https:\/\/ihedn.fr\/wp-content\/uploads\/2026\/04\/DSC_5511.jpg","width":1920,"height":1280},{"@type":"BreadcrumbList","@id":"https:\/\/ihedn.fr\/lundis-de-lihedn\/la-formation-a-larmement-une-contribution-strategique-de-lihedn\/#breadcrumb","itemListElement":[{"@type":"ListItem","position":1,"name":"Accueil","item":"https:\/\/ihedn.fr\/"},{"@type":"ListItem","position":2,"name":"La formation \u00e0 l\u2019armement, une contribution strat\u00e9gique de l&rsquo;IHEDN"}]},{"@type":"WebSite","@id":"https:\/\/ihedn.fr\/#website","url":"https:\/\/ihedn.fr\/","name":"IHEDN: Institut des hautes \u00e9tudes de d\u00e9fense nationale (Institute for Higher National Defence Studies)","description":"Official website of the IHEDN under the supervision of the Prime Minister.","publisher":{"@id":"https:\/\/ihedn.fr\/#organization"},"potentialAction":[{"@type":"SearchAction","target":{"@type":"EntryPoint","urlTemplate":"https:\/\/ihedn.fr\/?s={search_term_string}"},"query-input":{"@type":"PropertyValueSpecification","valueRequired":true,"valueName":"search_term_string"}}],"inLanguage":"en-GB"},{"@type":"Organization","@id":"https:\/\/ihedn.fr\/#organization","name":"IHEDN - Institute for Higher National Defence Studies","url":"https:\/\/ihedn.fr\/","logo":{"@type":"ImageObject","inLanguage":"en-GB","@id":"https:\/\/ihedn.fr\/#\/schema\/logo\/image\/","url":"https:\/\/ihedn.fr\/wp-content\/uploads\/2020\/11\/BLOC_RF_IHEDN_WEB.png","contentUrl":"https:\/\/ihedn.fr\/wp-content\/uploads\/2020\/11\/BLOC_RF_IHEDN_WEB.png","width":500,"height":237,"caption":"IHEDN - Institut des Hautes Etudes de D\u00e9fense Nationale"},"image":{"@id":"https:\/\/ihedn.fr\/#\/schema\/logo\/image\/"},"sameAs":["https:\/\/www.facebook.com\/ihedn\/","https:\/\/x.com\/IHEDN","https:\/\/www.instagram.com\/ihedn\/","https:\/\/www.linkedin.com\/school\/ihedn\/","https:\/\/fr.wikipedia.org\/wiki\/Institut_des_hautes_\u00e9tudes_de_D\u00e9fense_nationale"]},{"@type":"Person","@id":"https:\/\/ihedn.fr\/#\/schema\/person\/94814549f14a11d7204d6966f7d0b01f","name":"louise.elkharrat@ihedn.fr","image":{"@type":"ImageObject","inLanguage":"en-GB","@id":"https:\/\/secure.gravatar.com\/avatar\/8c0fd1e01240265a22841607a81d7876de65aa68c3b8cdbf7a4663c662bfbb07?s=96&d=mm&r=g","url":"https:\/\/secure.gravatar.com\/avatar\/8c0fd1e01240265a22841607a81d7876de65aa68c3b8cdbf7a4663c662bfbb07?s=96&d=mm&r=g","contentUrl":"https:\/\/secure.gravatar.com\/avatar\/8c0fd1e01240265a22841607a81d7876de65aa68c3b8cdbf7a4663c662bfbb07?s=96&d=mm&r=g","caption":"louise.elkharrat@ihedn.fr"},"url":"https:\/\/ihedn.fr\/en\/author\/louise-elkharratihedn-fr\/"}]}},"publishpress_future_action":{"enabled":false,"date":"2026-05-06 11:41:00","action":"change-status","newStatus":"draft","terms":[],"taxonomy":"category","extraData":[]},"publishpress_future_workflow_manual_trigger":{"enabledWorkflows":[]},"_links":{"self":[{"href":"https:\/\/ihedn.fr\/en\/wp-json\/wp\/v2\/posts\/59730","targetHints":{"allow":["GET"]}}],"collection":[{"href":"https:\/\/ihedn.fr\/en\/wp-json\/wp\/v2\/posts"}],"about":[{"href":"https:\/\/ihedn.fr\/en\/wp-json\/wp\/v2\/types\/post"}],"author":[{"embeddable":true,"href":"https:\/\/ihedn.fr\/en\/wp-json\/wp\/v2\/users\/15"}],"replies":[{"embeddable":true,"href":"https:\/\/ihedn.fr\/en\/wp-json\/wp\/v2\/comments?post=59730"}],"version-history":[{"count":23,"href":"https:\/\/ihedn.fr\/en\/wp-json\/wp\/v2\/posts\/59730\/revisions"}],"predecessor-version":[{"id":59764,"href":"https:\/\/ihedn.fr\/en\/wp-json\/wp\/v2\/posts\/59730\/revisions\/59764"}],"wp:featuredmedia":[{"embeddable":true,"href":"https:\/\/ihedn.fr\/en\/wp-json\/wp\/v2\/media\/59742"}],"wp:attachment":[{"href":"https:\/\/ihedn.fr\/en\/wp-json\/wp\/v2\/media?parent=59730"}],"wp:term":[{"taxonomy":"category","embeddable":true,"href":"https:\/\/ihedn.fr\/en\/wp-json\/wp\/v2\/categories?post=59730"},{"taxonomy":"post_tag","embeddable":true,"href":"https:\/\/ihedn.fr\/en\/wp-json\/wp\/v2\/tags?post=59730"}],"curies":[{"name":"wp","href":"https:\/\/api.w.org\/{rel}","templated":true}]}}