{"id":6589,"date":"2020-10-06T12:00:46","date_gmt":"2020-10-06T11:00:46","guid":{"rendered":"https:\/\/ihedn.concilium.click\/?p=6589"},"modified":"2021-01-20T12:19:09","modified_gmt":"2021-01-20T11:19:09","slug":"mission-europe-et-dernier-accostage-pour-la-5e-session-nationale-enjeux-et-strategies-maritimes","status":"publish","type":"post","link":"https:\/\/ihedn.fr\/en\/uncategorized\/mission-europe-et-dernier-accostage-pour-la-5e-session-nationale-enjeux-et-strategies-maritimes\/","title":{"rendered":"Mission \"Europe\" and final docking for the 5th National Session on \"Maritime Challenges and Strategies"},"content":{"rendered":"<div data-elementor-type=\"wp-post\" data-elementor-id=\"6589\" class=\"elementor elementor-6589\" data-elementor-post-type=\"post\">\n\t\t\t\t\t\t<section data-particle_enable=\"false\" data-particle-mobile-disabled=\"false\" class=\"elementor-section elementor-top-section elementor-element elementor-element-e41245a elementor-section-boxed elementor-section-height-default elementor-section-height-default\" data-id=\"e41245a\" data-element_type=\"section\" data-e-type=\"section\">\n\t\t\t\t\t\t<div class=\"elementor-container elementor-column-gap-default\">\n\t\t\t\t\t<div class=\"elementor-column elementor-col-100 elementor-top-column elementor-element elementor-element-47166b8\" data-id=\"47166b8\" data-element_type=\"column\" data-e-type=\"column\">\n\t\t\t<div class=\"elementor-widget-wrap elementor-element-populated\">\n\t\t\t\t\t\t<div class=\"elementor-element elementor-element-1618291 elementor-widget elementor-widget-text-editor\" data-id=\"1618291\" data-element_type=\"widget\" data-e-type=\"widget\" data-widget_type=\"text-editor.default\">\n\t\t\t\t<div class=\"elementor-widget-container\">\n\t\t\t\t\t\t\t\t\t<p>The \"Europe\" mission, postponed to 28 and 29 September 2020 due to the confinement imposed by the pandemic, enabled the auditors to meet up one last time as part of the session. They travelled to Brussels, the heart of the European institutions, where they were able to discover the major maritime issues facing the European Union, the policies and strategies implemented to deal with them, and how France is cooperating with its European allies to build a Europe capable of facing the challenges of today's world, which are only increasing with the return of the powerful states, their policy of fait accompli, less respect for international law and the erosion of multilateralism.<\/p>\t\t\t\t\t\t\t\t<\/div>\n\t\t\t\t<\/div>\n\t\t\t\t\t<\/div>\n\t\t<\/div>\n\t\t\t\t\t<\/div>\n\t\t<\/section>\n\t\t\t\t<section data-particle_enable=\"false\" data-particle-mobile-disabled=\"false\" class=\"elementor-section elementor-top-section elementor-element elementor-element-2e3984c elementor-section-boxed elementor-section-height-default elementor-section-height-default\" data-id=\"2e3984c\" data-element_type=\"section\" data-e-type=\"section\">\n\t\t\t\t\t\t<div class=\"elementor-container elementor-column-gap-default\">\n\t\t\t\t\t<div class=\"elementor-column elementor-col-100 elementor-top-column elementor-element elementor-element-92651e2\" data-id=\"92651e2\" data-element_type=\"column\" data-e-type=\"column\">\n\t\t\t<div class=\"elementor-widget-wrap elementor-element-populated\">\n\t\t\t\t\t\t<div class=\"elementor-element elementor-element-5ff2675 elementor-widget elementor-widget-image\" data-id=\"5ff2675\" data-element_type=\"widget\" data-e-type=\"widget\" data-widget_type=\"image.default\">\n\t\t\t\t<div class=\"elementor-widget-container\">\n\t\t\t\t\t\t\t\t\t\t\t\t<figure class=\"wp-caption\">\n\t\t\t\t\t\t\t\t\t\t<img fetchpriority=\"high\" decoding=\"async\" width=\"1000\" height=\"905\" src=\"https:\/\/ihedn.fr\/wp-content\/uploads\/2020\/10\/IHEDN-5e-ESM-en-mission-Europe-02.jpg\" class=\"attachment-full size-full wp-image-6596\" alt=\"\" \/>\t\t\t\t\t\t\t\t\t\t\t<figcaption class=\"widget-image-caption wp-caption-text\">IHEDN | 5th ESM on mission Europe: Claire RAULIN, French Ambassador to the EU Political and Security Committee (PSC), in debate with the audience<\/figcaption>\n\t\t\t\t\t\t\t\t\t\t<\/figure>\n\t\t\t\t\t\t\t\t\t<\/div>\n\t\t\t\t<\/div>\n\t\t\t\t\t<\/div>\n\t\t<\/div>\n\t\t\t\t\t<\/div>\n\t\t<\/section>\n\t\t\t\t<section data-particle_enable=\"false\" data-particle-mobile-disabled=\"false\" class=\"elementor-section elementor-top-section elementor-element elementor-element-d8a9f5d elementor-section-boxed elementor-section-height-default elementor-section-height-default\" data-id=\"d8a9f5d\" data-element_type=\"section\" data-e-type=\"section\">\n\t\t\t\t\t\t<div class=\"elementor-container elementor-column-gap-default\">\n\t\t\t\t\t<div class=\"elementor-column elementor-col-100 elementor-top-column elementor-element elementor-element-07a64e3\" data-id=\"07a64e3\" data-element_type=\"column\" data-e-type=\"column\">\n\t\t\t<div class=\"elementor-widget-wrap elementor-element-populated\">\n\t\t\t\t\t\t<div class=\"elementor-element elementor-element-56e1045 elementor-widget elementor-widget-text-editor\" data-id=\"56e1045\" data-element_type=\"widget\" data-e-type=\"widget\" data-widget_type=\"text-editor.default\">\n\t\t\t\t<div class=\"elementor-widget-container\">\n\t\t\t\t\t\t\t\t\t<figure id=\"attachment_6597\" aria-describedby=\"caption-attachment-6597\" style=\"width: 346px\" class=\"wp-caption alignleft\"><img decoding=\"async\" class=\"wp-image-6597\" src=\"https:\/\/ihedn.fr\/wp-content\/uploads\/2020\/10\/IHEDN-5e-ESM-en-mission-Europe-03.jpg\" alt=\"\" width=\"346\" height=\"228\" \/><figcaption id=\"caption-attachment-6597\" class=\"wp-caption-text\">IHEDN | 5e ESM en mission Europe : Vice-Admiral Henri SCRICKE, French military representative to the European Union and NATO's Military Committee, addresses the audience<\/figcaption><\/figure><p>On Friday morning, the Permanent Representation of France to the European Union (EUPR) immersed listeners in the European atmosphere. Claire RAULIN, France's ambassador to the EU's Political and Security Committee (PSC), discussed the security implications of Brexit for France and its position within the EU. Vice-Admiral Henri SCRICKE, French military representative to the European Union and NATO's Military Committee, focused on military and maritime issues and the delicate division of roles between NATO and the EU in a particularly sensitive area that directly affects the sovereignty of Member States.<\/p>\t\t\t\t\t\t\t\t<\/div>\n\t\t\t\t<\/div>\n\t\t\t\t\t<\/div>\n\t\t<\/div>\n\t\t\t\t\t<\/div>\n\t\t<\/section>\n\t\t\t\t<section data-particle_enable=\"false\" data-particle-mobile-disabled=\"false\" class=\"elementor-section elementor-top-section elementor-element elementor-element-9ea6daa elementor-section-boxed elementor-section-height-default elementor-section-height-default\" data-id=\"9ea6daa\" data-element_type=\"section\" data-e-type=\"section\">\n\t\t\t\t\t\t<div class=\"elementor-container elementor-column-gap-default\">\n\t\t\t\t\t<div class=\"elementor-column elementor-col-100 elementor-top-column elementor-element elementor-element-bb16fad\" data-id=\"bb16fad\" data-element_type=\"column\" data-e-type=\"column\">\n\t\t\t<div class=\"elementor-widget-wrap elementor-element-populated\">\n\t\t\t\t\t\t<div class=\"elementor-element elementor-element-495bd55 elementor-widget elementor-widget-text-editor\" data-id=\"495bd55\" data-element_type=\"widget\" data-e-type=\"widget\" data-widget_type=\"text-editor.default\">\n\t\t\t\t<div class=\"elementor-widget-container\">\n\t\t\t\t\t\t\t\t\t<p>Finally, Ludovic BUTEL, adviser to the EUPR in charge of negotiations with the United Kingdom, gave listeners the opportunity to find out about and answer their questions on the \"Stakes of Brexit in the maritime sector\". \u00c9douard SIMON, Director of Research at IRIS specialising in European security and defence issues, gave a presentation on European defence and the challenges of industrial and armaments policy.<\/p><p>Lastly, Th\u00e9o BARBE and Paul AVRILLIER, the EUPR's fisheries and transport advisors, gave listeners an insight into how the Common Fisheries Policy (CFP) has led to the recovery of certain fish stocks and the efforts made by the EU to limit pollution from ships. All these representatives of France in Brussels contribute, each at their own level, to improving dialogue and understanding between the national and Community levels and to promoting France's vision, positions and interests to its European partners.<\/p>\t\t\t\t\t\t\t\t<\/div>\n\t\t\t\t<\/div>\n\t\t\t\t\t<\/div>\n\t\t<\/div>\n\t\t\t\t\t<\/div>\n\t\t<\/section>\n\t\t\t\t<section data-particle_enable=\"false\" data-particle-mobile-disabled=\"false\" class=\"elementor-section elementor-top-section elementor-element elementor-element-f55591f elementor-section-boxed elementor-section-height-default elementor-section-height-default\" data-id=\"f55591f\" data-element_type=\"section\" data-e-type=\"section\">\n\t\t\t\t\t\t<div class=\"elementor-container elementor-column-gap-default\">\n\t\t\t\t\t<div class=\"elementor-column elementor-col-100 elementor-top-column elementor-element elementor-element-9e7d58d\" data-id=\"9e7d58d\" data-element_type=\"column\" data-e-type=\"column\">\n\t\t\t<div class=\"elementor-widget-wrap elementor-element-populated\">\n\t\t\t\t\t\t<div class=\"elementor-element elementor-element-974270a elementor-widget elementor-widget-image\" data-id=\"974270a\" data-element_type=\"widget\" data-e-type=\"widget\" data-widget_type=\"image.default\">\n\t\t\t\t<div class=\"elementor-widget-container\">\n\t\t\t\t\t\t\t\t\t\t\t\t<figure class=\"wp-caption\">\n\t\t\t\t\t\t\t\t\t\t<img decoding=\"async\" width=\"874\" height=\"785\" src=\"https:\/\/ihedn.fr\/wp-content\/uploads\/2020\/10\/IHEDN-5e-ESM-en-mission-Europe-07.jpg\" class=\"attachment-full size-full wp-image-6601\" alt=\"\" \/>\t\t\t\t\t\t\t\t\t\t\t<figcaption class=\"widget-image-caption wp-caption-text\">IHEDN | 5e ESM en mission Europe : Th\u00e9o BARBE and Paul AVRILLIER, \"fisheries\" and \"transport\" advisors to the EUPR<\/figcaption>\n\t\t\t\t\t\t\t\t\t\t<\/figure>\n\t\t\t\t\t\t\t\t\t<\/div>\n\t\t\t\t<\/div>\n\t\t\t\t\t<\/div>\n\t\t<\/div>\n\t\t\t\t\t<\/div>\n\t\t<\/section>\n\t\t\t\t<section data-particle_enable=\"false\" data-particle-mobile-disabled=\"false\" class=\"elementor-section elementor-top-section elementor-element elementor-element-0703e6b elementor-section-boxed elementor-section-height-default elementor-section-height-default\" data-id=\"0703e6b\" data-element_type=\"section\" data-e-type=\"section\">\n\t\t\t\t\t\t<div class=\"elementor-container elementor-column-gap-default\">\n\t\t\t\t\t<div class=\"elementor-column elementor-col-100 elementor-top-column elementor-element elementor-element-46a7c90\" data-id=\"46a7c90\" data-element_type=\"column\" data-e-type=\"column\">\n\t\t\t<div class=\"elementor-widget-wrap elementor-element-populated\">\n\t\t\t\t\t\t<div class=\"elementor-element elementor-element-76547cb elementor-widget elementor-widget-text-editor\" data-id=\"76547cb\" data-element_type=\"widget\" data-e-type=\"widget\" data-widget_type=\"text-editor.default\">\n\t\t\t\t<div class=\"elementor-widget-container\">\n\t\t\t\t\t\t\t\t\t<p>Saturday, which was devoted more to speakers from the European institutions, began with a round table on \"Permanent Structured Cooperation\" (PSC) with Arnaud MIGOUX, Head of Sector at the EEAS, Engineer General Yves CALECA, Armaments Advisor at the EUPR and Jean-Charles BOULAT from Naval Group. The audience was able to discover unsuspected advances in the field of defence that were inconceivable less than 10 years ago, such as the creation of the European Defence Fund (EDF) and the rise of this PSC in the operational and capability fields.<\/p>\t\t\t\t\t\t\t\t<\/div>\n\t\t\t\t<\/div>\n\t\t\t\t\t<\/div>\n\t\t<\/div>\n\t\t\t\t\t<\/div>\n\t\t<\/section>\n\t\t\t\t<section data-particle_enable=\"false\" data-particle-mobile-disabled=\"false\" class=\"elementor-section elementor-top-section elementor-element elementor-element-161912e elementor-section-boxed elementor-section-height-default elementor-section-height-default\" data-id=\"161912e\" data-element_type=\"section\" data-e-type=\"section\">\n\t\t\t\t\t\t<div class=\"elementor-container elementor-column-gap-default\">\n\t\t\t\t\t<div class=\"elementor-column elementor-col-100 elementor-top-column elementor-element elementor-element-791a305\" data-id=\"791a305\" data-element_type=\"column\" data-e-type=\"column\">\n\t\t\t<div class=\"elementor-widget-wrap elementor-element-populated\">\n\t\t\t\t\t\t<div class=\"elementor-element elementor-element-15d380c elementor-widget elementor-widget-image\" data-id=\"15d380c\" data-element_type=\"widget\" data-e-type=\"widget\" data-widget_type=\"image.default\">\n\t\t\t\t<div class=\"elementor-widget-container\">\n\t\t\t\t\t\t\t\t\t\t\t\t<figure class=\"wp-caption\">\n\t\t\t\t\t\t\t\t\t\t<img loading=\"lazy\" decoding=\"async\" width=\"1065\" height=\"789\" src=\"https:\/\/ihedn.fr\/wp-content\/uploads\/2020\/10\/IHEDN-5e-ESM-en-mission-Europe-06.jpg\" class=\"attachment-full size-full wp-image-6600\" alt=\"\" \/>\t\t\t\t\t\t\t\t\t\t\t<figcaption class=\"widget-image-caption wp-caption-text\">IHEDN | 5e ESM en mission Europe: round table on \"Permanent Structured Cooperation\" (PSC)<\/figcaption>\n\t\t\t\t\t\t\t\t\t\t<\/figure>\n\t\t\t\t\t\t\t\t\t<\/div>\n\t\t\t\t<\/div>\n\t\t\t\t\t<\/div>\n\t\t<\/div>\n\t\t\t\t\t<\/div>\n\t\t<\/section>\n\t\t\t\t<section data-particle_enable=\"false\" data-particle-mobile-disabled=\"false\" class=\"elementor-section elementor-top-section elementor-element elementor-element-3e82ed8 elementor-section-boxed elementor-section-height-default elementor-section-height-default\" data-id=\"3e82ed8\" data-element_type=\"section\" data-e-type=\"section\">\n\t\t\t\t\t\t<div class=\"elementor-container elementor-column-gap-default\">\n\t\t\t\t\t<div class=\"elementor-column elementor-col-100 elementor-top-column elementor-element elementor-element-00ebe31\" data-id=\"00ebe31\" data-element_type=\"column\" data-e-type=\"column\">\n\t\t\t<div class=\"elementor-widget-wrap elementor-element-populated\">\n\t\t\t\t\t\t<div class=\"elementor-element elementor-element-f6c4bf2 elementor-widget elementor-widget-text-editor\" data-id=\"f6c4bf2\" data-element_type=\"widget\" data-e-type=\"widget\" data-widget_type=\"text-editor.default\">\n\t\t\t\t<div class=\"elementor-widget-container\">\n\t\t\t\t\t\t\t\t\t<p>Pierre Karleskind MEP, Chairman of the European Parliament's Committee on Fisheries and Vice-Chairman of the Committee on Biodiversity and the Intercommittee on the Sea, gave a presentation on the implementation of the European Union's Integrated Maritime Policy (IMP). He gave listeners a lengthy explanation of the internal negotiation process within the Parliament, and recalled the success of the CFP. After addressing the issues of maritime safety and security, the morning ended with a rich debate with the audience on the major challenges of Brexit, particularly for the fishing industry.<\/p>\t\t\t\t\t\t\t\t<\/div>\n\t\t\t\t<\/div>\n\t\t\t\t\t<\/div>\n\t\t<\/div>\n\t\t\t\t\t<\/div>\n\t\t<\/section>\n\t\t\t\t<section data-particle_enable=\"false\" data-particle-mobile-disabled=\"false\" class=\"elementor-section elementor-top-section elementor-element elementor-element-8bae73e elementor-section-boxed elementor-section-height-default elementor-section-height-default\" data-id=\"8bae73e\" data-element_type=\"section\" data-e-type=\"section\">\n\t\t\t\t\t\t<div class=\"elementor-container elementor-column-gap-default\">\n\t\t\t\t\t<div class=\"elementor-column elementor-col-100 elementor-top-column elementor-element elementor-element-94c1fe9\" data-id=\"94c1fe9\" data-element_type=\"column\" data-e-type=\"column\">\n\t\t\t<div class=\"elementor-widget-wrap elementor-element-populated\">\n\t\t\t\t\t\t<div class=\"elementor-element elementor-element-80183c2 elementor-widget elementor-widget-image\" data-id=\"80183c2\" data-element_type=\"widget\" data-e-type=\"widget\" data-widget_type=\"image.default\">\n\t\t\t\t<div class=\"elementor-widget-container\">\n\t\t\t\t\t\t\t\t\t\t\t\t<figure class=\"wp-caption\">\n\t\t\t\t\t\t\t\t\t\t<img loading=\"lazy\" decoding=\"async\" width=\"889\" height=\"698\" src=\"https:\/\/ihedn.fr\/wp-content\/uploads\/2020\/10\/IHEDN-5e-ESM-en-mission-Europe-08.jpg\" class=\"attachment-full size-full wp-image-6591\" alt=\"\" \/>\t\t\t\t\t\t\t\t\t\t\t<figcaption class=\"widget-image-caption wp-caption-text\">IHEDN | 5th ESM on a European mission: Pierre Karleskind, MEP, answers questions from listeners<\/figcaption>\n\t\t\t\t\t\t\t\t\t\t<\/figure>\n\t\t\t\t\t\t\t\t\t<\/div>\n\t\t\t\t<\/div>\n\t\t\t\t\t<\/div>\n\t\t<\/div>\n\t\t\t\t\t<\/div>\n\t\t<\/section>\n\t\t\t\t<section data-particle_enable=\"false\" data-particle-mobile-disabled=\"false\" class=\"elementor-section elementor-top-section elementor-element elementor-element-ae7350c elementor-section-boxed elementor-section-height-default elementor-section-height-default\" data-id=\"ae7350c\" data-element_type=\"section\" data-e-type=\"section\">\n\t\t\t\t\t\t<div class=\"elementor-container elementor-column-gap-default\">\n\t\t\t\t\t<div class=\"elementor-column elementor-col-100 elementor-top-column elementor-element elementor-element-5bcee10\" data-id=\"5bcee10\" data-element_type=\"column\" data-e-type=\"column\">\n\t\t\t<div class=\"elementor-widget-wrap elementor-element-populated\">\n\t\t\t\t\t\t<div class=\"elementor-element elementor-element-0d6fd55 elementor-widget elementor-widget-text-editor\" data-id=\"0d6fd55\" data-element_type=\"widget\" data-e-type=\"widget\" data-widget_type=\"text-editor.default\">\n\t\t\t\t<div class=\"elementor-widget-container\">\n\t\t\t\t\t\t\t\t\t<p>The afternoon began with a round-table discussion on the \"EU Maritime Security Strategy\", bringing together Alexandre CHIRIC from DG Mare (the European Commission's Directorate-General for Maritime Affairs), Oren Wolf from DG Mare's EEAS (European External Action Service) and Rear-Admiral Jean-Marie L'HUISSIER, a specialist in information and communication systems. The listeners were able to reflect and debate on subjects as important and diverse as maritime cooperation between Member States, the implementation of a maritime version of permanent structured cooperation (PSC) and the interoperability of Member States' information systems.<\/p><p>Isabelle VIALLON, from DG Mare, had the honour of closing the session's 'Europe' mission with a debate on a sustainable maritime economy. She spoke in particular about the major issues linked to Europe's strategic autonomy, the challenge for the EU of establishing a circular economy that will enable value chains to be sustainable, and the definition of a fair balance between the climate, the protection of biodiversity and the reasoned exploitation of the seas and oceans while not creating distortions of competition at the expense of European businesses.<\/p>\t\t\t\t\t\t\t\t<\/div>\n\t\t\t\t<\/div>\n\t\t\t\t\t<\/div>\n\t\t<\/div>\n\t\t\t\t\t<\/div>\n\t\t<\/section>\n\t\t\t\t<section data-particle_enable=\"false\" data-particle-mobile-disabled=\"false\" class=\"elementor-section elementor-top-section elementor-element elementor-element-821396b elementor-section-boxed elementor-section-height-default elementor-section-height-default\" data-id=\"821396b\" data-element_type=\"section\" data-e-type=\"section\">\n\t\t\t\t\t\t<div class=\"elementor-container elementor-column-gap-default\">\n\t\t\t\t\t<div class=\"elementor-column elementor-col-100 elementor-top-column elementor-element elementor-element-85a6bb6\" data-id=\"85a6bb6\" data-element_type=\"column\" data-e-type=\"column\">\n\t\t\t<div class=\"elementor-widget-wrap elementor-element-populated\">\n\t\t\t\t\t\t<div class=\"elementor-element elementor-element-539b01c elementor-widget elementor-widget-image\" data-id=\"539b01c\" data-element_type=\"widget\" data-e-type=\"widget\" data-widget_type=\"image.default\">\n\t\t\t\t<div class=\"elementor-widget-container\">\n\t\t\t\t\t\t\t\t\t\t\t\t<figure class=\"wp-caption\">\n\t\t\t\t\t\t\t\t\t\t<img loading=\"lazy\" decoding=\"async\" width=\"755\" height=\"498\" src=\"https:\/\/ihedn.fr\/wp-content\/uploads\/2020\/10\/IHEDN-5e-ESM-en-mission-Europe-09.jpg\" class=\"attachment-full size-full wp-image-6592\" alt=\"\" \/>\t\t\t\t\t\t\t\t\t\t\t<figcaption class=\"widget-image-caption wp-caption-text\">IHEDN | 5th ESM on a European mission: Isabelle Viallon, in the middle of a debate on the sustainable maritime economy<\/figcaption>\n\t\t\t\t\t\t\t\t\t\t<\/figure>\n\t\t\t\t\t\t\t\t\t<\/div>\n\t\t\t\t<\/div>\n\t\t\t\t\t<\/div>\n\t\t<\/div>\n\t\t\t\t\t<\/div>\n\t\t<\/section>\n\t\t\t\t<section data-particle_enable=\"false\" data-particle-mobile-disabled=\"false\" class=\"elementor-section elementor-top-section elementor-element elementor-element-cd74d36 elementor-section-boxed elementor-section-height-default elementor-section-height-default\" data-id=\"cd74d36\" data-element_type=\"section\" data-e-type=\"section\">\n\t\t\t\t\t\t<div class=\"elementor-container elementor-column-gap-default\">\n\t\t\t\t\t<div class=\"elementor-column elementor-col-100 elementor-top-column elementor-element elementor-element-c51477b\" data-id=\"c51477b\" data-element_type=\"column\" data-e-type=\"column\">\n\t\t\t<div class=\"elementor-widget-wrap elementor-element-populated\">\n\t\t\t\t\t\t<div class=\"elementor-element elementor-element-ea44ddc elementor-widget elementor-widget-text-editor\" data-id=\"ea44ddc\" data-element_type=\"widget\" data-e-type=\"widget\" data-widget_type=\"text-editor.default\">\n\t\t\t\t<div class=\"elementor-widget-container\">\n\t\t\t\t\t\t\t\t\t<p>The day ended with General Patrick Destremau, Director of the IHEDN, presenting each student with his or her diploma and the traditional closing dinner, which was tinged with a certain nostalgia linked to the imminent separation, but also no doubt amplified by a festive atmosphere that was kept in check by the application of the barrier measures imposed by COVID 19.<\/p>\t\t\t\t\t\t\t\t<\/div>\n\t\t\t\t<\/div>\n\t\t\t\t\t<\/div>\n\t\t<\/div>\n\t\t\t\t\t<\/div>\n\t\t<\/section>\n\t\t\t\t<section data-particle_enable=\"false\" data-particle-mobile-disabled=\"false\" class=\"elementor-section elementor-top-section elementor-element elementor-element-aca1887 elementor-section-boxed elementor-section-height-default elementor-section-height-default\" data-id=\"aca1887\" data-element_type=\"section\" data-e-type=\"section\">\n\t\t\t\t\t\t<div class=\"elementor-container elementor-column-gap-default\">\n\t\t\t\t\t<div class=\"elementor-column elementor-col-100 elementor-top-column elementor-element elementor-element-03e5e8c\" data-id=\"03e5e8c\" data-element_type=\"column\" data-e-type=\"column\">\n\t\t\t<div class=\"elementor-widget-wrap elementor-element-populated\">\n\t\t\t\t\t\t<div class=\"elementor-element elementor-element-1f41105 elementor-widget elementor-widget-image\" data-id=\"1f41105\" data-element_type=\"widget\" data-e-type=\"widget\" data-widget_type=\"image.default\">\n\t\t\t\t<div class=\"elementor-widget-container\">\n\t\t\t\t\t\t\t\t\t\t\t\t<figure class=\"wp-caption\">\n\t\t\t\t\t\t\t\t\t\t<img loading=\"lazy\" decoding=\"async\" width=\"768\" height=\"438\" src=\"https:\/\/ihedn.fr\/wp-content\/uploads\/2020\/10\/IHEDN-5e-ESM-en-mission-Europe-00.jpg\" class=\"attachment-full size-full wp-image-6594\" alt=\"\" \/>\t\t\t\t\t\t\t\t\t\t\t<figcaption class=\"widget-image-caption wp-caption-text\">IHEDN | 5e ESM en mission Europe : Graduation ceremony by Lieutenant General Patrick Destremau, Director of the IHEDN - Only the diploma is not hidden!<\/figcaption>\n\t\t\t\t\t\t\t\t\t\t<\/figure>\n\t\t\t\t\t\t\t\t\t<\/div>\n\t\t\t\t<\/div>\n\t\t\t\t\t<\/div>\n\t\t<\/div>\n\t\t\t\t\t<\/div>\n\t\t<\/section>\n\t\t\t\t<section data-particle_enable=\"false\" data-particle-mobile-disabled=\"false\" class=\"elementor-section elementor-top-section elementor-element elementor-element-6c28818 elementor-section-boxed elementor-section-height-default elementor-section-height-default\" data-id=\"6c28818\" data-element_type=\"section\" data-e-type=\"section\">\n\t\t\t\t\t\t<div class=\"elementor-container elementor-column-gap-default\">\n\t\t\t\t\t<div class=\"elementor-column elementor-col-100 elementor-top-column elementor-element elementor-element-c72d2b8\" data-id=\"c72d2b8\" data-element_type=\"column\" data-e-type=\"column\">\n\t\t\t<div class=\"elementor-widget-wrap elementor-element-populated\">\n\t\t\t\t\t\t<div class=\"elementor-element elementor-element-2fae6a6 elementor-widget elementor-widget-image\" data-id=\"2fae6a6\" data-element_type=\"widget\" data-e-type=\"widget\" data-widget_type=\"image.default\">\n\t\t\t\t<div class=\"elementor-widget-container\">\n\t\t\t\t\t\t\t\t\t\t\t\t<figure class=\"wp-caption\">\n\t\t\t\t\t\t\t\t\t\t<img loading=\"lazy\" decoding=\"async\" width=\"1000\" height=\"750\" src=\"https:\/\/ihedn.fr\/wp-content\/uploads\/2020\/10\/IHEDN-5e-ESM-en-mission-Europe-01.jpg\" class=\"attachment-full size-full wp-image-6595\" alt=\"\" \/>\t\t\t\t\t\t\t\t\t\t\t<figcaption class=\"widget-image-caption wp-caption-text\">IHEDN | 5e ESM en mission Europe :Strict application of protection measures against the pandemic COVID 19: taking the morning temperature<\/figcaption>\n\t\t\t\t\t\t\t\t\t\t<\/figure>\n\t\t\t\t\t\t\t\t\t<\/div>\n\t\t\t\t<\/div>\n\t\t\t\t\t<\/div>\n\t\t<\/div>\n\t\t\t\t\t<\/div>\n\t\t<\/section>\n\t\t\t\t<\/div>","protected":false},"excerpt":{"rendered":"<p>La mission \u00ab Europe \u00bb, report\u00e9e aux 28 et 29 septembre 2020 en raison du confinement impos\u00e9 par la pand\u00e9mie, permit aux auditeurs de se retrouver une derni\u00e8re fois dans le cadre de la session. Ils se sont ainsi rendus \u00e0 Bruxelles, c\u0153ur des institutions europ\u00e9ennes o\u00f9 ils purent d\u00e9couvrir les grands enjeux maritimes de [&hellip;]<\/p>\n","protected":false},"author":1,"featured_media":6593,"comment_status":"closed","ping_status":"closed","sticky":false,"template":"","format":"standard","meta":{"footnotes":""},"categories":[1],"tags":[],"class_list":["post-6589","post","type-post","status-publish","format-standard","has-post-thumbnail","hentry","category-uncategorized"],"yoast_head":"<!-- This site is optimized with the Yoast SEO plugin v27.5 - https:\/\/yoast.com\/product\/yoast-seo-wordpress\/ -->\n<title>Mission &quot;Europe&quot; et dernier accostage pour la 5e Session nationale &quot;Enjeux et strat\u00e9gies maritimes&quot; - L&#039;IHEDN : Institut des hautes \u00e9tudes de d\u00e9fense nationale<\/title>\n<meta name=\"robots\" content=\"index, follow, max-snippet:-1, max-image-preview:large, max-video-preview:-1\" \/>\n<link rel=\"canonical\" href=\"https:\/\/ihedn.fr\/en\/actualites-des-sessions\/mission-europe-et-dernier-accostage-pour-la-5e-session-nationale-enjeux-et-strategies-maritimes\/\" \/>\n<meta property=\"og:locale\" content=\"en_GB\" \/>\n<meta property=\"og:type\" content=\"article\" \/>\n<meta property=\"og:title\" content=\"Mission &quot;Europe&quot; et dernier accostage pour la 5e Session nationale &quot;Enjeux et strat\u00e9gies maritimes&quot; - L&#039;IHEDN : Institut des hautes \u00e9tudes de d\u00e9fense nationale\" \/>\n<meta property=\"og:description\" content=\"La mission \u00ab Europe \u00bb, report\u00e9e aux 28 et 29 septembre 2020 en raison du confinement impos\u00e9 par la pand\u00e9mie, permit aux auditeurs de se retrouver une derni\u00e8re fois dans le cadre de la session. Ils se sont ainsi rendus \u00e0 Bruxelles, c\u0153ur des institutions europ\u00e9ennes o\u00f9 ils purent d\u00e9couvrir les grands enjeux maritimes de [&hellip;]\" \/>\n<meta property=\"og:url\" content=\"https:\/\/ihedn.fr\/en\/actualites-des-sessions\/mission-europe-et-dernier-accostage-pour-la-5e-session-nationale-enjeux-et-strategies-maritimes\/\" \/>\n<meta property=\"og:site_name\" content=\"L&#039;IHEDN : Institut des hautes \u00e9tudes de d\u00e9fense nationale\" \/>\n<meta property=\"article:publisher\" content=\"https:\/\/www.facebook.com\/ihedn\/\" \/>\n<meta property=\"article:published_time\" content=\"2020-10-06T11:00:46+00:00\" \/>\n<meta property=\"article:modified_time\" content=\"2021-01-20T11:19:09+00:00\" \/>\n<meta property=\"og:image\" content=\"https:\/\/ihedn.fr\/wp-content\/uploads\/2020\/10\/IHEDN-5e-ESM-en-mission-Europe-10.jpg\" \/>\n\t<meta property=\"og:image:width\" content=\"768\" \/>\n\t<meta property=\"og:image:height\" content=\"563\" \/>\n\t<meta property=\"og:image:type\" content=\"image\/jpeg\" \/>\n<meta name=\"author\" content=\"dev\" \/>\n<meta name=\"twitter:card\" content=\"summary_large_image\" \/>\n<meta name=\"twitter:creator\" content=\"@IHEDN\" \/>\n<meta name=\"twitter:site\" content=\"@IHEDN\" \/>\n<meta name=\"twitter:label1\" content=\"Written by\" \/>\n\t<meta name=\"twitter:data1\" content=\"dev\" \/>\n\t<meta name=\"twitter:label2\" content=\"Estimated reading time\" \/>\n\t<meta name=\"twitter:data2\" content=\"6 minutes\" \/>\n<script type=\"application\/ld+json\" class=\"yoast-schema-graph\">{\"@context\":\"https:\\\/\\\/schema.org\",\"@graph\":[{\"@type\":\"Article\",\"@id\":\"https:\\\/\\\/ihedn.fr\\\/actualites-des-sessions\\\/mission-europe-et-dernier-accostage-pour-la-5e-session-nationale-enjeux-et-strategies-maritimes\\\/#article\",\"isPartOf\":{\"@id\":\"https:\\\/\\\/ihedn.fr\\\/actualites-des-sessions\\\/mission-europe-et-dernier-accostage-pour-la-5e-session-nationale-enjeux-et-strategies-maritimes\\\/\"},\"author\":{\"name\":\"dev\",\"@id\":\"https:\\\/\\\/ihedn.fr\\\/#\\\/schema\\\/person\\\/7a40155595e4efb35323447cb8c8c5a4\"},\"headline\":\"Mission \u00ab\u00a0Europe\u00a0\u00bb et dernier accostage pour la 5e Session nationale \u00ab\u00a0Enjeux et strat\u00e9gies maritimes\u00a0\u00bb\",\"datePublished\":\"2020-10-06T11:00:46+00:00\",\"dateModified\":\"2021-01-20T11:19:09+00:00\",\"mainEntityOfPage\":{\"@id\":\"https:\\\/\\\/ihedn.fr\\\/actualites-des-sessions\\\/mission-europe-et-dernier-accostage-pour-la-5e-session-nationale-enjeux-et-strategies-maritimes\\\/\"},\"wordCount\":1211,\"publisher\":{\"@id\":\"https:\\\/\\\/ihedn.fr\\\/#organization\"},\"image\":{\"@id\":\"https:\\\/\\\/ihedn.fr\\\/actualites-des-sessions\\\/mission-europe-et-dernier-accostage-pour-la-5e-session-nationale-enjeux-et-strategies-maritimes\\\/#primaryimage\"},\"thumbnailUrl\":\"https:\\\/\\\/ihedn.fr\\\/wp-content\\\/uploads\\\/2020\\\/10\\\/IHEDN-5e-ESM-en-mission-Europe-10.jpg\",\"articleSection\":[\"Uncategorized\"],\"inLanguage\":\"en-GB\"},{\"@type\":\"WebPage\",\"@id\":\"https:\\\/\\\/ihedn.fr\\\/actualites-des-sessions\\\/mission-europe-et-dernier-accostage-pour-la-5e-session-nationale-enjeux-et-strategies-maritimes\\\/\",\"url\":\"https:\\\/\\\/ihedn.fr\\\/actualites-des-sessions\\\/mission-europe-et-dernier-accostage-pour-la-5e-session-nationale-enjeux-et-strategies-maritimes\\\/\",\"name\":\"Mission \\\"Europe\\\" et dernier accostage pour la 5e Session nationale \\\"Enjeux et strat\u00e9gies maritimes\\\" - L&#039;IHEDN : Institut des hautes \u00e9tudes de d\u00e9fense nationale\",\"isPartOf\":{\"@id\":\"https:\\\/\\\/ihedn.fr\\\/#website\"},\"primaryImageOfPage\":{\"@id\":\"https:\\\/\\\/ihedn.fr\\\/actualites-des-sessions\\\/mission-europe-et-dernier-accostage-pour-la-5e-session-nationale-enjeux-et-strategies-maritimes\\\/#primaryimage\"},\"image\":{\"@id\":\"https:\\\/\\\/ihedn.fr\\\/actualites-des-sessions\\\/mission-europe-et-dernier-accostage-pour-la-5e-session-nationale-enjeux-et-strategies-maritimes\\\/#primaryimage\"},\"thumbnailUrl\":\"https:\\\/\\\/ihedn.fr\\\/wp-content\\\/uploads\\\/2020\\\/10\\\/IHEDN-5e-ESM-en-mission-Europe-10.jpg\",\"datePublished\":\"2020-10-06T11:00:46+00:00\",\"dateModified\":\"2021-01-20T11:19:09+00:00\",\"breadcrumb\":{\"@id\":\"https:\\\/\\\/ihedn.fr\\\/actualites-des-sessions\\\/mission-europe-et-dernier-accostage-pour-la-5e-session-nationale-enjeux-et-strategies-maritimes\\\/#breadcrumb\"},\"inLanguage\":\"en-GB\",\"potentialAction\":[{\"@type\":\"ReadAction\",\"target\":[\"https:\\\/\\\/ihedn.fr\\\/actualites-des-sessions\\\/mission-europe-et-dernier-accostage-pour-la-5e-session-nationale-enjeux-et-strategies-maritimes\\\/\"]}]},{\"@type\":\"ImageObject\",\"inLanguage\":\"en-GB\",\"@id\":\"https:\\\/\\\/ihedn.fr\\\/actualites-des-sessions\\\/mission-europe-et-dernier-accostage-pour-la-5e-session-nationale-enjeux-et-strategies-maritimes\\\/#primaryimage\",\"url\":\"https:\\\/\\\/ihedn.fr\\\/wp-content\\\/uploads\\\/2020\\\/10\\\/IHEDN-5e-ESM-en-mission-Europe-10.jpg\",\"contentUrl\":\"https:\\\/\\\/ihedn.fr\\\/wp-content\\\/uploads\\\/2020\\\/10\\\/IHEDN-5e-ESM-en-mission-Europe-10.jpg\",\"width\":768,\"height\":563},{\"@type\":\"BreadcrumbList\",\"@id\":\"https:\\\/\\\/ihedn.fr\\\/actualites-des-sessions\\\/mission-europe-et-dernier-accostage-pour-la-5e-session-nationale-enjeux-et-strategies-maritimes\\\/#breadcrumb\",\"itemListElement\":[{\"@type\":\"ListItem\",\"position\":1,\"name\":\"Accueil\",\"item\":\"https:\\\/\\\/ihedn.fr\\\/\"},{\"@type\":\"ListItem\",\"position\":2,\"name\":\"Mission \u00ab\u00a0Europe\u00a0\u00bb et dernier accostage pour la 5e Session nationale \u00ab\u00a0Enjeux et strat\u00e9gies maritimes\u00a0\u00bb\"}]},{\"@type\":\"WebSite\",\"@id\":\"https:\\\/\\\/ihedn.fr\\\/#website\",\"url\":\"https:\\\/\\\/ihedn.fr\\\/\",\"name\":\"IHEDN : Institut des hautes \u00e9tudes de d\u00e9fense nationale |\",\"description\":\"Site officiel de l&#039;IHEDN plac\u00e9 sous la tutelle du Premier ministre.\",\"publisher\":{\"@id\":\"https:\\\/\\\/ihedn.fr\\\/#organization\"},\"potentialAction\":[{\"@type\":\"SearchAction\",\"target\":{\"@type\":\"EntryPoint\",\"urlTemplate\":\"https:\\\/\\\/ihedn.fr\\\/?s={search_term_string}\"},\"query-input\":{\"@type\":\"PropertyValueSpecification\",\"valueRequired\":true,\"valueName\":\"search_term_string\"}}],\"inLanguage\":\"en-GB\"},{\"@type\":\"Organization\",\"@id\":\"https:\\\/\\\/ihedn.fr\\\/#organization\",\"name\":\"IHEDN - Institut des Hautes Etudes de D\u00e9fense Nationale\",\"url\":\"https:\\\/\\\/ihedn.fr\\\/\",\"logo\":{\"@type\":\"ImageObject\",\"inLanguage\":\"en-GB\",\"@id\":\"https:\\\/\\\/ihedn.fr\\\/#\\\/schema\\\/logo\\\/image\\\/\",\"url\":\"https:\\\/\\\/ihedn.fr\\\/wp-content\\\/uploads\\\/2020\\\/11\\\/BLOC_RF_IHEDN_WEB.png\",\"contentUrl\":\"https:\\\/\\\/ihedn.fr\\\/wp-content\\\/uploads\\\/2020\\\/11\\\/BLOC_RF_IHEDN_WEB.png\",\"width\":500,\"height\":237,\"caption\":\"IHEDN - Institut des Hautes Etudes de D\u00e9fense Nationale\"},\"image\":{\"@id\":\"https:\\\/\\\/ihedn.fr\\\/#\\\/schema\\\/logo\\\/image\\\/\"},\"sameAs\":[\"https:\\\/\\\/www.facebook.com\\\/ihedn\\\/\",\"https:\\\/\\\/x.com\\\/IHEDN\",\"https:\\\/\\\/www.instagram.com\\\/ihedn\\\/\",\"https:\\\/\\\/www.linkedin.com\\\/school\\\/ihedn\\\/\",\"https:\\\/\\\/fr.wikipedia.org\\\/wiki\\\/Institut_des_hautes_\u00e9tudes_de_D\u00e9fense_nationale\"]},{\"@type\":\"Person\",\"@id\":\"https:\\\/\\\/ihedn.fr\\\/#\\\/schema\\\/person\\\/7a40155595e4efb35323447cb8c8c5a4\",\"name\":\"dev\",\"image\":{\"@type\":\"ImageObject\",\"inLanguage\":\"en-GB\",\"@id\":\"https:\\\/\\\/secure.gravatar.com\\\/avatar\\\/f1ffcac9ca2fa95ad3ec33e9be3ade82f752acb0cabe541e56c5889225afa88a?s=96&d=mm&r=g\",\"url\":\"https:\\\/\\\/secure.gravatar.com\\\/avatar\\\/f1ffcac9ca2fa95ad3ec33e9be3ade82f752acb0cabe541e56c5889225afa88a?s=96&d=mm&r=g\",\"contentUrl\":\"https:\\\/\\\/secure.gravatar.com\\\/avatar\\\/f1ffcac9ca2fa95ad3ec33e9be3ade82f752acb0cabe541e56c5889225afa88a?s=96&d=mm&r=g\",\"caption\":\"dev\"},\"sameAs\":[\"https:\\\/\\\/ihedn.concilium.click\"],\"url\":\"https:\\\/\\\/ihedn.fr\\\/en\\\/author\\\/dev\\\/\"}]}<\/script>\n<!-- \/ Yoast SEO plugin. -->","yoast_head_json":{"title":"Mission \"Europe\" and final docking for the 5th National Session on \"Maritime Challenges and Strategies\" - L'IHEDN : Institut des hautes \u00e9tudes de d\u00e9fense nationale","robots":{"index":"index","follow":"follow","max-snippet":"max-snippet:-1","max-image-preview":"max-image-preview:large","max-video-preview":"max-video-preview:-1"},"canonical":"https:\/\/ihedn.fr\/en\/actualites-des-sessions\/mission-europe-et-dernier-accostage-pour-la-5e-session-nationale-enjeux-et-strategies-maritimes\/","og_locale":"en_GB","og_type":"article","og_title":"Mission \"Europe\" et dernier accostage pour la 5e Session nationale \"Enjeux et strat\u00e9gies maritimes\" - L&#039;IHEDN : Institut des hautes \u00e9tudes de d\u00e9fense nationale","og_description":"La mission \u00ab Europe \u00bb, report\u00e9e aux 28 et 29 septembre 2020 en raison du confinement impos\u00e9 par la pand\u00e9mie, permit aux auditeurs de se retrouver une derni\u00e8re fois dans le cadre de la session. Ils se sont ainsi rendus \u00e0 Bruxelles, c\u0153ur des institutions europ\u00e9ennes o\u00f9 ils purent d\u00e9couvrir les grands enjeux maritimes de [&hellip;]","og_url":"https:\/\/ihedn.fr\/en\/actualites-des-sessions\/mission-europe-et-dernier-accostage-pour-la-5e-session-nationale-enjeux-et-strategies-maritimes\/","og_site_name":"L&#039;IHEDN : Institut des hautes \u00e9tudes de d\u00e9fense nationale","article_publisher":"https:\/\/www.facebook.com\/ihedn\/","article_published_time":"2020-10-06T11:00:46+00:00","article_modified_time":"2021-01-20T11:19:09+00:00","og_image":[{"width":768,"height":563,"url":"https:\/\/ihedn.fr\/wp-content\/uploads\/2020\/10\/IHEDN-5e-ESM-en-mission-Europe-10.jpg","type":"image\/jpeg"}],"author":"dev","twitter_card":"summary_large_image","twitter_creator":"@IHEDN","twitter_site":"@IHEDN","twitter_misc":{"Written by":"dev","Estimated reading time":"6 minutes"},"schema":{"@context":"https:\/\/schema.org","@graph":[{"@type":"Article","@id":"https:\/\/ihedn.fr\/actualites-des-sessions\/mission-europe-et-dernier-accostage-pour-la-5e-session-nationale-enjeux-et-strategies-maritimes\/#article","isPartOf":{"@id":"https:\/\/ihedn.fr\/actualites-des-sessions\/mission-europe-et-dernier-accostage-pour-la-5e-session-nationale-enjeux-et-strategies-maritimes\/"},"author":{"name":"dev","@id":"https:\/\/ihedn.fr\/#\/schema\/person\/7a40155595e4efb35323447cb8c8c5a4"},"headline":"Mission \u00ab\u00a0Europe\u00a0\u00bb et dernier accostage pour la 5e Session nationale \u00ab\u00a0Enjeux et strat\u00e9gies maritimes\u00a0\u00bb","datePublished":"2020-10-06T11:00:46+00:00","dateModified":"2021-01-20T11:19:09+00:00","mainEntityOfPage":{"@id":"https:\/\/ihedn.fr\/actualites-des-sessions\/mission-europe-et-dernier-accostage-pour-la-5e-session-nationale-enjeux-et-strategies-maritimes\/"},"wordCount":1211,"publisher":{"@id":"https:\/\/ihedn.fr\/#organization"},"image":{"@id":"https:\/\/ihedn.fr\/actualites-des-sessions\/mission-europe-et-dernier-accostage-pour-la-5e-session-nationale-enjeux-et-strategies-maritimes\/#primaryimage"},"thumbnailUrl":"https:\/\/ihedn.fr\/wp-content\/uploads\/2020\/10\/IHEDN-5e-ESM-en-mission-Europe-10.jpg","articleSection":["Uncategorized"],"inLanguage":"en-GB"},{"@type":"WebPage","@id":"https:\/\/ihedn.fr\/actualites-des-sessions\/mission-europe-et-dernier-accostage-pour-la-5e-session-nationale-enjeux-et-strategies-maritimes\/","url":"https:\/\/ihedn.fr\/actualites-des-sessions\/mission-europe-et-dernier-accostage-pour-la-5e-session-nationale-enjeux-et-strategies-maritimes\/","name":"Mission \"Europe\" and final docking for the 5th National Session on \"Maritime Challenges and Strategies\" - L'IHEDN : Institut des hautes \u00e9tudes de d\u00e9fense nationale","isPartOf":{"@id":"https:\/\/ihedn.fr\/#website"},"primaryImageOfPage":{"@id":"https:\/\/ihedn.fr\/actualites-des-sessions\/mission-europe-et-dernier-accostage-pour-la-5e-session-nationale-enjeux-et-strategies-maritimes\/#primaryimage"},"image":{"@id":"https:\/\/ihedn.fr\/actualites-des-sessions\/mission-europe-et-dernier-accostage-pour-la-5e-session-nationale-enjeux-et-strategies-maritimes\/#primaryimage"},"thumbnailUrl":"https:\/\/ihedn.fr\/wp-content\/uploads\/2020\/10\/IHEDN-5e-ESM-en-mission-Europe-10.jpg","datePublished":"2020-10-06T11:00:46+00:00","dateModified":"2021-01-20T11:19:09+00:00","breadcrumb":{"@id":"https:\/\/ihedn.fr\/actualites-des-sessions\/mission-europe-et-dernier-accostage-pour-la-5e-session-nationale-enjeux-et-strategies-maritimes\/#breadcrumb"},"inLanguage":"en-GB","potentialAction":[{"@type":"ReadAction","target":["https:\/\/ihedn.fr\/actualites-des-sessions\/mission-europe-et-dernier-accostage-pour-la-5e-session-nationale-enjeux-et-strategies-maritimes\/"]}]},{"@type":"ImageObject","inLanguage":"en-GB","@id":"https:\/\/ihedn.fr\/actualites-des-sessions\/mission-europe-et-dernier-accostage-pour-la-5e-session-nationale-enjeux-et-strategies-maritimes\/#primaryimage","url":"https:\/\/ihedn.fr\/wp-content\/uploads\/2020\/10\/IHEDN-5e-ESM-en-mission-Europe-10.jpg","contentUrl":"https:\/\/ihedn.fr\/wp-content\/uploads\/2020\/10\/IHEDN-5e-ESM-en-mission-Europe-10.jpg","width":768,"height":563},{"@type":"BreadcrumbList","@id":"https:\/\/ihedn.fr\/actualites-des-sessions\/mission-europe-et-dernier-accostage-pour-la-5e-session-nationale-enjeux-et-strategies-maritimes\/#breadcrumb","itemListElement":[{"@type":"ListItem","position":1,"name":"Accueil","item":"https:\/\/ihedn.fr\/"},{"@type":"ListItem","position":2,"name":"Mission \u00ab\u00a0Europe\u00a0\u00bb et dernier accostage pour la 5e Session nationale \u00ab\u00a0Enjeux et strat\u00e9gies maritimes\u00a0\u00bb"}]},{"@type":"WebSite","@id":"https:\/\/ihedn.fr\/#website","url":"https:\/\/ihedn.fr\/","name":"IHEDN: Institut des hautes \u00e9tudes de d\u00e9fense nationale (Institute for Higher National Defence Studies)","description":"Official website of the IHEDN under the supervision of the Prime Minister.","publisher":{"@id":"https:\/\/ihedn.fr\/#organization"},"potentialAction":[{"@type":"SearchAction","target":{"@type":"EntryPoint","urlTemplate":"https:\/\/ihedn.fr\/?s={search_term_string}"},"query-input":{"@type":"PropertyValueSpecification","valueRequired":true,"valueName":"search_term_string"}}],"inLanguage":"en-GB"},{"@type":"Organization","@id":"https:\/\/ihedn.fr\/#organization","name":"IHEDN - Institute for Higher National Defence Studies","url":"https:\/\/ihedn.fr\/","logo":{"@type":"ImageObject","inLanguage":"en-GB","@id":"https:\/\/ihedn.fr\/#\/schema\/logo\/image\/","url":"https:\/\/ihedn.fr\/wp-content\/uploads\/2020\/11\/BLOC_RF_IHEDN_WEB.png","contentUrl":"https:\/\/ihedn.fr\/wp-content\/uploads\/2020\/11\/BLOC_RF_IHEDN_WEB.png","width":500,"height":237,"caption":"IHEDN - Institut des Hautes Etudes de D\u00e9fense Nationale"},"image":{"@id":"https:\/\/ihedn.fr\/#\/schema\/logo\/image\/"},"sameAs":["https:\/\/www.facebook.com\/ihedn\/","https:\/\/x.com\/IHEDN","https:\/\/www.instagram.com\/ihedn\/","https:\/\/www.linkedin.com\/school\/ihedn\/","https:\/\/fr.wikipedia.org\/wiki\/Institut_des_hautes_\u00e9tudes_de_D\u00e9fense_nationale"]},{"@type":"Person","@id":"https:\/\/ihedn.fr\/#\/schema\/person\/7a40155595e4efb35323447cb8c8c5a4","name":"dev","image":{"@type":"ImageObject","inLanguage":"en-GB","@id":"https:\/\/secure.gravatar.com\/avatar\/f1ffcac9ca2fa95ad3ec33e9be3ade82f752acb0cabe541e56c5889225afa88a?s=96&d=mm&r=g","url":"https:\/\/secure.gravatar.com\/avatar\/f1ffcac9ca2fa95ad3ec33e9be3ade82f752acb0cabe541e56c5889225afa88a?s=96&d=mm&r=g","contentUrl":"https:\/\/secure.gravatar.com\/avatar\/f1ffcac9ca2fa95ad3ec33e9be3ade82f752acb0cabe541e56c5889225afa88a?s=96&d=mm&r=g","caption":"dev"},"sameAs":["https:\/\/ihedn.concilium.click"],"url":"https:\/\/ihedn.fr\/en\/author\/dev\/"}]}},"publishpress_future_action":{"enabled":false,"date":"2026-05-08 09:18:34","action":"change-status","newStatus":"draft","terms":[],"taxonomy":"category","extraData":[]},"publishpress_future_workflow_manual_trigger":{"enabledWorkflows":[]},"_links":{"self":[{"href":"https:\/\/ihedn.fr\/en\/wp-json\/wp\/v2\/posts\/6589","targetHints":{"allow":["GET"]}}],"collection":[{"href":"https:\/\/ihedn.fr\/en\/wp-json\/wp\/v2\/posts"}],"about":[{"href":"https:\/\/ihedn.fr\/en\/wp-json\/wp\/v2\/types\/post"}],"author":[{"embeddable":true,"href":"https:\/\/ihedn.fr\/en\/wp-json\/wp\/v2\/users\/1"}],"replies":[{"embeddable":true,"href":"https:\/\/ihedn.fr\/en\/wp-json\/wp\/v2\/comments?post=6589"}],"version-history":[{"count":5,"href":"https:\/\/ihedn.fr\/en\/wp-json\/wp\/v2\/posts\/6589\/revisions"}],"predecessor-version":[{"id":6627,"href":"https:\/\/ihedn.fr\/en\/wp-json\/wp\/v2\/posts\/6589\/revisions\/6627"}],"wp:featuredmedia":[{"embeddable":true,"href":"https:\/\/ihedn.fr\/en\/wp-json\/wp\/v2\/media\/6593"}],"wp:attachment":[{"href":"https:\/\/ihedn.fr\/en\/wp-json\/wp\/v2\/media?parent=6589"}],"wp:term":[{"taxonomy":"category","embeddable":true,"href":"https:\/\/ihedn.fr\/en\/wp-json\/wp\/v2\/categories?post=6589"},{"taxonomy":"post_tag","embeddable":true,"href":"https:\/\/ihedn.fr\/en\/wp-json\/wp\/v2\/tags?post=6589"}],"curies":[{"name":"wp","href":"https:\/\/api.w.org\/{rel}","templated":true}]}}