{"id":6662,"date":"2020-10-02T14:51:08","date_gmt":"2020-10-02T13:51:08","guid":{"rendered":"https:\/\/ihedn.concilium.click\/?p=6662"},"modified":"2021-01-20T15:02:48","modified_gmt":"2021-01-20T14:02:48","slug":"ouverture-du-70e-cycle-intelligence-economique-et-strategique","status":"publish","type":"post","link":"https:\/\/ihedn.fr\/en\/uncategorized\/ouverture-du-70e-cycle-intelligence-economique-et-strategique\/","title":{"rendered":"Opening of the 70th \"economic and strategic intelligence\" course"},"content":{"rendered":"<div data-elementor-type=\"wp-post\" data-elementor-id=\"6662\" class=\"elementor elementor-6662\" data-elementor-post-type=\"post\">\n\t\t\t\t\t\t<section data-particle_enable=\"false\" data-particle-mobile-disabled=\"false\" class=\"elementor-section elementor-top-section elementor-element elementor-element-ac42415 elementor-section-boxed elementor-section-height-default elementor-section-height-default\" data-id=\"ac42415\" data-element_type=\"section\" data-e-type=\"section\">\n\t\t\t\t\t\t<div class=\"elementor-container elementor-column-gap-default\">\n\t\t\t\t\t<div class=\"elementor-column elementor-col-100 elementor-top-column elementor-element elementor-element-f2ab850\" data-id=\"f2ab850\" data-element_type=\"column\" data-e-type=\"column\">\n\t\t\t<div class=\"elementor-widget-wrap elementor-element-populated\">\n\t\t\t\t\t\t<div class=\"elementor-element elementor-element-76446f9 elementor-widget elementor-widget-text-editor\" data-id=\"76446f9\" data-element_type=\"widget\" data-e-type=\"widget\" data-widget_type=\"text-editor.default\">\n\t\t\t\t<div class=\"elementor-widget-container\">\n\t\t\t\t\t\t\t\t\t<p>Friday 2 October 2020 saw the start of the 70<sup>e<\/sup> economic and strategic intelligence (IES) course. The course was opened by Pr\u00e9fet Denis Conus, Deputy Director of the IHEDN.<\/p>\t\t\t\t\t\t\t\t<\/div>\n\t\t\t\t<\/div>\n\t\t\t\t\t<\/div>\n\t\t<\/div>\n\t\t\t\t\t<\/div>\n\t\t<\/section>\n\t\t\t\t<section data-particle_enable=\"false\" data-particle-mobile-disabled=\"false\" class=\"elementor-section elementor-top-section elementor-element elementor-element-42714a9 elementor-section-boxed elementor-section-height-default elementor-section-height-default\" data-id=\"42714a9\" data-element_type=\"section\" data-e-type=\"section\">\n\t\t\t\t\t\t<div class=\"elementor-container elementor-column-gap-default\">\n\t\t\t\t\t<div class=\"elementor-column elementor-col-100 elementor-top-column elementor-element elementor-element-b771162\" data-id=\"b771162\" data-element_type=\"column\" data-e-type=\"column\">\n\t\t\t<div class=\"elementor-widget-wrap elementor-element-populated\">\n\t\t\t\t\t\t<div class=\"elementor-element elementor-element-bc92cad elementor-widget elementor-widget-image\" data-id=\"bc92cad\" data-element_type=\"widget\" data-e-type=\"widget\" data-widget_type=\"image.default\">\n\t\t\t\t<div class=\"elementor-widget-container\">\n\t\t\t\t\t\t\t\t\t\t\t\t\t\t\t<img fetchpriority=\"high\" decoding=\"async\" width=\"1000\" height=\"720\" src=\"https:\/\/ihedn.fr\/wp-content\/uploads\/2020\/10\/IHEDN-70eIES-02.jpg\" class=\"attachment-full size-full wp-image-6665\" alt=\"\" \/>\t\t\t\t\t\t\t\t\t\t\t\t\t\t\t<\/div>\n\t\t\t\t<\/div>\n\t\t\t\t\t<\/div>\n\t\t<\/div>\n\t\t\t\t\t<\/div>\n\t\t<\/section>\n\t\t\t\t<section data-particle_enable=\"false\" data-particle-mobile-disabled=\"false\" class=\"elementor-section elementor-top-section elementor-element elementor-element-47ee54c elementor-section-boxed elementor-section-height-default elementor-section-height-default\" data-id=\"47ee54c\" data-element_type=\"section\" data-e-type=\"section\">\n\t\t\t\t\t\t<div class=\"elementor-container elementor-column-gap-default\">\n\t\t\t\t\t<div class=\"elementor-column elementor-col-100 elementor-top-column elementor-element elementor-element-f0c0187\" data-id=\"f0c0187\" data-element_type=\"column\" data-e-type=\"column\">\n\t\t\t<div class=\"elementor-widget-wrap elementor-element-populated\">\n\t\t\t\t\t\t<div class=\"elementor-element elementor-element-231dd60 elementor-widget elementor-widget-text-editor\" data-id=\"231dd60\" data-element_type=\"widget\" data-e-type=\"widget\" data-widget_type=\"text-editor.default\">\n\t\t\t\t<div class=\"elementor-widget-container\">\n\t\t\t\t\t\t\t\t\t<p>The opening speech on economic and strategic intelligence was given by Mr Bernard Besson. Public policy on national and territorial security was presented by both the Strategic Information and Economic Security Department (SISSE) of the Ministry of the Economy and Finance, and the Ministry of the Interior. Participants in the IES course will spend 7 days (49 hours) learning about strategic intelligence, how to make the most of strategic information, cybersecurity, the challenges of the digital transformation of organisations, economic security, strategies of influence and the system for controlling foreign investment in France. They will also work on the fight against corruption, compliance and the overall security and safety of companies.<\/p>\t\t\t\t\t\t\t\t<\/div>\n\t\t\t\t<\/div>\n\t\t\t\t\t<\/div>\n\t\t<\/div>\n\t\t\t\t\t<\/div>\n\t\t<\/section>\n\t\t\t\t<section data-particle_enable=\"false\" data-particle-mobile-disabled=\"false\" class=\"elementor-section elementor-top-section elementor-element elementor-element-dd6b396 elementor-section-boxed elementor-section-height-default elementor-section-height-default\" data-id=\"dd6b396\" data-element_type=\"section\" data-e-type=\"section\">\n\t\t\t\t\t\t<div class=\"elementor-container elementor-column-gap-default\">\n\t\t\t\t\t<div class=\"elementor-column elementor-col-100 elementor-top-column elementor-element elementor-element-cc33d70\" data-id=\"cc33d70\" data-element_type=\"column\" data-e-type=\"column\">\n\t\t\t<div class=\"elementor-widget-wrap elementor-element-populated\">\n\t\t\t\t\t\t<div class=\"elementor-element elementor-element-95f1923 elementor-widget elementor-widget-image\" data-id=\"95f1923\" data-element_type=\"widget\" data-e-type=\"widget\" data-widget_type=\"image.default\">\n\t\t\t\t<div class=\"elementor-widget-container\">\n\t\t\t\t\t\t\t\t\t\t\t\t\t\t\t<img decoding=\"async\" width=\"2560\" height=\"1810\" src=\"https:\/\/ihedn.fr\/wp-content\/uploads\/2020\/10\/IHEDN-70eIES-officielle-scaled.jpg\" class=\"attachment-full size-full wp-image-6667\" alt=\"\" srcset=\"https:\/\/ihedn.fr\/wp-content\/uploads\/2020\/10\/IHEDN-70eIES-officielle-scaled.jpg 2560w, https:\/\/ihedn.fr\/wp-content\/uploads\/2020\/10\/IHEDN-70eIES-officielle-1536x1086.jpg 1536w, https:\/\/ihedn.fr\/wp-content\/uploads\/2020\/10\/IHEDN-70eIES-officielle-2048x1448.jpg 2048w\" sizes=\"(max-width: 2560px) 100vw, 2560px\" \/>\t\t\t\t\t\t\t\t\t\t\t\t\t\t\t<\/div>\n\t\t\t\t<\/div>\n\t\t\t\t\t<\/div>\n\t\t<\/div>\n\t\t\t\t\t<\/div>\n\t\t<\/section>\n\t\t\t\t<\/div>","protected":false},"excerpt":{"rendered":"<p>Ce vendredi 2 octobre 2020 a d\u00e9but\u00e9 le 70e cycle intelligence \u00e9conomique et strat\u00e9gique (IES). Le cycle a \u00e9t\u00e9 ouvert par monsieur le Pr\u00e9fet Denis Conus, directeur adjoint de l&rsquo;IHEDN. L&rsquo;intervention d&rsquo;ouverture sur l&rsquo;intelligence \u00e9conomique et strat\u00e9gique a \u00e9t\u00e9 donn\u00e9e par Monsieur Bernard Besson. La politique publique de s\u00e9curit\u00e9 nationale et territoriale a \u00e9t\u00e9 pr\u00e9sent\u00e9e [&hellip;]<\/p>\n","protected":false},"author":1,"featured_media":6664,"comment_status":"closed","ping_status":"closed","sticky":false,"template":"","format":"standard","meta":{"footnotes":""},"categories":[1],"tags":[],"class_list":["post-6662","post","type-post","status-publish","format-standard","has-post-thumbnail","hentry","category-uncategorized"],"yoast_head":"<!-- This site is optimized with the Yoast SEO plugin v27.5 - https:\/\/yoast.com\/product\/yoast-seo-wordpress\/ -->\n<title>Ouverture du 70e cycle &quot;intelligence \u00e9conomique et strat\u00e9gique&quot; - L&#039;IHEDN : Institut des hautes \u00e9tudes de d\u00e9fense nationale<\/title>\n<meta name=\"robots\" content=\"index, follow, max-snippet:-1, max-image-preview:large, max-video-preview:-1\" \/>\n<link rel=\"canonical\" href=\"https:\/\/ihedn.fr\/en\/actualites-des-sessions\/ouverture-du-70e-cycle-intelligence-economique-et-strategique\/\" \/>\n<meta property=\"og:locale\" content=\"en_GB\" \/>\n<meta property=\"og:type\" content=\"article\" \/>\n<meta property=\"og:title\" content=\"Ouverture du 70e cycle &quot;intelligence \u00e9conomique et strat\u00e9gique&quot; - L&#039;IHEDN : Institut des hautes \u00e9tudes de d\u00e9fense nationale\" \/>\n<meta property=\"og:description\" content=\"Ce vendredi 2 octobre 2020 a d\u00e9but\u00e9 le 70e cycle intelligence \u00e9conomique et strat\u00e9gique (IES). Le cycle a \u00e9t\u00e9 ouvert par monsieur le Pr\u00e9fet Denis Conus, directeur adjoint de l&rsquo;IHEDN. L&rsquo;intervention d&rsquo;ouverture sur l&rsquo;intelligence \u00e9conomique et strat\u00e9gique a \u00e9t\u00e9 donn\u00e9e par Monsieur Bernard Besson. La politique publique de s\u00e9curit\u00e9 nationale et territoriale a \u00e9t\u00e9 pr\u00e9sent\u00e9e [&hellip;]\" \/>\n<meta property=\"og:url\" content=\"https:\/\/ihedn.fr\/en\/actualites-des-sessions\/ouverture-du-70e-cycle-intelligence-economique-et-strategique\/\" \/>\n<meta property=\"og:site_name\" content=\"L&#039;IHEDN : Institut des hautes \u00e9tudes de d\u00e9fense nationale\" \/>\n<meta property=\"article:publisher\" content=\"https:\/\/www.facebook.com\/ihedn\/\" \/>\n<meta property=\"article:published_time\" content=\"2020-10-02T13:51:08+00:00\" \/>\n<meta property=\"article:modified_time\" content=\"2021-01-20T14:02:48+00:00\" \/>\n<meta property=\"og:image\" content=\"https:\/\/ihedn.fr\/wp-content\/uploads\/2020\/10\/IHEDN-70eIES-01.jpg\" \/>\n\t<meta property=\"og:image:width\" content=\"1000\" \/>\n\t<meta property=\"og:image:height\" content=\"667\" \/>\n\t<meta property=\"og:image:type\" content=\"image\/jpeg\" \/>\n<meta name=\"author\" content=\"dev\" \/>\n<meta name=\"twitter:card\" content=\"summary_large_image\" \/>\n<meta name=\"twitter:creator\" content=\"@IHEDN\" \/>\n<meta name=\"twitter:site\" content=\"@IHEDN\" \/>\n<meta name=\"twitter:label1\" content=\"Written by\" \/>\n\t<meta name=\"twitter:data1\" content=\"dev\" \/>\n\t<meta name=\"twitter:label2\" content=\"Estimated reading time\" \/>\n\t<meta name=\"twitter:data2\" content=\"1 minute\" \/>\n<script type=\"application\/ld+json\" class=\"yoast-schema-graph\">{\"@context\":\"https:\\\/\\\/schema.org\",\"@graph\":[{\"@type\":\"Article\",\"@id\":\"https:\\\/\\\/ihedn.fr\\\/actualites-des-sessions\\\/ouverture-du-70e-cycle-intelligence-economique-et-strategique\\\/#article\",\"isPartOf\":{\"@id\":\"https:\\\/\\\/ihedn.fr\\\/actualites-des-sessions\\\/ouverture-du-70e-cycle-intelligence-economique-et-strategique\\\/\"},\"author\":{\"name\":\"dev\",\"@id\":\"https:\\\/\\\/ihedn.fr\\\/#\\\/schema\\\/person\\\/7a40155595e4efb35323447cb8c8c5a4\"},\"headline\":\"Ouverture du 70e cycle \u00ab\u00a0intelligence \u00e9conomique et strat\u00e9gique\u00a0\u00bb\",\"datePublished\":\"2020-10-02T13:51:08+00:00\",\"dateModified\":\"2021-01-20T14:02:48+00:00\",\"mainEntityOfPage\":{\"@id\":\"https:\\\/\\\/ihedn.fr\\\/actualites-des-sessions\\\/ouverture-du-70e-cycle-intelligence-economique-et-strategique\\\/\"},\"wordCount\":189,\"publisher\":{\"@id\":\"https:\\\/\\\/ihedn.fr\\\/#organization\"},\"image\":{\"@id\":\"https:\\\/\\\/ihedn.fr\\\/actualites-des-sessions\\\/ouverture-du-70e-cycle-intelligence-economique-et-strategique\\\/#primaryimage\"},\"thumbnailUrl\":\"https:\\\/\\\/ihedn.fr\\\/wp-content\\\/uploads\\\/2020\\\/10\\\/IHEDN-70eIES-01.jpg\",\"articleSection\":[\"Uncategorized\"],\"inLanguage\":\"en-GB\"},{\"@type\":\"WebPage\",\"@id\":\"https:\\\/\\\/ihedn.fr\\\/actualites-des-sessions\\\/ouverture-du-70e-cycle-intelligence-economique-et-strategique\\\/\",\"url\":\"https:\\\/\\\/ihedn.fr\\\/actualites-des-sessions\\\/ouverture-du-70e-cycle-intelligence-economique-et-strategique\\\/\",\"name\":\"Ouverture du 70e cycle \\\"intelligence \u00e9conomique et strat\u00e9gique\\\" - L&#039;IHEDN : Institut des hautes \u00e9tudes de d\u00e9fense nationale\",\"isPartOf\":{\"@id\":\"https:\\\/\\\/ihedn.fr\\\/#website\"},\"primaryImageOfPage\":{\"@id\":\"https:\\\/\\\/ihedn.fr\\\/actualites-des-sessions\\\/ouverture-du-70e-cycle-intelligence-economique-et-strategique\\\/#primaryimage\"},\"image\":{\"@id\":\"https:\\\/\\\/ihedn.fr\\\/actualites-des-sessions\\\/ouverture-du-70e-cycle-intelligence-economique-et-strategique\\\/#primaryimage\"},\"thumbnailUrl\":\"https:\\\/\\\/ihedn.fr\\\/wp-content\\\/uploads\\\/2020\\\/10\\\/IHEDN-70eIES-01.jpg\",\"datePublished\":\"2020-10-02T13:51:08+00:00\",\"dateModified\":\"2021-01-20T14:02:48+00:00\",\"breadcrumb\":{\"@id\":\"https:\\\/\\\/ihedn.fr\\\/actualites-des-sessions\\\/ouverture-du-70e-cycle-intelligence-economique-et-strategique\\\/#breadcrumb\"},\"inLanguage\":\"en-GB\",\"potentialAction\":[{\"@type\":\"ReadAction\",\"target\":[\"https:\\\/\\\/ihedn.fr\\\/actualites-des-sessions\\\/ouverture-du-70e-cycle-intelligence-economique-et-strategique\\\/\"]}]},{\"@type\":\"ImageObject\",\"inLanguage\":\"en-GB\",\"@id\":\"https:\\\/\\\/ihedn.fr\\\/actualites-des-sessions\\\/ouverture-du-70e-cycle-intelligence-economique-et-strategique\\\/#primaryimage\",\"url\":\"https:\\\/\\\/ihedn.fr\\\/wp-content\\\/uploads\\\/2020\\\/10\\\/IHEDN-70eIES-01.jpg\",\"contentUrl\":\"https:\\\/\\\/ihedn.fr\\\/wp-content\\\/uploads\\\/2020\\\/10\\\/IHEDN-70eIES-01.jpg\",\"width\":1000,\"height\":667,\"caption\":\"\u00a9 IHEDN | Intervention de monsieur le Pr\u00e9fet Denis Conus, directeur adjoint de l'IHEDN\"},{\"@type\":\"BreadcrumbList\",\"@id\":\"https:\\\/\\\/ihedn.fr\\\/actualites-des-sessions\\\/ouverture-du-70e-cycle-intelligence-economique-et-strategique\\\/#breadcrumb\",\"itemListElement\":[{\"@type\":\"ListItem\",\"position\":1,\"name\":\"Accueil\",\"item\":\"https:\\\/\\\/ihedn.fr\\\/\"},{\"@type\":\"ListItem\",\"position\":2,\"name\":\"Ouverture du 70e cycle \u00ab\u00a0intelligence \u00e9conomique et strat\u00e9gique\u00a0\u00bb\"}]},{\"@type\":\"WebSite\",\"@id\":\"https:\\\/\\\/ihedn.fr\\\/#website\",\"url\":\"https:\\\/\\\/ihedn.fr\\\/\",\"name\":\"IHEDN : Institut des hautes \u00e9tudes de d\u00e9fense nationale |\",\"description\":\"Site officiel de l&#039;IHEDN plac\u00e9 sous la tutelle du Premier ministre.\",\"publisher\":{\"@id\":\"https:\\\/\\\/ihedn.fr\\\/#organization\"},\"potentialAction\":[{\"@type\":\"SearchAction\",\"target\":{\"@type\":\"EntryPoint\",\"urlTemplate\":\"https:\\\/\\\/ihedn.fr\\\/?s={search_term_string}\"},\"query-input\":{\"@type\":\"PropertyValueSpecification\",\"valueRequired\":true,\"valueName\":\"search_term_string\"}}],\"inLanguage\":\"en-GB\"},{\"@type\":\"Organization\",\"@id\":\"https:\\\/\\\/ihedn.fr\\\/#organization\",\"name\":\"IHEDN - Institut des Hautes Etudes de D\u00e9fense Nationale\",\"url\":\"https:\\\/\\\/ihedn.fr\\\/\",\"logo\":{\"@type\":\"ImageObject\",\"inLanguage\":\"en-GB\",\"@id\":\"https:\\\/\\\/ihedn.fr\\\/#\\\/schema\\\/logo\\\/image\\\/\",\"url\":\"https:\\\/\\\/ihedn.fr\\\/wp-content\\\/uploads\\\/2020\\\/11\\\/BLOC_RF_IHEDN_WEB.png\",\"contentUrl\":\"https:\\\/\\\/ihedn.fr\\\/wp-content\\\/uploads\\\/2020\\\/11\\\/BLOC_RF_IHEDN_WEB.png\",\"width\":500,\"height\":237,\"caption\":\"IHEDN - Institut des Hautes Etudes de D\u00e9fense Nationale\"},\"image\":{\"@id\":\"https:\\\/\\\/ihedn.fr\\\/#\\\/schema\\\/logo\\\/image\\\/\"},\"sameAs\":[\"https:\\\/\\\/www.facebook.com\\\/ihedn\\\/\",\"https:\\\/\\\/x.com\\\/IHEDN\",\"https:\\\/\\\/www.instagram.com\\\/ihedn\\\/\",\"https:\\\/\\\/www.linkedin.com\\\/school\\\/ihedn\\\/\",\"https:\\\/\\\/fr.wikipedia.org\\\/wiki\\\/Institut_des_hautes_\u00e9tudes_de_D\u00e9fense_nationale\"]},{\"@type\":\"Person\",\"@id\":\"https:\\\/\\\/ihedn.fr\\\/#\\\/schema\\\/person\\\/7a40155595e4efb35323447cb8c8c5a4\",\"name\":\"dev\",\"image\":{\"@type\":\"ImageObject\",\"inLanguage\":\"en-GB\",\"@id\":\"https:\\\/\\\/secure.gravatar.com\\\/avatar\\\/f1ffcac9ca2fa95ad3ec33e9be3ade82f752acb0cabe541e56c5889225afa88a?s=96&d=mm&r=g\",\"url\":\"https:\\\/\\\/secure.gravatar.com\\\/avatar\\\/f1ffcac9ca2fa95ad3ec33e9be3ade82f752acb0cabe541e56c5889225afa88a?s=96&d=mm&r=g\",\"contentUrl\":\"https:\\\/\\\/secure.gravatar.com\\\/avatar\\\/f1ffcac9ca2fa95ad3ec33e9be3ade82f752acb0cabe541e56c5889225afa88a?s=96&d=mm&r=g\",\"caption\":\"dev\"},\"sameAs\":[\"https:\\\/\\\/ihedn.concilium.click\"],\"url\":\"https:\\\/\\\/ihedn.fr\\\/en\\\/author\\\/dev\\\/\"}]}<\/script>\n<!-- \/ Yoast SEO plugin. -->","yoast_head_json":{"title":"Opening of the 70th \"economic and strategic intelligence\" cycle - L'IHEDN : Institut des hautes \u00e9tudes de d\u00e9fense nationale (Graduate Institute of National Defence)","robots":{"index":"index","follow":"follow","max-snippet":"max-snippet:-1","max-image-preview":"max-image-preview:large","max-video-preview":"max-video-preview:-1"},"canonical":"https:\/\/ihedn.fr\/en\/actualites-des-sessions\/ouverture-du-70e-cycle-intelligence-economique-et-strategique\/","og_locale":"en_GB","og_type":"article","og_title":"Ouverture du 70e cycle \"intelligence \u00e9conomique et strat\u00e9gique\" - L&#039;IHEDN : Institut des hautes \u00e9tudes de d\u00e9fense nationale","og_description":"Ce vendredi 2 octobre 2020 a d\u00e9but\u00e9 le 70e cycle intelligence \u00e9conomique et strat\u00e9gique (IES). Le cycle a \u00e9t\u00e9 ouvert par monsieur le Pr\u00e9fet Denis Conus, directeur adjoint de l&rsquo;IHEDN. L&rsquo;intervention d&rsquo;ouverture sur l&rsquo;intelligence \u00e9conomique et strat\u00e9gique a \u00e9t\u00e9 donn\u00e9e par Monsieur Bernard Besson. La politique publique de s\u00e9curit\u00e9 nationale et territoriale a \u00e9t\u00e9 pr\u00e9sent\u00e9e [&hellip;]","og_url":"https:\/\/ihedn.fr\/en\/actualites-des-sessions\/ouverture-du-70e-cycle-intelligence-economique-et-strategique\/","og_site_name":"L&#039;IHEDN : Institut des hautes \u00e9tudes de d\u00e9fense nationale","article_publisher":"https:\/\/www.facebook.com\/ihedn\/","article_published_time":"2020-10-02T13:51:08+00:00","article_modified_time":"2021-01-20T14:02:48+00:00","og_image":[{"width":1000,"height":667,"url":"https:\/\/ihedn.fr\/wp-content\/uploads\/2020\/10\/IHEDN-70eIES-01.jpg","type":"image\/jpeg"}],"author":"dev","twitter_card":"summary_large_image","twitter_creator":"@IHEDN","twitter_site":"@IHEDN","twitter_misc":{"Written by":"dev","Estimated reading time":"1 minute"},"schema":{"@context":"https:\/\/schema.org","@graph":[{"@type":"Article","@id":"https:\/\/ihedn.fr\/actualites-des-sessions\/ouverture-du-70e-cycle-intelligence-economique-et-strategique\/#article","isPartOf":{"@id":"https:\/\/ihedn.fr\/actualites-des-sessions\/ouverture-du-70e-cycle-intelligence-economique-et-strategique\/"},"author":{"name":"dev","@id":"https:\/\/ihedn.fr\/#\/schema\/person\/7a40155595e4efb35323447cb8c8c5a4"},"headline":"Ouverture du 70e cycle \u00ab\u00a0intelligence \u00e9conomique et strat\u00e9gique\u00a0\u00bb","datePublished":"2020-10-02T13:51:08+00:00","dateModified":"2021-01-20T14:02:48+00:00","mainEntityOfPage":{"@id":"https:\/\/ihedn.fr\/actualites-des-sessions\/ouverture-du-70e-cycle-intelligence-economique-et-strategique\/"},"wordCount":189,"publisher":{"@id":"https:\/\/ihedn.fr\/#organization"},"image":{"@id":"https:\/\/ihedn.fr\/actualites-des-sessions\/ouverture-du-70e-cycle-intelligence-economique-et-strategique\/#primaryimage"},"thumbnailUrl":"https:\/\/ihedn.fr\/wp-content\/uploads\/2020\/10\/IHEDN-70eIES-01.jpg","articleSection":["Uncategorized"],"inLanguage":"en-GB"},{"@type":"WebPage","@id":"https:\/\/ihedn.fr\/actualites-des-sessions\/ouverture-du-70e-cycle-intelligence-economique-et-strategique\/","url":"https:\/\/ihedn.fr\/actualites-des-sessions\/ouverture-du-70e-cycle-intelligence-economique-et-strategique\/","name":"Opening of the 70th \"economic and strategic intelligence\" cycle - L'IHEDN : Institut des hautes \u00e9tudes de d\u00e9fense nationale (Graduate Institute of National Defence)","isPartOf":{"@id":"https:\/\/ihedn.fr\/#website"},"primaryImageOfPage":{"@id":"https:\/\/ihedn.fr\/actualites-des-sessions\/ouverture-du-70e-cycle-intelligence-economique-et-strategique\/#primaryimage"},"image":{"@id":"https:\/\/ihedn.fr\/actualites-des-sessions\/ouverture-du-70e-cycle-intelligence-economique-et-strategique\/#primaryimage"},"thumbnailUrl":"https:\/\/ihedn.fr\/wp-content\/uploads\/2020\/10\/IHEDN-70eIES-01.jpg","datePublished":"2020-10-02T13:51:08+00:00","dateModified":"2021-01-20T14:02:48+00:00","breadcrumb":{"@id":"https:\/\/ihedn.fr\/actualites-des-sessions\/ouverture-du-70e-cycle-intelligence-economique-et-strategique\/#breadcrumb"},"inLanguage":"en-GB","potentialAction":[{"@type":"ReadAction","target":["https:\/\/ihedn.fr\/actualites-des-sessions\/ouverture-du-70e-cycle-intelligence-economique-et-strategique\/"]}]},{"@type":"ImageObject","inLanguage":"en-GB","@id":"https:\/\/ihedn.fr\/actualites-des-sessions\/ouverture-du-70e-cycle-intelligence-economique-et-strategique\/#primaryimage","url":"https:\/\/ihedn.fr\/wp-content\/uploads\/2020\/10\/IHEDN-70eIES-01.jpg","contentUrl":"https:\/\/ihedn.fr\/wp-content\/uploads\/2020\/10\/IHEDN-70eIES-01.jpg","width":1000,"height":667,"caption":"\u00a9 IHEDN | Intervention de monsieur le Pr\u00e9fet Denis Conus, directeur adjoint de l'IHEDN"},{"@type":"BreadcrumbList","@id":"https:\/\/ihedn.fr\/actualites-des-sessions\/ouverture-du-70e-cycle-intelligence-economique-et-strategique\/#breadcrumb","itemListElement":[{"@type":"ListItem","position":1,"name":"Accueil","item":"https:\/\/ihedn.fr\/"},{"@type":"ListItem","position":2,"name":"Ouverture du 70e cycle \u00ab\u00a0intelligence \u00e9conomique et strat\u00e9gique\u00a0\u00bb"}]},{"@type":"WebSite","@id":"https:\/\/ihedn.fr\/#website","url":"https:\/\/ihedn.fr\/","name":"IHEDN: Institut des hautes \u00e9tudes de d\u00e9fense nationale (Institute for Higher National Defence Studies)","description":"Official website of the IHEDN under the supervision of the Prime Minister.","publisher":{"@id":"https:\/\/ihedn.fr\/#organization"},"potentialAction":[{"@type":"SearchAction","target":{"@type":"EntryPoint","urlTemplate":"https:\/\/ihedn.fr\/?s={search_term_string}"},"query-input":{"@type":"PropertyValueSpecification","valueRequired":true,"valueName":"search_term_string"}}],"inLanguage":"en-GB"},{"@type":"Organization","@id":"https:\/\/ihedn.fr\/#organization","name":"IHEDN - Institute for Higher National Defence Studies","url":"https:\/\/ihedn.fr\/","logo":{"@type":"ImageObject","inLanguage":"en-GB","@id":"https:\/\/ihedn.fr\/#\/schema\/logo\/image\/","url":"https:\/\/ihedn.fr\/wp-content\/uploads\/2020\/11\/BLOC_RF_IHEDN_WEB.png","contentUrl":"https:\/\/ihedn.fr\/wp-content\/uploads\/2020\/11\/BLOC_RF_IHEDN_WEB.png","width":500,"height":237,"caption":"IHEDN - Institut des Hautes Etudes de D\u00e9fense Nationale"},"image":{"@id":"https:\/\/ihedn.fr\/#\/schema\/logo\/image\/"},"sameAs":["https:\/\/www.facebook.com\/ihedn\/","https:\/\/x.com\/IHEDN","https:\/\/www.instagram.com\/ihedn\/","https:\/\/www.linkedin.com\/school\/ihedn\/","https:\/\/fr.wikipedia.org\/wiki\/Institut_des_hautes_\u00e9tudes_de_D\u00e9fense_nationale"]},{"@type":"Person","@id":"https:\/\/ihedn.fr\/#\/schema\/person\/7a40155595e4efb35323447cb8c8c5a4","name":"dev","image":{"@type":"ImageObject","inLanguage":"en-GB","@id":"https:\/\/secure.gravatar.com\/avatar\/f1ffcac9ca2fa95ad3ec33e9be3ade82f752acb0cabe541e56c5889225afa88a?s=96&d=mm&r=g","url":"https:\/\/secure.gravatar.com\/avatar\/f1ffcac9ca2fa95ad3ec33e9be3ade82f752acb0cabe541e56c5889225afa88a?s=96&d=mm&r=g","contentUrl":"https:\/\/secure.gravatar.com\/avatar\/f1ffcac9ca2fa95ad3ec33e9be3ade82f752acb0cabe541e56c5889225afa88a?s=96&d=mm&r=g","caption":"dev"},"sameAs":["https:\/\/ihedn.concilium.click"],"url":"https:\/\/ihedn.fr\/en\/author\/dev\/"}]}},"publishpress_future_action":{"enabled":false,"date":"2026-05-08 09:38:01","action":"change-status","newStatus":"draft","terms":[],"taxonomy":"category","extraData":[]},"publishpress_future_workflow_manual_trigger":{"enabledWorkflows":[]},"_links":{"self":[{"href":"https:\/\/ihedn.fr\/en\/wp-json\/wp\/v2\/posts\/6662","targetHints":{"allow":["GET"]}}],"collection":[{"href":"https:\/\/ihedn.fr\/en\/wp-json\/wp\/v2\/posts"}],"about":[{"href":"https:\/\/ihedn.fr\/en\/wp-json\/wp\/v2\/types\/post"}],"author":[{"embeddable":true,"href":"https:\/\/ihedn.fr\/en\/wp-json\/wp\/v2\/users\/1"}],"replies":[{"embeddable":true,"href":"https:\/\/ihedn.fr\/en\/wp-json\/wp\/v2\/comments?post=6662"}],"version-history":[{"count":4,"href":"https:\/\/ihedn.fr\/en\/wp-json\/wp\/v2\/posts\/6662\/revisions"}],"predecessor-version":[{"id":6671,"href":"https:\/\/ihedn.fr\/en\/wp-json\/wp\/v2\/posts\/6662\/revisions\/6671"}],"wp:featuredmedia":[{"embeddable":true,"href":"https:\/\/ihedn.fr\/en\/wp-json\/wp\/v2\/media\/6664"}],"wp:attachment":[{"href":"https:\/\/ihedn.fr\/en\/wp-json\/wp\/v2\/media?parent=6662"}],"wp:term":[{"taxonomy":"category","embeddable":true,"href":"https:\/\/ihedn.fr\/en\/wp-json\/wp\/v2\/categories?post=6662"},{"taxonomy":"post_tag","embeddable":true,"href":"https:\/\/ihedn.fr\/en\/wp-json\/wp\/v2\/tags?post=6662"}],"curies":[{"name":"wp","href":"https:\/\/api.w.org\/{rel}","templated":true}]}}