{"id":6684,"date":"2020-09-25T12:00:51","date_gmt":"2020-09-25T11:00:51","guid":{"rendered":"https:\/\/ihedn.concilium.click\/?p=6684"},"modified":"2021-03-03T09:59:29","modified_gmt":"2021-03-03T08:59:29","slug":"dialogue-strategique-franco-allemand-ihedn-baks-session-virtuelle-reduite","status":"publish","type":"post","link":"https:\/\/ihedn.fr\/en\/uncategorized\/dialogue-strategique-franco-allemand-ihedn-baks-session-virtuelle-reduite\/","title":{"rendered":"Franco-German strategic dialogue IHEDN BAKS: reduced virtual session"},"content":{"rendered":"<div data-elementor-type=\"wp-post\" data-elementor-id=\"6684\" class=\"elementor elementor-6684\" data-elementor-post-type=\"post\">\n\t\t\t\t\t\t<section data-particle_enable=\"false\" data-particle-mobile-disabled=\"false\" class=\"elementor-section elementor-top-section elementor-element elementor-element-2117c6e elementor-section-boxed elementor-section-height-default elementor-section-height-default\" data-id=\"2117c6e\" data-element_type=\"section\" data-e-type=\"section\">\n\t\t\t\t\t\t<div class=\"elementor-container elementor-column-gap-default\">\n\t\t\t\t\t<div class=\"elementor-column elementor-col-100 elementor-top-column elementor-element elementor-element-8ae67b7\" data-id=\"8ae67b7\" data-element_type=\"column\" data-e-type=\"column\">\n\t\t\t<div class=\"elementor-widget-wrap elementor-element-populated\">\n\t\t\t\t\t\t<div class=\"elementor-element elementor-element-dfa99ce elementor-widget elementor-widget-text-editor\" data-id=\"dfa99ce\" data-element_type=\"widget\" data-e-type=\"widget\" data-widget_type=\"text-editor.default\">\n\t\t\t\t<div class=\"elementor-widget-container\">\n\t\t\t\t\t\t\t\t\t<div class=\"field field-name-body field-type-text-with-summary field-label-hidden\"><div class=\"field-items\"><div class=\"field-item even\"><p>A reduced session of the bilateral strategic dialogue seminar between the IHEDN and the German Bundesakademie fur Sicherheitspolitik (BAKS) took place on Friday 25 in a virtual format using WebEx videoconferencing software.<\/p><p>Given the current health restrictions, the fourth Franco-German Strategic Dialogue has been postponed until the first half of 2021, for a high-level face-to-face event.<\/p><\/div><\/div><\/div>\t\t\t\t\t\t\t\t<\/div>\n\t\t\t\t<\/div>\n\t\t\t\t\t<\/div>\n\t\t<\/div>\n\t\t\t\t\t<\/div>\n\t\t<\/section>\n\t\t\t\t<section data-particle_enable=\"false\" data-particle-mobile-disabled=\"false\" class=\"elementor-section elementor-top-section elementor-element elementor-element-965316e elementor-section-boxed elementor-section-height-default elementor-section-height-default\" data-id=\"965316e\" data-element_type=\"section\" data-e-type=\"section\">\n\t\t\t\t\t\t<div class=\"elementor-container elementor-column-gap-default\">\n\t\t\t\t\t<div class=\"elementor-column elementor-col-100 elementor-top-column elementor-element elementor-element-23f873c\" data-id=\"23f873c\" data-element_type=\"column\" data-e-type=\"column\">\n\t\t\t<div class=\"elementor-widget-wrap elementor-element-populated\">\n\t\t\t\t\t\t<div class=\"elementor-element elementor-element-1d25d90 elementor-widget elementor-widget-image\" data-id=\"1d25d90\" data-element_type=\"widget\" data-e-type=\"widget\" data-widget_type=\"image.default\">\n\t\t\t\t<div class=\"elementor-widget-container\">\n\t\t\t\t\t\t\t\t\t\t\t\t<figure class=\"wp-caption\">\n\t\t\t\t\t\t\t\t\t\t<img fetchpriority=\"high\" decoding=\"async\" width=\"1000\" height=\"750\" src=\"https:\/\/ihedn.fr\/wp-content\/uploads\/2021\/09\/IHEDN-BAKS-00.jpg\" class=\"attachment-full size-full wp-image-6687\" alt=\"\u00a9IHEDN | Dialogue strat\u00e9gique franco-allemand IHEDN BAKS\" \/>\t\t\t\t\t\t\t\t\t\t\t<figcaption class=\"widget-image-caption wp-caption-text\">IHEDN | Franco-German Strategic Dialogue IHEDN BAKS<\/figcaption>\n\t\t\t\t\t\t\t\t\t\t<\/figure>\n\t\t\t\t\t\t\t\t\t<\/div>\n\t\t\t\t<\/div>\n\t\t\t\t\t<\/div>\n\t\t<\/div>\n\t\t\t\t\t<\/div>\n\t\t<\/section>\n\t\t\t\t<section data-particle_enable=\"false\" data-particle-mobile-disabled=\"false\" class=\"elementor-section elementor-top-section elementor-element elementor-element-a6b3a16 elementor-section-boxed elementor-section-height-default elementor-section-height-default\" data-id=\"a6b3a16\" data-element_type=\"section\" data-e-type=\"section\">\n\t\t\t\t\t\t<div class=\"elementor-container elementor-column-gap-default\">\n\t\t\t\t\t<div class=\"elementor-column elementor-col-100 elementor-top-column elementor-element elementor-element-37250ca\" data-id=\"37250ca\" data-element_type=\"column\" data-e-type=\"column\">\n\t\t\t<div class=\"elementor-widget-wrap elementor-element-populated\">\n\t\t\t\t\t\t<div class=\"elementor-element elementor-element-5fb790d elementor-widget elementor-widget-text-editor\" data-id=\"5fb790d\" data-element_type=\"widget\" data-e-type=\"widget\" data-widget_type=\"text-editor.default\">\n\t\t\t\t<div class=\"elementor-widget-container\">\n\t\t\t\t\t\t\t\t\t<div class=\"field field-name-body field-type-text-with-summary field-label-hidden\"><div class=\"field-items\"><div class=\"field-item even\"><p>This virtual session addressed a number of issues that will form the core of discussions at the forthcoming dialogue.<\/p><p>The videoconference, chaired by Lieutenant General Patrick Destremau, Director of the IHEDN, gave rise to open and constructive discussions on the subject of European defence and the international community's commitment to the Sahel, and Franco-German cooperation on these issues. The points of convergence and disagreement between the two countries were highlighted, with the aim of improving our understanding on these issues.<\/p><\/div><\/div><\/div>\t\t\t\t\t\t\t\t<\/div>\n\t\t\t\t<\/div>\n\t\t\t\t\t<\/div>\n\t\t<\/div>\n\t\t\t\t\t<\/div>\n\t\t<\/section>\n\t\t\t\t<\/div>","protected":false},"excerpt":{"rendered":"<p>Une session r\u00e9duite du s\u00e9minaire bilat\u00e9ral de dialogue strat\u00e9gique, entre l\u2019IHEDN et la Bundesakademie fur Sicherheitspolitik (BAKS) allemande, s\u2019est d\u00e9roul\u00e9e le vendredi 25 dans un format virtuel via le logiciel de visioconf\u00e9rence WebEx. Compte tenu des restrictions sanitaires actuelles, le quatri\u00e8me dialogue strat\u00e9gique franco-allemand est report\u00e9 au premier semestre 2021, pour une \u00e9dition pr\u00e9sentiel de [&hellip;]<\/p>\n","protected":false},"author":1,"featured_media":6687,"comment_status":"closed","ping_status":"closed","sticky":false,"template":"","format":"standard","meta":{"footnotes":""},"categories":[1],"tags":[],"class_list":["post-6684","post","type-post","status-publish","format-standard","has-post-thumbnail","hentry","category-uncategorized"],"yoast_head":"<!-- This site is optimized with the Yoast SEO plugin v27.5 - https:\/\/yoast.com\/product\/yoast-seo-wordpress\/ -->\n<title>Dialogue strat\u00e9gique franco-allemand IHEDN BAKS : session virtuelle r\u00e9duite - L&#039;IHEDN : Institut des hautes \u00e9tudes de d\u00e9fense nationale<\/title>\n<meta name=\"robots\" content=\"index, follow, max-snippet:-1, max-image-preview:large, max-video-preview:-1\" \/>\n<link rel=\"canonical\" href=\"https:\/\/ihedn.fr\/en\/actualites-des-sessions\/deai\/dialogue-strategique-franco-allemand-ihedn-baks-session-virtuelle-reduite\/\" \/>\n<meta property=\"og:locale\" content=\"en_GB\" \/>\n<meta property=\"og:type\" content=\"article\" \/>\n<meta property=\"og:title\" content=\"Dialogue strat\u00e9gique franco-allemand IHEDN BAKS : session virtuelle r\u00e9duite - L&#039;IHEDN : Institut des hautes \u00e9tudes de d\u00e9fense nationale\" \/>\n<meta property=\"og:description\" content=\"Une session r\u00e9duite du s\u00e9minaire bilat\u00e9ral de dialogue strat\u00e9gique, entre l\u2019IHEDN et la Bundesakademie fur Sicherheitspolitik (BAKS) allemande, s\u2019est d\u00e9roul\u00e9e le vendredi 25 dans un format virtuel via le logiciel de visioconf\u00e9rence WebEx. Compte tenu des restrictions sanitaires actuelles, le quatri\u00e8me dialogue strat\u00e9gique franco-allemand est report\u00e9 au premier semestre 2021, pour une \u00e9dition pr\u00e9sentiel de [&hellip;]\" \/>\n<meta property=\"og:url\" content=\"https:\/\/ihedn.fr\/en\/actualites-des-sessions\/deai\/dialogue-strategique-franco-allemand-ihedn-baks-session-virtuelle-reduite\/\" \/>\n<meta property=\"og:site_name\" content=\"L&#039;IHEDN : Institut des hautes \u00e9tudes de d\u00e9fense nationale\" \/>\n<meta property=\"article:publisher\" content=\"https:\/\/www.facebook.com\/ihedn\/\" \/>\n<meta property=\"article:published_time\" content=\"2020-09-25T11:00:51+00:00\" \/>\n<meta property=\"article:modified_time\" content=\"2021-03-03T08:59:29+00:00\" \/>\n<meta property=\"og:image\" content=\"https:\/\/ihedn.fr\/wp-content\/uploads\/2021\/09\/IHEDN-BAKS-00.jpg\" \/>\n\t<meta property=\"og:image:width\" content=\"1000\" \/>\n\t<meta property=\"og:image:height\" content=\"750\" \/>\n\t<meta property=\"og:image:type\" content=\"image\/jpeg\" \/>\n<meta name=\"author\" content=\"dev\" \/>\n<meta name=\"twitter:card\" content=\"summary_large_image\" \/>\n<meta name=\"twitter:creator\" content=\"@IHEDN\" \/>\n<meta name=\"twitter:site\" content=\"@IHEDN\" \/>\n<meta name=\"twitter:label1\" content=\"Written by\" \/>\n\t<meta name=\"twitter:data1\" content=\"dev\" \/>\n\t<meta name=\"twitter:label2\" content=\"Estimated reading time\" \/>\n\t<meta name=\"twitter:data2\" content=\"1 minute\" \/>\n<script type=\"application\/ld+json\" class=\"yoast-schema-graph\">{\"@context\":\"https:\\\/\\\/schema.org\",\"@graph\":[{\"@type\":\"Article\",\"@id\":\"https:\\\/\\\/ihedn.fr\\\/actualites-des-sessions\\\/deai\\\/dialogue-strategique-franco-allemand-ihedn-baks-session-virtuelle-reduite\\\/#article\",\"isPartOf\":{\"@id\":\"https:\\\/\\\/ihedn.fr\\\/actualites-des-sessions\\\/deai\\\/dialogue-strategique-franco-allemand-ihedn-baks-session-virtuelle-reduite\\\/\"},\"author\":{\"name\":\"dev\",\"@id\":\"https:\\\/\\\/ihedn.fr\\\/#\\\/schema\\\/person\\\/7a40155595e4efb35323447cb8c8c5a4\"},\"headline\":\"Dialogue strat\u00e9gique franco-allemand IHEDN BAKS : session virtuelle r\u00e9duite\",\"datePublished\":\"2020-09-25T11:00:51+00:00\",\"dateModified\":\"2021-03-03T08:59:29+00:00\",\"mainEntityOfPage\":{\"@id\":\"https:\\\/\\\/ihedn.fr\\\/actualites-des-sessions\\\/deai\\\/dialogue-strategique-franco-allemand-ihedn-baks-session-virtuelle-reduite\\\/\"},\"wordCount\":193,\"publisher\":{\"@id\":\"https:\\\/\\\/ihedn.fr\\\/#organization\"},\"image\":{\"@id\":\"https:\\\/\\\/ihedn.fr\\\/actualites-des-sessions\\\/deai\\\/dialogue-strategique-franco-allemand-ihedn-baks-session-virtuelle-reduite\\\/#primaryimage\"},\"thumbnailUrl\":\"https:\\\/\\\/ihedn.fr\\\/wp-content\\\/uploads\\\/2021\\\/09\\\/IHEDN-BAKS-00.jpg\",\"articleSection\":[\"Uncategorized\"],\"inLanguage\":\"en-GB\"},{\"@type\":\"WebPage\",\"@id\":\"https:\\\/\\\/ihedn.fr\\\/actualites-des-sessions\\\/deai\\\/dialogue-strategique-franco-allemand-ihedn-baks-session-virtuelle-reduite\\\/\",\"url\":\"https:\\\/\\\/ihedn.fr\\\/actualites-des-sessions\\\/deai\\\/dialogue-strategique-franco-allemand-ihedn-baks-session-virtuelle-reduite\\\/\",\"name\":\"Dialogue strat\u00e9gique franco-allemand IHEDN BAKS : session virtuelle r\u00e9duite - L&#039;IHEDN : Institut des hautes \u00e9tudes de d\u00e9fense nationale\",\"isPartOf\":{\"@id\":\"https:\\\/\\\/ihedn.fr\\\/#website\"},\"primaryImageOfPage\":{\"@id\":\"https:\\\/\\\/ihedn.fr\\\/actualites-des-sessions\\\/deai\\\/dialogue-strategique-franco-allemand-ihedn-baks-session-virtuelle-reduite\\\/#primaryimage\"},\"image\":{\"@id\":\"https:\\\/\\\/ihedn.fr\\\/actualites-des-sessions\\\/deai\\\/dialogue-strategique-franco-allemand-ihedn-baks-session-virtuelle-reduite\\\/#primaryimage\"},\"thumbnailUrl\":\"https:\\\/\\\/ihedn.fr\\\/wp-content\\\/uploads\\\/2021\\\/09\\\/IHEDN-BAKS-00.jpg\",\"datePublished\":\"2020-09-25T11:00:51+00:00\",\"dateModified\":\"2021-03-03T08:59:29+00:00\",\"breadcrumb\":{\"@id\":\"https:\\\/\\\/ihedn.fr\\\/actualites-des-sessions\\\/deai\\\/dialogue-strategique-franco-allemand-ihedn-baks-session-virtuelle-reduite\\\/#breadcrumb\"},\"inLanguage\":\"en-GB\",\"potentialAction\":[{\"@type\":\"ReadAction\",\"target\":[\"https:\\\/\\\/ihedn.fr\\\/actualites-des-sessions\\\/deai\\\/dialogue-strategique-franco-allemand-ihedn-baks-session-virtuelle-reduite\\\/\"]}]},{\"@type\":\"ImageObject\",\"inLanguage\":\"en-GB\",\"@id\":\"https:\\\/\\\/ihedn.fr\\\/actualites-des-sessions\\\/deai\\\/dialogue-strategique-franco-allemand-ihedn-baks-session-virtuelle-reduite\\\/#primaryimage\",\"url\":\"https:\\\/\\\/ihedn.fr\\\/wp-content\\\/uploads\\\/2021\\\/09\\\/IHEDN-BAKS-00.jpg\",\"contentUrl\":\"https:\\\/\\\/ihedn.fr\\\/wp-content\\\/uploads\\\/2021\\\/09\\\/IHEDN-BAKS-00.jpg\",\"width\":1000,\"height\":750,\"caption\":\"\u00a9IHEDN | Dialogue strat\u00e9gique franco-allemand IHEDN BAKS\"},{\"@type\":\"BreadcrumbList\",\"@id\":\"https:\\\/\\\/ihedn.fr\\\/actualites-des-sessions\\\/deai\\\/dialogue-strategique-franco-allemand-ihedn-baks-session-virtuelle-reduite\\\/#breadcrumb\",\"itemListElement\":[{\"@type\":\"ListItem\",\"position\":1,\"name\":\"Accueil\",\"item\":\"https:\\\/\\\/ihedn.fr\\\/\"},{\"@type\":\"ListItem\",\"position\":2,\"name\":\"Dialogue strat\u00e9gique franco-allemand IHEDN BAKS : session virtuelle r\u00e9duite\"}]},{\"@type\":\"WebSite\",\"@id\":\"https:\\\/\\\/ihedn.fr\\\/#website\",\"url\":\"https:\\\/\\\/ihedn.fr\\\/\",\"name\":\"IHEDN : Institut des hautes \u00e9tudes de d\u00e9fense nationale |\",\"description\":\"Site officiel de l&#039;IHEDN plac\u00e9 sous la tutelle du Premier ministre.\",\"publisher\":{\"@id\":\"https:\\\/\\\/ihedn.fr\\\/#organization\"},\"potentialAction\":[{\"@type\":\"SearchAction\",\"target\":{\"@type\":\"EntryPoint\",\"urlTemplate\":\"https:\\\/\\\/ihedn.fr\\\/?s={search_term_string}\"},\"query-input\":{\"@type\":\"PropertyValueSpecification\",\"valueRequired\":true,\"valueName\":\"search_term_string\"}}],\"inLanguage\":\"en-GB\"},{\"@type\":\"Organization\",\"@id\":\"https:\\\/\\\/ihedn.fr\\\/#organization\",\"name\":\"IHEDN - Institut des Hautes Etudes de D\u00e9fense Nationale\",\"url\":\"https:\\\/\\\/ihedn.fr\\\/\",\"logo\":{\"@type\":\"ImageObject\",\"inLanguage\":\"en-GB\",\"@id\":\"https:\\\/\\\/ihedn.fr\\\/#\\\/schema\\\/logo\\\/image\\\/\",\"url\":\"https:\\\/\\\/ihedn.fr\\\/wp-content\\\/uploads\\\/2020\\\/11\\\/BLOC_RF_IHEDN_WEB.png\",\"contentUrl\":\"https:\\\/\\\/ihedn.fr\\\/wp-content\\\/uploads\\\/2020\\\/11\\\/BLOC_RF_IHEDN_WEB.png\",\"width\":500,\"height\":237,\"caption\":\"IHEDN - Institut des Hautes Etudes de D\u00e9fense Nationale\"},\"image\":{\"@id\":\"https:\\\/\\\/ihedn.fr\\\/#\\\/schema\\\/logo\\\/image\\\/\"},\"sameAs\":[\"https:\\\/\\\/www.facebook.com\\\/ihedn\\\/\",\"https:\\\/\\\/x.com\\\/IHEDN\",\"https:\\\/\\\/www.instagram.com\\\/ihedn\\\/\",\"https:\\\/\\\/www.linkedin.com\\\/school\\\/ihedn\\\/\",\"https:\\\/\\\/fr.wikipedia.org\\\/wiki\\\/Institut_des_hautes_\u00e9tudes_de_D\u00e9fense_nationale\"]},{\"@type\":\"Person\",\"@id\":\"https:\\\/\\\/ihedn.fr\\\/#\\\/schema\\\/person\\\/7a40155595e4efb35323447cb8c8c5a4\",\"name\":\"dev\",\"image\":{\"@type\":\"ImageObject\",\"inLanguage\":\"en-GB\",\"@id\":\"https:\\\/\\\/secure.gravatar.com\\\/avatar\\\/f1ffcac9ca2fa95ad3ec33e9be3ade82f752acb0cabe541e56c5889225afa88a?s=96&d=mm&r=g\",\"url\":\"https:\\\/\\\/secure.gravatar.com\\\/avatar\\\/f1ffcac9ca2fa95ad3ec33e9be3ade82f752acb0cabe541e56c5889225afa88a?s=96&d=mm&r=g\",\"contentUrl\":\"https:\\\/\\\/secure.gravatar.com\\\/avatar\\\/f1ffcac9ca2fa95ad3ec33e9be3ade82f752acb0cabe541e56c5889225afa88a?s=96&d=mm&r=g\",\"caption\":\"dev\"},\"sameAs\":[\"https:\\\/\\\/ihedn.concilium.click\"],\"url\":\"https:\\\/\\\/ihedn.fr\\\/en\\\/author\\\/dev\\\/\"}]}<\/script>\n<!-- \/ Yoast SEO plugin. -->","yoast_head_json":{"title":"Franco-German strategic dialogue IHEDN BAKS: reduced virtual session - L'IHEDN : Institut des hautes \u00e9tudes de d\u00e9fense nationale","robots":{"index":"index","follow":"follow","max-snippet":"max-snippet:-1","max-image-preview":"max-image-preview:large","max-video-preview":"max-video-preview:-1"},"canonical":"https:\/\/ihedn.fr\/en\/actualites-des-sessions\/deai\/dialogue-strategique-franco-allemand-ihedn-baks-session-virtuelle-reduite\/","og_locale":"en_GB","og_type":"article","og_title":"Dialogue strat\u00e9gique franco-allemand IHEDN BAKS : session virtuelle r\u00e9duite - L&#039;IHEDN : Institut des hautes \u00e9tudes de d\u00e9fense nationale","og_description":"Une session r\u00e9duite du s\u00e9minaire bilat\u00e9ral de dialogue strat\u00e9gique, entre l\u2019IHEDN et la Bundesakademie fur Sicherheitspolitik (BAKS) allemande, s\u2019est d\u00e9roul\u00e9e le vendredi 25 dans un format virtuel via le logiciel de visioconf\u00e9rence WebEx. Compte tenu des restrictions sanitaires actuelles, le quatri\u00e8me dialogue strat\u00e9gique franco-allemand est report\u00e9 au premier semestre 2021, pour une \u00e9dition pr\u00e9sentiel de [&hellip;]","og_url":"https:\/\/ihedn.fr\/en\/actualites-des-sessions\/deai\/dialogue-strategique-franco-allemand-ihedn-baks-session-virtuelle-reduite\/","og_site_name":"L&#039;IHEDN : Institut des hautes \u00e9tudes de d\u00e9fense nationale","article_publisher":"https:\/\/www.facebook.com\/ihedn\/","article_published_time":"2020-09-25T11:00:51+00:00","article_modified_time":"2021-03-03T08:59:29+00:00","og_image":[{"width":1000,"height":750,"url":"https:\/\/ihedn.fr\/wp-content\/uploads\/2021\/09\/IHEDN-BAKS-00.jpg","type":"image\/jpeg"}],"author":"dev","twitter_card":"summary_large_image","twitter_creator":"@IHEDN","twitter_site":"@IHEDN","twitter_misc":{"Written by":"dev","Estimated reading time":"1 minute"},"schema":{"@context":"https:\/\/schema.org","@graph":[{"@type":"Article","@id":"https:\/\/ihedn.fr\/actualites-des-sessions\/deai\/dialogue-strategique-franco-allemand-ihedn-baks-session-virtuelle-reduite\/#article","isPartOf":{"@id":"https:\/\/ihedn.fr\/actualites-des-sessions\/deai\/dialogue-strategique-franco-allemand-ihedn-baks-session-virtuelle-reduite\/"},"author":{"name":"dev","@id":"https:\/\/ihedn.fr\/#\/schema\/person\/7a40155595e4efb35323447cb8c8c5a4"},"headline":"Dialogue strat\u00e9gique franco-allemand IHEDN BAKS : session virtuelle r\u00e9duite","datePublished":"2020-09-25T11:00:51+00:00","dateModified":"2021-03-03T08:59:29+00:00","mainEntityOfPage":{"@id":"https:\/\/ihedn.fr\/actualites-des-sessions\/deai\/dialogue-strategique-franco-allemand-ihedn-baks-session-virtuelle-reduite\/"},"wordCount":193,"publisher":{"@id":"https:\/\/ihedn.fr\/#organization"},"image":{"@id":"https:\/\/ihedn.fr\/actualites-des-sessions\/deai\/dialogue-strategique-franco-allemand-ihedn-baks-session-virtuelle-reduite\/#primaryimage"},"thumbnailUrl":"https:\/\/ihedn.fr\/wp-content\/uploads\/2021\/09\/IHEDN-BAKS-00.jpg","articleSection":["Uncategorized"],"inLanguage":"en-GB"},{"@type":"WebPage","@id":"https:\/\/ihedn.fr\/actualites-des-sessions\/deai\/dialogue-strategique-franco-allemand-ihedn-baks-session-virtuelle-reduite\/","url":"https:\/\/ihedn.fr\/actualites-des-sessions\/deai\/dialogue-strategique-franco-allemand-ihedn-baks-session-virtuelle-reduite\/","name":"Franco-German strategic dialogue IHEDN BAKS: reduced virtual session - L'IHEDN : Institut des hautes \u00e9tudes de d\u00e9fense nationale","isPartOf":{"@id":"https:\/\/ihedn.fr\/#website"},"primaryImageOfPage":{"@id":"https:\/\/ihedn.fr\/actualites-des-sessions\/deai\/dialogue-strategique-franco-allemand-ihedn-baks-session-virtuelle-reduite\/#primaryimage"},"image":{"@id":"https:\/\/ihedn.fr\/actualites-des-sessions\/deai\/dialogue-strategique-franco-allemand-ihedn-baks-session-virtuelle-reduite\/#primaryimage"},"thumbnailUrl":"https:\/\/ihedn.fr\/wp-content\/uploads\/2021\/09\/IHEDN-BAKS-00.jpg","datePublished":"2020-09-25T11:00:51+00:00","dateModified":"2021-03-03T08:59:29+00:00","breadcrumb":{"@id":"https:\/\/ihedn.fr\/actualites-des-sessions\/deai\/dialogue-strategique-franco-allemand-ihedn-baks-session-virtuelle-reduite\/#breadcrumb"},"inLanguage":"en-GB","potentialAction":[{"@type":"ReadAction","target":["https:\/\/ihedn.fr\/actualites-des-sessions\/deai\/dialogue-strategique-franco-allemand-ihedn-baks-session-virtuelle-reduite\/"]}]},{"@type":"ImageObject","inLanguage":"en-GB","@id":"https:\/\/ihedn.fr\/actualites-des-sessions\/deai\/dialogue-strategique-franco-allemand-ihedn-baks-session-virtuelle-reduite\/#primaryimage","url":"https:\/\/ihedn.fr\/wp-content\/uploads\/2021\/09\/IHEDN-BAKS-00.jpg","contentUrl":"https:\/\/ihedn.fr\/wp-content\/uploads\/2021\/09\/IHEDN-BAKS-00.jpg","width":1000,"height":750,"caption":"\u00a9IHEDN | Dialogue strat\u00e9gique franco-allemand IHEDN BAKS"},{"@type":"BreadcrumbList","@id":"https:\/\/ihedn.fr\/actualites-des-sessions\/deai\/dialogue-strategique-franco-allemand-ihedn-baks-session-virtuelle-reduite\/#breadcrumb","itemListElement":[{"@type":"ListItem","position":1,"name":"Accueil","item":"https:\/\/ihedn.fr\/"},{"@type":"ListItem","position":2,"name":"Dialogue strat\u00e9gique franco-allemand IHEDN BAKS : session virtuelle r\u00e9duite"}]},{"@type":"WebSite","@id":"https:\/\/ihedn.fr\/#website","url":"https:\/\/ihedn.fr\/","name":"IHEDN: Institut des hautes \u00e9tudes de d\u00e9fense nationale (Institute for Higher National Defence Studies)","description":"Official website of the IHEDN under the supervision of the Prime Minister.","publisher":{"@id":"https:\/\/ihedn.fr\/#organization"},"potentialAction":[{"@type":"SearchAction","target":{"@type":"EntryPoint","urlTemplate":"https:\/\/ihedn.fr\/?s={search_term_string}"},"query-input":{"@type":"PropertyValueSpecification","valueRequired":true,"valueName":"search_term_string"}}],"inLanguage":"en-GB"},{"@type":"Organization","@id":"https:\/\/ihedn.fr\/#organization","name":"IHEDN - Institute for Higher National Defence Studies","url":"https:\/\/ihedn.fr\/","logo":{"@type":"ImageObject","inLanguage":"en-GB","@id":"https:\/\/ihedn.fr\/#\/schema\/logo\/image\/","url":"https:\/\/ihedn.fr\/wp-content\/uploads\/2020\/11\/BLOC_RF_IHEDN_WEB.png","contentUrl":"https:\/\/ihedn.fr\/wp-content\/uploads\/2020\/11\/BLOC_RF_IHEDN_WEB.png","width":500,"height":237,"caption":"IHEDN - Institut des Hautes Etudes de D\u00e9fense Nationale"},"image":{"@id":"https:\/\/ihedn.fr\/#\/schema\/logo\/image\/"},"sameAs":["https:\/\/www.facebook.com\/ihedn\/","https:\/\/x.com\/IHEDN","https:\/\/www.instagram.com\/ihedn\/","https:\/\/www.linkedin.com\/school\/ihedn\/","https:\/\/fr.wikipedia.org\/wiki\/Institut_des_hautes_\u00e9tudes_de_D\u00e9fense_nationale"]},{"@type":"Person","@id":"https:\/\/ihedn.fr\/#\/schema\/person\/7a40155595e4efb35323447cb8c8c5a4","name":"dev","image":{"@type":"ImageObject","inLanguage":"en-GB","@id":"https:\/\/secure.gravatar.com\/avatar\/f1ffcac9ca2fa95ad3ec33e9be3ade82f752acb0cabe541e56c5889225afa88a?s=96&d=mm&r=g","url":"https:\/\/secure.gravatar.com\/avatar\/f1ffcac9ca2fa95ad3ec33e9be3ade82f752acb0cabe541e56c5889225afa88a?s=96&d=mm&r=g","contentUrl":"https:\/\/secure.gravatar.com\/avatar\/f1ffcac9ca2fa95ad3ec33e9be3ade82f752acb0cabe541e56c5889225afa88a?s=96&d=mm&r=g","caption":"dev"},"sameAs":["https:\/\/ihedn.concilium.click"],"url":"https:\/\/ihedn.fr\/en\/author\/dev\/"}]}},"publishpress_future_action":{"enabled":false,"date":"2026-05-08 03:24:34","action":"change-status","newStatus":"draft","terms":[],"taxonomy":"category","extraData":[]},"publishpress_future_workflow_manual_trigger":{"enabledWorkflows":[]},"_links":{"self":[{"href":"https:\/\/ihedn.fr\/en\/wp-json\/wp\/v2\/posts\/6684","targetHints":{"allow":["GET"]}}],"collection":[{"href":"https:\/\/ihedn.fr\/en\/wp-json\/wp\/v2\/posts"}],"about":[{"href":"https:\/\/ihedn.fr\/en\/wp-json\/wp\/v2\/types\/post"}],"author":[{"embeddable":true,"href":"https:\/\/ihedn.fr\/en\/wp-json\/wp\/v2\/users\/1"}],"replies":[{"embeddable":true,"href":"https:\/\/ihedn.fr\/en\/wp-json\/wp\/v2\/comments?post=6684"}],"version-history":[{"count":5,"href":"https:\/\/ihedn.fr\/en\/wp-json\/wp\/v2\/posts\/6684\/revisions"}],"predecessor-version":[{"id":6690,"href":"https:\/\/ihedn.fr\/en\/wp-json\/wp\/v2\/posts\/6684\/revisions\/6690"}],"wp:featuredmedia":[{"embeddable":true,"href":"https:\/\/ihedn.fr\/en\/wp-json\/wp\/v2\/media\/6687"}],"wp:attachment":[{"href":"https:\/\/ihedn.fr\/en\/wp-json\/wp\/v2\/media?parent=6684"}],"wp:term":[{"taxonomy":"category","embeddable":true,"href":"https:\/\/ihedn.fr\/en\/wp-json\/wp\/v2\/categories?post=6684"},{"taxonomy":"post_tag","embeddable":true,"href":"https:\/\/ihedn.fr\/en\/wp-json\/wp\/v2\/tags?post=6684"}],"curies":[{"name":"wp","href":"https:\/\/api.w.org\/{rel}","templated":true}]}}