{"id":7552,"date":"2021-02-06T11:52:37","date_gmt":"2021-02-06T10:52:37","guid":{"rendered":"https:\/\/ihedn.concilium.click\/?p=7552"},"modified":"2022-11-25T15:23:04","modified_gmt":"2022-11-25T14:23:04","slug":"cap-virtuel-au-sud-pour-les-auditeurs-de-la-6e-session-nationale-enjeux-et-strategies-maritimes-de-lihedn","status":"publish","type":"post","link":"https:\/\/ihedn.fr\/en\/notre-actualite\/cap-virtuel-au-sud-pour-les-auditeurs-de-la-6e-session-nationale-enjeux-et-strategies-maritimes-de-lihedn\/","title":{"rendered":"The 6th national session of IHEDN's \"Maritime Challenges and Strategies\" virtually heads south"},"content":{"rendered":"<div data-elementor-type=\"wp-post\" data-elementor-id=\"7552\" class=\"elementor elementor-7552\" data-elementor-post-type=\"post\">\n\t\t\t\t\t\t<section data-particle_enable=\"false\" data-particle-mobile-disabled=\"false\" class=\"elementor-section elementor-top-section elementor-element elementor-element-006e3ec elementor-section-boxed elementor-section-height-default elementor-section-height-default\" data-id=\"006e3ec\" data-element_type=\"section\" data-e-type=\"section\">\n\t\t\t\t\t\t<div class=\"elementor-container elementor-column-gap-default\">\n\t\t\t\t\t<div class=\"elementor-column elementor-col-100 elementor-top-column elementor-element elementor-element-b3e26a9\" data-id=\"b3e26a9\" data-element_type=\"column\" data-e-type=\"column\">\n\t\t\t<div class=\"elementor-widget-wrap elementor-element-populated\">\n\t\t\t\t\t\t<div class=\"elementor-element elementor-element-ce52fa1 elementor-widget elementor-widget-text-editor\" data-id=\"ce52fa1\" data-element_type=\"widget\" data-e-type=\"widget\" data-widget_type=\"text-editor.default\">\n\t\t\t\t<div class=\"elementor-widget-container\">\n\t\t\t\t\t\t\t\t\t<p>Maritime transport and routes, innovation and naval technologies, submarine cables, digital data management, yachting - these are the major themes of the maritime economy that should have taken the participants in the 6th national session on \"Maritime Issues and Strategies\" (ESM) at the IHEDN to Marseilles and Toulon for a two-day seminar. However, because of the COVID 19 pandemic, they found themselves confined to the Ecole Militaire during an alternative stopover in Paris, where their ship flew the yellow flag in strict compliance with health protection measures.<\/p>\t\t\t\t\t\t\t\t<\/div>\n\t\t\t\t<\/div>\n\t\t\t\t\t<\/div>\n\t\t<\/div>\n\t\t\t\t\t<\/div>\n\t\t<\/section>\n\t\t\t\t<section data-particle_enable=\"false\" data-particle-mobile-disabled=\"false\" class=\"elementor-section elementor-top-section elementor-element elementor-element-018e572 elementor-section-boxed elementor-section-height-default elementor-section-height-default\" data-id=\"018e572\" data-element_type=\"section\" data-e-type=\"section\">\n\t\t\t\t\t\t<div class=\"elementor-container elementor-column-gap-default\">\n\t\t\t\t\t<div class=\"elementor-column elementor-col-100 elementor-top-column elementor-element elementor-element-4df7d75\" data-id=\"4df7d75\" data-element_type=\"column\" data-e-type=\"column\">\n\t\t\t<div class=\"elementor-widget-wrap elementor-element-populated\">\n\t\t\t\t\t\t<div class=\"elementor-element elementor-element-b746a0f elementor-widget elementor-widget-image\" data-id=\"b746a0f\" data-element_type=\"widget\" data-e-type=\"widget\" data-widget_type=\"image.default\">\n\t\t\t\t<div class=\"elementor-widget-container\">\n\t\t\t\t\t\t\t\t\t\t\t\t<figure class=\"wp-caption\">\n\t\t\t\t\t\t\t\t\t\t<img fetchpriority=\"high\" decoding=\"async\" width=\"1008\" height=\"756\" src=\"https:\/\/ihedn.fr\/wp-content\/uploads\/2021\/02\/IHEDN-_-6e-ESM-seminaire-Toulon-Marseille_02.jpg\" class=\"attachment-full size-full wp-image-7547\" alt=\"\u00a9 IHEDN | 6e ESM au s\u00e9minaire Toulon-Marseille : avec Aurore Neuschwander, directrice de la strat\u00e9gie de Naval Group\" \/>\t\t\t\t\t\t\t\t\t\t\t<figcaption class=\"widget-image-caption wp-caption-text\">IHEDN | 6th ESM at the Toulon-Marseille seminar: with Aurore Neuschwander, Director of Strategy at Naval Group<\/figcaption>\n\t\t\t\t\t\t\t\t\t\t<\/figure>\n\t\t\t\t\t\t\t\t\t<\/div>\n\t\t\t\t<\/div>\n\t\t\t\t\t<\/div>\n\t\t<\/div>\n\t\t\t\t\t<\/div>\n\t\t<\/section>\n\t\t\t\t<section data-particle_enable=\"false\" data-particle-mobile-disabled=\"false\" class=\"elementor-section elementor-top-section elementor-element elementor-element-7254844 elementor-section-boxed elementor-section-height-default elementor-section-height-default\" data-id=\"7254844\" data-element_type=\"section\" data-e-type=\"section\">\n\t\t\t\t\t\t<div class=\"elementor-container elementor-column-gap-default\">\n\t\t\t\t\t<div class=\"elementor-column elementor-col-100 elementor-top-column elementor-element elementor-element-8ba195f\" data-id=\"8ba195f\" data-element_type=\"column\" data-e-type=\"column\">\n\t\t\t<div class=\"elementor-widget-wrap elementor-element-populated\">\n\t\t\t\t\t\t<div class=\"elementor-element elementor-element-9dd546f elementor-widget elementor-widget-text-editor\" data-id=\"9dd546f\" data-element_type=\"widget\" data-e-type=\"widget\" data-widget_type=\"text-editor.default\">\n\t\t\t\t<div class=\"elementor-widget-container\">\n\t\t\t\t\t\t\t\t\t<p>On the morning of Friday 5 February, listeners had the opportunity to debate with Aurore Neuschwander, Director of Strategy at Naval Group, Nicolas Ciaravola, Director of R&amp;D and Experimentation at Naval Group and Emmanuel Chiva, Director of the Defence Innovation Agency. The auditors were given an insight into this group of players, which is at the heart of France's sovereignty activities, while at the same time facing stiff international competition. They also saw for themselves the extent to which innovation in research and technology is the key to business competitiveness, the foundation of the French Navy's efficiency and the guarantee of France's strategic autonomy.\u00a0<\/p>\t\t\t\t\t\t\t\t<\/div>\n\t\t\t\t<\/div>\n\t\t\t\t<div class=\"elementor-element elementor-element-6e1d317 elementor-widget elementor-widget-image\" data-id=\"6e1d317\" data-element_type=\"widget\" data-e-type=\"widget\" data-widget_type=\"image.default\">\n\t\t\t\t<div class=\"elementor-widget-container\">\n\t\t\t\t\t\t\t\t\t\t\t\t<figure class=\"wp-caption\">\n\t\t\t\t\t\t\t\t\t\t<img decoding=\"async\" width=\"1008\" height=\"756\" src=\"https:\/\/ihedn.fr\/wp-content\/uploads\/2021\/02\/IHEDN-_-6e-ESM-seminaire-Toulon-Marseille_03.jpg\" class=\"attachment-full size-full wp-image-7548\" alt=\"\u00a9 IHEDN | 6e ESM au s\u00e9minaire Toulon-Marseille : table ronde r\u00e9unissant Emmanuel Chiva, directeur de l\u2019agence d\u2019innovation de la d\u00e9fense (AID) et Nicolas Ciaravola, directeur des axes f\u00e9d\u00e9rateurs R&amp;D et des exp\u00e9rimentations de Naval Group\" \/>\t\t\t\t\t\t\t\t\t\t\t<figcaption class=\"widget-image-caption wp-caption-text\">IHEDN | 6th ESM at the Toulon-Marseille seminar: round table with Emmanuel Chiva, Director of the Defence Innovation Agency (AID) and Nicolas Ciaravola, Director of R&amp;D and Experimentation at Naval Group<\/figcaption>\n\t\t\t\t\t\t\t\t\t\t<\/figure>\n\t\t\t\t\t\t\t\t\t<\/div>\n\t\t\t\t<\/div>\n\t\t\t\t\t<\/div>\n\t\t<\/div>\n\t\t\t\t\t<\/div>\n\t\t<\/section>\n\t\t\t\t<section data-particle_enable=\"false\" data-particle-mobile-disabled=\"false\" class=\"elementor-section elementor-top-section elementor-element elementor-element-9f922eb elementor-section-boxed elementor-section-height-default elementor-section-height-default\" data-id=\"9f922eb\" data-element_type=\"section\" data-e-type=\"section\">\n\t\t\t\t\t\t<div class=\"elementor-container elementor-column-gap-default\">\n\t\t\t\t\t<div class=\"elementor-column elementor-col-100 elementor-top-column elementor-element elementor-element-7a0f8bf\" data-id=\"7a0f8bf\" data-element_type=\"column\" data-e-type=\"column\">\n\t\t\t<div class=\"elementor-widget-wrap elementor-element-populated\">\n\t\t\t\t\t\t<div class=\"elementor-element elementor-element-8cbd5c6 elementor-widget elementor-widget-text-editor\" data-id=\"8cbd5c6\" data-element_type=\"widget\" data-e-type=\"widget\" data-widget_type=\"text-editor.default\">\n\t\t\t\t<div class=\"elementor-widget-container\">\n\t\t\t\t\t\t\t\t\t<p>In the early afternoon, Philippe LOUIS-DREYFUS, Chairman of the Supervisory Board of Louis Dreyfus Armateur (LDA), presented the major challenges of the maritime economy for France's sovereignty. Discussions with the audience clearly highlighted the need for a long-term vision, the social role of the company and the importance of solidarity, on which the prosperity of our societies depends.<\/p>\t\t\t\t\t\t\t\t<\/div>\n\t\t\t\t<\/div>\n\t\t\t\t\t<\/div>\n\t\t<\/div>\n\t\t\t\t\t<\/div>\n\t\t<\/section>\n\t\t\t\t<section data-particle_enable=\"false\" data-particle-mobile-disabled=\"false\" class=\"elementor-section elementor-top-section elementor-element elementor-element-1eaa4b6 elementor-section-boxed elementor-section-height-default elementor-section-height-default\" data-id=\"1eaa4b6\" data-element_type=\"section\" data-e-type=\"section\">\n\t\t\t\t\t\t<div class=\"elementor-container elementor-column-gap-default\">\n\t\t\t\t\t<div class=\"elementor-column elementor-col-100 elementor-top-column elementor-element elementor-element-0347f05\" data-id=\"0347f05\" data-element_type=\"column\" data-e-type=\"column\">\n\t\t\t<div class=\"elementor-widget-wrap elementor-element-populated\">\n\t\t\t\t\t\t<div class=\"elementor-element elementor-element-215189e elementor-widget elementor-widget-image\" data-id=\"215189e\" data-element_type=\"widget\" data-e-type=\"widget\" data-widget_type=\"image.default\">\n\t\t\t\t<div class=\"elementor-widget-container\">\n\t\t\t\t\t\t\t\t\t\t\t\t<figure class=\"wp-caption\">\n\t\t\t\t\t\t\t\t\t\t<img decoding=\"async\" width=\"1008\" height=\"756\" src=\"https:\/\/ihedn.fr\/wp-content\/uploads\/2021\/02\/IHEDN-_-6e-ESM-seminaire-Toulon-Marseille_04.jpg\" class=\"attachment-full size-full wp-image-7549\" alt=\"\u00a9 IHEDN | 6e ESM au s\u00e9minaire Toulon-Marseille : Philippe Louis-Dreyfus, pr\u00e9sident du conseil de surveillance de Louis-Dreyfus Armateur, s\u2019adressant aux auditeurs\" \/>\t\t\t\t\t\t\t\t\t\t\t<figcaption class=\"widget-image-caption wp-caption-text\">IHEDN | 6th ESM at the Toulon-Marseille seminar: Philippe Louis-Dreyfus, Chairman of the Supervisory Board of Louis-Dreyfus Armateur, addresses the audience<\/figcaption>\n\t\t\t\t\t\t\t\t\t\t<\/figure>\n\t\t\t\t\t\t\t\t\t<\/div>\n\t\t\t\t<\/div>\n\t\t\t\t\t<\/div>\n\t\t<\/div>\n\t\t\t\t\t<\/div>\n\t\t<\/section>\n\t\t\t\t<section data-particle_enable=\"false\" data-particle-mobile-disabled=\"false\" class=\"elementor-section elementor-top-section elementor-element elementor-element-34a89e9 elementor-section-boxed elementor-section-height-default elementor-section-height-default\" data-id=\"34a89e9\" data-element_type=\"section\" data-e-type=\"section\">\n\t\t\t\t\t\t<div class=\"elementor-container elementor-column-gap-default\">\n\t\t\t\t\t<div class=\"elementor-column elementor-col-100 elementor-top-column elementor-element elementor-element-64f6ed8\" data-id=\"64f6ed8\" data-element_type=\"column\" data-e-type=\"column\">\n\t\t\t<div class=\"elementor-widget-wrap elementor-element-populated\">\n\t\t\t\t\t\t<div class=\"elementor-element elementor-element-5f85b08 elementor-widget elementor-widget-text-editor\" data-id=\"5f85b08\" data-element_type=\"widget\" data-e-type=\"widget\" data-widget_type=\"text-editor.default\">\n\t\t\t\t<div class=\"elementor-widget-container\">\n\t\t\t\t\t\t\t\t\t<p>At the end of the day, Martin Motte, Senior Lecturer and Director of Studies at the Ecole Pratique des Hautes Etudes, analysed with the audience the historical fundamentals of maritime power and showed its inseparable link with the notion of sovereignty, how closely the history of navies was linked to that of merchant navies and the multiplier role of the maritime economy in the development and resilience of societies.<\/p>\t\t\t\t\t\t\t\t<\/div>\n\t\t\t\t<\/div>\n\t\t\t\t\t<\/div>\n\t\t<\/div>\n\t\t\t\t\t<\/div>\n\t\t<\/section>\n\t\t\t\t<section data-particle_enable=\"false\" data-particle-mobile-disabled=\"false\" class=\"elementor-section elementor-top-section elementor-element elementor-element-23d1df8 elementor-section-boxed elementor-section-height-default elementor-section-height-default\" data-id=\"23d1df8\" data-element_type=\"section\" data-e-type=\"section\">\n\t\t\t\t\t\t<div class=\"elementor-container elementor-column-gap-default\">\n\t\t\t\t\t<div class=\"elementor-column elementor-col-100 elementor-top-column elementor-element elementor-element-a78c297\" data-id=\"a78c297\" data-element_type=\"column\" data-e-type=\"column\">\n\t\t\t<div class=\"elementor-widget-wrap elementor-element-populated\">\n\t\t\t\t\t\t<div class=\"elementor-element elementor-element-69f1e15 elementor-widget elementor-widget-image\" data-id=\"69f1e15\" data-element_type=\"widget\" data-e-type=\"widget\" data-widget_type=\"image.default\">\n\t\t\t\t<div class=\"elementor-widget-container\">\n\t\t\t\t\t\t\t\t\t\t\t\t<figure class=\"wp-caption\">\n\t\t\t\t\t\t\t\t\t\t<img loading=\"lazy\" decoding=\"async\" width=\"1008\" height=\"728\" src=\"https:\/\/ihedn.fr\/wp-content\/uploads\/2021\/02\/IHEDN-_-6e-ESM-seminaire-Toulon-Marseille_05.jpg\" class=\"attachment-full size-full wp-image-7550\" alt=\"\u00a9 IHEDN | 6e ESM au s\u00e9minaire Toulon-Marseille : Martin Motte, ma\u00eetre de conf\u00e9rences, directeur d\u2019\u00e9tudes \u00e0 l\u2019Ecole pratique des hautes \u00e9tudes, expliquant le lien \u00e9troit entre la puissance maritime et la souverainet\u00e9\" \/>\t\t\t\t\t\t\t\t\t\t\t<figcaption class=\"widget-image-caption wp-caption-text\">IHEDN | 6th ESM at the Toulon-Marseille seminar: Martin Motte, Senior Lecturer and Director of Studies at the \u00c9cole Pratique des Hautes \u00c9tudes, explains the close link between maritime power and sovereignty.<\/figcaption>\n\t\t\t\t\t\t\t\t\t\t<\/figure>\n\t\t\t\t\t\t\t\t\t<\/div>\n\t\t\t\t<\/div>\n\t\t\t\t\t<\/div>\n\t\t<\/div>\n\t\t\t\t\t<\/div>\n\t\t<\/section>\n\t\t\t\t<section data-particle_enable=\"false\" data-particle-mobile-disabled=\"false\" class=\"elementor-section elementor-top-section elementor-element elementor-element-c2565ee elementor-section-boxed elementor-section-height-default elementor-section-height-default\" data-id=\"c2565ee\" data-element_type=\"section\" data-e-type=\"section\">\n\t\t\t\t\t\t<div class=\"elementor-container elementor-column-gap-default\">\n\t\t\t\t\t<div class=\"elementor-column elementor-col-100 elementor-top-column elementor-element elementor-element-071c54e\" data-id=\"071c54e\" data-element_type=\"column\" data-e-type=\"column\">\n\t\t\t<div class=\"elementor-widget-wrap elementor-element-populated\">\n\t\t\t\t\t\t<div class=\"elementor-element elementor-element-cda0464 elementor-widget elementor-widget-text-editor\" data-id=\"cda0464\" data-element_type=\"widget\" data-e-type=\"widget\" data-widget_type=\"text-editor.default\">\n\t\t\t\t<div class=\"elementor-widget-container\">\n\t\t\t\t\t\t\t\t\t<p>After a particularly busy day the previous day, the auditors met again on Saturday 6 February morning to present Professor Olivier Schmitt, Head of the IHEDN Studies and Research Department, with the progress of their work in committee. The presentations highlighted the important work carried out on the study theme of \"sovereignty\", which was assigned to the auditors by the Prime Minister, and which has been broken down into three subjects in the maritime field: cognitive capabilities, economic control, and the ability to intervene on the international stage, particularly in the diplomatic and military spheres, to preserve the oceans, a common asset of humanity, and maintain France's freedom of action there.<\/p>\t\t\t\t\t\t\t\t<\/div>\n\t\t\t\t<\/div>\n\t\t\t\t\t<\/div>\n\t\t<\/div>\n\t\t\t\t\t<\/div>\n\t\t<\/section>\n\t\t\t\t<section data-particle_enable=\"false\" data-particle-mobile-disabled=\"false\" class=\"elementor-section elementor-top-section elementor-element elementor-element-f991e57 elementor-section-boxed elementor-section-height-default elementor-section-height-default\" data-id=\"f991e57\" data-element_type=\"section\" data-e-type=\"section\">\n\t\t\t\t\t\t<div class=\"elementor-container elementor-column-gap-default\">\n\t\t\t\t\t<div class=\"elementor-column elementor-col-100 elementor-top-column elementor-element elementor-element-ca833ab\" data-id=\"ca833ab\" data-element_type=\"column\" data-e-type=\"column\">\n\t\t\t<div class=\"elementor-widget-wrap elementor-element-populated\">\n\t\t\t\t\t\t<div class=\"elementor-element elementor-element-abc8d69 elementor-widget elementor-widget-text-editor\" data-id=\"abc8d69\" data-element_type=\"widget\" data-e-type=\"widget\" data-widget_type=\"text-editor.default\">\n\t\t\t\t<div class=\"elementor-widget-container\">\n\t\t\t\t\t\t\t\t\t<p>The end of the morning was devoted to a round-table discussion on \"Sovereignty issues linked to submarine cables and data centres\" with Jean-Luc VUILLEMIN, Executive Vice-President International Networks at Orange; Didier DILLARD, CEO Orange Marine and Fabrice COQUIO, CEO Interxion, all three of whom had attended a previous session on \"Maritime issues and strategies\". Participants were able to discover these information superhighways - of often little-known strategic importance - which concentrate more than 99 % of the world's Internet communications. They were also able to appreciate the equally strategic role of data centres such as the MRS3 recently installed by Interxion in Marseille in the former submarine base built by the Germans during the Second World War. These veritable digital hubs are at the heart of the world of information, which now governs the lives of every citizen in the world.<\/p>\t\t\t\t\t\t\t\t<\/div>\n\t\t\t\t<\/div>\n\t\t\t\t\t<\/div>\n\t\t<\/div>\n\t\t\t\t\t<\/div>\n\t\t<\/section>\n\t\t\t\t<section data-particle_enable=\"false\" data-particle-mobile-disabled=\"false\" class=\"elementor-section elementor-top-section elementor-element elementor-element-6311a8b elementor-section-boxed elementor-section-height-default elementor-section-height-default\" data-id=\"6311a8b\" data-element_type=\"section\" data-e-type=\"section\">\n\t\t\t\t\t\t<div class=\"elementor-container elementor-column-gap-default\">\n\t\t\t\t\t<div class=\"elementor-column elementor-col-100 elementor-top-column elementor-element elementor-element-93252ae\" data-id=\"93252ae\" data-element_type=\"column\" data-e-type=\"column\">\n\t\t\t<div class=\"elementor-widget-wrap elementor-element-populated\">\n\t\t\t\t\t\t<div class=\"elementor-element elementor-element-362d617 elementor-widget elementor-widget-image\" data-id=\"362d617\" data-element_type=\"widget\" data-e-type=\"widget\" data-widget_type=\"image.default\">\n\t\t\t\t<div class=\"elementor-widget-container\">\n\t\t\t\t\t\t\t\t\t\t\t\t<figure class=\"wp-caption\">\n\t\t\t\t\t\t\t\t\t\t<img loading=\"lazy\" decoding=\"async\" width=\"892\" height=\"622\" src=\"https:\/\/ihedn.fr\/wp-content\/uploads\/2021\/02\/IHEDN-_-6e-ESM-seminaire-Toulon-Marseille_06.jpg\" class=\"attachment-full size-full wp-image-7551\" alt=\"\u00a9 IHEDN | 6e ESM au s\u00e9minaire Toulon-Marseille : table ronde avec Jean-Luc Vuillemin, Executive Vice Pr\u00e9sident International Networks d\u2019Orange, Didier Dillard, PDG Orange Marine et Fabrice Coquio, PDG d\u2019Interxion\" \/>\t\t\t\t\t\t\t\t\t\t\t<figcaption class=\"widget-image-caption wp-caption-text\">IHEDN | 6th ESM at the Toulon-Marseille seminar: round table with Jean-Luc Vuillemin, Executive Vice President International Networks of Orange, Didier Dillard, CEO Orange Marine and Fabrice Coquio, CEO Interxion<\/figcaption>\n\t\t\t\t\t\t\t\t\t\t<\/figure>\n\t\t\t\t\t\t\t\t\t<\/div>\n\t\t\t\t<\/div>\n\t\t\t\t\t<\/div>\n\t\t<\/div>\n\t\t\t\t\t<\/div>\n\t\t<\/section>\n\t\t\t\t<section data-particle_enable=\"false\" data-particle-mobile-disabled=\"false\" class=\"elementor-section elementor-top-section elementor-element elementor-element-73c4c0f elementor-section-boxed elementor-section-height-default elementor-section-height-default\" data-id=\"73c4c0f\" data-element_type=\"section\" data-e-type=\"section\">\n\t\t\t\t\t\t<div class=\"elementor-container elementor-column-gap-default\">\n\t\t\t\t\t<div class=\"elementor-column elementor-col-100 elementor-top-column elementor-element elementor-element-62ce68e\" data-id=\"62ce68e\" data-element_type=\"column\" data-e-type=\"column\">\n\t\t\t<div class=\"elementor-widget-wrap elementor-element-populated\">\n\t\t\t\t\t\t<div class=\"elementor-element elementor-element-6befa68 elementor-widget elementor-widget-text-editor\" data-id=\"6befa68\" data-element_type=\"widget\" data-e-type=\"widget\" data-widget_type=\"text-editor.default\">\n\t\t\t\t<div class=\"elementor-widget-container\">\n\t\t\t\t\t\t\t\t\t<p>Finally, on Saturday afternoon, the auditors were able to return to their committee work, to take into account the observations made in the morning and to start preparing the prospective scenarios that would enable them to identify the political objectives to be pursued, and the strategies that could be implemented to achieve them. The day ended with the regret of saying goodbye after two days that had gone by too quickly, but also with the prospect of getting together again as soon as health conditions permit.<\/p>\t\t\t\t\t\t\t\t<\/div>\n\t\t\t\t<\/div>\n\t\t\t\t\t<\/div>\n\t\t<\/div>\n\t\t\t\t\t<\/div>\n\t\t<\/section>\n\t\t\t\t<section data-particle_enable=\"false\" data-particle-mobile-disabled=\"false\" class=\"elementor-section elementor-top-section elementor-element elementor-element-149b698 elementor-section-boxed elementor-section-height-default elementor-section-height-default\" data-id=\"149b698\" data-element_type=\"section\" data-e-type=\"section\">\n\t\t\t\t\t\t<div class=\"elementor-container elementor-column-gap-default\">\n\t\t\t\t\t<div class=\"elementor-column elementor-col-100 elementor-top-column elementor-element elementor-element-357986b\" data-id=\"357986b\" data-element_type=\"column\" data-e-type=\"column\">\n\t\t\t<div class=\"elementor-widget-wrap elementor-element-populated\">\n\t\t\t\t\t\t<div class=\"elementor-element elementor-element-1eb7a5b elementor-widget elementor-widget-image\" data-id=\"1eb7a5b\" data-element_type=\"widget\" data-e-type=\"widget\" data-widget_type=\"image.default\">\n\t\t\t\t<div class=\"elementor-widget-container\">\n\t\t\t\t\t\t\t\t\t\t\t\t<figure class=\"wp-caption\">\n\t\t\t\t\t\t\t\t\t\t<img loading=\"lazy\" decoding=\"async\" width=\"746\" height=\"915\" src=\"https:\/\/ihedn.fr\/wp-content\/uploads\/2021\/02\/IHEDN-_-6e-ESM-seminaire-Toulon-Marseille_07.jpg\" class=\"attachment-full size-full wp-image-7546\" alt=\"\u00a9 IHEDN | 6e ESM au s\u00e9minaire Toulon-Marseille : Jean-Luc Vuillemin s\u2019adressant aux auditeurs\" \/>\t\t\t\t\t\t\t\t\t\t\t<figcaption class=\"widget-image-caption wp-caption-text\">IHEDN | 6th ESM at the Toulon-Marseille seminar: Jean-Luc Vuillemin addressing the audience<\/figcaption>\n\t\t\t\t\t\t\t\t\t\t<\/figure>\n\t\t\t\t\t\t\t\t\t<\/div>\n\t\t\t\t<\/div>\n\t\t\t\t\t<\/div>\n\t\t<\/div>\n\t\t\t\t\t<\/div>\n\t\t<\/section>\n\t\t\t\t<\/div>","protected":false},"excerpt":{"rendered":"<p>Transports et routes maritimes, innovation et technologies navales, c\u00e2bles sous-marin, gestion des donn\u00e9es num\u00e9riques, grande plaisance, tels sont les grands th\u00e8mes de l\u2019\u00e9conomie maritime qui auraient d\u00fb conduire les auditeurs de la 6e session nationale \u00ab\u00a0Enjeux et strat\u00e9gies maritimes\u00a0\u00bb (ESM) de l\u2019IHEDN \u00e0 Marseille et \u00e0 Toulon pour un s\u00e9minaire de deux jours. Toutefois, en [&hellip;]<\/p>\n","protected":false},"author":1,"featured_media":7545,"comment_status":"closed","ping_status":"closed","sticky":false,"template":"","format":"standard","meta":{"footnotes":""},"categories":[172],"tags":[],"class_list":["post-7552","post","type-post","status-publish","format-standard","has-post-thumbnail","hentry","category-notre-actualite"],"yoast_head":"<!-- This site is optimized with the Yoast SEO plugin v27.5 - https:\/\/yoast.com\/product\/yoast-seo-wordpress\/ -->\n<title>Cap virtuel au sud pour les auditeurs de la 6e session nationale \u00ab Enjeux et strat\u00e9gies maritimes \u00bb de l\u2019IHEDN - L&#039;IHEDN : Institut des hautes \u00e9tudes de d\u00e9fense nationale<\/title>\n<meta name=\"robots\" content=\"index, follow, max-snippet:-1, max-image-preview:large, max-video-preview:-1\" \/>\n<link rel=\"canonical\" href=\"https:\/\/ihedn.fr\/en\/actualites-des-sessions\/cap-virtuel-au-sud-pour-les-auditeurs-de-la-6e-session-nationale-enjeux-et-strategies-maritimes-de-lihedn\/\" \/>\n<meta property=\"og:locale\" content=\"en_GB\" \/>\n<meta property=\"og:type\" content=\"article\" \/>\n<meta property=\"og:title\" content=\"Cap virtuel au sud pour les auditeurs de la 6e session nationale \u00ab Enjeux et strat\u00e9gies maritimes \u00bb de l\u2019IHEDN - L&#039;IHEDN : Institut des hautes \u00e9tudes de d\u00e9fense nationale\" \/>\n<meta property=\"og:description\" content=\"Transports et routes maritimes, innovation et technologies navales, c\u00e2bles sous-marin, gestion des donn\u00e9es num\u00e9riques, grande plaisance, tels sont les grands th\u00e8mes de l\u2019\u00e9conomie maritime qui auraient d\u00fb conduire les auditeurs de la 6e session nationale \u00ab\u00a0Enjeux et strat\u00e9gies maritimes\u00a0\u00bb (ESM) de l\u2019IHEDN \u00e0 Marseille et \u00e0 Toulon pour un s\u00e9minaire de deux jours. Toutefois, en [&hellip;]\" \/>\n<meta property=\"og:url\" content=\"https:\/\/ihedn.fr\/en\/actualites-des-sessions\/cap-virtuel-au-sud-pour-les-auditeurs-de-la-6e-session-nationale-enjeux-et-strategies-maritimes-de-lihedn\/\" \/>\n<meta property=\"og:site_name\" content=\"L&#039;IHEDN : Institut des hautes \u00e9tudes de d\u00e9fense nationale\" \/>\n<meta property=\"article:publisher\" content=\"https:\/\/www.facebook.com\/ihedn\/\" \/>\n<meta property=\"article:published_time\" content=\"2021-02-06T10:52:37+00:00\" \/>\n<meta property=\"article:modified_time\" content=\"2022-11-25T14:23:04+00:00\" \/>\n<meta property=\"og:image\" content=\"https:\/\/ihedn.fr\/wp-content\/uploads\/2021\/02\/IHEDN-_-6e-ESM-seminaire-Toulon-Marseille_01.jpg\" \/>\n\t<meta property=\"og:image:width\" content=\"734\" \/>\n\t<meta property=\"og:image:height\" content=\"550\" \/>\n\t<meta property=\"og:image:type\" content=\"image\/jpeg\" \/>\n<meta name=\"author\" content=\"dev\" \/>\n<meta name=\"twitter:card\" content=\"summary_large_image\" \/>\n<meta name=\"twitter:creator\" content=\"@IHEDN\" \/>\n<meta name=\"twitter:site\" content=\"@IHEDN\" \/>\n<meta name=\"twitter:label1\" content=\"Written by\" \/>\n\t<meta name=\"twitter:data1\" content=\"dev\" \/>\n\t<meta name=\"twitter:label2\" content=\"Estimated reading time\" \/>\n\t<meta name=\"twitter:data2\" content=\"5 minutes\" \/>\n<script type=\"application\/ld+json\" class=\"yoast-schema-graph\">{\"@context\":\"https:\\\/\\\/schema.org\",\"@graph\":[{\"@type\":\"Article\",\"@id\":\"https:\\\/\\\/ihedn.fr\\\/actualites-des-sessions\\\/cap-virtuel-au-sud-pour-les-auditeurs-de-la-6e-session-nationale-enjeux-et-strategies-maritimes-de-lihedn\\\/#article\",\"isPartOf\":{\"@id\":\"https:\\\/\\\/ihedn.fr\\\/actualites-des-sessions\\\/cap-virtuel-au-sud-pour-les-auditeurs-de-la-6e-session-nationale-enjeux-et-strategies-maritimes-de-lihedn\\\/\"},\"author\":{\"name\":\"dev\",\"@id\":\"https:\\\/\\\/ihedn.fr\\\/#\\\/schema\\\/person\\\/7a40155595e4efb35323447cb8c8c5a4\"},\"headline\":\"Cap virtuel au sud pour les auditeurs de la 6e session nationale \u00ab Enjeux et strat\u00e9gies maritimes \u00bb de l\u2019IHEDN\",\"datePublished\":\"2021-02-06T10:52:37+00:00\",\"dateModified\":\"2022-11-25T14:23:04+00:00\",\"mainEntityOfPage\":{\"@id\":\"https:\\\/\\\/ihedn.fr\\\/actualites-des-sessions\\\/cap-virtuel-au-sud-pour-les-auditeurs-de-la-6e-session-nationale-enjeux-et-strategies-maritimes-de-lihedn\\\/\"},\"wordCount\":980,\"publisher\":{\"@id\":\"https:\\\/\\\/ihedn.fr\\\/#organization\"},\"image\":{\"@id\":\"https:\\\/\\\/ihedn.fr\\\/actualites-des-sessions\\\/cap-virtuel-au-sud-pour-les-auditeurs-de-la-6e-session-nationale-enjeux-et-strategies-maritimes-de-lihedn\\\/#primaryimage\"},\"thumbnailUrl\":\"https:\\\/\\\/ihedn.fr\\\/wp-content\\\/uploads\\\/2021\\\/02\\\/IHEDN-_-6e-ESM-seminaire-Toulon-Marseille_01.jpg\",\"articleSection\":[\"Notre actualit\u00e9\"],\"inLanguage\":\"en-GB\"},{\"@type\":\"WebPage\",\"@id\":\"https:\\\/\\\/ihedn.fr\\\/actualites-des-sessions\\\/cap-virtuel-au-sud-pour-les-auditeurs-de-la-6e-session-nationale-enjeux-et-strategies-maritimes-de-lihedn\\\/\",\"url\":\"https:\\\/\\\/ihedn.fr\\\/actualites-des-sessions\\\/cap-virtuel-au-sud-pour-les-auditeurs-de-la-6e-session-nationale-enjeux-et-strategies-maritimes-de-lihedn\\\/\",\"name\":\"Cap virtuel au sud pour les auditeurs de la 6e session nationale \u00ab Enjeux et strat\u00e9gies maritimes \u00bb de l\u2019IHEDN - L&#039;IHEDN : Institut des hautes \u00e9tudes de d\u00e9fense nationale\",\"isPartOf\":{\"@id\":\"https:\\\/\\\/ihedn.fr\\\/#website\"},\"primaryImageOfPage\":{\"@id\":\"https:\\\/\\\/ihedn.fr\\\/actualites-des-sessions\\\/cap-virtuel-au-sud-pour-les-auditeurs-de-la-6e-session-nationale-enjeux-et-strategies-maritimes-de-lihedn\\\/#primaryimage\"},\"image\":{\"@id\":\"https:\\\/\\\/ihedn.fr\\\/actualites-des-sessions\\\/cap-virtuel-au-sud-pour-les-auditeurs-de-la-6e-session-nationale-enjeux-et-strategies-maritimes-de-lihedn\\\/#primaryimage\"},\"thumbnailUrl\":\"https:\\\/\\\/ihedn.fr\\\/wp-content\\\/uploads\\\/2021\\\/02\\\/IHEDN-_-6e-ESM-seminaire-Toulon-Marseille_01.jpg\",\"datePublished\":\"2021-02-06T10:52:37+00:00\",\"dateModified\":\"2022-11-25T14:23:04+00:00\",\"breadcrumb\":{\"@id\":\"https:\\\/\\\/ihedn.fr\\\/actualites-des-sessions\\\/cap-virtuel-au-sud-pour-les-auditeurs-de-la-6e-session-nationale-enjeux-et-strategies-maritimes-de-lihedn\\\/#breadcrumb\"},\"inLanguage\":\"en-GB\",\"potentialAction\":[{\"@type\":\"ReadAction\",\"target\":[\"https:\\\/\\\/ihedn.fr\\\/actualites-des-sessions\\\/cap-virtuel-au-sud-pour-les-auditeurs-de-la-6e-session-nationale-enjeux-et-strategies-maritimes-de-lihedn\\\/\"]}]},{\"@type\":\"ImageObject\",\"inLanguage\":\"en-GB\",\"@id\":\"https:\\\/\\\/ihedn.fr\\\/actualites-des-sessions\\\/cap-virtuel-au-sud-pour-les-auditeurs-de-la-6e-session-nationale-enjeux-et-strategies-maritimes-de-lihedn\\\/#primaryimage\",\"url\":\"https:\\\/\\\/ihedn.fr\\\/wp-content\\\/uploads\\\/2021\\\/02\\\/IHEDN-_-6e-ESM-seminaire-Toulon-Marseille_01.jpg\",\"contentUrl\":\"https:\\\/\\\/ihedn.fr\\\/wp-content\\\/uploads\\\/2021\\\/02\\\/IHEDN-_-6e-ESM-seminaire-Toulon-Marseille_01.jpg\",\"width\":734,\"height\":550,\"caption\":\"\u00a9 IHEDN | 6e ESM au s\u00e9minaire Toulon-Marseille : application stricte des mesures de protection sanitaire : prise de temp\u00e9rature en d\u00e9but de journ\u00e9e\"},{\"@type\":\"BreadcrumbList\",\"@id\":\"https:\\\/\\\/ihedn.fr\\\/actualites-des-sessions\\\/cap-virtuel-au-sud-pour-les-auditeurs-de-la-6e-session-nationale-enjeux-et-strategies-maritimes-de-lihedn\\\/#breadcrumb\",\"itemListElement\":[{\"@type\":\"ListItem\",\"position\":1,\"name\":\"Accueil\",\"item\":\"https:\\\/\\\/ihedn.fr\\\/\"},{\"@type\":\"ListItem\",\"position\":2,\"name\":\"Cap virtuel au sud pour les auditeurs de la 6e session nationale \u00ab Enjeux et strat\u00e9gies maritimes \u00bb de l\u2019IHEDN\"}]},{\"@type\":\"WebSite\",\"@id\":\"https:\\\/\\\/ihedn.fr\\\/#website\",\"url\":\"https:\\\/\\\/ihedn.fr\\\/\",\"name\":\"IHEDN : Institut des hautes \u00e9tudes de d\u00e9fense nationale |\",\"description\":\"Site officiel de l&#039;IHEDN plac\u00e9 sous la tutelle du Premier ministre.\",\"publisher\":{\"@id\":\"https:\\\/\\\/ihedn.fr\\\/#organization\"},\"potentialAction\":[{\"@type\":\"SearchAction\",\"target\":{\"@type\":\"EntryPoint\",\"urlTemplate\":\"https:\\\/\\\/ihedn.fr\\\/?s={search_term_string}\"},\"query-input\":{\"@type\":\"PropertyValueSpecification\",\"valueRequired\":true,\"valueName\":\"search_term_string\"}}],\"inLanguage\":\"en-GB\"},{\"@type\":\"Organization\",\"@id\":\"https:\\\/\\\/ihedn.fr\\\/#organization\",\"name\":\"IHEDN - Institut des Hautes Etudes de D\u00e9fense Nationale\",\"url\":\"https:\\\/\\\/ihedn.fr\\\/\",\"logo\":{\"@type\":\"ImageObject\",\"inLanguage\":\"en-GB\",\"@id\":\"https:\\\/\\\/ihedn.fr\\\/#\\\/schema\\\/logo\\\/image\\\/\",\"url\":\"https:\\\/\\\/ihedn.fr\\\/wp-content\\\/uploads\\\/2020\\\/11\\\/BLOC_RF_IHEDN_WEB.png\",\"contentUrl\":\"https:\\\/\\\/ihedn.fr\\\/wp-content\\\/uploads\\\/2020\\\/11\\\/BLOC_RF_IHEDN_WEB.png\",\"width\":500,\"height\":237,\"caption\":\"IHEDN - Institut des Hautes Etudes de D\u00e9fense Nationale\"},\"image\":{\"@id\":\"https:\\\/\\\/ihedn.fr\\\/#\\\/schema\\\/logo\\\/image\\\/\"},\"sameAs\":[\"https:\\\/\\\/www.facebook.com\\\/ihedn\\\/\",\"https:\\\/\\\/x.com\\\/IHEDN\",\"https:\\\/\\\/www.instagram.com\\\/ihedn\\\/\",\"https:\\\/\\\/www.linkedin.com\\\/school\\\/ihedn\\\/\",\"https:\\\/\\\/fr.wikipedia.org\\\/wiki\\\/Institut_des_hautes_\u00e9tudes_de_D\u00e9fense_nationale\"]},{\"@type\":\"Person\",\"@id\":\"https:\\\/\\\/ihedn.fr\\\/#\\\/schema\\\/person\\\/7a40155595e4efb35323447cb8c8c5a4\",\"name\":\"dev\",\"image\":{\"@type\":\"ImageObject\",\"inLanguage\":\"en-GB\",\"@id\":\"https:\\\/\\\/secure.gravatar.com\\\/avatar\\\/f1ffcac9ca2fa95ad3ec33e9be3ade82f752acb0cabe541e56c5889225afa88a?s=96&d=mm&r=g\",\"url\":\"https:\\\/\\\/secure.gravatar.com\\\/avatar\\\/f1ffcac9ca2fa95ad3ec33e9be3ade82f752acb0cabe541e56c5889225afa88a?s=96&d=mm&r=g\",\"contentUrl\":\"https:\\\/\\\/secure.gravatar.com\\\/avatar\\\/f1ffcac9ca2fa95ad3ec33e9be3ade82f752acb0cabe541e56c5889225afa88a?s=96&d=mm&r=g\",\"caption\":\"dev\"},\"sameAs\":[\"https:\\\/\\\/ihedn.concilium.click\"],\"url\":\"https:\\\/\\\/ihedn.fr\\\/en\\\/author\\\/dev\\\/\"}]}<\/script>\n<!-- \/ Yoast SEO plugin. -->","yoast_head_json":{"title":"A virtual course to the south for the participants in the 6th IHEDN national session on \"Maritime issues and strategies\" - L'IHEDN : Institut des hautes \u00e9tudes de d\u00e9fense nationale (Graduate Institute of National Defence)","robots":{"index":"index","follow":"follow","max-snippet":"max-snippet:-1","max-image-preview":"max-image-preview:large","max-video-preview":"max-video-preview:-1"},"canonical":"https:\/\/ihedn.fr\/en\/actualites-des-sessions\/cap-virtuel-au-sud-pour-les-auditeurs-de-la-6e-session-nationale-enjeux-et-strategies-maritimes-de-lihedn\/","og_locale":"en_GB","og_type":"article","og_title":"Cap virtuel au sud pour les auditeurs de la 6e session nationale \u00ab Enjeux et strat\u00e9gies maritimes \u00bb de l\u2019IHEDN - L&#039;IHEDN : Institut des hautes \u00e9tudes de d\u00e9fense nationale","og_description":"Transports et routes maritimes, innovation et technologies navales, c\u00e2bles sous-marin, gestion des donn\u00e9es num\u00e9riques, grande plaisance, tels sont les grands th\u00e8mes de l\u2019\u00e9conomie maritime qui auraient d\u00fb conduire les auditeurs de la 6e session nationale \u00ab\u00a0Enjeux et strat\u00e9gies maritimes\u00a0\u00bb (ESM) de l\u2019IHEDN \u00e0 Marseille et \u00e0 Toulon pour un s\u00e9minaire de deux jours. Toutefois, en [&hellip;]","og_url":"https:\/\/ihedn.fr\/en\/actualites-des-sessions\/cap-virtuel-au-sud-pour-les-auditeurs-de-la-6e-session-nationale-enjeux-et-strategies-maritimes-de-lihedn\/","og_site_name":"L&#039;IHEDN : Institut des hautes \u00e9tudes de d\u00e9fense nationale","article_publisher":"https:\/\/www.facebook.com\/ihedn\/","article_published_time":"2021-02-06T10:52:37+00:00","article_modified_time":"2022-11-25T14:23:04+00:00","og_image":[{"width":734,"height":550,"url":"https:\/\/ihedn.fr\/wp-content\/uploads\/2021\/02\/IHEDN-_-6e-ESM-seminaire-Toulon-Marseille_01.jpg","type":"image\/jpeg"}],"author":"dev","twitter_card":"summary_large_image","twitter_creator":"@IHEDN","twitter_site":"@IHEDN","twitter_misc":{"Written by":"dev","Estimated reading time":"5 minutes"},"schema":{"@context":"https:\/\/schema.org","@graph":[{"@type":"Article","@id":"https:\/\/ihedn.fr\/actualites-des-sessions\/cap-virtuel-au-sud-pour-les-auditeurs-de-la-6e-session-nationale-enjeux-et-strategies-maritimes-de-lihedn\/#article","isPartOf":{"@id":"https:\/\/ihedn.fr\/actualites-des-sessions\/cap-virtuel-au-sud-pour-les-auditeurs-de-la-6e-session-nationale-enjeux-et-strategies-maritimes-de-lihedn\/"},"author":{"name":"dev","@id":"https:\/\/ihedn.fr\/#\/schema\/person\/7a40155595e4efb35323447cb8c8c5a4"},"headline":"Cap virtuel au sud pour les auditeurs de la 6e session nationale \u00ab Enjeux et strat\u00e9gies maritimes \u00bb de l\u2019IHEDN","datePublished":"2021-02-06T10:52:37+00:00","dateModified":"2022-11-25T14:23:04+00:00","mainEntityOfPage":{"@id":"https:\/\/ihedn.fr\/actualites-des-sessions\/cap-virtuel-au-sud-pour-les-auditeurs-de-la-6e-session-nationale-enjeux-et-strategies-maritimes-de-lihedn\/"},"wordCount":980,"publisher":{"@id":"https:\/\/ihedn.fr\/#organization"},"image":{"@id":"https:\/\/ihedn.fr\/actualites-des-sessions\/cap-virtuel-au-sud-pour-les-auditeurs-de-la-6e-session-nationale-enjeux-et-strategies-maritimes-de-lihedn\/#primaryimage"},"thumbnailUrl":"https:\/\/ihedn.fr\/wp-content\/uploads\/2021\/02\/IHEDN-_-6e-ESM-seminaire-Toulon-Marseille_01.jpg","articleSection":["Notre actualit\u00e9"],"inLanguage":"en-GB"},{"@type":"WebPage","@id":"https:\/\/ihedn.fr\/actualites-des-sessions\/cap-virtuel-au-sud-pour-les-auditeurs-de-la-6e-session-nationale-enjeux-et-strategies-maritimes-de-lihedn\/","url":"https:\/\/ihedn.fr\/actualites-des-sessions\/cap-virtuel-au-sud-pour-les-auditeurs-de-la-6e-session-nationale-enjeux-et-strategies-maritimes-de-lihedn\/","name":"A virtual course to the south for the participants in the 6th IHEDN national session on \"Maritime issues and strategies\" - L'IHEDN : Institut des hautes \u00e9tudes de d\u00e9fense nationale (Graduate Institute of National Defence)","isPartOf":{"@id":"https:\/\/ihedn.fr\/#website"},"primaryImageOfPage":{"@id":"https:\/\/ihedn.fr\/actualites-des-sessions\/cap-virtuel-au-sud-pour-les-auditeurs-de-la-6e-session-nationale-enjeux-et-strategies-maritimes-de-lihedn\/#primaryimage"},"image":{"@id":"https:\/\/ihedn.fr\/actualites-des-sessions\/cap-virtuel-au-sud-pour-les-auditeurs-de-la-6e-session-nationale-enjeux-et-strategies-maritimes-de-lihedn\/#primaryimage"},"thumbnailUrl":"https:\/\/ihedn.fr\/wp-content\/uploads\/2021\/02\/IHEDN-_-6e-ESM-seminaire-Toulon-Marseille_01.jpg","datePublished":"2021-02-06T10:52:37+00:00","dateModified":"2022-11-25T14:23:04+00:00","breadcrumb":{"@id":"https:\/\/ihedn.fr\/actualites-des-sessions\/cap-virtuel-au-sud-pour-les-auditeurs-de-la-6e-session-nationale-enjeux-et-strategies-maritimes-de-lihedn\/#breadcrumb"},"inLanguage":"en-GB","potentialAction":[{"@type":"ReadAction","target":["https:\/\/ihedn.fr\/actualites-des-sessions\/cap-virtuel-au-sud-pour-les-auditeurs-de-la-6e-session-nationale-enjeux-et-strategies-maritimes-de-lihedn\/"]}]},{"@type":"ImageObject","inLanguage":"en-GB","@id":"https:\/\/ihedn.fr\/actualites-des-sessions\/cap-virtuel-au-sud-pour-les-auditeurs-de-la-6e-session-nationale-enjeux-et-strategies-maritimes-de-lihedn\/#primaryimage","url":"https:\/\/ihedn.fr\/wp-content\/uploads\/2021\/02\/IHEDN-_-6e-ESM-seminaire-Toulon-Marseille_01.jpg","contentUrl":"https:\/\/ihedn.fr\/wp-content\/uploads\/2021\/02\/IHEDN-_-6e-ESM-seminaire-Toulon-Marseille_01.jpg","width":734,"height":550,"caption":"\u00a9 IHEDN | 6e ESM au s\u00e9minaire Toulon-Marseille : application stricte des mesures de protection sanitaire : prise de temp\u00e9rature en d\u00e9but de journ\u00e9e"},{"@type":"BreadcrumbList","@id":"https:\/\/ihedn.fr\/actualites-des-sessions\/cap-virtuel-au-sud-pour-les-auditeurs-de-la-6e-session-nationale-enjeux-et-strategies-maritimes-de-lihedn\/#breadcrumb","itemListElement":[{"@type":"ListItem","position":1,"name":"Accueil","item":"https:\/\/ihedn.fr\/"},{"@type":"ListItem","position":2,"name":"Cap virtuel au sud pour les auditeurs de la 6e session nationale \u00ab Enjeux et strat\u00e9gies maritimes \u00bb de l\u2019IHEDN"}]},{"@type":"WebSite","@id":"https:\/\/ihedn.fr\/#website","url":"https:\/\/ihedn.fr\/","name":"IHEDN: Institut des hautes \u00e9tudes de d\u00e9fense nationale (Institute for Higher National Defence Studies)","description":"Official website of the IHEDN under the supervision of the Prime Minister.","publisher":{"@id":"https:\/\/ihedn.fr\/#organization"},"potentialAction":[{"@type":"SearchAction","target":{"@type":"EntryPoint","urlTemplate":"https:\/\/ihedn.fr\/?s={search_term_string}"},"query-input":{"@type":"PropertyValueSpecification","valueRequired":true,"valueName":"search_term_string"}}],"inLanguage":"en-GB"},{"@type":"Organization","@id":"https:\/\/ihedn.fr\/#organization","name":"IHEDN - Institute for Higher National Defence Studies","url":"https:\/\/ihedn.fr\/","logo":{"@type":"ImageObject","inLanguage":"en-GB","@id":"https:\/\/ihedn.fr\/#\/schema\/logo\/image\/","url":"https:\/\/ihedn.fr\/wp-content\/uploads\/2020\/11\/BLOC_RF_IHEDN_WEB.png","contentUrl":"https:\/\/ihedn.fr\/wp-content\/uploads\/2020\/11\/BLOC_RF_IHEDN_WEB.png","width":500,"height":237,"caption":"IHEDN - Institut des Hautes Etudes de D\u00e9fense Nationale"},"image":{"@id":"https:\/\/ihedn.fr\/#\/schema\/logo\/image\/"},"sameAs":["https:\/\/www.facebook.com\/ihedn\/","https:\/\/x.com\/IHEDN","https:\/\/www.instagram.com\/ihedn\/","https:\/\/www.linkedin.com\/school\/ihedn\/","https:\/\/fr.wikipedia.org\/wiki\/Institut_des_hautes_\u00e9tudes_de_D\u00e9fense_nationale"]},{"@type":"Person","@id":"https:\/\/ihedn.fr\/#\/schema\/person\/7a40155595e4efb35323447cb8c8c5a4","name":"dev","image":{"@type":"ImageObject","inLanguage":"en-GB","@id":"https:\/\/secure.gravatar.com\/avatar\/f1ffcac9ca2fa95ad3ec33e9be3ade82f752acb0cabe541e56c5889225afa88a?s=96&d=mm&r=g","url":"https:\/\/secure.gravatar.com\/avatar\/f1ffcac9ca2fa95ad3ec33e9be3ade82f752acb0cabe541e56c5889225afa88a?s=96&d=mm&r=g","contentUrl":"https:\/\/secure.gravatar.com\/avatar\/f1ffcac9ca2fa95ad3ec33e9be3ade82f752acb0cabe541e56c5889225afa88a?s=96&d=mm&r=g","caption":"dev"},"sameAs":["https:\/\/ihedn.concilium.click"],"url":"https:\/\/ihedn.fr\/en\/author\/dev\/"}]}},"publishpress_future_action":{"enabled":false,"date":"2026-05-10 14:55:52","action":"change-status","newStatus":"draft","terms":[],"taxonomy":"category","extraData":[]},"publishpress_future_workflow_manual_trigger":{"enabledWorkflows":[]},"_links":{"self":[{"href":"https:\/\/ihedn.fr\/en\/wp-json\/wp\/v2\/posts\/7552","targetHints":{"allow":["GET"]}}],"collection":[{"href":"https:\/\/ihedn.fr\/en\/wp-json\/wp\/v2\/posts"}],"about":[{"href":"https:\/\/ihedn.fr\/en\/wp-json\/wp\/v2\/types\/post"}],"author":[{"embeddable":true,"href":"https:\/\/ihedn.fr\/en\/wp-json\/wp\/v2\/users\/1"}],"replies":[{"embeddable":true,"href":"https:\/\/ihedn.fr\/en\/wp-json\/wp\/v2\/comments?post=7552"}],"version-history":[{"count":5,"href":"https:\/\/ihedn.fr\/en\/wp-json\/wp\/v2\/posts\/7552\/revisions"}],"predecessor-version":[{"id":7575,"href":"https:\/\/ihedn.fr\/en\/wp-json\/wp\/v2\/posts\/7552\/revisions\/7575"}],"wp:featuredmedia":[{"embeddable":true,"href":"https:\/\/ihedn.fr\/en\/wp-json\/wp\/v2\/media\/7545"}],"wp:attachment":[{"href":"https:\/\/ihedn.fr\/en\/wp-json\/wp\/v2\/media?parent=7552"}],"wp:term":[{"taxonomy":"category","embeddable":true,"href":"https:\/\/ihedn.fr\/en\/wp-json\/wp\/v2\/categories?post=7552"},{"taxonomy":"post_tag","embeddable":true,"href":"https:\/\/ihedn.fr\/en\/wp-json\/wp\/v2\/tags?post=7552"}],"curies":[{"name":"wp","href":"https:\/\/api.w.org\/{rel}","templated":true}]}}