{"id":7625,"date":"2021-02-15T15:00:51","date_gmt":"2021-02-15T14:00:51","guid":{"rendered":"https:\/\/ihedn.concilium.click\/?p=7625"},"modified":"2022-11-25T15:23:04","modified_gmt":"2022-11-25T14:23:04","slug":"renouvellement-de-la-convention-entre-lihedn-et-le-meae","status":"publish","type":"post","link":"https:\/\/ihedn.fr\/en\/notre-actualite\/renouvellement-de-la-convention-entre-lihedn-et-le-meae\/","title":{"rendered":"Renewal of the agreement between the IHEDN and the MEAE"},"content":{"rendered":"<div data-elementor-type=\"wp-post\" data-elementor-id=\"7625\" class=\"elementor elementor-7625\" data-elementor-post-type=\"post\">\n\t\t\t\t\t\t<section data-particle_enable=\"false\" data-particle-mobile-disabled=\"false\" class=\"elementor-section elementor-top-section elementor-element elementor-element-cd5b073 elementor-section-boxed elementor-section-height-default elementor-section-height-default\" data-id=\"cd5b073\" data-element_type=\"section\" data-e-type=\"section\">\n\t\t\t\t\t\t<div class=\"elementor-container elementor-column-gap-default\">\n\t\t\t\t\t<div class=\"elementor-column elementor-col-100 elementor-top-column elementor-element elementor-element-12dd38e\" data-id=\"12dd38e\" data-element_type=\"column\" data-e-type=\"column\">\n\t\t\t<div class=\"elementor-widget-wrap elementor-element-populated\">\n\t\t\t\t\t\t<div class=\"elementor-element elementor-element-e130410 elementor-widget elementor-widget-text-editor\" data-id=\"e130410\" data-element_type=\"widget\" data-e-type=\"widget\" data-widget_type=\"text-editor.default\">\n\t\t\t\t<div class=\"elementor-widget-container\">\n\t\t\t\t\t\t\t\t\t<p>On Monday 15 February 2021, Lt-Gen Patrick Destremau signed the partnership agreement between the IHEDN and the MEAE in the company of Ambassador Gilles Garachon, the MEAE's Director of Human Resources. <strong>Ministry of Europe and Foreign Affairs, to continue the many training initiatives for the diplomats of the Quai d'Orsay.<\/strong><\/p><p>Every year, two Ministry staff take part in the Institute's national sessions.<\/p><p>The Department of Europe and International Affairs also organises targeted training courses for diplomats in-house at the Diplomatic and Consular Institute.<\/p>\t\t\t\t\t\t\t\t<\/div>\n\t\t\t\t<\/div>\n\t\t\t\t\t<\/div>\n\t\t<\/div>\n\t\t\t\t\t<\/div>\n\t\t<\/section>\n\t\t\t\t<section data-particle_enable=\"false\" data-particle-mobile-disabled=\"false\" class=\"elementor-section elementor-top-section elementor-element elementor-element-48012a1 elementor-section-boxed elementor-section-height-default elementor-section-height-default\" data-id=\"48012a1\" data-element_type=\"section\" data-e-type=\"section\">\n\t\t\t\t\t\t<div class=\"elementor-container elementor-column-gap-default\">\n\t\t\t\t\t<div class=\"elementor-column elementor-col-100 elementor-top-column elementor-element elementor-element-5cfa509\" data-id=\"5cfa509\" data-element_type=\"column\" data-e-type=\"column\">\n\t\t\t<div class=\"elementor-widget-wrap elementor-element-populated\">\n\t\t\t\t\t\t<div class=\"elementor-element elementor-element-e0abb72 elementor-widget elementor-widget-image\" data-id=\"e0abb72\" data-element_type=\"widget\" data-e-type=\"widget\" data-widget_type=\"image.default\">\n\t\t\t\t<div class=\"elementor-widget-container\">\n\t\t\t\t\t\t\t\t\t\t\t\t<figure class=\"wp-caption\">\n\t\t\t\t\t\t\t\t\t\t<img fetchpriority=\"high\" decoding=\"async\" width=\"800\" height=\"800\" src=\"https:\/\/ihedn.fr\/wp-content\/uploads\/2021\/02\/IHEDN-_-Signature-convention-MEAE-IHEDN_30-1024x1024.jpg\" class=\"attachment-large size-large wp-image-7627\" alt=\"Renouvellement de la convention entre l&#039;IHEDN et le MEAE\" srcset=\"https:\/\/ihedn.fr\/wp-content\/uploads\/2021\/02\/IHEDN-_-Signature-convention-MEAE-IHEDN_30-1024x1024.jpg 1024w, https:\/\/ihedn.fr\/wp-content\/uploads\/2021\/02\/IHEDN-_-Signature-convention-MEAE-IHEDN_30-300x300.jpg 300w, https:\/\/ihedn.fr\/wp-content\/uploads\/2021\/02\/IHEDN-_-Signature-convention-MEAE-IHEDN_30-150x150.jpg 150w, https:\/\/ihedn.fr\/wp-content\/uploads\/2021\/02\/IHEDN-_-Signature-convention-MEAE-IHEDN_30-768x768.jpg 768w\" sizes=\"(max-width: 800px) 100vw, 800px\" \/>\t\t\t\t\t\t\t\t\t\t\t<figcaption class=\"widget-image-caption wp-caption-text\">Renewal of the agreement between the IHEDN and the MEAE<\/figcaption>\n\t\t\t\t\t\t\t\t\t\t<\/figure>\n\t\t\t\t\t\t\t\t\t<\/div>\n\t\t\t\t<\/div>\n\t\t\t\t\t<\/div>\n\t\t<\/div>\n\t\t\t\t\t<\/div>\n\t\t<\/section>\n\t\t\t\t<\/div>","protected":false},"excerpt":{"rendered":"<p>Le lundi 15 f\u00e9vrier 2021, le GCA Patrick Destremau a sign\u00e9 la convention de partenariat entre l&rsquo;IHEDN et le MEAE en compagnie de l\u2019ambassadeur Gilles Garachon, directeur des ressources humaines du Minist\u00e8re de l\u2019Europe et des affaires \u00e9trang\u00e8res, pour poursuivre les nombreuses actions de formation au profit des\u00a0 diplomates du Quai d&rsquo;Orsay. Chaque ann\u00e9e, deux [&hellip;]<\/p>\n","protected":false},"author":1,"featured_media":7627,"comment_status":"closed","ping_status":"closed","sticky":false,"template":"","format":"standard","meta":{"footnotes":""},"categories":[172],"tags":[],"class_list":["post-7625","post","type-post","status-publish","format-standard","has-post-thumbnail","hentry","category-notre-actualite"],"yoast_head":"<!-- This site is optimized with the Yoast SEO plugin v27.5 - https:\/\/yoast.com\/product\/yoast-seo-wordpress\/ -->\n<title>Renouvellement de la convention entre l&#039;IHEDN et le MEAE - L&#039;IHEDN : Institut des hautes \u00e9tudes de d\u00e9fense nationale<\/title>\n<meta name=\"robots\" content=\"index, follow, max-snippet:-1, max-image-preview:large, max-video-preview:-1\" \/>\n<link rel=\"canonical\" href=\"https:\/\/ihedn.fr\/en\/actualites-des-sessions\/deai\/renouvellement-de-la-convention-entre-lihedn-et-le-meae\/\" \/>\n<meta property=\"og:locale\" content=\"en_GB\" \/>\n<meta property=\"og:type\" content=\"article\" \/>\n<meta property=\"og:title\" content=\"Renouvellement de la convention entre l&#039;IHEDN et le MEAE - L&#039;IHEDN : Institut des hautes \u00e9tudes de d\u00e9fense nationale\" \/>\n<meta property=\"og:description\" content=\"Le lundi 15 f\u00e9vrier 2021, le GCA Patrick Destremau a sign\u00e9 la convention de partenariat entre l&rsquo;IHEDN et le MEAE en compagnie de l\u2019ambassadeur Gilles Garachon, directeur des ressources humaines du Minist\u00e8re de l\u2019Europe et des affaires \u00e9trang\u00e8res, pour poursuivre les nombreuses actions de formation au profit des\u00a0 diplomates du Quai d&rsquo;Orsay. Chaque ann\u00e9e, deux [&hellip;]\" \/>\n<meta property=\"og:url\" content=\"https:\/\/ihedn.fr\/en\/actualites-des-sessions\/deai\/renouvellement-de-la-convention-entre-lihedn-et-le-meae\/\" \/>\n<meta property=\"og:site_name\" content=\"L&#039;IHEDN : Institut des hautes \u00e9tudes de d\u00e9fense nationale\" \/>\n<meta property=\"article:publisher\" content=\"https:\/\/www.facebook.com\/ihedn\/\" \/>\n<meta property=\"article:published_time\" content=\"2021-02-15T14:00:51+00:00\" \/>\n<meta property=\"article:modified_time\" content=\"2022-11-25T14:23:04+00:00\" \/>\n<meta property=\"og:image\" content=\"https:\/\/ihedn.fr\/wp-content\/uploads\/2021\/02\/IHEDN-_-Signature-convention-MEAE-IHEDN_30.jpg\" \/>\n\t<meta property=\"og:image:width\" content=\"2000\" \/>\n\t<meta property=\"og:image:height\" content=\"1333\" \/>\n\t<meta property=\"og:image:type\" content=\"image\/jpeg\" \/>\n<meta name=\"author\" content=\"dev\" \/>\n<meta name=\"twitter:card\" content=\"summary_large_image\" \/>\n<meta name=\"twitter:creator\" content=\"@IHEDN\" \/>\n<meta name=\"twitter:site\" content=\"@IHEDN\" \/>\n<meta name=\"twitter:label1\" content=\"Written by\" \/>\n\t<meta name=\"twitter:data1\" content=\"dev\" \/>\n\t<meta name=\"twitter:label2\" content=\"Estimated reading time\" \/>\n\t<meta name=\"twitter:data2\" content=\"1 minute\" \/>\n<script type=\"application\/ld+json\" class=\"yoast-schema-graph\">{\"@context\":\"https:\\\/\\\/schema.org\",\"@graph\":[{\"@type\":\"Article\",\"@id\":\"https:\\\/\\\/ihedn.fr\\\/en\\\/actualites-des-sessions\\\/deai\\\/renouvellement-de-la-convention-entre-lihedn-et-le-meae\\\/#article\",\"isPartOf\":{\"@id\":\"https:\\\/\\\/ihedn.fr\\\/en\\\/actualites-des-sessions\\\/deai\\\/renouvellement-de-la-convention-entre-lihedn-et-le-meae\\\/\"},\"author\":{\"name\":\"dev\",\"@id\":\"https:\\\/\\\/ihedn.fr\\\/#\\\/schema\\\/person\\\/7a40155595e4efb35323447cb8c8c5a4\"},\"headline\":\"Renouvellement de la convention entre l&rsquo;IHEDN et le MEAE\",\"datePublished\":\"2021-02-15T14:00:51+00:00\",\"dateModified\":\"2022-11-25T14:23:04+00:00\",\"mainEntityOfPage\":{\"@id\":\"https:\\\/\\\/ihedn.fr\\\/en\\\/actualites-des-sessions\\\/deai\\\/renouvellement-de-la-convention-entre-lihedn-et-le-meae\\\/\"},\"wordCount\":120,\"publisher\":{\"@id\":\"https:\\\/\\\/ihedn.fr\\\/#organization\"},\"image\":{\"@id\":\"https:\\\/\\\/ihedn.fr\\\/en\\\/actualites-des-sessions\\\/deai\\\/renouvellement-de-la-convention-entre-lihedn-et-le-meae\\\/#primaryimage\"},\"thumbnailUrl\":\"https:\\\/\\\/ihedn.fr\\\/wp-content\\\/uploads\\\/2021\\\/02\\\/IHEDN-_-Signature-convention-MEAE-IHEDN_30.jpg\",\"articleSection\":[\"Notre actualit\u00e9\"],\"inLanguage\":\"en-GB\"},{\"@type\":\"WebPage\",\"@id\":\"https:\\\/\\\/ihedn.fr\\\/en\\\/actualites-des-sessions\\\/deai\\\/renouvellement-de-la-convention-entre-lihedn-et-le-meae\\\/\",\"url\":\"https:\\\/\\\/ihedn.fr\\\/en\\\/actualites-des-sessions\\\/deai\\\/renouvellement-de-la-convention-entre-lihedn-et-le-meae\\\/\",\"name\":\"Renouvellement de la convention entre l'IHEDN et le MEAE - L&#039;IHEDN : Institut des hautes \u00e9tudes de d\u00e9fense nationale\",\"isPartOf\":{\"@id\":\"https:\\\/\\\/ihedn.fr\\\/#website\"},\"primaryImageOfPage\":{\"@id\":\"https:\\\/\\\/ihedn.fr\\\/en\\\/actualites-des-sessions\\\/deai\\\/renouvellement-de-la-convention-entre-lihedn-et-le-meae\\\/#primaryimage\"},\"image\":{\"@id\":\"https:\\\/\\\/ihedn.fr\\\/en\\\/actualites-des-sessions\\\/deai\\\/renouvellement-de-la-convention-entre-lihedn-et-le-meae\\\/#primaryimage\"},\"thumbnailUrl\":\"https:\\\/\\\/ihedn.fr\\\/wp-content\\\/uploads\\\/2021\\\/02\\\/IHEDN-_-Signature-convention-MEAE-IHEDN_30.jpg\",\"datePublished\":\"2021-02-15T14:00:51+00:00\",\"dateModified\":\"2022-11-25T14:23:04+00:00\",\"breadcrumb\":{\"@id\":\"https:\\\/\\\/ihedn.fr\\\/en\\\/actualites-des-sessions\\\/deai\\\/renouvellement-de-la-convention-entre-lihedn-et-le-meae\\\/#breadcrumb\"},\"inLanguage\":\"en-GB\",\"potentialAction\":[{\"@type\":\"ReadAction\",\"target\":[\"https:\\\/\\\/ihedn.fr\\\/en\\\/actualites-des-sessions\\\/deai\\\/renouvellement-de-la-convention-entre-lihedn-et-le-meae\\\/\"]}]},{\"@type\":\"ImageObject\",\"inLanguage\":\"en-GB\",\"@id\":\"https:\\\/\\\/ihedn.fr\\\/en\\\/actualites-des-sessions\\\/deai\\\/renouvellement-de-la-convention-entre-lihedn-et-le-meae\\\/#primaryimage\",\"url\":\"https:\\\/\\\/ihedn.fr\\\/wp-content\\\/uploads\\\/2021\\\/02\\\/IHEDN-_-Signature-convention-MEAE-IHEDN_30.jpg\",\"contentUrl\":\"https:\\\/\\\/ihedn.fr\\\/wp-content\\\/uploads\\\/2021\\\/02\\\/IHEDN-_-Signature-convention-MEAE-IHEDN_30.jpg\",\"width\":2000,\"height\":1333,\"caption\":\"Renouvellement de la convention entre l'IHEDN et le MEAE\"},{\"@type\":\"BreadcrumbList\",\"@id\":\"https:\\\/\\\/ihedn.fr\\\/en\\\/actualites-des-sessions\\\/deai\\\/renouvellement-de-la-convention-entre-lihedn-et-le-meae\\\/#breadcrumb\",\"itemListElement\":[{\"@type\":\"ListItem\",\"position\":1,\"name\":\"Accueil\",\"item\":\"https:\\\/\\\/ihedn.fr\\\/\"},{\"@type\":\"ListItem\",\"position\":2,\"name\":\"Renouvellement de la convention entre l&rsquo;IHEDN et le MEAE\"}]},{\"@type\":\"WebSite\",\"@id\":\"https:\\\/\\\/ihedn.fr\\\/#website\",\"url\":\"https:\\\/\\\/ihedn.fr\\\/\",\"name\":\"IHEDN : Institut des hautes \u00e9tudes de d\u00e9fense nationale |\",\"description\":\"Site officiel de l&#039;IHEDN plac\u00e9 sous la tutelle du Premier ministre.\",\"publisher\":{\"@id\":\"https:\\\/\\\/ihedn.fr\\\/#organization\"},\"potentialAction\":[{\"@type\":\"SearchAction\",\"target\":{\"@type\":\"EntryPoint\",\"urlTemplate\":\"https:\\\/\\\/ihedn.fr\\\/?s={search_term_string}\"},\"query-input\":{\"@type\":\"PropertyValueSpecification\",\"valueRequired\":true,\"valueName\":\"search_term_string\"}}],\"inLanguage\":\"en-GB\"},{\"@type\":\"Organization\",\"@id\":\"https:\\\/\\\/ihedn.fr\\\/#organization\",\"name\":\"IHEDN - Institut des Hautes Etudes de D\u00e9fense Nationale\",\"url\":\"https:\\\/\\\/ihedn.fr\\\/\",\"logo\":{\"@type\":\"ImageObject\",\"inLanguage\":\"en-GB\",\"@id\":\"https:\\\/\\\/ihedn.fr\\\/#\\\/schema\\\/logo\\\/image\\\/\",\"url\":\"https:\\\/\\\/ihedn.fr\\\/wp-content\\\/uploads\\\/2020\\\/11\\\/BLOC_RF_IHEDN_WEB.png\",\"contentUrl\":\"https:\\\/\\\/ihedn.fr\\\/wp-content\\\/uploads\\\/2020\\\/11\\\/BLOC_RF_IHEDN_WEB.png\",\"width\":500,\"height\":237,\"caption\":\"IHEDN - Institut des Hautes Etudes de D\u00e9fense Nationale\"},\"image\":{\"@id\":\"https:\\\/\\\/ihedn.fr\\\/#\\\/schema\\\/logo\\\/image\\\/\"},\"sameAs\":[\"https:\\\/\\\/www.facebook.com\\\/ihedn\\\/\",\"https:\\\/\\\/x.com\\\/IHEDN\",\"https:\\\/\\\/www.instagram.com\\\/ihedn\\\/\",\"https:\\\/\\\/www.linkedin.com\\\/school\\\/ihedn\\\/\",\"https:\\\/\\\/fr.wikipedia.org\\\/wiki\\\/Institut_des_hautes_\u00e9tudes_de_D\u00e9fense_nationale\"]},{\"@type\":\"Person\",\"@id\":\"https:\\\/\\\/ihedn.fr\\\/#\\\/schema\\\/person\\\/7a40155595e4efb35323447cb8c8c5a4\",\"name\":\"dev\",\"image\":{\"@type\":\"ImageObject\",\"inLanguage\":\"en-GB\",\"@id\":\"https:\\\/\\\/secure.gravatar.com\\\/avatar\\\/f1ffcac9ca2fa95ad3ec33e9be3ade82f752acb0cabe541e56c5889225afa88a?s=96&d=mm&r=g\",\"url\":\"https:\\\/\\\/secure.gravatar.com\\\/avatar\\\/f1ffcac9ca2fa95ad3ec33e9be3ade82f752acb0cabe541e56c5889225afa88a?s=96&d=mm&r=g\",\"contentUrl\":\"https:\\\/\\\/secure.gravatar.com\\\/avatar\\\/f1ffcac9ca2fa95ad3ec33e9be3ade82f752acb0cabe541e56c5889225afa88a?s=96&d=mm&r=g\",\"caption\":\"dev\"},\"sameAs\":[\"https:\\\/\\\/ihedn.concilium.click\"],\"url\":\"https:\\\/\\\/ihedn.fr\\\/en\\\/author\\\/dev\\\/\"}]}<\/script>\n<!-- \/ Yoast SEO plugin. -->","yoast_head_json":{"title":"Renewal of the agreement between the IHEDN and the MEAE - L'IHEDN : Institut des hautes \u00e9tudes de d\u00e9fense nationale","robots":{"index":"index","follow":"follow","max-snippet":"max-snippet:-1","max-image-preview":"max-image-preview:large","max-video-preview":"max-video-preview:-1"},"canonical":"https:\/\/ihedn.fr\/en\/actualites-des-sessions\/deai\/renouvellement-de-la-convention-entre-lihedn-et-le-meae\/","og_locale":"en_GB","og_type":"article","og_title":"Renouvellement de la convention entre l'IHEDN et le MEAE - L&#039;IHEDN : Institut des hautes \u00e9tudes de d\u00e9fense nationale","og_description":"Le lundi 15 f\u00e9vrier 2021, le GCA Patrick Destremau a sign\u00e9 la convention de partenariat entre l&rsquo;IHEDN et le MEAE en compagnie de l\u2019ambassadeur Gilles Garachon, directeur des ressources humaines du Minist\u00e8re de l\u2019Europe et des affaires \u00e9trang\u00e8res, pour poursuivre les nombreuses actions de formation au profit des\u00a0 diplomates du Quai d&rsquo;Orsay. Chaque ann\u00e9e, deux [&hellip;]","og_url":"https:\/\/ihedn.fr\/en\/actualites-des-sessions\/deai\/renouvellement-de-la-convention-entre-lihedn-et-le-meae\/","og_site_name":"L&#039;IHEDN : Institut des hautes \u00e9tudes de d\u00e9fense nationale","article_publisher":"https:\/\/www.facebook.com\/ihedn\/","article_published_time":"2021-02-15T14:00:51+00:00","article_modified_time":"2022-11-25T14:23:04+00:00","og_image":[{"width":2000,"height":1333,"url":"https:\/\/ihedn.fr\/wp-content\/uploads\/2021\/02\/IHEDN-_-Signature-convention-MEAE-IHEDN_30.jpg","type":"image\/jpeg"}],"author":"dev","twitter_card":"summary_large_image","twitter_creator":"@IHEDN","twitter_site":"@IHEDN","twitter_misc":{"Written by":"dev","Estimated reading time":"1 minute"},"schema":{"@context":"https:\/\/schema.org","@graph":[{"@type":"Article","@id":"https:\/\/ihedn.fr\/en\/actualites-des-sessions\/deai\/renouvellement-de-la-convention-entre-lihedn-et-le-meae\/#article","isPartOf":{"@id":"https:\/\/ihedn.fr\/en\/actualites-des-sessions\/deai\/renouvellement-de-la-convention-entre-lihedn-et-le-meae\/"},"author":{"name":"dev","@id":"https:\/\/ihedn.fr\/#\/schema\/person\/7a40155595e4efb35323447cb8c8c5a4"},"headline":"Renouvellement de la convention entre l&rsquo;IHEDN et le MEAE","datePublished":"2021-02-15T14:00:51+00:00","dateModified":"2022-11-25T14:23:04+00:00","mainEntityOfPage":{"@id":"https:\/\/ihedn.fr\/en\/actualites-des-sessions\/deai\/renouvellement-de-la-convention-entre-lihedn-et-le-meae\/"},"wordCount":120,"publisher":{"@id":"https:\/\/ihedn.fr\/#organization"},"image":{"@id":"https:\/\/ihedn.fr\/en\/actualites-des-sessions\/deai\/renouvellement-de-la-convention-entre-lihedn-et-le-meae\/#primaryimage"},"thumbnailUrl":"https:\/\/ihedn.fr\/wp-content\/uploads\/2021\/02\/IHEDN-_-Signature-convention-MEAE-IHEDN_30.jpg","articleSection":["Notre actualit\u00e9"],"inLanguage":"en-GB"},{"@type":"WebPage","@id":"https:\/\/ihedn.fr\/en\/actualites-des-sessions\/deai\/renouvellement-de-la-convention-entre-lihedn-et-le-meae\/","url":"https:\/\/ihedn.fr\/en\/actualites-des-sessions\/deai\/renouvellement-de-la-convention-entre-lihedn-et-le-meae\/","name":"Renewal of the agreement between the IHEDN and the MEAE - L'IHEDN : Institut des hautes \u00e9tudes de d\u00e9fense nationale","isPartOf":{"@id":"https:\/\/ihedn.fr\/#website"},"primaryImageOfPage":{"@id":"https:\/\/ihedn.fr\/en\/actualites-des-sessions\/deai\/renouvellement-de-la-convention-entre-lihedn-et-le-meae\/#primaryimage"},"image":{"@id":"https:\/\/ihedn.fr\/en\/actualites-des-sessions\/deai\/renouvellement-de-la-convention-entre-lihedn-et-le-meae\/#primaryimage"},"thumbnailUrl":"https:\/\/ihedn.fr\/wp-content\/uploads\/2021\/02\/IHEDN-_-Signature-convention-MEAE-IHEDN_30.jpg","datePublished":"2021-02-15T14:00:51+00:00","dateModified":"2022-11-25T14:23:04+00:00","breadcrumb":{"@id":"https:\/\/ihedn.fr\/en\/actualites-des-sessions\/deai\/renouvellement-de-la-convention-entre-lihedn-et-le-meae\/#breadcrumb"},"inLanguage":"en-GB","potentialAction":[{"@type":"ReadAction","target":["https:\/\/ihedn.fr\/en\/actualites-des-sessions\/deai\/renouvellement-de-la-convention-entre-lihedn-et-le-meae\/"]}]},{"@type":"ImageObject","inLanguage":"en-GB","@id":"https:\/\/ihedn.fr\/en\/actualites-des-sessions\/deai\/renouvellement-de-la-convention-entre-lihedn-et-le-meae\/#primaryimage","url":"https:\/\/ihedn.fr\/wp-content\/uploads\/2021\/02\/IHEDN-_-Signature-convention-MEAE-IHEDN_30.jpg","contentUrl":"https:\/\/ihedn.fr\/wp-content\/uploads\/2021\/02\/IHEDN-_-Signature-convention-MEAE-IHEDN_30.jpg","width":2000,"height":1333,"caption":"Renouvellement de la convention entre l'IHEDN et le MEAE"},{"@type":"BreadcrumbList","@id":"https:\/\/ihedn.fr\/en\/actualites-des-sessions\/deai\/renouvellement-de-la-convention-entre-lihedn-et-le-meae\/#breadcrumb","itemListElement":[{"@type":"ListItem","position":1,"name":"Accueil","item":"https:\/\/ihedn.fr\/"},{"@type":"ListItem","position":2,"name":"Renouvellement de la convention entre l&rsquo;IHEDN et le MEAE"}]},{"@type":"WebSite","@id":"https:\/\/ihedn.fr\/#website","url":"https:\/\/ihedn.fr\/","name":"IHEDN: Institut des hautes \u00e9tudes de d\u00e9fense nationale (Institute for Higher National Defence Studies)","description":"Official website of the IHEDN under the supervision of the Prime Minister.","publisher":{"@id":"https:\/\/ihedn.fr\/#organization"},"potentialAction":[{"@type":"SearchAction","target":{"@type":"EntryPoint","urlTemplate":"https:\/\/ihedn.fr\/?s={search_term_string}"},"query-input":{"@type":"PropertyValueSpecification","valueRequired":true,"valueName":"search_term_string"}}],"inLanguage":"en-GB"},{"@type":"Organization","@id":"https:\/\/ihedn.fr\/#organization","name":"IHEDN - Institute for Higher National Defence Studies","url":"https:\/\/ihedn.fr\/","logo":{"@type":"ImageObject","inLanguage":"en-GB","@id":"https:\/\/ihedn.fr\/#\/schema\/logo\/image\/","url":"https:\/\/ihedn.fr\/wp-content\/uploads\/2020\/11\/BLOC_RF_IHEDN_WEB.png","contentUrl":"https:\/\/ihedn.fr\/wp-content\/uploads\/2020\/11\/BLOC_RF_IHEDN_WEB.png","width":500,"height":237,"caption":"IHEDN - Institut des Hautes Etudes de D\u00e9fense Nationale"},"image":{"@id":"https:\/\/ihedn.fr\/#\/schema\/logo\/image\/"},"sameAs":["https:\/\/www.facebook.com\/ihedn\/","https:\/\/x.com\/IHEDN","https:\/\/www.instagram.com\/ihedn\/","https:\/\/www.linkedin.com\/school\/ihedn\/","https:\/\/fr.wikipedia.org\/wiki\/Institut_des_hautes_\u00e9tudes_de_D\u00e9fense_nationale"]},{"@type":"Person","@id":"https:\/\/ihedn.fr\/#\/schema\/person\/7a40155595e4efb35323447cb8c8c5a4","name":"dev","image":{"@type":"ImageObject","inLanguage":"en-GB","@id":"https:\/\/secure.gravatar.com\/avatar\/f1ffcac9ca2fa95ad3ec33e9be3ade82f752acb0cabe541e56c5889225afa88a?s=96&d=mm&r=g","url":"https:\/\/secure.gravatar.com\/avatar\/f1ffcac9ca2fa95ad3ec33e9be3ade82f752acb0cabe541e56c5889225afa88a?s=96&d=mm&r=g","contentUrl":"https:\/\/secure.gravatar.com\/avatar\/f1ffcac9ca2fa95ad3ec33e9be3ade82f752acb0cabe541e56c5889225afa88a?s=96&d=mm&r=g","caption":"dev"},"sameAs":["https:\/\/ihedn.concilium.click"],"url":"https:\/\/ihedn.fr\/en\/author\/dev\/"}]}},"publishpress_future_action":{"enabled":false,"date":"2026-05-10 15:04:53","action":"change-status","newStatus":"draft","terms":[],"taxonomy":"category","extraData":[]},"publishpress_future_workflow_manual_trigger":{"enabledWorkflows":[]},"_links":{"self":[{"href":"https:\/\/ihedn.fr\/en\/wp-json\/wp\/v2\/posts\/7625","targetHints":{"allow":["GET"]}}],"collection":[{"href":"https:\/\/ihedn.fr\/en\/wp-json\/wp\/v2\/posts"}],"about":[{"href":"https:\/\/ihedn.fr\/en\/wp-json\/wp\/v2\/types\/post"}],"author":[{"embeddable":true,"href":"https:\/\/ihedn.fr\/en\/wp-json\/wp\/v2\/users\/1"}],"replies":[{"embeddable":true,"href":"https:\/\/ihedn.fr\/en\/wp-json\/wp\/v2\/comments?post=7625"}],"version-history":[{"count":5,"href":"https:\/\/ihedn.fr\/en\/wp-json\/wp\/v2\/posts\/7625\/revisions"}],"predecessor-version":[{"id":7634,"href":"https:\/\/ihedn.fr\/en\/wp-json\/wp\/v2\/posts\/7625\/revisions\/7634"}],"wp:featuredmedia":[{"embeddable":true,"href":"https:\/\/ihedn.fr\/en\/wp-json\/wp\/v2\/media\/7627"}],"wp:attachment":[{"href":"https:\/\/ihedn.fr\/en\/wp-json\/wp\/v2\/media?parent=7625"}],"wp:term":[{"taxonomy":"category","embeddable":true,"href":"https:\/\/ihedn.fr\/en\/wp-json\/wp\/v2\/categories?post=7625"},{"taxonomy":"post_tag","embeddable":true,"href":"https:\/\/ihedn.fr\/en\/wp-json\/wp\/v2\/tags?post=7625"}],"curies":[{"name":"wp","href":"https:\/\/api.w.org\/{rel}","templated":true}]}}