{"id":7657,"date":"2021-02-16T16:42:49","date_gmt":"2021-02-16T15:42:49","guid":{"rendered":"https:\/\/ihedn.concilium.click\/?p=7657"},"modified":"2022-02-04T09:44:02","modified_gmt":"2022-02-04T08:44:02","slug":"regards-maritimes-5e-session-nationale-enjeux-et-strategies-maritimes","status":"publish","type":"post","link":"https:\/\/ihedn.fr\/en\/nos-publications\/regards-maritimes-5e-session-nationale-enjeux-et-strategies-maritimes\/","title":{"rendered":"MARITIME VIEWS"},"content":{"rendered":"<div data-elementor-type=\"wp-post\" data-elementor-id=\"7657\" class=\"elementor elementor-7657\" data-elementor-post-type=\"post\">\n\t\t\t\t\t\t<section data-particle_enable=\"false\" data-particle-mobile-disabled=\"false\" class=\"elementor-section elementor-top-section elementor-element elementor-element-d16ae78 elementor-section-boxed elementor-section-height-default elementor-section-height-default\" data-id=\"d16ae78\" data-element_type=\"section\" data-e-type=\"section\">\n\t\t\t\t\t\t<div class=\"elementor-container elementor-column-gap-default\">\n\t\t\t\t\t<div class=\"elementor-column elementor-col-100 elementor-top-column elementor-element elementor-element-803f05d\" data-id=\"803f05d\" data-element_type=\"column\" data-e-type=\"column\">\n\t\t\t<div class=\"elementor-widget-wrap elementor-element-populated\">\n\t\t\t\t\t\t<div class=\"elementor-element elementor-element-6ce77c7 elementor-widget elementor-widget-heading\" data-id=\"6ce77c7\" data-element_type=\"widget\" data-e-type=\"widget\" data-widget_type=\"heading.default\">\n\t\t\t\t<div class=\"elementor-widget-container\">\n\t\t\t\t\t<h1 class=\"elementor-heading-title elementor-size-default\">MARITIME VIEWS<\/h1>\t\t\t\t<\/div>\n\t\t\t\t<\/div>\n\t\t\t\t\t<\/div>\n\t\t<\/div>\n\t\t\t\t\t<\/div>\n\t\t<\/section>\n\t\t\t\t<section data-particle_enable=\"false\" data-particle-mobile-disabled=\"false\" class=\"elementor-section elementor-top-section elementor-element elementor-element-e213cce elementor-section-boxed elementor-section-height-default elementor-section-height-default\" data-id=\"e213cce\" data-element_type=\"section\" data-e-type=\"section\">\n\t\t\t\t\t\t<div class=\"elementor-container elementor-column-gap-default\">\n\t\t\t\t\t<div class=\"elementor-column elementor-col-100 elementor-top-column elementor-element elementor-element-1954655\" data-id=\"1954655\" data-element_type=\"column\" data-e-type=\"column\">\n\t\t\t<div class=\"elementor-widget-wrap elementor-element-populated\">\n\t\t\t\t\t\t<div class=\"elementor-element elementor-element-7036af8 elementor-widget elementor-widget-heading\" data-id=\"7036af8\" data-element_type=\"widget\" data-e-type=\"widget\" data-widget_type=\"heading.default\">\n\t\t\t\t<div class=\"elementor-widget-container\">\n\t\t\t\t\t<h4 class=\"elementor-heading-title elementor-size-medium\">5th NATIONAL SESSION \"MARITIME CHALLENGES AND STRATEGIES\n2019-2020<\/h4>\t\t\t\t<\/div>\n\t\t\t\t<\/div>\n\t\t\t\t\t<\/div>\n\t\t<\/div>\n\t\t\t\t\t<\/div>\n\t\t<\/section>\n\t\t\t\t<section data-particle_enable=\"false\" data-particle-mobile-disabled=\"false\" class=\"elementor-section elementor-top-section elementor-element elementor-element-307dca8 elementor-section-boxed elementor-section-height-default elementor-section-height-default\" data-id=\"307dca8\" data-element_type=\"section\" data-e-type=\"section\">\n\t\t\t\t\t\t<div class=\"elementor-container elementor-column-gap-default\">\n\t\t\t\t\t<div class=\"elementor-column elementor-col-100 elementor-top-column elementor-element elementor-element-acdef6f\" data-id=\"acdef6f\" data-element_type=\"column\" data-e-type=\"column\">\n\t\t\t<div class=\"elementor-widget-wrap elementor-element-populated\">\n\t\t\t\t\t\t<div class=\"elementor-element elementor-element-bd0ae7c elementor-widget elementor-widget-text-editor\" data-id=\"bd0ae7c\" data-element_type=\"widget\" data-e-type=\"widget\" data-widget_type=\"text-editor.default\">\n\t\t\t\t<div class=\"elementor-widget-container\">\n\t\t\t\t\t\t\t\t\t<p><strong><span style=\"color: #000000;\"><em>For its fifth national session on \"Maritime Challenges and Strategies\" in 2019-2020, IHEDN has chosen a particular focus: the impact of climate change and protection of the marine environment on defence and security issues.<\/em><\/span><\/strong><\/p>\t\t\t\t\t\t\t\t<\/div>\n\t\t\t\t<\/div>\n\t\t\t\t<div class=\"elementor-element elementor-element-b9cd8e9 elementor-widget elementor-widget-text-editor\" data-id=\"b9cd8e9\" data-element_type=\"widget\" data-e-type=\"widget\" data-widget_type=\"text-editor.default\">\n\t\t\t\t<div class=\"elementor-widget-container\">\n\t\t\t\t\t\t\t\t\t<p>Lectures, round tables and visits provide academic and operational input that feeds the auditors' thinking and nourishes their committee work. In this way, the testimonies of leading figures and the diversity of the expertise on offer compare and interact with the professional experiences of the auditors to give rise to original and constructive ideas.<\/p><p>This document Regards maritimes de la session is intended to be plural. It brings together, in a thematic and structured way, the summaries of the conference-debates, round tables and visits written by the auditors at the end of the activities proposed to them. In addition to reporting the views and opinions of the people they met, these reports were written under the sole responsibility of the auditors. Their compilation of the subjects dealt with is therefore naturally non-exhaustive and in no way represents the official position of the IHEDN or the Institut FMES.<\/p><p>This edition illustrates the uniqueness and openness of IHEDN. It demonstrates the diversity of viewpoints on a wide range of issues. I would like to thank all our students who, each year, contribute to enriching the debates at the IHEDN, thereby helping to spread the spirit of defence within our nation and, as far as the students of this fifth session on \"Maritime issues and strategies\" are concerned, helping to make many of our fellow citizens aware of the importance of the sea and the oceans.<\/p><p style=\"text-align: right;\"><em>Lieutenant General Patrick Destremau<\/em><br \/><em>Director of IHEDN<\/em><\/p>\t\t\t\t\t\t\t\t<\/div>\n\t\t\t\t<\/div>\n\t\t\t\t<div class=\"elementor-element elementor-element-62a3b0f elementor-widget elementor-widget-text-editor\" data-id=\"62a3b0f\" data-element_type=\"widget\" data-e-type=\"widget\" data-widget_type=\"text-editor.default\">\n\t\t\t\t<div class=\"elementor-widget-container\">\n\t\t\t\t\t\t\t\t\t<h4 class=\"rtejustify\"><strong>Contents :<\/strong><\/h4><div class=\"rtejustify\"><p>Foreword<\/p><p><strong><span style=\"color: #000000;\">THE SEA AT THE HEART OF MULTIPLE GLOBAL CHALLENGES<\/span><\/strong><\/p><p>Seas and oceans: vectors of globalisation<\/p><p>Maritime climate and environmental protection issues<\/p><p>The digital challenges of information management<\/p><p>The sea: a highly strategic environment<\/p><p>A growing number of maritime safety challenges<\/p><p><strong><span style=\"color: #000000;\">THE EUROPEAN UNION'S MARITIME INVOLVEMENT<\/span><\/strong><\/p><p>Tensions at Europe's maritime borders<\/p><p>The difficulty of setting up European maritime action<\/p><p>The European maritime economy and the impact of Brexit<\/p><p>France and the maritime challenges of the 21st century<\/p><p><strong><span style=\"color: #000000;\">FRANCE'S MARITIME ASSETS<\/span><\/strong><\/p><p>A French maritime policy in need of clarification<\/p><p>The players in French maritime governance<\/p><p>French resources to meet maritime challenges<\/p><p><strong><span style=\"color: #000000;\">PRIORITY AREAS FOR MARITIME ACTION TO CONSOLIDATE FRANCE'S STRATEGIC AUTONOMY<\/span><\/strong><\/p><p>Mastering cognitive issues<\/p><p>Guaranteeing France's freedom of economic action<\/p><p>Strengthening France's freedom of diplomatic and military action<\/p><p><strong><span style=\"color: #000000;\">APPENDIX 1: DJIBOUTI<\/span><\/strong><\/p><p>Dynamic demonstrations of the capabilities of the French forces in Djibouti<\/p><p>Rubis Energy in Djibouti<\/p><p>The United Nations presence in Djibouti<\/p><p><strong><span style=\"color: #000000;\">APPENDIX 2: THE FRENCH NAVY<\/span><\/strong><\/p><p>The challenges of conducting naval air operations<\/p><p>The forces of the French Navy<\/p><p>The naval aviation force (Alavia)<\/p><p>The marine force of fusiliers marins and commandos<\/p><p><strong><span style=\"color: #000000;\">APPENDIX 3: NAVAL GROUP<\/span><\/strong><\/p><p>The Naval Group site in Lorient<\/p><p>Naval Group in Ollioules<\/p><p><strong><span style=\"color: #000000;\">APPENDIX 4: ATLANTIC SHIPYARDS<\/span><\/strong><\/p><p><strong><span style=\"color: #000000;\">APPENDIX 5: CMA CGM<\/span><\/strong><\/p><p><strong><span style=\"color: #000000;\">APPENDIX 6: ACRONYMS<\/span><\/strong><\/p><\/div>\t\t\t\t\t\t\t\t<\/div>\n\t\t\t\t<\/div>\n\t\t\t\t\t<\/div>\n\t\t<\/div>\n\t\t\t\t\t<\/div>\n\t\t<\/section>\n\t\t\t\t<\/div>","protected":false},"excerpt":{"rendered":"<p><strong><span style=\"color: #c80a23;\">5<sup>e<\/sup> NATIONAL SESSION ON MARITIME ISSUES AND STRATEGIES 2019-2020<\/span><\/strong><br \/>\nFor its fifth national session on \"Maritime Challenges and Strategies\" in 2019-2020, IHEDN has chosen a particular focus: the impact of climate change and protection of the marine environment on defence and security issues.<\/p>","protected":false},"author":1,"featured_media":7658,"comment_status":"closed","ping_status":"closed","sticky":false,"template":"","format":"standard","meta":{"footnotes":""},"categories":[91],"tags":[],"class_list":["post-7657","post","type-post","status-publish","format-standard","has-post-thumbnail","hentry","category-nos-publications"],"yoast_head":"<!-- This site is optimized with the Yoast SEO plugin v27.5 - https:\/\/yoast.com\/product\/yoast-seo-wordpress\/ -->\n<title>REGARDS MARITIMES - L&#039;IHEDN : Institut des hautes \u00e9tudes de d\u00e9fense nationale<\/title>\n<meta name=\"robots\" content=\"index, follow, max-snippet:-1, max-image-preview:large, max-video-preview:-1\" \/>\n<link rel=\"canonical\" href=\"https:\/\/ihedn.fr\/en\/publications\/regards-maritimes-5e-session-nationale-enjeux-et-strategies-maritimes\/\" \/>\n<meta property=\"og:locale\" content=\"en_GB\" \/>\n<meta property=\"og:type\" content=\"article\" \/>\n<meta property=\"og:title\" content=\"REGARDS MARITIMES - L&#039;IHEDN : Institut des hautes \u00e9tudes de d\u00e9fense nationale\" \/>\n<meta property=\"og:description\" content=\"5e SESSION NATIONALE &quot;ENJEUX ET STRAT\u00c9GIES MARITIMES&quot; 2019-2020 Pour sa cinqui\u00e8me session nationale \u201cEnjeux et strat\u00e9gies maritimes\u201d 2019-2020, l\u2019IHEDN a retenu un axe de r\u00e9flexion particulier : l\u2019impact des changements climatiques et de la protection de l\u2019environnement marin sur les enjeux de d\u00e9fense et de s\u00e9curit\u00e9.\" \/>\n<meta property=\"og:url\" content=\"https:\/\/ihedn.fr\/en\/publications\/regards-maritimes-5e-session-nationale-enjeux-et-strategies-maritimes\/\" \/>\n<meta property=\"og:site_name\" content=\"L&#039;IHEDN : Institut des hautes \u00e9tudes de d\u00e9fense nationale\" \/>\n<meta property=\"article:publisher\" content=\"https:\/\/www.facebook.com\/ihedn\/\" \/>\n<meta property=\"article:published_time\" content=\"2021-02-16T15:42:49+00:00\" \/>\n<meta property=\"article:modified_time\" content=\"2022-02-04T08:44:02+00:00\" \/>\n<meta property=\"og:image\" content=\"https:\/\/ihedn.fr\/wp-content\/uploads\/2021\/02\/Regards_Maritimes_5-1.jpg\" \/>\n\t<meta property=\"og:image:width\" content=\"1369\" \/>\n\t<meta property=\"og:image:height\" content=\"2020\" \/>\n\t<meta property=\"og:image:type\" content=\"image\/jpeg\" \/>\n<meta name=\"author\" content=\"dev\" \/>\n<meta name=\"twitter:card\" content=\"summary_large_image\" \/>\n<meta name=\"twitter:creator\" content=\"@IHEDN\" \/>\n<meta name=\"twitter:site\" content=\"@IHEDN\" \/>\n<meta name=\"twitter:label1\" content=\"Written by\" \/>\n\t<meta name=\"twitter:data1\" content=\"dev\" \/>\n\t<meta name=\"twitter:label2\" content=\"Estimated reading time\" \/>\n\t<meta name=\"twitter:data2\" content=\"3 minutes\" \/>\n<script type=\"application\/ld+json\" class=\"yoast-schema-graph\">{\"@context\":\"https:\\\/\\\/schema.org\",\"@graph\":[{\"@type\":\"Article\",\"@id\":\"https:\\\/\\\/ihedn.fr\\\/publications\\\/regards-maritimes-5e-session-nationale-enjeux-et-strategies-maritimes\\\/#article\",\"isPartOf\":{\"@id\":\"https:\\\/\\\/ihedn.fr\\\/publications\\\/regards-maritimes-5e-session-nationale-enjeux-et-strategies-maritimes\\\/\"},\"author\":{\"name\":\"dev\",\"@id\":\"https:\\\/\\\/ihedn.fr\\\/#\\\/schema\\\/person\\\/7a40155595e4efb35323447cb8c8c5a4\"},\"headline\":\"REGARDS MARITIMES\",\"datePublished\":\"2021-02-16T15:42:49+00:00\",\"dateModified\":\"2022-02-04T08:44:02+00:00\",\"mainEntityOfPage\":{\"@id\":\"https:\\\/\\\/ihedn.fr\\\/publications\\\/regards-maritimes-5e-session-nationale-enjeux-et-strategies-maritimes\\\/\"},\"wordCount\":608,\"publisher\":{\"@id\":\"https:\\\/\\\/ihedn.fr\\\/#organization\"},\"image\":{\"@id\":\"https:\\\/\\\/ihedn.fr\\\/publications\\\/regards-maritimes-5e-session-nationale-enjeux-et-strategies-maritimes\\\/#primaryimage\"},\"thumbnailUrl\":\"https:\\\/\\\/ihedn.fr\\\/wp-content\\\/uploads\\\/2021\\\/02\\\/Regards_Maritimes_5-1.jpg\",\"articleSection\":[\"nos publications\"],\"inLanguage\":\"en-GB\"},{\"@type\":\"WebPage\",\"@id\":\"https:\\\/\\\/ihedn.fr\\\/publications\\\/regards-maritimes-5e-session-nationale-enjeux-et-strategies-maritimes\\\/\",\"url\":\"https:\\\/\\\/ihedn.fr\\\/publications\\\/regards-maritimes-5e-session-nationale-enjeux-et-strategies-maritimes\\\/\",\"name\":\"REGARDS MARITIMES - L&#039;IHEDN : Institut des hautes \u00e9tudes de d\u00e9fense nationale\",\"isPartOf\":{\"@id\":\"https:\\\/\\\/ihedn.fr\\\/#website\"},\"primaryImageOfPage\":{\"@id\":\"https:\\\/\\\/ihedn.fr\\\/publications\\\/regards-maritimes-5e-session-nationale-enjeux-et-strategies-maritimes\\\/#primaryimage\"},\"image\":{\"@id\":\"https:\\\/\\\/ihedn.fr\\\/publications\\\/regards-maritimes-5e-session-nationale-enjeux-et-strategies-maritimes\\\/#primaryimage\"},\"thumbnailUrl\":\"https:\\\/\\\/ihedn.fr\\\/wp-content\\\/uploads\\\/2021\\\/02\\\/Regards_Maritimes_5-1.jpg\",\"datePublished\":\"2021-02-16T15:42:49+00:00\",\"dateModified\":\"2022-02-04T08:44:02+00:00\",\"breadcrumb\":{\"@id\":\"https:\\\/\\\/ihedn.fr\\\/publications\\\/regards-maritimes-5e-session-nationale-enjeux-et-strategies-maritimes\\\/#breadcrumb\"},\"inLanguage\":\"en-GB\",\"potentialAction\":[{\"@type\":\"ReadAction\",\"target\":[\"https:\\\/\\\/ihedn.fr\\\/publications\\\/regards-maritimes-5e-session-nationale-enjeux-et-strategies-maritimes\\\/\"]}]},{\"@type\":\"ImageObject\",\"inLanguage\":\"en-GB\",\"@id\":\"https:\\\/\\\/ihedn.fr\\\/publications\\\/regards-maritimes-5e-session-nationale-enjeux-et-strategies-maritimes\\\/#primaryimage\",\"url\":\"https:\\\/\\\/ihedn.fr\\\/wp-content\\\/uploads\\\/2021\\\/02\\\/Regards_Maritimes_5-1.jpg\",\"contentUrl\":\"https:\\\/\\\/ihedn.fr\\\/wp-content\\\/uploads\\\/2021\\\/02\\\/Regards_Maritimes_5-1.jpg\",\"width\":1369,\"height\":2020,\"caption\":\"REGARDS MARITIMES - 5e SESSION NATIONALE - \\\"ENJEUX ET STRAT\u00c9GIES MARITIMES\\\"\"},{\"@type\":\"BreadcrumbList\",\"@id\":\"https:\\\/\\\/ihedn.fr\\\/publications\\\/regards-maritimes-5e-session-nationale-enjeux-et-strategies-maritimes\\\/#breadcrumb\",\"itemListElement\":[{\"@type\":\"ListItem\",\"position\":1,\"name\":\"Accueil\",\"item\":\"https:\\\/\\\/ihedn.fr\\\/\"},{\"@type\":\"ListItem\",\"position\":2,\"name\":\"REGARDS MARITIMES\"}]},{\"@type\":\"WebSite\",\"@id\":\"https:\\\/\\\/ihedn.fr\\\/#website\",\"url\":\"https:\\\/\\\/ihedn.fr\\\/\",\"name\":\"IHEDN : Institut des hautes \u00e9tudes de d\u00e9fense nationale |\",\"description\":\"Site officiel de l&#039;IHEDN plac\u00e9 sous la tutelle du Premier ministre.\",\"publisher\":{\"@id\":\"https:\\\/\\\/ihedn.fr\\\/#organization\"},\"potentialAction\":[{\"@type\":\"SearchAction\",\"target\":{\"@type\":\"EntryPoint\",\"urlTemplate\":\"https:\\\/\\\/ihedn.fr\\\/?s={search_term_string}\"},\"query-input\":{\"@type\":\"PropertyValueSpecification\",\"valueRequired\":true,\"valueName\":\"search_term_string\"}}],\"inLanguage\":\"en-GB\"},{\"@type\":\"Organization\",\"@id\":\"https:\\\/\\\/ihedn.fr\\\/#organization\",\"name\":\"IHEDN - Institut des Hautes Etudes de D\u00e9fense Nationale\",\"url\":\"https:\\\/\\\/ihedn.fr\\\/\",\"logo\":{\"@type\":\"ImageObject\",\"inLanguage\":\"en-GB\",\"@id\":\"https:\\\/\\\/ihedn.fr\\\/#\\\/schema\\\/logo\\\/image\\\/\",\"url\":\"https:\\\/\\\/ihedn.fr\\\/wp-content\\\/uploads\\\/2020\\\/11\\\/BLOC_RF_IHEDN_WEB.png\",\"contentUrl\":\"https:\\\/\\\/ihedn.fr\\\/wp-content\\\/uploads\\\/2020\\\/11\\\/BLOC_RF_IHEDN_WEB.png\",\"width\":500,\"height\":237,\"caption\":\"IHEDN - Institut des Hautes Etudes de D\u00e9fense Nationale\"},\"image\":{\"@id\":\"https:\\\/\\\/ihedn.fr\\\/#\\\/schema\\\/logo\\\/image\\\/\"},\"sameAs\":[\"https:\\\/\\\/www.facebook.com\\\/ihedn\\\/\",\"https:\\\/\\\/x.com\\\/IHEDN\",\"https:\\\/\\\/www.instagram.com\\\/ihedn\\\/\",\"https:\\\/\\\/www.linkedin.com\\\/school\\\/ihedn\\\/\",\"https:\\\/\\\/fr.wikipedia.org\\\/wiki\\\/Institut_des_hautes_\u00e9tudes_de_D\u00e9fense_nationale\"]},{\"@type\":\"Person\",\"@id\":\"https:\\\/\\\/ihedn.fr\\\/#\\\/schema\\\/person\\\/7a40155595e4efb35323447cb8c8c5a4\",\"name\":\"dev\",\"image\":{\"@type\":\"ImageObject\",\"inLanguage\":\"en-GB\",\"@id\":\"https:\\\/\\\/secure.gravatar.com\\\/avatar\\\/f1ffcac9ca2fa95ad3ec33e9be3ade82f752acb0cabe541e56c5889225afa88a?s=96&d=mm&r=g\",\"url\":\"https:\\\/\\\/secure.gravatar.com\\\/avatar\\\/f1ffcac9ca2fa95ad3ec33e9be3ade82f752acb0cabe541e56c5889225afa88a?s=96&d=mm&r=g\",\"contentUrl\":\"https:\\\/\\\/secure.gravatar.com\\\/avatar\\\/f1ffcac9ca2fa95ad3ec33e9be3ade82f752acb0cabe541e56c5889225afa88a?s=96&d=mm&r=g\",\"caption\":\"dev\"},\"sameAs\":[\"https:\\\/\\\/ihedn.concilium.click\"],\"url\":\"https:\\\/\\\/ihedn.fr\\\/en\\\/author\\\/dev\\\/\"}]}<\/script>\n<!-- \/ Yoast SEO plugin. -->","yoast_head_json":{"title":"REGARDS MARITIMES - IHEDN: Institute for Advanced National Defence Studies","robots":{"index":"index","follow":"follow","max-snippet":"max-snippet:-1","max-image-preview":"max-image-preview:large","max-video-preview":"max-video-preview:-1"},"canonical":"https:\/\/ihedn.fr\/en\/publications\/regards-maritimes-5e-session-nationale-enjeux-et-strategies-maritimes\/","og_locale":"en_GB","og_type":"article","og_title":"REGARDS MARITIMES - L&#039;IHEDN : Institut des hautes \u00e9tudes de d\u00e9fense nationale","og_description":"5e SESSION NATIONALE \"ENJEUX ET STRAT\u00c9GIES MARITIMES\" 2019-2020 Pour sa cinqui\u00e8me session nationale \u201cEnjeux et strat\u00e9gies maritimes\u201d 2019-2020, l\u2019IHEDN a retenu un axe de r\u00e9flexion particulier : l\u2019impact des changements climatiques et de la protection de l\u2019environnement marin sur les enjeux de d\u00e9fense et de s\u00e9curit\u00e9.","og_url":"https:\/\/ihedn.fr\/en\/publications\/regards-maritimes-5e-session-nationale-enjeux-et-strategies-maritimes\/","og_site_name":"L&#039;IHEDN : Institut des hautes \u00e9tudes de d\u00e9fense nationale","article_publisher":"https:\/\/www.facebook.com\/ihedn\/","article_published_time":"2021-02-16T15:42:49+00:00","article_modified_time":"2022-02-04T08:44:02+00:00","og_image":[{"width":1369,"height":2020,"url":"https:\/\/ihedn.fr\/wp-content\/uploads\/2021\/02\/Regards_Maritimes_5-1.jpg","type":"image\/jpeg"}],"author":"dev","twitter_card":"summary_large_image","twitter_creator":"@IHEDN","twitter_site":"@IHEDN","twitter_misc":{"Written by":"dev","Estimated reading time":"3 minutes"},"schema":{"@context":"https:\/\/schema.org","@graph":[{"@type":"Article","@id":"https:\/\/ihedn.fr\/publications\/regards-maritimes-5e-session-nationale-enjeux-et-strategies-maritimes\/#article","isPartOf":{"@id":"https:\/\/ihedn.fr\/publications\/regards-maritimes-5e-session-nationale-enjeux-et-strategies-maritimes\/"},"author":{"name":"dev","@id":"https:\/\/ihedn.fr\/#\/schema\/person\/7a40155595e4efb35323447cb8c8c5a4"},"headline":"REGARDS MARITIMES","datePublished":"2021-02-16T15:42:49+00:00","dateModified":"2022-02-04T08:44:02+00:00","mainEntityOfPage":{"@id":"https:\/\/ihedn.fr\/publications\/regards-maritimes-5e-session-nationale-enjeux-et-strategies-maritimes\/"},"wordCount":608,"publisher":{"@id":"https:\/\/ihedn.fr\/#organization"},"image":{"@id":"https:\/\/ihedn.fr\/publications\/regards-maritimes-5e-session-nationale-enjeux-et-strategies-maritimes\/#primaryimage"},"thumbnailUrl":"https:\/\/ihedn.fr\/wp-content\/uploads\/2021\/02\/Regards_Maritimes_5-1.jpg","articleSection":["nos publications"],"inLanguage":"en-GB"},{"@type":"WebPage","@id":"https:\/\/ihedn.fr\/publications\/regards-maritimes-5e-session-nationale-enjeux-et-strategies-maritimes\/","url":"https:\/\/ihedn.fr\/publications\/regards-maritimes-5e-session-nationale-enjeux-et-strategies-maritimes\/","name":"REGARDS MARITIMES - IHEDN: Institute for Advanced National Defence Studies","isPartOf":{"@id":"https:\/\/ihedn.fr\/#website"},"primaryImageOfPage":{"@id":"https:\/\/ihedn.fr\/publications\/regards-maritimes-5e-session-nationale-enjeux-et-strategies-maritimes\/#primaryimage"},"image":{"@id":"https:\/\/ihedn.fr\/publications\/regards-maritimes-5e-session-nationale-enjeux-et-strategies-maritimes\/#primaryimage"},"thumbnailUrl":"https:\/\/ihedn.fr\/wp-content\/uploads\/2021\/02\/Regards_Maritimes_5-1.jpg","datePublished":"2021-02-16T15:42:49+00:00","dateModified":"2022-02-04T08:44:02+00:00","breadcrumb":{"@id":"https:\/\/ihedn.fr\/publications\/regards-maritimes-5e-session-nationale-enjeux-et-strategies-maritimes\/#breadcrumb"},"inLanguage":"en-GB","potentialAction":[{"@type":"ReadAction","target":["https:\/\/ihedn.fr\/publications\/regards-maritimes-5e-session-nationale-enjeux-et-strategies-maritimes\/"]}]},{"@type":"ImageObject","inLanguage":"en-GB","@id":"https:\/\/ihedn.fr\/publications\/regards-maritimes-5e-session-nationale-enjeux-et-strategies-maritimes\/#primaryimage","url":"https:\/\/ihedn.fr\/wp-content\/uploads\/2021\/02\/Regards_Maritimes_5-1.jpg","contentUrl":"https:\/\/ihedn.fr\/wp-content\/uploads\/2021\/02\/Regards_Maritimes_5-1.jpg","width":1369,"height":2020,"caption":"REGARDS MARITIMES - 5e SESSION NATIONALE - \"ENJEUX ET STRAT\u00c9GIES MARITIMES\""},{"@type":"BreadcrumbList","@id":"https:\/\/ihedn.fr\/publications\/regards-maritimes-5e-session-nationale-enjeux-et-strategies-maritimes\/#breadcrumb","itemListElement":[{"@type":"ListItem","position":1,"name":"Accueil","item":"https:\/\/ihedn.fr\/"},{"@type":"ListItem","position":2,"name":"REGARDS MARITIMES"}]},{"@type":"WebSite","@id":"https:\/\/ihedn.fr\/#website","url":"https:\/\/ihedn.fr\/","name":"IHEDN: Institut des hautes \u00e9tudes de d\u00e9fense nationale (Institute for Higher National Defence Studies)","description":"Official website of the IHEDN under the supervision of the Prime Minister.","publisher":{"@id":"https:\/\/ihedn.fr\/#organization"},"potentialAction":[{"@type":"SearchAction","target":{"@type":"EntryPoint","urlTemplate":"https:\/\/ihedn.fr\/?s={search_term_string}"},"query-input":{"@type":"PropertyValueSpecification","valueRequired":true,"valueName":"search_term_string"}}],"inLanguage":"en-GB"},{"@type":"Organization","@id":"https:\/\/ihedn.fr\/#organization","name":"IHEDN - Institute for Higher National Defence Studies","url":"https:\/\/ihedn.fr\/","logo":{"@type":"ImageObject","inLanguage":"en-GB","@id":"https:\/\/ihedn.fr\/#\/schema\/logo\/image\/","url":"https:\/\/ihedn.fr\/wp-content\/uploads\/2020\/11\/BLOC_RF_IHEDN_WEB.png","contentUrl":"https:\/\/ihedn.fr\/wp-content\/uploads\/2020\/11\/BLOC_RF_IHEDN_WEB.png","width":500,"height":237,"caption":"IHEDN - Institut des Hautes Etudes de D\u00e9fense Nationale"},"image":{"@id":"https:\/\/ihedn.fr\/#\/schema\/logo\/image\/"},"sameAs":["https:\/\/www.facebook.com\/ihedn\/","https:\/\/x.com\/IHEDN","https:\/\/www.instagram.com\/ihedn\/","https:\/\/www.linkedin.com\/school\/ihedn\/","https:\/\/fr.wikipedia.org\/wiki\/Institut_des_hautes_\u00e9tudes_de_D\u00e9fense_nationale"]},{"@type":"Person","@id":"https:\/\/ihedn.fr\/#\/schema\/person\/7a40155595e4efb35323447cb8c8c5a4","name":"dev","image":{"@type":"ImageObject","inLanguage":"en-GB","@id":"https:\/\/secure.gravatar.com\/avatar\/f1ffcac9ca2fa95ad3ec33e9be3ade82f752acb0cabe541e56c5889225afa88a?s=96&d=mm&r=g","url":"https:\/\/secure.gravatar.com\/avatar\/f1ffcac9ca2fa95ad3ec33e9be3ade82f752acb0cabe541e56c5889225afa88a?s=96&d=mm&r=g","contentUrl":"https:\/\/secure.gravatar.com\/avatar\/f1ffcac9ca2fa95ad3ec33e9be3ade82f752acb0cabe541e56c5889225afa88a?s=96&d=mm&r=g","caption":"dev"},"sameAs":["https:\/\/ihedn.concilium.click"],"url":"https:\/\/ihedn.fr\/en\/author\/dev\/"}]}},"publishpress_future_action":{"enabled":false,"date":"2026-05-08 23:53:08","action":"change-status","newStatus":"draft","terms":[],"taxonomy":"category","extraData":[]},"publishpress_future_workflow_manual_trigger":{"enabledWorkflows":[]},"_links":{"self":[{"href":"https:\/\/ihedn.fr\/en\/wp-json\/wp\/v2\/posts\/7657","targetHints":{"allow":["GET"]}}],"collection":[{"href":"https:\/\/ihedn.fr\/en\/wp-json\/wp\/v2\/posts"}],"about":[{"href":"https:\/\/ihedn.fr\/en\/wp-json\/wp\/v2\/types\/post"}],"author":[{"embeddable":true,"href":"https:\/\/ihedn.fr\/en\/wp-json\/wp\/v2\/users\/1"}],"replies":[{"embeddable":true,"href":"https:\/\/ihedn.fr\/en\/wp-json\/wp\/v2\/comments?post=7657"}],"version-history":[{"count":5,"href":"https:\/\/ihedn.fr\/en\/wp-json\/wp\/v2\/posts\/7657\/revisions"}],"predecessor-version":[{"id":12323,"href":"https:\/\/ihedn.fr\/en\/wp-json\/wp\/v2\/posts\/7657\/revisions\/12323"}],"wp:featuredmedia":[{"embeddable":true,"href":"https:\/\/ihedn.fr\/en\/wp-json\/wp\/v2\/media\/7658"}],"wp:attachment":[{"href":"https:\/\/ihedn.fr\/en\/wp-json\/wp\/v2\/media?parent=7657"}],"wp:term":[{"taxonomy":"category","embeddable":true,"href":"https:\/\/ihedn.fr\/en\/wp-json\/wp\/v2\/categories?post=7657"},{"taxonomy":"post_tag","embeddable":true,"href":"https:\/\/ihedn.fr\/en\/wp-json\/wp\/v2\/tags?post=7657"}],"curies":[{"name":"wp","href":"https:\/\/api.w.org\/{rel}","templated":true}]}}