{"id":7725,"date":"2019-02-05T10:00:51","date_gmt":"2019-02-05T09:00:51","guid":{"rendered":"https:\/\/ihedn.concilium.click\/?p=7725"},"modified":"2021-02-18T12:23:53","modified_gmt":"2021-02-18T11:23:53","slug":"heurs-et-malheurs-de-la-cooperation-en-matiere-de-defense-entre-les-etats-baltes-depuis-les-annees-1990","status":"publish","type":"post","link":"https:\/\/ihedn.fr\/en\/uncategorized\/heurs-et-malheurs-de-la-cooperation-en-matiere-de-defense-entre-les-etats-baltes-depuis-les-annees-1990\/","title":{"rendered":"The ups and downs of defence cooperation between the Baltic States since the 1990s"},"content":{"rendered":"<div data-elementor-type=\"wp-post\" data-elementor-id=\"7725\" class=\"elementor elementor-7725\" data-elementor-post-type=\"post\">\n\t\t\t\t\t\t<section data-particle_enable=\"false\" data-particle-mobile-disabled=\"false\" class=\"elementor-section elementor-top-section elementor-element elementor-element-d16ae78 elementor-section-boxed elementor-section-height-default elementor-section-height-default\" data-id=\"d16ae78\" data-element_type=\"section\" data-e-type=\"section\">\n\t\t\t\t\t\t<div class=\"elementor-container elementor-column-gap-default\">\n\t\t\t\t\t<div class=\"elementor-column elementor-col-100 elementor-top-column elementor-element elementor-element-803f05d\" data-id=\"803f05d\" data-element_type=\"column\" data-e-type=\"column\">\n\t\t\t<div class=\"elementor-widget-wrap elementor-element-populated\">\n\t\t\t\t\t\t<div class=\"elementor-element elementor-element-6ce77c7 elementor-widget elementor-widget-heading\" data-id=\"6ce77c7\" data-element_type=\"widget\" data-e-type=\"widget\" data-widget_type=\"heading.default\">\n\t\t\t\t<div class=\"elementor-widget-container\">\n\t\t\t\t\t<h1 class=\"elementor-heading-title elementor-size-default\">The ups and downs of defence cooperation between the Baltic States since the 1990s<\/h1>\t\t\t\t<\/div>\n\t\t\t\t<\/div>\n\t\t\t\t\t<\/div>\n\t\t<\/div>\n\t\t\t\t\t<\/div>\n\t\t<\/section>\n\t\t\t\t<section data-particle_enable=\"false\" data-particle-mobile-disabled=\"false\" class=\"elementor-section elementor-top-section elementor-element elementor-element-307dca8 elementor-section-boxed elementor-section-height-default elementor-section-height-default\" data-id=\"307dca8\" data-element_type=\"section\" data-e-type=\"section\">\n\t\t\t\t\t\t<div class=\"elementor-container elementor-column-gap-default\">\n\t\t\t\t\t<div class=\"elementor-column elementor-col-100 elementor-top-column elementor-element elementor-element-acdef6f\" data-id=\"acdef6f\" data-element_type=\"column\" data-e-type=\"column\">\n\t\t\t<div class=\"elementor-widget-wrap elementor-element-populated\">\n\t\t\t\t\t\t<div class=\"elementor-element elementor-element-5509927 elementor-widget elementor-widget-heading\" data-id=\"5509927\" data-element_type=\"widget\" data-e-type=\"widget\" data-widget_type=\"heading.default\">\n\t\t\t\t<div class=\"elementor-widget-container\">\n\t\t\t\t\t<h4 class=\"elementor-heading-title elementor-size-default\">\u017divil\u0117 Kalibatait\u0117<\/h4>\t\t\t\t<\/div>\n\t\t\t\t<\/div>\n\t\t\t\t<div class=\"elementor-element elementor-element-b9cd8e9 elementor-widget elementor-widget-text-editor\" data-id=\"b9cd8e9\" data-element_type=\"widget\" data-e-type=\"widget\" data-widget_type=\"text-editor.default\">\n\t\t\t\t<div class=\"elementor-widget-container\">\n\t\t\t\t\t\t\t\t\t<p><em>Strategic<\/em> devotes its latest issue to the Baltic Sea, a maritime area whose importance is little known despite its geographical proximity. Edited by Matthieu <span class=\"caps\">CHILLAUD<\/span>This dossier is presented by Georges-Henri <span class=\"caps\">SOUTOU<\/span>Chairman of the<span class=\"caps\">ISC<\/span> and member of the Institut. In his editorial, M.\u00a0<span class=\"caps\">SOUTOU<\/span> recalls the importance of this sea from the Middle Ages onwards, which the modern and contemporary eras have since confirmed up to the two world wars. The stakes and rivalries have not lost their intensity since the end of the Cold War. Today, the Baltic Sea remains an area of strategic confrontation against a backdrop of energy supplies, rising tensions with Russia, and with the first Chinese warships now cruising its waters.<\/p><p>Whether on the northern margins with the Baltic or the southern with the Mediterranean, maritime issues are weighing more heavily than ever on European security. The contents of this issue can be consulted at <a href=\"http:\/\/www.institut-strategie.fr\/?p=6200\">here.<\/a><\/p>\t\t\t\t\t\t\t\t<\/div>\n\t\t\t\t<\/div>\n\t\t\t\t<div class=\"elementor-element elementor-element-62a3b0f elementor-widget elementor-widget-text-editor\" data-id=\"62a3b0f\" data-element_type=\"widget\" data-e-type=\"widget\" data-widget_type=\"text-editor.default\">\n\t\t\t\t<div class=\"elementor-widget-container\">\n\t\t\t\t\t\t\t\t\t<p><a href=\"http:\/\/www.institut-strategie.fr\/?p=6200\"><strong>\"<small class=\"fine\">\u00a0<\/small>Geostrategy of the Baltic Sea<small class=\"fine\">\u00a0<\/small>\"<\/strong><\/a><\/p><p><em>Strategic<\/em><br \/>N\u00b0 121-122<br \/>2019\/1-2<br \/>394 p.<\/p>\t\t\t\t\t\t\t\t<\/div>\n\t\t\t\t<\/div>\n\t\t\t\t\t<\/div>\n\t\t<\/div>\n\t\t\t\t\t<\/div>\n\t\t<\/section>\n\t\t\t\t<\/div>","protected":false},"excerpt":{"rendered":"<p>\u017divil\u0117 Kalibatait\u0117 Strat\u00e9gique consacre son dernier num\u00e9ro \u00e0 la Mer Baltique\u00a0: un espace maritime dont l\u2019importance est assez mal connue nonobstant sa proximit\u00e9 g\u00e9ographique. Dirig\u00e9 par Matthieu CHILLAUD, ce dossier est pr\u00e9sent\u00e9 par Georges-Henri SOUTOU, pr\u00e9sident de l\u2019ISC et membre de l\u2019Institut. Dans son \u00e9ditorial, M.\u00a0SOUTOU rappelle l\u2019importance de cette mer d\u00e8s le Moyen-\u00c2ge, que [&hellip;]<\/p>\n","protected":false},"author":1,"featured_media":7727,"comment_status":"closed","ping_status":"closed","sticky":false,"template":"","format":"standard","meta":{"footnotes":""},"categories":[1],"tags":[],"class_list":["post-7725","post","type-post","status-publish","format-standard","has-post-thumbnail","hentry","category-uncategorized"],"yoast_head":"<!-- This site is optimized with the Yoast SEO plugin v27.5 - https:\/\/yoast.com\/product\/yoast-seo-wordpress\/ -->\n<title>Heurs et malheurs de la coop\u00e9ration en mati\u00e8re de d\u00e9fense entre les \u00c9tats baltes depuis les ann\u00e9es 1990 - L&#039;IHEDN : Institut des hautes \u00e9tudes de d\u00e9fense nationale<\/title>\n<meta name=\"robots\" content=\"index, follow, max-snippet:-1, max-image-preview:large, max-video-preview:-1\" \/>\n<link rel=\"canonical\" href=\"https:\/\/ihedn.fr\/en\/publications\/heurs-et-malheurs-de-la-cooperation-en-matiere-de-defense-entre-les-etats-baltes-depuis-les-annees-1990\/\" \/>\n<meta property=\"og:locale\" content=\"en_GB\" \/>\n<meta property=\"og:type\" content=\"article\" \/>\n<meta property=\"og:title\" content=\"Heurs et malheurs de la coop\u00e9ration en mati\u00e8re de d\u00e9fense entre les \u00c9tats baltes depuis les ann\u00e9es 1990 - L&#039;IHEDN : Institut des hautes \u00e9tudes de d\u00e9fense nationale\" \/>\n<meta property=\"og:description\" content=\"\u017divil\u0117 Kalibatait\u0117 Strat\u00e9gique consacre son dernier num\u00e9ro \u00e0 la Mer Baltique\u00a0: un espace maritime dont l\u2019importance est assez mal connue nonobstant sa proximit\u00e9 g\u00e9ographique. Dirig\u00e9 par Matthieu CHILLAUD, ce dossier est pr\u00e9sent\u00e9 par Georges-Henri SOUTOU, pr\u00e9sident de l\u2019ISC et membre de l\u2019Institut. Dans son \u00e9ditorial, M.\u00a0SOUTOU rappelle l\u2019importance de cette mer d\u00e8s le Moyen-\u00c2ge, que [&hellip;]\" \/>\n<meta property=\"og:url\" content=\"https:\/\/ihedn.fr\/en\/publications\/heurs-et-malheurs-de-la-cooperation-en-matiere-de-defense-entre-les-etats-baltes-depuis-les-annees-1990\/\" \/>\n<meta property=\"og:site_name\" content=\"L&#039;IHEDN : Institut des hautes \u00e9tudes de d\u00e9fense nationale\" \/>\n<meta property=\"article:publisher\" content=\"https:\/\/www.facebook.com\/ihedn\/\" \/>\n<meta property=\"article:published_time\" content=\"2019-02-05T09:00:51+00:00\" \/>\n<meta property=\"article:modified_time\" content=\"2021-02-18T11:23:53+00:00\" \/>\n<meta property=\"og:image\" content=\"https:\/\/ihedn.fr\/wp-content\/uploads\/2021\/02\/Zivile-Kalibataite-Heurs-et-malheurs-de-la-cooperation-en-matiere-de-defense-entre-les-Etats-baltes-depuis-les-annees-1990-scaled.jpg\" \/>\n\t<meta property=\"og:image:width\" content=\"1658\" \/>\n\t<meta property=\"og:image:height\" content=\"2560\" \/>\n\t<meta property=\"og:image:type\" content=\"image\/jpeg\" \/>\n<meta name=\"author\" content=\"dev\" \/>\n<meta name=\"twitter:card\" content=\"summary_large_image\" \/>\n<meta name=\"twitter:creator\" content=\"@IHEDN\" \/>\n<meta name=\"twitter:site\" content=\"@IHEDN\" \/>\n<meta name=\"twitter:label1\" content=\"Written by\" \/>\n\t<meta name=\"twitter:data1\" content=\"dev\" \/>\n\t<meta name=\"twitter:label2\" content=\"Estimated reading time\" \/>\n\t<meta name=\"twitter:data2\" content=\"1 minute\" \/>\n<script type=\"application\/ld+json\" class=\"yoast-schema-graph\">{\"@context\":\"https:\\\/\\\/schema.org\",\"@graph\":[{\"@type\":\"Article\",\"@id\":\"https:\\\/\\\/ihedn.fr\\\/publications\\\/heurs-et-malheurs-de-la-cooperation-en-matiere-de-defense-entre-les-etats-baltes-depuis-les-annees-1990\\\/#article\",\"isPartOf\":{\"@id\":\"https:\\\/\\\/ihedn.fr\\\/publications\\\/heurs-et-malheurs-de-la-cooperation-en-matiere-de-defense-entre-les-etats-baltes-depuis-les-annees-1990\\\/\"},\"author\":{\"name\":\"dev\",\"@id\":\"https:\\\/\\\/ihedn.fr\\\/#\\\/schema\\\/person\\\/7a40155595e4efb35323447cb8c8c5a4\"},\"headline\":\"Heurs et malheurs de la coop\u00e9ration en mati\u00e8re de d\u00e9fense entre les \u00c9tats baltes depuis les ann\u00e9es 1990\",\"datePublished\":\"2019-02-05T09:00:51+00:00\",\"dateModified\":\"2021-02-18T11:23:53+00:00\",\"mainEntityOfPage\":{\"@id\":\"https:\\\/\\\/ihedn.fr\\\/publications\\\/heurs-et-malheurs-de-la-cooperation-en-matiere-de-defense-entre-les-etats-baltes-depuis-les-annees-1990\\\/\"},\"wordCount\":217,\"publisher\":{\"@id\":\"https:\\\/\\\/ihedn.fr\\\/#organization\"},\"image\":{\"@id\":\"https:\\\/\\\/ihedn.fr\\\/publications\\\/heurs-et-malheurs-de-la-cooperation-en-matiere-de-defense-entre-les-etats-baltes-depuis-les-annees-1990\\\/#primaryimage\"},\"thumbnailUrl\":\"https:\\\/\\\/ihedn.fr\\\/wp-content\\\/uploads\\\/2021\\\/02\\\/Zivile-Kalibataite-Heurs-et-malheurs-de-la-cooperation-en-matiere-de-defense-entre-les-Etats-baltes-depuis-les-annees-1990-scaled.jpg\",\"articleSection\":[\"Uncategorized\"],\"inLanguage\":\"en-GB\"},{\"@type\":\"WebPage\",\"@id\":\"https:\\\/\\\/ihedn.fr\\\/publications\\\/heurs-et-malheurs-de-la-cooperation-en-matiere-de-defense-entre-les-etats-baltes-depuis-les-annees-1990\\\/\",\"url\":\"https:\\\/\\\/ihedn.fr\\\/publications\\\/heurs-et-malheurs-de-la-cooperation-en-matiere-de-defense-entre-les-etats-baltes-depuis-les-annees-1990\\\/\",\"name\":\"Heurs et malheurs de la coop\u00e9ration en mati\u00e8re de d\u00e9fense entre les \u00c9tats baltes depuis les ann\u00e9es 1990 - L&#039;IHEDN : Institut des hautes \u00e9tudes de d\u00e9fense nationale\",\"isPartOf\":{\"@id\":\"https:\\\/\\\/ihedn.fr\\\/#website\"},\"primaryImageOfPage\":{\"@id\":\"https:\\\/\\\/ihedn.fr\\\/publications\\\/heurs-et-malheurs-de-la-cooperation-en-matiere-de-defense-entre-les-etats-baltes-depuis-les-annees-1990\\\/#primaryimage\"},\"image\":{\"@id\":\"https:\\\/\\\/ihedn.fr\\\/publications\\\/heurs-et-malheurs-de-la-cooperation-en-matiere-de-defense-entre-les-etats-baltes-depuis-les-annees-1990\\\/#primaryimage\"},\"thumbnailUrl\":\"https:\\\/\\\/ihedn.fr\\\/wp-content\\\/uploads\\\/2021\\\/02\\\/Zivile-Kalibataite-Heurs-et-malheurs-de-la-cooperation-en-matiere-de-defense-entre-les-Etats-baltes-depuis-les-annees-1990-scaled.jpg\",\"datePublished\":\"2019-02-05T09:00:51+00:00\",\"dateModified\":\"2021-02-18T11:23:53+00:00\",\"breadcrumb\":{\"@id\":\"https:\\\/\\\/ihedn.fr\\\/publications\\\/heurs-et-malheurs-de-la-cooperation-en-matiere-de-defense-entre-les-etats-baltes-depuis-les-annees-1990\\\/#breadcrumb\"},\"inLanguage\":\"en-GB\",\"potentialAction\":[{\"@type\":\"ReadAction\",\"target\":[\"https:\\\/\\\/ihedn.fr\\\/publications\\\/heurs-et-malheurs-de-la-cooperation-en-matiere-de-defense-entre-les-etats-baltes-depuis-les-annees-1990\\\/\"]}]},{\"@type\":\"ImageObject\",\"inLanguage\":\"en-GB\",\"@id\":\"https:\\\/\\\/ihedn.fr\\\/publications\\\/heurs-et-malheurs-de-la-cooperation-en-matiere-de-defense-entre-les-etats-baltes-depuis-les-annees-1990\\\/#primaryimage\",\"url\":\"https:\\\/\\\/ihedn.fr\\\/wp-content\\\/uploads\\\/2021\\\/02\\\/Zivile-Kalibataite-Heurs-et-malheurs-de-la-cooperation-en-matiere-de-defense-entre-les-Etats-baltes-depuis-les-annees-1990-scaled.jpg\",\"contentUrl\":\"https:\\\/\\\/ihedn.fr\\\/wp-content\\\/uploads\\\/2021\\\/02\\\/Zivile-Kalibataite-Heurs-et-malheurs-de-la-cooperation-en-matiere-de-defense-entre-les-Etats-baltes-depuis-les-annees-1990-scaled.jpg\",\"width\":1658,\"height\":2560,\"caption\":\"\u017divil\u0117 Kalibatait\u0117-Heurs et malheurs de la coop\u00e9ration en mati\u00e8re de d\u00e9fense entre les \u00c9tats baltes depuis les ann\u00e9es 1990\"},{\"@type\":\"BreadcrumbList\",\"@id\":\"https:\\\/\\\/ihedn.fr\\\/publications\\\/heurs-et-malheurs-de-la-cooperation-en-matiere-de-defense-entre-les-etats-baltes-depuis-les-annees-1990\\\/#breadcrumb\",\"itemListElement\":[{\"@type\":\"ListItem\",\"position\":1,\"name\":\"Accueil\",\"item\":\"https:\\\/\\\/ihedn.fr\\\/\"},{\"@type\":\"ListItem\",\"position\":2,\"name\":\"Heurs et malheurs de la coop\u00e9ration en mati\u00e8re de d\u00e9fense entre les \u00c9tats baltes depuis les ann\u00e9es 1990\"}]},{\"@type\":\"WebSite\",\"@id\":\"https:\\\/\\\/ihedn.fr\\\/#website\",\"url\":\"https:\\\/\\\/ihedn.fr\\\/\",\"name\":\"IHEDN : Institut des hautes \u00e9tudes de d\u00e9fense nationale |\",\"description\":\"Site officiel de l&#039;IHEDN plac\u00e9 sous la tutelle du Premier ministre.\",\"publisher\":{\"@id\":\"https:\\\/\\\/ihedn.fr\\\/#organization\"},\"potentialAction\":[{\"@type\":\"SearchAction\",\"target\":{\"@type\":\"EntryPoint\",\"urlTemplate\":\"https:\\\/\\\/ihedn.fr\\\/?s={search_term_string}\"},\"query-input\":{\"@type\":\"PropertyValueSpecification\",\"valueRequired\":true,\"valueName\":\"search_term_string\"}}],\"inLanguage\":\"en-GB\"},{\"@type\":\"Organization\",\"@id\":\"https:\\\/\\\/ihedn.fr\\\/#organization\",\"name\":\"IHEDN - Institut des Hautes Etudes de D\u00e9fense Nationale\",\"url\":\"https:\\\/\\\/ihedn.fr\\\/\",\"logo\":{\"@type\":\"ImageObject\",\"inLanguage\":\"en-GB\",\"@id\":\"https:\\\/\\\/ihedn.fr\\\/#\\\/schema\\\/logo\\\/image\\\/\",\"url\":\"https:\\\/\\\/ihedn.fr\\\/wp-content\\\/uploads\\\/2020\\\/11\\\/BLOC_RF_IHEDN_WEB.png\",\"contentUrl\":\"https:\\\/\\\/ihedn.fr\\\/wp-content\\\/uploads\\\/2020\\\/11\\\/BLOC_RF_IHEDN_WEB.png\",\"width\":500,\"height\":237,\"caption\":\"IHEDN - Institut des Hautes Etudes de D\u00e9fense Nationale\"},\"image\":{\"@id\":\"https:\\\/\\\/ihedn.fr\\\/#\\\/schema\\\/logo\\\/image\\\/\"},\"sameAs\":[\"https:\\\/\\\/www.facebook.com\\\/ihedn\\\/\",\"https:\\\/\\\/x.com\\\/IHEDN\",\"https:\\\/\\\/www.instagram.com\\\/ihedn\\\/\",\"https:\\\/\\\/www.linkedin.com\\\/school\\\/ihedn\\\/\",\"https:\\\/\\\/fr.wikipedia.org\\\/wiki\\\/Institut_des_hautes_\u00e9tudes_de_D\u00e9fense_nationale\"]},{\"@type\":\"Person\",\"@id\":\"https:\\\/\\\/ihedn.fr\\\/#\\\/schema\\\/person\\\/7a40155595e4efb35323447cb8c8c5a4\",\"name\":\"dev\",\"image\":{\"@type\":\"ImageObject\",\"inLanguage\":\"en-GB\",\"@id\":\"https:\\\/\\\/secure.gravatar.com\\\/avatar\\\/f1ffcac9ca2fa95ad3ec33e9be3ade82f752acb0cabe541e56c5889225afa88a?s=96&d=mm&r=g\",\"url\":\"https:\\\/\\\/secure.gravatar.com\\\/avatar\\\/f1ffcac9ca2fa95ad3ec33e9be3ade82f752acb0cabe541e56c5889225afa88a?s=96&d=mm&r=g\",\"contentUrl\":\"https:\\\/\\\/secure.gravatar.com\\\/avatar\\\/f1ffcac9ca2fa95ad3ec33e9be3ade82f752acb0cabe541e56c5889225afa88a?s=96&d=mm&r=g\",\"caption\":\"dev\"},\"sameAs\":[\"https:\\\/\\\/ihedn.concilium.click\"],\"url\":\"https:\\\/\\\/ihedn.fr\\\/en\\\/author\\\/dev\\\/\"}]}<\/script>\n<!-- \/ Yoast SEO plugin. -->","yoast_head_json":{"title":"The ups and downs of defence cooperation between the Baltic States since the 1990s - L'IHEDN : Institut des hautes \u00e9tudes de d\u00e9fense nationale","robots":{"index":"index","follow":"follow","max-snippet":"max-snippet:-1","max-image-preview":"max-image-preview:large","max-video-preview":"max-video-preview:-1"},"canonical":"https:\/\/ihedn.fr\/en\/publications\/heurs-et-malheurs-de-la-cooperation-en-matiere-de-defense-entre-les-etats-baltes-depuis-les-annees-1990\/","og_locale":"en_GB","og_type":"article","og_title":"Heurs et malheurs de la coop\u00e9ration en mati\u00e8re de d\u00e9fense entre les \u00c9tats baltes depuis les ann\u00e9es 1990 - L&#039;IHEDN : Institut des hautes \u00e9tudes de d\u00e9fense nationale","og_description":"\u017divil\u0117 Kalibatait\u0117 Strat\u00e9gique consacre son dernier num\u00e9ro \u00e0 la Mer Baltique\u00a0: un espace maritime dont l\u2019importance est assez mal connue nonobstant sa proximit\u00e9 g\u00e9ographique. Dirig\u00e9 par Matthieu CHILLAUD, ce dossier est pr\u00e9sent\u00e9 par Georges-Henri SOUTOU, pr\u00e9sident de l\u2019ISC et membre de l\u2019Institut. Dans son \u00e9ditorial, M.\u00a0SOUTOU rappelle l\u2019importance de cette mer d\u00e8s le Moyen-\u00c2ge, que [&hellip;]","og_url":"https:\/\/ihedn.fr\/en\/publications\/heurs-et-malheurs-de-la-cooperation-en-matiere-de-defense-entre-les-etats-baltes-depuis-les-annees-1990\/","og_site_name":"L&#039;IHEDN : Institut des hautes \u00e9tudes de d\u00e9fense nationale","article_publisher":"https:\/\/www.facebook.com\/ihedn\/","article_published_time":"2019-02-05T09:00:51+00:00","article_modified_time":"2021-02-18T11:23:53+00:00","og_image":[{"width":1658,"height":2560,"url":"https:\/\/ihedn.fr\/wp-content\/uploads\/2021\/02\/Zivile-Kalibataite-Heurs-et-malheurs-de-la-cooperation-en-matiere-de-defense-entre-les-Etats-baltes-depuis-les-annees-1990-scaled.jpg","type":"image\/jpeg"}],"author":"dev","twitter_card":"summary_large_image","twitter_creator":"@IHEDN","twitter_site":"@IHEDN","twitter_misc":{"Written by":"dev","Estimated reading time":"1 minute"},"schema":{"@context":"https:\/\/schema.org","@graph":[{"@type":"Article","@id":"https:\/\/ihedn.fr\/publications\/heurs-et-malheurs-de-la-cooperation-en-matiere-de-defense-entre-les-etats-baltes-depuis-les-annees-1990\/#article","isPartOf":{"@id":"https:\/\/ihedn.fr\/publications\/heurs-et-malheurs-de-la-cooperation-en-matiere-de-defense-entre-les-etats-baltes-depuis-les-annees-1990\/"},"author":{"name":"dev","@id":"https:\/\/ihedn.fr\/#\/schema\/person\/7a40155595e4efb35323447cb8c8c5a4"},"headline":"Heurs et malheurs de la coop\u00e9ration en mati\u00e8re de d\u00e9fense entre les \u00c9tats baltes depuis les ann\u00e9es 1990","datePublished":"2019-02-05T09:00:51+00:00","dateModified":"2021-02-18T11:23:53+00:00","mainEntityOfPage":{"@id":"https:\/\/ihedn.fr\/publications\/heurs-et-malheurs-de-la-cooperation-en-matiere-de-defense-entre-les-etats-baltes-depuis-les-annees-1990\/"},"wordCount":217,"publisher":{"@id":"https:\/\/ihedn.fr\/#organization"},"image":{"@id":"https:\/\/ihedn.fr\/publications\/heurs-et-malheurs-de-la-cooperation-en-matiere-de-defense-entre-les-etats-baltes-depuis-les-annees-1990\/#primaryimage"},"thumbnailUrl":"https:\/\/ihedn.fr\/wp-content\/uploads\/2021\/02\/Zivile-Kalibataite-Heurs-et-malheurs-de-la-cooperation-en-matiere-de-defense-entre-les-Etats-baltes-depuis-les-annees-1990-scaled.jpg","articleSection":["Uncategorized"],"inLanguage":"en-GB"},{"@type":"WebPage","@id":"https:\/\/ihedn.fr\/publications\/heurs-et-malheurs-de-la-cooperation-en-matiere-de-defense-entre-les-etats-baltes-depuis-les-annees-1990\/","url":"https:\/\/ihedn.fr\/publications\/heurs-et-malheurs-de-la-cooperation-en-matiere-de-defense-entre-les-etats-baltes-depuis-les-annees-1990\/","name":"The ups and downs of defence cooperation between the Baltic States since the 1990s - L'IHEDN : Institut des hautes \u00e9tudes de d\u00e9fense nationale","isPartOf":{"@id":"https:\/\/ihedn.fr\/#website"},"primaryImageOfPage":{"@id":"https:\/\/ihedn.fr\/publications\/heurs-et-malheurs-de-la-cooperation-en-matiere-de-defense-entre-les-etats-baltes-depuis-les-annees-1990\/#primaryimage"},"image":{"@id":"https:\/\/ihedn.fr\/publications\/heurs-et-malheurs-de-la-cooperation-en-matiere-de-defense-entre-les-etats-baltes-depuis-les-annees-1990\/#primaryimage"},"thumbnailUrl":"https:\/\/ihedn.fr\/wp-content\/uploads\/2021\/02\/Zivile-Kalibataite-Heurs-et-malheurs-de-la-cooperation-en-matiere-de-defense-entre-les-Etats-baltes-depuis-les-annees-1990-scaled.jpg","datePublished":"2019-02-05T09:00:51+00:00","dateModified":"2021-02-18T11:23:53+00:00","breadcrumb":{"@id":"https:\/\/ihedn.fr\/publications\/heurs-et-malheurs-de-la-cooperation-en-matiere-de-defense-entre-les-etats-baltes-depuis-les-annees-1990\/#breadcrumb"},"inLanguage":"en-GB","potentialAction":[{"@type":"ReadAction","target":["https:\/\/ihedn.fr\/publications\/heurs-et-malheurs-de-la-cooperation-en-matiere-de-defense-entre-les-etats-baltes-depuis-les-annees-1990\/"]}]},{"@type":"ImageObject","inLanguage":"en-GB","@id":"https:\/\/ihedn.fr\/publications\/heurs-et-malheurs-de-la-cooperation-en-matiere-de-defense-entre-les-etats-baltes-depuis-les-annees-1990\/#primaryimage","url":"https:\/\/ihedn.fr\/wp-content\/uploads\/2021\/02\/Zivile-Kalibataite-Heurs-et-malheurs-de-la-cooperation-en-matiere-de-defense-entre-les-Etats-baltes-depuis-les-annees-1990-scaled.jpg","contentUrl":"https:\/\/ihedn.fr\/wp-content\/uploads\/2021\/02\/Zivile-Kalibataite-Heurs-et-malheurs-de-la-cooperation-en-matiere-de-defense-entre-les-Etats-baltes-depuis-les-annees-1990-scaled.jpg","width":1658,"height":2560,"caption":"\u017divil\u0117 Kalibatait\u0117-Heurs et malheurs de la coop\u00e9ration en mati\u00e8re de d\u00e9fense entre les \u00c9tats baltes depuis les ann\u00e9es 1990"},{"@type":"BreadcrumbList","@id":"https:\/\/ihedn.fr\/publications\/heurs-et-malheurs-de-la-cooperation-en-matiere-de-defense-entre-les-etats-baltes-depuis-les-annees-1990\/#breadcrumb","itemListElement":[{"@type":"ListItem","position":1,"name":"Accueil","item":"https:\/\/ihedn.fr\/"},{"@type":"ListItem","position":2,"name":"Heurs et malheurs de la coop\u00e9ration en mati\u00e8re de d\u00e9fense entre les \u00c9tats baltes depuis les ann\u00e9es 1990"}]},{"@type":"WebSite","@id":"https:\/\/ihedn.fr\/#website","url":"https:\/\/ihedn.fr\/","name":"IHEDN: Institut des hautes \u00e9tudes de d\u00e9fense nationale (Institute for Higher National Defence Studies)","description":"Official website of the IHEDN under the supervision of the Prime Minister.","publisher":{"@id":"https:\/\/ihedn.fr\/#organization"},"potentialAction":[{"@type":"SearchAction","target":{"@type":"EntryPoint","urlTemplate":"https:\/\/ihedn.fr\/?s={search_term_string}"},"query-input":{"@type":"PropertyValueSpecification","valueRequired":true,"valueName":"search_term_string"}}],"inLanguage":"en-GB"},{"@type":"Organization","@id":"https:\/\/ihedn.fr\/#organization","name":"IHEDN - Institute for Higher National Defence Studies","url":"https:\/\/ihedn.fr\/","logo":{"@type":"ImageObject","inLanguage":"en-GB","@id":"https:\/\/ihedn.fr\/#\/schema\/logo\/image\/","url":"https:\/\/ihedn.fr\/wp-content\/uploads\/2020\/11\/BLOC_RF_IHEDN_WEB.png","contentUrl":"https:\/\/ihedn.fr\/wp-content\/uploads\/2020\/11\/BLOC_RF_IHEDN_WEB.png","width":500,"height":237,"caption":"IHEDN - Institut des Hautes Etudes de D\u00e9fense Nationale"},"image":{"@id":"https:\/\/ihedn.fr\/#\/schema\/logo\/image\/"},"sameAs":["https:\/\/www.facebook.com\/ihedn\/","https:\/\/x.com\/IHEDN","https:\/\/www.instagram.com\/ihedn\/","https:\/\/www.linkedin.com\/school\/ihedn\/","https:\/\/fr.wikipedia.org\/wiki\/Institut_des_hautes_\u00e9tudes_de_D\u00e9fense_nationale"]},{"@type":"Person","@id":"https:\/\/ihedn.fr\/#\/schema\/person\/7a40155595e4efb35323447cb8c8c5a4","name":"dev","image":{"@type":"ImageObject","inLanguage":"en-GB","@id":"https:\/\/secure.gravatar.com\/avatar\/f1ffcac9ca2fa95ad3ec33e9be3ade82f752acb0cabe541e56c5889225afa88a?s=96&d=mm&r=g","url":"https:\/\/secure.gravatar.com\/avatar\/f1ffcac9ca2fa95ad3ec33e9be3ade82f752acb0cabe541e56c5889225afa88a?s=96&d=mm&r=g","contentUrl":"https:\/\/secure.gravatar.com\/avatar\/f1ffcac9ca2fa95ad3ec33e9be3ade82f752acb0cabe541e56c5889225afa88a?s=96&d=mm&r=g","caption":"dev"},"sameAs":["https:\/\/ihedn.concilium.click"],"url":"https:\/\/ihedn.fr\/en\/author\/dev\/"}]}},"publishpress_future_action":{"enabled":false,"date":"2026-05-08 10:50:04","action":"change-status","newStatus":"draft","terms":[],"taxonomy":"category","extraData":[]},"publishpress_future_workflow_manual_trigger":{"enabledWorkflows":[]},"_links":{"self":[{"href":"https:\/\/ihedn.fr\/en\/wp-json\/wp\/v2\/posts\/7725","targetHints":{"allow":["GET"]}}],"collection":[{"href":"https:\/\/ihedn.fr\/en\/wp-json\/wp\/v2\/posts"}],"about":[{"href":"https:\/\/ihedn.fr\/en\/wp-json\/wp\/v2\/types\/post"}],"author":[{"embeddable":true,"href":"https:\/\/ihedn.fr\/en\/wp-json\/wp\/v2\/users\/1"}],"replies":[{"embeddable":true,"href":"https:\/\/ihedn.fr\/en\/wp-json\/wp\/v2\/comments?post=7725"}],"version-history":[{"count":5,"href":"https:\/\/ihedn.fr\/en\/wp-json\/wp\/v2\/posts\/7725\/revisions"}],"predecessor-version":[{"id":7821,"href":"https:\/\/ihedn.fr\/en\/wp-json\/wp\/v2\/posts\/7725\/revisions\/7821"}],"wp:featuredmedia":[{"embeddable":true,"href":"https:\/\/ihedn.fr\/en\/wp-json\/wp\/v2\/media\/7727"}],"wp:attachment":[{"href":"https:\/\/ihedn.fr\/en\/wp-json\/wp\/v2\/media?parent=7725"}],"wp:term":[{"taxonomy":"category","embeddable":true,"href":"https:\/\/ihedn.fr\/en\/wp-json\/wp\/v2\/categories?post=7725"},{"taxonomy":"post_tag","embeddable":true,"href":"https:\/\/ihedn.fr\/en\/wp-json\/wp\/v2\/tags?post=7725"}],"curies":[{"name":"wp","href":"https:\/\/api.w.org\/{rel}","templated":true}]}}