{"id":7775,"date":"2021-02-17T10:41:06","date_gmt":"2021-02-17T09:41:06","guid":{"rendered":"https:\/\/ihedn.concilium.click\/?p=7775"},"modified":"2021-02-18T15:08:38","modified_gmt":"2021-02-18T14:08:38","slug":"le-monde-change-lihedn-aussi","status":"publish","type":"post","link":"https:\/\/ihedn.fr\/en\/uncategorized\/le-monde-change-lihedn-aussi\/","title":{"rendered":"The world is changing, and so is IHEDN"},"content":{"rendered":"<div data-elementor-type=\"wp-post\" data-elementor-id=\"7775\" class=\"elementor elementor-7775\" data-elementor-post-type=\"post\">\n\t\t\t\t\t\t<section data-particle_enable=\"false\" data-particle-mobile-disabled=\"false\" class=\"elementor-section elementor-top-section elementor-element elementor-element-d16ae78 elementor-section-boxed elementor-section-height-default elementor-section-height-default\" data-id=\"d16ae78\" data-element_type=\"section\" data-e-type=\"section\">\n\t\t\t\t\t\t<div class=\"elementor-container elementor-column-gap-default\">\n\t\t\t\t\t<div class=\"elementor-column elementor-col-100 elementor-top-column elementor-element elementor-element-803f05d\" data-id=\"803f05d\" data-element_type=\"column\" data-e-type=\"column\">\n\t\t\t<div class=\"elementor-widget-wrap elementor-element-populated\">\n\t\t\t\t\t\t<div class=\"elementor-element elementor-element-6ce77c7 elementor-widget elementor-widget-heading\" data-id=\"6ce77c7\" data-element_type=\"widget\" data-e-type=\"widget\" data-widget_type=\"heading.default\">\n\t\t\t\t<div class=\"elementor-widget-container\">\n\t\t\t\t\t<h1 class=\"elementor-heading-title elementor-size-default\">The world is changing, and so is IHEDN<\/h1>\t\t\t\t<\/div>\n\t\t\t\t<\/div>\n\t\t\t\t\t<\/div>\n\t\t<\/div>\n\t\t\t\t\t<\/div>\n\t\t<\/section>\n\t\t\t\t<section data-particle_enable=\"false\" data-particle-mobile-disabled=\"false\" class=\"elementor-section elementor-top-section elementor-element elementor-element-aa33be3 elementor-section-boxed elementor-section-height-default elementor-section-height-default\" data-id=\"aa33be3\" data-element_type=\"section\" data-e-type=\"section\">\n\t\t\t\t\t\t<div class=\"elementor-container elementor-column-gap-default\">\n\t\t\t\t\t<div class=\"elementor-column elementor-col-50 elementor-top-column elementor-element elementor-element-8f8429d\" data-id=\"8f8429d\" data-element_type=\"column\" data-e-type=\"column\">\n\t\t\t<div class=\"elementor-widget-wrap elementor-element-populated\">\n\t\t\t\t\t\t<div class=\"elementor-element elementor-element-56be846 elementor-widget elementor-widget-text-editor\" data-id=\"56be846\" data-element_type=\"widget\" data-e-type=\"widget\" data-widget_type=\"text-editor.default\">\n\t\t\t\t<div class=\"elementor-widget-container\">\n\t\t\t\t\t\t\t\t\t<p style=\"text-align: right;\"><span style=\"color: #ff0000;\"><em><strong><a style=\"color: #ff0000;\" href=\"https:\/\/www.larevueparlementaire.fr\/articles-revue-parlementaire\/3668-le-monde-change-l-ihedn-aussi\">Parliamentary Review<\/a><\/strong><\/em><\/span>\u00a0<br \/><em>- February 2021<br \/><\/em><\/p>\t\t\t\t\t\t\t\t<\/div>\n\t\t\t\t<\/div>\n\t\t\t\t\t<\/div>\n\t\t<\/div>\n\t\t\t\t<div class=\"elementor-column elementor-col-50 elementor-top-column elementor-element elementor-element-ebd40ee\" data-id=\"ebd40ee\" data-element_type=\"column\" data-e-type=\"column\">\n\t\t\t<div class=\"elementor-widget-wrap elementor-element-populated\">\n\t\t\t\t\t\t<div class=\"elementor-element elementor-element-7bbf8cc elementor-widget elementor-widget-image\" data-id=\"7bbf8cc\" data-element_type=\"widget\" data-e-type=\"widget\" data-widget_type=\"image.default\">\n\t\t\t\t<div class=\"elementor-widget-container\">\n\t\t\t\t\t\t\t\t\t\t\t\t\t\t\t\t<a href=\"https:\/\/www.larevueparlementaire.fr\/articles-revue-parlementaire\/3668-le-monde-change-l-ihedn-aussi\">\n\t\t\t\t\t\t\t<img fetchpriority=\"high\" decoding=\"async\" width=\"1150\" height=\"259\" src=\"https:\/\/ihedn.fr\/wp-content\/uploads\/2021\/02\/RevueParlementaire_logo.jpg\" class=\"attachment-full size-full wp-image-7785\" alt=\"La Revue Parlementaire\" \/>\t\t\t\t\t\t\t\t<\/a>\n\t\t\t\t\t\t\t\t\t\t\t\t\t\t\t<\/div>\n\t\t\t\t<\/div>\n\t\t\t\t\t<\/div>\n\t\t<\/div>\n\t\t\t\t\t<\/div>\n\t\t<\/section>\n\t\t\t\t<section data-particle_enable=\"false\" data-particle-mobile-disabled=\"false\" class=\"elementor-section elementor-top-section elementor-element elementor-element-307dca8 elementor-section-boxed elementor-section-height-default elementor-section-height-default\" data-id=\"307dca8\" data-element_type=\"section\" data-e-type=\"section\">\n\t\t\t\t\t\t<div class=\"elementor-container elementor-column-gap-default\">\n\t\t\t\t\t<div class=\"elementor-column elementor-col-100 elementor-top-column elementor-element elementor-element-acdef6f\" data-id=\"acdef6f\" data-element_type=\"column\" data-e-type=\"column\">\n\t\t\t<div class=\"elementor-widget-wrap elementor-element-populated\">\n\t\t\t\t\t\t<div class=\"elementor-element elementor-element-bd0ae7c elementor-widget elementor-widget-text-editor\" data-id=\"bd0ae7c\" data-element_type=\"widget\" data-e-type=\"widget\" data-widget_type=\"text-editor.default\">\n\t\t\t\t<div class=\"elementor-widget-container\">\n\t\t\t\t\t\t\t\t\t<p><strong><em>Registration is now open for the new 2021 national session of the Institut des Hautes Etudes de la D\u00e9fense Nationale (IHEDN). This year's auditors will benefit from renewed training that will enable them to grasp new defence and security issues.<\/em><\/strong><\/p>\t\t\t\t\t\t\t\t<\/div>\n\t\t\t\t<\/div>\n\t\t\t\t<div class=\"elementor-element elementor-element-b9cd8e9 elementor-widget elementor-widget-text-editor\" data-id=\"b9cd8e9\" data-element_type=\"widget\" data-e-type=\"widget\" data-widget_type=\"text-editor.default\">\n\t\t\t\t<div class=\"elementor-widget-container\">\n\t\t\t\t\t\t\t\t\t<p>The new 2021 national session of the IHEDN is designed to meet the professional requirements of active senior managers. <i>\"denser, more flexible and more interactive\".<\/i> explains the Institute, which, in a new context, intends to renew its training courses, which are already highly appreciated by the civil-military world.<\/p><p>Still focusing on strategic analysis of defence and security issues, the new national session this year places greater emphasis on the time devoted to debate between lecturers (always high-level) and students, as well as between students themselves. In addition to this more academic teaching, students will be able to take part in crisis management exercises (serious games). This year's new session also includes a common core of training that will be broken down into five major areas*. The idea is to <i>\"to promote the decompartmentalisation of thinking on cross-cutting defence and security issues\".<\/i>. This common base should enable <i>\"understand from the outset the cross-sectoral, interdisciplinary and interdepartmental dimension of defence and security issues\".<\/i>of <i>\"Promote a better understanding of the main European and international issues\".<\/i>of <i>\"Encourage shared reflection on cross-disciplinary issues such as digital transformation, climate change, migration and pandemic threats.<\/i> stresses the IHEDN. This common foundation should also enable auditors to <i>\"engage in strategic reflection on the coordinated ways and means of responding to complex challenges\".<\/i> and <i>\"Forge a common defence culture, based on unity of thought and action\".<\/i>. Finally, the aim of this common base is to <i>\"prepare all our auditors to work and act together to strengthen national cohesion and extend their commitment to the defence and security of the country over the long term\".<\/i> insists the IHEDN.<\/p><p>This common foundation, broken down into five specific majors*, should make it possible to meet the precise expectations of prescribers, as well as the need of auditors recruited on the basis of their interests and specific skills to go into greater depth. These modules are also there to enhance the acquired experience of high-level auditors, <i>\"by offering them the opportunity to put their expertise at the service of overall strategic thinking\".<\/i>.<\/p><p>Registration for the 2021 session is now open. Candidates can register directly online on the IHEDN website until 28 February. Selection interviews will be held from March to June. \u25a0<\/p><p><em>*The 5 Majors: Defence and Economic Security, Defence Policy, Armaments and the Defence Economy, Maritime Challenges and Strategies, Digital Sovereignty and Cybersecurity.<\/em><\/p>\t\t\t\t\t\t\t\t<\/div>\n\t\t\t\t<\/div>\n\t\t\t\t\t<\/div>\n\t\t<\/div>\n\t\t\t\t\t<\/div>\n\t\t<\/section>\n\t\t\t\t<\/div>","protected":false},"excerpt":{"rendered":"<p>La Revue Parlementaire\u00a0&#8211; F\u00e9vrier 2021 &#8211; Les inscriptions pour la nouvelle session nationale 2021 de l\u2019Institut des Hautes Etudes de la D\u00e9fense Nationale (IHEDN) sont ouvertes. Les auditeurs de cette ann\u00e9e b\u00e9n\u00e9ficieront d\u2019une formation renouvel\u00e9e leur permettant d\u2019appr\u00e9hender les nouveaux enjeux de d\u00e9fense et de s\u00e9curit\u00e9. Accord\u00e9e aux exigences professionnelles de hauts responsables actifs, la [&hellip;]<\/p>\n","protected":false},"author":1,"featured_media":7783,"comment_status":"closed","ping_status":"closed","sticky":false,"template":"","format":"standard","meta":{"footnotes":""},"categories":[1],"tags":[97],"class_list":["post-7775","post","type-post","status-publish","format-standard","has-post-thumbnail","hentry","category-uncategorized","tag-la-revue-parlementaire"],"yoast_head":"<!-- This site is optimized with the Yoast SEO plugin v27.5 - https:\/\/yoast.com\/product\/yoast-seo-wordpress\/ -->\n<title>Le monde change, l\u2019IHEDN aussi - L&#039;IHEDN : Institut des hautes \u00e9tudes de d\u00e9fense nationale<\/title>\n<meta name=\"robots\" content=\"index, follow, max-snippet:-1, max-image-preview:large, max-video-preview:-1\" \/>\n<link rel=\"canonical\" href=\"https:\/\/ihedn.fr\/en\/publications\/le-monde-change-lihedn-aussi\/\" \/>\n<meta property=\"og:locale\" content=\"en_GB\" \/>\n<meta property=\"og:type\" content=\"article\" \/>\n<meta property=\"og:title\" content=\"Le monde change, l\u2019IHEDN aussi - L&#039;IHEDN : Institut des hautes \u00e9tudes de d\u00e9fense nationale\" \/>\n<meta property=\"og:description\" content=\"La Revue Parlementaire\u00a0&#8211; F\u00e9vrier 2021 &#8211; Les inscriptions pour la nouvelle session nationale 2021 de l\u2019Institut des Hautes Etudes de la D\u00e9fense Nationale (IHEDN) sont ouvertes. Les auditeurs de cette ann\u00e9e b\u00e9n\u00e9ficieront d\u2019une formation renouvel\u00e9e leur permettant d\u2019appr\u00e9hender les nouveaux enjeux de d\u00e9fense et de s\u00e9curit\u00e9. Accord\u00e9e aux exigences professionnelles de hauts responsables actifs, la [&hellip;]\" \/>\n<meta property=\"og:url\" content=\"https:\/\/ihedn.fr\/en\/publications\/le-monde-change-lihedn-aussi\/\" \/>\n<meta property=\"og:site_name\" content=\"L&#039;IHEDN : Institut des hautes \u00e9tudes de d\u00e9fense nationale\" \/>\n<meta property=\"article:publisher\" content=\"https:\/\/www.facebook.com\/ihedn\/\" \/>\n<meta property=\"article:published_time\" content=\"2021-02-17T09:41:06+00:00\" \/>\n<meta property=\"article:modified_time\" content=\"2021-02-18T14:08:38+00:00\" \/>\n<meta property=\"og:image\" content=\"https:\/\/ihedn.fr\/wp-content\/uploads\/2021\/02\/ihedn_revue-parlementaire-01.jpg\" \/>\n\t<meta property=\"og:image:width\" content=\"960\" \/>\n\t<meta property=\"og:image:height\" content=\"1369\" \/>\n\t<meta property=\"og:image:type\" content=\"image\/jpeg\" \/>\n<meta name=\"author\" content=\"dev\" \/>\n<meta name=\"twitter:card\" content=\"summary_large_image\" \/>\n<meta name=\"twitter:creator\" content=\"@IHEDN\" \/>\n<meta name=\"twitter:site\" content=\"@IHEDN\" \/>\n<meta name=\"twitter:label1\" content=\"Written by\" \/>\n\t<meta name=\"twitter:data1\" content=\"dev\" \/>\n\t<meta name=\"twitter:label2\" content=\"Estimated reading time\" \/>\n\t<meta name=\"twitter:data2\" content=\"3 minutes\" \/>\n<script type=\"application\/ld+json\" class=\"yoast-schema-graph\">{\"@context\":\"https:\\\/\\\/schema.org\",\"@graph\":[{\"@type\":\"Article\",\"@id\":\"https:\\\/\\\/ihedn.fr\\\/en\\\/publications\\\/le-monde-change-lihedn-aussi\\\/#article\",\"isPartOf\":{\"@id\":\"https:\\\/\\\/ihedn.fr\\\/en\\\/publications\\\/le-monde-change-lihedn-aussi\\\/\"},\"author\":{\"name\":\"dev\",\"@id\":\"https:\\\/\\\/ihedn.fr\\\/#\\\/schema\\\/person\\\/7a40155595e4efb35323447cb8c8c5a4\"},\"headline\":\"Le monde change, l\u2019IHEDN aussi\",\"datePublished\":\"2021-02-17T09:41:06+00:00\",\"dateModified\":\"2021-02-18T14:08:38+00:00\",\"mainEntityOfPage\":{\"@id\":\"https:\\\/\\\/ihedn.fr\\\/en\\\/publications\\\/le-monde-change-lihedn-aussi\\\/\"},\"wordCount\":539,\"publisher\":{\"@id\":\"https:\\\/\\\/ihedn.fr\\\/#organization\"},\"image\":{\"@id\":\"https:\\\/\\\/ihedn.fr\\\/en\\\/publications\\\/le-monde-change-lihedn-aussi\\\/#primaryimage\"},\"thumbnailUrl\":\"https:\\\/\\\/ihedn.fr\\\/wp-content\\\/uploads\\\/2021\\\/02\\\/ihedn_revue-parlementaire-01.jpg\",\"keywords\":[\"La Revue Parlementaire\"],\"articleSection\":[\"Uncategorized\"],\"inLanguage\":\"en-GB\"},{\"@type\":\"WebPage\",\"@id\":\"https:\\\/\\\/ihedn.fr\\\/en\\\/publications\\\/le-monde-change-lihedn-aussi\\\/\",\"url\":\"https:\\\/\\\/ihedn.fr\\\/en\\\/publications\\\/le-monde-change-lihedn-aussi\\\/\",\"name\":\"Le monde change, l\u2019IHEDN aussi - L&#039;IHEDN : Institut des hautes \u00e9tudes de d\u00e9fense nationale\",\"isPartOf\":{\"@id\":\"https:\\\/\\\/ihedn.fr\\\/#website\"},\"primaryImageOfPage\":{\"@id\":\"https:\\\/\\\/ihedn.fr\\\/en\\\/publications\\\/le-monde-change-lihedn-aussi\\\/#primaryimage\"},\"image\":{\"@id\":\"https:\\\/\\\/ihedn.fr\\\/en\\\/publications\\\/le-monde-change-lihedn-aussi\\\/#primaryimage\"},\"thumbnailUrl\":\"https:\\\/\\\/ihedn.fr\\\/wp-content\\\/uploads\\\/2021\\\/02\\\/ihedn_revue-parlementaire-01.jpg\",\"datePublished\":\"2021-02-17T09:41:06+00:00\",\"dateModified\":\"2021-02-18T14:08:38+00:00\",\"breadcrumb\":{\"@id\":\"https:\\\/\\\/ihedn.fr\\\/en\\\/publications\\\/le-monde-change-lihedn-aussi\\\/#breadcrumb\"},\"inLanguage\":\"en-GB\",\"potentialAction\":[{\"@type\":\"ReadAction\",\"target\":[\"https:\\\/\\\/ihedn.fr\\\/en\\\/publications\\\/le-monde-change-lihedn-aussi\\\/\"]}]},{\"@type\":\"ImageObject\",\"inLanguage\":\"en-GB\",\"@id\":\"https:\\\/\\\/ihedn.fr\\\/en\\\/publications\\\/le-monde-change-lihedn-aussi\\\/#primaryimage\",\"url\":\"https:\\\/\\\/ihedn.fr\\\/wp-content\\\/uploads\\\/2021\\\/02\\\/ihedn_revue-parlementaire-01.jpg\",\"contentUrl\":\"https:\\\/\\\/ihedn.fr\\\/wp-content\\\/uploads\\\/2021\\\/02\\\/ihedn_revue-parlementaire-01.jpg\",\"width\":960,\"height\":1369,\"caption\":\"IHEDN | La revue parlementaire - fevreier 2021\"},{\"@type\":\"BreadcrumbList\",\"@id\":\"https:\\\/\\\/ihedn.fr\\\/en\\\/publications\\\/le-monde-change-lihedn-aussi\\\/#breadcrumb\",\"itemListElement\":[{\"@type\":\"ListItem\",\"position\":1,\"name\":\"Accueil\",\"item\":\"https:\\\/\\\/ihedn.fr\\\/\"},{\"@type\":\"ListItem\",\"position\":2,\"name\":\"Le monde change, l\u2019IHEDN aussi\"}]},{\"@type\":\"WebSite\",\"@id\":\"https:\\\/\\\/ihedn.fr\\\/#website\",\"url\":\"https:\\\/\\\/ihedn.fr\\\/\",\"name\":\"IHEDN : Institut des hautes \u00e9tudes de d\u00e9fense nationale |\",\"description\":\"Site officiel de l&#039;IHEDN plac\u00e9 sous la tutelle du Premier ministre.\",\"publisher\":{\"@id\":\"https:\\\/\\\/ihedn.fr\\\/#organization\"},\"potentialAction\":[{\"@type\":\"SearchAction\",\"target\":{\"@type\":\"EntryPoint\",\"urlTemplate\":\"https:\\\/\\\/ihedn.fr\\\/?s={search_term_string}\"},\"query-input\":{\"@type\":\"PropertyValueSpecification\",\"valueRequired\":true,\"valueName\":\"search_term_string\"}}],\"inLanguage\":\"en-GB\"},{\"@type\":\"Organization\",\"@id\":\"https:\\\/\\\/ihedn.fr\\\/#organization\",\"name\":\"IHEDN - Institut des Hautes Etudes de D\u00e9fense Nationale\",\"url\":\"https:\\\/\\\/ihedn.fr\\\/\",\"logo\":{\"@type\":\"ImageObject\",\"inLanguage\":\"en-GB\",\"@id\":\"https:\\\/\\\/ihedn.fr\\\/#\\\/schema\\\/logo\\\/image\\\/\",\"url\":\"https:\\\/\\\/ihedn.fr\\\/wp-content\\\/uploads\\\/2020\\\/11\\\/BLOC_RF_IHEDN_WEB.png\",\"contentUrl\":\"https:\\\/\\\/ihedn.fr\\\/wp-content\\\/uploads\\\/2020\\\/11\\\/BLOC_RF_IHEDN_WEB.png\",\"width\":500,\"height\":237,\"caption\":\"IHEDN - Institut des Hautes Etudes de D\u00e9fense Nationale\"},\"image\":{\"@id\":\"https:\\\/\\\/ihedn.fr\\\/#\\\/schema\\\/logo\\\/image\\\/\"},\"sameAs\":[\"https:\\\/\\\/www.facebook.com\\\/ihedn\\\/\",\"https:\\\/\\\/x.com\\\/IHEDN\",\"https:\\\/\\\/www.instagram.com\\\/ihedn\\\/\",\"https:\\\/\\\/www.linkedin.com\\\/school\\\/ihedn\\\/\",\"https:\\\/\\\/fr.wikipedia.org\\\/wiki\\\/Institut_des_hautes_\u00e9tudes_de_D\u00e9fense_nationale\"]},{\"@type\":\"Person\",\"@id\":\"https:\\\/\\\/ihedn.fr\\\/#\\\/schema\\\/person\\\/7a40155595e4efb35323447cb8c8c5a4\",\"name\":\"dev\",\"image\":{\"@type\":\"ImageObject\",\"inLanguage\":\"en-GB\",\"@id\":\"https:\\\/\\\/secure.gravatar.com\\\/avatar\\\/f1ffcac9ca2fa95ad3ec33e9be3ade82f752acb0cabe541e56c5889225afa88a?s=96&d=mm&r=g\",\"url\":\"https:\\\/\\\/secure.gravatar.com\\\/avatar\\\/f1ffcac9ca2fa95ad3ec33e9be3ade82f752acb0cabe541e56c5889225afa88a?s=96&d=mm&r=g\",\"contentUrl\":\"https:\\\/\\\/secure.gravatar.com\\\/avatar\\\/f1ffcac9ca2fa95ad3ec33e9be3ade82f752acb0cabe541e56c5889225afa88a?s=96&d=mm&r=g\",\"caption\":\"dev\"},\"sameAs\":[\"https:\\\/\\\/ihedn.concilium.click\"],\"url\":\"https:\\\/\\\/ihedn.fr\\\/en\\\/author\\\/dev\\\/\"}]}<\/script>\n<!-- \/ Yoast SEO plugin. -->","yoast_head_json":{"title":"The world is changing, and so is IHEDN - IHEDN : Institut des hautes \u00e9tudes de d\u00e9fense nationale (Graduate Institute of National Defence)","robots":{"index":"index","follow":"follow","max-snippet":"max-snippet:-1","max-image-preview":"max-image-preview:large","max-video-preview":"max-video-preview:-1"},"canonical":"https:\/\/ihedn.fr\/en\/publications\/le-monde-change-lihedn-aussi\/","og_locale":"en_GB","og_type":"article","og_title":"Le monde change, l\u2019IHEDN aussi - L&#039;IHEDN : Institut des hautes \u00e9tudes de d\u00e9fense nationale","og_description":"La Revue Parlementaire\u00a0&#8211; F\u00e9vrier 2021 &#8211; Les inscriptions pour la nouvelle session nationale 2021 de l\u2019Institut des Hautes Etudes de la D\u00e9fense Nationale (IHEDN) sont ouvertes. Les auditeurs de cette ann\u00e9e b\u00e9n\u00e9ficieront d\u2019une formation renouvel\u00e9e leur permettant d\u2019appr\u00e9hender les nouveaux enjeux de d\u00e9fense et de s\u00e9curit\u00e9. Accord\u00e9e aux exigences professionnelles de hauts responsables actifs, la [&hellip;]","og_url":"https:\/\/ihedn.fr\/en\/publications\/le-monde-change-lihedn-aussi\/","og_site_name":"L&#039;IHEDN : Institut des hautes \u00e9tudes de d\u00e9fense nationale","article_publisher":"https:\/\/www.facebook.com\/ihedn\/","article_published_time":"2021-02-17T09:41:06+00:00","article_modified_time":"2021-02-18T14:08:38+00:00","og_image":[{"width":960,"height":1369,"url":"https:\/\/ihedn.fr\/wp-content\/uploads\/2021\/02\/ihedn_revue-parlementaire-01.jpg","type":"image\/jpeg"}],"author":"dev","twitter_card":"summary_large_image","twitter_creator":"@IHEDN","twitter_site":"@IHEDN","twitter_misc":{"Written by":"dev","Estimated reading time":"3 minutes"},"schema":{"@context":"https:\/\/schema.org","@graph":[{"@type":"Article","@id":"https:\/\/ihedn.fr\/en\/publications\/le-monde-change-lihedn-aussi\/#article","isPartOf":{"@id":"https:\/\/ihedn.fr\/en\/publications\/le-monde-change-lihedn-aussi\/"},"author":{"name":"dev","@id":"https:\/\/ihedn.fr\/#\/schema\/person\/7a40155595e4efb35323447cb8c8c5a4"},"headline":"Le monde change, l\u2019IHEDN aussi","datePublished":"2021-02-17T09:41:06+00:00","dateModified":"2021-02-18T14:08:38+00:00","mainEntityOfPage":{"@id":"https:\/\/ihedn.fr\/en\/publications\/le-monde-change-lihedn-aussi\/"},"wordCount":539,"publisher":{"@id":"https:\/\/ihedn.fr\/#organization"},"image":{"@id":"https:\/\/ihedn.fr\/en\/publications\/le-monde-change-lihedn-aussi\/#primaryimage"},"thumbnailUrl":"https:\/\/ihedn.fr\/wp-content\/uploads\/2021\/02\/ihedn_revue-parlementaire-01.jpg","keywords":["La Revue Parlementaire"],"articleSection":["Uncategorized"],"inLanguage":"en-GB"},{"@type":"WebPage","@id":"https:\/\/ihedn.fr\/en\/publications\/le-monde-change-lihedn-aussi\/","url":"https:\/\/ihedn.fr\/en\/publications\/le-monde-change-lihedn-aussi\/","name":"The world is changing, and so is IHEDN - IHEDN : Institut des hautes \u00e9tudes de d\u00e9fense nationale (Graduate Institute of National Defence)","isPartOf":{"@id":"https:\/\/ihedn.fr\/#website"},"primaryImageOfPage":{"@id":"https:\/\/ihedn.fr\/en\/publications\/le-monde-change-lihedn-aussi\/#primaryimage"},"image":{"@id":"https:\/\/ihedn.fr\/en\/publications\/le-monde-change-lihedn-aussi\/#primaryimage"},"thumbnailUrl":"https:\/\/ihedn.fr\/wp-content\/uploads\/2021\/02\/ihedn_revue-parlementaire-01.jpg","datePublished":"2021-02-17T09:41:06+00:00","dateModified":"2021-02-18T14:08:38+00:00","breadcrumb":{"@id":"https:\/\/ihedn.fr\/en\/publications\/le-monde-change-lihedn-aussi\/#breadcrumb"},"inLanguage":"en-GB","potentialAction":[{"@type":"ReadAction","target":["https:\/\/ihedn.fr\/en\/publications\/le-monde-change-lihedn-aussi\/"]}]},{"@type":"ImageObject","inLanguage":"en-GB","@id":"https:\/\/ihedn.fr\/en\/publications\/le-monde-change-lihedn-aussi\/#primaryimage","url":"https:\/\/ihedn.fr\/wp-content\/uploads\/2021\/02\/ihedn_revue-parlementaire-01.jpg","contentUrl":"https:\/\/ihedn.fr\/wp-content\/uploads\/2021\/02\/ihedn_revue-parlementaire-01.jpg","width":960,"height":1369,"caption":"IHEDN | La revue parlementaire - fevreier 2021"},{"@type":"BreadcrumbList","@id":"https:\/\/ihedn.fr\/en\/publications\/le-monde-change-lihedn-aussi\/#breadcrumb","itemListElement":[{"@type":"ListItem","position":1,"name":"Accueil","item":"https:\/\/ihedn.fr\/"},{"@type":"ListItem","position":2,"name":"Le monde change, l\u2019IHEDN aussi"}]},{"@type":"WebSite","@id":"https:\/\/ihedn.fr\/#website","url":"https:\/\/ihedn.fr\/","name":"IHEDN: Institut des hautes \u00e9tudes de d\u00e9fense nationale (Institute for Higher National Defence Studies)","description":"Official website of the IHEDN under the supervision of the Prime Minister.","publisher":{"@id":"https:\/\/ihedn.fr\/#organization"},"potentialAction":[{"@type":"SearchAction","target":{"@type":"EntryPoint","urlTemplate":"https:\/\/ihedn.fr\/?s={search_term_string}"},"query-input":{"@type":"PropertyValueSpecification","valueRequired":true,"valueName":"search_term_string"}}],"inLanguage":"en-GB"},{"@type":"Organization","@id":"https:\/\/ihedn.fr\/#organization","name":"IHEDN - Institute for Higher National Defence Studies","url":"https:\/\/ihedn.fr\/","logo":{"@type":"ImageObject","inLanguage":"en-GB","@id":"https:\/\/ihedn.fr\/#\/schema\/logo\/image\/","url":"https:\/\/ihedn.fr\/wp-content\/uploads\/2020\/11\/BLOC_RF_IHEDN_WEB.png","contentUrl":"https:\/\/ihedn.fr\/wp-content\/uploads\/2020\/11\/BLOC_RF_IHEDN_WEB.png","width":500,"height":237,"caption":"IHEDN - Institut des Hautes Etudes de D\u00e9fense Nationale"},"image":{"@id":"https:\/\/ihedn.fr\/#\/schema\/logo\/image\/"},"sameAs":["https:\/\/www.facebook.com\/ihedn\/","https:\/\/x.com\/IHEDN","https:\/\/www.instagram.com\/ihedn\/","https:\/\/www.linkedin.com\/school\/ihedn\/","https:\/\/fr.wikipedia.org\/wiki\/Institut_des_hautes_\u00e9tudes_de_D\u00e9fense_nationale"]},{"@type":"Person","@id":"https:\/\/ihedn.fr\/#\/schema\/person\/7a40155595e4efb35323447cb8c8c5a4","name":"dev","image":{"@type":"ImageObject","inLanguage":"en-GB","@id":"https:\/\/secure.gravatar.com\/avatar\/f1ffcac9ca2fa95ad3ec33e9be3ade82f752acb0cabe541e56c5889225afa88a?s=96&d=mm&r=g","url":"https:\/\/secure.gravatar.com\/avatar\/f1ffcac9ca2fa95ad3ec33e9be3ade82f752acb0cabe541e56c5889225afa88a?s=96&d=mm&r=g","contentUrl":"https:\/\/secure.gravatar.com\/avatar\/f1ffcac9ca2fa95ad3ec33e9be3ade82f752acb0cabe541e56c5889225afa88a?s=96&d=mm&r=g","caption":"dev"},"sameAs":["https:\/\/ihedn.concilium.click"],"url":"https:\/\/ihedn.fr\/en\/author\/dev\/"}]}},"publishpress_future_action":{"enabled":false,"date":"2026-05-08 02:42:46","action":"change-status","newStatus":"draft","terms":[],"taxonomy":"category","extraData":[]},"publishpress_future_workflow_manual_trigger":{"enabledWorkflows":[]},"_links":{"self":[{"href":"https:\/\/ihedn.fr\/en\/wp-json\/wp\/v2\/posts\/7775","targetHints":{"allow":["GET"]}}],"collection":[{"href":"https:\/\/ihedn.fr\/en\/wp-json\/wp\/v2\/posts"}],"about":[{"href":"https:\/\/ihedn.fr\/en\/wp-json\/wp\/v2\/types\/post"}],"author":[{"embeddable":true,"href":"https:\/\/ihedn.fr\/en\/wp-json\/wp\/v2\/users\/1"}],"replies":[{"embeddable":true,"href":"https:\/\/ihedn.fr\/en\/wp-json\/wp\/v2\/comments?post=7775"}],"version-history":[{"count":5,"href":"https:\/\/ihedn.fr\/en\/wp-json\/wp\/v2\/posts\/7775\/revisions"}],"predecessor-version":[{"id":7898,"href":"https:\/\/ihedn.fr\/en\/wp-json\/wp\/v2\/posts\/7775\/revisions\/7898"}],"wp:featuredmedia":[{"embeddable":true,"href":"https:\/\/ihedn.fr\/en\/wp-json\/wp\/v2\/media\/7783"}],"wp:attachment":[{"href":"https:\/\/ihedn.fr\/en\/wp-json\/wp\/v2\/media?parent=7775"}],"wp:term":[{"taxonomy":"category","embeddable":true,"href":"https:\/\/ihedn.fr\/en\/wp-json\/wp\/v2\/categories?post=7775"},{"taxonomy":"post_tag","embeddable":true,"href":"https:\/\/ihedn.fr\/en\/wp-json\/wp\/v2\/tags?post=7775"}],"curies":[{"name":"wp","href":"https:\/\/api.w.org\/{rel}","templated":true}]}}