{"id":8440,"date":"2021-03-02T11:24:33","date_gmt":"2021-03-02T10:24:33","guid":{"rendered":"https:\/\/ihedn.fr\/?p=8440"},"modified":"2022-11-25T15:23:03","modified_gmt":"2022-11-25T14:23:03","slug":"alexis-jenni-prix-goncourt-2011-rejoint-le-jury-des-imaginaires-strategiques-de-lihedn","status":"publish","type":"post","link":"https:\/\/ihedn.fr\/en\/notre-actualite\/alexis-jenni-prix-goncourt-2011-rejoint-le-jury-des-imaginaires-strategiques-de-lihedn\/","title":{"rendered":"Alexis Jenni, winner of the 2011 Prix Goncourt, joins the IHEDN's Imaginaires Strat\u00e9giques jury"},"content":{"rendered":"<div data-elementor-type=\"wp-post\" data-elementor-id=\"8440\" class=\"elementor elementor-8440\" data-elementor-post-type=\"post\">\n\t\t\t\t\t\t<section data-particle_enable=\"false\" data-particle-mobile-disabled=\"false\" class=\"elementor-section elementor-top-section elementor-element elementor-element-9a274f5 elementor-section-boxed elementor-section-height-default elementor-section-height-default\" data-id=\"9a274f5\" data-element_type=\"section\" data-e-type=\"section\">\n\t\t\t\t\t\t<div class=\"elementor-container elementor-column-gap-default\">\n\t\t\t\t\t<div class=\"elementor-column elementor-col-50 elementor-top-column elementor-element elementor-element-69bc5b1\" data-id=\"69bc5b1\" data-element_type=\"column\" data-e-type=\"column\">\n\t\t\t<div class=\"elementor-widget-wrap elementor-element-populated\">\n\t\t\t\t\t\t<div class=\"elementor-element elementor-element-00cb64b elementor-widget elementor-widget-image\" data-id=\"00cb64b\" data-element_type=\"widget\" data-e-type=\"widget\" data-widget_type=\"image.default\">\n\t\t\t\t<div class=\"elementor-widget-container\">\n\t\t\t\t\t\t\t\t\t\t\t\t\t\t\t<img fetchpriority=\"high\" decoding=\"async\" width=\"300\" height=\"300\" src=\"https:\/\/ihedn.fr\/wp-content\/uploads\/2021\/03\/Alexis-Jenni-RS-300x300.jpg\" class=\"attachment-medium size-medium wp-image-8441\" alt=\"Alexis Jenni : LES IMAGINAIRES STRAT\u00c9GIQUES\" srcset=\"https:\/\/ihedn.fr\/wp-content\/uploads\/2021\/03\/Alexis-Jenni-RS-300x300.jpg 300w, https:\/\/ihedn.fr\/wp-content\/uploads\/2021\/03\/Alexis-Jenni-RS-150x150.jpg 150w, https:\/\/ihedn.fr\/wp-content\/uploads\/2021\/03\/Alexis-Jenni-RS.jpg 600w\" sizes=\"(max-width: 300px) 100vw, 300px\" \/>\t\t\t\t\t\t\t\t\t\t\t\t\t\t\t<\/div>\n\t\t\t\t<\/div>\n\t\t\t\t\t<\/div>\n\t\t<\/div>\n\t\t\t\t<div class=\"elementor-column elementor-col-50 elementor-top-column elementor-element elementor-element-3928606\" data-id=\"3928606\" data-element_type=\"column\" data-e-type=\"column\">\n\t\t\t<div class=\"elementor-widget-wrap elementor-element-populated\">\n\t\t\t\t\t\t<div class=\"elementor-element elementor-element-8d35d0b elementor-widget elementor-widget-text-editor\" data-id=\"8d35d0b\" data-element_type=\"widget\" data-e-type=\"widget\" data-widget_type=\"text-editor.default\">\n\t\t\t\t<div class=\"elementor-widget-container\">\n\t\t\t\t\t\t\t\t\t<p>Alexis Jenni is the author of numerous novels, essays and biographies, all of which often reflect on the construction of our memories and the place of past conflicts in our collective unconscious.<\/p><p>In 2013, he contributed to the collective work Le monde au XXIIe si\u00e8cle: Utopies pour apr\u00e8s-demain (PUF), in which several researchers attempt to imagine plausible futures.<\/p><p>You have until 26 April 2021 to enter the competition and try to win one of the prizes.<\/p>\t\t\t\t\t\t\t\t<\/div>\n\t\t\t\t<\/div>\n\t\t\t\t\t<\/div>\n\t\t<\/div>\n\t\t\t\t\t<\/div>\n\t\t<\/section>\n\t\t\t\t<section data-particle_enable=\"false\" data-particle-mobile-disabled=\"false\" class=\"elementor-section elementor-top-section elementor-element elementor-element-f9ab202 elementor-section-boxed elementor-section-height-default elementor-section-height-default\" data-id=\"f9ab202\" data-element_type=\"section\" data-e-type=\"section\">\n\t\t\t\t\t\t<div class=\"elementor-container elementor-column-gap-default\">\n\t\t\t\t\t<div class=\"elementor-column elementor-col-100 elementor-top-column elementor-element elementor-element-6f2b444\" data-id=\"6f2b444\" data-element_type=\"column\" data-e-type=\"column\">\n\t\t\t<div class=\"elementor-widget-wrap elementor-element-populated\">\n\t\t\t\t\t\t<div class=\"elementor-element elementor-element-97e67f4 elementor-widget elementor-widget-text-editor\" data-id=\"97e67f4\" data-element_type=\"widget\" data-e-type=\"widget\" data-widget_type=\"text-editor.default\">\n\t\t\t\t<div class=\"elementor-widget-container\">\n\t\t\t\t\t\t\t\t\t<p style=\"text-align: center;\"><strong>You have until 26 April 2021 to enter the competition and try to win one of the prizes.<\/strong><\/p>\t\t\t\t\t\t\t\t<\/div>\n\t\t\t\t<\/div>\n\t\t\t\t<div class=\"elementor-element elementor-element-c563fe0 elementor-align-center elementor-widget elementor-widget-button\" data-id=\"c563fe0\" data-element_type=\"widget\" data-e-type=\"widget\" data-widget_type=\"button.default\">\n\t\t\t\t<div class=\"elementor-widget-container\">\n\t\t\t\t\t\t\t\t\t<div class=\"elementor-button-wrapper\">\n\t\t\t\t\t<a class=\"elementor-button elementor-button-link elementor-size-sm\" href=\"https:\/\/candidatures.ihedn.fr\/imaginaires-strategiques-0\">\n\t\t\t\t\t\t<span class=\"elementor-button-content-wrapper\">\n\t\t\t\t\t\t\t\t\t<span class=\"elementor-button-text\">Online registration<\/span>\n\t\t\t\t\t<\/span>\n\t\t\t\t\t<\/a>\n\t\t\t\t<\/div>\n\t\t\t\t\t\t\t\t<\/div>\n\t\t\t\t<\/div>\n\t\t\t\t\t<\/div>\n\t\t<\/div>\n\t\t\t\t\t<\/div>\n\t\t<\/section>\n\t\t\t\t<\/div>","protected":false},"excerpt":{"rendered":"<p>Alexis Jenni est l\u2019auteur de nombreux romans, essais et biographies ayant souvent en commun une juste r\u00e9flexion sur la construction de nos m\u00e9moires et sur la place de conflits pass\u00e9s dans nos inconscients collectifs. En 2013, il contribue \u00e0 l\u2019ouvrage collectif Le monde au XXIIe\u00a0si\u00e8cle\u00a0: Utopies pour apr\u00e8s-demain (PUF) dans lequel plusieurs chercheurs tentent d\u2019imaginer [&hellip;]<\/p>\n","protected":false},"author":1,"featured_media":8441,"comment_status":"closed","ping_status":"closed","sticky":false,"template":"","format":"standard","meta":{"footnotes":""},"categories":[172],"tags":[],"class_list":["post-8440","post","type-post","status-publish","format-standard","has-post-thumbnail","hentry","category-notre-actualite"],"yoast_head":"<!-- This site is optimized with the Yoast SEO plugin v27.5 - https:\/\/yoast.com\/product\/yoast-seo-wordpress\/ -->\n<title>Alexis Jenni, Prix Goncourt 2011, rejoint le jury des Imaginaires Strat\u00e9giques de l\u2019IHEDN - L&#039;IHEDN : Institut des hautes \u00e9tudes de d\u00e9fense nationale<\/title>\n<meta name=\"robots\" content=\"index, follow, max-snippet:-1, max-image-preview:large, max-video-preview:-1\" \/>\n<link rel=\"canonical\" href=\"https:\/\/ihedn.fr\/en\/actualites-des-sessions\/les-imaginaires-strategiques\/alexis-jenni-prix-goncourt-2011-rejoint-le-jury-des-imaginaires-strategiques-de-lihedn\/\" \/>\n<meta property=\"og:locale\" content=\"en_GB\" \/>\n<meta property=\"og:type\" content=\"article\" \/>\n<meta property=\"og:title\" content=\"Alexis Jenni, Prix Goncourt 2011, rejoint le jury des Imaginaires Strat\u00e9giques de l\u2019IHEDN - L&#039;IHEDN : Institut des hautes \u00e9tudes de d\u00e9fense nationale\" \/>\n<meta property=\"og:description\" content=\"Alexis Jenni est l\u2019auteur de nombreux romans, essais et biographies ayant souvent en commun une juste r\u00e9flexion sur la construction de nos m\u00e9moires et sur la place de conflits pass\u00e9s dans nos inconscients collectifs. En 2013, il contribue \u00e0 l\u2019ouvrage collectif Le monde au XXIIe\u00a0si\u00e8cle\u00a0: Utopies pour apr\u00e8s-demain (PUF) dans lequel plusieurs chercheurs tentent d\u2019imaginer [&hellip;]\" \/>\n<meta property=\"og:url\" content=\"https:\/\/ihedn.fr\/en\/actualites-des-sessions\/les-imaginaires-strategiques\/alexis-jenni-prix-goncourt-2011-rejoint-le-jury-des-imaginaires-strategiques-de-lihedn\/\" \/>\n<meta property=\"og:site_name\" content=\"L&#039;IHEDN : Institut des hautes \u00e9tudes de d\u00e9fense nationale\" \/>\n<meta property=\"article:publisher\" content=\"https:\/\/www.facebook.com\/ihedn\/\" \/>\n<meta property=\"article:published_time\" content=\"2021-03-02T10:24:33+00:00\" \/>\n<meta property=\"article:modified_time\" content=\"2022-11-25T14:23:03+00:00\" \/>\n<meta property=\"og:image\" content=\"https:\/\/ihedn.fr\/wp-content\/uploads\/2021\/03\/Alexis-Jenni-RS.jpg\" \/>\n\t<meta property=\"og:image:width\" content=\"600\" \/>\n\t<meta property=\"og:image:height\" content=\"600\" \/>\n\t<meta property=\"og:image:type\" content=\"image\/jpeg\" \/>\n<meta name=\"author\" content=\"dev\" \/>\n<meta name=\"twitter:card\" content=\"summary_large_image\" \/>\n<meta name=\"twitter:creator\" content=\"@IHEDN\" \/>\n<meta name=\"twitter:site\" content=\"@IHEDN\" \/>\n<meta name=\"twitter:label1\" content=\"Written by\" \/>\n\t<meta name=\"twitter:data1\" content=\"dev\" \/>\n\t<meta name=\"twitter:label2\" content=\"Estimated reading time\" \/>\n\t<meta name=\"twitter:data2\" content=\"1 minute\" \/>\n<script type=\"application\/ld+json\" class=\"yoast-schema-graph\">{\"@context\":\"https:\\\/\\\/schema.org\",\"@graph\":[{\"@type\":\"Article\",\"@id\":\"https:\\\/\\\/ihedn.fr\\\/actualites-des-sessions\\\/les-imaginaires-strategiques\\\/alexis-jenni-prix-goncourt-2011-rejoint-le-jury-des-imaginaires-strategiques-de-lihedn\\\/#article\",\"isPartOf\":{\"@id\":\"https:\\\/\\\/ihedn.fr\\\/actualites-des-sessions\\\/les-imaginaires-strategiques\\\/alexis-jenni-prix-goncourt-2011-rejoint-le-jury-des-imaginaires-strategiques-de-lihedn\\\/\"},\"author\":{\"name\":\"dev\",\"@id\":\"https:\\\/\\\/ihedn.fr\\\/#\\\/schema\\\/person\\\/7a40155595e4efb35323447cb8c8c5a4\"},\"headline\":\"Alexis Jenni, Prix Goncourt 2011, rejoint le jury des Imaginaires Strat\u00e9giques de l\u2019IHEDN\",\"datePublished\":\"2021-03-02T10:24:33+00:00\",\"dateModified\":\"2022-11-25T14:23:03+00:00\",\"mainEntityOfPage\":{\"@id\":\"https:\\\/\\\/ihedn.fr\\\/actualites-des-sessions\\\/les-imaginaires-strategiques\\\/alexis-jenni-prix-goncourt-2011-rejoint-le-jury-des-imaginaires-strategiques-de-lihedn\\\/\"},\"wordCount\":114,\"publisher\":{\"@id\":\"https:\\\/\\\/ihedn.fr\\\/#organization\"},\"image\":{\"@id\":\"https:\\\/\\\/ihedn.fr\\\/actualites-des-sessions\\\/les-imaginaires-strategiques\\\/alexis-jenni-prix-goncourt-2011-rejoint-le-jury-des-imaginaires-strategiques-de-lihedn\\\/#primaryimage\"},\"thumbnailUrl\":\"https:\\\/\\\/ihedn.fr\\\/wp-content\\\/uploads\\\/2021\\\/03\\\/Alexis-Jenni-RS.jpg\",\"articleSection\":[\"Notre actualit\u00e9\"],\"inLanguage\":\"en-GB\"},{\"@type\":\"WebPage\",\"@id\":\"https:\\\/\\\/ihedn.fr\\\/actualites-des-sessions\\\/les-imaginaires-strategiques\\\/alexis-jenni-prix-goncourt-2011-rejoint-le-jury-des-imaginaires-strategiques-de-lihedn\\\/\",\"url\":\"https:\\\/\\\/ihedn.fr\\\/actualites-des-sessions\\\/les-imaginaires-strategiques\\\/alexis-jenni-prix-goncourt-2011-rejoint-le-jury-des-imaginaires-strategiques-de-lihedn\\\/\",\"name\":\"Alexis Jenni, Prix Goncourt 2011, rejoint le jury des Imaginaires Strat\u00e9giques de l\u2019IHEDN - L&#039;IHEDN : Institut des hautes \u00e9tudes de d\u00e9fense nationale\",\"isPartOf\":{\"@id\":\"https:\\\/\\\/ihedn.fr\\\/#website\"},\"primaryImageOfPage\":{\"@id\":\"https:\\\/\\\/ihedn.fr\\\/actualites-des-sessions\\\/les-imaginaires-strategiques\\\/alexis-jenni-prix-goncourt-2011-rejoint-le-jury-des-imaginaires-strategiques-de-lihedn\\\/#primaryimage\"},\"image\":{\"@id\":\"https:\\\/\\\/ihedn.fr\\\/actualites-des-sessions\\\/les-imaginaires-strategiques\\\/alexis-jenni-prix-goncourt-2011-rejoint-le-jury-des-imaginaires-strategiques-de-lihedn\\\/#primaryimage\"},\"thumbnailUrl\":\"https:\\\/\\\/ihedn.fr\\\/wp-content\\\/uploads\\\/2021\\\/03\\\/Alexis-Jenni-RS.jpg\",\"datePublished\":\"2021-03-02T10:24:33+00:00\",\"dateModified\":\"2022-11-25T14:23:03+00:00\",\"breadcrumb\":{\"@id\":\"https:\\\/\\\/ihedn.fr\\\/actualites-des-sessions\\\/les-imaginaires-strategiques\\\/alexis-jenni-prix-goncourt-2011-rejoint-le-jury-des-imaginaires-strategiques-de-lihedn\\\/#breadcrumb\"},\"inLanguage\":\"en-GB\",\"potentialAction\":[{\"@type\":\"ReadAction\",\"target\":[\"https:\\\/\\\/ihedn.fr\\\/actualites-des-sessions\\\/les-imaginaires-strategiques\\\/alexis-jenni-prix-goncourt-2011-rejoint-le-jury-des-imaginaires-strategiques-de-lihedn\\\/\"]}]},{\"@type\":\"ImageObject\",\"inLanguage\":\"en-GB\",\"@id\":\"https:\\\/\\\/ihedn.fr\\\/actualites-des-sessions\\\/les-imaginaires-strategiques\\\/alexis-jenni-prix-goncourt-2011-rejoint-le-jury-des-imaginaires-strategiques-de-lihedn\\\/#primaryimage\",\"url\":\"https:\\\/\\\/ihedn.fr\\\/wp-content\\\/uploads\\\/2021\\\/03\\\/Alexis-Jenni-RS.jpg\",\"contentUrl\":\"https:\\\/\\\/ihedn.fr\\\/wp-content\\\/uploads\\\/2021\\\/03\\\/Alexis-Jenni-RS.jpg\",\"width\":600,\"height\":600,\"caption\":\"Alexis Jenni : LES IMAGINAIRES STRAT\u00c9GIQUES\"},{\"@type\":\"BreadcrumbList\",\"@id\":\"https:\\\/\\\/ihedn.fr\\\/actualites-des-sessions\\\/les-imaginaires-strategiques\\\/alexis-jenni-prix-goncourt-2011-rejoint-le-jury-des-imaginaires-strategiques-de-lihedn\\\/#breadcrumb\",\"itemListElement\":[{\"@type\":\"ListItem\",\"position\":1,\"name\":\"Accueil\",\"item\":\"https:\\\/\\\/ihedn.fr\\\/\"},{\"@type\":\"ListItem\",\"position\":2,\"name\":\"Alexis Jenni, Prix Goncourt 2011, rejoint le jury des Imaginaires Strat\u00e9giques de l\u2019IHEDN\"}]},{\"@type\":\"WebSite\",\"@id\":\"https:\\\/\\\/ihedn.fr\\\/#website\",\"url\":\"https:\\\/\\\/ihedn.fr\\\/\",\"name\":\"IHEDN : Institut des hautes \u00e9tudes de d\u00e9fense nationale |\",\"description\":\"Site officiel de l&#039;IHEDN plac\u00e9 sous la tutelle du Premier ministre.\",\"publisher\":{\"@id\":\"https:\\\/\\\/ihedn.fr\\\/#organization\"},\"potentialAction\":[{\"@type\":\"SearchAction\",\"target\":{\"@type\":\"EntryPoint\",\"urlTemplate\":\"https:\\\/\\\/ihedn.fr\\\/?s={search_term_string}\"},\"query-input\":{\"@type\":\"PropertyValueSpecification\",\"valueRequired\":true,\"valueName\":\"search_term_string\"}}],\"inLanguage\":\"en-GB\"},{\"@type\":\"Organization\",\"@id\":\"https:\\\/\\\/ihedn.fr\\\/#organization\",\"name\":\"IHEDN - Institut des Hautes Etudes de D\u00e9fense Nationale\",\"url\":\"https:\\\/\\\/ihedn.fr\\\/\",\"logo\":{\"@type\":\"ImageObject\",\"inLanguage\":\"en-GB\",\"@id\":\"https:\\\/\\\/ihedn.fr\\\/#\\\/schema\\\/logo\\\/image\\\/\",\"url\":\"https:\\\/\\\/ihedn.fr\\\/wp-content\\\/uploads\\\/2020\\\/11\\\/BLOC_RF_IHEDN_WEB.png\",\"contentUrl\":\"https:\\\/\\\/ihedn.fr\\\/wp-content\\\/uploads\\\/2020\\\/11\\\/BLOC_RF_IHEDN_WEB.png\",\"width\":500,\"height\":237,\"caption\":\"IHEDN - Institut des Hautes Etudes de D\u00e9fense Nationale\"},\"image\":{\"@id\":\"https:\\\/\\\/ihedn.fr\\\/#\\\/schema\\\/logo\\\/image\\\/\"},\"sameAs\":[\"https:\\\/\\\/www.facebook.com\\\/ihedn\\\/\",\"https:\\\/\\\/x.com\\\/IHEDN\",\"https:\\\/\\\/www.instagram.com\\\/ihedn\\\/\",\"https:\\\/\\\/www.linkedin.com\\\/school\\\/ihedn\\\/\",\"https:\\\/\\\/fr.wikipedia.org\\\/wiki\\\/Institut_des_hautes_\u00e9tudes_de_D\u00e9fense_nationale\"]},{\"@type\":\"Person\",\"@id\":\"https:\\\/\\\/ihedn.fr\\\/#\\\/schema\\\/person\\\/7a40155595e4efb35323447cb8c8c5a4\",\"name\":\"dev\",\"image\":{\"@type\":\"ImageObject\",\"inLanguage\":\"en-GB\",\"@id\":\"https:\\\/\\\/secure.gravatar.com\\\/avatar\\\/f1ffcac9ca2fa95ad3ec33e9be3ade82f752acb0cabe541e56c5889225afa88a?s=96&d=mm&r=g\",\"url\":\"https:\\\/\\\/secure.gravatar.com\\\/avatar\\\/f1ffcac9ca2fa95ad3ec33e9be3ade82f752acb0cabe541e56c5889225afa88a?s=96&d=mm&r=g\",\"contentUrl\":\"https:\\\/\\\/secure.gravatar.com\\\/avatar\\\/f1ffcac9ca2fa95ad3ec33e9be3ade82f752acb0cabe541e56c5889225afa88a?s=96&d=mm&r=g\",\"caption\":\"dev\"},\"sameAs\":[\"https:\\\/\\\/ihedn.concilium.click\"],\"url\":\"https:\\\/\\\/ihedn.fr\\\/en\\\/author\\\/dev\\\/\"}]}<\/script>\n<!-- \/ Yoast SEO plugin. -->","yoast_head_json":{"title":"Alexis Jenni, winner of the 2011 Prix Goncourt, joins the IHEDN Imaginaires Strat\u00e9giques jury - L'IHEDN : Institut des hautes \u00e9tudes de d\u00e9fense nationale (French Institute for Higher Studies in National Defence)","robots":{"index":"index","follow":"follow","max-snippet":"max-snippet:-1","max-image-preview":"max-image-preview:large","max-video-preview":"max-video-preview:-1"},"canonical":"https:\/\/ihedn.fr\/en\/actualites-des-sessions\/les-imaginaires-strategiques\/alexis-jenni-prix-goncourt-2011-rejoint-le-jury-des-imaginaires-strategiques-de-lihedn\/","og_locale":"en_GB","og_type":"article","og_title":"Alexis Jenni, Prix Goncourt 2011, rejoint le jury des Imaginaires Strat\u00e9giques de l\u2019IHEDN - L&#039;IHEDN : Institut des hautes \u00e9tudes de d\u00e9fense nationale","og_description":"Alexis Jenni est l\u2019auteur de nombreux romans, essais et biographies ayant souvent en commun une juste r\u00e9flexion sur la construction de nos m\u00e9moires et sur la place de conflits pass\u00e9s dans nos inconscients collectifs. En 2013, il contribue \u00e0 l\u2019ouvrage collectif Le monde au XXIIe\u00a0si\u00e8cle\u00a0: Utopies pour apr\u00e8s-demain (PUF) dans lequel plusieurs chercheurs tentent d\u2019imaginer [&hellip;]","og_url":"https:\/\/ihedn.fr\/en\/actualites-des-sessions\/les-imaginaires-strategiques\/alexis-jenni-prix-goncourt-2011-rejoint-le-jury-des-imaginaires-strategiques-de-lihedn\/","og_site_name":"L&#039;IHEDN : Institut des hautes \u00e9tudes de d\u00e9fense nationale","article_publisher":"https:\/\/www.facebook.com\/ihedn\/","article_published_time":"2021-03-02T10:24:33+00:00","article_modified_time":"2022-11-25T14:23:03+00:00","og_image":[{"width":600,"height":600,"url":"https:\/\/ihedn.fr\/wp-content\/uploads\/2021\/03\/Alexis-Jenni-RS.jpg","type":"image\/jpeg"}],"author":"dev","twitter_card":"summary_large_image","twitter_creator":"@IHEDN","twitter_site":"@IHEDN","twitter_misc":{"Written by":"dev","Estimated reading time":"1 minute"},"schema":{"@context":"https:\/\/schema.org","@graph":[{"@type":"Article","@id":"https:\/\/ihedn.fr\/actualites-des-sessions\/les-imaginaires-strategiques\/alexis-jenni-prix-goncourt-2011-rejoint-le-jury-des-imaginaires-strategiques-de-lihedn\/#article","isPartOf":{"@id":"https:\/\/ihedn.fr\/actualites-des-sessions\/les-imaginaires-strategiques\/alexis-jenni-prix-goncourt-2011-rejoint-le-jury-des-imaginaires-strategiques-de-lihedn\/"},"author":{"name":"dev","@id":"https:\/\/ihedn.fr\/#\/schema\/person\/7a40155595e4efb35323447cb8c8c5a4"},"headline":"Alexis Jenni, Prix Goncourt 2011, rejoint le jury des Imaginaires Strat\u00e9giques de l\u2019IHEDN","datePublished":"2021-03-02T10:24:33+00:00","dateModified":"2022-11-25T14:23:03+00:00","mainEntityOfPage":{"@id":"https:\/\/ihedn.fr\/actualites-des-sessions\/les-imaginaires-strategiques\/alexis-jenni-prix-goncourt-2011-rejoint-le-jury-des-imaginaires-strategiques-de-lihedn\/"},"wordCount":114,"publisher":{"@id":"https:\/\/ihedn.fr\/#organization"},"image":{"@id":"https:\/\/ihedn.fr\/actualites-des-sessions\/les-imaginaires-strategiques\/alexis-jenni-prix-goncourt-2011-rejoint-le-jury-des-imaginaires-strategiques-de-lihedn\/#primaryimage"},"thumbnailUrl":"https:\/\/ihedn.fr\/wp-content\/uploads\/2021\/03\/Alexis-Jenni-RS.jpg","articleSection":["Notre actualit\u00e9"],"inLanguage":"en-GB"},{"@type":"WebPage","@id":"https:\/\/ihedn.fr\/actualites-des-sessions\/les-imaginaires-strategiques\/alexis-jenni-prix-goncourt-2011-rejoint-le-jury-des-imaginaires-strategiques-de-lihedn\/","url":"https:\/\/ihedn.fr\/actualites-des-sessions\/les-imaginaires-strategiques\/alexis-jenni-prix-goncourt-2011-rejoint-le-jury-des-imaginaires-strategiques-de-lihedn\/","name":"Alexis Jenni, winner of the 2011 Prix Goncourt, joins the IHEDN Imaginaires Strat\u00e9giques jury - L'IHEDN : Institut des hautes \u00e9tudes de d\u00e9fense nationale (French Institute for Higher Studies in National Defence)","isPartOf":{"@id":"https:\/\/ihedn.fr\/#website"},"primaryImageOfPage":{"@id":"https:\/\/ihedn.fr\/actualites-des-sessions\/les-imaginaires-strategiques\/alexis-jenni-prix-goncourt-2011-rejoint-le-jury-des-imaginaires-strategiques-de-lihedn\/#primaryimage"},"image":{"@id":"https:\/\/ihedn.fr\/actualites-des-sessions\/les-imaginaires-strategiques\/alexis-jenni-prix-goncourt-2011-rejoint-le-jury-des-imaginaires-strategiques-de-lihedn\/#primaryimage"},"thumbnailUrl":"https:\/\/ihedn.fr\/wp-content\/uploads\/2021\/03\/Alexis-Jenni-RS.jpg","datePublished":"2021-03-02T10:24:33+00:00","dateModified":"2022-11-25T14:23:03+00:00","breadcrumb":{"@id":"https:\/\/ihedn.fr\/actualites-des-sessions\/les-imaginaires-strategiques\/alexis-jenni-prix-goncourt-2011-rejoint-le-jury-des-imaginaires-strategiques-de-lihedn\/#breadcrumb"},"inLanguage":"en-GB","potentialAction":[{"@type":"ReadAction","target":["https:\/\/ihedn.fr\/actualites-des-sessions\/les-imaginaires-strategiques\/alexis-jenni-prix-goncourt-2011-rejoint-le-jury-des-imaginaires-strategiques-de-lihedn\/"]}]},{"@type":"ImageObject","inLanguage":"en-GB","@id":"https:\/\/ihedn.fr\/actualites-des-sessions\/les-imaginaires-strategiques\/alexis-jenni-prix-goncourt-2011-rejoint-le-jury-des-imaginaires-strategiques-de-lihedn\/#primaryimage","url":"https:\/\/ihedn.fr\/wp-content\/uploads\/2021\/03\/Alexis-Jenni-RS.jpg","contentUrl":"https:\/\/ihedn.fr\/wp-content\/uploads\/2021\/03\/Alexis-Jenni-RS.jpg","width":600,"height":600,"caption":"Alexis Jenni : LES IMAGINAIRES STRAT\u00c9GIQUES"},{"@type":"BreadcrumbList","@id":"https:\/\/ihedn.fr\/actualites-des-sessions\/les-imaginaires-strategiques\/alexis-jenni-prix-goncourt-2011-rejoint-le-jury-des-imaginaires-strategiques-de-lihedn\/#breadcrumb","itemListElement":[{"@type":"ListItem","position":1,"name":"Accueil","item":"https:\/\/ihedn.fr\/"},{"@type":"ListItem","position":2,"name":"Alexis Jenni, Prix Goncourt 2011, rejoint le jury des Imaginaires Strat\u00e9giques de l\u2019IHEDN"}]},{"@type":"WebSite","@id":"https:\/\/ihedn.fr\/#website","url":"https:\/\/ihedn.fr\/","name":"IHEDN: Institut des hautes \u00e9tudes de d\u00e9fense nationale (Institute for Higher National Defence Studies)","description":"Official website of the IHEDN under the supervision of the Prime Minister.","publisher":{"@id":"https:\/\/ihedn.fr\/#organization"},"potentialAction":[{"@type":"SearchAction","target":{"@type":"EntryPoint","urlTemplate":"https:\/\/ihedn.fr\/?s={search_term_string}"},"query-input":{"@type":"PropertyValueSpecification","valueRequired":true,"valueName":"search_term_string"}}],"inLanguage":"en-GB"},{"@type":"Organization","@id":"https:\/\/ihedn.fr\/#organization","name":"IHEDN - Institute for Higher National Defence Studies","url":"https:\/\/ihedn.fr\/","logo":{"@type":"ImageObject","inLanguage":"en-GB","@id":"https:\/\/ihedn.fr\/#\/schema\/logo\/image\/","url":"https:\/\/ihedn.fr\/wp-content\/uploads\/2020\/11\/BLOC_RF_IHEDN_WEB.png","contentUrl":"https:\/\/ihedn.fr\/wp-content\/uploads\/2020\/11\/BLOC_RF_IHEDN_WEB.png","width":500,"height":237,"caption":"IHEDN - Institut des Hautes Etudes de D\u00e9fense Nationale"},"image":{"@id":"https:\/\/ihedn.fr\/#\/schema\/logo\/image\/"},"sameAs":["https:\/\/www.facebook.com\/ihedn\/","https:\/\/x.com\/IHEDN","https:\/\/www.instagram.com\/ihedn\/","https:\/\/www.linkedin.com\/school\/ihedn\/","https:\/\/fr.wikipedia.org\/wiki\/Institut_des_hautes_\u00e9tudes_de_D\u00e9fense_nationale"]},{"@type":"Person","@id":"https:\/\/ihedn.fr\/#\/schema\/person\/7a40155595e4efb35323447cb8c8c5a4","name":"dev","image":{"@type":"ImageObject","inLanguage":"en-GB","@id":"https:\/\/secure.gravatar.com\/avatar\/f1ffcac9ca2fa95ad3ec33e9be3ade82f752acb0cabe541e56c5889225afa88a?s=96&d=mm&r=g","url":"https:\/\/secure.gravatar.com\/avatar\/f1ffcac9ca2fa95ad3ec33e9be3ade82f752acb0cabe541e56c5889225afa88a?s=96&d=mm&r=g","contentUrl":"https:\/\/secure.gravatar.com\/avatar\/f1ffcac9ca2fa95ad3ec33e9be3ade82f752acb0cabe541e56c5889225afa88a?s=96&d=mm&r=g","caption":"dev"},"sameAs":["https:\/\/ihedn.concilium.click"],"url":"https:\/\/ihedn.fr\/en\/author\/dev\/"}]}},"publishpress_future_action":{"enabled":false,"date":"2026-05-10 13:39:13","action":"change-status","newStatus":"draft","terms":[],"taxonomy":"category","extraData":[]},"publishpress_future_workflow_manual_trigger":{"enabledWorkflows":[]},"_links":{"self":[{"href":"https:\/\/ihedn.fr\/en\/wp-json\/wp\/v2\/posts\/8440","targetHints":{"allow":["GET"]}}],"collection":[{"href":"https:\/\/ihedn.fr\/en\/wp-json\/wp\/v2\/posts"}],"about":[{"href":"https:\/\/ihedn.fr\/en\/wp-json\/wp\/v2\/types\/post"}],"author":[{"embeddable":true,"href":"https:\/\/ihedn.fr\/en\/wp-json\/wp\/v2\/users\/1"}],"replies":[{"embeddable":true,"href":"https:\/\/ihedn.fr\/en\/wp-json\/wp\/v2\/comments?post=8440"}],"version-history":[{"count":5,"href":"https:\/\/ihedn.fr\/en\/wp-json\/wp\/v2\/posts\/8440\/revisions"}],"predecessor-version":[{"id":10109,"href":"https:\/\/ihedn.fr\/en\/wp-json\/wp\/v2\/posts\/8440\/revisions\/10109"}],"wp:featuredmedia":[{"embeddable":true,"href":"https:\/\/ihedn.fr\/en\/wp-json\/wp\/v2\/media\/8441"}],"wp:attachment":[{"href":"https:\/\/ihedn.fr\/en\/wp-json\/wp\/v2\/media?parent=8440"}],"wp:term":[{"taxonomy":"category","embeddable":true,"href":"https:\/\/ihedn.fr\/en\/wp-json\/wp\/v2\/categories?post=8440"},{"taxonomy":"post_tag","embeddable":true,"href":"https:\/\/ihedn.fr\/en\/wp-json\/wp\/v2\/tags?post=8440"}],"curies":[{"name":"wp","href":"https:\/\/api.w.org\/{rel}","templated":true}]}}