{"id":8450,"date":"2021-02-25T10:00:09","date_gmt":"2021-02-25T09:00:09","guid":{"rendered":"https:\/\/ihedn.fr\/?p=8450"},"modified":"2022-11-25T15:23:03","modified_gmt":"2022-11-25T14:23:03","slug":"123e-cycle-ihedn-jeunes-a-rouen","status":"publish","type":"post","link":"https:\/\/ihedn.fr\/en\/notre-actualite\/123e-cycle-ihedn-jeunes-a-rouen\/","title":{"rendered":"123rd \"IHEDN-Youth\" cycle in Rouen"},"content":{"rendered":"<div data-elementor-type=\"wp-post\" data-elementor-id=\"8450\" class=\"elementor elementor-8450\" data-elementor-post-type=\"post\">\n\t\t\t\t\t\t<section data-particle_enable=\"false\" data-particle-mobile-disabled=\"false\" class=\"elementor-section elementor-top-section elementor-element elementor-element-7183a6a elementor-section-boxed elementor-section-height-default elementor-section-height-default\" data-id=\"7183a6a\" data-element_type=\"section\" data-e-type=\"section\">\n\t\t\t\t\t\t<div class=\"elementor-container elementor-column-gap-default\">\n\t\t\t\t\t<div class=\"elementor-column elementor-col-100 elementor-top-column elementor-element elementor-element-0657267\" data-id=\"0657267\" data-element_type=\"column\" data-e-type=\"column\">\n\t\t\t<div class=\"elementor-widget-wrap elementor-element-populated\">\n\t\t\t\t\t\t<div class=\"elementor-element elementor-element-060e13b elementor-widget elementor-widget-text-editor\" data-id=\"060e13b\" data-element_type=\"widget\" data-e-type=\"widget\" data-widget_type=\"text-editor.default\">\n\t\t\t\t<div class=\"elementor-widget-container\">\n\t\t\t\t\t\t\t\t\t<p>From 22 to 27 February 2021, Rouen hosted the 123<sup>e<\/sup> IHEDN-Jeunes cycle, during which some sixty young people from all walks of life and aged between 20 and 30 met to learn about and exchange views on defence and national security issues.<\/p>\t\t\t\t\t\t\t\t<\/div>\n\t\t\t\t<\/div>\n\t\t\t\t\t<\/div>\n\t\t<\/div>\n\t\t\t\t\t<\/div>\n\t\t<\/section>\n\t\t\t\t<section data-particle_enable=\"false\" data-particle-mobile-disabled=\"false\" class=\"elementor-section elementor-top-section elementor-element elementor-element-f5ca146 elementor-section-boxed elementor-section-height-default elementor-section-height-default\" data-id=\"f5ca146\" data-element_type=\"section\" data-e-type=\"section\">\n\t\t\t\t\t\t<div class=\"elementor-container elementor-column-gap-default\">\n\t\t\t\t\t<div class=\"elementor-column elementor-col-100 elementor-top-column elementor-element elementor-element-d7665d0\" data-id=\"d7665d0\" data-element_type=\"column\" data-e-type=\"column\">\n\t\t\t<div class=\"elementor-widget-wrap elementor-element-populated\">\n\t\t\t\t\t\t<div class=\"elementor-element elementor-element-bb07277 elementor-widget elementor-widget-image\" data-id=\"bb07277\" data-element_type=\"widget\" data-e-type=\"widget\" data-widget_type=\"image.default\">\n\t\t\t\t<div class=\"elementor-widget-container\">\n\t\t\t\t\t\t\t\t\t\t\t\t\t\t\t<img fetchpriority=\"high\" decoding=\"async\" width=\"1369\" height=\"626\" src=\"https:\/\/ihedn.fr\/wp-content\/uploads\/2021\/03\/IHEDN-12e-Cycle-IHEDN-jeunes-a-Rouen_002.jpg\" class=\"attachment-full size-full wp-image-8457\" alt=\"IHEDN-12e Cycle IHEDN-jeunes \u00e0 Rouen \u00a9 Pierremmanuel PROUX \/ IHEDN \u00a9\" \/>\t\t\t\t\t\t\t\t\t\t\t\t\t\t\t<\/div>\n\t\t\t\t<\/div>\n\t\t\t\t\t<\/div>\n\t\t<\/div>\n\t\t\t\t\t<\/div>\n\t\t<\/section>\n\t\t\t\t<section data-particle_enable=\"false\" data-particle-mobile-disabled=\"false\" class=\"elementor-section elementor-top-section elementor-element elementor-element-1f90825 elementor-section-boxed elementor-section-height-default elementor-section-height-default\" data-id=\"1f90825\" data-element_type=\"section\" data-e-type=\"section\">\n\t\t\t\t\t\t<div class=\"elementor-container elementor-column-gap-default\">\n\t\t\t\t\t<div class=\"elementor-column elementor-col-100 elementor-top-column elementor-element elementor-element-c703b98\" data-id=\"c703b98\" data-element_type=\"column\" data-e-type=\"column\">\n\t\t\t<div class=\"elementor-widget-wrap elementor-element-populated\">\n\t\t\t\t\t\t<div class=\"elementor-element elementor-element-d7bd724 elementor-widget elementor-widget-text-editor\" data-id=\"d7bd724\" data-element_type=\"widget\" data-e-type=\"widget\" data-widget_type=\"text-editor.default\">\n\t\t\t\t<div class=\"elementor-widget-container\">\n\t\t\t\t\t\t\t\t\t<p>To achieve this, they benefited from the triptych of teaching methods typical of IHEDN courses, which combine lectures, committee work and visits.<\/p>\t\t\t\t\t\t\t\t<\/div>\n\t\t\t\t<\/div>\n\t\t\t\t\t<\/div>\n\t\t<\/div>\n\t\t\t\t\t<\/div>\n\t\t<\/section>\n\t\t\t\t<section data-particle_enable=\"false\" data-particle-mobile-disabled=\"false\" class=\"elementor-section elementor-top-section elementor-element elementor-element-99feb7b elementor-section-boxed elementor-section-height-default elementor-section-height-default\" data-id=\"99feb7b\" data-element_type=\"section\" data-e-type=\"section\">\n\t\t\t\t\t\t<div class=\"elementor-container elementor-column-gap-default\">\n\t\t\t\t\t<div class=\"elementor-column elementor-col-100 elementor-top-column elementor-element elementor-element-9c00712\" data-id=\"9c00712\" data-element_type=\"column\" data-e-type=\"column\">\n\t\t\t<div class=\"elementor-widget-wrap elementor-element-populated\">\n\t\t\t\t\t\t<div class=\"elementor-element elementor-element-20399b8 elementor-widget elementor-widget-image\" data-id=\"20399b8\" data-element_type=\"widget\" data-e-type=\"widget\" data-widget_type=\"image.default\">\n\t\t\t\t<div class=\"elementor-widget-container\">\n\t\t\t\t\t\t\t\t\t\t\t\t\t\t\t<img decoding=\"async\" width=\"1369\" height=\"703\" src=\"https:\/\/ihedn.fr\/wp-content\/uploads\/2021\/03\/IHEDN-12e-Cycle-IHEDN-jeunes-a-Rouen_006.jpg\" class=\"attachment-full size-full wp-image-8453\" alt=\"\" \/>\t\t\t\t\t\t\t\t\t\t\t\t\t\t\t<\/div>\n\t\t\t\t<\/div>\n\t\t\t\t\t<\/div>\n\t\t<\/div>\n\t\t\t\t\t<\/div>\n\t\t<\/section>\n\t\t\t\t<section data-particle_enable=\"false\" data-particle-mobile-disabled=\"false\" class=\"elementor-section elementor-top-section elementor-element elementor-element-b15a429 elementor-section-boxed elementor-section-height-default elementor-section-height-default\" data-id=\"b15a429\" data-element_type=\"section\" data-e-type=\"section\">\n\t\t\t\t\t\t<div class=\"elementor-container elementor-column-gap-default\">\n\t\t\t\t\t<div class=\"elementor-column elementor-col-100 elementor-top-column elementor-element elementor-element-4a67561\" data-id=\"4a67561\" data-element_type=\"column\" data-e-type=\"column\">\n\t\t\t<div class=\"elementor-widget-wrap elementor-element-populated\">\n\t\t\t\t\t\t<div class=\"elementor-element elementor-element-6eab0cc elementor-widget elementor-widget-text-editor\" data-id=\"6eab0cc\" data-element_type=\"widget\" data-e-type=\"widget\" data-widget_type=\"text-editor.default\">\n\t\t\t\t<div class=\"elementor-widget-container\">\n\t\t\t\t\t\t\t\t\t<p>The visits to the Medical Training Centre in Rouen, Cordon DS2i and Base A\u00e9rienne 105 in Evreux were particularly memorable, giving them a more concrete understanding of the various challenges that these strategic sites can face.<\/p>\t\t\t\t\t\t\t\t<\/div>\n\t\t\t\t<\/div>\n\t\t\t\t\t<\/div>\n\t\t<\/div>\n\t\t\t\t\t<\/div>\n\t\t<\/section>\n\t\t\t\t<section data-particle_enable=\"false\" data-particle-mobile-disabled=\"false\" class=\"elementor-section elementor-top-section elementor-element elementor-element-a4fa395 elementor-section-boxed elementor-section-height-default elementor-section-height-default\" data-id=\"a4fa395\" data-element_type=\"section\" data-e-type=\"section\">\n\t\t\t\t\t\t<div class=\"elementor-container elementor-column-gap-default\">\n\t\t\t\t\t<div class=\"elementor-column elementor-col-100 elementor-top-column elementor-element elementor-element-d0b8e55\" data-id=\"d0b8e55\" data-element_type=\"column\" data-e-type=\"column\">\n\t\t\t<div class=\"elementor-widget-wrap elementor-element-populated\">\n\t\t\t\t\t\t<div class=\"elementor-element elementor-element-ded8af7 elementor-widget elementor-widget-image\" data-id=\"ded8af7\" data-element_type=\"widget\" data-e-type=\"widget\" data-widget_type=\"image.default\">\n\t\t\t\t<div class=\"elementor-widget-container\">\n\t\t\t\t\t\t\t\t\t\t\t\t\t\t\t<img decoding=\"async\" width=\"1369\" height=\"913\" src=\"https:\/\/ihedn.fr\/wp-content\/uploads\/2021\/03\/IHEDN-12e-Cycle-IHEDN-jeunes-a-Rouen_008.jpg\" class=\"attachment-full size-full wp-image-8455\" alt=\"\" \/>\t\t\t\t\t\t\t\t\t\t\t\t\t\t\t<\/div>\n\t\t\t\t<\/div>\n\t\t\t\t\t<\/div>\n\t\t<\/div>\n\t\t\t\t\t<\/div>\n\t\t<\/section>\n\t\t\t\t<section data-particle_enable=\"false\" data-particle-mobile-disabled=\"false\" class=\"elementor-section elementor-top-section elementor-element elementor-element-d56f378 elementor-section-boxed elementor-section-height-default elementor-section-height-default\" data-id=\"d56f378\" data-element_type=\"section\" data-e-type=\"section\">\n\t\t\t\t\t\t<div class=\"elementor-container elementor-column-gap-default\">\n\t\t\t\t\t<div class=\"elementor-column elementor-col-100 elementor-top-column elementor-element elementor-element-d93badc\" data-id=\"d93badc\" data-element_type=\"column\" data-e-type=\"column\">\n\t\t\t<div class=\"elementor-widget-wrap elementor-element-populated\">\n\t\t\t\t\t\t<div class=\"elementor-element elementor-element-c63c94b elementor-widget elementor-widget-text-editor\" data-id=\"c63c94b\" data-element_type=\"widget\" data-e-type=\"widget\" data-widget_type=\"text-editor.default\">\n\t\t\t\t<div class=\"elementor-widget-container\">\n\t\t\t\t\t\t\t\t\t<p>During the closing ceremony at the end of the cycle, they had the opportunity to present the results of their reflections to Ms Marine Caron, Vice-President of the Departmental Council, and Professor Olivier Schmitt, Director of the IHEDN Studies and Research Department.<\/p>\t\t\t\t\t\t\t\t<\/div>\n\t\t\t\t<\/div>\n\t\t\t\t\t<\/div>\n\t\t<\/div>\n\t\t\t\t\t<\/div>\n\t\t<\/section>\n\t\t\t\t<section data-particle_enable=\"false\" data-particle-mobile-disabled=\"false\" class=\"elementor-section elementor-top-section elementor-element elementor-element-a842a90 elementor-section-boxed elementor-section-height-default elementor-section-height-default\" data-id=\"a842a90\" data-element_type=\"section\" data-e-type=\"section\">\n\t\t\t\t\t\t<div class=\"elementor-container elementor-column-gap-default\">\n\t\t\t\t\t<div class=\"elementor-column elementor-col-100 elementor-top-column elementor-element elementor-element-d220960\" data-id=\"d220960\" data-element_type=\"column\" data-e-type=\"column\">\n\t\t\t<div class=\"elementor-widget-wrap elementor-element-populated\">\n\t\t\t\t\t\t<div class=\"elementor-element elementor-element-a3ed940 elementor-widget elementor-widget-image\" data-id=\"a3ed940\" data-element_type=\"widget\" data-e-type=\"widget\" data-widget_type=\"image.default\">\n\t\t\t\t<div class=\"elementor-widget-container\">\n\t\t\t\t\t\t\t\t\t\t\t\t\t\t\t<img loading=\"lazy\" decoding=\"async\" width=\"1369\" height=\"738\" src=\"https:\/\/ihedn.fr\/wp-content\/uploads\/2021\/03\/IHEDN-12e-Cycle-IHEDN-jeunes-a-Rouen_005.jpg\" class=\"attachment-full size-full wp-image-8452\" alt=\"\" \/>\t\t\t\t\t\t\t\t\t\t\t\t\t\t\t<\/div>\n\t\t\t\t<\/div>\n\t\t\t\t\t<\/div>\n\t\t<\/div>\n\t\t\t\t\t<\/div>\n\t\t<\/section>\n\t\t\t\t<section data-particle_enable=\"false\" data-particle-mobile-disabled=\"false\" class=\"elementor-section elementor-top-section elementor-element elementor-element-02c5486 elementor-section-boxed elementor-section-height-default elementor-section-height-default\" data-id=\"02c5486\" data-element_type=\"section\" data-e-type=\"section\">\n\t\t\t\t\t\t<div class=\"elementor-container elementor-column-gap-default\">\n\t\t\t\t\t<div class=\"elementor-column elementor-col-100 elementor-top-column elementor-element elementor-element-99f0881\" data-id=\"99f0881\" data-element_type=\"column\" data-e-type=\"column\">\n\t\t\t<div class=\"elementor-widget-wrap elementor-element-populated\">\n\t\t\t\t\t\t<div class=\"elementor-element elementor-element-494d24c elementor-widget elementor-widget-text-editor\" data-id=\"494d24c\" data-element_type=\"widget\" data-e-type=\"widget\" data-widget_type=\"text-editor.default\">\n\t\t\t\t<div class=\"elementor-widget-container\">\n\t\t\t\t\t\t\t\t\t<p>It was an emotional ceremony, opened by Bertrand Bellanger, President of the Seine-Maritime Departmental Council, whose presence and speech left a lasting impression on our listeners.<\/p>\t\t\t\t\t\t\t\t<\/div>\n\t\t\t\t<\/div>\n\t\t\t\t\t<\/div>\n\t\t<\/div>\n\t\t\t\t\t<\/div>\n\t\t<\/section>\n\t\t\t\t<section data-particle_enable=\"false\" data-particle-mobile-disabled=\"false\" class=\"elementor-section elementor-top-section elementor-element elementor-element-5fa03fc elementor-section-boxed elementor-section-height-default elementor-section-height-default\" data-id=\"5fa03fc\" data-element_type=\"section\" data-e-type=\"section\">\n\t\t\t\t\t\t<div class=\"elementor-container elementor-column-gap-default\">\n\t\t\t\t\t<div class=\"elementor-column elementor-col-100 elementor-top-column elementor-element elementor-element-5888f4e\" data-id=\"5888f4e\" data-element_type=\"column\" data-e-type=\"column\">\n\t\t\t<div class=\"elementor-widget-wrap elementor-element-populated\">\n\t\t\t\t\t\t<div class=\"elementor-element elementor-element-df5f0df elementor-widget elementor-widget-image\" data-id=\"df5f0df\" data-element_type=\"widget\" data-e-type=\"widget\" data-widget_type=\"image.default\">\n\t\t\t\t<div class=\"elementor-widget-container\">\n\t\t\t\t\t\t\t\t\t\t\t\t<figure class=\"wp-caption\">\n\t\t\t\t\t\t\t\t\t\t<img loading=\"lazy\" decoding=\"async\" width=\"1369\" height=\"913\" src=\"https:\/\/ihedn.fr\/wp-content\/uploads\/2021\/03\/IHEDN-12e-Cycle-IHEDN-jeunes-a-Rouen_001.jpg\" class=\"attachment-full size-full wp-image-8456\" alt=\"\u00a9 IHEDN \u00a9 M. Bertrand Bellanger, Pr\u00e9sident du Conseil D\u00e9partemental de Seine-Maritime\" \/>\t\t\t\t\t\t\t\t\t\t\t<figcaption class=\"widget-image-caption wp-caption-text\">IHEDN \u00a9 Mr Bertrand Bellanger, President of the Seine-Maritime Departmental Council<\/figcaption>\n\t\t\t\t\t\t\t\t\t\t<\/figure>\n\t\t\t\t\t\t\t\t\t<\/div>\n\t\t\t\t<\/div>\n\t\t\t\t\t<\/div>\n\t\t<\/div>\n\t\t\t\t\t<\/div>\n\t\t<\/section>\n\t\t\t\t<\/div>","protected":false},"excerpt":{"rendered":"<p>Du 22 au 27 f\u00e9vrier 2021 s\u2019est d\u00e9roul\u00e9 \u00e0 Rouen le 123e cycle IHEDN-Jeunes, au cours duquel une soixantaine de jeunes, de tous horizons et entre 20 et 30 ans, se sont r\u00e9unis pour apprendre et \u00e9changer autour des th\u00e9matiques de D\u00e9fense et de S\u00e9curit\u00e9 Nationale. Ils ont, pour cela,\u00a0b\u00e9n\u00e9fici\u00e9 du triptyque p\u00e9dagogique caract\u00e9ristique des [&hellip;]<\/p>\n","protected":false},"author":1,"featured_media":8583,"comment_status":"closed","ping_status":"closed","sticky":false,"template":"","format":"standard","meta":{"footnotes":""},"categories":[172],"tags":[],"class_list":["post-8450","post","type-post","status-publish","format-standard","has-post-thumbnail","hentry","category-notre-actualite"],"yoast_head":"<!-- This site is optimized with the Yoast SEO plugin v27.5 - https:\/\/yoast.com\/product\/yoast-seo-wordpress\/ -->\n<title>123e cycle &quot;IHEDN-Jeunes&quot; \u00e0 Rouen - L&#039;IHEDN : Institut des hautes \u00e9tudes de d\u00e9fense nationale<\/title>\n<meta name=\"description\" content=\"Du 22 au 27 f\u00e9vrier 2021 s\u2019est d\u00e9roul\u00e9 \u00e0 Rouen le 123e cycle &quot;IHEDN-Jeunes&quot;, au cours duquel une soixantaine de jeunes, de tous horizons et entre 20 et 30 ans, se sont r\u00e9unis pour apprendre et \u00e9changer autour des th\u00e9matiques de D\u00e9fense et de S\u00e9curit\u00e9 Nationale.\" \/>\n<meta name=\"robots\" content=\"index, follow, max-snippet:-1, max-image-preview:large, max-video-preview:-1\" \/>\n<link rel=\"canonical\" href=\"https:\/\/ihedn.fr\/en\/actualites-des-sessions\/123e-cycle-ihedn-jeunes-a-rouen\/\" \/>\n<meta property=\"og:locale\" content=\"en_GB\" \/>\n<meta property=\"og:type\" content=\"article\" \/>\n<meta property=\"og:title\" content=\"123e cycle &quot;IHEDN-Jeunes&quot; \u00e0 Rouen - L&#039;IHEDN : Institut des hautes \u00e9tudes de d\u00e9fense nationale\" \/>\n<meta property=\"og:description\" content=\"Du 22 au 27 f\u00e9vrier 2021 s\u2019est d\u00e9roul\u00e9 \u00e0 Rouen le 123e cycle &quot;IHEDN-Jeunes&quot;, au cours duquel une soixantaine de jeunes, de tous horizons et entre 20 et 30 ans, se sont r\u00e9unis pour apprendre et \u00e9changer autour des th\u00e9matiques de D\u00e9fense et de S\u00e9curit\u00e9 Nationale.\" \/>\n<meta property=\"og:url\" content=\"https:\/\/ihedn.fr\/en\/actualites-des-sessions\/123e-cycle-ihedn-jeunes-a-rouen\/\" \/>\n<meta property=\"og:site_name\" content=\"L&#039;IHEDN : Institut des hautes \u00e9tudes de d\u00e9fense nationale\" \/>\n<meta property=\"article:publisher\" content=\"https:\/\/www.facebook.com\/ihedn\/\" \/>\n<meta property=\"article:published_time\" content=\"2021-02-25T09:00:09+00:00\" \/>\n<meta property=\"article:modified_time\" content=\"2022-11-25T14:23:03+00:00\" \/>\n<meta property=\"og:image\" content=\"https:\/\/ihedn.fr\/wp-content\/uploads\/2021\/02\/IHEDN-123e-Ccycle-Jeunes_00.jpg\" \/>\n\t<meta property=\"og:image:width\" content=\"1369\" \/>\n\t<meta property=\"og:image:height\" content=\"504\" \/>\n\t<meta property=\"og:image:type\" content=\"image\/jpeg\" \/>\n<meta name=\"author\" content=\"dev\" \/>\n<meta name=\"twitter:card\" content=\"summary_large_image\" \/>\n<meta name=\"twitter:creator\" content=\"@IHEDN\" \/>\n<meta name=\"twitter:site\" content=\"@IHEDN\" \/>\n<meta name=\"twitter:label1\" content=\"Written by\" \/>\n\t<meta name=\"twitter:data1\" content=\"dev\" \/>\n\t<meta name=\"twitter:label2\" content=\"Estimated reading time\" \/>\n\t<meta name=\"twitter:data2\" content=\"2 minutes\" \/>\n<script type=\"application\/ld+json\" class=\"yoast-schema-graph\">{\"@context\":\"https:\\\/\\\/schema.org\",\"@graph\":[{\"@type\":\"Article\",\"@id\":\"https:\\\/\\\/ihedn.fr\\\/actualites-des-sessions\\\/123e-cycle-ihedn-jeunes-a-rouen\\\/#article\",\"isPartOf\":{\"@id\":\"https:\\\/\\\/ihedn.fr\\\/actualites-des-sessions\\\/123e-cycle-ihedn-jeunes-a-rouen\\\/\"},\"author\":{\"name\":\"dev\",\"@id\":\"https:\\\/\\\/ihedn.fr\\\/#\\\/schema\\\/person\\\/7a40155595e4efb35323447cb8c8c5a4\"},\"headline\":\"123e cycle \u00ab\u00a0IHEDN-Jeunes\u00a0\u00bb \u00e0 Rouen\",\"datePublished\":\"2021-02-25T09:00:09+00:00\",\"dateModified\":\"2022-11-25T14:23:03+00:00\",\"mainEntityOfPage\":{\"@id\":\"https:\\\/\\\/ihedn.fr\\\/actualites-des-sessions\\\/123e-cycle-ihedn-jeunes-a-rouen\\\/\"},\"wordCount\":227,\"publisher\":{\"@id\":\"https:\\\/\\\/ihedn.fr\\\/#organization\"},\"image\":{\"@id\":\"https:\\\/\\\/ihedn.fr\\\/actualites-des-sessions\\\/123e-cycle-ihedn-jeunes-a-rouen\\\/#primaryimage\"},\"thumbnailUrl\":\"https:\\\/\\\/ihedn.fr\\\/wp-content\\\/uploads\\\/2021\\\/02\\\/IHEDN-123e-Ccycle-Jeunes_00.jpg\",\"articleSection\":[\"Notre actualit\u00e9\"],\"inLanguage\":\"en-GB\"},{\"@type\":\"WebPage\",\"@id\":\"https:\\\/\\\/ihedn.fr\\\/actualites-des-sessions\\\/123e-cycle-ihedn-jeunes-a-rouen\\\/\",\"url\":\"https:\\\/\\\/ihedn.fr\\\/actualites-des-sessions\\\/123e-cycle-ihedn-jeunes-a-rouen\\\/\",\"name\":\"123e cycle \\\"IHEDN-Jeunes\\\" \u00e0 Rouen - L&#039;IHEDN : Institut des hautes \u00e9tudes de d\u00e9fense nationale\",\"isPartOf\":{\"@id\":\"https:\\\/\\\/ihedn.fr\\\/#website\"},\"primaryImageOfPage\":{\"@id\":\"https:\\\/\\\/ihedn.fr\\\/actualites-des-sessions\\\/123e-cycle-ihedn-jeunes-a-rouen\\\/#primaryimage\"},\"image\":{\"@id\":\"https:\\\/\\\/ihedn.fr\\\/actualites-des-sessions\\\/123e-cycle-ihedn-jeunes-a-rouen\\\/#primaryimage\"},\"thumbnailUrl\":\"https:\\\/\\\/ihedn.fr\\\/wp-content\\\/uploads\\\/2021\\\/02\\\/IHEDN-123e-Ccycle-Jeunes_00.jpg\",\"datePublished\":\"2021-02-25T09:00:09+00:00\",\"dateModified\":\"2022-11-25T14:23:03+00:00\",\"description\":\"Du 22 au 27 f\u00e9vrier 2021 s\u2019est d\u00e9roul\u00e9 \u00e0 Rouen le 123e cycle \\\"IHEDN-Jeunes\\\", au cours duquel une soixantaine de jeunes, de tous horizons et entre 20 et 30 ans, se sont r\u00e9unis pour apprendre et \u00e9changer autour des th\u00e9matiques de D\u00e9fense et de S\u00e9curit\u00e9 Nationale.\",\"breadcrumb\":{\"@id\":\"https:\\\/\\\/ihedn.fr\\\/actualites-des-sessions\\\/123e-cycle-ihedn-jeunes-a-rouen\\\/#breadcrumb\"},\"inLanguage\":\"en-GB\",\"potentialAction\":[{\"@type\":\"ReadAction\",\"target\":[\"https:\\\/\\\/ihedn.fr\\\/actualites-des-sessions\\\/123e-cycle-ihedn-jeunes-a-rouen\\\/\"]}]},{\"@type\":\"ImageObject\",\"inLanguage\":\"en-GB\",\"@id\":\"https:\\\/\\\/ihedn.fr\\\/actualites-des-sessions\\\/123e-cycle-ihedn-jeunes-a-rouen\\\/#primaryimage\",\"url\":\"https:\\\/\\\/ihedn.fr\\\/wp-content\\\/uploads\\\/2021\\\/02\\\/IHEDN-123e-Ccycle-Jeunes_00.jpg\",\"contentUrl\":\"https:\\\/\\\/ihedn.fr\\\/wp-content\\\/uploads\\\/2021\\\/02\\\/IHEDN-123e-Ccycle-Jeunes_00.jpg\",\"width\":1369,\"height\":504},{\"@type\":\"BreadcrumbList\",\"@id\":\"https:\\\/\\\/ihedn.fr\\\/actualites-des-sessions\\\/123e-cycle-ihedn-jeunes-a-rouen\\\/#breadcrumb\",\"itemListElement\":[{\"@type\":\"ListItem\",\"position\":1,\"name\":\"Accueil\",\"item\":\"https:\\\/\\\/ihedn.fr\\\/\"},{\"@type\":\"ListItem\",\"position\":2,\"name\":\"123e cycle \u00ab\u00a0IHEDN-Jeunes\u00a0\u00bb \u00e0 Rouen\"}]},{\"@type\":\"WebSite\",\"@id\":\"https:\\\/\\\/ihedn.fr\\\/#website\",\"url\":\"https:\\\/\\\/ihedn.fr\\\/\",\"name\":\"IHEDN : Institut des hautes \u00e9tudes de d\u00e9fense nationale |\",\"description\":\"Site officiel de l&#039;IHEDN plac\u00e9 sous la tutelle du Premier ministre.\",\"publisher\":{\"@id\":\"https:\\\/\\\/ihedn.fr\\\/#organization\"},\"potentialAction\":[{\"@type\":\"SearchAction\",\"target\":{\"@type\":\"EntryPoint\",\"urlTemplate\":\"https:\\\/\\\/ihedn.fr\\\/?s={search_term_string}\"},\"query-input\":{\"@type\":\"PropertyValueSpecification\",\"valueRequired\":true,\"valueName\":\"search_term_string\"}}],\"inLanguage\":\"en-GB\"},{\"@type\":\"Organization\",\"@id\":\"https:\\\/\\\/ihedn.fr\\\/#organization\",\"name\":\"IHEDN - Institut des Hautes Etudes de D\u00e9fense Nationale\",\"url\":\"https:\\\/\\\/ihedn.fr\\\/\",\"logo\":{\"@type\":\"ImageObject\",\"inLanguage\":\"en-GB\",\"@id\":\"https:\\\/\\\/ihedn.fr\\\/#\\\/schema\\\/logo\\\/image\\\/\",\"url\":\"https:\\\/\\\/ihedn.fr\\\/wp-content\\\/uploads\\\/2020\\\/11\\\/BLOC_RF_IHEDN_WEB.png\",\"contentUrl\":\"https:\\\/\\\/ihedn.fr\\\/wp-content\\\/uploads\\\/2020\\\/11\\\/BLOC_RF_IHEDN_WEB.png\",\"width\":500,\"height\":237,\"caption\":\"IHEDN - Institut des Hautes Etudes de D\u00e9fense Nationale\"},\"image\":{\"@id\":\"https:\\\/\\\/ihedn.fr\\\/#\\\/schema\\\/logo\\\/image\\\/\"},\"sameAs\":[\"https:\\\/\\\/www.facebook.com\\\/ihedn\\\/\",\"https:\\\/\\\/x.com\\\/IHEDN\",\"https:\\\/\\\/www.instagram.com\\\/ihedn\\\/\",\"https:\\\/\\\/www.linkedin.com\\\/school\\\/ihedn\\\/\",\"https:\\\/\\\/fr.wikipedia.org\\\/wiki\\\/Institut_des_hautes_\u00e9tudes_de_D\u00e9fense_nationale\"]},{\"@type\":\"Person\",\"@id\":\"https:\\\/\\\/ihedn.fr\\\/#\\\/schema\\\/person\\\/7a40155595e4efb35323447cb8c8c5a4\",\"name\":\"dev\",\"image\":{\"@type\":\"ImageObject\",\"inLanguage\":\"en-GB\",\"@id\":\"https:\\\/\\\/secure.gravatar.com\\\/avatar\\\/f1ffcac9ca2fa95ad3ec33e9be3ade82f752acb0cabe541e56c5889225afa88a?s=96&d=mm&r=g\",\"url\":\"https:\\\/\\\/secure.gravatar.com\\\/avatar\\\/f1ffcac9ca2fa95ad3ec33e9be3ade82f752acb0cabe541e56c5889225afa88a?s=96&d=mm&r=g\",\"contentUrl\":\"https:\\\/\\\/secure.gravatar.com\\\/avatar\\\/f1ffcac9ca2fa95ad3ec33e9be3ade82f752acb0cabe541e56c5889225afa88a?s=96&d=mm&r=g\",\"caption\":\"dev\"},\"sameAs\":[\"https:\\\/\\\/ihedn.concilium.click\"],\"url\":\"https:\\\/\\\/ihedn.fr\\\/en\\\/author\\\/dev\\\/\"}]}<\/script>\n<!-- \/ Yoast SEO plugin. -->","yoast_head_json":{"title":"123rd \"IHEDN-Youth\" cycle in Rouen - L'IHEDN : Institut des hautes \u00e9tudes de d\u00e9fense nationale (French Institute for Higher National Defence Studies)","description":"From 22 to 27 February 2021, the 123rd \"IHEDN-Jeunes\" cycle was held in Rouen, bringing together around sixty young people from all backgrounds and aged between 20 and 30 to learn about and exchange ideas on defence and national security issues.","robots":{"index":"index","follow":"follow","max-snippet":"max-snippet:-1","max-image-preview":"max-image-preview:large","max-video-preview":"max-video-preview:-1"},"canonical":"https:\/\/ihedn.fr\/en\/actualites-des-sessions\/123e-cycle-ihedn-jeunes-a-rouen\/","og_locale":"en_GB","og_type":"article","og_title":"123e cycle \"IHEDN-Jeunes\" \u00e0 Rouen - L&#039;IHEDN : Institut des hautes \u00e9tudes de d\u00e9fense nationale","og_description":"Du 22 au 27 f\u00e9vrier 2021 s\u2019est d\u00e9roul\u00e9 \u00e0 Rouen le 123e cycle \"IHEDN-Jeunes\", au cours duquel une soixantaine de jeunes, de tous horizons et entre 20 et 30 ans, se sont r\u00e9unis pour apprendre et \u00e9changer autour des th\u00e9matiques de D\u00e9fense et de S\u00e9curit\u00e9 Nationale.","og_url":"https:\/\/ihedn.fr\/en\/actualites-des-sessions\/123e-cycle-ihedn-jeunes-a-rouen\/","og_site_name":"L&#039;IHEDN : Institut des hautes \u00e9tudes de d\u00e9fense nationale","article_publisher":"https:\/\/www.facebook.com\/ihedn\/","article_published_time":"2021-02-25T09:00:09+00:00","article_modified_time":"2022-11-25T14:23:03+00:00","og_image":[{"width":1369,"height":504,"url":"https:\/\/ihedn.fr\/wp-content\/uploads\/2021\/02\/IHEDN-123e-Ccycle-Jeunes_00.jpg","type":"image\/jpeg"}],"author":"dev","twitter_card":"summary_large_image","twitter_creator":"@IHEDN","twitter_site":"@IHEDN","twitter_misc":{"Written by":"dev","Estimated reading time":"2 minutes"},"schema":{"@context":"https:\/\/schema.org","@graph":[{"@type":"Article","@id":"https:\/\/ihedn.fr\/actualites-des-sessions\/123e-cycle-ihedn-jeunes-a-rouen\/#article","isPartOf":{"@id":"https:\/\/ihedn.fr\/actualites-des-sessions\/123e-cycle-ihedn-jeunes-a-rouen\/"},"author":{"name":"dev","@id":"https:\/\/ihedn.fr\/#\/schema\/person\/7a40155595e4efb35323447cb8c8c5a4"},"headline":"123e cycle \u00ab\u00a0IHEDN-Jeunes\u00a0\u00bb \u00e0 Rouen","datePublished":"2021-02-25T09:00:09+00:00","dateModified":"2022-11-25T14:23:03+00:00","mainEntityOfPage":{"@id":"https:\/\/ihedn.fr\/actualites-des-sessions\/123e-cycle-ihedn-jeunes-a-rouen\/"},"wordCount":227,"publisher":{"@id":"https:\/\/ihedn.fr\/#organization"},"image":{"@id":"https:\/\/ihedn.fr\/actualites-des-sessions\/123e-cycle-ihedn-jeunes-a-rouen\/#primaryimage"},"thumbnailUrl":"https:\/\/ihedn.fr\/wp-content\/uploads\/2021\/02\/IHEDN-123e-Ccycle-Jeunes_00.jpg","articleSection":["Notre actualit\u00e9"],"inLanguage":"en-GB"},{"@type":"WebPage","@id":"https:\/\/ihedn.fr\/actualites-des-sessions\/123e-cycle-ihedn-jeunes-a-rouen\/","url":"https:\/\/ihedn.fr\/actualites-des-sessions\/123e-cycle-ihedn-jeunes-a-rouen\/","name":"123rd \"IHEDN-Youth\" cycle in Rouen - L'IHEDN : Institut des hautes \u00e9tudes de d\u00e9fense nationale (French Institute for Higher National Defence Studies)","isPartOf":{"@id":"https:\/\/ihedn.fr\/#website"},"primaryImageOfPage":{"@id":"https:\/\/ihedn.fr\/actualites-des-sessions\/123e-cycle-ihedn-jeunes-a-rouen\/#primaryimage"},"image":{"@id":"https:\/\/ihedn.fr\/actualites-des-sessions\/123e-cycle-ihedn-jeunes-a-rouen\/#primaryimage"},"thumbnailUrl":"https:\/\/ihedn.fr\/wp-content\/uploads\/2021\/02\/IHEDN-123e-Ccycle-Jeunes_00.jpg","datePublished":"2021-02-25T09:00:09+00:00","dateModified":"2022-11-25T14:23:03+00:00","description":"From 22 to 27 February 2021, the 123rd \"IHEDN-Jeunes\" cycle was held in Rouen, bringing together around sixty young people from all backgrounds and aged between 20 and 30 to learn about and exchange ideas on defence and national security issues.","breadcrumb":{"@id":"https:\/\/ihedn.fr\/actualites-des-sessions\/123e-cycle-ihedn-jeunes-a-rouen\/#breadcrumb"},"inLanguage":"en-GB","potentialAction":[{"@type":"ReadAction","target":["https:\/\/ihedn.fr\/actualites-des-sessions\/123e-cycle-ihedn-jeunes-a-rouen\/"]}]},{"@type":"ImageObject","inLanguage":"en-GB","@id":"https:\/\/ihedn.fr\/actualites-des-sessions\/123e-cycle-ihedn-jeunes-a-rouen\/#primaryimage","url":"https:\/\/ihedn.fr\/wp-content\/uploads\/2021\/02\/IHEDN-123e-Ccycle-Jeunes_00.jpg","contentUrl":"https:\/\/ihedn.fr\/wp-content\/uploads\/2021\/02\/IHEDN-123e-Ccycle-Jeunes_00.jpg","width":1369,"height":504},{"@type":"BreadcrumbList","@id":"https:\/\/ihedn.fr\/actualites-des-sessions\/123e-cycle-ihedn-jeunes-a-rouen\/#breadcrumb","itemListElement":[{"@type":"ListItem","position":1,"name":"Accueil","item":"https:\/\/ihedn.fr\/"},{"@type":"ListItem","position":2,"name":"123e cycle \u00ab\u00a0IHEDN-Jeunes\u00a0\u00bb \u00e0 Rouen"}]},{"@type":"WebSite","@id":"https:\/\/ihedn.fr\/#website","url":"https:\/\/ihedn.fr\/","name":"IHEDN: Institut des hautes \u00e9tudes de d\u00e9fense nationale (Institute for Higher National Defence Studies)","description":"Official website of the IHEDN under the supervision of the Prime Minister.","publisher":{"@id":"https:\/\/ihedn.fr\/#organization"},"potentialAction":[{"@type":"SearchAction","target":{"@type":"EntryPoint","urlTemplate":"https:\/\/ihedn.fr\/?s={search_term_string}"},"query-input":{"@type":"PropertyValueSpecification","valueRequired":true,"valueName":"search_term_string"}}],"inLanguage":"en-GB"},{"@type":"Organization","@id":"https:\/\/ihedn.fr\/#organization","name":"IHEDN - Institute for Higher National Defence Studies","url":"https:\/\/ihedn.fr\/","logo":{"@type":"ImageObject","inLanguage":"en-GB","@id":"https:\/\/ihedn.fr\/#\/schema\/logo\/image\/","url":"https:\/\/ihedn.fr\/wp-content\/uploads\/2020\/11\/BLOC_RF_IHEDN_WEB.png","contentUrl":"https:\/\/ihedn.fr\/wp-content\/uploads\/2020\/11\/BLOC_RF_IHEDN_WEB.png","width":500,"height":237,"caption":"IHEDN - Institut des Hautes Etudes de D\u00e9fense Nationale"},"image":{"@id":"https:\/\/ihedn.fr\/#\/schema\/logo\/image\/"},"sameAs":["https:\/\/www.facebook.com\/ihedn\/","https:\/\/x.com\/IHEDN","https:\/\/www.instagram.com\/ihedn\/","https:\/\/www.linkedin.com\/school\/ihedn\/","https:\/\/fr.wikipedia.org\/wiki\/Institut_des_hautes_\u00e9tudes_de_D\u00e9fense_nationale"]},{"@type":"Person","@id":"https:\/\/ihedn.fr\/#\/schema\/person\/7a40155595e4efb35323447cb8c8c5a4","name":"dev","image":{"@type":"ImageObject","inLanguage":"en-GB","@id":"https:\/\/secure.gravatar.com\/avatar\/f1ffcac9ca2fa95ad3ec33e9be3ade82f752acb0cabe541e56c5889225afa88a?s=96&d=mm&r=g","url":"https:\/\/secure.gravatar.com\/avatar\/f1ffcac9ca2fa95ad3ec33e9be3ade82f752acb0cabe541e56c5889225afa88a?s=96&d=mm&r=g","contentUrl":"https:\/\/secure.gravatar.com\/avatar\/f1ffcac9ca2fa95ad3ec33e9be3ade82f752acb0cabe541e56c5889225afa88a?s=96&d=mm&r=g","caption":"dev"},"sameAs":["https:\/\/ihedn.concilium.click"],"url":"https:\/\/ihedn.fr\/en\/author\/dev\/"}]}},"publishpress_future_action":{"enabled":false,"date":"2026-05-10 13:32:37","action":"change-status","newStatus":"draft","terms":[],"taxonomy":"category","extraData":[]},"publishpress_future_workflow_manual_trigger":{"enabledWorkflows":[]},"_links":{"self":[{"href":"https:\/\/ihedn.fr\/en\/wp-json\/wp\/v2\/posts\/8450","targetHints":{"allow":["GET"]}}],"collection":[{"href":"https:\/\/ihedn.fr\/en\/wp-json\/wp\/v2\/posts"}],"about":[{"href":"https:\/\/ihedn.fr\/en\/wp-json\/wp\/v2\/types\/post"}],"author":[{"embeddable":true,"href":"https:\/\/ihedn.fr\/en\/wp-json\/wp\/v2\/users\/1"}],"replies":[{"embeddable":true,"href":"https:\/\/ihedn.fr\/en\/wp-json\/wp\/v2\/comments?post=8450"}],"version-history":[{"count":5,"href":"https:\/\/ihedn.fr\/en\/wp-json\/wp\/v2\/posts\/8450\/revisions"}],"predecessor-version":[{"id":8584,"href":"https:\/\/ihedn.fr\/en\/wp-json\/wp\/v2\/posts\/8450\/revisions\/8584"}],"wp:featuredmedia":[{"embeddable":true,"href":"https:\/\/ihedn.fr\/en\/wp-json\/wp\/v2\/media\/8583"}],"wp:attachment":[{"href":"https:\/\/ihedn.fr\/en\/wp-json\/wp\/v2\/media?parent=8450"}],"wp:term":[{"taxonomy":"category","embeddable":true,"href":"https:\/\/ihedn.fr\/en\/wp-json\/wp\/v2\/categories?post=8450"},{"taxonomy":"post_tag","embeddable":true,"href":"https:\/\/ihedn.fr\/en\/wp-json\/wp\/v2\/tags?post=8450"}],"curies":[{"name":"wp","href":"https:\/\/api.w.org\/{rel}","templated":true}]}}