{"id":8543,"date":"2020-09-24T10:00:53","date_gmt":"2020-09-24T09:00:53","guid":{"rendered":"https:\/\/ihedn.fr\/?p=8543"},"modified":"2021-03-03T10:41:32","modified_gmt":"2021-03-03T09:41:32","slug":"seminaire-de-rentree-de-la-3e-session-nationale-session-nationale-souverainete-numerique-et-cybersecurite-2","status":"publish","type":"post","link":"https:\/\/ihedn.fr\/en\/uncategorized\/seminaire-de-rentree-de-la-3e-session-nationale-session-nationale-souverainete-numerique-et-cybersecurite-2\/","title":{"rendered":"Back-to-school seminar of the 3rd national session on \"Digital Sovereignty and Cybersecurity\"."},"content":{"rendered":"<div data-elementor-type=\"wp-post\" data-elementor-id=\"8543\" class=\"elementor elementor-8543\" data-elementor-post-type=\"post\">\n\t\t\t\t\t\t<section data-particle_enable=\"false\" data-particle-mobile-disabled=\"false\" class=\"elementor-section elementor-top-section elementor-element elementor-element-2117c6e elementor-section-boxed elementor-section-height-default elementor-section-height-default\" data-id=\"2117c6e\" data-element_type=\"section\" data-e-type=\"section\">\n\t\t\t\t\t\t<div class=\"elementor-container elementor-column-gap-default\">\n\t\t\t\t\t<div class=\"elementor-column elementor-col-100 elementor-top-column elementor-element elementor-element-7008ac8\" data-id=\"7008ac8\" data-element_type=\"column\" data-e-type=\"column\">\n\t\t\t<div class=\"elementor-widget-wrap elementor-element-populated\">\n\t\t\t\t\t\t<div class=\"elementor-element elementor-element-4329ab3 elementor-widget elementor-widget-text-editor\" data-id=\"4329ab3\" data-element_type=\"widget\" data-e-type=\"widget\" data-widget_type=\"text-editor.default\">\n\t\t\t\t<div class=\"elementor-widget-container\">\n\t\t\t\t\t\t\t\t\t<div class=\"field field-name-body field-type-text-with-summary field-label-hidden\"><div class=\"field-items\"><div class=\"field-item even\">The 46 listeners of the 3<sup>e<\/sup> on Wednesday 23 September 2020, were welcomed by Lieutenant General Patrick DESTREMAU, Director of IHEDN and Higher Military Education, followed by Professor Olivier SCHMITT, Director of the Studies Department. The session's management team then presented the broad outlines of the programme and the educational expectations.<\/div><\/div><\/div>\t\t\t\t\t\t\t\t<\/div>\n\t\t\t\t<\/div>\n\t\t\t\t\t<\/div>\n\t\t<\/div>\n\t\t\t\t\t<\/div>\n\t\t<\/section>\n\t\t\t\t<section data-particle_enable=\"false\" data-particle-mobile-disabled=\"false\" class=\"elementor-section elementor-top-section elementor-element elementor-element-965316e elementor-section-boxed elementor-section-height-default elementor-section-height-default\" data-id=\"965316e\" data-element_type=\"section\" data-e-type=\"section\">\n\t\t\t\t\t\t<div class=\"elementor-container elementor-column-gap-default\">\n\t\t\t\t\t<div class=\"elementor-column elementor-col-100 elementor-top-column elementor-element elementor-element-23f873c\" data-id=\"23f873c\" data-element_type=\"column\" data-e-type=\"column\">\n\t\t\t<div class=\"elementor-widget-wrap elementor-element-populated\">\n\t\t\t\t\t\t<div class=\"elementor-element elementor-element-1d25d90 elementor-widget elementor-widget-image\" data-id=\"1d25d90\" data-element_type=\"widget\" data-e-type=\"widget\" data-widget_type=\"image.default\">\n\t\t\t\t<div class=\"elementor-widget-container\">\n\t\t\t\t\t\t\t\t\t\t\t\t<figure class=\"wp-caption\">\n\t\t\t\t\t\t\t\t\t\t<img fetchpriority=\"high\" decoding=\"async\" width=\"1369\" height=\"1034\" src=\"https:\/\/ihedn.fr\/wp-content\/uploads\/2020\/09\/IHEDN-SN-CYBER-seminaire-01.jpg\" class=\"attachment-full size-full wp-image-8548\" alt=\"IHEDN | S\u00e9minaire de rentr\u00e9e de la 3e session nationale &quot;Souverainet\u00e9 num\u00e9rique et cybers\u00e9curit\u00e9&quot; : le GCA Patrick Destrmau, directeur de l&#039;IHEDN\" \/>\t\t\t\t\t\t\t\t\t\t\t<figcaption class=\"widget-image-caption wp-caption-text\">IHEDN | Seminar for the start of the 3rd national session \"Digital Sovereignty and Cybersecurity\": Lt-Gen Patrick Destrmau, Director of the IHEDN<\/figcaption>\n\t\t\t\t\t\t\t\t\t\t<\/figure>\n\t\t\t\t\t\t\t\t\t<\/div>\n\t\t\t\t<\/div>\n\t\t\t\t\t<\/div>\n\t\t<\/div>\n\t\t\t\t\t<\/div>\n\t\t<\/section>\n\t\t\t\t<section data-particle_enable=\"false\" data-particle-mobile-disabled=\"false\" class=\"elementor-section elementor-top-section elementor-element elementor-element-2a63f5c elementor-section-boxed elementor-section-height-default elementor-section-height-default\" data-id=\"2a63f5c\" data-element_type=\"section\" data-e-type=\"section\">\n\t\t\t\t\t\t<div class=\"elementor-container elementor-column-gap-default\">\n\t\t\t\t\t<div class=\"elementor-column elementor-col-100 elementor-top-column elementor-element elementor-element-6a2daa3\" data-id=\"6a2daa3\" data-element_type=\"column\" data-e-type=\"column\">\n\t\t\t<div class=\"elementor-widget-wrap elementor-element-populated\">\n\t\t\t\t\t\t<div class=\"elementor-element elementor-element-2c46755 elementor-widget elementor-widget-image\" data-id=\"2c46755\" data-element_type=\"widget\" data-e-type=\"widget\" data-widget_type=\"image.default\">\n\t\t\t\t<div class=\"elementor-widget-container\">\n\t\t\t\t\t\t\t\t\t\t\t\t<figure class=\"wp-caption\">\n\t\t\t\t\t\t\t\t\t\t<img decoding=\"async\" width=\"1369\" height=\"821\" src=\"https:\/\/ihedn.fr\/wp-content\/uploads\/2020\/09\/IHEDN-SN-CYBER-seminaire-02.jpg\" class=\"attachment-full size-full wp-image-8549\" alt=\"IHEDN | S\u00e9minaire de rentr\u00e9e de la 3e session nationale &quot;Souverainet\u00e9 num\u00e9rique et cybers\u00e9curit\u00e9&quot; : Olivier Schmitt\" \/>\t\t\t\t\t\t\t\t\t\t\t<figcaption class=\"widget-image-caption wp-caption-text\">IHEDN | Back-to-school seminar of the 3rd national session \"Digital Sovereignty and Cybersecurity\": Olivier Schmitt<\/figcaption>\n\t\t\t\t\t\t\t\t\t\t<\/figure>\n\t\t\t\t\t\t\t\t\t<\/div>\n\t\t\t\t<\/div>\n\t\t\t\t\t<\/div>\n\t\t<\/div>\n\t\t\t\t\t<\/div>\n\t\t<\/section>\n\t\t\t\t<section data-particle_enable=\"false\" data-particle-mobile-disabled=\"false\" class=\"elementor-section elementor-top-section elementor-element elementor-element-a6b3a16 elementor-section-boxed elementor-section-height-default elementor-section-height-default\" data-id=\"a6b3a16\" data-element_type=\"section\" data-e-type=\"section\">\n\t\t\t\t\t\t<div class=\"elementor-container elementor-column-gap-default\">\n\t\t\t\t\t<div class=\"elementor-column elementor-col-100 elementor-top-column elementor-element elementor-element-37250ca\" data-id=\"37250ca\" data-element_type=\"column\" data-e-type=\"column\">\n\t\t\t<div class=\"elementor-widget-wrap elementor-element-populated\">\n\t\t\t\t\t\t<div class=\"elementor-element elementor-element-5fb790d elementor-widget elementor-widget-text-editor\" data-id=\"5fb790d\" data-element_type=\"widget\" data-e-type=\"widget\" data-widget_type=\"text-editor.default\">\n\t\t\t\t<div class=\"elementor-widget-container\">\n\t\t\t\t\t\t\t\t\t<div class=\"field field-name-body field-type-text-with-summary field-label-hidden\"><div class=\"field-items\"><div class=\"field-item even\">After a dynamic introductory lecture by Army General (2S) Marc WATIN-AUGOUARD setting out the key issues for the session, the day was devoted to a presentation by Guillaume POUPARD, Director General of the ANSSI, and his Deputy Director of Strategy Yves VERHOVEN.<\/div><\/div><\/div>\t\t\t\t\t\t\t\t<\/div>\n\t\t\t\t<\/div>\n\t\t\t\t\t<\/div>\n\t\t<\/div>\n\t\t\t\t\t<\/div>\n\t\t<\/section>\n\t\t\t\t<section data-particle_enable=\"false\" data-particle-mobile-disabled=\"false\" class=\"elementor-section elementor-top-section elementor-element elementor-element-5a3a226 elementor-section-boxed elementor-section-height-default elementor-section-height-default\" data-id=\"5a3a226\" data-element_type=\"section\" data-e-type=\"section\">\n\t\t\t\t\t\t<div class=\"elementor-container elementor-column-gap-default\">\n\t\t\t\t\t<div class=\"elementor-column elementor-col-100 elementor-top-column elementor-element elementor-element-23e3550\" data-id=\"23e3550\" data-element_type=\"column\" data-e-type=\"column\">\n\t\t\t<div class=\"elementor-widget-wrap elementor-element-populated\">\n\t\t\t\t\t\t<div class=\"elementor-element elementor-element-b934b1c elementor-widget elementor-widget-image\" data-id=\"b934b1c\" data-element_type=\"widget\" data-e-type=\"widget\" data-widget_type=\"image.default\">\n\t\t\t\t<div class=\"elementor-widget-container\">\n\t\t\t\t\t\t\t\t\t\t\t\t<figure class=\"wp-caption\">\n\t\t\t\t\t\t\t\t\t\t<img decoding=\"async\" width=\"1369\" height=\"986\" src=\"https:\/\/ihedn.fr\/wp-content\/uploads\/2020\/09\/IHEDN-SN-CYBER-seminaire-06.jpg\" class=\"attachment-full size-full wp-image-8550\" alt=\"IHEDN | S\u00e9minaire de rentr\u00e9e de la 3e session nationale &quot;Souverainet\u00e9 num\u00e9rique et cybers\u00e9curit\u00e9&quot; : le g\u00e9n\u00e9ral d\u2019arm\u00e9e (2S) Marc WATIN-AUGOUARD\" \/>\t\t\t\t\t\t\t\t\t\t\t<figcaption class=\"widget-image-caption wp-caption-text\">IHEDN | Opening seminar of the 3rd national session on \"Digital Sovereignty and Cybersecurity\": Army General (2S) Marc WATIN-AUGOUARD<\/figcaption>\n\t\t\t\t\t\t\t\t\t\t<\/figure>\n\t\t\t\t\t\t\t\t\t<\/div>\n\t\t\t\t<\/div>\n\t\t\t\t\t<\/div>\n\t\t<\/div>\n\t\t\t\t\t<\/div>\n\t\t<\/section>\n\t\t\t\t<section data-particle_enable=\"false\" data-particle-mobile-disabled=\"false\" class=\"elementor-section elementor-top-section elementor-element elementor-element-eab2386 elementor-section-boxed elementor-section-height-default elementor-section-height-default\" data-id=\"eab2386\" data-element_type=\"section\" data-e-type=\"section\">\n\t\t\t\t\t\t<div class=\"elementor-container elementor-column-gap-default\">\n\t\t\t\t\t<div class=\"elementor-column elementor-col-100 elementor-top-column elementor-element elementor-element-098acb6\" data-id=\"098acb6\" data-element_type=\"column\" data-e-type=\"column\">\n\t\t\t<div class=\"elementor-widget-wrap elementor-element-populated\">\n\t\t\t\t\t\t<div class=\"elementor-element elementor-element-e8dd189 elementor-widget elementor-widget-text-editor\" data-id=\"e8dd189\" data-element_type=\"widget\" data-e-type=\"widget\" data-widget_type=\"text-editor.default\">\n\t\t\t\t<div class=\"elementor-widget-container\">\n\t\t\t\t\t\t\t\t\t<div class=\"field field-name-body field-type-text-with-summary field-label-hidden\"><div class=\"field-items\"><div class=\"field-item even\">The presentation of the French model continued on Thursday with a speech by Henri Verdier, Digital Ambassador, and a presentation by the ANSSI's operations and expertise sub-directors.<\/div><\/div><\/div>\t\t\t\t\t\t\t\t<\/div>\n\t\t\t\t<\/div>\n\t\t\t\t\t<\/div>\n\t\t<\/div>\n\t\t\t\t\t<\/div>\n\t\t<\/section>\n\t\t\t\t<section data-particle_enable=\"false\" data-particle-mobile-disabled=\"false\" class=\"elementor-section elementor-top-section elementor-element elementor-element-5ed210a elementor-section-boxed elementor-section-height-default elementor-section-height-default\" data-id=\"5ed210a\" data-element_type=\"section\" data-e-type=\"section\">\n\t\t\t\t\t\t<div class=\"elementor-container elementor-column-gap-default\">\n\t\t\t\t\t<div class=\"elementor-column elementor-col-100 elementor-top-column elementor-element elementor-element-59c8fa2\" data-id=\"59c8fa2\" data-element_type=\"column\" data-e-type=\"column\">\n\t\t\t<div class=\"elementor-widget-wrap elementor-element-populated\">\n\t\t\t\t\t\t<div class=\"elementor-element elementor-element-9453421 elementor-widget elementor-widget-image\" data-id=\"9453421\" data-element_type=\"widget\" data-e-type=\"widget\" data-widget_type=\"image.default\">\n\t\t\t\t<div class=\"elementor-widget-container\">\n\t\t\t\t\t\t\t\t\t\t\t\t<figure class=\"wp-caption\">\n\t\t\t\t\t\t\t\t\t\t<img loading=\"lazy\" decoding=\"async\" width=\"1369\" height=\"1047\" src=\"https:\/\/ihedn.fr\/wp-content\/uploads\/2020\/09\/IHEDN-SN-CYBER-seminaire-08-1.jpg\" class=\"attachment-full size-full wp-image-8552\" alt=\"IHEDN | S\u00e9minaire de rentr\u00e9e de la 3e session nationale &quot;Souverainet\u00e9 num\u00e9rique et cybers\u00e9curit\u00e9&quot; : M. Henri VERDIER, ambassadeur du num\u00e9rique\" \/>\t\t\t\t\t\t\t\t\t\t\t<figcaption class=\"widget-image-caption wp-caption-text\">Pierremmanuel PROUX \/ IHEDN \u00a9 | Opening seminar of the 3rd national session on \"Digital sovereignty and cybersecurity\": Mr Henri VERDIER, digital ambassador<\/figcaption>\n\t\t\t\t\t\t\t\t\t\t<\/figure>\n\t\t\t\t\t\t\t\t\t<\/div>\n\t\t\t\t<\/div>\n\t\t\t\t\t<\/div>\n\t\t<\/div>\n\t\t\t\t\t<\/div>\n\t\t<\/section>\n\t\t\t\t<\/div>","protected":false},"excerpt":{"rendered":"<p>Les 46 auditeurs de la 3e session nationale \u00ab\u00a0Souverainet\u00e9 num\u00e9rique et cybers\u00e9curit\u00e9\u00a0\u00bb (cyber) ont \u00e9t\u00e9 accueillis, ce mercredi 23 septembre 2020, par le g\u00e9n\u00e9ral de corps d\u2019arm\u00e9e Patrick DESTREMAU, directeur de l&rsquo;IHEDN et de l\u2019enseignement militaire sup\u00e9rieur puis par le Professeur Olivier SCHMITT, directeur du d\u00e9partement des \u00e9tudes. L\u2019\u00e9quipe d&rsquo;encadrement de la session leur a [&hellip;]<\/p>\n","protected":false},"author":1,"featured_media":8548,"comment_status":"closed","ping_status":"closed","sticky":false,"template":"","format":"standard","meta":{"footnotes":""},"categories":[1],"tags":[],"class_list":["post-8543","post","type-post","status-publish","format-standard","has-post-thumbnail","hentry","category-uncategorized"],"yoast_head":"<!-- This site is optimized with the Yoast SEO plugin v27.5 - https:\/\/yoast.com\/product\/yoast-seo-wordpress\/ -->\n<title>S\u00e9minaire de rentr\u00e9e de la 3e session nationale session nationale &quot;Souverainet\u00e9 num\u00e9rique et cybers\u00e9curit\u00e9&quot; - L&#039;IHEDN : Institut des hautes \u00e9tudes de d\u00e9fense nationale<\/title>\n<meta name=\"robots\" content=\"index, follow, max-snippet:-1, max-image-preview:large, max-video-preview:-1\" \/>\n<link rel=\"canonical\" href=\"https:\/\/ihedn.fr\/en\/actualites-des-sessions\/snc\/seminaire-de-rentree-de-la-3e-session-nationale-session-nationale-souverainete-numerique-et-cybersecurite-2\/\" \/>\n<meta property=\"og:locale\" content=\"en_GB\" \/>\n<meta property=\"og:type\" content=\"article\" \/>\n<meta property=\"og:title\" content=\"S\u00e9minaire de rentr\u00e9e de la 3e session nationale session nationale &quot;Souverainet\u00e9 num\u00e9rique et cybers\u00e9curit\u00e9&quot; - L&#039;IHEDN : Institut des hautes \u00e9tudes de d\u00e9fense nationale\" \/>\n<meta property=\"og:description\" content=\"Les 46 auditeurs de la 3e session nationale \u00ab\u00a0Souverainet\u00e9 num\u00e9rique et cybers\u00e9curit\u00e9\u00a0\u00bb (cyber) ont \u00e9t\u00e9 accueillis, ce mercredi 23 septembre 2020, par le g\u00e9n\u00e9ral de corps d\u2019arm\u00e9e Patrick DESTREMAU, directeur de l&rsquo;IHEDN et de l\u2019enseignement militaire sup\u00e9rieur puis par le Professeur Olivier SCHMITT, directeur du d\u00e9partement des \u00e9tudes. L\u2019\u00e9quipe d&rsquo;encadrement de la session leur a [&hellip;]\" \/>\n<meta property=\"og:url\" content=\"https:\/\/ihedn.fr\/en\/actualites-des-sessions\/snc\/seminaire-de-rentree-de-la-3e-session-nationale-session-nationale-souverainete-numerique-et-cybersecurite-2\/\" \/>\n<meta property=\"og:site_name\" content=\"L&#039;IHEDN : Institut des hautes \u00e9tudes de d\u00e9fense nationale\" \/>\n<meta property=\"article:publisher\" content=\"https:\/\/www.facebook.com\/ihedn\/\" \/>\n<meta property=\"article:published_time\" content=\"2020-09-24T09:00:53+00:00\" \/>\n<meta property=\"article:modified_time\" content=\"2021-03-03T09:41:32+00:00\" \/>\n<meta property=\"og:image\" content=\"https:\/\/ihedn.fr\/wp-content\/uploads\/2020\/09\/IHEDN-SN-CYBER-seminaire-01.jpg\" \/>\n\t<meta property=\"og:image:width\" content=\"1369\" \/>\n\t<meta property=\"og:image:height\" content=\"1034\" \/>\n\t<meta property=\"og:image:type\" content=\"image\/jpeg\" \/>\n<meta name=\"author\" content=\"dev\" \/>\n<meta name=\"twitter:card\" content=\"summary_large_image\" \/>\n<meta name=\"twitter:creator\" content=\"@IHEDN\" \/>\n<meta name=\"twitter:site\" content=\"@IHEDN\" \/>\n<meta name=\"twitter:label1\" content=\"Written by\" \/>\n\t<meta name=\"twitter:data1\" content=\"dev\" \/>\n\t<meta name=\"twitter:label2\" content=\"Estimated reading time\" \/>\n\t<meta name=\"twitter:data2\" content=\"2 minutes\" \/>\n<script type=\"application\/ld+json\" class=\"yoast-schema-graph\">{\"@context\":\"https:\\\/\\\/schema.org\",\"@graph\":[{\"@type\":\"Article\",\"@id\":\"https:\\\/\\\/ihedn.fr\\\/actualites-des-sessions\\\/snc\\\/seminaire-de-rentree-de-la-3e-session-nationale-session-nationale-souverainete-numerique-et-cybersecurite-2\\\/#article\",\"isPartOf\":{\"@id\":\"https:\\\/\\\/ihedn.fr\\\/actualites-des-sessions\\\/snc\\\/seminaire-de-rentree-de-la-3e-session-nationale-session-nationale-souverainete-numerique-et-cybersecurite-2\\\/\"},\"author\":{\"name\":\"dev\",\"@id\":\"https:\\\/\\\/ihedn.fr\\\/#\\\/schema\\\/person\\\/7a40155595e4efb35323447cb8c8c5a4\"},\"headline\":\"S\u00e9minaire de rentr\u00e9e de la 3e session nationale session nationale \u00ab\u00a0Souverainet\u00e9 num\u00e9rique et cybers\u00e9curit\u00e9\u00a0\u00bb\",\"datePublished\":\"2020-09-24T09:00:53+00:00\",\"dateModified\":\"2021-03-03T09:41:32+00:00\",\"mainEntityOfPage\":{\"@id\":\"https:\\\/\\\/ihedn.fr\\\/actualites-des-sessions\\\/snc\\\/seminaire-de-rentree-de-la-3e-session-nationale-session-nationale-souverainete-numerique-et-cybersecurite-2\\\/\"},\"wordCount\":285,\"publisher\":{\"@id\":\"https:\\\/\\\/ihedn.fr\\\/#organization\"},\"image\":{\"@id\":\"https:\\\/\\\/ihedn.fr\\\/actualites-des-sessions\\\/snc\\\/seminaire-de-rentree-de-la-3e-session-nationale-session-nationale-souverainete-numerique-et-cybersecurite-2\\\/#primaryimage\"},\"thumbnailUrl\":\"https:\\\/\\\/ihedn.fr\\\/wp-content\\\/uploads\\\/2020\\\/09\\\/IHEDN-SN-CYBER-seminaire-01.jpg\",\"articleSection\":[\"Uncategorized\"],\"inLanguage\":\"en-GB\"},{\"@type\":\"WebPage\",\"@id\":\"https:\\\/\\\/ihedn.fr\\\/actualites-des-sessions\\\/snc\\\/seminaire-de-rentree-de-la-3e-session-nationale-session-nationale-souverainete-numerique-et-cybersecurite-2\\\/\",\"url\":\"https:\\\/\\\/ihedn.fr\\\/actualites-des-sessions\\\/snc\\\/seminaire-de-rentree-de-la-3e-session-nationale-session-nationale-souverainete-numerique-et-cybersecurite-2\\\/\",\"name\":\"S\u00e9minaire de rentr\u00e9e de la 3e session nationale session nationale \\\"Souverainet\u00e9 num\u00e9rique et cybers\u00e9curit\u00e9\\\" - L&#039;IHEDN : Institut des hautes \u00e9tudes de d\u00e9fense nationale\",\"isPartOf\":{\"@id\":\"https:\\\/\\\/ihedn.fr\\\/#website\"},\"primaryImageOfPage\":{\"@id\":\"https:\\\/\\\/ihedn.fr\\\/actualites-des-sessions\\\/snc\\\/seminaire-de-rentree-de-la-3e-session-nationale-session-nationale-souverainete-numerique-et-cybersecurite-2\\\/#primaryimage\"},\"image\":{\"@id\":\"https:\\\/\\\/ihedn.fr\\\/actualites-des-sessions\\\/snc\\\/seminaire-de-rentree-de-la-3e-session-nationale-session-nationale-souverainete-numerique-et-cybersecurite-2\\\/#primaryimage\"},\"thumbnailUrl\":\"https:\\\/\\\/ihedn.fr\\\/wp-content\\\/uploads\\\/2020\\\/09\\\/IHEDN-SN-CYBER-seminaire-01.jpg\",\"datePublished\":\"2020-09-24T09:00:53+00:00\",\"dateModified\":\"2021-03-03T09:41:32+00:00\",\"breadcrumb\":{\"@id\":\"https:\\\/\\\/ihedn.fr\\\/actualites-des-sessions\\\/snc\\\/seminaire-de-rentree-de-la-3e-session-nationale-session-nationale-souverainete-numerique-et-cybersecurite-2\\\/#breadcrumb\"},\"inLanguage\":\"en-GB\",\"potentialAction\":[{\"@type\":\"ReadAction\",\"target\":[\"https:\\\/\\\/ihedn.fr\\\/actualites-des-sessions\\\/snc\\\/seminaire-de-rentree-de-la-3e-session-nationale-session-nationale-souverainete-numerique-et-cybersecurite-2\\\/\"]}]},{\"@type\":\"ImageObject\",\"inLanguage\":\"en-GB\",\"@id\":\"https:\\\/\\\/ihedn.fr\\\/actualites-des-sessions\\\/snc\\\/seminaire-de-rentree-de-la-3e-session-nationale-session-nationale-souverainete-numerique-et-cybersecurite-2\\\/#primaryimage\",\"url\":\"https:\\\/\\\/ihedn.fr\\\/wp-content\\\/uploads\\\/2020\\\/09\\\/IHEDN-SN-CYBER-seminaire-01.jpg\",\"contentUrl\":\"https:\\\/\\\/ihedn.fr\\\/wp-content\\\/uploads\\\/2020\\\/09\\\/IHEDN-SN-CYBER-seminaire-01.jpg\",\"width\":1369,\"height\":1034,\"caption\":\"IHEDN | S\u00e9minaire de rentr\u00e9e de la 3e session nationale \\\"Souverainet\u00e9 num\u00e9rique et cybers\u00e9curit\u00e9\\\" : le GCA Patrick Destrmau, directeur de l'IHEDN\"},{\"@type\":\"BreadcrumbList\",\"@id\":\"https:\\\/\\\/ihedn.fr\\\/actualites-des-sessions\\\/snc\\\/seminaire-de-rentree-de-la-3e-session-nationale-session-nationale-souverainete-numerique-et-cybersecurite-2\\\/#breadcrumb\",\"itemListElement\":[{\"@type\":\"ListItem\",\"position\":1,\"name\":\"Accueil\",\"item\":\"https:\\\/\\\/ihedn.fr\\\/\"},{\"@type\":\"ListItem\",\"position\":2,\"name\":\"S\u00e9minaire de rentr\u00e9e de la 3e session nationale session nationale \u00ab\u00a0Souverainet\u00e9 num\u00e9rique et cybers\u00e9curit\u00e9\u00a0\u00bb\"}]},{\"@type\":\"WebSite\",\"@id\":\"https:\\\/\\\/ihedn.fr\\\/#website\",\"url\":\"https:\\\/\\\/ihedn.fr\\\/\",\"name\":\"IHEDN : Institut des hautes \u00e9tudes de d\u00e9fense nationale |\",\"description\":\"Site officiel de l&#039;IHEDN plac\u00e9 sous la tutelle du Premier ministre.\",\"publisher\":{\"@id\":\"https:\\\/\\\/ihedn.fr\\\/#organization\"},\"potentialAction\":[{\"@type\":\"SearchAction\",\"target\":{\"@type\":\"EntryPoint\",\"urlTemplate\":\"https:\\\/\\\/ihedn.fr\\\/?s={search_term_string}\"},\"query-input\":{\"@type\":\"PropertyValueSpecification\",\"valueRequired\":true,\"valueName\":\"search_term_string\"}}],\"inLanguage\":\"en-GB\"},{\"@type\":\"Organization\",\"@id\":\"https:\\\/\\\/ihedn.fr\\\/#organization\",\"name\":\"IHEDN - Institut des Hautes Etudes de D\u00e9fense Nationale\",\"url\":\"https:\\\/\\\/ihedn.fr\\\/\",\"logo\":{\"@type\":\"ImageObject\",\"inLanguage\":\"en-GB\",\"@id\":\"https:\\\/\\\/ihedn.fr\\\/#\\\/schema\\\/logo\\\/image\\\/\",\"url\":\"https:\\\/\\\/ihedn.fr\\\/wp-content\\\/uploads\\\/2020\\\/11\\\/BLOC_RF_IHEDN_WEB.png\",\"contentUrl\":\"https:\\\/\\\/ihedn.fr\\\/wp-content\\\/uploads\\\/2020\\\/11\\\/BLOC_RF_IHEDN_WEB.png\",\"width\":500,\"height\":237,\"caption\":\"IHEDN - Institut des Hautes Etudes de D\u00e9fense Nationale\"},\"image\":{\"@id\":\"https:\\\/\\\/ihedn.fr\\\/#\\\/schema\\\/logo\\\/image\\\/\"},\"sameAs\":[\"https:\\\/\\\/www.facebook.com\\\/ihedn\\\/\",\"https:\\\/\\\/x.com\\\/IHEDN\",\"https:\\\/\\\/www.instagram.com\\\/ihedn\\\/\",\"https:\\\/\\\/www.linkedin.com\\\/school\\\/ihedn\\\/\",\"https:\\\/\\\/fr.wikipedia.org\\\/wiki\\\/Institut_des_hautes_\u00e9tudes_de_D\u00e9fense_nationale\"]},{\"@type\":\"Person\",\"@id\":\"https:\\\/\\\/ihedn.fr\\\/#\\\/schema\\\/person\\\/7a40155595e4efb35323447cb8c8c5a4\",\"name\":\"dev\",\"image\":{\"@type\":\"ImageObject\",\"inLanguage\":\"en-GB\",\"@id\":\"https:\\\/\\\/secure.gravatar.com\\\/avatar\\\/f1ffcac9ca2fa95ad3ec33e9be3ade82f752acb0cabe541e56c5889225afa88a?s=96&d=mm&r=g\",\"url\":\"https:\\\/\\\/secure.gravatar.com\\\/avatar\\\/f1ffcac9ca2fa95ad3ec33e9be3ade82f752acb0cabe541e56c5889225afa88a?s=96&d=mm&r=g\",\"contentUrl\":\"https:\\\/\\\/secure.gravatar.com\\\/avatar\\\/f1ffcac9ca2fa95ad3ec33e9be3ade82f752acb0cabe541e56c5889225afa88a?s=96&d=mm&r=g\",\"caption\":\"dev\"},\"sameAs\":[\"https:\\\/\\\/ihedn.concilium.click\"],\"url\":\"https:\\\/\\\/ihedn.fr\\\/en\\\/author\\\/dev\\\/\"}]}<\/script>\n<!-- \/ Yoast SEO plugin. -->","yoast_head_json":{"title":"Back-to-school seminar for the 3rd national session \"Digital Sovereignty and Cybersecurity\" - L'IHEDN : Institut des hautes \u00e9tudes de d\u00e9fense nationale","robots":{"index":"index","follow":"follow","max-snippet":"max-snippet:-1","max-image-preview":"max-image-preview:large","max-video-preview":"max-video-preview:-1"},"canonical":"https:\/\/ihedn.fr\/en\/actualites-des-sessions\/snc\/seminaire-de-rentree-de-la-3e-session-nationale-session-nationale-souverainete-numerique-et-cybersecurite-2\/","og_locale":"en_GB","og_type":"article","og_title":"S\u00e9minaire de rentr\u00e9e de la 3e session nationale session nationale \"Souverainet\u00e9 num\u00e9rique et cybers\u00e9curit\u00e9\" - L&#039;IHEDN : Institut des hautes \u00e9tudes de d\u00e9fense nationale","og_description":"Les 46 auditeurs de la 3e session nationale \u00ab\u00a0Souverainet\u00e9 num\u00e9rique et cybers\u00e9curit\u00e9\u00a0\u00bb (cyber) ont \u00e9t\u00e9 accueillis, ce mercredi 23 septembre 2020, par le g\u00e9n\u00e9ral de corps d\u2019arm\u00e9e Patrick DESTREMAU, directeur de l&rsquo;IHEDN et de l\u2019enseignement militaire sup\u00e9rieur puis par le Professeur Olivier SCHMITT, directeur du d\u00e9partement des \u00e9tudes. L\u2019\u00e9quipe d&rsquo;encadrement de la session leur a [&hellip;]","og_url":"https:\/\/ihedn.fr\/en\/actualites-des-sessions\/snc\/seminaire-de-rentree-de-la-3e-session-nationale-session-nationale-souverainete-numerique-et-cybersecurite-2\/","og_site_name":"L&#039;IHEDN : Institut des hautes \u00e9tudes de d\u00e9fense nationale","article_publisher":"https:\/\/www.facebook.com\/ihedn\/","article_published_time":"2020-09-24T09:00:53+00:00","article_modified_time":"2021-03-03T09:41:32+00:00","og_image":[{"width":1369,"height":1034,"url":"https:\/\/ihedn.fr\/wp-content\/uploads\/2020\/09\/IHEDN-SN-CYBER-seminaire-01.jpg","type":"image\/jpeg"}],"author":"dev","twitter_card":"summary_large_image","twitter_creator":"@IHEDN","twitter_site":"@IHEDN","twitter_misc":{"Written by":"dev","Estimated reading time":"2 minutes"},"schema":{"@context":"https:\/\/schema.org","@graph":[{"@type":"Article","@id":"https:\/\/ihedn.fr\/actualites-des-sessions\/snc\/seminaire-de-rentree-de-la-3e-session-nationale-session-nationale-souverainete-numerique-et-cybersecurite-2\/#article","isPartOf":{"@id":"https:\/\/ihedn.fr\/actualites-des-sessions\/snc\/seminaire-de-rentree-de-la-3e-session-nationale-session-nationale-souverainete-numerique-et-cybersecurite-2\/"},"author":{"name":"dev","@id":"https:\/\/ihedn.fr\/#\/schema\/person\/7a40155595e4efb35323447cb8c8c5a4"},"headline":"S\u00e9minaire de rentr\u00e9e de la 3e session nationale session nationale \u00ab\u00a0Souverainet\u00e9 num\u00e9rique et cybers\u00e9curit\u00e9\u00a0\u00bb","datePublished":"2020-09-24T09:00:53+00:00","dateModified":"2021-03-03T09:41:32+00:00","mainEntityOfPage":{"@id":"https:\/\/ihedn.fr\/actualites-des-sessions\/snc\/seminaire-de-rentree-de-la-3e-session-nationale-session-nationale-souverainete-numerique-et-cybersecurite-2\/"},"wordCount":285,"publisher":{"@id":"https:\/\/ihedn.fr\/#organization"},"image":{"@id":"https:\/\/ihedn.fr\/actualites-des-sessions\/snc\/seminaire-de-rentree-de-la-3e-session-nationale-session-nationale-souverainete-numerique-et-cybersecurite-2\/#primaryimage"},"thumbnailUrl":"https:\/\/ihedn.fr\/wp-content\/uploads\/2020\/09\/IHEDN-SN-CYBER-seminaire-01.jpg","articleSection":["Uncategorized"],"inLanguage":"en-GB"},{"@type":"WebPage","@id":"https:\/\/ihedn.fr\/actualites-des-sessions\/snc\/seminaire-de-rentree-de-la-3e-session-nationale-session-nationale-souverainete-numerique-et-cybersecurite-2\/","url":"https:\/\/ihedn.fr\/actualites-des-sessions\/snc\/seminaire-de-rentree-de-la-3e-session-nationale-session-nationale-souverainete-numerique-et-cybersecurite-2\/","name":"Back-to-school seminar for the 3rd national session \"Digital Sovereignty and Cybersecurity\" - L'IHEDN : Institut des hautes \u00e9tudes de d\u00e9fense nationale","isPartOf":{"@id":"https:\/\/ihedn.fr\/#website"},"primaryImageOfPage":{"@id":"https:\/\/ihedn.fr\/actualites-des-sessions\/snc\/seminaire-de-rentree-de-la-3e-session-nationale-session-nationale-souverainete-numerique-et-cybersecurite-2\/#primaryimage"},"image":{"@id":"https:\/\/ihedn.fr\/actualites-des-sessions\/snc\/seminaire-de-rentree-de-la-3e-session-nationale-session-nationale-souverainete-numerique-et-cybersecurite-2\/#primaryimage"},"thumbnailUrl":"https:\/\/ihedn.fr\/wp-content\/uploads\/2020\/09\/IHEDN-SN-CYBER-seminaire-01.jpg","datePublished":"2020-09-24T09:00:53+00:00","dateModified":"2021-03-03T09:41:32+00:00","breadcrumb":{"@id":"https:\/\/ihedn.fr\/actualites-des-sessions\/snc\/seminaire-de-rentree-de-la-3e-session-nationale-session-nationale-souverainete-numerique-et-cybersecurite-2\/#breadcrumb"},"inLanguage":"en-GB","potentialAction":[{"@type":"ReadAction","target":["https:\/\/ihedn.fr\/actualites-des-sessions\/snc\/seminaire-de-rentree-de-la-3e-session-nationale-session-nationale-souverainete-numerique-et-cybersecurite-2\/"]}]},{"@type":"ImageObject","inLanguage":"en-GB","@id":"https:\/\/ihedn.fr\/actualites-des-sessions\/snc\/seminaire-de-rentree-de-la-3e-session-nationale-session-nationale-souverainete-numerique-et-cybersecurite-2\/#primaryimage","url":"https:\/\/ihedn.fr\/wp-content\/uploads\/2020\/09\/IHEDN-SN-CYBER-seminaire-01.jpg","contentUrl":"https:\/\/ihedn.fr\/wp-content\/uploads\/2020\/09\/IHEDN-SN-CYBER-seminaire-01.jpg","width":1369,"height":1034,"caption":"IHEDN | S\u00e9minaire de rentr\u00e9e de la 3e session nationale \"Souverainet\u00e9 num\u00e9rique et cybers\u00e9curit\u00e9\" : le GCA Patrick Destrmau, directeur de l'IHEDN"},{"@type":"BreadcrumbList","@id":"https:\/\/ihedn.fr\/actualites-des-sessions\/snc\/seminaire-de-rentree-de-la-3e-session-nationale-session-nationale-souverainete-numerique-et-cybersecurite-2\/#breadcrumb","itemListElement":[{"@type":"ListItem","position":1,"name":"Accueil","item":"https:\/\/ihedn.fr\/"},{"@type":"ListItem","position":2,"name":"S\u00e9minaire de rentr\u00e9e de la 3e session nationale session nationale \u00ab\u00a0Souverainet\u00e9 num\u00e9rique et cybers\u00e9curit\u00e9\u00a0\u00bb"}]},{"@type":"WebSite","@id":"https:\/\/ihedn.fr\/#website","url":"https:\/\/ihedn.fr\/","name":"IHEDN: Institut des hautes \u00e9tudes de d\u00e9fense nationale (Institute for Higher National Defence Studies)","description":"Official website of the IHEDN under the supervision of the Prime Minister.","publisher":{"@id":"https:\/\/ihedn.fr\/#organization"},"potentialAction":[{"@type":"SearchAction","target":{"@type":"EntryPoint","urlTemplate":"https:\/\/ihedn.fr\/?s={search_term_string}"},"query-input":{"@type":"PropertyValueSpecification","valueRequired":true,"valueName":"search_term_string"}}],"inLanguage":"en-GB"},{"@type":"Organization","@id":"https:\/\/ihedn.fr\/#organization","name":"IHEDN - Institute for Higher National Defence Studies","url":"https:\/\/ihedn.fr\/","logo":{"@type":"ImageObject","inLanguage":"en-GB","@id":"https:\/\/ihedn.fr\/#\/schema\/logo\/image\/","url":"https:\/\/ihedn.fr\/wp-content\/uploads\/2020\/11\/BLOC_RF_IHEDN_WEB.png","contentUrl":"https:\/\/ihedn.fr\/wp-content\/uploads\/2020\/11\/BLOC_RF_IHEDN_WEB.png","width":500,"height":237,"caption":"IHEDN - Institut des Hautes Etudes de D\u00e9fense Nationale"},"image":{"@id":"https:\/\/ihedn.fr\/#\/schema\/logo\/image\/"},"sameAs":["https:\/\/www.facebook.com\/ihedn\/","https:\/\/x.com\/IHEDN","https:\/\/www.instagram.com\/ihedn\/","https:\/\/www.linkedin.com\/school\/ihedn\/","https:\/\/fr.wikipedia.org\/wiki\/Institut_des_hautes_\u00e9tudes_de_D\u00e9fense_nationale"]},{"@type":"Person","@id":"https:\/\/ihedn.fr\/#\/schema\/person\/7a40155595e4efb35323447cb8c8c5a4","name":"dev","image":{"@type":"ImageObject","inLanguage":"en-GB","@id":"https:\/\/secure.gravatar.com\/avatar\/f1ffcac9ca2fa95ad3ec33e9be3ade82f752acb0cabe541e56c5889225afa88a?s=96&d=mm&r=g","url":"https:\/\/secure.gravatar.com\/avatar\/f1ffcac9ca2fa95ad3ec33e9be3ade82f752acb0cabe541e56c5889225afa88a?s=96&d=mm&r=g","contentUrl":"https:\/\/secure.gravatar.com\/avatar\/f1ffcac9ca2fa95ad3ec33e9be3ade82f752acb0cabe541e56c5889225afa88a?s=96&d=mm&r=g","caption":"dev"},"sameAs":["https:\/\/ihedn.concilium.click"],"url":"https:\/\/ihedn.fr\/en\/author\/dev\/"}]}},"publishpress_future_action":{"enabled":false,"date":"2026-05-08 09:16:35","action":"change-status","newStatus":"draft","terms":[],"taxonomy":"category","extraData":[]},"publishpress_future_workflow_manual_trigger":{"enabledWorkflows":[]},"_links":{"self":[{"href":"https:\/\/ihedn.fr\/en\/wp-json\/wp\/v2\/posts\/8543","targetHints":{"allow":["GET"]}}],"collection":[{"href":"https:\/\/ihedn.fr\/en\/wp-json\/wp\/v2\/posts"}],"about":[{"href":"https:\/\/ihedn.fr\/en\/wp-json\/wp\/v2\/types\/post"}],"author":[{"embeddable":true,"href":"https:\/\/ihedn.fr\/en\/wp-json\/wp\/v2\/users\/1"}],"replies":[{"embeddable":true,"href":"https:\/\/ihedn.fr\/en\/wp-json\/wp\/v2\/comments?post=8543"}],"version-history":[{"count":5,"href":"https:\/\/ihedn.fr\/en\/wp-json\/wp\/v2\/posts\/8543\/revisions"}],"predecessor-version":[{"id":8566,"href":"https:\/\/ihedn.fr\/en\/wp-json\/wp\/v2\/posts\/8543\/revisions\/8566"}],"wp:featuredmedia":[{"embeddable":true,"href":"https:\/\/ihedn.fr\/en\/wp-json\/wp\/v2\/media\/8548"}],"wp:attachment":[{"href":"https:\/\/ihedn.fr\/en\/wp-json\/wp\/v2\/media?parent=8543"}],"wp:term":[{"taxonomy":"category","embeddable":true,"href":"https:\/\/ihedn.fr\/en\/wp-json\/wp\/v2\/categories?post=8543"},{"taxonomy":"post_tag","embeddable":true,"href":"https:\/\/ihedn.fr\/en\/wp-json\/wp\/v2\/tags?post=8543"}],"curies":[{"name":"wp","href":"https:\/\/api.w.org\/{rel}","templated":true}]}}