{"id":8918,"date":"2021-03-10T11:40:11","date_gmt":"2021-03-10T10:40:11","guid":{"rendered":"https:\/\/ihedn.fr\/?p=8918"},"modified":"2022-11-25T15:23:03","modified_gmt":"2022-11-25T14:23:03","slug":"la-221e-session-en-region-au-sein-de-leurocorps-a-strasbourg","status":"publish","type":"post","link":"https:\/\/ihedn.fr\/en\/notre-actualite\/la-221e-session-en-region-au-sein-de-leurocorps-a-strasbourg\/","title":{"rendered":"The 221st regional session at EUROCORPS in Strasbourg"},"content":{"rendered":"<div data-elementor-type=\"wp-post\" data-elementor-id=\"8918\" class=\"elementor elementor-8918\" data-elementor-post-type=\"post\">\n\t\t\t\t\t\t<section data-particle_enable=\"false\" data-particle-mobile-disabled=\"false\" class=\"elementor-section elementor-top-section elementor-element elementor-element-198381d elementor-section-boxed elementor-section-height-default elementor-section-height-default\" data-id=\"198381d\" data-element_type=\"section\" data-e-type=\"section\">\n\t\t\t\t\t\t<div class=\"elementor-container elementor-column-gap-default\">\n\t\t\t\t\t<div class=\"elementor-column elementor-col-100 elementor-top-column elementor-element elementor-element-f2f926d\" data-id=\"f2f926d\" data-element_type=\"column\" data-e-type=\"column\">\n\t\t\t<div class=\"elementor-widget-wrap elementor-element-populated\">\n\t\t\t\t\t\t<div class=\"elementor-element elementor-element-3db76b9 elementor-widget elementor-widget-text-editor\" data-id=\"3db76b9\" data-element_type=\"widget\" data-e-type=\"widget\" data-widget_type=\"text-editor.default\">\n\t\t\t\t<div class=\"elementor-widget-container\">\n\t\t\t\t\t\t\t\t\t<div class=\"field field-name-body field-type-text-with-summary field-label-hidden\"><div class=\"field-items\"><div class=\"field-item even\"><p>On 03 and 04 March, the 221<sup>e<\/sup> The IHEDN regional session ended at EUROCORPS in Strasbourg.<\/p><p>These two days will have enabled the 29 auditors at this session to present the conclusions of their work over the four weeks of the session.<\/p><\/div><\/div><\/div>\t\t\t\t\t\t\t\t<\/div>\n\t\t\t\t<\/div>\n\t\t\t\t\t<\/div>\n\t\t<\/div>\n\t\t\t\t\t<\/div>\n\t\t<\/section>\n\t\t\t\t<section data-particle_enable=\"false\" data-particle-mobile-disabled=\"false\" class=\"elementor-section elementor-top-section elementor-element elementor-element-0ab11d7 elementor-section-boxed elementor-section-height-default elementor-section-height-default\" data-id=\"0ab11d7\" data-element_type=\"section\" data-e-type=\"section\">\n\t\t\t\t\t\t<div class=\"elementor-container elementor-column-gap-default\">\n\t\t\t\t\t<div class=\"elementor-column elementor-col-100 elementor-top-column elementor-element elementor-element-1e01633\" data-id=\"1e01633\" data-element_type=\"column\" data-e-type=\"column\">\n\t\t\t<div class=\"elementor-widget-wrap elementor-element-populated\">\n\t\t\t\t\t\t<div class=\"elementor-element elementor-element-a4146d2 elementor-widget elementor-widget-image\" data-id=\"a4146d2\" data-element_type=\"widget\" data-e-type=\"widget\" data-widget_type=\"image.default\">\n\t\t\t\t<div class=\"elementor-widget-container\">\n\t\t\t\t\t\t\t\t\t\t\t\t\t\t\t<img fetchpriority=\"high\" decoding=\"async\" width=\"1369\" height=\"832\" src=\"https:\/\/ihedn.fr\/wp-content\/uploads\/2021\/03\/IHEDN-221eSR-EUROCORPS_web-003.jpg\" class=\"attachment-full size-full wp-image-8921\" alt=\"IHEDN | La 221e session en r\u00e9gions au sein de l&#039;EUROCORPS \u00e0 Strasbourg\" \/>\t\t\t\t\t\t\t\t\t\t\t\t\t\t\t<\/div>\n\t\t\t\t<\/div>\n\t\t\t\t\t<\/div>\n\t\t<\/div>\n\t\t\t\t\t<\/div>\n\t\t<\/section>\n\t\t\t\t<section data-particle_enable=\"false\" data-particle-mobile-disabled=\"false\" class=\"elementor-section elementor-top-section elementor-element elementor-element-bc3cd28 elementor-section-boxed elementor-section-height-default elementor-section-height-default\" data-id=\"bc3cd28\" data-element_type=\"section\" data-e-type=\"section\">\n\t\t\t\t\t\t<div class=\"elementor-container elementor-column-gap-default\">\n\t\t\t\t\t<div class=\"elementor-column elementor-col-100 elementor-top-column elementor-element elementor-element-3b10ec3\" data-id=\"3b10ec3\" data-element_type=\"column\" data-e-type=\"column\">\n\t\t\t<div class=\"elementor-widget-wrap elementor-element-populated\">\n\t\t\t\t\t\t<div class=\"elementor-element elementor-element-5769294 elementor-widget elementor-widget-text-editor\" data-id=\"5769294\" data-element_type=\"widget\" data-e-type=\"widget\" data-widget_type=\"text-editor.default\">\n\t\t\t\t<div class=\"elementor-widget-container\">\n\t\t\t\t\t\t\t\t\t<p>The presentations took place in the presence of the Prefect, Denis Conus, Deputy Director of the Institute.<\/p>\t\t\t\t\t\t\t\t<\/div>\n\t\t\t\t<\/div>\n\t\t\t\t\t<\/div>\n\t\t<\/div>\n\t\t\t\t\t<\/div>\n\t\t<\/section>\n\t\t\t\t<section data-particle_enable=\"false\" data-particle-mobile-disabled=\"false\" class=\"elementor-section elementor-top-section elementor-element elementor-element-13b8bfb elementor-section-boxed elementor-section-height-default elementor-section-height-default\" data-id=\"13b8bfb\" data-element_type=\"section\" data-e-type=\"section\">\n\t\t\t\t\t\t<div class=\"elementor-container elementor-column-gap-default\">\n\t\t\t\t\t<div class=\"elementor-column elementor-col-100 elementor-top-column elementor-element elementor-element-4660750\" data-id=\"4660750\" data-element_type=\"column\" data-e-type=\"column\">\n\t\t\t<div class=\"elementor-widget-wrap elementor-element-populated\">\n\t\t\t\t\t\t<div class=\"elementor-element elementor-element-4cf7555 elementor-widget elementor-widget-image\" data-id=\"4cf7555\" data-element_type=\"widget\" data-e-type=\"widget\" data-widget_type=\"image.default\">\n\t\t\t\t<div class=\"elementor-widget-container\">\n\t\t\t\t\t\t\t\t\t\t\t\t\t\t\t<img decoding=\"async\" width=\"1369\" height=\"763\" src=\"https:\/\/ihedn.fr\/wp-content\/uploads\/2021\/03\/IHEDN-221eSR-EUROCORPS_web-01.jpg\" class=\"attachment-full size-full wp-image-8919\" alt=\"IHEDN | La 221e session en r\u00e9gions au sein de l&#039;EUROCORPS \u00e0 Strasbourg\" \/>\t\t\t\t\t\t\t\t\t\t\t\t\t\t\t<\/div>\n\t\t\t\t<\/div>\n\t\t\t\t\t<\/div>\n\t\t<\/div>\n\t\t\t\t\t<\/div>\n\t\t<\/section>\n\t\t\t\t<section data-particle_enable=\"false\" data-particle-mobile-disabled=\"false\" class=\"elementor-section elementor-top-section elementor-element elementor-element-31484f7 elementor-section-boxed elementor-section-height-default elementor-section-height-default\" data-id=\"31484f7\" data-element_type=\"section\" data-e-type=\"section\">\n\t\t\t\t\t\t<div class=\"elementor-container elementor-column-gap-default\">\n\t\t\t\t\t<div class=\"elementor-column elementor-col-100 elementor-top-column elementor-element elementor-element-0b4bace\" data-id=\"0b4bace\" data-element_type=\"column\" data-e-type=\"column\">\n\t\t\t<div class=\"elementor-widget-wrap elementor-element-populated\">\n\t\t\t\t\t\t<div class=\"elementor-element elementor-element-886b2b6 elementor-widget elementor-widget-text-editor\" data-id=\"886b2b6\" data-element_type=\"widget\" data-e-type=\"widget\" data-widget_type=\"text-editor.default\">\n\t\t\t\t<div class=\"elementor-widget-container\">\n\t\t\t\t\t\t\t\t\t<p>Lieutenant General Laurent Kolodziej, Commander of EUROCORPS, took the opportunity to present this headquarters, which brings together 5 European framework nations and is capable of taking command of operations within NATO, to the audience.<\/p>\t\t\t\t\t\t\t\t<\/div>\n\t\t\t\t<\/div>\n\t\t\t\t<div class=\"elementor-element elementor-element-491750d elementor-widget elementor-widget-image\" data-id=\"491750d\" data-element_type=\"widget\" data-e-type=\"widget\" data-widget_type=\"image.default\">\n\t\t\t\t<div class=\"elementor-widget-container\">\n\t\t\t\t\t\t\t\t\t\t\t\t\t\t\t<img decoding=\"async\" width=\"1369\" height=\"912\" src=\"https:\/\/ihedn.fr\/wp-content\/uploads\/2021\/03\/IHEDN-221eSR-EUROCORPS_web-002.jpg\" class=\"attachment-full size-full wp-image-8920\" alt=\"IHEDN | La 221e session en r\u00e9gions au sein de l&#039;EUROCORPS \u00e0 Strasbourg\" \/>\t\t\t\t\t\t\t\t\t\t\t\t\t\t\t<\/div>\n\t\t\t\t<\/div>\n\t\t\t\t\t<\/div>\n\t\t<\/div>\n\t\t\t\t\t<\/div>\n\t\t<\/section>\n\t\t\t\t<\/div>","protected":false},"excerpt":{"rendered":"<p>Les 03 et 04 mars, la 221e session en r\u00e9gion de l&rsquo;IHEDN s&rsquo;est achev\u00e9e au sein de l&rsquo;EUROCORPS \u00e0 Strasbourg. Ces deux journ\u00e9es auront permis aux 29 auditeurs de cette session de pr\u00e9senter les conclusions des travaux r\u00e9alis\u00e9s au cours des quatre semaines qu&rsquo;aura dur\u00e9 cette session. Les restitutions ont eu lieu en pr\u00e9sence de [&hellip;]<\/p>\n","protected":false},"author":1,"featured_media":8921,"comment_status":"closed","ping_status":"closed","sticky":false,"template":"","format":"standard","meta":{"footnotes":""},"categories":[172],"tags":[],"class_list":["post-8918","post","type-post","status-publish","format-standard","has-post-thumbnail","hentry","category-notre-actualite"],"yoast_head":"<!-- This site is optimized with the Yoast SEO plugin v27.5 - https:\/\/yoast.com\/product\/yoast-seo-wordpress\/ -->\n<title>La 221e session en r\u00e9gion au sein de l&#039;EUROCORPS \u00e0 Strasbourg - L&#039;IHEDN : Institut des hautes \u00e9tudes de d\u00e9fense nationale<\/title>\n<meta name=\"description\" content=\"Les 03 et 04 mars, la 221e session en r\u00e9gion de l\u2019IHEDN s\u2019est achev\u00e9e au sein de l\u2019EUROCORPS \u00e0 Strasbourg. Ces deux journ\u00e9es auront permis aux 29 auditeurs de cette session de pr\u00e9senter les conclusions des travaux r\u00e9alis\u00e9s au cours des quatre semaines qu\u2019aura dur\u00e9 cette session.\" \/>\n<meta name=\"robots\" content=\"index, follow, max-snippet:-1, max-image-preview:large, max-video-preview:-1\" \/>\n<link rel=\"canonical\" href=\"https:\/\/ihedn.fr\/en\/actualites-des-sessions\/regionale\/la-221e-session-en-region-au-sein-de-leurocorps-a-strasbourg\/\" \/>\n<meta property=\"og:locale\" content=\"en_GB\" \/>\n<meta property=\"og:type\" content=\"article\" \/>\n<meta property=\"og:title\" content=\"La 221e session en r\u00e9gion au sein de l&#039;EUROCORPS \u00e0 Strasbourg - L&#039;IHEDN : Institut des hautes \u00e9tudes de d\u00e9fense nationale\" \/>\n<meta property=\"og:description\" content=\"Les 03 et 04 mars, la 221e session en r\u00e9gion de l\u2019IHEDN s\u2019est achev\u00e9e au sein de l\u2019EUROCORPS \u00e0 Strasbourg. Ces deux journ\u00e9es auront permis aux 29 auditeurs de cette session de pr\u00e9senter les conclusions des travaux r\u00e9alis\u00e9s au cours des quatre semaines qu\u2019aura dur\u00e9 cette session.\" \/>\n<meta property=\"og:url\" content=\"https:\/\/ihedn.fr\/en\/actualites-des-sessions\/regionale\/la-221e-session-en-region-au-sein-de-leurocorps-a-strasbourg\/\" \/>\n<meta property=\"og:site_name\" content=\"L&#039;IHEDN : Institut des hautes \u00e9tudes de d\u00e9fense nationale\" \/>\n<meta property=\"article:publisher\" content=\"https:\/\/www.facebook.com\/ihedn\/\" \/>\n<meta property=\"article:published_time\" content=\"2021-03-10T10:40:11+00:00\" \/>\n<meta property=\"article:modified_time\" content=\"2022-11-25T14:23:03+00:00\" \/>\n<meta property=\"og:image\" content=\"https:\/\/ihedn.fr\/wp-content\/uploads\/2021\/03\/IHEDN-221eSR-EUROCORPS_web-003.jpg\" \/>\n\t<meta property=\"og:image:width\" content=\"1369\" \/>\n\t<meta property=\"og:image:height\" content=\"832\" \/>\n\t<meta property=\"og:image:type\" content=\"image\/jpeg\" \/>\n<meta name=\"author\" content=\"dev\" \/>\n<meta name=\"twitter:card\" content=\"summary_large_image\" \/>\n<meta name=\"twitter:creator\" content=\"@IHEDN\" \/>\n<meta name=\"twitter:site\" content=\"@IHEDN\" \/>\n<meta name=\"twitter:label1\" content=\"Written by\" \/>\n\t<meta name=\"twitter:data1\" content=\"dev\" \/>\n\t<meta name=\"twitter:label2\" content=\"Estimated reading time\" \/>\n\t<meta name=\"twitter:data2\" content=\"2 minutes\" \/>\n<script type=\"application\/ld+json\" class=\"yoast-schema-graph\">{\"@context\":\"https:\\\/\\\/schema.org\",\"@graph\":[{\"@type\":\"Article\",\"@id\":\"https:\\\/\\\/ihedn.fr\\\/actualites-des-sessions\\\/regionale\\\/la-221e-session-en-region-au-sein-de-leurocorps-a-strasbourg\\\/#article\",\"isPartOf\":{\"@id\":\"https:\\\/\\\/ihedn.fr\\\/actualites-des-sessions\\\/regionale\\\/la-221e-session-en-region-au-sein-de-leurocorps-a-strasbourg\\\/\"},\"author\":{\"name\":\"dev\",\"@id\":\"https:\\\/\\\/ihedn.fr\\\/#\\\/schema\\\/person\\\/7a40155595e4efb35323447cb8c8c5a4\"},\"headline\":\"La 221e session en r\u00e9gion au sein de l&rsquo;EUROCORPS \u00e0 Strasbourg\",\"datePublished\":\"2021-03-10T10:40:11+00:00\",\"dateModified\":\"2022-11-25T14:23:03+00:00\",\"mainEntityOfPage\":{\"@id\":\"https:\\\/\\\/ihedn.fr\\\/actualites-des-sessions\\\/regionale\\\/la-221e-session-en-region-au-sein-de-leurocorps-a-strasbourg\\\/\"},\"wordCount\":134,\"publisher\":{\"@id\":\"https:\\\/\\\/ihedn.fr\\\/#organization\"},\"image\":{\"@id\":\"https:\\\/\\\/ihedn.fr\\\/actualites-des-sessions\\\/regionale\\\/la-221e-session-en-region-au-sein-de-leurocorps-a-strasbourg\\\/#primaryimage\"},\"thumbnailUrl\":\"https:\\\/\\\/ihedn.fr\\\/wp-content\\\/uploads\\\/2021\\\/03\\\/IHEDN-221eSR-EUROCORPS_web-003.jpg\",\"articleSection\":[\"Notre actualit\u00e9\"],\"inLanguage\":\"en-GB\"},{\"@type\":\"WebPage\",\"@id\":\"https:\\\/\\\/ihedn.fr\\\/actualites-des-sessions\\\/regionale\\\/la-221e-session-en-region-au-sein-de-leurocorps-a-strasbourg\\\/\",\"url\":\"https:\\\/\\\/ihedn.fr\\\/actualites-des-sessions\\\/regionale\\\/la-221e-session-en-region-au-sein-de-leurocorps-a-strasbourg\\\/\",\"name\":\"La 221e session en r\u00e9gion au sein de l'EUROCORPS \u00e0 Strasbourg - L&#039;IHEDN : Institut des hautes \u00e9tudes de d\u00e9fense nationale\",\"isPartOf\":{\"@id\":\"https:\\\/\\\/ihedn.fr\\\/#website\"},\"primaryImageOfPage\":{\"@id\":\"https:\\\/\\\/ihedn.fr\\\/actualites-des-sessions\\\/regionale\\\/la-221e-session-en-region-au-sein-de-leurocorps-a-strasbourg\\\/#primaryimage\"},\"image\":{\"@id\":\"https:\\\/\\\/ihedn.fr\\\/actualites-des-sessions\\\/regionale\\\/la-221e-session-en-region-au-sein-de-leurocorps-a-strasbourg\\\/#primaryimage\"},\"thumbnailUrl\":\"https:\\\/\\\/ihedn.fr\\\/wp-content\\\/uploads\\\/2021\\\/03\\\/IHEDN-221eSR-EUROCORPS_web-003.jpg\",\"datePublished\":\"2021-03-10T10:40:11+00:00\",\"dateModified\":\"2022-11-25T14:23:03+00:00\",\"description\":\"Les 03 et 04 mars, la 221e session en r\u00e9gion de l\u2019IHEDN s\u2019est achev\u00e9e au sein de l\u2019EUROCORPS \u00e0 Strasbourg. Ces deux journ\u00e9es auront permis aux 29 auditeurs de cette session de pr\u00e9senter les conclusions des travaux r\u00e9alis\u00e9s au cours des quatre semaines qu\u2019aura dur\u00e9 cette session.\",\"breadcrumb\":{\"@id\":\"https:\\\/\\\/ihedn.fr\\\/actualites-des-sessions\\\/regionale\\\/la-221e-session-en-region-au-sein-de-leurocorps-a-strasbourg\\\/#breadcrumb\"},\"inLanguage\":\"en-GB\",\"potentialAction\":[{\"@type\":\"ReadAction\",\"target\":[\"https:\\\/\\\/ihedn.fr\\\/actualites-des-sessions\\\/regionale\\\/la-221e-session-en-region-au-sein-de-leurocorps-a-strasbourg\\\/\"]}]},{\"@type\":\"ImageObject\",\"inLanguage\":\"en-GB\",\"@id\":\"https:\\\/\\\/ihedn.fr\\\/actualites-des-sessions\\\/regionale\\\/la-221e-session-en-region-au-sein-de-leurocorps-a-strasbourg\\\/#primaryimage\",\"url\":\"https:\\\/\\\/ihedn.fr\\\/wp-content\\\/uploads\\\/2021\\\/03\\\/IHEDN-221eSR-EUROCORPS_web-003.jpg\",\"contentUrl\":\"https:\\\/\\\/ihedn.fr\\\/wp-content\\\/uploads\\\/2021\\\/03\\\/IHEDN-221eSR-EUROCORPS_web-003.jpg\",\"width\":1369,\"height\":832,\"caption\":\"IHEDN | La 221e session en r\u00e9gions au sein de l'EUROCORPS \u00e0 Strasbourg\"},{\"@type\":\"BreadcrumbList\",\"@id\":\"https:\\\/\\\/ihedn.fr\\\/actualites-des-sessions\\\/regionale\\\/la-221e-session-en-region-au-sein-de-leurocorps-a-strasbourg\\\/#breadcrumb\",\"itemListElement\":[{\"@type\":\"ListItem\",\"position\":1,\"name\":\"Accueil\",\"item\":\"https:\\\/\\\/ihedn.fr\\\/\"},{\"@type\":\"ListItem\",\"position\":2,\"name\":\"La 221e session en r\u00e9gion au sein de l&rsquo;EUROCORPS \u00e0 Strasbourg\"}]},{\"@type\":\"WebSite\",\"@id\":\"https:\\\/\\\/ihedn.fr\\\/#website\",\"url\":\"https:\\\/\\\/ihedn.fr\\\/\",\"name\":\"IHEDN : Institut des hautes \u00e9tudes de d\u00e9fense nationale |\",\"description\":\"Site officiel de l&#039;IHEDN plac\u00e9 sous la tutelle du Premier ministre.\",\"publisher\":{\"@id\":\"https:\\\/\\\/ihedn.fr\\\/#organization\"},\"potentialAction\":[{\"@type\":\"SearchAction\",\"target\":{\"@type\":\"EntryPoint\",\"urlTemplate\":\"https:\\\/\\\/ihedn.fr\\\/?s={search_term_string}\"},\"query-input\":{\"@type\":\"PropertyValueSpecification\",\"valueRequired\":true,\"valueName\":\"search_term_string\"}}],\"inLanguage\":\"en-GB\"},{\"@type\":\"Organization\",\"@id\":\"https:\\\/\\\/ihedn.fr\\\/#organization\",\"name\":\"IHEDN - Institut des Hautes Etudes de D\u00e9fense Nationale\",\"url\":\"https:\\\/\\\/ihedn.fr\\\/\",\"logo\":{\"@type\":\"ImageObject\",\"inLanguage\":\"en-GB\",\"@id\":\"https:\\\/\\\/ihedn.fr\\\/#\\\/schema\\\/logo\\\/image\\\/\",\"url\":\"https:\\\/\\\/ihedn.fr\\\/wp-content\\\/uploads\\\/2020\\\/11\\\/BLOC_RF_IHEDN_WEB.png\",\"contentUrl\":\"https:\\\/\\\/ihedn.fr\\\/wp-content\\\/uploads\\\/2020\\\/11\\\/BLOC_RF_IHEDN_WEB.png\",\"width\":500,\"height\":237,\"caption\":\"IHEDN - Institut des Hautes Etudes de D\u00e9fense Nationale\"},\"image\":{\"@id\":\"https:\\\/\\\/ihedn.fr\\\/#\\\/schema\\\/logo\\\/image\\\/\"},\"sameAs\":[\"https:\\\/\\\/www.facebook.com\\\/ihedn\\\/\",\"https:\\\/\\\/x.com\\\/IHEDN\",\"https:\\\/\\\/www.instagram.com\\\/ihedn\\\/\",\"https:\\\/\\\/www.linkedin.com\\\/school\\\/ihedn\\\/\",\"https:\\\/\\\/fr.wikipedia.org\\\/wiki\\\/Institut_des_hautes_\u00e9tudes_de_D\u00e9fense_nationale\"]},{\"@type\":\"Person\",\"@id\":\"https:\\\/\\\/ihedn.fr\\\/#\\\/schema\\\/person\\\/7a40155595e4efb35323447cb8c8c5a4\",\"name\":\"dev\",\"image\":{\"@type\":\"ImageObject\",\"inLanguage\":\"en-GB\",\"@id\":\"https:\\\/\\\/secure.gravatar.com\\\/avatar\\\/f1ffcac9ca2fa95ad3ec33e9be3ade82f752acb0cabe541e56c5889225afa88a?s=96&d=mm&r=g\",\"url\":\"https:\\\/\\\/secure.gravatar.com\\\/avatar\\\/f1ffcac9ca2fa95ad3ec33e9be3ade82f752acb0cabe541e56c5889225afa88a?s=96&d=mm&r=g\",\"contentUrl\":\"https:\\\/\\\/secure.gravatar.com\\\/avatar\\\/f1ffcac9ca2fa95ad3ec33e9be3ade82f752acb0cabe541e56c5889225afa88a?s=96&d=mm&r=g\",\"caption\":\"dev\"},\"sameAs\":[\"https:\\\/\\\/ihedn.concilium.click\"],\"url\":\"https:\\\/\\\/ihedn.fr\\\/en\\\/author\\\/dev\\\/\"}]}<\/script>\n<!-- \/ Yoast SEO plugin. -->","yoast_head_json":{"title":"The 221st regional session at EUROCORPS in Strasbourg - L'IHEDN : Institut des hautes \u00e9tudes de d\u00e9fense nationale","description":"On 03 and 04 March, the 221st regional session of the IHEDN came to a close at EUROCORPS in Strasbourg. These two days were an opportunity for the session's 29 auditors to present the conclusions of their work over the four weeks of the session.","robots":{"index":"index","follow":"follow","max-snippet":"max-snippet:-1","max-image-preview":"max-image-preview:large","max-video-preview":"max-video-preview:-1"},"canonical":"https:\/\/ihedn.fr\/en\/actualites-des-sessions\/regionale\/la-221e-session-en-region-au-sein-de-leurocorps-a-strasbourg\/","og_locale":"en_GB","og_type":"article","og_title":"La 221e session en r\u00e9gion au sein de l'EUROCORPS \u00e0 Strasbourg - L&#039;IHEDN : Institut des hautes \u00e9tudes de d\u00e9fense nationale","og_description":"Les 03 et 04 mars, la 221e session en r\u00e9gion de l\u2019IHEDN s\u2019est achev\u00e9e au sein de l\u2019EUROCORPS \u00e0 Strasbourg. Ces deux journ\u00e9es auront permis aux 29 auditeurs de cette session de pr\u00e9senter les conclusions des travaux r\u00e9alis\u00e9s au cours des quatre semaines qu\u2019aura dur\u00e9 cette session.","og_url":"https:\/\/ihedn.fr\/en\/actualites-des-sessions\/regionale\/la-221e-session-en-region-au-sein-de-leurocorps-a-strasbourg\/","og_site_name":"L&#039;IHEDN : Institut des hautes \u00e9tudes de d\u00e9fense nationale","article_publisher":"https:\/\/www.facebook.com\/ihedn\/","article_published_time":"2021-03-10T10:40:11+00:00","article_modified_time":"2022-11-25T14:23:03+00:00","og_image":[{"width":1369,"height":832,"url":"https:\/\/ihedn.fr\/wp-content\/uploads\/2021\/03\/IHEDN-221eSR-EUROCORPS_web-003.jpg","type":"image\/jpeg"}],"author":"dev","twitter_card":"summary_large_image","twitter_creator":"@IHEDN","twitter_site":"@IHEDN","twitter_misc":{"Written by":"dev","Estimated reading time":"2 minutes"},"schema":{"@context":"https:\/\/schema.org","@graph":[{"@type":"Article","@id":"https:\/\/ihedn.fr\/actualites-des-sessions\/regionale\/la-221e-session-en-region-au-sein-de-leurocorps-a-strasbourg\/#article","isPartOf":{"@id":"https:\/\/ihedn.fr\/actualites-des-sessions\/regionale\/la-221e-session-en-region-au-sein-de-leurocorps-a-strasbourg\/"},"author":{"name":"dev","@id":"https:\/\/ihedn.fr\/#\/schema\/person\/7a40155595e4efb35323447cb8c8c5a4"},"headline":"La 221e session en r\u00e9gion au sein de l&rsquo;EUROCORPS \u00e0 Strasbourg","datePublished":"2021-03-10T10:40:11+00:00","dateModified":"2022-11-25T14:23:03+00:00","mainEntityOfPage":{"@id":"https:\/\/ihedn.fr\/actualites-des-sessions\/regionale\/la-221e-session-en-region-au-sein-de-leurocorps-a-strasbourg\/"},"wordCount":134,"publisher":{"@id":"https:\/\/ihedn.fr\/#organization"},"image":{"@id":"https:\/\/ihedn.fr\/actualites-des-sessions\/regionale\/la-221e-session-en-region-au-sein-de-leurocorps-a-strasbourg\/#primaryimage"},"thumbnailUrl":"https:\/\/ihedn.fr\/wp-content\/uploads\/2021\/03\/IHEDN-221eSR-EUROCORPS_web-003.jpg","articleSection":["Notre actualit\u00e9"],"inLanguage":"en-GB"},{"@type":"WebPage","@id":"https:\/\/ihedn.fr\/actualites-des-sessions\/regionale\/la-221e-session-en-region-au-sein-de-leurocorps-a-strasbourg\/","url":"https:\/\/ihedn.fr\/actualites-des-sessions\/regionale\/la-221e-session-en-region-au-sein-de-leurocorps-a-strasbourg\/","name":"The 221st regional session at EUROCORPS in Strasbourg - L'IHEDN : Institut des hautes \u00e9tudes de d\u00e9fense nationale","isPartOf":{"@id":"https:\/\/ihedn.fr\/#website"},"primaryImageOfPage":{"@id":"https:\/\/ihedn.fr\/actualites-des-sessions\/regionale\/la-221e-session-en-region-au-sein-de-leurocorps-a-strasbourg\/#primaryimage"},"image":{"@id":"https:\/\/ihedn.fr\/actualites-des-sessions\/regionale\/la-221e-session-en-region-au-sein-de-leurocorps-a-strasbourg\/#primaryimage"},"thumbnailUrl":"https:\/\/ihedn.fr\/wp-content\/uploads\/2021\/03\/IHEDN-221eSR-EUROCORPS_web-003.jpg","datePublished":"2021-03-10T10:40:11+00:00","dateModified":"2022-11-25T14:23:03+00:00","description":"On 03 and 04 March, the 221st regional session of the IHEDN came to a close at EUROCORPS in Strasbourg. These two days were an opportunity for the session's 29 auditors to present the conclusions of their work over the four weeks of the session.","breadcrumb":{"@id":"https:\/\/ihedn.fr\/actualites-des-sessions\/regionale\/la-221e-session-en-region-au-sein-de-leurocorps-a-strasbourg\/#breadcrumb"},"inLanguage":"en-GB","potentialAction":[{"@type":"ReadAction","target":["https:\/\/ihedn.fr\/actualites-des-sessions\/regionale\/la-221e-session-en-region-au-sein-de-leurocorps-a-strasbourg\/"]}]},{"@type":"ImageObject","inLanguage":"en-GB","@id":"https:\/\/ihedn.fr\/actualites-des-sessions\/regionale\/la-221e-session-en-region-au-sein-de-leurocorps-a-strasbourg\/#primaryimage","url":"https:\/\/ihedn.fr\/wp-content\/uploads\/2021\/03\/IHEDN-221eSR-EUROCORPS_web-003.jpg","contentUrl":"https:\/\/ihedn.fr\/wp-content\/uploads\/2021\/03\/IHEDN-221eSR-EUROCORPS_web-003.jpg","width":1369,"height":832,"caption":"IHEDN | La 221e session en r\u00e9gions au sein de l'EUROCORPS \u00e0 Strasbourg"},{"@type":"BreadcrumbList","@id":"https:\/\/ihedn.fr\/actualites-des-sessions\/regionale\/la-221e-session-en-region-au-sein-de-leurocorps-a-strasbourg\/#breadcrumb","itemListElement":[{"@type":"ListItem","position":1,"name":"Accueil","item":"https:\/\/ihedn.fr\/"},{"@type":"ListItem","position":2,"name":"La 221e session en r\u00e9gion au sein de l&rsquo;EUROCORPS \u00e0 Strasbourg"}]},{"@type":"WebSite","@id":"https:\/\/ihedn.fr\/#website","url":"https:\/\/ihedn.fr\/","name":"IHEDN: Institut des hautes \u00e9tudes de d\u00e9fense nationale (Institute for Higher National Defence Studies)","description":"Official website of the IHEDN under the supervision of the Prime Minister.","publisher":{"@id":"https:\/\/ihedn.fr\/#organization"},"potentialAction":[{"@type":"SearchAction","target":{"@type":"EntryPoint","urlTemplate":"https:\/\/ihedn.fr\/?s={search_term_string}"},"query-input":{"@type":"PropertyValueSpecification","valueRequired":true,"valueName":"search_term_string"}}],"inLanguage":"en-GB"},{"@type":"Organization","@id":"https:\/\/ihedn.fr\/#organization","name":"IHEDN - Institute for Higher National Defence Studies","url":"https:\/\/ihedn.fr\/","logo":{"@type":"ImageObject","inLanguage":"en-GB","@id":"https:\/\/ihedn.fr\/#\/schema\/logo\/image\/","url":"https:\/\/ihedn.fr\/wp-content\/uploads\/2020\/11\/BLOC_RF_IHEDN_WEB.png","contentUrl":"https:\/\/ihedn.fr\/wp-content\/uploads\/2020\/11\/BLOC_RF_IHEDN_WEB.png","width":500,"height":237,"caption":"IHEDN - Institut des Hautes Etudes de D\u00e9fense Nationale"},"image":{"@id":"https:\/\/ihedn.fr\/#\/schema\/logo\/image\/"},"sameAs":["https:\/\/www.facebook.com\/ihedn\/","https:\/\/x.com\/IHEDN","https:\/\/www.instagram.com\/ihedn\/","https:\/\/www.linkedin.com\/school\/ihedn\/","https:\/\/fr.wikipedia.org\/wiki\/Institut_des_hautes_\u00e9tudes_de_D\u00e9fense_nationale"]},{"@type":"Person","@id":"https:\/\/ihedn.fr\/#\/schema\/person\/7a40155595e4efb35323447cb8c8c5a4","name":"dev","image":{"@type":"ImageObject","inLanguage":"en-GB","@id":"https:\/\/secure.gravatar.com\/avatar\/f1ffcac9ca2fa95ad3ec33e9be3ade82f752acb0cabe541e56c5889225afa88a?s=96&d=mm&r=g","url":"https:\/\/secure.gravatar.com\/avatar\/f1ffcac9ca2fa95ad3ec33e9be3ade82f752acb0cabe541e56c5889225afa88a?s=96&d=mm&r=g","contentUrl":"https:\/\/secure.gravatar.com\/avatar\/f1ffcac9ca2fa95ad3ec33e9be3ade82f752acb0cabe541e56c5889225afa88a?s=96&d=mm&r=g","caption":"dev"},"sameAs":["https:\/\/ihedn.concilium.click"],"url":"https:\/\/ihedn.fr\/en\/author\/dev\/"}]}},"publishpress_future_action":{"enabled":false,"date":"2026-05-08 19:33:05","action":"change-status","newStatus":"draft","terms":[],"taxonomy":"category","extraData":[]},"publishpress_future_workflow_manual_trigger":{"enabledWorkflows":[]},"_links":{"self":[{"href":"https:\/\/ihedn.fr\/en\/wp-json\/wp\/v2\/posts\/8918","targetHints":{"allow":["GET"]}}],"collection":[{"href":"https:\/\/ihedn.fr\/en\/wp-json\/wp\/v2\/posts"}],"about":[{"href":"https:\/\/ihedn.fr\/en\/wp-json\/wp\/v2\/types\/post"}],"author":[{"embeddable":true,"href":"https:\/\/ihedn.fr\/en\/wp-json\/wp\/v2\/users\/1"}],"replies":[{"embeddable":true,"href":"https:\/\/ihedn.fr\/en\/wp-json\/wp\/v2\/comments?post=8918"}],"version-history":[{"count":5,"href":"https:\/\/ihedn.fr\/en\/wp-json\/wp\/v2\/posts\/8918\/revisions"}],"predecessor-version":[{"id":8938,"href":"https:\/\/ihedn.fr\/en\/wp-json\/wp\/v2\/posts\/8918\/revisions\/8938"}],"wp:featuredmedia":[{"embeddable":true,"href":"https:\/\/ihedn.fr\/en\/wp-json\/wp\/v2\/media\/8921"}],"wp:attachment":[{"href":"https:\/\/ihedn.fr\/en\/wp-json\/wp\/v2\/media?parent=8918"}],"wp:term":[{"taxonomy":"category","embeddable":true,"href":"https:\/\/ihedn.fr\/en\/wp-json\/wp\/v2\/categories?post=8918"},{"taxonomy":"post_tag","embeddable":true,"href":"https:\/\/ihedn.fr\/en\/wp-json\/wp\/v2\/tags?post=8918"}],"curies":[{"name":"wp","href":"https:\/\/api.w.org\/{rel}","templated":true}]}}