{"id":9120,"date":"2021-03-15T10:00:48","date_gmt":"2021-03-15T09:00:48","guid":{"rendered":"https:\/\/ihedn.fr\/?p=9120"},"modified":"2022-11-25T15:23:02","modified_gmt":"2022-11-25T14:23:02","slug":"virginie-tournay-medaille-de-bronze-du-cnrs-rejoint-le-jury-des-imaginaires-strategiques-de-lihedn","status":"publish","type":"post","link":"https:\/\/ihedn.fr\/en\/notre-actualite\/virginie-tournay-medaille-de-bronze-du-cnrs-rejoint-le-jury-des-imaginaires-strategiques-de-lihedn\/","title":{"rendered":"Virginie Tournay, bronze medal winner from the CNRS, joins the IHEDN's Imaginaires Strat\u00e9giques jury"},"content":{"rendered":"<div data-elementor-type=\"wp-post\" data-elementor-id=\"9120\" class=\"elementor elementor-9120\" data-elementor-post-type=\"post\">\n\t\t\t\t\t\t<section data-particle_enable=\"false\" data-particle-mobile-disabled=\"false\" class=\"elementor-section elementor-top-section elementor-element elementor-element-9a274f5 elementor-section-boxed elementor-section-height-default elementor-section-height-default\" data-id=\"9a274f5\" data-element_type=\"section\" data-e-type=\"section\">\n\t\t\t\t\t\t<div class=\"elementor-container elementor-column-gap-default\">\n\t\t\t\t\t<div class=\"elementor-column elementor-col-50 elementor-top-column elementor-element elementor-element-69bc5b1\" data-id=\"69bc5b1\" data-element_type=\"column\" data-e-type=\"column\">\n\t\t\t<div class=\"elementor-widget-wrap elementor-element-populated\">\n\t\t\t\t\t\t<div class=\"elementor-element elementor-element-00cb64b elementor-widget elementor-widget-image\" data-id=\"00cb64b\" data-element_type=\"widget\" data-e-type=\"widget\" data-widget_type=\"image.default\">\n\t\t\t\t<div class=\"elementor-widget-container\">\n\t\t\t\t\t\t\t\t\t\t\t\t\t\t\t<img fetchpriority=\"high\" decoding=\"async\" width=\"300\" height=\"300\" src=\"https:\/\/ihedn.fr\/wp-content\/uploads\/2021\/03\/VirginieTournay-02-300x300.jpg\" class=\"attachment-medium size-medium wp-image-9124\" alt=\"Virginie Tournay m\u00e9daille de bronze du CNRS, rejoint le jury des Imaginaires Strat\u00e9giques de l\u2019IHEDN\" srcset=\"https:\/\/ihedn.fr\/wp-content\/uploads\/2021\/03\/VirginieTournay-02-300x300.jpg 300w, https:\/\/ihedn.fr\/wp-content\/uploads\/2021\/03\/VirginieTournay-02-150x150.jpg 150w\" sizes=\"(max-width: 300px) 100vw, 300px\" \/>\t\t\t\t\t\t\t\t\t\t\t\t\t\t\t<\/div>\n\t\t\t\t<\/div>\n\t\t\t\t\t<\/div>\n\t\t<\/div>\n\t\t\t\t<div class=\"elementor-column elementor-col-50 elementor-top-column elementor-element elementor-element-3928606\" data-id=\"3928606\" data-element_type=\"column\" data-e-type=\"column\">\n\t\t\t<div class=\"elementor-widget-wrap elementor-element-populated\">\n\t\t\t\t\t\t<div class=\"elementor-element elementor-element-8d35d0b elementor-widget elementor-widget-text-editor\" data-id=\"8d35d0b\" data-element_type=\"widget\" data-e-type=\"widget\" data-widget_type=\"text-editor.default\">\n\t\t\t\t<div class=\"elementor-widget-container\">\n\t\t\t\t\t\t\t\t\t<p>Director of Research at <a href=\"https:\/\/www.sciencespo.fr\/cevipof\/fr\/chercheur\/virginie-tournay.html\">Sciences Po<\/a>, <a href=\"https:\/\/www.cnrs.fr\/fr\/personne\/virginie-tournay\">bronze medal of the CNRS<\/a>, <strong>Virginie Tournay<\/strong> combines an academic career with a literary vocation, as demonstrated by the publication in 2019 of <strong><a href=\"http:\/\/www.editions-glyphe.com\/livre\/civilisation-0-0\/\"><em>Civilisation 0.0.<\/em><\/a><\/strong><\/p><p>In this work of fiction set in 2062, she portrays the risks of a breakdown in artificial intelligence that would threaten the survival of humanity.<\/p><p>It is also part of the <strong><span style=\"color: #ff0000;\"><a style=\"color: #ff0000;\" href=\"https:\/\/redteamdefense.org\/\">Ministry of Defence Red Team<\/a><\/span><\/strong> tasked with proposing conflict scenarios for the future, an innovation in this field for French Defence.<\/p><p>We are delighted to welcome him to the jury of the <strong><a href=\"https:\/\/ihedn.fr\/en\/les-imaginaires-strategiques\/\">Strategic imaginaries<\/a><\/strong> of the IHEDN.<\/p>\t\t\t\t\t\t\t\t<\/div>\n\t\t\t\t<\/div>\n\t\t\t\t\t<\/div>\n\t\t<\/div>\n\t\t\t\t\t<\/div>\n\t\t<\/section>\n\t\t\t\t<section data-particle_enable=\"false\" data-particle-mobile-disabled=\"false\" class=\"elementor-section elementor-top-section elementor-element elementor-element-f9ab202 elementor-section-boxed elementor-section-height-default elementor-section-height-default\" data-id=\"f9ab202\" data-element_type=\"section\" data-e-type=\"section\">\n\t\t\t\t\t\t<div class=\"elementor-container elementor-column-gap-default\">\n\t\t\t\t\t<div class=\"elementor-column elementor-col-100 elementor-top-column elementor-element elementor-element-6f2b444\" data-id=\"6f2b444\" data-element_type=\"column\" data-e-type=\"column\">\n\t\t\t<div class=\"elementor-widget-wrap elementor-element-populated\">\n\t\t\t\t\t\t<div class=\"elementor-element elementor-element-97e67f4 elementor-widget elementor-widget-text-editor\" data-id=\"97e67f4\" data-element_type=\"widget\" data-e-type=\"widget\" data-widget_type=\"text-editor.default\">\n\t\t\t\t<div class=\"elementor-widget-container\">\n\t\t\t\t\t\t\t\t\t<p style=\"text-align: center;\"><strong>You have until 26 April 2021 to enter the competition and try to win one of the prizes.<\/strong><\/p>\t\t\t\t\t\t\t\t<\/div>\n\t\t\t\t<\/div>\n\t\t\t\t<div class=\"elementor-element elementor-element-c563fe0 elementor-align-center elementor-widget elementor-widget-button\" data-id=\"c563fe0\" data-element_type=\"widget\" data-e-type=\"widget\" data-widget_type=\"button.default\">\n\t\t\t\t<div class=\"elementor-widget-container\">\n\t\t\t\t\t\t\t\t\t<div class=\"elementor-button-wrapper\">\n\t\t\t\t\t<a class=\"elementor-button elementor-button-link elementor-size-sm\" href=\"https:\/\/candidatures.ihedn.fr\/imaginaires-strategiques-0\">\n\t\t\t\t\t\t<span class=\"elementor-button-content-wrapper\">\n\t\t\t\t\t\t\t\t\t<span class=\"elementor-button-text\">Online registration<\/span>\n\t\t\t\t\t<\/span>\n\t\t\t\t\t<\/a>\n\t\t\t\t<\/div>\n\t\t\t\t\t\t\t\t<\/div>\n\t\t\t\t<\/div>\n\t\t\t\t\t<\/div>\n\t\t<\/div>\n\t\t\t\t\t<\/div>\n\t\t<\/section>\n\t\t\t\t<\/div>","protected":false},"excerpt":{"rendered":"<p>Directeur de recherche \u00e0 Sciences Po, m\u00e9daille de bronze du CNRS, Virginie Tournay conjugue une carri\u00e8re acad\u00e9mique \u00e0 une vocation litt\u00e9raire comme en t\u00e9moigne la parution en 2019 de Civilisation 0.0. Dans cet ouvrage de fiction situ\u00e9e en 2062, elle met en sc\u00e8ne les risques d\u2019une panne de l\u2019intelligence artificielle qui mettrait en cause la [&hellip;]<\/p>\n","protected":false},"author":1,"featured_media":9122,"comment_status":"closed","ping_status":"closed","sticky":false,"template":"","format":"standard","meta":{"footnotes":""},"categories":[172],"tags":[],"class_list":["post-9120","post","type-post","status-publish","format-standard","has-post-thumbnail","hentry","category-notre-actualite"],"yoast_head":"<!-- This site is optimized with the Yoast SEO plugin v27.5 - https:\/\/yoast.com\/product\/yoast-seo-wordpress\/ -->\n<title>Virginie Tournay, m\u00e9daille de bronze du CNRS, rejoint le jury des Imaginaires Strat\u00e9giques de l\u2019IHEDN - L&#039;IHEDN : Institut des hautes \u00e9tudes de d\u00e9fense nationale<\/title>\n<meta name=\"robots\" content=\"index, follow, max-snippet:-1, max-image-preview:large, max-video-preview:-1\" \/>\n<link rel=\"canonical\" href=\"https:\/\/ihedn.fr\/en\/actualites-des-sessions\/les-imaginaires-strategiques\/virginie-tournay-medaille-de-bronze-du-cnrs-rejoint-le-jury-des-imaginaires-strategiques-de-lihedn\/\" \/>\n<meta property=\"og:locale\" content=\"en_GB\" \/>\n<meta property=\"og:type\" content=\"article\" \/>\n<meta property=\"og:title\" content=\"Virginie Tournay, m\u00e9daille de bronze du CNRS, rejoint le jury des Imaginaires Strat\u00e9giques de l\u2019IHEDN - L&#039;IHEDN : Institut des hautes \u00e9tudes de d\u00e9fense nationale\" \/>\n<meta property=\"og:description\" content=\"Directeur de recherche \u00e0 Sciences Po, m\u00e9daille de bronze du CNRS, Virginie Tournay conjugue une carri\u00e8re acad\u00e9mique \u00e0 une vocation litt\u00e9raire comme en t\u00e9moigne la parution en 2019 de Civilisation 0.0. Dans cet ouvrage de fiction situ\u00e9e en 2062, elle met en sc\u00e8ne les risques d\u2019une panne de l\u2019intelligence artificielle qui mettrait en cause la [&hellip;]\" \/>\n<meta property=\"og:url\" content=\"https:\/\/ihedn.fr\/en\/actualites-des-sessions\/les-imaginaires-strategiques\/virginie-tournay-medaille-de-bronze-du-cnrs-rejoint-le-jury-des-imaginaires-strategiques-de-lihedn\/\" \/>\n<meta property=\"og:site_name\" content=\"L&#039;IHEDN : Institut des hautes \u00e9tudes de d\u00e9fense nationale\" \/>\n<meta property=\"article:publisher\" content=\"https:\/\/www.facebook.com\/ihedn\/\" \/>\n<meta property=\"article:published_time\" content=\"2021-03-15T09:00:48+00:00\" \/>\n<meta property=\"article:modified_time\" content=\"2022-11-25T14:23:02+00:00\" \/>\n<meta property=\"og:image\" content=\"https:\/\/ihedn.fr\/wp-content\/uploads\/2021\/03\/VirginieTournay.jpg\" \/>\n\t<meta property=\"og:image:width\" content=\"950\" \/>\n\t<meta property=\"og:image:height\" content=\"528\" \/>\n\t<meta property=\"og:image:type\" content=\"image\/jpeg\" \/>\n<meta name=\"author\" content=\"dev\" \/>\n<meta name=\"twitter:card\" content=\"summary_large_image\" \/>\n<meta name=\"twitter:creator\" content=\"@IHEDN\" \/>\n<meta name=\"twitter:site\" content=\"@IHEDN\" \/>\n<meta name=\"twitter:label1\" content=\"Written by\" \/>\n\t<meta name=\"twitter:data1\" content=\"dev\" \/>\n\t<meta name=\"twitter:label2\" content=\"Estimated reading time\" \/>\n\t<meta name=\"twitter:data2\" content=\"1 minute\" \/>\n<script type=\"application\/ld+json\" class=\"yoast-schema-graph\">{\"@context\":\"https:\\\/\\\/schema.org\",\"@graph\":[{\"@type\":\"Article\",\"@id\":\"https:\\\/\\\/ihedn.fr\\\/actualites-des-sessions\\\/les-imaginaires-strategiques\\\/virginie-tournay-medaille-de-bronze-du-cnrs-rejoint-le-jury-des-imaginaires-strategiques-de-lihedn\\\/#article\",\"isPartOf\":{\"@id\":\"https:\\\/\\\/ihedn.fr\\\/actualites-des-sessions\\\/les-imaginaires-strategiques\\\/virginie-tournay-medaille-de-bronze-du-cnrs-rejoint-le-jury-des-imaginaires-strategiques-de-lihedn\\\/\"},\"author\":{\"name\":\"dev\",\"@id\":\"https:\\\/\\\/ihedn.fr\\\/#\\\/schema\\\/person\\\/7a40155595e4efb35323447cb8c8c5a4\"},\"headline\":\"Virginie Tournay, m\u00e9daille de bronze du CNRS, rejoint le jury des Imaginaires Strat\u00e9giques de l\u2019IHEDN\",\"datePublished\":\"2021-03-15T09:00:48+00:00\",\"dateModified\":\"2022-11-25T14:23:02+00:00\",\"mainEntityOfPage\":{\"@id\":\"https:\\\/\\\/ihedn.fr\\\/actualites-des-sessions\\\/les-imaginaires-strategiques\\\/virginie-tournay-medaille-de-bronze-du-cnrs-rejoint-le-jury-des-imaginaires-strategiques-de-lihedn\\\/\"},\"wordCount\":158,\"publisher\":{\"@id\":\"https:\\\/\\\/ihedn.fr\\\/#organization\"},\"image\":{\"@id\":\"https:\\\/\\\/ihedn.fr\\\/actualites-des-sessions\\\/les-imaginaires-strategiques\\\/virginie-tournay-medaille-de-bronze-du-cnrs-rejoint-le-jury-des-imaginaires-strategiques-de-lihedn\\\/#primaryimage\"},\"thumbnailUrl\":\"https:\\\/\\\/ihedn.fr\\\/wp-content\\\/uploads\\\/2021\\\/03\\\/VirginieTournay.jpg\",\"articleSection\":[\"Notre actualit\u00e9\"],\"inLanguage\":\"en-GB\"},{\"@type\":\"WebPage\",\"@id\":\"https:\\\/\\\/ihedn.fr\\\/actualites-des-sessions\\\/les-imaginaires-strategiques\\\/virginie-tournay-medaille-de-bronze-du-cnrs-rejoint-le-jury-des-imaginaires-strategiques-de-lihedn\\\/\",\"url\":\"https:\\\/\\\/ihedn.fr\\\/actualites-des-sessions\\\/les-imaginaires-strategiques\\\/virginie-tournay-medaille-de-bronze-du-cnrs-rejoint-le-jury-des-imaginaires-strategiques-de-lihedn\\\/\",\"name\":\"Virginie Tournay, m\u00e9daille de bronze du CNRS, rejoint le jury des Imaginaires Strat\u00e9giques de l\u2019IHEDN - L&#039;IHEDN : Institut des hautes \u00e9tudes de d\u00e9fense nationale\",\"isPartOf\":{\"@id\":\"https:\\\/\\\/ihedn.fr\\\/#website\"},\"primaryImageOfPage\":{\"@id\":\"https:\\\/\\\/ihedn.fr\\\/actualites-des-sessions\\\/les-imaginaires-strategiques\\\/virginie-tournay-medaille-de-bronze-du-cnrs-rejoint-le-jury-des-imaginaires-strategiques-de-lihedn\\\/#primaryimage\"},\"image\":{\"@id\":\"https:\\\/\\\/ihedn.fr\\\/actualites-des-sessions\\\/les-imaginaires-strategiques\\\/virginie-tournay-medaille-de-bronze-du-cnrs-rejoint-le-jury-des-imaginaires-strategiques-de-lihedn\\\/#primaryimage\"},\"thumbnailUrl\":\"https:\\\/\\\/ihedn.fr\\\/wp-content\\\/uploads\\\/2021\\\/03\\\/VirginieTournay.jpg\",\"datePublished\":\"2021-03-15T09:00:48+00:00\",\"dateModified\":\"2022-11-25T14:23:02+00:00\",\"breadcrumb\":{\"@id\":\"https:\\\/\\\/ihedn.fr\\\/actualites-des-sessions\\\/les-imaginaires-strategiques\\\/virginie-tournay-medaille-de-bronze-du-cnrs-rejoint-le-jury-des-imaginaires-strategiques-de-lihedn\\\/#breadcrumb\"},\"inLanguage\":\"en-GB\",\"potentialAction\":[{\"@type\":\"ReadAction\",\"target\":[\"https:\\\/\\\/ihedn.fr\\\/actualites-des-sessions\\\/les-imaginaires-strategiques\\\/virginie-tournay-medaille-de-bronze-du-cnrs-rejoint-le-jury-des-imaginaires-strategiques-de-lihedn\\\/\"]}]},{\"@type\":\"ImageObject\",\"inLanguage\":\"en-GB\",\"@id\":\"https:\\\/\\\/ihedn.fr\\\/actualites-des-sessions\\\/les-imaginaires-strategiques\\\/virginie-tournay-medaille-de-bronze-du-cnrs-rejoint-le-jury-des-imaginaires-strategiques-de-lihedn\\\/#primaryimage\",\"url\":\"https:\\\/\\\/ihedn.fr\\\/wp-content\\\/uploads\\\/2021\\\/03\\\/VirginieTournay.jpg\",\"contentUrl\":\"https:\\\/\\\/ihedn.fr\\\/wp-content\\\/uploads\\\/2021\\\/03\\\/VirginieTournay.jpg\",\"width\":950,\"height\":528,\"caption\":\"Virginie Tournay m\u00e9daille de bronze du CNRS, rejoint le jury des Imaginaires Strat\u00e9giques de l\u2019IHEDN\"},{\"@type\":\"BreadcrumbList\",\"@id\":\"https:\\\/\\\/ihedn.fr\\\/actualites-des-sessions\\\/les-imaginaires-strategiques\\\/virginie-tournay-medaille-de-bronze-du-cnrs-rejoint-le-jury-des-imaginaires-strategiques-de-lihedn\\\/#breadcrumb\",\"itemListElement\":[{\"@type\":\"ListItem\",\"position\":1,\"name\":\"Accueil\",\"item\":\"https:\\\/\\\/ihedn.fr\\\/\"},{\"@type\":\"ListItem\",\"position\":2,\"name\":\"Virginie Tournay, m\u00e9daille de bronze du CNRS, rejoint le jury des Imaginaires Strat\u00e9giques de l\u2019IHEDN\"}]},{\"@type\":\"WebSite\",\"@id\":\"https:\\\/\\\/ihedn.fr\\\/#website\",\"url\":\"https:\\\/\\\/ihedn.fr\\\/\",\"name\":\"IHEDN : Institut des hautes \u00e9tudes de d\u00e9fense nationale |\",\"description\":\"Site officiel de l&#039;IHEDN plac\u00e9 sous la tutelle du Premier ministre.\",\"publisher\":{\"@id\":\"https:\\\/\\\/ihedn.fr\\\/#organization\"},\"potentialAction\":[{\"@type\":\"SearchAction\",\"target\":{\"@type\":\"EntryPoint\",\"urlTemplate\":\"https:\\\/\\\/ihedn.fr\\\/?s={search_term_string}\"},\"query-input\":{\"@type\":\"PropertyValueSpecification\",\"valueRequired\":true,\"valueName\":\"search_term_string\"}}],\"inLanguage\":\"en-GB\"},{\"@type\":\"Organization\",\"@id\":\"https:\\\/\\\/ihedn.fr\\\/#organization\",\"name\":\"IHEDN - Institut des Hautes Etudes de D\u00e9fense Nationale\",\"url\":\"https:\\\/\\\/ihedn.fr\\\/\",\"logo\":{\"@type\":\"ImageObject\",\"inLanguage\":\"en-GB\",\"@id\":\"https:\\\/\\\/ihedn.fr\\\/#\\\/schema\\\/logo\\\/image\\\/\",\"url\":\"https:\\\/\\\/ihedn.fr\\\/wp-content\\\/uploads\\\/2020\\\/11\\\/BLOC_RF_IHEDN_WEB.png\",\"contentUrl\":\"https:\\\/\\\/ihedn.fr\\\/wp-content\\\/uploads\\\/2020\\\/11\\\/BLOC_RF_IHEDN_WEB.png\",\"width\":500,\"height\":237,\"caption\":\"IHEDN - Institut des Hautes Etudes de D\u00e9fense Nationale\"},\"image\":{\"@id\":\"https:\\\/\\\/ihedn.fr\\\/#\\\/schema\\\/logo\\\/image\\\/\"},\"sameAs\":[\"https:\\\/\\\/www.facebook.com\\\/ihedn\\\/\",\"https:\\\/\\\/x.com\\\/IHEDN\",\"https:\\\/\\\/www.instagram.com\\\/ihedn\\\/\",\"https:\\\/\\\/www.linkedin.com\\\/school\\\/ihedn\\\/\",\"https:\\\/\\\/fr.wikipedia.org\\\/wiki\\\/Institut_des_hautes_\u00e9tudes_de_D\u00e9fense_nationale\"]},{\"@type\":\"Person\",\"@id\":\"https:\\\/\\\/ihedn.fr\\\/#\\\/schema\\\/person\\\/7a40155595e4efb35323447cb8c8c5a4\",\"name\":\"dev\",\"image\":{\"@type\":\"ImageObject\",\"inLanguage\":\"en-GB\",\"@id\":\"https:\\\/\\\/secure.gravatar.com\\\/avatar\\\/f1ffcac9ca2fa95ad3ec33e9be3ade82f752acb0cabe541e56c5889225afa88a?s=96&d=mm&r=g\",\"url\":\"https:\\\/\\\/secure.gravatar.com\\\/avatar\\\/f1ffcac9ca2fa95ad3ec33e9be3ade82f752acb0cabe541e56c5889225afa88a?s=96&d=mm&r=g\",\"contentUrl\":\"https:\\\/\\\/secure.gravatar.com\\\/avatar\\\/f1ffcac9ca2fa95ad3ec33e9be3ade82f752acb0cabe541e56c5889225afa88a?s=96&d=mm&r=g\",\"caption\":\"dev\"},\"sameAs\":[\"https:\\\/\\\/ihedn.concilium.click\"],\"url\":\"https:\\\/\\\/ihedn.fr\\\/en\\\/author\\\/dev\\\/\"}]}<\/script>\n<!-- \/ Yoast SEO plugin. -->","yoast_head_json":{"title":"Virginie Tournay, CNRS bronze medalist, joins the IHEDN's Imaginaires Strat\u00e9giques jury - L'IHEDN : Institut des hautes \u00e9tudes de d\u00e9fense nationale (Institute for Higher Studies in National Defence)","robots":{"index":"index","follow":"follow","max-snippet":"max-snippet:-1","max-image-preview":"max-image-preview:large","max-video-preview":"max-video-preview:-1"},"canonical":"https:\/\/ihedn.fr\/en\/actualites-des-sessions\/les-imaginaires-strategiques\/virginie-tournay-medaille-de-bronze-du-cnrs-rejoint-le-jury-des-imaginaires-strategiques-de-lihedn\/","og_locale":"en_GB","og_type":"article","og_title":"Virginie Tournay, m\u00e9daille de bronze du CNRS, rejoint le jury des Imaginaires Strat\u00e9giques de l\u2019IHEDN - L&#039;IHEDN : Institut des hautes \u00e9tudes de d\u00e9fense nationale","og_description":"Directeur de recherche \u00e0 Sciences Po, m\u00e9daille de bronze du CNRS, Virginie Tournay conjugue une carri\u00e8re acad\u00e9mique \u00e0 une vocation litt\u00e9raire comme en t\u00e9moigne la parution en 2019 de Civilisation 0.0. Dans cet ouvrage de fiction situ\u00e9e en 2062, elle met en sc\u00e8ne les risques d\u2019une panne de l\u2019intelligence artificielle qui mettrait en cause la [&hellip;]","og_url":"https:\/\/ihedn.fr\/en\/actualites-des-sessions\/les-imaginaires-strategiques\/virginie-tournay-medaille-de-bronze-du-cnrs-rejoint-le-jury-des-imaginaires-strategiques-de-lihedn\/","og_site_name":"L&#039;IHEDN : Institut des hautes \u00e9tudes de d\u00e9fense nationale","article_publisher":"https:\/\/www.facebook.com\/ihedn\/","article_published_time":"2021-03-15T09:00:48+00:00","article_modified_time":"2022-11-25T14:23:02+00:00","og_image":[{"width":950,"height":528,"url":"https:\/\/ihedn.fr\/wp-content\/uploads\/2021\/03\/VirginieTournay.jpg","type":"image\/jpeg"}],"author":"dev","twitter_card":"summary_large_image","twitter_creator":"@IHEDN","twitter_site":"@IHEDN","twitter_misc":{"Written by":"dev","Estimated reading time":"1 minute"},"schema":{"@context":"https:\/\/schema.org","@graph":[{"@type":"Article","@id":"https:\/\/ihedn.fr\/actualites-des-sessions\/les-imaginaires-strategiques\/virginie-tournay-medaille-de-bronze-du-cnrs-rejoint-le-jury-des-imaginaires-strategiques-de-lihedn\/#article","isPartOf":{"@id":"https:\/\/ihedn.fr\/actualites-des-sessions\/les-imaginaires-strategiques\/virginie-tournay-medaille-de-bronze-du-cnrs-rejoint-le-jury-des-imaginaires-strategiques-de-lihedn\/"},"author":{"name":"dev","@id":"https:\/\/ihedn.fr\/#\/schema\/person\/7a40155595e4efb35323447cb8c8c5a4"},"headline":"Virginie Tournay, m\u00e9daille de bronze du CNRS, rejoint le jury des Imaginaires Strat\u00e9giques de l\u2019IHEDN","datePublished":"2021-03-15T09:00:48+00:00","dateModified":"2022-11-25T14:23:02+00:00","mainEntityOfPage":{"@id":"https:\/\/ihedn.fr\/actualites-des-sessions\/les-imaginaires-strategiques\/virginie-tournay-medaille-de-bronze-du-cnrs-rejoint-le-jury-des-imaginaires-strategiques-de-lihedn\/"},"wordCount":158,"publisher":{"@id":"https:\/\/ihedn.fr\/#organization"},"image":{"@id":"https:\/\/ihedn.fr\/actualites-des-sessions\/les-imaginaires-strategiques\/virginie-tournay-medaille-de-bronze-du-cnrs-rejoint-le-jury-des-imaginaires-strategiques-de-lihedn\/#primaryimage"},"thumbnailUrl":"https:\/\/ihedn.fr\/wp-content\/uploads\/2021\/03\/VirginieTournay.jpg","articleSection":["Notre actualit\u00e9"],"inLanguage":"en-GB"},{"@type":"WebPage","@id":"https:\/\/ihedn.fr\/actualites-des-sessions\/les-imaginaires-strategiques\/virginie-tournay-medaille-de-bronze-du-cnrs-rejoint-le-jury-des-imaginaires-strategiques-de-lihedn\/","url":"https:\/\/ihedn.fr\/actualites-des-sessions\/les-imaginaires-strategiques\/virginie-tournay-medaille-de-bronze-du-cnrs-rejoint-le-jury-des-imaginaires-strategiques-de-lihedn\/","name":"Virginie Tournay, CNRS bronze medalist, joins the IHEDN's Imaginaires Strat\u00e9giques jury - L'IHEDN : Institut des hautes \u00e9tudes de d\u00e9fense nationale (Institute for Higher Studies in National Defence)","isPartOf":{"@id":"https:\/\/ihedn.fr\/#website"},"primaryImageOfPage":{"@id":"https:\/\/ihedn.fr\/actualites-des-sessions\/les-imaginaires-strategiques\/virginie-tournay-medaille-de-bronze-du-cnrs-rejoint-le-jury-des-imaginaires-strategiques-de-lihedn\/#primaryimage"},"image":{"@id":"https:\/\/ihedn.fr\/actualites-des-sessions\/les-imaginaires-strategiques\/virginie-tournay-medaille-de-bronze-du-cnrs-rejoint-le-jury-des-imaginaires-strategiques-de-lihedn\/#primaryimage"},"thumbnailUrl":"https:\/\/ihedn.fr\/wp-content\/uploads\/2021\/03\/VirginieTournay.jpg","datePublished":"2021-03-15T09:00:48+00:00","dateModified":"2022-11-25T14:23:02+00:00","breadcrumb":{"@id":"https:\/\/ihedn.fr\/actualites-des-sessions\/les-imaginaires-strategiques\/virginie-tournay-medaille-de-bronze-du-cnrs-rejoint-le-jury-des-imaginaires-strategiques-de-lihedn\/#breadcrumb"},"inLanguage":"en-GB","potentialAction":[{"@type":"ReadAction","target":["https:\/\/ihedn.fr\/actualites-des-sessions\/les-imaginaires-strategiques\/virginie-tournay-medaille-de-bronze-du-cnrs-rejoint-le-jury-des-imaginaires-strategiques-de-lihedn\/"]}]},{"@type":"ImageObject","inLanguage":"en-GB","@id":"https:\/\/ihedn.fr\/actualites-des-sessions\/les-imaginaires-strategiques\/virginie-tournay-medaille-de-bronze-du-cnrs-rejoint-le-jury-des-imaginaires-strategiques-de-lihedn\/#primaryimage","url":"https:\/\/ihedn.fr\/wp-content\/uploads\/2021\/03\/VirginieTournay.jpg","contentUrl":"https:\/\/ihedn.fr\/wp-content\/uploads\/2021\/03\/VirginieTournay.jpg","width":950,"height":528,"caption":"Virginie Tournay m\u00e9daille de bronze du CNRS, rejoint le jury des Imaginaires Strat\u00e9giques de l\u2019IHEDN"},{"@type":"BreadcrumbList","@id":"https:\/\/ihedn.fr\/actualites-des-sessions\/les-imaginaires-strategiques\/virginie-tournay-medaille-de-bronze-du-cnrs-rejoint-le-jury-des-imaginaires-strategiques-de-lihedn\/#breadcrumb","itemListElement":[{"@type":"ListItem","position":1,"name":"Accueil","item":"https:\/\/ihedn.fr\/"},{"@type":"ListItem","position":2,"name":"Virginie Tournay, m\u00e9daille de bronze du CNRS, rejoint le jury des Imaginaires Strat\u00e9giques de l\u2019IHEDN"}]},{"@type":"WebSite","@id":"https:\/\/ihedn.fr\/#website","url":"https:\/\/ihedn.fr\/","name":"IHEDN: Institut des hautes \u00e9tudes de d\u00e9fense nationale (Institute for Higher National Defence Studies)","description":"Official website of the IHEDN under the supervision of the Prime Minister.","publisher":{"@id":"https:\/\/ihedn.fr\/#organization"},"potentialAction":[{"@type":"SearchAction","target":{"@type":"EntryPoint","urlTemplate":"https:\/\/ihedn.fr\/?s={search_term_string}"},"query-input":{"@type":"PropertyValueSpecification","valueRequired":true,"valueName":"search_term_string"}}],"inLanguage":"en-GB"},{"@type":"Organization","@id":"https:\/\/ihedn.fr\/#organization","name":"IHEDN - Institute for Higher National Defence Studies","url":"https:\/\/ihedn.fr\/","logo":{"@type":"ImageObject","inLanguage":"en-GB","@id":"https:\/\/ihedn.fr\/#\/schema\/logo\/image\/","url":"https:\/\/ihedn.fr\/wp-content\/uploads\/2020\/11\/BLOC_RF_IHEDN_WEB.png","contentUrl":"https:\/\/ihedn.fr\/wp-content\/uploads\/2020\/11\/BLOC_RF_IHEDN_WEB.png","width":500,"height":237,"caption":"IHEDN - Institut des Hautes Etudes de D\u00e9fense Nationale"},"image":{"@id":"https:\/\/ihedn.fr\/#\/schema\/logo\/image\/"},"sameAs":["https:\/\/www.facebook.com\/ihedn\/","https:\/\/x.com\/IHEDN","https:\/\/www.instagram.com\/ihedn\/","https:\/\/www.linkedin.com\/school\/ihedn\/","https:\/\/fr.wikipedia.org\/wiki\/Institut_des_hautes_\u00e9tudes_de_D\u00e9fense_nationale"]},{"@type":"Person","@id":"https:\/\/ihedn.fr\/#\/schema\/person\/7a40155595e4efb35323447cb8c8c5a4","name":"dev","image":{"@type":"ImageObject","inLanguage":"en-GB","@id":"https:\/\/secure.gravatar.com\/avatar\/f1ffcac9ca2fa95ad3ec33e9be3ade82f752acb0cabe541e56c5889225afa88a?s=96&d=mm&r=g","url":"https:\/\/secure.gravatar.com\/avatar\/f1ffcac9ca2fa95ad3ec33e9be3ade82f752acb0cabe541e56c5889225afa88a?s=96&d=mm&r=g","contentUrl":"https:\/\/secure.gravatar.com\/avatar\/f1ffcac9ca2fa95ad3ec33e9be3ade82f752acb0cabe541e56c5889225afa88a?s=96&d=mm&r=g","caption":"dev"},"sameAs":["https:\/\/ihedn.concilium.click"],"url":"https:\/\/ihedn.fr\/en\/author\/dev\/"}]}},"publishpress_future_action":{"enabled":false,"date":"2026-05-07 19:10:44","action":"change-status","newStatus":"draft","terms":[],"taxonomy":"category","extraData":[]},"publishpress_future_workflow_manual_trigger":{"enabledWorkflows":[]},"_links":{"self":[{"href":"https:\/\/ihedn.fr\/en\/wp-json\/wp\/v2\/posts\/9120","targetHints":{"allow":["GET"]}}],"collection":[{"href":"https:\/\/ihedn.fr\/en\/wp-json\/wp\/v2\/posts"}],"about":[{"href":"https:\/\/ihedn.fr\/en\/wp-json\/wp\/v2\/types\/post"}],"author":[{"embeddable":true,"href":"https:\/\/ihedn.fr\/en\/wp-json\/wp\/v2\/users\/1"}],"replies":[{"embeddable":true,"href":"https:\/\/ihedn.fr\/en\/wp-json\/wp\/v2\/comments?post=9120"}],"version-history":[{"count":5,"href":"https:\/\/ihedn.fr\/en\/wp-json\/wp\/v2\/posts\/9120\/revisions"}],"predecessor-version":[{"id":10110,"href":"https:\/\/ihedn.fr\/en\/wp-json\/wp\/v2\/posts\/9120\/revisions\/10110"}],"wp:featuredmedia":[{"embeddable":true,"href":"https:\/\/ihedn.fr\/en\/wp-json\/wp\/v2\/media\/9122"}],"wp:attachment":[{"href":"https:\/\/ihedn.fr\/en\/wp-json\/wp\/v2\/media?parent=9120"}],"wp:term":[{"taxonomy":"category","embeddable":true,"href":"https:\/\/ihedn.fr\/en\/wp-json\/wp\/v2\/categories?post=9120"},{"taxonomy":"post_tag","embeddable":true,"href":"https:\/\/ihedn.fr\/en\/wp-json\/wp\/v2\/tags?post=9120"}],"curies":[{"name":"wp","href":"https:\/\/api.w.org\/{rel}","templated":true}]}}