{"id":9383,"date":"2021-03-16T10:00:57","date_gmt":"2021-03-16T09:00:57","guid":{"rendered":"https:\/\/ihedn.fr\/?p=9383"},"modified":"2022-11-25T15:23:02","modified_gmt":"2022-11-25T14:23:02","slug":"la-covid-19-dans-les-hauts-de-france-confine-a-lecole-militaire-les-auditeurs-de-la-6e-session-nationale-enjeux-et-strategies-maritimes","status":"publish","type":"post","link":"https:\/\/ihedn.fr\/en\/notre-actualite\/la-covid-19-dans-les-hauts-de-france-confine-a-lecole-militaire-les-auditeurs-de-la-6e-session-nationale-enjeux-et-strategies-maritimes\/","title":{"rendered":"COVID-19 in the Hauts de France confines the audience of the 6th national session \"Maritime issues and strategies\" to the \u00c9cole Militaire"},"content":{"rendered":"<div data-elementor-type=\"wp-post\" data-elementor-id=\"9383\" class=\"elementor elementor-9383\" data-elementor-post-type=\"post\">\n\t\t\t\t\t\t<section data-particle_enable=\"false\" data-particle-mobile-disabled=\"false\" class=\"elementor-section elementor-top-section elementor-element elementor-element-006e3ec elementor-section-boxed elementor-section-height-default elementor-section-height-default\" data-id=\"006e3ec\" data-element_type=\"section\" data-e-type=\"section\">\n\t\t\t\t\t\t<div class=\"elementor-container elementor-column-gap-default\">\n\t\t\t\t\t<div class=\"elementor-column elementor-col-100 elementor-top-column elementor-element elementor-element-b3e26a9\" data-id=\"b3e26a9\" data-element_type=\"column\" data-e-type=\"column\">\n\t\t\t<div class=\"elementor-widget-wrap elementor-element-populated\">\n\t\t\t\t\t\t<div class=\"elementor-element elementor-element-ce52fa1 elementor-widget elementor-widget-text-editor\" data-id=\"ce52fa1\" data-element_type=\"widget\" data-e-type=\"widget\" data-widget_type=\"text-editor.default\">\n\t\t\t\t<div class=\"elementor-widget-container\">\n\t\t\t\t\t\t\t\t\t<p>Listeners to the 6<sup>e<\/sup> The IHEDN national session on \"Maritime issues and strategies\" took refuge at the \u00c9cole Militaire on 12 and 13 March for their seminar, which was normally scheduled to take place in the Hauts-de-France region, which has been hard hit by the Covid-19 pandemic. However, thanks to the involvement and adaptation of key players in the region and the use of videoconferencing, the participants were able to tackle almost all the subjects on the agenda.<\/p>\t\t\t\t\t\t\t\t<\/div>\n\t\t\t\t<\/div>\n\t\t\t\t\t<\/div>\n\t\t<\/div>\n\t\t\t\t\t<\/div>\n\t\t<\/section>\n\t\t\t\t<section data-particle_enable=\"false\" data-particle-mobile-disabled=\"false\" class=\"elementor-section elementor-top-section elementor-element elementor-element-6662b7f elementor-section-boxed elementor-section-height-default elementor-section-height-default\" data-id=\"6662b7f\" data-element_type=\"section\" data-e-type=\"section\">\n\t\t\t\t\t\t<div class=\"elementor-container elementor-column-gap-default\">\n\t\t\t\t\t<div class=\"elementor-column elementor-col-100 elementor-top-column elementor-element elementor-element-26fcc99\" data-id=\"26fcc99\" data-element_type=\"column\" data-e-type=\"column\">\n\t\t\t<div class=\"elementor-widget-wrap elementor-element-populated\">\n\t\t\t\t\t\t<div class=\"elementor-element elementor-element-c51edad elementor-widget elementor-widget-text-editor\" data-id=\"c51edad\" data-element_type=\"widget\" data-e-type=\"widget\" data-widget_type=\"text-editor.default\">\n\t\t\t\t<div class=\"elementor-widget-container\">\n\t\t\t\t\t\t\t\t\t<p>On Friday morning, Vice-Admiral Philippe Dutrieux, Maritime Prefect for the English Channel and the North Sea, presented the security and safety issues posed by the busiest shipping route in the world and the flow of migrants by sea in his area of responsibility. He also addressed the challenges facing a region of Europe that has been hard hit by Brexit, and those linked to spatial planning for particularly small maritime areas.<\/p>\t\t\t\t\t\t\t\t<\/div>\n\t\t\t\t<\/div>\n\t\t\t\t\t<\/div>\n\t\t<\/div>\n\t\t\t\t\t<\/div>\n\t\t<\/section>\n\t\t\t\t<section data-particle_enable=\"false\" data-particle-mobile-disabled=\"false\" class=\"elementor-section elementor-top-section elementor-element elementor-element-018e572 elementor-section-boxed elementor-section-height-default elementor-section-height-default\" data-id=\"018e572\" data-element_type=\"section\" data-e-type=\"section\">\n\t\t\t\t\t\t<div class=\"elementor-container elementor-column-gap-default\">\n\t\t\t\t\t<div class=\"elementor-column elementor-col-100 elementor-top-column elementor-element elementor-element-4df7d75\" data-id=\"4df7d75\" data-element_type=\"column\" data-e-type=\"column\">\n\t\t\t<div class=\"elementor-widget-wrap elementor-element-populated\">\n\t\t\t\t\t\t<div class=\"elementor-element elementor-element-b746a0f elementor-widget elementor-widget-image\" data-id=\"b746a0f\" data-element_type=\"widget\" data-e-type=\"widget\" data-widget_type=\"image.default\">\n\t\t\t\t<div class=\"elementor-widget-container\">\n\t\t\t\t\t\t\t\t\t\t\t\t<figure class=\"wp-caption\">\n\t\t\t\t\t\t\t\t\t\t<img fetchpriority=\"high\" decoding=\"async\" width=\"1369\" height=\"720\" src=\"https:\/\/ihedn.fr\/wp-content\/uploads\/2021\/03\/IHEDN-ESM-Hauts-de-France_01.jpg\" class=\"attachment-full size-full wp-image-9386\" alt=\"\u00a9 IHEDN | 6e ESM au s\u00e9minaire Hauts-de-France : les auditeurs attentifs aux propos du vice-amiral d\u2019escadre Philippe Dutrieux\" \/>\t\t\t\t\t\t\t\t\t\t\t<figcaption class=\"widget-image-caption wp-caption-text\">IHEDN | 6th ESM at the Hauts-de-France seminar: the audience listens attentively to the words of Vice-Admiral Philippe Dutrieux<\/figcaption>\n\t\t\t\t\t\t\t\t\t\t<\/figure>\n\t\t\t\t\t\t\t\t\t<\/div>\n\t\t\t\t<\/div>\n\t\t\t\t\t<\/div>\n\t\t<\/div>\n\t\t\t\t\t<\/div>\n\t\t<\/section>\n\t\t\t\t<section data-particle_enable=\"false\" data-particle-mobile-disabled=\"false\" class=\"elementor-section elementor-top-section elementor-element elementor-element-7254844 elementor-section-boxed elementor-section-height-default elementor-section-height-default\" data-id=\"7254844\" data-element_type=\"section\" data-e-type=\"section\">\n\t\t\t\t\t\t<div class=\"elementor-container elementor-column-gap-default\">\n\t\t\t\t\t<div class=\"elementor-column elementor-col-100 elementor-top-column elementor-element elementor-element-8ba195f\" data-id=\"8ba195f\" data-element_type=\"column\" data-e-type=\"column\">\n\t\t\t<div class=\"elementor-widget-wrap elementor-element-populated\">\n\t\t\t\t\t\t<div class=\"elementor-element elementor-element-9dd546f elementor-widget elementor-widget-text-editor\" data-id=\"9dd546f\" data-element_type=\"widget\" data-e-type=\"widget\" data-widget_type=\"text-editor.default\">\n\t\t\t\t<div class=\"elementor-widget-container\">\n\t\t\t\t\t\t\t\t\t<p>Daniel Deschodt, Acting Chairman of the Management Board of the Grand Port Maritime de Dunkerque (GPMD), went on to talk about the challenges facing Dunkerque - and other French ports - as they face up to international competition and boost activity and the associated jobs on French soil. The GPMD, now capable of handling the world's largest ships, is a good example of the long-term policy implemented in cooperation with the other ports in the Hauts-de-France region to capture added value and develop employment. This ambition is based on a circular economy strategy and the development of digital technology, while preserving biodiversity as part of a sustainable development approach.\u00a0\u00a0\u00a0<\/p>\t\t\t\t\t\t\t\t<\/div>\n\t\t\t\t<\/div>\n\t\t\t\t\t<\/div>\n\t\t<\/div>\n\t\t\t\t\t<\/div>\n\t\t<\/section>\n\t\t\t\t<section data-particle_enable=\"false\" data-particle-mobile-disabled=\"false\" class=\"elementor-section elementor-top-section elementor-element elementor-element-a109366 elementor-section-boxed elementor-section-height-default elementor-section-height-default\" data-id=\"a109366\" data-element_type=\"section\" data-e-type=\"section\">\n\t\t\t\t\t\t<div class=\"elementor-container elementor-column-gap-default\">\n\t\t\t\t\t<div class=\"elementor-column elementor-col-50 elementor-top-column elementor-element elementor-element-a08bbde\" data-id=\"a08bbde\" data-element_type=\"column\" data-e-type=\"column\">\n\t\t\t<div class=\"elementor-widget-wrap elementor-element-populated\">\n\t\t\t\t\t\t<div class=\"elementor-element elementor-element-47ef78b elementor-widget elementor-widget-text-editor\" data-id=\"47ef78b\" data-element_type=\"widget\" data-e-type=\"widget\" data-widget_type=\"text-editor.default\">\n\t\t\t\t<div class=\"elementor-widget-container\">\n\t\t\t\t\t\t\t\t\t<p>The auditors then virtually headed for Calais, where they were welcomed by V\u00e9ronique Deprez-Boudier, sub-prefect, surrounded by Philippe Suisse, deputy director of security for the port of Calais, Herv\u00e9 Derache, interdepartmental director of the border police, Mathilde Potel, deputy central commissioner of the Calais public security district, and Laurent Decovemacker, captain, second-in-command of the Calais maritime gendarmerie company.<\/p>\t\t\t\t\t\t\t\t<\/div>\n\t\t\t\t<\/div>\n\t\t\t\t<div class=\"elementor-element elementor-element-8cbd5c6 elementor-widget elementor-widget-text-editor\" data-id=\"8cbd5c6\" data-element_type=\"widget\" data-e-type=\"widget\" data-widget_type=\"text-editor.default\">\n\t\t\t\t<div class=\"elementor-widget-container\">\n\t\t\t\t\t\t\t\t\t<p>The round-table discussed the major challenges facing the city-port, particularly in relation to its proximity to the United Kingdom, Brexit and the strong pressure of illegal migration in the Strait of Calais. Thanks to this round-table discussion, listeners were able to discover the impressive installations designed to deter and detect any attempt at illegal intrusion. They were also able to appreciate the willingness of the French and British governments to cooperate in stemming this flow of migrants, who are particularly determined and prepared to risk their lives to cross the Channel.<\/p>\t\t\t\t\t\t\t\t<\/div>\n\t\t\t\t<\/div>\n\t\t\t\t\t<\/div>\n\t\t<\/div>\n\t\t\t\t<div class=\"elementor-column elementor-col-50 elementor-top-column elementor-element elementor-element-5a29212\" data-id=\"5a29212\" data-element_type=\"column\" data-e-type=\"column\">\n\t\t\t<div class=\"elementor-widget-wrap elementor-element-populated\">\n\t\t\t\t\t\t<div class=\"elementor-element elementor-element-215189e elementor-widget elementor-widget-image\" data-id=\"215189e\" data-element_type=\"widget\" data-e-type=\"widget\" data-widget_type=\"image.default\">\n\t\t\t\t<div class=\"elementor-widget-container\">\n\t\t\t\t\t\t\t\t\t\t\t\t<figure class=\"wp-caption\">\n\t\t\t\t\t\t\t\t\t\t<img decoding=\"async\" width=\"1071\" height=\"839\" src=\"https:\/\/ihedn.fr\/wp-content\/uploads\/2021\/03\/IHEDN-ESM-Hauts-de-France_02a.jpg\" class=\"attachment-full size-full wp-image-9411\" alt=\"\" \/>\t\t\t\t\t\t\t\t\t\t\t<figcaption class=\"widget-image-caption wp-caption-text\">Listeners watching V\u00e9ronique Deprez-Boudier, sub-prefect of Calais.<\/figcaption>\n\t\t\t\t\t\t\t\t\t\t<\/figure>\n\t\t\t\t\t\t\t\t\t<\/div>\n\t\t\t\t<\/div>\n\t\t\t\t\t<\/div>\n\t\t<\/div>\n\t\t\t\t\t<\/div>\n\t\t<\/section>\n\t\t\t\t<section data-particle_enable=\"false\" data-particle-mobile-disabled=\"false\" class=\"elementor-section elementor-top-section elementor-element elementor-element-34a89e9 elementor-section-boxed elementor-section-height-default elementor-section-height-default\" data-id=\"34a89e9\" data-element_type=\"section\" data-e-type=\"section\">\n\t\t\t\t\t\t<div class=\"elementor-container elementor-column-gap-default\">\n\t\t\t\t\t<div class=\"elementor-column elementor-col-100 elementor-top-column elementor-element elementor-element-64f6ed8\" data-id=\"64f6ed8\" data-element_type=\"column\" data-e-type=\"column\">\n\t\t\t<div class=\"elementor-widget-wrap elementor-element-populated\">\n\t\t\t\t\t\t<div class=\"elementor-element elementor-element-5f85b08 elementor-widget elementor-widget-text-editor\" data-id=\"5f85b08\" data-element_type=\"widget\" data-e-type=\"widget\" data-widget_type=\"text-editor.default\">\n\t\t\t\t<div class=\"elementor-widget-container\">\n\t\t\t\t\t\t\t\t\t<p>On Saturday, after a busy day the day before, the session welcomed Jean-Michel Thillier, inter-regional director of customs for Hauts-de-France and national Brexit coordinator for French customs. He had travelled specially to meet the audience. They were able to discover the \"smart border\" concept, invented by French customs and implemented with the United Kingdom, whose anticipation has enabled France to keep up with the times and maintain the flow of goods and passengers while ensuring the customs and health formalities imposed by Brexit.<\/p>\t\t\t\t\t\t\t\t<\/div>\n\t\t\t\t<\/div>\n\t\t\t\t\t<\/div>\n\t\t<\/div>\n\t\t\t\t\t<\/div>\n\t\t<\/section>\n\t\t\t\t<section data-particle_enable=\"false\" data-particle-mobile-disabled=\"false\" class=\"elementor-section elementor-top-section elementor-element elementor-element-23d1df8 elementor-section-boxed elementor-section-height-default elementor-section-height-default\" data-id=\"23d1df8\" data-element_type=\"section\" data-e-type=\"section\">\n\t\t\t\t\t\t<div class=\"elementor-container elementor-column-gap-default\">\n\t\t\t\t\t<div class=\"elementor-column elementor-col-100 elementor-top-column elementor-element elementor-element-a78c297\" data-id=\"a78c297\" data-element_type=\"column\" data-e-type=\"column\">\n\t\t\t<div class=\"elementor-widget-wrap elementor-element-populated\">\n\t\t\t\t\t\t<div class=\"elementor-element elementor-element-69f1e15 elementor-widget elementor-widget-image\" data-id=\"69f1e15\" data-element_type=\"widget\" data-e-type=\"widget\" data-widget_type=\"image.default\">\n\t\t\t\t<div class=\"elementor-widget-container\">\n\t\t\t\t\t\t\t\t\t\t\t\t<figure class=\"wp-caption\">\n\t\t\t\t\t\t\t\t\t\t<img decoding=\"async\" width=\"1369\" height=\"731\" src=\"https:\/\/ihedn.fr\/wp-content\/uploads\/2021\/03\/IHEDN-ESM-Hauts-de-France_03.jpg\" class=\"attachment-full size-full wp-image-9388\" alt=\"\u00a9 IHEDN | 6e ESM au s\u00e9minaire Hauts-de-France : Jean-Michel Thillier s\u2019adressant aux auditeurs\" \/>\t\t\t\t\t\t\t\t\t\t\t<figcaption class=\"widget-image-caption wp-caption-text\">IHEDN | 6th ESM at the Hauts-de-France seminar: Jean-Michel Thillier addressing the audience<\/figcaption>\n\t\t\t\t\t\t\t\t\t\t<\/figure>\n\t\t\t\t\t\t\t\t\t<\/div>\n\t\t\t\t<\/div>\n\t\t\t\t\t<\/div>\n\t\t<\/div>\n\t\t\t\t\t<\/div>\n\t\t<\/section>\n\t\t\t\t<section data-particle_enable=\"false\" data-particle-mobile-disabled=\"false\" class=\"elementor-section elementor-top-section elementor-element elementor-element-c2565ee elementor-section-boxed elementor-section-height-default elementor-section-height-default\" data-id=\"c2565ee\" data-element_type=\"section\" data-e-type=\"section\">\n\t\t\t\t\t\t<div class=\"elementor-container elementor-column-gap-default\">\n\t\t\t\t\t<div class=\"elementor-column elementor-col-100 elementor-top-column elementor-element elementor-element-071c54e\" data-id=\"071c54e\" data-element_type=\"column\" data-e-type=\"column\">\n\t\t\t<div class=\"elementor-widget-wrap elementor-element-populated\">\n\t\t\t\t\t\t<div class=\"elementor-element elementor-element-cda0464 elementor-widget elementor-widget-text-editor\" data-id=\"cda0464\" data-element_type=\"widget\" data-e-type=\"widget\" data-widget_type=\"text-editor.default\">\n\t\t\t\t<div class=\"elementor-widget-container\">\n\t\t\t\t\t\t\t\t\t<p>The morning ended on a high note with a speech by Commissaire G\u00e9n\u00e9ral Vincent Campredon, Director of the Mus\u00e9e de la Marine, who showed the audience how, in the global approach adopted by the IHEDN, cultural issues relating to the sea are at the heart of maritime issues. In this context, the ongoing renovation of the Mus\u00e9e de la Marine will help to disseminate these issues throughout French society, in particular by raising awareness among young people of the extent to which the future of our planet depends on the seas and oceans.\u00a0\u00a0<\/p>\t\t\t\t\t\t\t\t<\/div>\n\t\t\t\t<\/div>\n\t\t\t\t\t<\/div>\n\t\t<\/div>\n\t\t\t\t\t<\/div>\n\t\t<\/section>\n\t\t\t\t<section data-particle_enable=\"false\" data-particle-mobile-disabled=\"false\" class=\"elementor-section elementor-top-section elementor-element elementor-element-1946e8d elementor-section-boxed elementor-section-height-default elementor-section-height-default\" data-id=\"1946e8d\" data-element_type=\"section\" data-e-type=\"section\">\n\t\t\t\t\t\t<div class=\"elementor-container elementor-column-gap-default\">\n\t\t\t\t\t<div class=\"elementor-column elementor-col-100 elementor-top-column elementor-element elementor-element-5f3bca4\" data-id=\"5f3bca4\" data-element_type=\"column\" data-e-type=\"column\">\n\t\t\t<div class=\"elementor-widget-wrap elementor-element-populated\">\n\t\t\t\t\t\t<div class=\"elementor-element elementor-element-83c80ff elementor-widget elementor-widget-image\" data-id=\"83c80ff\" data-element_type=\"widget\" data-e-type=\"widget\" data-widget_type=\"image.default\">\n\t\t\t\t<div class=\"elementor-widget-container\">\n\t\t\t\t\t\t\t\t\t\t\t\t<figure class=\"wp-caption\">\n\t\t\t\t\t\t\t\t\t\t<img loading=\"lazy\" decoding=\"async\" width=\"1369\" height=\"818\" src=\"https:\/\/ihedn.fr\/wp-content\/uploads\/2021\/03\/IHEDN-ESM-Hauts-de-France_04.jpg\" class=\"attachment-full size-full wp-image-9385\" alt=\"\u00a9 IHEDN | 6e ESM au s\u00e9minaire Hauts-de-France : le Commissaire g\u00e9n\u00e9ral de la Marine Vincent Campredon en plein d\u00e9bat avec les auditeurs\" \/>\t\t\t\t\t\t\t\t\t\t\t<figcaption class=\"widget-image-caption wp-caption-text\">IHEDN | 6th ESM at the Hauts-de-France seminar: Vincent Campredon, Chief of the Navy, debates with auditors<\/figcaption>\n\t\t\t\t\t\t\t\t\t\t<\/figure>\n\t\t\t\t\t\t\t\t\t<\/div>\n\t\t\t\t<\/div>\n\t\t\t\t\t<\/div>\n\t\t<\/div>\n\t\t\t\t\t<\/div>\n\t\t<\/section>\n\t\t\t\t<section data-particle_enable=\"false\" data-particle-mobile-disabled=\"false\" class=\"elementor-section elementor-top-section elementor-element elementor-element-dd9d45b elementor-section-boxed elementor-section-height-default elementor-section-height-default\" data-id=\"dd9d45b\" data-element_type=\"section\" data-e-type=\"section\">\n\t\t\t\t\t\t<div class=\"elementor-container elementor-column-gap-default\">\n\t\t\t\t\t<div class=\"elementor-column elementor-col-100 elementor-top-column elementor-element elementor-element-3882639\" data-id=\"3882639\" data-element_type=\"column\" data-e-type=\"column\">\n\t\t\t<div class=\"elementor-widget-wrap elementor-element-populated\">\n\t\t\t\t\t\t<div class=\"elementor-element elementor-element-062365a elementor-widget elementor-widget-text-editor\" data-id=\"062365a\" data-element_type=\"widget\" data-e-type=\"widget\" data-widget_type=\"text-editor.default\">\n\t\t\t\t<div class=\"elementor-widget-container\">\n\t\t\t\t\t\t\t\t\t<p>Finally, Saturday afternoon was an opportunity for listeners to get back to drafting their committee work on sovereignty in the maritime domain. Despite the legitimate disappointment of not having been able to attend the Boulogne sur Mer fish auction or visit the ports of Dunkirk and Calais, the participants were very happy to be together and, beyond the regret of leaving each other after two days gone by too quickly, are already looking forward to meeting up again at the next seminar.<\/p>\t\t\t\t\t\t\t\t<\/div>\n\t\t\t\t<\/div>\n\t\t\t\t\t<\/div>\n\t\t<\/div>\n\t\t\t\t\t<\/div>\n\t\t<\/section>\n\t\t\t\t<\/div>","protected":false},"excerpt":{"rendered":"<p>Les auditeurs de la 6e session nationale \u00ab Enjeux et strat\u00e9gies maritimes \u00bb de l\u2019IHEDN ont trouv\u00e9 refuge les 12 et 13 mars \u00e0 l\u2019\u00c9cole Militaire pour leur s\u00e9minaire normalement pr\u00e9vu dans des Hauts-de-France, durement frapp\u00e9s par la pand\u00e9mie de la Covid-19. Toutefois, gr\u00e2ce \u00e0 l\u2019implication et l\u2019adaptation de grands acteurs de cette r\u00e9gion ainsi [&hellip;]<\/p>\n","protected":false},"author":1,"featured_media":9386,"comment_status":"closed","ping_status":"closed","sticky":false,"template":"","format":"standard","meta":{"footnotes":""},"categories":[172],"tags":[],"class_list":["post-9383","post","type-post","status-publish","format-standard","has-post-thumbnail","hentry","category-notre-actualite"],"yoast_head":"<!-- This site is optimized with the Yoast SEO plugin v27.5 - https:\/\/yoast.com\/product\/yoast-seo-wordpress\/ -->\n<title>La COVID-19 dans les Hauts de France confine \u00e0 l\u2019\u00c9cole Militaire les auditeurs de la 6e session nationale \u201cEnjeux et strat\u00e9gies maritimes\u201d - L&#039;IHEDN : Institut des hautes \u00e9tudes de d\u00e9fense nationale<\/title>\n<meta name=\"robots\" content=\"index, follow, max-snippet:-1, max-image-preview:large, max-video-preview:-1\" \/>\n<link rel=\"canonical\" href=\"https:\/\/ihedn.fr\/en\/actualites-des-sessions\/la-covid-19-dans-les-hauts-de-france-confine-a-lecole-militaire-les-auditeurs-de-la-6e-session-nationale-enjeux-et-strategies-maritimes\/\" \/>\n<meta property=\"og:locale\" content=\"en_GB\" \/>\n<meta property=\"og:type\" content=\"article\" \/>\n<meta property=\"og:title\" content=\"La COVID-19 dans les Hauts de France confine \u00e0 l\u2019\u00c9cole Militaire les auditeurs de la 6e session nationale \u201cEnjeux et strat\u00e9gies maritimes\u201d - L&#039;IHEDN : Institut des hautes \u00e9tudes de d\u00e9fense nationale\" \/>\n<meta property=\"og:description\" content=\"Les auditeurs de la 6e session nationale \u00ab Enjeux et strat\u00e9gies maritimes \u00bb de l\u2019IHEDN ont trouv\u00e9 refuge les 12 et 13 mars \u00e0 l\u2019\u00c9cole Militaire pour leur s\u00e9minaire normalement pr\u00e9vu dans des Hauts-de-France, durement frapp\u00e9s par la pand\u00e9mie de la Covid-19. Toutefois, gr\u00e2ce \u00e0 l\u2019implication et l\u2019adaptation de grands acteurs de cette r\u00e9gion ainsi [&hellip;]\" \/>\n<meta property=\"og:url\" content=\"https:\/\/ihedn.fr\/en\/actualites-des-sessions\/la-covid-19-dans-les-hauts-de-france-confine-a-lecole-militaire-les-auditeurs-de-la-6e-session-nationale-enjeux-et-strategies-maritimes\/\" \/>\n<meta property=\"og:site_name\" content=\"L&#039;IHEDN : Institut des hautes \u00e9tudes de d\u00e9fense nationale\" \/>\n<meta property=\"article:publisher\" content=\"https:\/\/www.facebook.com\/ihedn\/\" \/>\n<meta property=\"article:published_time\" content=\"2021-03-16T09:00:57+00:00\" \/>\n<meta property=\"article:modified_time\" content=\"2022-11-25T14:23:02+00:00\" \/>\n<meta property=\"og:image\" content=\"https:\/\/ihedn.fr\/wp-content\/uploads\/2021\/03\/IHEDN-ESM-Hauts-de-France_01.jpg\" \/>\n\t<meta property=\"og:image:width\" content=\"1369\" \/>\n\t<meta property=\"og:image:height\" content=\"720\" \/>\n\t<meta property=\"og:image:type\" content=\"image\/jpeg\" \/>\n<meta name=\"author\" content=\"dev\" \/>\n<meta name=\"twitter:card\" content=\"summary_large_image\" \/>\n<meta name=\"twitter:creator\" content=\"@IHEDN\" \/>\n<meta name=\"twitter:site\" content=\"@IHEDN\" \/>\n<meta name=\"twitter:label1\" content=\"Written by\" \/>\n\t<meta name=\"twitter:data1\" content=\"dev\" \/>\n\t<meta name=\"twitter:label2\" content=\"Estimated reading time\" \/>\n\t<meta name=\"twitter:data2\" content=\"5 minutes\" \/>\n<script type=\"application\/ld+json\" class=\"yoast-schema-graph\">{\"@context\":\"https:\\\/\\\/schema.org\",\"@graph\":[{\"@type\":\"Article\",\"@id\":\"https:\\\/\\\/ihedn.fr\\\/actualites-des-sessions\\\/la-covid-19-dans-les-hauts-de-france-confine-a-lecole-militaire-les-auditeurs-de-la-6e-session-nationale-enjeux-et-strategies-maritimes\\\/#article\",\"isPartOf\":{\"@id\":\"https:\\\/\\\/ihedn.fr\\\/actualites-des-sessions\\\/la-covid-19-dans-les-hauts-de-france-confine-a-lecole-militaire-les-auditeurs-de-la-6e-session-nationale-enjeux-et-strategies-maritimes\\\/\"},\"author\":{\"name\":\"dev\",\"@id\":\"https:\\\/\\\/ihedn.fr\\\/#\\\/schema\\\/person\\\/7a40155595e4efb35323447cb8c8c5a4\"},\"headline\":\"La COVID-19 dans les Hauts de France confine \u00e0 l\u2019\u00c9cole Militaire les auditeurs de la 6e session nationale \u201cEnjeux et strat\u00e9gies maritimes\u201d\",\"datePublished\":\"2021-03-16T09:00:57+00:00\",\"dateModified\":\"2022-11-25T14:23:02+00:00\",\"mainEntityOfPage\":{\"@id\":\"https:\\\/\\\/ihedn.fr\\\/actualites-des-sessions\\\/la-covid-19-dans-les-hauts-de-france-confine-a-lecole-militaire-les-auditeurs-de-la-6e-session-nationale-enjeux-et-strategies-maritimes\\\/\"},\"wordCount\":886,\"publisher\":{\"@id\":\"https:\\\/\\\/ihedn.fr\\\/#organization\"},\"image\":{\"@id\":\"https:\\\/\\\/ihedn.fr\\\/actualites-des-sessions\\\/la-covid-19-dans-les-hauts-de-france-confine-a-lecole-militaire-les-auditeurs-de-la-6e-session-nationale-enjeux-et-strategies-maritimes\\\/#primaryimage\"},\"thumbnailUrl\":\"https:\\\/\\\/ihedn.fr\\\/wp-content\\\/uploads\\\/2021\\\/03\\\/IHEDN-ESM-Hauts-de-France_01.jpg\",\"articleSection\":[\"Notre actualit\u00e9\"],\"inLanguage\":\"en-GB\"},{\"@type\":\"WebPage\",\"@id\":\"https:\\\/\\\/ihedn.fr\\\/actualites-des-sessions\\\/la-covid-19-dans-les-hauts-de-france-confine-a-lecole-militaire-les-auditeurs-de-la-6e-session-nationale-enjeux-et-strategies-maritimes\\\/\",\"url\":\"https:\\\/\\\/ihedn.fr\\\/actualites-des-sessions\\\/la-covid-19-dans-les-hauts-de-france-confine-a-lecole-militaire-les-auditeurs-de-la-6e-session-nationale-enjeux-et-strategies-maritimes\\\/\",\"name\":\"La COVID-19 dans les Hauts de France confine \u00e0 l\u2019\u00c9cole Militaire les auditeurs de la 6e session nationale \u201cEnjeux et strat\u00e9gies maritimes\u201d - L&#039;IHEDN : Institut des hautes \u00e9tudes de d\u00e9fense nationale\",\"isPartOf\":{\"@id\":\"https:\\\/\\\/ihedn.fr\\\/#website\"},\"primaryImageOfPage\":{\"@id\":\"https:\\\/\\\/ihedn.fr\\\/actualites-des-sessions\\\/la-covid-19-dans-les-hauts-de-france-confine-a-lecole-militaire-les-auditeurs-de-la-6e-session-nationale-enjeux-et-strategies-maritimes\\\/#primaryimage\"},\"image\":{\"@id\":\"https:\\\/\\\/ihedn.fr\\\/actualites-des-sessions\\\/la-covid-19-dans-les-hauts-de-france-confine-a-lecole-militaire-les-auditeurs-de-la-6e-session-nationale-enjeux-et-strategies-maritimes\\\/#primaryimage\"},\"thumbnailUrl\":\"https:\\\/\\\/ihedn.fr\\\/wp-content\\\/uploads\\\/2021\\\/03\\\/IHEDN-ESM-Hauts-de-France_01.jpg\",\"datePublished\":\"2021-03-16T09:00:57+00:00\",\"dateModified\":\"2022-11-25T14:23:02+00:00\",\"breadcrumb\":{\"@id\":\"https:\\\/\\\/ihedn.fr\\\/actualites-des-sessions\\\/la-covid-19-dans-les-hauts-de-france-confine-a-lecole-militaire-les-auditeurs-de-la-6e-session-nationale-enjeux-et-strategies-maritimes\\\/#breadcrumb\"},\"inLanguage\":\"en-GB\",\"potentialAction\":[{\"@type\":\"ReadAction\",\"target\":[\"https:\\\/\\\/ihedn.fr\\\/actualites-des-sessions\\\/la-covid-19-dans-les-hauts-de-france-confine-a-lecole-militaire-les-auditeurs-de-la-6e-session-nationale-enjeux-et-strategies-maritimes\\\/\"]}]},{\"@type\":\"ImageObject\",\"inLanguage\":\"en-GB\",\"@id\":\"https:\\\/\\\/ihedn.fr\\\/actualites-des-sessions\\\/la-covid-19-dans-les-hauts-de-france-confine-a-lecole-militaire-les-auditeurs-de-la-6e-session-nationale-enjeux-et-strategies-maritimes\\\/#primaryimage\",\"url\":\"https:\\\/\\\/ihedn.fr\\\/wp-content\\\/uploads\\\/2021\\\/03\\\/IHEDN-ESM-Hauts-de-France_01.jpg\",\"contentUrl\":\"https:\\\/\\\/ihedn.fr\\\/wp-content\\\/uploads\\\/2021\\\/03\\\/IHEDN-ESM-Hauts-de-France_01.jpg\",\"width\":1369,\"height\":720,\"caption\":\"\u00a9 IHEDN | 6e ESM au s\u00e9minaire Hauts-de-France : les auditeurs attentifs aux propos du vice-amiral d\u2019escadre Philippe Dutrieux\"},{\"@type\":\"BreadcrumbList\",\"@id\":\"https:\\\/\\\/ihedn.fr\\\/actualites-des-sessions\\\/la-covid-19-dans-les-hauts-de-france-confine-a-lecole-militaire-les-auditeurs-de-la-6e-session-nationale-enjeux-et-strategies-maritimes\\\/#breadcrumb\",\"itemListElement\":[{\"@type\":\"ListItem\",\"position\":1,\"name\":\"Accueil\",\"item\":\"https:\\\/\\\/ihedn.fr\\\/\"},{\"@type\":\"ListItem\",\"position\":2,\"name\":\"La COVID-19 dans les Hauts de France confine \u00e0 l\u2019\u00c9cole Militaire les auditeurs de la 6e session nationale \u201cEnjeux et strat\u00e9gies maritimes\u201d\"}]},{\"@type\":\"WebSite\",\"@id\":\"https:\\\/\\\/ihedn.fr\\\/#website\",\"url\":\"https:\\\/\\\/ihedn.fr\\\/\",\"name\":\"IHEDN : Institut des hautes \u00e9tudes de d\u00e9fense nationale |\",\"description\":\"Site officiel de l&#039;IHEDN plac\u00e9 sous la tutelle du Premier ministre.\",\"publisher\":{\"@id\":\"https:\\\/\\\/ihedn.fr\\\/#organization\"},\"potentialAction\":[{\"@type\":\"SearchAction\",\"target\":{\"@type\":\"EntryPoint\",\"urlTemplate\":\"https:\\\/\\\/ihedn.fr\\\/?s={search_term_string}\"},\"query-input\":{\"@type\":\"PropertyValueSpecification\",\"valueRequired\":true,\"valueName\":\"search_term_string\"}}],\"inLanguage\":\"en-GB\"},{\"@type\":\"Organization\",\"@id\":\"https:\\\/\\\/ihedn.fr\\\/#organization\",\"name\":\"IHEDN - Institut des Hautes Etudes de D\u00e9fense Nationale\",\"url\":\"https:\\\/\\\/ihedn.fr\\\/\",\"logo\":{\"@type\":\"ImageObject\",\"inLanguage\":\"en-GB\",\"@id\":\"https:\\\/\\\/ihedn.fr\\\/#\\\/schema\\\/logo\\\/image\\\/\",\"url\":\"https:\\\/\\\/ihedn.fr\\\/wp-content\\\/uploads\\\/2020\\\/11\\\/BLOC_RF_IHEDN_WEB.png\",\"contentUrl\":\"https:\\\/\\\/ihedn.fr\\\/wp-content\\\/uploads\\\/2020\\\/11\\\/BLOC_RF_IHEDN_WEB.png\",\"width\":500,\"height\":237,\"caption\":\"IHEDN - Institut des Hautes Etudes de D\u00e9fense Nationale\"},\"image\":{\"@id\":\"https:\\\/\\\/ihedn.fr\\\/#\\\/schema\\\/logo\\\/image\\\/\"},\"sameAs\":[\"https:\\\/\\\/www.facebook.com\\\/ihedn\\\/\",\"https:\\\/\\\/x.com\\\/IHEDN\",\"https:\\\/\\\/www.instagram.com\\\/ihedn\\\/\",\"https:\\\/\\\/www.linkedin.com\\\/school\\\/ihedn\\\/\",\"https:\\\/\\\/fr.wikipedia.org\\\/wiki\\\/Institut_des_hautes_\u00e9tudes_de_D\u00e9fense_nationale\"]},{\"@type\":\"Person\",\"@id\":\"https:\\\/\\\/ihedn.fr\\\/#\\\/schema\\\/person\\\/7a40155595e4efb35323447cb8c8c5a4\",\"name\":\"dev\",\"image\":{\"@type\":\"ImageObject\",\"inLanguage\":\"en-GB\",\"@id\":\"https:\\\/\\\/secure.gravatar.com\\\/avatar\\\/f1ffcac9ca2fa95ad3ec33e9be3ade82f752acb0cabe541e56c5889225afa88a?s=96&d=mm&r=g\",\"url\":\"https:\\\/\\\/secure.gravatar.com\\\/avatar\\\/f1ffcac9ca2fa95ad3ec33e9be3ade82f752acb0cabe541e56c5889225afa88a?s=96&d=mm&r=g\",\"contentUrl\":\"https:\\\/\\\/secure.gravatar.com\\\/avatar\\\/f1ffcac9ca2fa95ad3ec33e9be3ade82f752acb0cabe541e56c5889225afa88a?s=96&d=mm&r=g\",\"caption\":\"dev\"},\"sameAs\":[\"https:\\\/\\\/ihedn.concilium.click\"],\"url\":\"https:\\\/\\\/ihedn.fr\\\/en\\\/author\\\/dev\\\/\"}]}<\/script>\n<!-- \/ Yoast SEO plugin. -->","yoast_head_json":{"title":"COVID-19 in the Hauts de France confines auditors of the 6th national session \"Maritime issues and strategies\" to the \u00c9cole Militaire - L'IHEDN : Institut des hautes \u00e9tudes de d\u00e9fense nationale (French Institute for Advanced Studies in National Defence)","robots":{"index":"index","follow":"follow","max-snippet":"max-snippet:-1","max-image-preview":"max-image-preview:large","max-video-preview":"max-video-preview:-1"},"canonical":"https:\/\/ihedn.fr\/en\/actualites-des-sessions\/la-covid-19-dans-les-hauts-de-france-confine-a-lecole-militaire-les-auditeurs-de-la-6e-session-nationale-enjeux-et-strategies-maritimes\/","og_locale":"en_GB","og_type":"article","og_title":"La COVID-19 dans les Hauts de France confine \u00e0 l\u2019\u00c9cole Militaire les auditeurs de la 6e session nationale \u201cEnjeux et strat\u00e9gies maritimes\u201d - L&#039;IHEDN : Institut des hautes \u00e9tudes de d\u00e9fense nationale","og_description":"Les auditeurs de la 6e session nationale \u00ab Enjeux et strat\u00e9gies maritimes \u00bb de l\u2019IHEDN ont trouv\u00e9 refuge les 12 et 13 mars \u00e0 l\u2019\u00c9cole Militaire pour leur s\u00e9minaire normalement pr\u00e9vu dans des Hauts-de-France, durement frapp\u00e9s par la pand\u00e9mie de la Covid-19. Toutefois, gr\u00e2ce \u00e0 l\u2019implication et l\u2019adaptation de grands acteurs de cette r\u00e9gion ainsi [&hellip;]","og_url":"https:\/\/ihedn.fr\/en\/actualites-des-sessions\/la-covid-19-dans-les-hauts-de-france-confine-a-lecole-militaire-les-auditeurs-de-la-6e-session-nationale-enjeux-et-strategies-maritimes\/","og_site_name":"L&#039;IHEDN : Institut des hautes \u00e9tudes de d\u00e9fense nationale","article_publisher":"https:\/\/www.facebook.com\/ihedn\/","article_published_time":"2021-03-16T09:00:57+00:00","article_modified_time":"2022-11-25T14:23:02+00:00","og_image":[{"width":1369,"height":720,"url":"https:\/\/ihedn.fr\/wp-content\/uploads\/2021\/03\/IHEDN-ESM-Hauts-de-France_01.jpg","type":"image\/jpeg"}],"author":"dev","twitter_card":"summary_large_image","twitter_creator":"@IHEDN","twitter_site":"@IHEDN","twitter_misc":{"Written by":"dev","Estimated reading time":"5 minutes"},"schema":{"@context":"https:\/\/schema.org","@graph":[{"@type":"Article","@id":"https:\/\/ihedn.fr\/actualites-des-sessions\/la-covid-19-dans-les-hauts-de-france-confine-a-lecole-militaire-les-auditeurs-de-la-6e-session-nationale-enjeux-et-strategies-maritimes\/#article","isPartOf":{"@id":"https:\/\/ihedn.fr\/actualites-des-sessions\/la-covid-19-dans-les-hauts-de-france-confine-a-lecole-militaire-les-auditeurs-de-la-6e-session-nationale-enjeux-et-strategies-maritimes\/"},"author":{"name":"dev","@id":"https:\/\/ihedn.fr\/#\/schema\/person\/7a40155595e4efb35323447cb8c8c5a4"},"headline":"La COVID-19 dans les Hauts de France confine \u00e0 l\u2019\u00c9cole Militaire les auditeurs de la 6e session nationale \u201cEnjeux et strat\u00e9gies maritimes\u201d","datePublished":"2021-03-16T09:00:57+00:00","dateModified":"2022-11-25T14:23:02+00:00","mainEntityOfPage":{"@id":"https:\/\/ihedn.fr\/actualites-des-sessions\/la-covid-19-dans-les-hauts-de-france-confine-a-lecole-militaire-les-auditeurs-de-la-6e-session-nationale-enjeux-et-strategies-maritimes\/"},"wordCount":886,"publisher":{"@id":"https:\/\/ihedn.fr\/#organization"},"image":{"@id":"https:\/\/ihedn.fr\/actualites-des-sessions\/la-covid-19-dans-les-hauts-de-france-confine-a-lecole-militaire-les-auditeurs-de-la-6e-session-nationale-enjeux-et-strategies-maritimes\/#primaryimage"},"thumbnailUrl":"https:\/\/ihedn.fr\/wp-content\/uploads\/2021\/03\/IHEDN-ESM-Hauts-de-France_01.jpg","articleSection":["Notre actualit\u00e9"],"inLanguage":"en-GB"},{"@type":"WebPage","@id":"https:\/\/ihedn.fr\/actualites-des-sessions\/la-covid-19-dans-les-hauts-de-france-confine-a-lecole-militaire-les-auditeurs-de-la-6e-session-nationale-enjeux-et-strategies-maritimes\/","url":"https:\/\/ihedn.fr\/actualites-des-sessions\/la-covid-19-dans-les-hauts-de-france-confine-a-lecole-militaire-les-auditeurs-de-la-6e-session-nationale-enjeux-et-strategies-maritimes\/","name":"COVID-19 in the Hauts de France confines auditors of the 6th national session \"Maritime issues and strategies\" to the \u00c9cole Militaire - L'IHEDN : Institut des hautes \u00e9tudes de d\u00e9fense nationale (French Institute for Advanced Studies in National Defence)","isPartOf":{"@id":"https:\/\/ihedn.fr\/#website"},"primaryImageOfPage":{"@id":"https:\/\/ihedn.fr\/actualites-des-sessions\/la-covid-19-dans-les-hauts-de-france-confine-a-lecole-militaire-les-auditeurs-de-la-6e-session-nationale-enjeux-et-strategies-maritimes\/#primaryimage"},"image":{"@id":"https:\/\/ihedn.fr\/actualites-des-sessions\/la-covid-19-dans-les-hauts-de-france-confine-a-lecole-militaire-les-auditeurs-de-la-6e-session-nationale-enjeux-et-strategies-maritimes\/#primaryimage"},"thumbnailUrl":"https:\/\/ihedn.fr\/wp-content\/uploads\/2021\/03\/IHEDN-ESM-Hauts-de-France_01.jpg","datePublished":"2021-03-16T09:00:57+00:00","dateModified":"2022-11-25T14:23:02+00:00","breadcrumb":{"@id":"https:\/\/ihedn.fr\/actualites-des-sessions\/la-covid-19-dans-les-hauts-de-france-confine-a-lecole-militaire-les-auditeurs-de-la-6e-session-nationale-enjeux-et-strategies-maritimes\/#breadcrumb"},"inLanguage":"en-GB","potentialAction":[{"@type":"ReadAction","target":["https:\/\/ihedn.fr\/actualites-des-sessions\/la-covid-19-dans-les-hauts-de-france-confine-a-lecole-militaire-les-auditeurs-de-la-6e-session-nationale-enjeux-et-strategies-maritimes\/"]}]},{"@type":"ImageObject","inLanguage":"en-GB","@id":"https:\/\/ihedn.fr\/actualites-des-sessions\/la-covid-19-dans-les-hauts-de-france-confine-a-lecole-militaire-les-auditeurs-de-la-6e-session-nationale-enjeux-et-strategies-maritimes\/#primaryimage","url":"https:\/\/ihedn.fr\/wp-content\/uploads\/2021\/03\/IHEDN-ESM-Hauts-de-France_01.jpg","contentUrl":"https:\/\/ihedn.fr\/wp-content\/uploads\/2021\/03\/IHEDN-ESM-Hauts-de-France_01.jpg","width":1369,"height":720,"caption":"\u00a9 IHEDN | 6e ESM au s\u00e9minaire Hauts-de-France : les auditeurs attentifs aux propos du vice-amiral d\u2019escadre Philippe Dutrieux"},{"@type":"BreadcrumbList","@id":"https:\/\/ihedn.fr\/actualites-des-sessions\/la-covid-19-dans-les-hauts-de-france-confine-a-lecole-militaire-les-auditeurs-de-la-6e-session-nationale-enjeux-et-strategies-maritimes\/#breadcrumb","itemListElement":[{"@type":"ListItem","position":1,"name":"Accueil","item":"https:\/\/ihedn.fr\/"},{"@type":"ListItem","position":2,"name":"La COVID-19 dans les Hauts de France confine \u00e0 l\u2019\u00c9cole Militaire les auditeurs de la 6e session nationale \u201cEnjeux et strat\u00e9gies maritimes\u201d"}]},{"@type":"WebSite","@id":"https:\/\/ihedn.fr\/#website","url":"https:\/\/ihedn.fr\/","name":"IHEDN: Institut des hautes \u00e9tudes de d\u00e9fense nationale (Institute for Higher National Defence Studies)","description":"Official website of the IHEDN under the supervision of the Prime Minister.","publisher":{"@id":"https:\/\/ihedn.fr\/#organization"},"potentialAction":[{"@type":"SearchAction","target":{"@type":"EntryPoint","urlTemplate":"https:\/\/ihedn.fr\/?s={search_term_string}"},"query-input":{"@type":"PropertyValueSpecification","valueRequired":true,"valueName":"search_term_string"}}],"inLanguage":"en-GB"},{"@type":"Organization","@id":"https:\/\/ihedn.fr\/#organization","name":"IHEDN - Institute for Higher National Defence Studies","url":"https:\/\/ihedn.fr\/","logo":{"@type":"ImageObject","inLanguage":"en-GB","@id":"https:\/\/ihedn.fr\/#\/schema\/logo\/image\/","url":"https:\/\/ihedn.fr\/wp-content\/uploads\/2020\/11\/BLOC_RF_IHEDN_WEB.png","contentUrl":"https:\/\/ihedn.fr\/wp-content\/uploads\/2020\/11\/BLOC_RF_IHEDN_WEB.png","width":500,"height":237,"caption":"IHEDN - Institut des Hautes Etudes de D\u00e9fense Nationale"},"image":{"@id":"https:\/\/ihedn.fr\/#\/schema\/logo\/image\/"},"sameAs":["https:\/\/www.facebook.com\/ihedn\/","https:\/\/x.com\/IHEDN","https:\/\/www.instagram.com\/ihedn\/","https:\/\/www.linkedin.com\/school\/ihedn\/","https:\/\/fr.wikipedia.org\/wiki\/Institut_des_hautes_\u00e9tudes_de_D\u00e9fense_nationale"]},{"@type":"Person","@id":"https:\/\/ihedn.fr\/#\/schema\/person\/7a40155595e4efb35323447cb8c8c5a4","name":"dev","image":{"@type":"ImageObject","inLanguage":"en-GB","@id":"https:\/\/secure.gravatar.com\/avatar\/f1ffcac9ca2fa95ad3ec33e9be3ade82f752acb0cabe541e56c5889225afa88a?s=96&d=mm&r=g","url":"https:\/\/secure.gravatar.com\/avatar\/f1ffcac9ca2fa95ad3ec33e9be3ade82f752acb0cabe541e56c5889225afa88a?s=96&d=mm&r=g","contentUrl":"https:\/\/secure.gravatar.com\/avatar\/f1ffcac9ca2fa95ad3ec33e9be3ade82f752acb0cabe541e56c5889225afa88a?s=96&d=mm&r=g","caption":"dev"},"sameAs":["https:\/\/ihedn.concilium.click"],"url":"https:\/\/ihedn.fr\/en\/author\/dev\/"}]}},"publishpress_future_action":{"enabled":false,"date":"2026-05-10 13:45:27","action":"change-status","newStatus":"draft","terms":[],"taxonomy":"category","extraData":[]},"publishpress_future_workflow_manual_trigger":{"enabledWorkflows":[]},"_links":{"self":[{"href":"https:\/\/ihedn.fr\/en\/wp-json\/wp\/v2\/posts\/9383","targetHints":{"allow":["GET"]}}],"collection":[{"href":"https:\/\/ihedn.fr\/en\/wp-json\/wp\/v2\/posts"}],"about":[{"href":"https:\/\/ihedn.fr\/en\/wp-json\/wp\/v2\/types\/post"}],"author":[{"embeddable":true,"href":"https:\/\/ihedn.fr\/en\/wp-json\/wp\/v2\/users\/1"}],"replies":[{"embeddable":true,"href":"https:\/\/ihedn.fr\/en\/wp-json\/wp\/v2\/comments?post=9383"}],"version-history":[{"count":5,"href":"https:\/\/ihedn.fr\/en\/wp-json\/wp\/v2\/posts\/9383\/revisions"}],"predecessor-version":[{"id":9429,"href":"https:\/\/ihedn.fr\/en\/wp-json\/wp\/v2\/posts\/9383\/revisions\/9429"}],"wp:featuredmedia":[{"embeddable":true,"href":"https:\/\/ihedn.fr\/en\/wp-json\/wp\/v2\/media\/9386"}],"wp:attachment":[{"href":"https:\/\/ihedn.fr\/en\/wp-json\/wp\/v2\/media?parent=9383"}],"wp:term":[{"taxonomy":"category","embeddable":true,"href":"https:\/\/ihedn.fr\/en\/wp-json\/wp\/v2\/categories?post=9383"},{"taxonomy":"post_tag","embeddable":true,"href":"https:\/\/ihedn.fr\/en\/wp-json\/wp\/v2\/tags?post=9383"}],"curies":[{"name":"wp","href":"https:\/\/api.w.org\/{rel}","templated":true}]}}