{"id":9602,"date":"2021-03-27T10:11:36","date_gmt":"2021-03-27T09:11:36","guid":{"rendered":"https:\/\/ihedn.fr\/?p=9602"},"modified":"2022-11-25T15:23:01","modified_gmt":"2022-11-25T14:23:01","slug":"the-eu-space-strategy-in-an-era-of-geopolitical-competition","status":"publish","type":"post","link":"https:\/\/ihedn.fr\/en\/notre-actualite\/the-eu-space-strategy-in-an-era-of-geopolitical-competition\/","title":{"rendered":"The EU Space Strategy in an era of geopolitical competition"},"content":{"rendered":"<div data-elementor-type=\"wp-post\" data-elementor-id=\"9602\" class=\"elementor elementor-9602\" data-elementor-post-type=\"post\">\n\t\t\t\t\t\t<section data-particle_enable=\"false\" data-particle-mobile-disabled=\"false\" class=\"elementor-section elementor-top-section elementor-element elementor-element-2117c6e elementor-section-boxed elementor-section-height-default elementor-section-height-default\" data-id=\"2117c6e\" data-element_type=\"section\" data-e-type=\"section\">\n\t\t\t\t\t\t<div class=\"elementor-container elementor-column-gap-default\">\n\t\t\t\t\t<div class=\"elementor-column elementor-col-100 elementor-top-column elementor-element elementor-element-8ae67b7\" data-id=\"8ae67b7\" data-element_type=\"column\" data-e-type=\"column\">\n\t\t\t<div class=\"elementor-widget-wrap elementor-element-populated\">\n\t\t\t\t\t\t<div class=\"elementor-element elementor-element-dfa99ce elementor-widget elementor-widget-text-editor\" data-id=\"dfa99ce\" data-element_type=\"widget\" data-e-type=\"widget\" data-widget_type=\"text-editor.default\">\n\t\t\t\t<div class=\"elementor-widget-container\">\n\t\t\t\t\t\t\t\t\t<div class=\"field field-name-body field-type-text-with-summary field-label-hidden\"><div class=\"field-items\"><div class=\"field-item even\"><p>From 23 to 25 March, under the aegis of the European Security and Defence College (ESDC), the IHEDN Europe and International Affairs Department organised a course on the challenges of space for the European Union and the CSDP (<strong><em>Challenges of Space for the European Union &amp; CSDP<\/em><\/strong>). This training course brought together <u>39 participants<\/u>The course was attended by civil and military officials from the Member States of the European Union, as well as from a number of European institutions and agencies. The course programme was structured around 11 lectures and round tables, with 24 speakers taking part.<\/p><\/div><\/div><\/div>\t\t\t\t\t\t\t\t<\/div>\n\t\t\t\t<\/div>\n\t\t\t\t\t<\/div>\n\t\t<\/div>\n\t\t\t\t\t<\/div>\n\t\t<\/section>\n\t\t\t\t<section data-particle_enable=\"false\" data-particle-mobile-disabled=\"false\" class=\"elementor-section elementor-top-section elementor-element elementor-element-28a244f elementor-section-boxed elementor-section-height-default elementor-section-height-default\" data-id=\"28a244f\" data-element_type=\"section\" data-e-type=\"section\">\n\t\t\t\t\t\t<div class=\"elementor-container elementor-column-gap-default\">\n\t\t\t\t\t<div class=\"elementor-column elementor-col-100 elementor-top-column elementor-element elementor-element-910cc48\" data-id=\"910cc48\" data-element_type=\"column\" data-e-type=\"column\">\n\t\t\t<div class=\"elementor-widget-wrap elementor-element-populated\">\n\t\t\t\t\t\t<div class=\"elementor-element elementor-element-9789bba elementor-widget elementor-widget-image\" data-id=\"9789bba\" data-element_type=\"widget\" data-e-type=\"widget\" data-widget_type=\"image.default\">\n\t\t\t\t<div class=\"elementor-widget-container\">\n\t\t\t\t\t\t\t\t\t\t\t\t\t\t\t<img fetchpriority=\"high\" decoding=\"async\" width=\"1160\" height=\"630\" src=\"https:\/\/ihedn.fr\/wp-content\/uploads\/2021\/03\/Intervention_REITER-1.jpg\" class=\"attachment-full size-full wp-image-9606\" alt=\"IHEDN | The EU Space Strategy in an era of geopolitical competition\" \/>\t\t\t\t\t\t\t\t\t\t\t\t\t\t\t<\/div>\n\t\t\t\t<\/div>\n\t\t\t\t\t<\/div>\n\t\t<\/div>\n\t\t\t\t\t<\/div>\n\t\t<\/section>\n\t\t\t\t<section data-particle_enable=\"false\" data-particle-mobile-disabled=\"false\" class=\"elementor-section elementor-top-section elementor-element elementor-element-16ccd9f elementor-section-boxed elementor-section-height-default elementor-section-height-default\" data-id=\"16ccd9f\" data-element_type=\"section\" data-e-type=\"section\">\n\t\t\t\t\t\t<div class=\"elementor-container elementor-column-gap-default\">\n\t\t\t\t\t<div class=\"elementor-column elementor-col-100 elementor-top-column elementor-element elementor-element-2939887\" data-id=\"2939887\" data-element_type=\"column\" data-e-type=\"column\">\n\t\t\t<div class=\"elementor-widget-wrap elementor-element-populated\">\n\t\t\t\t\t\t<div class=\"elementor-element elementor-element-1835d84 elementor-widget elementor-widget-text-editor\" data-id=\"1835d84\" data-element_type=\"widget\" data-e-type=\"widget\" data-widget_type=\"text-editor.default\">\n\t\t\t\t<div class=\"elementor-widget-container\">\n\t\t\t\t\t\t\t\t\t<div class=\"field field-name-body field-type-text-with-summary field-label-hidden\"><div class=\"field-items\"><div class=\"field-item even\">The opening address was given by Capitaine de Vaisseau Louis TILLIER, Head of the European and International Cooperation Division of the French Ministry of Foreign Affairs. <strong>Command <\/strong>de l'Espace, was an opportunity to discuss the theme of <strong><em>The EU Space Strategy in an era of geopolitical competition<\/em><\/strong>.<\/div><\/div><\/div>\t\t\t\t\t\t\t\t<\/div>\n\t\t\t\t<\/div>\n\t\t\t\t\t<\/div>\n\t\t<\/div>\n\t\t\t\t\t<\/div>\n\t\t<\/section>\n\t\t\t\t<section data-particle_enable=\"false\" data-particle-mobile-disabled=\"false\" class=\"elementor-section elementor-top-section elementor-element elementor-element-423d4fa elementor-section-boxed elementor-section-height-default elementor-section-height-default\" data-id=\"423d4fa\" data-element_type=\"section\" data-e-type=\"section\">\n\t\t\t\t\t\t<div class=\"elementor-container elementor-column-gap-default\">\n\t\t\t\t\t<div class=\"elementor-column elementor-col-100 elementor-top-column elementor-element elementor-element-61bea15\" data-id=\"61bea15\" data-element_type=\"column\" data-e-type=\"column\">\n\t\t\t<div class=\"elementor-widget-wrap elementor-element-populated\">\n\t\t\t\t\t\t<div class=\"elementor-element elementor-element-c7d91a7 elementor-widget elementor-widget-text-editor\" data-id=\"c7d91a7\" data-element_type=\"widget\" data-e-type=\"widget\" data-widget_type=\"text-editor.default\">\n\t\t\t\t<div class=\"elementor-widget-container\">\n\t\t\t\t\t\t\t\t\t<div class=\"field field-name-body field-type-text-with-summary field-label-hidden\"><div class=\"field-items\"><div class=\"field-item even\"><p>Daniel FIOTT, an expert on European security and defence issues at the EUISS_EU Institute for Security Studies, brought the course to a close with a speech on the theme of \"European Security and Defence Policy\". <strong><em>The Future Challenges for a Renewed European Space Strategy<\/em><\/strong>. Last but not least, participants were able to hear Thomas REITER, astronaut with the European Space Agency (ESA), give a talk on the subject of \"The future of space\". <em>keynote speech<\/em> on European space cooperation in the field (<strong><em>European Space Cooperation on the<\/em><\/strong> Ground).<\/p><\/div><\/div><\/div>\t\t\t\t\t\t\t\t<\/div>\n\t\t\t\t<\/div>\n\t\t\t\t\t<\/div>\n\t\t<\/div>\n\t\t\t\t\t<\/div>\n\t\t<\/section>\n\t\t\t\t<\/div>","protected":false},"excerpt":{"rendered":"<p>Le D\u00e9partement de l\u2019Europe et des Affaires internationales de l\u2019IHEDN a organis\u00e9, du 23 au 25 mars, sous l\u2019\u00e9gide du Coll\u00e8ge Europ\u00e9en de S\u00e9curit\u00e9 et de D\u00e9fense (CESD), un cours sur les enjeux de l\u2019espace pour l\u2019Union Europ\u00e9enne et la CSDP (Challenges of Space for the European Union &amp; CSDP). Cette formation a r\u00e9uni 39 [&hellip;]<\/p>\n","protected":false},"author":1,"featured_media":9604,"comment_status":"closed","ping_status":"closed","sticky":false,"template":"","format":"standard","meta":{"footnotes":""},"categories":[172],"tags":[87],"class_list":["post-9602","post","type-post","status-publish","format-standard","has-post-thumbnail","hentry","category-notre-actualite","tag-cesd"],"yoast_head":"<!-- This site is optimized with the Yoast SEO plugin v27.5 - https:\/\/yoast.com\/product\/yoast-seo-wordpress\/ -->\n<title>The EU Space Strategy in an era of geopolitical competition - L&#039;IHEDN : Institut des hautes \u00e9tudes de d\u00e9fense nationale<\/title>\n<meta name=\"robots\" content=\"index, follow, max-snippet:-1, max-image-preview:large, max-video-preview:-1\" \/>\n<link rel=\"canonical\" href=\"https:\/\/ihedn.fr\/en\/actualites-des-sessions\/europe\/the-eu-space-strategy-in-an-era-of-geopolitical-competition\/\" \/>\n<meta property=\"og:locale\" content=\"en_GB\" \/>\n<meta property=\"og:type\" content=\"article\" \/>\n<meta property=\"og:title\" content=\"The EU Space Strategy in an era of geopolitical competition - L&#039;IHEDN : Institut des hautes \u00e9tudes de d\u00e9fense nationale\" \/>\n<meta property=\"og:description\" content=\"Le D\u00e9partement de l\u2019Europe et des Affaires internationales de l\u2019IHEDN a organis\u00e9, du 23 au 25 mars, sous l\u2019\u00e9gide du Coll\u00e8ge Europ\u00e9en de S\u00e9curit\u00e9 et de D\u00e9fense (CESD), un cours sur les enjeux de l\u2019espace pour l\u2019Union Europ\u00e9enne et la CSDP (Challenges of Space for the European Union &amp; CSDP). Cette formation a r\u00e9uni 39 [&hellip;]\" \/>\n<meta property=\"og:url\" content=\"https:\/\/ihedn.fr\/en\/actualites-des-sessions\/europe\/the-eu-space-strategy-in-an-era-of-geopolitical-competition\/\" \/>\n<meta property=\"og:site_name\" content=\"L&#039;IHEDN : Institut des hautes \u00e9tudes de d\u00e9fense nationale\" \/>\n<meta property=\"article:publisher\" content=\"https:\/\/www.facebook.com\/ihedn\/\" \/>\n<meta property=\"article:published_time\" content=\"2021-03-27T09:11:36+00:00\" \/>\n<meta property=\"article:modified_time\" content=\"2022-11-25T14:23:01+00:00\" \/>\n<meta property=\"og:image\" content=\"https:\/\/ihedn.fr\/wp-content\/uploads\/2021\/03\/20210325-DEAI-CESD-02.jpg\" \/>\n\t<meta property=\"og:image:width\" content=\"1369\" \/>\n\t<meta property=\"og:image:height\" content=\"792\" \/>\n\t<meta property=\"og:image:type\" content=\"image\/jpeg\" \/>\n<meta name=\"author\" content=\"dev\" \/>\n<meta name=\"twitter:card\" content=\"summary_large_image\" \/>\n<meta name=\"twitter:creator\" content=\"@IHEDN\" \/>\n<meta name=\"twitter:site\" content=\"@IHEDN\" \/>\n<meta name=\"twitter:label1\" content=\"Written by\" \/>\n\t<meta name=\"twitter:data1\" content=\"dev\" \/>\n\t<meta name=\"twitter:label2\" content=\"Estimated reading time\" \/>\n\t<meta name=\"twitter:data2\" content=\"2 minutes\" \/>\n<script type=\"application\/ld+json\" class=\"yoast-schema-graph\">{\"@context\":\"https:\\\/\\\/schema.org\",\"@graph\":[{\"@type\":\"Article\",\"@id\":\"https:\\\/\\\/ihedn.fr\\\/actualites-des-sessions\\\/europe\\\/the-eu-space-strategy-in-an-era-of-geopolitical-competition\\\/#article\",\"isPartOf\":{\"@id\":\"https:\\\/\\\/ihedn.fr\\\/actualites-des-sessions\\\/europe\\\/the-eu-space-strategy-in-an-era-of-geopolitical-competition\\\/\"},\"author\":{\"name\":\"dev\",\"@id\":\"https:\\\/\\\/ihedn.fr\\\/#\\\/schema\\\/person\\\/7a40155595e4efb35323447cb8c8c5a4\"},\"headline\":\"The EU Space Strategy in an era of geopolitical competition\",\"datePublished\":\"2021-03-27T09:11:36+00:00\",\"dateModified\":\"2022-11-25T14:23:01+00:00\",\"mainEntityOfPage\":{\"@id\":\"https:\\\/\\\/ihedn.fr\\\/actualites-des-sessions\\\/europe\\\/the-eu-space-strategy-in-an-era-of-geopolitical-competition\\\/\"},\"wordCount\":274,\"publisher\":{\"@id\":\"https:\\\/\\\/ihedn.fr\\\/#organization\"},\"image\":{\"@id\":\"https:\\\/\\\/ihedn.fr\\\/actualites-des-sessions\\\/europe\\\/the-eu-space-strategy-in-an-era-of-geopolitical-competition\\\/#primaryimage\"},\"thumbnailUrl\":\"https:\\\/\\\/ihedn.fr\\\/wp-content\\\/uploads\\\/2021\\\/03\\\/20210325-DEAI-CESD-02.jpg\",\"keywords\":[\"CESD\"],\"articleSection\":[\"Notre actualit\u00e9\"],\"inLanguage\":\"en-GB\"},{\"@type\":\"WebPage\",\"@id\":\"https:\\\/\\\/ihedn.fr\\\/actualites-des-sessions\\\/europe\\\/the-eu-space-strategy-in-an-era-of-geopolitical-competition\\\/\",\"url\":\"https:\\\/\\\/ihedn.fr\\\/actualites-des-sessions\\\/europe\\\/the-eu-space-strategy-in-an-era-of-geopolitical-competition\\\/\",\"name\":\"The EU Space Strategy in an era of geopolitical competition - L&#039;IHEDN : Institut des hautes \u00e9tudes de d\u00e9fense nationale\",\"isPartOf\":{\"@id\":\"https:\\\/\\\/ihedn.fr\\\/#website\"},\"primaryImageOfPage\":{\"@id\":\"https:\\\/\\\/ihedn.fr\\\/actualites-des-sessions\\\/europe\\\/the-eu-space-strategy-in-an-era-of-geopolitical-competition\\\/#primaryimage\"},\"image\":{\"@id\":\"https:\\\/\\\/ihedn.fr\\\/actualites-des-sessions\\\/europe\\\/the-eu-space-strategy-in-an-era-of-geopolitical-competition\\\/#primaryimage\"},\"thumbnailUrl\":\"https:\\\/\\\/ihedn.fr\\\/wp-content\\\/uploads\\\/2021\\\/03\\\/20210325-DEAI-CESD-02.jpg\",\"datePublished\":\"2021-03-27T09:11:36+00:00\",\"dateModified\":\"2022-11-25T14:23:01+00:00\",\"breadcrumb\":{\"@id\":\"https:\\\/\\\/ihedn.fr\\\/actualites-des-sessions\\\/europe\\\/the-eu-space-strategy-in-an-era-of-geopolitical-competition\\\/#breadcrumb\"},\"inLanguage\":\"en-GB\",\"potentialAction\":[{\"@type\":\"ReadAction\",\"target\":[\"https:\\\/\\\/ihedn.fr\\\/actualites-des-sessions\\\/europe\\\/the-eu-space-strategy-in-an-era-of-geopolitical-competition\\\/\"]}]},{\"@type\":\"ImageObject\",\"inLanguage\":\"en-GB\",\"@id\":\"https:\\\/\\\/ihedn.fr\\\/actualites-des-sessions\\\/europe\\\/the-eu-space-strategy-in-an-era-of-geopolitical-competition\\\/#primaryimage\",\"url\":\"https:\\\/\\\/ihedn.fr\\\/wp-content\\\/uploads\\\/2021\\\/03\\\/20210325-DEAI-CESD-02.jpg\",\"contentUrl\":\"https:\\\/\\\/ihedn.fr\\\/wp-content\\\/uploads\\\/2021\\\/03\\\/20210325-DEAI-CESD-02.jpg\",\"width\":1369,\"height\":792,\"caption\":\"IHEDN | The EU Space Strategy in an era of geopolitical competition\"},{\"@type\":\"BreadcrumbList\",\"@id\":\"https:\\\/\\\/ihedn.fr\\\/actualites-des-sessions\\\/europe\\\/the-eu-space-strategy-in-an-era-of-geopolitical-competition\\\/#breadcrumb\",\"itemListElement\":[{\"@type\":\"ListItem\",\"position\":1,\"name\":\"Accueil\",\"item\":\"https:\\\/\\\/ihedn.fr\\\/\"},{\"@type\":\"ListItem\",\"position\":2,\"name\":\"The EU Space Strategy in an era of geopolitical competition\"}]},{\"@type\":\"WebSite\",\"@id\":\"https:\\\/\\\/ihedn.fr\\\/#website\",\"url\":\"https:\\\/\\\/ihedn.fr\\\/\",\"name\":\"IHEDN : Institut des hautes \u00e9tudes de d\u00e9fense nationale |\",\"description\":\"Site officiel de l&#039;IHEDN plac\u00e9 sous la tutelle du Premier ministre.\",\"publisher\":{\"@id\":\"https:\\\/\\\/ihedn.fr\\\/#organization\"},\"potentialAction\":[{\"@type\":\"SearchAction\",\"target\":{\"@type\":\"EntryPoint\",\"urlTemplate\":\"https:\\\/\\\/ihedn.fr\\\/?s={search_term_string}\"},\"query-input\":{\"@type\":\"PropertyValueSpecification\",\"valueRequired\":true,\"valueName\":\"search_term_string\"}}],\"inLanguage\":\"en-GB\"},{\"@type\":\"Organization\",\"@id\":\"https:\\\/\\\/ihedn.fr\\\/#organization\",\"name\":\"IHEDN - Institut des Hautes Etudes de D\u00e9fense Nationale\",\"url\":\"https:\\\/\\\/ihedn.fr\\\/\",\"logo\":{\"@type\":\"ImageObject\",\"inLanguage\":\"en-GB\",\"@id\":\"https:\\\/\\\/ihedn.fr\\\/#\\\/schema\\\/logo\\\/image\\\/\",\"url\":\"https:\\\/\\\/ihedn.fr\\\/wp-content\\\/uploads\\\/2020\\\/11\\\/BLOC_RF_IHEDN_WEB.png\",\"contentUrl\":\"https:\\\/\\\/ihedn.fr\\\/wp-content\\\/uploads\\\/2020\\\/11\\\/BLOC_RF_IHEDN_WEB.png\",\"width\":500,\"height\":237,\"caption\":\"IHEDN - Institut des Hautes Etudes de D\u00e9fense Nationale\"},\"image\":{\"@id\":\"https:\\\/\\\/ihedn.fr\\\/#\\\/schema\\\/logo\\\/image\\\/\"},\"sameAs\":[\"https:\\\/\\\/www.facebook.com\\\/ihedn\\\/\",\"https:\\\/\\\/x.com\\\/IHEDN\",\"https:\\\/\\\/www.instagram.com\\\/ihedn\\\/\",\"https:\\\/\\\/www.linkedin.com\\\/school\\\/ihedn\\\/\",\"https:\\\/\\\/fr.wikipedia.org\\\/wiki\\\/Institut_des_hautes_\u00e9tudes_de_D\u00e9fense_nationale\"]},{\"@type\":\"Person\",\"@id\":\"https:\\\/\\\/ihedn.fr\\\/#\\\/schema\\\/person\\\/7a40155595e4efb35323447cb8c8c5a4\",\"name\":\"dev\",\"image\":{\"@type\":\"ImageObject\",\"inLanguage\":\"en-GB\",\"@id\":\"https:\\\/\\\/secure.gravatar.com\\\/avatar\\\/f1ffcac9ca2fa95ad3ec33e9be3ade82f752acb0cabe541e56c5889225afa88a?s=96&d=mm&r=g\",\"url\":\"https:\\\/\\\/secure.gravatar.com\\\/avatar\\\/f1ffcac9ca2fa95ad3ec33e9be3ade82f752acb0cabe541e56c5889225afa88a?s=96&d=mm&r=g\",\"contentUrl\":\"https:\\\/\\\/secure.gravatar.com\\\/avatar\\\/f1ffcac9ca2fa95ad3ec33e9be3ade82f752acb0cabe541e56c5889225afa88a?s=96&d=mm&r=g\",\"caption\":\"dev\"},\"sameAs\":[\"https:\\\/\\\/ihedn.concilium.click\"],\"url\":\"https:\\\/\\\/ihedn.fr\\\/en\\\/author\\\/dev\\\/\"}]}<\/script>\n<!-- \/ Yoast SEO plugin. -->","yoast_head_json":{"title":"The EU Space Strategy in an era of geopolitical competition - L'IHEDN : Institut des hautes \u00e9tudes de d\u00e9fense nationale","robots":{"index":"index","follow":"follow","max-snippet":"max-snippet:-1","max-image-preview":"max-image-preview:large","max-video-preview":"max-video-preview:-1"},"canonical":"https:\/\/ihedn.fr\/en\/actualites-des-sessions\/europe\/the-eu-space-strategy-in-an-era-of-geopolitical-competition\/","og_locale":"en_GB","og_type":"article","og_title":"The EU Space Strategy in an era of geopolitical competition - L&#039;IHEDN : Institut des hautes \u00e9tudes de d\u00e9fense nationale","og_description":"Le D\u00e9partement de l\u2019Europe et des Affaires internationales de l\u2019IHEDN a organis\u00e9, du 23 au 25 mars, sous l\u2019\u00e9gide du Coll\u00e8ge Europ\u00e9en de S\u00e9curit\u00e9 et de D\u00e9fense (CESD), un cours sur les enjeux de l\u2019espace pour l\u2019Union Europ\u00e9enne et la CSDP (Challenges of Space for the European Union &amp; CSDP). Cette formation a r\u00e9uni 39 [&hellip;]","og_url":"https:\/\/ihedn.fr\/en\/actualites-des-sessions\/europe\/the-eu-space-strategy-in-an-era-of-geopolitical-competition\/","og_site_name":"L&#039;IHEDN : Institut des hautes \u00e9tudes de d\u00e9fense nationale","article_publisher":"https:\/\/www.facebook.com\/ihedn\/","article_published_time":"2021-03-27T09:11:36+00:00","article_modified_time":"2022-11-25T14:23:01+00:00","og_image":[{"width":1369,"height":792,"url":"https:\/\/ihedn.fr\/wp-content\/uploads\/2021\/03\/20210325-DEAI-CESD-02.jpg","type":"image\/jpeg"}],"author":"dev","twitter_card":"summary_large_image","twitter_creator":"@IHEDN","twitter_site":"@IHEDN","twitter_misc":{"Written by":"dev","Estimated reading time":"2 minutes"},"schema":{"@context":"https:\/\/schema.org","@graph":[{"@type":"Article","@id":"https:\/\/ihedn.fr\/actualites-des-sessions\/europe\/the-eu-space-strategy-in-an-era-of-geopolitical-competition\/#article","isPartOf":{"@id":"https:\/\/ihedn.fr\/actualites-des-sessions\/europe\/the-eu-space-strategy-in-an-era-of-geopolitical-competition\/"},"author":{"name":"dev","@id":"https:\/\/ihedn.fr\/#\/schema\/person\/7a40155595e4efb35323447cb8c8c5a4"},"headline":"The EU Space Strategy in an era of geopolitical competition","datePublished":"2021-03-27T09:11:36+00:00","dateModified":"2022-11-25T14:23:01+00:00","mainEntityOfPage":{"@id":"https:\/\/ihedn.fr\/actualites-des-sessions\/europe\/the-eu-space-strategy-in-an-era-of-geopolitical-competition\/"},"wordCount":274,"publisher":{"@id":"https:\/\/ihedn.fr\/#organization"},"image":{"@id":"https:\/\/ihedn.fr\/actualites-des-sessions\/europe\/the-eu-space-strategy-in-an-era-of-geopolitical-competition\/#primaryimage"},"thumbnailUrl":"https:\/\/ihedn.fr\/wp-content\/uploads\/2021\/03\/20210325-DEAI-CESD-02.jpg","keywords":["CESD"],"articleSection":["Notre actualit\u00e9"],"inLanguage":"en-GB"},{"@type":"WebPage","@id":"https:\/\/ihedn.fr\/actualites-des-sessions\/europe\/the-eu-space-strategy-in-an-era-of-geopolitical-competition\/","url":"https:\/\/ihedn.fr\/actualites-des-sessions\/europe\/the-eu-space-strategy-in-an-era-of-geopolitical-competition\/","name":"The EU Space Strategy in an era of geopolitical competition - L'IHEDN : Institut des hautes \u00e9tudes de d\u00e9fense nationale","isPartOf":{"@id":"https:\/\/ihedn.fr\/#website"},"primaryImageOfPage":{"@id":"https:\/\/ihedn.fr\/actualites-des-sessions\/europe\/the-eu-space-strategy-in-an-era-of-geopolitical-competition\/#primaryimage"},"image":{"@id":"https:\/\/ihedn.fr\/actualites-des-sessions\/europe\/the-eu-space-strategy-in-an-era-of-geopolitical-competition\/#primaryimage"},"thumbnailUrl":"https:\/\/ihedn.fr\/wp-content\/uploads\/2021\/03\/20210325-DEAI-CESD-02.jpg","datePublished":"2021-03-27T09:11:36+00:00","dateModified":"2022-11-25T14:23:01+00:00","breadcrumb":{"@id":"https:\/\/ihedn.fr\/actualites-des-sessions\/europe\/the-eu-space-strategy-in-an-era-of-geopolitical-competition\/#breadcrumb"},"inLanguage":"en-GB","potentialAction":[{"@type":"ReadAction","target":["https:\/\/ihedn.fr\/actualites-des-sessions\/europe\/the-eu-space-strategy-in-an-era-of-geopolitical-competition\/"]}]},{"@type":"ImageObject","inLanguage":"en-GB","@id":"https:\/\/ihedn.fr\/actualites-des-sessions\/europe\/the-eu-space-strategy-in-an-era-of-geopolitical-competition\/#primaryimage","url":"https:\/\/ihedn.fr\/wp-content\/uploads\/2021\/03\/20210325-DEAI-CESD-02.jpg","contentUrl":"https:\/\/ihedn.fr\/wp-content\/uploads\/2021\/03\/20210325-DEAI-CESD-02.jpg","width":1369,"height":792,"caption":"IHEDN | The EU Space Strategy in an era of geopolitical competition"},{"@type":"BreadcrumbList","@id":"https:\/\/ihedn.fr\/actualites-des-sessions\/europe\/the-eu-space-strategy-in-an-era-of-geopolitical-competition\/#breadcrumb","itemListElement":[{"@type":"ListItem","position":1,"name":"Accueil","item":"https:\/\/ihedn.fr\/"},{"@type":"ListItem","position":2,"name":"The EU Space Strategy in an era of geopolitical competition"}]},{"@type":"WebSite","@id":"https:\/\/ihedn.fr\/#website","url":"https:\/\/ihedn.fr\/","name":"IHEDN: Institut des hautes \u00e9tudes de d\u00e9fense nationale (Institute for Higher National Defence Studies)","description":"Official website of the IHEDN under the supervision of the Prime Minister.","publisher":{"@id":"https:\/\/ihedn.fr\/#organization"},"potentialAction":[{"@type":"SearchAction","target":{"@type":"EntryPoint","urlTemplate":"https:\/\/ihedn.fr\/?s={search_term_string}"},"query-input":{"@type":"PropertyValueSpecification","valueRequired":true,"valueName":"search_term_string"}}],"inLanguage":"en-GB"},{"@type":"Organization","@id":"https:\/\/ihedn.fr\/#organization","name":"IHEDN - Institute for Higher National Defence Studies","url":"https:\/\/ihedn.fr\/","logo":{"@type":"ImageObject","inLanguage":"en-GB","@id":"https:\/\/ihedn.fr\/#\/schema\/logo\/image\/","url":"https:\/\/ihedn.fr\/wp-content\/uploads\/2020\/11\/BLOC_RF_IHEDN_WEB.png","contentUrl":"https:\/\/ihedn.fr\/wp-content\/uploads\/2020\/11\/BLOC_RF_IHEDN_WEB.png","width":500,"height":237,"caption":"IHEDN - Institut des Hautes Etudes de D\u00e9fense Nationale"},"image":{"@id":"https:\/\/ihedn.fr\/#\/schema\/logo\/image\/"},"sameAs":["https:\/\/www.facebook.com\/ihedn\/","https:\/\/x.com\/IHEDN","https:\/\/www.instagram.com\/ihedn\/","https:\/\/www.linkedin.com\/school\/ihedn\/","https:\/\/fr.wikipedia.org\/wiki\/Institut_des_hautes_\u00e9tudes_de_D\u00e9fense_nationale"]},{"@type":"Person","@id":"https:\/\/ihedn.fr\/#\/schema\/person\/7a40155595e4efb35323447cb8c8c5a4","name":"dev","image":{"@type":"ImageObject","inLanguage":"en-GB","@id":"https:\/\/secure.gravatar.com\/avatar\/f1ffcac9ca2fa95ad3ec33e9be3ade82f752acb0cabe541e56c5889225afa88a?s=96&d=mm&r=g","url":"https:\/\/secure.gravatar.com\/avatar\/f1ffcac9ca2fa95ad3ec33e9be3ade82f752acb0cabe541e56c5889225afa88a?s=96&d=mm&r=g","contentUrl":"https:\/\/secure.gravatar.com\/avatar\/f1ffcac9ca2fa95ad3ec33e9be3ade82f752acb0cabe541e56c5889225afa88a?s=96&d=mm&r=g","caption":"dev"},"sameAs":["https:\/\/ihedn.concilium.click"],"url":"https:\/\/ihedn.fr\/en\/author\/dev\/"}]}},"publishpress_future_action":{"enabled":false,"date":"2026-05-08 20:53:41","action":"change-status","newStatus":"draft","terms":[],"taxonomy":"category","extraData":[]},"publishpress_future_workflow_manual_trigger":{"enabledWorkflows":[]},"_links":{"self":[{"href":"https:\/\/ihedn.fr\/en\/wp-json\/wp\/v2\/posts\/9602","targetHints":{"allow":["GET"]}}],"collection":[{"href":"https:\/\/ihedn.fr\/en\/wp-json\/wp\/v2\/posts"}],"about":[{"href":"https:\/\/ihedn.fr\/en\/wp-json\/wp\/v2\/types\/post"}],"author":[{"embeddable":true,"href":"https:\/\/ihedn.fr\/en\/wp-json\/wp\/v2\/users\/1"}],"replies":[{"embeddable":true,"href":"https:\/\/ihedn.fr\/en\/wp-json\/wp\/v2\/comments?post=9602"}],"version-history":[{"count":5,"href":"https:\/\/ihedn.fr\/en\/wp-json\/wp\/v2\/posts\/9602\/revisions"}],"predecessor-version":[{"id":9609,"href":"https:\/\/ihedn.fr\/en\/wp-json\/wp\/v2\/posts\/9602\/revisions\/9609"}],"wp:featuredmedia":[{"embeddable":true,"href":"https:\/\/ihedn.fr\/en\/wp-json\/wp\/v2\/media\/9604"}],"wp:attachment":[{"href":"https:\/\/ihedn.fr\/en\/wp-json\/wp\/v2\/media?parent=9602"}],"wp:term":[{"taxonomy":"category","embeddable":true,"href":"https:\/\/ihedn.fr\/en\/wp-json\/wp\/v2\/categories?post=9602"},{"taxonomy":"post_tag","embeddable":true,"href":"https:\/\/ihedn.fr\/en\/wp-json\/wp\/v2\/tags?post=9602"}],"curies":[{"name":"wp","href":"https:\/\/api.w.org\/{rel}","templated":true}]}}