{"id":9904,"date":"2021-03-31T16:53:03","date_gmt":"2021-03-31T15:53:03","guid":{"rendered":"https:\/\/ihedn.fr\/?p=9904"},"modified":"2023-03-10T10:20:21","modified_gmt":"2023-03-10T09:20:21","slug":"16e-briefing-des-ambassadeurs-et-ambassadrices","status":"publish","type":"post","link":"https:\/\/ihedn.fr\/en\/notre-actualite\/16e-briefing-des-ambassadeurs-et-ambassadrices\/","title":{"rendered":"16<sup>e<\/sup> ambassadors' briefing"},"content":{"rendered":"<div data-elementor-type=\"wp-post\" data-elementor-id=\"9904\" class=\"elementor elementor-9904\" data-elementor-post-type=\"post\">\n\t\t\t\t\t\t<section data-particle_enable=\"false\" data-particle-mobile-disabled=\"false\" class=\"elementor-section elementor-top-section elementor-element elementor-element-0d20828 elementor-section-boxed elementor-section-height-default elementor-section-height-default\" data-id=\"0d20828\" data-element_type=\"section\" data-e-type=\"section\">\n\t\t\t\t\t\t<div class=\"elementor-container elementor-column-gap-default\">\n\t\t\t\t\t<div class=\"elementor-column elementor-col-100 elementor-top-column elementor-element elementor-element-b482e3f\" data-id=\"b482e3f\" data-element_type=\"column\" data-e-type=\"column\">\n\t\t\t<div class=\"elementor-widget-wrap elementor-element-populated\">\n\t\t\t\t\t\t<div class=\"elementor-element elementor-element-0a02d50 elementor-widget elementor-widget-heading\" data-id=\"0a02d50\" data-element_type=\"widget\" data-e-type=\"widget\" data-widget_type=\"heading.default\">\n\t\t\t\t<div class=\"elementor-widget-container\">\n\t\t\t\t\t<h4 class=\"elementor-heading-title elementor-size-default\">France's strategy for the Indopacific<\/h4>\t\t\t\t<\/div>\n\t\t\t\t<\/div>\n\t\t\t\t\t<\/div>\n\t\t<\/div>\n\t\t\t\t\t<\/div>\n\t\t<\/section>\n\t\t\t\t<section data-particle_enable=\"false\" data-particle-mobile-disabled=\"false\" class=\"elementor-section elementor-top-section elementor-element elementor-element-cd5b073 elementor-section-boxed elementor-section-height-default elementor-section-height-default\" data-id=\"cd5b073\" data-element_type=\"section\" data-e-type=\"section\">\n\t\t\t\t\t\t<div class=\"elementor-container elementor-column-gap-default\">\n\t\t\t\t\t<div class=\"elementor-column elementor-col-50 elementor-top-column elementor-element elementor-element-12dd38e\" data-id=\"12dd38e\" data-element_type=\"column\" data-e-type=\"column\">\n\t\t\t<div class=\"elementor-widget-wrap elementor-element-populated\">\n\t\t\t\t\t\t<div class=\"elementor-element elementor-element-c757908 elementor-widget elementor-widget-image\" data-id=\"c757908\" data-element_type=\"widget\" data-e-type=\"widget\" data-widget_type=\"image.default\">\n\t\t\t\t<div class=\"elementor-widget-container\">\n\t\t\t\t\t\t\t\t\t\t\t\t\t\t\t<img fetchpriority=\"high\" decoding=\"async\" width=\"1369\" height=\"925\" src=\"https:\/\/ihedn.fr\/wp-content\/uploads\/2021\/03\/Christophe-Penot-02.jpg\" class=\"attachment-full size-full wp-image-9912\" alt=\"IHEDN | 3e briefing des ambassadeurs et ambassadrices : l&#039;ambassadeur Christophe Penot\" \/>\t\t\t\t\t\t\t\t\t\t\t\t\t\t\t<\/div>\n\t\t\t\t<\/div>\n\t\t\t\t\t<\/div>\n\t\t<\/div>\n\t\t\t\t<div class=\"elementor-column elementor-col-50 elementor-top-column elementor-element elementor-element-96e7013\" data-id=\"96e7013\" data-element_type=\"column\" data-e-type=\"column\">\n\t\t\t<div class=\"elementor-widget-wrap elementor-element-populated\">\n\t\t\t\t\t\t<div class=\"elementor-element elementor-element-057dc24 elementor-widget elementor-widget-text-editor\" data-id=\"057dc24\" data-element_type=\"widget\" data-e-type=\"widget\" data-widget_type=\"text-editor.default\">\n\t\t\t\t<div class=\"elementor-widget-container\">\n\t\t\t\t\t\t\t\t\t<p>On Wednesday 31 March, at the third IHEDN ambassadors' briefing for 2021, Ambassador Christophe PENOT, Ambassador for the Indo-Pacific at the Ministry of Europe and Foreign Affairs (MEAE), presented France's strategy for the Indo-Pacific to 81 representatives of the foreign community in Paris, including 31 ambassadors.<\/p>\t\t\t\t\t\t\t\t<\/div>\n\t\t\t\t<\/div>\n\t\t\t\t\t<\/div>\n\t\t<\/div>\n\t\t\t\t\t<\/div>\n\t\t<\/section>\n\t\t\t\t<section data-particle_enable=\"false\" data-particle-mobile-disabled=\"false\" class=\"elementor-section elementor-top-section elementor-element elementor-element-e581443 elementor-section-boxed elementor-section-height-default elementor-section-height-default\" data-id=\"e581443\" data-element_type=\"section\" data-e-type=\"section\">\n\t\t\t\t\t\t<div class=\"elementor-container elementor-column-gap-default\">\n\t\t\t\t\t<div class=\"elementor-column elementor-col-100 elementor-top-column elementor-element elementor-element-7f8d557\" data-id=\"7f8d557\" data-element_type=\"column\" data-e-type=\"column\">\n\t\t\t<div class=\"elementor-widget-wrap elementor-element-populated\">\n\t\t\t\t\t\t<div class=\"elementor-element elementor-element-8342030 elementor-widget elementor-widget-text-editor\" data-id=\"8342030\" data-element_type=\"widget\" data-e-type=\"widget\" data-widget_type=\"text-editor.default\">\n\t\t\t\t<div class=\"elementor-widget-container\">\n\t\t\t\t\t\t\t\t\t<p style=\"text-align: center;\">The next briefing will take place in April.<\/p>\t\t\t\t\t\t\t\t<\/div>\n\t\t\t\t<\/div>\n\t\t\t\t<div class=\"elementor-element elementor-element-0ec53da elementor-widget elementor-widget-text-editor\" data-id=\"0ec53da\" data-element_type=\"widget\" data-e-type=\"widget\" data-widget_type=\"text-editor.default\">\n\t\t\t\t<div class=\"elementor-widget-container\">\n\t\t\t\t\t\t\t\t\t<p>The briefing is a monthly meeting of the foreign diplomatic community in Paris with a director from the Quai d'Orsay or a general officer from the Ministry of the Armed Forces on topical issues relating to French international policy.<\/p>\t\t\t\t\t\t\t\t<\/div>\n\t\t\t\t<\/div>\n\t\t\t\t\t<\/div>\n\t\t<\/div>\n\t\t\t\t\t<\/div>\n\t\t<\/section>\n\t\t\t\t<\/div>","protected":false},"excerpt":{"rendered":"<p>The Ambassador <strong>Christophe PENOT<\/strong> presents France's strategy for the Indopacific<\/p>","protected":false},"author":1,"featured_media":9910,"comment_status":"closed","ping_status":"closed","sticky":false,"template":"","format":"standard","meta":{"footnotes":""},"categories":[172],"tags":[],"class_list":["post-9904","post","type-post","status-publish","format-standard","has-post-thumbnail","hentry","category-notre-actualite"],"yoast_head":"<!-- This site is optimized with the Yoast SEO plugin v27.5 - https:\/\/yoast.com\/product\/yoast-seo-wordpress\/ -->\n<title>16e briefing des ambassadeurs et ambassadrices - L&#039;IHEDN : Institut des hautes \u00e9tudes de d\u00e9fense nationale<\/title>\n<meta name=\"robots\" content=\"index, follow, max-snippet:-1, max-image-preview:large, max-video-preview:-1\" \/>\n<link rel=\"canonical\" href=\"https:\/\/ihedn.fr\/en\/actualites-des-sessions\/deai\/16e-briefing-des-ambassadeurs-et-ambassadrices\/\" \/>\n<meta property=\"og:locale\" content=\"en_GB\" \/>\n<meta property=\"og:type\" content=\"article\" \/>\n<meta property=\"og:title\" content=\"16e briefing des ambassadeurs et ambassadrices - L&#039;IHEDN : Institut des hautes \u00e9tudes de d\u00e9fense nationale\" \/>\n<meta property=\"og:description\" content=\"L\u2019Ambassadeur Christophe PENOT pr\u00e9sente la strat\u00e9gie fran\u00e7aise pour l\u2019Indopacifique\" \/>\n<meta property=\"og:url\" content=\"https:\/\/ihedn.fr\/en\/actualites-des-sessions\/deai\/16e-briefing-des-ambassadeurs-et-ambassadrices\/\" \/>\n<meta property=\"og:site_name\" content=\"L&#039;IHEDN : Institut des hautes \u00e9tudes de d\u00e9fense nationale\" \/>\n<meta property=\"article:publisher\" content=\"https:\/\/www.facebook.com\/ihedn\/\" \/>\n<meta property=\"article:published_time\" content=\"2021-03-31T15:53:03+00:00\" \/>\n<meta property=\"article:modified_time\" content=\"2023-03-10T09:20:21+00:00\" \/>\n<meta property=\"og:image\" content=\"https:\/\/ihedn.fr\/wp-content\/uploads\/2021\/03\/Christophe-Penot-03.jpg\" \/>\n\t<meta property=\"og:image:width\" content=\"1369\" \/>\n\t<meta property=\"og:image:height\" content=\"530\" \/>\n\t<meta property=\"og:image:type\" content=\"image\/jpeg\" \/>\n<meta name=\"author\" content=\"dev\" \/>\n<meta name=\"twitter:card\" content=\"summary_large_image\" \/>\n<meta name=\"twitter:creator\" content=\"@IHEDN\" \/>\n<meta name=\"twitter:site\" content=\"@IHEDN\" \/>\n<meta name=\"twitter:label1\" content=\"Written by\" \/>\n\t<meta name=\"twitter:data1\" content=\"dev\" \/>\n\t<meta name=\"twitter:label2\" content=\"Estimated reading time\" \/>\n\t<meta name=\"twitter:data2\" content=\"1 minute\" \/>\n<script type=\"application\/ld+json\" class=\"yoast-schema-graph\">{\"@context\":\"https:\\\/\\\/schema.org\",\"@graph\":[{\"@type\":\"Article\",\"@id\":\"https:\\\/\\\/ihedn.fr\\\/actualites-des-sessions\\\/deai\\\/16e-briefing-des-ambassadeurs-et-ambassadrices\\\/#article\",\"isPartOf\":{\"@id\":\"https:\\\/\\\/ihedn.fr\\\/actualites-des-sessions\\\/deai\\\/16e-briefing-des-ambassadeurs-et-ambassadrices\\\/\"},\"author\":{\"name\":\"dev\",\"@id\":\"https:\\\/\\\/ihedn.fr\\\/#\\\/schema\\\/person\\\/7a40155595e4efb35323447cb8c8c5a4\"},\"headline\":\"16e briefing des ambassadeurs et ambassadrices\",\"datePublished\":\"2021-03-31T15:53:03+00:00\",\"dateModified\":\"2023-03-10T09:20:21+00:00\",\"mainEntityOfPage\":{\"@id\":\"https:\\\/\\\/ihedn.fr\\\/actualites-des-sessions\\\/deai\\\/16e-briefing-des-ambassadeurs-et-ambassadrices\\\/\"},\"wordCount\":127,\"publisher\":{\"@id\":\"https:\\\/\\\/ihedn.fr\\\/#organization\"},\"image\":{\"@id\":\"https:\\\/\\\/ihedn.fr\\\/actualites-des-sessions\\\/deai\\\/16e-briefing-des-ambassadeurs-et-ambassadrices\\\/#primaryimage\"},\"thumbnailUrl\":\"https:\\\/\\\/ihedn.fr\\\/wp-content\\\/uploads\\\/2021\\\/03\\\/Christophe-Penot-03.jpg\",\"articleSection\":[\"Notre actualit\u00e9\"],\"inLanguage\":\"en-GB\"},{\"@type\":\"WebPage\",\"@id\":\"https:\\\/\\\/ihedn.fr\\\/actualites-des-sessions\\\/deai\\\/16e-briefing-des-ambassadeurs-et-ambassadrices\\\/\",\"url\":\"https:\\\/\\\/ihedn.fr\\\/actualites-des-sessions\\\/deai\\\/16e-briefing-des-ambassadeurs-et-ambassadrices\\\/\",\"name\":\"16e briefing des ambassadeurs et ambassadrices - L&#039;IHEDN : Institut des hautes \u00e9tudes de d\u00e9fense nationale\",\"isPartOf\":{\"@id\":\"https:\\\/\\\/ihedn.fr\\\/#website\"},\"primaryImageOfPage\":{\"@id\":\"https:\\\/\\\/ihedn.fr\\\/actualites-des-sessions\\\/deai\\\/16e-briefing-des-ambassadeurs-et-ambassadrices\\\/#primaryimage\"},\"image\":{\"@id\":\"https:\\\/\\\/ihedn.fr\\\/actualites-des-sessions\\\/deai\\\/16e-briefing-des-ambassadeurs-et-ambassadrices\\\/#primaryimage\"},\"thumbnailUrl\":\"https:\\\/\\\/ihedn.fr\\\/wp-content\\\/uploads\\\/2021\\\/03\\\/Christophe-Penot-03.jpg\",\"datePublished\":\"2021-03-31T15:53:03+00:00\",\"dateModified\":\"2023-03-10T09:20:21+00:00\",\"breadcrumb\":{\"@id\":\"https:\\\/\\\/ihedn.fr\\\/actualites-des-sessions\\\/deai\\\/16e-briefing-des-ambassadeurs-et-ambassadrices\\\/#breadcrumb\"},\"inLanguage\":\"en-GB\",\"potentialAction\":[{\"@type\":\"ReadAction\",\"target\":[\"https:\\\/\\\/ihedn.fr\\\/actualites-des-sessions\\\/deai\\\/16e-briefing-des-ambassadeurs-et-ambassadrices\\\/\"]}]},{\"@type\":\"ImageObject\",\"inLanguage\":\"en-GB\",\"@id\":\"https:\\\/\\\/ihedn.fr\\\/actualites-des-sessions\\\/deai\\\/16e-briefing-des-ambassadeurs-et-ambassadrices\\\/#primaryimage\",\"url\":\"https:\\\/\\\/ihedn.fr\\\/wp-content\\\/uploads\\\/2021\\\/03\\\/Christophe-Penot-03.jpg\",\"contentUrl\":\"https:\\\/\\\/ihedn.fr\\\/wp-content\\\/uploads\\\/2021\\\/03\\\/Christophe-Penot-03.jpg\",\"width\":1369,\"height\":530,\"caption\":\"IHEDN | 3e briefing des ambassadeurs et ambassadrices : l'ambassadeur Christophe Penot\"},{\"@type\":\"BreadcrumbList\",\"@id\":\"https:\\\/\\\/ihedn.fr\\\/actualites-des-sessions\\\/deai\\\/16e-briefing-des-ambassadeurs-et-ambassadrices\\\/#breadcrumb\",\"itemListElement\":[{\"@type\":\"ListItem\",\"position\":1,\"name\":\"Accueil\",\"item\":\"https:\\\/\\\/ihedn.fr\\\/\"},{\"@type\":\"ListItem\",\"position\":2,\"name\":\"16e briefing des ambassadeurs et ambassadrices\"}]},{\"@type\":\"WebSite\",\"@id\":\"https:\\\/\\\/ihedn.fr\\\/#website\",\"url\":\"https:\\\/\\\/ihedn.fr\\\/\",\"name\":\"IHEDN : Institut des hautes \u00e9tudes de d\u00e9fense nationale |\",\"description\":\"Site officiel de l&#039;IHEDN plac\u00e9 sous la tutelle du Premier ministre.\",\"publisher\":{\"@id\":\"https:\\\/\\\/ihedn.fr\\\/#organization\"},\"potentialAction\":[{\"@type\":\"SearchAction\",\"target\":{\"@type\":\"EntryPoint\",\"urlTemplate\":\"https:\\\/\\\/ihedn.fr\\\/?s={search_term_string}\"},\"query-input\":{\"@type\":\"PropertyValueSpecification\",\"valueRequired\":true,\"valueName\":\"search_term_string\"}}],\"inLanguage\":\"en-GB\"},{\"@type\":\"Organization\",\"@id\":\"https:\\\/\\\/ihedn.fr\\\/#organization\",\"name\":\"IHEDN - Institut des Hautes Etudes de D\u00e9fense Nationale\",\"url\":\"https:\\\/\\\/ihedn.fr\\\/\",\"logo\":{\"@type\":\"ImageObject\",\"inLanguage\":\"en-GB\",\"@id\":\"https:\\\/\\\/ihedn.fr\\\/#\\\/schema\\\/logo\\\/image\\\/\",\"url\":\"https:\\\/\\\/ihedn.fr\\\/wp-content\\\/uploads\\\/2020\\\/11\\\/BLOC_RF_IHEDN_WEB.png\",\"contentUrl\":\"https:\\\/\\\/ihedn.fr\\\/wp-content\\\/uploads\\\/2020\\\/11\\\/BLOC_RF_IHEDN_WEB.png\",\"width\":500,\"height\":237,\"caption\":\"IHEDN - Institut des Hautes Etudes de D\u00e9fense Nationale\"},\"image\":{\"@id\":\"https:\\\/\\\/ihedn.fr\\\/#\\\/schema\\\/logo\\\/image\\\/\"},\"sameAs\":[\"https:\\\/\\\/www.facebook.com\\\/ihedn\\\/\",\"https:\\\/\\\/x.com\\\/IHEDN\",\"https:\\\/\\\/www.instagram.com\\\/ihedn\\\/\",\"https:\\\/\\\/www.linkedin.com\\\/school\\\/ihedn\\\/\",\"https:\\\/\\\/fr.wikipedia.org\\\/wiki\\\/Institut_des_hautes_\u00e9tudes_de_D\u00e9fense_nationale\"]},{\"@type\":\"Person\",\"@id\":\"https:\\\/\\\/ihedn.fr\\\/#\\\/schema\\\/person\\\/7a40155595e4efb35323447cb8c8c5a4\",\"name\":\"dev\",\"image\":{\"@type\":\"ImageObject\",\"inLanguage\":\"en-GB\",\"@id\":\"https:\\\/\\\/secure.gravatar.com\\\/avatar\\\/f1ffcac9ca2fa95ad3ec33e9be3ade82f752acb0cabe541e56c5889225afa88a?s=96&d=mm&r=g\",\"url\":\"https:\\\/\\\/secure.gravatar.com\\\/avatar\\\/f1ffcac9ca2fa95ad3ec33e9be3ade82f752acb0cabe541e56c5889225afa88a?s=96&d=mm&r=g\",\"contentUrl\":\"https:\\\/\\\/secure.gravatar.com\\\/avatar\\\/f1ffcac9ca2fa95ad3ec33e9be3ade82f752acb0cabe541e56c5889225afa88a?s=96&d=mm&r=g\",\"caption\":\"dev\"},\"sameAs\":[\"https:\\\/\\\/ihedn.concilium.click\"],\"url\":\"https:\\\/\\\/ihedn.fr\\\/en\\\/author\\\/dev\\\/\"}]}<\/script>\n<!-- \/ Yoast SEO plugin. -->","yoast_head_json":{"title":"16th Ambassadors' briefing - L'IHEDN : Institut des hautes \u00e9tudes de d\u00e9fense nationale","robots":{"index":"index","follow":"follow","max-snippet":"max-snippet:-1","max-image-preview":"max-image-preview:large","max-video-preview":"max-video-preview:-1"},"canonical":"https:\/\/ihedn.fr\/en\/actualites-des-sessions\/deai\/16e-briefing-des-ambassadeurs-et-ambassadrices\/","og_locale":"en_GB","og_type":"article","og_title":"16e briefing des ambassadeurs et ambassadrices - L&#039;IHEDN : Institut des hautes \u00e9tudes de d\u00e9fense nationale","og_description":"L\u2019Ambassadeur Christophe PENOT pr\u00e9sente la strat\u00e9gie fran\u00e7aise pour l\u2019Indopacifique","og_url":"https:\/\/ihedn.fr\/en\/actualites-des-sessions\/deai\/16e-briefing-des-ambassadeurs-et-ambassadrices\/","og_site_name":"L&#039;IHEDN : Institut des hautes \u00e9tudes de d\u00e9fense nationale","article_publisher":"https:\/\/www.facebook.com\/ihedn\/","article_published_time":"2021-03-31T15:53:03+00:00","article_modified_time":"2023-03-10T09:20:21+00:00","og_image":[{"width":1369,"height":530,"url":"https:\/\/ihedn.fr\/wp-content\/uploads\/2021\/03\/Christophe-Penot-03.jpg","type":"image\/jpeg"}],"author":"dev","twitter_card":"summary_large_image","twitter_creator":"@IHEDN","twitter_site":"@IHEDN","twitter_misc":{"Written by":"dev","Estimated reading time":"1 minute"},"schema":{"@context":"https:\/\/schema.org","@graph":[{"@type":"Article","@id":"https:\/\/ihedn.fr\/actualites-des-sessions\/deai\/16e-briefing-des-ambassadeurs-et-ambassadrices\/#article","isPartOf":{"@id":"https:\/\/ihedn.fr\/actualites-des-sessions\/deai\/16e-briefing-des-ambassadeurs-et-ambassadrices\/"},"author":{"name":"dev","@id":"https:\/\/ihedn.fr\/#\/schema\/person\/7a40155595e4efb35323447cb8c8c5a4"},"headline":"16e briefing des ambassadeurs et ambassadrices","datePublished":"2021-03-31T15:53:03+00:00","dateModified":"2023-03-10T09:20:21+00:00","mainEntityOfPage":{"@id":"https:\/\/ihedn.fr\/actualites-des-sessions\/deai\/16e-briefing-des-ambassadeurs-et-ambassadrices\/"},"wordCount":127,"publisher":{"@id":"https:\/\/ihedn.fr\/#organization"},"image":{"@id":"https:\/\/ihedn.fr\/actualites-des-sessions\/deai\/16e-briefing-des-ambassadeurs-et-ambassadrices\/#primaryimage"},"thumbnailUrl":"https:\/\/ihedn.fr\/wp-content\/uploads\/2021\/03\/Christophe-Penot-03.jpg","articleSection":["Notre actualit\u00e9"],"inLanguage":"en-GB"},{"@type":"WebPage","@id":"https:\/\/ihedn.fr\/actualites-des-sessions\/deai\/16e-briefing-des-ambassadeurs-et-ambassadrices\/","url":"https:\/\/ihedn.fr\/actualites-des-sessions\/deai\/16e-briefing-des-ambassadeurs-et-ambassadrices\/","name":"16th Ambassadors' briefing - L'IHEDN : Institut des hautes \u00e9tudes de d\u00e9fense nationale","isPartOf":{"@id":"https:\/\/ihedn.fr\/#website"},"primaryImageOfPage":{"@id":"https:\/\/ihedn.fr\/actualites-des-sessions\/deai\/16e-briefing-des-ambassadeurs-et-ambassadrices\/#primaryimage"},"image":{"@id":"https:\/\/ihedn.fr\/actualites-des-sessions\/deai\/16e-briefing-des-ambassadeurs-et-ambassadrices\/#primaryimage"},"thumbnailUrl":"https:\/\/ihedn.fr\/wp-content\/uploads\/2021\/03\/Christophe-Penot-03.jpg","datePublished":"2021-03-31T15:53:03+00:00","dateModified":"2023-03-10T09:20:21+00:00","breadcrumb":{"@id":"https:\/\/ihedn.fr\/actualites-des-sessions\/deai\/16e-briefing-des-ambassadeurs-et-ambassadrices\/#breadcrumb"},"inLanguage":"en-GB","potentialAction":[{"@type":"ReadAction","target":["https:\/\/ihedn.fr\/actualites-des-sessions\/deai\/16e-briefing-des-ambassadeurs-et-ambassadrices\/"]}]},{"@type":"ImageObject","inLanguage":"en-GB","@id":"https:\/\/ihedn.fr\/actualites-des-sessions\/deai\/16e-briefing-des-ambassadeurs-et-ambassadrices\/#primaryimage","url":"https:\/\/ihedn.fr\/wp-content\/uploads\/2021\/03\/Christophe-Penot-03.jpg","contentUrl":"https:\/\/ihedn.fr\/wp-content\/uploads\/2021\/03\/Christophe-Penot-03.jpg","width":1369,"height":530,"caption":"IHEDN | 3e briefing des ambassadeurs et ambassadrices : l'ambassadeur Christophe Penot"},{"@type":"BreadcrumbList","@id":"https:\/\/ihedn.fr\/actualites-des-sessions\/deai\/16e-briefing-des-ambassadeurs-et-ambassadrices\/#breadcrumb","itemListElement":[{"@type":"ListItem","position":1,"name":"Accueil","item":"https:\/\/ihedn.fr\/"},{"@type":"ListItem","position":2,"name":"16e briefing des ambassadeurs et ambassadrices"}]},{"@type":"WebSite","@id":"https:\/\/ihedn.fr\/#website","url":"https:\/\/ihedn.fr\/","name":"IHEDN: Institut des hautes \u00e9tudes de d\u00e9fense nationale (Institute for Higher National Defence Studies)","description":"Official website of the IHEDN under the supervision of the Prime Minister.","publisher":{"@id":"https:\/\/ihedn.fr\/#organization"},"potentialAction":[{"@type":"SearchAction","target":{"@type":"EntryPoint","urlTemplate":"https:\/\/ihedn.fr\/?s={search_term_string}"},"query-input":{"@type":"PropertyValueSpecification","valueRequired":true,"valueName":"search_term_string"}}],"inLanguage":"en-GB"},{"@type":"Organization","@id":"https:\/\/ihedn.fr\/#organization","name":"IHEDN - Institute for Higher National Defence Studies","url":"https:\/\/ihedn.fr\/","logo":{"@type":"ImageObject","inLanguage":"en-GB","@id":"https:\/\/ihedn.fr\/#\/schema\/logo\/image\/","url":"https:\/\/ihedn.fr\/wp-content\/uploads\/2020\/11\/BLOC_RF_IHEDN_WEB.png","contentUrl":"https:\/\/ihedn.fr\/wp-content\/uploads\/2020\/11\/BLOC_RF_IHEDN_WEB.png","width":500,"height":237,"caption":"IHEDN - Institut des Hautes Etudes de D\u00e9fense Nationale"},"image":{"@id":"https:\/\/ihedn.fr\/#\/schema\/logo\/image\/"},"sameAs":["https:\/\/www.facebook.com\/ihedn\/","https:\/\/x.com\/IHEDN","https:\/\/www.instagram.com\/ihedn\/","https:\/\/www.linkedin.com\/school\/ihedn\/","https:\/\/fr.wikipedia.org\/wiki\/Institut_des_hautes_\u00e9tudes_de_D\u00e9fense_nationale"]},{"@type":"Person","@id":"https:\/\/ihedn.fr\/#\/schema\/person\/7a40155595e4efb35323447cb8c8c5a4","name":"dev","image":{"@type":"ImageObject","inLanguage":"en-GB","@id":"https:\/\/secure.gravatar.com\/avatar\/f1ffcac9ca2fa95ad3ec33e9be3ade82f752acb0cabe541e56c5889225afa88a?s=96&d=mm&r=g","url":"https:\/\/secure.gravatar.com\/avatar\/f1ffcac9ca2fa95ad3ec33e9be3ade82f752acb0cabe541e56c5889225afa88a?s=96&d=mm&r=g","contentUrl":"https:\/\/secure.gravatar.com\/avatar\/f1ffcac9ca2fa95ad3ec33e9be3ade82f752acb0cabe541e56c5889225afa88a?s=96&d=mm&r=g","caption":"dev"},"sameAs":["https:\/\/ihedn.concilium.click"],"url":"https:\/\/ihedn.fr\/en\/author\/dev\/"}]}},"publishpress_future_action":{"enabled":false,"date":"2026-05-10 12:01:16","action":"change-status","newStatus":"draft","terms":[],"taxonomy":"category","extraData":[]},"publishpress_future_workflow_manual_trigger":{"enabledWorkflows":[]},"_links":{"self":[{"href":"https:\/\/ihedn.fr\/en\/wp-json\/wp\/v2\/posts\/9904","targetHints":{"allow":["GET"]}}],"collection":[{"href":"https:\/\/ihedn.fr\/en\/wp-json\/wp\/v2\/posts"}],"about":[{"href":"https:\/\/ihedn.fr\/en\/wp-json\/wp\/v2\/types\/post"}],"author":[{"embeddable":true,"href":"https:\/\/ihedn.fr\/en\/wp-json\/wp\/v2\/users\/1"}],"replies":[{"embeddable":true,"href":"https:\/\/ihedn.fr\/en\/wp-json\/wp\/v2\/comments?post=9904"}],"version-history":[{"count":6,"href":"https:\/\/ihedn.fr\/en\/wp-json\/wp\/v2\/posts\/9904\/revisions"}],"predecessor-version":[{"id":35835,"href":"https:\/\/ihedn.fr\/en\/wp-json\/wp\/v2\/posts\/9904\/revisions\/35835"}],"wp:featuredmedia":[{"embeddable":true,"href":"https:\/\/ihedn.fr\/en\/wp-json\/wp\/v2\/media\/9910"}],"wp:attachment":[{"href":"https:\/\/ihedn.fr\/en\/wp-json\/wp\/v2\/media?parent=9904"}],"wp:term":[{"taxonomy":"category","embeddable":true,"href":"https:\/\/ihedn.fr\/en\/wp-json\/wp\/v2\/categories?post=9904"},{"taxonomy":"post_tag","embeddable":true,"href":"https:\/\/ihedn.fr\/en\/wp-json\/wp\/v2\/tags?post=9904"}],"curies":[{"name":"wp","href":"https:\/\/api.w.org\/{rel}","templated":true}]}}