{"id":9942,"date":"2021-04-01T11:40:01","date_gmt":"2021-04-01T10:40:01","guid":{"rendered":"https:\/\/ihedn.fr\/?p=9942"},"modified":"2022-11-25T15:23:00","modified_gmt":"2022-11-25T14:23:00","slug":"quarantaine-en-rade-du-web-pour-le-navire-de-la-6e-sn-esm-pour-sa-mission-europe","status":"publish","type":"post","link":"https:\/\/ihedn.fr\/en\/notre-actualite\/quarantaine-en-rade-du-web-pour-le-navire-de-la-6e-sn-esm-pour-sa-mission-europe\/","title":{"rendered":"Quarantine in the web harbour for the 6th SN ESM ship on its \"Europe\" mission"},"content":{"rendered":"<div data-elementor-type=\"wp-post\" data-elementor-id=\"9942\" class=\"elementor elementor-9942\" data-elementor-post-type=\"post\">\n\t\t\t\t\t\t<section data-particle_enable=\"false\" data-particle-mobile-disabled=\"false\" class=\"elementor-section elementor-top-section elementor-element elementor-element-006e3ec elementor-section-boxed elementor-section-height-default elementor-section-height-default\" data-id=\"006e3ec\" data-element_type=\"section\" data-e-type=\"section\">\n\t\t\t\t\t\t<div class=\"elementor-container elementor-column-gap-default\">\n\t\t\t\t\t<div class=\"elementor-column elementor-col-100 elementor-top-column elementor-element elementor-element-b3e26a9\" data-id=\"b3e26a9\" data-element_type=\"column\" data-e-type=\"column\">\n\t\t\t<div class=\"elementor-widget-wrap elementor-element-populated\">\n\t\t\t\t\t\t<div class=\"elementor-element elementor-element-ce52fa1 elementor-widget elementor-widget-text-editor\" data-id=\"ce52fa1\" data-element_type=\"widget\" data-e-type=\"widget\" data-widget_type=\"text-editor.default\">\n\t\t\t\t<div class=\"elementor-widget-container\">\n\t\t\t\t\t\t\t\t\t<p>The \"Europe\" mission in Brussels for the 6<sup>e<\/sup> he national session on \"Maritime issues and strategies\" finally had to be held as a webinar due to the re-confinement imposed by the storm and the COVID spray that once again hit France and Belgium. However, thanks in particular to the support of \u00c9milia Didier, IHEDN's correspondent in Brussels, our friends in Brussels who are involved at the heart of the European institutions were able to keep up with the schedule. Listeners were able to find out about the major maritime issues facing the European Union, the policies and strategies implemented to deal with them, and how France is cooperating with its European allies to build a Europe capable of meeting the challenges of today's world. As these challenges continue to grow with the return of the powerful states, their policy of fait accompli, less respect for international law and the erosion of multilateralism, the EU's action in this context is taking on an increasingly strategic dimension.<\/p>\t\t\t\t\t\t\t\t<\/div>\n\t\t\t\t<\/div>\n\t\t\t\t\t<\/div>\n\t\t<\/div>\n\t\t\t\t\t<\/div>\n\t\t<\/section>\n\t\t\t\t<section data-particle_enable=\"false\" data-particle-mobile-disabled=\"false\" class=\"elementor-section elementor-top-section elementor-element elementor-element-6662b7f elementor-section-boxed elementor-section-height-default elementor-section-height-default\" data-id=\"6662b7f\" data-element_type=\"section\" data-e-type=\"section\">\n\t\t\t\t\t\t<div class=\"elementor-container elementor-column-gap-default\">\n\t\t\t\t\t<div class=\"elementor-column elementor-col-100 elementor-top-column elementor-element elementor-element-1187178\" data-id=\"1187178\" data-element_type=\"column\" data-e-type=\"column\">\n\t\t\t<div class=\"elementor-widget-wrap elementor-element-populated\">\n\t\t\t\t\t\t<div class=\"elementor-element elementor-element-e132a9d elementor-widget elementor-widget-text-editor\" data-id=\"e132a9d\" data-element_type=\"widget\" data-e-type=\"widget\" data-widget_type=\"text-editor.default\">\n\t\t\t\t<div class=\"elementor-widget-container\">\n\t\t\t\t\t\t\t\t\t<p>Claire Raulin, France's Ambassador to the EU's Political and Security Committee (PSC), put the web to good use on Monday morning, immediately immersing listeners in the European atmosphere. They were able to discover the growing importance of sovereignty concerns within the EU, the significant advances in security and defence, and the challenges posed by the forward-looking work being carried out as part of the 'strategic compass'. Vice-Admiral Henri Scricke, the French military representative to the European Union and NATO's Military Committee, emphasised the complementary nature of these two organisations in the military and maritime fields. He stressed the importance of taking into account the defence and security concerns of all the Member States and the need to anticipate by returning to the work of the \"strategic compass\". Finally, he showed how pragmatic and operational approaches far outweighed overly dogmatic positions, giving the example of the coordinated maritime presence (CMP).<\/p>\t\t\t\t\t\t\t\t<\/div>\n\t\t\t\t<\/div>\n\t\t\t\t\t<\/div>\n\t\t<\/div>\n\t\t\t\t\t<\/div>\n\t\t<\/section>\n\t\t\t\t<section data-particle_enable=\"false\" data-particle-mobile-disabled=\"false\" class=\"elementor-section elementor-top-section elementor-element elementor-element-018e572 elementor-section-boxed elementor-section-height-default elementor-section-height-default\" data-id=\"018e572\" data-element_type=\"section\" data-e-type=\"section\">\n\t\t\t\t\t\t<div class=\"elementor-container elementor-column-gap-default\">\n\t\t\t\t\t<div class=\"elementor-column elementor-col-100 elementor-top-column elementor-element elementor-element-4df7d75\" data-id=\"4df7d75\" data-element_type=\"column\" data-e-type=\"column\">\n\t\t\t<div class=\"elementor-widget-wrap elementor-element-populated\">\n\t\t\t\t\t\t<div class=\"elementor-element elementor-element-b746a0f elementor-widget elementor-widget-image\" data-id=\"b746a0f\" data-element_type=\"widget\" data-e-type=\"widget\" data-widget_type=\"image.default\">\n\t\t\t\t<div class=\"elementor-widget-container\">\n\t\t\t\t\t\t\t\t\t\t\t\t\t\t\t<img fetchpriority=\"high\" decoding=\"async\" width=\"1334\" height=\"750\" src=\"https:\/\/ihedn.fr\/wp-content\/uploads\/2021\/04\/IHEDN-la-6e-SN-ESM-pour-sa-mission-Europe_003.jpg\" class=\"attachment-full size-full wp-image-10018\" alt=\"IHEDN | la 6e SN ESM pour sa mission \u00ab Europe \u00bb \u00a9 IHEDN \u00a9\" \/>\t\t\t\t\t\t\t\t\t\t\t\t\t\t\t<\/div>\n\t\t\t\t<\/div>\n\t\t\t\t\t<\/div>\n\t\t<\/div>\n\t\t\t\t\t<\/div>\n\t\t<\/section>\n\t\t\t\t<section data-particle_enable=\"false\" data-particle-mobile-disabled=\"false\" class=\"elementor-section elementor-top-section elementor-element elementor-element-7254844 elementor-section-boxed elementor-section-height-default elementor-section-height-default\" data-id=\"7254844\" data-element_type=\"section\" data-e-type=\"section\">\n\t\t\t\t\t\t<div class=\"elementor-container elementor-column-gap-default\">\n\t\t\t\t\t<div class=\"elementor-column elementor-col-100 elementor-top-column elementor-element elementor-element-8ba195f\" data-id=\"8ba195f\" data-element_type=\"column\" data-e-type=\"column\">\n\t\t\t<div class=\"elementor-widget-wrap elementor-element-populated\">\n\t\t\t\t\t\t<div class=\"elementor-element elementor-element-9dd546f elementor-widget elementor-widget-text-editor\" data-id=\"9dd546f\" data-element_type=\"widget\" data-e-type=\"widget\" data-widget_type=\"text-editor.default\">\n\t\t\t\t<div class=\"elementor-widget-container\">\n\t\t\t\t\t\t\t\t\t<p>The afternoon began with a round-table discussion on the EU's maritime security challenges and action plan, featuring Christos Theophilou from DG Mare (the European Commission's Directorate-General for Maritime Affairs), G\u00e9raud Montagut from DG Mare's EEAS (European External Action Service) and Rear Admiral Jean-Marie Lhuissier, a specialist in information and communication systems. The audience had the opportunity to reflect and debate on a wide range of important subjects, including maritime cooperation between member states, the implementation of a maritime version of the permanent structured cooperation (PSC) adopted in October 2020, and the interoperability of member states' information systems.<\/p>\t\t\t\t\t\t\t\t<\/div>\n\t\t\t\t<\/div>\n\t\t\t\t\t<\/div>\n\t\t<\/div>\n\t\t\t\t\t<\/div>\n\t\t<\/section>\n\t\t\t\t<section data-particle_enable=\"false\" data-particle-mobile-disabled=\"false\" class=\"elementor-section elementor-top-section elementor-element elementor-element-a109366 elementor-section-boxed elementor-section-height-default elementor-section-height-default\" data-id=\"a109366\" data-element_type=\"section\" data-e-type=\"section\">\n\t\t\t\t\t\t<div class=\"elementor-container elementor-column-gap-default\">\n\t\t\t\t\t<div class=\"elementor-column elementor-col-100 elementor-top-column elementor-element elementor-element-5a29212\" data-id=\"5a29212\" data-element_type=\"column\" data-e-type=\"column\">\n\t\t\t<div class=\"elementor-widget-wrap elementor-element-populated\">\n\t\t\t\t\t\t<div class=\"elementor-element elementor-element-215189e elementor-widget elementor-widget-image\" data-id=\"215189e\" data-element_type=\"widget\" data-e-type=\"widget\" data-widget_type=\"image.default\">\n\t\t\t\t<div class=\"elementor-widget-container\">\n\t\t\t\t\t\t\t\t\t\t\t\t<figure class=\"wp-caption\">\n\t\t\t\t\t\t\t\t\t\t<img decoding=\"async\" width=\"1369\" height=\"772\" src=\"https:\/\/ihedn.fr\/wp-content\/uploads\/2021\/04\/IHEDN-la-6e-SN-ESM-pour-sa-mission-Europe_011.jpg\" class=\"attachment-full size-full wp-image-9954\" alt=\"IHEDN | la 6e SN ESM pour sa mission \u00ab Europe \u00bb \u00a9 IHEDN \u00a9\" \/>\t\t\t\t\t\t\t\t\t\t\t<figcaption class=\"widget-image-caption wp-caption-text\">Round table with Admiral Lhuissier, G\u00e9raud Montagut and Christos Theophilou<\/figcaption>\n\t\t\t\t\t\t\t\t\t\t<\/figure>\n\t\t\t\t\t\t\t\t\t<\/div>\n\t\t\t\t<\/div>\n\t\t\t\t\t<\/div>\n\t\t<\/div>\n\t\t\t\t\t<\/div>\n\t\t<\/section>\n\t\t\t\t<section data-particle_enable=\"false\" data-particle-mobile-disabled=\"false\" class=\"elementor-section elementor-top-section elementor-element elementor-element-34a89e9 elementor-section-boxed elementor-section-height-default elementor-section-height-default\" data-id=\"34a89e9\" data-element_type=\"section\" data-e-type=\"section\">\n\t\t\t\t\t\t<div class=\"elementor-container elementor-column-gap-default\">\n\t\t\t\t\t<div class=\"elementor-column elementor-col-100 elementor-top-column elementor-element elementor-element-64f6ed8\" data-id=\"64f6ed8\" data-element_type=\"column\" data-e-type=\"column\">\n\t\t\t<div class=\"elementor-widget-wrap elementor-element-populated\">\n\t\t\t\t\t\t<div class=\"elementor-element elementor-element-5f85b08 elementor-widget elementor-widget-text-editor\" data-id=\"5f85b08\" data-element_type=\"widget\" data-e-type=\"widget\" data-widget_type=\"text-editor.default\">\n\t\t\t\t<div class=\"elementor-widget-container\">\n\t\t\t\t\t\t\t\t\t<p>At the end of the afternoon, Pierre Karleskind MEP, Chairman of the European Parliament's Fisheries Committee and Vice-Chairman of the Committee on Biodiversity and the Intercommittee on the Sea, gave a presentation on the implementation of the European Union's Integrated Maritime Policy (IMP). He explained at length to the audience the internal negotiation process within the Parliament and its growing influence in negotiations, as no agreement can be concluded without its ratification. He recalled the success of the Common Fisheries Policy (CFP) and the importance of combating illegal, unreported and unregulated (IUU) fishing. Finally, his speech ended with some very rich discussions with the audience on the major challenges of Brexit, particularly for fisheries, where the issues at stake are a \"distillation\" of more global issues.<\/p>\t\t\t\t\t\t\t\t<\/div>\n\t\t\t\t<\/div>\n\t\t\t\t\t<\/div>\n\t\t<\/div>\n\t\t\t\t\t<\/div>\n\t\t<\/section>\n\t\t\t\t<section data-particle_enable=\"false\" data-particle-mobile-disabled=\"false\" class=\"elementor-section elementor-top-section elementor-element elementor-element-23d1df8 elementor-section-boxed elementor-section-height-default elementor-section-height-default\" data-id=\"23d1df8\" data-element_type=\"section\" data-e-type=\"section\">\n\t\t\t\t\t\t<div class=\"elementor-container elementor-column-gap-default\">\n\t\t\t\t\t<div class=\"elementor-column elementor-col-100 elementor-top-column elementor-element elementor-element-a78c297\" data-id=\"a78c297\" data-element_type=\"column\" data-e-type=\"column\">\n\t\t\t<div class=\"elementor-widget-wrap elementor-element-populated\">\n\t\t\t\t\t\t<div class=\"elementor-element elementor-element-69f1e15 elementor-widget elementor-widget-image\" data-id=\"69f1e15\" data-element_type=\"widget\" data-e-type=\"widget\" data-widget_type=\"image.default\">\n\t\t\t\t<div class=\"elementor-widget-container\">\n\t\t\t\t\t\t\t\t\t\t\t\t<figure class=\"wp-caption\">\n\t\t\t\t\t\t\t\t\t\t<img decoding=\"async\" width=\"1106\" height=\"732\" src=\"https:\/\/ihedn.fr\/wp-content\/uploads\/2021\/04\/IHEDN-la-6e-SN-ESM-pour-sa-mission-Europe_005.jpg\" class=\"attachment-full size-full wp-image-9949\" alt=\"IHEDN | la 6e SN ESM pour sa mission \u00ab Europe \u00bb \u00a9 IHEDN \u00a9\" \/>\t\t\t\t\t\t\t\t\t\t\t<figcaption class=\"widget-image-caption wp-caption-text\">Speech by Pierre Karleskin MP<\/figcaption>\n\t\t\t\t\t\t\t\t\t\t<\/figure>\n\t\t\t\t\t\t\t\t\t<\/div>\n\t\t\t\t<\/div>\n\t\t\t\t\t<\/div>\n\t\t<\/div>\n\t\t\t\t\t<\/div>\n\t\t<\/section>\n\t\t\t\t<section data-particle_enable=\"false\" data-particle-mobile-disabled=\"false\" class=\"elementor-section elementor-top-section elementor-element elementor-element-c2565ee elementor-section-boxed elementor-section-height-default elementor-section-height-default\" data-id=\"c2565ee\" data-element_type=\"section\" data-e-type=\"section\">\n\t\t\t\t\t\t<div class=\"elementor-container elementor-column-gap-default\">\n\t\t\t\t\t<div class=\"elementor-column elementor-col-100 elementor-top-column elementor-element elementor-element-071c54e\" data-id=\"071c54e\" data-element_type=\"column\" data-e-type=\"column\">\n\t\t\t<div class=\"elementor-widget-wrap elementor-element-populated\">\n\t\t\t\t\t\t<div class=\"elementor-element elementor-element-cda0464 elementor-widget elementor-widget-text-editor\" data-id=\"cda0464\" data-element_type=\"widget\" data-e-type=\"widget\" data-widget_type=\"text-editor.default\">\n\t\t\t\t<div class=\"elementor-widget-container\">\n\t\t\t\t\t\t\t\t\t<p>At the end of the day, the committees got back to their committee work, as the deadline for submitting the first version of their report in mid-April approached.<\/p>\t\t\t\t\t\t\t\t<\/div>\n\t\t\t\t<\/div>\n\t\t\t\t\t<\/div>\n\t\t<\/div>\n\t\t\t\t\t<\/div>\n\t\t<\/section>\n\t\t\t\t<section data-particle_enable=\"false\" data-particle-mobile-disabled=\"false\" class=\"elementor-section elementor-top-section elementor-element elementor-element-1946e8d elementor-section-boxed elementor-section-height-default elementor-section-height-default\" data-id=\"1946e8d\" data-element_type=\"section\" data-e-type=\"section\">\n\t\t\t\t\t\t<div class=\"elementor-container elementor-column-gap-default\">\n\t\t\t\t\t<div class=\"elementor-column elementor-col-100 elementor-top-column elementor-element elementor-element-5f3bca4\" data-id=\"5f3bca4\" data-element_type=\"column\" data-e-type=\"column\">\n\t\t\t<div class=\"elementor-widget-wrap elementor-element-populated\">\n\t\t\t\t\t\t<div class=\"elementor-element elementor-element-83c80ff elementor-widget elementor-widget-image\" data-id=\"83c80ff\" data-element_type=\"widget\" data-e-type=\"widget\" data-widget_type=\"image.default\">\n\t\t\t\t<div class=\"elementor-widget-container\">\n\t\t\t\t\t\t\t\t\t\t\t\t<figure class=\"wp-caption\">\n\t\t\t\t\t\t\t\t\t\t<img loading=\"lazy\" decoding=\"async\" width=\"1369\" height=\"780\" src=\"https:\/\/ihedn.fr\/wp-content\/uploads\/2021\/04\/IHEDN-la-6e-SN-ESM-pour-sa-mission-Europe_012.jpg\" class=\"attachment-full size-full wp-image-9955\" alt=\"IHEDN | la 6e SN ESM pour sa mission \u00ab Europe \u00bb \u00a9 IHEDN \u00a9\" \/>\t\t\t\t\t\t\t\t\t\t\t<figcaption class=\"widget-image-caption wp-caption-text\">Auditors smile as they work on their assignments<\/figcaption>\n\t\t\t\t\t\t\t\t\t\t<\/figure>\n\t\t\t\t\t\t\t\t\t<\/div>\n\t\t\t\t<\/div>\n\t\t\t\t\t<\/div>\n\t\t<\/div>\n\t\t\t\t\t<\/div>\n\t\t<\/section>\n\t\t\t\t<section data-particle_enable=\"false\" data-particle-mobile-disabled=\"false\" class=\"elementor-section elementor-top-section elementor-element elementor-element-dd9d45b elementor-section-boxed elementor-section-height-default elementor-section-height-default\" data-id=\"dd9d45b\" data-element_type=\"section\" data-e-type=\"section\">\n\t\t\t\t\t\t<div class=\"elementor-container elementor-column-gap-default\">\n\t\t\t\t\t<div class=\"elementor-column elementor-col-100 elementor-top-column elementor-element elementor-element-3882639\" data-id=\"3882639\" data-element_type=\"column\" data-e-type=\"column\">\n\t\t\t<div class=\"elementor-widget-wrap elementor-element-populated\">\n\t\t\t\t\t\t<div class=\"elementor-element elementor-element-062365a elementor-widget elementor-widget-text-editor\" data-id=\"062365a\" data-element_type=\"widget\" data-e-type=\"widget\" data-widget_type=\"text-editor.default\">\n\t\t\t\t<div class=\"elementor-widget-container\">\n\t\t\t\t\t\t\t\t\t<p>Tuesday was devoted more to speakers from the European institutions. A first round table on 'Permanent Structured Cooperation' (PSC) brought together Arnaud Migoux, Head of Sector at the EEAS, the Engineer General of Armaments Yves Caleca, Armaments Advisor at the EUPR and Fran\u00e7ois Dupont from Naval Group. The audience was able to discover unsuspected advances in the field of defence that would have been inconceivable less than 10 years ago, such as the creation of the European Defence Fund (EDF) and the rise of this PSC in the operational and capability fields.\u00a0\u00a0\u00a0<\/p>\t\t\t\t\t\t\t\t<\/div>\n\t\t\t\t<\/div>\n\t\t\t\t\t<\/div>\n\t\t<\/div>\n\t\t\t\t\t<\/div>\n\t\t<\/section>\n\t\t\t\t<section data-particle_enable=\"false\" data-particle-mobile-disabled=\"false\" class=\"elementor-section elementor-top-section elementor-element elementor-element-1ae43cd elementor-section-boxed elementor-section-height-default elementor-section-height-default\" data-id=\"1ae43cd\" data-element_type=\"section\" data-e-type=\"section\">\n\t\t\t\t\t\t<div class=\"elementor-container elementor-column-gap-default\">\n\t\t\t\t\t<div class=\"elementor-column elementor-col-100 elementor-top-column elementor-element elementor-element-a8cdb33\" data-id=\"a8cdb33\" data-element_type=\"column\" data-e-type=\"column\">\n\t\t\t<div class=\"elementor-widget-wrap elementor-element-populated\">\n\t\t\t\t\t\t<div class=\"elementor-element elementor-element-940653b elementor-widget elementor-widget-image\" data-id=\"940653b\" data-element_type=\"widget\" data-e-type=\"widget\" data-widget_type=\"image.default\">\n\t\t\t\t<div class=\"elementor-widget-container\">\n\t\t\t\t\t\t\t\t\t\t\t\t<figure class=\"wp-caption\">\n\t\t\t\t\t\t\t\t\t\t<img loading=\"lazy\" decoding=\"async\" width=\"1369\" height=\"698\" src=\"https:\/\/ihedn.fr\/wp-content\/uploads\/2021\/04\/IHEDN-la-6e-SN-ESM-pour-sa-mission-Europe_006.jpg\" class=\"attachment-full size-full wp-image-9950\" alt=\"IHEDN | la 6e SN ESM pour sa mission \u00ab Europe \u00bb \u00a9 IHEDN \u00a9\" \/>\t\t\t\t\t\t\t\t\t\t\t<figcaption class=\"widget-image-caption wp-caption-text\">Round table with Engineer General Caleca, Arnaud Migoux and Fran\u00e7ois Dupont<\/figcaption>\n\t\t\t\t\t\t\t\t\t\t<\/figure>\n\t\t\t\t\t\t\t\t\t<\/div>\n\t\t\t\t<\/div>\n\t\t\t\t\t<\/div>\n\t\t<\/div>\n\t\t\t\t\t<\/div>\n\t\t<\/section>\n\t\t\t\t<section data-particle_enable=\"false\" data-particle-mobile-disabled=\"false\" class=\"elementor-section elementor-top-section elementor-element elementor-element-abddba2 elementor-section-boxed elementor-section-height-default elementor-section-height-default\" data-id=\"abddba2\" data-element_type=\"section\" data-e-type=\"section\">\n\t\t\t\t\t\t<div class=\"elementor-container elementor-column-gap-default\">\n\t\t\t\t\t<div class=\"elementor-column elementor-col-100 elementor-top-column elementor-element elementor-element-605ff04\" data-id=\"605ff04\" data-element_type=\"column\" data-e-type=\"column\">\n\t\t\t<div class=\"elementor-widget-wrap elementor-element-populated\">\n\t\t\t\t\t\t<div class=\"elementor-element elementor-element-3071ad2 elementor-widget elementor-widget-text-editor\" data-id=\"3071ad2\" data-element_type=\"widget\" data-e-type=\"widget\" data-widget_type=\"text-editor.default\">\n\t\t\t\t<div class=\"elementor-widget-container\">\n\t\t\t\t\t\t\t\t\t<p>Th\u00e9o Barbe and Paul Avrillier, the EUPR's fisheries and transport advisors, then gave listeners an insight into how the Common Fisheries Policy (CFP) has helped certain fish stocks to recover and the efforts made by the EU to limit pollution from ships. All these representatives of France in Brussels contribute, each at their own level, to improving dialogue and understanding between the national and Community levels and to promoting France's vision, positions and interests to its European partners.<\/p>\t\t\t\t\t\t\t\t<\/div>\n\t\t\t\t<\/div>\n\t\t\t\t\t<\/div>\n\t\t<\/div>\n\t\t\t\t\t<\/div>\n\t\t<\/section>\n\t\t\t\t<section data-particle_enable=\"false\" data-particle-mobile-disabled=\"false\" class=\"elementor-section elementor-top-section elementor-element elementor-element-acbe22c elementor-section-boxed elementor-section-height-default elementor-section-height-default\" data-id=\"acbe22c\" data-element_type=\"section\" data-e-type=\"section\">\n\t\t\t\t\t\t<div class=\"elementor-container elementor-column-gap-default\">\n\t\t\t\t\t<div class=\"elementor-column elementor-col-100 elementor-top-column elementor-element elementor-element-360cd25\" data-id=\"360cd25\" data-element_type=\"column\" data-e-type=\"column\">\n\t\t\t<div class=\"elementor-widget-wrap elementor-element-populated\">\n\t\t\t\t\t\t<div class=\"elementor-element elementor-element-d17e7ab elementor-widget elementor-widget-image\" data-id=\"d17e7ab\" data-element_type=\"widget\" data-e-type=\"widget\" data-widget_type=\"image.default\">\n\t\t\t\t<div class=\"elementor-widget-container\">\n\t\t\t\t\t\t\t\t\t\t\t\t<figure class=\"wp-caption\">\n\t\t\t\t\t\t\t\t\t\t<img loading=\"lazy\" decoding=\"async\" width=\"1161\" height=\"766\" src=\"https:\/\/ihedn.fr\/wp-content\/uploads\/2021\/04\/IHEDN-la-6e-SN-ESM-pour-sa-mission-Europe_007.jpg\" class=\"attachment-full size-full wp-image-9951\" alt=\"IHEDN | la 6e SN ESM pour sa mission \u00ab Europe \u00bb \u00a9 IHEDN \u00a9\" \/>\t\t\t\t\t\t\t\t\t\t\t<figcaption class=\"widget-image-caption wp-caption-text\">Th\u00e9o Barbe listens attentively to listeners' questions about fishing<\/figcaption>\n\t\t\t\t\t\t\t\t\t\t<\/figure>\n\t\t\t\t\t\t\t\t\t<\/div>\n\t\t\t\t<\/div>\n\t\t\t\t\t<\/div>\n\t\t<\/div>\n\t\t\t\t\t<\/div>\n\t\t<\/section>\n\t\t\t\t<section data-particle_enable=\"false\" data-particle-mobile-disabled=\"false\" class=\"elementor-section elementor-top-section elementor-element elementor-element-ed422e2 elementor-section-boxed elementor-section-height-default elementor-section-height-default\" data-id=\"ed422e2\" data-element_type=\"section\" data-e-type=\"section\">\n\t\t\t\t\t\t<div class=\"elementor-container elementor-column-gap-default\">\n\t\t\t\t\t<div class=\"elementor-column elementor-col-100 elementor-top-column elementor-element elementor-element-027904b\" data-id=\"027904b\" data-element_type=\"column\" data-e-type=\"column\">\n\t\t\t<div class=\"elementor-widget-wrap elementor-element-populated\">\n\t\t\t\t\t\t<div class=\"elementor-element elementor-element-961c648 elementor-widget elementor-widget-image\" data-id=\"961c648\" data-element_type=\"widget\" data-e-type=\"widget\" data-widget_type=\"image.default\">\n\t\t\t\t<div class=\"elementor-widget-container\">\n\t\t\t\t\t\t\t\t\t\t\t\t<figure class=\"wp-caption\">\n\t\t\t\t\t\t\t\t\t\t<img loading=\"lazy\" decoding=\"async\" width=\"800\" height=\"664\" src=\"https:\/\/ihedn.fr\/wp-content\/uploads\/2021\/04\/IHEDN-la-6e-SN-ESM-pour-sa-mission-Europe_008-1024x850.jpg\" class=\"attachment-large size-large wp-image-9952\" alt=\"IHEDN | la 6e SN ESM pour sa mission \u00ab Europe \u00bb \u00a9 IHEDN \u00a9\" \/>\t\t\t\t\t\t\t\t\t\t\t<figcaption class=\"widget-image-caption wp-caption-text\">Paul Avrillier explaining to listeners the issues involved in limiting pollution from ships<\/figcaption>\n\t\t\t\t\t\t\t\t\t\t<\/figure>\n\t\t\t\t\t\t\t\t\t<\/div>\n\t\t\t\t<\/div>\n\t\t\t\t\t<\/div>\n\t\t<\/div>\n\t\t\t\t\t<\/div>\n\t\t<\/section>\n\t\t\t\t<section data-particle_enable=\"false\" data-particle-mobile-disabled=\"false\" class=\"elementor-section elementor-top-section elementor-element elementor-element-2ca500c elementor-section-boxed elementor-section-height-default elementor-section-height-default\" data-id=\"2ca500c\" data-element_type=\"section\" data-e-type=\"section\">\n\t\t\t\t\t\t<div class=\"elementor-container elementor-column-gap-default\">\n\t\t\t\t\t<div class=\"elementor-column elementor-col-100 elementor-top-column elementor-element elementor-element-c718fce\" data-id=\"c718fce\" data-element_type=\"column\" data-e-type=\"column\">\n\t\t\t<div class=\"elementor-widget-wrap elementor-element-populated\">\n\t\t\t\t\t\t<div class=\"elementor-element elementor-element-74d9758 elementor-widget elementor-widget-text-editor\" data-id=\"74d9758\" data-element_type=\"widget\" data-e-type=\"widget\" data-widget_type=\"text-editor.default\">\n\t\t\t\t<div class=\"elementor-widget-container\">\n\t\t\t\t\t\t\t\t\t<p>F\u00e9lix Leinemann and Reka Rozsavolgyi, from DG Mare, then joined forces to lead the debates on the blue economy, for a sustainable maritime economy. F\u00e9lix Leinemann spoke about the major issues relating to Europe's strategic autonomy and the challenge that the establishment of a circular economy represents for the EU. The challenge is to ensure the sustainability of value chains and to strike the right balance between the climate, the protection of biodiversity and the rational exploitation of the seas and oceans, while at the same time not distorting competition to the detriment of European businesses.<\/p>\t\t\t\t\t\t\t\t<\/div>\n\t\t\t\t<\/div>\n\t\t\t\t\t<\/div>\n\t\t<\/div>\n\t\t\t\t\t<\/div>\n\t\t<\/section>\n\t\t\t\t<section data-particle_enable=\"false\" data-particle-mobile-disabled=\"false\" class=\"elementor-section elementor-top-section elementor-element elementor-element-8b0ae30 elementor-section-boxed elementor-section-height-default elementor-section-height-default\" data-id=\"8b0ae30\" data-element_type=\"section\" data-e-type=\"section\">\n\t\t\t\t\t\t<div class=\"elementor-container elementor-column-gap-default\">\n\t\t\t\t\t<div class=\"elementor-column elementor-col-100 elementor-top-column elementor-element elementor-element-8d6fdb4\" data-id=\"8d6fdb4\" data-element_type=\"column\" data-e-type=\"column\">\n\t\t\t<div class=\"elementor-widget-wrap elementor-element-populated\">\n\t\t\t\t\t\t<div class=\"elementor-element elementor-element-863f941 elementor-widget elementor-widget-image\" data-id=\"863f941\" data-element_type=\"widget\" data-e-type=\"widget\" data-widget_type=\"image.default\">\n\t\t\t\t<div class=\"elementor-widget-container\">\n\t\t\t\t\t\t\t\t\t\t\t\t<figure class=\"wp-caption\">\n\t\t\t\t\t\t\t\t\t\t<img loading=\"lazy\" decoding=\"async\" width=\"1289\" height=\"761\" src=\"https:\/\/ihedn.fr\/wp-content\/uploads\/2021\/04\/IHEDN-la-6e-SN-ESM-pour-sa-mission-Europe_002.jpg\" class=\"attachment-full size-full wp-image-9947\" alt=\"IHEDN | la 6e SN ESM pour sa mission \u00ab Europe \u00bb \u00a9 IHEDN \u00a9\" \/>\t\t\t\t\t\t\t\t\t\t\t<figcaption class=\"widget-image-caption wp-caption-text\">Speech by Reka Rozsavolgyi and F\u00e9lix Leinemann<\/figcaption>\n\t\t\t\t\t\t\t\t\t\t<\/figure>\n\t\t\t\t\t\t\t\t\t<\/div>\n\t\t\t\t<\/div>\n\t\t\t\t\t<\/div>\n\t\t<\/div>\n\t\t\t\t\t<\/div>\n\t\t<\/section>\n\t\t\t\t<section data-particle_enable=\"false\" data-particle-mobile-disabled=\"false\" class=\"elementor-section elementor-top-section elementor-element elementor-element-575dce6 elementor-section-boxed elementor-section-height-default elementor-section-height-default\" data-id=\"575dce6\" data-element_type=\"section\" data-e-type=\"section\">\n\t\t\t\t\t\t<div class=\"elementor-container elementor-column-gap-default\">\n\t\t\t\t\t<div class=\"elementor-column elementor-col-100 elementor-top-column elementor-element elementor-element-2b3b143\" data-id=\"2b3b143\" data-element_type=\"column\" data-e-type=\"column\">\n\t\t\t<div class=\"elementor-widget-wrap elementor-element-populated\">\n\t\t\t\t\t\t<div class=\"elementor-element elementor-element-7872a40 elementor-widget elementor-widget-text-editor\" data-id=\"7872a40\" data-element_type=\"widget\" data-e-type=\"widget\" data-widget_type=\"text-editor.default\">\n\t\t\t\t<div class=\"elementor-widget-container\">\n\t\t\t\t\t\t\t\t\t<p>The second spoke about regional strategies by maritime basin, with a focus on the Atlantic strategy. She detailed the Atlantic strategic action plan adopted by the Commission in May 2013, highlighting its main priorities:<\/p><ul><li>promoting innovation and entrepreneurship ;<\/li><li>ensure the protection and safety of the marine environment and coasts ;<\/li><li>improve accessibility and connectivity<\/li><li>finally, to create a socially inclusive and sustainable development model.<\/li><\/ul>\t\t\t\t\t\t\t\t<\/div>\n\t\t\t\t<\/div>\n\t\t\t\t\t<\/div>\n\t\t<\/div>\n\t\t\t\t\t<\/div>\n\t\t<\/section>\n\t\t\t\t<section data-particle_enable=\"false\" data-particle-mobile-disabled=\"false\" class=\"elementor-section elementor-top-section elementor-element elementor-element-a2c9e73 elementor-section-boxed elementor-section-height-default elementor-section-height-default\" data-id=\"a2c9e73\" data-element_type=\"section\" data-e-type=\"section\">\n\t\t\t\t\t\t<div class=\"elementor-container elementor-column-gap-default\">\n\t\t\t\t\t<div class=\"elementor-column elementor-col-100 elementor-top-column elementor-element elementor-element-b4b7ec9\" data-id=\"b4b7ec9\" data-element_type=\"column\" data-e-type=\"column\">\n\t\t\t<div class=\"elementor-widget-wrap elementor-element-populated\">\n\t\t\t\t\t\t<div class=\"elementor-element elementor-element-55f27cc elementor-widget elementor-widget-text-editor\" data-id=\"55f27cc\" data-element_type=\"widget\" data-e-type=\"widget\" data-widget_type=\"text-editor.default\">\n\t\t\t\t<div class=\"elementor-widget-container\">\n\t\t\t\t\t\t\t\t\t<p>The auditors were able to discover a particularly impressive list of projects carried out within this framework.<\/p>\t\t\t\t\t\t\t\t<\/div>\n\t\t\t\t<\/div>\n\t\t\t\t\t<\/div>\n\t\t<\/div>\n\t\t\t\t\t<\/div>\n\t\t<\/section>\n\t\t\t\t<section data-particle_enable=\"false\" data-particle-mobile-disabled=\"false\" class=\"elementor-section elementor-top-section elementor-element elementor-element-eb44741 elementor-section-boxed elementor-section-height-default elementor-section-height-default\" data-id=\"eb44741\" data-element_type=\"section\" data-e-type=\"section\">\n\t\t\t\t\t\t<div class=\"elementor-container elementor-column-gap-default\">\n\t\t\t\t\t<div class=\"elementor-column elementor-col-100 elementor-top-column elementor-element elementor-element-af8bbc7\" data-id=\"af8bbc7\" data-element_type=\"column\" data-e-type=\"column\">\n\t\t\t<div class=\"elementor-widget-wrap elementor-element-populated\">\n\t\t\t\t\t\t<div class=\"elementor-element elementor-element-b894c9a elementor-widget elementor-widget-text-editor\" data-id=\"b894c9a\" data-element_type=\"widget\" data-e-type=\"widget\" data-widget_type=\"text-editor.default\">\n\t\t\t\t<div class=\"elementor-widget-container\">\n\t\t\t\t\t\t\t\t\t<p>Finally, Genevi\u00e8ve Pons, Director General for Europe at the Institut Europe Jacques Delors, brought the seminar to a close with a flourish by presenting the mission of the Jacques Delors Institute to the audience. <strong>Starfish 2030, <\/strong>designed to maintain, protect and restore aquatic environments, including those located on national territory.<\/p><p>It is structured around five themes:<\/p><ul><li>enrich knowledge and create an emotional bond,<\/li><li>zero pollution,<\/li><li>improve governance,<\/li><li>regenerate marine and aquatic ecosystems<\/li><li>decarbonising our oceans, seas and waters.<\/li><\/ul>\t\t\t\t\t\t\t\t<\/div>\n\t\t\t\t<\/div>\n\t\t\t\t\t<\/div>\n\t\t<\/div>\n\t\t\t\t\t<\/div>\n\t\t<\/section>\n\t\t\t\t<section data-particle_enable=\"false\" data-particle-mobile-disabled=\"false\" class=\"elementor-section elementor-top-section elementor-element elementor-element-5d4ab68 elementor-section-boxed elementor-section-height-default elementor-section-height-default\" data-id=\"5d4ab68\" data-element_type=\"section\" data-e-type=\"section\">\n\t\t\t\t\t\t<div class=\"elementor-container elementor-column-gap-default\">\n\t\t\t\t\t<div class=\"elementor-column elementor-col-50 elementor-top-column elementor-element elementor-element-3c25124\" data-id=\"3c25124\" data-element_type=\"column\" data-e-type=\"column\">\n\t\t\t<div class=\"elementor-widget-wrap elementor-element-populated\">\n\t\t\t\t\t\t<div class=\"elementor-element elementor-element-d48f48b elementor-widget elementor-widget-image\" data-id=\"d48f48b\" data-element_type=\"widget\" data-e-type=\"widget\" data-widget_type=\"image.default\">\n\t\t\t\t<div class=\"elementor-widget-container\">\n\t\t\t\t\t\t\t\t\t\t\t\t<figure class=\"wp-caption\">\n\t\t\t\t\t\t\t\t\t\t<img loading=\"lazy\" decoding=\"async\" width=\"1696\" height=\"985\" src=\"https:\/\/ihedn.fr\/wp-content\/uploads\/2021\/04\/IHEDN-la-6e-SN-ESM-pour-sa-mission-Europe_009.jpg\" class=\"attachment-full size-full wp-image-9953\" alt=\"IHEDN | la 6e SN ESM pour sa mission \u00ab Europe \u00bb \u00a9 IHEDN \u00a9\" srcset=\"https:\/\/ihedn.fr\/wp-content\/uploads\/2021\/04\/IHEDN-la-6e-SN-ESM-pour-sa-mission-Europe_009.jpg 1696w, https:\/\/ihedn.fr\/wp-content\/uploads\/2021\/04\/IHEDN-la-6e-SN-ESM-pour-sa-mission-Europe_009-1536x892.jpg 1536w\" sizes=\"(max-width: 1696px) 100vw, 1696px\" \/>\t\t\t\t\t\t\t\t\t\t\t<figcaption class=\"widget-image-caption wp-caption-text\">Presentation of the Starfish 2030 mission by Genevi\u00e8ve Pons<\/figcaption>\n\t\t\t\t\t\t\t\t\t\t<\/figure>\n\t\t\t\t\t\t\t\t\t<\/div>\n\t\t\t\t<\/div>\n\t\t\t\t\t<\/div>\n\t\t<\/div>\n\t\t\t\t<div class=\"elementor-column elementor-col-50 elementor-top-column elementor-element elementor-element-866fcfa\" data-id=\"866fcfa\" data-element_type=\"column\" data-e-type=\"column\">\n\t\t\t<div class=\"elementor-widget-wrap elementor-element-populated\">\n\t\t\t\t\t\t<div class=\"elementor-element elementor-element-fde2577 elementor-widget elementor-widget-image\" data-id=\"fde2577\" data-element_type=\"widget\" data-e-type=\"widget\" data-widget_type=\"image.default\">\n\t\t\t\t<div class=\"elementor-widget-container\">\n\t\t\t\t\t\t\t\t\t\t\t\t\t\t\t<img loading=\"lazy\" decoding=\"async\" width=\"1680\" height=\"945\" src=\"https:\/\/ihedn.fr\/wp-content\/uploads\/2021\/04\/Startfish4.jpg\" class=\"attachment-full size-full wp-image-9944\" alt=\"IHEDN | la 6e SN ESM pour sa mission \u00ab Europe \u00bb \u00a9 IHEDN \u00a9\" srcset=\"https:\/\/ihedn.fr\/wp-content\/uploads\/2021\/04\/Startfish4.jpg 1680w, https:\/\/ihedn.fr\/wp-content\/uploads\/2021\/04\/Startfish4-1536x864.jpg 1536w\" sizes=\"(max-width: 1680px) 100vw, 1680px\" \/>\t\t\t\t\t\t\t\t\t\t\t\t\t\t\t<\/div>\n\t\t\t\t<\/div>\n\t\t\t\t\t<\/div>\n\t\t<\/div>\n\t\t\t\t\t<\/div>\n\t\t<\/section>\n\t\t\t\t<\/div>","protected":false},"excerpt":{"rendered":"<p>La mission \u00ab Europe \u00bb \u00e0 Bruxelles de la 6e session nationale \u00ab\u00a0Enjeux et strat\u00e9gies maritimes\u00a0\u00bb a d\u00fb finalement se d\u00e9rouler en webinaire en raison du re-confinement impos\u00e9 par la temp\u00eate et les embruns COVID qui ont \u00e0 nouveau frapp\u00e9 la France et la Belgique. Mais en particulier gr\u00e2ce au soutien d\u2019\u00c9milia Didier, correspondante de [&hellip;]<\/p>\n","protected":false},"author":1,"featured_media":9955,"comment_status":"closed","ping_status":"closed","sticky":false,"template":"","format":"standard","meta":{"footnotes":""},"categories":[172],"tags":[],"class_list":["post-9942","post","type-post","status-publish","format-standard","has-post-thumbnail","hentry","category-notre-actualite"],"yoast_head":"<!-- This site is optimized with the Yoast SEO plugin v27.5 - https:\/\/yoast.com\/product\/yoast-seo-wordpress\/ -->\n<title>Quarantaine en rade du web pour le navire de la 6e SN ESM pour sa mission \u00ab Europe \u00bb - L&#039;IHEDN : Institut des hautes \u00e9tudes de d\u00e9fense nationale<\/title>\n<meta name=\"robots\" content=\"index, follow, max-snippet:-1, max-image-preview:large, max-video-preview:-1\" \/>\n<link rel=\"canonical\" href=\"https:\/\/ihedn.fr\/en\/actualites-des-sessions\/quarantaine-en-rade-du-web-pour-le-navire-de-la-6e-sn-esm-pour-sa-mission-europe\/\" \/>\n<meta property=\"og:locale\" content=\"en_GB\" \/>\n<meta property=\"og:type\" content=\"article\" \/>\n<meta property=\"og:title\" content=\"Quarantaine en rade du web pour le navire de la 6e SN ESM pour sa mission \u00ab Europe \u00bb - L&#039;IHEDN : Institut des hautes \u00e9tudes de d\u00e9fense nationale\" \/>\n<meta property=\"og:description\" content=\"La mission \u00ab Europe \u00bb \u00e0 Bruxelles de la 6e session nationale \u00ab\u00a0Enjeux et strat\u00e9gies maritimes\u00a0\u00bb a d\u00fb finalement se d\u00e9rouler en webinaire en raison du re-confinement impos\u00e9 par la temp\u00eate et les embruns COVID qui ont \u00e0 nouveau frapp\u00e9 la France et la Belgique. Mais en particulier gr\u00e2ce au soutien d\u2019\u00c9milia Didier, correspondante de [&hellip;]\" \/>\n<meta property=\"og:url\" content=\"https:\/\/ihedn.fr\/en\/actualites-des-sessions\/quarantaine-en-rade-du-web-pour-le-navire-de-la-6e-sn-esm-pour-sa-mission-europe\/\" \/>\n<meta property=\"og:site_name\" content=\"L&#039;IHEDN : Institut des hautes \u00e9tudes de d\u00e9fense nationale\" \/>\n<meta property=\"article:publisher\" content=\"https:\/\/www.facebook.com\/ihedn\/\" \/>\n<meta property=\"article:published_time\" content=\"2021-04-01T10:40:01+00:00\" \/>\n<meta property=\"article:modified_time\" content=\"2022-11-25T14:23:00+00:00\" \/>\n<meta property=\"og:image\" content=\"https:\/\/ihedn.fr\/wp-content\/uploads\/2021\/04\/IHEDN-la-6e-SN-ESM-pour-sa-mission-Europe_012.jpg\" \/>\n\t<meta property=\"og:image:width\" content=\"1369\" \/>\n\t<meta property=\"og:image:height\" content=\"780\" \/>\n\t<meta property=\"og:image:type\" content=\"image\/jpeg\" \/>\n<meta name=\"author\" content=\"dev\" \/>\n<meta name=\"twitter:card\" content=\"summary_large_image\" \/>\n<meta name=\"twitter:creator\" content=\"@IHEDN\" \/>\n<meta name=\"twitter:site\" content=\"@IHEDN\" \/>\n<meta name=\"twitter:label1\" content=\"Written by\" \/>\n\t<meta name=\"twitter:data1\" content=\"dev\" \/>\n\t<meta name=\"twitter:label2\" content=\"Estimated reading time\" \/>\n\t<meta name=\"twitter:data2\" content=\"7 minutes\" \/>\n<script type=\"application\/ld+json\" class=\"yoast-schema-graph\">{\"@context\":\"https:\\\/\\\/schema.org\",\"@graph\":[{\"@type\":\"Article\",\"@id\":\"https:\\\/\\\/ihedn.fr\\\/actualites-des-sessions\\\/quarantaine-en-rade-du-web-pour-le-navire-de-la-6e-sn-esm-pour-sa-mission-europe\\\/#article\",\"isPartOf\":{\"@id\":\"https:\\\/\\\/ihedn.fr\\\/actualites-des-sessions\\\/quarantaine-en-rade-du-web-pour-le-navire-de-la-6e-sn-esm-pour-sa-mission-europe\\\/\"},\"author\":{\"name\":\"dev\",\"@id\":\"https:\\\/\\\/ihedn.fr\\\/#\\\/schema\\\/person\\\/7a40155595e4efb35323447cb8c8c5a4\"},\"headline\":\"Quarantaine en rade du web pour le navire de la 6e SN ESM pour sa mission \u00ab Europe \u00bb\",\"datePublished\":\"2021-04-01T10:40:01+00:00\",\"dateModified\":\"2022-11-25T14:23:00+00:00\",\"mainEntityOfPage\":{\"@id\":\"https:\\\/\\\/ihedn.fr\\\/actualites-des-sessions\\\/quarantaine-en-rade-du-web-pour-le-navire-de-la-6e-sn-esm-pour-sa-mission-europe\\\/\"},\"wordCount\":1366,\"publisher\":{\"@id\":\"https:\\\/\\\/ihedn.fr\\\/#organization\"},\"image\":{\"@id\":\"https:\\\/\\\/ihedn.fr\\\/actualites-des-sessions\\\/quarantaine-en-rade-du-web-pour-le-navire-de-la-6e-sn-esm-pour-sa-mission-europe\\\/#primaryimage\"},\"thumbnailUrl\":\"https:\\\/\\\/ihedn.fr\\\/wp-content\\\/uploads\\\/2021\\\/04\\\/IHEDN-la-6e-SN-ESM-pour-sa-mission-Europe_012.jpg\",\"articleSection\":[\"Notre actualit\u00e9\"],\"inLanguage\":\"en-GB\"},{\"@type\":\"WebPage\",\"@id\":\"https:\\\/\\\/ihedn.fr\\\/actualites-des-sessions\\\/quarantaine-en-rade-du-web-pour-le-navire-de-la-6e-sn-esm-pour-sa-mission-europe\\\/\",\"url\":\"https:\\\/\\\/ihedn.fr\\\/actualites-des-sessions\\\/quarantaine-en-rade-du-web-pour-le-navire-de-la-6e-sn-esm-pour-sa-mission-europe\\\/\",\"name\":\"Quarantaine en rade du web pour le navire de la 6e SN ESM pour sa mission \u00ab Europe \u00bb - L&#039;IHEDN : Institut des hautes \u00e9tudes de d\u00e9fense nationale\",\"isPartOf\":{\"@id\":\"https:\\\/\\\/ihedn.fr\\\/#website\"},\"primaryImageOfPage\":{\"@id\":\"https:\\\/\\\/ihedn.fr\\\/actualites-des-sessions\\\/quarantaine-en-rade-du-web-pour-le-navire-de-la-6e-sn-esm-pour-sa-mission-europe\\\/#primaryimage\"},\"image\":{\"@id\":\"https:\\\/\\\/ihedn.fr\\\/actualites-des-sessions\\\/quarantaine-en-rade-du-web-pour-le-navire-de-la-6e-sn-esm-pour-sa-mission-europe\\\/#primaryimage\"},\"thumbnailUrl\":\"https:\\\/\\\/ihedn.fr\\\/wp-content\\\/uploads\\\/2021\\\/04\\\/IHEDN-la-6e-SN-ESM-pour-sa-mission-Europe_012.jpg\",\"datePublished\":\"2021-04-01T10:40:01+00:00\",\"dateModified\":\"2022-11-25T14:23:00+00:00\",\"breadcrumb\":{\"@id\":\"https:\\\/\\\/ihedn.fr\\\/actualites-des-sessions\\\/quarantaine-en-rade-du-web-pour-le-navire-de-la-6e-sn-esm-pour-sa-mission-europe\\\/#breadcrumb\"},\"inLanguage\":\"en-GB\",\"potentialAction\":[{\"@type\":\"ReadAction\",\"target\":[\"https:\\\/\\\/ihedn.fr\\\/actualites-des-sessions\\\/quarantaine-en-rade-du-web-pour-le-navire-de-la-6e-sn-esm-pour-sa-mission-europe\\\/\"]}]},{\"@type\":\"ImageObject\",\"inLanguage\":\"en-GB\",\"@id\":\"https:\\\/\\\/ihedn.fr\\\/actualites-des-sessions\\\/quarantaine-en-rade-du-web-pour-le-navire-de-la-6e-sn-esm-pour-sa-mission-europe\\\/#primaryimage\",\"url\":\"https:\\\/\\\/ihedn.fr\\\/wp-content\\\/uploads\\\/2021\\\/04\\\/IHEDN-la-6e-SN-ESM-pour-sa-mission-Europe_012.jpg\",\"contentUrl\":\"https:\\\/\\\/ihedn.fr\\\/wp-content\\\/uploads\\\/2021\\\/04\\\/IHEDN-la-6e-SN-ESM-pour-sa-mission-Europe_012.jpg\",\"width\":1369,\"height\":780,\"caption\":\"IHEDN | la 6e SN ESM pour sa mission \u00ab Europe \u00bb \u00a9 IHEDN \u00a9\"},{\"@type\":\"BreadcrumbList\",\"@id\":\"https:\\\/\\\/ihedn.fr\\\/actualites-des-sessions\\\/quarantaine-en-rade-du-web-pour-le-navire-de-la-6e-sn-esm-pour-sa-mission-europe\\\/#breadcrumb\",\"itemListElement\":[{\"@type\":\"ListItem\",\"position\":1,\"name\":\"Accueil\",\"item\":\"https:\\\/\\\/ihedn.fr\\\/\"},{\"@type\":\"ListItem\",\"position\":2,\"name\":\"Quarantaine en rade du web pour le navire de la 6e SN ESM pour sa mission \u00ab Europe \u00bb\"}]},{\"@type\":\"WebSite\",\"@id\":\"https:\\\/\\\/ihedn.fr\\\/#website\",\"url\":\"https:\\\/\\\/ihedn.fr\\\/\",\"name\":\"IHEDN : Institut des hautes \u00e9tudes de d\u00e9fense nationale |\",\"description\":\"Site officiel de l&#039;IHEDN plac\u00e9 sous la tutelle du Premier ministre.\",\"publisher\":{\"@id\":\"https:\\\/\\\/ihedn.fr\\\/#organization\"},\"potentialAction\":[{\"@type\":\"SearchAction\",\"target\":{\"@type\":\"EntryPoint\",\"urlTemplate\":\"https:\\\/\\\/ihedn.fr\\\/?s={search_term_string}\"},\"query-input\":{\"@type\":\"PropertyValueSpecification\",\"valueRequired\":true,\"valueName\":\"search_term_string\"}}],\"inLanguage\":\"en-GB\"},{\"@type\":\"Organization\",\"@id\":\"https:\\\/\\\/ihedn.fr\\\/#organization\",\"name\":\"IHEDN - Institut des Hautes Etudes de D\u00e9fense Nationale\",\"url\":\"https:\\\/\\\/ihedn.fr\\\/\",\"logo\":{\"@type\":\"ImageObject\",\"inLanguage\":\"en-GB\",\"@id\":\"https:\\\/\\\/ihedn.fr\\\/#\\\/schema\\\/logo\\\/image\\\/\",\"url\":\"https:\\\/\\\/ihedn.fr\\\/wp-content\\\/uploads\\\/2020\\\/11\\\/BLOC_RF_IHEDN_WEB.png\",\"contentUrl\":\"https:\\\/\\\/ihedn.fr\\\/wp-content\\\/uploads\\\/2020\\\/11\\\/BLOC_RF_IHEDN_WEB.png\",\"width\":500,\"height\":237,\"caption\":\"IHEDN - Institut des Hautes Etudes de D\u00e9fense Nationale\"},\"image\":{\"@id\":\"https:\\\/\\\/ihedn.fr\\\/#\\\/schema\\\/logo\\\/image\\\/\"},\"sameAs\":[\"https:\\\/\\\/www.facebook.com\\\/ihedn\\\/\",\"https:\\\/\\\/x.com\\\/IHEDN\",\"https:\\\/\\\/www.instagram.com\\\/ihedn\\\/\",\"https:\\\/\\\/www.linkedin.com\\\/school\\\/ihedn\\\/\",\"https:\\\/\\\/fr.wikipedia.org\\\/wiki\\\/Institut_des_hautes_\u00e9tudes_de_D\u00e9fense_nationale\"]},{\"@type\":\"Person\",\"@id\":\"https:\\\/\\\/ihedn.fr\\\/#\\\/schema\\\/person\\\/7a40155595e4efb35323447cb8c8c5a4\",\"name\":\"dev\",\"image\":{\"@type\":\"ImageObject\",\"inLanguage\":\"en-GB\",\"@id\":\"https:\\\/\\\/secure.gravatar.com\\\/avatar\\\/f1ffcac9ca2fa95ad3ec33e9be3ade82f752acb0cabe541e56c5889225afa88a?s=96&d=mm&r=g\",\"url\":\"https:\\\/\\\/secure.gravatar.com\\\/avatar\\\/f1ffcac9ca2fa95ad3ec33e9be3ade82f752acb0cabe541e56c5889225afa88a?s=96&d=mm&r=g\",\"contentUrl\":\"https:\\\/\\\/secure.gravatar.com\\\/avatar\\\/f1ffcac9ca2fa95ad3ec33e9be3ade82f752acb0cabe541e56c5889225afa88a?s=96&d=mm&r=g\",\"caption\":\"dev\"},\"sameAs\":[\"https:\\\/\\\/ihedn.concilium.click\"],\"url\":\"https:\\\/\\\/ihedn.fr\\\/en\\\/author\\\/dev\\\/\"}]}<\/script>\n<!-- \/ Yoast SEO plugin. -->","yoast_head_json":{"title":"Quarantine in the web harbour for the 6th SN ESM ship on its \"Europe\" mission - L'IHEDN : Institut des hautes \u00e9tudes de d\u00e9fense nationale","robots":{"index":"index","follow":"follow","max-snippet":"max-snippet:-1","max-image-preview":"max-image-preview:large","max-video-preview":"max-video-preview:-1"},"canonical":"https:\/\/ihedn.fr\/en\/actualites-des-sessions\/quarantaine-en-rade-du-web-pour-le-navire-de-la-6e-sn-esm-pour-sa-mission-europe\/","og_locale":"en_GB","og_type":"article","og_title":"Quarantaine en rade du web pour le navire de la 6e SN ESM pour sa mission \u00ab Europe \u00bb - L&#039;IHEDN : Institut des hautes \u00e9tudes de d\u00e9fense nationale","og_description":"La mission \u00ab Europe \u00bb \u00e0 Bruxelles de la 6e session nationale \u00ab\u00a0Enjeux et strat\u00e9gies maritimes\u00a0\u00bb a d\u00fb finalement se d\u00e9rouler en webinaire en raison du re-confinement impos\u00e9 par la temp\u00eate et les embruns COVID qui ont \u00e0 nouveau frapp\u00e9 la France et la Belgique. Mais en particulier gr\u00e2ce au soutien d\u2019\u00c9milia Didier, correspondante de [&hellip;]","og_url":"https:\/\/ihedn.fr\/en\/actualites-des-sessions\/quarantaine-en-rade-du-web-pour-le-navire-de-la-6e-sn-esm-pour-sa-mission-europe\/","og_site_name":"L&#039;IHEDN : Institut des hautes \u00e9tudes de d\u00e9fense nationale","article_publisher":"https:\/\/www.facebook.com\/ihedn\/","article_published_time":"2021-04-01T10:40:01+00:00","article_modified_time":"2022-11-25T14:23:00+00:00","og_image":[{"width":1369,"height":780,"url":"https:\/\/ihedn.fr\/wp-content\/uploads\/2021\/04\/IHEDN-la-6e-SN-ESM-pour-sa-mission-Europe_012.jpg","type":"image\/jpeg"}],"author":"dev","twitter_card":"summary_large_image","twitter_creator":"@IHEDN","twitter_site":"@IHEDN","twitter_misc":{"Written by":"dev","Estimated reading time":"7 minutes"},"schema":{"@context":"https:\/\/schema.org","@graph":[{"@type":"Article","@id":"https:\/\/ihedn.fr\/actualites-des-sessions\/quarantaine-en-rade-du-web-pour-le-navire-de-la-6e-sn-esm-pour-sa-mission-europe\/#article","isPartOf":{"@id":"https:\/\/ihedn.fr\/actualites-des-sessions\/quarantaine-en-rade-du-web-pour-le-navire-de-la-6e-sn-esm-pour-sa-mission-europe\/"},"author":{"name":"dev","@id":"https:\/\/ihedn.fr\/#\/schema\/person\/7a40155595e4efb35323447cb8c8c5a4"},"headline":"Quarantaine en rade du web pour le navire de la 6e SN ESM pour sa mission \u00ab Europe \u00bb","datePublished":"2021-04-01T10:40:01+00:00","dateModified":"2022-11-25T14:23:00+00:00","mainEntityOfPage":{"@id":"https:\/\/ihedn.fr\/actualites-des-sessions\/quarantaine-en-rade-du-web-pour-le-navire-de-la-6e-sn-esm-pour-sa-mission-europe\/"},"wordCount":1366,"publisher":{"@id":"https:\/\/ihedn.fr\/#organization"},"image":{"@id":"https:\/\/ihedn.fr\/actualites-des-sessions\/quarantaine-en-rade-du-web-pour-le-navire-de-la-6e-sn-esm-pour-sa-mission-europe\/#primaryimage"},"thumbnailUrl":"https:\/\/ihedn.fr\/wp-content\/uploads\/2021\/04\/IHEDN-la-6e-SN-ESM-pour-sa-mission-Europe_012.jpg","articleSection":["Notre actualit\u00e9"],"inLanguage":"en-GB"},{"@type":"WebPage","@id":"https:\/\/ihedn.fr\/actualites-des-sessions\/quarantaine-en-rade-du-web-pour-le-navire-de-la-6e-sn-esm-pour-sa-mission-europe\/","url":"https:\/\/ihedn.fr\/actualites-des-sessions\/quarantaine-en-rade-du-web-pour-le-navire-de-la-6e-sn-esm-pour-sa-mission-europe\/","name":"Quarantine in the web harbour for the 6th SN ESM ship on its \"Europe\" mission - L'IHEDN : Institut des hautes \u00e9tudes de d\u00e9fense nationale","isPartOf":{"@id":"https:\/\/ihedn.fr\/#website"},"primaryImageOfPage":{"@id":"https:\/\/ihedn.fr\/actualites-des-sessions\/quarantaine-en-rade-du-web-pour-le-navire-de-la-6e-sn-esm-pour-sa-mission-europe\/#primaryimage"},"image":{"@id":"https:\/\/ihedn.fr\/actualites-des-sessions\/quarantaine-en-rade-du-web-pour-le-navire-de-la-6e-sn-esm-pour-sa-mission-europe\/#primaryimage"},"thumbnailUrl":"https:\/\/ihedn.fr\/wp-content\/uploads\/2021\/04\/IHEDN-la-6e-SN-ESM-pour-sa-mission-Europe_012.jpg","datePublished":"2021-04-01T10:40:01+00:00","dateModified":"2022-11-25T14:23:00+00:00","breadcrumb":{"@id":"https:\/\/ihedn.fr\/actualites-des-sessions\/quarantaine-en-rade-du-web-pour-le-navire-de-la-6e-sn-esm-pour-sa-mission-europe\/#breadcrumb"},"inLanguage":"en-GB","potentialAction":[{"@type":"ReadAction","target":["https:\/\/ihedn.fr\/actualites-des-sessions\/quarantaine-en-rade-du-web-pour-le-navire-de-la-6e-sn-esm-pour-sa-mission-europe\/"]}]},{"@type":"ImageObject","inLanguage":"en-GB","@id":"https:\/\/ihedn.fr\/actualites-des-sessions\/quarantaine-en-rade-du-web-pour-le-navire-de-la-6e-sn-esm-pour-sa-mission-europe\/#primaryimage","url":"https:\/\/ihedn.fr\/wp-content\/uploads\/2021\/04\/IHEDN-la-6e-SN-ESM-pour-sa-mission-Europe_012.jpg","contentUrl":"https:\/\/ihedn.fr\/wp-content\/uploads\/2021\/04\/IHEDN-la-6e-SN-ESM-pour-sa-mission-Europe_012.jpg","width":1369,"height":780,"caption":"IHEDN | la 6e SN ESM pour sa mission \u00ab Europe \u00bb \u00a9 IHEDN \u00a9"},{"@type":"BreadcrumbList","@id":"https:\/\/ihedn.fr\/actualites-des-sessions\/quarantaine-en-rade-du-web-pour-le-navire-de-la-6e-sn-esm-pour-sa-mission-europe\/#breadcrumb","itemListElement":[{"@type":"ListItem","position":1,"name":"Accueil","item":"https:\/\/ihedn.fr\/"},{"@type":"ListItem","position":2,"name":"Quarantaine en rade du web pour le navire de la 6e SN ESM pour sa mission \u00ab Europe \u00bb"}]},{"@type":"WebSite","@id":"https:\/\/ihedn.fr\/#website","url":"https:\/\/ihedn.fr\/","name":"IHEDN: Institut des hautes \u00e9tudes de d\u00e9fense nationale (Institute for Higher National Defence Studies)","description":"Official website of the IHEDN under the supervision of the Prime Minister.","publisher":{"@id":"https:\/\/ihedn.fr\/#organization"},"potentialAction":[{"@type":"SearchAction","target":{"@type":"EntryPoint","urlTemplate":"https:\/\/ihedn.fr\/?s={search_term_string}"},"query-input":{"@type":"PropertyValueSpecification","valueRequired":true,"valueName":"search_term_string"}}],"inLanguage":"en-GB"},{"@type":"Organization","@id":"https:\/\/ihedn.fr\/#organization","name":"IHEDN - Institute for Higher National Defence Studies","url":"https:\/\/ihedn.fr\/","logo":{"@type":"ImageObject","inLanguage":"en-GB","@id":"https:\/\/ihedn.fr\/#\/schema\/logo\/image\/","url":"https:\/\/ihedn.fr\/wp-content\/uploads\/2020\/11\/BLOC_RF_IHEDN_WEB.png","contentUrl":"https:\/\/ihedn.fr\/wp-content\/uploads\/2020\/11\/BLOC_RF_IHEDN_WEB.png","width":500,"height":237,"caption":"IHEDN - Institut des Hautes Etudes de D\u00e9fense Nationale"},"image":{"@id":"https:\/\/ihedn.fr\/#\/schema\/logo\/image\/"},"sameAs":["https:\/\/www.facebook.com\/ihedn\/","https:\/\/x.com\/IHEDN","https:\/\/www.instagram.com\/ihedn\/","https:\/\/www.linkedin.com\/school\/ihedn\/","https:\/\/fr.wikipedia.org\/wiki\/Institut_des_hautes_\u00e9tudes_de_D\u00e9fense_nationale"]},{"@type":"Person","@id":"https:\/\/ihedn.fr\/#\/schema\/person\/7a40155595e4efb35323447cb8c8c5a4","name":"dev","image":{"@type":"ImageObject","inLanguage":"en-GB","@id":"https:\/\/secure.gravatar.com\/avatar\/f1ffcac9ca2fa95ad3ec33e9be3ade82f752acb0cabe541e56c5889225afa88a?s=96&d=mm&r=g","url":"https:\/\/secure.gravatar.com\/avatar\/f1ffcac9ca2fa95ad3ec33e9be3ade82f752acb0cabe541e56c5889225afa88a?s=96&d=mm&r=g","contentUrl":"https:\/\/secure.gravatar.com\/avatar\/f1ffcac9ca2fa95ad3ec33e9be3ade82f752acb0cabe541e56c5889225afa88a?s=96&d=mm&r=g","caption":"dev"},"sameAs":["https:\/\/ihedn.concilium.click"],"url":"https:\/\/ihedn.fr\/en\/author\/dev\/"}]}},"publishpress_future_action":{"enabled":false,"date":"2026-05-06 20:19:01","action":"change-status","newStatus":"draft","terms":[],"taxonomy":"category","extraData":[]},"publishpress_future_workflow_manual_trigger":{"enabledWorkflows":[]},"_links":{"self":[{"href":"https:\/\/ihedn.fr\/en\/wp-json\/wp\/v2\/posts\/9942","targetHints":{"allow":["GET"]}}],"collection":[{"href":"https:\/\/ihedn.fr\/en\/wp-json\/wp\/v2\/posts"}],"about":[{"href":"https:\/\/ihedn.fr\/en\/wp-json\/wp\/v2\/types\/post"}],"author":[{"embeddable":true,"href":"https:\/\/ihedn.fr\/en\/wp-json\/wp\/v2\/users\/1"}],"replies":[{"embeddable":true,"href":"https:\/\/ihedn.fr\/en\/wp-json\/wp\/v2\/comments?post=9942"}],"version-history":[{"count":5,"href":"https:\/\/ihedn.fr\/en\/wp-json\/wp\/v2\/posts\/9942\/revisions"}],"predecessor-version":[{"id":10021,"href":"https:\/\/ihedn.fr\/en\/wp-json\/wp\/v2\/posts\/9942\/revisions\/10021"}],"wp:featuredmedia":[{"embeddable":true,"href":"https:\/\/ihedn.fr\/en\/wp-json\/wp\/v2\/media\/9955"}],"wp:attachment":[{"href":"https:\/\/ihedn.fr\/en\/wp-json\/wp\/v2\/media?parent=9942"}],"wp:term":[{"taxonomy":"category","embeddable":true,"href":"https:\/\/ihedn.fr\/en\/wp-json\/wp\/v2\/categories?post=9942"},{"taxonomy":"post_tag","embeddable":true,"href":"https:\/\/ihedn.fr\/en\/wp-json\/wp\/v2\/tags?post=9942"}],"curies":[{"name":"wp","href":"https:\/\/api.w.org\/{rel}","templated":true}]}}